{"id":217,"date":"2010-03-26T16:39:12","date_gmt":"2010-03-26T14:39:12","guid":{"rendered":"http:\/\/www.pigrecoemme.com\/blog\/?p=217"},"modified":"2010-03-26T16:39:12","modified_gmt":"2010-03-26T14:39:12","slug":"corso-di-fotogiornalismo-gianni-pinnizzotto-al-tg5","status":"publish","type":"post","link":"https:\/\/www.pigrecoemme.com\/blog\/corso-di-fotogiornalismo-gianni-pinnizzotto-al-tg5\/","title":{"rendered":"Corso di fotogiornalismo: Gianni Pinnizzotto al TG5"},"content":{"rendered":"<p>Segnaliamo questo servizio del TG5 in cui \u00e8 intervistato Gianni Pinnizzotto,\u00a0direttore dell&#8217; Agenzia Fotogiornalistica Graffiti Press e docente del nostro <a href=\"http:\/\/www.pigrecoemme.com\/corso-fotografia\/corso-di-fotogiornalismo-reportage-napoli.htm\">corso di fotogiornalismo<\/a>\u00a0il cui inizio \u00e8 previsto per il 10 aprile e al quale \u00e8 ancora possibile ad iscriversi.<\/p>\n<p style=\"text-align: center;\"><object classid=\"clsid:d27cdb6e-ae6d-11cf-96b8-444553540000\" width=\"500\" height=\"405\" codebase=\"http:\/\/download.macromedia.com\/pub\/shockwave\/cabs\/flash\/swflash.cab#version=6,0,40,0\"><param name=\"allowFullScreen\" value=\"true\" \/><param name=\"allowscriptaccess\" value=\"always\" \/><param name=\"src\" value=\"http:\/\/www.youtube.com\/v\/hpAJ9Wwv-IM&amp;hl=en_US&amp;fs=1&amp;rel=0&amp;color1=0xe1600f&amp;color2=0xfebd01&amp;border=1\" \/><\/object><\/p>\n","protected":false},"excerpt":{"rendered":"<p>Segnaliamo questo servizio del TG5 in cui \u00e8 intervistato Gianni Pinnizzotto,\u00a0direttore dell&#8217; Agenzia Fotogiornalistica Graffiti Press e docente del nostro corso di fotogiornalismo\u00a0il cui inizio \u00e8 previsto per il 10 aprile e al quale&hellip;<\/p>\n","protected":false},"author":1,"featured_media":0,"comment_status":"open","ping_status":"open","sticky":false,"template":"","format":"standard","meta":{"_jetpack_newsletter_access":"","_jetpack_dont_email_post_to_subs":false,"_jetpack_newsletter_tier_id":0,"_jetpack_memberships_contains_paywalled_content":false,"_jetpack_feature_clip_id":0,"_jetpack_memberships_contains_paid_content":false,"footnotes":"","jetpack_post_was_ever_published":false},"categories":[21,3],"tags":[20,366,347,1283,376],"class_list":["post-217","post","type-post","status-publish","format-standard","hentry","category-fotografia","category-scuola-di-cinema","tag-corso-di-fotografia","tag-corso-di-fotogiornalismo","tag-fotogiornalismo","tag-fotografia","tag-gianni-pinnizzotto"],"yoast_head":"<!-- This site is optimized with the Yoast SEO plugin v28.3 - https:\/\/yoast.com\/product\/yoast-seo-wordpress\/ -->\n<title>Corso di fotogiornalismo: Gianni Pinnizzotto al TG5<\/title>\n<meta name=\"robots\" content=\"index, follow, max-snippet:-1, max-image-preview:large, max-video-preview:-1\" \/>\n<link rel=\"canonical\" href=\"https:\/\/www.pigrecoemme.com\/blog\/corso-di-fotogiornalismo-gianni-pinnizzotto-al-tg5\/\" \/>\n<meta property=\"og:locale\" content=\"it_IT\" \/>\n<meta property=\"og:type\" content=\"article\" \/>\n<meta property=\"og:title\" content=\"Corso di fotogiornalismo: Gianni Pinnizzotto al TG5\" \/>\n<meta property=\"og:description\" content=\"Segnaliamo questo servizio del TG5 in cui \u00e8 intervistato Gianni Pinnizzotto,\u00a0direttore dell&#8217; Agenzia Fotogiornalistica Graffiti Press e docente del nostro corso di fotogiornalismo\u00a0il cui inizio \u00e8 previsto per il 10 aprile e al quale \u00e8 ancora possibile ad iscriversi. History &hellip; Continue reading &rarr;\" \/>\n<meta property=\"og:url\" content=\"https:\/\/www.pigrecoemme.com\/blog\/corso-di-fotogiornalismo-gianni-pinnizzotto-al-tg5\/\" \/>\n<meta property=\"og:site_name\" content=\"Scuola di Cinema Pigrecoemme - Blog\" \/>\n<meta property=\"article:publisher\" content=\"https:\/\/www.facebook.com\/pigrecoemme\" \/>\n<meta property=\"article:author\" content=\"https:\/\/www.facebook.com\/giacomo.fabbrocino\" \/>\n<meta property=\"article:published_time\" content=\"2010-03-26T14:39:12+00:00\" \/>\n<meta property=\"og:image\" content=\"https:\/\/i0.wp.com\/www.pigrecoemme.com\/blog\/wp-content\/uploads\/2014\/11\/pigrecoemme-test1.jpg?fit=484%2C252&ssl=1\" \/>\n\t<meta property=\"og:image:width\" content=\"484\" \/>\n\t<meta property=\"og:image:height\" content=\"252\" \/>\n\t<meta property=\"og:image:type\" content=\"image\/jpeg\" \/>\n<meta name=\"author\" content=\"Giacomo Fabbrocino\" \/>\n<meta name=\"twitter:card\" content=\"summary_large_image\" \/>\n<meta name=\"twitter:creator\" content=\"@Pigrecoemme\" \/>\n<meta name=\"twitter:site\" content=\"@Pigrecoemme\" \/>\n<meta name=\"twitter:label1\" content=\"Scritto da\" \/>\n\t<meta name=\"twitter:data1\" content=\"Giacomo Fabbrocino\" \/>\n<script type=\"application\/ld+json\" class=\"yoast-schema-graph\">{\"@context\":\"https:\\\/\\\/schema.org\",\"@graph\":[{\"@type\":[\"Article\",\"BlogPosting\"],\"@id\":\"https:\\\/\\\/www.pigrecoemme.com\\\/blog\\\/corso-di-fotogiornalismo-gianni-pinnizzotto-al-tg5\\\/#article\",\"isPartOf\":{\"@id\":\"https:\\\/\\\/www.pigrecoemme.com\\\/blog\\\/corso-di-fotogiornalismo-gianni-pinnizzotto-al-tg5\\\/\"},\"author\":{\"name\":\"Giacomo Fabbrocino\",\"@id\":\"https:\\\/\\\/www.pigrecoemme.com\\\/blog\\\/#\\\/schema\\\/person\\\/57fa822c3d209d3a2612fd0411ae63f4\"},\"headline\":\"Corso di fotogiornalismo: Gianni Pinnizzotto al TG5\",\"datePublished\":\"2010-03-26T14:39:12+00:00\",\"mainEntityOfPage\":{\"@id\":\"https:\\\/\\\/www.pigrecoemme.com\\\/blog\\\/corso-di-fotogiornalismo-gianni-pinnizzotto-al-tg5\\\/\"},\"wordCount\":44,\"commentCount\":0,\"publisher\":{\"@id\":\"https:\\\/\\\/www.pigrecoemme.com\\\/blog\\\/#organization\"},\"keywords\":[\"\\\"corso di fotografia\\\"\",\"corso di fotogiornalismo\",\"fotogiornalismo\",\"fotografia\",\"gianni pinnizzotto\"],\"articleSection\":[\"Fotografia\",\"Scuola di cinema\"],\"inLanguage\":\"it-IT\",\"potentialAction\":[{\"@type\":\"CommentAction\",\"name\":\"Comment\",\"target\":[\"https:\\\/\\\/www.pigrecoemme.com\\\/blog\\\/corso-di-fotogiornalismo-gianni-pinnizzotto-al-tg5\\\/#respond\"]}]},{\"@type\":\"WebPage\",\"@id\":\"https:\\\/\\\/www.pigrecoemme.com\\\/blog\\\/corso-di-fotogiornalismo-gianni-pinnizzotto-al-tg5\\\/\",\"url\":\"https:\\\/\\\/www.pigrecoemme.com\\\/blog\\\/corso-di-fotogiornalismo-gianni-pinnizzotto-al-tg5\\\/\",\"name\":\"Corso di fotogiornalismo: Gianni Pinnizzotto al TG5\",\"isPartOf\":{\"@id\":\"https:\\\/\\\/www.pigrecoemme.com\\\/blog\\\/#website\"},\"datePublished\":\"2010-03-26T14:39:12+00:00\",\"breadcrumb\":{\"@id\":\"https:\\\/\\\/www.pigrecoemme.com\\\/blog\\\/corso-di-fotogiornalismo-gianni-pinnizzotto-al-tg5\\\/#breadcrumb\"},\"inLanguage\":\"it-IT\",\"potentialAction\":[{\"@type\":\"ReadAction\",\"target\":[\"https:\\\/\\\/www.pigrecoemme.com\\\/blog\\\/corso-di-fotogiornalismo-gianni-pinnizzotto-al-tg5\\\/\"]}]},{\"@type\":\"BreadcrumbList\",\"@id\":\"https:\\\/\\\/www.pigrecoemme.com\\\/blog\\\/corso-di-fotogiornalismo-gianni-pinnizzotto-al-tg5\\\/#breadcrumb\",\"itemListElement\":[{\"@type\":\"ListItem\",\"position\":1,\"name\":\"Home\",\"item\":\"https:\\\/\\\/www.pigrecoemme.com\\\/blog\\\/\"},{\"@type\":\"ListItem\",\"position\":2,\"name\":\"Corso di fotogiornalismo: Gianni Pinnizzotto al TG5\"}]},{\"@type\":\"WebSite\",\"@id\":\"https:\\\/\\\/www.pigrecoemme.com\\\/blog\\\/#website\",\"url\":\"https:\\\/\\\/www.pigrecoemme.com\\\/blog\\\/\",\"name\":\"Scuola di Cinema Pigrecoemme - Blog\",\"description\":\"Siamo la prima Scuola di Cinema e Fotografia di Napoli\",\"publisher\":{\"@id\":\"https:\\\/\\\/www.pigrecoemme.com\\\/blog\\\/#organization\"},\"potentialAction\":[{\"@type\":\"SearchAction\",\"target\":{\"@type\":\"EntryPoint\",\"urlTemplate\":\"https:\\\/\\\/www.pigrecoemme.com\\\/blog\\\/?s={search_term_string}\"},\"query-input\":{\"@type\":\"PropertyValueSpecification\",\"valueRequired\":true,\"valueName\":\"search_term_string\"}}],\"inLanguage\":\"it-IT\"},{\"@type\":\"Organization\",\"@id\":\"https:\\\/\\\/www.pigrecoemme.com\\\/blog\\\/#organization\",\"name\":\"Scuola di cinema e fotografia Pigrecoemme\",\"url\":\"https:\\\/\\\/www.pigrecoemme.com\\\/blog\\\/\",\"logo\":{\"@type\":\"ImageObject\",\"inLanguage\":\"it-IT\",\"@id\":\"https:\\\/\\\/www.pigrecoemme.com\\\/blog\\\/#\\\/schema\\\/logo\\\/image\\\/\",\"url\":\"https:\\\/\\\/i0.wp.com\\\/www.pigrecoemme.com\\\/blog\\\/wp-content\\\/uploads\\\/2018\\\/06\\\/logo-pigrecoemme-2018.png?fit=500%2C500&ssl=1\",\"contentUrl\":\"https:\\\/\\\/i0.wp.com\\\/www.pigrecoemme.com\\\/blog\\\/wp-content\\\/uploads\\\/2018\\\/06\\\/logo-pigrecoemme-2018.png?fit=500%2C500&ssl=1\",\"width\":500,\"height\":500,\"caption\":\"Scuola di cinema e fotografia Pigrecoemme\"},\"image\":{\"@id\":\"https:\\\/\\\/www.pigrecoemme.com\\\/blog\\\/#\\\/schema\\\/logo\\\/image\\\/\"},\"sameAs\":[\"https:\\\/\\\/www.facebook.com\\\/pigrecoemme\",\"https:\\\/\\\/x.com\\\/Pigrecoemme\",\"https:\\\/\\\/www.instagram.com\\\/pigrecoemme\\\/\",\"https:\\\/\\\/www.linkedin.com\\\/company\\\/pigrecoemme\\\/\",\"https:\\\/\\\/www.youtube.com\\\/pigrecoemme\"]},{\"@type\":\"Person\",\"@id\":\"https:\\\/\\\/www.pigrecoemme.com\\\/blog\\\/#\\\/schema\\\/person\\\/57fa822c3d209d3a2612fd0411ae63f4\",\"name\":\"Giacomo Fabbrocino\",\"image\":{\"@type\":\"ImageObject\",\"inLanguage\":\"it-IT\",\"@id\":\"https:\\\/\\\/secure.gravatar.com\\\/avatar\\\/0e4dfd4d05c06a03fffaffeb36fb181415ba11b91a6b566fa2e8ada75927db32?s=96&r=g\",\"url\":\"https:\\\/\\\/secure.gravatar.com\\\/avatar\\\/0e4dfd4d05c06a03fffaffeb36fb181415ba11b91a6b566fa2e8ada75927db32?s=96&r=g\",\"contentUrl\":\"https:\\\/\\\/secure.gravatar.com\\\/avatar\\\/0e4dfd4d05c06a03fffaffeb36fb181415ba11b91a6b566fa2e8ada75927db32?s=96&r=g\",\"caption\":\"Giacomo Fabbrocino\"},\"description\":\"Montatore cinematografico, autore di documentari sull'arte e di video d'artista, Giacomo \u00e8 responsabile della didattica e della comunicazione web della Scuola di Cinema, Fotografia e Televisione Pigrecoemme di Napoli.\",\"sameAs\":[\"http:\\\/\\\/www.pigrecoemme.com\\\/\",\"https:\\\/\\\/www.facebook.com\\\/giacomo.fabbrocino\"],\"url\":\"https:\\\/\\\/www.pigrecoemme.com\\\/blog\\\/author\\\/giacomo-fabbrocino\\\/\"}]}<\/script>\n<!-- \/ Yoast SEO plugin. -->","yoast_head_json":{"title":"Corso di fotogiornalismo: Gianni Pinnizzotto al TG5","robots":{"index":"index","follow":"follow","max-snippet":"max-snippet:-1","max-image-preview":"max-image-preview:large","max-video-preview":"max-video-preview:-1"},"canonical":"https:\/\/www.pigrecoemme.com\/blog\/corso-di-fotogiornalismo-gianni-pinnizzotto-al-tg5\/","og_locale":"it_IT","og_type":"article","og_title":"Corso di fotogiornalismo: Gianni Pinnizzotto al TG5","og_description":"Segnaliamo questo servizio del TG5 in cui \u00e8 intervistato Gianni Pinnizzotto,\u00a0direttore dell&#8217; Agenzia Fotogiornalistica Graffiti Press e docente del nostro corso di fotogiornalismo\u00a0il cui inizio \u00e8 previsto per il 10 aprile e al quale \u00e8 ancora possibile ad iscriversi. History &hellip; Continue reading &rarr;","og_url":"https:\/\/www.pigrecoemme.com\/blog\/corso-di-fotogiornalismo-gianni-pinnizzotto-al-tg5\/","og_site_name":"Scuola di Cinema Pigrecoemme - Blog","article_publisher":"https:\/\/www.facebook.com\/pigrecoemme","article_author":"https:\/\/www.facebook.com\/giacomo.fabbrocino","article_published_time":"2010-03-26T14:39:12+00:00","og_image":[{"width":484,"height":252,"url":"https:\/\/i0.wp.com\/www.pigrecoemme.com\/blog\/wp-content\/uploads\/2014\/11\/pigrecoemme-test1.jpg?fit=484%2C252&ssl=1","type":"image\/jpeg"}],"author":"Giacomo Fabbrocino","twitter_card":"summary_large_image","twitter_creator":"@Pigrecoemme","twitter_site":"@Pigrecoemme","twitter_misc":{"Scritto da":"Giacomo Fabbrocino"},"schema":{"@context":"https:\/\/schema.org","@graph":[{"@type":["Article","BlogPosting"],"@id":"https:\/\/www.pigrecoemme.com\/blog\/corso-di-fotogiornalismo-gianni-pinnizzotto-al-tg5\/#article","isPartOf":{"@id":"https:\/\/www.pigrecoemme.com\/blog\/corso-di-fotogiornalismo-gianni-pinnizzotto-al-tg5\/"},"author":{"name":"Giacomo Fabbrocino","@id":"https:\/\/www.pigrecoemme.com\/blog\/#\/schema\/person\/57fa822c3d209d3a2612fd0411ae63f4"},"headline":"Corso di fotogiornalismo: Gianni Pinnizzotto al TG5","datePublished":"2010-03-26T14:39:12+00:00","mainEntityOfPage":{"@id":"https:\/\/www.pigrecoemme.com\/blog\/corso-di-fotogiornalismo-gianni-pinnizzotto-al-tg5\/"},"wordCount":44,"commentCount":0,"publisher":{"@id":"https:\/\/www.pigrecoemme.com\/blog\/#organization"},"keywords":["\"corso di fotografia\"","corso di fotogiornalismo","fotogiornalismo","fotografia","gianni pinnizzotto"],"articleSection":["Fotografia","Scuola di cinema"],"inLanguage":"it-IT","potentialAction":[{"@type":"CommentAction","name":"Comment","target":["https:\/\/www.pigrecoemme.com\/blog\/corso-di-fotogiornalismo-gianni-pinnizzotto-al-tg5\/#respond"]}]},{"@type":"WebPage","@id":"https:\/\/www.pigrecoemme.com\/blog\/corso-di-fotogiornalismo-gianni-pinnizzotto-al-tg5\/","url":"https:\/\/www.pigrecoemme.com\/blog\/corso-di-fotogiornalismo-gianni-pinnizzotto-al-tg5\/","name":"Corso di fotogiornalismo: Gianni Pinnizzotto al TG5","isPartOf":{"@id":"https:\/\/www.pigrecoemme.com\/blog\/#website"},"datePublished":"2010-03-26T14:39:12+00:00","breadcrumb":{"@id":"https:\/\/www.pigrecoemme.com\/blog\/corso-di-fotogiornalismo-gianni-pinnizzotto-al-tg5\/#breadcrumb"},"inLanguage":"it-IT","potentialAction":[{"@type":"ReadAction","target":["https:\/\/www.pigrecoemme.com\/blog\/corso-di-fotogiornalismo-gianni-pinnizzotto-al-tg5\/"]}]},{"@type":"BreadcrumbList","@id":"https:\/\/www.pigrecoemme.com\/blog\/corso-di-fotogiornalismo-gianni-pinnizzotto-al-tg5\/#breadcrumb","itemListElement":[{"@type":"ListItem","position":1,"name":"Home","item":"https:\/\/www.pigrecoemme.com\/blog\/"},{"@type":"ListItem","position":2,"name":"Corso di fotogiornalismo: Gianni Pinnizzotto al TG5"}]},{"@type":"WebSite","@id":"https:\/\/www.pigrecoemme.com\/blog\/#website","url":"https:\/\/www.pigrecoemme.com\/blog\/","name":"Scuola di Cinema Pigrecoemme - Blog","description":"Siamo la prima Scuola di Cinema e Fotografia di Napoli","publisher":{"@id":"https:\/\/www.pigrecoemme.com\/blog\/#organization"},"potentialAction":[{"@type":"SearchAction","target":{"@type":"EntryPoint","urlTemplate":"https:\/\/www.pigrecoemme.com\/blog\/?s={search_term_string}"},"query-input":{"@type":"PropertyValueSpecification","valueRequired":true,"valueName":"search_term_string"}}],"inLanguage":"it-IT"},{"@type":"Organization","@id":"https:\/\/www.pigrecoemme.com\/blog\/#organization","name":"Scuola di cinema e fotografia Pigrecoemme","url":"https:\/\/www.pigrecoemme.com\/blog\/","logo":{"@type":"ImageObject","inLanguage":"it-IT","@id":"https:\/\/www.pigrecoemme.com\/blog\/#\/schema\/logo\/image\/","url":"https:\/\/i0.wp.com\/www.pigrecoemme.com\/blog\/wp-content\/uploads\/2018\/06\/logo-pigrecoemme-2018.png?fit=500%2C500&ssl=1","contentUrl":"https:\/\/i0.wp.com\/www.pigrecoemme.com\/blog\/wp-content\/uploads\/2018\/06\/logo-pigrecoemme-2018.png?fit=500%2C500&ssl=1","width":500,"height":500,"caption":"Scuola di cinema e fotografia Pigrecoemme"},"image":{"@id":"https:\/\/www.pigrecoemme.com\/blog\/#\/schema\/logo\/image\/"},"sameAs":["https:\/\/www.facebook.com\/pigrecoemme","https:\/\/x.com\/Pigrecoemme","https:\/\/www.instagram.com\/pigrecoemme\/","https:\/\/www.linkedin.com\/company\/pigrecoemme\/","https:\/\/www.youtube.com\/pigrecoemme"]},{"@type":"Person","@id":"https:\/\/www.pigrecoemme.com\/blog\/#\/schema\/person\/57fa822c3d209d3a2612fd0411ae63f4","name":"Giacomo Fabbrocino","image":{"@type":"ImageObject","inLanguage":"it-IT","@id":"https:\/\/secure.gravatar.com\/avatar\/0e4dfd4d05c06a03fffaffeb36fb181415ba11b91a6b566fa2e8ada75927db32?s=96&r=g","url":"https:\/\/secure.gravatar.com\/avatar\/0e4dfd4d05c06a03fffaffeb36fb181415ba11b91a6b566fa2e8ada75927db32?s=96&r=g","contentUrl":"https:\/\/secure.gravatar.com\/avatar\/0e4dfd4d05c06a03fffaffeb36fb181415ba11b91a6b566fa2e8ada75927db32?s=96&r=g","caption":"Giacomo Fabbrocino"},"description":"Montatore cinematografico, autore di documentari sull'arte e di video d'artista, Giacomo \u00e8 responsabile della didattica e della comunicazione web della Scuola di Cinema, Fotografia e Televisione Pigrecoemme di Napoli.","sameAs":["http:\/\/www.pigrecoemme.com\/","https:\/\/www.facebook.com\/giacomo.fabbrocino"],"url":"https:\/\/www.pigrecoemme.com\/blog\/author\/giacomo-fabbrocino\/"}]}},"jetpack_sharing_enabled":true,"jetpack_likes_enabled":true,"jetpack-related-posts":[{"id":243,"url":"https:\/\/www.pigrecoemme.com\/blog\/alla-feltrinelli-di-piazza-dei-martiri-giovedi-3-giugno-la-mostra-fotografica-effetti-collaterali\/","url_meta":{"origin":217,"position":0},"title":"Alla Feltrinelli di Piazza dei Martiri, gioved\u00ec 3 giugno la mostra fotografica Effetti collaterali","author":"Corrado Morra","date":"1 Giugno 2010","format":false,"excerpt":"Gioved\u00ec 3 giugno, alle 18, inaugurazione della mostra fotografica Effetti collaterali, a cura di Gianni Pinnizzotto, docente del corso di Fotogiornalismo della Scuola di cinema e fotografia Pigrecoemme di Napoli.","rel":"","context":"In &quot;Eventi&quot;","block_context":{"text":"Eventi","link":"https:\/\/www.pigrecoemme.com\/blog\/eventi\/"},"img":{"alt_text":"","src":"https:\/\/i0.wp.com\/www.pigrecoemme.com\/blog\/wp-content\/uploads\/2010\/06\/bambino-palestinese2-300x201.jpg?resize=350%2C200","width":350,"height":200},"classes":[]},{"id":450,"url":"https:\/\/www.pigrecoemme.com\/blog\/lo-stage-di-fotogiornalismo-da-pigrecoemme-al-corriere-della-sera\/","url_meta":{"origin":217,"position":1},"title":"Lo stage di Fotogiornalismo: da Pigrecoemme al Corriere della sera","author":"Corrado Morra","date":"21 Dicembre 2011","format":false,"excerpt":"23 ottobre 2011. Il Corriere della sera, principale quotidiano italiano, esce con una pagina intera dedicata alle cronache del convegno dei giovani industriali a Capri. L'appuntamento - uno dei termometri pi\u00f9 sensibili dell'economia del Paese - quest'anno \u00e8 particolarmente caldo: la presidente di Confindustria - Emma Marcegaglia - non nasconde\u2026","rel":"","context":"In &quot;Eventi&quot;","block_context":{"text":"Eventi","link":"https:\/\/www.pigrecoemme.com\/blog\/eventi\/"},"img":{"alt_text":"","src":"https:\/\/i0.wp.com\/www.pigrecoemme.com\/blog\/wp-content\/uploads\/2011\/12\/pigrecoemme-corsera-300x207.jpg?resize=350%2C200","width":350,"height":200},"classes":[]},{"id":200,"url":"https:\/\/www.pigrecoemme.com\/blog\/il-programma-del-corso-di-fotogiornalismo\/","url_meta":{"origin":217,"position":2},"title":"Il programma del corso di fotogiornalismo","author":"Giacomo Fabbrocino","date":"26 Gennaio 2010","format":false,"excerpt":"Il Corso di Fotogiornalismo di Pigrecoemme, coordinato da Luca Sorbo, \u00e8 diretto a chi, avendo gi\u00e0 acquisite le competenze di base della fotografia, voglia intraprendere la carriera di fotogiornalista. Il corso \u00e8 anche consigliato al fotoamatore evoluto che voglia approfondire le dinamiche del racconto fotografico e abbia intenzione di collaborare\u2026","rel":"","context":"In &quot;Generale&quot;","block_context":{"text":"Generale","link":"https:\/\/www.pigrecoemme.com\/blog\/generale\/"},"img":{"alt_text":"","src":"https:\/\/i0.wp.com\/www.pigrecoemme.com\/corso-fotografia\/corso-fotogiornalismo.jpg?resize=350%2C200","width":350,"height":200},"classes":[]},{"id":251,"url":"https:\/\/www.pigrecoemme.com\/blog\/in-prima-pagina\/","url_meta":{"origin":217,"position":3},"title":"In prima pagina!","author":"Corrado Morra","date":"27 Giugno 2010","format":false,"excerpt":"Con una forma che si trascina dietro di s\u00e9 pi\u00f9 di un'oncia di pura retorica, in casi come questi si dice pi\u00f9 o meno cos\u00ec: \"E' con grande piacere che...\" Poi c'\u00e8 pure la variante di cuore: \"E' con vivo orgoglio che...\" Ma, mettetela come volete, la notizia \u00e8 di\u2026","rel":"","context":"In &quot;Fotografia&quot;","block_context":{"text":"Fotografia","link":"https:\/\/www.pigrecoemme.com\/blog\/fotografia\/"},"img":{"alt_text":"","src":"https:\/\/i0.wp.com\/www.pigrecoemme.com\/blog\/wp-content\/uploads\/2010\/06\/prima-pagina1.gif?resize=350%2C200","width":350,"height":200},"classes":[]},{"id":536,"url":"https:\/\/www.pigrecoemme.com\/blog\/alla-pigrecoemme-incontri-gratuiti-con-la-royal-photographic-society-e-l%e2%80%99agenzia-graffiti-di-roma\/","url_meta":{"origin":217,"position":4},"title":"Alla Pigrecoemme, incontri gratuiti con la Royal Photographic Society e l\u2019agenzia Graffiti di Roma","author":"Corrado Morra","date":"17 Settembre 2012","format":false,"excerpt":"Fine settembre all'insegna della Fotografia alla\u00a0Scuola di Cinema e Fotografia\u00a0Pigrecoemme\u00a0di Napoli, con un doppio, imperdibile evento:\u00a0sabato 29 settembre, alle\u00a0ore 16,00, nella sede della Scuola di\u00a0Piazza Portanova 11, ci sar\u00e0 un incontro con\u00a0Olivio Argenti, presidente del\u00a0CIRPS - Capitolo italiano\u00a0della\u00a0Royal Photographic Society,\u00a0la\u00a0prima e pi\u00f9 importante associazione fotografica al mondo,\u00a0Durante la serata,\u00a0Luca Sorbo,\u00a0responsabile\u2026","rel":"","context":"In &quot;Eventi&quot;","block_context":{"text":"Eventi","link":"https:\/\/www.pigrecoemme.com\/blog\/eventi\/"},"img":{"alt_text":"","src":"https:\/\/i0.wp.com\/www.pigrecoemme.com\/blog\/wp-content\/uploads\/2012\/09\/rps-300x113.jpg?resize=350%2C200","width":350,"height":200},"classes":[]},{"id":191,"url":"https:\/\/www.pigrecoemme.com\/blog\/fra-i-corsi-del-2010-due-importanti-novita-fotogiornalismo-e-scrittura-per-la-televisione\/","url_meta":{"origin":217,"position":5},"title":"Fra i corsi del 2010 due importanti novit\u00e0: fotogiornalismo e scrittura per la televisione","author":"Giacomo Fabbrocino","date":"5 Gennaio 2010","format":false,"excerpt":"Ripartono l'11 gennaio le attivit\u00e0 didattiche della Scuola di cinema e televisione Pigrecoemme. Che, ai consueti corsi di cinema e di fotografia, affianca due importanti novit\u00e0: un corso dedicato alla scrittura televisiva e, in collaborazione con l'agenzia fotogiornalistica Graffiti di Roma, uno di fotogiornalismo. CORSI SEMESTRALI E BIMESTRALI SUL CINEMA\u2026","rel":"","context":"In &quot;Scuola di cinema&quot;","block_context":{"text":"Scuola di cinema","link":"https:\/\/www.pigrecoemme.com\/blog\/scuola-di-cinema\/"},"img":{"alt_text":"","src":"https:\/\/i0.wp.com\/www.pigrecoemme.com\/blog\/wp-content\/uploads\/2011\/12\/corso-scrittura-tv-2012.jpg?resize=350%2C200&ssl=1","width":350,"height":200,"srcset":"https:\/\/i0.wp.com\/www.pigrecoemme.com\/blog\/wp-content\/uploads\/2011\/12\/corso-scrittura-tv-2012.jpg?resize=350%2C200&ssl=1 1x, https:\/\/i0.wp.com\/www.pigrecoemme.com\/blog\/wp-content\/uploads\/2011\/12\/corso-scrittura-tv-2012.jpg?resize=525%2C300&ssl=1 1.5x"},"classes":[]}],"jetpack_featured_media_url":"","_links":{"self":[{"href":"https:\/\/www.pigrecoemme.com\/blog\/wp-json\/wp\/v2\/posts\/217","targetHints":{"allow":["GET"]}}],"collection":[{"href":"https:\/\/www.pigrecoemme.com\/blog\/wp-json\/wp\/v2\/posts"}],"about":[{"href":"https:\/\/www.pigrecoemme.com\/blog\/wp-json\/wp\/v2\/types\/post"}],"author":[{"embeddable":true,"href":"https:\/\/www.pigrecoemme.com\/blog\/wp-json\/wp\/v2\/users\/1"}],"replies":[{"embeddable":true,"href":"https:\/\/www.pigrecoemme.com\/blog\/wp-json\/wp\/v2\/comments?post=217"}],"version-history":[{"count":0,"href":"https:\/\/www.pigrecoemme.com\/blog\/wp-json\/wp\/v2\/posts\/217\/revisions"}],"wp:attachment":[{"href":"https:\/\/www.pigrecoemme.com\/blog\/wp-json\/wp\/v2\/media?parent=217"}],"wp:term":[{"taxonomy":"category","embeddable":true,"href":"https:\/\/www.pigrecoemme.com\/blog\/wp-json\/wp\/v2\/categories?post=217"},{"taxonomy":"post_tag","embeddable":true,"href":"https:\/\/www.pigrecoemme.com\/blog\/wp-json\/wp\/v2\/tags?post=217"}],"curies":[{"name":"wp","href":"https:\/\/api.w.org\/{rel}","templated":true}]}}