{"id":213,"date":"2010-03-18T18:50:53","date_gmt":"2010-03-18T16:50:53","guid":{"rendered":"http:\/\/www.pigrecoemme.com\/blog\/?p=213"},"modified":"2014-11-14T01:54:17","modified_gmt":"2014-11-14T00:54:17","slug":"la-nostra-video-inchiesta-sul-potere-da-lunedi-al-modernissimo","status":"publish","type":"post","link":"https:\/\/www.pigrecoemme.com\/blog\/la-nostra-video-inchiesta-sul-potere-da-lunedi-al-modernissimo\/","title":{"rendered":"La nostra video-inchiesta sul potere da luned\u00ec al Modernissimo"},"content":{"rendered":"<p>Da lunedi 22 a domenica 28 marzo, presso lo Spazio Videodrome del Multicinema Modernissimo, sar\u00e0 in proiezione alle ore 18.00 la video-inchiesta da noi realizzata per per la rassegna &#8220;<a href=\"http:\/\/www.artedellafelicita.it\/\" target=\"_blank\">l&#8217;arte della felicit\u00e0<\/a>&#8220;.<\/p>\n<p>Il video, diretto e montato da Giacomo Fabbrocino, ha aperto ieri, mercoled\u00ec 17 marzo, al cinema Ambasciatori di Napoli, la kermesse di incontri e conversazioni. Centocinquantaquattro interviste girate presso le tre librerie Feltrinelli di Napoli e al Multicinema Modernissimo oltre ad un prezioso intervento del filosofo Aldo Masullo cercano di fare il punto sulla percezione personale del potere. Alla realizzazione della video-inchiesta hanno collaborato anche gli allievi dei nostri corsi.<\/p>\n<p>A seguire, ogni giorno, la proiezione della video intervista sul potere ad Adriano Sofri realizzata da Gianfranco Di Vito.<\/p>\n","protected":false},"excerpt":{"rendered":"<p>Da lunedi 22 a domenica 28 marzo, presso lo Spazio Videodrome del Multicinema Modernissimo, sar\u00e0 in proiezione alle ore 18.00 la video-inchiesta da noi realizzata per per la rassegna &#8220;l&#8217;arte della felicit\u00e0&#8220;. Il video,&hellip;<\/p>\n","protected":false},"author":1,"featured_media":0,"comment_status":"open","ping_status":"open","sticky":false,"template":"","format":"standard","meta":{"_jetpack_newsletter_access":"","_jetpack_dont_email_post_to_subs":false,"_jetpack_newsletter_tier_id":0,"_jetpack_memberships_contains_paywalled_content":false,"_jetpack_feature_clip_id":0,"_jetpack_memberships_contains_paid_content":false,"footnotes":"","jetpack_post_was_ever_published":false},"categories":[11,12,3],"tags":[308,369],"class_list":["post-213","post","type-post","status-publish","format-standard","hentry","category-eventi","category-produzioni","category-scuola-di-cinema","tag-arte-della-felicita","tag-videoinchiesta"],"yoast_head":"<!-- This site is optimized with the Yoast SEO plugin v28.3 - https:\/\/yoast.com\/product\/yoast-seo-wordpress\/ -->\n<title>La nostra video-inchiesta sul potere da luned\u00ec al Modernissimo<\/title>\n<meta name=\"robots\" content=\"index, follow, max-snippet:-1, max-image-preview:large, max-video-preview:-1\" \/>\n<link rel=\"canonical\" href=\"https:\/\/www.pigrecoemme.com\/blog\/la-nostra-video-inchiesta-sul-potere-da-lunedi-al-modernissimo\/\" \/>\n<meta property=\"og:locale\" content=\"it_IT\" \/>\n<meta property=\"og:type\" content=\"article\" \/>\n<meta property=\"og:title\" content=\"La nostra video-inchiesta sul potere da luned\u00ec al Modernissimo\" \/>\n<meta property=\"og:description\" content=\"Da lunedi 22 a domenica 28 marzo, presso lo Spazio Videodrome del Multicinema Modernissimo, sar\u00e0 in proiezione alle ore 18.00 la video-inchiesta da noi realizzata per per la rassegna &#8220;l&#8217;arte della felicit\u00e0&#8220;. Il video,&hellip;\" \/>\n<meta property=\"og:url\" content=\"https:\/\/www.pigrecoemme.com\/blog\/la-nostra-video-inchiesta-sul-potere-da-lunedi-al-modernissimo\/\" \/>\n<meta property=\"og:site_name\" content=\"Scuola di Cinema Pigrecoemme - Blog\" \/>\n<meta property=\"article:publisher\" content=\"https:\/\/www.facebook.com\/pigrecoemme\" \/>\n<meta property=\"article:author\" content=\"https:\/\/www.facebook.com\/giacomo.fabbrocino\" \/>\n<meta property=\"article:published_time\" content=\"2010-03-18T16:50:53+00:00\" \/>\n<meta property=\"article:modified_time\" content=\"2014-11-14T00:54:17+00:00\" \/>\n<meta property=\"og:image\" content=\"https:\/\/i0.wp.com\/www.pigrecoemme.com\/blog\/wp-content\/uploads\/2014\/11\/pigrecoemme-test1.jpg?fit=484%2C252&ssl=1\" \/>\n\t<meta property=\"og:image:width\" content=\"484\" \/>\n\t<meta property=\"og:image:height\" content=\"252\" \/>\n\t<meta property=\"og:image:type\" content=\"image\/jpeg\" \/>\n<meta name=\"author\" content=\"Giacomo Fabbrocino\" \/>\n<meta name=\"twitter:card\" content=\"summary_large_image\" \/>\n<meta name=\"twitter:creator\" content=\"@Pigrecoemme\" \/>\n<meta name=\"twitter:site\" content=\"@Pigrecoemme\" \/>\n<meta name=\"twitter:label1\" content=\"Scritto da\" \/>\n\t<meta name=\"twitter:data1\" content=\"Giacomo Fabbrocino\" \/>\n\t<meta name=\"twitter:label2\" content=\"Tempo di lettura stimato\" \/>\n\t<meta name=\"twitter:data2\" content=\"1 minuto\" \/>\n<script type=\"application\/ld+json\" class=\"yoast-schema-graph\">{\"@context\":\"https:\\\/\\\/schema.org\",\"@graph\":[{\"@type\":[\"Article\",\"BlogPosting\"],\"@id\":\"https:\\\/\\\/www.pigrecoemme.com\\\/blog\\\/la-nostra-video-inchiesta-sul-potere-da-lunedi-al-modernissimo\\\/#article\",\"isPartOf\":{\"@id\":\"https:\\\/\\\/www.pigrecoemme.com\\\/blog\\\/la-nostra-video-inchiesta-sul-potere-da-lunedi-al-modernissimo\\\/\"},\"author\":{\"name\":\"Giacomo Fabbrocino\",\"@id\":\"https:\\\/\\\/www.pigrecoemme.com\\\/blog\\\/#\\\/schema\\\/person\\\/57fa822c3d209d3a2612fd0411ae63f4\"},\"headline\":\"La nostra video-inchiesta sul potere da luned\u00ec al Modernissimo\",\"datePublished\":\"2010-03-18T16:50:53+00:00\",\"dateModified\":\"2014-11-14T00:54:17+00:00\",\"mainEntityOfPage\":{\"@id\":\"https:\\\/\\\/www.pigrecoemme.com\\\/blog\\\/la-nostra-video-inchiesta-sul-potere-da-lunedi-al-modernissimo\\\/\"},\"wordCount\":127,\"commentCount\":0,\"publisher\":{\"@id\":\"https:\\\/\\\/www.pigrecoemme.com\\\/blog\\\/#organization\"},\"keywords\":[\"arte della felicit\u00e0\",\"videoinchiesta\"],\"articleSection\":[\"Eventi\",\"Produzioni\",\"Scuola di cinema\"],\"inLanguage\":\"it-IT\",\"potentialAction\":[{\"@type\":\"CommentAction\",\"name\":\"Comment\",\"target\":[\"https:\\\/\\\/www.pigrecoemme.com\\\/blog\\\/la-nostra-video-inchiesta-sul-potere-da-lunedi-al-modernissimo\\\/#respond\"]}]},{\"@type\":\"WebPage\",\"@id\":\"https:\\\/\\\/www.pigrecoemme.com\\\/blog\\\/la-nostra-video-inchiesta-sul-potere-da-lunedi-al-modernissimo\\\/\",\"url\":\"https:\\\/\\\/www.pigrecoemme.com\\\/blog\\\/la-nostra-video-inchiesta-sul-potere-da-lunedi-al-modernissimo\\\/\",\"name\":\"La nostra video-inchiesta sul potere da luned\u00ec al Modernissimo\",\"isPartOf\":{\"@id\":\"https:\\\/\\\/www.pigrecoemme.com\\\/blog\\\/#website\"},\"datePublished\":\"2010-03-18T16:50:53+00:00\",\"dateModified\":\"2014-11-14T00:54:17+00:00\",\"breadcrumb\":{\"@id\":\"https:\\\/\\\/www.pigrecoemme.com\\\/blog\\\/la-nostra-video-inchiesta-sul-potere-da-lunedi-al-modernissimo\\\/#breadcrumb\"},\"inLanguage\":\"it-IT\",\"potentialAction\":[{\"@type\":\"ReadAction\",\"target\":[\"https:\\\/\\\/www.pigrecoemme.com\\\/blog\\\/la-nostra-video-inchiesta-sul-potere-da-lunedi-al-modernissimo\\\/\"]}]},{\"@type\":\"BreadcrumbList\",\"@id\":\"https:\\\/\\\/www.pigrecoemme.com\\\/blog\\\/la-nostra-video-inchiesta-sul-potere-da-lunedi-al-modernissimo\\\/#breadcrumb\",\"itemListElement\":[{\"@type\":\"ListItem\",\"position\":1,\"name\":\"Home\",\"item\":\"https:\\\/\\\/www.pigrecoemme.com\\\/blog\\\/\"},{\"@type\":\"ListItem\",\"position\":2,\"name\":\"La nostra video-inchiesta sul potere da luned\u00ec al Modernissimo\"}]},{\"@type\":\"WebSite\",\"@id\":\"https:\\\/\\\/www.pigrecoemme.com\\\/blog\\\/#website\",\"url\":\"https:\\\/\\\/www.pigrecoemme.com\\\/blog\\\/\",\"name\":\"Scuola di Cinema Pigrecoemme - Blog\",\"description\":\"Siamo la prima Scuola di Cinema e Fotografia di Napoli\",\"publisher\":{\"@id\":\"https:\\\/\\\/www.pigrecoemme.com\\\/blog\\\/#organization\"},\"potentialAction\":[{\"@type\":\"SearchAction\",\"target\":{\"@type\":\"EntryPoint\",\"urlTemplate\":\"https:\\\/\\\/www.pigrecoemme.com\\\/blog\\\/?s={search_term_string}\"},\"query-input\":{\"@type\":\"PropertyValueSpecification\",\"valueRequired\":true,\"valueName\":\"search_term_string\"}}],\"inLanguage\":\"it-IT\"},{\"@type\":\"Organization\",\"@id\":\"https:\\\/\\\/www.pigrecoemme.com\\\/blog\\\/#organization\",\"name\":\"Scuola di cinema e fotografia Pigrecoemme\",\"url\":\"https:\\\/\\\/www.pigrecoemme.com\\\/blog\\\/\",\"logo\":{\"@type\":\"ImageObject\",\"inLanguage\":\"it-IT\",\"@id\":\"https:\\\/\\\/www.pigrecoemme.com\\\/blog\\\/#\\\/schema\\\/logo\\\/image\\\/\",\"url\":\"https:\\\/\\\/i0.wp.com\\\/www.pigrecoemme.com\\\/blog\\\/wp-content\\\/uploads\\\/2018\\\/06\\\/logo-pigrecoemme-2018.png?fit=500%2C500&ssl=1\",\"contentUrl\":\"https:\\\/\\\/i0.wp.com\\\/www.pigrecoemme.com\\\/blog\\\/wp-content\\\/uploads\\\/2018\\\/06\\\/logo-pigrecoemme-2018.png?fit=500%2C500&ssl=1\",\"width\":500,\"height\":500,\"caption\":\"Scuola di cinema e fotografia Pigrecoemme\"},\"image\":{\"@id\":\"https:\\\/\\\/www.pigrecoemme.com\\\/blog\\\/#\\\/schema\\\/logo\\\/image\\\/\"},\"sameAs\":[\"https:\\\/\\\/www.facebook.com\\\/pigrecoemme\",\"https:\\\/\\\/x.com\\\/Pigrecoemme\",\"https:\\\/\\\/www.instagram.com\\\/pigrecoemme\\\/\",\"https:\\\/\\\/www.linkedin.com\\\/company\\\/pigrecoemme\\\/\",\"https:\\\/\\\/www.youtube.com\\\/pigrecoemme\"]},{\"@type\":\"Person\",\"@id\":\"https:\\\/\\\/www.pigrecoemme.com\\\/blog\\\/#\\\/schema\\\/person\\\/57fa822c3d209d3a2612fd0411ae63f4\",\"name\":\"Giacomo Fabbrocino\",\"image\":{\"@type\":\"ImageObject\",\"inLanguage\":\"it-IT\",\"@id\":\"https:\\\/\\\/secure.gravatar.com\\\/avatar\\\/0e4dfd4d05c06a03fffaffeb36fb181415ba11b91a6b566fa2e8ada75927db32?s=96&r=g\",\"url\":\"https:\\\/\\\/secure.gravatar.com\\\/avatar\\\/0e4dfd4d05c06a03fffaffeb36fb181415ba11b91a6b566fa2e8ada75927db32?s=96&r=g\",\"contentUrl\":\"https:\\\/\\\/secure.gravatar.com\\\/avatar\\\/0e4dfd4d05c06a03fffaffeb36fb181415ba11b91a6b566fa2e8ada75927db32?s=96&r=g\",\"caption\":\"Giacomo Fabbrocino\"},\"description\":\"Montatore cinematografico, autore di documentari sull'arte e di video d'artista, Giacomo \u00e8 responsabile della didattica e della comunicazione web della Scuola di Cinema, Fotografia e Televisione Pigrecoemme di Napoli.\",\"sameAs\":[\"http:\\\/\\\/www.pigrecoemme.com\\\/\",\"https:\\\/\\\/www.facebook.com\\\/giacomo.fabbrocino\"],\"url\":\"https:\\\/\\\/www.pigrecoemme.com\\\/blog\\\/author\\\/giacomo-fabbrocino\\\/\"}]}<\/script>\n<!-- \/ Yoast SEO plugin. -->","yoast_head_json":{"title":"La nostra video-inchiesta sul potere da luned\u00ec al Modernissimo","robots":{"index":"index","follow":"follow","max-snippet":"max-snippet:-1","max-image-preview":"max-image-preview:large","max-video-preview":"max-video-preview:-1"},"canonical":"https:\/\/www.pigrecoemme.com\/blog\/la-nostra-video-inchiesta-sul-potere-da-lunedi-al-modernissimo\/","og_locale":"it_IT","og_type":"article","og_title":"La nostra video-inchiesta sul potere da luned\u00ec al Modernissimo","og_description":"Da lunedi 22 a domenica 28 marzo, presso lo Spazio Videodrome del Multicinema Modernissimo, sar\u00e0 in proiezione alle ore 18.00 la video-inchiesta da noi realizzata per per la rassegna &#8220;l&#8217;arte della felicit\u00e0&#8220;. Il video,&hellip;","og_url":"https:\/\/www.pigrecoemme.com\/blog\/la-nostra-video-inchiesta-sul-potere-da-lunedi-al-modernissimo\/","og_site_name":"Scuola di Cinema Pigrecoemme - Blog","article_publisher":"https:\/\/www.facebook.com\/pigrecoemme","article_author":"https:\/\/www.facebook.com\/giacomo.fabbrocino","article_published_time":"2010-03-18T16:50:53+00:00","article_modified_time":"2014-11-14T00:54:17+00:00","og_image":[{"width":484,"height":252,"url":"https:\/\/i0.wp.com\/www.pigrecoemme.com\/blog\/wp-content\/uploads\/2014\/11\/pigrecoemme-test1.jpg?fit=484%2C252&ssl=1","type":"image\/jpeg"}],"author":"Giacomo Fabbrocino","twitter_card":"summary_large_image","twitter_creator":"@Pigrecoemme","twitter_site":"@Pigrecoemme","twitter_misc":{"Scritto da":"Giacomo Fabbrocino","Tempo di lettura stimato":"1 minuto"},"schema":{"@context":"https:\/\/schema.org","@graph":[{"@type":["Article","BlogPosting"],"@id":"https:\/\/www.pigrecoemme.com\/blog\/la-nostra-video-inchiesta-sul-potere-da-lunedi-al-modernissimo\/#article","isPartOf":{"@id":"https:\/\/www.pigrecoemme.com\/blog\/la-nostra-video-inchiesta-sul-potere-da-lunedi-al-modernissimo\/"},"author":{"name":"Giacomo Fabbrocino","@id":"https:\/\/www.pigrecoemme.com\/blog\/#\/schema\/person\/57fa822c3d209d3a2612fd0411ae63f4"},"headline":"La nostra video-inchiesta sul potere da luned\u00ec al Modernissimo","datePublished":"2010-03-18T16:50:53+00:00","dateModified":"2014-11-14T00:54:17+00:00","mainEntityOfPage":{"@id":"https:\/\/www.pigrecoemme.com\/blog\/la-nostra-video-inchiesta-sul-potere-da-lunedi-al-modernissimo\/"},"wordCount":127,"commentCount":0,"publisher":{"@id":"https:\/\/www.pigrecoemme.com\/blog\/#organization"},"keywords":["arte della felicit\u00e0","videoinchiesta"],"articleSection":["Eventi","Produzioni","Scuola di cinema"],"inLanguage":"it-IT","potentialAction":[{"@type":"CommentAction","name":"Comment","target":["https:\/\/www.pigrecoemme.com\/blog\/la-nostra-video-inchiesta-sul-potere-da-lunedi-al-modernissimo\/#respond"]}]},{"@type":"WebPage","@id":"https:\/\/www.pigrecoemme.com\/blog\/la-nostra-video-inchiesta-sul-potere-da-lunedi-al-modernissimo\/","url":"https:\/\/www.pigrecoemme.com\/blog\/la-nostra-video-inchiesta-sul-potere-da-lunedi-al-modernissimo\/","name":"La nostra video-inchiesta sul potere da luned\u00ec al Modernissimo","isPartOf":{"@id":"https:\/\/www.pigrecoemme.com\/blog\/#website"},"datePublished":"2010-03-18T16:50:53+00:00","dateModified":"2014-11-14T00:54:17+00:00","breadcrumb":{"@id":"https:\/\/www.pigrecoemme.com\/blog\/la-nostra-video-inchiesta-sul-potere-da-lunedi-al-modernissimo\/#breadcrumb"},"inLanguage":"it-IT","potentialAction":[{"@type":"ReadAction","target":["https:\/\/www.pigrecoemme.com\/blog\/la-nostra-video-inchiesta-sul-potere-da-lunedi-al-modernissimo\/"]}]},{"@type":"BreadcrumbList","@id":"https:\/\/www.pigrecoemme.com\/blog\/la-nostra-video-inchiesta-sul-potere-da-lunedi-al-modernissimo\/#breadcrumb","itemListElement":[{"@type":"ListItem","position":1,"name":"Home","item":"https:\/\/www.pigrecoemme.com\/blog\/"},{"@type":"ListItem","position":2,"name":"La nostra video-inchiesta sul potere da luned\u00ec al Modernissimo"}]},{"@type":"WebSite","@id":"https:\/\/www.pigrecoemme.com\/blog\/#website","url":"https:\/\/www.pigrecoemme.com\/blog\/","name":"Scuola di Cinema Pigrecoemme - Blog","description":"Siamo la prima Scuola di Cinema e Fotografia di Napoli","publisher":{"@id":"https:\/\/www.pigrecoemme.com\/blog\/#organization"},"potentialAction":[{"@type":"SearchAction","target":{"@type":"EntryPoint","urlTemplate":"https:\/\/www.pigrecoemme.com\/blog\/?s={search_term_string}"},"query-input":{"@type":"PropertyValueSpecification","valueRequired":true,"valueName":"search_term_string"}}],"inLanguage":"it-IT"},{"@type":"Organization","@id":"https:\/\/www.pigrecoemme.com\/blog\/#organization","name":"Scuola di cinema e fotografia Pigrecoemme","url":"https:\/\/www.pigrecoemme.com\/blog\/","logo":{"@type":"ImageObject","inLanguage":"it-IT","@id":"https:\/\/www.pigrecoemme.com\/blog\/#\/schema\/logo\/image\/","url":"https:\/\/i0.wp.com\/www.pigrecoemme.com\/blog\/wp-content\/uploads\/2018\/06\/logo-pigrecoemme-2018.png?fit=500%2C500&ssl=1","contentUrl":"https:\/\/i0.wp.com\/www.pigrecoemme.com\/blog\/wp-content\/uploads\/2018\/06\/logo-pigrecoemme-2018.png?fit=500%2C500&ssl=1","width":500,"height":500,"caption":"Scuola di cinema e fotografia Pigrecoemme"},"image":{"@id":"https:\/\/www.pigrecoemme.com\/blog\/#\/schema\/logo\/image\/"},"sameAs":["https:\/\/www.facebook.com\/pigrecoemme","https:\/\/x.com\/Pigrecoemme","https:\/\/www.instagram.com\/pigrecoemme\/","https:\/\/www.linkedin.com\/company\/pigrecoemme\/","https:\/\/www.youtube.com\/pigrecoemme"]},{"@type":"Person","@id":"https:\/\/www.pigrecoemme.com\/blog\/#\/schema\/person\/57fa822c3d209d3a2612fd0411ae63f4","name":"Giacomo Fabbrocino","image":{"@type":"ImageObject","inLanguage":"it-IT","@id":"https:\/\/secure.gravatar.com\/avatar\/0e4dfd4d05c06a03fffaffeb36fb181415ba11b91a6b566fa2e8ada75927db32?s=96&r=g","url":"https:\/\/secure.gravatar.com\/avatar\/0e4dfd4d05c06a03fffaffeb36fb181415ba11b91a6b566fa2e8ada75927db32?s=96&r=g","contentUrl":"https:\/\/secure.gravatar.com\/avatar\/0e4dfd4d05c06a03fffaffeb36fb181415ba11b91a6b566fa2e8ada75927db32?s=96&r=g","caption":"Giacomo Fabbrocino"},"description":"Montatore cinematografico, autore di documentari sull'arte e di video d'artista, Giacomo \u00e8 responsabile della didattica e della comunicazione web della Scuola di Cinema, Fotografia e Televisione Pigrecoemme di Napoli.","sameAs":["http:\/\/www.pigrecoemme.com\/","https:\/\/www.facebook.com\/giacomo.fabbrocino"],"url":"https:\/\/www.pigrecoemme.com\/blog\/author\/giacomo-fabbrocino\/"}]}},"jetpack_sharing_enabled":true,"jetpack_likes_enabled":true,"jetpack-related-posts":[{"id":228,"url":"https:\/\/www.pigrecoemme.com\/blog\/video-inchiesta-sul-potere\/","url_meta":{"origin":213,"position":0},"title":"VIDEO-INCHIESTA SUL POTERE","author":"Giacomo Fabbrocino","date":"29 Aprile 2010","format":false,"excerpt":"VIDEO-INCHIESTA SUL POTERE from Scuola di cinema Pigrecoemme on Vimeo. Ecco la versione integrale della video-inchiesta da noi realizzata in collaborazione con L\u2019arte della felicit\u00e0 - incontri e conversazioni sul Potere, che ha inaugurato la manifestazione mercoled\u00ec 17 marzo al cinema Ambasciatori di Napoli. Centocinquantaquattro interviste girate presso le tre\u2026","rel":"","context":"In &quot;Eventi&quot;","block_context":{"text":"Eventi","link":"https:\/\/www.pigrecoemme.com\/blog\/eventi\/"},"img":{"alt_text":"","src":"","width":0,"height":0},"classes":[]},{"id":202,"url":"https:\/\/www.pigrecoemme.com\/blog\/videoinchiesta-sul-potere\/","url_meta":{"origin":213,"position":1},"title":"Videoinchiesta sul potere","author":"Giacomo Fabbrocino","date":"11 Febbraio 2010","format":false,"excerpt":"Come forse gi\u00e0 saprete la sesta edizione dell'Arte della felicit\u00e0 avr\u00e0 come tema il potere. In questi giorni Pigrecoemme sta realizzando per la prestigiosa rassegna \u00a0di incontri e conversazioni\u00a0una videoinchiesta sulla percezione del Potere, intervistando la \u201cgente comune\u201d in appositi spazi allestiti in luoghi di passaggio strategici. Tutte le persone\u2026","rel":"","context":"In &quot;Eventi&quot;","block_context":{"text":"Eventi","link":"https:\/\/www.pigrecoemme.com\/blog\/eventi\/"},"img":{"alt_text":"","src":"https:\/\/i0.wp.com\/www.pigrecoemme.com\/blog\/wp-content\/uploads\/2010\/02\/videoinchiesta-sul-potere-300x200.jpg?resize=350%2C200","width":350,"height":200},"classes":[]},{"id":279,"url":"https:\/\/www.pigrecoemme.com\/blog\/pigrecoemme-regala-gorbaciof-dieci-omaggi-per-il-nuovo-film-di-stefano-incerti\/","url_meta":{"origin":213,"position":2},"title":"Pigrecoemme regala Gorbaciof. Dieci omaggi per il nuovo film di Stefano Incerti.","author":"Giacomo Fabbrocino","date":"14 Ottobre 2010","format":false,"excerpt":"Ai primi dieci allievi o ex allievi dei suoi corsi, che si presenteranno presso la nostra sede di\u00a0Piazza Portanova 11 a partire dalle ore 11.00 di domani venerd\u00ec 15 ottobre 2010, Pigrecoemme sar\u00e0\u00a0lieta di regalare un biglietto per assistere, presso il Multicinema Modernissimo, al nuovo film\u00a0di Stefano Incerti, Gorbaciof. Le\u2026","rel":"","context":"In &quot;Generale&quot;","block_context":{"text":"Generale","link":"https:\/\/www.pigrecoemme.com\/blog\/generale\/"},"img":{"alt_text":"","src":"https:\/\/i0.wp.com\/www.pigrecoemme.com\/blog\/wp-content\/uploads\/2010\/10\/gorbaciof-poster-150x150.jpg?resize=350%2C200","width":350,"height":200},"classes":[]},{"id":1775,"url":"https:\/\/www.pigrecoemme.com\/blog\/iscritto-alla-pigrecoemme-hai-uno-sconto-per-il-cineclub-modernissimo\/","url_meta":{"origin":213,"position":3},"title":"Sei iscritto alla Pigrecoemme? Hai uno sconto per il Cineclub Modernissimo!","author":"Pigrecoemme","date":"22 Settembre 2016","format":false,"excerpt":"Si rinnova la collaborazione tra la Scuola di Cinema, televisione e fotografia Pigrecomme ed il Cineclub Modernissimo! Tutti gli studenti dei corsi 2016 - 2017 avranno infatti l'opportunit\u00e0 di iscriversi alla rassegna al costo agevolato di 52 euro. Le iscrizioni sono aperte da lunedi 26 settembre al Multicinema Modernissimo. In\u2026","rel":"","context":"In &quot;Eventi&quot;","block_context":{"text":"Eventi","link":"https:\/\/www.pigrecoemme.com\/blog\/eventi\/"},"img":{"alt_text":"Iscritto alla Pigrecoemme? Hai uno sconto per il Cineclub Modernissimo!","src":"https:\/\/i0.wp.com\/www.pigrecoemme.com\/blog\/wp-content\/uploads\/2016\/09\/modernissimo-cineforum.jpg?resize=350%2C200","width":350,"height":200},"classes":[]},{"id":233,"url":"https:\/\/www.pigrecoemme.com\/blog\/linfinito-viaggiare-apre-il-13-maggio-con-la-mostra-di-fotografia-dei-nostri-ex-allievi\/","url_meta":{"origin":213,"position":4},"title":"L&#8217;INFINITO VIAGGIARE APRE IL 13 MAGGIO CON LA MOSTRA DI FOTOGRAFIA DEGLI EX ALLIEVI DELLA PIGRECOEMME","author":"Giacomo Fabbrocino","date":"8 Maggio 2010","format":false,"excerpt":"Il festival L\u2019Infinito Viaggiare, alla sua seconda edizione, vuole proporsi come \u201cun suggestivo viaggio artistico e culturale alla scoperta del potere dei luoghi\u201d e vuole farlo attraverso il cinema e la fotografia, articolandosi in tre differenti segmenti: una mostra fotografica, una rassegna cinematografica e una serie di dialoghi con ospiti\u2026","rel":"","context":"In &quot;Eventi&quot;","block_context":{"text":"Eventi","link":"https:\/\/www.pigrecoemme.com\/blog\/eventi\/"},"img":{"alt_text":"","src":"https:\/\/i0.wp.com\/www.pigrecoemme.com\/blog\/wp-content\/uploads\/2010\/05\/infinito-viaggiare-manisfesto-216x300.jpg?resize=350%2C200","width":350,"height":200},"classes":[]},{"id":1235,"url":"https:\/\/www.pigrecoemme.com\/blog\/montagskino\/","url_meta":{"origin":213,"position":5},"title":"Montagskino: la rassegna sul nuovo cinema tedesco","author":"Corrado Morra","date":"19 Febbraio 2015","format":false,"excerpt":"Anche quest'anno il nuovo cinema tedesco avr\u00e0 la sua pi\u00f9 importante vetrina in citt\u00e0 grazie a\u00a0Montagskino,\u00a0la rassegna dedicata al Festival Internazionale del Cinema di Berlino\u00a0a cura del\u00a0Goethe-Institut Napoli. Giunto alla quinta edizione, il ciclo di film andr\u00e0 avanti, dal\u00a02 marzo al 27 aprile, presso il\u00a0Multicinema Modernissimo\u00a0(via Cisterna dell'Olio a Napoli).\u2026","rel":"","context":"In &quot;Eventi&quot;","block_context":{"text":"Eventi","link":"https:\/\/www.pigrecoemme.com\/blog\/eventi\/"},"img":{"alt_text":"MK5_flyer","src":"https:\/\/i0.wp.com\/www.pigrecoemme.com\/blog\/wp-content\/uploads\/2015\/02\/MK5_flyer-214x300.jpg?resize=350%2C200","width":350,"height":200},"classes":[]}],"jetpack_featured_media_url":"","_links":{"self":[{"href":"https:\/\/www.pigrecoemme.com\/blog\/wp-json\/wp\/v2\/posts\/213","targetHints":{"allow":["GET"]}}],"collection":[{"href":"https:\/\/www.pigrecoemme.com\/blog\/wp-json\/wp\/v2\/posts"}],"about":[{"href":"https:\/\/www.pigrecoemme.com\/blog\/wp-json\/wp\/v2\/types\/post"}],"author":[{"embeddable":true,"href":"https:\/\/www.pigrecoemme.com\/blog\/wp-json\/wp\/v2\/users\/1"}],"replies":[{"embeddable":true,"href":"https:\/\/www.pigrecoemme.com\/blog\/wp-json\/wp\/v2\/comments?post=213"}],"version-history":[{"count":0,"href":"https:\/\/www.pigrecoemme.com\/blog\/wp-json\/wp\/v2\/posts\/213\/revisions"}],"wp:attachment":[{"href":"https:\/\/www.pigrecoemme.com\/blog\/wp-json\/wp\/v2\/media?parent=213"}],"wp:term":[{"taxonomy":"category","embeddable":true,"href":"https:\/\/www.pigrecoemme.com\/blog\/wp-json\/wp\/v2\/categories?post=213"},{"taxonomy":"post_tag","embeddable":true,"href":"https:\/\/www.pigrecoemme.com\/blog\/wp-json\/wp\/v2\/tags?post=213"}],"curies":[{"name":"wp","href":"https:\/\/api.w.org\/{rel}","templated":true}]}}