{"id":211,"date":"2010-03-03T17:32:40","date_gmt":"2010-03-03T15:32:40","guid":{"rendered":"http:\/\/www.pigrecoemme.com\/blog\/?p=211"},"modified":"2010-03-03T17:32:40","modified_gmt":"2010-03-03T15:32:40","slug":"rock-around-the-screen-il-booktrailer","status":"publish","type":"post","link":"https:\/\/www.pigrecoemme.com\/blog\/rock-around-the-screen-il-booktrailer\/","title":{"rendered":"Rock Around the Screen: il Booktrailer"},"content":{"rendered":"<p style=\"text-align: center; \"><object classid=\"clsid:d27cdb6e-ae6d-11cf-96b8-444553540000\" width=\"400\" height=\"292\" codebase=\"http:\/\/download.macromedia.com\/pub\/shockwave\/cabs\/flash\/swflash.cab#version=6,0,40,0\"><param name=\"allowfullscreen\" value=\"true\" \/><param name=\"allowscriptaccess\" value=\"always\" \/><param name=\"src\" value=\"http:\/\/www.facebook.com\/v\/105364212818771\" \/><\/object><\/p>\n<p>\u00c8\u00a0stato davvero piacevole ieri vedere un pubblico cos\u00ec numeroso e &#8220;bello&#8221; alla presentazione di Rock Around the Screen. Grazie a tutti, davvero, per aver partecipato!<\/p>\n<p>Riproponiamo il video montato da Rosario Gallone proiettato ieri per introdurre la serata alla quale sono intervenuti Valerio Caprara, Teresa Mancini, i curatori del volume Diego Del Pozzo e Vincenzo Esposito e tutti gli autori: Giacomo Fabbrocino. Rosario Gallone e Corrado Morra della Scuola di cinema Pigrecoemme oltre a Simone Arcagni, Alberto Castellano,\u00a0Giandomenico Curi,\u00a0\u00a0Bruno Di Marino, \u00a0Michelangelo Iossa, Fabio Maiello e\u00a0Antonio Tricomi.<\/p>\n","protected":false},"excerpt":{"rendered":"<p>\u00c8\u00a0stato davvero piacevole ieri vedere un pubblico cos\u00ec numeroso e &#8220;bello&#8221; alla presentazione di Rock Around the Screen. Grazie a tutti, davvero, per aver partecipato! Riproponiamo il video montato da Rosario Gallone proiettato ieri&hellip;<\/p>\n","protected":false},"author":1,"featured_media":0,"comment_status":"open","ping_status":"open","sticky":false,"template":"","format":"standard","meta":{"_jetpack_newsletter_access":"","_jetpack_dont_email_post_to_subs":false,"_jetpack_newsletter_tier_id":0,"_jetpack_memberships_contains_paywalled_content":false,"_jetpack_feature_clip_id":0,"_jetpack_memberships_contains_paid_content":false,"footnotes":"","jetpack_post_was_ever_published":false},"categories":[11,12,3],"tags":[360,362,361],"class_list":["post-211","post","type-post","status-publish","format-standard","hentry","category-eventi","category-produzioni","category-scuola-di-cinema","tag-cinema-e-rock","tag-libri-sul-rock","tag-rock-around-the-screen"],"yoast_head":"<!-- This site is optimized with the Yoast SEO plugin v28.3 - https:\/\/yoast.com\/product\/yoast-seo-wordpress\/ -->\n<title>Rock Around the Screen: il Booktrailer<\/title>\n<meta name=\"robots\" content=\"index, follow, max-snippet:-1, max-image-preview:large, max-video-preview:-1\" \/>\n<link rel=\"canonical\" href=\"https:\/\/www.pigrecoemme.com\/blog\/rock-around-the-screen-il-booktrailer\/\" \/>\n<meta property=\"og:locale\" content=\"it_IT\" \/>\n<meta property=\"og:type\" content=\"article\" \/>\n<meta property=\"og:title\" content=\"Rock Around the Screen: il Booktrailer\" \/>\n<meta property=\"og:description\" content=\"\u00c8\u00a0stato davvero piacevole ieri vedere un pubblico cos\u00ec numeroso e &#8220;bello&#8221; alla presentazione di Rock Around the Screen. Grazie a tutti, davvero, per aver partecipato! Riproponiamo il video montato da Rosario Gallone proiettato ieri&hellip;\" \/>\n<meta property=\"og:url\" content=\"https:\/\/www.pigrecoemme.com\/blog\/rock-around-the-screen-il-booktrailer\/\" \/>\n<meta property=\"og:site_name\" content=\"Scuola di Cinema Pigrecoemme - Blog\" \/>\n<meta property=\"article:publisher\" content=\"https:\/\/www.facebook.com\/pigrecoemme\" \/>\n<meta property=\"article:author\" content=\"https:\/\/www.facebook.com\/giacomo.fabbrocino\" \/>\n<meta property=\"article:published_time\" content=\"2010-03-03T15:32:40+00:00\" \/>\n<meta property=\"og:image\" content=\"https:\/\/i0.wp.com\/www.pigrecoemme.com\/blog\/wp-content\/uploads\/2014\/11\/pigrecoemme-test1.jpg?fit=484%2C252&ssl=1\" \/>\n\t<meta property=\"og:image:width\" content=\"484\" \/>\n\t<meta property=\"og:image:height\" content=\"252\" \/>\n\t<meta property=\"og:image:type\" content=\"image\/jpeg\" \/>\n<meta name=\"author\" content=\"Giacomo Fabbrocino\" \/>\n<meta name=\"twitter:card\" content=\"summary_large_image\" \/>\n<meta name=\"twitter:creator\" content=\"@Pigrecoemme\" \/>\n<meta name=\"twitter:site\" content=\"@Pigrecoemme\" \/>\n<meta name=\"twitter:label1\" content=\"Scritto da\" \/>\n\t<meta name=\"twitter:data1\" content=\"Giacomo Fabbrocino\" \/>\n<script type=\"application\/ld+json\" class=\"yoast-schema-graph\">{\"@context\":\"https:\\\/\\\/schema.org\",\"@graph\":[{\"@type\":[\"Article\",\"BlogPosting\"],\"@id\":\"https:\\\/\\\/www.pigrecoemme.com\\\/blog\\\/rock-around-the-screen-il-booktrailer\\\/#article\",\"isPartOf\":{\"@id\":\"https:\\\/\\\/www.pigrecoemme.com\\\/blog\\\/rock-around-the-screen-il-booktrailer\\\/\"},\"author\":{\"name\":\"Giacomo Fabbrocino\",\"@id\":\"https:\\\/\\\/www.pigrecoemme.com\\\/blog\\\/#\\\/schema\\\/person\\\/57fa822c3d209d3a2612fd0411ae63f4\"},\"headline\":\"Rock Around the Screen: il Booktrailer\",\"datePublished\":\"2010-03-03T15:32:40+00:00\",\"mainEntityOfPage\":{\"@id\":\"https:\\\/\\\/www.pigrecoemme.com\\\/blog\\\/rock-around-the-screen-il-booktrailer\\\/\"},\"wordCount\":96,\"commentCount\":0,\"publisher\":{\"@id\":\"https:\\\/\\\/www.pigrecoemme.com\\\/blog\\\/#organization\"},\"keywords\":[\"cinema e rock\",\"libri sul rock\",\"rock around the screen\"],\"articleSection\":[\"Eventi\",\"Produzioni\",\"Scuola di cinema\"],\"inLanguage\":\"it-IT\",\"potentialAction\":[{\"@type\":\"CommentAction\",\"name\":\"Comment\",\"target\":[\"https:\\\/\\\/www.pigrecoemme.com\\\/blog\\\/rock-around-the-screen-il-booktrailer\\\/#respond\"]}]},{\"@type\":\"WebPage\",\"@id\":\"https:\\\/\\\/www.pigrecoemme.com\\\/blog\\\/rock-around-the-screen-il-booktrailer\\\/\",\"url\":\"https:\\\/\\\/www.pigrecoemme.com\\\/blog\\\/rock-around-the-screen-il-booktrailer\\\/\",\"name\":\"Rock Around the Screen: il Booktrailer\",\"isPartOf\":{\"@id\":\"https:\\\/\\\/www.pigrecoemme.com\\\/blog\\\/#website\"},\"datePublished\":\"2010-03-03T15:32:40+00:00\",\"breadcrumb\":{\"@id\":\"https:\\\/\\\/www.pigrecoemme.com\\\/blog\\\/rock-around-the-screen-il-booktrailer\\\/#breadcrumb\"},\"inLanguage\":\"it-IT\",\"potentialAction\":[{\"@type\":\"ReadAction\",\"target\":[\"https:\\\/\\\/www.pigrecoemme.com\\\/blog\\\/rock-around-the-screen-il-booktrailer\\\/\"]}]},{\"@type\":\"BreadcrumbList\",\"@id\":\"https:\\\/\\\/www.pigrecoemme.com\\\/blog\\\/rock-around-the-screen-il-booktrailer\\\/#breadcrumb\",\"itemListElement\":[{\"@type\":\"ListItem\",\"position\":1,\"name\":\"Home\",\"item\":\"https:\\\/\\\/www.pigrecoemme.com\\\/blog\\\/\"},{\"@type\":\"ListItem\",\"position\":2,\"name\":\"Rock Around the Screen: il Booktrailer\"}]},{\"@type\":\"WebSite\",\"@id\":\"https:\\\/\\\/www.pigrecoemme.com\\\/blog\\\/#website\",\"url\":\"https:\\\/\\\/www.pigrecoemme.com\\\/blog\\\/\",\"name\":\"Scuola di Cinema Pigrecoemme - Blog\",\"description\":\"Siamo la prima Scuola di Cinema e Fotografia di Napoli\",\"publisher\":{\"@id\":\"https:\\\/\\\/www.pigrecoemme.com\\\/blog\\\/#organization\"},\"potentialAction\":[{\"@type\":\"SearchAction\",\"target\":{\"@type\":\"EntryPoint\",\"urlTemplate\":\"https:\\\/\\\/www.pigrecoemme.com\\\/blog\\\/?s={search_term_string}\"},\"query-input\":{\"@type\":\"PropertyValueSpecification\",\"valueRequired\":true,\"valueName\":\"search_term_string\"}}],\"inLanguage\":\"it-IT\"},{\"@type\":\"Organization\",\"@id\":\"https:\\\/\\\/www.pigrecoemme.com\\\/blog\\\/#organization\",\"name\":\"Scuola di cinema e fotografia Pigrecoemme\",\"url\":\"https:\\\/\\\/www.pigrecoemme.com\\\/blog\\\/\",\"logo\":{\"@type\":\"ImageObject\",\"inLanguage\":\"it-IT\",\"@id\":\"https:\\\/\\\/www.pigrecoemme.com\\\/blog\\\/#\\\/schema\\\/logo\\\/image\\\/\",\"url\":\"https:\\\/\\\/i0.wp.com\\\/www.pigrecoemme.com\\\/blog\\\/wp-content\\\/uploads\\\/2018\\\/06\\\/logo-pigrecoemme-2018.png?fit=500%2C500&ssl=1\",\"contentUrl\":\"https:\\\/\\\/i0.wp.com\\\/www.pigrecoemme.com\\\/blog\\\/wp-content\\\/uploads\\\/2018\\\/06\\\/logo-pigrecoemme-2018.png?fit=500%2C500&ssl=1\",\"width\":500,\"height\":500,\"caption\":\"Scuola di cinema e fotografia Pigrecoemme\"},\"image\":{\"@id\":\"https:\\\/\\\/www.pigrecoemme.com\\\/blog\\\/#\\\/schema\\\/logo\\\/image\\\/\"},\"sameAs\":[\"https:\\\/\\\/www.facebook.com\\\/pigrecoemme\",\"https:\\\/\\\/x.com\\\/Pigrecoemme\",\"https:\\\/\\\/www.instagram.com\\\/pigrecoemme\\\/\",\"https:\\\/\\\/www.linkedin.com\\\/company\\\/pigrecoemme\\\/\",\"https:\\\/\\\/www.youtube.com\\\/pigrecoemme\"]},{\"@type\":\"Person\",\"@id\":\"https:\\\/\\\/www.pigrecoemme.com\\\/blog\\\/#\\\/schema\\\/person\\\/57fa822c3d209d3a2612fd0411ae63f4\",\"name\":\"Giacomo Fabbrocino\",\"image\":{\"@type\":\"ImageObject\",\"inLanguage\":\"it-IT\",\"@id\":\"https:\\\/\\\/secure.gravatar.com\\\/avatar\\\/0e4dfd4d05c06a03fffaffeb36fb181415ba11b91a6b566fa2e8ada75927db32?s=96&r=g\",\"url\":\"https:\\\/\\\/secure.gravatar.com\\\/avatar\\\/0e4dfd4d05c06a03fffaffeb36fb181415ba11b91a6b566fa2e8ada75927db32?s=96&r=g\",\"contentUrl\":\"https:\\\/\\\/secure.gravatar.com\\\/avatar\\\/0e4dfd4d05c06a03fffaffeb36fb181415ba11b91a6b566fa2e8ada75927db32?s=96&r=g\",\"caption\":\"Giacomo Fabbrocino\"},\"description\":\"Montatore cinematografico, autore di documentari sull'arte e di video d'artista, Giacomo \u00e8 responsabile della didattica e della comunicazione web della Scuola di Cinema, Fotografia e Televisione Pigrecoemme di Napoli.\",\"sameAs\":[\"http:\\\/\\\/www.pigrecoemme.com\\\/\",\"https:\\\/\\\/www.facebook.com\\\/giacomo.fabbrocino\"],\"url\":\"https:\\\/\\\/www.pigrecoemme.com\\\/blog\\\/author\\\/giacomo-fabbrocino\\\/\"}]}<\/script>\n<!-- \/ Yoast SEO plugin. -->","yoast_head_json":{"title":"Rock Around the Screen: il Booktrailer","robots":{"index":"index","follow":"follow","max-snippet":"max-snippet:-1","max-image-preview":"max-image-preview:large","max-video-preview":"max-video-preview:-1"},"canonical":"https:\/\/www.pigrecoemme.com\/blog\/rock-around-the-screen-il-booktrailer\/","og_locale":"it_IT","og_type":"article","og_title":"Rock Around the Screen: il Booktrailer","og_description":"\u00c8\u00a0stato davvero piacevole ieri vedere un pubblico cos\u00ec numeroso e &#8220;bello&#8221; alla presentazione di Rock Around the Screen. Grazie a tutti, davvero, per aver partecipato! Riproponiamo il video montato da Rosario Gallone proiettato ieri&hellip;","og_url":"https:\/\/www.pigrecoemme.com\/blog\/rock-around-the-screen-il-booktrailer\/","og_site_name":"Scuola di Cinema Pigrecoemme - Blog","article_publisher":"https:\/\/www.facebook.com\/pigrecoemme","article_author":"https:\/\/www.facebook.com\/giacomo.fabbrocino","article_published_time":"2010-03-03T15:32:40+00:00","og_image":[{"width":484,"height":252,"url":"https:\/\/i0.wp.com\/www.pigrecoemme.com\/blog\/wp-content\/uploads\/2014\/11\/pigrecoemme-test1.jpg?fit=484%2C252&ssl=1","type":"image\/jpeg"}],"author":"Giacomo Fabbrocino","twitter_card":"summary_large_image","twitter_creator":"@Pigrecoemme","twitter_site":"@Pigrecoemme","twitter_misc":{"Scritto da":"Giacomo Fabbrocino"},"schema":{"@context":"https:\/\/schema.org","@graph":[{"@type":["Article","BlogPosting"],"@id":"https:\/\/www.pigrecoemme.com\/blog\/rock-around-the-screen-il-booktrailer\/#article","isPartOf":{"@id":"https:\/\/www.pigrecoemme.com\/blog\/rock-around-the-screen-il-booktrailer\/"},"author":{"name":"Giacomo Fabbrocino","@id":"https:\/\/www.pigrecoemme.com\/blog\/#\/schema\/person\/57fa822c3d209d3a2612fd0411ae63f4"},"headline":"Rock Around the Screen: il Booktrailer","datePublished":"2010-03-03T15:32:40+00:00","mainEntityOfPage":{"@id":"https:\/\/www.pigrecoemme.com\/blog\/rock-around-the-screen-il-booktrailer\/"},"wordCount":96,"commentCount":0,"publisher":{"@id":"https:\/\/www.pigrecoemme.com\/blog\/#organization"},"keywords":["cinema e rock","libri sul rock","rock around the screen"],"articleSection":["Eventi","Produzioni","Scuola di cinema"],"inLanguage":"it-IT","potentialAction":[{"@type":"CommentAction","name":"Comment","target":["https:\/\/www.pigrecoemme.com\/blog\/rock-around-the-screen-il-booktrailer\/#respond"]}]},{"@type":"WebPage","@id":"https:\/\/www.pigrecoemme.com\/blog\/rock-around-the-screen-il-booktrailer\/","url":"https:\/\/www.pigrecoemme.com\/blog\/rock-around-the-screen-il-booktrailer\/","name":"Rock Around the Screen: il Booktrailer","isPartOf":{"@id":"https:\/\/www.pigrecoemme.com\/blog\/#website"},"datePublished":"2010-03-03T15:32:40+00:00","breadcrumb":{"@id":"https:\/\/www.pigrecoemme.com\/blog\/rock-around-the-screen-il-booktrailer\/#breadcrumb"},"inLanguage":"it-IT","potentialAction":[{"@type":"ReadAction","target":["https:\/\/www.pigrecoemme.com\/blog\/rock-around-the-screen-il-booktrailer\/"]}]},{"@type":"BreadcrumbList","@id":"https:\/\/www.pigrecoemme.com\/blog\/rock-around-the-screen-il-booktrailer\/#breadcrumb","itemListElement":[{"@type":"ListItem","position":1,"name":"Home","item":"https:\/\/www.pigrecoemme.com\/blog\/"},{"@type":"ListItem","position":2,"name":"Rock Around the Screen: il Booktrailer"}]},{"@type":"WebSite","@id":"https:\/\/www.pigrecoemme.com\/blog\/#website","url":"https:\/\/www.pigrecoemme.com\/blog\/","name":"Scuola di Cinema Pigrecoemme - Blog","description":"Siamo la prima Scuola di Cinema e Fotografia di Napoli","publisher":{"@id":"https:\/\/www.pigrecoemme.com\/blog\/#organization"},"potentialAction":[{"@type":"SearchAction","target":{"@type":"EntryPoint","urlTemplate":"https:\/\/www.pigrecoemme.com\/blog\/?s={search_term_string}"},"query-input":{"@type":"PropertyValueSpecification","valueRequired":true,"valueName":"search_term_string"}}],"inLanguage":"it-IT"},{"@type":"Organization","@id":"https:\/\/www.pigrecoemme.com\/blog\/#organization","name":"Scuola di cinema e fotografia Pigrecoemme","url":"https:\/\/www.pigrecoemme.com\/blog\/","logo":{"@type":"ImageObject","inLanguage":"it-IT","@id":"https:\/\/www.pigrecoemme.com\/blog\/#\/schema\/logo\/image\/","url":"https:\/\/i0.wp.com\/www.pigrecoemme.com\/blog\/wp-content\/uploads\/2018\/06\/logo-pigrecoemme-2018.png?fit=500%2C500&ssl=1","contentUrl":"https:\/\/i0.wp.com\/www.pigrecoemme.com\/blog\/wp-content\/uploads\/2018\/06\/logo-pigrecoemme-2018.png?fit=500%2C500&ssl=1","width":500,"height":500,"caption":"Scuola di cinema e fotografia Pigrecoemme"},"image":{"@id":"https:\/\/www.pigrecoemme.com\/blog\/#\/schema\/logo\/image\/"},"sameAs":["https:\/\/www.facebook.com\/pigrecoemme","https:\/\/x.com\/Pigrecoemme","https:\/\/www.instagram.com\/pigrecoemme\/","https:\/\/www.linkedin.com\/company\/pigrecoemme\/","https:\/\/www.youtube.com\/pigrecoemme"]},{"@type":"Person","@id":"https:\/\/www.pigrecoemme.com\/blog\/#\/schema\/person\/57fa822c3d209d3a2612fd0411ae63f4","name":"Giacomo Fabbrocino","image":{"@type":"ImageObject","inLanguage":"it-IT","@id":"https:\/\/secure.gravatar.com\/avatar\/0e4dfd4d05c06a03fffaffeb36fb181415ba11b91a6b566fa2e8ada75927db32?s=96&r=g","url":"https:\/\/secure.gravatar.com\/avatar\/0e4dfd4d05c06a03fffaffeb36fb181415ba11b91a6b566fa2e8ada75927db32?s=96&r=g","contentUrl":"https:\/\/secure.gravatar.com\/avatar\/0e4dfd4d05c06a03fffaffeb36fb181415ba11b91a6b566fa2e8ada75927db32?s=96&r=g","caption":"Giacomo Fabbrocino"},"description":"Montatore cinematografico, autore di documentari sull'arte e di video d'artista, Giacomo \u00e8 responsabile della didattica e della comunicazione web della Scuola di Cinema, Fotografia e Televisione Pigrecoemme di Napoli.","sameAs":["http:\/\/www.pigrecoemme.com\/","https:\/\/www.facebook.com\/giacomo.fabbrocino"],"url":"https:\/\/www.pigrecoemme.com\/blog\/author\/giacomo-fabbrocino\/"}]}},"jetpack_sharing_enabled":true,"jetpack_likes_enabled":true,"jetpack-related-posts":[{"id":218,"url":"https:\/\/www.pigrecoemme.com\/blog\/su-film-tv-la-recensione-di-rock-around-the-screen\/","url_meta":{"origin":211,"position":0},"title":"Su Film TV, la recensione di Rock Around the Screen","author":"Corrado Morra","date":"31 Marzo 2010","format":false,"excerpt":"Sul presitigioso settimanale di cinema Film TV, la recensione del libro Rock Around the Screen, collettanea curata da Esposito e Del Pozzo, con saggi, tra gli atri dei docenti della Scuola di cinema Pigrecoemme di Napoli, Rosario Gallone, Giacomo Fabbrocino e Corrado Morra.","rel":"","context":"In &quot;Produzioni&quot;","block_context":{"text":"Produzioni","link":"https:\/\/www.pigrecoemme.com\/blog\/produzioni\/"},"img":{"alt_text":"","src":"https:\/\/i0.wp.com\/www.pigrecoemme.com\/blog\/wp-content\/uploads\/2010\/03\/rock-around-the-screen-film-tv1-143x300.jpg?resize=350%2C200","width":350,"height":200},"classes":[]},{"id":207,"url":"https:\/\/www.pigrecoemme.com\/blog\/alla-feltrinelli-la-presentazione-di-rock-around-the-screen\/","url_meta":{"origin":211,"position":1},"title":"Alla Feltrinelli la presentazione di &#8220;Rock Around the Screen&#8221;","author":"Giacomo Fabbrocino","date":"1 Marzo 2010","format":false,"excerpt":"Marted\u00ec 2 marzo, alle ore 18, presso il megastore\u00a0La Feltrinelli - Libri e Musica di piazza dei Martiri a Napoli, \u00e8 in programma la presentazione del volume\u00a0Rock Around the Screen. Storie di cinema e musica pop, a cura di Diego Del Pozzo e Vincenzo Esposito (Liguori Editore). Interviene lo storico\u2026","rel":"","context":"In &quot;Eventi&quot;","block_context":{"text":"Eventi","link":"https:\/\/www.pigrecoemme.com\/blog\/eventi\/"},"img":{"alt_text":"","src":"https:\/\/i0.wp.com\/www.pigrecoemme.com\/blog\/wp-content\/uploads\/2010\/03\/rock-around-the-screen-presentazione-300x143.jpg?resize=350%2C200","width":350,"height":200},"classes":[]},{"id":193,"url":"https:\/\/www.pigrecoemme.com\/blog\/cinema-e-rock-e-disponibile-rock-around-the-screen\/","url_meta":{"origin":211,"position":2},"title":"Cinema e Rock: \u00e8 disponibile Rock Around The Screen","author":"Giacomo Fabbrocino","date":"18 Gennaio 2010","format":false,"excerpt":"Anche se la sua uscita ufficiale \u00e8 il primo di febbraio, il volume Rock around the screen \u00e8 gi\u00e0 disponibile in alcune librerie del centro storico di Napoli e sul sito dell'editore Liguori, sul quale \u00e8 acquistabile anche in formato elettronico. Curato da Vincenzo Esposito (docente di Storia del Cinema\u2026","rel":"","context":"In &quot;Eventi&quot;","block_context":{"text":"Eventi","link":"https:\/\/www.pigrecoemme.com\/blog\/eventi\/"},"img":{"alt_text":"","src":"https:\/\/i0.wp.com\/www.pigrecoemme.com\/blog\/wp-content\/uploads\/2010\/01\/cinema-e-rock-199x300.jpg?resize=350%2C200","width":350,"height":200},"classes":[]},{"id":2642,"url":"https:\/\/www.pigrecoemme.com\/blog\/situazione-critica-online-gli-appuntamenti-del-2019\/","url_meta":{"origin":211,"position":3},"title":"Situazione Critica: online gli appuntamenti del 2019","author":"Pigrecoemme","date":"4 Aprile 2020","format":false,"excerpt":"Dura stare a casa, eh? Beh, se siete appassionati di cinema (e forse lo siete, visto che state leggendo il nostro blog), potreste sciropparvi le millemila ore di registrazione video (e anche audio! Altrimenti non si capirebbe nulla, che diamine!) dei 5 appuntamenti di Situazione Critica organizzati nel 2019 dalla\u2026","rel":"","context":"In &quot;Analisi e Critica&quot;","block_context":{"text":"Analisi e Critica","link":"https:\/\/www.pigrecoemme.com\/blog\/analisi-e-critica-2\/"},"img":{"alt_text":"situazione critica","src":"https:\/\/i0.wp.com\/www.pigrecoemme.com\/blog\/wp-content\/uploads\/2020\/04\/situazione-critica.jpg?resize=350%2C200&ssl=1","width":350,"height":200,"srcset":"https:\/\/i0.wp.com\/www.pigrecoemme.com\/blog\/wp-content\/uploads\/2020\/04\/situazione-critica.jpg?resize=350%2C200&ssl=1 1x, https:\/\/i0.wp.com\/www.pigrecoemme.com\/blog\/wp-content\/uploads\/2020\/04\/situazione-critica.jpg?resize=525%2C300&ssl=1 1.5x, https:\/\/i0.wp.com\/www.pigrecoemme.com\/blog\/wp-content\/uploads\/2020\/04\/situazione-critica.jpg?resize=700%2C400&ssl=1 2x, https:\/\/i0.wp.com\/www.pigrecoemme.com\/blog\/wp-content\/uploads\/2020\/04\/situazione-critica.jpg?resize=1050%2C600&ssl=1 3x"},"classes":[]},{"id":2967,"url":"https:\/\/www.pigrecoemme.com\/blog\/guarda-tutti-gli-appuntamenti-di-situazione-critica-2020\/","url_meta":{"origin":211,"position":4},"title":"Guarda tutti gli appuntamenti di &#8220;Situazione Critica&#8221; 2020!","author":"Pigrecoemme","date":"24 Dicembre 2020","format":false,"excerpt":"Durante il 2020 si \u00e8 tenuta la terza edizione di \u201cSituazione Critica\u201d, la rassegna di incontri dedicata alla critica cinematografica diretta dal nostro Rosario Gallone. Quest\u2019anno, a causa dell\u2019emergenza Covid-19, gli appuntamenti si sono svolti online e, sebbene ci sia mancato il contatto diretto col pubblico, che dal 2018 \u00e8\u2026","rel":"","context":"In &quot;Analisi e Critica&quot;","block_context":{"text":"Analisi e Critica","link":"https:\/\/www.pigrecoemme.com\/blog\/analisi-e-critica-2\/"},"img":{"alt_text":"situazione critica 2020","src":"https:\/\/i0.wp.com\/www.pigrecoemme.com\/blog\/wp-content\/uploads\/2020\/12\/situazione-critica-2020.jpg?resize=350%2C200&ssl=1","width":350,"height":200,"srcset":"https:\/\/i0.wp.com\/www.pigrecoemme.com\/blog\/wp-content\/uploads\/2020\/12\/situazione-critica-2020.jpg?resize=350%2C200&ssl=1 1x, https:\/\/i0.wp.com\/www.pigrecoemme.com\/blog\/wp-content\/uploads\/2020\/12\/situazione-critica-2020.jpg?resize=525%2C300&ssl=1 1.5x, https:\/\/i0.wp.com\/www.pigrecoemme.com\/blog\/wp-content\/uploads\/2020\/12\/situazione-critica-2020.jpg?resize=700%2C400&ssl=1 2x, https:\/\/i0.wp.com\/www.pigrecoemme.com\/blog\/wp-content\/uploads\/2020\/12\/situazione-critica-2020.jpg?resize=1050%2C600&ssl=1 3x"},"classes":[]},{"id":44,"url":"https:\/\/www.pigrecoemme.com\/blog\/angelo-serio-e-rosario-gallone-da-anticlonatori-a-clonati-isa-9000-finisce-sulle-bancarelle\/","url_meta":{"origin":211,"position":5},"title":"Angelo Serio e Rosario Gallone: da anticlonatori a clonati. Isa 9000 finisce sulle bancarelle","author":"Giacomo Fabbrocino","date":"31 Marzo 2008","format":false,"excerpt":"Nel 2001, con Isa 9000, Angelo Serio (regista e sceneggiatore) e Rosario Gallone (sceneggiatore), entrambi docenti presso la Scuola di Cinema e Televisione Pigrecoemme, colsero l'occasione di un omaggio alla grande attrice Isa Danieli per schierarsi contro la clonazione dell'essere umano. A distanza di 7 anni, dopo aver mietuto consensi\u2026","rel":"","context":"In &quot;Generale&quot;","block_context":{"text":"Generale","link":"https:\/\/www.pigrecoemme.com\/blog\/generale\/"},"img":{"alt_text":"Il dvd ","src":"https:\/\/i0.wp.com\/www.pigrecoemme.com\/blog\/wp-content\/uploads\/2008\/03\/regginella.jpg?resize=350%2C200","width":350,"height":200},"classes":[]}],"jetpack_featured_media_url":"","_links":{"self":[{"href":"https:\/\/www.pigrecoemme.com\/blog\/wp-json\/wp\/v2\/posts\/211","targetHints":{"allow":["GET"]}}],"collection":[{"href":"https:\/\/www.pigrecoemme.com\/blog\/wp-json\/wp\/v2\/posts"}],"about":[{"href":"https:\/\/www.pigrecoemme.com\/blog\/wp-json\/wp\/v2\/types\/post"}],"author":[{"embeddable":true,"href":"https:\/\/www.pigrecoemme.com\/blog\/wp-json\/wp\/v2\/users\/1"}],"replies":[{"embeddable":true,"href":"https:\/\/www.pigrecoemme.com\/blog\/wp-json\/wp\/v2\/comments?post=211"}],"version-history":[{"count":0,"href":"https:\/\/www.pigrecoemme.com\/blog\/wp-json\/wp\/v2\/posts\/211\/revisions"}],"wp:attachment":[{"href":"https:\/\/www.pigrecoemme.com\/blog\/wp-json\/wp\/v2\/media?parent=211"}],"wp:term":[{"taxonomy":"category","embeddable":true,"href":"https:\/\/www.pigrecoemme.com\/blog\/wp-json\/wp\/v2\/categories?post=211"},{"taxonomy":"post_tag","embeddable":true,"href":"https:\/\/www.pigrecoemme.com\/blog\/wp-json\/wp\/v2\/tags?post=211"}],"curies":[{"name":"wp","href":"https:\/\/api.w.org\/{rel}","templated":true}]}}