{"id":207,"date":"2010-03-01T20:45:50","date_gmt":"2010-03-01T18:45:50","guid":{"rendered":"http:\/\/www.pigrecoemme.com\/blog\/?p=207"},"modified":"2010-03-01T20:56:17","modified_gmt":"2010-03-01T18:56:17","slug":"alla-feltrinelli-la-presentazione-di-rock-around-the-screen","status":"publish","type":"post","link":"https:\/\/www.pigrecoemme.com\/blog\/alla-feltrinelli-la-presentazione-di-rock-around-the-screen\/","title":{"rendered":"Alla Feltrinelli la presentazione di &#8220;Rock Around the Screen&#8221;"},"content":{"rendered":"<p style=\"text-align: center;\"><a href=\"https:\/\/i0.wp.com\/www.pigrecoemme.com\/blog\/wp-content\/uploads\/2010\/03\/rock-around-the-screen-presentazione.jpg?ssl=1\"><img data-recalc-dims=\"1\" loading=\"lazy\" decoding=\"async\" class=\"aligncenter size-medium wp-image-209\" title=\"rock-around-the-screen-presentazione\" src=\"https:\/\/i0.wp.com\/www.pigrecoemme.com\/blog\/wp-content\/uploads\/2010\/03\/rock-around-the-screen-presentazione.jpg?resize=300%2C143&#038;ssl=1\" alt=\"\" width=\"300\" height=\"143\" srcset=\"https:\/\/i0.wp.com\/www.pigrecoemme.com\/blog\/wp-content\/uploads\/2010\/03\/rock-around-the-screen-presentazione.jpg?resize=300%2C143&amp;ssl=1 300w, https:\/\/i0.wp.com\/www.pigrecoemme.com\/blog\/wp-content\/uploads\/2010\/03\/rock-around-the-screen-presentazione.jpg?w=900&amp;ssl=1 900w\" sizes=\"auto, (max-width: 300px) 100vw, 300px\" \/><\/a><\/p>\n<p>Marted\u00ec 2 marzo, alle ore 18, presso il megastore\u00a0<em>La Feltrinelli &#8211; Libri e Musica<\/em> di piazza dei Martiri a Napoli, \u00e8 in programma la presentazione del volume\u00a0<em><strong>Rock Around the Screen. Storie di cinema e musica pop<\/strong><\/em>, a cura di Diego Del Pozzo e Vincenzo Esposito (Liguori Editore).<br \/>\nInterviene lo storico del cinema Valerio Caprara; coordina la giornalista Teresa Mancini. Saranno presenti i due curatori, gli autori dei vari saggi e il direttore della collana\u00a0<em>Cinema e Storia<\/em> Pasquale Iaccio. E&#8217; prevista la proiezione di un video realizzato in collaborazione con la Scuola di Cinema e Fotografia di Napoli\u00a0<em>Pigrecoemme<\/em>.<br \/>\n&#8220;<em>A met\u00e0 anni Cinquanta, il rock<\/em> &#8211; spiegano i curatori Del Pozzo ed Esposito &#8211;\u00a0<em>determina una svolta epocale nel rapporto tra cinema e<\/em> popular music<em>. Il nostro libro esplora proprio questo affascinante intreccio attraverso saggi e interviste esclusive a registi rock come Julien Temple e Carlo Verdone e a musicisti come Gaetano Curreri e Fabio Liberatori<\/em>&#8220;.<br \/>\nLe interviste sono realizzate da Fabio Maiello, mentre i saggi sono, oltre che dei due curatori, di Simone Arcagni, Alberto Castellano, Giandomenico Curi, Bruno Di Marino, Giacomo Fabbrocino, Rosario Gallone, Michelangelo Iossa, Corrado Morra e Antonio Tricomi.<br \/>\nOvviamente, chi fosse a Napoli si faccia vedere, perch\u00e9 pi\u00f9 siamo e meglio \u00e8&#8230;<\/p>\n","protected":false},"excerpt":{"rendered":"<p>Marted\u00ec 2 marzo, alle ore 18, presso il megastore\u00a0La Feltrinelli &#8211; Libri e Musica di piazza dei Martiri a Napoli, \u00e8 in programma la presentazione del volume\u00a0Rock Around the Screen. Storie di cinema e&hellip;<\/p>\n","protected":false},"author":1,"featured_media":0,"comment_status":"open","ping_status":"open","sticky":false,"template":"","format":"standard","meta":{"_jetpack_newsletter_access":"","_jetpack_dont_email_post_to_subs":false,"_jetpack_newsletter_tier_id":0,"_jetpack_memberships_contains_paywalled_content":false,"_jetpack_feature_clip_id":0,"_jetpack_memberships_contains_paid_content":false,"footnotes":"","jetpack_post_was_ever_published":false},"categories":[11,1,3],"tags":[67,363,361],"class_list":["post-207","post","type-post","status-publish","format-standard","hentry","category-eventi","category-generale","category-scuola-di-cinema","tag-cinema","tag-rock","tag-rock-around-the-screen"],"yoast_head":"<!-- This site is optimized with the Yoast SEO plugin v28.3 - https:\/\/yoast.com\/product\/yoast-seo-wordpress\/ -->\n<title>Alla Feltrinelli la presentazione di &quot;Rock Around the Screen&quot;<\/title>\n<meta name=\"robots\" content=\"index, follow, max-snippet:-1, max-image-preview:large, max-video-preview:-1\" \/>\n<link rel=\"canonical\" href=\"https:\/\/www.pigrecoemme.com\/blog\/alla-feltrinelli-la-presentazione-di-rock-around-the-screen\/\" \/>\n<meta property=\"og:locale\" content=\"it_IT\" \/>\n<meta property=\"og:type\" content=\"article\" \/>\n<meta property=\"og:title\" content=\"Alla Feltrinelli la presentazione di &quot;Rock Around the Screen&quot;\" \/>\n<meta property=\"og:description\" content=\"Marted\u00ec 2 marzo, alle ore 18, presso il megastore\u00a0La Feltrinelli &#8211; Libri e Musica di piazza dei Martiri a Napoli, \u00e8 in programma la presentazione del volume\u00a0Rock Around the Screen. Storie di cinema e musica pop, a cura di Diego &hellip; Continue reading &rarr;\" \/>\n<meta property=\"og:url\" content=\"https:\/\/www.pigrecoemme.com\/blog\/alla-feltrinelli-la-presentazione-di-rock-around-the-screen\/\" \/>\n<meta property=\"og:site_name\" content=\"Scuola di Cinema Pigrecoemme - Blog\" \/>\n<meta property=\"article:publisher\" content=\"https:\/\/www.facebook.com\/pigrecoemme\" \/>\n<meta property=\"article:author\" content=\"https:\/\/www.facebook.com\/giacomo.fabbrocino\" \/>\n<meta property=\"article:published_time\" content=\"2010-03-01T18:45:50+00:00\" \/>\n<meta property=\"article:modified_time\" content=\"2010-03-01T18:56:17+00:00\" \/>\n<meta property=\"og:image\" content=\"http:\/\/www.pigrecoemme.com\/blog\/wp-content\/uploads\/2010\/03\/rock-around-the-screen-presentazione-300x143.jpg\" \/>\n<meta name=\"author\" content=\"Giacomo Fabbrocino\" \/>\n<meta name=\"twitter:card\" content=\"summary_large_image\" \/>\n<meta name=\"twitter:creator\" content=\"@Pigrecoemme\" \/>\n<meta name=\"twitter:site\" content=\"@Pigrecoemme\" \/>\n<meta name=\"twitter:label1\" content=\"Scritto da\" \/>\n\t<meta name=\"twitter:data1\" content=\"Giacomo Fabbrocino\" \/>\n\t<meta name=\"twitter:label2\" content=\"Tempo di lettura stimato\" \/>\n\t<meta name=\"twitter:data2\" content=\"1 minuto\" \/>\n<script type=\"application\/ld+json\" class=\"yoast-schema-graph\">{\"@context\":\"https:\\\/\\\/schema.org\",\"@graph\":[{\"@type\":[\"Article\",\"BlogPosting\"],\"@id\":\"https:\\\/\\\/www.pigrecoemme.com\\\/blog\\\/alla-feltrinelli-la-presentazione-di-rock-around-the-screen\\\/#article\",\"isPartOf\":{\"@id\":\"https:\\\/\\\/www.pigrecoemme.com\\\/blog\\\/alla-feltrinelli-la-presentazione-di-rock-around-the-screen\\\/\"},\"author\":{\"name\":\"Giacomo Fabbrocino\",\"@id\":\"https:\\\/\\\/www.pigrecoemme.com\\\/blog\\\/#\\\/schema\\\/person\\\/57fa822c3d209d3a2612fd0411ae63f4\"},\"headline\":\"Alla Feltrinelli la presentazione di &#8220;Rock Around the Screen&#8221;\",\"datePublished\":\"2010-03-01T18:45:50+00:00\",\"dateModified\":\"2010-03-01T18:56:17+00:00\",\"mainEntityOfPage\":{\"@id\":\"https:\\\/\\\/www.pigrecoemme.com\\\/blog\\\/alla-feltrinelli-la-presentazione-di-rock-around-the-screen\\\/\"},\"wordCount\":214,\"commentCount\":0,\"publisher\":{\"@id\":\"https:\\\/\\\/www.pigrecoemme.com\\\/blog\\\/#organization\"},\"image\":{\"@id\":\"https:\\\/\\\/www.pigrecoemme.com\\\/blog\\\/alla-feltrinelli-la-presentazione-di-rock-around-the-screen\\\/#primaryimage\"},\"thumbnailUrl\":\"http:\\\/\\\/www.pigrecoemme.com\\\/blog\\\/wp-content\\\/uploads\\\/2010\\\/03\\\/rock-around-the-screen-presentazione-300x143.jpg\",\"keywords\":[\"cinema\",\"rock\",\"rock around the screen\"],\"articleSection\":[\"Eventi\",\"Generale\",\"Scuola di cinema\"],\"inLanguage\":\"it-IT\",\"potentialAction\":[{\"@type\":\"CommentAction\",\"name\":\"Comment\",\"target\":[\"https:\\\/\\\/www.pigrecoemme.com\\\/blog\\\/alla-feltrinelli-la-presentazione-di-rock-around-the-screen\\\/#respond\"]}]},{\"@type\":\"WebPage\",\"@id\":\"https:\\\/\\\/www.pigrecoemme.com\\\/blog\\\/alla-feltrinelli-la-presentazione-di-rock-around-the-screen\\\/\",\"url\":\"https:\\\/\\\/www.pigrecoemme.com\\\/blog\\\/alla-feltrinelli-la-presentazione-di-rock-around-the-screen\\\/\",\"name\":\"Alla Feltrinelli la presentazione di \\\"Rock Around the Screen\\\"\",\"isPartOf\":{\"@id\":\"https:\\\/\\\/www.pigrecoemme.com\\\/blog\\\/#website\"},\"primaryImageOfPage\":{\"@id\":\"https:\\\/\\\/www.pigrecoemme.com\\\/blog\\\/alla-feltrinelli-la-presentazione-di-rock-around-the-screen\\\/#primaryimage\"},\"image\":{\"@id\":\"https:\\\/\\\/www.pigrecoemme.com\\\/blog\\\/alla-feltrinelli-la-presentazione-di-rock-around-the-screen\\\/#primaryimage\"},\"thumbnailUrl\":\"http:\\\/\\\/www.pigrecoemme.com\\\/blog\\\/wp-content\\\/uploads\\\/2010\\\/03\\\/rock-around-the-screen-presentazione-300x143.jpg\",\"datePublished\":\"2010-03-01T18:45:50+00:00\",\"dateModified\":\"2010-03-01T18:56:17+00:00\",\"breadcrumb\":{\"@id\":\"https:\\\/\\\/www.pigrecoemme.com\\\/blog\\\/alla-feltrinelli-la-presentazione-di-rock-around-the-screen\\\/#breadcrumb\"},\"inLanguage\":\"it-IT\",\"potentialAction\":[{\"@type\":\"ReadAction\",\"target\":[\"https:\\\/\\\/www.pigrecoemme.com\\\/blog\\\/alla-feltrinelli-la-presentazione-di-rock-around-the-screen\\\/\"]}]},{\"@type\":\"ImageObject\",\"inLanguage\":\"it-IT\",\"@id\":\"https:\\\/\\\/www.pigrecoemme.com\\\/blog\\\/alla-feltrinelli-la-presentazione-di-rock-around-the-screen\\\/#primaryimage\",\"url\":\"http:\\\/\\\/www.pigrecoemme.com\\\/blog\\\/wp-content\\\/uploads\\\/2010\\\/03\\\/rock-around-the-screen-presentazione-300x143.jpg\",\"contentUrl\":\"http:\\\/\\\/www.pigrecoemme.com\\\/blog\\\/wp-content\\\/uploads\\\/2010\\\/03\\\/rock-around-the-screen-presentazione-300x143.jpg\"},{\"@type\":\"BreadcrumbList\",\"@id\":\"https:\\\/\\\/www.pigrecoemme.com\\\/blog\\\/alla-feltrinelli-la-presentazione-di-rock-around-the-screen\\\/#breadcrumb\",\"itemListElement\":[{\"@type\":\"ListItem\",\"position\":1,\"name\":\"Home\",\"item\":\"https:\\\/\\\/www.pigrecoemme.com\\\/blog\\\/\"},{\"@type\":\"ListItem\",\"position\":2,\"name\":\"Alla Feltrinelli la presentazione di &#8220;Rock Around the Screen&#8221;\"}]},{\"@type\":\"WebSite\",\"@id\":\"https:\\\/\\\/www.pigrecoemme.com\\\/blog\\\/#website\",\"url\":\"https:\\\/\\\/www.pigrecoemme.com\\\/blog\\\/\",\"name\":\"Scuola di Cinema Pigrecoemme - Blog\",\"description\":\"Siamo la prima Scuola di Cinema e Fotografia di Napoli\",\"publisher\":{\"@id\":\"https:\\\/\\\/www.pigrecoemme.com\\\/blog\\\/#organization\"},\"potentialAction\":[{\"@type\":\"SearchAction\",\"target\":{\"@type\":\"EntryPoint\",\"urlTemplate\":\"https:\\\/\\\/www.pigrecoemme.com\\\/blog\\\/?s={search_term_string}\"},\"query-input\":{\"@type\":\"PropertyValueSpecification\",\"valueRequired\":true,\"valueName\":\"search_term_string\"}}],\"inLanguage\":\"it-IT\"},{\"@type\":\"Organization\",\"@id\":\"https:\\\/\\\/www.pigrecoemme.com\\\/blog\\\/#organization\",\"name\":\"Scuola di cinema e fotografia Pigrecoemme\",\"url\":\"https:\\\/\\\/www.pigrecoemme.com\\\/blog\\\/\",\"logo\":{\"@type\":\"ImageObject\",\"inLanguage\":\"it-IT\",\"@id\":\"https:\\\/\\\/www.pigrecoemme.com\\\/blog\\\/#\\\/schema\\\/logo\\\/image\\\/\",\"url\":\"https:\\\/\\\/i0.wp.com\\\/www.pigrecoemme.com\\\/blog\\\/wp-content\\\/uploads\\\/2018\\\/06\\\/logo-pigrecoemme-2018.png?fit=500%2C500&ssl=1\",\"contentUrl\":\"https:\\\/\\\/i0.wp.com\\\/www.pigrecoemme.com\\\/blog\\\/wp-content\\\/uploads\\\/2018\\\/06\\\/logo-pigrecoemme-2018.png?fit=500%2C500&ssl=1\",\"width\":500,\"height\":500,\"caption\":\"Scuola di cinema e fotografia Pigrecoemme\"},\"image\":{\"@id\":\"https:\\\/\\\/www.pigrecoemme.com\\\/blog\\\/#\\\/schema\\\/logo\\\/image\\\/\"},\"sameAs\":[\"https:\\\/\\\/www.facebook.com\\\/pigrecoemme\",\"https:\\\/\\\/x.com\\\/Pigrecoemme\",\"https:\\\/\\\/www.instagram.com\\\/pigrecoemme\\\/\",\"https:\\\/\\\/www.linkedin.com\\\/company\\\/pigrecoemme\\\/\",\"https:\\\/\\\/www.youtube.com\\\/pigrecoemme\"]},{\"@type\":\"Person\",\"@id\":\"https:\\\/\\\/www.pigrecoemme.com\\\/blog\\\/#\\\/schema\\\/person\\\/57fa822c3d209d3a2612fd0411ae63f4\",\"name\":\"Giacomo Fabbrocino\",\"image\":{\"@type\":\"ImageObject\",\"inLanguage\":\"it-IT\",\"@id\":\"https:\\\/\\\/secure.gravatar.com\\\/avatar\\\/0e4dfd4d05c06a03fffaffeb36fb181415ba11b91a6b566fa2e8ada75927db32?s=96&r=g\",\"url\":\"https:\\\/\\\/secure.gravatar.com\\\/avatar\\\/0e4dfd4d05c06a03fffaffeb36fb181415ba11b91a6b566fa2e8ada75927db32?s=96&r=g\",\"contentUrl\":\"https:\\\/\\\/secure.gravatar.com\\\/avatar\\\/0e4dfd4d05c06a03fffaffeb36fb181415ba11b91a6b566fa2e8ada75927db32?s=96&r=g\",\"caption\":\"Giacomo Fabbrocino\"},\"description\":\"Montatore cinematografico, autore di documentari sull'arte e di video d'artista, Giacomo \u00e8 responsabile della didattica e della comunicazione web della Scuola di Cinema, Fotografia e Televisione Pigrecoemme di Napoli.\",\"sameAs\":[\"http:\\\/\\\/www.pigrecoemme.com\\\/\",\"https:\\\/\\\/www.facebook.com\\\/giacomo.fabbrocino\"],\"url\":\"https:\\\/\\\/www.pigrecoemme.com\\\/blog\\\/author\\\/giacomo-fabbrocino\\\/\"}]}<\/script>\n<!-- \/ Yoast SEO plugin. -->","yoast_head_json":{"title":"Alla Feltrinelli la presentazione di \"Rock Around the Screen\"","robots":{"index":"index","follow":"follow","max-snippet":"max-snippet:-1","max-image-preview":"max-image-preview:large","max-video-preview":"max-video-preview:-1"},"canonical":"https:\/\/www.pigrecoemme.com\/blog\/alla-feltrinelli-la-presentazione-di-rock-around-the-screen\/","og_locale":"it_IT","og_type":"article","og_title":"Alla Feltrinelli la presentazione di \"Rock Around the Screen\"","og_description":"Marted\u00ec 2 marzo, alle ore 18, presso il megastore\u00a0La Feltrinelli &#8211; Libri e Musica di piazza dei Martiri a Napoli, \u00e8 in programma la presentazione del volume\u00a0Rock Around the Screen. Storie di cinema e musica pop, a cura di Diego &hellip; Continue reading &rarr;","og_url":"https:\/\/www.pigrecoemme.com\/blog\/alla-feltrinelli-la-presentazione-di-rock-around-the-screen\/","og_site_name":"Scuola di Cinema Pigrecoemme - Blog","article_publisher":"https:\/\/www.facebook.com\/pigrecoemme","article_author":"https:\/\/www.facebook.com\/giacomo.fabbrocino","article_published_time":"2010-03-01T18:45:50+00:00","article_modified_time":"2010-03-01T18:56:17+00:00","og_image":[{"url":"http:\/\/www.pigrecoemme.com\/blog\/wp-content\/uploads\/2010\/03\/rock-around-the-screen-presentazione-300x143.jpg","type":"","width":"","height":""}],"author":"Giacomo Fabbrocino","twitter_card":"summary_large_image","twitter_creator":"@Pigrecoemme","twitter_site":"@Pigrecoemme","twitter_misc":{"Scritto da":"Giacomo Fabbrocino","Tempo di lettura stimato":"1 minuto"},"schema":{"@context":"https:\/\/schema.org","@graph":[{"@type":["Article","BlogPosting"],"@id":"https:\/\/www.pigrecoemme.com\/blog\/alla-feltrinelli-la-presentazione-di-rock-around-the-screen\/#article","isPartOf":{"@id":"https:\/\/www.pigrecoemme.com\/blog\/alla-feltrinelli-la-presentazione-di-rock-around-the-screen\/"},"author":{"name":"Giacomo Fabbrocino","@id":"https:\/\/www.pigrecoemme.com\/blog\/#\/schema\/person\/57fa822c3d209d3a2612fd0411ae63f4"},"headline":"Alla Feltrinelli la presentazione di &#8220;Rock Around the Screen&#8221;","datePublished":"2010-03-01T18:45:50+00:00","dateModified":"2010-03-01T18:56:17+00:00","mainEntityOfPage":{"@id":"https:\/\/www.pigrecoemme.com\/blog\/alla-feltrinelli-la-presentazione-di-rock-around-the-screen\/"},"wordCount":214,"commentCount":0,"publisher":{"@id":"https:\/\/www.pigrecoemme.com\/blog\/#organization"},"image":{"@id":"https:\/\/www.pigrecoemme.com\/blog\/alla-feltrinelli-la-presentazione-di-rock-around-the-screen\/#primaryimage"},"thumbnailUrl":"http:\/\/www.pigrecoemme.com\/blog\/wp-content\/uploads\/2010\/03\/rock-around-the-screen-presentazione-300x143.jpg","keywords":["cinema","rock","rock around the screen"],"articleSection":["Eventi","Generale","Scuola di cinema"],"inLanguage":"it-IT","potentialAction":[{"@type":"CommentAction","name":"Comment","target":["https:\/\/www.pigrecoemme.com\/blog\/alla-feltrinelli-la-presentazione-di-rock-around-the-screen\/#respond"]}]},{"@type":"WebPage","@id":"https:\/\/www.pigrecoemme.com\/blog\/alla-feltrinelli-la-presentazione-di-rock-around-the-screen\/","url":"https:\/\/www.pigrecoemme.com\/blog\/alla-feltrinelli-la-presentazione-di-rock-around-the-screen\/","name":"Alla Feltrinelli la presentazione di \"Rock Around the Screen\"","isPartOf":{"@id":"https:\/\/www.pigrecoemme.com\/blog\/#website"},"primaryImageOfPage":{"@id":"https:\/\/www.pigrecoemme.com\/blog\/alla-feltrinelli-la-presentazione-di-rock-around-the-screen\/#primaryimage"},"image":{"@id":"https:\/\/www.pigrecoemme.com\/blog\/alla-feltrinelli-la-presentazione-di-rock-around-the-screen\/#primaryimage"},"thumbnailUrl":"http:\/\/www.pigrecoemme.com\/blog\/wp-content\/uploads\/2010\/03\/rock-around-the-screen-presentazione-300x143.jpg","datePublished":"2010-03-01T18:45:50+00:00","dateModified":"2010-03-01T18:56:17+00:00","breadcrumb":{"@id":"https:\/\/www.pigrecoemme.com\/blog\/alla-feltrinelli-la-presentazione-di-rock-around-the-screen\/#breadcrumb"},"inLanguage":"it-IT","potentialAction":[{"@type":"ReadAction","target":["https:\/\/www.pigrecoemme.com\/blog\/alla-feltrinelli-la-presentazione-di-rock-around-the-screen\/"]}]},{"@type":"ImageObject","inLanguage":"it-IT","@id":"https:\/\/www.pigrecoemme.com\/blog\/alla-feltrinelli-la-presentazione-di-rock-around-the-screen\/#primaryimage","url":"http:\/\/www.pigrecoemme.com\/blog\/wp-content\/uploads\/2010\/03\/rock-around-the-screen-presentazione-300x143.jpg","contentUrl":"http:\/\/www.pigrecoemme.com\/blog\/wp-content\/uploads\/2010\/03\/rock-around-the-screen-presentazione-300x143.jpg"},{"@type":"BreadcrumbList","@id":"https:\/\/www.pigrecoemme.com\/blog\/alla-feltrinelli-la-presentazione-di-rock-around-the-screen\/#breadcrumb","itemListElement":[{"@type":"ListItem","position":1,"name":"Home","item":"https:\/\/www.pigrecoemme.com\/blog\/"},{"@type":"ListItem","position":2,"name":"Alla Feltrinelli la presentazione di &#8220;Rock Around the Screen&#8221;"}]},{"@type":"WebSite","@id":"https:\/\/www.pigrecoemme.com\/blog\/#website","url":"https:\/\/www.pigrecoemme.com\/blog\/","name":"Scuola di Cinema Pigrecoemme - Blog","description":"Siamo la prima Scuola di Cinema e Fotografia di Napoli","publisher":{"@id":"https:\/\/www.pigrecoemme.com\/blog\/#organization"},"potentialAction":[{"@type":"SearchAction","target":{"@type":"EntryPoint","urlTemplate":"https:\/\/www.pigrecoemme.com\/blog\/?s={search_term_string}"},"query-input":{"@type":"PropertyValueSpecification","valueRequired":true,"valueName":"search_term_string"}}],"inLanguage":"it-IT"},{"@type":"Organization","@id":"https:\/\/www.pigrecoemme.com\/blog\/#organization","name":"Scuola di cinema e fotografia Pigrecoemme","url":"https:\/\/www.pigrecoemme.com\/blog\/","logo":{"@type":"ImageObject","inLanguage":"it-IT","@id":"https:\/\/www.pigrecoemme.com\/blog\/#\/schema\/logo\/image\/","url":"https:\/\/i0.wp.com\/www.pigrecoemme.com\/blog\/wp-content\/uploads\/2018\/06\/logo-pigrecoemme-2018.png?fit=500%2C500&ssl=1","contentUrl":"https:\/\/i0.wp.com\/www.pigrecoemme.com\/blog\/wp-content\/uploads\/2018\/06\/logo-pigrecoemme-2018.png?fit=500%2C500&ssl=1","width":500,"height":500,"caption":"Scuola di cinema e fotografia Pigrecoemme"},"image":{"@id":"https:\/\/www.pigrecoemme.com\/blog\/#\/schema\/logo\/image\/"},"sameAs":["https:\/\/www.facebook.com\/pigrecoemme","https:\/\/x.com\/Pigrecoemme","https:\/\/www.instagram.com\/pigrecoemme\/","https:\/\/www.linkedin.com\/company\/pigrecoemme\/","https:\/\/www.youtube.com\/pigrecoemme"]},{"@type":"Person","@id":"https:\/\/www.pigrecoemme.com\/blog\/#\/schema\/person\/57fa822c3d209d3a2612fd0411ae63f4","name":"Giacomo Fabbrocino","image":{"@type":"ImageObject","inLanguage":"it-IT","@id":"https:\/\/secure.gravatar.com\/avatar\/0e4dfd4d05c06a03fffaffeb36fb181415ba11b91a6b566fa2e8ada75927db32?s=96&r=g","url":"https:\/\/secure.gravatar.com\/avatar\/0e4dfd4d05c06a03fffaffeb36fb181415ba11b91a6b566fa2e8ada75927db32?s=96&r=g","contentUrl":"https:\/\/secure.gravatar.com\/avatar\/0e4dfd4d05c06a03fffaffeb36fb181415ba11b91a6b566fa2e8ada75927db32?s=96&r=g","caption":"Giacomo Fabbrocino"},"description":"Montatore cinematografico, autore di documentari sull'arte e di video d'artista, Giacomo \u00e8 responsabile della didattica e della comunicazione web della Scuola di Cinema, Fotografia e Televisione Pigrecoemme di Napoli.","sameAs":["http:\/\/www.pigrecoemme.com\/","https:\/\/www.facebook.com\/giacomo.fabbrocino"],"url":"https:\/\/www.pigrecoemme.com\/blog\/author\/giacomo-fabbrocino\/"}]}},"jetpack_sharing_enabled":true,"jetpack_likes_enabled":true,"jetpack-related-posts":[{"id":243,"url":"https:\/\/www.pigrecoemme.com\/blog\/alla-feltrinelli-di-piazza-dei-martiri-giovedi-3-giugno-la-mostra-fotografica-effetti-collaterali\/","url_meta":{"origin":207,"position":0},"title":"Alla Feltrinelli di Piazza dei Martiri, gioved\u00ec 3 giugno la mostra fotografica Effetti collaterali","author":"Corrado Morra","date":"1 Giugno 2010","format":false,"excerpt":"Gioved\u00ec 3 giugno, alle 18, inaugurazione della mostra fotografica Effetti collaterali, a cura di Gianni Pinnizzotto, docente del corso di Fotogiornalismo della Scuola di cinema e fotografia Pigrecoemme di Napoli.","rel":"","context":"In &quot;Eventi&quot;","block_context":{"text":"Eventi","link":"https:\/\/www.pigrecoemme.com\/blog\/eventi\/"},"img":{"alt_text":"","src":"https:\/\/i0.wp.com\/www.pigrecoemme.com\/blog\/wp-content\/uploads\/2010\/06\/bambino-palestinese2-300x201.jpg?resize=350%2C200","width":350,"height":200},"classes":[]},{"id":126,"url":"https:\/\/www.pigrecoemme.com\/blog\/presentazione-di-in-viaggio-martedi-10-febbraio-2009-alla-feltrinelli\/","url_meta":{"origin":207,"position":1},"title":"Presentazione di In Viaggio, Marted\u00ec 10 febbraio 2009 alla Feltrinelli.","author":"Giacomo Fabbrocino","date":"9 Febbraio 2009","format":false,"excerpt":"Comunichiamo questo evento in stile Facebook. Tanto, ormai, ragioniamo tutti cos\u00ec (se volete annunciare la vostra partecipazione all' l'evento su Faccialibro, beh, cliccate con enfasi qui). Marted\u00ec 10 febbraio 2009 Ora: 18.00 - 20.00 Luogo: laFeltrinelli libri & musicaIndirizzo: Piazza dei Martiri, Napoli, Italy Presentazione del volume IN VIAGGIO. passaggi\u2026","rel":"","context":"In &quot;Eventi&quot;","block_context":{"text":"Eventi","link":"https:\/\/www.pigrecoemme.com\/blog\/eventi\/"},"img":{"alt_text":"","src":"","width":0,"height":0},"classes":[]},{"id":228,"url":"https:\/\/www.pigrecoemme.com\/blog\/video-inchiesta-sul-potere\/","url_meta":{"origin":207,"position":2},"title":"VIDEO-INCHIESTA SUL POTERE","author":"Giacomo Fabbrocino","date":"29 Aprile 2010","format":false,"excerpt":"VIDEO-INCHIESTA SUL POTERE from Scuola di cinema Pigrecoemme on Vimeo. Ecco la versione integrale della video-inchiesta da noi realizzata in collaborazione con L\u2019arte della felicit\u00e0 - incontri e conversazioni sul Potere, che ha inaugurato la manifestazione mercoled\u00ec 17 marzo al cinema Ambasciatori di Napoli. Centocinquantaquattro interviste girate presso le tre\u2026","rel":"","context":"In &quot;Eventi&quot;","block_context":{"text":"Eventi","link":"https:\/\/www.pigrecoemme.com\/blog\/eventi\/"},"img":{"alt_text":"","src":"","width":0,"height":0},"classes":[]},{"id":193,"url":"https:\/\/www.pigrecoemme.com\/blog\/cinema-e-rock-e-disponibile-rock-around-the-screen\/","url_meta":{"origin":207,"position":3},"title":"Cinema e Rock: \u00e8 disponibile Rock Around The Screen","author":"Giacomo Fabbrocino","date":"18 Gennaio 2010","format":false,"excerpt":"Anche se la sua uscita ufficiale \u00e8 il primo di febbraio, il volume Rock around the screen \u00e8 gi\u00e0 disponibile in alcune librerie del centro storico di Napoli e sul sito dell'editore Liguori, sul quale \u00e8 acquistabile anche in formato elettronico. Curato da Vincenzo Esposito (docente di Storia del Cinema\u2026","rel":"","context":"In &quot;Eventi&quot;","block_context":{"text":"Eventi","link":"https:\/\/www.pigrecoemme.com\/blog\/eventi\/"},"img":{"alt_text":"","src":"https:\/\/i0.wp.com\/www.pigrecoemme.com\/blog\/wp-content\/uploads\/2010\/01\/cinema-e-rock-199x300.jpg?resize=350%2C200","width":350,"height":200},"classes":[]},{"id":218,"url":"https:\/\/www.pigrecoemme.com\/blog\/su-film-tv-la-recensione-di-rock-around-the-screen\/","url_meta":{"origin":207,"position":4},"title":"Su Film TV, la recensione di Rock Around the Screen","author":"Corrado Morra","date":"31 Marzo 2010","format":false,"excerpt":"Sul presitigioso settimanale di cinema Film TV, la recensione del libro Rock Around the Screen, collettanea curata da Esposito e Del Pozzo, con saggi, tra gli atri dei docenti della Scuola di cinema Pigrecoemme di Napoli, Rosario Gallone, Giacomo Fabbrocino e Corrado Morra.","rel":"","context":"In &quot;Produzioni&quot;","block_context":{"text":"Produzioni","link":"https:\/\/www.pigrecoemme.com\/blog\/produzioni\/"},"img":{"alt_text":"","src":"https:\/\/i0.wp.com\/www.pigrecoemme.com\/blog\/wp-content\/uploads\/2010\/03\/rock-around-the-screen-film-tv1-143x300.jpg?resize=350%2C200","width":350,"height":200},"classes":[]},{"id":211,"url":"https:\/\/www.pigrecoemme.com\/blog\/rock-around-the-screen-il-booktrailer\/","url_meta":{"origin":207,"position":5},"title":"Rock Around the Screen: il Booktrailer","author":"Giacomo Fabbrocino","date":"3 Marzo 2010","format":false,"excerpt":"\u00c8\u00a0stato davvero piacevole ieri vedere un pubblico cos\u00ec numeroso e \"bello\" alla presentazione di Rock Around the Screen. Grazie a tutti, davvero, per aver partecipato! Riproponiamo il video montato da Rosario Gallone proiettato ieri per introdurre la serata alla quale sono intervenuti Valerio Caprara, Teresa Mancini, i curatori del volume\u2026","rel":"","context":"In &quot;Eventi&quot;","block_context":{"text":"Eventi","link":"https:\/\/www.pigrecoemme.com\/blog\/eventi\/"},"img":{"alt_text":"","src":"","width":0,"height":0},"classes":[]}],"jetpack_featured_media_url":"","_links":{"self":[{"href":"https:\/\/www.pigrecoemme.com\/blog\/wp-json\/wp\/v2\/posts\/207","targetHints":{"allow":["GET"]}}],"collection":[{"href":"https:\/\/www.pigrecoemme.com\/blog\/wp-json\/wp\/v2\/posts"}],"about":[{"href":"https:\/\/www.pigrecoemme.com\/blog\/wp-json\/wp\/v2\/types\/post"}],"author":[{"embeddable":true,"href":"https:\/\/www.pigrecoemme.com\/blog\/wp-json\/wp\/v2\/users\/1"}],"replies":[{"embeddable":true,"href":"https:\/\/www.pigrecoemme.com\/blog\/wp-json\/wp\/v2\/comments?post=207"}],"version-history":[{"count":0,"href":"https:\/\/www.pigrecoemme.com\/blog\/wp-json\/wp\/v2\/posts\/207\/revisions"}],"wp:attachment":[{"href":"https:\/\/www.pigrecoemme.com\/blog\/wp-json\/wp\/v2\/media?parent=207"}],"wp:term":[{"taxonomy":"category","embeddable":true,"href":"https:\/\/www.pigrecoemme.com\/blog\/wp-json\/wp\/v2\/categories?post=207"},{"taxonomy":"post_tag","embeddable":true,"href":"https:\/\/www.pigrecoemme.com\/blog\/wp-json\/wp\/v2\/tags?post=207"}],"curies":[{"name":"wp","href":"https:\/\/api.w.org\/{rel}","templated":true}]}}