{"id":2068,"date":"2018-03-15T13:32:28","date_gmt":"2018-03-15T12:32:28","guid":{"rendered":"http:\/\/www.pigrecoemme.com\/blog\/?p=2068"},"modified":"2018-03-15T16:05:22","modified_gmt":"2018-03-15T15:05:22","slug":"incontro-fotografico-con-salvatore-di-vilio","status":"publish","type":"post","link":"https:\/\/www.pigrecoemme.com\/blog\/incontro-fotografico-con-salvatore-di-vilio\/","title":{"rendered":"Incontro fotografico con Salvatore di Vilio alla Pigrecoemme."},"content":{"rendered":"<p><img data-recalc-dims=\"1\" loading=\"lazy\" decoding=\"async\" class=\"aligncenter size-full wp-image-2069\" src=\"https:\/\/i0.wp.com\/www.pigrecoemme.com\/blog\/wp-content\/uploads\/2018\/03\/salvatore-di-vilio-incontro.jpg?resize=715%2C265&#038;ssl=1\" alt=\"Salvatore Di Vilio\" width=\"715\" height=\"265\" \/><\/p>\n<p>Sabato 17 marzo 2018 alle ore 16:00 Luca Sorbo, docente all&#8217;Accademia di Belle Arti di Napoli e coordinatore dei nostri corsi di fotografia, incontrer\u00e0 alla Pigrecoemme, uno dei fotografi pi\u00f9 interessanti del panorama campano e nazionale.<br \/>\nSar\u00e0 questa un&#8217;occasione per ripercorrere la sua vicenda professionale e artistica, impreziosita da collaborazioni con scrittori del calibro di Giuseppe Montesano e Franco Arminio.<br \/>\nSar\u00e0 anche l&#8217;occasione per parlare del suo ultimo libro: Ex moneta.<\/p>\n<h2>Salvatore Di Vilio<\/h2>\n<p>Salvatore Di Vilio \u00e8 nato a Succivo, in quella che poi \u00e8 diventata famosa come la Terra dei Fuochi. Dal 1980 ha testimoniato, con la sua attivit\u00e0 di fotografo, sia il degrado del territorio sia la presenza di scampoli di bellezza e di tradizioni popolari, patrimonio spesso dimenticato.<\/p>\n<p>Protagonista delle attivit\u00e0 artistiche e culturali del casertano, ha compiuto frequenti incursioni in vari settori di ricerca iconografica: dal 1979 documenta il mondo della canapa, all&#8217;epoca morente e ora oggetto di una decisa rinascita produttiva e culturale.<\/p>\n<p>Alcune sue partecipazioni a mostre e eventi fotografici:<br \/>\n&#8211; 2006, Napoli, Sala Esposizioni Istituto Cervantes. Diaproezione: Nel cuore del Barocco. Uno studio sul Mausoleo di Don Pedro de Toledo. Napoli 1560 &#8211; 2006;<br \/>\n&#8211; 2007, Orvieto, Palazzo dei Setti, Prima del Ballo;<br \/>\n&#8211; 2007, Lishui, Cina, 13\u00b0 Festival Internazionale di Fotografia, Il turista incantato;<br \/>\n&#8211; 2008 -2009, Montecchio Emilia (RE), Castello di Montecchio &#8211; 26\u00b0 Foto Festival &#8211; Opere Ricerche Fotografiche;<br \/>\n&#8211; 2003, Napoli, Gran Caff\u00e8 Gambrinus, \u201cAttraversamenti ciclabili negli ingranaggi della memoria\u201d<br \/>\n&#8211; 2013, Torino, Il turista incantato e \u201cAttraversamenti ciclabili negli ingranaggi della memoria\u201d,Voyelles &amp; Visions.<\/p>\n<h2><strong>Come partecipare all\u2019incontro<\/strong><\/h2>\n<p>L\u2019incontro, fino a esaurimento posti, \u00e8 a ingresso gratuito.<br \/>\n\u00c8 gradita la prenotazione al\u00a0\u00a0numero 081 5635188.<\/p>\n","protected":false},"excerpt":{"rendered":"<p>Sabato 17 marzo 2018 alle ore 16:00 Luca Sorbo, docente all&#8217;Accademia di Belle Arti di Napoli e coordinatore dei nostri corsi di fotografia, incontrer\u00e0 alla Pigrecoemme, uno dei fotografi pi\u00f9 interessanti del panorama campano&hellip;<\/p>\n","protected":false},"author":4,"featured_media":0,"comment_status":"open","ping_status":"open","sticky":false,"template":"","format":"standard","meta":{"_jetpack_newsletter_access":"","_jetpack_dont_email_post_to_subs":false,"_jetpack_newsletter_tier_id":0,"_jetpack_memberships_contains_paywalled_content":false,"_jetpack_feature_clip_id":0,"_jetpack_memberships_contains_paid_content":false,"footnotes":"","jetpack_post_was_ever_published":false},"categories":[11,21,1,1523],"tags":[370,69,1981],"class_list":["post-2068","post","type-post","status-publish","format-standard","hentry","category-eventi","category-fotografia","category-generale","category-incontri-fotografici","tag-incontri-fotografici","tag-luca-sorbo","tag-salvatore-di-vilio"],"yoast_head":"<!-- This site is optimized with the Yoast SEO plugin v28.4 - https:\/\/yoast.com\/product\/yoast-seo-wordpress\/ -->\n<title>Incontro fotografico con Salvatore di Vilio alla Pigrecoemme<\/title>\n<meta name=\"description\" content=\"Sabato 17 marzo 2018. un&#039;occasione per ripercorrere la sua vicenda professionale e artistica, impreziosita da collaborazioni con scrittori del calibro di Giuseppe Montesano e Franco Arminio.\u00a0\" \/>\n<meta name=\"robots\" content=\"index, follow, max-snippet:-1, max-image-preview:large, max-video-preview:-1\" \/>\n<link rel=\"canonical\" href=\"https:\/\/www.pigrecoemme.com\/blog\/incontro-fotografico-con-salvatore-di-vilio\/\" \/>\n<meta property=\"og:locale\" content=\"it_IT\" \/>\n<meta property=\"og:type\" content=\"article\" \/>\n<meta property=\"og:title\" content=\"Incontro fotografico con Salvatore di Vilio alla Pigrecoemme\" \/>\n<meta property=\"og:description\" content=\"Sabato 17 marzo 2018. un&#039;occasione per ripercorrere la sua vicenda professionale e artistica, impreziosita da collaborazioni con scrittori del calibro di Giuseppe Montesano e Franco Arminio.\u00a0\" \/>\n<meta property=\"og:url\" content=\"https:\/\/www.pigrecoemme.com\/blog\/incontro-fotografico-con-salvatore-di-vilio\/\" \/>\n<meta property=\"og:site_name\" content=\"Scuola di Cinema Pigrecoemme - Blog\" \/>\n<meta property=\"article:publisher\" content=\"https:\/\/www.facebook.com\/pigrecoemme\" \/>\n<meta property=\"article:author\" content=\"https:\/\/www.facebook.com\/pigrecoemme\" \/>\n<meta property=\"article:published_time\" content=\"2018-03-15T12:32:28+00:00\" \/>\n<meta property=\"article:modified_time\" content=\"2018-03-15T15:05:22+00:00\" \/>\n<meta property=\"og:image\" content=\"https:\/\/www.pigrecoemme.com\/blog\/wp-content\/uploads\/2018\/03\/salvatore-di-vilio-incontro.jpg\" \/>\n\t<meta property=\"og:image:width\" content=\"715\" \/>\n\t<meta property=\"og:image:height\" content=\"265\" \/>\n\t<meta property=\"og:image:type\" content=\"image\/jpeg\" \/>\n<meta name=\"author\" content=\"Pigrecoemme\" \/>\n<meta name=\"twitter:card\" content=\"summary_large_image\" \/>\n<meta name=\"twitter:creator\" content=\"@Pigrecoemme\" \/>\n<meta name=\"twitter:site\" content=\"@Pigrecoemme\" \/>\n<meta name=\"twitter:label1\" content=\"Scritto da\" \/>\n\t<meta name=\"twitter:data1\" content=\"Pigrecoemme\" \/>\n\t<meta name=\"twitter:label2\" content=\"Tempo di lettura stimato\" \/>\n\t<meta name=\"twitter:data2\" content=\"1 minuto\" \/>\n<script type=\"application\/ld+json\" class=\"yoast-schema-graph\">{\"@context\":\"https:\\\/\\\/schema.org\",\"@graph\":[{\"@type\":[\"Article\",\"BlogPosting\"],\"@id\":\"https:\\\/\\\/www.pigrecoemme.com\\\/blog\\\/incontro-fotografico-con-salvatore-di-vilio\\\/#article\",\"isPartOf\":{\"@id\":\"https:\\\/\\\/www.pigrecoemme.com\\\/blog\\\/incontro-fotografico-con-salvatore-di-vilio\\\/\"},\"author\":{\"name\":\"Pigrecoemme\",\"@id\":\"https:\\\/\\\/www.pigrecoemme.com\\\/blog\\\/#\\\/schema\\\/person\\\/8996ab5bfa68cec611b330ae4a389d44\"},\"headline\":\"Incontro fotografico con Salvatore di Vilio alla Pigrecoemme.\",\"datePublished\":\"2018-03-15T12:32:28+00:00\",\"dateModified\":\"2018-03-15T15:05:22+00:00\",\"mainEntityOfPage\":{\"@id\":\"https:\\\/\\\/www.pigrecoemme.com\\\/blog\\\/incontro-fotografico-con-salvatore-di-vilio\\\/\"},\"wordCount\":271,\"commentCount\":0,\"publisher\":{\"@id\":\"https:\\\/\\\/www.pigrecoemme.com\\\/blog\\\/#organization\"},\"image\":{\"@id\":\"https:\\\/\\\/www.pigrecoemme.com\\\/blog\\\/incontro-fotografico-con-salvatore-di-vilio\\\/#primaryimage\"},\"thumbnailUrl\":\"http:\\\/\\\/www.pigrecoemme.com\\\/blog\\\/wp-content\\\/uploads\\\/2018\\\/03\\\/salvatore-di-vilio-incontro.jpg\",\"keywords\":[\"incontri fotografici\",\"luca sorbo\",\"salvatore di vilio\"],\"articleSection\":[\"Eventi\",\"Fotografia\",\"Generale\",\"Incontri fotografici\"],\"inLanguage\":\"it-IT\",\"potentialAction\":[{\"@type\":\"CommentAction\",\"name\":\"Comment\",\"target\":[\"https:\\\/\\\/www.pigrecoemme.com\\\/blog\\\/incontro-fotografico-con-salvatore-di-vilio\\\/#respond\"]}]},{\"@type\":\"WebPage\",\"@id\":\"https:\\\/\\\/www.pigrecoemme.com\\\/blog\\\/incontro-fotografico-con-salvatore-di-vilio\\\/\",\"url\":\"https:\\\/\\\/www.pigrecoemme.com\\\/blog\\\/incontro-fotografico-con-salvatore-di-vilio\\\/\",\"name\":\"Incontro fotografico con Salvatore di Vilio alla Pigrecoemme\",\"isPartOf\":{\"@id\":\"https:\\\/\\\/www.pigrecoemme.com\\\/blog\\\/#website\"},\"primaryImageOfPage\":{\"@id\":\"https:\\\/\\\/www.pigrecoemme.com\\\/blog\\\/incontro-fotografico-con-salvatore-di-vilio\\\/#primaryimage\"},\"image\":{\"@id\":\"https:\\\/\\\/www.pigrecoemme.com\\\/blog\\\/incontro-fotografico-con-salvatore-di-vilio\\\/#primaryimage\"},\"thumbnailUrl\":\"http:\\\/\\\/www.pigrecoemme.com\\\/blog\\\/wp-content\\\/uploads\\\/2018\\\/03\\\/salvatore-di-vilio-incontro.jpg\",\"datePublished\":\"2018-03-15T12:32:28+00:00\",\"dateModified\":\"2018-03-15T15:05:22+00:00\",\"description\":\"Sabato 17 marzo 2018. un'occasione per ripercorrere la sua vicenda professionale e artistica, impreziosita da collaborazioni con scrittori del calibro di Giuseppe Montesano e Franco Arminio.\u00a0\",\"breadcrumb\":{\"@id\":\"https:\\\/\\\/www.pigrecoemme.com\\\/blog\\\/incontro-fotografico-con-salvatore-di-vilio\\\/#breadcrumb\"},\"inLanguage\":\"it-IT\",\"potentialAction\":[{\"@type\":\"ReadAction\",\"target\":[\"https:\\\/\\\/www.pigrecoemme.com\\\/blog\\\/incontro-fotografico-con-salvatore-di-vilio\\\/\"]}]},{\"@type\":\"ImageObject\",\"inLanguage\":\"it-IT\",\"@id\":\"https:\\\/\\\/www.pigrecoemme.com\\\/blog\\\/incontro-fotografico-con-salvatore-di-vilio\\\/#primaryimage\",\"url\":\"http:\\\/\\\/www.pigrecoemme.com\\\/blog\\\/wp-content\\\/uploads\\\/2018\\\/03\\\/salvatore-di-vilio-incontro.jpg\",\"contentUrl\":\"http:\\\/\\\/www.pigrecoemme.com\\\/blog\\\/wp-content\\\/uploads\\\/2018\\\/03\\\/salvatore-di-vilio-incontro.jpg\"},{\"@type\":\"BreadcrumbList\",\"@id\":\"https:\\\/\\\/www.pigrecoemme.com\\\/blog\\\/incontro-fotografico-con-salvatore-di-vilio\\\/#breadcrumb\",\"itemListElement\":[{\"@type\":\"ListItem\",\"position\":1,\"name\":\"Home\",\"item\":\"https:\\\/\\\/www.pigrecoemme.com\\\/blog\\\/\"},{\"@type\":\"ListItem\",\"position\":2,\"name\":\"Incontro fotografico con Salvatore di Vilio alla Pigrecoemme.\"}]},{\"@type\":\"WebSite\",\"@id\":\"https:\\\/\\\/www.pigrecoemme.com\\\/blog\\\/#website\",\"url\":\"https:\\\/\\\/www.pigrecoemme.com\\\/blog\\\/\",\"name\":\"Scuola di Cinema Pigrecoemme - Blog\",\"description\":\"Siamo la prima Scuola di Cinema e Fotografia di Napoli\",\"publisher\":{\"@id\":\"https:\\\/\\\/www.pigrecoemme.com\\\/blog\\\/#organization\"},\"potentialAction\":[{\"@type\":\"SearchAction\",\"target\":{\"@type\":\"EntryPoint\",\"urlTemplate\":\"https:\\\/\\\/www.pigrecoemme.com\\\/blog\\\/?s={search_term_string}\"},\"query-input\":{\"@type\":\"PropertyValueSpecification\",\"valueRequired\":true,\"valueName\":\"search_term_string\"}}],\"inLanguage\":\"it-IT\"},{\"@type\":\"Organization\",\"@id\":\"https:\\\/\\\/www.pigrecoemme.com\\\/blog\\\/#organization\",\"name\":\"Scuola di cinema e fotografia Pigrecoemme\",\"url\":\"https:\\\/\\\/www.pigrecoemme.com\\\/blog\\\/\",\"logo\":{\"@type\":\"ImageObject\",\"inLanguage\":\"it-IT\",\"@id\":\"https:\\\/\\\/www.pigrecoemme.com\\\/blog\\\/#\\\/schema\\\/logo\\\/image\\\/\",\"url\":\"https:\\\/\\\/i0.wp.com\\\/www.pigrecoemme.com\\\/blog\\\/wp-content\\\/uploads\\\/2018\\\/06\\\/logo-pigrecoemme-2018.png?fit=500%2C500&ssl=1\",\"contentUrl\":\"https:\\\/\\\/i0.wp.com\\\/www.pigrecoemme.com\\\/blog\\\/wp-content\\\/uploads\\\/2018\\\/06\\\/logo-pigrecoemme-2018.png?fit=500%2C500&ssl=1\",\"width\":500,\"height\":500,\"caption\":\"Scuola di cinema e fotografia Pigrecoemme\"},\"image\":{\"@id\":\"https:\\\/\\\/www.pigrecoemme.com\\\/blog\\\/#\\\/schema\\\/logo\\\/image\\\/\"},\"sameAs\":[\"https:\\\/\\\/www.facebook.com\\\/pigrecoemme\",\"https:\\\/\\\/x.com\\\/Pigrecoemme\",\"https:\\\/\\\/www.instagram.com\\\/pigrecoemme\\\/\",\"https:\\\/\\\/www.linkedin.com\\\/company\\\/pigrecoemme\\\/\",\"https:\\\/\\\/www.youtube.com\\\/pigrecoemme\"]},{\"@type\":\"Person\",\"@id\":\"https:\\\/\\\/www.pigrecoemme.com\\\/blog\\\/#\\\/schema\\\/person\\\/8996ab5bfa68cec611b330ae4a389d44\",\"name\":\"Pigrecoemme\",\"image\":{\"@type\":\"ImageObject\",\"inLanguage\":\"it-IT\",\"@id\":\"https:\\\/\\\/secure.gravatar.com\\\/avatar\\\/541a562fed7df6fa49262cb93f0f1135b8432ec77a1bc64fdb808f64f2a8287d?s=96&r=g\",\"url\":\"https:\\\/\\\/secure.gravatar.com\\\/avatar\\\/541a562fed7df6fa49262cb93f0f1135b8432ec77a1bc64fdb808f64f2a8287d?s=96&r=g\",\"contentUrl\":\"https:\\\/\\\/secure.gravatar.com\\\/avatar\\\/541a562fed7df6fa49262cb93f0f1135b8432ec77a1bc64fdb808f64f2a8287d?s=96&r=g\",\"caption\":\"Pigrecoemme\"},\"description\":\"Profilo redazionale. Pigrecoemme \u00e8 la prima scuola di cinema, televisione e fotografia di Napoli.\",\"sameAs\":[\"http:\\\/\\\/www.pigrecoemme.com\\\/\",\"https:\\\/\\\/www.facebook.com\\\/pigrecoemme\"],\"url\":\"https:\\\/\\\/www.pigrecoemme.com\\\/blog\\\/author\\\/pigrecoemme\\\/\"}]}<\/script>\n<!-- \/ Yoast SEO plugin. -->","yoast_head_json":{"title":"Incontro fotografico con Salvatore di Vilio alla Pigrecoemme","description":"Sabato 17 marzo 2018. un'occasione per ripercorrere la sua vicenda professionale e artistica, impreziosita da collaborazioni con scrittori del calibro di Giuseppe Montesano e Franco Arminio.\u00a0","robots":{"index":"index","follow":"follow","max-snippet":"max-snippet:-1","max-image-preview":"max-image-preview:large","max-video-preview":"max-video-preview:-1"},"canonical":"https:\/\/www.pigrecoemme.com\/blog\/incontro-fotografico-con-salvatore-di-vilio\/","og_locale":"it_IT","og_type":"article","og_title":"Incontro fotografico con Salvatore di Vilio alla Pigrecoemme","og_description":"Sabato 17 marzo 2018. un'occasione per ripercorrere la sua vicenda professionale e artistica, impreziosita da collaborazioni con scrittori del calibro di Giuseppe Montesano e Franco Arminio.\u00a0","og_url":"https:\/\/www.pigrecoemme.com\/blog\/incontro-fotografico-con-salvatore-di-vilio\/","og_site_name":"Scuola di Cinema Pigrecoemme - Blog","article_publisher":"https:\/\/www.facebook.com\/pigrecoemme","article_author":"https:\/\/www.facebook.com\/pigrecoemme","article_published_time":"2018-03-15T12:32:28+00:00","article_modified_time":"2018-03-15T15:05:22+00:00","og_image":[{"width":715,"height":265,"url":"https:\/\/www.pigrecoemme.com\/blog\/wp-content\/uploads\/2018\/03\/salvatore-di-vilio-incontro.jpg","type":"image\/jpeg"}],"author":"Pigrecoemme","twitter_card":"summary_large_image","twitter_creator":"@Pigrecoemme","twitter_site":"@Pigrecoemme","twitter_misc":{"Scritto da":"Pigrecoemme","Tempo di lettura stimato":"1 minuto"},"schema":{"@context":"https:\/\/schema.org","@graph":[{"@type":["Article","BlogPosting"],"@id":"https:\/\/www.pigrecoemme.com\/blog\/incontro-fotografico-con-salvatore-di-vilio\/#article","isPartOf":{"@id":"https:\/\/www.pigrecoemme.com\/blog\/incontro-fotografico-con-salvatore-di-vilio\/"},"author":{"name":"Pigrecoemme","@id":"https:\/\/www.pigrecoemme.com\/blog\/#\/schema\/person\/8996ab5bfa68cec611b330ae4a389d44"},"headline":"Incontro fotografico con Salvatore di Vilio alla Pigrecoemme.","datePublished":"2018-03-15T12:32:28+00:00","dateModified":"2018-03-15T15:05:22+00:00","mainEntityOfPage":{"@id":"https:\/\/www.pigrecoemme.com\/blog\/incontro-fotografico-con-salvatore-di-vilio\/"},"wordCount":271,"commentCount":0,"publisher":{"@id":"https:\/\/www.pigrecoemme.com\/blog\/#organization"},"image":{"@id":"https:\/\/www.pigrecoemme.com\/blog\/incontro-fotografico-con-salvatore-di-vilio\/#primaryimage"},"thumbnailUrl":"http:\/\/www.pigrecoemme.com\/blog\/wp-content\/uploads\/2018\/03\/salvatore-di-vilio-incontro.jpg","keywords":["incontri fotografici","luca sorbo","salvatore di vilio"],"articleSection":["Eventi","Fotografia","Generale","Incontri fotografici"],"inLanguage":"it-IT","potentialAction":[{"@type":"CommentAction","name":"Comment","target":["https:\/\/www.pigrecoemme.com\/blog\/incontro-fotografico-con-salvatore-di-vilio\/#respond"]}]},{"@type":"WebPage","@id":"https:\/\/www.pigrecoemme.com\/blog\/incontro-fotografico-con-salvatore-di-vilio\/","url":"https:\/\/www.pigrecoemme.com\/blog\/incontro-fotografico-con-salvatore-di-vilio\/","name":"Incontro fotografico con Salvatore di Vilio alla Pigrecoemme","isPartOf":{"@id":"https:\/\/www.pigrecoemme.com\/blog\/#website"},"primaryImageOfPage":{"@id":"https:\/\/www.pigrecoemme.com\/blog\/incontro-fotografico-con-salvatore-di-vilio\/#primaryimage"},"image":{"@id":"https:\/\/www.pigrecoemme.com\/blog\/incontro-fotografico-con-salvatore-di-vilio\/#primaryimage"},"thumbnailUrl":"http:\/\/www.pigrecoemme.com\/blog\/wp-content\/uploads\/2018\/03\/salvatore-di-vilio-incontro.jpg","datePublished":"2018-03-15T12:32:28+00:00","dateModified":"2018-03-15T15:05:22+00:00","description":"Sabato 17 marzo 2018. un'occasione per ripercorrere la sua vicenda professionale e artistica, impreziosita da collaborazioni con scrittori del calibro di Giuseppe Montesano e Franco Arminio.\u00a0","breadcrumb":{"@id":"https:\/\/www.pigrecoemme.com\/blog\/incontro-fotografico-con-salvatore-di-vilio\/#breadcrumb"},"inLanguage":"it-IT","potentialAction":[{"@type":"ReadAction","target":["https:\/\/www.pigrecoemme.com\/blog\/incontro-fotografico-con-salvatore-di-vilio\/"]}]},{"@type":"ImageObject","inLanguage":"it-IT","@id":"https:\/\/www.pigrecoemme.com\/blog\/incontro-fotografico-con-salvatore-di-vilio\/#primaryimage","url":"http:\/\/www.pigrecoemme.com\/blog\/wp-content\/uploads\/2018\/03\/salvatore-di-vilio-incontro.jpg","contentUrl":"http:\/\/www.pigrecoemme.com\/blog\/wp-content\/uploads\/2018\/03\/salvatore-di-vilio-incontro.jpg"},{"@type":"BreadcrumbList","@id":"https:\/\/www.pigrecoemme.com\/blog\/incontro-fotografico-con-salvatore-di-vilio\/#breadcrumb","itemListElement":[{"@type":"ListItem","position":1,"name":"Home","item":"https:\/\/www.pigrecoemme.com\/blog\/"},{"@type":"ListItem","position":2,"name":"Incontro fotografico con Salvatore di Vilio alla Pigrecoemme."}]},{"@type":"WebSite","@id":"https:\/\/www.pigrecoemme.com\/blog\/#website","url":"https:\/\/www.pigrecoemme.com\/blog\/","name":"Scuola di Cinema Pigrecoemme - Blog","description":"Siamo la prima Scuola di Cinema e Fotografia di Napoli","publisher":{"@id":"https:\/\/www.pigrecoemme.com\/blog\/#organization"},"potentialAction":[{"@type":"SearchAction","target":{"@type":"EntryPoint","urlTemplate":"https:\/\/www.pigrecoemme.com\/blog\/?s={search_term_string}"},"query-input":{"@type":"PropertyValueSpecification","valueRequired":true,"valueName":"search_term_string"}}],"inLanguage":"it-IT"},{"@type":"Organization","@id":"https:\/\/www.pigrecoemme.com\/blog\/#organization","name":"Scuola di cinema e fotografia Pigrecoemme","url":"https:\/\/www.pigrecoemme.com\/blog\/","logo":{"@type":"ImageObject","inLanguage":"it-IT","@id":"https:\/\/www.pigrecoemme.com\/blog\/#\/schema\/logo\/image\/","url":"https:\/\/i0.wp.com\/www.pigrecoemme.com\/blog\/wp-content\/uploads\/2018\/06\/logo-pigrecoemme-2018.png?fit=500%2C500&ssl=1","contentUrl":"https:\/\/i0.wp.com\/www.pigrecoemme.com\/blog\/wp-content\/uploads\/2018\/06\/logo-pigrecoemme-2018.png?fit=500%2C500&ssl=1","width":500,"height":500,"caption":"Scuola di cinema e fotografia Pigrecoemme"},"image":{"@id":"https:\/\/www.pigrecoemme.com\/blog\/#\/schema\/logo\/image\/"},"sameAs":["https:\/\/www.facebook.com\/pigrecoemme","https:\/\/x.com\/Pigrecoemme","https:\/\/www.instagram.com\/pigrecoemme\/","https:\/\/www.linkedin.com\/company\/pigrecoemme\/","https:\/\/www.youtube.com\/pigrecoemme"]},{"@type":"Person","@id":"https:\/\/www.pigrecoemme.com\/blog\/#\/schema\/person\/8996ab5bfa68cec611b330ae4a389d44","name":"Pigrecoemme","image":{"@type":"ImageObject","inLanguage":"it-IT","@id":"https:\/\/secure.gravatar.com\/avatar\/541a562fed7df6fa49262cb93f0f1135b8432ec77a1bc64fdb808f64f2a8287d?s=96&r=g","url":"https:\/\/secure.gravatar.com\/avatar\/541a562fed7df6fa49262cb93f0f1135b8432ec77a1bc64fdb808f64f2a8287d?s=96&r=g","contentUrl":"https:\/\/secure.gravatar.com\/avatar\/541a562fed7df6fa49262cb93f0f1135b8432ec77a1bc64fdb808f64f2a8287d?s=96&r=g","caption":"Pigrecoemme"},"description":"Profilo redazionale. Pigrecoemme \u00e8 la prima scuola di cinema, televisione e fotografia di Napoli.","sameAs":["http:\/\/www.pigrecoemme.com\/","https:\/\/www.facebook.com\/pigrecoemme"],"url":"https:\/\/www.pigrecoemme.com\/blog\/author\/pigrecoemme\/"}]}},"jetpack_sharing_enabled":true,"jetpack_likes_enabled":true,"jetpack-related-posts":[{"id":1758,"url":"https:\/\/www.pigrecoemme.com\/blog\/3-ottobre-2016-passeggiata-fotografica-alla-sanita-luca-sorbo\/","url_meta":{"origin":2068,"position":0},"title":"3 ottobre 2016: Passeggiata fotografica alla Sanit\u00e0 con Luca Sorbo","author":"Pigrecoemme","date":"20 Settembre 2016","format":false,"excerpt":"Luned\u00ec 3 ottobre passeggiata fotografica gratuita alla Sanit\u00e0, organizzata dalla Organizzata dalla Scuola di Cinema e Fotografia Pigrecoemme e \u00a0coordinata da Luca Sorbo, docente di fotografia all'Accademia di Belle Arti di Napoli e curatore dei nostri corsi di fotografia. Un\u2019occasione unica per conoscere uno dei quartieri pi\u00f9 caratteristici di Napoli:\u2026","rel":"","context":"In &quot;Eventi&quot;","block_context":{"text":"Eventi","link":"https:\/\/www.pigrecoemme.com\/blog\/eventi\/"},"img":{"alt_text":"Passeggiata fotografica alla Sanit\u00e0 con Luca Sorbo","src":"https:\/\/i0.wp.com\/www.pigrecoemme.com\/blog\/wp-content\/uploads\/2016\/09\/passeggiata-fotografica-sanita.jpg?resize=350%2C200&ssl=1","width":350,"height":200,"srcset":"https:\/\/i0.wp.com\/www.pigrecoemme.com\/blog\/wp-content\/uploads\/2016\/09\/passeggiata-fotografica-sanita.jpg?resize=350%2C200&ssl=1 1x, https:\/\/i0.wp.com\/www.pigrecoemme.com\/blog\/wp-content\/uploads\/2016\/09\/passeggiata-fotografica-sanita.jpg?resize=525%2C300&ssl=1 1.5x, https:\/\/i0.wp.com\/www.pigrecoemme.com\/blog\/wp-content\/uploads\/2016\/09\/passeggiata-fotografica-sanita.jpg?resize=700%2C400&ssl=1 2x"},"classes":[]},{"id":1942,"url":"https:\/\/www.pigrecoemme.com\/blog\/incontro-fotografico-lucia-patalano\/","url_meta":{"origin":2068,"position":1},"title":"Incontro fotografico con Lucia Patalano","author":"Pigrecoemme","date":"8 Settembre 2017","format":false,"excerpt":"Sabato 30 settembre 2017 alle 16:00 presso la Scuola di Cinema e Fotografia Pigrecoemme di Napoli Luca Sorbo, docente all'Accademia di Belle Arti di Napoli e responsabile dei corsi di Fotografia della Pigrecoemme, incontrer\u00e0 Lucia Patalano, una delle principali esponenti della fotografia napoletana. Sar\u00e0 un'occasione importante per ripercorrere la vicenda\u2026","rel":"","context":"In &quot;Eventi&quot;","block_context":{"text":"Eventi","link":"https:\/\/www.pigrecoemme.com\/blog\/eventi\/"},"img":{"alt_text":"Incontro fotografico con Lucia Patalano","src":"https:\/\/i0.wp.com\/www.pigrecoemme.com\/blog\/wp-content\/uploads\/2017\/09\/incontro-con-lucia-patalano.jpg?resize=350%2C200","width":350,"height":200},"classes":[]},{"id":492,"url":"https:\/\/www.pigrecoemme.com\/blog\/sabato-21-aprile-aniello-barone-terra-un-incontro-lezione-gratuito-sulla-fotografia\/","url_meta":{"origin":2068,"position":2},"title":"Sabato 21 aprile Aniello Barone terr\u00e0 un incontro-lezione gratuito sulla fotografia","author":"Corrado Morra","date":"17 Aprile 2012","format":false,"excerpt":"Continuano, alla Scuola di cinema e fotografia Pigrecoemme di Napoli, gli incontri dedicati ai grandi fotografi. Sabato 21 aprile 2012, Aniello Barone sar\u00e0, cos\u00ec, negli spazi di Piazza Portanova, per un incontro-lezione, che avr\u00e0 il compito di tracciare le linee principali del suo affascinante percorso artistico e professionale. L\u2019appuntamento, dalle\u2026","rel":"","context":"In &quot;Eventi&quot;","block_context":{"text":"Eventi","link":"https:\/\/www.pigrecoemme.com\/blog\/eventi\/"},"img":{"alt_text":"","src":"https:\/\/i0.wp.com\/www.pigrecoemme.com\/blog\/wp-content\/uploads\/2012\/04\/aniello-barone1-300x200.jpg?resize=350%2C200","width":350,"height":200},"classes":[]},{"id":454,"url":"https:\/\/www.pigrecoemme.com\/blog\/antonio-biasiucci-alla-pigrecoemme\/","url_meta":{"origin":2068,"position":3},"title":"Antonio Biasiucci alla Pigrecoemme","author":"Corrado Morra","date":"9 Gennaio 2012","format":false,"excerpt":"Aveva ragione Cesare de Seta, quando, gi\u00e0 nell'84, aveva scorto la matrice e gli esiti poetici della ricerca lirica del fotografo Antonio Biasiucci in una certa idea di mondo che si riscontra, in modo esemplare, nella pittura di Giorgio Morandi. Biasiucci, infatti, tra i fotografi degli ultimi anni, \u00e8 probabilmente,\u2026","rel":"","context":"In &quot;Eventi&quot;","block_context":{"text":"Eventi","link":"https:\/\/www.pigrecoemme.com\/blog\/eventi\/"},"img":{"alt_text":"","src":"https:\/\/i0.wp.com\/www.pigrecoemme.com\/blog\/wp-content\/uploads\/2012\/01\/ex-voto-di-antonio-biasiucci-300x298.jpg?resize=350%2C200","width":350,"height":200},"classes":[]},{"id":1563,"url":"https:\/\/www.pigrecoemme.com\/blog\/lezione-gratuita-fotografia-formato-raw-gennaio-2016\/","url_meta":{"origin":2068,"position":4},"title":"Lezione gratuita di Fotografia sul formato Raw","author":"Pigrecoemme","date":"15 Dicembre 2015","format":false,"excerpt":"Venerd\u00ec 15 gennaio, alle ore 16:00, alla Scuola di cinema e fotografia Pigrecoemme di Napoli, si terr\u00e0\u00a0Le potenzialit\u00e0 del formato Raw, una lezione gratuita a cura di Luca Sorbo, docente dei corsi di Fotografia e di Fotogiornalismo della Pigrecoemme. Modalit\u00e0 di partecipazione L\u2019incontro \u00e8 gratuito\u00a0e la prenotazione, fino a esaurimento\u2026","rel":"","context":"In &quot;Eventi&quot;","block_context":{"text":"Eventi","link":"https:\/\/www.pigrecoemme.com\/blog\/eventi\/"},"img":{"alt_text":"","src":"https:\/\/i0.wp.com\/www.pigrecoemme.com\/blog\/wp-content\/uploads\/2024\/03\/potenzialita-formato-raw1.gif?fit=484%2C252&ssl=1&resize=350%2C200","width":350,"height":200},"classes":[]},{"id":1813,"url":"https:\/\/www.pigrecoemme.com\/blog\/incontro-col-fotografo-guido-giannini\/","url_meta":{"origin":2068,"position":5},"title":"Incontro col fotografo Guido Giannini. 17 dicembre 2016.","author":"Pigrecoemme","date":"3 Dicembre 2016","format":false,"excerpt":"Sabato\u00a017 dicembre\u00a02016, dalle\u00a0ore 16:30 alle ore\u00a018:30, nell\u2019ambito della rassegna Incontri fotografici,\u00a0Guido Giannini\u00a0sar\u00e0 ospite alla Scuola di cinema e fotografia\u00a0Pigrecoemme\u00a0di Napoli per dar vita a un incontro in cui racconter\u00e0 la sua avvincente esperienza di fotografo. Come partecipare all'incontro L\u2019incontro, fino a esaurimento posti, \u00e8 a ingresso gratuito e sar\u00e0 presentato\u2026","rel":"","context":"In &quot;Eventi&quot;","block_context":{"text":"Eventi","link":"https:\/\/www.pigrecoemme.com\/blog\/eventi\/"},"img":{"alt_text":"Guido Giannini Fotografo","src":"https:\/\/i0.wp.com\/www.pigrecoemme.com\/blog\/wp-content\/uploads\/2016\/12\/guido-giannini-fotografo.jpg?resize=350%2C200","width":350,"height":200},"classes":[]}],"jetpack_featured_media_url":"","_links":{"self":[{"href":"https:\/\/www.pigrecoemme.com\/blog\/wp-json\/wp\/v2\/posts\/2068","targetHints":{"allow":["GET"]}}],"collection":[{"href":"https:\/\/www.pigrecoemme.com\/blog\/wp-json\/wp\/v2\/posts"}],"about":[{"href":"https:\/\/www.pigrecoemme.com\/blog\/wp-json\/wp\/v2\/types\/post"}],"author":[{"embeddable":true,"href":"https:\/\/www.pigrecoemme.com\/blog\/wp-json\/wp\/v2\/users\/4"}],"replies":[{"embeddable":true,"href":"https:\/\/www.pigrecoemme.com\/blog\/wp-json\/wp\/v2\/comments?post=2068"}],"version-history":[{"count":0,"href":"https:\/\/www.pigrecoemme.com\/blog\/wp-json\/wp\/v2\/posts\/2068\/revisions"}],"wp:attachment":[{"href":"https:\/\/www.pigrecoemme.com\/blog\/wp-json\/wp\/v2\/media?parent=2068"}],"wp:term":[{"taxonomy":"category","embeddable":true,"href":"https:\/\/www.pigrecoemme.com\/blog\/wp-json\/wp\/v2\/categories?post=2068"},{"taxonomy":"post_tag","embeddable":true,"href":"https:\/\/www.pigrecoemme.com\/blog\/wp-json\/wp\/v2\/tags?post=2068"}],"curies":[{"name":"wp","href":"https:\/\/api.w.org\/{rel}","templated":true}]}}