{"id":2027,"date":"2017-12-20T14:33:03","date_gmt":"2017-12-20T13:33:03","guid":{"rendered":"http:\/\/www.pigrecoemme.com\/blog\/?p=2027"},"modified":"2017-12-21T12:10:46","modified_gmt":"2017-12-21T11:10:46","slug":"autonomia-visiva-del-photo-book-incontro-antonello-scotti","status":"publish","type":"post","link":"https:\/\/www.pigrecoemme.com\/blog\/autonomia-visiva-del-photo-book-incontro-antonello-scotti\/","title":{"rendered":"Autonomia visiva del photo book &#8211; incontro con Antonello Scotti."},"content":{"rendered":"<p><img data-recalc-dims=\"1\" loading=\"lazy\" decoding=\"async\" class=\"aligncenter size-full wp-image-2028\" src=\"https:\/\/i0.wp.com\/www.pigrecoemme.com\/blog\/wp-content\/uploads\/2017\/12\/antonello-scotti.jpg?resize=484%2C252&#038;ssl=1\" alt=\"antonello scotti\" width=\"484\" height=\"252\" srcset=\"https:\/\/i0.wp.com\/www.pigrecoemme.com\/blog\/wp-content\/uploads\/2017\/12\/antonello-scotti.jpg?w=484&amp;ssl=1 484w, https:\/\/i0.wp.com\/www.pigrecoemme.com\/blog\/wp-content\/uploads\/2017\/12\/antonello-scotti.jpg?resize=300%2C156&amp;ssl=1 300w\" sizes=\"auto, (max-width: 484px) 100vw, 484px\" \/><\/p>\n<p>Sabato 20 gennaio 2018 alle ore 16:00 alla Pigrecoemme, in piazza Portanova 11 a Napoli, si svolger\u00e0 un incontro con <strong>Antonello Scotti<\/strong>, a cura di Luca Sorbo, docente all&#8217;Accademia di Belle Arti e curatore dei <a href=\"http:\/\/www.pigrecoemme.com\/corso-fotografia\/corso-di-fotografia-2.htm\">nostri corsi di fotografia<\/a>. Tema dell\u2019appuntamento: <em>L\u2019autonomia visiva del photo book<\/em>.<\/p>\n<p>Da diversi anni Antonello Scotti, artista visivo e docente di progettazione di arti figurative al liceo \u2018Filippo Palizzi\u2019 di Napoli, si occupa della produzione d\u2019immagini e della loro collocazione, ambientale ed editoriale.<\/p>\n<p>L\u2019incontro si articoler\u00e0 in due momenti: la presentazione di parte della recente produzione artistica di Scotti, in prevalenza fotografica e una discussione sul come, secondo lui, redigere un libro fotografico. Scotti mostrer\u00e0 alcuni esempi di prodotti editoriali da lui realizzati in veste di <em>book designer<\/em>.<\/p>\n<p>Di seguito un estratto, da un testo del 2013, stilato da Antonello Scotti in occasione della progettazione del <a href=\"http:\/\/www.pinomusi.com\/08_08_operating_theatre_2013-r7042\">libro<\/a> \u201c_<em>08<\/em>_<em>08<\/em> Operating Theater\u201d, del fotografo Pino Musi, cui ha curato il concept editoriale.<\/p>\n<blockquote><p>&#8220;Per non fare un photo book \u00e8 necessario rendere irriconoscibile il percorso narrativo, <em>irriconoscibile<\/em> nel senso che una configurazione quanto pi\u00f9 \u00e8 frammentaria tanto pi\u00f9 il significato, esplicito o remoto, \u00e8 non riconoscibile. Ovvero alterare quegli assiomi di certezza presenti di sovente in quella tipologia di libro: la struttura consequenziale data per assonanze di forme, per contiguit\u00e0 cromatica, per contrappunti di pieni e vuoti, etc. In un non photo book, queste norme, sono scientemente non applicate. In un non photo book, l&#8217;inizio, la fine e l&#8217;intermezzo non hanno un peso determinante. Il percorso tra le immagini, e tra i testi e le immagini, seguono un itinerario cosiddetto <em>antinomico<\/em>: i testi non accompagnano le immagini, le foto non si accompagnano; tutto si contra-dice (la traduzione che scelgo, della parola latina \u2018contra\u2019, \u00e8 nell&#8217;accezione di in cambio, in risposta). Quindi il testo cerca un cambio, una risposta dall&#8217;immagine e viceversa. Cosa si scambiano testo e immagine? Si scambiano una posizione di non quiete. Dico di &#8216;non quiete&#8217; e non di non forma. Quest&#8217;ultima, da un punto di vista grafico, \u00e8 un mero pleonasmo: rappresentare il caos in forma grafica, in un campo definito, diventa un esercizio di stile. Comunque, il testo e la foto si <em>configurano<\/em> in un ordine di opposizione apparente: quest&#8217;ordine visivo, lo definirei, traendo una definizione oppositiva direttamente dalla fisica, traente &#8211; spingente. Potremmo cos\u00ec sostenere che un non photo book ha carattere doppio. Opera da una parte un&#8217;azione di coinvolgimento verso chi lo guarda, nel contempo opera un respingimento verso un altrove. Questo altrove resta, comunque, tra i testi e le immagini&#8221;.<\/p>\n<p>&nbsp;<\/p><\/blockquote>\n<h2><strong style=\"font-family: 'Helvetica Neue', Helvetica, Arial, 'Nimbus Sans L', sans-serif; font-style: normal;\">Come partecipare all\u2019incontro<\/strong><\/h2>\n<p>L\u2019incontro, fino a esaurimento posti, \u00e8 a ingresso gratuito.<br \/>\n\u00c8 gradita la prenotazione al&nbsp;&nbsp;numero 081 5635188.<\/p>\n","protected":false},"excerpt":{"rendered":"<p>Sabato 20 gennaio 2018 alle ore 16:00 alla Pigrecoemme, in piazza Portanova 11 a Napoli, si svolger\u00e0 un incontro con Antonello Scotti, a cura di Luca Sorbo, docente all&#8217;Accademia di Belle Arti e curatore&hellip;<\/p>\n","protected":false},"author":1,"featured_media":0,"comment_status":"open","ping_status":"open","sticky":false,"template":"","format":"standard","meta":{"_jetpack_newsletter_access":"","_jetpack_dont_email_post_to_subs":false,"_jetpack_newsletter_tier_id":0,"_jetpack_memberships_contains_paywalled_content":false,"_jetpack_feature_clip_id":0,"_jetpack_memberships_contains_paid_content":false,"footnotes":"","jetpack_post_was_ever_published":false},"categories":[21,1,1523,731],"tags":[1973,1283,69],"class_list":["post-2027","post","type-post","status-publish","format-standard","hentry","category-fotografia","category-generale","category-incontri-fotografici","category-segnalazioni","tag-antonello-scotti","tag-fotografia","tag-luca-sorbo"],"yoast_head":"<!-- This site is optimized with the Yoast SEO plugin v28.4 - https:\/\/yoast.com\/product\/yoast-seo-wordpress\/ -->\n<title>Autonomia visiva del photo book - incontro con Antonello Scotti.<\/title>\n<meta name=\"description\" content=\"Sabato 20 gennaio 2018 alla Pigrecoemme, in piazza Portanova 11 a Napoli. Tema dell\u2019appuntamento: L\u2019autonomia visiva del photo book.\" \/>\n<meta name=\"robots\" content=\"index, follow, max-snippet:-1, max-image-preview:large, max-video-preview:-1\" \/>\n<link rel=\"canonical\" href=\"https:\/\/www.pigrecoemme.com\/blog\/autonomia-visiva-del-photo-book-incontro-antonello-scotti\/\" \/>\n<meta property=\"og:locale\" content=\"it_IT\" \/>\n<meta property=\"og:type\" content=\"article\" \/>\n<meta property=\"og:title\" content=\"Autonomia visiva del photo book - incontro con Antonello Scotti.\" \/>\n<meta property=\"og:description\" content=\"Sabato 20 gennaio 2018 alla Pigrecoemme, in piazza Portanova 11 a Napoli. Tema dell\u2019appuntamento: L\u2019autonomia visiva del photo book.\" \/>\n<meta property=\"og:url\" content=\"https:\/\/www.pigrecoemme.com\/blog\/autonomia-visiva-del-photo-book-incontro-antonello-scotti\/\" \/>\n<meta property=\"og:site_name\" content=\"Scuola di Cinema Pigrecoemme - Blog\" \/>\n<meta property=\"article:publisher\" content=\"https:\/\/www.facebook.com\/pigrecoemme\" \/>\n<meta property=\"article:author\" content=\"https:\/\/www.facebook.com\/giacomo.fabbrocino\" \/>\n<meta property=\"article:published_time\" content=\"2017-12-20T13:33:03+00:00\" \/>\n<meta property=\"article:modified_time\" content=\"2017-12-21T11:10:46+00:00\" \/>\n<meta property=\"og:image\" content=\"https:\/\/www.pigrecoemme.com\/blog\/wp-content\/uploads\/2017\/12\/antonello-scotti.jpg\" \/>\n\t<meta property=\"og:image:width\" content=\"484\" \/>\n\t<meta property=\"og:image:height\" content=\"252\" \/>\n\t<meta property=\"og:image:type\" content=\"image\/jpeg\" \/>\n<meta name=\"author\" content=\"Giacomo Fabbrocino\" \/>\n<meta name=\"twitter:card\" content=\"summary_large_image\" \/>\n<meta name=\"twitter:creator\" content=\"@Pigrecoemme\" \/>\n<meta name=\"twitter:site\" content=\"@Pigrecoemme\" \/>\n<meta name=\"twitter:label1\" content=\"Scritto da\" \/>\n\t<meta name=\"twitter:data1\" content=\"Giacomo Fabbrocino\" \/>\n\t<meta name=\"twitter:label2\" content=\"Tempo di lettura stimato\" \/>\n\t<meta name=\"twitter:data2\" content=\"2 minuti\" \/>\n<script type=\"application\/ld+json\" class=\"yoast-schema-graph\">{\"@context\":\"https:\\\/\\\/schema.org\",\"@graph\":[{\"@type\":[\"Article\",\"BlogPosting\"],\"@id\":\"https:\\\/\\\/www.pigrecoemme.com\\\/blog\\\/autonomia-visiva-del-photo-book-incontro-antonello-scotti\\\/#article\",\"isPartOf\":{\"@id\":\"https:\\\/\\\/www.pigrecoemme.com\\\/blog\\\/autonomia-visiva-del-photo-book-incontro-antonello-scotti\\\/\"},\"author\":{\"name\":\"Giacomo Fabbrocino\",\"@id\":\"https:\\\/\\\/www.pigrecoemme.com\\\/blog\\\/#\\\/schema\\\/person\\\/57fa822c3d209d3a2612fd0411ae63f4\"},\"headline\":\"Autonomia visiva del photo book &#8211; incontro con Antonello Scotti.\",\"datePublished\":\"2017-12-20T13:33:03+00:00\",\"dateModified\":\"2017-12-21T11:10:46+00:00\",\"mainEntityOfPage\":{\"@id\":\"https:\\\/\\\/www.pigrecoemme.com\\\/blog\\\/autonomia-visiva-del-photo-book-incontro-antonello-scotti\\\/\"},\"wordCount\":451,\"commentCount\":0,\"publisher\":{\"@id\":\"https:\\\/\\\/www.pigrecoemme.com\\\/blog\\\/#organization\"},\"image\":{\"@id\":\"https:\\\/\\\/www.pigrecoemme.com\\\/blog\\\/autonomia-visiva-del-photo-book-incontro-antonello-scotti\\\/#primaryimage\"},\"thumbnailUrl\":\"http:\\\/\\\/www.pigrecoemme.com\\\/blog\\\/wp-content\\\/uploads\\\/2017\\\/12\\\/antonello-scotti.jpg\",\"keywords\":[\"antonello scotti\",\"fotografia\",\"luca sorbo\"],\"articleSection\":[\"Fotografia\",\"Generale\",\"Incontri fotografici\",\"Segnalazioni\"],\"inLanguage\":\"it-IT\",\"potentialAction\":[{\"@type\":\"CommentAction\",\"name\":\"Comment\",\"target\":[\"https:\\\/\\\/www.pigrecoemme.com\\\/blog\\\/autonomia-visiva-del-photo-book-incontro-antonello-scotti\\\/#respond\"]}]},{\"@type\":\"WebPage\",\"@id\":\"https:\\\/\\\/www.pigrecoemme.com\\\/blog\\\/autonomia-visiva-del-photo-book-incontro-antonello-scotti\\\/\",\"url\":\"https:\\\/\\\/www.pigrecoemme.com\\\/blog\\\/autonomia-visiva-del-photo-book-incontro-antonello-scotti\\\/\",\"name\":\"Autonomia visiva del photo book - incontro con Antonello Scotti.\",\"isPartOf\":{\"@id\":\"https:\\\/\\\/www.pigrecoemme.com\\\/blog\\\/#website\"},\"primaryImageOfPage\":{\"@id\":\"https:\\\/\\\/www.pigrecoemme.com\\\/blog\\\/autonomia-visiva-del-photo-book-incontro-antonello-scotti\\\/#primaryimage\"},\"image\":{\"@id\":\"https:\\\/\\\/www.pigrecoemme.com\\\/blog\\\/autonomia-visiva-del-photo-book-incontro-antonello-scotti\\\/#primaryimage\"},\"thumbnailUrl\":\"http:\\\/\\\/www.pigrecoemme.com\\\/blog\\\/wp-content\\\/uploads\\\/2017\\\/12\\\/antonello-scotti.jpg\",\"datePublished\":\"2017-12-20T13:33:03+00:00\",\"dateModified\":\"2017-12-21T11:10:46+00:00\",\"description\":\"Sabato 20 gennaio 2018 alla Pigrecoemme, in piazza Portanova 11 a Napoli. Tema dell\u2019appuntamento: L\u2019autonomia visiva del photo book.\",\"breadcrumb\":{\"@id\":\"https:\\\/\\\/www.pigrecoemme.com\\\/blog\\\/autonomia-visiva-del-photo-book-incontro-antonello-scotti\\\/#breadcrumb\"},\"inLanguage\":\"it-IT\",\"potentialAction\":[{\"@type\":\"ReadAction\",\"target\":[\"https:\\\/\\\/www.pigrecoemme.com\\\/blog\\\/autonomia-visiva-del-photo-book-incontro-antonello-scotti\\\/\"]}]},{\"@type\":\"ImageObject\",\"inLanguage\":\"it-IT\",\"@id\":\"https:\\\/\\\/www.pigrecoemme.com\\\/blog\\\/autonomia-visiva-del-photo-book-incontro-antonello-scotti\\\/#primaryimage\",\"url\":\"http:\\\/\\\/www.pigrecoemme.com\\\/blog\\\/wp-content\\\/uploads\\\/2017\\\/12\\\/antonello-scotti.jpg\",\"contentUrl\":\"http:\\\/\\\/www.pigrecoemme.com\\\/blog\\\/wp-content\\\/uploads\\\/2017\\\/12\\\/antonello-scotti.jpg\"},{\"@type\":\"BreadcrumbList\",\"@id\":\"https:\\\/\\\/www.pigrecoemme.com\\\/blog\\\/autonomia-visiva-del-photo-book-incontro-antonello-scotti\\\/#breadcrumb\",\"itemListElement\":[{\"@type\":\"ListItem\",\"position\":1,\"name\":\"Home\",\"item\":\"https:\\\/\\\/www.pigrecoemme.com\\\/blog\\\/\"},{\"@type\":\"ListItem\",\"position\":2,\"name\":\"Autonomia visiva del photo book &#8211; incontro con Antonello Scotti.\"}]},{\"@type\":\"WebSite\",\"@id\":\"https:\\\/\\\/www.pigrecoemme.com\\\/blog\\\/#website\",\"url\":\"https:\\\/\\\/www.pigrecoemme.com\\\/blog\\\/\",\"name\":\"Scuola di Cinema Pigrecoemme - Blog\",\"description\":\"Siamo la prima Scuola di Cinema e Fotografia di Napoli\",\"publisher\":{\"@id\":\"https:\\\/\\\/www.pigrecoemme.com\\\/blog\\\/#organization\"},\"potentialAction\":[{\"@type\":\"SearchAction\",\"target\":{\"@type\":\"EntryPoint\",\"urlTemplate\":\"https:\\\/\\\/www.pigrecoemme.com\\\/blog\\\/?s={search_term_string}\"},\"query-input\":{\"@type\":\"PropertyValueSpecification\",\"valueRequired\":true,\"valueName\":\"search_term_string\"}}],\"inLanguage\":\"it-IT\"},{\"@type\":\"Organization\",\"@id\":\"https:\\\/\\\/www.pigrecoemme.com\\\/blog\\\/#organization\",\"name\":\"Scuola di cinema e fotografia Pigrecoemme\",\"url\":\"https:\\\/\\\/www.pigrecoemme.com\\\/blog\\\/\",\"logo\":{\"@type\":\"ImageObject\",\"inLanguage\":\"it-IT\",\"@id\":\"https:\\\/\\\/www.pigrecoemme.com\\\/blog\\\/#\\\/schema\\\/logo\\\/image\\\/\",\"url\":\"https:\\\/\\\/i0.wp.com\\\/www.pigrecoemme.com\\\/blog\\\/wp-content\\\/uploads\\\/2018\\\/06\\\/logo-pigrecoemme-2018.png?fit=500%2C500&ssl=1\",\"contentUrl\":\"https:\\\/\\\/i0.wp.com\\\/www.pigrecoemme.com\\\/blog\\\/wp-content\\\/uploads\\\/2018\\\/06\\\/logo-pigrecoemme-2018.png?fit=500%2C500&ssl=1\",\"width\":500,\"height\":500,\"caption\":\"Scuola di cinema e fotografia Pigrecoemme\"},\"image\":{\"@id\":\"https:\\\/\\\/www.pigrecoemme.com\\\/blog\\\/#\\\/schema\\\/logo\\\/image\\\/\"},\"sameAs\":[\"https:\\\/\\\/www.facebook.com\\\/pigrecoemme\",\"https:\\\/\\\/x.com\\\/Pigrecoemme\",\"https:\\\/\\\/www.instagram.com\\\/pigrecoemme\\\/\",\"https:\\\/\\\/www.linkedin.com\\\/company\\\/pigrecoemme\\\/\",\"https:\\\/\\\/www.youtube.com\\\/pigrecoemme\"]},{\"@type\":\"Person\",\"@id\":\"https:\\\/\\\/www.pigrecoemme.com\\\/blog\\\/#\\\/schema\\\/person\\\/57fa822c3d209d3a2612fd0411ae63f4\",\"name\":\"Giacomo Fabbrocino\",\"image\":{\"@type\":\"ImageObject\",\"inLanguage\":\"it-IT\",\"@id\":\"https:\\\/\\\/secure.gravatar.com\\\/avatar\\\/0e4dfd4d05c06a03fffaffeb36fb181415ba11b91a6b566fa2e8ada75927db32?s=96&r=g\",\"url\":\"https:\\\/\\\/secure.gravatar.com\\\/avatar\\\/0e4dfd4d05c06a03fffaffeb36fb181415ba11b91a6b566fa2e8ada75927db32?s=96&r=g\",\"contentUrl\":\"https:\\\/\\\/secure.gravatar.com\\\/avatar\\\/0e4dfd4d05c06a03fffaffeb36fb181415ba11b91a6b566fa2e8ada75927db32?s=96&r=g\",\"caption\":\"Giacomo Fabbrocino\"},\"description\":\"Montatore cinematografico, autore di documentari sull'arte e di video d'artista, Giacomo \u00e8 responsabile della didattica e della comunicazione web della Scuola di Cinema, Fotografia e Televisione Pigrecoemme di Napoli.\",\"sameAs\":[\"http:\\\/\\\/www.pigrecoemme.com\\\/\",\"https:\\\/\\\/www.facebook.com\\\/giacomo.fabbrocino\"],\"url\":\"https:\\\/\\\/www.pigrecoemme.com\\\/blog\\\/author\\\/giacomo-fabbrocino\\\/\"}]}<\/script>\n<!-- \/ Yoast SEO plugin. -->","yoast_head_json":{"title":"Autonomia visiva del photo book - incontro con Antonello Scotti.","description":"Sabato 20 gennaio 2018 alla Pigrecoemme, in piazza Portanova 11 a Napoli. Tema dell\u2019appuntamento: L\u2019autonomia visiva del photo book.","robots":{"index":"index","follow":"follow","max-snippet":"max-snippet:-1","max-image-preview":"max-image-preview:large","max-video-preview":"max-video-preview:-1"},"canonical":"https:\/\/www.pigrecoemme.com\/blog\/autonomia-visiva-del-photo-book-incontro-antonello-scotti\/","og_locale":"it_IT","og_type":"article","og_title":"Autonomia visiva del photo book - incontro con Antonello Scotti.","og_description":"Sabato 20 gennaio 2018 alla Pigrecoemme, in piazza Portanova 11 a Napoli. Tema dell\u2019appuntamento: L\u2019autonomia visiva del photo book.","og_url":"https:\/\/www.pigrecoemme.com\/blog\/autonomia-visiva-del-photo-book-incontro-antonello-scotti\/","og_site_name":"Scuola di Cinema Pigrecoemme - Blog","article_publisher":"https:\/\/www.facebook.com\/pigrecoemme","article_author":"https:\/\/www.facebook.com\/giacomo.fabbrocino","article_published_time":"2017-12-20T13:33:03+00:00","article_modified_time":"2017-12-21T11:10:46+00:00","og_image":[{"width":484,"height":252,"url":"https:\/\/www.pigrecoemme.com\/blog\/wp-content\/uploads\/2017\/12\/antonello-scotti.jpg","type":"image\/jpeg"}],"author":"Giacomo Fabbrocino","twitter_card":"summary_large_image","twitter_creator":"@Pigrecoemme","twitter_site":"@Pigrecoemme","twitter_misc":{"Scritto da":"Giacomo Fabbrocino","Tempo di lettura stimato":"2 minuti"},"schema":{"@context":"https:\/\/schema.org","@graph":[{"@type":["Article","BlogPosting"],"@id":"https:\/\/www.pigrecoemme.com\/blog\/autonomia-visiva-del-photo-book-incontro-antonello-scotti\/#article","isPartOf":{"@id":"https:\/\/www.pigrecoemme.com\/blog\/autonomia-visiva-del-photo-book-incontro-antonello-scotti\/"},"author":{"name":"Giacomo Fabbrocino","@id":"https:\/\/www.pigrecoemme.com\/blog\/#\/schema\/person\/57fa822c3d209d3a2612fd0411ae63f4"},"headline":"Autonomia visiva del photo book &#8211; incontro con Antonello Scotti.","datePublished":"2017-12-20T13:33:03+00:00","dateModified":"2017-12-21T11:10:46+00:00","mainEntityOfPage":{"@id":"https:\/\/www.pigrecoemme.com\/blog\/autonomia-visiva-del-photo-book-incontro-antonello-scotti\/"},"wordCount":451,"commentCount":0,"publisher":{"@id":"https:\/\/www.pigrecoemme.com\/blog\/#organization"},"image":{"@id":"https:\/\/www.pigrecoemme.com\/blog\/autonomia-visiva-del-photo-book-incontro-antonello-scotti\/#primaryimage"},"thumbnailUrl":"http:\/\/www.pigrecoemme.com\/blog\/wp-content\/uploads\/2017\/12\/antonello-scotti.jpg","keywords":["antonello scotti","fotografia","luca sorbo"],"articleSection":["Fotografia","Generale","Incontri fotografici","Segnalazioni"],"inLanguage":"it-IT","potentialAction":[{"@type":"CommentAction","name":"Comment","target":["https:\/\/www.pigrecoemme.com\/blog\/autonomia-visiva-del-photo-book-incontro-antonello-scotti\/#respond"]}]},{"@type":"WebPage","@id":"https:\/\/www.pigrecoemme.com\/blog\/autonomia-visiva-del-photo-book-incontro-antonello-scotti\/","url":"https:\/\/www.pigrecoemme.com\/blog\/autonomia-visiva-del-photo-book-incontro-antonello-scotti\/","name":"Autonomia visiva del photo book - incontro con Antonello Scotti.","isPartOf":{"@id":"https:\/\/www.pigrecoemme.com\/blog\/#website"},"primaryImageOfPage":{"@id":"https:\/\/www.pigrecoemme.com\/blog\/autonomia-visiva-del-photo-book-incontro-antonello-scotti\/#primaryimage"},"image":{"@id":"https:\/\/www.pigrecoemme.com\/blog\/autonomia-visiva-del-photo-book-incontro-antonello-scotti\/#primaryimage"},"thumbnailUrl":"http:\/\/www.pigrecoemme.com\/blog\/wp-content\/uploads\/2017\/12\/antonello-scotti.jpg","datePublished":"2017-12-20T13:33:03+00:00","dateModified":"2017-12-21T11:10:46+00:00","description":"Sabato 20 gennaio 2018 alla Pigrecoemme, in piazza Portanova 11 a Napoli. Tema dell\u2019appuntamento: L\u2019autonomia visiva del photo book.","breadcrumb":{"@id":"https:\/\/www.pigrecoemme.com\/blog\/autonomia-visiva-del-photo-book-incontro-antonello-scotti\/#breadcrumb"},"inLanguage":"it-IT","potentialAction":[{"@type":"ReadAction","target":["https:\/\/www.pigrecoemme.com\/blog\/autonomia-visiva-del-photo-book-incontro-antonello-scotti\/"]}]},{"@type":"ImageObject","inLanguage":"it-IT","@id":"https:\/\/www.pigrecoemme.com\/blog\/autonomia-visiva-del-photo-book-incontro-antonello-scotti\/#primaryimage","url":"http:\/\/www.pigrecoemme.com\/blog\/wp-content\/uploads\/2017\/12\/antonello-scotti.jpg","contentUrl":"http:\/\/www.pigrecoemme.com\/blog\/wp-content\/uploads\/2017\/12\/antonello-scotti.jpg"},{"@type":"BreadcrumbList","@id":"https:\/\/www.pigrecoemme.com\/blog\/autonomia-visiva-del-photo-book-incontro-antonello-scotti\/#breadcrumb","itemListElement":[{"@type":"ListItem","position":1,"name":"Home","item":"https:\/\/www.pigrecoemme.com\/blog\/"},{"@type":"ListItem","position":2,"name":"Autonomia visiva del photo book &#8211; incontro con Antonello Scotti."}]},{"@type":"WebSite","@id":"https:\/\/www.pigrecoemme.com\/blog\/#website","url":"https:\/\/www.pigrecoemme.com\/blog\/","name":"Scuola di Cinema Pigrecoemme - Blog","description":"Siamo la prima Scuola di Cinema e Fotografia di Napoli","publisher":{"@id":"https:\/\/www.pigrecoemme.com\/blog\/#organization"},"potentialAction":[{"@type":"SearchAction","target":{"@type":"EntryPoint","urlTemplate":"https:\/\/www.pigrecoemme.com\/blog\/?s={search_term_string}"},"query-input":{"@type":"PropertyValueSpecification","valueRequired":true,"valueName":"search_term_string"}}],"inLanguage":"it-IT"},{"@type":"Organization","@id":"https:\/\/www.pigrecoemme.com\/blog\/#organization","name":"Scuola di cinema e fotografia Pigrecoemme","url":"https:\/\/www.pigrecoemme.com\/blog\/","logo":{"@type":"ImageObject","inLanguage":"it-IT","@id":"https:\/\/www.pigrecoemme.com\/blog\/#\/schema\/logo\/image\/","url":"https:\/\/i0.wp.com\/www.pigrecoemme.com\/blog\/wp-content\/uploads\/2018\/06\/logo-pigrecoemme-2018.png?fit=500%2C500&ssl=1","contentUrl":"https:\/\/i0.wp.com\/www.pigrecoemme.com\/blog\/wp-content\/uploads\/2018\/06\/logo-pigrecoemme-2018.png?fit=500%2C500&ssl=1","width":500,"height":500,"caption":"Scuola di cinema e fotografia Pigrecoemme"},"image":{"@id":"https:\/\/www.pigrecoemme.com\/blog\/#\/schema\/logo\/image\/"},"sameAs":["https:\/\/www.facebook.com\/pigrecoemme","https:\/\/x.com\/Pigrecoemme","https:\/\/www.instagram.com\/pigrecoemme\/","https:\/\/www.linkedin.com\/company\/pigrecoemme\/","https:\/\/www.youtube.com\/pigrecoemme"]},{"@type":"Person","@id":"https:\/\/www.pigrecoemme.com\/blog\/#\/schema\/person\/57fa822c3d209d3a2612fd0411ae63f4","name":"Giacomo Fabbrocino","image":{"@type":"ImageObject","inLanguage":"it-IT","@id":"https:\/\/secure.gravatar.com\/avatar\/0e4dfd4d05c06a03fffaffeb36fb181415ba11b91a6b566fa2e8ada75927db32?s=96&r=g","url":"https:\/\/secure.gravatar.com\/avatar\/0e4dfd4d05c06a03fffaffeb36fb181415ba11b91a6b566fa2e8ada75927db32?s=96&r=g","contentUrl":"https:\/\/secure.gravatar.com\/avatar\/0e4dfd4d05c06a03fffaffeb36fb181415ba11b91a6b566fa2e8ada75927db32?s=96&r=g","caption":"Giacomo Fabbrocino"},"description":"Montatore cinematografico, autore di documentari sull'arte e di video d'artista, Giacomo \u00e8 responsabile della didattica e della comunicazione web della Scuola di Cinema, Fotografia e Televisione Pigrecoemme di Napoli.","sameAs":["http:\/\/www.pigrecoemme.com\/","https:\/\/www.facebook.com\/giacomo.fabbrocino"],"url":"https:\/\/www.pigrecoemme.com\/blog\/author\/giacomo-fabbrocino\/"}]}},"jetpack_sharing_enabled":true,"jetpack_likes_enabled":true,"jetpack-related-posts":[{"id":1987,"url":"https:\/\/www.pigrecoemme.com\/blog\/guido-dapuzzo-e-le-meraviglie-del-foro-stenopeico\/","url_meta":{"origin":2027,"position":0},"title":"Guido D\u2019Apuzzo e le meraviglie del Foro Stenopeico","author":"Pigrecoemme","date":"10 Ottobre 2017","format":false,"excerpt":"Venerd\u00ec 20 ottobre alle 16:00, nell\u2019ambito della rassegna\u00a0Incontri fotografici, Luca Sorbo, docente all'Accademia di Belle Arti di Napoli e curatore dei nostri corsi di fotografia, incontrer\u00e0 nella sede della Pigrecoemme Guido D'Apuzzo, profondo conoscitore delle possibilit\u00e0 creative del foro stenopeico, per parlare di questa pratica fotografica che pur situandosi all'origine\u2026","rel":"","context":"In &quot;Eventi&quot;","block_context":{"text":"Eventi","link":"https:\/\/www.pigrecoemme.com\/blog\/eventi\/"},"img":{"alt_text":"Guido D\u2019Apuzzo e le meraviglie del Foro Stenopeico","src":"https:\/\/i0.wp.com\/www.pigrecoemme.com\/blog\/wp-content\/uploads\/2017\/10\/guido-dapuzzo-foro-stenopeico.jpg?resize=350%2C200","width":350,"height":200},"classes":[]},{"id":1942,"url":"https:\/\/www.pigrecoemme.com\/blog\/incontro-fotografico-lucia-patalano\/","url_meta":{"origin":2027,"position":1},"title":"Incontro fotografico con Lucia Patalano","author":"Pigrecoemme","date":"8 Settembre 2017","format":false,"excerpt":"Sabato 30 settembre 2017 alle 16:00 presso la Scuola di Cinema e Fotografia Pigrecoemme di Napoli Luca Sorbo, docente all'Accademia di Belle Arti di Napoli e responsabile dei corsi di Fotografia della Pigrecoemme, incontrer\u00e0 Lucia Patalano, una delle principali esponenti della fotografia napoletana. Sar\u00e0 un'occasione importante per ripercorrere la vicenda\u2026","rel":"","context":"In &quot;Eventi&quot;","block_context":{"text":"Eventi","link":"https:\/\/www.pigrecoemme.com\/blog\/eventi\/"},"img":{"alt_text":"Incontro fotografico con Lucia Patalano","src":"https:\/\/i0.wp.com\/www.pigrecoemme.com\/blog\/wp-content\/uploads\/2017\/09\/incontro-con-lucia-patalano.jpg?resize=350%2C200","width":350,"height":200},"classes":[]},{"id":1758,"url":"https:\/\/www.pigrecoemme.com\/blog\/3-ottobre-2016-passeggiata-fotografica-alla-sanita-luca-sorbo\/","url_meta":{"origin":2027,"position":2},"title":"3 ottobre 2016: Passeggiata fotografica alla Sanit\u00e0 con Luca Sorbo","author":"Pigrecoemme","date":"20 Settembre 2016","format":false,"excerpt":"Luned\u00ec 3 ottobre passeggiata fotografica gratuita alla Sanit\u00e0, organizzata dalla Organizzata dalla Scuola di Cinema e Fotografia Pigrecoemme e \u00a0coordinata da Luca Sorbo, docente di fotografia all'Accademia di Belle Arti di Napoli e curatore dei nostri corsi di fotografia. Un\u2019occasione unica per conoscere uno dei quartieri pi\u00f9 caratteristici di Napoli:\u2026","rel":"","context":"In &quot;Eventi&quot;","block_context":{"text":"Eventi","link":"https:\/\/www.pigrecoemme.com\/blog\/eventi\/"},"img":{"alt_text":"Passeggiata fotografica alla Sanit\u00e0 con Luca Sorbo","src":"https:\/\/i0.wp.com\/www.pigrecoemme.com\/blog\/wp-content\/uploads\/2016\/09\/passeggiata-fotografica-sanita.jpg?resize=350%2C200&ssl=1","width":350,"height":200,"srcset":"https:\/\/i0.wp.com\/www.pigrecoemme.com\/blog\/wp-content\/uploads\/2016\/09\/passeggiata-fotografica-sanita.jpg?resize=350%2C200&ssl=1 1x, https:\/\/i0.wp.com\/www.pigrecoemme.com\/blog\/wp-content\/uploads\/2016\/09\/passeggiata-fotografica-sanita.jpg?resize=525%2C300&ssl=1 1.5x, https:\/\/i0.wp.com\/www.pigrecoemme.com\/blog\/wp-content\/uploads\/2016\/09\/passeggiata-fotografica-sanita.jpg?resize=700%2C400&ssl=1 2x"},"classes":[]},{"id":492,"url":"https:\/\/www.pigrecoemme.com\/blog\/sabato-21-aprile-aniello-barone-terra-un-incontro-lezione-gratuito-sulla-fotografia\/","url_meta":{"origin":2027,"position":3},"title":"Sabato 21 aprile Aniello Barone terr\u00e0 un incontro-lezione gratuito sulla fotografia","author":"Corrado Morra","date":"17 Aprile 2012","format":false,"excerpt":"Continuano, alla Scuola di cinema e fotografia Pigrecoemme di Napoli, gli incontri dedicati ai grandi fotografi. Sabato 21 aprile 2012, Aniello Barone sar\u00e0, cos\u00ec, negli spazi di Piazza Portanova, per un incontro-lezione, che avr\u00e0 il compito di tracciare le linee principali del suo affascinante percorso artistico e professionale. L\u2019appuntamento, dalle\u2026","rel":"","context":"In &quot;Eventi&quot;","block_context":{"text":"Eventi","link":"https:\/\/www.pigrecoemme.com\/blog\/eventi\/"},"img":{"alt_text":"","src":"https:\/\/i0.wp.com\/www.pigrecoemme.com\/blog\/wp-content\/uploads\/2012\/04\/aniello-barone1-300x200.jpg?resize=350%2C200","width":350,"height":200},"classes":[]},{"id":2068,"url":"https:\/\/www.pigrecoemme.com\/blog\/incontro-fotografico-con-salvatore-di-vilio\/","url_meta":{"origin":2027,"position":4},"title":"Incontro fotografico con Salvatore di Vilio alla Pigrecoemme.","author":"Pigrecoemme","date":"15 Marzo 2018","format":false,"excerpt":"Sabato 17 marzo 2018 alle ore 16:00 Luca Sorbo, docente all'Accademia di Belle Arti di Napoli e coordinatore dei nostri corsi di fotografia, incontrer\u00e0 alla Pigrecoemme, uno dei fotografi pi\u00f9 interessanti del panorama campano e nazionale. Sar\u00e0 questa un'occasione per ripercorrere la sua vicenda professionale e artistica, impreziosita da collaborazioni\u2026","rel":"","context":"In &quot;Eventi&quot;","block_context":{"text":"Eventi","link":"https:\/\/www.pigrecoemme.com\/blog\/eventi\/"},"img":{"alt_text":"Salvatore Di Vilio","src":"https:\/\/i0.wp.com\/www.pigrecoemme.com\/blog\/wp-content\/uploads\/2018\/03\/salvatore-di-vilio-incontro.jpg?resize=350%2C200","width":350,"height":200,"srcset":"https:\/\/i0.wp.com\/www.pigrecoemme.com\/blog\/wp-content\/uploads\/2018\/03\/salvatore-di-vilio-incontro.jpg?resize=350%2C200 1x, https:\/\/i0.wp.com\/www.pigrecoemme.com\/blog\/wp-content\/uploads\/2018\/03\/salvatore-di-vilio-incontro.jpg?resize=525%2C300 1.5x, https:\/\/i0.wp.com\/www.pigrecoemme.com\/blog\/wp-content\/uploads\/2018\/03\/salvatore-di-vilio-incontro.jpg?resize=700%2C400 2x"},"classes":[]},{"id":1762,"url":"https:\/\/www.pigrecoemme.com\/blog\/lezione-gratuita-il-metodo-lab-e-il-workflow-del-fotografo-digitale\/","url_meta":{"origin":2027,"position":5},"title":"Lezione gratuita. La potenza del metodo LAB  ed il flusso di lavoro del fotografo digitale","author":"Pigrecoemme","date":"21 Settembre 2016","format":false,"excerpt":"Marted\u00ec 4 ottobre 2016 dalle 16:00 alle 18;30 alla Pigrecoemme, una lezione gratuita\u00a0per comprendere\u00a0qual \u00e8 il corretto flusso di lavoro quando si lavora con la fotografia digitale\u00a0e quali sono le potenzialit\u00e0 del metodo LAB, considerato il migliore per la correzione colore, per il contrasto, per la nitidezza e per ottenere\u2026","rel":"","context":"In &quot;Eventi&quot;","block_context":{"text":"Eventi","link":"https:\/\/www.pigrecoemme.com\/blog\/eventi\/"},"img":{"alt_text":"Lezione gratuita. Il metodo LAB e il workflow del fotografo digitale ","src":"https:\/\/i0.wp.com\/www.pigrecoemme.com\/blog\/wp-content\/uploads\/2016\/09\/lezionelmetodo-lab-photoshop-2.jpg?resize=350%2C200","width":350,"height":200,"srcset":"https:\/\/i0.wp.com\/www.pigrecoemme.com\/blog\/wp-content\/uploads\/2016\/09\/lezionelmetodo-lab-photoshop-2.jpg?resize=350%2C200 1x, https:\/\/i0.wp.com\/www.pigrecoemme.com\/blog\/wp-content\/uploads\/2016\/09\/lezionelmetodo-lab-photoshop-2.jpg?resize=525%2C300 1.5x, https:\/\/i0.wp.com\/www.pigrecoemme.com\/blog\/wp-content\/uploads\/2016\/09\/lezionelmetodo-lab-photoshop-2.jpg?resize=700%2C400 2x"},"classes":[]}],"jetpack_featured_media_url":"","_links":{"self":[{"href":"https:\/\/www.pigrecoemme.com\/blog\/wp-json\/wp\/v2\/posts\/2027","targetHints":{"allow":["GET"]}}],"collection":[{"href":"https:\/\/www.pigrecoemme.com\/blog\/wp-json\/wp\/v2\/posts"}],"about":[{"href":"https:\/\/www.pigrecoemme.com\/blog\/wp-json\/wp\/v2\/types\/post"}],"author":[{"embeddable":true,"href":"https:\/\/www.pigrecoemme.com\/blog\/wp-json\/wp\/v2\/users\/1"}],"replies":[{"embeddable":true,"href":"https:\/\/www.pigrecoemme.com\/blog\/wp-json\/wp\/v2\/comments?post=2027"}],"version-history":[{"count":0,"href":"https:\/\/www.pigrecoemme.com\/blog\/wp-json\/wp\/v2\/posts\/2027\/revisions"}],"wp:attachment":[{"href":"https:\/\/www.pigrecoemme.com\/blog\/wp-json\/wp\/v2\/media?parent=2027"}],"wp:term":[{"taxonomy":"category","embeddable":true,"href":"https:\/\/www.pigrecoemme.com\/blog\/wp-json\/wp\/v2\/categories?post=2027"},{"taxonomy":"post_tag","embeddable":true,"href":"https:\/\/www.pigrecoemme.com\/blog\/wp-json\/wp\/v2\/tags?post=2027"}],"curies":[{"name":"wp","href":"https:\/\/api.w.org\/{rel}","templated":true}]}}