{"id":202,"date":"2010-02-11T23:28:13","date_gmt":"2010-02-11T21:28:13","guid":{"rendered":"http:\/\/www.pigrecoemme.com\/blog\/?p=202"},"modified":"2010-02-11T23:28:13","modified_gmt":"2010-02-11T21:28:13","slug":"videoinchiesta-sul-potere","status":"publish","type":"post","link":"https:\/\/www.pigrecoemme.com\/blog\/videoinchiesta-sul-potere\/","title":{"rendered":"Videoinchiesta sul potere"},"content":{"rendered":"<p>Come forse gi\u00e0 saprete la sesta edizione dell&#8217;<em><a href=\"http:\/\/www.artedellafelicita.com\/index.php\" target=\"_blank\">Arte della felicit\u00e0<\/a><\/em> avr\u00e0 come tema il potere. In questi giorni Pigrecoemme sta realizzando per la prestigiosa rassegna \u00a0di incontri e conversazioni\u00a0una videoinchiesta sulla percezione del Potere, intervistando la \u201cgente comune\u201d in appositi spazi allestiti in luoghi di passaggio strategici.<\/p>\n<p>Tutte le persone interessate a partecipare all\u2019iniziativa possono recarsi presso:<\/p>\n<p><em>Multicinema Modernissimo<\/em><br \/>\nVia Cisterna dell&#8217;Olio 59, dall&#8217;8 al 14 febbraio dalle ore 18.00 alle ore 22.00<\/p>\n<p><em>Librerie La Feltrinelli<\/em><br \/>\ndalle ore 10.00 alle ore 17.00<\/p>\n<p>luned\u00ec 15 febbraio<br \/>\nStazione Centrale Piazza Garibaldi<\/p>\n<p>marted\u00ec 16 febbraio<br \/>\nvia S. Tommaso D&#8217;Aquino, 70\/76<\/p>\n<p>mercoled\u00ec 17 febbraio<br \/>\nVia S. Caterina a Chiaia, 23(ang. piazza dei Martiri)<\/p>\n<p><a href=\"https:\/\/i0.wp.com\/www.pigrecoemme.com\/blog\/wp-content\/uploads\/2010\/02\/videoinchiesta-sul-potere.jpg?ssl=1\"><img data-recalc-dims=\"1\" loading=\"lazy\" decoding=\"async\" class=\"aligncenter size-medium wp-image-203\" title=\"videoinchiesta sul potere\" src=\"https:\/\/i0.wp.com\/www.pigrecoemme.com\/blog\/wp-content\/uploads\/2010\/02\/videoinchiesta-sul-potere.jpg?resize=300%2C200&#038;ssl=1\" alt=\"\" width=\"300\" height=\"200\" srcset=\"https:\/\/i0.wp.com\/www.pigrecoemme.com\/blog\/wp-content\/uploads\/2010\/02\/videoinchiesta-sul-potere.jpg?resize=300%2C200&amp;ssl=1 300w, https:\/\/i0.wp.com\/www.pigrecoemme.com\/blog\/wp-content\/uploads\/2010\/02\/videoinchiesta-sul-potere.jpg?w=900&amp;ssl=1 900w\" sizes=\"auto, (max-width: 300px) 100vw, 300px\" \/><\/a><\/p>\n<p>Accorrete numerosi e non siate timidi!<\/p>\n","protected":false},"excerpt":{"rendered":"<p>Come forse gi\u00e0 saprete la sesta edizione dell&#8217;Arte della felicit\u00e0 avr\u00e0 come tema il potere. In questi giorni Pigrecoemme sta realizzando per la prestigiosa rassegna \u00a0di incontri e conversazioni\u00a0una videoinchiesta sulla percezione del Potere,&hellip;<\/p>\n","protected":false},"author":1,"featured_media":0,"comment_status":"open","ping_status":"open","sticky":false,"template":"","format":"standard","meta":{"_jetpack_newsletter_access":"","_jetpack_dont_email_post_to_subs":false,"_jetpack_newsletter_tier_id":0,"_jetpack_memberships_contains_paywalled_content":false,"_jetpack_feature_clip_id":0,"_jetpack_memberships_contains_paid_content":false,"footnotes":"","jetpack_post_was_ever_published":false},"categories":[11,12],"tags":[308,368,369],"class_list":["post-202","post","type-post","status-publish","format-standard","hentry","category-eventi","category-produzioni","tag-arte-della-felicita","tag-potere","tag-videoinchiesta"],"yoast_head":"<!-- This site is optimized with the Yoast SEO plugin v28.3 - https:\/\/yoast.com\/product\/yoast-seo-wordpress\/ -->\n<title>Videoinchiesta sul potere<\/title>\n<meta name=\"robots\" content=\"index, follow, max-snippet:-1, max-image-preview:large, max-video-preview:-1\" \/>\n<link rel=\"canonical\" href=\"https:\/\/www.pigrecoemme.com\/blog\/videoinchiesta-sul-potere\/\" \/>\n<meta property=\"og:locale\" content=\"it_IT\" \/>\n<meta property=\"og:type\" content=\"article\" \/>\n<meta property=\"og:title\" content=\"Videoinchiesta sul potere\" \/>\n<meta property=\"og:description\" content=\"Come forse gi\u00e0 saprete la sesta edizione dell&#8217;Arte della felicit\u00e0 avr\u00e0 come tema il potere. In questi giorni Pigrecoemme sta realizzando per la prestigiosa rassegna \u00a0di incontri e conversazioni\u00a0una videoinchiesta sulla percezione del Potere, intervistando la \u201cgente comune\u201d in appositi &hellip; Continue reading &rarr;\" \/>\n<meta property=\"og:url\" content=\"https:\/\/www.pigrecoemme.com\/blog\/videoinchiesta-sul-potere\/\" \/>\n<meta property=\"og:site_name\" content=\"Scuola di Cinema Pigrecoemme - Blog\" \/>\n<meta property=\"article:publisher\" content=\"https:\/\/www.facebook.com\/pigrecoemme\" \/>\n<meta property=\"article:author\" content=\"https:\/\/www.facebook.com\/giacomo.fabbrocino\" \/>\n<meta property=\"article:published_time\" content=\"2010-02-11T21:28:13+00:00\" \/>\n<meta property=\"og:image\" content=\"http:\/\/www.pigrecoemme.com\/blog\/wp-content\/uploads\/2010\/02\/videoinchiesta-sul-potere-300x200.jpg\" \/>\n<meta name=\"author\" content=\"Giacomo Fabbrocino\" \/>\n<meta name=\"twitter:card\" content=\"summary_large_image\" \/>\n<meta name=\"twitter:creator\" content=\"@Pigrecoemme\" \/>\n<meta name=\"twitter:site\" content=\"@Pigrecoemme\" \/>\n<meta name=\"twitter:label1\" content=\"Scritto da\" \/>\n\t<meta name=\"twitter:data1\" content=\"Giacomo Fabbrocino\" \/>\n\t<meta name=\"twitter:label2\" content=\"Tempo di lettura stimato\" \/>\n\t<meta name=\"twitter:data2\" content=\"1 minuto\" \/>\n<script type=\"application\/ld+json\" class=\"yoast-schema-graph\">{\"@context\":\"https:\\\/\\\/schema.org\",\"@graph\":[{\"@type\":[\"Article\",\"BlogPosting\"],\"@id\":\"https:\\\/\\\/www.pigrecoemme.com\\\/blog\\\/videoinchiesta-sul-potere\\\/#article\",\"isPartOf\":{\"@id\":\"https:\\\/\\\/www.pigrecoemme.com\\\/blog\\\/videoinchiesta-sul-potere\\\/\"},\"author\":{\"name\":\"Giacomo Fabbrocino\",\"@id\":\"https:\\\/\\\/www.pigrecoemme.com\\\/blog\\\/#\\\/schema\\\/person\\\/57fa822c3d209d3a2612fd0411ae63f4\"},\"headline\":\"Videoinchiesta sul potere\",\"datePublished\":\"2010-02-11T21:28:13+00:00\",\"mainEntityOfPage\":{\"@id\":\"https:\\\/\\\/www.pigrecoemme.com\\\/blog\\\/videoinchiesta-sul-potere\\\/\"},\"wordCount\":113,\"commentCount\":0,\"publisher\":{\"@id\":\"https:\\\/\\\/www.pigrecoemme.com\\\/blog\\\/#organization\"},\"image\":{\"@id\":\"https:\\\/\\\/www.pigrecoemme.com\\\/blog\\\/videoinchiesta-sul-potere\\\/#primaryimage\"},\"thumbnailUrl\":\"http:\\\/\\\/www.pigrecoemme.com\\\/blog\\\/wp-content\\\/uploads\\\/2010\\\/02\\\/videoinchiesta-sul-potere-300x200.jpg\",\"keywords\":[\"arte della felicit\u00e0\",\"potere\",\"videoinchiesta\"],\"articleSection\":[\"Eventi\",\"Produzioni\"],\"inLanguage\":\"it-IT\",\"potentialAction\":[{\"@type\":\"CommentAction\",\"name\":\"Comment\",\"target\":[\"https:\\\/\\\/www.pigrecoemme.com\\\/blog\\\/videoinchiesta-sul-potere\\\/#respond\"]}]},{\"@type\":\"WebPage\",\"@id\":\"https:\\\/\\\/www.pigrecoemme.com\\\/blog\\\/videoinchiesta-sul-potere\\\/\",\"url\":\"https:\\\/\\\/www.pigrecoemme.com\\\/blog\\\/videoinchiesta-sul-potere\\\/\",\"name\":\"Videoinchiesta sul potere\",\"isPartOf\":{\"@id\":\"https:\\\/\\\/www.pigrecoemme.com\\\/blog\\\/#website\"},\"primaryImageOfPage\":{\"@id\":\"https:\\\/\\\/www.pigrecoemme.com\\\/blog\\\/videoinchiesta-sul-potere\\\/#primaryimage\"},\"image\":{\"@id\":\"https:\\\/\\\/www.pigrecoemme.com\\\/blog\\\/videoinchiesta-sul-potere\\\/#primaryimage\"},\"thumbnailUrl\":\"http:\\\/\\\/www.pigrecoemme.com\\\/blog\\\/wp-content\\\/uploads\\\/2010\\\/02\\\/videoinchiesta-sul-potere-300x200.jpg\",\"datePublished\":\"2010-02-11T21:28:13+00:00\",\"breadcrumb\":{\"@id\":\"https:\\\/\\\/www.pigrecoemme.com\\\/blog\\\/videoinchiesta-sul-potere\\\/#breadcrumb\"},\"inLanguage\":\"it-IT\",\"potentialAction\":[{\"@type\":\"ReadAction\",\"target\":[\"https:\\\/\\\/www.pigrecoemme.com\\\/blog\\\/videoinchiesta-sul-potere\\\/\"]}]},{\"@type\":\"ImageObject\",\"inLanguage\":\"it-IT\",\"@id\":\"https:\\\/\\\/www.pigrecoemme.com\\\/blog\\\/videoinchiesta-sul-potere\\\/#primaryimage\",\"url\":\"http:\\\/\\\/www.pigrecoemme.com\\\/blog\\\/wp-content\\\/uploads\\\/2010\\\/02\\\/videoinchiesta-sul-potere-300x200.jpg\",\"contentUrl\":\"http:\\\/\\\/www.pigrecoemme.com\\\/blog\\\/wp-content\\\/uploads\\\/2010\\\/02\\\/videoinchiesta-sul-potere-300x200.jpg\"},{\"@type\":\"BreadcrumbList\",\"@id\":\"https:\\\/\\\/www.pigrecoemme.com\\\/blog\\\/videoinchiesta-sul-potere\\\/#breadcrumb\",\"itemListElement\":[{\"@type\":\"ListItem\",\"position\":1,\"name\":\"Home\",\"item\":\"https:\\\/\\\/www.pigrecoemme.com\\\/blog\\\/\"},{\"@type\":\"ListItem\",\"position\":2,\"name\":\"Videoinchiesta sul potere\"}]},{\"@type\":\"WebSite\",\"@id\":\"https:\\\/\\\/www.pigrecoemme.com\\\/blog\\\/#website\",\"url\":\"https:\\\/\\\/www.pigrecoemme.com\\\/blog\\\/\",\"name\":\"Scuola di Cinema Pigrecoemme - Blog\",\"description\":\"Siamo la prima Scuola di Cinema e Fotografia di Napoli\",\"publisher\":{\"@id\":\"https:\\\/\\\/www.pigrecoemme.com\\\/blog\\\/#organization\"},\"potentialAction\":[{\"@type\":\"SearchAction\",\"target\":{\"@type\":\"EntryPoint\",\"urlTemplate\":\"https:\\\/\\\/www.pigrecoemme.com\\\/blog\\\/?s={search_term_string}\"},\"query-input\":{\"@type\":\"PropertyValueSpecification\",\"valueRequired\":true,\"valueName\":\"search_term_string\"}}],\"inLanguage\":\"it-IT\"},{\"@type\":\"Organization\",\"@id\":\"https:\\\/\\\/www.pigrecoemme.com\\\/blog\\\/#organization\",\"name\":\"Scuola di cinema e fotografia Pigrecoemme\",\"url\":\"https:\\\/\\\/www.pigrecoemme.com\\\/blog\\\/\",\"logo\":{\"@type\":\"ImageObject\",\"inLanguage\":\"it-IT\",\"@id\":\"https:\\\/\\\/www.pigrecoemme.com\\\/blog\\\/#\\\/schema\\\/logo\\\/image\\\/\",\"url\":\"https:\\\/\\\/i0.wp.com\\\/www.pigrecoemme.com\\\/blog\\\/wp-content\\\/uploads\\\/2018\\\/06\\\/logo-pigrecoemme-2018.png?fit=500%2C500&ssl=1\",\"contentUrl\":\"https:\\\/\\\/i0.wp.com\\\/www.pigrecoemme.com\\\/blog\\\/wp-content\\\/uploads\\\/2018\\\/06\\\/logo-pigrecoemme-2018.png?fit=500%2C500&ssl=1\",\"width\":500,\"height\":500,\"caption\":\"Scuola di cinema e fotografia Pigrecoemme\"},\"image\":{\"@id\":\"https:\\\/\\\/www.pigrecoemme.com\\\/blog\\\/#\\\/schema\\\/logo\\\/image\\\/\"},\"sameAs\":[\"https:\\\/\\\/www.facebook.com\\\/pigrecoemme\",\"https:\\\/\\\/x.com\\\/Pigrecoemme\",\"https:\\\/\\\/www.instagram.com\\\/pigrecoemme\\\/\",\"https:\\\/\\\/www.linkedin.com\\\/company\\\/pigrecoemme\\\/\",\"https:\\\/\\\/www.youtube.com\\\/pigrecoemme\"]},{\"@type\":\"Person\",\"@id\":\"https:\\\/\\\/www.pigrecoemme.com\\\/blog\\\/#\\\/schema\\\/person\\\/57fa822c3d209d3a2612fd0411ae63f4\",\"name\":\"Giacomo Fabbrocino\",\"image\":{\"@type\":\"ImageObject\",\"inLanguage\":\"it-IT\",\"@id\":\"https:\\\/\\\/secure.gravatar.com\\\/avatar\\\/0e4dfd4d05c06a03fffaffeb36fb181415ba11b91a6b566fa2e8ada75927db32?s=96&r=g\",\"url\":\"https:\\\/\\\/secure.gravatar.com\\\/avatar\\\/0e4dfd4d05c06a03fffaffeb36fb181415ba11b91a6b566fa2e8ada75927db32?s=96&r=g\",\"contentUrl\":\"https:\\\/\\\/secure.gravatar.com\\\/avatar\\\/0e4dfd4d05c06a03fffaffeb36fb181415ba11b91a6b566fa2e8ada75927db32?s=96&r=g\",\"caption\":\"Giacomo Fabbrocino\"},\"description\":\"Montatore cinematografico, autore di documentari sull'arte e di video d'artista, Giacomo \u00e8 responsabile della didattica e della comunicazione web della Scuola di Cinema, Fotografia e Televisione Pigrecoemme di Napoli.\",\"sameAs\":[\"http:\\\/\\\/www.pigrecoemme.com\\\/\",\"https:\\\/\\\/www.facebook.com\\\/giacomo.fabbrocino\"],\"url\":\"https:\\\/\\\/www.pigrecoemme.com\\\/blog\\\/author\\\/giacomo-fabbrocino\\\/\"}]}<\/script>\n<!-- \/ Yoast SEO plugin. -->","yoast_head_json":{"title":"Videoinchiesta sul potere","robots":{"index":"index","follow":"follow","max-snippet":"max-snippet:-1","max-image-preview":"max-image-preview:large","max-video-preview":"max-video-preview:-1"},"canonical":"https:\/\/www.pigrecoemme.com\/blog\/videoinchiesta-sul-potere\/","og_locale":"it_IT","og_type":"article","og_title":"Videoinchiesta sul potere","og_description":"Come forse gi\u00e0 saprete la sesta edizione dell&#8217;Arte della felicit\u00e0 avr\u00e0 come tema il potere. In questi giorni Pigrecoemme sta realizzando per la prestigiosa rassegna \u00a0di incontri e conversazioni\u00a0una videoinchiesta sulla percezione del Potere, intervistando la \u201cgente comune\u201d in appositi &hellip; Continue reading &rarr;","og_url":"https:\/\/www.pigrecoemme.com\/blog\/videoinchiesta-sul-potere\/","og_site_name":"Scuola di Cinema Pigrecoemme - Blog","article_publisher":"https:\/\/www.facebook.com\/pigrecoemme","article_author":"https:\/\/www.facebook.com\/giacomo.fabbrocino","article_published_time":"2010-02-11T21:28:13+00:00","og_image":[{"url":"http:\/\/www.pigrecoemme.com\/blog\/wp-content\/uploads\/2010\/02\/videoinchiesta-sul-potere-300x200.jpg","type":"","width":"","height":""}],"author":"Giacomo Fabbrocino","twitter_card":"summary_large_image","twitter_creator":"@Pigrecoemme","twitter_site":"@Pigrecoemme","twitter_misc":{"Scritto da":"Giacomo Fabbrocino","Tempo di lettura stimato":"1 minuto"},"schema":{"@context":"https:\/\/schema.org","@graph":[{"@type":["Article","BlogPosting"],"@id":"https:\/\/www.pigrecoemme.com\/blog\/videoinchiesta-sul-potere\/#article","isPartOf":{"@id":"https:\/\/www.pigrecoemme.com\/blog\/videoinchiesta-sul-potere\/"},"author":{"name":"Giacomo Fabbrocino","@id":"https:\/\/www.pigrecoemme.com\/blog\/#\/schema\/person\/57fa822c3d209d3a2612fd0411ae63f4"},"headline":"Videoinchiesta sul potere","datePublished":"2010-02-11T21:28:13+00:00","mainEntityOfPage":{"@id":"https:\/\/www.pigrecoemme.com\/blog\/videoinchiesta-sul-potere\/"},"wordCount":113,"commentCount":0,"publisher":{"@id":"https:\/\/www.pigrecoemme.com\/blog\/#organization"},"image":{"@id":"https:\/\/www.pigrecoemme.com\/blog\/videoinchiesta-sul-potere\/#primaryimage"},"thumbnailUrl":"http:\/\/www.pigrecoemme.com\/blog\/wp-content\/uploads\/2010\/02\/videoinchiesta-sul-potere-300x200.jpg","keywords":["arte della felicit\u00e0","potere","videoinchiesta"],"articleSection":["Eventi","Produzioni"],"inLanguage":"it-IT","potentialAction":[{"@type":"CommentAction","name":"Comment","target":["https:\/\/www.pigrecoemme.com\/blog\/videoinchiesta-sul-potere\/#respond"]}]},{"@type":"WebPage","@id":"https:\/\/www.pigrecoemme.com\/blog\/videoinchiesta-sul-potere\/","url":"https:\/\/www.pigrecoemme.com\/blog\/videoinchiesta-sul-potere\/","name":"Videoinchiesta sul potere","isPartOf":{"@id":"https:\/\/www.pigrecoemme.com\/blog\/#website"},"primaryImageOfPage":{"@id":"https:\/\/www.pigrecoemme.com\/blog\/videoinchiesta-sul-potere\/#primaryimage"},"image":{"@id":"https:\/\/www.pigrecoemme.com\/blog\/videoinchiesta-sul-potere\/#primaryimage"},"thumbnailUrl":"http:\/\/www.pigrecoemme.com\/blog\/wp-content\/uploads\/2010\/02\/videoinchiesta-sul-potere-300x200.jpg","datePublished":"2010-02-11T21:28:13+00:00","breadcrumb":{"@id":"https:\/\/www.pigrecoemme.com\/blog\/videoinchiesta-sul-potere\/#breadcrumb"},"inLanguage":"it-IT","potentialAction":[{"@type":"ReadAction","target":["https:\/\/www.pigrecoemme.com\/blog\/videoinchiesta-sul-potere\/"]}]},{"@type":"ImageObject","inLanguage":"it-IT","@id":"https:\/\/www.pigrecoemme.com\/blog\/videoinchiesta-sul-potere\/#primaryimage","url":"http:\/\/www.pigrecoemme.com\/blog\/wp-content\/uploads\/2010\/02\/videoinchiesta-sul-potere-300x200.jpg","contentUrl":"http:\/\/www.pigrecoemme.com\/blog\/wp-content\/uploads\/2010\/02\/videoinchiesta-sul-potere-300x200.jpg"},{"@type":"BreadcrumbList","@id":"https:\/\/www.pigrecoemme.com\/blog\/videoinchiesta-sul-potere\/#breadcrumb","itemListElement":[{"@type":"ListItem","position":1,"name":"Home","item":"https:\/\/www.pigrecoemme.com\/blog\/"},{"@type":"ListItem","position":2,"name":"Videoinchiesta sul potere"}]},{"@type":"WebSite","@id":"https:\/\/www.pigrecoemme.com\/blog\/#website","url":"https:\/\/www.pigrecoemme.com\/blog\/","name":"Scuola di Cinema Pigrecoemme - Blog","description":"Siamo la prima Scuola di Cinema e Fotografia di Napoli","publisher":{"@id":"https:\/\/www.pigrecoemme.com\/blog\/#organization"},"potentialAction":[{"@type":"SearchAction","target":{"@type":"EntryPoint","urlTemplate":"https:\/\/www.pigrecoemme.com\/blog\/?s={search_term_string}"},"query-input":{"@type":"PropertyValueSpecification","valueRequired":true,"valueName":"search_term_string"}}],"inLanguage":"it-IT"},{"@type":"Organization","@id":"https:\/\/www.pigrecoemme.com\/blog\/#organization","name":"Scuola di cinema e fotografia Pigrecoemme","url":"https:\/\/www.pigrecoemme.com\/blog\/","logo":{"@type":"ImageObject","inLanguage":"it-IT","@id":"https:\/\/www.pigrecoemme.com\/blog\/#\/schema\/logo\/image\/","url":"https:\/\/i0.wp.com\/www.pigrecoemme.com\/blog\/wp-content\/uploads\/2018\/06\/logo-pigrecoemme-2018.png?fit=500%2C500&ssl=1","contentUrl":"https:\/\/i0.wp.com\/www.pigrecoemme.com\/blog\/wp-content\/uploads\/2018\/06\/logo-pigrecoemme-2018.png?fit=500%2C500&ssl=1","width":500,"height":500,"caption":"Scuola di cinema e fotografia Pigrecoemme"},"image":{"@id":"https:\/\/www.pigrecoemme.com\/blog\/#\/schema\/logo\/image\/"},"sameAs":["https:\/\/www.facebook.com\/pigrecoemme","https:\/\/x.com\/Pigrecoemme","https:\/\/www.instagram.com\/pigrecoemme\/","https:\/\/www.linkedin.com\/company\/pigrecoemme\/","https:\/\/www.youtube.com\/pigrecoemme"]},{"@type":"Person","@id":"https:\/\/www.pigrecoemme.com\/blog\/#\/schema\/person\/57fa822c3d209d3a2612fd0411ae63f4","name":"Giacomo Fabbrocino","image":{"@type":"ImageObject","inLanguage":"it-IT","@id":"https:\/\/secure.gravatar.com\/avatar\/0e4dfd4d05c06a03fffaffeb36fb181415ba11b91a6b566fa2e8ada75927db32?s=96&r=g","url":"https:\/\/secure.gravatar.com\/avatar\/0e4dfd4d05c06a03fffaffeb36fb181415ba11b91a6b566fa2e8ada75927db32?s=96&r=g","contentUrl":"https:\/\/secure.gravatar.com\/avatar\/0e4dfd4d05c06a03fffaffeb36fb181415ba11b91a6b566fa2e8ada75927db32?s=96&r=g","caption":"Giacomo Fabbrocino"},"description":"Montatore cinematografico, autore di documentari sull'arte e di video d'artista, Giacomo \u00e8 responsabile della didattica e della comunicazione web della Scuola di Cinema, Fotografia e Televisione Pigrecoemme di Napoli.","sameAs":["http:\/\/www.pigrecoemme.com\/","https:\/\/www.facebook.com\/giacomo.fabbrocino"],"url":"https:\/\/www.pigrecoemme.com\/blog\/author\/giacomo-fabbrocino\/"}]}},"jetpack_sharing_enabled":true,"jetpack_likes_enabled":true,"jetpack-related-posts":[{"id":213,"url":"https:\/\/www.pigrecoemme.com\/blog\/la-nostra-video-inchiesta-sul-potere-da-lunedi-al-modernissimo\/","url_meta":{"origin":202,"position":0},"title":"La nostra video-inchiesta sul potere da luned\u00ec al Modernissimo","author":"Giacomo Fabbrocino","date":"18 Marzo 2010","format":false,"excerpt":"Da lunedi 22 a domenica 28 marzo, presso lo Spazio Videodrome del Multicinema Modernissimo, sar\u00e0 in proiezione alle ore 18.00 la video-inchiesta da noi realizzata per per la rassegna \"l'arte della felicit\u00e0\". Il video, diretto e montato da Giacomo Fabbrocino, ha aperto ieri, mercoled\u00ec 17 marzo, al cinema Ambasciatori di\u2026","rel":"","context":"In &quot;Eventi&quot;","block_context":{"text":"Eventi","link":"https:\/\/www.pigrecoemme.com\/blog\/eventi\/"},"img":{"alt_text":"","src":"","width":0,"height":0},"classes":[]},{"id":204,"url":"https:\/\/www.pigrecoemme.com\/blog\/la-scuola-di-cinema-pigrecoemme-cerca-fotografi-incontro-martedi-23-febbraio\/","url_meta":{"origin":202,"position":1},"title":"La Scuola di cinema Pigrecoemme cerca fotografi. Incontro marted\u00ec 23 febbraio","author":"Giacomo Fabbrocino","date":"18 Febbraio 2010","format":false,"excerpt":"Dopo la collaborazione con la prestigiosa rassegna l'Arte della felicit\u00e0 e con l'associazione Achab, che anche quest'anno produrr\u00e0 con Pigrecoemme un'importante mostra fotografica di prossima vernice, continua la ricerca di nuovi fotografi che la Scuola di cinema e fotografia di Napoli ha intrapreso ormai da tempo. Obiettivo: la promozione del\u2026","rel":"","context":"In &quot;Fotografia&quot;","block_context":{"text":"Fotografia","link":"https:\/\/www.pigrecoemme.com\/blog\/fotografia\/"},"img":{"alt_text":"MonTI RoSa","src":"https:\/\/i0.wp.com\/farm5.static.flickr.com\/4061\/4365998774_f3a5b64138.jpg?resize=350%2C200","width":350,"height":200},"classes":[]},{"id":414,"url":"https:\/\/www.pigrecoemme.com\/blog\/una-storia-invisibile-al-napolifilmfestival\/","url_meta":{"origin":202,"position":2},"title":"Una storia invisibile affronta il problema dell&#8217;inquinamento elettromagnetico al NapoliFilmFestival","author":"Giacomo Fabbrocino","date":"12 Ottobre 2011","format":false,"excerpt":"Il dramma dell\u2019elettrosmog si espande al NapoliFilmFestival. Gioved\u00ec 13 ottobre, alle ore 18,10, nella sezione Concorso SchermoNapoli Documentari, ci sar\u00e0 la proiezione, in prima cittadina, di \"Una storia invisibile\", videoinchiesta di Antonio Longo, coprodotta dalla Scuola di cinema Pigrecoemme di Napoli, sul problema dell\u2019inquinamento elettromagnetico nell\u2019area collinare dei Camaldoli. Il\u2026","rel":"","context":"In &quot;Eventi&quot;","block_context":{"text":"Eventi","link":"https:\/\/www.pigrecoemme.com\/blog\/eventi\/"},"img":{"alt_text":"napolifilmfestival 2011","src":"https:\/\/i0.wp.com\/www.pigrecoemme.com\/blog\/wp-content\/uploads\/2011\/09\/napolifilmfestival-150x150.jpg?resize=350%2C200","width":350,"height":200},"classes":[]},{"id":228,"url":"https:\/\/www.pigrecoemme.com\/blog\/video-inchiesta-sul-potere\/","url_meta":{"origin":202,"position":3},"title":"VIDEO-INCHIESTA SUL POTERE","author":"Giacomo Fabbrocino","date":"29 Aprile 2010","format":false,"excerpt":"VIDEO-INCHIESTA SUL POTERE from Scuola di cinema Pigrecoemme on Vimeo. Ecco la versione integrale della video-inchiesta da noi realizzata in collaborazione con L\u2019arte della felicit\u00e0 - incontri e conversazioni sul Potere, che ha inaugurato la manifestazione mercoled\u00ec 17 marzo al cinema Ambasciatori di Napoli. Centocinquantaquattro interviste girate presso le tre\u2026","rel":"","context":"In &quot;Eventi&quot;","block_context":{"text":"Eventi","link":"https:\/\/www.pigrecoemme.com\/blog\/eventi\/"},"img":{"alt_text":"","src":"","width":0,"height":0},"classes":[]},{"id":1499,"url":"https:\/\/www.pigrecoemme.com\/blog\/napoli-film-festival-2015-day-4-quarto-potere\/","url_meta":{"origin":202,"position":4},"title":"Napoli Film Festival 2015 Day 4: Quarto potere","author":"Rossella Scialla","date":"2 Ottobre 2015","format":false,"excerpt":"Voleva tornare l\u00ec, in quel luogo ameno dove la felicit\u00e0 seduceva con la sua naturalezza, in maniera ineluttabile. Dopo non sarebbe stato pi\u00f9 cos\u00ec. Tony Pagoda e i suoi amici Ci si avvicina in due modi a un film come Quarto potere (Citizen Kane) di O. Welles, proiettato ieri al\u2026","rel":"","context":"In &quot;Eventi&quot;","block_context":{"text":"Eventi","link":"https:\/\/www.pigrecoemme.com\/blog\/eventi\/"},"img":{"alt_text":"nff-day1","src":"https:\/\/i0.wp.com\/www.pigrecoemme.com\/blog\/wp-content\/uploads\/2015\/10\/nff-day11.jpg?resize=350%2C200","width":350,"height":200},"classes":[]},{"id":598,"url":"https:\/\/www.pigrecoemme.com\/blog\/incontro-con-claudio-di-palma-27-febbraio-ore-1100\/","url_meta":{"origin":202,"position":5},"title":"Incontro con Claudio Di Palma &#8211; 27 febbraio ore 11.00","author":"Giacomo Fabbrocino","date":"20 Febbraio 2013","format":false,"excerpt":"Mercoled\u00ec 27 febbraio alle ore 11.00 Claudio Di Palma incontrer\u00e0 gli allievi e gli ex allievi della Pigrecoemme per parlare di cinema, teatro e del suo ultimo spettacolo \"La finestra sul cortile\" (in scena al Teatro Nuovo di Napoli dal 12 al 17 marzo) , ispirato al medesimo racconto di\u2026","rel":"","context":"In &quot;Eventi&quot;","block_context":{"text":"Eventi","link":"https:\/\/www.pigrecoemme.com\/blog\/eventi\/"},"img":{"alt_text":"Claudio Di Palma","src":"https:\/\/i0.wp.com\/www.pigrecoemme.com\/blog\/wp-content\/uploads\/2013\/02\/claudio-di-palma-261x300.jpg?resize=350%2C200","width":350,"height":200},"classes":[]}],"jetpack_featured_media_url":"","_links":{"self":[{"href":"https:\/\/www.pigrecoemme.com\/blog\/wp-json\/wp\/v2\/posts\/202","targetHints":{"allow":["GET"]}}],"collection":[{"href":"https:\/\/www.pigrecoemme.com\/blog\/wp-json\/wp\/v2\/posts"}],"about":[{"href":"https:\/\/www.pigrecoemme.com\/blog\/wp-json\/wp\/v2\/types\/post"}],"author":[{"embeddable":true,"href":"https:\/\/www.pigrecoemme.com\/blog\/wp-json\/wp\/v2\/users\/1"}],"replies":[{"embeddable":true,"href":"https:\/\/www.pigrecoemme.com\/blog\/wp-json\/wp\/v2\/comments?post=202"}],"version-history":[{"count":0,"href":"https:\/\/www.pigrecoemme.com\/blog\/wp-json\/wp\/v2\/posts\/202\/revisions"}],"wp:attachment":[{"href":"https:\/\/www.pigrecoemme.com\/blog\/wp-json\/wp\/v2\/media?parent=202"}],"wp:term":[{"taxonomy":"category","embeddable":true,"href":"https:\/\/www.pigrecoemme.com\/blog\/wp-json\/wp\/v2\/categories?post=202"},{"taxonomy":"post_tag","embeddable":true,"href":"https:\/\/www.pigrecoemme.com\/blog\/wp-json\/wp\/v2\/tags?post=202"}],"curies":[{"name":"wp","href":"https:\/\/api.w.org\/{rel}","templated":true}]}}