{"id":1961,"date":"2017-09-13T13:29:37","date_gmt":"2017-09-13T11:29:37","guid":{"rendered":"http:\/\/www.pigrecoemme.com\/blog\/?p=1961"},"modified":"2017-09-15T09:49:43","modified_gmt":"2017-09-15T07:49:43","slug":"lultima-vita-della-gatta-cenerentola","status":"publish","type":"post","link":"https:\/\/www.pigrecoemme.com\/blog\/lultima-vita-della-gatta-cenerentola\/","title":{"rendered":"L&#8217;ultima vita della Gatta Cenerentola"},"content":{"rendered":"<p><a href=\"https:\/\/i0.wp.com\/www.pigrecoemme.com\/blog\/wp-content\/uploads\/2017\/09\/gatta-cenerentola-2.png?ssl=1\"><img data-recalc-dims=\"1\" loading=\"lazy\" decoding=\"async\" class=\"aligncenter size-full wp-image-1964\" src=\"https:\/\/i0.wp.com\/www.pigrecoemme.com\/blog\/wp-content\/uploads\/2017\/09\/gatta-cenerentola-2.png?resize=484%2C252&#038;ssl=1\" alt=\"\" width=\"484\" height=\"252\" srcset=\"https:\/\/i0.wp.com\/www.pigrecoemme.com\/blog\/wp-content\/uploads\/2017\/09\/gatta-cenerentola-2.png?w=484&amp;ssl=1 484w, https:\/\/i0.wp.com\/www.pigrecoemme.com\/blog\/wp-content\/uploads\/2017\/09\/gatta-cenerentola-2.png?resize=300%2C156&amp;ssl=1 300w\" sizes=\"auto, (max-width: 484px) 100vw, 484px\" \/><\/a><\/p>\n<p>In principio fu&nbsp;<strong>Giambattista Basile<\/strong>. O forse no. Perch\u00e9 la storia dell&#8217;orfana costretta a servire matrigna e sorellastre sembrerebbe avere origini cinesi o egiziane, addirittura. La verit\u00e0 \u00e8 che, come sempre, la tradizione orale di miti, racconti e leggende fa s\u00ec che sia difficile risalire alla vera origine degli stessi.&nbsp;<strong>Basile<\/strong>, per\u00f2, giunse prima di&nbsp;<strong>Perrault<\/strong> e dei&nbsp;<strong>Fratelli Grimm<\/strong> cui si ispir\u00f2&nbsp;<strong>Disney<\/strong> per il suo celeberrimo lungometraggio di animazione nel 1950. Inutile dire che la coraggiosa operazione della&nbsp;<strong>MAD Entertainment<\/strong> di&nbsp;<strong>Luciano Stella<\/strong>, firmata da&nbsp;<strong>Alessandro Rak<\/strong> (gi\u00e0 regista del precedente&nbsp;<em>L&#8217;arte della felicit\u00e0<\/em>, Oscar europeo come miglior film d&#8217;animazione nel 2014 e fratello di <strong>Michele Rak<\/strong>, ovvero uno dei pi\u00f9 importanti studiosi dell&#8217;opera di <strong>Basile<\/strong>),&nbsp;<strong>Ivan Cappiello<\/strong>,&nbsp;<strong>Marino Guarnieri<\/strong> e&nbsp;<strong>Dario Sansone<\/strong>, guarda soprattutto a&nbsp;<strong>Napoli<\/strong> e quindi a&nbsp;<em>Lo Cunto de li Cunti<\/em> del 1634 ed alla versione teatrale di&nbsp;<strong>Roberto De Simone&nbsp;<\/strong>del 1976. Noi di&nbsp;<strong>Pigrecoemme<\/strong> siamo particolarmente legati a questo film, dato che tra gli sceneggiatori di&nbsp;<em>Gatta Cenerentola<\/em> figura anche il nostro docente e fondatore <strong>Corrado Morra<\/strong>.<\/p>\n<p><!--more--><\/p>\n<p>Si \u00e8 parlato, a proposito della&nbsp;<em>Gatta Cenerentola<\/em> animata, di contaminazione. Contaminazione che, come riconosciuto dallo stesso produttore&nbsp;<strong>Luciano Stella<\/strong>, era alla base anche dell&#8217;operazione del maestro&nbsp;<strong>De Simone<\/strong> il quale, partendo dalla novella del&nbsp;<strong>Basile<\/strong>, vi innestava elementi di altre leggende orali, musica popolare (tarantelle e villanelle), mitologia gender tutta partenopea (i femminielli). Qui la contaminazione si realizza a pi\u00f9 livelli: di scrittura (favola, sceneggiata e cyberpunk), musicale (tradizione e suono <em>newpolitano<\/em> per dirla con&nbsp;<strong>Federico Vacalebre<\/strong>) e visivo (la protagonista <strong>Mia<\/strong> rimanda a&nbsp;<em>Tank Girl<\/em> mentre l&#8217;animazione viaggia, in modo del tutto originale, tra suggestioni di <strong>Sylvain Chomet<\/strong> e&nbsp;<strong>Ari Folman<\/strong>). Contaminazione che, lungi dall&#8217;essere indice di un&#8217;operazione derivativa, va intesa nel senso nobile del termine, che \u00e8 anche un po&#8217; la cifra di una citt\u00e0 come&nbsp;<strong>Napoli<\/strong> la quale, per motivi storici e politici, nasce nel segno del meltin&#8217; pot linguistico e culturale.&nbsp;<\/p>\n<p><iframe loading=\"lazy\" title=\"Gatta Cenerentola | Trailer Ufficiale HD\" width=\"860\" height=\"484\" src=\"https:\/\/www.youtube.com\/embed\/lwRM12OiZK8?feature=oembed\" frameborder=\"0\" allow=\"accelerometer; autoplay; clipboard-write; encrypted-media; gyroscope; picture-in-picture; web-share\" referrerpolicy=\"strict-origin-when-cross-origin\" allowfullscreen><\/iframe><\/p>\n<p>Ma&nbsp;<em>Gatta Cenerentola<\/em> non \u00e8 solo un esercizio di stile raffinato e decisamente riuscito. Si presenta anche, cosa abbastanza rara nel cinema italiano <em>tout court<\/em>, con un sottotesto politico per nulla scontato. Il Polo della Scienza e della Memoria che l&#8217;ingegnere&nbsp;<strong>Basile<\/strong> fonda nell&#8217;<em>incipit<\/em>, omaggio ai cinegiornali&nbsp;<strong>Luce<\/strong>, rimanda ad un passato non cos\u00ec remoto, quello del rinascimento napoletano di met\u00e0 anni &#8217;90 del secolo scorso. Ma ben presto quell&#8217;occasione di sviluppo, quell&#8217;opportunit\u00e0 di rinascita vengono seppellite nella nave\/tomba che non a caso si chiama&nbsp;<strong>Megaride<\/strong> come l&#8217;isolotto dove fu sepolta la sirena&nbsp;<strong>Partenope<\/strong>. Complici di questo delitto sono gli stessi abitanti della citt\u00e0 che vengono chiamati in causa da un brano musicale egregiamente cantato da&nbsp;<strong>Massimiliano Gallo<\/strong>, voce di&nbsp;<strong>Salvatore Lo Giusto<\/strong>, <strong>&#8216;O Rre<\/strong>. Si tratta di una storia di fantasmi, lo si dice apertamente nel film, fantasmi di una rivalsa che si \u00e8 affacciata negli anni passati, ma che \u00e8 stata soffocata dalla malapolitica, dal pigro fatalismo di una popolazione che pensa che la nottata eduardiana passi da sola. La speranza \u00e8 che&nbsp;<strong>Napoli<\/strong> smetta di sentirsi sorellastra di dominatori\/matrigne, si riappropri della propria identit\u00e0 senza, per\u00f2, guardare nostalgicamente ad un passato che fu comunque di dominazione (il culto neoborbonico trasversalmente avallato da fazioni politiche, altrove inconciliabili). La speranza \u00e8 quella di ripartire da una ragazza il cui nome \u00e8 un aggettivo possessivo, da urlare con forza e dignit\u00e0 a chi prova a insediarsi, a usurpare. La speranza \u00e8&nbsp;<strong>MIA<\/strong>.<em>&nbsp;<\/em><\/p>\n","protected":false},"excerpt":{"rendered":"<p>La MAD Entertainment<\/p>\n","protected":false},"author":3,"featured_media":0,"comment_status":"open","ping_status":"open","sticky":false,"template":"","format":"standard","meta":{"_jetpack_newsletter_access":"","_jetpack_dont_email_post_to_subs":false,"_jetpack_newsletter_tier_id":0,"_jetpack_memberships_contains_paywalled_content":false,"_jetpack_feature_clip_id":0,"_jetpack_memberships_contains_paid_content":false,"footnotes":"","jetpack_post_was_ever_published":false},"categories":[950],"tags":[1884,1888,1892,1887,1875,1885,1890,1652,1889,77,1891,1886],"class_list":["post-1961","post","type-post","status-publish","format-standard","hentry","category-analisi-e-critica-2","tag-animazione","tag-ari-folman","tag-cappiello","tag-chomet","tag-gatta-cenerentola","tag-giambattista-basile","tag-guarnieri","tag-luciano-stella","tag-mad-entertainment","tag-napoli","tag-rak","tag-roberto-de-simone"],"yoast_head":"<!-- This site is optimized with the Yoast SEO plugin v28.3 - https:\/\/yoast.com\/product\/yoast-seo-wordpress\/ -->\n<title>L&#039;ultima vita della Gatta Cenerentola<\/title>\n<meta name=\"description\" content=\"Da Gianbattista Basile all&#039;animazione napoletana della factory MAD\" \/>\n<meta name=\"robots\" content=\"index, follow, max-snippet:-1, max-image-preview:large, max-video-preview:-1\" \/>\n<link rel=\"canonical\" href=\"https:\/\/www.pigrecoemme.com\/blog\/lultima-vita-della-gatta-cenerentola\/\" \/>\n<meta property=\"og:locale\" content=\"it_IT\" \/>\n<meta property=\"og:type\" content=\"article\" \/>\n<meta property=\"og:title\" content=\"L&#039;ultima vita della Gatta Cenerentola\" \/>\n<meta property=\"og:description\" content=\"Da Gianbattista Basile all&#039;animazione napoletana della factory MAD\" \/>\n<meta property=\"og:url\" content=\"https:\/\/www.pigrecoemme.com\/blog\/lultima-vita-della-gatta-cenerentola\/\" \/>\n<meta property=\"og:site_name\" content=\"Scuola di Cinema Pigrecoemme - Blog\" \/>\n<meta property=\"article:publisher\" content=\"https:\/\/www.facebook.com\/pigrecoemme\" \/>\n<meta property=\"article:author\" content=\"https:\/\/www.facebook.com\/rosario.gallone\" \/>\n<meta property=\"article:published_time\" content=\"2017-09-13T11:29:37+00:00\" \/>\n<meta property=\"article:modified_time\" content=\"2017-09-15T07:49:43+00:00\" \/>\n<meta property=\"og:image\" content=\"http:\/\/www.pigrecoemme.com\/blog\/wp-content\/uploads\/2017\/09\/gatta-cenerentola-2.png\" \/>\n<meta name=\"author\" content=\"Rosario Gallone\" \/>\n<meta name=\"twitter:card\" content=\"summary_large_image\" \/>\n<meta name=\"twitter:creator\" content=\"@RosarioGallone\" \/>\n<meta name=\"twitter:site\" content=\"@Pigrecoemme\" \/>\n<meta name=\"twitter:label1\" content=\"Scritto da\" \/>\n\t<meta name=\"twitter:data1\" content=\"Rosario Gallone\" \/>\n\t<meta name=\"twitter:label2\" content=\"Tempo di lettura stimato\" \/>\n\t<meta name=\"twitter:data2\" content=\"3 minuti\" \/>\n<script type=\"application\/ld+json\" class=\"yoast-schema-graph\">{\"@context\":\"https:\\\/\\\/schema.org\",\"@graph\":[{\"@type\":[\"Article\",\"BlogPosting\"],\"@id\":\"https:\\\/\\\/www.pigrecoemme.com\\\/blog\\\/lultima-vita-della-gatta-cenerentola\\\/#article\",\"isPartOf\":{\"@id\":\"https:\\\/\\\/www.pigrecoemme.com\\\/blog\\\/lultima-vita-della-gatta-cenerentola\\\/\"},\"author\":{\"name\":\"Rosario Gallone\",\"@id\":\"https:\\\/\\\/www.pigrecoemme.com\\\/blog\\\/#\\\/schema\\\/person\\\/3fdd423e7c221a503812a1e86daec850\"},\"headline\":\"L&#8217;ultima vita della Gatta Cenerentola\",\"datePublished\":\"2017-09-13T11:29:37+00:00\",\"dateModified\":\"2017-09-15T07:49:43+00:00\",\"mainEntityOfPage\":{\"@id\":\"https:\\\/\\\/www.pigrecoemme.com\\\/blog\\\/lultima-vita-della-gatta-cenerentola\\\/\"},\"wordCount\":614,\"commentCount\":0,\"publisher\":{\"@id\":\"https:\\\/\\\/www.pigrecoemme.com\\\/blog\\\/#organization\"},\"image\":{\"@id\":\"https:\\\/\\\/www.pigrecoemme.com\\\/blog\\\/lultima-vita-della-gatta-cenerentola\\\/#primaryimage\"},\"thumbnailUrl\":\"http:\\\/\\\/www.pigrecoemme.com\\\/blog\\\/wp-content\\\/uploads\\\/2017\\\/09\\\/gatta-cenerentola-2.png\",\"keywords\":[\"animazione\",\"ari folman\",\"cappiello\",\"chomet\",\"gatta cenerentola\",\"giambattista basile\",\"guarnieri\",\"luciano stella\",\"mad entertainment\",\"napoli\",\"rak\",\"roberto de simone\"],\"articleSection\":[\"Analisi e Critica\"],\"inLanguage\":\"it-IT\",\"potentialAction\":[{\"@type\":\"CommentAction\",\"name\":\"Comment\",\"target\":[\"https:\\\/\\\/www.pigrecoemme.com\\\/blog\\\/lultima-vita-della-gatta-cenerentola\\\/#respond\"]}]},{\"@type\":\"WebPage\",\"@id\":\"https:\\\/\\\/www.pigrecoemme.com\\\/blog\\\/lultima-vita-della-gatta-cenerentola\\\/\",\"url\":\"https:\\\/\\\/www.pigrecoemme.com\\\/blog\\\/lultima-vita-della-gatta-cenerentola\\\/\",\"name\":\"L'ultima vita della Gatta Cenerentola\",\"isPartOf\":{\"@id\":\"https:\\\/\\\/www.pigrecoemme.com\\\/blog\\\/#website\"},\"primaryImageOfPage\":{\"@id\":\"https:\\\/\\\/www.pigrecoemme.com\\\/blog\\\/lultima-vita-della-gatta-cenerentola\\\/#primaryimage\"},\"image\":{\"@id\":\"https:\\\/\\\/www.pigrecoemme.com\\\/blog\\\/lultima-vita-della-gatta-cenerentola\\\/#primaryimage\"},\"thumbnailUrl\":\"http:\\\/\\\/www.pigrecoemme.com\\\/blog\\\/wp-content\\\/uploads\\\/2017\\\/09\\\/gatta-cenerentola-2.png\",\"datePublished\":\"2017-09-13T11:29:37+00:00\",\"dateModified\":\"2017-09-15T07:49:43+00:00\",\"description\":\"Da Gianbattista Basile all'animazione napoletana della factory MAD\",\"breadcrumb\":{\"@id\":\"https:\\\/\\\/www.pigrecoemme.com\\\/blog\\\/lultima-vita-della-gatta-cenerentola\\\/#breadcrumb\"},\"inLanguage\":\"it-IT\",\"potentialAction\":[{\"@type\":\"ReadAction\",\"target\":[\"https:\\\/\\\/www.pigrecoemme.com\\\/blog\\\/lultima-vita-della-gatta-cenerentola\\\/\"]}]},{\"@type\":\"ImageObject\",\"inLanguage\":\"it-IT\",\"@id\":\"https:\\\/\\\/www.pigrecoemme.com\\\/blog\\\/lultima-vita-della-gatta-cenerentola\\\/#primaryimage\",\"url\":\"http:\\\/\\\/www.pigrecoemme.com\\\/blog\\\/wp-content\\\/uploads\\\/2017\\\/09\\\/gatta-cenerentola-2.png\",\"contentUrl\":\"http:\\\/\\\/www.pigrecoemme.com\\\/blog\\\/wp-content\\\/uploads\\\/2017\\\/09\\\/gatta-cenerentola-2.png\"},{\"@type\":\"BreadcrumbList\",\"@id\":\"https:\\\/\\\/www.pigrecoemme.com\\\/blog\\\/lultima-vita-della-gatta-cenerentola\\\/#breadcrumb\",\"itemListElement\":[{\"@type\":\"ListItem\",\"position\":1,\"name\":\"Home\",\"item\":\"https:\\\/\\\/www.pigrecoemme.com\\\/blog\\\/\"},{\"@type\":\"ListItem\",\"position\":2,\"name\":\"L&#8217;ultima vita della Gatta Cenerentola\"}]},{\"@type\":\"WebSite\",\"@id\":\"https:\\\/\\\/www.pigrecoemme.com\\\/blog\\\/#website\",\"url\":\"https:\\\/\\\/www.pigrecoemme.com\\\/blog\\\/\",\"name\":\"Scuola di Cinema Pigrecoemme - Blog\",\"description\":\"Siamo la prima Scuola di Cinema e Fotografia di Napoli\",\"publisher\":{\"@id\":\"https:\\\/\\\/www.pigrecoemme.com\\\/blog\\\/#organization\"},\"potentialAction\":[{\"@type\":\"SearchAction\",\"target\":{\"@type\":\"EntryPoint\",\"urlTemplate\":\"https:\\\/\\\/www.pigrecoemme.com\\\/blog\\\/?s={search_term_string}\"},\"query-input\":{\"@type\":\"PropertyValueSpecification\",\"valueRequired\":true,\"valueName\":\"search_term_string\"}}],\"inLanguage\":\"it-IT\"},{\"@type\":\"Organization\",\"@id\":\"https:\\\/\\\/www.pigrecoemme.com\\\/blog\\\/#organization\",\"name\":\"Scuola di cinema e fotografia Pigrecoemme\",\"url\":\"https:\\\/\\\/www.pigrecoemme.com\\\/blog\\\/\",\"logo\":{\"@type\":\"ImageObject\",\"inLanguage\":\"it-IT\",\"@id\":\"https:\\\/\\\/www.pigrecoemme.com\\\/blog\\\/#\\\/schema\\\/logo\\\/image\\\/\",\"url\":\"https:\\\/\\\/i0.wp.com\\\/www.pigrecoemme.com\\\/blog\\\/wp-content\\\/uploads\\\/2018\\\/06\\\/logo-pigrecoemme-2018.png?fit=500%2C500&ssl=1\",\"contentUrl\":\"https:\\\/\\\/i0.wp.com\\\/www.pigrecoemme.com\\\/blog\\\/wp-content\\\/uploads\\\/2018\\\/06\\\/logo-pigrecoemme-2018.png?fit=500%2C500&ssl=1\",\"width\":500,\"height\":500,\"caption\":\"Scuola di cinema e fotografia Pigrecoemme\"},\"image\":{\"@id\":\"https:\\\/\\\/www.pigrecoemme.com\\\/blog\\\/#\\\/schema\\\/logo\\\/image\\\/\"},\"sameAs\":[\"https:\\\/\\\/www.facebook.com\\\/pigrecoemme\",\"https:\\\/\\\/x.com\\\/Pigrecoemme\",\"https:\\\/\\\/www.instagram.com\\\/pigrecoemme\\\/\",\"https:\\\/\\\/www.linkedin.com\\\/company\\\/pigrecoemme\\\/\",\"https:\\\/\\\/www.youtube.com\\\/pigrecoemme\"]},{\"@type\":\"Person\",\"@id\":\"https:\\\/\\\/www.pigrecoemme.com\\\/blog\\\/#\\\/schema\\\/person\\\/3fdd423e7c221a503812a1e86daec850\",\"name\":\"Rosario Gallone\",\"image\":{\"@type\":\"ImageObject\",\"inLanguage\":\"it-IT\",\"@id\":\"https:\\\/\\\/secure.gravatar.com\\\/avatar\\\/7172808a86a713dea422a3159a5fe73d8a0718671410a281103d82dea575d3e9?s=96&r=g\",\"url\":\"https:\\\/\\\/secure.gravatar.com\\\/avatar\\\/7172808a86a713dea422a3159a5fe73d8a0718671410a281103d82dea575d3e9?s=96&r=g\",\"contentUrl\":\"https:\\\/\\\/secure.gravatar.com\\\/avatar\\\/7172808a86a713dea422a3159a5fe73d8a0718671410a281103d82dea575d3e9?s=96&r=g\",\"caption\":\"Rosario Gallone\"},\"description\":\"Rosario \u00e8 tra i fondatori della Pigrecoemme, dove si occupa soprattutto del corso di regia e dell'organizzazione dei corsi. E' autore della sceneggiatura di Isa 9000 (mediometraggio con Isa Danieli diretto da Angelo Serio), del montaggio di documentari e della regia di alcuni cortometraggi.\",\"sameAs\":[\"http:\\\/\\\/www.pigrecoemme.com\\\/\",\"https:\\\/\\\/www.facebook.com\\\/rosario.gallone\",\"https:\\\/\\\/x.com\\\/RosarioGallone\"],\"url\":\"https:\\\/\\\/www.pigrecoemme.com\\\/blog\\\/author\\\/rosario-gallone\\\/\"}]}<\/script>\n<!-- \/ Yoast SEO plugin. -->","yoast_head_json":{"title":"L'ultima vita della Gatta Cenerentola","description":"Da Gianbattista Basile all'animazione napoletana della factory MAD","robots":{"index":"index","follow":"follow","max-snippet":"max-snippet:-1","max-image-preview":"max-image-preview:large","max-video-preview":"max-video-preview:-1"},"canonical":"https:\/\/www.pigrecoemme.com\/blog\/lultima-vita-della-gatta-cenerentola\/","og_locale":"it_IT","og_type":"article","og_title":"L'ultima vita della Gatta Cenerentola","og_description":"Da Gianbattista Basile all'animazione napoletana della factory MAD","og_url":"https:\/\/www.pigrecoemme.com\/blog\/lultima-vita-della-gatta-cenerentola\/","og_site_name":"Scuola di Cinema Pigrecoemme - Blog","article_publisher":"https:\/\/www.facebook.com\/pigrecoemme","article_author":"https:\/\/www.facebook.com\/rosario.gallone","article_published_time":"2017-09-13T11:29:37+00:00","article_modified_time":"2017-09-15T07:49:43+00:00","og_image":[{"url":"http:\/\/www.pigrecoemme.com\/blog\/wp-content\/uploads\/2017\/09\/gatta-cenerentola-2.png","type":"","width":"","height":""}],"author":"Rosario Gallone","twitter_card":"summary_large_image","twitter_creator":"@RosarioGallone","twitter_site":"@Pigrecoemme","twitter_misc":{"Scritto da":"Rosario Gallone","Tempo di lettura stimato":"3 minuti"},"schema":{"@context":"https:\/\/schema.org","@graph":[{"@type":["Article","BlogPosting"],"@id":"https:\/\/www.pigrecoemme.com\/blog\/lultima-vita-della-gatta-cenerentola\/#article","isPartOf":{"@id":"https:\/\/www.pigrecoemme.com\/blog\/lultima-vita-della-gatta-cenerentola\/"},"author":{"name":"Rosario Gallone","@id":"https:\/\/www.pigrecoemme.com\/blog\/#\/schema\/person\/3fdd423e7c221a503812a1e86daec850"},"headline":"L&#8217;ultima vita della Gatta Cenerentola","datePublished":"2017-09-13T11:29:37+00:00","dateModified":"2017-09-15T07:49:43+00:00","mainEntityOfPage":{"@id":"https:\/\/www.pigrecoemme.com\/blog\/lultima-vita-della-gatta-cenerentola\/"},"wordCount":614,"commentCount":0,"publisher":{"@id":"https:\/\/www.pigrecoemme.com\/blog\/#organization"},"image":{"@id":"https:\/\/www.pigrecoemme.com\/blog\/lultima-vita-della-gatta-cenerentola\/#primaryimage"},"thumbnailUrl":"http:\/\/www.pigrecoemme.com\/blog\/wp-content\/uploads\/2017\/09\/gatta-cenerentola-2.png","keywords":["animazione","ari folman","cappiello","chomet","gatta cenerentola","giambattista basile","guarnieri","luciano stella","mad entertainment","napoli","rak","roberto de simone"],"articleSection":["Analisi e Critica"],"inLanguage":"it-IT","potentialAction":[{"@type":"CommentAction","name":"Comment","target":["https:\/\/www.pigrecoemme.com\/blog\/lultima-vita-della-gatta-cenerentola\/#respond"]}]},{"@type":"WebPage","@id":"https:\/\/www.pigrecoemme.com\/blog\/lultima-vita-della-gatta-cenerentola\/","url":"https:\/\/www.pigrecoemme.com\/blog\/lultima-vita-della-gatta-cenerentola\/","name":"L'ultima vita della Gatta Cenerentola","isPartOf":{"@id":"https:\/\/www.pigrecoemme.com\/blog\/#website"},"primaryImageOfPage":{"@id":"https:\/\/www.pigrecoemme.com\/blog\/lultima-vita-della-gatta-cenerentola\/#primaryimage"},"image":{"@id":"https:\/\/www.pigrecoemme.com\/blog\/lultima-vita-della-gatta-cenerentola\/#primaryimage"},"thumbnailUrl":"http:\/\/www.pigrecoemme.com\/blog\/wp-content\/uploads\/2017\/09\/gatta-cenerentola-2.png","datePublished":"2017-09-13T11:29:37+00:00","dateModified":"2017-09-15T07:49:43+00:00","description":"Da Gianbattista Basile all'animazione napoletana della factory MAD","breadcrumb":{"@id":"https:\/\/www.pigrecoemme.com\/blog\/lultima-vita-della-gatta-cenerentola\/#breadcrumb"},"inLanguage":"it-IT","potentialAction":[{"@type":"ReadAction","target":["https:\/\/www.pigrecoemme.com\/blog\/lultima-vita-della-gatta-cenerentola\/"]}]},{"@type":"ImageObject","inLanguage":"it-IT","@id":"https:\/\/www.pigrecoemme.com\/blog\/lultima-vita-della-gatta-cenerentola\/#primaryimage","url":"http:\/\/www.pigrecoemme.com\/blog\/wp-content\/uploads\/2017\/09\/gatta-cenerentola-2.png","contentUrl":"http:\/\/www.pigrecoemme.com\/blog\/wp-content\/uploads\/2017\/09\/gatta-cenerentola-2.png"},{"@type":"BreadcrumbList","@id":"https:\/\/www.pigrecoemme.com\/blog\/lultima-vita-della-gatta-cenerentola\/#breadcrumb","itemListElement":[{"@type":"ListItem","position":1,"name":"Home","item":"https:\/\/www.pigrecoemme.com\/blog\/"},{"@type":"ListItem","position":2,"name":"L&#8217;ultima vita della Gatta Cenerentola"}]},{"@type":"WebSite","@id":"https:\/\/www.pigrecoemme.com\/blog\/#website","url":"https:\/\/www.pigrecoemme.com\/blog\/","name":"Scuola di Cinema Pigrecoemme - Blog","description":"Siamo la prima Scuola di Cinema e Fotografia di Napoli","publisher":{"@id":"https:\/\/www.pigrecoemme.com\/blog\/#organization"},"potentialAction":[{"@type":"SearchAction","target":{"@type":"EntryPoint","urlTemplate":"https:\/\/www.pigrecoemme.com\/blog\/?s={search_term_string}"},"query-input":{"@type":"PropertyValueSpecification","valueRequired":true,"valueName":"search_term_string"}}],"inLanguage":"it-IT"},{"@type":"Organization","@id":"https:\/\/www.pigrecoemme.com\/blog\/#organization","name":"Scuola di cinema e fotografia Pigrecoemme","url":"https:\/\/www.pigrecoemme.com\/blog\/","logo":{"@type":"ImageObject","inLanguage":"it-IT","@id":"https:\/\/www.pigrecoemme.com\/blog\/#\/schema\/logo\/image\/","url":"https:\/\/i0.wp.com\/www.pigrecoemme.com\/blog\/wp-content\/uploads\/2018\/06\/logo-pigrecoemme-2018.png?fit=500%2C500&ssl=1","contentUrl":"https:\/\/i0.wp.com\/www.pigrecoemme.com\/blog\/wp-content\/uploads\/2018\/06\/logo-pigrecoemme-2018.png?fit=500%2C500&ssl=1","width":500,"height":500,"caption":"Scuola di cinema e fotografia Pigrecoemme"},"image":{"@id":"https:\/\/www.pigrecoemme.com\/blog\/#\/schema\/logo\/image\/"},"sameAs":["https:\/\/www.facebook.com\/pigrecoemme","https:\/\/x.com\/Pigrecoemme","https:\/\/www.instagram.com\/pigrecoemme\/","https:\/\/www.linkedin.com\/company\/pigrecoemme\/","https:\/\/www.youtube.com\/pigrecoemme"]},{"@type":"Person","@id":"https:\/\/www.pigrecoemme.com\/blog\/#\/schema\/person\/3fdd423e7c221a503812a1e86daec850","name":"Rosario Gallone","image":{"@type":"ImageObject","inLanguage":"it-IT","@id":"https:\/\/secure.gravatar.com\/avatar\/7172808a86a713dea422a3159a5fe73d8a0718671410a281103d82dea575d3e9?s=96&r=g","url":"https:\/\/secure.gravatar.com\/avatar\/7172808a86a713dea422a3159a5fe73d8a0718671410a281103d82dea575d3e9?s=96&r=g","contentUrl":"https:\/\/secure.gravatar.com\/avatar\/7172808a86a713dea422a3159a5fe73d8a0718671410a281103d82dea575d3e9?s=96&r=g","caption":"Rosario Gallone"},"description":"Rosario \u00e8 tra i fondatori della Pigrecoemme, dove si occupa soprattutto del corso di regia e dell'organizzazione dei corsi. E' autore della sceneggiatura di Isa 9000 (mediometraggio con Isa Danieli diretto da Angelo Serio), del montaggio di documentari e della regia di alcuni cortometraggi.","sameAs":["http:\/\/www.pigrecoemme.com\/","https:\/\/www.facebook.com\/rosario.gallone","https:\/\/x.com\/RosarioGallone"],"url":"https:\/\/www.pigrecoemme.com\/blog\/author\/rosario-gallone\/"}]}},"jetpack_sharing_enabled":true,"jetpack_likes_enabled":true,"jetpack-related-posts":[{"id":1922,"url":"https:\/\/www.pigrecoemme.com\/blog\/pigrecoemme-a-venezia-2017\/","url_meta":{"origin":1961,"position":0},"title":"Venezia fa scuola &#8211; Pigrecoemme al Lido","author":"Pigrecoemme","date":"28 Luglio 2017","format":false,"excerpt":"Non \u00e8 la prima volta che al Festival di Venezia sono presenti film cui hanno lavorato a vario titolo nostri ex allievi. Due anni fa\u00a0Per amor vostro di\u00a0Giuseppe Gaudino fu addirittura premiato con la\u00a0Coppa Volpi alla protagonista\u00a0Valeria Golino, mentre l'anno scorso \u00e8 toccato a\u00a0Indivisibili di\u00a0Edoardo De Angelis e scritto con\u00a0Nicola\u2026","rel":"","context":"In &quot;Generale&quot;","block_context":{"text":"Generale","link":"https:\/\/www.pigrecoemme.com\/blog\/generale\/"},"img":{"alt_text":"","src":"https:\/\/i0.wp.com\/www.pigrecoemme.com\/blog\/wp-content\/uploads\/2017\/07\/mostra-del-cinema-di-venezia-napoli.pg_.jpg?resize=350%2C200","width":350,"height":200,"srcset":"https:\/\/i0.wp.com\/www.pigrecoemme.com\/blog\/wp-content\/uploads\/2017\/07\/mostra-del-cinema-di-venezia-napoli.pg_.jpg?resize=350%2C200 1x, https:\/\/i0.wp.com\/www.pigrecoemme.com\/blog\/wp-content\/uploads\/2017\/07\/mostra-del-cinema-di-venezia-napoli.pg_.jpg?resize=525%2C300 1.5x"},"classes":[]},{"id":2182,"url":"https:\/\/www.pigrecoemme.com\/blog\/situazione-critica-2-le-forme-dell-acqua-corrado-morra\/","url_meta":{"origin":1961,"position":1},"title":"Situazione critica #2: Le forme dell\u2019acqua. Il cinema come desiderio impossibile","author":"Giacomo Fabbrocino","date":"4 Giugno 2018","format":false,"excerpt":"La Scuola di Cinema Pigrecoemme celebra i suoi primi 18 anni con \u201cSituazione critica\u201d: una serie di incontri gratuiti e aperti a tutti sulla critica cinematografica e la promozione della settima arte. Il secondo appuntamento, con Corrado Morra, \u00e8 il 16 giugno 2018. Corrado Morra Il secondo incontro della rassegna\u2026","rel":"","context":"In &quot;Analisi e Critica&quot;","block_context":{"text":"Analisi e Critica","link":"https:\/\/www.pigrecoemme.com\/blog\/analisi-e-critica-2\/"},"img":{"alt_text":"Situazione critica 2","src":"https:\/\/i0.wp.com\/www.pigrecoemme.com\/blog\/wp-content\/uploads\/2018\/06\/situazione-critica-2-1920-1005.jpg?resize=350%2C200&ssl=1","width":350,"height":200,"srcset":"https:\/\/i0.wp.com\/www.pigrecoemme.com\/blog\/wp-content\/uploads\/2018\/06\/situazione-critica-2-1920-1005.jpg?resize=350%2C200&ssl=1 1x, https:\/\/i0.wp.com\/www.pigrecoemme.com\/blog\/wp-content\/uploads\/2018\/06\/situazione-critica-2-1920-1005.jpg?resize=525%2C300&ssl=1 1.5x, https:\/\/i0.wp.com\/www.pigrecoemme.com\/blog\/wp-content\/uploads\/2018\/06\/situazione-critica-2-1920-1005.jpg?resize=700%2C400&ssl=1 2x, https:\/\/i0.wp.com\/www.pigrecoemme.com\/blog\/wp-content\/uploads\/2018\/06\/situazione-critica-2-1920-1005.jpg?resize=1050%2C600&ssl=1 3x, https:\/\/i0.wp.com\/www.pigrecoemme.com\/blog\/wp-content\/uploads\/2018\/06\/situazione-critica-2-1920-1005.jpg?resize=1400%2C800&ssl=1 4x"},"classes":[]},{"id":1707,"url":"https:\/\/www.pigrecoemme.com\/blog\/incontro-enrico-iannaccone-mercoledi-4-maggio-2016\/","url_meta":{"origin":1961,"position":2},"title":"Incontro con Enrico Iannaccone &#8211; Mercoled\u00ec 4 maggio 2016","author":"Pigrecoemme","date":"29 Aprile 2016","format":false,"excerpt":"Mercoled\u00ec 4 maggio alle ore 18:00 alla Pigrecoemme il regista Enrico Iannaccone, David di Donatello 2013 per il cortometraggio L'esecuzione, presenter\u00e0 il suo primo lungometraggio: La buona uscita. L'incontro \u00e8 a ingresso gratuito (fino ad esaurimento posti) ed \u00e8 aperto a tutti. Alle ore 21:00 al Multicinema Modernissimo, prima del\u2026","rel":"","context":"In &quot;Eventi&quot;","block_context":{"text":"Eventi","link":"https:\/\/www.pigrecoemme.com\/blog\/eventi\/"},"img":{"alt_text":"la buona usicita","src":"https:\/\/i0.wp.com\/www.pigrecoemme.com\/blog\/wp-content\/uploads\/2016\/04\/LA-BUONA-15X10-low-1024x683.jpg?resize=350%2C200","width":350,"height":200,"srcset":"https:\/\/i0.wp.com\/www.pigrecoemme.com\/blog\/wp-content\/uploads\/2016\/04\/LA-BUONA-15X10-low-1024x683.jpg?resize=350%2C200 1x, https:\/\/i0.wp.com\/www.pigrecoemme.com\/blog\/wp-content\/uploads\/2016\/04\/LA-BUONA-15X10-low-1024x683.jpg?resize=525%2C300 1.5x"},"classes":[]},{"id":1879,"url":"https:\/\/www.pigrecoemme.com\/blog\/la-parrucchiera-la-drammedia-di-stefano-incerti\/","url_meta":{"origin":1961,"position":3},"title":"La parrucchiera &#8211; Una drammedia di Stefano Incerti","author":"Pigrecoemme","date":"13 Aprile 2017","format":false,"excerpt":"Questo post non \u00e8 una vera e propria recensione. Perch\u00e9\u00a0La parrucchiera, l'ultima regia di\u00a0Stefano Incerti, \u00e8 un'opera alla quale siamo legati per diversi motivi: per il numero di amici (Gennaro Fasolino,\u00a0Cesare Accetta)\u00a0e docenti della Pigrecoemme coinvolti (da\u00a0Renato Lori alla scenografia ad\u00a0Annalisa Ciaramella ai costumi senza dimenticare il regista stesso e\u2026","rel":"","context":"In &quot;Analisi e Critica&quot;","block_context":{"text":"Analisi e Critica","link":"https:\/\/www.pigrecoemme.com\/blog\/analisi-e-critica-2\/"},"img":{"alt_text":"la parrucchiera - di stefano incerti","src":"https:\/\/i0.wp.com\/www.pigrecoemme.com\/blog\/wp-content\/uploads\/2017\/04\/la-parrucchiera-stefano-incerti.jpg?resize=350%2C200","width":350,"height":200},"classes":[]},{"id":169,"url":"https:\/\/www.pigrecoemme.com\/blog\/fotogiornalismo-incontro-con-luciano-ferrara\/","url_meta":{"origin":1961,"position":4},"title":"Fotogiornalismo: incontro con Luciano Ferrara","author":"Giacomo Fabbrocino","date":"15 Settembre 2009","format":false,"excerpt":"Venerd\u00ec 25 settembre 2009 alle 17,00, negli spazi della Scuola di cinema Pigrecoemme (a Napoli, in Piazza Portanova 11), lo storico della fotografia Luca Sorbo ed il critico d'arte Corrado Morra incontrano Luciano Ferrara, uno dei pi\u00f9 rappresentativi fotoreporter italiani. Luciano Ferrara \u00e8 una presenza costante a Napoli raccontando, da\u2026","rel":"","context":"In &quot;Eventi&quot;","block_context":{"text":"Eventi","link":"https:\/\/www.pigrecoemme.com\/blog\/eventi\/"},"img":{"alt_text":"Una foto di Luciano Ferrara","src":"https:\/\/i0.wp.com\/www.pigrecoemme.com\/blog\/wp-content\/uploads\/2009\/09\/luciano-ferrara-300x209.jpg?resize=350%2C200","width":350,"height":200},"classes":[]},{"id":135,"url":"https:\/\/www.pigrecoemme.com\/blog\/larte-della-felicita-io-ho-paura\/","url_meta":{"origin":1961,"position":5},"title":"L&#8217;arte della felicit\u00e0: Io Ho Paura","author":"Giacomo Fabbrocino","date":"16 Marzo 2009","format":false,"excerpt":"La quinta edizione dell'Arte della Felicit\u00e0, la manifestazione ideata da Francesca Mauro e Luciano Stella, quest'anno aprir\u00e0 con un\u2019 inchiesta fotografica dal titolo \u201cIo ho paura\u201d alla quale Pigrecoemme ha contribuito coinvolgendo allievi, ex allievi e simpatizzanti. L'inchiesta ha cercato di sollecitare i partecipanti ad visualizzare un'emozione, la paura, spesso\u2026","rel":"","context":"In &quot;Eventi&quot;","block_context":{"text":"Eventi","link":"https:\/\/www.pigrecoemme.com\/blog\/eventi\/"},"img":{"alt_text":"","src":"","width":0,"height":0},"classes":[]}],"jetpack_featured_media_url":"","_links":{"self":[{"href":"https:\/\/www.pigrecoemme.com\/blog\/wp-json\/wp\/v2\/posts\/1961","targetHints":{"allow":["GET"]}}],"collection":[{"href":"https:\/\/www.pigrecoemme.com\/blog\/wp-json\/wp\/v2\/posts"}],"about":[{"href":"https:\/\/www.pigrecoemme.com\/blog\/wp-json\/wp\/v2\/types\/post"}],"author":[{"embeddable":true,"href":"https:\/\/www.pigrecoemme.com\/blog\/wp-json\/wp\/v2\/users\/3"}],"replies":[{"embeddable":true,"href":"https:\/\/www.pigrecoemme.com\/blog\/wp-json\/wp\/v2\/comments?post=1961"}],"version-history":[{"count":0,"href":"https:\/\/www.pigrecoemme.com\/blog\/wp-json\/wp\/v2\/posts\/1961\/revisions"}],"wp:attachment":[{"href":"https:\/\/www.pigrecoemme.com\/blog\/wp-json\/wp\/v2\/media?parent=1961"}],"wp:term":[{"taxonomy":"category","embeddable":true,"href":"https:\/\/www.pigrecoemme.com\/blog\/wp-json\/wp\/v2\/categories?post=1961"},{"taxonomy":"post_tag","embeddable":true,"href":"https:\/\/www.pigrecoemme.com\/blog\/wp-json\/wp\/v2\/tags?post=1961"}],"curies":[{"name":"wp","href":"https:\/\/api.w.org\/{rel}","templated":true}]}}