{"id":1879,"date":"2017-04-13T14:43:16","date_gmt":"2017-04-13T12:43:16","guid":{"rendered":"http:\/\/www.pigrecoemme.com\/blog\/?p=1879"},"modified":"2017-04-13T14:43:16","modified_gmt":"2017-04-13T12:43:16","slug":"la-parrucchiera-la-drammedia-di-stefano-incerti","status":"publish","type":"post","link":"https:\/\/www.pigrecoemme.com\/blog\/la-parrucchiera-la-drammedia-di-stefano-incerti\/","title":{"rendered":"La parrucchiera &#8211; Una drammedia di Stefano Incerti"},"content":{"rendered":"<p><a href=\"https:\/\/i0.wp.com\/www.pigrecoemme.com\/blog\/wp-content\/uploads\/2017\/04\/la-parrucchiera-stefano-incerti.jpg?ssl=1\"><img data-recalc-dims=\"1\" loading=\"lazy\" decoding=\"async\" class=\"aligncenter size-full wp-image-1880\" src=\"https:\/\/i0.wp.com\/www.pigrecoemme.com\/blog\/wp-content\/uploads\/2017\/04\/la-parrucchiera-stefano-incerti.jpg?resize=484%2C252&#038;ssl=1\" alt=\"la parrucchiera - di stefano incerti\" width=\"484\" height=\"252\" srcset=\"https:\/\/i0.wp.com\/www.pigrecoemme.com\/blog\/wp-content\/uploads\/2017\/04\/la-parrucchiera-stefano-incerti.jpg?w=484&amp;ssl=1 484w, https:\/\/i0.wp.com\/www.pigrecoemme.com\/blog\/wp-content\/uploads\/2017\/04\/la-parrucchiera-stefano-incerti.jpg?resize=300%2C156&amp;ssl=1 300w\" sizes=\"auto, (max-width: 484px) 100vw, 484px\" \/><\/a><\/p>\n<p>Questo post non \u00e8 una vera e propria recensione. Perch\u00e9&nbsp;<em>La parrucchiera<\/em>, l&#8217;ultima regia di&nbsp;<strong>Stefano Incerti<\/strong>, \u00e8 un&#8217;opera alla quale siamo legati per diversi motivi: per il numero di amici (<strong>Gennaro Fasolino<\/strong>,&nbsp;<strong>Cesare Accetta<\/strong>)&nbsp;e docenti della <strong>Pigrecoemme<\/strong> coinvolti (da&nbsp;<strong>Renato Lori<\/strong> alla scenografia ad&nbsp;<strong>Annalisa Ciaramella<\/strong> ai costumi senza dimenticare il regista stesso e la&nbsp;<strong>MAD<\/strong> di&nbsp;<strong>Luciano Stella<\/strong> con cui collaboriamo da qualche anno e che impreziosisce la nostra formazione con un breve seminario sulla produzione tenuto da&nbsp;<strong>Stella<\/strong> stesso e da&nbsp;<strong>Paola Tortora<\/strong>) e perch\u00e9 il set ha permesso ad alcuni nostri allievi, anche a corso finito da poco, di fare un&#8217;esperienza di lavoro importante, sia nella crew (<strong>Brigida Giovinazzi<\/strong>,&nbsp;<strong>Wanda Luongo<\/strong>,&nbsp;<strong>Pedro Fiascunari<\/strong>,&nbsp;<strong>Giuseppe D&#8217;Orsi<\/strong>), sia nel cast (<strong>Elvis Esposito<\/strong>,&nbsp;<strong>Antonio Castaldi<\/strong>). Una recensione no, ma un&#8217;analisi che consenta di leggere l&#8217;opera nel modo giusto, quella possiamo scriverla.<\/p>\n<p><iframe loading=\"lazy\" title=\"La Parrucchiera - Trailer Ufficiale\" width=\"860\" height=\"484\" src=\"https:\/\/www.youtube.com\/embed\/yeeUSbt6wDk?feature=oembed\" frameborder=\"0\" allow=\"accelerometer; autoplay; clipboard-write; encrypted-media; gyroscope; picture-in-picture; web-share\" referrerpolicy=\"strict-origin-when-cross-origin\" allowfullscreen><\/iframe><\/p>\n<p>Un po&#8217; come il personaggio di <strong>Patrizia<\/strong>, interpretato da <strong>Cristina Donadio<\/strong>, <em>La parrucchiera<\/em>,&nbsp;nell&#8217;ultima parte,&nbsp;toglie la sua parrucca dai mille colori, generi e temi (l&#8217;amore interrazziale e intersessuale, l&#8217;immagine di Napoli veicolata dai media, i danni causati dalla fama precoce) per rivelare di non essere una pausa, &nbsp;un <em>divertissement<\/em>,&nbsp;ma una variazione su un tema caro al regista: la solitudine. Solitudine che era di <strong>Crescenzio&nbsp;<\/strong>(il protagonista del film d&#8217;esordio di&nbsp;<strong>Incerti<\/strong>,&nbsp;<em>Il verificatore<\/em>, impersonato da uno strepitoso&nbsp;<strong>Antonino Iuorio<\/strong>)&nbsp;come di <strong>Gorbaciof<\/strong> (col volto iperrealista di&nbsp;<strong>Toni Servillo<\/strong>). Solitudine&nbsp;che resta tale nel noir perch\u00e9 cos\u00ec vuole il genere, mentre in una commedia pu\u00f2 anche risolversi in un lieto fine. Anche se, poi, a pensarci bene, la solitudine (di <strong>Carla<\/strong>, di <strong>Patrizia<\/strong>, di <strong>Kevin<\/strong>) resta.<\/p>\n<p><a href=\"https:\/\/www.facebook.com\/laparrucchieraofficial\/\"><em>La parrucchiera<\/em> <\/a>\u00e8 nei cinema.<\/p>\n","protected":false},"excerpt":{"rendered":"<p>Questo post non \u00e8 una vera e propria recensione. Perch\u00e9&nbsp;La parrucchiera, l&#8217;ultima regia di&nbsp;Stefano Incerti, \u00e8 un&#8217;opera alla quale siamo legati per diversi motivi: per il numero di amici (Gennaro Fasolino,&nbsp;Cesare Accetta)&nbsp;e docenti della&hellip;<\/p>\n","protected":false},"author":4,"featured_media":0,"comment_status":"open","ping_status":"open","sticky":false,"template":"","format":"standard","meta":{"_jetpack_newsletter_access":"","_jetpack_dont_email_post_to_subs":false,"_jetpack_newsletter_tier_id":0,"_jetpack_memberships_contains_paywalled_content":false,"_jetpack_feature_clip_id":0,"_jetpack_memberships_contains_paid_content":false,"footnotes":"","jetpack_post_was_ever_published":false},"categories":[950,1],"tags":[208,67,1834,1833,435],"class_list":["post-1879","post","type-post","status-publish","format-standard","hentry","category-analisi-e-critica-2","category-generale","tag-cesare-accetta","tag-cinema","tag-elvis-esposito","tag-la-parrucchiera","tag-stefano-incerti"],"yoast_head":"<!-- This site is optimized with the Yoast SEO plugin v28.3 - https:\/\/yoast.com\/product\/yoast-seo-wordpress\/ -->\n<title>La parrucchiera - Una drammedia di Stefano Incerti<\/title>\n<meta name=\"description\" content=\"Una recensione no, ma un&#039;analisi che consenta di leggere l&#039;opera nel modo giusto, quella possiamo scriverla.\" \/>\n<meta name=\"robots\" content=\"index, follow, max-snippet:-1, max-image-preview:large, max-video-preview:-1\" \/>\n<link rel=\"canonical\" href=\"https:\/\/www.pigrecoemme.com\/blog\/la-parrucchiera-la-drammedia-di-stefano-incerti\/\" \/>\n<meta property=\"og:locale\" content=\"it_IT\" \/>\n<meta property=\"og:type\" content=\"article\" \/>\n<meta property=\"og:title\" content=\"La parrucchiera - Una drammedia di Stefano Incerti\" \/>\n<meta property=\"og:description\" content=\"Una recensione no, ma un&#039;analisi che consenta di leggere l&#039;opera nel modo giusto, quella possiamo scriverla.\" \/>\n<meta property=\"og:url\" content=\"https:\/\/www.pigrecoemme.com\/blog\/la-parrucchiera-la-drammedia-di-stefano-incerti\/\" \/>\n<meta property=\"og:site_name\" content=\"Scuola di Cinema Pigrecoemme - Blog\" \/>\n<meta property=\"article:publisher\" content=\"https:\/\/www.facebook.com\/pigrecoemme\" \/>\n<meta property=\"article:author\" content=\"https:\/\/www.facebook.com\/pigrecoemme\" \/>\n<meta property=\"article:published_time\" content=\"2017-04-13T12:43:16+00:00\" \/>\n<meta property=\"og:image\" content=\"http:\/\/www.pigrecoemme.com\/blog\/wp-content\/uploads\/2017\/04\/la-parrucchiera-stefano-incerti.jpg\" \/>\n<meta name=\"author\" content=\"Pigrecoemme\" \/>\n<meta name=\"twitter:card\" content=\"summary_large_image\" \/>\n<meta name=\"twitter:creator\" content=\"@Pigrecoemme\" \/>\n<meta name=\"twitter:site\" content=\"@Pigrecoemme\" \/>\n<meta name=\"twitter:label1\" content=\"Scritto da\" \/>\n\t<meta name=\"twitter:data1\" content=\"Pigrecoemme\" \/>\n\t<meta name=\"twitter:label2\" content=\"Tempo di lettura stimato\" \/>\n\t<meta name=\"twitter:data2\" content=\"2 minuti\" \/>\n<script type=\"application\/ld+json\" class=\"yoast-schema-graph\">{\"@context\":\"https:\\\/\\\/schema.org\",\"@graph\":[{\"@type\":[\"Article\",\"BlogPosting\"],\"@id\":\"https:\\\/\\\/www.pigrecoemme.com\\\/blog\\\/la-parrucchiera-la-drammedia-di-stefano-incerti\\\/#article\",\"isPartOf\":{\"@id\":\"https:\\\/\\\/www.pigrecoemme.com\\\/blog\\\/la-parrucchiera-la-drammedia-di-stefano-incerti\\\/\"},\"author\":{\"name\":\"Pigrecoemme\",\"@id\":\"https:\\\/\\\/www.pigrecoemme.com\\\/blog\\\/#\\\/schema\\\/person\\\/8996ab5bfa68cec611b330ae4a389d44\"},\"headline\":\"La parrucchiera &#8211; Una drammedia di Stefano Incerti\",\"datePublished\":\"2017-04-13T12:43:16+00:00\",\"mainEntityOfPage\":{\"@id\":\"https:\\\/\\\/www.pigrecoemme.com\\\/blog\\\/la-parrucchiera-la-drammedia-di-stefano-incerti\\\/\"},\"wordCount\":324,\"commentCount\":0,\"publisher\":{\"@id\":\"https:\\\/\\\/www.pigrecoemme.com\\\/blog\\\/#organization\"},\"image\":{\"@id\":\"https:\\\/\\\/www.pigrecoemme.com\\\/blog\\\/la-parrucchiera-la-drammedia-di-stefano-incerti\\\/#primaryimage\"},\"thumbnailUrl\":\"http:\\\/\\\/www.pigrecoemme.com\\\/blog\\\/wp-content\\\/uploads\\\/2017\\\/04\\\/la-parrucchiera-stefano-incerti.jpg\",\"keywords\":[\"cesare accetta\",\"cinema\",\"elvis esposito\",\"la parrucchiera\",\"stefano incerti\"],\"articleSection\":[\"Analisi e Critica\",\"Generale\"],\"inLanguage\":\"it-IT\",\"potentialAction\":[{\"@type\":\"CommentAction\",\"name\":\"Comment\",\"target\":[\"https:\\\/\\\/www.pigrecoemme.com\\\/blog\\\/la-parrucchiera-la-drammedia-di-stefano-incerti\\\/#respond\"]}]},{\"@type\":\"WebPage\",\"@id\":\"https:\\\/\\\/www.pigrecoemme.com\\\/blog\\\/la-parrucchiera-la-drammedia-di-stefano-incerti\\\/\",\"url\":\"https:\\\/\\\/www.pigrecoemme.com\\\/blog\\\/la-parrucchiera-la-drammedia-di-stefano-incerti\\\/\",\"name\":\"La parrucchiera - Una drammedia di Stefano Incerti\",\"isPartOf\":{\"@id\":\"https:\\\/\\\/www.pigrecoemme.com\\\/blog\\\/#website\"},\"primaryImageOfPage\":{\"@id\":\"https:\\\/\\\/www.pigrecoemme.com\\\/blog\\\/la-parrucchiera-la-drammedia-di-stefano-incerti\\\/#primaryimage\"},\"image\":{\"@id\":\"https:\\\/\\\/www.pigrecoemme.com\\\/blog\\\/la-parrucchiera-la-drammedia-di-stefano-incerti\\\/#primaryimage\"},\"thumbnailUrl\":\"http:\\\/\\\/www.pigrecoemme.com\\\/blog\\\/wp-content\\\/uploads\\\/2017\\\/04\\\/la-parrucchiera-stefano-incerti.jpg\",\"datePublished\":\"2017-04-13T12:43:16+00:00\",\"description\":\"Una recensione no, ma un'analisi che consenta di leggere l'opera nel modo giusto, quella possiamo scriverla.\",\"breadcrumb\":{\"@id\":\"https:\\\/\\\/www.pigrecoemme.com\\\/blog\\\/la-parrucchiera-la-drammedia-di-stefano-incerti\\\/#breadcrumb\"},\"inLanguage\":\"it-IT\",\"potentialAction\":[{\"@type\":\"ReadAction\",\"target\":[\"https:\\\/\\\/www.pigrecoemme.com\\\/blog\\\/la-parrucchiera-la-drammedia-di-stefano-incerti\\\/\"]}]},{\"@type\":\"ImageObject\",\"inLanguage\":\"it-IT\",\"@id\":\"https:\\\/\\\/www.pigrecoemme.com\\\/blog\\\/la-parrucchiera-la-drammedia-di-stefano-incerti\\\/#primaryimage\",\"url\":\"http:\\\/\\\/www.pigrecoemme.com\\\/blog\\\/wp-content\\\/uploads\\\/2017\\\/04\\\/la-parrucchiera-stefano-incerti.jpg\",\"contentUrl\":\"http:\\\/\\\/www.pigrecoemme.com\\\/blog\\\/wp-content\\\/uploads\\\/2017\\\/04\\\/la-parrucchiera-stefano-incerti.jpg\"},{\"@type\":\"BreadcrumbList\",\"@id\":\"https:\\\/\\\/www.pigrecoemme.com\\\/blog\\\/la-parrucchiera-la-drammedia-di-stefano-incerti\\\/#breadcrumb\",\"itemListElement\":[{\"@type\":\"ListItem\",\"position\":1,\"name\":\"Home\",\"item\":\"https:\\\/\\\/www.pigrecoemme.com\\\/blog\\\/\"},{\"@type\":\"ListItem\",\"position\":2,\"name\":\"La parrucchiera &#8211; Una drammedia di Stefano Incerti\"}]},{\"@type\":\"WebSite\",\"@id\":\"https:\\\/\\\/www.pigrecoemme.com\\\/blog\\\/#website\",\"url\":\"https:\\\/\\\/www.pigrecoemme.com\\\/blog\\\/\",\"name\":\"Scuola di Cinema Pigrecoemme - Blog\",\"description\":\"Siamo la prima Scuola di Cinema e Fotografia di Napoli\",\"publisher\":{\"@id\":\"https:\\\/\\\/www.pigrecoemme.com\\\/blog\\\/#organization\"},\"potentialAction\":[{\"@type\":\"SearchAction\",\"target\":{\"@type\":\"EntryPoint\",\"urlTemplate\":\"https:\\\/\\\/www.pigrecoemme.com\\\/blog\\\/?s={search_term_string}\"},\"query-input\":{\"@type\":\"PropertyValueSpecification\",\"valueRequired\":true,\"valueName\":\"search_term_string\"}}],\"inLanguage\":\"it-IT\"},{\"@type\":\"Organization\",\"@id\":\"https:\\\/\\\/www.pigrecoemme.com\\\/blog\\\/#organization\",\"name\":\"Scuola di cinema e fotografia Pigrecoemme\",\"url\":\"https:\\\/\\\/www.pigrecoemme.com\\\/blog\\\/\",\"logo\":{\"@type\":\"ImageObject\",\"inLanguage\":\"it-IT\",\"@id\":\"https:\\\/\\\/www.pigrecoemme.com\\\/blog\\\/#\\\/schema\\\/logo\\\/image\\\/\",\"url\":\"https:\\\/\\\/i0.wp.com\\\/www.pigrecoemme.com\\\/blog\\\/wp-content\\\/uploads\\\/2018\\\/06\\\/logo-pigrecoemme-2018.png?fit=500%2C500&ssl=1\",\"contentUrl\":\"https:\\\/\\\/i0.wp.com\\\/www.pigrecoemme.com\\\/blog\\\/wp-content\\\/uploads\\\/2018\\\/06\\\/logo-pigrecoemme-2018.png?fit=500%2C500&ssl=1\",\"width\":500,\"height\":500,\"caption\":\"Scuola di cinema e fotografia Pigrecoemme\"},\"image\":{\"@id\":\"https:\\\/\\\/www.pigrecoemme.com\\\/blog\\\/#\\\/schema\\\/logo\\\/image\\\/\"},\"sameAs\":[\"https:\\\/\\\/www.facebook.com\\\/pigrecoemme\",\"https:\\\/\\\/x.com\\\/Pigrecoemme\",\"https:\\\/\\\/www.instagram.com\\\/pigrecoemme\\\/\",\"https:\\\/\\\/www.linkedin.com\\\/company\\\/pigrecoemme\\\/\",\"https:\\\/\\\/www.youtube.com\\\/pigrecoemme\"]},{\"@type\":\"Person\",\"@id\":\"https:\\\/\\\/www.pigrecoemme.com\\\/blog\\\/#\\\/schema\\\/person\\\/8996ab5bfa68cec611b330ae4a389d44\",\"name\":\"Pigrecoemme\",\"image\":{\"@type\":\"ImageObject\",\"inLanguage\":\"it-IT\",\"@id\":\"https:\\\/\\\/secure.gravatar.com\\\/avatar\\\/541a562fed7df6fa49262cb93f0f1135b8432ec77a1bc64fdb808f64f2a8287d?s=96&r=g\",\"url\":\"https:\\\/\\\/secure.gravatar.com\\\/avatar\\\/541a562fed7df6fa49262cb93f0f1135b8432ec77a1bc64fdb808f64f2a8287d?s=96&r=g\",\"contentUrl\":\"https:\\\/\\\/secure.gravatar.com\\\/avatar\\\/541a562fed7df6fa49262cb93f0f1135b8432ec77a1bc64fdb808f64f2a8287d?s=96&r=g\",\"caption\":\"Pigrecoemme\"},\"description\":\"Profilo redazionale. Pigrecoemme \u00e8 la prima scuola di cinema, televisione e fotografia di Napoli.\",\"sameAs\":[\"http:\\\/\\\/www.pigrecoemme.com\\\/\",\"https:\\\/\\\/www.facebook.com\\\/pigrecoemme\"],\"url\":\"https:\\\/\\\/www.pigrecoemme.com\\\/blog\\\/author\\\/pigrecoemme\\\/\"}]}<\/script>\n<!-- \/ Yoast SEO plugin. -->","yoast_head_json":{"title":"La parrucchiera - Una drammedia di Stefano Incerti","description":"Una recensione no, ma un'analisi che consenta di leggere l'opera nel modo giusto, quella possiamo scriverla.","robots":{"index":"index","follow":"follow","max-snippet":"max-snippet:-1","max-image-preview":"max-image-preview:large","max-video-preview":"max-video-preview:-1"},"canonical":"https:\/\/www.pigrecoemme.com\/blog\/la-parrucchiera-la-drammedia-di-stefano-incerti\/","og_locale":"it_IT","og_type":"article","og_title":"La parrucchiera - Una drammedia di Stefano Incerti","og_description":"Una recensione no, ma un'analisi che consenta di leggere l'opera nel modo giusto, quella possiamo scriverla.","og_url":"https:\/\/www.pigrecoemme.com\/blog\/la-parrucchiera-la-drammedia-di-stefano-incerti\/","og_site_name":"Scuola di Cinema Pigrecoemme - Blog","article_publisher":"https:\/\/www.facebook.com\/pigrecoemme","article_author":"https:\/\/www.facebook.com\/pigrecoemme","article_published_time":"2017-04-13T12:43:16+00:00","og_image":[{"url":"http:\/\/www.pigrecoemme.com\/blog\/wp-content\/uploads\/2017\/04\/la-parrucchiera-stefano-incerti.jpg","type":"","width":"","height":""}],"author":"Pigrecoemme","twitter_card":"summary_large_image","twitter_creator":"@Pigrecoemme","twitter_site":"@Pigrecoemme","twitter_misc":{"Scritto da":"Pigrecoemme","Tempo di lettura stimato":"2 minuti"},"schema":{"@context":"https:\/\/schema.org","@graph":[{"@type":["Article","BlogPosting"],"@id":"https:\/\/www.pigrecoemme.com\/blog\/la-parrucchiera-la-drammedia-di-stefano-incerti\/#article","isPartOf":{"@id":"https:\/\/www.pigrecoemme.com\/blog\/la-parrucchiera-la-drammedia-di-stefano-incerti\/"},"author":{"name":"Pigrecoemme","@id":"https:\/\/www.pigrecoemme.com\/blog\/#\/schema\/person\/8996ab5bfa68cec611b330ae4a389d44"},"headline":"La parrucchiera &#8211; Una drammedia di Stefano Incerti","datePublished":"2017-04-13T12:43:16+00:00","mainEntityOfPage":{"@id":"https:\/\/www.pigrecoemme.com\/blog\/la-parrucchiera-la-drammedia-di-stefano-incerti\/"},"wordCount":324,"commentCount":0,"publisher":{"@id":"https:\/\/www.pigrecoemme.com\/blog\/#organization"},"image":{"@id":"https:\/\/www.pigrecoemme.com\/blog\/la-parrucchiera-la-drammedia-di-stefano-incerti\/#primaryimage"},"thumbnailUrl":"http:\/\/www.pigrecoemme.com\/blog\/wp-content\/uploads\/2017\/04\/la-parrucchiera-stefano-incerti.jpg","keywords":["cesare accetta","cinema","elvis esposito","la parrucchiera","stefano incerti"],"articleSection":["Analisi e Critica","Generale"],"inLanguage":"it-IT","potentialAction":[{"@type":"CommentAction","name":"Comment","target":["https:\/\/www.pigrecoemme.com\/blog\/la-parrucchiera-la-drammedia-di-stefano-incerti\/#respond"]}]},{"@type":"WebPage","@id":"https:\/\/www.pigrecoemme.com\/blog\/la-parrucchiera-la-drammedia-di-stefano-incerti\/","url":"https:\/\/www.pigrecoemme.com\/blog\/la-parrucchiera-la-drammedia-di-stefano-incerti\/","name":"La parrucchiera - Una drammedia di Stefano Incerti","isPartOf":{"@id":"https:\/\/www.pigrecoemme.com\/blog\/#website"},"primaryImageOfPage":{"@id":"https:\/\/www.pigrecoemme.com\/blog\/la-parrucchiera-la-drammedia-di-stefano-incerti\/#primaryimage"},"image":{"@id":"https:\/\/www.pigrecoemme.com\/blog\/la-parrucchiera-la-drammedia-di-stefano-incerti\/#primaryimage"},"thumbnailUrl":"http:\/\/www.pigrecoemme.com\/blog\/wp-content\/uploads\/2017\/04\/la-parrucchiera-stefano-incerti.jpg","datePublished":"2017-04-13T12:43:16+00:00","description":"Una recensione no, ma un'analisi che consenta di leggere l'opera nel modo giusto, quella possiamo scriverla.","breadcrumb":{"@id":"https:\/\/www.pigrecoemme.com\/blog\/la-parrucchiera-la-drammedia-di-stefano-incerti\/#breadcrumb"},"inLanguage":"it-IT","potentialAction":[{"@type":"ReadAction","target":["https:\/\/www.pigrecoemme.com\/blog\/la-parrucchiera-la-drammedia-di-stefano-incerti\/"]}]},{"@type":"ImageObject","inLanguage":"it-IT","@id":"https:\/\/www.pigrecoemme.com\/blog\/la-parrucchiera-la-drammedia-di-stefano-incerti\/#primaryimage","url":"http:\/\/www.pigrecoemme.com\/blog\/wp-content\/uploads\/2017\/04\/la-parrucchiera-stefano-incerti.jpg","contentUrl":"http:\/\/www.pigrecoemme.com\/blog\/wp-content\/uploads\/2017\/04\/la-parrucchiera-stefano-incerti.jpg"},{"@type":"BreadcrumbList","@id":"https:\/\/www.pigrecoemme.com\/blog\/la-parrucchiera-la-drammedia-di-stefano-incerti\/#breadcrumb","itemListElement":[{"@type":"ListItem","position":1,"name":"Home","item":"https:\/\/www.pigrecoemme.com\/blog\/"},{"@type":"ListItem","position":2,"name":"La parrucchiera &#8211; Una drammedia di Stefano Incerti"}]},{"@type":"WebSite","@id":"https:\/\/www.pigrecoemme.com\/blog\/#website","url":"https:\/\/www.pigrecoemme.com\/blog\/","name":"Scuola di Cinema Pigrecoemme - Blog","description":"Siamo la prima Scuola di Cinema e Fotografia di Napoli","publisher":{"@id":"https:\/\/www.pigrecoemme.com\/blog\/#organization"},"potentialAction":[{"@type":"SearchAction","target":{"@type":"EntryPoint","urlTemplate":"https:\/\/www.pigrecoemme.com\/blog\/?s={search_term_string}"},"query-input":{"@type":"PropertyValueSpecification","valueRequired":true,"valueName":"search_term_string"}}],"inLanguage":"it-IT"},{"@type":"Organization","@id":"https:\/\/www.pigrecoemme.com\/blog\/#organization","name":"Scuola di cinema e fotografia Pigrecoemme","url":"https:\/\/www.pigrecoemme.com\/blog\/","logo":{"@type":"ImageObject","inLanguage":"it-IT","@id":"https:\/\/www.pigrecoemme.com\/blog\/#\/schema\/logo\/image\/","url":"https:\/\/i0.wp.com\/www.pigrecoemme.com\/blog\/wp-content\/uploads\/2018\/06\/logo-pigrecoemme-2018.png?fit=500%2C500&ssl=1","contentUrl":"https:\/\/i0.wp.com\/www.pigrecoemme.com\/blog\/wp-content\/uploads\/2018\/06\/logo-pigrecoemme-2018.png?fit=500%2C500&ssl=1","width":500,"height":500,"caption":"Scuola di cinema e fotografia Pigrecoemme"},"image":{"@id":"https:\/\/www.pigrecoemme.com\/blog\/#\/schema\/logo\/image\/"},"sameAs":["https:\/\/www.facebook.com\/pigrecoemme","https:\/\/x.com\/Pigrecoemme","https:\/\/www.instagram.com\/pigrecoemme\/","https:\/\/www.linkedin.com\/company\/pigrecoemme\/","https:\/\/www.youtube.com\/pigrecoemme"]},{"@type":"Person","@id":"https:\/\/www.pigrecoemme.com\/blog\/#\/schema\/person\/8996ab5bfa68cec611b330ae4a389d44","name":"Pigrecoemme","image":{"@type":"ImageObject","inLanguage":"it-IT","@id":"https:\/\/secure.gravatar.com\/avatar\/541a562fed7df6fa49262cb93f0f1135b8432ec77a1bc64fdb808f64f2a8287d?s=96&r=g","url":"https:\/\/secure.gravatar.com\/avatar\/541a562fed7df6fa49262cb93f0f1135b8432ec77a1bc64fdb808f64f2a8287d?s=96&r=g","contentUrl":"https:\/\/secure.gravatar.com\/avatar\/541a562fed7df6fa49262cb93f0f1135b8432ec77a1bc64fdb808f64f2a8287d?s=96&r=g","caption":"Pigrecoemme"},"description":"Profilo redazionale. Pigrecoemme \u00e8 la prima scuola di cinema, televisione e fotografia di Napoli.","sameAs":["http:\/\/www.pigrecoemme.com\/","https:\/\/www.facebook.com\/pigrecoemme"],"url":"https:\/\/www.pigrecoemme.com\/blog\/author\/pigrecoemme\/"}]}},"jetpack_sharing_enabled":true,"jetpack_likes_enabled":true,"jetpack-related-posts":[{"id":1133,"url":"https:\/\/www.pigrecoemme.com\/blog\/neve-recensione-del-film-di-stefano-incerti\/","url_meta":{"origin":1879,"position":0},"title":"Neve &#8211; recensione del film di Stefano Incerti","author":"Giacomo Fabbrocino","date":"13 Dicembre 2014","format":false,"excerpt":"Il settimo lungometraggio diretto da Stefano Incerti sta avendo una vita difficile: snobbato\u00a0dai festival di Venezia e Roma, rimandato dalla distribuzione un po' pi\u00f9 a lungo del necessario e penalizzato da una promozione insicura, Neve rischia di passare inosservato e di non raggiungere il suo pubblico. Perch\u00e9 s\u00ec, questo film\u2026","rel":"","context":"In &quot;Analisi e Critica&quot;","block_context":{"text":"Analisi e Critica","link":"https:\/\/www.pigrecoemme.com\/blog\/analisi-e-critica-2\/"},"img":{"alt_text":"neve-stefano-incerti-2","src":"https:\/\/i0.wp.com\/www.pigrecoemme.com\/blog\/wp-content\/uploads\/2014\/12\/neve-stefano-incerti-2.jpg?resize=350%2C200","width":350,"height":200},"classes":[]},{"id":279,"url":"https:\/\/www.pigrecoemme.com\/blog\/pigrecoemme-regala-gorbaciof-dieci-omaggi-per-il-nuovo-film-di-stefano-incerti\/","url_meta":{"origin":1879,"position":1},"title":"Pigrecoemme regala Gorbaciof. Dieci omaggi per il nuovo film di Stefano Incerti.","author":"Giacomo Fabbrocino","date":"14 Ottobre 2010","format":false,"excerpt":"Ai primi dieci allievi o ex allievi dei suoi corsi, che si presenteranno presso la nostra sede di\u00a0Piazza Portanova 11 a partire dalle ore 11.00 di domani venerd\u00ec 15 ottobre 2010, Pigrecoemme sar\u00e0\u00a0lieta di regalare un biglietto per assistere, presso il Multicinema Modernissimo, al nuovo film\u00a0di Stefano Incerti, Gorbaciof. Le\u2026","rel":"","context":"In &quot;Generale&quot;","block_context":{"text":"Generale","link":"https:\/\/www.pigrecoemme.com\/blog\/generale\/"},"img":{"alt_text":"","src":"https:\/\/i0.wp.com\/www.pigrecoemme.com\/blog\/wp-content\/uploads\/2010\/10\/gorbaciof-poster-150x150.jpg?resize=350%2C200","width":350,"height":200},"classes":[]},{"id":612,"url":"https:\/\/www.pigrecoemme.com\/blog\/il-3-ed-il-4-aprile-torna-il-workshop-di-regia-con-stefano-incerti-made-in-pigrec\/","url_meta":{"origin":1879,"position":2},"title":"Il 3 ed il 4 aprile torna il workshop di regia con Stefano Incerti","author":"Rosario Gallone","date":"14 Marzo 2013","format":false,"excerpt":"Il 3 e 4 aprile prossimi torner\u00e0 uno degli appuntamenti annuali pi\u00f9 attesi di Pigrecoemme: il workshop di regia (12 ore) condotto da Stefano Incerti. Incerti ha esordito nel 1995 con\u00a0Il verificatore e da subito si \u00e8 distinto dal gruppo del cosiddetto Nuovo Cinema Napoletano, per uno sguardo pi\u00f9 attento\u2026","rel":"","context":"In &quot;Eventi&quot;","block_context":{"text":"Eventi","link":"https:\/\/www.pigrecoemme.com\/blog\/eventi\/"},"img":{"alt_text":"","src":"https:\/\/i0.wp.com\/www.pigrecoemme.com\/blog\/wp-content\/uploads\/2013\/03\/stefano_incerti-234x300.jpg?resize=350%2C200","width":350,"height":200},"classes":[]},{"id":462,"url":"https:\/\/www.pigrecoemme.com\/blog\/workshop-di-regia-con-stefano-incerti-il-2-e-3-febbraio\/","url_meta":{"origin":1879,"position":3},"title":"Workshop di regia con Stefano Incerti il 2 e 3 febbraio","author":"Giacomo Fabbrocino","date":"31 Gennaio 2012","format":false,"excerpt":"Il workshop di regia condotto\u00a0presso Pigrecoemme a Napoli\u00a0da Stefano Incerti (Gorbaciof, L'uomo di vetro, I Vesuviani, Il Verificatore sono tra i suoi film pi\u00f9 noti) si terr\u00e0 quest'anno gioved\u00ec 2 febbraio (h 15,30 - 19,30) e venerd\u00ec 3 febbraio (h. 10.00 - \u00a014.00 \u00a0e h. 15,00-19,00). Se siete interessati, potete\u2026","rel":"","context":"In &quot;Generale&quot;","block_context":{"text":"Generale","link":"https:\/\/www.pigrecoemme.com\/blog\/generale\/"},"img":{"alt_text":"","src":"https:\/\/i0.wp.com\/www.pigrecoemme.com\/blog\/wp-content\/uploads\/2011\/01\/stefano-incerti-233x300.jpg?resize=350%2C200","width":350,"height":200},"classes":[]},{"id":1294,"url":"https:\/\/www.pigrecoemme.com\/blog\/stessa-rabbia-stessa-primavera\/","url_meta":{"origin":1879,"position":4},"title":"Stefano Incerti presenta Stessa rabbia, stessa primavera alla Mediateca  Santa Sofia","author":"Corrado Morra","date":"31 Marzo 2015","format":false,"excerpt":"Continua gioved\u00ec 2 aprile con Stessa rabbia, stessa primavera, documentario di rara intensit\u00e0 di Stefano Incerti, la bella rassegna Cinema al quadrato \u2013 Il cinema che si racconta\u00a0della Mediateca Santa Sofia del Comune di Napoli.Il ciclo di proiezioni, a cura di Francesco Napolitano e Armando Andria, giunto alla quinta edizione,\u2026","rel":"","context":"In &quot;Eventi&quot;","block_context":{"text":"Eventi","link":"https:\/\/www.pigrecoemme.com\/blog\/eventi\/"},"img":{"alt_text":"","src":"https:\/\/i0.wp.com\/www.pigrecoemme.com\/blog\/wp-content\/uploads\/2015\/03\/stessa-rabbia.jpg?resize=350%2C200&ssl=1","width":350,"height":200},"classes":[]},{"id":1740,"url":"https:\/\/www.pigrecoemme.com\/blog\/incontro-gratuito-gianni-fiorito-fotografo-scena\/","url_meta":{"origin":1879,"position":5},"title":"Incontro gratuito con Gianni Fiorito, fotografo di scena","author":"Pigrecoemme","date":"12 Settembre 2016","format":false,"excerpt":"Mercoled\u00ec 28 settembre 2016, dalle\u00a0ore 16:00 alle ore\u00a018:00, nell\u2019ambito della rassegna Incontri fotografici,\u00a0Gianni Fiorito sar\u00e0 ospite alla Scuola di cinema e fotografia\u00a0Pigrecoemme\u00a0di Napoli per dar vita a un incontro in cui racconter\u00e0 la sua avvincente esperienza di fotografo in grado di ricoprire ruoli di primissimo piano \u00a0nel reportage, nella fotografia\u2026","rel":"","context":"In &quot;Eventi&quot;","block_context":{"text":"Eventi","link":"https:\/\/www.pigrecoemme.com\/blog\/eventi\/"},"img":{"alt_text":"Un bacio - di Ivan Cotroneo","src":"https:\/\/i0.wp.com\/www.pigrecoemme.com\/blog\/wp-content\/uploads\/2016\/09\/un-bacio-1.jpg?resize=350%2C200","width":350,"height":200,"srcset":"https:\/\/i0.wp.com\/www.pigrecoemme.com\/blog\/wp-content\/uploads\/2016\/09\/un-bacio-1.jpg?resize=350%2C200 1x, https:\/\/i0.wp.com\/www.pigrecoemme.com\/blog\/wp-content\/uploads\/2016\/09\/un-bacio-1.jpg?resize=525%2C300 1.5x, https:\/\/i0.wp.com\/www.pigrecoemme.com\/blog\/wp-content\/uploads\/2016\/09\/un-bacio-1.jpg?resize=700%2C400 2x, https:\/\/i0.wp.com\/www.pigrecoemme.com\/blog\/wp-content\/uploads\/2016\/09\/un-bacio-1.jpg?resize=1050%2C600 3x, https:\/\/i0.wp.com\/www.pigrecoemme.com\/blog\/wp-content\/uploads\/2016\/09\/un-bacio-1.jpg?resize=1400%2C800 4x"},"classes":[]}],"jetpack_featured_media_url":"","_links":{"self":[{"href":"https:\/\/www.pigrecoemme.com\/blog\/wp-json\/wp\/v2\/posts\/1879","targetHints":{"allow":["GET"]}}],"collection":[{"href":"https:\/\/www.pigrecoemme.com\/blog\/wp-json\/wp\/v2\/posts"}],"about":[{"href":"https:\/\/www.pigrecoemme.com\/blog\/wp-json\/wp\/v2\/types\/post"}],"author":[{"embeddable":true,"href":"https:\/\/www.pigrecoemme.com\/blog\/wp-json\/wp\/v2\/users\/4"}],"replies":[{"embeddable":true,"href":"https:\/\/www.pigrecoemme.com\/blog\/wp-json\/wp\/v2\/comments?post=1879"}],"version-history":[{"count":0,"href":"https:\/\/www.pigrecoemme.com\/blog\/wp-json\/wp\/v2\/posts\/1879\/revisions"}],"wp:attachment":[{"href":"https:\/\/www.pigrecoemme.com\/blog\/wp-json\/wp\/v2\/media?parent=1879"}],"wp:term":[{"taxonomy":"category","embeddable":true,"href":"https:\/\/www.pigrecoemme.com\/blog\/wp-json\/wp\/v2\/categories?post=1879"},{"taxonomy":"post_tag","embeddable":true,"href":"https:\/\/www.pigrecoemme.com\/blog\/wp-json\/wp\/v2\/tags?post=1879"}],"curies":[{"name":"wp","href":"https:\/\/api.w.org\/{rel}","templated":true}]}}