{"id":186,"date":"2009-11-08T10:38:01","date_gmt":"2009-11-08T08:38:01","guid":{"rendered":"http:\/\/www.pigrecoemme.com\/blog\/?p=186"},"modified":"2009-11-08T13:46:12","modified_gmt":"2009-11-08T11:46:12","slug":"pigrecoemme-cerca-giovani-fotografi","status":"publish","type":"post","link":"https:\/\/www.pigrecoemme.com\/blog\/pigrecoemme-cerca-giovani-fotografi\/","title":{"rendered":"Pigrecoemme cerca giovani fotografi"},"content":{"rendered":"<p><a title=\"In giro per la citt\u00e0..pedalando pedalando.. di d(A)ve Photography\u00a9, su Flickr\" href=\"http:\/\/www.flickr.com\/photos\/30990390@N03\/3713421668\/\"><img data-recalc-dims=\"1\" loading=\"lazy\" decoding=\"async\" class=\"alignleft\" src=\"https:\/\/i0.wp.com\/farm3.static.flickr.com\/2559\/3713421668_cc43ed957e_m.jpg?resize=240%2C188\" alt=\"In giro per la citt\u00e0..pedalando pedalando..\" width=\"240\" height=\"188\" \/><\/a>La <a href=\"http:\/\/www.pigrecoemme.com\/\">Scuola di cinema Pigrecoemme<\/a> cerca giovani fotografi per promuoverne il lavoro con una serie di mostre ed un catalogo di prossima pubblicazione.<br \/>\nPer questa ragione Pigrecoemme organizza due incontri \u2013 marted\u00ec 10 novembre e marted\u00ec I dicembre 2009 \u2013 aperti a quanti, fotografi professionisti, fotoamatori o semplici curiosi, vogliano mostrare agli esperti di Pigrecoemme il proprio portfolio fotografico.<br \/>\nMa gli incontri, gestiti da Luca Sorbo, docente di Fotografia di Pigrecoemme, Giacomo Fabbrocino, responsabile della didattica della Scuola e dal critico d&#8217;arte Corrado Morra, rappresentano anche un modo semplice e diretto per presentate gli spazi di Pigrecoemme come un punto di riferimento importante per i professionisti della fotografia e per gli appassionati.<br \/>\nInfatti, dopo la mostra \u201c<a href=\"http:\/\/napoli.repubblica.it\/dettaglio\/articolo\/1547549\" target=\"_blank\">La mia Napoli. Dopo il diluvio<\/a>\u201d, collettiva fotografica degli allievi di Pigrecoemme promossa dalla Provincia di Napoli giusto un anno fa e la curatela del <a href=\"https:\/\/www.pigrecoemme.com\/blog\/io-non-ho-paura-sul-venerdi\/\">progetto fotografico sul tema della paura<\/a> prodotta per l&#8217;importante rassegna l&#8217;Arte della felicit\u00e0, la Scuola di cinema Pigrecoemme persegue, con ancora maggiore attenzione, nella creazione di un centro di cultura e produzione fotografica qui a Napoli.<br \/>\nUlteriore occasione di questi due incontri \u00e8 data dal fatto che anche quest\u2019anno Pigrecoemme \u00e8 stata chiamata a curare, per conto di una delle pi\u00f9 importanti manifestazioni culturali della citt\u00e0, un\u2019inchiesta fotografica che sfocer\u00e0 in una mostra multimediale. Tema dell&#8217;evento sar\u00e0 il \u201cSacro e Profano nei luoghi di culto della citt\u00e0 storica di Napoli\u201d.<\/p>\n<p>Gli appuntamenti, che si terranno negli spazi della Scuola di cinema, a Napoli, in Piazza Portanova 11, (nei pressi dell&#8217;Universit\u00e0 Federico II di Corso Umberto I), andranno avanti dalle 15,30 alle 18,30.<\/p>\n<p><strong>Info<\/strong> al numero 081 5635188<\/p>\n<p>La foto della settimana \u00e8 di Davide M. D&#8217;Angelo ed \u00e8 tratta dal <a href=\"http:\/\/www.flickr.com\/groups\/napolifotografia\/\" target=\"_blank\">pool<\/a> degli ex allievi del <a href=\"http:\/\/www.pigrecoemme.com\/corso-fotografia\/corso-di-fotografia-2.htm\">corso di fotografia<\/a> su Flickr.<\/p>\n","protected":false},"excerpt":{"rendered":"<p>La Scuola di cinema Pigrecoemme cerca giovani fotografi per promuoverne il lavoro con una serie di mostre ed un catalogo di prossima pubblicazione. Per questa ragione Pigrecoemme organizza due incontri \u2013 marted\u00ec 10 novembre&hellip;<\/p>\n","protected":false},"author":1,"featured_media":0,"comment_status":"open","ping_status":"open","sticky":false,"template":"","format":"standard","meta":{"_jetpack_newsletter_access":"","_jetpack_dont_email_post_to_subs":false,"_jetpack_newsletter_tier_id":0,"_jetpack_memberships_contains_paywalled_content":false,"_jetpack_feature_clip_id":0,"_jetpack_memberships_contains_paid_content":false,"footnotes":"","jetpack_post_was_ever_published":false},"categories":[11,299],"tags":[20,353,315,352,77],"class_list":["post-186","post","type-post","status-publish","format-standard","hentry","category-eventi","category-foto-della-settimana","tag-corso-di-fotografia","tag-fotoografia","tag-mostre-di-fotografia","tag-mostre-di-fotografia-napoli","tag-napoli"],"yoast_head":"<!-- This site is optimized with the Yoast SEO plugin v28.3 - https:\/\/yoast.com\/product\/yoast-seo-wordpress\/ -->\n<title>Pigrecoemme cerca giovani fotografi<\/title>\n<meta name=\"robots\" content=\"index, follow, max-snippet:-1, max-image-preview:large, max-video-preview:-1\" \/>\n<link rel=\"canonical\" href=\"https:\/\/www.pigrecoemme.com\/blog\/pigrecoemme-cerca-giovani-fotografi\/\" \/>\n<meta property=\"og:locale\" content=\"it_IT\" \/>\n<meta property=\"og:type\" content=\"article\" \/>\n<meta property=\"og:title\" content=\"Pigrecoemme cerca giovani fotografi\" \/>\n<meta property=\"og:description\" content=\"La Scuola di cinema Pigrecoemme cerca giovani fotografi per promuoverne il lavoro con una serie di mostre ed un catalogo di prossima pubblicazione. Per questa ragione Pigrecoemme organizza due incontri \u2013 marted\u00ec 10 novembre e marted\u00ec I dicembre 2009 \u2013 &hellip; Continue reading &rarr;\" \/>\n<meta property=\"og:url\" content=\"https:\/\/www.pigrecoemme.com\/blog\/pigrecoemme-cerca-giovani-fotografi\/\" \/>\n<meta property=\"og:site_name\" content=\"Scuola di Cinema Pigrecoemme - Blog\" \/>\n<meta property=\"article:publisher\" content=\"https:\/\/www.facebook.com\/pigrecoemme\" \/>\n<meta property=\"article:author\" content=\"https:\/\/www.facebook.com\/giacomo.fabbrocino\" \/>\n<meta property=\"article:published_time\" content=\"2009-11-08T08:38:01+00:00\" \/>\n<meta property=\"article:modified_time\" content=\"2009-11-08T11:46:12+00:00\" \/>\n<meta property=\"og:image\" content=\"http:\/\/farm3.static.flickr.com\/2559\/3713421668_cc43ed957e_m.jpg\" \/>\n<meta name=\"author\" content=\"Giacomo Fabbrocino\" \/>\n<meta name=\"twitter:card\" content=\"summary_large_image\" \/>\n<meta name=\"twitter:creator\" content=\"@Pigrecoemme\" \/>\n<meta name=\"twitter:site\" content=\"@Pigrecoemme\" \/>\n<meta name=\"twitter:label1\" content=\"Scritto da\" \/>\n\t<meta name=\"twitter:data1\" content=\"Giacomo Fabbrocino\" \/>\n\t<meta name=\"twitter:label2\" content=\"Tempo di lettura stimato\" \/>\n\t<meta name=\"twitter:data2\" content=\"1 minuto\" \/>\n<script type=\"application\/ld+json\" class=\"yoast-schema-graph\">{\"@context\":\"https:\\\/\\\/schema.org\",\"@graph\":[{\"@type\":[\"Article\",\"BlogPosting\"],\"@id\":\"https:\\\/\\\/www.pigrecoemme.com\\\/blog\\\/pigrecoemme-cerca-giovani-fotografi\\\/#article\",\"isPartOf\":{\"@id\":\"https:\\\/\\\/www.pigrecoemme.com\\\/blog\\\/pigrecoemme-cerca-giovani-fotografi\\\/\"},\"author\":{\"name\":\"Giacomo Fabbrocino\",\"@id\":\"https:\\\/\\\/www.pigrecoemme.com\\\/blog\\\/#\\\/schema\\\/person\\\/57fa822c3d209d3a2612fd0411ae63f4\"},\"headline\":\"Pigrecoemme cerca giovani fotografi\",\"datePublished\":\"2009-11-08T08:38:01+00:00\",\"dateModified\":\"2009-11-08T11:46:12+00:00\",\"mainEntityOfPage\":{\"@id\":\"https:\\\/\\\/www.pigrecoemme.com\\\/blog\\\/pigrecoemme-cerca-giovani-fotografi\\\/\"},\"wordCount\":290,\"commentCount\":0,\"publisher\":{\"@id\":\"https:\\\/\\\/www.pigrecoemme.com\\\/blog\\\/#organization\"},\"image\":{\"@id\":\"https:\\\/\\\/www.pigrecoemme.com\\\/blog\\\/pigrecoemme-cerca-giovani-fotografi\\\/#primaryimage\"},\"thumbnailUrl\":\"http:\\\/\\\/farm3.static.flickr.com\\\/2559\\\/3713421668_cc43ed957e_m.jpg\",\"keywords\":[\"\\\"corso di fotografia\\\"\",\"fotoografia\",\"mostre di fotografia\",\"mostre di fotografia napoli\",\"napoli\"],\"articleSection\":[\"Eventi\",\"La foto della settimana\"],\"inLanguage\":\"it-IT\",\"potentialAction\":[{\"@type\":\"CommentAction\",\"name\":\"Comment\",\"target\":[\"https:\\\/\\\/www.pigrecoemme.com\\\/blog\\\/pigrecoemme-cerca-giovani-fotografi\\\/#respond\"]}]},{\"@type\":\"WebPage\",\"@id\":\"https:\\\/\\\/www.pigrecoemme.com\\\/blog\\\/pigrecoemme-cerca-giovani-fotografi\\\/\",\"url\":\"https:\\\/\\\/www.pigrecoemme.com\\\/blog\\\/pigrecoemme-cerca-giovani-fotografi\\\/\",\"name\":\"Pigrecoemme cerca giovani fotografi\",\"isPartOf\":{\"@id\":\"https:\\\/\\\/www.pigrecoemme.com\\\/blog\\\/#website\"},\"primaryImageOfPage\":{\"@id\":\"https:\\\/\\\/www.pigrecoemme.com\\\/blog\\\/pigrecoemme-cerca-giovani-fotografi\\\/#primaryimage\"},\"image\":{\"@id\":\"https:\\\/\\\/www.pigrecoemme.com\\\/blog\\\/pigrecoemme-cerca-giovani-fotografi\\\/#primaryimage\"},\"thumbnailUrl\":\"http:\\\/\\\/farm3.static.flickr.com\\\/2559\\\/3713421668_cc43ed957e_m.jpg\",\"datePublished\":\"2009-11-08T08:38:01+00:00\",\"dateModified\":\"2009-11-08T11:46:12+00:00\",\"breadcrumb\":{\"@id\":\"https:\\\/\\\/www.pigrecoemme.com\\\/blog\\\/pigrecoemme-cerca-giovani-fotografi\\\/#breadcrumb\"},\"inLanguage\":\"it-IT\",\"potentialAction\":[{\"@type\":\"ReadAction\",\"target\":[\"https:\\\/\\\/www.pigrecoemme.com\\\/blog\\\/pigrecoemme-cerca-giovani-fotografi\\\/\"]}]},{\"@type\":\"ImageObject\",\"inLanguage\":\"it-IT\",\"@id\":\"https:\\\/\\\/www.pigrecoemme.com\\\/blog\\\/pigrecoemme-cerca-giovani-fotografi\\\/#primaryimage\",\"url\":\"http:\\\/\\\/farm3.static.flickr.com\\\/2559\\\/3713421668_cc43ed957e_m.jpg\",\"contentUrl\":\"http:\\\/\\\/farm3.static.flickr.com\\\/2559\\\/3713421668_cc43ed957e_m.jpg\"},{\"@type\":\"BreadcrumbList\",\"@id\":\"https:\\\/\\\/www.pigrecoemme.com\\\/blog\\\/pigrecoemme-cerca-giovani-fotografi\\\/#breadcrumb\",\"itemListElement\":[{\"@type\":\"ListItem\",\"position\":1,\"name\":\"Home\",\"item\":\"https:\\\/\\\/www.pigrecoemme.com\\\/blog\\\/\"},{\"@type\":\"ListItem\",\"position\":2,\"name\":\"Pigrecoemme cerca giovani fotografi\"}]},{\"@type\":\"WebSite\",\"@id\":\"https:\\\/\\\/www.pigrecoemme.com\\\/blog\\\/#website\",\"url\":\"https:\\\/\\\/www.pigrecoemme.com\\\/blog\\\/\",\"name\":\"Scuola di Cinema Pigrecoemme - Blog\",\"description\":\"Siamo la prima Scuola di Cinema e Fotografia di Napoli\",\"publisher\":{\"@id\":\"https:\\\/\\\/www.pigrecoemme.com\\\/blog\\\/#organization\"},\"potentialAction\":[{\"@type\":\"SearchAction\",\"target\":{\"@type\":\"EntryPoint\",\"urlTemplate\":\"https:\\\/\\\/www.pigrecoemme.com\\\/blog\\\/?s={search_term_string}\"},\"query-input\":{\"@type\":\"PropertyValueSpecification\",\"valueRequired\":true,\"valueName\":\"search_term_string\"}}],\"inLanguage\":\"it-IT\"},{\"@type\":\"Organization\",\"@id\":\"https:\\\/\\\/www.pigrecoemme.com\\\/blog\\\/#organization\",\"name\":\"Scuola di cinema e fotografia Pigrecoemme\",\"url\":\"https:\\\/\\\/www.pigrecoemme.com\\\/blog\\\/\",\"logo\":{\"@type\":\"ImageObject\",\"inLanguage\":\"it-IT\",\"@id\":\"https:\\\/\\\/www.pigrecoemme.com\\\/blog\\\/#\\\/schema\\\/logo\\\/image\\\/\",\"url\":\"https:\\\/\\\/i0.wp.com\\\/www.pigrecoemme.com\\\/blog\\\/wp-content\\\/uploads\\\/2018\\\/06\\\/logo-pigrecoemme-2018.png?fit=500%2C500&ssl=1\",\"contentUrl\":\"https:\\\/\\\/i0.wp.com\\\/www.pigrecoemme.com\\\/blog\\\/wp-content\\\/uploads\\\/2018\\\/06\\\/logo-pigrecoemme-2018.png?fit=500%2C500&ssl=1\",\"width\":500,\"height\":500,\"caption\":\"Scuola di cinema e fotografia Pigrecoemme\"},\"image\":{\"@id\":\"https:\\\/\\\/www.pigrecoemme.com\\\/blog\\\/#\\\/schema\\\/logo\\\/image\\\/\"},\"sameAs\":[\"https:\\\/\\\/www.facebook.com\\\/pigrecoemme\",\"https:\\\/\\\/x.com\\\/Pigrecoemme\",\"https:\\\/\\\/www.instagram.com\\\/pigrecoemme\\\/\",\"https:\\\/\\\/www.linkedin.com\\\/company\\\/pigrecoemme\\\/\",\"https:\\\/\\\/www.youtube.com\\\/pigrecoemme\"]},{\"@type\":\"Person\",\"@id\":\"https:\\\/\\\/www.pigrecoemme.com\\\/blog\\\/#\\\/schema\\\/person\\\/57fa822c3d209d3a2612fd0411ae63f4\",\"name\":\"Giacomo Fabbrocino\",\"image\":{\"@type\":\"ImageObject\",\"inLanguage\":\"it-IT\",\"@id\":\"https:\\\/\\\/secure.gravatar.com\\\/avatar\\\/0e4dfd4d05c06a03fffaffeb36fb181415ba11b91a6b566fa2e8ada75927db32?s=96&r=g\",\"url\":\"https:\\\/\\\/secure.gravatar.com\\\/avatar\\\/0e4dfd4d05c06a03fffaffeb36fb181415ba11b91a6b566fa2e8ada75927db32?s=96&r=g\",\"contentUrl\":\"https:\\\/\\\/secure.gravatar.com\\\/avatar\\\/0e4dfd4d05c06a03fffaffeb36fb181415ba11b91a6b566fa2e8ada75927db32?s=96&r=g\",\"caption\":\"Giacomo Fabbrocino\"},\"description\":\"Montatore cinematografico, autore di documentari sull'arte e di video d'artista, Giacomo \u00e8 responsabile della didattica e della comunicazione web della Scuola di Cinema, Fotografia e Televisione Pigrecoemme di Napoli.\",\"sameAs\":[\"http:\\\/\\\/www.pigrecoemme.com\\\/\",\"https:\\\/\\\/www.facebook.com\\\/giacomo.fabbrocino\"],\"url\":\"https:\\\/\\\/www.pigrecoemme.com\\\/blog\\\/author\\\/giacomo-fabbrocino\\\/\"}]}<\/script>\n<!-- \/ Yoast SEO plugin. -->","yoast_head_json":{"title":"Pigrecoemme cerca giovani fotografi","robots":{"index":"index","follow":"follow","max-snippet":"max-snippet:-1","max-image-preview":"max-image-preview:large","max-video-preview":"max-video-preview:-1"},"canonical":"https:\/\/www.pigrecoemme.com\/blog\/pigrecoemme-cerca-giovani-fotografi\/","og_locale":"it_IT","og_type":"article","og_title":"Pigrecoemme cerca giovani fotografi","og_description":"La Scuola di cinema Pigrecoemme cerca giovani fotografi per promuoverne il lavoro con una serie di mostre ed un catalogo di prossima pubblicazione. Per questa ragione Pigrecoemme organizza due incontri \u2013 marted\u00ec 10 novembre e marted\u00ec I dicembre 2009 \u2013 &hellip; Continue reading &rarr;","og_url":"https:\/\/www.pigrecoemme.com\/blog\/pigrecoemme-cerca-giovani-fotografi\/","og_site_name":"Scuola di Cinema Pigrecoemme - Blog","article_publisher":"https:\/\/www.facebook.com\/pigrecoemme","article_author":"https:\/\/www.facebook.com\/giacomo.fabbrocino","article_published_time":"2009-11-08T08:38:01+00:00","article_modified_time":"2009-11-08T11:46:12+00:00","og_image":[{"url":"http:\/\/farm3.static.flickr.com\/2559\/3713421668_cc43ed957e_m.jpg","type":"","width":"","height":""}],"author":"Giacomo Fabbrocino","twitter_card":"summary_large_image","twitter_creator":"@Pigrecoemme","twitter_site":"@Pigrecoemme","twitter_misc":{"Scritto da":"Giacomo Fabbrocino","Tempo di lettura stimato":"1 minuto"},"schema":{"@context":"https:\/\/schema.org","@graph":[{"@type":["Article","BlogPosting"],"@id":"https:\/\/www.pigrecoemme.com\/blog\/pigrecoemme-cerca-giovani-fotografi\/#article","isPartOf":{"@id":"https:\/\/www.pigrecoemme.com\/blog\/pigrecoemme-cerca-giovani-fotografi\/"},"author":{"name":"Giacomo Fabbrocino","@id":"https:\/\/www.pigrecoemme.com\/blog\/#\/schema\/person\/57fa822c3d209d3a2612fd0411ae63f4"},"headline":"Pigrecoemme cerca giovani fotografi","datePublished":"2009-11-08T08:38:01+00:00","dateModified":"2009-11-08T11:46:12+00:00","mainEntityOfPage":{"@id":"https:\/\/www.pigrecoemme.com\/blog\/pigrecoemme-cerca-giovani-fotografi\/"},"wordCount":290,"commentCount":0,"publisher":{"@id":"https:\/\/www.pigrecoemme.com\/blog\/#organization"},"image":{"@id":"https:\/\/www.pigrecoemme.com\/blog\/pigrecoemme-cerca-giovani-fotografi\/#primaryimage"},"thumbnailUrl":"http:\/\/farm3.static.flickr.com\/2559\/3713421668_cc43ed957e_m.jpg","keywords":["\"corso di fotografia\"","fotoografia","mostre di fotografia","mostre di fotografia napoli","napoli"],"articleSection":["Eventi","La foto della settimana"],"inLanguage":"it-IT","potentialAction":[{"@type":"CommentAction","name":"Comment","target":["https:\/\/www.pigrecoemme.com\/blog\/pigrecoemme-cerca-giovani-fotografi\/#respond"]}]},{"@type":"WebPage","@id":"https:\/\/www.pigrecoemme.com\/blog\/pigrecoemme-cerca-giovani-fotografi\/","url":"https:\/\/www.pigrecoemme.com\/blog\/pigrecoemme-cerca-giovani-fotografi\/","name":"Pigrecoemme cerca giovani fotografi","isPartOf":{"@id":"https:\/\/www.pigrecoemme.com\/blog\/#website"},"primaryImageOfPage":{"@id":"https:\/\/www.pigrecoemme.com\/blog\/pigrecoemme-cerca-giovani-fotografi\/#primaryimage"},"image":{"@id":"https:\/\/www.pigrecoemme.com\/blog\/pigrecoemme-cerca-giovani-fotografi\/#primaryimage"},"thumbnailUrl":"http:\/\/farm3.static.flickr.com\/2559\/3713421668_cc43ed957e_m.jpg","datePublished":"2009-11-08T08:38:01+00:00","dateModified":"2009-11-08T11:46:12+00:00","breadcrumb":{"@id":"https:\/\/www.pigrecoemme.com\/blog\/pigrecoemme-cerca-giovani-fotografi\/#breadcrumb"},"inLanguage":"it-IT","potentialAction":[{"@type":"ReadAction","target":["https:\/\/www.pigrecoemme.com\/blog\/pigrecoemme-cerca-giovani-fotografi\/"]}]},{"@type":"ImageObject","inLanguage":"it-IT","@id":"https:\/\/www.pigrecoemme.com\/blog\/pigrecoemme-cerca-giovani-fotografi\/#primaryimage","url":"http:\/\/farm3.static.flickr.com\/2559\/3713421668_cc43ed957e_m.jpg","contentUrl":"http:\/\/farm3.static.flickr.com\/2559\/3713421668_cc43ed957e_m.jpg"},{"@type":"BreadcrumbList","@id":"https:\/\/www.pigrecoemme.com\/blog\/pigrecoemme-cerca-giovani-fotografi\/#breadcrumb","itemListElement":[{"@type":"ListItem","position":1,"name":"Home","item":"https:\/\/www.pigrecoemme.com\/blog\/"},{"@type":"ListItem","position":2,"name":"Pigrecoemme cerca giovani fotografi"}]},{"@type":"WebSite","@id":"https:\/\/www.pigrecoemme.com\/blog\/#website","url":"https:\/\/www.pigrecoemme.com\/blog\/","name":"Scuola di Cinema Pigrecoemme - Blog","description":"Siamo la prima Scuola di Cinema e Fotografia di Napoli","publisher":{"@id":"https:\/\/www.pigrecoemme.com\/blog\/#organization"},"potentialAction":[{"@type":"SearchAction","target":{"@type":"EntryPoint","urlTemplate":"https:\/\/www.pigrecoemme.com\/blog\/?s={search_term_string}"},"query-input":{"@type":"PropertyValueSpecification","valueRequired":true,"valueName":"search_term_string"}}],"inLanguage":"it-IT"},{"@type":"Organization","@id":"https:\/\/www.pigrecoemme.com\/blog\/#organization","name":"Scuola di cinema e fotografia Pigrecoemme","url":"https:\/\/www.pigrecoemme.com\/blog\/","logo":{"@type":"ImageObject","inLanguage":"it-IT","@id":"https:\/\/www.pigrecoemme.com\/blog\/#\/schema\/logo\/image\/","url":"https:\/\/i0.wp.com\/www.pigrecoemme.com\/blog\/wp-content\/uploads\/2018\/06\/logo-pigrecoemme-2018.png?fit=500%2C500&ssl=1","contentUrl":"https:\/\/i0.wp.com\/www.pigrecoemme.com\/blog\/wp-content\/uploads\/2018\/06\/logo-pigrecoemme-2018.png?fit=500%2C500&ssl=1","width":500,"height":500,"caption":"Scuola di cinema e fotografia Pigrecoemme"},"image":{"@id":"https:\/\/www.pigrecoemme.com\/blog\/#\/schema\/logo\/image\/"},"sameAs":["https:\/\/www.facebook.com\/pigrecoemme","https:\/\/x.com\/Pigrecoemme","https:\/\/www.instagram.com\/pigrecoemme\/","https:\/\/www.linkedin.com\/company\/pigrecoemme\/","https:\/\/www.youtube.com\/pigrecoemme"]},{"@type":"Person","@id":"https:\/\/www.pigrecoemme.com\/blog\/#\/schema\/person\/57fa822c3d209d3a2612fd0411ae63f4","name":"Giacomo Fabbrocino","image":{"@type":"ImageObject","inLanguage":"it-IT","@id":"https:\/\/secure.gravatar.com\/avatar\/0e4dfd4d05c06a03fffaffeb36fb181415ba11b91a6b566fa2e8ada75927db32?s=96&r=g","url":"https:\/\/secure.gravatar.com\/avatar\/0e4dfd4d05c06a03fffaffeb36fb181415ba11b91a6b566fa2e8ada75927db32?s=96&r=g","contentUrl":"https:\/\/secure.gravatar.com\/avatar\/0e4dfd4d05c06a03fffaffeb36fb181415ba11b91a6b566fa2e8ada75927db32?s=96&r=g","caption":"Giacomo Fabbrocino"},"description":"Montatore cinematografico, autore di documentari sull'arte e di video d'artista, Giacomo \u00e8 responsabile della didattica e della comunicazione web della Scuola di Cinema, Fotografia e Televisione Pigrecoemme di Napoli.","sameAs":["http:\/\/www.pigrecoemme.com\/","https:\/\/www.facebook.com\/giacomo.fabbrocino"],"url":"https:\/\/www.pigrecoemme.com\/blog\/author\/giacomo-fabbrocino\/"}]}},"jetpack_sharing_enabled":true,"jetpack_likes_enabled":true,"jetpack-related-posts":[{"id":204,"url":"https:\/\/www.pigrecoemme.com\/blog\/la-scuola-di-cinema-pigrecoemme-cerca-fotografi-incontro-martedi-23-febbraio\/","url_meta":{"origin":186,"position":0},"title":"La Scuola di cinema Pigrecoemme cerca fotografi. Incontro marted\u00ec 23 febbraio","author":"Giacomo Fabbrocino","date":"18 Febbraio 2010","format":false,"excerpt":"Dopo la collaborazione con la prestigiosa rassegna l'Arte della felicit\u00e0 e con l'associazione Achab, che anche quest'anno produrr\u00e0 con Pigrecoemme un'importante mostra fotografica di prossima vernice, continua la ricerca di nuovi fotografi che la Scuola di cinema e fotografia di Napoli ha intrapreso ormai da tempo. Obiettivo: la promozione del\u2026","rel":"","context":"In &quot;Fotografia&quot;","block_context":{"text":"Fotografia","link":"https:\/\/www.pigrecoemme.com\/blog\/fotografia\/"},"img":{"alt_text":"MonTI RoSa","src":"https:\/\/i0.wp.com\/farm5.static.flickr.com\/4061\/4365998774_f3a5b64138.jpg?resize=350%2C200","width":350,"height":200},"classes":[]},{"id":216,"url":"https:\/\/www.pigrecoemme.com\/blog\/nuovo-incontro-fotografico-il-25-marzo\/","url_meta":{"origin":186,"position":1},"title":"Nuovo incontro fotografico il 25 marzo","author":"Giacomo Fabbrocino","date":"20 Marzo 2010","format":false,"excerpt":"Nuovo incontro: gioved\u00ec 25 marzo 2010 h. 17.00-20.00 presso Scuola di Cinema Pigrecoemme Piazza Portanova 11, Napoli. Dopo la collaborazione con la prestigiosa rassegna l\u2019Arte della felicit\u00e0 e con l\u2019associazione Achab, che anche quest\u2019anno produrr\u00e0 con Pigrecoemme un\u2019importante mostra fotografica di prossima vernice, e dopo l'esperienza di \"La Mia Napoli\"\u2026","rel":"","context":"In &quot;Eventi&quot;","block_context":{"text":"Eventi","link":"https:\/\/www.pigrecoemme.com\/blog\/eventi\/"},"img":{"alt_text":"","src":"","width":0,"height":0},"classes":[]},{"id":362,"url":"https:\/\/www.pigrecoemme.com\/blog\/pigrecoemme-al-museo-di-capodimonte\/","url_meta":{"origin":186,"position":2},"title":"Gli allievi di Pigrecoemme? Al Museo di Capodimonte&#8230;","author":"Corrado Morra","date":"4 Maggio 2011","format":false,"excerpt":"Al Museo di Capodimonte, alcuni allievi dei corsi di Fotografia di Pigrecoemme in mostra, nell'ambito dell'evento Clic si suona.","rel":"","context":"In &quot;Eventi&quot;","block_context":{"text":"Eventi","link":"https:\/\/www.pigrecoemme.com\/blog\/eventi\/"},"img":{"alt_text":"","src":"https:\/\/i0.wp.com\/www.pigrecoemme.com\/blog\/wp-content\/uploads\/2011\/05\/clic-si-suona-215x300.jpg?resize=350%2C200","width":350,"height":200},"classes":[]},{"id":1942,"url":"https:\/\/www.pigrecoemme.com\/blog\/incontro-fotografico-lucia-patalano\/","url_meta":{"origin":186,"position":3},"title":"Incontro fotografico con Lucia Patalano","author":"Pigrecoemme","date":"8 Settembre 2017","format":false,"excerpt":"Sabato 30 settembre 2017 alle 16:00 presso la Scuola di Cinema e Fotografia Pigrecoemme di Napoli Luca Sorbo, docente all'Accademia di Belle Arti di Napoli e responsabile dei corsi di Fotografia della Pigrecoemme, incontrer\u00e0 Lucia Patalano, una delle principali esponenti della fotografia napoletana. Sar\u00e0 un'occasione importante per ripercorrere la vicenda\u2026","rel":"","context":"In &quot;Eventi&quot;","block_context":{"text":"Eventi","link":"https:\/\/www.pigrecoemme.com\/blog\/eventi\/"},"img":{"alt_text":"Incontro fotografico con Lucia Patalano","src":"https:\/\/i0.wp.com\/www.pigrecoemme.com\/blog\/wp-content\/uploads\/2017\/09\/incontro-con-lucia-patalano.jpg?resize=350%2C200","width":350,"height":200},"classes":[]},{"id":691,"url":"https:\/\/www.pigrecoemme.com\/blog\/lezione-aperta-con-raffaela-mariniello\/","url_meta":{"origin":186,"position":4},"title":"Lezione aperta con Raffaela Mariniello: la fotografia artistica","author":"Giacomo Fabbrocino","date":"23 Settembre 2013","format":false,"excerpt":"Alla Scuola di cinema e fotografia Pigrecoemme riprendono gli incontri con i maestri della fotografia. Il prossimo venerd\u00ec 27 settembre \u00e8 di scena\u00a0RAFFAELA MARINIELLO in una lezione aperta sulla fotografia artistica. L'appuntamento Riprende, in occasione della ripresa dei corsi di Fotografia di Pigrecoemme, con un incontro con Raffaela Mariniello, la\u2026","rel":"","context":"In &quot;Eventi&quot;","block_context":{"text":"Eventi","link":"https:\/\/www.pigrecoemme.com\/blog\/eventi\/"},"img":{"alt_text":"","src":"https:\/\/i0.wp.com\/www.pigrecoemme.com\/blog\/wp-content\/uploads\/2013\/09\/mariniello-01.jpg?resize=350%2C200","width":350,"height":200},"classes":[]},{"id":1813,"url":"https:\/\/www.pigrecoemme.com\/blog\/incontro-col-fotografo-guido-giannini\/","url_meta":{"origin":186,"position":5},"title":"Incontro col fotografo Guido Giannini. 17 dicembre 2016.","author":"Pigrecoemme","date":"3 Dicembre 2016","format":false,"excerpt":"Sabato\u00a017 dicembre\u00a02016, dalle\u00a0ore 16:30 alle ore\u00a018:30, nell\u2019ambito della rassegna Incontri fotografici,\u00a0Guido Giannini\u00a0sar\u00e0 ospite alla Scuola di cinema e fotografia\u00a0Pigrecoemme\u00a0di Napoli per dar vita a un incontro in cui racconter\u00e0 la sua avvincente esperienza di fotografo. Come partecipare all'incontro L\u2019incontro, fino a esaurimento posti, \u00e8 a ingresso gratuito e sar\u00e0 presentato\u2026","rel":"","context":"In &quot;Eventi&quot;","block_context":{"text":"Eventi","link":"https:\/\/www.pigrecoemme.com\/blog\/eventi\/"},"img":{"alt_text":"Guido Giannini Fotografo","src":"https:\/\/i0.wp.com\/www.pigrecoemme.com\/blog\/wp-content\/uploads\/2016\/12\/guido-giannini-fotografo.jpg?resize=350%2C200","width":350,"height":200},"classes":[]}],"jetpack_featured_media_url":"","_links":{"self":[{"href":"https:\/\/www.pigrecoemme.com\/blog\/wp-json\/wp\/v2\/posts\/186","targetHints":{"allow":["GET"]}}],"collection":[{"href":"https:\/\/www.pigrecoemme.com\/blog\/wp-json\/wp\/v2\/posts"}],"about":[{"href":"https:\/\/www.pigrecoemme.com\/blog\/wp-json\/wp\/v2\/types\/post"}],"author":[{"embeddable":true,"href":"https:\/\/www.pigrecoemme.com\/blog\/wp-json\/wp\/v2\/users\/1"}],"replies":[{"embeddable":true,"href":"https:\/\/www.pigrecoemme.com\/blog\/wp-json\/wp\/v2\/comments?post=186"}],"version-history":[{"count":0,"href":"https:\/\/www.pigrecoemme.com\/blog\/wp-json\/wp\/v2\/posts\/186\/revisions"}],"wp:attachment":[{"href":"https:\/\/www.pigrecoemme.com\/blog\/wp-json\/wp\/v2\/media?parent=186"}],"wp:term":[{"taxonomy":"category","embeddable":true,"href":"https:\/\/www.pigrecoemme.com\/blog\/wp-json\/wp\/v2\/categories?post=186"},{"taxonomy":"post_tag","embeddable":true,"href":"https:\/\/www.pigrecoemme.com\/blog\/wp-json\/wp\/v2\/tags?post=186"}],"curies":[{"name":"wp","href":"https:\/\/api.w.org\/{rel}","templated":true}]}}