{"id":185,"date":"2009-10-28T14:23:46","date_gmt":"2009-10-28T12:23:46","guid":{"rendered":"http:\/\/www.pigrecoemme.com\/blog\/?p=185"},"modified":"2010-10-13T14:46:58","modified_gmt":"2010-10-13T12:46:58","slug":"ugo-caruso-al-pan-per-i-film-della-mia-vita","status":"publish","type":"post","link":"https:\/\/www.pigrecoemme.com\/blog\/ugo-caruso-al-pan-per-i-film-della-mia-vita\/","title":{"rendered":"Ugo G. Caruso al PAN per I film della mia vita"},"content":{"rendered":"<p>Continua domani, <strong>gioved\u00ec 29 ottobre<\/strong>, con il critico cinematografico <strong>Ugo G. Caruso<\/strong>, la quarta edizione della rassegna <a title=\"I film della mia vita\" href=\"https:\/\/www.pigrecoemme.com\/blog\/i-film-della-mia-vita-al-via-la-quarta-edizione\/\" target=\"_blank\">I film della mia vita<\/a>.<br \/>\nAlle 18,00 al pubblico del <strong>PAN<\/strong> <strong>di Napoli<\/strong>, Caruso presenter\u00e0 un serrato montaggio di sequenze da oltre cinquanta film, un patrimonio straordinario ed eterogeneo di suggestioni che costituiscono il viatico fondamentale della sua onnivora formazione cinematografica: dai grandi classici, ai cartoni animati fino alle pellicole di genere avidamente consumate nelle sale affollate degli anni Sessanta, passando per le stagioni pi\u00f9 <em>engag\u00e9es <\/em>del cinema italiano. Poi l&#8217;incontro determinante con la New Hollywood ed il cinema dell&#8217;est europeo, in particolare quello ungherese di cui Caruso \u00e8 uno dei massimi esperti italiani: \u00e8 questa l'&#8221;educazione cinematografica&#8221; di Caruso ripercorsa attraverso capolavori quali &#8220;La dolce vita&#8221;, &#8220;Il posto delle fragole&#8221;, &#8220;Il terzo uomo&#8221;, &#8220;Apocalypse Now&#8221;, &#8220;Paris qui dort&#8221;, &#8220;Mr. Arkadin&#8221;, &#8220;Fuoco fatuo&#8221;, &#8220;Szindbad&#8221;, ma anche pellicole recentissime come &#8220;S.O.S. &#8211; Summer&#8221; of Sam di Spike Lee e un culto assoluto quale &#8220;V for Vendetta&#8221;.<br \/>\n<strong>L&#8217;ingresso, fino ad esaurimento posti, \u00e8 gratuito<\/strong>.<\/p>\n<p>Giunta al quarto ciclo, l&#8217;iniziativa della Mediateca S. Sofia Assessorato alle Politiche Giovanili &#8211; Servizio Giovani del Comune di Napoli, in collaborazione con <a title=\"Scuola di cinema Pigrecoemme\" href=\"http:\/\/www.pigrecoemme.com\" target=\"_blank\">Pigrecoemme<\/a> Scuola di cinema e televisone di Napoli, anche quest&#8217;anno si svolge al <strong>Pan \u2013 Palazzo delle arti di Napoli<\/strong> di <strong>Via dei Mille 60<\/strong>.<br \/>\nDopo gli incontri con Mario Franco e Stella Cervasio, l&#8217;evento si concluder\u00e0 il 12 novembre con l&#8217;incontro con la scrittrice Antonella Cilento.<\/p>\n<p>Storico dello spettacolo e studioso di cultura di massa, Ugo G. Caruso \u00e8 nato a Cosenza nel 1956 e dalla met\u00e0 degli anni Settanta vive a Roma dove si \u00e8 laureato in Scienze Politiche. Critico cinematografico per oltre quindici anni, ha\u00a0 lavorato a programmi radiofonici e televisivi ed \u00e8 autore di numerosi saggi ed articoli.<br \/>\nHa inoltre collaborato con le pagine culturali dell'&#8221;Unit\u00e0&#8221;, intervenendo con taglio trasversale su fumetti, cinema, letteratura di genere, jazz, rock e sport.\u00a0 \u00c8 stato docente a contratto in vari atenei e ha curato diverse rassegne e cataloghi come consulente culturale di enti pubblici.<br \/>\nHa fondato il &#8220;Movimento Telesaudadista&#8221;, un&#8217;associazione culturale che ha come fine lo studio e la riproposizione dell&#8217;immenso patrimonio televisivo classico.<\/p>\n","protected":false},"excerpt":{"rendered":"<p>Continua domani, gioved\u00ec 29 ottobre, con il critico cinematografico Ugo G. Caruso, la quarta edizione della rassegna I film della mia vita. Alle 18,00 al pubblico del PAN di Napoli, Caruso presenter\u00e0 un serrato&hellip;<\/p>\n","protected":false},"author":2,"featured_media":0,"comment_status":"open","ping_status":"open","sticky":false,"template":"","format":"standard","meta":{"_jetpack_newsletter_access":"","_jetpack_dont_email_post_to_subs":false,"_jetpack_newsletter_tier_id":0,"_jetpack_memberships_contains_paywalled_content":false,"_jetpack_feature_clip_id":0,"_jetpack_memberships_contains_paid_content":false,"footnotes":"","jetpack_post_was_ever_published":false},"categories":[11],"tags":[67,242,16,15,58,1280,434],"class_list":["post-185","post","type-post","status-publish","format-standard","hentry","category-eventi","tag-cinema","tag-mediateca-santa-sofia","tag-palazzo-delle-arti-di-napoli","tag-pan","tag-pigrecoemme","tag-scuola-di-cinema","tag-ugo-g-caruso"],"yoast_head":"<!-- This site is optimized with the Yoast SEO plugin v28.3 - https:\/\/yoast.com\/product\/yoast-seo-wordpress\/ -->\n<title>Ugo G. Caruso al PAN per I film della mia vita<\/title>\n<meta name=\"robots\" content=\"index, follow, max-snippet:-1, max-image-preview:large, max-video-preview:-1\" \/>\n<link rel=\"canonical\" href=\"https:\/\/www.pigrecoemme.com\/blog\/ugo-caruso-al-pan-per-i-film-della-mia-vita\/\" \/>\n<meta property=\"og:locale\" content=\"it_IT\" \/>\n<meta property=\"og:type\" content=\"article\" \/>\n<meta property=\"og:title\" content=\"Ugo G. Caruso al PAN per I film della mia vita\" \/>\n<meta property=\"og:description\" content=\"Continua domani, gioved\u00ec 29 ottobre, con il critico cinematografico Ugo G. Caruso, la quarta edizione della rassegna I film della mia vita. Alle 18,00 al pubblico del PAN di Napoli, Caruso presenter\u00e0 un serrato&hellip;\" \/>\n<meta property=\"og:url\" content=\"https:\/\/www.pigrecoemme.com\/blog\/ugo-caruso-al-pan-per-i-film-della-mia-vita\/\" \/>\n<meta property=\"og:site_name\" content=\"Scuola di Cinema Pigrecoemme - Blog\" \/>\n<meta property=\"article:publisher\" content=\"https:\/\/www.facebook.com\/pigrecoemme\" \/>\n<meta property=\"article:author\" content=\"https:\/\/www.facebook.com\/corrado.morra1\" \/>\n<meta property=\"article:published_time\" content=\"2009-10-28T12:23:46+00:00\" \/>\n<meta property=\"article:modified_time\" content=\"2010-10-13T12:46:58+00:00\" \/>\n<meta property=\"og:image\" content=\"https:\/\/i0.wp.com\/www.pigrecoemme.com\/blog\/wp-content\/uploads\/2014\/11\/pigrecoemme-test1.jpg?fit=484%2C252&ssl=1\" \/>\n\t<meta property=\"og:image:width\" content=\"484\" \/>\n\t<meta property=\"og:image:height\" content=\"252\" \/>\n\t<meta property=\"og:image:type\" content=\"image\/jpeg\" \/>\n<meta name=\"author\" content=\"Corrado Morra\" \/>\n<meta name=\"twitter:card\" content=\"summary_large_image\" \/>\n<meta name=\"twitter:creator\" content=\"@Pigrecoemme\" \/>\n<meta name=\"twitter:site\" content=\"@Pigrecoemme\" \/>\n<meta name=\"twitter:label1\" content=\"Scritto da\" \/>\n\t<meta name=\"twitter:data1\" content=\"Corrado Morra\" \/>\n\t<meta name=\"twitter:label2\" content=\"Tempo di lettura stimato\" \/>\n\t<meta name=\"twitter:data2\" content=\"2 minuti\" \/>\n<script type=\"application\/ld+json\" class=\"yoast-schema-graph\">{\"@context\":\"https:\\\/\\\/schema.org\",\"@graph\":[{\"@type\":[\"Article\",\"BlogPosting\"],\"@id\":\"https:\\\/\\\/www.pigrecoemme.com\\\/blog\\\/ugo-caruso-al-pan-per-i-film-della-mia-vita\\\/#article\",\"isPartOf\":{\"@id\":\"https:\\\/\\\/www.pigrecoemme.com\\\/blog\\\/ugo-caruso-al-pan-per-i-film-della-mia-vita\\\/\"},\"author\":{\"name\":\"Corrado Morra\",\"@id\":\"https:\\\/\\\/www.pigrecoemme.com\\\/blog\\\/#\\\/schema\\\/person\\\/702764b5ecda4c2f34e82348789f649e\"},\"headline\":\"Ugo G. Caruso al PAN per I film della mia vita\",\"datePublished\":\"2009-10-28T12:23:46+00:00\",\"dateModified\":\"2010-10-13T12:46:58+00:00\",\"mainEntityOfPage\":{\"@id\":\"https:\\\/\\\/www.pigrecoemme.com\\\/blog\\\/ugo-caruso-al-pan-per-i-film-della-mia-vita\\\/\"},\"wordCount\":369,\"commentCount\":0,\"publisher\":{\"@id\":\"https:\\\/\\\/www.pigrecoemme.com\\\/blog\\\/#organization\"},\"keywords\":[\"cinema\",\"mediateca santa sofia\",\"palazzo delle arti di napoli\",\"pan\",\"pigrecoemme\",\"Scuola di cinema\",\"ugo g. caruso\"],\"articleSection\":[\"Eventi\"],\"inLanguage\":\"it-IT\",\"potentialAction\":[{\"@type\":\"CommentAction\",\"name\":\"Comment\",\"target\":[\"https:\\\/\\\/www.pigrecoemme.com\\\/blog\\\/ugo-caruso-al-pan-per-i-film-della-mia-vita\\\/#respond\"]}]},{\"@type\":\"WebPage\",\"@id\":\"https:\\\/\\\/www.pigrecoemme.com\\\/blog\\\/ugo-caruso-al-pan-per-i-film-della-mia-vita\\\/\",\"url\":\"https:\\\/\\\/www.pigrecoemme.com\\\/blog\\\/ugo-caruso-al-pan-per-i-film-della-mia-vita\\\/\",\"name\":\"Ugo G. Caruso al PAN per I film della mia vita\",\"isPartOf\":{\"@id\":\"https:\\\/\\\/www.pigrecoemme.com\\\/blog\\\/#website\"},\"datePublished\":\"2009-10-28T12:23:46+00:00\",\"dateModified\":\"2010-10-13T12:46:58+00:00\",\"breadcrumb\":{\"@id\":\"https:\\\/\\\/www.pigrecoemme.com\\\/blog\\\/ugo-caruso-al-pan-per-i-film-della-mia-vita\\\/#breadcrumb\"},\"inLanguage\":\"it-IT\",\"potentialAction\":[{\"@type\":\"ReadAction\",\"target\":[\"https:\\\/\\\/www.pigrecoemme.com\\\/blog\\\/ugo-caruso-al-pan-per-i-film-della-mia-vita\\\/\"]}]},{\"@type\":\"BreadcrumbList\",\"@id\":\"https:\\\/\\\/www.pigrecoemme.com\\\/blog\\\/ugo-caruso-al-pan-per-i-film-della-mia-vita\\\/#breadcrumb\",\"itemListElement\":[{\"@type\":\"ListItem\",\"position\":1,\"name\":\"Home\",\"item\":\"https:\\\/\\\/www.pigrecoemme.com\\\/blog\\\/\"},{\"@type\":\"ListItem\",\"position\":2,\"name\":\"Ugo G. Caruso al PAN per I film della mia vita\"}]},{\"@type\":\"WebSite\",\"@id\":\"https:\\\/\\\/www.pigrecoemme.com\\\/blog\\\/#website\",\"url\":\"https:\\\/\\\/www.pigrecoemme.com\\\/blog\\\/\",\"name\":\"Scuola di Cinema Pigrecoemme - Blog\",\"description\":\"Siamo la prima Scuola di Cinema e Fotografia di Napoli\",\"publisher\":{\"@id\":\"https:\\\/\\\/www.pigrecoemme.com\\\/blog\\\/#organization\"},\"potentialAction\":[{\"@type\":\"SearchAction\",\"target\":{\"@type\":\"EntryPoint\",\"urlTemplate\":\"https:\\\/\\\/www.pigrecoemme.com\\\/blog\\\/?s={search_term_string}\"},\"query-input\":{\"@type\":\"PropertyValueSpecification\",\"valueRequired\":true,\"valueName\":\"search_term_string\"}}],\"inLanguage\":\"it-IT\"},{\"@type\":\"Organization\",\"@id\":\"https:\\\/\\\/www.pigrecoemme.com\\\/blog\\\/#organization\",\"name\":\"Scuola di cinema e fotografia Pigrecoemme\",\"url\":\"https:\\\/\\\/www.pigrecoemme.com\\\/blog\\\/\",\"logo\":{\"@type\":\"ImageObject\",\"inLanguage\":\"it-IT\",\"@id\":\"https:\\\/\\\/www.pigrecoemme.com\\\/blog\\\/#\\\/schema\\\/logo\\\/image\\\/\",\"url\":\"https:\\\/\\\/i0.wp.com\\\/www.pigrecoemme.com\\\/blog\\\/wp-content\\\/uploads\\\/2018\\\/06\\\/logo-pigrecoemme-2018.png?fit=500%2C500&ssl=1\",\"contentUrl\":\"https:\\\/\\\/i0.wp.com\\\/www.pigrecoemme.com\\\/blog\\\/wp-content\\\/uploads\\\/2018\\\/06\\\/logo-pigrecoemme-2018.png?fit=500%2C500&ssl=1\",\"width\":500,\"height\":500,\"caption\":\"Scuola di cinema e fotografia Pigrecoemme\"},\"image\":{\"@id\":\"https:\\\/\\\/www.pigrecoemme.com\\\/blog\\\/#\\\/schema\\\/logo\\\/image\\\/\"},\"sameAs\":[\"https:\\\/\\\/www.facebook.com\\\/pigrecoemme\",\"https:\\\/\\\/x.com\\\/Pigrecoemme\",\"https:\\\/\\\/www.instagram.com\\\/pigrecoemme\\\/\",\"https:\\\/\\\/www.linkedin.com\\\/company\\\/pigrecoemme\\\/\",\"https:\\\/\\\/www.youtube.com\\\/pigrecoemme\"]},{\"@type\":\"Person\",\"@id\":\"https:\\\/\\\/www.pigrecoemme.com\\\/blog\\\/#\\\/schema\\\/person\\\/702764b5ecda4c2f34e82348789f649e\",\"name\":\"Corrado Morra\",\"image\":{\"@type\":\"ImageObject\",\"inLanguage\":\"it-IT\",\"@id\":\"https:\\\/\\\/secure.gravatar.com\\\/avatar\\\/f6ce2f6728fbdf920737112fe70682512808577befa2c9c7845c04a8449b8f03?s=96&r=g\",\"url\":\"https:\\\/\\\/secure.gravatar.com\\\/avatar\\\/f6ce2f6728fbdf920737112fe70682512808577befa2c9c7845c04a8449b8f03?s=96&r=g\",\"contentUrl\":\"https:\\\/\\\/secure.gravatar.com\\\/avatar\\\/f6ce2f6728fbdf920737112fe70682512808577befa2c9c7845c04a8449b8f03?s=96&r=g\",\"caption\":\"Corrado Morra\"},\"description\":\"Esperto di arti visive e di cinema, insegna Sceneggiatura alla Scuola di cinema Pigrecoemme di Napoli, di cui \u00e8 tra i fondatori.\",\"sameAs\":[\"http:\\\/\\\/www.pigrecoemme.com\\\/\",\"https:\\\/\\\/www.facebook.com\\\/corrado.morra1\"],\"url\":\"https:\\\/\\\/www.pigrecoemme.com\\\/blog\\\/author\\\/corrado-morra\\\/\"}]}<\/script>\n<!-- \/ Yoast SEO plugin. -->","yoast_head_json":{"title":"Ugo G. Caruso al PAN per I film della mia vita","robots":{"index":"index","follow":"follow","max-snippet":"max-snippet:-1","max-image-preview":"max-image-preview:large","max-video-preview":"max-video-preview:-1"},"canonical":"https:\/\/www.pigrecoemme.com\/blog\/ugo-caruso-al-pan-per-i-film-della-mia-vita\/","og_locale":"it_IT","og_type":"article","og_title":"Ugo G. Caruso al PAN per I film della mia vita","og_description":"Continua domani, gioved\u00ec 29 ottobre, con il critico cinematografico Ugo G. Caruso, la quarta edizione della rassegna I film della mia vita. Alle 18,00 al pubblico del PAN di Napoli, Caruso presenter\u00e0 un serrato&hellip;","og_url":"https:\/\/www.pigrecoemme.com\/blog\/ugo-caruso-al-pan-per-i-film-della-mia-vita\/","og_site_name":"Scuola di Cinema Pigrecoemme - Blog","article_publisher":"https:\/\/www.facebook.com\/pigrecoemme","article_author":"https:\/\/www.facebook.com\/corrado.morra1","article_published_time":"2009-10-28T12:23:46+00:00","article_modified_time":"2010-10-13T12:46:58+00:00","og_image":[{"width":484,"height":252,"url":"https:\/\/i0.wp.com\/www.pigrecoemme.com\/blog\/wp-content\/uploads\/2014\/11\/pigrecoemme-test1.jpg?fit=484%2C252&ssl=1","type":"image\/jpeg"}],"author":"Corrado Morra","twitter_card":"summary_large_image","twitter_creator":"@Pigrecoemme","twitter_site":"@Pigrecoemme","twitter_misc":{"Scritto da":"Corrado Morra","Tempo di lettura stimato":"2 minuti"},"schema":{"@context":"https:\/\/schema.org","@graph":[{"@type":["Article","BlogPosting"],"@id":"https:\/\/www.pigrecoemme.com\/blog\/ugo-caruso-al-pan-per-i-film-della-mia-vita\/#article","isPartOf":{"@id":"https:\/\/www.pigrecoemme.com\/blog\/ugo-caruso-al-pan-per-i-film-della-mia-vita\/"},"author":{"name":"Corrado Morra","@id":"https:\/\/www.pigrecoemme.com\/blog\/#\/schema\/person\/702764b5ecda4c2f34e82348789f649e"},"headline":"Ugo G. Caruso al PAN per I film della mia vita","datePublished":"2009-10-28T12:23:46+00:00","dateModified":"2010-10-13T12:46:58+00:00","mainEntityOfPage":{"@id":"https:\/\/www.pigrecoemme.com\/blog\/ugo-caruso-al-pan-per-i-film-della-mia-vita\/"},"wordCount":369,"commentCount":0,"publisher":{"@id":"https:\/\/www.pigrecoemme.com\/blog\/#organization"},"keywords":["cinema","mediateca santa sofia","palazzo delle arti di napoli","pan","pigrecoemme","Scuola di cinema","ugo g. caruso"],"articleSection":["Eventi"],"inLanguage":"it-IT","potentialAction":[{"@type":"CommentAction","name":"Comment","target":["https:\/\/www.pigrecoemme.com\/blog\/ugo-caruso-al-pan-per-i-film-della-mia-vita\/#respond"]}]},{"@type":"WebPage","@id":"https:\/\/www.pigrecoemme.com\/blog\/ugo-caruso-al-pan-per-i-film-della-mia-vita\/","url":"https:\/\/www.pigrecoemme.com\/blog\/ugo-caruso-al-pan-per-i-film-della-mia-vita\/","name":"Ugo G. Caruso al PAN per I film della mia vita","isPartOf":{"@id":"https:\/\/www.pigrecoemme.com\/blog\/#website"},"datePublished":"2009-10-28T12:23:46+00:00","dateModified":"2010-10-13T12:46:58+00:00","breadcrumb":{"@id":"https:\/\/www.pigrecoemme.com\/blog\/ugo-caruso-al-pan-per-i-film-della-mia-vita\/#breadcrumb"},"inLanguage":"it-IT","potentialAction":[{"@type":"ReadAction","target":["https:\/\/www.pigrecoemme.com\/blog\/ugo-caruso-al-pan-per-i-film-della-mia-vita\/"]}]},{"@type":"BreadcrumbList","@id":"https:\/\/www.pigrecoemme.com\/blog\/ugo-caruso-al-pan-per-i-film-della-mia-vita\/#breadcrumb","itemListElement":[{"@type":"ListItem","position":1,"name":"Home","item":"https:\/\/www.pigrecoemme.com\/blog\/"},{"@type":"ListItem","position":2,"name":"Ugo G. Caruso al PAN per I film della mia vita"}]},{"@type":"WebSite","@id":"https:\/\/www.pigrecoemme.com\/blog\/#website","url":"https:\/\/www.pigrecoemme.com\/blog\/","name":"Scuola di Cinema Pigrecoemme - Blog","description":"Siamo la prima Scuola di Cinema e Fotografia di Napoli","publisher":{"@id":"https:\/\/www.pigrecoemme.com\/blog\/#organization"},"potentialAction":[{"@type":"SearchAction","target":{"@type":"EntryPoint","urlTemplate":"https:\/\/www.pigrecoemme.com\/blog\/?s={search_term_string}"},"query-input":{"@type":"PropertyValueSpecification","valueRequired":true,"valueName":"search_term_string"}}],"inLanguage":"it-IT"},{"@type":"Organization","@id":"https:\/\/www.pigrecoemme.com\/blog\/#organization","name":"Scuola di cinema e fotografia Pigrecoemme","url":"https:\/\/www.pigrecoemme.com\/blog\/","logo":{"@type":"ImageObject","inLanguage":"it-IT","@id":"https:\/\/www.pigrecoemme.com\/blog\/#\/schema\/logo\/image\/","url":"https:\/\/i0.wp.com\/www.pigrecoemme.com\/blog\/wp-content\/uploads\/2018\/06\/logo-pigrecoemme-2018.png?fit=500%2C500&ssl=1","contentUrl":"https:\/\/i0.wp.com\/www.pigrecoemme.com\/blog\/wp-content\/uploads\/2018\/06\/logo-pigrecoemme-2018.png?fit=500%2C500&ssl=1","width":500,"height":500,"caption":"Scuola di cinema e fotografia Pigrecoemme"},"image":{"@id":"https:\/\/www.pigrecoemme.com\/blog\/#\/schema\/logo\/image\/"},"sameAs":["https:\/\/www.facebook.com\/pigrecoemme","https:\/\/x.com\/Pigrecoemme","https:\/\/www.instagram.com\/pigrecoemme\/","https:\/\/www.linkedin.com\/company\/pigrecoemme\/","https:\/\/www.youtube.com\/pigrecoemme"]},{"@type":"Person","@id":"https:\/\/www.pigrecoemme.com\/blog\/#\/schema\/person\/702764b5ecda4c2f34e82348789f649e","name":"Corrado Morra","image":{"@type":"ImageObject","inLanguage":"it-IT","@id":"https:\/\/secure.gravatar.com\/avatar\/f6ce2f6728fbdf920737112fe70682512808577befa2c9c7845c04a8449b8f03?s=96&r=g","url":"https:\/\/secure.gravatar.com\/avatar\/f6ce2f6728fbdf920737112fe70682512808577befa2c9c7845c04a8449b8f03?s=96&r=g","contentUrl":"https:\/\/secure.gravatar.com\/avatar\/f6ce2f6728fbdf920737112fe70682512808577befa2c9c7845c04a8449b8f03?s=96&r=g","caption":"Corrado Morra"},"description":"Esperto di arti visive e di cinema, insegna Sceneggiatura alla Scuola di cinema Pigrecoemme di Napoli, di cui \u00e8 tra i fondatori.","sameAs":["http:\/\/www.pigrecoemme.com\/","https:\/\/www.facebook.com\/corrado.morra1"],"url":"https:\/\/www.pigrecoemme.com\/blog\/author\/corrado-morra\/"}]}},"jetpack_sharing_enabled":true,"jetpack_likes_enabled":true,"jetpack-related-posts":[{"id":176,"url":"https:\/\/www.pigrecoemme.com\/blog\/i-film-della-mia-vita-al-via-la-quarta-edizione\/","url_meta":{"origin":185,"position":0},"title":"I film della mia vita. Al via la quarta edizione","author":"Corrado Morra","date":"8 Ottobre 2009","format":false,"excerpt":"Parte il prossimo 15 ottobre con l'incontro con il regista e storico del cinema Mario Franco la nuova edizione della rassegna I film della mia vita. Giunta al quarto ciclo, l'iniziativa della Mediateca S. Sofia Assessorato alle Politiche Giovanili - Servizio Giovani del Comune di Napoli, in collaborazione con Pigrecoemme\u2026","rel":"","context":"In &quot;Eventi&quot;","block_context":{"text":"Eventi","link":"https:\/\/www.pigrecoemme.com\/blog\/eventi\/"},"img":{"alt_text":"","src":"https:\/\/i0.wp.com\/www.pigrecoemme.com\/blog\/wp-content\/uploads\/2009\/10\/i-film-della-mia-vita-300x212.jpg?resize=350%2C200","width":350,"height":200},"classes":[]},{"id":10,"url":"https:\/\/www.pigrecoemme.com\/blog\/domani-martedi-9-ottobre-giornata-dedicata-ad-ugo-gregoretti\/","url_meta":{"origin":185,"position":1},"title":"Domani, marted\u00ec 9 ottobre, giornata dedicata ad Ugo Gregoretti","author":"Giacomo Fabbrocino","date":"8 Ottobre 2007","format":false,"excerpt":"In occasione dell'incontro conclusivo de I film della mia vita, iniziativa della Mediateca di S. Sofia in collaborazione con la Scuola di cinema Pigrecoemme di Napoli, in programma al PAN alle ore 18,00, il Sindaco di Napoli e l'assessore alle Politiche sociali e giovanili Giulio Riccio conferiranno al Maestro Ugo\u2026","rel":"","context":"In &quot;Eventi&quot;","block_context":{"text":"Eventi","link":"https:\/\/www.pigrecoemme.com\/blog\/eventi\/"},"img":{"alt_text":"","src":"","width":0,"height":0},"classes":[]},{"id":12,"url":"https:\/\/www.pigrecoemme.com\/blog\/si-conclude-con-ugo-gregoretti-i-film-della-mia-vita-grande-successo-di-pubblico\/","url_meta":{"origin":185,"position":2},"title":"Si conclude con Ugo Gregoretti &#8220;I film della mia vita&#8221;. Grande successo di pubblico","author":"Rosario Gallone","date":"10 Ottobre 2007","format":false,"excerpt":"Giornata faticosa il 9 ottobre per Ugo Gregoretti. Ed anche per noi. Per me un po' di pi\u00f9, essendo in piedi dalle 6,00 per motivi familiari (figlie piccole che si svegliano!), ma ho 40 anni in meno del maestro e di cosa mi lamento? Alle 13,00 consegna della targa a\u2026","rel":"","context":"In &quot;Eventi&quot;","block_context":{"text":"Eventi","link":"https:\/\/www.pigrecoemme.com\/blog\/eventi\/"},"img":{"alt_text":"","src":"https:\/\/i0.wp.com\/www.pigrecoemme.com\/blog\/wp-content\/uploads\/2024\/03\/gregoretti-iervolino.jpg?resize=350%2C200&ssl=1","width":350,"height":200,"srcset":"https:\/\/i0.wp.com\/www.pigrecoemme.com\/blog\/wp-content\/uploads\/2024\/03\/gregoretti-iervolino.jpg?resize=350%2C200&ssl=1 1x, https:\/\/i0.wp.com\/www.pigrecoemme.com\/blog\/wp-content\/uploads\/2024\/03\/gregoretti-iervolino.jpg?resize=525%2C300&ssl=1 1.5x, https:\/\/i0.wp.com\/www.pigrecoemme.com\/blog\/wp-content\/uploads\/2024\/03\/gregoretti-iervolino.jpg?resize=700%2C400&ssl=1 2x"},"classes":[]},{"id":7,"url":"https:\/\/www.pigrecoemme.com\/blog\/successo-per-lincontro-con-angelo-curti-al-pan\/","url_meta":{"origin":185,"position":3},"title":"Successo per l&#8217;incontro con Angelo Curti al Pan","author":"Rosario Gallone","date":"3 Ottobre 2007","format":false,"excerpt":"Si \u00e8 tenuto ieri, Marted\u00ec 2 ottobre 2007 alle ore 18,00 il terzo incontro del secondo ciclo di I film della mia vita, un'iniziativa della Mediateca Santa Sofia del Comune di Napoli realizzata in collaborazione con la Scuola di Cinema e Televisione Pigrecoemme. Il produttore di Teatri Uniti, Angelo Curti,\u2026","rel":"","context":"In &quot;Eventi&quot;","block_context":{"text":"Eventi","link":"https:\/\/www.pigrecoemme.com\/blog\/eventi\/"},"img":{"alt_text":"","src":"","width":0,"height":0},"classes":[]},{"id":18,"url":"https:\/\/www.pigrecoemme.com\/blog\/salvatore-piscicelli-incontro-al-pan-il-prossimo-30-ottobre\/","url_meta":{"origin":185,"position":4},"title":"Salvatore Piscicelli: incontro al PAN il prossimo 30 ottobre","author":"Giacomo Fabbrocino","date":"26 Ottobre 2007","format":false,"excerpt":"Sulla scia del successo del recente ciclo d'incontri I film della mia vita, continuano gli appuntamenti sul cinema e sui suoi protagonisti della Mediateca S. Sofia: il prossimo marted\u00ec 30 ottobre sar\u00e0, infatti, Salvatore Piscicelli l'ospite di un interessante incontro al Pan in cui il regista napoletano, accompagnato dal critico\u2026","rel":"","context":"In &quot;Eventi&quot;","block_context":{"text":"Eventi","link":"https:\/\/www.pigrecoemme.com\/blog\/eventi\/"},"img":{"alt_text":"Invito incontro Piscicelli","src":"https:\/\/i0.wp.com\/farm3.static.flickr.com\/2199\/1759582031_8fe3c14b09_m.jpg?resize=350%2C200","width":350,"height":200},"classes":[]},{"id":183,"url":"https:\/\/www.pigrecoemme.com\/blog\/il-video-realizzato-da-mario-franco-per-i-film-della-mia-vita\/","url_meta":{"origin":185,"position":5},"title":"Il video realizzato da Mario Franco per &#8220;i film della mia vita&#8221;","author":"Giacomo Fabbrocino","date":"21 Ottobre 2009","format":false,"excerpt":"Domani, giorno del secondo appuntamento con la quarta edizione de I film della mia vita,\u00a0 si terr\u00e0 l'incontro con Stella Cervasio (PAN, h.18.00). Nel frattempo vogliate gradire questo vero e proprio documentario realizzato da Mario Franco\u00a0 in occasione, gioved\u00ec scorso, del primo appuntamento della rassegna.","rel":"","context":"In &quot;Eventi&quot;","block_context":{"text":"Eventi","link":"https:\/\/www.pigrecoemme.com\/blog\/eventi\/"},"img":{"alt_text":"","src":"","width":0,"height":0},"classes":[]}],"jetpack_featured_media_url":"","_links":{"self":[{"href":"https:\/\/www.pigrecoemme.com\/blog\/wp-json\/wp\/v2\/posts\/185","targetHints":{"allow":["GET"]}}],"collection":[{"href":"https:\/\/www.pigrecoemme.com\/blog\/wp-json\/wp\/v2\/posts"}],"about":[{"href":"https:\/\/www.pigrecoemme.com\/blog\/wp-json\/wp\/v2\/types\/post"}],"author":[{"embeddable":true,"href":"https:\/\/www.pigrecoemme.com\/blog\/wp-json\/wp\/v2\/users\/2"}],"replies":[{"embeddable":true,"href":"https:\/\/www.pigrecoemme.com\/blog\/wp-json\/wp\/v2\/comments?post=185"}],"version-history":[{"count":0,"href":"https:\/\/www.pigrecoemme.com\/blog\/wp-json\/wp\/v2\/posts\/185\/revisions"}],"wp:attachment":[{"href":"https:\/\/www.pigrecoemme.com\/blog\/wp-json\/wp\/v2\/media?parent=185"}],"wp:term":[{"taxonomy":"category","embeddable":true,"href":"https:\/\/www.pigrecoemme.com\/blog\/wp-json\/wp\/v2\/categories?post=185"},{"taxonomy":"post_tag","embeddable":true,"href":"https:\/\/www.pigrecoemme.com\/blog\/wp-json\/wp\/v2\/tags?post=185"}],"curies":[{"name":"wp","href":"https:\/\/api.w.org\/{rel}","templated":true}]}}