{"id":1837,"date":"2017-01-05T10:56:02","date_gmt":"2017-01-05T09:56:02","guid":{"rendered":"http:\/\/www.pigrecoemme.com\/blog\/?p=1837"},"modified":"2017-01-10T13:04:28","modified_gmt":"2017-01-10T12:04:28","slug":"sabato-14-gennaio-incontro-fotografico-cesare-accetta","status":"publish","type":"post","link":"https:\/\/www.pigrecoemme.com\/blog\/sabato-14-gennaio-incontro-fotografico-cesare-accetta\/","title":{"rendered":"Sabato 14 gennaio: incontro fotografico con Cesare Accetta"},"content":{"rendered":"<p><a href=\"https:\/\/i0.wp.com\/www.pigrecoemme.com\/blog\/wp-content\/uploads\/2017\/01\/cesare-accetta-1.jpg?ssl=1\"><img data-recalc-dims=\"1\" loading=\"lazy\" decoding=\"async\" class=\"aligncenter wp-image-1847 size-full\" src=\"https:\/\/i0.wp.com\/www.pigrecoemme.com\/blog\/wp-content\/uploads\/2017\/01\/cesare-accetta-1.jpg?resize=484%2C252&#038;ssl=1\" alt=\"Cesare Accetta\" width=\"484\" height=\"252\" srcset=\"https:\/\/i0.wp.com\/www.pigrecoemme.com\/blog\/wp-content\/uploads\/2017\/01\/cesare-accetta-1.jpg?w=484&amp;ssl=1 484w, https:\/\/i0.wp.com\/www.pigrecoemme.com\/blog\/wp-content\/uploads\/2017\/01\/cesare-accetta-1.jpg?resize=300%2C156&amp;ssl=1 300w\" sizes=\"auto, (max-width: 484px) 100vw, 484px\" \/><\/a><\/p>\n<p><strong>Sabato&nbsp;14&nbsp;gennaio 2017<\/strong>, dalle&nbsp;<strong>ore 16:30 <\/strong>alle ore&nbsp;<strong>18:00<\/strong>, nell\u2019ambito della rassegna <em><a href=\"https:\/\/www.pigrecoemme.com\/blog\/category\/fotografia\/incontri-fotografici\/\">Incontri fotografici<\/a><\/em>, <strong>Cesare Accetta&nbsp;<\/strong>sar\u00e0 ospite alla<a href=\"http:\/\/www.pigrecoemme.com\/\"> Scuola di cinema e fotografia&nbsp;<\/a><strong>Pigrecoemme&nbsp;<\/strong>di Napoli, per dar vita a un incontro in cui racconter\u00e0 il suo entusiasmante percorso artistico e professionale come fotografo di scena, fotografo di ricerca, direttore della fotografia per il cinema e light designer per il teatro e per mostre d&#8217;arte.&nbsp;<\/p>\n<div class=\"tiled-gallery type-rectangular tiled-gallery-unresized\" data-original-width=\"860\" data-carousel-extra='null' itemscope itemtype=\"http:\/\/schema.org\/ImageGallery\" > <div class=\"gallery-row\" style=\"width: 860px; height: 451px;\" data-original-width=\"860\" data-original-height=\"451\" > <div class=\"gallery-group images-1\" style=\"width: 287px; height: 451px;\" data-original-width=\"287\" data-original-height=\"451\" > <div class=\"tiled-gallery-item tiled-gallery-item-large\" itemprop=\"associatedMedia\" itemscope itemtype=\"http:\/\/schema.org\/ImageObject\"> <a href=\"https:\/\/i0.wp.com\/www.pigrecoemme.com\/blog\/wp-content\/uploads\/2017\/01\/02-Nero-sensibile.jpg?ssl=1\" border=\"0\" itemprop=\"url\"> <meta itemprop=\"width\" content=\"283\"> <meta itemprop=\"height\" content=\"447\"> <img decoding=\"async\" class=\"\" data-attachment-id=\"1838\" data-orig-file=\"https:\/\/www.pigrecoemme.com\/blog\/wp-content\/uploads\/2017\/01\/02-Nero-sensibile.jpg\" data-orig-size=\"1181,1867\" data-comments-opened=\"1\" data-image-meta=\"{&quot;aperture&quot;:&quot;0&quot;,&quot;credit&quot;:&quot;&quot;,&quot;camera&quot;:&quot;&quot;,&quot;caption&quot;:&quot;&quot;,&quot;created_timestamp&quot;:&quot;0&quot;,&quot;copyright&quot;:&quot;&quot;,&quot;focal_length&quot;:&quot;0&quot;,&quot;iso&quot;:&quot;0&quot;,&quot;shutter_speed&quot;:&quot;0&quot;,&quot;title&quot;:&quot;&quot;,&quot;orientation&quot;:&quot;1&quot;}\" data-image-title=\"02 (Nero sensibile)\" data-image-description=\"&lt;p&gt;02 (Nero sensibile)&lt;\/p&gt; \" data-medium-file=\"https:\/\/i0.wp.com\/www.pigrecoemme.com\/blog\/wp-content\/uploads\/2017\/01\/02-Nero-sensibile.jpg?fit=190%2C300&#038;ssl=1\" data-large-file=\"https:\/\/i0.wp.com\/www.pigrecoemme.com\/blog\/wp-content\/uploads\/2017\/01\/02-Nero-sensibile.jpg?fit=648%2C1024&#038;ssl=1\" src=\"https:\/\/i0.wp.com\/www.pigrecoemme.com\/blog\/wp-content\/uploads\/2017\/01\/02-Nero-sensibile.jpg?w=283&#038;h=447&#038;ssl=1\" srcset=\"https:\/\/i0.wp.com\/www.pigrecoemme.com\/blog\/wp-content\/uploads\/2017\/01\/02-Nero-sensibile.jpg?w=1181&amp;ssl=1 1181w, https:\/\/i0.wp.com\/www.pigrecoemme.com\/blog\/wp-content\/uploads\/2017\/01\/02-Nero-sensibile.jpg?resize=190%2C300&amp;ssl=1 190w, https:\/\/i0.wp.com\/www.pigrecoemme.com\/blog\/wp-content\/uploads\/2017\/01\/02-Nero-sensibile.jpg?resize=768%2C1214&amp;ssl=1 768w, https:\/\/i0.wp.com\/www.pigrecoemme.com\/blog\/wp-content\/uploads\/2017\/01\/02-Nero-sensibile.jpg?resize=648%2C1024&amp;ssl=1 648w, https:\/\/i0.wp.com\/www.pigrecoemme.com\/blog\/wp-content\/uploads\/2017\/01\/02-Nero-sensibile.jpg?resize=300%2C474&amp;ssl=1 300w\" width=\"283\" height=\"447\" loading=\"lazy\" data-original-width=\"283\" data-original-height=\"447\" itemprop=\"http:\/\/schema.org\/image\" title=\"02 (Nero sensibile)\" alt=\"02 (Nero sensibile)\" style=\"width: 283px; height: 447px;\" \/> <\/a> <div class=\"tiled-gallery-caption\" itemprop=\"caption description\"> 02 (Nero sensibile) <\/div> <\/div> <\/div> <!-- close group --> <div class=\"gallery-group images-1\" style=\"width: 287px; height: 451px;\" data-original-width=\"287\" data-original-height=\"451\" > <div class=\"tiled-gallery-item tiled-gallery-item-large\" itemprop=\"associatedMedia\" itemscope itemtype=\"http:\/\/schema.org\/ImageObject\"> <a href=\"https:\/\/i0.wp.com\/www.pigrecoemme.com\/blog\/wp-content\/uploads\/2017\/01\/04-Nero-sensibile.jpg?ssl=1\" border=\"0\" itemprop=\"url\"> <meta itemprop=\"width\" content=\"283\"> <meta itemprop=\"height\" content=\"447\"> <img decoding=\"async\" class=\"\" data-attachment-id=\"1839\" data-orig-file=\"https:\/\/www.pigrecoemme.com\/blog\/wp-content\/uploads\/2017\/01\/04-Nero-sensibile.jpg\" data-orig-size=\"1181,1867\" data-comments-opened=\"1\" data-image-meta=\"{&quot;aperture&quot;:&quot;0&quot;,&quot;credit&quot;:&quot;&quot;,&quot;camera&quot;:&quot;&quot;,&quot;caption&quot;:&quot;&quot;,&quot;created_timestamp&quot;:&quot;0&quot;,&quot;copyright&quot;:&quot;&quot;,&quot;focal_length&quot;:&quot;0&quot;,&quot;iso&quot;:&quot;0&quot;,&quot;shutter_speed&quot;:&quot;0&quot;,&quot;title&quot;:&quot;&quot;,&quot;orientation&quot;:&quot;1&quot;}\" data-image-title=\"04 (Nero sensibile)\" data-image-description=\"&lt;p&gt;04 (Nero sensibile)&lt;\/p&gt; \" data-medium-file=\"https:\/\/i0.wp.com\/www.pigrecoemme.com\/blog\/wp-content\/uploads\/2017\/01\/04-Nero-sensibile.jpg?fit=190%2C300&#038;ssl=1\" data-large-file=\"https:\/\/i0.wp.com\/www.pigrecoemme.com\/blog\/wp-content\/uploads\/2017\/01\/04-Nero-sensibile.jpg?fit=648%2C1024&#038;ssl=1\" src=\"https:\/\/i0.wp.com\/www.pigrecoemme.com\/blog\/wp-content\/uploads\/2017\/01\/04-Nero-sensibile.jpg?w=283&#038;h=447&#038;ssl=1\" srcset=\"https:\/\/i0.wp.com\/www.pigrecoemme.com\/blog\/wp-content\/uploads\/2017\/01\/04-Nero-sensibile.jpg?w=1181&amp;ssl=1 1181w, https:\/\/i0.wp.com\/www.pigrecoemme.com\/blog\/wp-content\/uploads\/2017\/01\/04-Nero-sensibile.jpg?resize=190%2C300&amp;ssl=1 190w, https:\/\/i0.wp.com\/www.pigrecoemme.com\/blog\/wp-content\/uploads\/2017\/01\/04-Nero-sensibile.jpg?resize=768%2C1214&amp;ssl=1 768w, https:\/\/i0.wp.com\/www.pigrecoemme.com\/blog\/wp-content\/uploads\/2017\/01\/04-Nero-sensibile.jpg?resize=648%2C1024&amp;ssl=1 648w, https:\/\/i0.wp.com\/www.pigrecoemme.com\/blog\/wp-content\/uploads\/2017\/01\/04-Nero-sensibile.jpg?resize=300%2C474&amp;ssl=1 300w\" width=\"283\" height=\"447\" loading=\"lazy\" data-original-width=\"283\" data-original-height=\"447\" itemprop=\"http:\/\/schema.org\/image\" title=\"04 (Nero sensibile)\" alt=\"04 (Nero sensibile)\" style=\"width: 283px; height: 447px;\" \/> <\/a> <div class=\"tiled-gallery-caption\" itemprop=\"caption description\"> 04 (Nero sensibile) <\/div> <\/div> <\/div> <!-- close group --> <div class=\"gallery-group images-1\" style=\"width: 286px; height: 451px;\" data-original-width=\"286\" data-original-height=\"451\" > <div class=\"tiled-gallery-item tiled-gallery-item-large\" itemprop=\"associatedMedia\" itemscope itemtype=\"http:\/\/schema.org\/ImageObject\"> <a href=\"https:\/\/i0.wp.com\/www.pigrecoemme.com\/blog\/wp-content\/uploads\/2017\/01\/013-Nero-sensibile.jpg?ssl=1\" border=\"0\" itemprop=\"url\"> <meta itemprop=\"width\" content=\"282\"> <meta itemprop=\"height\" content=\"447\"> <img decoding=\"async\" class=\"\" data-attachment-id=\"1840\" data-orig-file=\"https:\/\/www.pigrecoemme.com\/blog\/wp-content\/uploads\/2017\/01\/013-Nero-sensibile.jpg\" data-orig-size=\"1181,1867\" data-comments-opened=\"1\" data-image-meta=\"{&quot;aperture&quot;:&quot;0&quot;,&quot;credit&quot;:&quot;&quot;,&quot;camera&quot;:&quot;&quot;,&quot;caption&quot;:&quot;&quot;,&quot;created_timestamp&quot;:&quot;0&quot;,&quot;copyright&quot;:&quot;&quot;,&quot;focal_length&quot;:&quot;0&quot;,&quot;iso&quot;:&quot;0&quot;,&quot;shutter_speed&quot;:&quot;0&quot;,&quot;title&quot;:&quot;&quot;,&quot;orientation&quot;:&quot;1&quot;}\" data-image-title=\"013 (Nero sensibile)\" data-image-description=\"&lt;p&gt;013 (Nero sensibile)&lt;\/p&gt; \" data-medium-file=\"https:\/\/i0.wp.com\/www.pigrecoemme.com\/blog\/wp-content\/uploads\/2017\/01\/013-Nero-sensibile.jpg?fit=190%2C300&#038;ssl=1\" data-large-file=\"https:\/\/i0.wp.com\/www.pigrecoemme.com\/blog\/wp-content\/uploads\/2017\/01\/013-Nero-sensibile.jpg?fit=648%2C1024&#038;ssl=1\" src=\"https:\/\/i0.wp.com\/www.pigrecoemme.com\/blog\/wp-content\/uploads\/2017\/01\/013-Nero-sensibile.jpg?w=282&#038;h=447&#038;ssl=1\" srcset=\"https:\/\/i0.wp.com\/www.pigrecoemme.com\/blog\/wp-content\/uploads\/2017\/01\/013-Nero-sensibile.jpg?w=1181&amp;ssl=1 1181w, https:\/\/i0.wp.com\/www.pigrecoemme.com\/blog\/wp-content\/uploads\/2017\/01\/013-Nero-sensibile.jpg?resize=190%2C300&amp;ssl=1 190w, https:\/\/i0.wp.com\/www.pigrecoemme.com\/blog\/wp-content\/uploads\/2017\/01\/013-Nero-sensibile.jpg?resize=768%2C1214&amp;ssl=1 768w, https:\/\/i0.wp.com\/www.pigrecoemme.com\/blog\/wp-content\/uploads\/2017\/01\/013-Nero-sensibile.jpg?resize=648%2C1024&amp;ssl=1 648w, https:\/\/i0.wp.com\/www.pigrecoemme.com\/blog\/wp-content\/uploads\/2017\/01\/013-Nero-sensibile.jpg?resize=300%2C474&amp;ssl=1 300w\" width=\"282\" height=\"447\" loading=\"lazy\" data-original-width=\"282\" data-original-height=\"447\" itemprop=\"http:\/\/schema.org\/image\" title=\"013 (Nero sensibile)\" alt=\"013 (Nero sensibile)\" style=\"width: 282px; height: 447px;\" \/> <\/a> <div class=\"tiled-gallery-caption\" itemprop=\"caption description\"> 013 (Nero sensibile) <\/div> <\/div> <\/div> <!-- close group --> <\/div> <!-- close row --> <div class=\"gallery-row\" style=\"width: 860px; height: 677px;\" data-original-width=\"860\" data-original-height=\"677\" > <div class=\"gallery-group images-1\" style=\"width: 430px; height: 677px;\" data-original-width=\"430\" data-original-height=\"677\" > <div class=\"tiled-gallery-item tiled-gallery-item-large\" itemprop=\"associatedMedia\" itemscope itemtype=\"http:\/\/schema.org\/ImageObject\"> <a href=\"https:\/\/i0.wp.com\/www.pigrecoemme.com\/blog\/wp-content\/uploads\/2017\/01\/016-Nero-sensibile.jpg?ssl=1\" border=\"0\" itemprop=\"url\"> <meta itemprop=\"width\" content=\"426\"> <meta itemprop=\"height\" content=\"673\"> <img decoding=\"async\" class=\"\" data-attachment-id=\"1841\" data-orig-file=\"https:\/\/www.pigrecoemme.com\/blog\/wp-content\/uploads\/2017\/01\/016-Nero-sensibile.jpg\" data-orig-size=\"1181,1867\" data-comments-opened=\"1\" data-image-meta=\"{&quot;aperture&quot;:&quot;0&quot;,&quot;credit&quot;:&quot;&quot;,&quot;camera&quot;:&quot;&quot;,&quot;caption&quot;:&quot;&quot;,&quot;created_timestamp&quot;:&quot;0&quot;,&quot;copyright&quot;:&quot;&quot;,&quot;focal_length&quot;:&quot;0&quot;,&quot;iso&quot;:&quot;0&quot;,&quot;shutter_speed&quot;:&quot;0&quot;,&quot;title&quot;:&quot;&quot;,&quot;orientation&quot;:&quot;1&quot;}\" data-image-title=\"016 (Nero sensibile)\" data-image-description=\"&lt;p&gt;016 (Nero sensibile)&lt;\/p&gt; \" data-medium-file=\"https:\/\/i0.wp.com\/www.pigrecoemme.com\/blog\/wp-content\/uploads\/2017\/01\/016-Nero-sensibile.jpg?fit=190%2C300&#038;ssl=1\" data-large-file=\"https:\/\/i0.wp.com\/www.pigrecoemme.com\/blog\/wp-content\/uploads\/2017\/01\/016-Nero-sensibile.jpg?fit=648%2C1024&#038;ssl=1\" src=\"https:\/\/i0.wp.com\/www.pigrecoemme.com\/blog\/wp-content\/uploads\/2017\/01\/016-Nero-sensibile.jpg?w=426&#038;h=673&#038;ssl=1\" srcset=\"https:\/\/i0.wp.com\/www.pigrecoemme.com\/blog\/wp-content\/uploads\/2017\/01\/016-Nero-sensibile.jpg?w=1181&amp;ssl=1 1181w, https:\/\/i0.wp.com\/www.pigrecoemme.com\/blog\/wp-content\/uploads\/2017\/01\/016-Nero-sensibile.jpg?resize=190%2C300&amp;ssl=1 190w, https:\/\/i0.wp.com\/www.pigrecoemme.com\/blog\/wp-content\/uploads\/2017\/01\/016-Nero-sensibile.jpg?resize=768%2C1214&amp;ssl=1 768w, https:\/\/i0.wp.com\/www.pigrecoemme.com\/blog\/wp-content\/uploads\/2017\/01\/016-Nero-sensibile.jpg?resize=648%2C1024&amp;ssl=1 648w, https:\/\/i0.wp.com\/www.pigrecoemme.com\/blog\/wp-content\/uploads\/2017\/01\/016-Nero-sensibile.jpg?resize=300%2C474&amp;ssl=1 300w\" width=\"426\" height=\"673\" loading=\"lazy\" data-original-width=\"426\" data-original-height=\"673\" itemprop=\"http:\/\/schema.org\/image\" title=\"016 (Nero sensibile)\" alt=\"016 (Nero sensibile)\" style=\"width: 426px; height: 673px;\" \/> <\/a> <div class=\"tiled-gallery-caption\" itemprop=\"caption description\"> 016 (Nero sensibile) <\/div> <\/div> <\/div> <!-- close group --> <div class=\"gallery-group images-1\" style=\"width: 430px; height: 677px;\" data-original-width=\"430\" data-original-height=\"677\" > <div class=\"tiled-gallery-item tiled-gallery-item-large\" itemprop=\"associatedMedia\" itemscope itemtype=\"http:\/\/schema.org\/ImageObject\"> <a href=\"https:\/\/i0.wp.com\/www.pigrecoemme.com\/blog\/wp-content\/uploads\/2017\/01\/017-Nero-sensibile.jpg?ssl=1\" border=\"0\" itemprop=\"url\"> <meta itemprop=\"width\" content=\"426\"> <meta itemprop=\"height\" content=\"673\"> <img decoding=\"async\" class=\"\" data-attachment-id=\"1842\" data-orig-file=\"https:\/\/www.pigrecoemme.com\/blog\/wp-content\/uploads\/2017\/01\/017-Nero-sensibile.jpg\" data-orig-size=\"1181,1867\" data-comments-opened=\"1\" data-image-meta=\"{&quot;aperture&quot;:&quot;0&quot;,&quot;credit&quot;:&quot;&quot;,&quot;camera&quot;:&quot;&quot;,&quot;caption&quot;:&quot;&quot;,&quot;created_timestamp&quot;:&quot;0&quot;,&quot;copyright&quot;:&quot;&quot;,&quot;focal_length&quot;:&quot;0&quot;,&quot;iso&quot;:&quot;0&quot;,&quot;shutter_speed&quot;:&quot;0&quot;,&quot;title&quot;:&quot;&quot;,&quot;orientation&quot;:&quot;1&quot;}\" data-image-title=\"017 (Nero sensibile)\" data-image-description=\"&lt;p&gt;017 (Nero sensibile)&lt;\/p&gt; \" data-medium-file=\"https:\/\/i0.wp.com\/www.pigrecoemme.com\/blog\/wp-content\/uploads\/2017\/01\/017-Nero-sensibile.jpg?fit=190%2C300&#038;ssl=1\" data-large-file=\"https:\/\/i0.wp.com\/www.pigrecoemme.com\/blog\/wp-content\/uploads\/2017\/01\/017-Nero-sensibile.jpg?fit=648%2C1024&#038;ssl=1\" src=\"https:\/\/i0.wp.com\/www.pigrecoemme.com\/blog\/wp-content\/uploads\/2017\/01\/017-Nero-sensibile.jpg?w=426&#038;h=673&#038;ssl=1\" srcset=\"https:\/\/i0.wp.com\/www.pigrecoemme.com\/blog\/wp-content\/uploads\/2017\/01\/017-Nero-sensibile.jpg?w=1181&amp;ssl=1 1181w, https:\/\/i0.wp.com\/www.pigrecoemme.com\/blog\/wp-content\/uploads\/2017\/01\/017-Nero-sensibile.jpg?resize=190%2C300&amp;ssl=1 190w, https:\/\/i0.wp.com\/www.pigrecoemme.com\/blog\/wp-content\/uploads\/2017\/01\/017-Nero-sensibile.jpg?resize=768%2C1214&amp;ssl=1 768w, https:\/\/i0.wp.com\/www.pigrecoemme.com\/blog\/wp-content\/uploads\/2017\/01\/017-Nero-sensibile.jpg?resize=648%2C1024&amp;ssl=1 648w, https:\/\/i0.wp.com\/www.pigrecoemme.com\/blog\/wp-content\/uploads\/2017\/01\/017-Nero-sensibile.jpg?resize=300%2C474&amp;ssl=1 300w\" width=\"426\" height=\"673\" loading=\"lazy\" data-original-width=\"426\" data-original-height=\"673\" itemprop=\"http:\/\/schema.org\/image\" title=\"017 (Nero sensibile)\" alt=\"017 (Nero sensibile)\" style=\"width: 426px; height: 673px;\" \/> <\/a> <div class=\"tiled-gallery-caption\" itemprop=\"caption description\"> 017 (Nero sensibile) <\/div> <\/div> <\/div> <!-- close group --> <\/div> <!-- close row --> <\/div>\n<p><strong>Come partecipare all\u2019incontro<\/strong><\/p>\n<p>L\u2019incontro, fino a esaurimento posti, \u00e8 a ingresso gratuito e sar\u00e0 presentato da&nbsp;<strong>Luca Sorbo<\/strong>, curatore dei&nbsp;<a href=\"http:\/\/www.pigrecoemme.com\/corso-fotografia\/corso-di-fotografia-2.htm\">corsi di Fotografia<\/a>&nbsp;e di&nbsp;<a href=\"http:\/\/www.pigrecoemme.com\/corso-fotografia\/corso-di-fotogiornalismo-reportage-napoli.htm\">Fotogiornalismo<\/a>&nbsp;della Pigrecoemme.<br \/>\n<strong>Prenotazioni e informazioni<\/strong> al numero 081 5635188.<\/p>\n<h2>Cesare Accetta<\/h2>\n<p>La carriera artistica di Cesare Accetta (classe 1954) \u00e8 particolarmente interessante per chi oggi si occupa di fotografia. Radicata nella fotografia tradizionale, la ricerca di Accetta \u00e8 infatti giunta, senza mai contraddirsi, in quegli obbligati territori contemporanei di sperimentazione in cui la distanza tra immagine fissa e immagine in movimento si \u00e8 clamorosamente ridotta con il confluire in strumenti simili, se non nel medesimo strumento, della fotocamera e della cinep<span class=\"text_exposed_show\">resa digitale.<br \/>\nSono esemplari, in questo senso, la mostra &#8220;03-010&#8221; presentata a Capodimonte nel 2010 e l\u2019opera in collezione permanente al Museo MADRE, \u201cIn Luce\u201d: momenti in cui lo sguardo fotografico dell\u2019artista rivela con veemenza il suo anelito al movimento e quindi alla necessit\u00e0 di rapportarsi al tempo, il quale, con la luce e lo spazio, \u00e8 uno dei tre cardini attorno ai quali si muove l\u2019investigazione dell\u2019artista che, come \u00e8 noto, non \u00e8 solo fotografo, ma anche apprezzatissimo direttore della fotografia per il cinema.<\/span><\/p>\n<div class=\"text_exposed_show\">\n<p>Particolarmente degno di nota \u00e8 il fatto che Accetta si inoltri con successo in questi territori armato solo di una formidabile padronanza del linguaggio espressivo della fotografia, senza fare affidamento sui prodigi tecnologici di cui si avvalgono &#8211; ottimamente &#8211; artisti come Bill Viola o Studio Azzurro e che per\u00f2 sono forse pi\u00f9 passibili di inattesa obsolescenza.<\/p>\n<\/div>\n<h2>Note Biografiche<\/h2>\n<p>Fin dagli anni Settanta Cesare Accetta (Napoli, 1954) applica la sua sperimentazione fotografica al teatro di ricerca, a Napoli e in Italia. E&#8217; fotografo di scena per il Teatro Instabile di Napoli e collabora a lungo con i pi\u00f9 importanti gruppi di avanguardia teatrale, tra cui Falso Movimento di Mario&nbsp;Martone, Teatro dei Mutamenti di Antonio Neiwiller, Teatro Studio di Caserta&nbsp;di Toni Servillo, Teatro di Laura Angiulli e Club Teatro di Remondi e&nbsp;Caporossi.<\/p>\n<p><!--more--><br \/>\nDalla seconda met\u00e0 degli anni Ottanta inizia a lavorare anche per il cinema. Ricordiamo nel&nbsp;1992 per il film <em>Morte di un&nbsp;matematico napoletano<\/em> (1992) di Mario Martone, con cui lavora ancora nel&nbsp;1995 per <em>L\u2019amore molesto<\/em>. La sua ricerca lo conduce poi alla&nbsp;progettazione e realizzazione del disegno luci di&nbsp;spettacoli teatrali (a partire da <em>L\u2019uomo, la bestia e la virt\u00f9<\/em>, diretto da Laura&nbsp;Angiulli, 1995) e alla direzione della fotografia in ambito cinematografico (<em>I racconti di Vittoria<\/em>, diretto da Antonietta De Lillo, 1995). Cura inoltre&nbsp;la fotografia delle riprese televisive degli spettacoli da lui seguiti come light&nbsp;designer. Tra questi&nbsp;<em>Delirio amoroso<\/em> (regia di Silvio Soldini) e <em>Luparella<\/em> (regia&nbsp;di Giuseppe Bertolucci).<br \/>\nLa mostra personale al PAN | Palazzo delle Arti&nbsp;Napoli <em>Dietro gli occhi<\/em>,&nbsp;a cura di Maria Savarese \u2013 che prende il titolo dall\u2019omonima performance da lui&nbsp;ideata con Alessandra D\u2019Elia e Andrea Renzi, e musiche dei Bisca (Galleria&nbsp;Toledo, Napoli, 1992) \u2013 \u00e8 un&#8217;appassionante racconto di&nbsp;vent\u2019anni di teatro&nbsp;di ricerca a Napoli attraverso fotografie e video tratti dal suo archivio, dal 1976&nbsp;al 1996.<br \/>\nNel 2010 Accetta \u00e8&nbsp;al Museo di&nbsp;Capodimonte con la personale <em>03-010<\/em>, titolo che si riferisce ai due&nbsp;anni, il 2003 e il 2010, in cui sono stati realizzati i tre lavori esposti.<br \/>\nCura come <em>lighting designer<\/em>&nbsp;anche l\u2019allestimento di mostre (Diego Vel\u00e1zquez al Museo di Capodimonte;&nbsp;Julian Schanbel alla Mostra d\u2019Oltremare; Grande Opera Italiana a Castel&nbsp;Sant\u2019Elmo; riallestimento alla Reggia di Caserta nel 2004 di <em>Terrae Motus<\/em>,&nbsp;oltre alle diverse mostre dedicate a Mimmo Paladino, con cui collabora anche&nbsp;in occasione del lungometraggio del 2006 <em>Qujote<\/em> e del cortometraggio del 2013&nbsp;<em>Labyrinthus<\/em>), nonch\u00e9 di concerti e opere liriche (Royal Opera House di&nbsp;Londra, Teatro San Carlo di Napoli, Teatro Nacional de S\u00e3o Carlos di&nbsp;Lisbona, Rossini Opera Festival di Pesaro, Teatro Carlo Felice di Genova,&nbsp;Teatro Comunale di Modena, Teatro Ponchielli di Cremona, Festival&nbsp;Pucciniano).<\/p>\n<p>Numerosi i riconoscimenti che gli sono stati conferiti come direttore della fotografia per il cinema, fra cui la Grolla d\u2019oro nel 2001,&nbsp;per <em>Chimera<\/em> (regia di Pappi Corsicato), l\u2019Esposimetro d\u2019oro nel 2002 per<em>&nbsp;L\u2019inverno<\/em> (regia di Nina Di Majo), Ciak d\u2019oro e Globo d\u2019oro nel 2005 per <em>Il&nbsp;resto di niente<\/em> (regia di Antonietta De Lillo).<br \/>\nNel 2014 vince il premio ANCT&nbsp;(Associazione nazionale critici teatrali) come lighting designer per il teatro.<\/p>\n<p><a href=\"https:\/\/www.facebook.com\/events\/241382266304928\/\"><img data-recalc-dims=\"1\" loading=\"lazy\" decoding=\"async\" class=\"aligncenter size-full wp-image-1595\" src=\"https:\/\/i0.wp.com\/www.pigrecoemme.com\/blog\/wp-content\/uploads\/2016\/01\/evento-su-facebook.png?resize=484%2C118&#038;ssl=1\" alt=\"l'evento su facebook\" width=\"484\" height=\"118\" srcset=\"https:\/\/i0.wp.com\/www.pigrecoemme.com\/blog\/wp-content\/uploads\/2016\/01\/evento-su-facebook.png?w=484&amp;ssl=1 484w, https:\/\/i0.wp.com\/www.pigrecoemme.com\/blog\/wp-content\/uploads\/2016\/01\/evento-su-facebook.png?resize=300%2C73&amp;ssl=1 300w\" sizes=\"auto, (max-width: 484px) 100vw, 484px\" \/><\/a><\/p>\n","protected":false},"excerpt":{"rendered":"<p>Sabato&nbsp;14&nbsp;gennaio 2017, dalle&nbsp;ore 16:30 alle ore&nbsp;18:00, nell\u2019ambito della rassegna Incontri fotografici, Cesare Accetta&nbsp;sar\u00e0 ospite alla Scuola di cinema e fotografia&nbsp;Pigrecoemme&nbsp;di Napoli, per dar vita a un incontro in cui racconter\u00e0 il suo entusiasmante percorso&hellip;<\/p>\n","protected":false},"author":1,"featured_media":0,"comment_status":"open","ping_status":"open","sticky":false,"template":"","format":"standard","meta":{"_jetpack_newsletter_access":"","_jetpack_dont_email_post_to_subs":true,"_jetpack_newsletter_tier_id":0,"_jetpack_memberships_contains_paywalled_content":false,"_jetpack_feature_clip_id":0,"_jetpack_memberships_contains_paid_content":false,"footnotes":"","jetpack_post_was_ever_published":false},"categories":[11,21,1,1523],"tags":[340,208,1283,370,1811,69,1333,1810],"class_list":["post-1837","post","type-post","status-publish","format-standard","hentry","category-eventi","category-fotografia","category-generale","category-incontri-fotografici","tag-antonietta-de-lillo","tag-cesare-accetta","tag-fotografia","tag-incontri-fotografici","tag-laura-angiulli","tag-luca-sorbo","tag-mario-martone","tag-pappi-corsicato"],"yoast_head":"<!-- This site is optimized with the Yoast SEO plugin v28.3 - https:\/\/yoast.com\/product\/yoast-seo-wordpress\/ -->\n<title>Sabato 14 gennaio: incontro fotografico con Cesare Accetta<\/title>\n<meta name=\"description\" content=\"L\u2019incontro, fino a esaurimento posti, \u00e8 a ingresso gratuito. Prenotazioni e informazioni al numero 081 5635188.\" \/>\n<meta name=\"robots\" content=\"index, follow, max-snippet:-1, max-image-preview:large, max-video-preview:-1\" \/>\n<link rel=\"canonical\" href=\"https:\/\/www.pigrecoemme.com\/blog\/sabato-14-gennaio-incontro-fotografico-cesare-accetta\/\" \/>\n<meta property=\"og:locale\" content=\"it_IT\" \/>\n<meta property=\"og:type\" content=\"article\" \/>\n<meta property=\"og:title\" content=\"Sabato 14 gennaio: incontro fotografico con Cesare Accetta\" \/>\n<meta property=\"og:description\" content=\"L\u2019incontro, fino a esaurimento posti, \u00e8 a ingresso gratuito. Prenotazioni e informazioni al numero 081 5635188.\" \/>\n<meta property=\"og:url\" content=\"https:\/\/www.pigrecoemme.com\/blog\/sabato-14-gennaio-incontro-fotografico-cesare-accetta\/\" \/>\n<meta property=\"og:site_name\" content=\"Scuola di Cinema Pigrecoemme - Blog\" \/>\n<meta property=\"article:publisher\" content=\"https:\/\/www.facebook.com\/pigrecoemme\" \/>\n<meta property=\"article:author\" content=\"https:\/\/www.facebook.com\/giacomo.fabbrocino\" \/>\n<meta property=\"article:published_time\" content=\"2017-01-05T09:56:02+00:00\" \/>\n<meta property=\"article:modified_time\" content=\"2017-01-10T12:04:28+00:00\" \/>\n<meta property=\"og:image\" content=\"https:\/\/www.pigrecoemme.com\/blog\/wp-content\/uploads\/2017\/01\/cesare-accetta-1.jpg\" \/>\n\t<meta property=\"og:image:width\" content=\"484\" \/>\n\t<meta property=\"og:image:height\" content=\"252\" \/>\n\t<meta property=\"og:image:type\" content=\"image\/jpeg\" \/>\n<meta name=\"author\" content=\"Giacomo Fabbrocino\" \/>\n<meta name=\"twitter:card\" content=\"summary_large_image\" \/>\n<meta name=\"twitter:creator\" content=\"@Pigrecoemme\" \/>\n<meta name=\"twitter:site\" content=\"@Pigrecoemme\" \/>\n<meta name=\"twitter:label1\" content=\"Scritto da\" \/>\n\t<meta name=\"twitter:data1\" content=\"Giacomo Fabbrocino\" \/>\n\t<meta name=\"twitter:label2\" content=\"Tempo di lettura stimato\" \/>\n\t<meta name=\"twitter:data2\" content=\"4 minuti\" \/>\n<script type=\"application\/ld+json\" class=\"yoast-schema-graph\">{\"@context\":\"https:\\\/\\\/schema.org\",\"@graph\":[{\"@type\":[\"Article\",\"BlogPosting\"],\"@id\":\"https:\\\/\\\/www.pigrecoemme.com\\\/blog\\\/sabato-14-gennaio-incontro-fotografico-cesare-accetta\\\/#article\",\"isPartOf\":{\"@id\":\"https:\\\/\\\/www.pigrecoemme.com\\\/blog\\\/sabato-14-gennaio-incontro-fotografico-cesare-accetta\\\/\"},\"author\":{\"name\":\"Giacomo Fabbrocino\",\"@id\":\"https:\\\/\\\/www.pigrecoemme.com\\\/blog\\\/#\\\/schema\\\/person\\\/57fa822c3d209d3a2612fd0411ae63f4\"},\"headline\":\"Sabato 14 gennaio: incontro fotografico con Cesare Accetta\",\"datePublished\":\"2017-01-05T09:56:02+00:00\",\"dateModified\":\"2017-01-10T12:04:28+00:00\",\"mainEntityOfPage\":{\"@id\":\"https:\\\/\\\/www.pigrecoemme.com\\\/blog\\\/sabato-14-gennaio-incontro-fotografico-cesare-accetta\\\/\"},\"wordCount\":830,\"commentCount\":0,\"publisher\":{\"@id\":\"https:\\\/\\\/www.pigrecoemme.com\\\/blog\\\/#organization\"},\"image\":{\"@id\":\"https:\\\/\\\/www.pigrecoemme.com\\\/blog\\\/sabato-14-gennaio-incontro-fotografico-cesare-accetta\\\/#primaryimage\"},\"thumbnailUrl\":\"http:\\\/\\\/www.pigrecoemme.com\\\/blog\\\/wp-content\\\/uploads\\\/2017\\\/01\\\/cesare-accetta-1.jpg\",\"keywords\":[\"antonietta de lillo\",\"cesare accetta\",\"fotografia\",\"incontri fotografici\",\"laura angiulli\",\"luca sorbo\",\"mario martone\",\"pappi corsicato\"],\"articleSection\":[\"Eventi\",\"Fotografia\",\"Generale\",\"Incontri fotografici\"],\"inLanguage\":\"it-IT\",\"potentialAction\":[{\"@type\":\"CommentAction\",\"name\":\"Comment\",\"target\":[\"https:\\\/\\\/www.pigrecoemme.com\\\/blog\\\/sabato-14-gennaio-incontro-fotografico-cesare-accetta\\\/#respond\"]}]},{\"@type\":\"WebPage\",\"@id\":\"https:\\\/\\\/www.pigrecoemme.com\\\/blog\\\/sabato-14-gennaio-incontro-fotografico-cesare-accetta\\\/\",\"url\":\"https:\\\/\\\/www.pigrecoemme.com\\\/blog\\\/sabato-14-gennaio-incontro-fotografico-cesare-accetta\\\/\",\"name\":\"Sabato 14 gennaio: incontro fotografico con Cesare Accetta\",\"isPartOf\":{\"@id\":\"https:\\\/\\\/www.pigrecoemme.com\\\/blog\\\/#website\"},\"primaryImageOfPage\":{\"@id\":\"https:\\\/\\\/www.pigrecoemme.com\\\/blog\\\/sabato-14-gennaio-incontro-fotografico-cesare-accetta\\\/#primaryimage\"},\"image\":{\"@id\":\"https:\\\/\\\/www.pigrecoemme.com\\\/blog\\\/sabato-14-gennaio-incontro-fotografico-cesare-accetta\\\/#primaryimage\"},\"thumbnailUrl\":\"http:\\\/\\\/www.pigrecoemme.com\\\/blog\\\/wp-content\\\/uploads\\\/2017\\\/01\\\/cesare-accetta-1.jpg\",\"datePublished\":\"2017-01-05T09:56:02+00:00\",\"dateModified\":\"2017-01-10T12:04:28+00:00\",\"description\":\"L\u2019incontro, fino a esaurimento posti, \u00e8 a ingresso gratuito. Prenotazioni e informazioni al numero 081 5635188.\",\"breadcrumb\":{\"@id\":\"https:\\\/\\\/www.pigrecoemme.com\\\/blog\\\/sabato-14-gennaio-incontro-fotografico-cesare-accetta\\\/#breadcrumb\"},\"inLanguage\":\"it-IT\",\"potentialAction\":[{\"@type\":\"ReadAction\",\"target\":[\"https:\\\/\\\/www.pigrecoemme.com\\\/blog\\\/sabato-14-gennaio-incontro-fotografico-cesare-accetta\\\/\"]}]},{\"@type\":\"ImageObject\",\"inLanguage\":\"it-IT\",\"@id\":\"https:\\\/\\\/www.pigrecoemme.com\\\/blog\\\/sabato-14-gennaio-incontro-fotografico-cesare-accetta\\\/#primaryimage\",\"url\":\"http:\\\/\\\/www.pigrecoemme.com\\\/blog\\\/wp-content\\\/uploads\\\/2017\\\/01\\\/cesare-accetta-1.jpg\",\"contentUrl\":\"http:\\\/\\\/www.pigrecoemme.com\\\/blog\\\/wp-content\\\/uploads\\\/2017\\\/01\\\/cesare-accetta-1.jpg\"},{\"@type\":\"BreadcrumbList\",\"@id\":\"https:\\\/\\\/www.pigrecoemme.com\\\/blog\\\/sabato-14-gennaio-incontro-fotografico-cesare-accetta\\\/#breadcrumb\",\"itemListElement\":[{\"@type\":\"ListItem\",\"position\":1,\"name\":\"Home\",\"item\":\"https:\\\/\\\/www.pigrecoemme.com\\\/blog\\\/\"},{\"@type\":\"ListItem\",\"position\":2,\"name\":\"Sabato 14 gennaio: incontro fotografico con Cesare Accetta\"}]},{\"@type\":\"WebSite\",\"@id\":\"https:\\\/\\\/www.pigrecoemme.com\\\/blog\\\/#website\",\"url\":\"https:\\\/\\\/www.pigrecoemme.com\\\/blog\\\/\",\"name\":\"Scuola di Cinema Pigrecoemme - Blog\",\"description\":\"Siamo la prima Scuola di Cinema e Fotografia di Napoli\",\"publisher\":{\"@id\":\"https:\\\/\\\/www.pigrecoemme.com\\\/blog\\\/#organization\"},\"potentialAction\":[{\"@type\":\"SearchAction\",\"target\":{\"@type\":\"EntryPoint\",\"urlTemplate\":\"https:\\\/\\\/www.pigrecoemme.com\\\/blog\\\/?s={search_term_string}\"},\"query-input\":{\"@type\":\"PropertyValueSpecification\",\"valueRequired\":true,\"valueName\":\"search_term_string\"}}],\"inLanguage\":\"it-IT\"},{\"@type\":\"Organization\",\"@id\":\"https:\\\/\\\/www.pigrecoemme.com\\\/blog\\\/#organization\",\"name\":\"Scuola di cinema e fotografia Pigrecoemme\",\"url\":\"https:\\\/\\\/www.pigrecoemme.com\\\/blog\\\/\",\"logo\":{\"@type\":\"ImageObject\",\"inLanguage\":\"it-IT\",\"@id\":\"https:\\\/\\\/www.pigrecoemme.com\\\/blog\\\/#\\\/schema\\\/logo\\\/image\\\/\",\"url\":\"https:\\\/\\\/i0.wp.com\\\/www.pigrecoemme.com\\\/blog\\\/wp-content\\\/uploads\\\/2018\\\/06\\\/logo-pigrecoemme-2018.png?fit=500%2C500&ssl=1\",\"contentUrl\":\"https:\\\/\\\/i0.wp.com\\\/www.pigrecoemme.com\\\/blog\\\/wp-content\\\/uploads\\\/2018\\\/06\\\/logo-pigrecoemme-2018.png?fit=500%2C500&ssl=1\",\"width\":500,\"height\":500,\"caption\":\"Scuola di cinema e fotografia Pigrecoemme\"},\"image\":{\"@id\":\"https:\\\/\\\/www.pigrecoemme.com\\\/blog\\\/#\\\/schema\\\/logo\\\/image\\\/\"},\"sameAs\":[\"https:\\\/\\\/www.facebook.com\\\/pigrecoemme\",\"https:\\\/\\\/x.com\\\/Pigrecoemme\",\"https:\\\/\\\/www.instagram.com\\\/pigrecoemme\\\/\",\"https:\\\/\\\/www.linkedin.com\\\/company\\\/pigrecoemme\\\/\",\"https:\\\/\\\/www.youtube.com\\\/pigrecoemme\"]},{\"@type\":\"Person\",\"@id\":\"https:\\\/\\\/www.pigrecoemme.com\\\/blog\\\/#\\\/schema\\\/person\\\/57fa822c3d209d3a2612fd0411ae63f4\",\"name\":\"Giacomo Fabbrocino\",\"image\":{\"@type\":\"ImageObject\",\"inLanguage\":\"it-IT\",\"@id\":\"https:\\\/\\\/secure.gravatar.com\\\/avatar\\\/0e4dfd4d05c06a03fffaffeb36fb181415ba11b91a6b566fa2e8ada75927db32?s=96&r=g\",\"url\":\"https:\\\/\\\/secure.gravatar.com\\\/avatar\\\/0e4dfd4d05c06a03fffaffeb36fb181415ba11b91a6b566fa2e8ada75927db32?s=96&r=g\",\"contentUrl\":\"https:\\\/\\\/secure.gravatar.com\\\/avatar\\\/0e4dfd4d05c06a03fffaffeb36fb181415ba11b91a6b566fa2e8ada75927db32?s=96&r=g\",\"caption\":\"Giacomo Fabbrocino\"},\"description\":\"Montatore cinematografico, autore di documentari sull'arte e di video d'artista, Giacomo \u00e8 responsabile della didattica e della comunicazione web della Scuola di Cinema, Fotografia e Televisione Pigrecoemme di Napoli.\",\"sameAs\":[\"http:\\\/\\\/www.pigrecoemme.com\\\/\",\"https:\\\/\\\/www.facebook.com\\\/giacomo.fabbrocino\"],\"url\":\"https:\\\/\\\/www.pigrecoemme.com\\\/blog\\\/author\\\/giacomo-fabbrocino\\\/\"}]}<\/script>\n<!-- \/ Yoast SEO plugin. -->","yoast_head_json":{"title":"Sabato 14 gennaio: incontro fotografico con Cesare Accetta","description":"L\u2019incontro, fino a esaurimento posti, \u00e8 a ingresso gratuito. Prenotazioni e informazioni al numero 081 5635188.","robots":{"index":"index","follow":"follow","max-snippet":"max-snippet:-1","max-image-preview":"max-image-preview:large","max-video-preview":"max-video-preview:-1"},"canonical":"https:\/\/www.pigrecoemme.com\/blog\/sabato-14-gennaio-incontro-fotografico-cesare-accetta\/","og_locale":"it_IT","og_type":"article","og_title":"Sabato 14 gennaio: incontro fotografico con Cesare Accetta","og_description":"L\u2019incontro, fino a esaurimento posti, \u00e8 a ingresso gratuito. Prenotazioni e informazioni al numero 081 5635188.","og_url":"https:\/\/www.pigrecoemme.com\/blog\/sabato-14-gennaio-incontro-fotografico-cesare-accetta\/","og_site_name":"Scuola di Cinema Pigrecoemme - Blog","article_publisher":"https:\/\/www.facebook.com\/pigrecoemme","article_author":"https:\/\/www.facebook.com\/giacomo.fabbrocino","article_published_time":"2017-01-05T09:56:02+00:00","article_modified_time":"2017-01-10T12:04:28+00:00","og_image":[{"width":484,"height":252,"url":"https:\/\/www.pigrecoemme.com\/blog\/wp-content\/uploads\/2017\/01\/cesare-accetta-1.jpg","type":"image\/jpeg"}],"author":"Giacomo Fabbrocino","twitter_card":"summary_large_image","twitter_creator":"@Pigrecoemme","twitter_site":"@Pigrecoemme","twitter_misc":{"Scritto da":"Giacomo Fabbrocino","Tempo di lettura stimato":"4 minuti"},"schema":{"@context":"https:\/\/schema.org","@graph":[{"@type":["Article","BlogPosting"],"@id":"https:\/\/www.pigrecoemme.com\/blog\/sabato-14-gennaio-incontro-fotografico-cesare-accetta\/#article","isPartOf":{"@id":"https:\/\/www.pigrecoemme.com\/blog\/sabato-14-gennaio-incontro-fotografico-cesare-accetta\/"},"author":{"name":"Giacomo Fabbrocino","@id":"https:\/\/www.pigrecoemme.com\/blog\/#\/schema\/person\/57fa822c3d209d3a2612fd0411ae63f4"},"headline":"Sabato 14 gennaio: incontro fotografico con Cesare Accetta","datePublished":"2017-01-05T09:56:02+00:00","dateModified":"2017-01-10T12:04:28+00:00","mainEntityOfPage":{"@id":"https:\/\/www.pigrecoemme.com\/blog\/sabato-14-gennaio-incontro-fotografico-cesare-accetta\/"},"wordCount":830,"commentCount":0,"publisher":{"@id":"https:\/\/www.pigrecoemme.com\/blog\/#organization"},"image":{"@id":"https:\/\/www.pigrecoemme.com\/blog\/sabato-14-gennaio-incontro-fotografico-cesare-accetta\/#primaryimage"},"thumbnailUrl":"http:\/\/www.pigrecoemme.com\/blog\/wp-content\/uploads\/2017\/01\/cesare-accetta-1.jpg","keywords":["antonietta de lillo","cesare accetta","fotografia","incontri fotografici","laura angiulli","luca sorbo","mario martone","pappi corsicato"],"articleSection":["Eventi","Fotografia","Generale","Incontri fotografici"],"inLanguage":"it-IT","potentialAction":[{"@type":"CommentAction","name":"Comment","target":["https:\/\/www.pigrecoemme.com\/blog\/sabato-14-gennaio-incontro-fotografico-cesare-accetta\/#respond"]}]},{"@type":"WebPage","@id":"https:\/\/www.pigrecoemme.com\/blog\/sabato-14-gennaio-incontro-fotografico-cesare-accetta\/","url":"https:\/\/www.pigrecoemme.com\/blog\/sabato-14-gennaio-incontro-fotografico-cesare-accetta\/","name":"Sabato 14 gennaio: incontro fotografico con Cesare Accetta","isPartOf":{"@id":"https:\/\/www.pigrecoemme.com\/blog\/#website"},"primaryImageOfPage":{"@id":"https:\/\/www.pigrecoemme.com\/blog\/sabato-14-gennaio-incontro-fotografico-cesare-accetta\/#primaryimage"},"image":{"@id":"https:\/\/www.pigrecoemme.com\/blog\/sabato-14-gennaio-incontro-fotografico-cesare-accetta\/#primaryimage"},"thumbnailUrl":"http:\/\/www.pigrecoemme.com\/blog\/wp-content\/uploads\/2017\/01\/cesare-accetta-1.jpg","datePublished":"2017-01-05T09:56:02+00:00","dateModified":"2017-01-10T12:04:28+00:00","description":"L\u2019incontro, fino a esaurimento posti, \u00e8 a ingresso gratuito. Prenotazioni e informazioni al numero 081 5635188.","breadcrumb":{"@id":"https:\/\/www.pigrecoemme.com\/blog\/sabato-14-gennaio-incontro-fotografico-cesare-accetta\/#breadcrumb"},"inLanguage":"it-IT","potentialAction":[{"@type":"ReadAction","target":["https:\/\/www.pigrecoemme.com\/blog\/sabato-14-gennaio-incontro-fotografico-cesare-accetta\/"]}]},{"@type":"ImageObject","inLanguage":"it-IT","@id":"https:\/\/www.pigrecoemme.com\/blog\/sabato-14-gennaio-incontro-fotografico-cesare-accetta\/#primaryimage","url":"http:\/\/www.pigrecoemme.com\/blog\/wp-content\/uploads\/2017\/01\/cesare-accetta-1.jpg","contentUrl":"http:\/\/www.pigrecoemme.com\/blog\/wp-content\/uploads\/2017\/01\/cesare-accetta-1.jpg"},{"@type":"BreadcrumbList","@id":"https:\/\/www.pigrecoemme.com\/blog\/sabato-14-gennaio-incontro-fotografico-cesare-accetta\/#breadcrumb","itemListElement":[{"@type":"ListItem","position":1,"name":"Home","item":"https:\/\/www.pigrecoemme.com\/blog\/"},{"@type":"ListItem","position":2,"name":"Sabato 14 gennaio: incontro fotografico con Cesare Accetta"}]},{"@type":"WebSite","@id":"https:\/\/www.pigrecoemme.com\/blog\/#website","url":"https:\/\/www.pigrecoemme.com\/blog\/","name":"Scuola di Cinema Pigrecoemme - Blog","description":"Siamo la prima Scuola di Cinema e Fotografia di Napoli","publisher":{"@id":"https:\/\/www.pigrecoemme.com\/blog\/#organization"},"potentialAction":[{"@type":"SearchAction","target":{"@type":"EntryPoint","urlTemplate":"https:\/\/www.pigrecoemme.com\/blog\/?s={search_term_string}"},"query-input":{"@type":"PropertyValueSpecification","valueRequired":true,"valueName":"search_term_string"}}],"inLanguage":"it-IT"},{"@type":"Organization","@id":"https:\/\/www.pigrecoemme.com\/blog\/#organization","name":"Scuola di cinema e fotografia Pigrecoemme","url":"https:\/\/www.pigrecoemme.com\/blog\/","logo":{"@type":"ImageObject","inLanguage":"it-IT","@id":"https:\/\/www.pigrecoemme.com\/blog\/#\/schema\/logo\/image\/","url":"https:\/\/i0.wp.com\/www.pigrecoemme.com\/blog\/wp-content\/uploads\/2018\/06\/logo-pigrecoemme-2018.png?fit=500%2C500&ssl=1","contentUrl":"https:\/\/i0.wp.com\/www.pigrecoemme.com\/blog\/wp-content\/uploads\/2018\/06\/logo-pigrecoemme-2018.png?fit=500%2C500&ssl=1","width":500,"height":500,"caption":"Scuola di cinema e fotografia Pigrecoemme"},"image":{"@id":"https:\/\/www.pigrecoemme.com\/blog\/#\/schema\/logo\/image\/"},"sameAs":["https:\/\/www.facebook.com\/pigrecoemme","https:\/\/x.com\/Pigrecoemme","https:\/\/www.instagram.com\/pigrecoemme\/","https:\/\/www.linkedin.com\/company\/pigrecoemme\/","https:\/\/www.youtube.com\/pigrecoemme"]},{"@type":"Person","@id":"https:\/\/www.pigrecoemme.com\/blog\/#\/schema\/person\/57fa822c3d209d3a2612fd0411ae63f4","name":"Giacomo Fabbrocino","image":{"@type":"ImageObject","inLanguage":"it-IT","@id":"https:\/\/secure.gravatar.com\/avatar\/0e4dfd4d05c06a03fffaffeb36fb181415ba11b91a6b566fa2e8ada75927db32?s=96&r=g","url":"https:\/\/secure.gravatar.com\/avatar\/0e4dfd4d05c06a03fffaffeb36fb181415ba11b91a6b566fa2e8ada75927db32?s=96&r=g","contentUrl":"https:\/\/secure.gravatar.com\/avatar\/0e4dfd4d05c06a03fffaffeb36fb181415ba11b91a6b566fa2e8ada75927db32?s=96&r=g","caption":"Giacomo Fabbrocino"},"description":"Montatore cinematografico, autore di documentari sull'arte e di video d'artista, Giacomo \u00e8 responsabile della didattica e della comunicazione web della Scuola di Cinema, Fotografia e Televisione Pigrecoemme di Napoli.","sameAs":["http:\/\/www.pigrecoemme.com\/","https:\/\/www.facebook.com\/giacomo.fabbrocino"],"url":"https:\/\/www.pigrecoemme.com\/blog\/author\/giacomo-fabbrocino\/"}]}},"jetpack_sharing_enabled":true,"jetpack_likes_enabled":true,"jetpack-related-posts":[{"id":454,"url":"https:\/\/www.pigrecoemme.com\/blog\/antonio-biasiucci-alla-pigrecoemme\/","url_meta":{"origin":1837,"position":0},"title":"Antonio Biasiucci alla Pigrecoemme","author":"Corrado Morra","date":"9 Gennaio 2012","format":false,"excerpt":"Aveva ragione Cesare de Seta, quando, gi\u00e0 nell'84, aveva scorto la matrice e gli esiti poetici della ricerca lirica del fotografo Antonio Biasiucci in una certa idea di mondo che si riscontra, in modo esemplare, nella pittura di Giorgio Morandi. Biasiucci, infatti, tra i fotografi degli ultimi anni, \u00e8 probabilmente,\u2026","rel":"","context":"In &quot;Eventi&quot;","block_context":{"text":"Eventi","link":"https:\/\/www.pigrecoemme.com\/blog\/eventi\/"},"img":{"alt_text":"","src":"https:\/\/i0.wp.com\/www.pigrecoemme.com\/blog\/wp-content\/uploads\/2012\/01\/ex-voto-di-antonio-biasiucci-300x298.jpg?resize=350%2C200","width":350,"height":200},"classes":[]},{"id":492,"url":"https:\/\/www.pigrecoemme.com\/blog\/sabato-21-aprile-aniello-barone-terra-un-incontro-lezione-gratuito-sulla-fotografia\/","url_meta":{"origin":1837,"position":1},"title":"Sabato 21 aprile Aniello Barone terr\u00e0 un incontro-lezione gratuito sulla fotografia","author":"Corrado Morra","date":"17 Aprile 2012","format":false,"excerpt":"Continuano, alla Scuola di cinema e fotografia Pigrecoemme di Napoli, gli incontri dedicati ai grandi fotografi. Sabato 21 aprile 2012, Aniello Barone sar\u00e0, cos\u00ec, negli spazi di Piazza Portanova, per un incontro-lezione, che avr\u00e0 il compito di tracciare le linee principali del suo affascinante percorso artistico e professionale. L\u2019appuntamento, dalle\u2026","rel":"","context":"In &quot;Eventi&quot;","block_context":{"text":"Eventi","link":"https:\/\/www.pigrecoemme.com\/blog\/eventi\/"},"img":{"alt_text":"","src":"https:\/\/i0.wp.com\/www.pigrecoemme.com\/blog\/wp-content\/uploads\/2012\/04\/aniello-barone1-300x200.jpg?resize=350%2C200","width":350,"height":200},"classes":[]},{"id":2003,"url":"https:\/\/www.pigrecoemme.com\/blog\/scegliere-lattrezzatura-fotografica-un-incontro-aperto\/","url_meta":{"origin":1837,"position":2},"title":"Come scegliere l&#8217;attrezzatura fotografica? Un incontro aperto.","author":"Pigrecoemme","date":"16 Novembre 2017","format":false,"excerpt":"Sabato 16 dicembre 2017 alle ore 16:00 presso la sede della Pigrecoemme (Piazza Portanova 11, a Napoli) Luca Sorbo, docente all'Accademia di Belle Arti napoletana e curatore dei nostri corsi di fotografia, dar\u00e0 degli utili consigli su come scegliere e valutare la migliore attrezzatura fotografica per esaltare la propria creativit\u00e0.\u00a0\u2026","rel":"","context":"In &quot;Fotografia&quot;","block_context":{"text":"Fotografia","link":"https:\/\/www.pigrecoemme.com\/blog\/fotografia\/"},"img":{"alt_text":"Quale fotocamera scegliere?","src":"https:\/\/i0.wp.com\/www.pigrecoemme.com\/blog\/wp-content\/uploads\/2017\/11\/come.scegliere-atterzzatura-fotografica.png?resize=350%2C200","width":350,"height":200},"classes":[]},{"id":1813,"url":"https:\/\/www.pigrecoemme.com\/blog\/incontro-col-fotografo-guido-giannini\/","url_meta":{"origin":1837,"position":3},"title":"Incontro col fotografo Guido Giannini. 17 dicembre 2016.","author":"Pigrecoemme","date":"3 Dicembre 2016","format":false,"excerpt":"Sabato\u00a017 dicembre\u00a02016, dalle\u00a0ore 16:30 alle ore\u00a018:30, nell\u2019ambito della rassegna Incontri fotografici,\u00a0Guido Giannini\u00a0sar\u00e0 ospite alla Scuola di cinema e fotografia\u00a0Pigrecoemme\u00a0di Napoli per dar vita a un incontro in cui racconter\u00e0 la sua avvincente esperienza di fotografo. Come partecipare all'incontro L\u2019incontro, fino a esaurimento posti, \u00e8 a ingresso gratuito e sar\u00e0 presentato\u2026","rel":"","context":"In &quot;Eventi&quot;","block_context":{"text":"Eventi","link":"https:\/\/www.pigrecoemme.com\/blog\/eventi\/"},"img":{"alt_text":"Guido Giannini Fotografo","src":"https:\/\/i0.wp.com\/www.pigrecoemme.com\/blog\/wp-content\/uploads\/2016\/12\/guido-giannini-fotografo.jpg?resize=350%2C200","width":350,"height":200},"classes":[]},{"id":1740,"url":"https:\/\/www.pigrecoemme.com\/blog\/incontro-gratuito-gianni-fiorito-fotografo-scena\/","url_meta":{"origin":1837,"position":4},"title":"Incontro gratuito con Gianni Fiorito, fotografo di scena","author":"Pigrecoemme","date":"12 Settembre 2016","format":false,"excerpt":"Mercoled\u00ec 28 settembre 2016, dalle\u00a0ore 16:00 alle ore\u00a018:00, nell\u2019ambito della rassegna Incontri fotografici,\u00a0Gianni Fiorito sar\u00e0 ospite alla Scuola di cinema e fotografia\u00a0Pigrecoemme\u00a0di Napoli per dar vita a un incontro in cui racconter\u00e0 la sua avvincente esperienza di fotografo in grado di ricoprire ruoli di primissimo piano \u00a0nel reportage, nella fotografia\u2026","rel":"","context":"In &quot;Eventi&quot;","block_context":{"text":"Eventi","link":"https:\/\/www.pigrecoemme.com\/blog\/eventi\/"},"img":{"alt_text":"Un bacio - di Ivan Cotroneo","src":"https:\/\/i0.wp.com\/www.pigrecoemme.com\/blog\/wp-content\/uploads\/2016\/09\/un-bacio-1.jpg?resize=350%2C200","width":350,"height":200,"srcset":"https:\/\/i0.wp.com\/www.pigrecoemme.com\/blog\/wp-content\/uploads\/2016\/09\/un-bacio-1.jpg?resize=350%2C200 1x, https:\/\/i0.wp.com\/www.pigrecoemme.com\/blog\/wp-content\/uploads\/2016\/09\/un-bacio-1.jpg?resize=525%2C300 1.5x, https:\/\/i0.wp.com\/www.pigrecoemme.com\/blog\/wp-content\/uploads\/2016\/09\/un-bacio-1.jpg?resize=700%2C400 2x, https:\/\/i0.wp.com\/www.pigrecoemme.com\/blog\/wp-content\/uploads\/2016\/09\/un-bacio-1.jpg?resize=1050%2C600 3x, https:\/\/i0.wp.com\/www.pigrecoemme.com\/blog\/wp-content\/uploads\/2016\/09\/un-bacio-1.jpg?resize=1400%2C800 4x"},"classes":[]},{"id":2068,"url":"https:\/\/www.pigrecoemme.com\/blog\/incontro-fotografico-con-salvatore-di-vilio\/","url_meta":{"origin":1837,"position":5},"title":"Incontro fotografico con Salvatore di Vilio alla Pigrecoemme.","author":"Pigrecoemme","date":"15 Marzo 2018","format":false,"excerpt":"Sabato 17 marzo 2018 alle ore 16:00 Luca Sorbo, docente all'Accademia di Belle Arti di Napoli e coordinatore dei nostri corsi di fotografia, incontrer\u00e0 alla Pigrecoemme, uno dei fotografi pi\u00f9 interessanti del panorama campano e nazionale. Sar\u00e0 questa un'occasione per ripercorrere la sua vicenda professionale e artistica, impreziosita da collaborazioni\u2026","rel":"","context":"In &quot;Eventi&quot;","block_context":{"text":"Eventi","link":"https:\/\/www.pigrecoemme.com\/blog\/eventi\/"},"img":{"alt_text":"Salvatore Di Vilio","src":"https:\/\/i0.wp.com\/www.pigrecoemme.com\/blog\/wp-content\/uploads\/2018\/03\/salvatore-di-vilio-incontro.jpg?resize=350%2C200","width":350,"height":200,"srcset":"https:\/\/i0.wp.com\/www.pigrecoemme.com\/blog\/wp-content\/uploads\/2018\/03\/salvatore-di-vilio-incontro.jpg?resize=350%2C200 1x, https:\/\/i0.wp.com\/www.pigrecoemme.com\/blog\/wp-content\/uploads\/2018\/03\/salvatore-di-vilio-incontro.jpg?resize=525%2C300 1.5x, https:\/\/i0.wp.com\/www.pigrecoemme.com\/blog\/wp-content\/uploads\/2018\/03\/salvatore-di-vilio-incontro.jpg?resize=700%2C400 2x"},"classes":[]}],"jetpack_featured_media_url":"","_links":{"self":[{"href":"https:\/\/www.pigrecoemme.com\/blog\/wp-json\/wp\/v2\/posts\/1837","targetHints":{"allow":["GET"]}}],"collection":[{"href":"https:\/\/www.pigrecoemme.com\/blog\/wp-json\/wp\/v2\/posts"}],"about":[{"href":"https:\/\/www.pigrecoemme.com\/blog\/wp-json\/wp\/v2\/types\/post"}],"author":[{"embeddable":true,"href":"https:\/\/www.pigrecoemme.com\/blog\/wp-json\/wp\/v2\/users\/1"}],"replies":[{"embeddable":true,"href":"https:\/\/www.pigrecoemme.com\/blog\/wp-json\/wp\/v2\/comments?post=1837"}],"version-history":[{"count":0,"href":"https:\/\/www.pigrecoemme.com\/blog\/wp-json\/wp\/v2\/posts\/1837\/revisions"}],"wp:attachment":[{"href":"https:\/\/www.pigrecoemme.com\/blog\/wp-json\/wp\/v2\/media?parent=1837"}],"wp:term":[{"taxonomy":"category","embeddable":true,"href":"https:\/\/www.pigrecoemme.com\/blog\/wp-json\/wp\/v2\/categories?post=1837"},{"taxonomy":"post_tag","embeddable":true,"href":"https:\/\/www.pigrecoemme.com\/blog\/wp-json\/wp\/v2\/tags?post=1837"}],"curies":[{"name":"wp","href":"https:\/\/api.w.org\/{rel}","templated":true}]}}