{"id":1827,"date":"2016-12-27T17:25:41","date_gmt":"2016-12-27T16:25:41","guid":{"rendered":"http:\/\/www.pigrecoemme.com\/blog\/?p=1827"},"modified":"2016-12-27T17:25:41","modified_gmt":"2016-12-27T16:25:41","slug":"da-porta-nolana-a-forcella-passeggiata-fotografica-con-luca-sorbo","status":"publish","type":"post","link":"https:\/\/www.pigrecoemme.com\/blog\/da-porta-nolana-a-forcella-passeggiata-fotografica-con-luca-sorbo\/","title":{"rendered":"Da Porta Nolana a Forcella: passeggiata fotografica con Luca Sorbo."},"content":{"rendered":"<p><a href=\"https:\/\/i0.wp.com\/www.pigrecoemme.com\/blog\/wp-content\/uploads\/2016\/12\/passeggiata-fotografica-forcella-2017.jpg?ssl=1\"><img data-recalc-dims=\"1\" loading=\"lazy\" decoding=\"async\" class=\"aligncenter size-full wp-image-1828\" src=\"https:\/\/i0.wp.com\/www.pigrecoemme.com\/blog\/wp-content\/uploads\/2016\/12\/passeggiata-fotografica-forcella-2017.jpg?resize=484%2C252&#038;ssl=1\" alt=\"Da Porta Nolana a Forcella passeggiata fotografica con Luca Sorbo\" width=\"484\" height=\"252\" srcset=\"https:\/\/i0.wp.com\/www.pigrecoemme.com\/blog\/wp-content\/uploads\/2016\/12\/passeggiata-fotografica-forcella-2017.jpg?w=484&amp;ssl=1 484w, https:\/\/i0.wp.com\/www.pigrecoemme.com\/blog\/wp-content\/uploads\/2016\/12\/passeggiata-fotografica-forcella-2017.jpg?resize=300%2C156&amp;ssl=1 300w\" sizes=\"auto, (max-width: 484px) 100vw, 484px\" \/><\/a><\/p>\n<p><strong>Ci&nbsp; incontreremo sabato 21 gennaio 2017 &nbsp;alle 14:00 all&#8217;ingresso esterno della Feltrinelli della Stazione Centrale.<\/strong><\/p>\n<p>Raggiungeremo Porta Nolana e ci immergeremo in uno dei mercati pi\u00f9 interessanti e particolari di Napoli. Cercheremo di raccontare con la fotografia la complessa realt\u00e0 sociale, la stratificazione culturale e le recenti trasformazioni. Poi raggiungeremo Forcella che \u00e8 un altro quartiere, a volte tristemente famoso, di Napoli e ci confronteremo con un&#8217;altra realt\u00e0 di estrema complessit\u00e0. Quello che era il regno dei clan ancora oggi \u00e8 un quartiere di frontiera in cui la vita quotidiana si nutre di profonde tensioni. &nbsp;La passeggiata sar\u00e0 un&#8217;esperienza molto utile sia per il fotoamatore che per il fotografo esperto, per verificare sul campo le proprie competenze tecniche ed espressive. I luoghi della passeggiata sono importanti cartine di tornasole della citt\u00e0, dei suoi cambiamenti e della sua evoluzione.<\/p>\n<p><!--more--><\/p>\n<p><strong>Porta Nolana<\/strong> sembra sorretta dalle due torri di piperno che la circondano, datate 1555, dette della Speranza (quella a Nord) e della Fede o Cara F\u00e8 (quella a Sud). Questa \u00e8 attualmente sormontata da balconcini e finestre. Nel V secolo d.C. Porta Nolana era situata nella zona di Forcella, tra l\u2019ospedale Ascalesi e la basilica dell\u2019Annunziata, ed era conosciuta per questo motivo con il nome di&nbsp;<strong>Porta Furcillensis<\/strong>. Alla fine del XV secolo gli aragonesi decisero di spostarla dove si trova oggi, nell\u2019atto di ampliamento delle mura cittadine.<\/p>\n<p>A <strong>Forcella<\/strong> la Storia, la cultura, i musei, le chiese storiche, i teatri, gli ospedali, le universit\u00e0, non occorre portarli o crearli ex-novo. Ci sono gi\u00e0, da secoli o da decenni. Forcella \u00e8 socialmente una periferia, ma \u00e8 nel cuore di Napoli e potenzialmente ha (ha avuto, potrebbe avere, chiss\u00e0 quando l&#8217;avr\u00e0) gli strumenti per diventare un polo turistico, attrattivo non solo per la leggenda nera, nata con la fama postbellica e contrabbandiera dei Giuliano. Forcella non \u00e8 solo camorra e non \u00e8 stata sempre e solo camorra. Castel Capuano, ex-sede del Tribunale \u00e8 qua. Il teatro Trianon \u00e8 qua. Il secolare ospedale Ascalesi \u00e8 qua. E le magnifiche chiese di San Giorgio Maggiore, Sant&#8217;Agrippino, Sant&#8217;Agostino alla Zecca (in eterna ristrutturazione per i danni del terremoto del 1980), il Lazzaretto dell&#8217;Ospedale della Pace, il Caravaggio pi\u00f9 bello del mondo al Pio Monte della Misericordia, il Museo di San Gennaro, la stessa Cattedrale con la Cappella del Tesoro, il Cippo (ovvero i resti delle mura greche), una sede dell&#8217;Orientale, ma pure l&#8217;affollatissima pizzeria Da Michele o uno dei templi popolari della pizza fritta, &#8216;E Figliole, sono tutti qua attorno, stretti tra via Duomo, via dei Tribunali, via Pietro Colletta e il Rettifilo.<\/p>\n<p>La passeggiata sar\u00e0 condotta da&nbsp; <strong>Luca Sorbo<\/strong>, docente dei <a href=\"http:\/\/www.pigrecoemme.com\/corso-fotografia\/corso-di-fotografia-2.htm\">corsi di Fotografia<\/a> e di <a href=\"http:\/\/www.pigrecoemme.com\/corso-fotografia\/corso-di-fotogiornalismo-reportage-napoli.htm\">Fotogiornalismo <\/a>della Pigrecoemme.<\/p>\n<p><strong>Modalit\u00e0 di partecipazione<\/strong><\/p>\n<p>L\u2019incontro \u00e8 gratuito e la prenotazione, fino a esaurimento posti, \u00e8 obbligatoria.<br \/>\nPrenotazioni e informazioni al numero 081 5635188 dal 9 gennaio 2017.<\/p>\n<p>Gli organizzatori precisano che, pur assicurando l\u2019accompagnamento lungo i vari itinerari, declinano ogni responsabilit\u00e0 riguardo a possibili incidenti lungo il percorso.<\/p>\n","protected":false},"excerpt":{"rendered":"<p>Ci&nbsp; incontreremo sabato 21 gennaio 2017 &nbsp;alle 14:00 all&#8217;ingresso esterno della Feltrinelli della Stazione Centrale. Raggiungeremo Porta Nolana e ci immergeremo in uno dei mercati pi\u00f9 interessanti e particolari di Napoli. Cercheremo di raccontare&hellip;<\/p>\n","protected":false},"author":4,"featured_media":0,"comment_status":"open","ping_status":"open","sticky":false,"template":"","format":"standard","meta":{"_jetpack_newsletter_access":"","_jetpack_dont_email_post_to_subs":false,"_jetpack_newsletter_tier_id":0,"_jetpack_memberships_contains_paywalled_content":false,"_jetpack_feature_clip_id":0,"_jetpack_memberships_contains_paid_content":false,"footnotes":"","jetpack_post_was_ever_published":false},"categories":[11,21,1,1523],"tags":[1786,1283,370,69,1627,1787],"class_list":["post-1827","post","type-post","status-publish","format-standard","hentry","category-eventi","category-fotografia","category-generale","category-incontri-fotografici","tag-forcella","tag-fotografia","tag-incontri-fotografici","tag-luca-sorbo","tag-passeggiata-fotografica","tag-porta-nolana"],"yoast_head":"<!-- This site is optimized with the Yoast SEO plugin v28.3 - https:\/\/yoast.com\/product\/yoast-seo-wordpress\/ -->\n<title>Da Porta Nolana a Forcella: passeggiata fotografica con Luca Sorbo.<\/title>\n<meta name=\"description\" content=\"21 gennaio 2017. L\u2019incontro \u00e8 gratuito e la prenotazione \u00e8 obbligatoria. Prenotazioni e informazioni al numero 081 5635188 dal 9 gennaio 2017.\" \/>\n<meta name=\"robots\" content=\"index, follow, max-snippet:-1, max-image-preview:large, max-video-preview:-1\" \/>\n<link rel=\"canonical\" href=\"https:\/\/www.pigrecoemme.com\/blog\/da-porta-nolana-a-forcella-passeggiata-fotografica-con-luca-sorbo\/\" \/>\n<meta property=\"og:locale\" content=\"it_IT\" \/>\n<meta property=\"og:type\" content=\"article\" \/>\n<meta property=\"og:title\" content=\"Da Porta Nolana a Forcella: passeggiata fotografica con Luca Sorbo.\" \/>\n<meta property=\"og:description\" content=\"21 gennaio 2017. L\u2019incontro \u00e8 gratuito e la prenotazione \u00e8 obbligatoria. Prenotazioni e informazioni al numero 081 5635188 dal 9 gennaio 2017.\" \/>\n<meta property=\"og:url\" content=\"https:\/\/www.pigrecoemme.com\/blog\/da-porta-nolana-a-forcella-passeggiata-fotografica-con-luca-sorbo\/\" \/>\n<meta property=\"og:site_name\" content=\"Scuola di Cinema Pigrecoemme - Blog\" \/>\n<meta property=\"article:publisher\" content=\"https:\/\/www.facebook.com\/pigrecoemme\" \/>\n<meta property=\"article:author\" content=\"https:\/\/www.facebook.com\/pigrecoemme\" \/>\n<meta property=\"article:published_time\" content=\"2016-12-27T16:25:41+00:00\" \/>\n<meta property=\"og:image\" content=\"http:\/\/www.pigrecoemme.com\/blog\/wp-content\/uploads\/2016\/12\/passeggiata-fotografica-forcella-2017.jpg\" \/>\n<meta name=\"author\" content=\"Pigrecoemme\" \/>\n<meta name=\"twitter:card\" content=\"summary_large_image\" \/>\n<meta name=\"twitter:creator\" content=\"@Pigrecoemme\" \/>\n<meta name=\"twitter:site\" content=\"@Pigrecoemme\" \/>\n<meta name=\"twitter:label1\" content=\"Scritto da\" \/>\n\t<meta name=\"twitter:data1\" content=\"Pigrecoemme\" \/>\n\t<meta name=\"twitter:label2\" content=\"Tempo di lettura stimato\" \/>\n\t<meta name=\"twitter:data2\" content=\"2 minuti\" \/>\n<script type=\"application\/ld+json\" class=\"yoast-schema-graph\">{\"@context\":\"https:\\\/\\\/schema.org\",\"@graph\":[{\"@type\":[\"Article\",\"BlogPosting\"],\"@id\":\"https:\\\/\\\/www.pigrecoemme.com\\\/blog\\\/da-porta-nolana-a-forcella-passeggiata-fotografica-con-luca-sorbo\\\/#article\",\"isPartOf\":{\"@id\":\"https:\\\/\\\/www.pigrecoemme.com\\\/blog\\\/da-porta-nolana-a-forcella-passeggiata-fotografica-con-luca-sorbo\\\/\"},\"author\":{\"name\":\"Pigrecoemme\",\"@id\":\"https:\\\/\\\/www.pigrecoemme.com\\\/blog\\\/#\\\/schema\\\/person\\\/8996ab5bfa68cec611b330ae4a389d44\"},\"headline\":\"Da Porta Nolana a Forcella: passeggiata fotografica con Luca Sorbo.\",\"datePublished\":\"2016-12-27T16:25:41+00:00\",\"mainEntityOfPage\":{\"@id\":\"https:\\\/\\\/www.pigrecoemme.com\\\/blog\\\/da-porta-nolana-a-forcella-passeggiata-fotografica-con-luca-sorbo\\\/\"},\"wordCount\":500,\"commentCount\":0,\"publisher\":{\"@id\":\"https:\\\/\\\/www.pigrecoemme.com\\\/blog\\\/#organization\"},\"image\":{\"@id\":\"https:\\\/\\\/www.pigrecoemme.com\\\/blog\\\/da-porta-nolana-a-forcella-passeggiata-fotografica-con-luca-sorbo\\\/#primaryimage\"},\"thumbnailUrl\":\"http:\\\/\\\/www.pigrecoemme.com\\\/blog\\\/wp-content\\\/uploads\\\/2016\\\/12\\\/passeggiata-fotografica-forcella-2017.jpg\",\"keywords\":[\"forcella\",\"fotografia\",\"incontri fotografici\",\"luca sorbo\",\"passeggiata fotografica\",\"porta nolana\"],\"articleSection\":[\"Eventi\",\"Fotografia\",\"Generale\",\"Incontri fotografici\"],\"inLanguage\":\"it-IT\",\"potentialAction\":[{\"@type\":\"CommentAction\",\"name\":\"Comment\",\"target\":[\"https:\\\/\\\/www.pigrecoemme.com\\\/blog\\\/da-porta-nolana-a-forcella-passeggiata-fotografica-con-luca-sorbo\\\/#respond\"]}]},{\"@type\":\"WebPage\",\"@id\":\"https:\\\/\\\/www.pigrecoemme.com\\\/blog\\\/da-porta-nolana-a-forcella-passeggiata-fotografica-con-luca-sorbo\\\/\",\"url\":\"https:\\\/\\\/www.pigrecoemme.com\\\/blog\\\/da-porta-nolana-a-forcella-passeggiata-fotografica-con-luca-sorbo\\\/\",\"name\":\"Da Porta Nolana a Forcella: passeggiata fotografica con Luca Sorbo.\",\"isPartOf\":{\"@id\":\"https:\\\/\\\/www.pigrecoemme.com\\\/blog\\\/#website\"},\"primaryImageOfPage\":{\"@id\":\"https:\\\/\\\/www.pigrecoemme.com\\\/blog\\\/da-porta-nolana-a-forcella-passeggiata-fotografica-con-luca-sorbo\\\/#primaryimage\"},\"image\":{\"@id\":\"https:\\\/\\\/www.pigrecoemme.com\\\/blog\\\/da-porta-nolana-a-forcella-passeggiata-fotografica-con-luca-sorbo\\\/#primaryimage\"},\"thumbnailUrl\":\"http:\\\/\\\/www.pigrecoemme.com\\\/blog\\\/wp-content\\\/uploads\\\/2016\\\/12\\\/passeggiata-fotografica-forcella-2017.jpg\",\"datePublished\":\"2016-12-27T16:25:41+00:00\",\"description\":\"21 gennaio 2017. L\u2019incontro \u00e8 gratuito e la prenotazione \u00e8 obbligatoria. Prenotazioni e informazioni al numero 081 5635188 dal 9 gennaio 2017.\",\"breadcrumb\":{\"@id\":\"https:\\\/\\\/www.pigrecoemme.com\\\/blog\\\/da-porta-nolana-a-forcella-passeggiata-fotografica-con-luca-sorbo\\\/#breadcrumb\"},\"inLanguage\":\"it-IT\",\"potentialAction\":[{\"@type\":\"ReadAction\",\"target\":[\"https:\\\/\\\/www.pigrecoemme.com\\\/blog\\\/da-porta-nolana-a-forcella-passeggiata-fotografica-con-luca-sorbo\\\/\"]}]},{\"@type\":\"ImageObject\",\"inLanguage\":\"it-IT\",\"@id\":\"https:\\\/\\\/www.pigrecoemme.com\\\/blog\\\/da-porta-nolana-a-forcella-passeggiata-fotografica-con-luca-sorbo\\\/#primaryimage\",\"url\":\"http:\\\/\\\/www.pigrecoemme.com\\\/blog\\\/wp-content\\\/uploads\\\/2016\\\/12\\\/passeggiata-fotografica-forcella-2017.jpg\",\"contentUrl\":\"http:\\\/\\\/www.pigrecoemme.com\\\/blog\\\/wp-content\\\/uploads\\\/2016\\\/12\\\/passeggiata-fotografica-forcella-2017.jpg\"},{\"@type\":\"BreadcrumbList\",\"@id\":\"https:\\\/\\\/www.pigrecoemme.com\\\/blog\\\/da-porta-nolana-a-forcella-passeggiata-fotografica-con-luca-sorbo\\\/#breadcrumb\",\"itemListElement\":[{\"@type\":\"ListItem\",\"position\":1,\"name\":\"Home\",\"item\":\"https:\\\/\\\/www.pigrecoemme.com\\\/blog\\\/\"},{\"@type\":\"ListItem\",\"position\":2,\"name\":\"Da Porta Nolana a Forcella: passeggiata fotografica con Luca Sorbo.\"}]},{\"@type\":\"WebSite\",\"@id\":\"https:\\\/\\\/www.pigrecoemme.com\\\/blog\\\/#website\",\"url\":\"https:\\\/\\\/www.pigrecoemme.com\\\/blog\\\/\",\"name\":\"Scuola di Cinema Pigrecoemme - Blog\",\"description\":\"Siamo la prima Scuola di Cinema e Fotografia di Napoli\",\"publisher\":{\"@id\":\"https:\\\/\\\/www.pigrecoemme.com\\\/blog\\\/#organization\"},\"potentialAction\":[{\"@type\":\"SearchAction\",\"target\":{\"@type\":\"EntryPoint\",\"urlTemplate\":\"https:\\\/\\\/www.pigrecoemme.com\\\/blog\\\/?s={search_term_string}\"},\"query-input\":{\"@type\":\"PropertyValueSpecification\",\"valueRequired\":true,\"valueName\":\"search_term_string\"}}],\"inLanguage\":\"it-IT\"},{\"@type\":\"Organization\",\"@id\":\"https:\\\/\\\/www.pigrecoemme.com\\\/blog\\\/#organization\",\"name\":\"Scuola di cinema e fotografia Pigrecoemme\",\"url\":\"https:\\\/\\\/www.pigrecoemme.com\\\/blog\\\/\",\"logo\":{\"@type\":\"ImageObject\",\"inLanguage\":\"it-IT\",\"@id\":\"https:\\\/\\\/www.pigrecoemme.com\\\/blog\\\/#\\\/schema\\\/logo\\\/image\\\/\",\"url\":\"https:\\\/\\\/i0.wp.com\\\/www.pigrecoemme.com\\\/blog\\\/wp-content\\\/uploads\\\/2018\\\/06\\\/logo-pigrecoemme-2018.png?fit=500%2C500&ssl=1\",\"contentUrl\":\"https:\\\/\\\/i0.wp.com\\\/www.pigrecoemme.com\\\/blog\\\/wp-content\\\/uploads\\\/2018\\\/06\\\/logo-pigrecoemme-2018.png?fit=500%2C500&ssl=1\",\"width\":500,\"height\":500,\"caption\":\"Scuola di cinema e fotografia Pigrecoemme\"},\"image\":{\"@id\":\"https:\\\/\\\/www.pigrecoemme.com\\\/blog\\\/#\\\/schema\\\/logo\\\/image\\\/\"},\"sameAs\":[\"https:\\\/\\\/www.facebook.com\\\/pigrecoemme\",\"https:\\\/\\\/x.com\\\/Pigrecoemme\",\"https:\\\/\\\/www.instagram.com\\\/pigrecoemme\\\/\",\"https:\\\/\\\/www.linkedin.com\\\/company\\\/pigrecoemme\\\/\",\"https:\\\/\\\/www.youtube.com\\\/pigrecoemme\"]},{\"@type\":\"Person\",\"@id\":\"https:\\\/\\\/www.pigrecoemme.com\\\/blog\\\/#\\\/schema\\\/person\\\/8996ab5bfa68cec611b330ae4a389d44\",\"name\":\"Pigrecoemme\",\"image\":{\"@type\":\"ImageObject\",\"inLanguage\":\"it-IT\",\"@id\":\"https:\\\/\\\/secure.gravatar.com\\\/avatar\\\/541a562fed7df6fa49262cb93f0f1135b8432ec77a1bc64fdb808f64f2a8287d?s=96&r=g\",\"url\":\"https:\\\/\\\/secure.gravatar.com\\\/avatar\\\/541a562fed7df6fa49262cb93f0f1135b8432ec77a1bc64fdb808f64f2a8287d?s=96&r=g\",\"contentUrl\":\"https:\\\/\\\/secure.gravatar.com\\\/avatar\\\/541a562fed7df6fa49262cb93f0f1135b8432ec77a1bc64fdb808f64f2a8287d?s=96&r=g\",\"caption\":\"Pigrecoemme\"},\"description\":\"Profilo redazionale. Pigrecoemme \u00e8 la prima scuola di cinema, televisione e fotografia di Napoli.\",\"sameAs\":[\"http:\\\/\\\/www.pigrecoemme.com\\\/\",\"https:\\\/\\\/www.facebook.com\\\/pigrecoemme\"],\"url\":\"https:\\\/\\\/www.pigrecoemme.com\\\/blog\\\/author\\\/pigrecoemme\\\/\"}]}<\/script>\n<!-- \/ Yoast SEO plugin. -->","yoast_head_json":{"title":"Da Porta Nolana a Forcella: passeggiata fotografica con Luca Sorbo.","description":"21 gennaio 2017. L\u2019incontro \u00e8 gratuito e la prenotazione \u00e8 obbligatoria. Prenotazioni e informazioni al numero 081 5635188 dal 9 gennaio 2017.","robots":{"index":"index","follow":"follow","max-snippet":"max-snippet:-1","max-image-preview":"max-image-preview:large","max-video-preview":"max-video-preview:-1"},"canonical":"https:\/\/www.pigrecoemme.com\/blog\/da-porta-nolana-a-forcella-passeggiata-fotografica-con-luca-sorbo\/","og_locale":"it_IT","og_type":"article","og_title":"Da Porta Nolana a Forcella: passeggiata fotografica con Luca Sorbo.","og_description":"21 gennaio 2017. L\u2019incontro \u00e8 gratuito e la prenotazione \u00e8 obbligatoria. Prenotazioni e informazioni al numero 081 5635188 dal 9 gennaio 2017.","og_url":"https:\/\/www.pigrecoemme.com\/blog\/da-porta-nolana-a-forcella-passeggiata-fotografica-con-luca-sorbo\/","og_site_name":"Scuola di Cinema Pigrecoemme - Blog","article_publisher":"https:\/\/www.facebook.com\/pigrecoemme","article_author":"https:\/\/www.facebook.com\/pigrecoemme","article_published_time":"2016-12-27T16:25:41+00:00","og_image":[{"url":"http:\/\/www.pigrecoemme.com\/blog\/wp-content\/uploads\/2016\/12\/passeggiata-fotografica-forcella-2017.jpg","type":"","width":"","height":""}],"author":"Pigrecoemme","twitter_card":"summary_large_image","twitter_creator":"@Pigrecoemme","twitter_site":"@Pigrecoemme","twitter_misc":{"Scritto da":"Pigrecoemme","Tempo di lettura stimato":"2 minuti"},"schema":{"@context":"https:\/\/schema.org","@graph":[{"@type":["Article","BlogPosting"],"@id":"https:\/\/www.pigrecoemme.com\/blog\/da-porta-nolana-a-forcella-passeggiata-fotografica-con-luca-sorbo\/#article","isPartOf":{"@id":"https:\/\/www.pigrecoemme.com\/blog\/da-porta-nolana-a-forcella-passeggiata-fotografica-con-luca-sorbo\/"},"author":{"name":"Pigrecoemme","@id":"https:\/\/www.pigrecoemme.com\/blog\/#\/schema\/person\/8996ab5bfa68cec611b330ae4a389d44"},"headline":"Da Porta Nolana a Forcella: passeggiata fotografica con Luca Sorbo.","datePublished":"2016-12-27T16:25:41+00:00","mainEntityOfPage":{"@id":"https:\/\/www.pigrecoemme.com\/blog\/da-porta-nolana-a-forcella-passeggiata-fotografica-con-luca-sorbo\/"},"wordCount":500,"commentCount":0,"publisher":{"@id":"https:\/\/www.pigrecoemme.com\/blog\/#organization"},"image":{"@id":"https:\/\/www.pigrecoemme.com\/blog\/da-porta-nolana-a-forcella-passeggiata-fotografica-con-luca-sorbo\/#primaryimage"},"thumbnailUrl":"http:\/\/www.pigrecoemme.com\/blog\/wp-content\/uploads\/2016\/12\/passeggiata-fotografica-forcella-2017.jpg","keywords":["forcella","fotografia","incontri fotografici","luca sorbo","passeggiata fotografica","porta nolana"],"articleSection":["Eventi","Fotografia","Generale","Incontri fotografici"],"inLanguage":"it-IT","potentialAction":[{"@type":"CommentAction","name":"Comment","target":["https:\/\/www.pigrecoemme.com\/blog\/da-porta-nolana-a-forcella-passeggiata-fotografica-con-luca-sorbo\/#respond"]}]},{"@type":"WebPage","@id":"https:\/\/www.pigrecoemme.com\/blog\/da-porta-nolana-a-forcella-passeggiata-fotografica-con-luca-sorbo\/","url":"https:\/\/www.pigrecoemme.com\/blog\/da-porta-nolana-a-forcella-passeggiata-fotografica-con-luca-sorbo\/","name":"Da Porta Nolana a Forcella: passeggiata fotografica con Luca Sorbo.","isPartOf":{"@id":"https:\/\/www.pigrecoemme.com\/blog\/#website"},"primaryImageOfPage":{"@id":"https:\/\/www.pigrecoemme.com\/blog\/da-porta-nolana-a-forcella-passeggiata-fotografica-con-luca-sorbo\/#primaryimage"},"image":{"@id":"https:\/\/www.pigrecoemme.com\/blog\/da-porta-nolana-a-forcella-passeggiata-fotografica-con-luca-sorbo\/#primaryimage"},"thumbnailUrl":"http:\/\/www.pigrecoemme.com\/blog\/wp-content\/uploads\/2016\/12\/passeggiata-fotografica-forcella-2017.jpg","datePublished":"2016-12-27T16:25:41+00:00","description":"21 gennaio 2017. L\u2019incontro \u00e8 gratuito e la prenotazione \u00e8 obbligatoria. Prenotazioni e informazioni al numero 081 5635188 dal 9 gennaio 2017.","breadcrumb":{"@id":"https:\/\/www.pigrecoemme.com\/blog\/da-porta-nolana-a-forcella-passeggiata-fotografica-con-luca-sorbo\/#breadcrumb"},"inLanguage":"it-IT","potentialAction":[{"@type":"ReadAction","target":["https:\/\/www.pigrecoemme.com\/blog\/da-porta-nolana-a-forcella-passeggiata-fotografica-con-luca-sorbo\/"]}]},{"@type":"ImageObject","inLanguage":"it-IT","@id":"https:\/\/www.pigrecoemme.com\/blog\/da-porta-nolana-a-forcella-passeggiata-fotografica-con-luca-sorbo\/#primaryimage","url":"http:\/\/www.pigrecoemme.com\/blog\/wp-content\/uploads\/2016\/12\/passeggiata-fotografica-forcella-2017.jpg","contentUrl":"http:\/\/www.pigrecoemme.com\/blog\/wp-content\/uploads\/2016\/12\/passeggiata-fotografica-forcella-2017.jpg"},{"@type":"BreadcrumbList","@id":"https:\/\/www.pigrecoemme.com\/blog\/da-porta-nolana-a-forcella-passeggiata-fotografica-con-luca-sorbo\/#breadcrumb","itemListElement":[{"@type":"ListItem","position":1,"name":"Home","item":"https:\/\/www.pigrecoemme.com\/blog\/"},{"@type":"ListItem","position":2,"name":"Da Porta Nolana a Forcella: passeggiata fotografica con Luca Sorbo."}]},{"@type":"WebSite","@id":"https:\/\/www.pigrecoemme.com\/blog\/#website","url":"https:\/\/www.pigrecoemme.com\/blog\/","name":"Scuola di Cinema Pigrecoemme - Blog","description":"Siamo la prima Scuola di Cinema e Fotografia di Napoli","publisher":{"@id":"https:\/\/www.pigrecoemme.com\/blog\/#organization"},"potentialAction":[{"@type":"SearchAction","target":{"@type":"EntryPoint","urlTemplate":"https:\/\/www.pigrecoemme.com\/blog\/?s={search_term_string}"},"query-input":{"@type":"PropertyValueSpecification","valueRequired":true,"valueName":"search_term_string"}}],"inLanguage":"it-IT"},{"@type":"Organization","@id":"https:\/\/www.pigrecoemme.com\/blog\/#organization","name":"Scuola di cinema e fotografia Pigrecoemme","url":"https:\/\/www.pigrecoemme.com\/blog\/","logo":{"@type":"ImageObject","inLanguage":"it-IT","@id":"https:\/\/www.pigrecoemme.com\/blog\/#\/schema\/logo\/image\/","url":"https:\/\/i0.wp.com\/www.pigrecoemme.com\/blog\/wp-content\/uploads\/2018\/06\/logo-pigrecoemme-2018.png?fit=500%2C500&ssl=1","contentUrl":"https:\/\/i0.wp.com\/www.pigrecoemme.com\/blog\/wp-content\/uploads\/2018\/06\/logo-pigrecoemme-2018.png?fit=500%2C500&ssl=1","width":500,"height":500,"caption":"Scuola di cinema e fotografia Pigrecoemme"},"image":{"@id":"https:\/\/www.pigrecoemme.com\/blog\/#\/schema\/logo\/image\/"},"sameAs":["https:\/\/www.facebook.com\/pigrecoemme","https:\/\/x.com\/Pigrecoemme","https:\/\/www.instagram.com\/pigrecoemme\/","https:\/\/www.linkedin.com\/company\/pigrecoemme\/","https:\/\/www.youtube.com\/pigrecoemme"]},{"@type":"Person","@id":"https:\/\/www.pigrecoemme.com\/blog\/#\/schema\/person\/8996ab5bfa68cec611b330ae4a389d44","name":"Pigrecoemme","image":{"@type":"ImageObject","inLanguage":"it-IT","@id":"https:\/\/secure.gravatar.com\/avatar\/541a562fed7df6fa49262cb93f0f1135b8432ec77a1bc64fdb808f64f2a8287d?s=96&r=g","url":"https:\/\/secure.gravatar.com\/avatar\/541a562fed7df6fa49262cb93f0f1135b8432ec77a1bc64fdb808f64f2a8287d?s=96&r=g","contentUrl":"https:\/\/secure.gravatar.com\/avatar\/541a562fed7df6fa49262cb93f0f1135b8432ec77a1bc64fdb808f64f2a8287d?s=96&r=g","caption":"Pigrecoemme"},"description":"Profilo redazionale. Pigrecoemme \u00e8 la prima scuola di cinema, televisione e fotografia di Napoli.","sameAs":["http:\/\/www.pigrecoemme.com\/","https:\/\/www.facebook.com\/pigrecoemme"],"url":"https:\/\/www.pigrecoemme.com\/blog\/author\/pigrecoemme\/"}]}},"jetpack_sharing_enabled":true,"jetpack_likes_enabled":true,"jetpack-related-posts":[{"id":1758,"url":"https:\/\/www.pigrecoemme.com\/blog\/3-ottobre-2016-passeggiata-fotografica-alla-sanita-luca-sorbo\/","url_meta":{"origin":1827,"position":0},"title":"3 ottobre 2016: Passeggiata fotografica alla Sanit\u00e0 con Luca Sorbo","author":"Pigrecoemme","date":"20 Settembre 2016","format":false,"excerpt":"Luned\u00ec 3 ottobre passeggiata fotografica gratuita alla Sanit\u00e0, organizzata dalla Organizzata dalla Scuola di Cinema e Fotografia Pigrecoemme e \u00a0coordinata da Luca Sorbo, docente di fotografia all'Accademia di Belle Arti di Napoli e curatore dei nostri corsi di fotografia. Un\u2019occasione unica per conoscere uno dei quartieri pi\u00f9 caratteristici di Napoli:\u2026","rel":"","context":"In &quot;Eventi&quot;","block_context":{"text":"Eventi","link":"https:\/\/www.pigrecoemme.com\/blog\/eventi\/"},"img":{"alt_text":"Passeggiata fotografica alla Sanit\u00e0 con Luca Sorbo","src":"https:\/\/i0.wp.com\/www.pigrecoemme.com\/blog\/wp-content\/uploads\/2016\/09\/passeggiata-fotografica-sanita.jpg?resize=350%2C200&ssl=1","width":350,"height":200,"srcset":"https:\/\/i0.wp.com\/www.pigrecoemme.com\/blog\/wp-content\/uploads\/2016\/09\/passeggiata-fotografica-sanita.jpg?resize=350%2C200&ssl=1 1x, https:\/\/i0.wp.com\/www.pigrecoemme.com\/blog\/wp-content\/uploads\/2016\/09\/passeggiata-fotografica-sanita.jpg?resize=525%2C300&ssl=1 1.5x, https:\/\/i0.wp.com\/www.pigrecoemme.com\/blog\/wp-content\/uploads\/2016\/09\/passeggiata-fotografica-sanita.jpg?resize=700%2C400&ssl=1 2x"},"classes":[]},{"id":1694,"url":"https:\/\/www.pigrecoemme.com\/blog\/27-aprile-passeggiata-fotografica-ai-quartieri-spagnoli\/","url_meta":{"origin":1827,"position":1},"title":"27 aprile:  Passeggiata fotografica ai Quartieri Spagnoli","author":"Giacomo Fabbrocino","date":"14 Aprile 2016","format":false,"excerpt":"Esplorare fotograficamente i Quartieri Spagnoli \u00e8 una della esperienze pi\u00f9 avvincenti con cui si possa misurare un fotografo, sia principiante, sia esperto. L'antico luogo in cui erano alloggiate le truppe spagnole nel 1500 ha un fascino unico. Oggi \u00e8 uno dei luoghi in cui confrontarsi con l'anima popolare di Napoli,\u2026","rel":"","context":"In &quot;Eventi&quot;","block_context":{"text":"Eventi","link":"https:\/\/www.pigrecoemme.com\/blog\/eventi\/"},"img":{"alt_text":"Grazie a Lidia de Campora per l'immagine.","src":"https:\/\/i0.wp.com\/www.pigrecoemme.com\/blog\/wp-content\/uploads\/2016\/04\/passeggiata-quartieri-spagnoli.jpg?resize=350%2C200","width":350,"height":200,"srcset":"https:\/\/i0.wp.com\/www.pigrecoemme.com\/blog\/wp-content\/uploads\/2016\/04\/passeggiata-quartieri-spagnoli.jpg?resize=350%2C200 1x, https:\/\/i0.wp.com\/www.pigrecoemme.com\/blog\/wp-content\/uploads\/2016\/04\/passeggiata-quartieri-spagnoli.jpg?resize=525%2C300 1.5x, https:\/\/i0.wp.com\/www.pigrecoemme.com\/blog\/wp-content\/uploads\/2016\/04\/passeggiata-quartieri-spagnoli.jpg?resize=700%2C400 2x"},"classes":[]},{"id":1936,"url":"https:\/\/www.pigrecoemme.com\/blog\/fotografare-lo-smartphone-un-mini-corso-gratuito-alla-pigrecoemme\/","url_meta":{"origin":1827,"position":2},"title":"Fotografare con lo smartphone. Un mini-corso gratuito alla Pigrecoemme","author":"Pigrecoemme","date":"7 Settembre 2017","format":false,"excerpt":"Questo breve corso gratuito \u00e8 indirizzato a principianti che vogliano comprendere come fotografare con lo smartphone in maniera efficace. Il cellulare non \u00e8 alternativo alla Reflex, ma complementare, e per usarlo al meglio \u00e8 necessario conoscere le basi della tecnica fotografica. Vedremo alcuni trucchi per riuscire a fotografare in condizioni\u2026","rel":"","context":"In &quot;Eventi&quot;","block_context":{"text":"Eventi","link":"https:\/\/www.pigrecoemme.com\/blog\/eventi\/"},"img":{"alt_text":"fotografare con lo smartphone","src":"https:\/\/i0.wp.com\/www.pigrecoemme.com\/blog\/wp-content\/uploads\/2017\/09\/fotografare-con-lo-smartphone.jpg?resize=350%2C200","width":350,"height":200},"classes":[]},{"id":1942,"url":"https:\/\/www.pigrecoemme.com\/blog\/incontro-fotografico-lucia-patalano\/","url_meta":{"origin":1827,"position":3},"title":"Incontro fotografico con Lucia Patalano","author":"Pigrecoemme","date":"8 Settembre 2017","format":false,"excerpt":"Sabato 30 settembre 2017 alle 16:00 presso la Scuola di Cinema e Fotografia Pigrecoemme di Napoli Luca Sorbo, docente all'Accademia di Belle Arti di Napoli e responsabile dei corsi di Fotografia della Pigrecoemme, incontrer\u00e0 Lucia Patalano, una delle principali esponenti della fotografia napoletana. Sar\u00e0 un'occasione importante per ripercorrere la vicenda\u2026","rel":"","context":"In &quot;Eventi&quot;","block_context":{"text":"Eventi","link":"https:\/\/www.pigrecoemme.com\/blog\/eventi\/"},"img":{"alt_text":"Incontro fotografico con Lucia Patalano","src":"https:\/\/i0.wp.com\/www.pigrecoemme.com\/blog\/wp-content\/uploads\/2017\/09\/incontro-con-lucia-patalano.jpg?resize=350%2C200","width":350,"height":200},"classes":[]},{"id":492,"url":"https:\/\/www.pigrecoemme.com\/blog\/sabato-21-aprile-aniello-barone-terra-un-incontro-lezione-gratuito-sulla-fotografia\/","url_meta":{"origin":1827,"position":4},"title":"Sabato 21 aprile Aniello Barone terr\u00e0 un incontro-lezione gratuito sulla fotografia","author":"Corrado Morra","date":"17 Aprile 2012","format":false,"excerpt":"Continuano, alla Scuola di cinema e fotografia Pigrecoemme di Napoli, gli incontri dedicati ai grandi fotografi. Sabato 21 aprile 2012, Aniello Barone sar\u00e0, cos\u00ec, negli spazi di Piazza Portanova, per un incontro-lezione, che avr\u00e0 il compito di tracciare le linee principali del suo affascinante percorso artistico e professionale. L\u2019appuntamento, dalle\u2026","rel":"","context":"In &quot;Eventi&quot;","block_context":{"text":"Eventi","link":"https:\/\/www.pigrecoemme.com\/blog\/eventi\/"},"img":{"alt_text":"","src":"https:\/\/i0.wp.com\/www.pigrecoemme.com\/blog\/wp-content\/uploads\/2012\/04\/aniello-barone1-300x200.jpg?resize=350%2C200","width":350,"height":200},"classes":[]},{"id":822,"url":"https:\/\/www.pigrecoemme.com\/blog\/incontri-fotografici-itaca\/","url_meta":{"origin":1827,"position":5},"title":"Gli Incontri fotografici della Pigrecoemme approdano all&#8217;Itaca di Renato Orsini","author":"Corrado Morra","date":"26 Aprile 2014","format":false,"excerpt":"Mercoled\u00ec 30 aprile, dalle ore 17,00 alle 19,00, nell\u2019ambito della rassegna Incontri fotografici della Scuola di cinema e fotografia Pigrecoemme di Napoli, Renato Orsini presenta ITACA, il suo ultimo progetto fotografico, un viaggio emozionante in bianco e nero che, attraverso forti contrasti e una capacit\u00e0 sbalorditiva di scovare particolari epifanici,\u2026","rel":"","context":"In &quot;Eventi&quot;","block_context":{"text":"Eventi","link":"https:\/\/www.pigrecoemme.com\/blog\/eventi\/"},"img":{"alt_text":"","src":"https:\/\/i0.wp.com\/www.pigrecoemme.com\/blog\/wp-content\/uploads\/2014\/04\/renato-orsini.png?resize=350%2C200","width":350,"height":200},"classes":[]}],"jetpack_featured_media_url":"","_links":{"self":[{"href":"https:\/\/www.pigrecoemme.com\/blog\/wp-json\/wp\/v2\/posts\/1827","targetHints":{"allow":["GET"]}}],"collection":[{"href":"https:\/\/www.pigrecoemme.com\/blog\/wp-json\/wp\/v2\/posts"}],"about":[{"href":"https:\/\/www.pigrecoemme.com\/blog\/wp-json\/wp\/v2\/types\/post"}],"author":[{"embeddable":true,"href":"https:\/\/www.pigrecoemme.com\/blog\/wp-json\/wp\/v2\/users\/4"}],"replies":[{"embeddable":true,"href":"https:\/\/www.pigrecoemme.com\/blog\/wp-json\/wp\/v2\/comments?post=1827"}],"version-history":[{"count":0,"href":"https:\/\/www.pigrecoemme.com\/blog\/wp-json\/wp\/v2\/posts\/1827\/revisions"}],"wp:attachment":[{"href":"https:\/\/www.pigrecoemme.com\/blog\/wp-json\/wp\/v2\/media?parent=1827"}],"wp:term":[{"taxonomy":"category","embeddable":true,"href":"https:\/\/www.pigrecoemme.com\/blog\/wp-json\/wp\/v2\/categories?post=1827"},{"taxonomy":"post_tag","embeddable":true,"href":"https:\/\/www.pigrecoemme.com\/blog\/wp-json\/wp\/v2\/tags?post=1827"}],"curies":[{"name":"wp","href":"https:\/\/api.w.org\/{rel}","templated":true}]}}