{"id":1813,"date":"2016-12-03T14:53:26","date_gmt":"2016-12-03T13:53:26","guid":{"rendered":"http:\/\/www.pigrecoemme.com\/blog\/?p=1813"},"modified":"2016-12-09T13:27:33","modified_gmt":"2016-12-09T12:27:33","slug":"incontro-col-fotografo-guido-giannini","status":"publish","type":"post","link":"https:\/\/www.pigrecoemme.com\/blog\/incontro-col-fotografo-guido-giannini\/","title":{"rendered":"Incontro col fotografo Guido Giannini. 17 dicembre 2016."},"content":{"rendered":"<p><a href=\"https:\/\/i0.wp.com\/www.pigrecoemme.com\/blog\/wp-content\/uploads\/2016\/12\/guido-giannini-fotografo.jpg?ssl=1\"><img data-recalc-dims=\"1\" loading=\"lazy\" decoding=\"async\" class=\"aligncenter size-full wp-image-1814\" src=\"https:\/\/i0.wp.com\/www.pigrecoemme.com\/blog\/wp-content\/uploads\/2016\/12\/guido-giannini-fotografo.jpg?resize=484%2C252&#038;ssl=1\" alt=\"Guido Giannini Fotografo\" width=\"484\" height=\"252\" srcset=\"https:\/\/i0.wp.com\/www.pigrecoemme.com\/blog\/wp-content\/uploads\/2016\/12\/guido-giannini-fotografo.jpg?w=484&amp;ssl=1 484w, https:\/\/i0.wp.com\/www.pigrecoemme.com\/blog\/wp-content\/uploads\/2016\/12\/guido-giannini-fotografo.jpg?resize=300%2C156&amp;ssl=1 300w\" sizes=\"auto, (max-width: 484px) 100vw, 484px\" \/><\/a><\/p>\n<p><strong>Sabato&nbsp;17 dicembre&nbsp;2016<\/strong>, dalle&nbsp;<strong>ore 16:30 <\/strong>alle ore&nbsp;<strong>18:30<\/strong>, nell\u2019ambito della rassegna <em><a href=\"https:\/\/www.pigrecoemme.com\/blog\/category\/fotografia\/incontri-fotografici\/\">Incontri fotografici<\/a><\/em>,&nbsp;Guido Giannini<strong>&nbsp;<\/strong>sar\u00e0 ospite alla<a href=\"http:\/\/www.pigrecoemme.com\/\"> Scuola di cinema e fotografia&nbsp;<\/a><strong>Pigrecoemme&nbsp;<\/strong>di Napoli per dar vita a un incontro in cui racconter\u00e0 la sua avvincente esperienza di fotografo.<\/p>\n<p><strong>Come partecipare all&#8217;incontro<\/strong><\/p>\n<p>L\u2019incontro, fino a esaurimento posti, \u00e8 a ingresso gratuito e sar\u00e0 presentato da&nbsp;<strong>Luca Sorbo<\/strong>, curatore dei&nbsp;<a href=\"http:\/\/www.pigrecoemme.com\/corso-fotografia\/corso-di-fotografia-2.htm\">corsi di Fotografia<\/a>&nbsp;e di&nbsp;<a href=\"http:\/\/www.pigrecoemme.com\/corso-fotografia\/corso-di-fotogiornalismo-reportage-napoli.htm\">Fotogiornalismo<\/a>&nbsp;della Pigrecoemme.<br \/>\nPrenotazioni e info al numero 081 5635188.<\/p>\n<h2>Guido Giannini<\/h2>\n<p>Guido Giannini \u00e8 il decano dei fotografi napoletani ed \u00e8 molto noto sia a Napoli, sia a livello nazionale. Incontrarlo pu\u00f2 essere un&#8217;esperienza molto interessante per i giovani autori, poich\u00e9 si confronteranno con un modo di vivere la fotografia completamente diverso da quello attuale. Giannini \u00e8 un deciso sostenitore dell\u2019uso dell\u2019analogico e difende un modo di raccontare e rapportarsi alla citt\u00e0 che sicuramente deve interessare i giovani fotografi, troppo spesso pi\u00f9 interessati agli aspetti tecnici che a quelli espressivi. Di grande importanza \u00e8 anche il suo archivio, che conserva una parte importante della memoria della&nbsp; vita di Napoli.<\/p>\n<p><!--more--><\/p>\n<p>Giannini intraprese l\u2019attivit\u00e0 di fotoreporter nel 1960, pubblicando fotografie sul settimanale <em>Il Mondo<\/em> diretto da Aldo Pannunzio. Gi\u00e0 in quelle immagini era contenuto tutto il suo universo fotografico e poetico: le foto di strada, scatti che colgono l\u2019attimo fuggente, l\u2019attenzione per il sociale, per la realt\u00e0 dei marginali e dei semplici, la dedizione al bianco\/nero che consente una narrazione essenziale e critica delle cose e degli eventi. \u00abIo cammino. Sono un peripatetico. Esco, vado in giro e fotografo ci\u00f2 che incontro e che mi capita di vedere. Non mi muovo mai con l\u2019intenzione di fare qualche foto determinata\u00bb.<\/p>\n<p>Le sue collaborazioni come <em>freelance<\/em> sono proseguite con <em>Qui Touring<\/em>, <em>Stern<\/em>, Il<em> Mattino<\/em>, <em>il Manifesto<\/em>,<em> l\u2019Unit\u00e0<\/em>, <em>Avvenire<\/em>, <em>il Messaggero<\/em>, <em>Rassegna Sindacale<\/em> e ancora il <em>Corriere del Mezzogiorno<\/em>, <em>Repubblica Napoli <\/em>e tanti altri giornali e periodici. Numerose sono state le sue mostre personali, le partecipazioni a collettive, le collaborazioni con istituzioni quali l\u2019Universit\u00e0 di Napoli, la Regione Campania, comuni ed enti culturali. Varie e di notevole livello le pubblicazioni in volume di sue fotografie per&nbsp;numerosi e prestigiosi editori. &nbsp;<\/p>\n<p>Avviato al principio dei \u201960, l\u2019archivio fotografico e documentale di Guido Giannini raccoglie la memoria di un lungo segmento della storia sociale della citt\u00e0 di Napoli. Una storia letta sempre con quella visuale \u201cdal basso\u201d che \u00e8 tipica della cultura democratica, libertaria e antifascista napoletana, una cultura di cui Giannini \u00e8 un\u2019espressione importante. Coerente, non modaiolo, alieno dai revisionismi stolidi e interessati, dalle sponsorizzazioni e dalle investiture ufficiali, molto stimato negli ambienti intellettuali napoletani (hanno scritto di lui Luigi Compagnone, Nicola Pagliara, Ermanno Rea, Raffaele Messina, Gerardo Pedicini e tanti altri) ha mostrato, e mostra, come l\u2019occhio meccanico del fotografo pu\u00f2 aprirsi e scattare in piena sintonia con il suo occhio umano, con le passioni e le ragioni della partecipazione politica e della dignit\u00e0 civile.<\/p>\n<p style=\"text-align: right;\">(Luca Sorbo)<\/p>\n<p style=\"text-align: right;\">&nbsp;<\/p>\n","protected":false},"excerpt":{"rendered":"<p>Sabato&nbsp;17 dicembre&nbsp;2016, dalle&nbsp;ore 16:30 alle ore&nbsp;18:30, nell\u2019ambito della rassegna Incontri fotografici,&nbsp;Guido Giannini&nbsp;sar\u00e0 ospite alla Scuola di cinema e fotografia&nbsp;Pigrecoemme&nbsp;di Napoli per dar vita a un incontro in cui racconter\u00e0 la sua avvincente esperienza di&hellip;<\/p>\n","protected":false},"author":4,"featured_media":0,"comment_status":"open","ping_status":"open","sticky":false,"template":"","format":"standard","meta":{"_jetpack_newsletter_access":"","_jetpack_dont_email_post_to_subs":true,"_jetpack_newsletter_tier_id":0,"_jetpack_memberships_contains_paywalled_content":false,"_jetpack_feature_clip_id":0,"_jetpack_memberships_contains_paid_content":false,"footnotes":"","jetpack_post_was_ever_published":false},"categories":[11,21,1,1523,731],"tags":[1283,1776,370,69],"class_list":["post-1813","post","type-post","status-publish","format-standard","hentry","category-eventi","category-fotografia","category-generale","category-incontri-fotografici","category-segnalazioni","tag-fotografia","tag-guido-giannini","tag-incontri-fotografici","tag-luca-sorbo"],"yoast_head":"<!-- This site is optimized with the Yoast SEO plugin v28.3 - https:\/\/yoast.com\/product\/yoast-seo-wordpress\/ -->\n<title>Incontro col fotografo Guido Giannini. 17 dicembre 2016.<\/title>\n<meta name=\"description\" content=\"L\u2019incontro, fino a esaurimento posti, \u00e8 a ingresso gratuito. Scuola di cinema e fotografia Pigrecoemme, Napoli.\" \/>\n<meta name=\"robots\" content=\"index, follow, max-snippet:-1, max-image-preview:large, max-video-preview:-1\" \/>\n<link rel=\"canonical\" href=\"https:\/\/www.pigrecoemme.com\/blog\/incontro-col-fotografo-guido-giannini\/\" \/>\n<meta property=\"og:locale\" content=\"it_IT\" \/>\n<meta property=\"og:type\" content=\"article\" \/>\n<meta property=\"og:title\" content=\"Incontro col fotografo Guido Giannini. 17 dicembre 2016.\" \/>\n<meta property=\"og:description\" content=\"L\u2019incontro, fino a esaurimento posti, \u00e8 a ingresso gratuito. Scuola di cinema e fotografia Pigrecoemme, Napoli.\" \/>\n<meta property=\"og:url\" content=\"https:\/\/www.pigrecoemme.com\/blog\/incontro-col-fotografo-guido-giannini\/\" \/>\n<meta property=\"og:site_name\" content=\"Scuola di Cinema Pigrecoemme - Blog\" \/>\n<meta property=\"article:publisher\" content=\"https:\/\/www.facebook.com\/pigrecoemme\" \/>\n<meta property=\"article:author\" content=\"https:\/\/www.facebook.com\/pigrecoemme\" \/>\n<meta property=\"article:published_time\" content=\"2016-12-03T13:53:26+00:00\" \/>\n<meta property=\"article:modified_time\" content=\"2016-12-09T12:27:33+00:00\" \/>\n<meta property=\"og:image\" content=\"https:\/\/www.pigrecoemme.com\/blog\/wp-content\/uploads\/2016\/12\/guido-giannini-fotografo.jpg\" \/>\n\t<meta property=\"og:image:width\" content=\"484\" \/>\n\t<meta property=\"og:image:height\" content=\"252\" \/>\n\t<meta property=\"og:image:type\" content=\"image\/jpeg\" \/>\n<meta name=\"author\" content=\"Pigrecoemme\" \/>\n<meta name=\"twitter:card\" content=\"summary_large_image\" \/>\n<meta name=\"twitter:creator\" content=\"@Pigrecoemme\" \/>\n<meta name=\"twitter:site\" content=\"@Pigrecoemme\" \/>\n<meta name=\"twitter:label1\" content=\"Scritto da\" \/>\n\t<meta name=\"twitter:data1\" content=\"Pigrecoemme\" \/>\n\t<meta name=\"twitter:label2\" content=\"Tempo di lettura stimato\" \/>\n\t<meta name=\"twitter:data2\" content=\"2 minuti\" \/>\n<script type=\"application\/ld+json\" class=\"yoast-schema-graph\">{\"@context\":\"https:\\\/\\\/schema.org\",\"@graph\":[{\"@type\":[\"Article\",\"BlogPosting\"],\"@id\":\"https:\\\/\\\/www.pigrecoemme.com\\\/blog\\\/incontro-col-fotografo-guido-giannini\\\/#article\",\"isPartOf\":{\"@id\":\"https:\\\/\\\/www.pigrecoemme.com\\\/blog\\\/incontro-col-fotografo-guido-giannini\\\/\"},\"author\":{\"name\":\"Pigrecoemme\",\"@id\":\"https:\\\/\\\/www.pigrecoemme.com\\\/blog\\\/#\\\/schema\\\/person\\\/8996ab5bfa68cec611b330ae4a389d44\"},\"headline\":\"Incontro col fotografo Guido Giannini. 17 dicembre 2016.\",\"datePublished\":\"2016-12-03T13:53:26+00:00\",\"dateModified\":\"2016-12-09T12:27:33+00:00\",\"mainEntityOfPage\":{\"@id\":\"https:\\\/\\\/www.pigrecoemme.com\\\/blog\\\/incontro-col-fotografo-guido-giannini\\\/\"},\"wordCount\":505,\"commentCount\":2,\"publisher\":{\"@id\":\"https:\\\/\\\/www.pigrecoemme.com\\\/blog\\\/#organization\"},\"image\":{\"@id\":\"https:\\\/\\\/www.pigrecoemme.com\\\/blog\\\/incontro-col-fotografo-guido-giannini\\\/#primaryimage\"},\"thumbnailUrl\":\"http:\\\/\\\/www.pigrecoemme.com\\\/blog\\\/wp-content\\\/uploads\\\/2016\\\/12\\\/guido-giannini-fotografo.jpg\",\"keywords\":[\"fotografia\",\"guido giannini\",\"incontri fotografici\",\"luca sorbo\"],\"articleSection\":[\"Eventi\",\"Fotografia\",\"Generale\",\"Incontri fotografici\",\"Segnalazioni\"],\"inLanguage\":\"it-IT\",\"potentialAction\":[{\"@type\":\"CommentAction\",\"name\":\"Comment\",\"target\":[\"https:\\\/\\\/www.pigrecoemme.com\\\/blog\\\/incontro-col-fotografo-guido-giannini\\\/#respond\"]}]},{\"@type\":\"WebPage\",\"@id\":\"https:\\\/\\\/www.pigrecoemme.com\\\/blog\\\/incontro-col-fotografo-guido-giannini\\\/\",\"url\":\"https:\\\/\\\/www.pigrecoemme.com\\\/blog\\\/incontro-col-fotografo-guido-giannini\\\/\",\"name\":\"Incontro col fotografo Guido Giannini. 17 dicembre 2016.\",\"isPartOf\":{\"@id\":\"https:\\\/\\\/www.pigrecoemme.com\\\/blog\\\/#website\"},\"primaryImageOfPage\":{\"@id\":\"https:\\\/\\\/www.pigrecoemme.com\\\/blog\\\/incontro-col-fotografo-guido-giannini\\\/#primaryimage\"},\"image\":{\"@id\":\"https:\\\/\\\/www.pigrecoemme.com\\\/blog\\\/incontro-col-fotografo-guido-giannini\\\/#primaryimage\"},\"thumbnailUrl\":\"http:\\\/\\\/www.pigrecoemme.com\\\/blog\\\/wp-content\\\/uploads\\\/2016\\\/12\\\/guido-giannini-fotografo.jpg\",\"datePublished\":\"2016-12-03T13:53:26+00:00\",\"dateModified\":\"2016-12-09T12:27:33+00:00\",\"description\":\"L\u2019incontro, fino a esaurimento posti, \u00e8 a ingresso gratuito. Scuola di cinema e fotografia Pigrecoemme, Napoli.\",\"breadcrumb\":{\"@id\":\"https:\\\/\\\/www.pigrecoemme.com\\\/blog\\\/incontro-col-fotografo-guido-giannini\\\/#breadcrumb\"},\"inLanguage\":\"it-IT\",\"potentialAction\":[{\"@type\":\"ReadAction\",\"target\":[\"https:\\\/\\\/www.pigrecoemme.com\\\/blog\\\/incontro-col-fotografo-guido-giannini\\\/\"]}]},{\"@type\":\"ImageObject\",\"inLanguage\":\"it-IT\",\"@id\":\"https:\\\/\\\/www.pigrecoemme.com\\\/blog\\\/incontro-col-fotografo-guido-giannini\\\/#primaryimage\",\"url\":\"http:\\\/\\\/www.pigrecoemme.com\\\/blog\\\/wp-content\\\/uploads\\\/2016\\\/12\\\/guido-giannini-fotografo.jpg\",\"contentUrl\":\"http:\\\/\\\/www.pigrecoemme.com\\\/blog\\\/wp-content\\\/uploads\\\/2016\\\/12\\\/guido-giannini-fotografo.jpg\"},{\"@type\":\"BreadcrumbList\",\"@id\":\"https:\\\/\\\/www.pigrecoemme.com\\\/blog\\\/incontro-col-fotografo-guido-giannini\\\/#breadcrumb\",\"itemListElement\":[{\"@type\":\"ListItem\",\"position\":1,\"name\":\"Home\",\"item\":\"https:\\\/\\\/www.pigrecoemme.com\\\/blog\\\/\"},{\"@type\":\"ListItem\",\"position\":2,\"name\":\"Incontro col fotografo Guido Giannini. 17 dicembre 2016.\"}]},{\"@type\":\"WebSite\",\"@id\":\"https:\\\/\\\/www.pigrecoemme.com\\\/blog\\\/#website\",\"url\":\"https:\\\/\\\/www.pigrecoemme.com\\\/blog\\\/\",\"name\":\"Scuola di Cinema Pigrecoemme - Blog\",\"description\":\"Siamo la prima Scuola di Cinema e Fotografia di Napoli\",\"publisher\":{\"@id\":\"https:\\\/\\\/www.pigrecoemme.com\\\/blog\\\/#organization\"},\"potentialAction\":[{\"@type\":\"SearchAction\",\"target\":{\"@type\":\"EntryPoint\",\"urlTemplate\":\"https:\\\/\\\/www.pigrecoemme.com\\\/blog\\\/?s={search_term_string}\"},\"query-input\":{\"@type\":\"PropertyValueSpecification\",\"valueRequired\":true,\"valueName\":\"search_term_string\"}}],\"inLanguage\":\"it-IT\"},{\"@type\":\"Organization\",\"@id\":\"https:\\\/\\\/www.pigrecoemme.com\\\/blog\\\/#organization\",\"name\":\"Scuola di cinema e fotografia Pigrecoemme\",\"url\":\"https:\\\/\\\/www.pigrecoemme.com\\\/blog\\\/\",\"logo\":{\"@type\":\"ImageObject\",\"inLanguage\":\"it-IT\",\"@id\":\"https:\\\/\\\/www.pigrecoemme.com\\\/blog\\\/#\\\/schema\\\/logo\\\/image\\\/\",\"url\":\"https:\\\/\\\/i0.wp.com\\\/www.pigrecoemme.com\\\/blog\\\/wp-content\\\/uploads\\\/2018\\\/06\\\/logo-pigrecoemme-2018.png?fit=500%2C500&ssl=1\",\"contentUrl\":\"https:\\\/\\\/i0.wp.com\\\/www.pigrecoemme.com\\\/blog\\\/wp-content\\\/uploads\\\/2018\\\/06\\\/logo-pigrecoemme-2018.png?fit=500%2C500&ssl=1\",\"width\":500,\"height\":500,\"caption\":\"Scuola di cinema e fotografia Pigrecoemme\"},\"image\":{\"@id\":\"https:\\\/\\\/www.pigrecoemme.com\\\/blog\\\/#\\\/schema\\\/logo\\\/image\\\/\"},\"sameAs\":[\"https:\\\/\\\/www.facebook.com\\\/pigrecoemme\",\"https:\\\/\\\/x.com\\\/Pigrecoemme\",\"https:\\\/\\\/www.instagram.com\\\/pigrecoemme\\\/\",\"https:\\\/\\\/www.linkedin.com\\\/company\\\/pigrecoemme\\\/\",\"https:\\\/\\\/www.youtube.com\\\/pigrecoemme\"]},{\"@type\":\"Person\",\"@id\":\"https:\\\/\\\/www.pigrecoemme.com\\\/blog\\\/#\\\/schema\\\/person\\\/8996ab5bfa68cec611b330ae4a389d44\",\"name\":\"Pigrecoemme\",\"image\":{\"@type\":\"ImageObject\",\"inLanguage\":\"it-IT\",\"@id\":\"https:\\\/\\\/secure.gravatar.com\\\/avatar\\\/541a562fed7df6fa49262cb93f0f1135b8432ec77a1bc64fdb808f64f2a8287d?s=96&r=g\",\"url\":\"https:\\\/\\\/secure.gravatar.com\\\/avatar\\\/541a562fed7df6fa49262cb93f0f1135b8432ec77a1bc64fdb808f64f2a8287d?s=96&r=g\",\"contentUrl\":\"https:\\\/\\\/secure.gravatar.com\\\/avatar\\\/541a562fed7df6fa49262cb93f0f1135b8432ec77a1bc64fdb808f64f2a8287d?s=96&r=g\",\"caption\":\"Pigrecoemme\"},\"description\":\"Profilo redazionale. Pigrecoemme \u00e8 la prima scuola di cinema, televisione e fotografia di Napoli.\",\"sameAs\":[\"http:\\\/\\\/www.pigrecoemme.com\\\/\",\"https:\\\/\\\/www.facebook.com\\\/pigrecoemme\"],\"url\":\"https:\\\/\\\/www.pigrecoemme.com\\\/blog\\\/author\\\/pigrecoemme\\\/\"}]}<\/script>\n<!-- \/ Yoast SEO plugin. -->","yoast_head_json":{"title":"Incontro col fotografo Guido Giannini. 17 dicembre 2016.","description":"L\u2019incontro, fino a esaurimento posti, \u00e8 a ingresso gratuito. Scuola di cinema e fotografia Pigrecoemme, Napoli.","robots":{"index":"index","follow":"follow","max-snippet":"max-snippet:-1","max-image-preview":"max-image-preview:large","max-video-preview":"max-video-preview:-1"},"canonical":"https:\/\/www.pigrecoemme.com\/blog\/incontro-col-fotografo-guido-giannini\/","og_locale":"it_IT","og_type":"article","og_title":"Incontro col fotografo Guido Giannini. 17 dicembre 2016.","og_description":"L\u2019incontro, fino a esaurimento posti, \u00e8 a ingresso gratuito. Scuola di cinema e fotografia Pigrecoemme, Napoli.","og_url":"https:\/\/www.pigrecoemme.com\/blog\/incontro-col-fotografo-guido-giannini\/","og_site_name":"Scuola di Cinema Pigrecoemme - Blog","article_publisher":"https:\/\/www.facebook.com\/pigrecoemme","article_author":"https:\/\/www.facebook.com\/pigrecoemme","article_published_time":"2016-12-03T13:53:26+00:00","article_modified_time":"2016-12-09T12:27:33+00:00","og_image":[{"width":484,"height":252,"url":"https:\/\/www.pigrecoemme.com\/blog\/wp-content\/uploads\/2016\/12\/guido-giannini-fotografo.jpg","type":"image\/jpeg"}],"author":"Pigrecoemme","twitter_card":"summary_large_image","twitter_creator":"@Pigrecoemme","twitter_site":"@Pigrecoemme","twitter_misc":{"Scritto da":"Pigrecoemme","Tempo di lettura stimato":"2 minuti"},"schema":{"@context":"https:\/\/schema.org","@graph":[{"@type":["Article","BlogPosting"],"@id":"https:\/\/www.pigrecoemme.com\/blog\/incontro-col-fotografo-guido-giannini\/#article","isPartOf":{"@id":"https:\/\/www.pigrecoemme.com\/blog\/incontro-col-fotografo-guido-giannini\/"},"author":{"name":"Pigrecoemme","@id":"https:\/\/www.pigrecoemme.com\/blog\/#\/schema\/person\/8996ab5bfa68cec611b330ae4a389d44"},"headline":"Incontro col fotografo Guido Giannini. 17 dicembre 2016.","datePublished":"2016-12-03T13:53:26+00:00","dateModified":"2016-12-09T12:27:33+00:00","mainEntityOfPage":{"@id":"https:\/\/www.pigrecoemme.com\/blog\/incontro-col-fotografo-guido-giannini\/"},"wordCount":505,"commentCount":2,"publisher":{"@id":"https:\/\/www.pigrecoemme.com\/blog\/#organization"},"image":{"@id":"https:\/\/www.pigrecoemme.com\/blog\/incontro-col-fotografo-guido-giannini\/#primaryimage"},"thumbnailUrl":"http:\/\/www.pigrecoemme.com\/blog\/wp-content\/uploads\/2016\/12\/guido-giannini-fotografo.jpg","keywords":["fotografia","guido giannini","incontri fotografici","luca sorbo"],"articleSection":["Eventi","Fotografia","Generale","Incontri fotografici","Segnalazioni"],"inLanguage":"it-IT","potentialAction":[{"@type":"CommentAction","name":"Comment","target":["https:\/\/www.pigrecoemme.com\/blog\/incontro-col-fotografo-guido-giannini\/#respond"]}]},{"@type":"WebPage","@id":"https:\/\/www.pigrecoemme.com\/blog\/incontro-col-fotografo-guido-giannini\/","url":"https:\/\/www.pigrecoemme.com\/blog\/incontro-col-fotografo-guido-giannini\/","name":"Incontro col fotografo Guido Giannini. 17 dicembre 2016.","isPartOf":{"@id":"https:\/\/www.pigrecoemme.com\/blog\/#website"},"primaryImageOfPage":{"@id":"https:\/\/www.pigrecoemme.com\/blog\/incontro-col-fotografo-guido-giannini\/#primaryimage"},"image":{"@id":"https:\/\/www.pigrecoemme.com\/blog\/incontro-col-fotografo-guido-giannini\/#primaryimage"},"thumbnailUrl":"http:\/\/www.pigrecoemme.com\/blog\/wp-content\/uploads\/2016\/12\/guido-giannini-fotografo.jpg","datePublished":"2016-12-03T13:53:26+00:00","dateModified":"2016-12-09T12:27:33+00:00","description":"L\u2019incontro, fino a esaurimento posti, \u00e8 a ingresso gratuito. Scuola di cinema e fotografia Pigrecoemme, Napoli.","breadcrumb":{"@id":"https:\/\/www.pigrecoemme.com\/blog\/incontro-col-fotografo-guido-giannini\/#breadcrumb"},"inLanguage":"it-IT","potentialAction":[{"@type":"ReadAction","target":["https:\/\/www.pigrecoemme.com\/blog\/incontro-col-fotografo-guido-giannini\/"]}]},{"@type":"ImageObject","inLanguage":"it-IT","@id":"https:\/\/www.pigrecoemme.com\/blog\/incontro-col-fotografo-guido-giannini\/#primaryimage","url":"http:\/\/www.pigrecoemme.com\/blog\/wp-content\/uploads\/2016\/12\/guido-giannini-fotografo.jpg","contentUrl":"http:\/\/www.pigrecoemme.com\/blog\/wp-content\/uploads\/2016\/12\/guido-giannini-fotografo.jpg"},{"@type":"BreadcrumbList","@id":"https:\/\/www.pigrecoemme.com\/blog\/incontro-col-fotografo-guido-giannini\/#breadcrumb","itemListElement":[{"@type":"ListItem","position":1,"name":"Home","item":"https:\/\/www.pigrecoemme.com\/blog\/"},{"@type":"ListItem","position":2,"name":"Incontro col fotografo Guido Giannini. 17 dicembre 2016."}]},{"@type":"WebSite","@id":"https:\/\/www.pigrecoemme.com\/blog\/#website","url":"https:\/\/www.pigrecoemme.com\/blog\/","name":"Scuola di Cinema Pigrecoemme - Blog","description":"Siamo la prima Scuola di Cinema e Fotografia di Napoli","publisher":{"@id":"https:\/\/www.pigrecoemme.com\/blog\/#organization"},"potentialAction":[{"@type":"SearchAction","target":{"@type":"EntryPoint","urlTemplate":"https:\/\/www.pigrecoemme.com\/blog\/?s={search_term_string}"},"query-input":{"@type":"PropertyValueSpecification","valueRequired":true,"valueName":"search_term_string"}}],"inLanguage":"it-IT"},{"@type":"Organization","@id":"https:\/\/www.pigrecoemme.com\/blog\/#organization","name":"Scuola di cinema e fotografia Pigrecoemme","url":"https:\/\/www.pigrecoemme.com\/blog\/","logo":{"@type":"ImageObject","inLanguage":"it-IT","@id":"https:\/\/www.pigrecoemme.com\/blog\/#\/schema\/logo\/image\/","url":"https:\/\/i0.wp.com\/www.pigrecoemme.com\/blog\/wp-content\/uploads\/2018\/06\/logo-pigrecoemme-2018.png?fit=500%2C500&ssl=1","contentUrl":"https:\/\/i0.wp.com\/www.pigrecoemme.com\/blog\/wp-content\/uploads\/2018\/06\/logo-pigrecoemme-2018.png?fit=500%2C500&ssl=1","width":500,"height":500,"caption":"Scuola di cinema e fotografia Pigrecoemme"},"image":{"@id":"https:\/\/www.pigrecoemme.com\/blog\/#\/schema\/logo\/image\/"},"sameAs":["https:\/\/www.facebook.com\/pigrecoemme","https:\/\/x.com\/Pigrecoemme","https:\/\/www.instagram.com\/pigrecoemme\/","https:\/\/www.linkedin.com\/company\/pigrecoemme\/","https:\/\/www.youtube.com\/pigrecoemme"]},{"@type":"Person","@id":"https:\/\/www.pigrecoemme.com\/blog\/#\/schema\/person\/8996ab5bfa68cec611b330ae4a389d44","name":"Pigrecoemme","image":{"@type":"ImageObject","inLanguage":"it-IT","@id":"https:\/\/secure.gravatar.com\/avatar\/541a562fed7df6fa49262cb93f0f1135b8432ec77a1bc64fdb808f64f2a8287d?s=96&r=g","url":"https:\/\/secure.gravatar.com\/avatar\/541a562fed7df6fa49262cb93f0f1135b8432ec77a1bc64fdb808f64f2a8287d?s=96&r=g","contentUrl":"https:\/\/secure.gravatar.com\/avatar\/541a562fed7df6fa49262cb93f0f1135b8432ec77a1bc64fdb808f64f2a8287d?s=96&r=g","caption":"Pigrecoemme"},"description":"Profilo redazionale. Pigrecoemme \u00e8 la prima scuola di cinema, televisione e fotografia di Napoli.","sameAs":["http:\/\/www.pigrecoemme.com\/","https:\/\/www.facebook.com\/pigrecoemme"],"url":"https:\/\/www.pigrecoemme.com\/blog\/author\/pigrecoemme\/"}]}},"jetpack_sharing_enabled":true,"jetpack_likes_enabled":true,"jetpack-related-posts":[{"id":2003,"url":"https:\/\/www.pigrecoemme.com\/blog\/scegliere-lattrezzatura-fotografica-un-incontro-aperto\/","url_meta":{"origin":1813,"position":0},"title":"Come scegliere l&#8217;attrezzatura fotografica? Un incontro aperto.","author":"Pigrecoemme","date":"16 Novembre 2017","format":false,"excerpt":"Sabato 16 dicembre 2017 alle ore 16:00 presso la sede della Pigrecoemme (Piazza Portanova 11, a Napoli) Luca Sorbo, docente all'Accademia di Belle Arti napoletana e curatore dei nostri corsi di fotografia, dar\u00e0 degli utili consigli su come scegliere e valutare la migliore attrezzatura fotografica per esaltare la propria creativit\u00e0.\u00a0\u2026","rel":"","context":"In &quot;Fotografia&quot;","block_context":{"text":"Fotografia","link":"https:\/\/www.pigrecoemme.com\/blog\/fotografia\/"},"img":{"alt_text":"Quale fotocamera scegliere?","src":"https:\/\/i0.wp.com\/www.pigrecoemme.com\/blog\/wp-content\/uploads\/2017\/11\/come.scegliere-atterzzatura-fotografica.png?resize=350%2C200","width":350,"height":200},"classes":[]},{"id":2068,"url":"https:\/\/www.pigrecoemme.com\/blog\/incontro-fotografico-con-salvatore-di-vilio\/","url_meta":{"origin":1813,"position":1},"title":"Incontro fotografico con Salvatore di Vilio alla Pigrecoemme.","author":"Pigrecoemme","date":"15 Marzo 2018","format":false,"excerpt":"Sabato 17 marzo 2018 alle ore 16:00 Luca Sorbo, docente all'Accademia di Belle Arti di Napoli e coordinatore dei nostri corsi di fotografia, incontrer\u00e0 alla Pigrecoemme, uno dei fotografi pi\u00f9 interessanti del panorama campano e nazionale. Sar\u00e0 questa un'occasione per ripercorrere la sua vicenda professionale e artistica, impreziosita da collaborazioni\u2026","rel":"","context":"In &quot;Eventi&quot;","block_context":{"text":"Eventi","link":"https:\/\/www.pigrecoemme.com\/blog\/eventi\/"},"img":{"alt_text":"Salvatore Di Vilio","src":"https:\/\/i0.wp.com\/www.pigrecoemme.com\/blog\/wp-content\/uploads\/2018\/03\/salvatore-di-vilio-incontro.jpg?resize=350%2C200","width":350,"height":200,"srcset":"https:\/\/i0.wp.com\/www.pigrecoemme.com\/blog\/wp-content\/uploads\/2018\/03\/salvatore-di-vilio-incontro.jpg?resize=350%2C200 1x, https:\/\/i0.wp.com\/www.pigrecoemme.com\/blog\/wp-content\/uploads\/2018\/03\/salvatore-di-vilio-incontro.jpg?resize=525%2C300 1.5x, https:\/\/i0.wp.com\/www.pigrecoemme.com\/blog\/wp-content\/uploads\/2018\/03\/salvatore-di-vilio-incontro.jpg?resize=700%2C400 2x"},"classes":[]},{"id":492,"url":"https:\/\/www.pigrecoemme.com\/blog\/sabato-21-aprile-aniello-barone-terra-un-incontro-lezione-gratuito-sulla-fotografia\/","url_meta":{"origin":1813,"position":2},"title":"Sabato 21 aprile Aniello Barone terr\u00e0 un incontro-lezione gratuito sulla fotografia","author":"Corrado Morra","date":"17 Aprile 2012","format":false,"excerpt":"Continuano, alla Scuola di cinema e fotografia Pigrecoemme di Napoli, gli incontri dedicati ai grandi fotografi. Sabato 21 aprile 2012, Aniello Barone sar\u00e0, cos\u00ec, negli spazi di Piazza Portanova, per un incontro-lezione, che avr\u00e0 il compito di tracciare le linee principali del suo affascinante percorso artistico e professionale. L\u2019appuntamento, dalle\u2026","rel":"","context":"In &quot;Eventi&quot;","block_context":{"text":"Eventi","link":"https:\/\/www.pigrecoemme.com\/blog\/eventi\/"},"img":{"alt_text":"","src":"https:\/\/i0.wp.com\/www.pigrecoemme.com\/blog\/wp-content\/uploads\/2012\/04\/aniello-barone1-300x200.jpg?resize=350%2C200","width":350,"height":200},"classes":[]},{"id":1463,"url":"https:\/\/www.pigrecoemme.com\/blog\/diventare-fotografo\/","url_meta":{"origin":1813,"position":3},"title":"Diventare fotografo. Un incontro gratuito","author":"Corrado Morra","date":"15 Settembre 2015","format":false,"excerpt":"Gioved\u00ec 1\u00b0 ottobre, dalle ore 16:00 alle 18:00, alla Pigrecoemme, si terr\u00e0\u00a0un incontro di orientamento su come entrare nel mondo della fotografia, un'arte da sempre sospesa tra passione e professione. L'incontro \u00e8 a cura di Luca Sorbo, responsabile dei corsi di Fotografia della Pigrecoemme e docente all\u2019Accademia di Belle Arti\u2026","rel":"","context":"In &quot;Eventi&quot;","block_context":{"text":"Eventi","link":"https:\/\/www.pigrecoemme.com\/blog\/eventi\/"},"img":{"alt_text":"diventare-fotografo","src":"https:\/\/i0.wp.com\/www.pigrecoemme.com\/blog\/wp-content\/uploads\/2015\/09\/diventare-fotografo.jpg?resize=350%2C200","width":350,"height":200},"classes":[]},{"id":1740,"url":"https:\/\/www.pigrecoemme.com\/blog\/incontro-gratuito-gianni-fiorito-fotografo-scena\/","url_meta":{"origin":1813,"position":4},"title":"Incontro gratuito con Gianni Fiorito, fotografo di scena","author":"Pigrecoemme","date":"12 Settembre 2016","format":false,"excerpt":"Mercoled\u00ec 28 settembre 2016, dalle\u00a0ore 16:00 alle ore\u00a018:00, nell\u2019ambito della rassegna Incontri fotografici,\u00a0Gianni Fiorito sar\u00e0 ospite alla Scuola di cinema e fotografia\u00a0Pigrecoemme\u00a0di Napoli per dar vita a un incontro in cui racconter\u00e0 la sua avvincente esperienza di fotografo in grado di ricoprire ruoli di primissimo piano \u00a0nel reportage, nella fotografia\u2026","rel":"","context":"In &quot;Eventi&quot;","block_context":{"text":"Eventi","link":"https:\/\/www.pigrecoemme.com\/blog\/eventi\/"},"img":{"alt_text":"Un bacio - di Ivan Cotroneo","src":"https:\/\/i0.wp.com\/www.pigrecoemme.com\/blog\/wp-content\/uploads\/2016\/09\/un-bacio-1.jpg?resize=350%2C200","width":350,"height":200,"srcset":"https:\/\/i0.wp.com\/www.pigrecoemme.com\/blog\/wp-content\/uploads\/2016\/09\/un-bacio-1.jpg?resize=350%2C200 1x, https:\/\/i0.wp.com\/www.pigrecoemme.com\/blog\/wp-content\/uploads\/2016\/09\/un-bacio-1.jpg?resize=525%2C300 1.5x, https:\/\/i0.wp.com\/www.pigrecoemme.com\/blog\/wp-content\/uploads\/2016\/09\/un-bacio-1.jpg?resize=700%2C400 2x, https:\/\/i0.wp.com\/www.pigrecoemme.com\/blog\/wp-content\/uploads\/2016\/09\/un-bacio-1.jpg?resize=1050%2C600 3x, https:\/\/i0.wp.com\/www.pigrecoemme.com\/blog\/wp-content\/uploads\/2016\/09\/un-bacio-1.jpg?resize=1400%2C800 4x"},"classes":[]},{"id":454,"url":"https:\/\/www.pigrecoemme.com\/blog\/antonio-biasiucci-alla-pigrecoemme\/","url_meta":{"origin":1813,"position":5},"title":"Antonio Biasiucci alla Pigrecoemme","author":"Corrado Morra","date":"9 Gennaio 2012","format":false,"excerpt":"Aveva ragione Cesare de Seta, quando, gi\u00e0 nell'84, aveva scorto la matrice e gli esiti poetici della ricerca lirica del fotografo Antonio Biasiucci in una certa idea di mondo che si riscontra, in modo esemplare, nella pittura di Giorgio Morandi. Biasiucci, infatti, tra i fotografi degli ultimi anni, \u00e8 probabilmente,\u2026","rel":"","context":"In &quot;Eventi&quot;","block_context":{"text":"Eventi","link":"https:\/\/www.pigrecoemme.com\/blog\/eventi\/"},"img":{"alt_text":"","src":"https:\/\/i0.wp.com\/www.pigrecoemme.com\/blog\/wp-content\/uploads\/2012\/01\/ex-voto-di-antonio-biasiucci-300x298.jpg?resize=350%2C200","width":350,"height":200},"classes":[]}],"jetpack_featured_media_url":"","_links":{"self":[{"href":"https:\/\/www.pigrecoemme.com\/blog\/wp-json\/wp\/v2\/posts\/1813","targetHints":{"allow":["GET"]}}],"collection":[{"href":"https:\/\/www.pigrecoemme.com\/blog\/wp-json\/wp\/v2\/posts"}],"about":[{"href":"https:\/\/www.pigrecoemme.com\/blog\/wp-json\/wp\/v2\/types\/post"}],"author":[{"embeddable":true,"href":"https:\/\/www.pigrecoemme.com\/blog\/wp-json\/wp\/v2\/users\/4"}],"replies":[{"embeddable":true,"href":"https:\/\/www.pigrecoemme.com\/blog\/wp-json\/wp\/v2\/comments?post=1813"}],"version-history":[{"count":0,"href":"https:\/\/www.pigrecoemme.com\/blog\/wp-json\/wp\/v2\/posts\/1813\/revisions"}],"wp:attachment":[{"href":"https:\/\/www.pigrecoemme.com\/blog\/wp-json\/wp\/v2\/media?parent=1813"}],"wp:term":[{"taxonomy":"category","embeddable":true,"href":"https:\/\/www.pigrecoemme.com\/blog\/wp-json\/wp\/v2\/categories?post=1813"},{"taxonomy":"post_tag","embeddable":true,"href":"https:\/\/www.pigrecoemme.com\/blog\/wp-json\/wp\/v2\/tags?post=1813"}],"curies":[{"name":"wp","href":"https:\/\/api.w.org\/{rel}","templated":true}]}}