{"id":18,"date":"2007-10-26T17:29:03","date_gmt":"2007-10-26T15:29:03","guid":{"rendered":"http:\/\/www.pigrecoemme.com\/blog\/salvatore-piscicelli-incontro-al-pan-il-prossimo-30-ottobre\/"},"modified":"2015-01-09T00:52:09","modified_gmt":"2015-01-08T23:52:09","slug":"salvatore-piscicelli-incontro-al-pan-il-prossimo-30-ottobre","status":"publish","type":"post","link":"https:\/\/www.pigrecoemme.com\/blog\/salvatore-piscicelli-incontro-al-pan-il-prossimo-30-ottobre\/","title":{"rendered":"Salvatore Piscicelli: incontro al PAN il prossimo 30 ottobre"},"content":{"rendered":"<p><a href=\"http:\/\/www.flickr.com\/photos\/scuola-di-cinema\/1759582031\/\" title=\"Clicca Per Ingrandire\"><img data-recalc-dims=\"1\" loading=\"lazy\" decoding=\"async\" src=\"https:\/\/i0.wp.com\/farm3.static.flickr.com\/2199\/1759582031_8fe3c14b09_m.jpg?resize=240%2C239\" style=\"float: left\" alt=\"Invito incontro Piscicelli\" height=\"239\" width=\"240\" \/><\/a>Sulla scia del successo del recente ciclo d&#8217;incontri <a href=\"http:\/\/www.pigrecoemme.com\/forum\/index.php?showtopic=10265\">I film della mia vita<\/a>, continuano gli appuntamenti sul cinema e sui suoi protagonisti della Mediateca S. Sofia: il prossimo marted\u00ec 30 ottobre sar\u00e0, infatti, <a href=\"http:\/\/imdb.com\/name\/nm0685454\/\">Salvatore Piscicelli<\/a> l&#8217;ospite di un interessante incontro al Pan in cui il regista napoletano, accompagnato dal critico cinematografico Alberto Castellano e dal responsabile della Mediateca Francesco Napolitano, racconter\u00e0 il suo cinema ed i suoi progetti. Un cinema che ha tanto ancora da raccontare e \u201cinsegnare\u201d fatto com&#8217;\u00e8 di materia attualissima e vitale (Napoli, il suo degrado morale, la forza del sogno, la necessit\u00e0 della dignit\u00e0 e dell&#8217;etica) sempre in equilibrio tra introspezione psicologica ed impegno sociale, e retto ora dal rigore cinefilo ora dall&#8217;alea magica ed imperscrutabile del genio.<br \/>\nL&#8217;occasione per fare il punto su tutto questo \u00e8 data dalla presentazione in DVD dell&#8217;esordio al cinema di Piscicelli, quell&#8217;<em>Immacolata e Concetta<\/em> &#8211; L&#8217;altra gelosia che, sul finire dei convulsi anni Settanta, fece gridare allo scandalo mezza Italia, e che, ancor oggi, segna una delle pi\u00f9 intense interpretazioni di Ida Di Benedetto.<br \/>\n<strong> L&#8217;appuntamento, allora, \u00e8 al Pan &#8211; Palazzo delle arti di Napoli, Via dei Mille 60, marted\u00ec 30 ottobre alle ore 18, con ingresso libero fino ad esaurimento posti.<\/strong><br \/>\nL&#8217;evento \u00e8 a cura della Mediateca S. Sofia, Assessorato alle Politiche Giovanili &#8211; Servizio Giovani del Comune di Napoli, in collaborazione con la <a href=\"http:\/\/www.pigrecoemme.com\/\">Scuola di cinema Pigrecoemme<\/a> di Napoli.<\/p>\n<p>Immacolata e Concetta &#8211; L\u2019altra Gelosia. Il DVD, in uscita dalla RHV, presenta, con interessanti contenuti extra, il coraggiosissimo film d&#8217;esordio di Piscicelli (1980).  \u201cImmacolata e Concetta\u201d, infatti, in un contesto narrativo che cita esplicitamente gli umori torvi e sanguigni e le figure convenzionali della sceneggiata napoletana, scandaglia la storia d&#8217;amore tra due donne che, conosciutesi in carcere, a dispetto della gente e di un contesto sociale violento e degradato, portano avanti con coraggio eroico la passione e la dignit\u00e0 del loro sentimento.<\/p>\n","protected":false},"excerpt":{"rendered":"<p>Sulla scia del successo del recente ciclo d&#8217;incontri I film della mia vita, continuano gli appuntamenti sul cinema e sui suoi protagonisti della Mediateca S. Sofia: il prossimo marted\u00ec 30 ottobre sar\u00e0, infatti, Salvatore&hellip;<\/p>\n","protected":false},"author":1,"featured_media":0,"comment_status":"open","ping_status":"open","sticky":false,"template":"","format":"standard","meta":{"_jetpack_newsletter_access":"","_jetpack_dont_email_post_to_subs":false,"_jetpack_newsletter_tier_id":0,"_jetpack_memberships_contains_paywalled_content":false,"_jetpack_feature_clip_id":0,"_jetpack_memberships_contains_paid_content":false,"footnotes":"","jetpack_post_was_ever_published":false},"categories":[11,1],"tags":[14,45,15,44],"class_list":["post-18","post","type-post","status-publish","format-standard","hentry","category-eventi","category-generale","tag-i-film-della-mia-vita","tag-immacolata-e-concetta","tag-pan","tag-salvatore-piscicelli"],"yoast_head":"<!-- This site is optimized with the Yoast SEO plugin v28.3 - https:\/\/yoast.com\/product\/yoast-seo-wordpress\/ -->\n<title>Salvatore Piscicelli: incontro al PAN il prossimo 30 ottobre<\/title>\n<meta name=\"robots\" content=\"index, follow, max-snippet:-1, max-image-preview:large, max-video-preview:-1\" \/>\n<link rel=\"canonical\" href=\"https:\/\/www.pigrecoemme.com\/blog\/salvatore-piscicelli-incontro-al-pan-il-prossimo-30-ottobre\/\" \/>\n<meta property=\"og:locale\" content=\"it_IT\" \/>\n<meta property=\"og:type\" content=\"article\" \/>\n<meta property=\"og:title\" content=\"Salvatore Piscicelli: incontro al PAN il prossimo 30 ottobre\" \/>\n<meta property=\"og:description\" content=\"Sulla scia del successo del recente ciclo d&#8217;incontri I film della mia vita, continuano gli appuntamenti sul cinema e sui suoi protagonisti della Mediateca S. Sofia: il prossimo marted\u00ec 30 ottobre sar\u00e0, infatti, Salvatore&hellip;\" \/>\n<meta property=\"og:url\" content=\"https:\/\/www.pigrecoemme.com\/blog\/salvatore-piscicelli-incontro-al-pan-il-prossimo-30-ottobre\/\" \/>\n<meta property=\"og:site_name\" content=\"Scuola di Cinema Pigrecoemme - Blog\" \/>\n<meta property=\"article:publisher\" content=\"https:\/\/www.facebook.com\/pigrecoemme\" \/>\n<meta property=\"article:author\" content=\"https:\/\/www.facebook.com\/giacomo.fabbrocino\" \/>\n<meta property=\"article:published_time\" content=\"2007-10-26T15:29:03+00:00\" \/>\n<meta property=\"article:modified_time\" content=\"2015-01-08T23:52:09+00:00\" \/>\n<meta property=\"og:image\" content=\"http:\/\/farm3.static.flickr.com\/2199\/1759582031_8fe3c14b09_m.jpg\" \/>\n<meta name=\"author\" content=\"Giacomo Fabbrocino\" \/>\n<meta name=\"twitter:card\" content=\"summary_large_image\" \/>\n<meta name=\"twitter:creator\" content=\"@Pigrecoemme\" \/>\n<meta name=\"twitter:site\" content=\"@Pigrecoemme\" \/>\n<meta name=\"twitter:label1\" content=\"Scritto da\" \/>\n\t<meta name=\"twitter:data1\" content=\"Giacomo Fabbrocino\" \/>\n\t<meta name=\"twitter:label2\" content=\"Tempo di lettura stimato\" \/>\n\t<meta name=\"twitter:data2\" content=\"2 minuti\" \/>\n<script type=\"application\/ld+json\" class=\"yoast-schema-graph\">{\"@context\":\"https:\\\/\\\/schema.org\",\"@graph\":[{\"@type\":[\"Article\",\"BlogPosting\"],\"@id\":\"https:\\\/\\\/www.pigrecoemme.com\\\/blog\\\/salvatore-piscicelli-incontro-al-pan-il-prossimo-30-ottobre\\\/#article\",\"isPartOf\":{\"@id\":\"https:\\\/\\\/www.pigrecoemme.com\\\/blog\\\/salvatore-piscicelli-incontro-al-pan-il-prossimo-30-ottobre\\\/\"},\"author\":{\"name\":\"Giacomo Fabbrocino\",\"@id\":\"https:\\\/\\\/www.pigrecoemme.com\\\/blog\\\/#\\\/schema\\\/person\\\/57fa822c3d209d3a2612fd0411ae63f4\"},\"headline\":\"Salvatore Piscicelli: incontro al PAN il prossimo 30 ottobre\",\"datePublished\":\"2007-10-26T15:29:03+00:00\",\"dateModified\":\"2015-01-08T23:52:09+00:00\",\"mainEntityOfPage\":{\"@id\":\"https:\\\/\\\/www.pigrecoemme.com\\\/blog\\\/salvatore-piscicelli-incontro-al-pan-il-prossimo-30-ottobre\\\/\"},\"wordCount\":327,\"commentCount\":2,\"publisher\":{\"@id\":\"https:\\\/\\\/www.pigrecoemme.com\\\/blog\\\/#organization\"},\"image\":{\"@id\":\"https:\\\/\\\/www.pigrecoemme.com\\\/blog\\\/salvatore-piscicelli-incontro-al-pan-il-prossimo-30-ottobre\\\/#primaryimage\"},\"thumbnailUrl\":\"http:\\\/\\\/farm3.static.flickr.com\\\/2199\\\/1759582031_8fe3c14b09_m.jpg\",\"keywords\":[\"i film della mia vita\",\"immacolata e concetta\",\"pan\",\"salvatore piscicelli\"],\"articleSection\":[\"Eventi\",\"Generale\"],\"inLanguage\":\"it-IT\",\"potentialAction\":[{\"@type\":\"CommentAction\",\"name\":\"Comment\",\"target\":[\"https:\\\/\\\/www.pigrecoemme.com\\\/blog\\\/salvatore-piscicelli-incontro-al-pan-il-prossimo-30-ottobre\\\/#respond\"]}]},{\"@type\":\"WebPage\",\"@id\":\"https:\\\/\\\/www.pigrecoemme.com\\\/blog\\\/salvatore-piscicelli-incontro-al-pan-il-prossimo-30-ottobre\\\/\",\"url\":\"https:\\\/\\\/www.pigrecoemme.com\\\/blog\\\/salvatore-piscicelli-incontro-al-pan-il-prossimo-30-ottobre\\\/\",\"name\":\"Salvatore Piscicelli: incontro al PAN il prossimo 30 ottobre\",\"isPartOf\":{\"@id\":\"https:\\\/\\\/www.pigrecoemme.com\\\/blog\\\/#website\"},\"primaryImageOfPage\":{\"@id\":\"https:\\\/\\\/www.pigrecoemme.com\\\/blog\\\/salvatore-piscicelli-incontro-al-pan-il-prossimo-30-ottobre\\\/#primaryimage\"},\"image\":{\"@id\":\"https:\\\/\\\/www.pigrecoemme.com\\\/blog\\\/salvatore-piscicelli-incontro-al-pan-il-prossimo-30-ottobre\\\/#primaryimage\"},\"thumbnailUrl\":\"http:\\\/\\\/farm3.static.flickr.com\\\/2199\\\/1759582031_8fe3c14b09_m.jpg\",\"datePublished\":\"2007-10-26T15:29:03+00:00\",\"dateModified\":\"2015-01-08T23:52:09+00:00\",\"breadcrumb\":{\"@id\":\"https:\\\/\\\/www.pigrecoemme.com\\\/blog\\\/salvatore-piscicelli-incontro-al-pan-il-prossimo-30-ottobre\\\/#breadcrumb\"},\"inLanguage\":\"it-IT\",\"potentialAction\":[{\"@type\":\"ReadAction\",\"target\":[\"https:\\\/\\\/www.pigrecoemme.com\\\/blog\\\/salvatore-piscicelli-incontro-al-pan-il-prossimo-30-ottobre\\\/\"]}]},{\"@type\":\"ImageObject\",\"inLanguage\":\"it-IT\",\"@id\":\"https:\\\/\\\/www.pigrecoemme.com\\\/blog\\\/salvatore-piscicelli-incontro-al-pan-il-prossimo-30-ottobre\\\/#primaryimage\",\"url\":\"http:\\\/\\\/farm3.static.flickr.com\\\/2199\\\/1759582031_8fe3c14b09_m.jpg\",\"contentUrl\":\"http:\\\/\\\/farm3.static.flickr.com\\\/2199\\\/1759582031_8fe3c14b09_m.jpg\"},{\"@type\":\"BreadcrumbList\",\"@id\":\"https:\\\/\\\/www.pigrecoemme.com\\\/blog\\\/salvatore-piscicelli-incontro-al-pan-il-prossimo-30-ottobre\\\/#breadcrumb\",\"itemListElement\":[{\"@type\":\"ListItem\",\"position\":1,\"name\":\"Home\",\"item\":\"https:\\\/\\\/www.pigrecoemme.com\\\/blog\\\/\"},{\"@type\":\"ListItem\",\"position\":2,\"name\":\"Salvatore Piscicelli: incontro al PAN il prossimo 30 ottobre\"}]},{\"@type\":\"WebSite\",\"@id\":\"https:\\\/\\\/www.pigrecoemme.com\\\/blog\\\/#website\",\"url\":\"https:\\\/\\\/www.pigrecoemme.com\\\/blog\\\/\",\"name\":\"Scuola di Cinema Pigrecoemme - Blog\",\"description\":\"Siamo la prima Scuola di Cinema e Fotografia di Napoli\",\"publisher\":{\"@id\":\"https:\\\/\\\/www.pigrecoemme.com\\\/blog\\\/#organization\"},\"potentialAction\":[{\"@type\":\"SearchAction\",\"target\":{\"@type\":\"EntryPoint\",\"urlTemplate\":\"https:\\\/\\\/www.pigrecoemme.com\\\/blog\\\/?s={search_term_string}\"},\"query-input\":{\"@type\":\"PropertyValueSpecification\",\"valueRequired\":true,\"valueName\":\"search_term_string\"}}],\"inLanguage\":\"it-IT\"},{\"@type\":\"Organization\",\"@id\":\"https:\\\/\\\/www.pigrecoemme.com\\\/blog\\\/#organization\",\"name\":\"Scuola di cinema e fotografia Pigrecoemme\",\"url\":\"https:\\\/\\\/www.pigrecoemme.com\\\/blog\\\/\",\"logo\":{\"@type\":\"ImageObject\",\"inLanguage\":\"it-IT\",\"@id\":\"https:\\\/\\\/www.pigrecoemme.com\\\/blog\\\/#\\\/schema\\\/logo\\\/image\\\/\",\"url\":\"https:\\\/\\\/i0.wp.com\\\/www.pigrecoemme.com\\\/blog\\\/wp-content\\\/uploads\\\/2018\\\/06\\\/logo-pigrecoemme-2018.png?fit=500%2C500&ssl=1\",\"contentUrl\":\"https:\\\/\\\/i0.wp.com\\\/www.pigrecoemme.com\\\/blog\\\/wp-content\\\/uploads\\\/2018\\\/06\\\/logo-pigrecoemme-2018.png?fit=500%2C500&ssl=1\",\"width\":500,\"height\":500,\"caption\":\"Scuola di cinema e fotografia Pigrecoemme\"},\"image\":{\"@id\":\"https:\\\/\\\/www.pigrecoemme.com\\\/blog\\\/#\\\/schema\\\/logo\\\/image\\\/\"},\"sameAs\":[\"https:\\\/\\\/www.facebook.com\\\/pigrecoemme\",\"https:\\\/\\\/x.com\\\/Pigrecoemme\",\"https:\\\/\\\/www.instagram.com\\\/pigrecoemme\\\/\",\"https:\\\/\\\/www.linkedin.com\\\/company\\\/pigrecoemme\\\/\",\"https:\\\/\\\/www.youtube.com\\\/pigrecoemme\"]},{\"@type\":\"Person\",\"@id\":\"https:\\\/\\\/www.pigrecoemme.com\\\/blog\\\/#\\\/schema\\\/person\\\/57fa822c3d209d3a2612fd0411ae63f4\",\"name\":\"Giacomo Fabbrocino\",\"image\":{\"@type\":\"ImageObject\",\"inLanguage\":\"it-IT\",\"@id\":\"https:\\\/\\\/secure.gravatar.com\\\/avatar\\\/0e4dfd4d05c06a03fffaffeb36fb181415ba11b91a6b566fa2e8ada75927db32?s=96&r=g\",\"url\":\"https:\\\/\\\/secure.gravatar.com\\\/avatar\\\/0e4dfd4d05c06a03fffaffeb36fb181415ba11b91a6b566fa2e8ada75927db32?s=96&r=g\",\"contentUrl\":\"https:\\\/\\\/secure.gravatar.com\\\/avatar\\\/0e4dfd4d05c06a03fffaffeb36fb181415ba11b91a6b566fa2e8ada75927db32?s=96&r=g\",\"caption\":\"Giacomo Fabbrocino\"},\"description\":\"Montatore cinematografico, autore di documentari sull'arte e di video d'artista, Giacomo \u00e8 responsabile della didattica e della comunicazione web della Scuola di Cinema, Fotografia e Televisione Pigrecoemme di Napoli.\",\"sameAs\":[\"http:\\\/\\\/www.pigrecoemme.com\\\/\",\"https:\\\/\\\/www.facebook.com\\\/giacomo.fabbrocino\"],\"url\":\"https:\\\/\\\/www.pigrecoemme.com\\\/blog\\\/author\\\/giacomo-fabbrocino\\\/\"}]}<\/script>\n<!-- \/ Yoast SEO plugin. -->","yoast_head_json":{"title":"Salvatore Piscicelli: incontro al PAN il prossimo 30 ottobre","robots":{"index":"index","follow":"follow","max-snippet":"max-snippet:-1","max-image-preview":"max-image-preview:large","max-video-preview":"max-video-preview:-1"},"canonical":"https:\/\/www.pigrecoemme.com\/blog\/salvatore-piscicelli-incontro-al-pan-il-prossimo-30-ottobre\/","og_locale":"it_IT","og_type":"article","og_title":"Salvatore Piscicelli: incontro al PAN il prossimo 30 ottobre","og_description":"Sulla scia del successo del recente ciclo d&#8217;incontri I film della mia vita, continuano gli appuntamenti sul cinema e sui suoi protagonisti della Mediateca S. Sofia: il prossimo marted\u00ec 30 ottobre sar\u00e0, infatti, Salvatore&hellip;","og_url":"https:\/\/www.pigrecoemme.com\/blog\/salvatore-piscicelli-incontro-al-pan-il-prossimo-30-ottobre\/","og_site_name":"Scuola di Cinema Pigrecoemme - Blog","article_publisher":"https:\/\/www.facebook.com\/pigrecoemme","article_author":"https:\/\/www.facebook.com\/giacomo.fabbrocino","article_published_time":"2007-10-26T15:29:03+00:00","article_modified_time":"2015-01-08T23:52:09+00:00","og_image":[{"url":"http:\/\/farm3.static.flickr.com\/2199\/1759582031_8fe3c14b09_m.jpg","type":"","width":"","height":""}],"author":"Giacomo Fabbrocino","twitter_card":"summary_large_image","twitter_creator":"@Pigrecoemme","twitter_site":"@Pigrecoemme","twitter_misc":{"Scritto da":"Giacomo Fabbrocino","Tempo di lettura stimato":"2 minuti"},"schema":{"@context":"https:\/\/schema.org","@graph":[{"@type":["Article","BlogPosting"],"@id":"https:\/\/www.pigrecoemme.com\/blog\/salvatore-piscicelli-incontro-al-pan-il-prossimo-30-ottobre\/#article","isPartOf":{"@id":"https:\/\/www.pigrecoemme.com\/blog\/salvatore-piscicelli-incontro-al-pan-il-prossimo-30-ottobre\/"},"author":{"name":"Giacomo Fabbrocino","@id":"https:\/\/www.pigrecoemme.com\/blog\/#\/schema\/person\/57fa822c3d209d3a2612fd0411ae63f4"},"headline":"Salvatore Piscicelli: incontro al PAN il prossimo 30 ottobre","datePublished":"2007-10-26T15:29:03+00:00","dateModified":"2015-01-08T23:52:09+00:00","mainEntityOfPage":{"@id":"https:\/\/www.pigrecoemme.com\/blog\/salvatore-piscicelli-incontro-al-pan-il-prossimo-30-ottobre\/"},"wordCount":327,"commentCount":2,"publisher":{"@id":"https:\/\/www.pigrecoemme.com\/blog\/#organization"},"image":{"@id":"https:\/\/www.pigrecoemme.com\/blog\/salvatore-piscicelli-incontro-al-pan-il-prossimo-30-ottobre\/#primaryimage"},"thumbnailUrl":"http:\/\/farm3.static.flickr.com\/2199\/1759582031_8fe3c14b09_m.jpg","keywords":["i film della mia vita","immacolata e concetta","pan","salvatore piscicelli"],"articleSection":["Eventi","Generale"],"inLanguage":"it-IT","potentialAction":[{"@type":"CommentAction","name":"Comment","target":["https:\/\/www.pigrecoemme.com\/blog\/salvatore-piscicelli-incontro-al-pan-il-prossimo-30-ottobre\/#respond"]}]},{"@type":"WebPage","@id":"https:\/\/www.pigrecoemme.com\/blog\/salvatore-piscicelli-incontro-al-pan-il-prossimo-30-ottobre\/","url":"https:\/\/www.pigrecoemme.com\/blog\/salvatore-piscicelli-incontro-al-pan-il-prossimo-30-ottobre\/","name":"Salvatore Piscicelli: incontro al PAN il prossimo 30 ottobre","isPartOf":{"@id":"https:\/\/www.pigrecoemme.com\/blog\/#website"},"primaryImageOfPage":{"@id":"https:\/\/www.pigrecoemme.com\/blog\/salvatore-piscicelli-incontro-al-pan-il-prossimo-30-ottobre\/#primaryimage"},"image":{"@id":"https:\/\/www.pigrecoemme.com\/blog\/salvatore-piscicelli-incontro-al-pan-il-prossimo-30-ottobre\/#primaryimage"},"thumbnailUrl":"http:\/\/farm3.static.flickr.com\/2199\/1759582031_8fe3c14b09_m.jpg","datePublished":"2007-10-26T15:29:03+00:00","dateModified":"2015-01-08T23:52:09+00:00","breadcrumb":{"@id":"https:\/\/www.pigrecoemme.com\/blog\/salvatore-piscicelli-incontro-al-pan-il-prossimo-30-ottobre\/#breadcrumb"},"inLanguage":"it-IT","potentialAction":[{"@type":"ReadAction","target":["https:\/\/www.pigrecoemme.com\/blog\/salvatore-piscicelli-incontro-al-pan-il-prossimo-30-ottobre\/"]}]},{"@type":"ImageObject","inLanguage":"it-IT","@id":"https:\/\/www.pigrecoemme.com\/blog\/salvatore-piscicelli-incontro-al-pan-il-prossimo-30-ottobre\/#primaryimage","url":"http:\/\/farm3.static.flickr.com\/2199\/1759582031_8fe3c14b09_m.jpg","contentUrl":"http:\/\/farm3.static.flickr.com\/2199\/1759582031_8fe3c14b09_m.jpg"},{"@type":"BreadcrumbList","@id":"https:\/\/www.pigrecoemme.com\/blog\/salvatore-piscicelli-incontro-al-pan-il-prossimo-30-ottobre\/#breadcrumb","itemListElement":[{"@type":"ListItem","position":1,"name":"Home","item":"https:\/\/www.pigrecoemme.com\/blog\/"},{"@type":"ListItem","position":2,"name":"Salvatore Piscicelli: incontro al PAN il prossimo 30 ottobre"}]},{"@type":"WebSite","@id":"https:\/\/www.pigrecoemme.com\/blog\/#website","url":"https:\/\/www.pigrecoemme.com\/blog\/","name":"Scuola di Cinema Pigrecoemme - Blog","description":"Siamo la prima Scuola di Cinema e Fotografia di Napoli","publisher":{"@id":"https:\/\/www.pigrecoemme.com\/blog\/#organization"},"potentialAction":[{"@type":"SearchAction","target":{"@type":"EntryPoint","urlTemplate":"https:\/\/www.pigrecoemme.com\/blog\/?s={search_term_string}"},"query-input":{"@type":"PropertyValueSpecification","valueRequired":true,"valueName":"search_term_string"}}],"inLanguage":"it-IT"},{"@type":"Organization","@id":"https:\/\/www.pigrecoemme.com\/blog\/#organization","name":"Scuola di cinema e fotografia Pigrecoemme","url":"https:\/\/www.pigrecoemme.com\/blog\/","logo":{"@type":"ImageObject","inLanguage":"it-IT","@id":"https:\/\/www.pigrecoemme.com\/blog\/#\/schema\/logo\/image\/","url":"https:\/\/i0.wp.com\/www.pigrecoemme.com\/blog\/wp-content\/uploads\/2018\/06\/logo-pigrecoemme-2018.png?fit=500%2C500&ssl=1","contentUrl":"https:\/\/i0.wp.com\/www.pigrecoemme.com\/blog\/wp-content\/uploads\/2018\/06\/logo-pigrecoemme-2018.png?fit=500%2C500&ssl=1","width":500,"height":500,"caption":"Scuola di cinema e fotografia Pigrecoemme"},"image":{"@id":"https:\/\/www.pigrecoemme.com\/blog\/#\/schema\/logo\/image\/"},"sameAs":["https:\/\/www.facebook.com\/pigrecoemme","https:\/\/x.com\/Pigrecoemme","https:\/\/www.instagram.com\/pigrecoemme\/","https:\/\/www.linkedin.com\/company\/pigrecoemme\/","https:\/\/www.youtube.com\/pigrecoemme"]},{"@type":"Person","@id":"https:\/\/www.pigrecoemme.com\/blog\/#\/schema\/person\/57fa822c3d209d3a2612fd0411ae63f4","name":"Giacomo Fabbrocino","image":{"@type":"ImageObject","inLanguage":"it-IT","@id":"https:\/\/secure.gravatar.com\/avatar\/0e4dfd4d05c06a03fffaffeb36fb181415ba11b91a6b566fa2e8ada75927db32?s=96&r=g","url":"https:\/\/secure.gravatar.com\/avatar\/0e4dfd4d05c06a03fffaffeb36fb181415ba11b91a6b566fa2e8ada75927db32?s=96&r=g","contentUrl":"https:\/\/secure.gravatar.com\/avatar\/0e4dfd4d05c06a03fffaffeb36fb181415ba11b91a6b566fa2e8ada75927db32?s=96&r=g","caption":"Giacomo Fabbrocino"},"description":"Montatore cinematografico, autore di documentari sull'arte e di video d'artista, Giacomo \u00e8 responsabile della didattica e della comunicazione web della Scuola di Cinema, Fotografia e Televisione Pigrecoemme di Napoli.","sameAs":["http:\/\/www.pigrecoemme.com\/","https:\/\/www.facebook.com\/giacomo.fabbrocino"],"url":"https:\/\/www.pigrecoemme.com\/blog\/author\/giacomo-fabbrocino\/"}]}},"jetpack_sharing_enabled":true,"jetpack_likes_enabled":true,"jetpack-related-posts":[{"id":7,"url":"https:\/\/www.pigrecoemme.com\/blog\/successo-per-lincontro-con-angelo-curti-al-pan\/","url_meta":{"origin":18,"position":0},"title":"Successo per l&#8217;incontro con Angelo Curti al Pan","author":"Rosario Gallone","date":"3 Ottobre 2007","format":false,"excerpt":"Si \u00e8 tenuto ieri, Marted\u00ec 2 ottobre 2007 alle ore 18,00 il terzo incontro del secondo ciclo di I film della mia vita, un'iniziativa della Mediateca Santa Sofia del Comune di Napoli realizzata in collaborazione con la Scuola di Cinema e Televisione Pigrecoemme. Il produttore di Teatri Uniti, Angelo Curti,\u2026","rel":"","context":"In &quot;Eventi&quot;","block_context":{"text":"Eventi","link":"https:\/\/www.pigrecoemme.com\/blog\/eventi\/"},"img":{"alt_text":"","src":"","width":0,"height":0},"classes":[]},{"id":10,"url":"https:\/\/www.pigrecoemme.com\/blog\/domani-martedi-9-ottobre-giornata-dedicata-ad-ugo-gregoretti\/","url_meta":{"origin":18,"position":1},"title":"Domani, marted\u00ec 9 ottobre, giornata dedicata ad Ugo Gregoretti","author":"Giacomo Fabbrocino","date":"8 Ottobre 2007","format":false,"excerpt":"In occasione dell'incontro conclusivo de I film della mia vita, iniziativa della Mediateca di S. Sofia in collaborazione con la Scuola di cinema Pigrecoemme di Napoli, in programma al PAN alle ore 18,00, il Sindaco di Napoli e l'assessore alle Politiche sociali e giovanili Giulio Riccio conferiranno al Maestro Ugo\u2026","rel":"","context":"In &quot;Eventi&quot;","block_context":{"text":"Eventi","link":"https:\/\/www.pigrecoemme.com\/blog\/eventi\/"},"img":{"alt_text":"","src":"","width":0,"height":0},"classes":[]},{"id":176,"url":"https:\/\/www.pigrecoemme.com\/blog\/i-film-della-mia-vita-al-via-la-quarta-edizione\/","url_meta":{"origin":18,"position":2},"title":"I film della mia vita. Al via la quarta edizione","author":"Corrado Morra","date":"8 Ottobre 2009","format":false,"excerpt":"Parte il prossimo 15 ottobre con l'incontro con il regista e storico del cinema Mario Franco la nuova edizione della rassegna I film della mia vita. Giunta al quarto ciclo, l'iniziativa della Mediateca S. Sofia Assessorato alle Politiche Giovanili - Servizio Giovani del Comune di Napoli, in collaborazione con Pigrecoemme\u2026","rel":"","context":"In &quot;Eventi&quot;","block_context":{"text":"Eventi","link":"https:\/\/www.pigrecoemme.com\/blog\/eventi\/"},"img":{"alt_text":"","src":"https:\/\/i0.wp.com\/www.pigrecoemme.com\/blog\/wp-content\/uploads\/2009\/10\/i-film-della-mia-vita-300x212.jpg?resize=350%2C200","width":350,"height":200},"classes":[]},{"id":185,"url":"https:\/\/www.pigrecoemme.com\/blog\/ugo-caruso-al-pan-per-i-film-della-mia-vita\/","url_meta":{"origin":18,"position":3},"title":"Ugo G. Caruso al PAN per I film della mia vita","author":"Corrado Morra","date":"28 Ottobre 2009","format":false,"excerpt":"Continua domani, gioved\u00ec 29 ottobre, con il critico cinematografico Ugo G. Caruso, la quarta edizione della rassegna I film della mia vita. Alle 18,00 al pubblico del PAN di Napoli, Caruso presenter\u00e0 un serrato montaggio di sequenze da oltre cinquanta film, un patrimonio straordinario ed eterogeneo di suggestioni che costituiscono\u2026","rel":"","context":"In &quot;Eventi&quot;","block_context":{"text":"Eventi","link":"https:\/\/www.pigrecoemme.com\/blog\/eventi\/"},"img":{"alt_text":"","src":"","width":0,"height":0},"classes":[]},{"id":94,"url":"https:\/\/www.pigrecoemme.com\/blog\/i-film-della-mia-vita-2008\/","url_meta":{"origin":18,"position":4},"title":"I Film della mia vita 2008","author":"Giacomo Fabbrocino","date":"28 Ottobre 2008","format":false,"excerpt":"Torna, per il terzo anno consecutivo, I Film della mia vita, il ciclo di incontri con registi, attori, critici, storici, professionisti che il cinema lo fanno e lo amano e che racconteranno il loro personale romanzo visivo di formazione al pubblico del Pan, mostrando sequenze di film, inquadrature, ma pure\u2026","rel":"","context":"In &quot;Eventi&quot;","block_context":{"text":"Eventi","link":"https:\/\/www.pigrecoemme.com\/blog\/eventi\/"},"img":{"alt_text":"","src":"https:\/\/i0.wp.com\/www.pigrecoemme.com\/blog\/wp-content\/uploads\/2008\/10\/film-della-mia-vita-2008-300x195.jpg?resize=350%2C200","width":350,"height":200},"classes":[]},{"id":3513,"url":"https:\/\/www.pigrecoemme.com\/blog\/presentazione-del-libro-i-migliori-anni-della-nostra-vita-in-mediateca-di-francesco-napolitano\/","url_meta":{"origin":18,"position":5},"title":"Presentazione del libro &#8220;I migliori anni della nostra vita, in mediateca&#8221; di Francesco Napolitano","author":"Pigrecoemme","date":"10 Marzo 2024","format":false,"excerpt":"Da chi ha a che fare con noi prima o poi inevitabilmente arriva una domanda: \"Ma che vuol dire Pigrecoemme?\" La risposta potrebbe essere pi\u00f9 o meno questa: i fondatori della Pigrecoemme si incontrarono come partecipanti alle attivit\u00e0 di un'associazione culturale napoletana, molto impegnata nel sociale, il cui nome era\u2026","rel":"","context":"In &quot;Eventi&quot;","block_context":{"text":"Eventi","link":"https:\/\/www.pigrecoemme.com\/blog\/eventi\/"},"img":{"alt_text":"","src":"https:\/\/i0.wp.com\/www.pigrecoemme.com\/blog\/wp-content\/uploads\/2024\/03\/i.migliori-anni-fronte.jpg?resize=350%2C200","width":350,"height":200,"srcset":"https:\/\/i0.wp.com\/www.pigrecoemme.com\/blog\/wp-content\/uploads\/2024\/03\/i.migliori-anni-fronte.jpg?resize=350%2C200 1x, https:\/\/i0.wp.com\/www.pigrecoemme.com\/blog\/wp-content\/uploads\/2024\/03\/i.migliori-anni-fronte.jpg?resize=525%2C300 1.5x, https:\/\/i0.wp.com\/www.pigrecoemme.com\/blog\/wp-content\/uploads\/2024\/03\/i.migliori-anni-fronte.jpg?resize=700%2C400 2x, https:\/\/i0.wp.com\/www.pigrecoemme.com\/blog\/wp-content\/uploads\/2024\/03\/i.migliori-anni-fronte.jpg?resize=1050%2C600 3x"},"classes":[]}],"jetpack_featured_media_url":"","_links":{"self":[{"href":"https:\/\/www.pigrecoemme.com\/blog\/wp-json\/wp\/v2\/posts\/18","targetHints":{"allow":["GET"]}}],"collection":[{"href":"https:\/\/www.pigrecoemme.com\/blog\/wp-json\/wp\/v2\/posts"}],"about":[{"href":"https:\/\/www.pigrecoemme.com\/blog\/wp-json\/wp\/v2\/types\/post"}],"author":[{"embeddable":true,"href":"https:\/\/www.pigrecoemme.com\/blog\/wp-json\/wp\/v2\/users\/1"}],"replies":[{"embeddable":true,"href":"https:\/\/www.pigrecoemme.com\/blog\/wp-json\/wp\/v2\/comments?post=18"}],"version-history":[{"count":0,"href":"https:\/\/www.pigrecoemme.com\/blog\/wp-json\/wp\/v2\/posts\/18\/revisions"}],"wp:attachment":[{"href":"https:\/\/www.pigrecoemme.com\/blog\/wp-json\/wp\/v2\/media?parent=18"}],"wp:term":[{"taxonomy":"category","embeddable":true,"href":"https:\/\/www.pigrecoemme.com\/blog\/wp-json\/wp\/v2\/categories?post=18"},{"taxonomy":"post_tag","embeddable":true,"href":"https:\/\/www.pigrecoemme.com\/blog\/wp-json\/wp\/v2\/tags?post=18"}],"curies":[{"name":"wp","href":"https:\/\/api.w.org\/{rel}","templated":true}]}}