{"id":1758,"date":"2016-09-20T11:47:32","date_gmt":"2016-09-20T09:47:32","guid":{"rendered":"http:\/\/www.pigrecoemme.com\/blog\/?p=1758"},"modified":"2025-05-21T14:51:51","modified_gmt":"2025-05-21T12:51:51","slug":"3-ottobre-2016-passeggiata-fotografica-alla-sanita-luca-sorbo","status":"publish","type":"post","link":"https:\/\/www.pigrecoemme.com\/blog\/3-ottobre-2016-passeggiata-fotografica-alla-sanita-luca-sorbo\/","title":{"rendered":"3 ottobre 2016: Passeggiata fotografica alla Sanit\u00e0 con Luca Sorbo"},"content":{"rendered":"\n<figure class=\"wp-block-image aligncenter\"><a href=\"https:\/\/www.pigrecoemme.com\/blog\/3-ottobre-2016-passeggiata-fotografica-alla-sanita-luca-sorbo\/\"><img data-recalc-dims=\"1\" loading=\"lazy\" decoding=\"async\" width=\"715\" height=\"265\" src=\"https:\/\/i0.wp.com\/www.pigrecoemme.com\/blog\/wp-content\/uploads\/2016\/09\/passeggiata-fotografica-sanita.jpg?resize=715%2C265&#038;ssl=1\" alt=\"Passeggiata fotografica alla Sanit\u00e0 con Luca Sorbo\" class=\"wp-image-1759\" srcset=\"https:\/\/i0.wp.com\/www.pigrecoemme.com\/blog\/wp-content\/uploads\/2016\/09\/passeggiata-fotografica-sanita.jpg?w=715&amp;ssl=1 715w, https:\/\/i0.wp.com\/www.pigrecoemme.com\/blog\/wp-content\/uploads\/2016\/09\/passeggiata-fotografica-sanita.jpg?resize=300%2C111&amp;ssl=1 300w, https:\/\/i0.wp.com\/www.pigrecoemme.com\/blog\/wp-content\/uploads\/2016\/09\/passeggiata-fotografica-sanita.jpg?resize=500%2C185&amp;ssl=1 500w\" sizes=\"auto, (max-width: 715px) 100vw, 715px\" \/><\/a><\/figure>\n\n\n\n<p class=\"wp-block-paragraph\">Luned\u00ec 3 ottobre passeggiata fotografica gratuita alla Sanit\u00e0, organizzata dalla Organizzata dalla Scuola di Cinema e Fotografia Pigrecoemme e &nbsp;coordinata da Luca Sorbo, docente di fotografia all&#8217;Accademia di Belle Arti di Napoli e curatore dei nostri corsi di fotografia.<\/p>\n\n\n\n<p class=\"wp-block-paragraph\">Un\u2019occasione unica per conoscere uno dei quartieri pi\u00f9 caratteristici di Napoli: ci confronteremo sia con le bellezze architettoniche &#8211; come il Palazzo dello Spagnolo, Palazzo Sanfelice, il Cimitero delle Fontanelle e la chiesa di Santa Maria alla Sanit\u00e0 &#8211; , sia con gli aspetti sociali ed umani.<\/p>\n\n\n\n<!--more-->\n\n\n\n<figure class=\"wp-block-image aligncenter\"><a href=\"http:\/\/www.pigrecoemme.com\/corso-fotografia\/corso-di-fotografia-2.htm\"><img data-recalc-dims=\"1\" loading=\"lazy\" decoding=\"async\" width=\"715\" height=\"265\" src=\"https:\/\/i0.wp.com\/www.pigrecoemme.com\/blog\/wp-content\/uploads\/2016\/09\/corsi-fotografia-napoli.jpg?resize=715%2C265&#038;ssl=1\" alt=\"Clicca sull'immagine per le informazioni sul nostro corso di fotografia.\" class=\"wp-image-1760\" srcset=\"https:\/\/i0.wp.com\/www.pigrecoemme.com\/blog\/wp-content\/uploads\/2016\/09\/corsi-fotografia-napoli.jpg?w=715&amp;ssl=1 715w, https:\/\/i0.wp.com\/www.pigrecoemme.com\/blog\/wp-content\/uploads\/2016\/09\/corsi-fotografia-napoli.jpg?resize=300%2C111&amp;ssl=1 300w, https:\/\/i0.wp.com\/www.pigrecoemme.com\/blog\/wp-content\/uploads\/2016\/09\/corsi-fotografia-napoli.jpg?resize=500%2C185&amp;ssl=1 500w\" sizes=\"auto, (max-width: 715px) 100vw, 715px\" \/><\/a><figcaption class=\"wp-element-caption\">Clicca sull&#8217;immagine per le informazioni sul nostro corso di fotografia.<\/figcaption><\/figure>\n\n\n\n<p class=\"wp-block-paragraph\">Il quartiere era al tempo dei Greci la \u201cValle dei morti\u201d della citt\u00e0 e questo culto \u00e8 pervenuto fino ai giorni nostri. Proveremo a raccontare questa stratificazione storico artistica con la fotografia, analizzeremo sia gli aspetti tecnici, sia quelli espressivi.<\/p>\n\n\n\n<p class=\"wp-block-paragraph\">Sar\u00e0 sicuramente entusiasmante il contatto umano con gli abitanti del quartiere che sono sempre molto ospitali. Vedremo anche come comportarsi per realizzare un reportage efficace in una realt\u00e0 complessa come questa.<\/p>\n\n\n\n<p class=\"wp-block-paragraph\">Il gruppo sar\u00e0 condotto da <strong>Luca Sorbo<\/strong>, docente dei <a href=\"http:\/\/www.pigrecoemme.com\/corso-fotografia\/corso-di-fotografia-2.htm\">corsi di fotografia<\/a> della Scuola di cinema, televisione e fotografia Pigrecoemme, che dar\u00e0 consigli su come affrontare fotograficamente un luogo cos\u00ec complesso sia da un punto di vista espressivo, sia da un punto di vista tecnico.<\/p>\n\n\n\n<h2 id=\"come-partecipare\" class=\"wp-block-heading\">COME PARTECIPARE<\/h2>\n\n\n\n<p class=\"wp-block-paragraph\">La partecipazione \u00e8<strong> gratuita<\/strong> ed \u00e8 aperta ad un massimo di 40 persone.<\/p>\n\n\n\n<p class=\"wp-block-paragraph\">E\u2019 possibile partecipare anche solo con il cellulare o con la compatta.<\/p>\n\n\n\n<p class=\"wp-block-paragraph\"><strong>Prenotazione obbligatoria<\/strong> allo <a href=\"tel:0815635188\">0815635188<\/a> o all\u2019email <a href=\"mailto:info@pigrecoemme.com\">info@pigrecoemme.com<\/a><\/p>\n\n\n\n<p class=\"wp-block-paragraph\"><strong>Punto di incontro<\/strong>: stazione della Metropolitana di Cavour, luned\u00ec 3 ottobre 2016&nbsp;ore 15:00<\/p>\n\n\n\n<figure class=\"wp-block-image aligncenter\"><a href=\"https:\/\/www.facebook.com\/events\/332449460422052\/\"><img data-recalc-dims=\"1\" loading=\"lazy\" decoding=\"async\" width=\"484\" height=\"118\" src=\"https:\/\/i0.wp.com\/www.pigrecoemme.com\/blog\/wp-content\/uploads\/2016\/01\/evento-su-facebook.png?resize=484%2C118&#038;ssl=1\" alt=\"l'evento su facebook\" class=\"wp-image-1595\" srcset=\"https:\/\/i0.wp.com\/www.pigrecoemme.com\/blog\/wp-content\/uploads\/2016\/01\/evento-su-facebook.png?w=484&amp;ssl=1 484w, https:\/\/i0.wp.com\/www.pigrecoemme.com\/blog\/wp-content\/uploads\/2016\/01\/evento-su-facebook.png?resize=300%2C73&amp;ssl=1 300w\" sizes=\"auto, (max-width: 484px) 100vw, 484px\" \/><\/a><\/figure>\n","protected":false},"excerpt":{"rendered":"<p>Luned\u00ec 3 ottobre passeggiata fotografica gratuita alla Sanit\u00e0, organizzata dalla Organizzata dalla Scuola di Cinema e Fotografia Pigrecoemme e &nbsp;coordinata da Luca Sorbo, docente di fotografia all&#8217;Accademia di Belle Arti di Napoli e curatore&hellip;<\/p>\n","protected":false},"author":4,"featured_media":0,"comment_status":"open","ping_status":"open","sticky":false,"template":"","format":"standard","meta":{"_jetpack_newsletter_access":"","_jetpack_dont_email_post_to_subs":true,"_jetpack_newsletter_tier_id":0,"_jetpack_memberships_contains_paywalled_content":false,"_jetpack_feature_clip_id":0,"_jetpack_memberships_contains_paid_content":false,"footnotes":"","jetpack_post_was_ever_published":false},"categories":[11,21,1,1523,731],"tags":[74,1283,370,1730,1627],"class_list":["post-1758","post","type-post","status-publish","format-standard","hentry","category-eventi","category-fotografia","category-generale","category-incontri-fotografici","category-segnalazioni","tag-corsi-di-fotografia","tag-fotografia","tag-incontri-fotografici","tag-luca-sotbo","tag-passeggiata-fotografica"],"yoast_head":"<!-- This site is optimized with the Yoast SEO plugin v28.3 - https:\/\/yoast.com\/product\/yoast-seo-wordpress\/ -->\n<title>3 ottobre 2016: Passeggiata fotografica alla Sanit\u00e0 con Luca Sorbo<\/title>\n<meta name=\"description\" content=\"La partecipazione \u00e8 gratuita ed \u00e8 aperta ad un massimo di 40 persone. Prenotazione obbligatoria allo 0815635188 o all\u2019email info@pigrecoemme.com\" \/>\n<meta name=\"robots\" content=\"index, follow, max-snippet:-1, max-image-preview:large, max-video-preview:-1\" \/>\n<link rel=\"canonical\" href=\"https:\/\/www.pigrecoemme.com\/blog\/3-ottobre-2016-passeggiata-fotografica-alla-sanita-luca-sorbo\/\" \/>\n<meta property=\"og:locale\" content=\"it_IT\" \/>\n<meta property=\"og:type\" content=\"article\" \/>\n<meta property=\"og:title\" content=\"3 ottobre 2016: Passeggiata fotografica alla Sanit\u00e0 con Luca Sorbo\" \/>\n<meta property=\"og:description\" content=\"La partecipazione \u00e8 gratuita ed \u00e8 aperta ad un massimo di 40 persone. Prenotazione obbligatoria allo 0815635188 o all\u2019email info@pigrecoemme.com\" \/>\n<meta property=\"og:url\" content=\"https:\/\/www.pigrecoemme.com\/blog\/3-ottobre-2016-passeggiata-fotografica-alla-sanita-luca-sorbo\/\" \/>\n<meta property=\"og:site_name\" content=\"Scuola di Cinema Pigrecoemme - Blog\" \/>\n<meta property=\"article:publisher\" content=\"https:\/\/www.facebook.com\/pigrecoemme\" \/>\n<meta property=\"article:author\" content=\"https:\/\/www.facebook.com\/pigrecoemme\" \/>\n<meta property=\"article:published_time\" content=\"2016-09-20T09:47:32+00:00\" \/>\n<meta property=\"article:modified_time\" content=\"2025-05-21T12:51:51+00:00\" \/>\n<meta property=\"og:image\" content=\"https:\/\/www.pigrecoemme.com\/blog\/wp-content\/uploads\/2016\/09\/passeggiata-fotografica-sanita.jpg\" \/>\n\t<meta property=\"og:image:width\" content=\"715\" \/>\n\t<meta property=\"og:image:height\" content=\"265\" \/>\n\t<meta property=\"og:image:type\" content=\"image\/jpeg\" \/>\n<meta name=\"author\" content=\"Pigrecoemme\" \/>\n<meta name=\"twitter:card\" content=\"summary_large_image\" \/>\n<meta name=\"twitter:creator\" content=\"@Pigrecoemme\" \/>\n<meta name=\"twitter:site\" content=\"@Pigrecoemme\" \/>\n<meta name=\"twitter:label1\" content=\"Scritto da\" \/>\n\t<meta name=\"twitter:data1\" content=\"Pigrecoemme\" \/>\n\t<meta name=\"twitter:label2\" content=\"Tempo di lettura stimato\" \/>\n\t<meta name=\"twitter:data2\" content=\"2 minuti\" \/>\n<script type=\"application\/ld+json\" class=\"yoast-schema-graph\">{\"@context\":\"https:\\\/\\\/schema.org\",\"@graph\":[{\"@type\":[\"Article\",\"BlogPosting\"],\"@id\":\"https:\\\/\\\/www.pigrecoemme.com\\\/blog\\\/3-ottobre-2016-passeggiata-fotografica-alla-sanita-luca-sorbo\\\/#article\",\"isPartOf\":{\"@id\":\"https:\\\/\\\/www.pigrecoemme.com\\\/blog\\\/3-ottobre-2016-passeggiata-fotografica-alla-sanita-luca-sorbo\\\/\"},\"author\":{\"name\":\"Pigrecoemme\",\"@id\":\"https:\\\/\\\/www.pigrecoemme.com\\\/blog\\\/#\\\/schema\\\/person\\\/8996ab5bfa68cec611b330ae4a389d44\"},\"headline\":\"3 ottobre 2016: Passeggiata fotografica alla Sanit\u00e0 con Luca Sorbo\",\"datePublished\":\"2016-09-20T09:47:32+00:00\",\"dateModified\":\"2025-05-21T12:51:51+00:00\",\"mainEntityOfPage\":{\"@id\":\"https:\\\/\\\/www.pigrecoemme.com\\\/blog\\\/3-ottobre-2016-passeggiata-fotografica-alla-sanita-luca-sorbo\\\/\"},\"wordCount\":266,\"commentCount\":0,\"publisher\":{\"@id\":\"https:\\\/\\\/www.pigrecoemme.com\\\/blog\\\/#organization\"},\"image\":{\"@id\":\"https:\\\/\\\/www.pigrecoemme.com\\\/blog\\\/3-ottobre-2016-passeggiata-fotografica-alla-sanita-luca-sorbo\\\/#primaryimage\"},\"thumbnailUrl\":\"http:\\\/\\\/www.pigrecoemme.com\\\/blog\\\/wp-content\\\/uploads\\\/2016\\\/09\\\/passeggiata-fotografica-sanita.jpg\",\"keywords\":[\"corsi di fotografia\",\"fotografia\",\"incontri fotografici\",\"luca sotbo\",\"passeggiata fotografica\"],\"articleSection\":[\"Eventi\",\"Fotografia\",\"Generale\",\"Incontri fotografici\",\"Segnalazioni\"],\"inLanguage\":\"it-IT\",\"potentialAction\":[{\"@type\":\"CommentAction\",\"name\":\"Comment\",\"target\":[\"https:\\\/\\\/www.pigrecoemme.com\\\/blog\\\/3-ottobre-2016-passeggiata-fotografica-alla-sanita-luca-sorbo\\\/#respond\"]}]},{\"@type\":\"WebPage\",\"@id\":\"https:\\\/\\\/www.pigrecoemme.com\\\/blog\\\/3-ottobre-2016-passeggiata-fotografica-alla-sanita-luca-sorbo\\\/\",\"url\":\"https:\\\/\\\/www.pigrecoemme.com\\\/blog\\\/3-ottobre-2016-passeggiata-fotografica-alla-sanita-luca-sorbo\\\/\",\"name\":\"3 ottobre 2016: Passeggiata fotografica alla Sanit\u00e0 con Luca Sorbo\",\"isPartOf\":{\"@id\":\"https:\\\/\\\/www.pigrecoemme.com\\\/blog\\\/#website\"},\"primaryImageOfPage\":{\"@id\":\"https:\\\/\\\/www.pigrecoemme.com\\\/blog\\\/3-ottobre-2016-passeggiata-fotografica-alla-sanita-luca-sorbo\\\/#primaryimage\"},\"image\":{\"@id\":\"https:\\\/\\\/www.pigrecoemme.com\\\/blog\\\/3-ottobre-2016-passeggiata-fotografica-alla-sanita-luca-sorbo\\\/#primaryimage\"},\"thumbnailUrl\":\"http:\\\/\\\/www.pigrecoemme.com\\\/blog\\\/wp-content\\\/uploads\\\/2016\\\/09\\\/passeggiata-fotografica-sanita.jpg\",\"datePublished\":\"2016-09-20T09:47:32+00:00\",\"dateModified\":\"2025-05-21T12:51:51+00:00\",\"description\":\"La partecipazione \u00e8 gratuita ed \u00e8 aperta ad un massimo di 40 persone. Prenotazione obbligatoria allo 0815635188 o all\u2019email info@pigrecoemme.com\",\"breadcrumb\":{\"@id\":\"https:\\\/\\\/www.pigrecoemme.com\\\/blog\\\/3-ottobre-2016-passeggiata-fotografica-alla-sanita-luca-sorbo\\\/#breadcrumb\"},\"inLanguage\":\"it-IT\",\"potentialAction\":[{\"@type\":\"ReadAction\",\"target\":[\"https:\\\/\\\/www.pigrecoemme.com\\\/blog\\\/3-ottobre-2016-passeggiata-fotografica-alla-sanita-luca-sorbo\\\/\"]}]},{\"@type\":\"ImageObject\",\"inLanguage\":\"it-IT\",\"@id\":\"https:\\\/\\\/www.pigrecoemme.com\\\/blog\\\/3-ottobre-2016-passeggiata-fotografica-alla-sanita-luca-sorbo\\\/#primaryimage\",\"url\":\"http:\\\/\\\/www.pigrecoemme.com\\\/blog\\\/wp-content\\\/uploads\\\/2016\\\/09\\\/passeggiata-fotografica-sanita.jpg\",\"contentUrl\":\"http:\\\/\\\/www.pigrecoemme.com\\\/blog\\\/wp-content\\\/uploads\\\/2016\\\/09\\\/passeggiata-fotografica-sanita.jpg\"},{\"@type\":\"BreadcrumbList\",\"@id\":\"https:\\\/\\\/www.pigrecoemme.com\\\/blog\\\/3-ottobre-2016-passeggiata-fotografica-alla-sanita-luca-sorbo\\\/#breadcrumb\",\"itemListElement\":[{\"@type\":\"ListItem\",\"position\":1,\"name\":\"Home\",\"item\":\"https:\\\/\\\/www.pigrecoemme.com\\\/blog\\\/\"},{\"@type\":\"ListItem\",\"position\":2,\"name\":\"3 ottobre 2016: Passeggiata fotografica alla Sanit\u00e0 con Luca Sorbo\"}]},{\"@type\":\"WebSite\",\"@id\":\"https:\\\/\\\/www.pigrecoemme.com\\\/blog\\\/#website\",\"url\":\"https:\\\/\\\/www.pigrecoemme.com\\\/blog\\\/\",\"name\":\"Scuola di Cinema Pigrecoemme - Blog\",\"description\":\"Siamo la prima Scuola di Cinema e Fotografia di Napoli\",\"publisher\":{\"@id\":\"https:\\\/\\\/www.pigrecoemme.com\\\/blog\\\/#organization\"},\"potentialAction\":[{\"@type\":\"SearchAction\",\"target\":{\"@type\":\"EntryPoint\",\"urlTemplate\":\"https:\\\/\\\/www.pigrecoemme.com\\\/blog\\\/?s={search_term_string}\"},\"query-input\":{\"@type\":\"PropertyValueSpecification\",\"valueRequired\":true,\"valueName\":\"search_term_string\"}}],\"inLanguage\":\"it-IT\"},{\"@type\":\"Organization\",\"@id\":\"https:\\\/\\\/www.pigrecoemme.com\\\/blog\\\/#organization\",\"name\":\"Scuola di cinema e fotografia Pigrecoemme\",\"url\":\"https:\\\/\\\/www.pigrecoemme.com\\\/blog\\\/\",\"logo\":{\"@type\":\"ImageObject\",\"inLanguage\":\"it-IT\",\"@id\":\"https:\\\/\\\/www.pigrecoemme.com\\\/blog\\\/#\\\/schema\\\/logo\\\/image\\\/\",\"url\":\"https:\\\/\\\/i0.wp.com\\\/www.pigrecoemme.com\\\/blog\\\/wp-content\\\/uploads\\\/2018\\\/06\\\/logo-pigrecoemme-2018.png?fit=500%2C500&ssl=1\",\"contentUrl\":\"https:\\\/\\\/i0.wp.com\\\/www.pigrecoemme.com\\\/blog\\\/wp-content\\\/uploads\\\/2018\\\/06\\\/logo-pigrecoemme-2018.png?fit=500%2C500&ssl=1\",\"width\":500,\"height\":500,\"caption\":\"Scuola di cinema e fotografia Pigrecoemme\"},\"image\":{\"@id\":\"https:\\\/\\\/www.pigrecoemme.com\\\/blog\\\/#\\\/schema\\\/logo\\\/image\\\/\"},\"sameAs\":[\"https:\\\/\\\/www.facebook.com\\\/pigrecoemme\",\"https:\\\/\\\/x.com\\\/Pigrecoemme\",\"https:\\\/\\\/www.instagram.com\\\/pigrecoemme\\\/\",\"https:\\\/\\\/www.linkedin.com\\\/company\\\/pigrecoemme\\\/\",\"https:\\\/\\\/www.youtube.com\\\/pigrecoemme\"]},{\"@type\":\"Person\",\"@id\":\"https:\\\/\\\/www.pigrecoemme.com\\\/blog\\\/#\\\/schema\\\/person\\\/8996ab5bfa68cec611b330ae4a389d44\",\"name\":\"Pigrecoemme\",\"image\":{\"@type\":\"ImageObject\",\"inLanguage\":\"it-IT\",\"@id\":\"https:\\\/\\\/secure.gravatar.com\\\/avatar\\\/541a562fed7df6fa49262cb93f0f1135b8432ec77a1bc64fdb808f64f2a8287d?s=96&r=g\",\"url\":\"https:\\\/\\\/secure.gravatar.com\\\/avatar\\\/541a562fed7df6fa49262cb93f0f1135b8432ec77a1bc64fdb808f64f2a8287d?s=96&r=g\",\"contentUrl\":\"https:\\\/\\\/secure.gravatar.com\\\/avatar\\\/541a562fed7df6fa49262cb93f0f1135b8432ec77a1bc64fdb808f64f2a8287d?s=96&r=g\",\"caption\":\"Pigrecoemme\"},\"description\":\"Profilo redazionale. Pigrecoemme \u00e8 la prima scuola di cinema, televisione e fotografia di Napoli.\",\"sameAs\":[\"http:\\\/\\\/www.pigrecoemme.com\\\/\",\"https:\\\/\\\/www.facebook.com\\\/pigrecoemme\"],\"url\":\"https:\\\/\\\/www.pigrecoemme.com\\\/blog\\\/author\\\/pigrecoemme\\\/\"}]}<\/script>\n<!-- \/ Yoast SEO plugin. -->","yoast_head_json":{"title":"3 ottobre 2016: Passeggiata fotografica alla Sanit\u00e0 con Luca Sorbo","description":"La partecipazione \u00e8 gratuita ed \u00e8 aperta ad un massimo di 40 persone. Prenotazione obbligatoria allo 0815635188 o all\u2019email info@pigrecoemme.com","robots":{"index":"index","follow":"follow","max-snippet":"max-snippet:-1","max-image-preview":"max-image-preview:large","max-video-preview":"max-video-preview:-1"},"canonical":"https:\/\/www.pigrecoemme.com\/blog\/3-ottobre-2016-passeggiata-fotografica-alla-sanita-luca-sorbo\/","og_locale":"it_IT","og_type":"article","og_title":"3 ottobre 2016: Passeggiata fotografica alla Sanit\u00e0 con Luca Sorbo","og_description":"La partecipazione \u00e8 gratuita ed \u00e8 aperta ad un massimo di 40 persone. Prenotazione obbligatoria allo 0815635188 o all\u2019email info@pigrecoemme.com","og_url":"https:\/\/www.pigrecoemme.com\/blog\/3-ottobre-2016-passeggiata-fotografica-alla-sanita-luca-sorbo\/","og_site_name":"Scuola di Cinema Pigrecoemme - Blog","article_publisher":"https:\/\/www.facebook.com\/pigrecoemme","article_author":"https:\/\/www.facebook.com\/pigrecoemme","article_published_time":"2016-09-20T09:47:32+00:00","article_modified_time":"2025-05-21T12:51:51+00:00","og_image":[{"width":715,"height":265,"url":"https:\/\/www.pigrecoemme.com\/blog\/wp-content\/uploads\/2016\/09\/passeggiata-fotografica-sanita.jpg","type":"image\/jpeg"}],"author":"Pigrecoemme","twitter_card":"summary_large_image","twitter_creator":"@Pigrecoemme","twitter_site":"@Pigrecoemme","twitter_misc":{"Scritto da":"Pigrecoemme","Tempo di lettura stimato":"2 minuti"},"schema":{"@context":"https:\/\/schema.org","@graph":[{"@type":["Article","BlogPosting"],"@id":"https:\/\/www.pigrecoemme.com\/blog\/3-ottobre-2016-passeggiata-fotografica-alla-sanita-luca-sorbo\/#article","isPartOf":{"@id":"https:\/\/www.pigrecoemme.com\/blog\/3-ottobre-2016-passeggiata-fotografica-alla-sanita-luca-sorbo\/"},"author":{"name":"Pigrecoemme","@id":"https:\/\/www.pigrecoemme.com\/blog\/#\/schema\/person\/8996ab5bfa68cec611b330ae4a389d44"},"headline":"3 ottobre 2016: Passeggiata fotografica alla Sanit\u00e0 con Luca Sorbo","datePublished":"2016-09-20T09:47:32+00:00","dateModified":"2025-05-21T12:51:51+00:00","mainEntityOfPage":{"@id":"https:\/\/www.pigrecoemme.com\/blog\/3-ottobre-2016-passeggiata-fotografica-alla-sanita-luca-sorbo\/"},"wordCount":266,"commentCount":0,"publisher":{"@id":"https:\/\/www.pigrecoemme.com\/blog\/#organization"},"image":{"@id":"https:\/\/www.pigrecoemme.com\/blog\/3-ottobre-2016-passeggiata-fotografica-alla-sanita-luca-sorbo\/#primaryimage"},"thumbnailUrl":"http:\/\/www.pigrecoemme.com\/blog\/wp-content\/uploads\/2016\/09\/passeggiata-fotografica-sanita.jpg","keywords":["corsi di fotografia","fotografia","incontri fotografici","luca sotbo","passeggiata fotografica"],"articleSection":["Eventi","Fotografia","Generale","Incontri fotografici","Segnalazioni"],"inLanguage":"it-IT","potentialAction":[{"@type":"CommentAction","name":"Comment","target":["https:\/\/www.pigrecoemme.com\/blog\/3-ottobre-2016-passeggiata-fotografica-alla-sanita-luca-sorbo\/#respond"]}]},{"@type":"WebPage","@id":"https:\/\/www.pigrecoemme.com\/blog\/3-ottobre-2016-passeggiata-fotografica-alla-sanita-luca-sorbo\/","url":"https:\/\/www.pigrecoemme.com\/blog\/3-ottobre-2016-passeggiata-fotografica-alla-sanita-luca-sorbo\/","name":"3 ottobre 2016: Passeggiata fotografica alla Sanit\u00e0 con Luca Sorbo","isPartOf":{"@id":"https:\/\/www.pigrecoemme.com\/blog\/#website"},"primaryImageOfPage":{"@id":"https:\/\/www.pigrecoemme.com\/blog\/3-ottobre-2016-passeggiata-fotografica-alla-sanita-luca-sorbo\/#primaryimage"},"image":{"@id":"https:\/\/www.pigrecoemme.com\/blog\/3-ottobre-2016-passeggiata-fotografica-alla-sanita-luca-sorbo\/#primaryimage"},"thumbnailUrl":"http:\/\/www.pigrecoemme.com\/blog\/wp-content\/uploads\/2016\/09\/passeggiata-fotografica-sanita.jpg","datePublished":"2016-09-20T09:47:32+00:00","dateModified":"2025-05-21T12:51:51+00:00","description":"La partecipazione \u00e8 gratuita ed \u00e8 aperta ad un massimo di 40 persone. Prenotazione obbligatoria allo 0815635188 o all\u2019email info@pigrecoemme.com","breadcrumb":{"@id":"https:\/\/www.pigrecoemme.com\/blog\/3-ottobre-2016-passeggiata-fotografica-alla-sanita-luca-sorbo\/#breadcrumb"},"inLanguage":"it-IT","potentialAction":[{"@type":"ReadAction","target":["https:\/\/www.pigrecoemme.com\/blog\/3-ottobre-2016-passeggiata-fotografica-alla-sanita-luca-sorbo\/"]}]},{"@type":"ImageObject","inLanguage":"it-IT","@id":"https:\/\/www.pigrecoemme.com\/blog\/3-ottobre-2016-passeggiata-fotografica-alla-sanita-luca-sorbo\/#primaryimage","url":"http:\/\/www.pigrecoemme.com\/blog\/wp-content\/uploads\/2016\/09\/passeggiata-fotografica-sanita.jpg","contentUrl":"http:\/\/www.pigrecoemme.com\/blog\/wp-content\/uploads\/2016\/09\/passeggiata-fotografica-sanita.jpg"},{"@type":"BreadcrumbList","@id":"https:\/\/www.pigrecoemme.com\/blog\/3-ottobre-2016-passeggiata-fotografica-alla-sanita-luca-sorbo\/#breadcrumb","itemListElement":[{"@type":"ListItem","position":1,"name":"Home","item":"https:\/\/www.pigrecoemme.com\/blog\/"},{"@type":"ListItem","position":2,"name":"3 ottobre 2016: Passeggiata fotografica alla Sanit\u00e0 con Luca Sorbo"}]},{"@type":"WebSite","@id":"https:\/\/www.pigrecoemme.com\/blog\/#website","url":"https:\/\/www.pigrecoemme.com\/blog\/","name":"Scuola di Cinema Pigrecoemme - Blog","description":"Siamo la prima Scuola di Cinema e Fotografia di Napoli","publisher":{"@id":"https:\/\/www.pigrecoemme.com\/blog\/#organization"},"potentialAction":[{"@type":"SearchAction","target":{"@type":"EntryPoint","urlTemplate":"https:\/\/www.pigrecoemme.com\/blog\/?s={search_term_string}"},"query-input":{"@type":"PropertyValueSpecification","valueRequired":true,"valueName":"search_term_string"}}],"inLanguage":"it-IT"},{"@type":"Organization","@id":"https:\/\/www.pigrecoemme.com\/blog\/#organization","name":"Scuola di cinema e fotografia Pigrecoemme","url":"https:\/\/www.pigrecoemme.com\/blog\/","logo":{"@type":"ImageObject","inLanguage":"it-IT","@id":"https:\/\/www.pigrecoemme.com\/blog\/#\/schema\/logo\/image\/","url":"https:\/\/i0.wp.com\/www.pigrecoemme.com\/blog\/wp-content\/uploads\/2018\/06\/logo-pigrecoemme-2018.png?fit=500%2C500&ssl=1","contentUrl":"https:\/\/i0.wp.com\/www.pigrecoemme.com\/blog\/wp-content\/uploads\/2018\/06\/logo-pigrecoemme-2018.png?fit=500%2C500&ssl=1","width":500,"height":500,"caption":"Scuola di cinema e fotografia Pigrecoemme"},"image":{"@id":"https:\/\/www.pigrecoemme.com\/blog\/#\/schema\/logo\/image\/"},"sameAs":["https:\/\/www.facebook.com\/pigrecoemme","https:\/\/x.com\/Pigrecoemme","https:\/\/www.instagram.com\/pigrecoemme\/","https:\/\/www.linkedin.com\/company\/pigrecoemme\/","https:\/\/www.youtube.com\/pigrecoemme"]},{"@type":"Person","@id":"https:\/\/www.pigrecoemme.com\/blog\/#\/schema\/person\/8996ab5bfa68cec611b330ae4a389d44","name":"Pigrecoemme","image":{"@type":"ImageObject","inLanguage":"it-IT","@id":"https:\/\/secure.gravatar.com\/avatar\/541a562fed7df6fa49262cb93f0f1135b8432ec77a1bc64fdb808f64f2a8287d?s=96&r=g","url":"https:\/\/secure.gravatar.com\/avatar\/541a562fed7df6fa49262cb93f0f1135b8432ec77a1bc64fdb808f64f2a8287d?s=96&r=g","contentUrl":"https:\/\/secure.gravatar.com\/avatar\/541a562fed7df6fa49262cb93f0f1135b8432ec77a1bc64fdb808f64f2a8287d?s=96&r=g","caption":"Pigrecoemme"},"description":"Profilo redazionale. Pigrecoemme \u00e8 la prima scuola di cinema, televisione e fotografia di Napoli.","sameAs":["http:\/\/www.pigrecoemme.com\/","https:\/\/www.facebook.com\/pigrecoemme"],"url":"https:\/\/www.pigrecoemme.com\/blog\/author\/pigrecoemme\/"}]}},"jetpack_sharing_enabled":true,"jetpack_likes_enabled":true,"jetpack-related-posts":[{"id":1942,"url":"https:\/\/www.pigrecoemme.com\/blog\/incontro-fotografico-lucia-patalano\/","url_meta":{"origin":1758,"position":0},"title":"Incontro fotografico con Lucia Patalano","author":"Pigrecoemme","date":"8 Settembre 2017","format":false,"excerpt":"Sabato 30 settembre 2017 alle 16:00 presso la Scuola di Cinema e Fotografia Pigrecoemme di Napoli Luca Sorbo, docente all'Accademia di Belle Arti di Napoli e responsabile dei corsi di Fotografia della Pigrecoemme, incontrer\u00e0 Lucia Patalano, una delle principali esponenti della fotografia napoletana. Sar\u00e0 un'occasione importante per ripercorrere la vicenda\u2026","rel":"","context":"In &quot;Eventi&quot;","block_context":{"text":"Eventi","link":"https:\/\/www.pigrecoemme.com\/blog\/eventi\/"},"img":{"alt_text":"Incontro fotografico con Lucia Patalano","src":"https:\/\/i0.wp.com\/www.pigrecoemme.com\/blog\/wp-content\/uploads\/2017\/09\/incontro-con-lucia-patalano.jpg?resize=350%2C200","width":350,"height":200},"classes":[]},{"id":1694,"url":"https:\/\/www.pigrecoemme.com\/blog\/27-aprile-passeggiata-fotografica-ai-quartieri-spagnoli\/","url_meta":{"origin":1758,"position":1},"title":"27 aprile:  Passeggiata fotografica ai Quartieri Spagnoli","author":"Giacomo Fabbrocino","date":"14 Aprile 2016","format":false,"excerpt":"Esplorare fotograficamente i Quartieri Spagnoli \u00e8 una della esperienze pi\u00f9 avvincenti con cui si possa misurare un fotografo, sia principiante, sia esperto. L'antico luogo in cui erano alloggiate le truppe spagnole nel 1500 ha un fascino unico. Oggi \u00e8 uno dei luoghi in cui confrontarsi con l'anima popolare di Napoli,\u2026","rel":"","context":"In &quot;Eventi&quot;","block_context":{"text":"Eventi","link":"https:\/\/www.pigrecoemme.com\/blog\/eventi\/"},"img":{"alt_text":"Grazie a Lidia de Campora per l'immagine.","src":"https:\/\/i0.wp.com\/www.pigrecoemme.com\/blog\/wp-content\/uploads\/2016\/04\/passeggiata-quartieri-spagnoli.jpg?resize=350%2C200","width":350,"height":200,"srcset":"https:\/\/i0.wp.com\/www.pigrecoemme.com\/blog\/wp-content\/uploads\/2016\/04\/passeggiata-quartieri-spagnoli.jpg?resize=350%2C200 1x, https:\/\/i0.wp.com\/www.pigrecoemme.com\/blog\/wp-content\/uploads\/2016\/04\/passeggiata-quartieri-spagnoli.jpg?resize=525%2C300 1.5x, https:\/\/i0.wp.com\/www.pigrecoemme.com\/blog\/wp-content\/uploads\/2016\/04\/passeggiata-quartieri-spagnoli.jpg?resize=700%2C400 2x"},"classes":[]},{"id":1827,"url":"https:\/\/www.pigrecoemme.com\/blog\/da-porta-nolana-a-forcella-passeggiata-fotografica-con-luca-sorbo\/","url_meta":{"origin":1758,"position":2},"title":"Da Porta Nolana a Forcella: passeggiata fotografica con Luca Sorbo.","author":"Pigrecoemme","date":"27 Dicembre 2016","format":false,"excerpt":"Ci\u00a0 incontreremo sabato 21 gennaio 2017 \u00a0alle 14:00 all'ingresso esterno della Feltrinelli della Stazione Centrale. Raggiungeremo Porta Nolana e ci immergeremo in uno dei mercati pi\u00f9 interessanti e particolari di Napoli. Cercheremo di raccontare con la fotografia la complessa realt\u00e0 sociale, la stratificazione culturale e le recenti trasformazioni. Poi raggiungeremo\u2026","rel":"","context":"In &quot;Eventi&quot;","block_context":{"text":"Eventi","link":"https:\/\/www.pigrecoemme.com\/blog\/eventi\/"},"img":{"alt_text":"Da Porta Nolana a Forcella passeggiata fotografica con Luca Sorbo","src":"https:\/\/i0.wp.com\/www.pigrecoemme.com\/blog\/wp-content\/uploads\/2016\/12\/passeggiata-fotografica-forcella-2017.jpg?resize=350%2C200","width":350,"height":200},"classes":[]},{"id":822,"url":"https:\/\/www.pigrecoemme.com\/blog\/incontri-fotografici-itaca\/","url_meta":{"origin":1758,"position":3},"title":"Gli Incontri fotografici della Pigrecoemme approdano all&#8217;Itaca di Renato Orsini","author":"Corrado Morra","date":"26 Aprile 2014","format":false,"excerpt":"Mercoled\u00ec 30 aprile, dalle ore 17,00 alle 19,00, nell\u2019ambito della rassegna Incontri fotografici della Scuola di cinema e fotografia Pigrecoemme di Napoli, Renato Orsini presenta ITACA, il suo ultimo progetto fotografico, un viaggio emozionante in bianco e nero che, attraverso forti contrasti e una capacit\u00e0 sbalorditiva di scovare particolari epifanici,\u2026","rel":"","context":"In &quot;Eventi&quot;","block_context":{"text":"Eventi","link":"https:\/\/www.pigrecoemme.com\/blog\/eventi\/"},"img":{"alt_text":"","src":"https:\/\/i0.wp.com\/www.pigrecoemme.com\/blog\/wp-content\/uploads\/2014\/04\/renato-orsini.png?resize=350%2C200","width":350,"height":200},"classes":[]},{"id":1456,"url":"https:\/\/www.pigrecoemme.com\/blog\/lezione-gratuita-sulla-fotografia-in-bianco-e-nero\/","url_meta":{"origin":1758,"position":4},"title":"6 ottobre: lezione gratuita sulla fotografia in Bianco e Nero","author":"Giacomo Fabbrocino","date":"10 Settembre 2015","format":false,"excerpt":"Marted\u00ec 6 ottobre\u00a02015\u00a0dalle ore 16,00 alle 18,30, Luca Sorbo\u00a0- curatore del nostro corso di fotografia - terr\u00e0\u00a0una lezione gratuita sul bianco e nero, riproponendo la formula che gi\u00e0 aveva avuto molto successo lo scorso anno. \u00a0Esempi di elaborazione fotografica in bianco e nero Dal dagherrotipo a Photoshop Perch\u00e9 raccontare il\u2026","rel":"","context":"In &quot;Eventi&quot;","block_context":{"text":"Eventi","link":"https:\/\/www.pigrecoemme.com\/blog\/eventi\/"},"img":{"alt_text":"Gelatina all'argento su legno","src":"https:\/\/i0.wp.com\/www.pigrecoemme.com\/blog\/wp-content\/uploads\/2015\/01\/gelatina-all-argento-su-legno.jpg?resize=350%2C200","width":350,"height":200},"classes":[]},{"id":1184,"url":"https:\/\/www.pigrecoemme.com\/blog\/lezione-gratuita-sulla-fotografia-bianco-e-nero-alla-pigrecoemme\/","url_meta":{"origin":1758,"position":5},"title":"Lezione gratuita sulla fotografia in Bianco e Nero alla Pigrecoemme","author":"Giacomo Fabbrocino","date":"8 Gennaio 2015","format":false,"excerpt":"Marted\u00ec 20\u00a0gennaio, dalle ore 16,00 alle 18,30, Luca Sorbo curer\u00e0 a una lezione gratuita sul mondo del bianco e nero fotografico. \u00a0Esempi Dal dagherrotipo a Photoshop Perch\u00e9 raccontare il mondo in scala di grigi? Qual \u00e8 il modo pi\u00f9 efficace per farlo? Attraverso la visione di originali come dagherrotipi, ambrotipi,\u2026","rel":"","context":"In &quot;Fotografia&quot;","block_context":{"text":"Fotografia","link":"https:\/\/www.pigrecoemme.com\/blog\/fotografia\/"},"img":{"alt_text":"Gelatina all'argento su legno","src":"https:\/\/i0.wp.com\/www.pigrecoemme.com\/blog\/wp-content\/uploads\/2015\/01\/gelatina-all-argento-su-legno.jpg?resize=350%2C200","width":350,"height":200},"classes":[]}],"jetpack_featured_media_url":"","_links":{"self":[{"href":"https:\/\/www.pigrecoemme.com\/blog\/wp-json\/wp\/v2\/posts\/1758","targetHints":{"allow":["GET"]}}],"collection":[{"href":"https:\/\/www.pigrecoemme.com\/blog\/wp-json\/wp\/v2\/posts"}],"about":[{"href":"https:\/\/www.pigrecoemme.com\/blog\/wp-json\/wp\/v2\/types\/post"}],"author":[{"embeddable":true,"href":"https:\/\/www.pigrecoemme.com\/blog\/wp-json\/wp\/v2\/users\/4"}],"replies":[{"embeddable":true,"href":"https:\/\/www.pigrecoemme.com\/blog\/wp-json\/wp\/v2\/comments?post=1758"}],"version-history":[{"count":1,"href":"https:\/\/www.pigrecoemme.com\/blog\/wp-json\/wp\/v2\/posts\/1758\/revisions"}],"predecessor-version":[{"id":3821,"href":"https:\/\/www.pigrecoemme.com\/blog\/wp-json\/wp\/v2\/posts\/1758\/revisions\/3821"}],"wp:attachment":[{"href":"https:\/\/www.pigrecoemme.com\/blog\/wp-json\/wp\/v2\/media?parent=1758"}],"wp:term":[{"taxonomy":"category","embeddable":true,"href":"https:\/\/www.pigrecoemme.com\/blog\/wp-json\/wp\/v2\/categories?post=1758"},{"taxonomy":"post_tag","embeddable":true,"href":"https:\/\/www.pigrecoemme.com\/blog\/wp-json\/wp\/v2\/tags?post=1758"}],"curies":[{"name":"wp","href":"https:\/\/api.w.org\/{rel}","templated":true}]}}