{"id":174,"date":"2009-09-25T17:12:14","date_gmt":"2009-09-25T15:12:14","guid":{"rendered":"http:\/\/www.pigrecoemme.com\/blog\/?p=174"},"modified":"2024-07-11T01:09:50","modified_gmt":"2024-07-10T23:09:50","slug":"aperta-una-seconda-classe-del-corso-di-fotografia","status":"publish","type":"post","link":"https:\/\/www.pigrecoemme.com\/blog\/aperta-una-seconda-classe-del-corso-di-fotografia\/","title":{"rendered":"Aperta una seconda classe del corso di fotografia"},"content":{"rendered":"\n<p class=\"wp-block-paragraph\">Da alcuni anni ormai non riusciamo a soddisfare la richiesta di tutti coloro che vorrebbero partecipare al nostro <a href=\"http:\/\/www.pigrecoemme.com\/corso-fotografia\/corso-di-fotografia-2.htm\">corso di fotografia<\/a>: creare classi che accolgano pi\u00f9 di venti persone significherebbe rendere i corsi poco agili e non poter garantire a tutti gli iscritti la giusta attenzione da parte del docente e della struttura.\u00a0 Vista per\u00f2 la grande richiesta di questo periodo e la possibilit\u00e0, in autunno, di farlo abbiamo pensato di aprire una seconda classe mattutina. Il <a href=\"https:\/\/www.pigrecoemme.com\/corso-fotografia\/corso-di-fotografia-2.htm\">calendario<\/a> dei moduli A e B del corso \u00e8 il <a href=\"http:\/\/www.pigrecoemme.com\/cgi-bin\/clickmanager\/clickmanager.cgi?dl=http:\/\/www.pigrecoemme.com\/corso-fotografia\/corso-di-fotografihttps:\/\/www.pigrecoemme.com\/corso-fotografia\/corso-di-fotografia-2.htma.pdf\">medesimo<\/a>, ma le lezioni si svolgeranno dalle 11.00 alle 14.00.<\/p>\n\n\n\n<figure class=\"wp-block-image alignfull\"><a href=\"http:\/\/www.flickr.com\/photos\/amarillio\/3924109736\/\"><img data-recalc-dims=\"1\" decoding=\"async\" src=\"https:\/\/i0.wp.com\/farm3.static.flickr.com\/2431\/3924109736_7983d9fdd4.jpg?w=860\" alt=\"North East London\"\/><\/a><\/figure>\n\n\n\n<p class=\"has-text-align-center wp-block-paragraph\"><br \/><em>Foto della settimana di Davide De Luca, ex allievo del corso<\/em><\/p>\n","protected":false},"excerpt":{"rendered":"<p>Da alcuni anni ormai non riusciamo a soddisfare la richiesta di tutti coloro che vorrebbero partecipare al nostro corso di fotografia: creare classi che accolgano pi\u00f9 di venti persone significherebbe rendere i corsi poco&hellip;<\/p>\n","protected":false},"author":1,"featured_media":0,"comment_status":"open","ping_status":"open","sticky":false,"template":"","format":"standard","meta":{"_jetpack_newsletter_access":"","_jetpack_dont_email_post_to_subs":false,"_jetpack_newsletter_tier_id":0,"_jetpack_memberships_contains_paywalled_content":false,"_jetpack_feature_clip_id":0,"_jetpack_memberships_contains_paid_content":false,"footnotes":"","jetpack_post_was_ever_published":false},"categories":[1,299,3],"tags":[20,204],"class_list":["post-174","post","type-post","status-publish","format-standard","hentry","category-generale","category-foto-della-settimana","category-scuola-di-cinema","tag-corso-di-fotografia","tag-la-foto-della-settimana"],"yoast_head":"<!-- This site is optimized with the Yoast SEO plugin v28.4 - https:\/\/yoast.com\/product\/yoast-seo-wordpress\/ -->\n<title>Aperta una seconda classe del corso di fotografia<\/title>\n<meta name=\"robots\" content=\"index, follow, max-snippet:-1, max-image-preview:large, max-video-preview:-1\" \/>\n<link rel=\"canonical\" href=\"https:\/\/www.pigrecoemme.com\/blog\/aperta-una-seconda-classe-del-corso-di-fotografia\/\" \/>\n<meta property=\"og:locale\" content=\"it_IT\" \/>\n<meta property=\"og:type\" content=\"article\" \/>\n<meta property=\"og:title\" content=\"Aperta una seconda classe del corso di fotografia\" \/>\n<meta property=\"og:description\" content=\"Da alcuni anni ormai non riusciamo a soddisfare la richiesta di tutti coloro che vorrebbero partecipare al nostro corso di fotografia: creare classi che accolgano pi\u00f9 di venti persone significherebbe rendere i corsi poco&hellip;\" \/>\n<meta property=\"og:url\" content=\"https:\/\/www.pigrecoemme.com\/blog\/aperta-una-seconda-classe-del-corso-di-fotografia\/\" \/>\n<meta property=\"og:site_name\" content=\"Scuola di Cinema Pigrecoemme - Blog\" \/>\n<meta property=\"article:publisher\" content=\"https:\/\/www.facebook.com\/pigrecoemme\" \/>\n<meta property=\"article:author\" content=\"https:\/\/www.facebook.com\/giacomo.fabbrocino\" \/>\n<meta property=\"article:published_time\" content=\"2009-09-25T15:12:14+00:00\" \/>\n<meta property=\"article:modified_time\" content=\"2024-07-10T23:09:50+00:00\" \/>\n<meta property=\"og:image\" content=\"http:\/\/farm3.static.flickr.com\/2431\/3924109736_7983d9fdd4.jpg\" \/>\n<meta name=\"author\" content=\"Giacomo Fabbrocino\" \/>\n<meta name=\"twitter:card\" content=\"summary_large_image\" \/>\n<meta name=\"twitter:creator\" content=\"@Pigrecoemme\" \/>\n<meta name=\"twitter:site\" content=\"@Pigrecoemme\" \/>\n<meta name=\"twitter:label1\" content=\"Scritto da\" \/>\n\t<meta name=\"twitter:data1\" content=\"Giacomo Fabbrocino\" \/>\n\t<meta name=\"twitter:label2\" content=\"Tempo di lettura stimato\" \/>\n\t<meta name=\"twitter:data2\" content=\"1 minuto\" \/>\n<script type=\"application\/ld+json\" class=\"yoast-schema-graph\">{\"@context\":\"https:\\\/\\\/schema.org\",\"@graph\":[{\"@type\":[\"Article\",\"BlogPosting\"],\"@id\":\"https:\\\/\\\/www.pigrecoemme.com\\\/blog\\\/aperta-una-seconda-classe-del-corso-di-fotografia\\\/#article\",\"isPartOf\":{\"@id\":\"https:\\\/\\\/www.pigrecoemme.com\\\/blog\\\/aperta-una-seconda-classe-del-corso-di-fotografia\\\/\"},\"author\":{\"name\":\"Giacomo Fabbrocino\",\"@id\":\"https:\\\/\\\/www.pigrecoemme.com\\\/blog\\\/#\\\/schema\\\/person\\\/57fa822c3d209d3a2612fd0411ae63f4\"},\"headline\":\"Aperta una seconda classe del corso di fotografia\",\"datePublished\":\"2009-09-25T15:12:14+00:00\",\"dateModified\":\"2024-07-10T23:09:50+00:00\",\"mainEntityOfPage\":{\"@id\":\"https:\\\/\\\/www.pigrecoemme.com\\\/blog\\\/aperta-una-seconda-classe-del-corso-di-fotografia\\\/\"},\"wordCount\":113,\"commentCount\":0,\"publisher\":{\"@id\":\"https:\\\/\\\/www.pigrecoemme.com\\\/blog\\\/#organization\"},\"image\":{\"@id\":\"https:\\\/\\\/www.pigrecoemme.com\\\/blog\\\/aperta-una-seconda-classe-del-corso-di-fotografia\\\/#primaryimage\"},\"thumbnailUrl\":\"http:\\\/\\\/farm3.static.flickr.com\\\/2431\\\/3924109736_7983d9fdd4.jpg\",\"keywords\":[\"\\\"corso di fotografia\\\"\",\"la foto della settimana\"],\"articleSection\":[\"Generale\",\"La foto della settimana\",\"Scuola di cinema\"],\"inLanguage\":\"it-IT\",\"potentialAction\":[{\"@type\":\"CommentAction\",\"name\":\"Comment\",\"target\":[\"https:\\\/\\\/www.pigrecoemme.com\\\/blog\\\/aperta-una-seconda-classe-del-corso-di-fotografia\\\/#respond\"]}]},{\"@type\":\"WebPage\",\"@id\":\"https:\\\/\\\/www.pigrecoemme.com\\\/blog\\\/aperta-una-seconda-classe-del-corso-di-fotografia\\\/\",\"url\":\"https:\\\/\\\/www.pigrecoemme.com\\\/blog\\\/aperta-una-seconda-classe-del-corso-di-fotografia\\\/\",\"name\":\"Aperta una seconda classe del corso di fotografia\",\"isPartOf\":{\"@id\":\"https:\\\/\\\/www.pigrecoemme.com\\\/blog\\\/#website\"},\"primaryImageOfPage\":{\"@id\":\"https:\\\/\\\/www.pigrecoemme.com\\\/blog\\\/aperta-una-seconda-classe-del-corso-di-fotografia\\\/#primaryimage\"},\"image\":{\"@id\":\"https:\\\/\\\/www.pigrecoemme.com\\\/blog\\\/aperta-una-seconda-classe-del-corso-di-fotografia\\\/#primaryimage\"},\"thumbnailUrl\":\"http:\\\/\\\/farm3.static.flickr.com\\\/2431\\\/3924109736_7983d9fdd4.jpg\",\"datePublished\":\"2009-09-25T15:12:14+00:00\",\"dateModified\":\"2024-07-10T23:09:50+00:00\",\"breadcrumb\":{\"@id\":\"https:\\\/\\\/www.pigrecoemme.com\\\/blog\\\/aperta-una-seconda-classe-del-corso-di-fotografia\\\/#breadcrumb\"},\"inLanguage\":\"it-IT\",\"potentialAction\":[{\"@type\":\"ReadAction\",\"target\":[\"https:\\\/\\\/www.pigrecoemme.com\\\/blog\\\/aperta-una-seconda-classe-del-corso-di-fotografia\\\/\"]}]},{\"@type\":\"ImageObject\",\"inLanguage\":\"it-IT\",\"@id\":\"https:\\\/\\\/www.pigrecoemme.com\\\/blog\\\/aperta-una-seconda-classe-del-corso-di-fotografia\\\/#primaryimage\",\"url\":\"http:\\\/\\\/farm3.static.flickr.com\\\/2431\\\/3924109736_7983d9fdd4.jpg\",\"contentUrl\":\"http:\\\/\\\/farm3.static.flickr.com\\\/2431\\\/3924109736_7983d9fdd4.jpg\"},{\"@type\":\"BreadcrumbList\",\"@id\":\"https:\\\/\\\/www.pigrecoemme.com\\\/blog\\\/aperta-una-seconda-classe-del-corso-di-fotografia\\\/#breadcrumb\",\"itemListElement\":[{\"@type\":\"ListItem\",\"position\":1,\"name\":\"Home\",\"item\":\"https:\\\/\\\/www.pigrecoemme.com\\\/blog\\\/\"},{\"@type\":\"ListItem\",\"position\":2,\"name\":\"Aperta una seconda classe del corso di fotografia\"}]},{\"@type\":\"WebSite\",\"@id\":\"https:\\\/\\\/www.pigrecoemme.com\\\/blog\\\/#website\",\"url\":\"https:\\\/\\\/www.pigrecoemme.com\\\/blog\\\/\",\"name\":\"Scuola di Cinema Pigrecoemme - Blog\",\"description\":\"Siamo la prima Scuola di Cinema e Fotografia di Napoli\",\"publisher\":{\"@id\":\"https:\\\/\\\/www.pigrecoemme.com\\\/blog\\\/#organization\"},\"potentialAction\":[{\"@type\":\"SearchAction\",\"target\":{\"@type\":\"EntryPoint\",\"urlTemplate\":\"https:\\\/\\\/www.pigrecoemme.com\\\/blog\\\/?s={search_term_string}\"},\"query-input\":{\"@type\":\"PropertyValueSpecification\",\"valueRequired\":true,\"valueName\":\"search_term_string\"}}],\"inLanguage\":\"it-IT\"},{\"@type\":\"Organization\",\"@id\":\"https:\\\/\\\/www.pigrecoemme.com\\\/blog\\\/#organization\",\"name\":\"Scuola di cinema e fotografia Pigrecoemme\",\"url\":\"https:\\\/\\\/www.pigrecoemme.com\\\/blog\\\/\",\"logo\":{\"@type\":\"ImageObject\",\"inLanguage\":\"it-IT\",\"@id\":\"https:\\\/\\\/www.pigrecoemme.com\\\/blog\\\/#\\\/schema\\\/logo\\\/image\\\/\",\"url\":\"https:\\\/\\\/i0.wp.com\\\/www.pigrecoemme.com\\\/blog\\\/wp-content\\\/uploads\\\/2018\\\/06\\\/logo-pigrecoemme-2018.png?fit=500%2C500&ssl=1\",\"contentUrl\":\"https:\\\/\\\/i0.wp.com\\\/www.pigrecoemme.com\\\/blog\\\/wp-content\\\/uploads\\\/2018\\\/06\\\/logo-pigrecoemme-2018.png?fit=500%2C500&ssl=1\",\"width\":500,\"height\":500,\"caption\":\"Scuola di cinema e fotografia Pigrecoemme\"},\"image\":{\"@id\":\"https:\\\/\\\/www.pigrecoemme.com\\\/blog\\\/#\\\/schema\\\/logo\\\/image\\\/\"},\"sameAs\":[\"https:\\\/\\\/www.facebook.com\\\/pigrecoemme\",\"https:\\\/\\\/x.com\\\/Pigrecoemme\",\"https:\\\/\\\/www.instagram.com\\\/pigrecoemme\\\/\",\"https:\\\/\\\/www.linkedin.com\\\/company\\\/pigrecoemme\\\/\",\"https:\\\/\\\/www.youtube.com\\\/pigrecoemme\"]},{\"@type\":\"Person\",\"@id\":\"https:\\\/\\\/www.pigrecoemme.com\\\/blog\\\/#\\\/schema\\\/person\\\/57fa822c3d209d3a2612fd0411ae63f4\",\"name\":\"Giacomo Fabbrocino\",\"image\":{\"@type\":\"ImageObject\",\"inLanguage\":\"it-IT\",\"@id\":\"https:\\\/\\\/secure.gravatar.com\\\/avatar\\\/0e4dfd4d05c06a03fffaffeb36fb181415ba11b91a6b566fa2e8ada75927db32?s=96&r=g\",\"url\":\"https:\\\/\\\/secure.gravatar.com\\\/avatar\\\/0e4dfd4d05c06a03fffaffeb36fb181415ba11b91a6b566fa2e8ada75927db32?s=96&r=g\",\"contentUrl\":\"https:\\\/\\\/secure.gravatar.com\\\/avatar\\\/0e4dfd4d05c06a03fffaffeb36fb181415ba11b91a6b566fa2e8ada75927db32?s=96&r=g\",\"caption\":\"Giacomo Fabbrocino\"},\"description\":\"Montatore cinematografico, autore di documentari sull'arte e di video d'artista, Giacomo \u00e8 responsabile della didattica e della comunicazione web della Scuola di Cinema, Fotografia e Televisione Pigrecoemme di Napoli.\",\"sameAs\":[\"http:\\\/\\\/www.pigrecoemme.com\\\/\",\"https:\\\/\\\/www.facebook.com\\\/giacomo.fabbrocino\"],\"url\":\"https:\\\/\\\/www.pigrecoemme.com\\\/blog\\\/author\\\/giacomo-fabbrocino\\\/\"}]}<\/script>\n<!-- \/ Yoast SEO plugin. -->","yoast_head_json":{"title":"Aperta una seconda classe del corso di fotografia","robots":{"index":"index","follow":"follow","max-snippet":"max-snippet:-1","max-image-preview":"max-image-preview:large","max-video-preview":"max-video-preview:-1"},"canonical":"https:\/\/www.pigrecoemme.com\/blog\/aperta-una-seconda-classe-del-corso-di-fotografia\/","og_locale":"it_IT","og_type":"article","og_title":"Aperta una seconda classe del corso di fotografia","og_description":"Da alcuni anni ormai non riusciamo a soddisfare la richiesta di tutti coloro che vorrebbero partecipare al nostro corso di fotografia: creare classi che accolgano pi\u00f9 di venti persone significherebbe rendere i corsi poco&hellip;","og_url":"https:\/\/www.pigrecoemme.com\/blog\/aperta-una-seconda-classe-del-corso-di-fotografia\/","og_site_name":"Scuola di Cinema Pigrecoemme - Blog","article_publisher":"https:\/\/www.facebook.com\/pigrecoemme","article_author":"https:\/\/www.facebook.com\/giacomo.fabbrocino","article_published_time":"2009-09-25T15:12:14+00:00","article_modified_time":"2024-07-10T23:09:50+00:00","og_image":[{"url":"http:\/\/farm3.static.flickr.com\/2431\/3924109736_7983d9fdd4.jpg","type":"","width":"","height":""}],"author":"Giacomo Fabbrocino","twitter_card":"summary_large_image","twitter_creator":"@Pigrecoemme","twitter_site":"@Pigrecoemme","twitter_misc":{"Scritto da":"Giacomo Fabbrocino","Tempo di lettura stimato":"1 minuto"},"schema":{"@context":"https:\/\/schema.org","@graph":[{"@type":["Article","BlogPosting"],"@id":"https:\/\/www.pigrecoemme.com\/blog\/aperta-una-seconda-classe-del-corso-di-fotografia\/#article","isPartOf":{"@id":"https:\/\/www.pigrecoemme.com\/blog\/aperta-una-seconda-classe-del-corso-di-fotografia\/"},"author":{"name":"Giacomo Fabbrocino","@id":"https:\/\/www.pigrecoemme.com\/blog\/#\/schema\/person\/57fa822c3d209d3a2612fd0411ae63f4"},"headline":"Aperta una seconda classe del corso di fotografia","datePublished":"2009-09-25T15:12:14+00:00","dateModified":"2024-07-10T23:09:50+00:00","mainEntityOfPage":{"@id":"https:\/\/www.pigrecoemme.com\/blog\/aperta-una-seconda-classe-del-corso-di-fotografia\/"},"wordCount":113,"commentCount":0,"publisher":{"@id":"https:\/\/www.pigrecoemme.com\/blog\/#organization"},"image":{"@id":"https:\/\/www.pigrecoemme.com\/blog\/aperta-una-seconda-classe-del-corso-di-fotografia\/#primaryimage"},"thumbnailUrl":"http:\/\/farm3.static.flickr.com\/2431\/3924109736_7983d9fdd4.jpg","keywords":["\"corso di fotografia\"","la foto della settimana"],"articleSection":["Generale","La foto della settimana","Scuola di cinema"],"inLanguage":"it-IT","potentialAction":[{"@type":"CommentAction","name":"Comment","target":["https:\/\/www.pigrecoemme.com\/blog\/aperta-una-seconda-classe-del-corso-di-fotografia\/#respond"]}]},{"@type":"WebPage","@id":"https:\/\/www.pigrecoemme.com\/blog\/aperta-una-seconda-classe-del-corso-di-fotografia\/","url":"https:\/\/www.pigrecoemme.com\/blog\/aperta-una-seconda-classe-del-corso-di-fotografia\/","name":"Aperta una seconda classe del corso di fotografia","isPartOf":{"@id":"https:\/\/www.pigrecoemme.com\/blog\/#website"},"primaryImageOfPage":{"@id":"https:\/\/www.pigrecoemme.com\/blog\/aperta-una-seconda-classe-del-corso-di-fotografia\/#primaryimage"},"image":{"@id":"https:\/\/www.pigrecoemme.com\/blog\/aperta-una-seconda-classe-del-corso-di-fotografia\/#primaryimage"},"thumbnailUrl":"http:\/\/farm3.static.flickr.com\/2431\/3924109736_7983d9fdd4.jpg","datePublished":"2009-09-25T15:12:14+00:00","dateModified":"2024-07-10T23:09:50+00:00","breadcrumb":{"@id":"https:\/\/www.pigrecoemme.com\/blog\/aperta-una-seconda-classe-del-corso-di-fotografia\/#breadcrumb"},"inLanguage":"it-IT","potentialAction":[{"@type":"ReadAction","target":["https:\/\/www.pigrecoemme.com\/blog\/aperta-una-seconda-classe-del-corso-di-fotografia\/"]}]},{"@type":"ImageObject","inLanguage":"it-IT","@id":"https:\/\/www.pigrecoemme.com\/blog\/aperta-una-seconda-classe-del-corso-di-fotografia\/#primaryimage","url":"http:\/\/farm3.static.flickr.com\/2431\/3924109736_7983d9fdd4.jpg","contentUrl":"http:\/\/farm3.static.flickr.com\/2431\/3924109736_7983d9fdd4.jpg"},{"@type":"BreadcrumbList","@id":"https:\/\/www.pigrecoemme.com\/blog\/aperta-una-seconda-classe-del-corso-di-fotografia\/#breadcrumb","itemListElement":[{"@type":"ListItem","position":1,"name":"Home","item":"https:\/\/www.pigrecoemme.com\/blog\/"},{"@type":"ListItem","position":2,"name":"Aperta una seconda classe del corso di fotografia"}]},{"@type":"WebSite","@id":"https:\/\/www.pigrecoemme.com\/blog\/#website","url":"https:\/\/www.pigrecoemme.com\/blog\/","name":"Scuola di Cinema Pigrecoemme - Blog","description":"Siamo la prima Scuola di Cinema e Fotografia di Napoli","publisher":{"@id":"https:\/\/www.pigrecoemme.com\/blog\/#organization"},"potentialAction":[{"@type":"SearchAction","target":{"@type":"EntryPoint","urlTemplate":"https:\/\/www.pigrecoemme.com\/blog\/?s={search_term_string}"},"query-input":{"@type":"PropertyValueSpecification","valueRequired":true,"valueName":"search_term_string"}}],"inLanguage":"it-IT"},{"@type":"Organization","@id":"https:\/\/www.pigrecoemme.com\/blog\/#organization","name":"Scuola di cinema e fotografia Pigrecoemme","url":"https:\/\/www.pigrecoemme.com\/blog\/","logo":{"@type":"ImageObject","inLanguage":"it-IT","@id":"https:\/\/www.pigrecoemme.com\/blog\/#\/schema\/logo\/image\/","url":"https:\/\/i0.wp.com\/www.pigrecoemme.com\/blog\/wp-content\/uploads\/2018\/06\/logo-pigrecoemme-2018.png?fit=500%2C500&ssl=1","contentUrl":"https:\/\/i0.wp.com\/www.pigrecoemme.com\/blog\/wp-content\/uploads\/2018\/06\/logo-pigrecoemme-2018.png?fit=500%2C500&ssl=1","width":500,"height":500,"caption":"Scuola di cinema e fotografia Pigrecoemme"},"image":{"@id":"https:\/\/www.pigrecoemme.com\/blog\/#\/schema\/logo\/image\/"},"sameAs":["https:\/\/www.facebook.com\/pigrecoemme","https:\/\/x.com\/Pigrecoemme","https:\/\/www.instagram.com\/pigrecoemme\/","https:\/\/www.linkedin.com\/company\/pigrecoemme\/","https:\/\/www.youtube.com\/pigrecoemme"]},{"@type":"Person","@id":"https:\/\/www.pigrecoemme.com\/blog\/#\/schema\/person\/57fa822c3d209d3a2612fd0411ae63f4","name":"Giacomo Fabbrocino","image":{"@type":"ImageObject","inLanguage":"it-IT","@id":"https:\/\/secure.gravatar.com\/avatar\/0e4dfd4d05c06a03fffaffeb36fb181415ba11b91a6b566fa2e8ada75927db32?s=96&r=g","url":"https:\/\/secure.gravatar.com\/avatar\/0e4dfd4d05c06a03fffaffeb36fb181415ba11b91a6b566fa2e8ada75927db32?s=96&r=g","contentUrl":"https:\/\/secure.gravatar.com\/avatar\/0e4dfd4d05c06a03fffaffeb36fb181415ba11b91a6b566fa2e8ada75927db32?s=96&r=g","caption":"Giacomo Fabbrocino"},"description":"Montatore cinematografico, autore di documentari sull'arte e di video d'artista, Giacomo \u00e8 responsabile della didattica e della comunicazione web della Scuola di Cinema, Fotografia e Televisione Pigrecoemme di Napoli.","sameAs":["http:\/\/www.pigrecoemme.com\/","https:\/\/www.facebook.com\/giacomo.fabbrocino"],"url":"https:\/\/www.pigrecoemme.com\/blog\/author\/giacomo-fabbrocino\/"}]}},"jetpack_sharing_enabled":true,"jetpack_likes_enabled":true,"jetpack-related-posts":[{"id":70,"url":"https:\/\/www.pigrecoemme.com\/blog\/la-foto-della-settimana-la-finestra-di-fronte-di-davide-de-luca\/","url_meta":{"origin":174,"position":0},"title":"La foto della settimana: La finestra di fronte di Davide De Luca","author":"Giacomo Fabbrocino","date":"16 Luglio 2008","format":false,"excerpt":"Dopo una settimana di assenza (io e Rosario eravamo al Roma Fiction Fest) torniamo al blog direttamente con la foto della settimana. La foto si intitola \"La finestra di fronte\" ed \u00e8 opera di Davide De Luca, ex allievo del corso di fotografia di Pigrecoemme.","rel":"","context":"In &quot;Generale&quot;","block_context":{"text":"Generale","link":"https:\/\/www.pigrecoemme.com\/blog\/generale\/"},"img":{"alt_text":"","src":"","width":0,"height":0},"classes":[]},{"id":644,"url":"https:\/\/www.pigrecoemme.com\/blog\/finalisti-concorso-insegne-francesi\/","url_meta":{"origin":174,"position":1},"title":"Concorso Les enseignes en fran\u00e7ais \u00e0 Naples: ecco i finalisti","author":"Corrado Morra","date":"23 Aprile 2013","format":false,"excerpt":"Presieduta dal Maestro Mimmo Jodice e da Pascale Giffard, direttrice della produzione delle mostre delle \u201cRencontres d\u2019Arles\u201d, la giuria del concorso fotografico \"Les enseignes fran\u00e7aise \u00e0 Naples\", organizzato dall'Institut fran\u00e7ais con Pigrecoemme, si \u00e8 riunita ieri per decidere le trenta foto finali,\u00a0 che faranno parte della mostra che sar\u00e0 inaugurata\u2026","rel":"","context":"In &quot;Eventi&quot;","block_context":{"text":"Eventi","link":"https:\/\/www.pigrecoemme.com\/blog\/eventi\/"},"img":{"alt_text":"","src":"https:\/\/i0.wp.com\/www.pigrecoemme.com\/blog\/wp-content\/uploads\/2013\/04\/finalisti-insegne.jpg?resize=350%2C200","width":350,"height":200},"classes":[]},{"id":73,"url":"https:\/\/www.pigrecoemme.com\/blog\/lucio-allocca-e-cesare-accetta-due-nuovi-docenti-della-scuola-di-cinema-pigrecoemme\/","url_meta":{"origin":174,"position":2},"title":"Lucio Allocca e Cesare Accetta, due nuovi docenti della Scuola di Cinema Pigrecoemme","author":"Giacomo Fabbrocino","date":"4 Agosto 2008","format":false,"excerpt":"Interrompo il silenzio estivo (gi\u00e0, che fine hanno fatto le foto della settimana?) per annunciare ufficialmente due interessantissime novit\u00e0 riguardanti il prossimo anno di corsi. Il prossimo corso master in cinema (il nostro corso pi\u00f9 completo, quello annuale) vedr\u00e0 tra i docenti il maestro Cesare Accetta, sicuramente uno dei pi\u00f9\u2026","rel":"","context":"In &quot;Scuola di cinema&quot;","block_context":{"text":"Scuola di cinema","link":"https:\/\/www.pigrecoemme.com\/blog\/scuola-di-cinema\/"},"img":{"alt_text":"","src":"","width":0,"height":0},"classes":[]},{"id":615,"url":"https:\/\/www.pigrecoemme.com\/blog\/vinci-una-settimana-al-festival-di-arles-con-il-concorso-fotografico-insegne-in-francese-a-napoli\/","url_meta":{"origin":174,"position":3},"title":"Vinci una settimana al Festival di Arles con il concorso fotografico &#8220;Insegne in Francese a Napoli&#8221;","author":"Corrado Morra","date":"18 Marzo 2013","format":false,"excerpt":"Continua la collaborazione tra l\u2019Institut fran\u00e7ais di Napoli e Pigrecoemme e, dopo l'ormai consolidata rassegna sul cinema fantastico, \u00e8 la volta ora della Fotografia, con un curioso concorso sulla presenza delle insegne commerciali in francese a Napoli. Il primo classificato vincer\u00e0 una settimana al Festival di Arles in Francia, l\u2019evento\u2026","rel":"","context":"In &quot;Fotografia&quot;","block_context":{"text":"Fotografia","link":"https:\/\/www.pigrecoemme.com\/blog\/fotografia\/"},"img":{"alt_text":"","src":"https:\/\/i0.wp.com\/www.pigrecoemme.com\/blog\/wp-content\/uploads\/2013\/03\/concorso-fotografico-insegne-francesi.png?resize=350%2C200","width":350,"height":200},"classes":[]},{"id":3936,"url":"https:\/\/www.pigrecoemme.com\/blog\/corso-di-fotografia-analogica-a-napoli-dal-1-dicembre\/","url_meta":{"origin":174,"position":4},"title":"Corso di fotografia analogica a Napoli &#8211; dal 1\u00b0 dicembre","author":"Pigrecoemme","date":"11 Novembre 2025","format":false,"excerpt":"Pi\u00f9 di un Filtro: 3 Motivi per (Ri)scoprire la Fotografia Analogica Oggi Dimentica l'usa e getta digitale! Il nostro corso di fotografia analogica \u00e8 un'immersione totale nell'arte di creare immagini ponderate e dall'estetica senza tempo. Perch\u00e9 dovresti iscriverti? Impara la Vera Tecnica Ogni scatto su pellicola conta. Imparerai a padroneggiare\u2026","rel":"","context":"In &quot;Generale&quot;","block_context":{"text":"Generale","link":"https:\/\/www.pigrecoemme.com\/blog\/generale\/"},"img":{"alt_text":"","src":"","width":0,"height":0},"classes":[]},{"id":3569,"url":"https:\/\/www.pigrecoemme.com\/blog\/aperte-le-iscrizioni-ai-corsi-di-cinema-e-fotografia-2024-2025\/","url_meta":{"origin":174,"position":5},"title":"Aperte le iscrizioni ai corsi di cinema e fotografia 2024\/2025","author":"Pigrecoemme","date":"20 Maggio 2024","format":false,"excerpt":"Nel 2025 la scuola di cinema Pigrecoemme di Napoli compir\u00e0 25 anni di attivit\u00e0. Un quarto di secolo dedicato alla formazione alle arti e ai mestieri del cinema, partendo dall'idea di dare ai giovani del nostro territorio l'opportunit\u00e0 di studiare con docenti qualificatissimi e fare pratica di set, senza trasferirsi\u2026","rel":"","context":"In &quot;Generale&quot;","block_context":{"text":"Generale","link":"https:\/\/www.pigrecoemme.com\/blog\/generale\/"},"img":{"alt_text":"","src":"https:\/\/i0.wp.com\/www.pigrecoemme.com\/blog\/wp-content\/uploads\/2024\/05\/scuola-di-cinema-napoli-2024.jpg?resize=350%2C200&ssl=1","width":350,"height":200,"srcset":"https:\/\/i0.wp.com\/www.pigrecoemme.com\/blog\/wp-content\/uploads\/2024\/05\/scuola-di-cinema-napoli-2024.jpg?resize=350%2C200&ssl=1 1x, https:\/\/i0.wp.com\/www.pigrecoemme.com\/blog\/wp-content\/uploads\/2024\/05\/scuola-di-cinema-napoli-2024.jpg?resize=525%2C300&ssl=1 1.5x, https:\/\/i0.wp.com\/www.pigrecoemme.com\/blog\/wp-content\/uploads\/2024\/05\/scuola-di-cinema-napoli-2024.jpg?resize=700%2C400&ssl=1 2x, https:\/\/i0.wp.com\/www.pigrecoemme.com\/blog\/wp-content\/uploads\/2024\/05\/scuola-di-cinema-napoli-2024.jpg?resize=1050%2C600&ssl=1 3x"},"classes":[]}],"jetpack_featured_media_url":"","_links":{"self":[{"href":"https:\/\/www.pigrecoemme.com\/blog\/wp-json\/wp\/v2\/posts\/174","targetHints":{"allow":["GET"]}}],"collection":[{"href":"https:\/\/www.pigrecoemme.com\/blog\/wp-json\/wp\/v2\/posts"}],"about":[{"href":"https:\/\/www.pigrecoemme.com\/blog\/wp-json\/wp\/v2\/types\/post"}],"author":[{"embeddable":true,"href":"https:\/\/www.pigrecoemme.com\/blog\/wp-json\/wp\/v2\/users\/1"}],"replies":[{"embeddable":true,"href":"https:\/\/www.pigrecoemme.com\/blog\/wp-json\/wp\/v2\/comments?post=174"}],"version-history":[{"count":2,"href":"https:\/\/www.pigrecoemme.com\/blog\/wp-json\/wp\/v2\/posts\/174\/revisions"}],"predecessor-version":[{"id":3619,"href":"https:\/\/www.pigrecoemme.com\/blog\/wp-json\/wp\/v2\/posts\/174\/revisions\/3619"}],"wp:attachment":[{"href":"https:\/\/www.pigrecoemme.com\/blog\/wp-json\/wp\/v2\/media?parent=174"}],"wp:term":[{"taxonomy":"category","embeddable":true,"href":"https:\/\/www.pigrecoemme.com\/blog\/wp-json\/wp\/v2\/categories?post=174"},{"taxonomy":"post_tag","embeddable":true,"href":"https:\/\/www.pigrecoemme.com\/blog\/wp-json\/wp\/v2\/tags?post=174"}],"curies":[{"name":"wp","href":"https:\/\/api.w.org\/{rel}","templated":true}]}}