{"id":1729,"date":"2016-07-14T18:11:52","date_gmt":"2016-07-14T16:11:52","guid":{"rendered":"http:\/\/www.pigrecoemme.com\/blog\/?p=1729"},"modified":"2016-07-14T18:41:25","modified_gmt":"2016-07-14T16:41:25","slug":"un-corso-gratuito-sul-cinema-espressionista","status":"publish","type":"post","link":"https:\/\/www.pigrecoemme.com\/blog\/un-corso-gratuito-sul-cinema-espressionista\/","title":{"rendered":"Un corso gratuito sul cinema espressionista"},"content":{"rendered":"<p><a href=\"https:\/\/i0.wp.com\/www.pigrecoemme.com\/blog\/wp-content\/uploads\/2016\/07\/caligari.jpg?ssl=1\"><img data-recalc-dims=\"1\" loading=\"lazy\" decoding=\"async\" class=\"aligncenter size-full wp-image-1730\" src=\"https:\/\/i0.wp.com\/www.pigrecoemme.com\/blog\/wp-content\/uploads\/2016\/07\/caligari.jpg?resize=715%2C265&#038;ssl=1\" alt=\"corso di cinema gratuito sull'espressionismo\" width=\"715\" height=\"265\" srcset=\"https:\/\/i0.wp.com\/www.pigrecoemme.com\/blog\/wp-content\/uploads\/2016\/07\/caligari.jpg?w=715&amp;ssl=1 715w, https:\/\/i0.wp.com\/www.pigrecoemme.com\/blog\/wp-content\/uploads\/2016\/07\/caligari.jpg?resize=300%2C111&amp;ssl=1 300w, https:\/\/i0.wp.com\/www.pigrecoemme.com\/blog\/wp-content\/uploads\/2016\/07\/caligari.jpg?resize=500%2C185&amp;ssl=1 500w\" sizes=\"auto, (max-width: 715px) 100vw, 715px\" \/><\/a><\/p>\n<p>Parte\u00a0<strong>luned\u00ec 12 settembre 2016<\/strong>\u00a0un percorso di studi dedicato\u00a0al cinema espressionista ed alle sue influenze sul cinema di ogni tempo e luogo.<\/p>\n<p>Organizzato dalla <a href=\"http:\/\/www.pigrecoemme.com\/\"><strong>Scuola di cinema<\/strong>\u00a0<strong>Pigrecoemme<\/strong><\/a>\u00a0in collaborazione con la\u00a0<strong><a href=\"http:\/\/www.ficc.it\/\">FICC &#8211; Federazione italiana dei circoli del cinema<\/a><\/strong>, il corso \u00e8 completamente\u00a0<strong>gratuito<\/strong>\u00a0e prevede\u00a0<strong>quattro lezioni<\/strong>, a cura di<strong>\u00a0<\/strong><strong>Vincenzo Esposito<\/strong>, tra i maggiori esperti di cinema scandinavo in Italia, docente di Teoria e analisi del cinema all&#8217;Accademia di Belle Arti di Napoli e direttore dell&#8217;<strong>Italienska Filmfestivalen<\/strong>\u00a0di Stoccolma,\u00a0con un intervento, sul krimi tedesco degli anni \u201860, a cura di\u00a0<strong>Rosario Gallone<\/strong>.<\/p>\n<h2>Come iscriversi<\/h2>\n<p>Il corso \u00e8 gratuito, i\u00a0<strong>posti a disposizione<\/strong>\u00a0sono\u00a0<strong>30<\/strong><strong>\u00a0<\/strong>e,\u00a0per partecipare, \u00e8 necessario iscriversi\u00a0presso la sede della Scuola di cinema Pigrecoemme di Napoli (piazza Portanova, 11). C&#8217;\u00e8 tempo\u00a0<strong>fino al 28 luglio<\/strong>\u00a0e\u00a0<strong>dal 1\u00b0 settembre<\/strong>\u00a0<strong>fino a esaurimento dei posti<\/strong>, dal\u00a0<strong>luned\u00ec al venerd\u00ec<\/strong>, dalle\u00a010:30 alle 13:30 e dalle 15:00 alle 17:30.<\/p>\n<h2>Il calendario<\/h2>\n<p>Le lezioni si terranno nella saletta proiezioni della Pigrecoemme, dalle<strong>\u00a0<\/strong><strong>ore 15:00<\/strong><strong>\u00a0<\/strong>alle<strong>\u00a0<\/strong><strong>18:30<\/strong>, col seguente calendario:<\/p>\n<ul>\n<li>12 settembre 2016<\/li>\n<li>14 settembre 2016<\/li>\n<li>19 settembre 2016<\/li>\n<li>21 settembre 2016<\/li>\n<li>26 settembre 2016<\/li>\n<\/ul>\n<h2>I temi, le suggestioni<\/h2>\n<p>L\u2019Espressionismo \u00e8 uno stile, un atteggiamento dello spirito, una poetica, una scuola ristretta, un movimento spirituale, una tendenza, una \u201cvisione del mondo\u201d. L\u2019espressionismo \u00e8 l\u2019espressione formale di un contenuto, un modo di rappresentare attraverso le forme, di creare segni nel seno stesso dell\u2019immagine, un\u2019estetica in cui gli elementi del profilmico partecipano attivamente alla rivelazione del significato simbolico di un contenuto. Gli incontri in programma tratteranno delle origini dell\u2019Espressionismo nel cinema danese degli anni \u201910, della sua massima realizzazione nel cinema tedesco del periodo di Weimar e del suo trasformarsi in tendenza estetica, in indirizzo stilistico che, come tale, si ritrova in cinematografie e in film i pi\u00f9 disparati.<\/p>\n<p>In particolare, oltre ai film trattati durante le lezioni, si porr\u00e0 l&#8217;attenzione su quattro opere: <em>La donna del ritratto <\/em>(<strong>Fritz Lang<\/strong>, 1944), <em>L\u2019infanzia di Ivan<\/em> (<strong>Andrej Tarkovskij<\/strong>, 1962),\u00a0 <em>La ragazza che sapeva troppo<\/em> (<strong>Mario Bava<\/strong>, 1963) e <em>Delitti e segreti<\/em> (<strong>Steven Soderbergh<\/strong>, 1991).<\/p>\n<p>&nbsp;<\/p>\n","protected":false},"excerpt":{"rendered":"<p>Parte\u00a0luned\u00ec 12 settembre 2016\u00a0un percorso di studi dedicato\u00a0al cinema espressionista ed alle sue influenze sul cinema di ogni tempo e luogo. Organizzato dalla Scuola di cinema\u00a0Pigrecoemme\u00a0in collaborazione con la\u00a0FICC &#8211; Federazione italiana dei circoli&hellip;<\/p>\n","protected":false},"author":4,"featured_media":0,"comment_status":"open","ping_status":"open","sticky":false,"template":"","format":"standard","meta":{"_jetpack_newsletter_access":"","_jetpack_dont_email_post_to_subs":false,"_jetpack_newsletter_tier_id":0,"_jetpack_memberships_contains_paywalled_content":false,"_jetpack_feature_clip_id":0,"_jetpack_memberships_contains_paid_content":false,"footnotes":"","jetpack_post_was_ever_published":false},"categories":[950,11,1,3,731],"tags":[357,459,1692,737,381],"class_list":["post-1729","post","type-post","status-publish","format-standard","hentry","category-analisi-e-critica-2","category-eventi","category-generale","category-scuola-di-cinema","category-segnalazioni","tag-corsi-di-cinema","tag-corsi-gratuiti","tag-espressionismo","tag-ficc","tag-vincenzo-esposito"],"yoast_head":"<!-- This site is optimized with the Yoast SEO plugin v28.3 - https:\/\/yoast.com\/product\/yoast-seo-wordpress\/ -->\n<title>Un corso gratuito sul cinema espressionista<\/title>\n<meta name=\"description\" content=\"Il corso \u00e8 gratuito, i posti a disposizione sono 30.\" \/>\n<meta name=\"robots\" content=\"index, follow, max-snippet:-1, max-image-preview:large, max-video-preview:-1\" \/>\n<link rel=\"canonical\" href=\"https:\/\/www.pigrecoemme.com\/blog\/un-corso-gratuito-sul-cinema-espressionista\/\" \/>\n<meta property=\"og:locale\" content=\"it_IT\" \/>\n<meta property=\"og:type\" content=\"article\" \/>\n<meta property=\"og:title\" content=\"Un corso gratuito sul cinema espressionista\" \/>\n<meta property=\"og:description\" content=\"Il corso \u00e8 gratuito, i posti a disposizione sono 30.\" \/>\n<meta property=\"og:url\" content=\"https:\/\/www.pigrecoemme.com\/blog\/un-corso-gratuito-sul-cinema-espressionista\/\" \/>\n<meta property=\"og:site_name\" content=\"Scuola di Cinema Pigrecoemme - Blog\" \/>\n<meta property=\"article:publisher\" content=\"https:\/\/www.facebook.com\/pigrecoemme\" \/>\n<meta property=\"article:author\" content=\"https:\/\/www.facebook.com\/pigrecoemme\" \/>\n<meta property=\"article:published_time\" content=\"2016-07-14T16:11:52+00:00\" \/>\n<meta property=\"article:modified_time\" content=\"2016-07-14T16:41:25+00:00\" \/>\n<meta property=\"og:image\" content=\"http:\/\/www.pigrecoemme.com\/blog\/wp-content\/uploads\/2016\/07\/caligari.jpg\" \/>\n<meta name=\"author\" content=\"Pigrecoemme\" \/>\n<meta name=\"twitter:card\" content=\"summary_large_image\" \/>\n<meta name=\"twitter:creator\" content=\"@Pigrecoemme\" \/>\n<meta name=\"twitter:site\" content=\"@Pigrecoemme\" \/>\n<meta name=\"twitter:label1\" content=\"Scritto da\" \/>\n\t<meta name=\"twitter:data1\" content=\"Pigrecoemme\" \/>\n\t<meta name=\"twitter:label2\" content=\"Tempo di lettura stimato\" \/>\n\t<meta name=\"twitter:data2\" content=\"2 minuti\" \/>\n<script type=\"application\/ld+json\" class=\"yoast-schema-graph\">{\"@context\":\"https:\\\/\\\/schema.org\",\"@graph\":[{\"@type\":[\"Article\",\"BlogPosting\"],\"@id\":\"https:\\\/\\\/www.pigrecoemme.com\\\/blog\\\/un-corso-gratuito-sul-cinema-espressionista\\\/#article\",\"isPartOf\":{\"@id\":\"https:\\\/\\\/www.pigrecoemme.com\\\/blog\\\/un-corso-gratuito-sul-cinema-espressionista\\\/\"},\"author\":{\"name\":\"Pigrecoemme\",\"@id\":\"https:\\\/\\\/www.pigrecoemme.com\\\/blog\\\/#\\\/schema\\\/person\\\/8996ab5bfa68cec611b330ae4a389d44\"},\"headline\":\"Un corso gratuito sul cinema espressionista\",\"datePublished\":\"2016-07-14T16:11:52+00:00\",\"dateModified\":\"2016-07-14T16:41:25+00:00\",\"mainEntityOfPage\":{\"@id\":\"https:\\\/\\\/www.pigrecoemme.com\\\/blog\\\/un-corso-gratuito-sul-cinema-espressionista\\\/\"},\"wordCount\":330,\"commentCount\":0,\"publisher\":{\"@id\":\"https:\\\/\\\/www.pigrecoemme.com\\\/blog\\\/#organization\"},\"image\":{\"@id\":\"https:\\\/\\\/www.pigrecoemme.com\\\/blog\\\/un-corso-gratuito-sul-cinema-espressionista\\\/#primaryimage\"},\"thumbnailUrl\":\"http:\\\/\\\/www.pigrecoemme.com\\\/blog\\\/wp-content\\\/uploads\\\/2016\\\/07\\\/caligari.jpg\",\"keywords\":[\"corsi di cinema\",\"corsi gratuiti\",\"espressionismo\",\"ficc\",\"vincenzo esposito\"],\"articleSection\":[\"Analisi e Critica\",\"Eventi\",\"Generale\",\"Scuola di cinema\",\"Segnalazioni\"],\"inLanguage\":\"it-IT\",\"potentialAction\":[{\"@type\":\"CommentAction\",\"name\":\"Comment\",\"target\":[\"https:\\\/\\\/www.pigrecoemme.com\\\/blog\\\/un-corso-gratuito-sul-cinema-espressionista\\\/#respond\"]}]},{\"@type\":\"WebPage\",\"@id\":\"https:\\\/\\\/www.pigrecoemme.com\\\/blog\\\/un-corso-gratuito-sul-cinema-espressionista\\\/\",\"url\":\"https:\\\/\\\/www.pigrecoemme.com\\\/blog\\\/un-corso-gratuito-sul-cinema-espressionista\\\/\",\"name\":\"Un corso gratuito sul cinema espressionista\",\"isPartOf\":{\"@id\":\"https:\\\/\\\/www.pigrecoemme.com\\\/blog\\\/#website\"},\"primaryImageOfPage\":{\"@id\":\"https:\\\/\\\/www.pigrecoemme.com\\\/blog\\\/un-corso-gratuito-sul-cinema-espressionista\\\/#primaryimage\"},\"image\":{\"@id\":\"https:\\\/\\\/www.pigrecoemme.com\\\/blog\\\/un-corso-gratuito-sul-cinema-espressionista\\\/#primaryimage\"},\"thumbnailUrl\":\"http:\\\/\\\/www.pigrecoemme.com\\\/blog\\\/wp-content\\\/uploads\\\/2016\\\/07\\\/caligari.jpg\",\"datePublished\":\"2016-07-14T16:11:52+00:00\",\"dateModified\":\"2016-07-14T16:41:25+00:00\",\"description\":\"Il corso \u00e8 gratuito, i posti a disposizione sono 30.\",\"breadcrumb\":{\"@id\":\"https:\\\/\\\/www.pigrecoemme.com\\\/blog\\\/un-corso-gratuito-sul-cinema-espressionista\\\/#breadcrumb\"},\"inLanguage\":\"it-IT\",\"potentialAction\":[{\"@type\":\"ReadAction\",\"target\":[\"https:\\\/\\\/www.pigrecoemme.com\\\/blog\\\/un-corso-gratuito-sul-cinema-espressionista\\\/\"]}]},{\"@type\":\"ImageObject\",\"inLanguage\":\"it-IT\",\"@id\":\"https:\\\/\\\/www.pigrecoemme.com\\\/blog\\\/un-corso-gratuito-sul-cinema-espressionista\\\/#primaryimage\",\"url\":\"http:\\\/\\\/www.pigrecoemme.com\\\/blog\\\/wp-content\\\/uploads\\\/2016\\\/07\\\/caligari.jpg\",\"contentUrl\":\"http:\\\/\\\/www.pigrecoemme.com\\\/blog\\\/wp-content\\\/uploads\\\/2016\\\/07\\\/caligari.jpg\"},{\"@type\":\"BreadcrumbList\",\"@id\":\"https:\\\/\\\/www.pigrecoemme.com\\\/blog\\\/un-corso-gratuito-sul-cinema-espressionista\\\/#breadcrumb\",\"itemListElement\":[{\"@type\":\"ListItem\",\"position\":1,\"name\":\"Home\",\"item\":\"https:\\\/\\\/www.pigrecoemme.com\\\/blog\\\/\"},{\"@type\":\"ListItem\",\"position\":2,\"name\":\"Un corso gratuito sul cinema espressionista\"}]},{\"@type\":\"WebSite\",\"@id\":\"https:\\\/\\\/www.pigrecoemme.com\\\/blog\\\/#website\",\"url\":\"https:\\\/\\\/www.pigrecoemme.com\\\/blog\\\/\",\"name\":\"Scuola di Cinema Pigrecoemme - Blog\",\"description\":\"Siamo la prima Scuola di Cinema e Fotografia di Napoli\",\"publisher\":{\"@id\":\"https:\\\/\\\/www.pigrecoemme.com\\\/blog\\\/#organization\"},\"potentialAction\":[{\"@type\":\"SearchAction\",\"target\":{\"@type\":\"EntryPoint\",\"urlTemplate\":\"https:\\\/\\\/www.pigrecoemme.com\\\/blog\\\/?s={search_term_string}\"},\"query-input\":{\"@type\":\"PropertyValueSpecification\",\"valueRequired\":true,\"valueName\":\"search_term_string\"}}],\"inLanguage\":\"it-IT\"},{\"@type\":\"Organization\",\"@id\":\"https:\\\/\\\/www.pigrecoemme.com\\\/blog\\\/#organization\",\"name\":\"Scuola di cinema e fotografia Pigrecoemme\",\"url\":\"https:\\\/\\\/www.pigrecoemme.com\\\/blog\\\/\",\"logo\":{\"@type\":\"ImageObject\",\"inLanguage\":\"it-IT\",\"@id\":\"https:\\\/\\\/www.pigrecoemme.com\\\/blog\\\/#\\\/schema\\\/logo\\\/image\\\/\",\"url\":\"https:\\\/\\\/i0.wp.com\\\/www.pigrecoemme.com\\\/blog\\\/wp-content\\\/uploads\\\/2018\\\/06\\\/logo-pigrecoemme-2018.png?fit=500%2C500&ssl=1\",\"contentUrl\":\"https:\\\/\\\/i0.wp.com\\\/www.pigrecoemme.com\\\/blog\\\/wp-content\\\/uploads\\\/2018\\\/06\\\/logo-pigrecoemme-2018.png?fit=500%2C500&ssl=1\",\"width\":500,\"height\":500,\"caption\":\"Scuola di cinema e fotografia Pigrecoemme\"},\"image\":{\"@id\":\"https:\\\/\\\/www.pigrecoemme.com\\\/blog\\\/#\\\/schema\\\/logo\\\/image\\\/\"},\"sameAs\":[\"https:\\\/\\\/www.facebook.com\\\/pigrecoemme\",\"https:\\\/\\\/x.com\\\/Pigrecoemme\",\"https:\\\/\\\/www.instagram.com\\\/pigrecoemme\\\/\",\"https:\\\/\\\/www.linkedin.com\\\/company\\\/pigrecoemme\\\/\",\"https:\\\/\\\/www.youtube.com\\\/pigrecoemme\"]},{\"@type\":\"Person\",\"@id\":\"https:\\\/\\\/www.pigrecoemme.com\\\/blog\\\/#\\\/schema\\\/person\\\/8996ab5bfa68cec611b330ae4a389d44\",\"name\":\"Pigrecoemme\",\"image\":{\"@type\":\"ImageObject\",\"inLanguage\":\"it-IT\",\"@id\":\"https:\\\/\\\/secure.gravatar.com\\\/avatar\\\/541a562fed7df6fa49262cb93f0f1135b8432ec77a1bc64fdb808f64f2a8287d?s=96&r=g\",\"url\":\"https:\\\/\\\/secure.gravatar.com\\\/avatar\\\/541a562fed7df6fa49262cb93f0f1135b8432ec77a1bc64fdb808f64f2a8287d?s=96&r=g\",\"contentUrl\":\"https:\\\/\\\/secure.gravatar.com\\\/avatar\\\/541a562fed7df6fa49262cb93f0f1135b8432ec77a1bc64fdb808f64f2a8287d?s=96&r=g\",\"caption\":\"Pigrecoemme\"},\"description\":\"Profilo redazionale. Pigrecoemme \u00e8 la prima scuola di cinema, televisione e fotografia di Napoli.\",\"sameAs\":[\"http:\\\/\\\/www.pigrecoemme.com\\\/\",\"https:\\\/\\\/www.facebook.com\\\/pigrecoemme\"],\"url\":\"https:\\\/\\\/www.pigrecoemme.com\\\/blog\\\/author\\\/pigrecoemme\\\/\"}]}<\/script>\n<!-- \/ Yoast SEO plugin. -->","yoast_head_json":{"title":"Un corso gratuito sul cinema espressionista","description":"Il corso \u00e8 gratuito, i posti a disposizione sono 30.","robots":{"index":"index","follow":"follow","max-snippet":"max-snippet:-1","max-image-preview":"max-image-preview:large","max-video-preview":"max-video-preview:-1"},"canonical":"https:\/\/www.pigrecoemme.com\/blog\/un-corso-gratuito-sul-cinema-espressionista\/","og_locale":"it_IT","og_type":"article","og_title":"Un corso gratuito sul cinema espressionista","og_description":"Il corso \u00e8 gratuito, i posti a disposizione sono 30.","og_url":"https:\/\/www.pigrecoemme.com\/blog\/un-corso-gratuito-sul-cinema-espressionista\/","og_site_name":"Scuola di Cinema Pigrecoemme - Blog","article_publisher":"https:\/\/www.facebook.com\/pigrecoemme","article_author":"https:\/\/www.facebook.com\/pigrecoemme","article_published_time":"2016-07-14T16:11:52+00:00","article_modified_time":"2016-07-14T16:41:25+00:00","og_image":[{"url":"http:\/\/www.pigrecoemme.com\/blog\/wp-content\/uploads\/2016\/07\/caligari.jpg","type":"","width":"","height":""}],"author":"Pigrecoemme","twitter_card":"summary_large_image","twitter_creator":"@Pigrecoemme","twitter_site":"@Pigrecoemme","twitter_misc":{"Scritto da":"Pigrecoemme","Tempo di lettura stimato":"2 minuti"},"schema":{"@context":"https:\/\/schema.org","@graph":[{"@type":["Article","BlogPosting"],"@id":"https:\/\/www.pigrecoemme.com\/blog\/un-corso-gratuito-sul-cinema-espressionista\/#article","isPartOf":{"@id":"https:\/\/www.pigrecoemme.com\/blog\/un-corso-gratuito-sul-cinema-espressionista\/"},"author":{"name":"Pigrecoemme","@id":"https:\/\/www.pigrecoemme.com\/blog\/#\/schema\/person\/8996ab5bfa68cec611b330ae4a389d44"},"headline":"Un corso gratuito sul cinema espressionista","datePublished":"2016-07-14T16:11:52+00:00","dateModified":"2016-07-14T16:41:25+00:00","mainEntityOfPage":{"@id":"https:\/\/www.pigrecoemme.com\/blog\/un-corso-gratuito-sul-cinema-espressionista\/"},"wordCount":330,"commentCount":0,"publisher":{"@id":"https:\/\/www.pigrecoemme.com\/blog\/#organization"},"image":{"@id":"https:\/\/www.pigrecoemme.com\/blog\/un-corso-gratuito-sul-cinema-espressionista\/#primaryimage"},"thumbnailUrl":"http:\/\/www.pigrecoemme.com\/blog\/wp-content\/uploads\/2016\/07\/caligari.jpg","keywords":["corsi di cinema","corsi gratuiti","espressionismo","ficc","vincenzo esposito"],"articleSection":["Analisi e Critica","Eventi","Generale","Scuola di cinema","Segnalazioni"],"inLanguage":"it-IT","potentialAction":[{"@type":"CommentAction","name":"Comment","target":["https:\/\/www.pigrecoemme.com\/blog\/un-corso-gratuito-sul-cinema-espressionista\/#respond"]}]},{"@type":"WebPage","@id":"https:\/\/www.pigrecoemme.com\/blog\/un-corso-gratuito-sul-cinema-espressionista\/","url":"https:\/\/www.pigrecoemme.com\/blog\/un-corso-gratuito-sul-cinema-espressionista\/","name":"Un corso gratuito sul cinema espressionista","isPartOf":{"@id":"https:\/\/www.pigrecoemme.com\/blog\/#website"},"primaryImageOfPage":{"@id":"https:\/\/www.pigrecoemme.com\/blog\/un-corso-gratuito-sul-cinema-espressionista\/#primaryimage"},"image":{"@id":"https:\/\/www.pigrecoemme.com\/blog\/un-corso-gratuito-sul-cinema-espressionista\/#primaryimage"},"thumbnailUrl":"http:\/\/www.pigrecoemme.com\/blog\/wp-content\/uploads\/2016\/07\/caligari.jpg","datePublished":"2016-07-14T16:11:52+00:00","dateModified":"2016-07-14T16:41:25+00:00","description":"Il corso \u00e8 gratuito, i posti a disposizione sono 30.","breadcrumb":{"@id":"https:\/\/www.pigrecoemme.com\/blog\/un-corso-gratuito-sul-cinema-espressionista\/#breadcrumb"},"inLanguage":"it-IT","potentialAction":[{"@type":"ReadAction","target":["https:\/\/www.pigrecoemme.com\/blog\/un-corso-gratuito-sul-cinema-espressionista\/"]}]},{"@type":"ImageObject","inLanguage":"it-IT","@id":"https:\/\/www.pigrecoemme.com\/blog\/un-corso-gratuito-sul-cinema-espressionista\/#primaryimage","url":"http:\/\/www.pigrecoemme.com\/blog\/wp-content\/uploads\/2016\/07\/caligari.jpg","contentUrl":"http:\/\/www.pigrecoemme.com\/blog\/wp-content\/uploads\/2016\/07\/caligari.jpg"},{"@type":"BreadcrumbList","@id":"https:\/\/www.pigrecoemme.com\/blog\/un-corso-gratuito-sul-cinema-espressionista\/#breadcrumb","itemListElement":[{"@type":"ListItem","position":1,"name":"Home","item":"https:\/\/www.pigrecoemme.com\/blog\/"},{"@type":"ListItem","position":2,"name":"Un corso gratuito sul cinema espressionista"}]},{"@type":"WebSite","@id":"https:\/\/www.pigrecoemme.com\/blog\/#website","url":"https:\/\/www.pigrecoemme.com\/blog\/","name":"Scuola di Cinema Pigrecoemme - Blog","description":"Siamo la prima Scuola di Cinema e Fotografia di Napoli","publisher":{"@id":"https:\/\/www.pigrecoemme.com\/blog\/#organization"},"potentialAction":[{"@type":"SearchAction","target":{"@type":"EntryPoint","urlTemplate":"https:\/\/www.pigrecoemme.com\/blog\/?s={search_term_string}"},"query-input":{"@type":"PropertyValueSpecification","valueRequired":true,"valueName":"search_term_string"}}],"inLanguage":"it-IT"},{"@type":"Organization","@id":"https:\/\/www.pigrecoemme.com\/blog\/#organization","name":"Scuola di cinema e fotografia Pigrecoemme","url":"https:\/\/www.pigrecoemme.com\/blog\/","logo":{"@type":"ImageObject","inLanguage":"it-IT","@id":"https:\/\/www.pigrecoemme.com\/blog\/#\/schema\/logo\/image\/","url":"https:\/\/i0.wp.com\/www.pigrecoemme.com\/blog\/wp-content\/uploads\/2018\/06\/logo-pigrecoemme-2018.png?fit=500%2C500&ssl=1","contentUrl":"https:\/\/i0.wp.com\/www.pigrecoemme.com\/blog\/wp-content\/uploads\/2018\/06\/logo-pigrecoemme-2018.png?fit=500%2C500&ssl=1","width":500,"height":500,"caption":"Scuola di cinema e fotografia Pigrecoemme"},"image":{"@id":"https:\/\/www.pigrecoemme.com\/blog\/#\/schema\/logo\/image\/"},"sameAs":["https:\/\/www.facebook.com\/pigrecoemme","https:\/\/x.com\/Pigrecoemme","https:\/\/www.instagram.com\/pigrecoemme\/","https:\/\/www.linkedin.com\/company\/pigrecoemme\/","https:\/\/www.youtube.com\/pigrecoemme"]},{"@type":"Person","@id":"https:\/\/www.pigrecoemme.com\/blog\/#\/schema\/person\/8996ab5bfa68cec611b330ae4a389d44","name":"Pigrecoemme","image":{"@type":"ImageObject","inLanguage":"it-IT","@id":"https:\/\/secure.gravatar.com\/avatar\/541a562fed7df6fa49262cb93f0f1135b8432ec77a1bc64fdb808f64f2a8287d?s=96&r=g","url":"https:\/\/secure.gravatar.com\/avatar\/541a562fed7df6fa49262cb93f0f1135b8432ec77a1bc64fdb808f64f2a8287d?s=96&r=g","contentUrl":"https:\/\/secure.gravatar.com\/avatar\/541a562fed7df6fa49262cb93f0f1135b8432ec77a1bc64fdb808f64f2a8287d?s=96&r=g","caption":"Pigrecoemme"},"description":"Profilo redazionale. Pigrecoemme \u00e8 la prima scuola di cinema, televisione e fotografia di Napoli.","sameAs":["http:\/\/www.pigrecoemme.com\/","https:\/\/www.facebook.com\/pigrecoemme"],"url":"https:\/\/www.pigrecoemme.com\/blog\/author\/pigrecoemme\/"}]}},"jetpack_sharing_enabled":true,"jetpack_likes_enabled":true,"jetpack-related-posts":[{"id":1434,"url":"https:\/\/www.pigrecoemme.com\/blog\/bergman\/","url_meta":{"origin":1729,"position":0},"title":"Un corso gratuito sul cinema di Bergman","author":"Corrado Morra","date":"24 Luglio 2015","format":false,"excerpt":"Parte luned\u00ec 14 settembre 2015, un percorso di studi, dedicato\u00a0a\u00a0Ingmar Bergman, dal titolo Il cinema dell'istante. Organizzato da Pigrecoemme in collaborazione con la FICC - Federazione italiana dei circoli del cinema, il corso \u00e8 completamente gratuito e prevede otto lezioni, a cura di Vincenzo Esposito, tra i maggiori esperti di\u2026","rel":"","context":"In &quot;Analisi e Critica&quot;","block_context":{"text":"Analisi e Critica","link":"https:\/\/www.pigrecoemme.com\/blog\/analisi-e-critica-2\/"},"img":{"alt_text":"bergman","src":"https:\/\/i0.wp.com\/www.pigrecoemme.com\/blog\/wp-content\/uploads\/2015\/07\/bergman.jpg?resize=350%2C200","width":350,"height":200},"classes":[]},{"id":589,"url":"https:\/\/www.pigrecoemme.com\/blog\/una-rassegna-sul-documentario-al-pan-e-i-nuovi-corsi-di-cinema-di-pigrecoemme\/","url_meta":{"origin":1729,"position":1},"title":"Una rassegna sul documentario al PAN e i nuovi corsi di cinema di Pigrecoemme","author":"Giacomo Fabbrocino","date":"11 Dicembre 2012","format":false,"excerpt":"Tutto pronto per i nuovi corsi di cinema e fotografia di Pigrecoemme che partiranno a gennaio: anche quest'anno sono previsti sia moduli bimestrali (tra cui i collaudati corsi di Regia, Sceneggiatura e Montaggio), sia semestrali, come il nuovo corso Filmaker, un percorso di 160 ore, che, a un prezzo scontatissimo,\u2026","rel":"","context":"In &quot;Eventi&quot;","block_context":{"text":"Eventi","link":"https:\/\/www.pigrecoemme.com\/blog\/eventi\/"},"img":{"alt_text":"","src":"https:\/\/i0.wp.com\/www.pigrecoemme.com\/blog\/wp-content\/uploads\/2024\/03\/ficc-a-napoli.webp?resize=350%2C200&ssl=1","width":350,"height":200},"classes":[]},{"id":1912,"url":"https:\/\/www.pigrecoemme.com\/blog\/un-corso-gratuito-sul-cinema-andrej-tarkovskij\/","url_meta":{"origin":1729,"position":2},"title":"Un corso gratuito sul cinema di Andrej Tarkovskij","author":"Pigrecoemme","date":"18 Luglio 2017","format":false,"excerpt":"\u00abSe Tarkovskij per me \u00e8 il pi\u00f9 grande \u2013 diceva Ingmar Bergman \u2013 \u00e8 perch\u00e9 porta nel cinema un nuovo linguaggio che gli permette di afferrare la vita come apparenza\u00bb. Ognuno dei sette lungometraggi di\u00a0Andrej Tarkovskij, dal suo esordio\u00a0L\u2019infanzia di Ivan\u00a0(1962) fino all\u2019ultimo lavoro\u00a0Sacrificio\u00a0(1987), \u00e8, in realt\u00e0, un tentativo di\u2026","rel":"","context":"In &quot;Generale&quot;","block_context":{"text":"Generale","link":"https:\/\/www.pigrecoemme.com\/blog\/generale\/"},"img":{"alt_text":"Un corso gratuito sul cinema di Andrej Tarkovskij","src":"https:\/\/i0.wp.com\/www.pigrecoemme.com\/corsi\/corso-tarkovskij.jpg?resize=350%2C200","width":350,"height":200,"srcset":"https:\/\/i0.wp.com\/www.pigrecoemme.com\/corsi\/corso-tarkovskij.jpg?resize=350%2C200 1x, https:\/\/i0.wp.com\/www.pigrecoemme.com\/corsi\/corso-tarkovskij.jpg?resize=525%2C300 1.5x"},"classes":[]},{"id":848,"url":"https:\/\/www.pigrecoemme.com\/blog\/cinema-e-popular-music-alla-pigrecoemme-un-corso-gratuito-in-collaborazone-con-la-ficc\/","url_meta":{"origin":1729,"position":3},"title":"Cinema e Popular Music, alla Pigrecoemme un corso gratuito in collaborazone con la FICC","author":"Corrado Morra","date":"12 Settembre 2014","format":false,"excerpt":"Cinema e Popular Music \u00e8 un percorso di studio curato da Vincenzo Esposito e organizzato dalla Scuola di Cinema Pigrecoemme in collaborazione con la FICC - Federazione Italiana dei Circoli del Cinema che parte luned\u00ec 29 settembre 2014. Il corso \u00e8 completamente gratuito ed \u00e8 organizzato in quattro appuntamenti in\u2026","rel":"","context":"In &quot;Eventi&quot;","block_context":{"text":"Eventi","link":"https:\/\/www.pigrecoemme.com\/blog\/eventi\/"},"img":{"alt_text":"","src":"https:\/\/i0.wp.com\/www.pigrecoemme.com\/corsi\/cinema-e-popular-music.gif?resize=350%2C200","width":350,"height":200},"classes":[]},{"id":80,"url":"https:\/\/www.pigrecoemme.com\/blog\/undicesimo-italienska-filmfestivalen\/","url_meta":{"origin":1729,"position":4},"title":"Undicesimo Italienska Filmfestivalen","author":"Giacomo Fabbrocino","date":"10 Settembre 2008","format":false,"excerpt":"Si terr\u00e0 dal 26 settembre al 2 ottobre l'undicesima edizione dell'Italian Film Festival di Stoccolma, manifestazione organizzata dall\u2019Istituto Italiano di Cultura della capitale svedese e dalla FICC (Federazione Italiana dei Circoli del Cinema) con la direzione artistica e organizzativa dello scandinavista e storico del cinema Vincenzo Esposito, docente di storia\u2026","rel":"","context":"In &quot;Eventi&quot;","block_context":{"text":"Eventi","link":"https:\/\/www.pigrecoemme.com\/blog\/eventi\/"},"img":{"alt_text":"","src":"https:\/\/i0.wp.com\/www.pigrecoemme.com\/blog\/wp-content\/uploads\/2008\/09\/filmfestivalen2008-150x150.jpg?resize=350%2C200","width":350,"height":200},"classes":[]},{"id":545,"url":"https:\/\/www.pigrecoemme.com\/blog\/giovedi-18-corti-dautore-alla-pigrecoemme\/","url_meta":{"origin":1729,"position":5},"title":"Gioved\u00ec 18 corti d&#8217;autore alla Pigrecoemme","author":"Giacomo Fabbrocino","date":"16 Ottobre 2012","format":false,"excerpt":"Ambra Angiolini in Insula di Eric Alexander Gioved\u00ec 18 ottobre, alle ore 17,00, alla Scuola di cinema Pigrecoemme di Napoli, serata dedicata alla storia del cortometraggio d'autore, con un'interessante rassegna di film brevi di filmaker aderenti alla FEDIC, la Federazione italiana dei cineclub. La selezione metter\u00e0 a confronto quattro titoli\u2026","rel":"","context":"In &quot;Eventi&quot;","block_context":{"text":"Eventi","link":"https:\/\/www.pigrecoemme.com\/blog\/eventi\/"},"img":{"alt_text":"","src":"https:\/\/i0.wp.com\/www.pigrecoemme.com\/blog\/wp-content\/uploads\/2012\/10\/ambra-angiolini-in-insula-di-eric-alexander.jpg?resize=350%2C200&ssl=1","width":350,"height":200,"srcset":"https:\/\/i0.wp.com\/www.pigrecoemme.com\/blog\/wp-content\/uploads\/2012\/10\/ambra-angiolini-in-insula-di-eric-alexander.jpg?resize=350%2C200&ssl=1 1x, https:\/\/i0.wp.com\/www.pigrecoemme.com\/blog\/wp-content\/uploads\/2012\/10\/ambra-angiolini-in-insula-di-eric-alexander.jpg?resize=525%2C300&ssl=1 1.5x"},"classes":[]}],"jetpack_featured_media_url":"","_links":{"self":[{"href":"https:\/\/www.pigrecoemme.com\/blog\/wp-json\/wp\/v2\/posts\/1729","targetHints":{"allow":["GET"]}}],"collection":[{"href":"https:\/\/www.pigrecoemme.com\/blog\/wp-json\/wp\/v2\/posts"}],"about":[{"href":"https:\/\/www.pigrecoemme.com\/blog\/wp-json\/wp\/v2\/types\/post"}],"author":[{"embeddable":true,"href":"https:\/\/www.pigrecoemme.com\/blog\/wp-json\/wp\/v2\/users\/4"}],"replies":[{"embeddable":true,"href":"https:\/\/www.pigrecoemme.com\/blog\/wp-json\/wp\/v2\/comments?post=1729"}],"version-history":[{"count":0,"href":"https:\/\/www.pigrecoemme.com\/blog\/wp-json\/wp\/v2\/posts\/1729\/revisions"}],"wp:attachment":[{"href":"https:\/\/www.pigrecoemme.com\/blog\/wp-json\/wp\/v2\/media?parent=1729"}],"wp:term":[{"taxonomy":"category","embeddable":true,"href":"https:\/\/www.pigrecoemme.com\/blog\/wp-json\/wp\/v2\/categories?post=1729"},{"taxonomy":"post_tag","embeddable":true,"href":"https:\/\/www.pigrecoemme.com\/blog\/wp-json\/wp\/v2\/tags?post=1729"}],"curies":[{"name":"wp","href":"https:\/\/api.w.org\/{rel}","templated":true}]}}