{"id":1714,"date":"2016-06-13T12:59:12","date_gmt":"2016-06-13T10:59:12","guid":{"rendered":"http:\/\/www.pigrecoemme.com\/blog\/?p=1714"},"modified":"2016-06-13T16:12:09","modified_gmt":"2016-06-13T14:12:09","slug":"la-bellezza-del-demonio-guida-the-neon-demon","status":"publish","type":"post","link":"https:\/\/www.pigrecoemme.com\/blog\/la-bellezza-del-demonio-guida-the-neon-demon\/","title":{"rendered":"La bellezza del demonio &#8211; Una guida a The Neon Demon"},"content":{"rendered":"<p><a href=\"https:\/\/i0.wp.com\/www.pigrecoemme.com\/blog\/wp-content\/uploads\/2016\/06\/neon-demon.jpg?ssl=1\"><img data-recalc-dims=\"1\" loading=\"lazy\" decoding=\"async\" class=\"aligncenter size-full wp-image-1715\" src=\"https:\/\/i0.wp.com\/www.pigrecoemme.com\/blog\/wp-content\/uploads\/2016\/06\/neon-demon.jpg?resize=484%2C252&#038;ssl=1\" alt=\"neon demon\" width=\"484\" height=\"252\" srcset=\"https:\/\/i0.wp.com\/www.pigrecoemme.com\/blog\/wp-content\/uploads\/2016\/06\/neon-demon.jpg?w=484&amp;ssl=1 484w, https:\/\/i0.wp.com\/www.pigrecoemme.com\/blog\/wp-content\/uploads\/2016\/06\/neon-demon.jpg?resize=300%2C156&amp;ssl=1 300w\" sizes=\"auto, (max-width: 484px) 100vw, 484px\" \/><\/a><\/p>\n<p><em>La bellezza del diavolo<\/em> \u00e8 forse il titolo pi\u00f9 utilizzato nelle trasposizioni del\u00a0<em>Faust\u00a0<\/em>gothiano. Cos\u00ec \u00e8 intitolato un film di\u00a0<strong>Ren\u00e8 Clair<\/strong>, datato 1950, con\u00a0<strong>Michel Simon<\/strong> e\u00a0<strong>G\u00e9rard Philipe<\/strong> (interprete, tre anni prima, per restare in tema sulfureo, dell&#8217;adattamento per il grande schermo, a firma\u00a0<strong>Autant-Lara<\/strong>, di\u00a0<em>Il diavolo in corpo<\/em> di\u00a0<strong>Raymond Radiguet<\/strong>) e lo sono anche due albi a fumetti (di\u00a0<em>Demon Hunter<\/em> e\u00a0<em>John Doe<\/em>) mentre il numero 6 di\u00a0<em>Dylan Dog<\/em>, uscito nel marzo del 1987, si intitolava, al pari di questa analisi,\u00a0<em>La bellezza del demonio<\/em>. In particolare, nella sinossi di questo storico albo che si pu\u00f2 legger\u00a0<a href=\"http:\/\/www.sergiobonelli.it\/scheda\/5769\/La-bellezza-del-Demonio.html\">sul sito della\u00a0<strong>Bonelli<\/strong><\/a>, si dice:\u00a0&#8220;<em>Larry Varedo era il miglior killer sul mercato prima di quel lontano giorno del 1945, cinico e freddo come un orologio. Ma quando gli chiesero di uccidere Mala Behemoth, il suo ghiaccio si sciolse. Era cos\u00ec bella, cos\u00ec irraggiungibile, quasi fosse un fantasma o&#8230; un demone!<\/em>&#8220;. La bellezza, quindi, \u00e8 pericolosa. Ecco cosa pare volerci dire, nel suo ultimo lavoro,\u00a0<strong>Nicolas Winding Refn<\/strong>.<\/p>\n<p><!--more--><\/p>\n<p>Che\u00a0<strong>Refn<\/strong> sia un esteta, che sia particolarmente attento alla composizione dell&#8217;immagine, non \u00e8 certo una scoperta. Lascia perplessi il fatto che, proprio ora, nell&#8217;ultimo capitolo di una trilogia del ritorno in\u00a0<strong>America<\/strong> (dopo la prima trasferta, fallimentare, di\u00a0<em>Fear X<\/em>) che comprende anche\u00a0<em>Drive<\/em> e\u00a0<em>Solo Dio perdona<\/em>, un manipolo di detrattori rimproveri al regista danese di essere un formalista. E gi\u00e0, perch\u00e9 per chi scrive, era l&#8217;osannato\u00a0<em>Drive<\/em>\u00a0a peccare forse di manierismo fine a s\u00e9 stesso ed appena un po&#8217; meno\u00a0<em>Solo Dio Perdona<\/em>, mentre\u00a0<em>The Neon Demon<\/em>, apparentemente il pi\u00f9 debitore di certa vacua estetica glamour <em>Eighties<\/em> (tra\u00a0<em>Miami Vice<\/em> e\u00a0<strong>Tony Scott<\/strong>, al cui\u00a0<em>Miriam si sveglia a mezzanotte<\/em>, la scena iniziale nel night club rende un preciso tributo), \u00e8 forse la pellicola che ha pi\u00f9 da dire non solo sulle forme del contemporaneo (cosa che\u00a0<strong>NWR<\/strong> non manca mai di fare), ma anche sulle essenze. In quest&#8217;opera\u00a0<strong>Refn<\/strong> chiude il cerchio: la forma del digitale, quella modificabile\/migliorabile\/ritoccabile, ha fortemente indirizzato il nucleo etico del contemporaneo per cui la &#8220;bellezza naturale&#8221;, quella della protagonista\u00a0<strong>Jesse<\/strong>, \u00e8 un pericolo e contemporaneamente un demone nel senso di ossessione. Non l&#8217;ossessione di una\u00a0contessa\u00a0<strong>B\u00e0thory <\/strong>che si immergeva nel sangue di giovani vergini per perpetuare la sua giovinezza (ed alla\u00a0<strong>B\u00e0thory<\/strong> si fa riferimento nel <em>redde rationem\u00a0<\/em>del\u00a0prefinale), ma una neo(n)ossessione nel senso che, in un&#8217;epoca in cui l&#8217;immagine sembra essere solo quella filtrata da occhi digitali (di fotocamere, telefonini, software di fotoritocco), una bellezza naturale \u00e8 manifestazione divina.\u00a0<strong>Jesse<\/strong> \u00e8 il demone, \u00e8 l&#8217;ossessione di chi si trucca o trucca per raggiungere la bellezza, le tre streghe (<em>matres<\/em> come quelle di\u00a0<em>Suspiria<\/em> cui il regista di\u00a0<em>Pusher<\/em> ruba molto, come fa con\u00a0<em>Inferno<\/em> e forse anche\u00a0<em>Tenebre<\/em> del nostro\u00a0<strong>Dario Argento<\/strong>), una trinit\u00e0 del male richiamata anche dal triangolo nel quale la protagonista si specchia vedendo il suo alter ego rosso passionale (triangolo che arriva dalla psicomagia\u00a0di <strong>Jodorowsky<\/strong>, amico e consigliere di\u00a0<strong>Refn<\/strong>, figura determinante sia in\u00a0<em>La montagna incantata<\/em>\u00a0sia nel\u00a0<em>Dune<\/em> mai fatto, che, per\u00f2, qui ha la punta rivolta verso il basso, gli Inferi, e non verso il cielo, oltre ad essere la classica iconografia dell&#8217; &#8220;origine del mondo&#8221;).<\/p>\n<p><a href=\"https:\/\/i0.wp.com\/www.pigrecoemme.com\/blog\/wp-content\/uploads\/2016\/06\/neon-demon2.jpg?ssl=1\"><img data-recalc-dims=\"1\" loading=\"lazy\" decoding=\"async\" class=\"aligncenter size-full wp-image-1716\" src=\"https:\/\/i0.wp.com\/www.pigrecoemme.com\/blog\/wp-content\/uploads\/2016\/06\/neon-demon2.jpg?resize=484%2C252&#038;ssl=1\" alt=\"neon demon2\" width=\"484\" height=\"252\" srcset=\"https:\/\/i0.wp.com\/www.pigrecoemme.com\/blog\/wp-content\/uploads\/2016\/06\/neon-demon2.jpg?w=484&amp;ssl=1 484w, https:\/\/i0.wp.com\/www.pigrecoemme.com\/blog\/wp-content\/uploads\/2016\/06\/neon-demon2.jpg?resize=300%2C156&amp;ssl=1 300w\" sizes=\"auto, (max-width: 484px) 100vw, 484px\" \/><\/a><strong>Jesse\/Alice<\/strong> non attraversa lo specchio, ma \u00e8 attraversata dallo specchio (una scheggia le lacera la mano) sicch\u00e9 non \u00e8 pi\u00f9 esso, specchio, l&#8217;oggetto delle brame di streghe\/matr\/igne, ma\u00a0<strong>Jesse<\/strong> stessa. E mentre gli uomini del film, mere funzioni, vogliono solo proteggerla (il giovane fotografo), possederla (il fotografo esperto), eliminarla (l&#8217;affittacamere serial killer), dirigerla (lo stilista simil\u00a0<strong>Tom Ford<\/strong>), le altre donne, pi\u00f9 che cancellarla, bramano di ri-farla, di cannibalizzarla, di catturarne l&#8217;anima (il cui &#8220;specchio&#8221; sono gli occhi). Insomma, scavando nei soliti numerosi riferimenti metatestuali (non ultimo il nome dell&#8217;agente che introduce\u00a0<strong>Jesse<\/strong> nel mondo della moda,\u00a0<strong>Roberta Hoffman<\/strong>, come quell&#8217;\u00a0<strong>E.T.A.<\/strong> autore dei\u00a0<em>Racconti notturni<\/em>, in cui figura la novella\u00a0<em>Der Sandmann<\/em><em>,\u00a0<\/em>ispiratrice sia di <em>Eva Futura<\/em> che del robot di <em>Metropolis<\/em> ed analizzata da <strong>Freud<\/strong> nel suo scritto <em>Das Unheimliche<\/em>, altro rimando non peregrino visto che <strong>Jesse<\/strong> non ha n\u00e9 \u00e8 casa e potrebbe essere un fantasma gotico per quanto, sul trampolino, appaia sospesa nell&#8217;aria; o ancora,\u00a0il\u00a0<em>Cat People<\/em> di\u00a0<strong>Paul Schrader<\/strong>, sia nella scena dell&#8217;<em>home invasion<\/em> del puma sia per lo scenario apocalittico su cui scorrono i titoli di coda), stavolta\u00a0<strong>Refn<\/strong> sembra parlarci del contemporaneo\u00a0e\u00a0non solo della forma sfuggente, ma\u00a0anche di un nucleo problematico della societ\u00e0 dell&#8217;immagine digitale, tema che, probabilmente, genitore di una tredicenne, \u00e8 per lui particolarmente sentito.<\/p>\n<p><iframe loading=\"lazy\" title=\"The Neon Demon Official Trailer #1 (2016) - Elle Fanning, Keanu Reeves Horror Movie HD\" width=\"860\" height=\"484\" src=\"https:\/\/www.youtube.com\/embed\/cipOTUO0CmU?feature=oembed\" frameborder=\"0\" allow=\"accelerometer; autoplay; clipboard-write; encrypted-media; gyroscope; picture-in-picture; web-share\" referrerpolicy=\"strict-origin-when-cross-origin\" allowfullscreen><\/iframe><\/p>\n","protected":false},"excerpt":{"rendered":"<p>La bellezza del diavolo \u00e8 forse il titolo pi\u00f9 utilizzato nelle trasposizioni del\u00a0Faust\u00a0gothiano. Cos\u00ec \u00e8 intitolato un film di\u00a0Ren\u00e8 Clair, datato 1950, con\u00a0Michel Simon e\u00a0G\u00e9rard Philipe (interprete, tre anni prima, per restare in tema&hellip;<\/p>\n","protected":false},"author":3,"featured_media":0,"comment_status":"open","ping_status":"open","sticky":false,"template":"","format":"standard","meta":{"_jetpack_newsletter_access":"","_jetpack_dont_email_post_to_subs":false,"_jetpack_newsletter_tier_id":0,"_jetpack_memberships_contains_paywalled_content":false,"_jetpack_feature_clip_id":0,"_jetpack_memberships_contains_paid_content":false,"footnotes":"","jetpack_post_was_ever_published":false},"categories":[950],"tags":[1670,1054,1666,1661,1287,1659,1660,1664,1671,1667,1669,1665,1662,1663,1655],"class_list":["post-1714","post","type-post","status-publish","format-standard","hentry","category-analisi-e-critica-2","tag-alejandro-jodorowsky","tag-dario-argento","tag-das-unheimliche","tag-der-sandmann","tag-drive","tag-dune","tag-eta-hoffman","tag-inferno","tag-la-montagna-incantata","tag-miriam-si-sveglia-a-mezzanotte","tag-nicolas-winding-refn","tag-solo-dio-perdona","tag-suspiria","tag-tenebre","tag-the-neon-demon"],"yoast_head":"<!-- This site is optimized with the Yoast SEO plugin v28.3 - https:\/\/yoast.com\/product\/yoast-seo-wordpress\/ -->\n<title>La bellezza del demonio - Una guida a The Neon Demon di Refn<\/title>\n<meta name=\"description\" content=\"Stavolta Refn sembra parlarci del contemporaneo e non solo della forma sfuggente, ma anche di un nucleo problematico della societ\u00e0 dell&#039;immagine digitale\" \/>\n<meta name=\"robots\" content=\"index, follow, max-snippet:-1, max-image-preview:large, max-video-preview:-1\" \/>\n<link rel=\"canonical\" href=\"https:\/\/www.pigrecoemme.com\/blog\/la-bellezza-del-demonio-guida-the-neon-demon\/\" \/>\n<meta property=\"og:locale\" content=\"it_IT\" \/>\n<meta property=\"og:type\" content=\"article\" \/>\n<meta property=\"og:title\" content=\"La bellezza del demonio - Una guida a The Neon Demon di Refn\" \/>\n<meta property=\"og:description\" content=\"Stavolta Refn sembra parlarci del contemporaneo e non solo della forma sfuggente, ma anche di un nucleo problematico della societ\u00e0 dell&#039;immagine digitale\" \/>\n<meta property=\"og:url\" content=\"https:\/\/www.pigrecoemme.com\/blog\/la-bellezza-del-demonio-guida-the-neon-demon\/\" \/>\n<meta property=\"og:site_name\" content=\"Scuola di Cinema Pigrecoemme - Blog\" \/>\n<meta property=\"article:publisher\" content=\"https:\/\/www.facebook.com\/pigrecoemme\" \/>\n<meta property=\"article:author\" content=\"https:\/\/www.facebook.com\/rosario.gallone\" \/>\n<meta property=\"article:published_time\" content=\"2016-06-13T10:59:12+00:00\" \/>\n<meta property=\"article:modified_time\" content=\"2016-06-13T14:12:09+00:00\" \/>\n<meta property=\"og:image\" content=\"http:\/\/www.pigrecoemme.com\/blog\/wp-content\/uploads\/2016\/06\/neon-demon.jpg\" \/>\n<meta name=\"author\" content=\"Rosario Gallone\" \/>\n<meta name=\"twitter:card\" content=\"summary_large_image\" \/>\n<meta name=\"twitter:creator\" content=\"@RosarioGallone\" \/>\n<meta name=\"twitter:site\" content=\"@Pigrecoemme\" \/>\n<meta name=\"twitter:label1\" content=\"Scritto da\" \/>\n\t<meta name=\"twitter:data1\" content=\"Rosario Gallone\" \/>\n\t<meta name=\"twitter:label2\" content=\"Tempo di lettura stimato\" \/>\n\t<meta name=\"twitter:data2\" content=\"4 minuti\" \/>\n<script type=\"application\/ld+json\" class=\"yoast-schema-graph\">{\"@context\":\"https:\\\/\\\/schema.org\",\"@graph\":[{\"@type\":[\"Article\",\"BlogPosting\"],\"@id\":\"https:\\\/\\\/www.pigrecoemme.com\\\/blog\\\/la-bellezza-del-demonio-guida-the-neon-demon\\\/#article\",\"isPartOf\":{\"@id\":\"https:\\\/\\\/www.pigrecoemme.com\\\/blog\\\/la-bellezza-del-demonio-guida-the-neon-demon\\\/\"},\"author\":{\"name\":\"Rosario Gallone\",\"@id\":\"https:\\\/\\\/www.pigrecoemme.com\\\/blog\\\/#\\\/schema\\\/person\\\/3fdd423e7c221a503812a1e86daec850\"},\"headline\":\"La bellezza del demonio &#8211; Una guida a The Neon Demon\",\"datePublished\":\"2016-06-13T10:59:12+00:00\",\"dateModified\":\"2016-06-13T14:12:09+00:00\",\"mainEntityOfPage\":{\"@id\":\"https:\\\/\\\/www.pigrecoemme.com\\\/blog\\\/la-bellezza-del-demonio-guida-the-neon-demon\\\/\"},\"wordCount\":789,\"commentCount\":0,\"publisher\":{\"@id\":\"https:\\\/\\\/www.pigrecoemme.com\\\/blog\\\/#organization\"},\"image\":{\"@id\":\"https:\\\/\\\/www.pigrecoemme.com\\\/blog\\\/la-bellezza-del-demonio-guida-the-neon-demon\\\/#primaryimage\"},\"thumbnailUrl\":\"http:\\\/\\\/www.pigrecoemme.com\\\/blog\\\/wp-content\\\/uploads\\\/2016\\\/06\\\/neon-demon.jpg\",\"keywords\":[\"Alejandro Jodorowsky\",\"dario argento\",\"das unheimliche\",\"der sandmann\",\"drive\",\"dune\",\"eta hoffman\",\"inferno\",\"la montagna incantata\",\"miriam si sveglia a mezzanotte\",\"nicolas winding refn\",\"solo dio perdona\",\"suspiria\",\"tenebre\",\"the neon demon\"],\"articleSection\":[\"Analisi e Critica\"],\"inLanguage\":\"it-IT\",\"potentialAction\":[{\"@type\":\"CommentAction\",\"name\":\"Comment\",\"target\":[\"https:\\\/\\\/www.pigrecoemme.com\\\/blog\\\/la-bellezza-del-demonio-guida-the-neon-demon\\\/#respond\"]}]},{\"@type\":\"WebPage\",\"@id\":\"https:\\\/\\\/www.pigrecoemme.com\\\/blog\\\/la-bellezza-del-demonio-guida-the-neon-demon\\\/\",\"url\":\"https:\\\/\\\/www.pigrecoemme.com\\\/blog\\\/la-bellezza-del-demonio-guida-the-neon-demon\\\/\",\"name\":\"La bellezza del demonio - Una guida a The Neon Demon di Refn\",\"isPartOf\":{\"@id\":\"https:\\\/\\\/www.pigrecoemme.com\\\/blog\\\/#website\"},\"primaryImageOfPage\":{\"@id\":\"https:\\\/\\\/www.pigrecoemme.com\\\/blog\\\/la-bellezza-del-demonio-guida-the-neon-demon\\\/#primaryimage\"},\"image\":{\"@id\":\"https:\\\/\\\/www.pigrecoemme.com\\\/blog\\\/la-bellezza-del-demonio-guida-the-neon-demon\\\/#primaryimage\"},\"thumbnailUrl\":\"http:\\\/\\\/www.pigrecoemme.com\\\/blog\\\/wp-content\\\/uploads\\\/2016\\\/06\\\/neon-demon.jpg\",\"datePublished\":\"2016-06-13T10:59:12+00:00\",\"dateModified\":\"2016-06-13T14:12:09+00:00\",\"description\":\"Stavolta Refn sembra parlarci del contemporaneo e non solo della forma sfuggente, ma anche di un nucleo problematico della societ\u00e0 dell'immagine digitale\",\"breadcrumb\":{\"@id\":\"https:\\\/\\\/www.pigrecoemme.com\\\/blog\\\/la-bellezza-del-demonio-guida-the-neon-demon\\\/#breadcrumb\"},\"inLanguage\":\"it-IT\",\"potentialAction\":[{\"@type\":\"ReadAction\",\"target\":[\"https:\\\/\\\/www.pigrecoemme.com\\\/blog\\\/la-bellezza-del-demonio-guida-the-neon-demon\\\/\"]}]},{\"@type\":\"ImageObject\",\"inLanguage\":\"it-IT\",\"@id\":\"https:\\\/\\\/www.pigrecoemme.com\\\/blog\\\/la-bellezza-del-demonio-guida-the-neon-demon\\\/#primaryimage\",\"url\":\"http:\\\/\\\/www.pigrecoemme.com\\\/blog\\\/wp-content\\\/uploads\\\/2016\\\/06\\\/neon-demon.jpg\",\"contentUrl\":\"http:\\\/\\\/www.pigrecoemme.com\\\/blog\\\/wp-content\\\/uploads\\\/2016\\\/06\\\/neon-demon.jpg\"},{\"@type\":\"BreadcrumbList\",\"@id\":\"https:\\\/\\\/www.pigrecoemme.com\\\/blog\\\/la-bellezza-del-demonio-guida-the-neon-demon\\\/#breadcrumb\",\"itemListElement\":[{\"@type\":\"ListItem\",\"position\":1,\"name\":\"Home\",\"item\":\"https:\\\/\\\/www.pigrecoemme.com\\\/blog\\\/\"},{\"@type\":\"ListItem\",\"position\":2,\"name\":\"La bellezza del demonio &#8211; Una guida a The Neon Demon\"}]},{\"@type\":\"WebSite\",\"@id\":\"https:\\\/\\\/www.pigrecoemme.com\\\/blog\\\/#website\",\"url\":\"https:\\\/\\\/www.pigrecoemme.com\\\/blog\\\/\",\"name\":\"Scuola di Cinema Pigrecoemme - Blog\",\"description\":\"Siamo la prima Scuola di Cinema e Fotografia di Napoli\",\"publisher\":{\"@id\":\"https:\\\/\\\/www.pigrecoemme.com\\\/blog\\\/#organization\"},\"potentialAction\":[{\"@type\":\"SearchAction\",\"target\":{\"@type\":\"EntryPoint\",\"urlTemplate\":\"https:\\\/\\\/www.pigrecoemme.com\\\/blog\\\/?s={search_term_string}\"},\"query-input\":{\"@type\":\"PropertyValueSpecification\",\"valueRequired\":true,\"valueName\":\"search_term_string\"}}],\"inLanguage\":\"it-IT\"},{\"@type\":\"Organization\",\"@id\":\"https:\\\/\\\/www.pigrecoemme.com\\\/blog\\\/#organization\",\"name\":\"Scuola di cinema e fotografia Pigrecoemme\",\"url\":\"https:\\\/\\\/www.pigrecoemme.com\\\/blog\\\/\",\"logo\":{\"@type\":\"ImageObject\",\"inLanguage\":\"it-IT\",\"@id\":\"https:\\\/\\\/www.pigrecoemme.com\\\/blog\\\/#\\\/schema\\\/logo\\\/image\\\/\",\"url\":\"https:\\\/\\\/i0.wp.com\\\/www.pigrecoemme.com\\\/blog\\\/wp-content\\\/uploads\\\/2018\\\/06\\\/logo-pigrecoemme-2018.png?fit=500%2C500&ssl=1\",\"contentUrl\":\"https:\\\/\\\/i0.wp.com\\\/www.pigrecoemme.com\\\/blog\\\/wp-content\\\/uploads\\\/2018\\\/06\\\/logo-pigrecoemme-2018.png?fit=500%2C500&ssl=1\",\"width\":500,\"height\":500,\"caption\":\"Scuola di cinema e fotografia Pigrecoemme\"},\"image\":{\"@id\":\"https:\\\/\\\/www.pigrecoemme.com\\\/blog\\\/#\\\/schema\\\/logo\\\/image\\\/\"},\"sameAs\":[\"https:\\\/\\\/www.facebook.com\\\/pigrecoemme\",\"https:\\\/\\\/x.com\\\/Pigrecoemme\",\"https:\\\/\\\/www.instagram.com\\\/pigrecoemme\\\/\",\"https:\\\/\\\/www.linkedin.com\\\/company\\\/pigrecoemme\\\/\",\"https:\\\/\\\/www.youtube.com\\\/pigrecoemme\"]},{\"@type\":\"Person\",\"@id\":\"https:\\\/\\\/www.pigrecoemme.com\\\/blog\\\/#\\\/schema\\\/person\\\/3fdd423e7c221a503812a1e86daec850\",\"name\":\"Rosario Gallone\",\"image\":{\"@type\":\"ImageObject\",\"inLanguage\":\"it-IT\",\"@id\":\"https:\\\/\\\/secure.gravatar.com\\\/avatar\\\/7172808a86a713dea422a3159a5fe73d8a0718671410a281103d82dea575d3e9?s=96&r=g\",\"url\":\"https:\\\/\\\/secure.gravatar.com\\\/avatar\\\/7172808a86a713dea422a3159a5fe73d8a0718671410a281103d82dea575d3e9?s=96&r=g\",\"contentUrl\":\"https:\\\/\\\/secure.gravatar.com\\\/avatar\\\/7172808a86a713dea422a3159a5fe73d8a0718671410a281103d82dea575d3e9?s=96&r=g\",\"caption\":\"Rosario Gallone\"},\"description\":\"Rosario \u00e8 tra i fondatori della Pigrecoemme, dove si occupa soprattutto del corso di regia e dell'organizzazione dei corsi. E' autore della sceneggiatura di Isa 9000 (mediometraggio con Isa Danieli diretto da Angelo Serio), del montaggio di documentari e della regia di alcuni cortometraggi.\",\"sameAs\":[\"http:\\\/\\\/www.pigrecoemme.com\\\/\",\"https:\\\/\\\/www.facebook.com\\\/rosario.gallone\",\"https:\\\/\\\/x.com\\\/RosarioGallone\"],\"url\":\"https:\\\/\\\/www.pigrecoemme.com\\\/blog\\\/author\\\/rosario-gallone\\\/\"}]}<\/script>\n<!-- \/ Yoast SEO plugin. -->","yoast_head_json":{"title":"La bellezza del demonio - Una guida a The Neon Demon di Refn","description":"Stavolta Refn sembra parlarci del contemporaneo e non solo della forma sfuggente, ma anche di un nucleo problematico della societ\u00e0 dell'immagine digitale","robots":{"index":"index","follow":"follow","max-snippet":"max-snippet:-1","max-image-preview":"max-image-preview:large","max-video-preview":"max-video-preview:-1"},"canonical":"https:\/\/www.pigrecoemme.com\/blog\/la-bellezza-del-demonio-guida-the-neon-demon\/","og_locale":"it_IT","og_type":"article","og_title":"La bellezza del demonio - Una guida a The Neon Demon di Refn","og_description":"Stavolta Refn sembra parlarci del contemporaneo e non solo della forma sfuggente, ma anche di un nucleo problematico della societ\u00e0 dell'immagine digitale","og_url":"https:\/\/www.pigrecoemme.com\/blog\/la-bellezza-del-demonio-guida-the-neon-demon\/","og_site_name":"Scuola di Cinema Pigrecoemme - Blog","article_publisher":"https:\/\/www.facebook.com\/pigrecoemme","article_author":"https:\/\/www.facebook.com\/rosario.gallone","article_published_time":"2016-06-13T10:59:12+00:00","article_modified_time":"2016-06-13T14:12:09+00:00","og_image":[{"url":"http:\/\/www.pigrecoemme.com\/blog\/wp-content\/uploads\/2016\/06\/neon-demon.jpg","type":"","width":"","height":""}],"author":"Rosario Gallone","twitter_card":"summary_large_image","twitter_creator":"@RosarioGallone","twitter_site":"@Pigrecoemme","twitter_misc":{"Scritto da":"Rosario Gallone","Tempo di lettura stimato":"4 minuti"},"schema":{"@context":"https:\/\/schema.org","@graph":[{"@type":["Article","BlogPosting"],"@id":"https:\/\/www.pigrecoemme.com\/blog\/la-bellezza-del-demonio-guida-the-neon-demon\/#article","isPartOf":{"@id":"https:\/\/www.pigrecoemme.com\/blog\/la-bellezza-del-demonio-guida-the-neon-demon\/"},"author":{"name":"Rosario Gallone","@id":"https:\/\/www.pigrecoemme.com\/blog\/#\/schema\/person\/3fdd423e7c221a503812a1e86daec850"},"headline":"La bellezza del demonio &#8211; Una guida a The Neon Demon","datePublished":"2016-06-13T10:59:12+00:00","dateModified":"2016-06-13T14:12:09+00:00","mainEntityOfPage":{"@id":"https:\/\/www.pigrecoemme.com\/blog\/la-bellezza-del-demonio-guida-the-neon-demon\/"},"wordCount":789,"commentCount":0,"publisher":{"@id":"https:\/\/www.pigrecoemme.com\/blog\/#organization"},"image":{"@id":"https:\/\/www.pigrecoemme.com\/blog\/la-bellezza-del-demonio-guida-the-neon-demon\/#primaryimage"},"thumbnailUrl":"http:\/\/www.pigrecoemme.com\/blog\/wp-content\/uploads\/2016\/06\/neon-demon.jpg","keywords":["Alejandro Jodorowsky","dario argento","das unheimliche","der sandmann","drive","dune","eta hoffman","inferno","la montagna incantata","miriam si sveglia a mezzanotte","nicolas winding refn","solo dio perdona","suspiria","tenebre","the neon demon"],"articleSection":["Analisi e Critica"],"inLanguage":"it-IT","potentialAction":[{"@type":"CommentAction","name":"Comment","target":["https:\/\/www.pigrecoemme.com\/blog\/la-bellezza-del-demonio-guida-the-neon-demon\/#respond"]}]},{"@type":"WebPage","@id":"https:\/\/www.pigrecoemme.com\/blog\/la-bellezza-del-demonio-guida-the-neon-demon\/","url":"https:\/\/www.pigrecoemme.com\/blog\/la-bellezza-del-demonio-guida-the-neon-demon\/","name":"La bellezza del demonio - Una guida a The Neon Demon di Refn","isPartOf":{"@id":"https:\/\/www.pigrecoemme.com\/blog\/#website"},"primaryImageOfPage":{"@id":"https:\/\/www.pigrecoemme.com\/blog\/la-bellezza-del-demonio-guida-the-neon-demon\/#primaryimage"},"image":{"@id":"https:\/\/www.pigrecoemme.com\/blog\/la-bellezza-del-demonio-guida-the-neon-demon\/#primaryimage"},"thumbnailUrl":"http:\/\/www.pigrecoemme.com\/blog\/wp-content\/uploads\/2016\/06\/neon-demon.jpg","datePublished":"2016-06-13T10:59:12+00:00","dateModified":"2016-06-13T14:12:09+00:00","description":"Stavolta Refn sembra parlarci del contemporaneo e non solo della forma sfuggente, ma anche di un nucleo problematico della societ\u00e0 dell'immagine digitale","breadcrumb":{"@id":"https:\/\/www.pigrecoemme.com\/blog\/la-bellezza-del-demonio-guida-the-neon-demon\/#breadcrumb"},"inLanguage":"it-IT","potentialAction":[{"@type":"ReadAction","target":["https:\/\/www.pigrecoemme.com\/blog\/la-bellezza-del-demonio-guida-the-neon-demon\/"]}]},{"@type":"ImageObject","inLanguage":"it-IT","@id":"https:\/\/www.pigrecoemme.com\/blog\/la-bellezza-del-demonio-guida-the-neon-demon\/#primaryimage","url":"http:\/\/www.pigrecoemme.com\/blog\/wp-content\/uploads\/2016\/06\/neon-demon.jpg","contentUrl":"http:\/\/www.pigrecoemme.com\/blog\/wp-content\/uploads\/2016\/06\/neon-demon.jpg"},{"@type":"BreadcrumbList","@id":"https:\/\/www.pigrecoemme.com\/blog\/la-bellezza-del-demonio-guida-the-neon-demon\/#breadcrumb","itemListElement":[{"@type":"ListItem","position":1,"name":"Home","item":"https:\/\/www.pigrecoemme.com\/blog\/"},{"@type":"ListItem","position":2,"name":"La bellezza del demonio &#8211; Una guida a The Neon Demon"}]},{"@type":"WebSite","@id":"https:\/\/www.pigrecoemme.com\/blog\/#website","url":"https:\/\/www.pigrecoemme.com\/blog\/","name":"Scuola di Cinema Pigrecoemme - Blog","description":"Siamo la prima Scuola di Cinema e Fotografia di Napoli","publisher":{"@id":"https:\/\/www.pigrecoemme.com\/blog\/#organization"},"potentialAction":[{"@type":"SearchAction","target":{"@type":"EntryPoint","urlTemplate":"https:\/\/www.pigrecoemme.com\/blog\/?s={search_term_string}"},"query-input":{"@type":"PropertyValueSpecification","valueRequired":true,"valueName":"search_term_string"}}],"inLanguage":"it-IT"},{"@type":"Organization","@id":"https:\/\/www.pigrecoemme.com\/blog\/#organization","name":"Scuola di cinema e fotografia Pigrecoemme","url":"https:\/\/www.pigrecoemme.com\/blog\/","logo":{"@type":"ImageObject","inLanguage":"it-IT","@id":"https:\/\/www.pigrecoemme.com\/blog\/#\/schema\/logo\/image\/","url":"https:\/\/i0.wp.com\/www.pigrecoemme.com\/blog\/wp-content\/uploads\/2018\/06\/logo-pigrecoemme-2018.png?fit=500%2C500&ssl=1","contentUrl":"https:\/\/i0.wp.com\/www.pigrecoemme.com\/blog\/wp-content\/uploads\/2018\/06\/logo-pigrecoemme-2018.png?fit=500%2C500&ssl=1","width":500,"height":500,"caption":"Scuola di cinema e fotografia Pigrecoemme"},"image":{"@id":"https:\/\/www.pigrecoemme.com\/blog\/#\/schema\/logo\/image\/"},"sameAs":["https:\/\/www.facebook.com\/pigrecoemme","https:\/\/x.com\/Pigrecoemme","https:\/\/www.instagram.com\/pigrecoemme\/","https:\/\/www.linkedin.com\/company\/pigrecoemme\/","https:\/\/www.youtube.com\/pigrecoemme"]},{"@type":"Person","@id":"https:\/\/www.pigrecoemme.com\/blog\/#\/schema\/person\/3fdd423e7c221a503812a1e86daec850","name":"Rosario Gallone","image":{"@type":"ImageObject","inLanguage":"it-IT","@id":"https:\/\/secure.gravatar.com\/avatar\/7172808a86a713dea422a3159a5fe73d8a0718671410a281103d82dea575d3e9?s=96&r=g","url":"https:\/\/secure.gravatar.com\/avatar\/7172808a86a713dea422a3159a5fe73d8a0718671410a281103d82dea575d3e9?s=96&r=g","contentUrl":"https:\/\/secure.gravatar.com\/avatar\/7172808a86a713dea422a3159a5fe73d8a0718671410a281103d82dea575d3e9?s=96&r=g","caption":"Rosario Gallone"},"description":"Rosario \u00e8 tra i fondatori della Pigrecoemme, dove si occupa soprattutto del corso di regia e dell'organizzazione dei corsi. E' autore della sceneggiatura di Isa 9000 (mediometraggio con Isa Danieli diretto da Angelo Serio), del montaggio di documentari e della regia di alcuni cortometraggi.","sameAs":["http:\/\/www.pigrecoemme.com\/","https:\/\/www.facebook.com\/rosario.gallone","https:\/\/x.com\/RosarioGallone"],"url":"https:\/\/www.pigrecoemme.com\/blog\/author\/rosario-gallone\/"}]}},"jetpack_sharing_enabled":true,"jetpack_likes_enabled":true,"jetpack-related-posts":[{"id":1820,"url":"https:\/\/www.pigrecoemme.com\/blog\/10-migliori-film-del-2016\/","url_meta":{"origin":1714,"position":0},"title":"I 10 migliori film del 2016","author":"Rosario Gallone","date":"28 Dicembre 2016","format":false,"excerpt":"Il 2016 \u00e8 donna.","rel":"","context":"In &quot;Analisi e Critica&quot;","block_context":{"text":"Analisi e Critica","link":"https:\/\/www.pigrecoemme.com\/blog\/analisi-e-critica-2\/"},"img":{"alt_text":"","src":"https:\/\/i0.wp.com\/www.pigrecoemme.com\/blog\/wp-content\/uploads\/2016\/12\/migliori-2016.jpg?resize=350%2C200","width":350,"height":200},"classes":[]},{"id":829,"url":"https:\/\/www.pigrecoemme.com\/blog\/la-grande-bellezza-la-fotografia-di-gianni-fiorito\/","url_meta":{"origin":1714,"position":1},"title":"La grande bellezza? La fotografia. Dal fotogiornalismo al set, Gianni Fiorito si racconta alla Pigrecoemme","author":"Corrado Morra","date":"30 Aprile 2014","format":false,"excerpt":"Marted\u00ec 6 maggio, dalle ore 18,30 alle 20,30, nell\u2019ambito della rassegna Incontri fotografici,\u00a0Gianni Fiorito sar\u00e0 alla Scuola di cinema e fotografia Pigrecoemme di Napoli per vita a un incontro aperto in cui racconter\u00e0 il suo esemplare ed avvincente percorso artistico che scorre, grazie a una costante e fruttuosa contaminazione, tra\u2026","rel":"","context":"In &quot;Eventi&quot;","block_context":{"text":"Eventi","link":"https:\/\/www.pigrecoemme.com\/blog\/eventi\/"},"img":{"alt_text":"","src":"https:\/\/i0.wp.com\/www.pigrecoemme.com\/blog\/wp-content\/uploads\/2014\/04\/fiorito3-300x208.jpg?resize=350%2C200","width":350,"height":200},"classes":[]},{"id":2775,"url":"https:\/\/www.pigrecoemme.com\/blog\/seminario-online-sul-nuovo-cinema-greco-condotto-da-roberto-lasagna\/","url_meta":{"origin":1714,"position":2},"title":"Seminario online sul nuovo cinema greco condotto da Roberto Lasagna","author":"Pigrecoemme","date":"30 Maggio 2020","format":false,"excerpt":"Incoraggiati dall'incredibile successo dei nostri corsi online di critica cinematografica, abbiamo pensato di proporre un \"seminario\" di durata pi\u00f9 breve e a carattere monografico: Quattro \"meeting\" online su Zoom (15, 19, 22 e 26 giugno 2020, dalle 19:00 alle 21:00), dedicati al Nuovo Cinema Greco condotti da un docente d'eccezione:\u2026","rel":"","context":"In &quot;Analisi e Critica&quot;","block_context":{"text":"Analisi e Critica","link":"https:\/\/www.pigrecoemme.com\/blog\/analisi-e-critica-2\/"},"img":{"alt_text":"syllas tzoumerkas","src":"https:\/\/i0.wp.com\/www.pigrecoemme.com\/blog\/wp-content\/uploads\/2020\/05\/syllas-tzoumerkas.jpg?resize=350%2C200&ssl=1","width":350,"height":200,"srcset":"https:\/\/i0.wp.com\/www.pigrecoemme.com\/blog\/wp-content\/uploads\/2020\/05\/syllas-tzoumerkas.jpg?resize=350%2C200&ssl=1 1x, https:\/\/i0.wp.com\/www.pigrecoemme.com\/blog\/wp-content\/uploads\/2020\/05\/syllas-tzoumerkas.jpg?resize=525%2C300&ssl=1 1.5x, https:\/\/i0.wp.com\/www.pigrecoemme.com\/blog\/wp-content\/uploads\/2020\/05\/syllas-tzoumerkas.jpg?resize=700%2C400&ssl=1 2x"},"classes":[]},{"id":2934,"url":"https:\/\/www.pigrecoemme.com\/blog\/situazione-critica-17-ilaria-feole-su-wes-anderson\/","url_meta":{"origin":1714,"position":3},"title":"Situazione Critica #17: Ilaria Feole su Wes Anderson","author":"Pigrecoemme","date":"28 Novembre 2020","format":false,"excerpt":"Il diciassettesimo appuntamento di Situazione Critica\u00a0\u2013 l\u2019iniziativa della Scuola di cinema Pigrecoemme di Napoli cominciata a maggio 2018 \u2013 si terr\u00e0 on line, sulla piattaforma Zoom e in streaming su Facebook, sabato 5 dicembre 2020 a partire dalle 16:30. L\u2019ospite Ilaria Feole\u00a0parler\u00e0 con Rosario Gallone\u00a0di uno dei due Anderson che\u2026","rel":"","context":"In &quot;Analisi e Critica&quot;","block_context":{"text":"Analisi e Critica","link":"https:\/\/www.pigrecoemme.com\/blog\/analisi-e-critica-2\/"},"img":{"alt_text":"wes anderson genitori figli altri animali ilaria feole","src":"https:\/\/i0.wp.com\/www.pigrecoemme.com\/blog\/wp-content\/uploads\/2020\/11\/wes-anderson-genitori-figli-altri-animali-ilaria-feole.jpg?resize=350%2C200&ssl=1","width":350,"height":200,"srcset":"https:\/\/i0.wp.com\/www.pigrecoemme.com\/blog\/wp-content\/uploads\/2020\/11\/wes-anderson-genitori-figli-altri-animali-ilaria-feole.jpg?resize=350%2C200&ssl=1 1x, https:\/\/i0.wp.com\/www.pigrecoemme.com\/blog\/wp-content\/uploads\/2020\/11\/wes-anderson-genitori-figli-altri-animali-ilaria-feole.jpg?resize=525%2C300&ssl=1 1.5x"},"classes":[]},{"id":2617,"url":"https:\/\/www.pigrecoemme.com\/blog\/sole-di-carlo-sironi\/","url_meta":{"origin":1714,"position":4},"title":"Sole di Carlo Sironi &#8211; Recensione del film","author":"Mariantonietta Losanno","date":"11 Marzo 2020","format":false,"excerpt":"In Sole, di Carlo Sironi, Ermanno trascorre le sue giornate a giocare alle slot machine e tenta di guadagnare con piccoli furti. \u00c8 solo e senza alcuna direzione. Lena \u00e8 una sua coetanea di origine polacca, \u00e8 incinta ed \u00e8 intenzionata a vendere il suo bambino. Gli acquirenti sono lo\u2026","rel":"","context":"In &quot;Analisi e Critica&quot;","block_context":{"text":"Analisi e Critica","link":"https:\/\/www.pigrecoemme.com\/blog\/analisi-e-critica-2\/"},"img":{"alt_text":"sole-carlo-sironi","src":"https:\/\/i0.wp.com\/www.pigrecoemme.com\/blog\/wp-content\/uploads\/2020\/03\/sole-2019-carlo-sironi-recensione-02.jpg?resize=350%2C200","width":350,"height":200,"srcset":"https:\/\/i0.wp.com\/www.pigrecoemme.com\/blog\/wp-content\/uploads\/2020\/03\/sole-2019-carlo-sironi-recensione-02.jpg?resize=350%2C200 1x, https:\/\/i0.wp.com\/www.pigrecoemme.com\/blog\/wp-content\/uploads\/2020\/03\/sole-2019-carlo-sironi-recensione-02.jpg?resize=525%2C300 1.5x"},"classes":[]},{"id":369,"url":"https:\/\/www.pigrecoemme.com\/blog\/nuovo-master-sconto\/","url_meta":{"origin":1714,"position":5},"title":"Dal 27 ottobre 2011 il nuovo Master Pigrecoemme.  300 euro di sconto per chi si iscrive entro il 31 luglio.","author":"Rosario Gallone","date":"6 Giugno 2011","format":false,"excerpt":"Non \u00e8 ancora terminata l'annata 2010\/2011 e gi\u00e0 si programma quella 2011\/2012. Dal 24 ottobre partiranno i nuovi corsi di Analisi e critica (24 ottobre) Montaggio (25 ottobre) Regia (27 ottobre) Sceneggiatura (28 ottobre). Nella stessa settimana partir\u00e0 anche Il nuovo Master di cinema di Pigrecoemme. Chi si iscriver\u00e0 entro\u2026","rel":"","context":"In &quot;Scuola di cinema&quot;","block_context":{"text":"Scuola di cinema","link":"https:\/\/www.pigrecoemme.com\/blog\/scuola-di-cinema\/"},"img":{"alt_text":"","src":"https:\/\/i0.wp.com\/www.pigrecoemme.com\/blog\/wp-content\/uploads\/2025\/05\/corsi-di-cinema-napoli.fw_.png?resize=350%2C200&ssl=1","width":350,"height":200,"srcset":"https:\/\/i0.wp.com\/www.pigrecoemme.com\/blog\/wp-content\/uploads\/2025\/05\/corsi-di-cinema-napoli.fw_.png?resize=350%2C200&ssl=1 1x, https:\/\/i0.wp.com\/www.pigrecoemme.com\/blog\/wp-content\/uploads\/2025\/05\/corsi-di-cinema-napoli.fw_.png?resize=525%2C300&ssl=1 1.5x, https:\/\/i0.wp.com\/www.pigrecoemme.com\/blog\/wp-content\/uploads\/2025\/05\/corsi-di-cinema-napoli.fw_.png?resize=700%2C400&ssl=1 2x, https:\/\/i0.wp.com\/www.pigrecoemme.com\/blog\/wp-content\/uploads\/2025\/05\/corsi-di-cinema-napoli.fw_.png?resize=1050%2C600&ssl=1 3x"},"classes":[]}],"jetpack_featured_media_url":"","_links":{"self":[{"href":"https:\/\/www.pigrecoemme.com\/blog\/wp-json\/wp\/v2\/posts\/1714","targetHints":{"allow":["GET"]}}],"collection":[{"href":"https:\/\/www.pigrecoemme.com\/blog\/wp-json\/wp\/v2\/posts"}],"about":[{"href":"https:\/\/www.pigrecoemme.com\/blog\/wp-json\/wp\/v2\/types\/post"}],"author":[{"embeddable":true,"href":"https:\/\/www.pigrecoemme.com\/blog\/wp-json\/wp\/v2\/users\/3"}],"replies":[{"embeddable":true,"href":"https:\/\/www.pigrecoemme.com\/blog\/wp-json\/wp\/v2\/comments?post=1714"}],"version-history":[{"count":0,"href":"https:\/\/www.pigrecoemme.com\/blog\/wp-json\/wp\/v2\/posts\/1714\/revisions"}],"wp:attachment":[{"href":"https:\/\/www.pigrecoemme.com\/blog\/wp-json\/wp\/v2\/media?parent=1714"}],"wp:term":[{"taxonomy":"category","embeddable":true,"href":"https:\/\/www.pigrecoemme.com\/blog\/wp-json\/wp\/v2\/categories?post=1714"},{"taxonomy":"post_tag","embeddable":true,"href":"https:\/\/www.pigrecoemme.com\/blog\/wp-json\/wp\/v2\/tags?post=1714"}],"curies":[{"name":"wp","href":"https:\/\/api.w.org\/{rel}","templated":true}]}}