{"id":169,"date":"2009-09-15T15:31:30","date_gmt":"2009-09-15T13:31:30","guid":{"rendered":"http:\/\/www.pigrecoemme.com\/blog\/?p=169"},"modified":"2016-02-27T13:03:55","modified_gmt":"2016-02-27T12:03:55","slug":"fotogiornalismo-incontro-con-luciano-ferrara","status":"publish","type":"post","link":"https:\/\/www.pigrecoemme.com\/blog\/fotogiornalismo-incontro-con-luciano-ferrara\/","title":{"rendered":"Fotogiornalismo: incontro con Luciano Ferrara"},"content":{"rendered":"<figure id=\"attachment_170\" aria-describedby=\"caption-attachment-170\" style=\"width: 300px\" class=\"wp-caption alignleft\"><a href=\"https:\/\/i0.wp.com\/www.pigrecoemme.com\/blog\/wp-content\/uploads\/2009\/09\/luciano-ferrara.jpg?ssl=1\"><img data-recalc-dims=\"1\" loading=\"lazy\" decoding=\"async\" class=\"size-medium wp-image-170\" title=\"luciano-ferrara\" src=\"https:\/\/i0.wp.com\/www.pigrecoemme.com\/blog\/wp-content\/uploads\/2009\/09\/luciano-ferrara.jpg?resize=300%2C209&#038;ssl=1\" alt=\"Una foto di Luciano Ferrara\" width=\"300\" height=\"209\" srcset=\"https:\/\/i0.wp.com\/www.pigrecoemme.com\/blog\/wp-content\/uploads\/2009\/09\/luciano-ferrara.jpg?resize=300%2C209&amp;ssl=1 300w, https:\/\/i0.wp.com\/www.pigrecoemme.com\/blog\/wp-content\/uploads\/2009\/09\/luciano-ferrara.jpg?w=900&amp;ssl=1 900w\" sizes=\"auto, (max-width: 300px) 100vw, 300px\" \/><\/a><figcaption id=\"caption-attachment-170\" class=\"wp-caption-text\">Una foto di Luciano Ferrara<\/figcaption><\/figure>\n<p>Venerd\u00ec 25 settembre 2009 alle 17,00, negli spazi della Scuola di cinema Pigrecoemme (a Napoli, in Piazza Portanova 11), lo storico della fotografia Luca Sorbo ed il critico d&#8217;arte Corrado Morra incontrano Luciano Ferrara, uno dei pi\u00f9 rappresentativi fotoreporter italiani.<br \/>\nLuciano Ferrara \u00e8 una presenza costante a Napoli raccontando, da oltre trent\u2019anni, una citt\u00e0 lontana dalla retorica dei luoghi comuni. La sua \u00e8 una fotografia elegante che non cerca l\u2019effetto spettacolare che documenta, invece, instancabilmente il costante mutamento della citt\u00e0 ed in particolare dei suoi quartieri pi\u00f9 degradati.<br \/>\nProfessionista affermato, Ferrara non rinuncia a sviluppare una sua ricerca creativa. A volte polemico, \u00e8 oggi una delle voci pi\u00f9 interessanti e libere di Napoli.<br \/>\nL\u2019impegno sociale, la militanza civile, l\u2019entusiasmo e la curiosit\u00e0 che hanno caratterizzato i primi anni di attivit\u00e0 sono rimasti sempre vivi e caratterizzano tutti i suoi lavori.<br \/>\nAl suo attivo Ferrara ha molte pubblicazioni tra cui ricordiamo \u201cLuciano Ferrara Reporter\u201d, \u00a0Mazzotta Editore; \u201cE qui la festa\u201d, Ulisse edizioni; \u201cL\u2019ultimo villaggio\u201d, Electa; \u00a0\u201cBella Cosenza\u201d, Federico Motta.<br \/>\nL&#8217;ingresso \u00e8 gratuito.<\/p>\n","protected":false},"excerpt":{"rendered":"<p>Venerd\u00ec 25 settembre 2009 alle 17,00, negli spazi della Scuola di cinema Pigrecoemme (a Napoli, in Piazza Portanova 11), lo storico della fotografia Luca Sorbo ed il critico d&#8217;arte Corrado Morra incontrano Luciano Ferrara,&hellip;<\/p>\n","protected":false},"author":1,"featured_media":0,"comment_status":"open","ping_status":"open","sticky":false,"template":"","format":"standard","meta":{"_jetpack_newsletter_access":"","_jetpack_dont_email_post_to_subs":false,"_jetpack_newsletter_tier_id":0,"_jetpack_memberships_contains_paywalled_content":false,"_jetpack_feature_clip_id":0,"_jetpack_memberships_contains_paid_content":false,"footnotes":"","jetpack_post_was_ever_published":false},"categories":[11,21,1523],"tags":[20,347,1283,69,346,77],"class_list":["post-169","post","type-post","status-publish","format-standard","hentry","category-eventi","category-fotografia","category-incontri-fotografici","tag-corso-di-fotografia","tag-fotogiornalismo","tag-fotografia","tag-luca-sorbo","tag-luciano-ferrara","tag-napoli"],"yoast_head":"<!-- This site is optimized with the Yoast SEO plugin v28.3 - https:\/\/yoast.com\/product\/yoast-seo-wordpress\/ -->\n<title>Fotogiornalismo: incontro con Luciano Ferrara<\/title>\n<meta name=\"robots\" content=\"index, follow, max-snippet:-1, max-image-preview:large, max-video-preview:-1\" \/>\n<link rel=\"canonical\" href=\"https:\/\/www.pigrecoemme.com\/blog\/fotogiornalismo-incontro-con-luciano-ferrara\/\" \/>\n<meta property=\"og:locale\" content=\"it_IT\" \/>\n<meta property=\"og:type\" content=\"article\" \/>\n<meta property=\"og:title\" content=\"Fotogiornalismo: incontro con Luciano Ferrara\" \/>\n<meta property=\"og:description\" content=\"Venerd\u00ec 25 settembre 2009 alle 17,00, negli spazi della Scuola di cinema Pigrecoemme (a Napoli, in Piazza Portanova 11), lo storico della fotografia Luca Sorbo ed il critico d&#8217;arte Corrado Morra incontrano Luciano Ferrara,&hellip;\" \/>\n<meta property=\"og:url\" content=\"https:\/\/www.pigrecoemme.com\/blog\/fotogiornalismo-incontro-con-luciano-ferrara\/\" \/>\n<meta property=\"og:site_name\" content=\"Scuola di Cinema Pigrecoemme - Blog\" \/>\n<meta property=\"article:publisher\" content=\"https:\/\/www.facebook.com\/pigrecoemme\" \/>\n<meta property=\"article:author\" content=\"https:\/\/www.facebook.com\/giacomo.fabbrocino\" \/>\n<meta property=\"article:published_time\" content=\"2009-09-15T13:31:30+00:00\" \/>\n<meta property=\"article:modified_time\" content=\"2016-02-27T12:03:55+00:00\" \/>\n<meta property=\"og:image\" content=\"http:\/\/www.pigrecoemme.com\/blog\/wp-content\/uploads\/2009\/09\/luciano-ferrara-300x209.jpg\" \/>\n<meta name=\"author\" content=\"Giacomo Fabbrocino\" \/>\n<meta name=\"twitter:card\" content=\"summary_large_image\" \/>\n<meta name=\"twitter:creator\" content=\"@Pigrecoemme\" \/>\n<meta name=\"twitter:site\" content=\"@Pigrecoemme\" \/>\n<meta name=\"twitter:label1\" content=\"Scritto da\" \/>\n\t<meta name=\"twitter:data1\" content=\"Giacomo Fabbrocino\" \/>\n\t<meta name=\"twitter:label2\" content=\"Tempo di lettura stimato\" \/>\n\t<meta name=\"twitter:data2\" content=\"1 minuto\" \/>\n<script type=\"application\/ld+json\" class=\"yoast-schema-graph\">{\"@context\":\"https:\\\/\\\/schema.org\",\"@graph\":[{\"@type\":[\"Article\",\"BlogPosting\"],\"@id\":\"https:\\\/\\\/www.pigrecoemme.com\\\/blog\\\/fotogiornalismo-incontro-con-luciano-ferrara\\\/#article\",\"isPartOf\":{\"@id\":\"https:\\\/\\\/www.pigrecoemme.com\\\/blog\\\/fotogiornalismo-incontro-con-luciano-ferrara\\\/\"},\"author\":{\"name\":\"Giacomo Fabbrocino\",\"@id\":\"https:\\\/\\\/www.pigrecoemme.com\\\/blog\\\/#\\\/schema\\\/person\\\/57fa822c3d209d3a2612fd0411ae63f4\"},\"headline\":\"Fotogiornalismo: incontro con Luciano Ferrara\",\"datePublished\":\"2009-09-15T13:31:30+00:00\",\"dateModified\":\"2016-02-27T12:03:55+00:00\",\"mainEntityOfPage\":{\"@id\":\"https:\\\/\\\/www.pigrecoemme.com\\\/blog\\\/fotogiornalismo-incontro-con-luciano-ferrara\\\/\"},\"wordCount\":187,\"commentCount\":0,\"publisher\":{\"@id\":\"https:\\\/\\\/www.pigrecoemme.com\\\/blog\\\/#organization\"},\"image\":{\"@id\":\"https:\\\/\\\/www.pigrecoemme.com\\\/blog\\\/fotogiornalismo-incontro-con-luciano-ferrara\\\/#primaryimage\"},\"thumbnailUrl\":\"http:\\\/\\\/www.pigrecoemme.com\\\/blog\\\/wp-content\\\/uploads\\\/2009\\\/09\\\/luciano-ferrara-300x209.jpg\",\"keywords\":[\"\\\"corso di fotografia\\\"\",\"fotogiornalismo\",\"fotografia\",\"luca sorbo\",\"luciano ferrara\",\"napoli\"],\"articleSection\":[\"Eventi\",\"Fotografia\",\"Incontri fotografici\"],\"inLanguage\":\"it-IT\",\"potentialAction\":[{\"@type\":\"CommentAction\",\"name\":\"Comment\",\"target\":[\"https:\\\/\\\/www.pigrecoemme.com\\\/blog\\\/fotogiornalismo-incontro-con-luciano-ferrara\\\/#respond\"]}]},{\"@type\":\"WebPage\",\"@id\":\"https:\\\/\\\/www.pigrecoemme.com\\\/blog\\\/fotogiornalismo-incontro-con-luciano-ferrara\\\/\",\"url\":\"https:\\\/\\\/www.pigrecoemme.com\\\/blog\\\/fotogiornalismo-incontro-con-luciano-ferrara\\\/\",\"name\":\"Fotogiornalismo: incontro con Luciano Ferrara\",\"isPartOf\":{\"@id\":\"https:\\\/\\\/www.pigrecoemme.com\\\/blog\\\/#website\"},\"primaryImageOfPage\":{\"@id\":\"https:\\\/\\\/www.pigrecoemme.com\\\/blog\\\/fotogiornalismo-incontro-con-luciano-ferrara\\\/#primaryimage\"},\"image\":{\"@id\":\"https:\\\/\\\/www.pigrecoemme.com\\\/blog\\\/fotogiornalismo-incontro-con-luciano-ferrara\\\/#primaryimage\"},\"thumbnailUrl\":\"http:\\\/\\\/www.pigrecoemme.com\\\/blog\\\/wp-content\\\/uploads\\\/2009\\\/09\\\/luciano-ferrara-300x209.jpg\",\"datePublished\":\"2009-09-15T13:31:30+00:00\",\"dateModified\":\"2016-02-27T12:03:55+00:00\",\"breadcrumb\":{\"@id\":\"https:\\\/\\\/www.pigrecoemme.com\\\/blog\\\/fotogiornalismo-incontro-con-luciano-ferrara\\\/#breadcrumb\"},\"inLanguage\":\"it-IT\",\"potentialAction\":[{\"@type\":\"ReadAction\",\"target\":[\"https:\\\/\\\/www.pigrecoemme.com\\\/blog\\\/fotogiornalismo-incontro-con-luciano-ferrara\\\/\"]}]},{\"@type\":\"ImageObject\",\"inLanguage\":\"it-IT\",\"@id\":\"https:\\\/\\\/www.pigrecoemme.com\\\/blog\\\/fotogiornalismo-incontro-con-luciano-ferrara\\\/#primaryimage\",\"url\":\"http:\\\/\\\/www.pigrecoemme.com\\\/blog\\\/wp-content\\\/uploads\\\/2009\\\/09\\\/luciano-ferrara-300x209.jpg\",\"contentUrl\":\"http:\\\/\\\/www.pigrecoemme.com\\\/blog\\\/wp-content\\\/uploads\\\/2009\\\/09\\\/luciano-ferrara-300x209.jpg\"},{\"@type\":\"BreadcrumbList\",\"@id\":\"https:\\\/\\\/www.pigrecoemme.com\\\/blog\\\/fotogiornalismo-incontro-con-luciano-ferrara\\\/#breadcrumb\",\"itemListElement\":[{\"@type\":\"ListItem\",\"position\":1,\"name\":\"Home\",\"item\":\"https:\\\/\\\/www.pigrecoemme.com\\\/blog\\\/\"},{\"@type\":\"ListItem\",\"position\":2,\"name\":\"Fotogiornalismo: incontro con Luciano Ferrara\"}]},{\"@type\":\"WebSite\",\"@id\":\"https:\\\/\\\/www.pigrecoemme.com\\\/blog\\\/#website\",\"url\":\"https:\\\/\\\/www.pigrecoemme.com\\\/blog\\\/\",\"name\":\"Scuola di Cinema Pigrecoemme - Blog\",\"description\":\"Siamo la prima Scuola di Cinema e Fotografia di Napoli\",\"publisher\":{\"@id\":\"https:\\\/\\\/www.pigrecoemme.com\\\/blog\\\/#organization\"},\"potentialAction\":[{\"@type\":\"SearchAction\",\"target\":{\"@type\":\"EntryPoint\",\"urlTemplate\":\"https:\\\/\\\/www.pigrecoemme.com\\\/blog\\\/?s={search_term_string}\"},\"query-input\":{\"@type\":\"PropertyValueSpecification\",\"valueRequired\":true,\"valueName\":\"search_term_string\"}}],\"inLanguage\":\"it-IT\"},{\"@type\":\"Organization\",\"@id\":\"https:\\\/\\\/www.pigrecoemme.com\\\/blog\\\/#organization\",\"name\":\"Scuola di cinema e fotografia Pigrecoemme\",\"url\":\"https:\\\/\\\/www.pigrecoemme.com\\\/blog\\\/\",\"logo\":{\"@type\":\"ImageObject\",\"inLanguage\":\"it-IT\",\"@id\":\"https:\\\/\\\/www.pigrecoemme.com\\\/blog\\\/#\\\/schema\\\/logo\\\/image\\\/\",\"url\":\"https:\\\/\\\/i0.wp.com\\\/www.pigrecoemme.com\\\/blog\\\/wp-content\\\/uploads\\\/2018\\\/06\\\/logo-pigrecoemme-2018.png?fit=500%2C500&ssl=1\",\"contentUrl\":\"https:\\\/\\\/i0.wp.com\\\/www.pigrecoemme.com\\\/blog\\\/wp-content\\\/uploads\\\/2018\\\/06\\\/logo-pigrecoemme-2018.png?fit=500%2C500&ssl=1\",\"width\":500,\"height\":500,\"caption\":\"Scuola di cinema e fotografia Pigrecoemme\"},\"image\":{\"@id\":\"https:\\\/\\\/www.pigrecoemme.com\\\/blog\\\/#\\\/schema\\\/logo\\\/image\\\/\"},\"sameAs\":[\"https:\\\/\\\/www.facebook.com\\\/pigrecoemme\",\"https:\\\/\\\/x.com\\\/Pigrecoemme\",\"https:\\\/\\\/www.instagram.com\\\/pigrecoemme\\\/\",\"https:\\\/\\\/www.linkedin.com\\\/company\\\/pigrecoemme\\\/\",\"https:\\\/\\\/www.youtube.com\\\/pigrecoemme\"]},{\"@type\":\"Person\",\"@id\":\"https:\\\/\\\/www.pigrecoemme.com\\\/blog\\\/#\\\/schema\\\/person\\\/57fa822c3d209d3a2612fd0411ae63f4\",\"name\":\"Giacomo Fabbrocino\",\"image\":{\"@type\":\"ImageObject\",\"inLanguage\":\"it-IT\",\"@id\":\"https:\\\/\\\/secure.gravatar.com\\\/avatar\\\/0e4dfd4d05c06a03fffaffeb36fb181415ba11b91a6b566fa2e8ada75927db32?s=96&r=g\",\"url\":\"https:\\\/\\\/secure.gravatar.com\\\/avatar\\\/0e4dfd4d05c06a03fffaffeb36fb181415ba11b91a6b566fa2e8ada75927db32?s=96&r=g\",\"contentUrl\":\"https:\\\/\\\/secure.gravatar.com\\\/avatar\\\/0e4dfd4d05c06a03fffaffeb36fb181415ba11b91a6b566fa2e8ada75927db32?s=96&r=g\",\"caption\":\"Giacomo Fabbrocino\"},\"description\":\"Montatore cinematografico, autore di documentari sull'arte e di video d'artista, Giacomo \u00e8 responsabile della didattica e della comunicazione web della Scuola di Cinema, Fotografia e Televisione Pigrecoemme di Napoli.\",\"sameAs\":[\"http:\\\/\\\/www.pigrecoemme.com\\\/\",\"https:\\\/\\\/www.facebook.com\\\/giacomo.fabbrocino\"],\"url\":\"https:\\\/\\\/www.pigrecoemme.com\\\/blog\\\/author\\\/giacomo-fabbrocino\\\/\"}]}<\/script>\n<!-- \/ Yoast SEO plugin. -->","yoast_head_json":{"title":"Fotogiornalismo: incontro con Luciano Ferrara","robots":{"index":"index","follow":"follow","max-snippet":"max-snippet:-1","max-image-preview":"max-image-preview:large","max-video-preview":"max-video-preview:-1"},"canonical":"https:\/\/www.pigrecoemme.com\/blog\/fotogiornalismo-incontro-con-luciano-ferrara\/","og_locale":"it_IT","og_type":"article","og_title":"Fotogiornalismo: incontro con Luciano Ferrara","og_description":"Venerd\u00ec 25 settembre 2009 alle 17,00, negli spazi della Scuola di cinema Pigrecoemme (a Napoli, in Piazza Portanova 11), lo storico della fotografia Luca Sorbo ed il critico d&#8217;arte Corrado Morra incontrano Luciano Ferrara,&hellip;","og_url":"https:\/\/www.pigrecoemme.com\/blog\/fotogiornalismo-incontro-con-luciano-ferrara\/","og_site_name":"Scuola di Cinema Pigrecoemme - Blog","article_publisher":"https:\/\/www.facebook.com\/pigrecoemme","article_author":"https:\/\/www.facebook.com\/giacomo.fabbrocino","article_published_time":"2009-09-15T13:31:30+00:00","article_modified_time":"2016-02-27T12:03:55+00:00","og_image":[{"url":"http:\/\/www.pigrecoemme.com\/blog\/wp-content\/uploads\/2009\/09\/luciano-ferrara-300x209.jpg","type":"","width":"","height":""}],"author":"Giacomo Fabbrocino","twitter_card":"summary_large_image","twitter_creator":"@Pigrecoemme","twitter_site":"@Pigrecoemme","twitter_misc":{"Scritto da":"Giacomo Fabbrocino","Tempo di lettura stimato":"1 minuto"},"schema":{"@context":"https:\/\/schema.org","@graph":[{"@type":["Article","BlogPosting"],"@id":"https:\/\/www.pigrecoemme.com\/blog\/fotogiornalismo-incontro-con-luciano-ferrara\/#article","isPartOf":{"@id":"https:\/\/www.pigrecoemme.com\/blog\/fotogiornalismo-incontro-con-luciano-ferrara\/"},"author":{"name":"Giacomo Fabbrocino","@id":"https:\/\/www.pigrecoemme.com\/blog\/#\/schema\/person\/57fa822c3d209d3a2612fd0411ae63f4"},"headline":"Fotogiornalismo: incontro con Luciano Ferrara","datePublished":"2009-09-15T13:31:30+00:00","dateModified":"2016-02-27T12:03:55+00:00","mainEntityOfPage":{"@id":"https:\/\/www.pigrecoemme.com\/blog\/fotogiornalismo-incontro-con-luciano-ferrara\/"},"wordCount":187,"commentCount":0,"publisher":{"@id":"https:\/\/www.pigrecoemme.com\/blog\/#organization"},"image":{"@id":"https:\/\/www.pigrecoemme.com\/blog\/fotogiornalismo-incontro-con-luciano-ferrara\/#primaryimage"},"thumbnailUrl":"http:\/\/www.pigrecoemme.com\/blog\/wp-content\/uploads\/2009\/09\/luciano-ferrara-300x209.jpg","keywords":["\"corso di fotografia\"","fotogiornalismo","fotografia","luca sorbo","luciano ferrara","napoli"],"articleSection":["Eventi","Fotografia","Incontri fotografici"],"inLanguage":"it-IT","potentialAction":[{"@type":"CommentAction","name":"Comment","target":["https:\/\/www.pigrecoemme.com\/blog\/fotogiornalismo-incontro-con-luciano-ferrara\/#respond"]}]},{"@type":"WebPage","@id":"https:\/\/www.pigrecoemme.com\/blog\/fotogiornalismo-incontro-con-luciano-ferrara\/","url":"https:\/\/www.pigrecoemme.com\/blog\/fotogiornalismo-incontro-con-luciano-ferrara\/","name":"Fotogiornalismo: incontro con Luciano Ferrara","isPartOf":{"@id":"https:\/\/www.pigrecoemme.com\/blog\/#website"},"primaryImageOfPage":{"@id":"https:\/\/www.pigrecoemme.com\/blog\/fotogiornalismo-incontro-con-luciano-ferrara\/#primaryimage"},"image":{"@id":"https:\/\/www.pigrecoemme.com\/blog\/fotogiornalismo-incontro-con-luciano-ferrara\/#primaryimage"},"thumbnailUrl":"http:\/\/www.pigrecoemme.com\/blog\/wp-content\/uploads\/2009\/09\/luciano-ferrara-300x209.jpg","datePublished":"2009-09-15T13:31:30+00:00","dateModified":"2016-02-27T12:03:55+00:00","breadcrumb":{"@id":"https:\/\/www.pigrecoemme.com\/blog\/fotogiornalismo-incontro-con-luciano-ferrara\/#breadcrumb"},"inLanguage":"it-IT","potentialAction":[{"@type":"ReadAction","target":["https:\/\/www.pigrecoemme.com\/blog\/fotogiornalismo-incontro-con-luciano-ferrara\/"]}]},{"@type":"ImageObject","inLanguage":"it-IT","@id":"https:\/\/www.pigrecoemme.com\/blog\/fotogiornalismo-incontro-con-luciano-ferrara\/#primaryimage","url":"http:\/\/www.pigrecoemme.com\/blog\/wp-content\/uploads\/2009\/09\/luciano-ferrara-300x209.jpg","contentUrl":"http:\/\/www.pigrecoemme.com\/blog\/wp-content\/uploads\/2009\/09\/luciano-ferrara-300x209.jpg"},{"@type":"BreadcrumbList","@id":"https:\/\/www.pigrecoemme.com\/blog\/fotogiornalismo-incontro-con-luciano-ferrara\/#breadcrumb","itemListElement":[{"@type":"ListItem","position":1,"name":"Home","item":"https:\/\/www.pigrecoemme.com\/blog\/"},{"@type":"ListItem","position":2,"name":"Fotogiornalismo: incontro con Luciano Ferrara"}]},{"@type":"WebSite","@id":"https:\/\/www.pigrecoemme.com\/blog\/#website","url":"https:\/\/www.pigrecoemme.com\/blog\/","name":"Scuola di Cinema Pigrecoemme - Blog","description":"Siamo la prima Scuola di Cinema e Fotografia di Napoli","publisher":{"@id":"https:\/\/www.pigrecoemme.com\/blog\/#organization"},"potentialAction":[{"@type":"SearchAction","target":{"@type":"EntryPoint","urlTemplate":"https:\/\/www.pigrecoemme.com\/blog\/?s={search_term_string}"},"query-input":{"@type":"PropertyValueSpecification","valueRequired":true,"valueName":"search_term_string"}}],"inLanguage":"it-IT"},{"@type":"Organization","@id":"https:\/\/www.pigrecoemme.com\/blog\/#organization","name":"Scuola di cinema e fotografia Pigrecoemme","url":"https:\/\/www.pigrecoemme.com\/blog\/","logo":{"@type":"ImageObject","inLanguage":"it-IT","@id":"https:\/\/www.pigrecoemme.com\/blog\/#\/schema\/logo\/image\/","url":"https:\/\/i0.wp.com\/www.pigrecoemme.com\/blog\/wp-content\/uploads\/2018\/06\/logo-pigrecoemme-2018.png?fit=500%2C500&ssl=1","contentUrl":"https:\/\/i0.wp.com\/www.pigrecoemme.com\/blog\/wp-content\/uploads\/2018\/06\/logo-pigrecoemme-2018.png?fit=500%2C500&ssl=1","width":500,"height":500,"caption":"Scuola di cinema e fotografia Pigrecoemme"},"image":{"@id":"https:\/\/www.pigrecoemme.com\/blog\/#\/schema\/logo\/image\/"},"sameAs":["https:\/\/www.facebook.com\/pigrecoemme","https:\/\/x.com\/Pigrecoemme","https:\/\/www.instagram.com\/pigrecoemme\/","https:\/\/www.linkedin.com\/company\/pigrecoemme\/","https:\/\/www.youtube.com\/pigrecoemme"]},{"@type":"Person","@id":"https:\/\/www.pigrecoemme.com\/blog\/#\/schema\/person\/57fa822c3d209d3a2612fd0411ae63f4","name":"Giacomo Fabbrocino","image":{"@type":"ImageObject","inLanguage":"it-IT","@id":"https:\/\/secure.gravatar.com\/avatar\/0e4dfd4d05c06a03fffaffeb36fb181415ba11b91a6b566fa2e8ada75927db32?s=96&r=g","url":"https:\/\/secure.gravatar.com\/avatar\/0e4dfd4d05c06a03fffaffeb36fb181415ba11b91a6b566fa2e8ada75927db32?s=96&r=g","contentUrl":"https:\/\/secure.gravatar.com\/avatar\/0e4dfd4d05c06a03fffaffeb36fb181415ba11b91a6b566fa2e8ada75927db32?s=96&r=g","caption":"Giacomo Fabbrocino"},"description":"Montatore cinematografico, autore di documentari sull'arte e di video d'artista, Giacomo \u00e8 responsabile della didattica e della comunicazione web della Scuola di Cinema, Fotografia e Televisione Pigrecoemme di Napoli.","sameAs":["http:\/\/www.pigrecoemme.com\/","https:\/\/www.facebook.com\/giacomo.fabbrocino"],"url":"https:\/\/www.pigrecoemme.com\/blog\/author\/giacomo-fabbrocino\/"}]}},"jetpack_sharing_enabled":true,"jetpack_likes_enabled":true,"jetpack-related-posts":[{"id":200,"url":"https:\/\/www.pigrecoemme.com\/blog\/il-programma-del-corso-di-fotogiornalismo\/","url_meta":{"origin":169,"position":0},"title":"Il programma del corso di fotogiornalismo","author":"Giacomo Fabbrocino","date":"26 Gennaio 2010","format":false,"excerpt":"Il Corso di Fotogiornalismo di Pigrecoemme, coordinato da Luca Sorbo, \u00e8 diretto a chi, avendo gi\u00e0 acquisite le competenze di base della fotografia, voglia intraprendere la carriera di fotogiornalista. Il corso \u00e8 anche consigliato al fotoamatore evoluto che voglia approfondire le dinamiche del racconto fotografico e abbia intenzione di collaborare\u2026","rel":"","context":"In &quot;Generale&quot;","block_context":{"text":"Generale","link":"https:\/\/www.pigrecoemme.com\/blog\/generale\/"},"img":{"alt_text":"","src":"https:\/\/i0.wp.com\/www.pigrecoemme.com\/corso-fotografia\/corso-fotogiornalismo.jpg?resize=350%2C200","width":350,"height":200},"classes":[]},{"id":691,"url":"https:\/\/www.pigrecoemme.com\/blog\/lezione-aperta-con-raffaela-mariniello\/","url_meta":{"origin":169,"position":1},"title":"Lezione aperta con Raffaela Mariniello: la fotografia artistica","author":"Giacomo Fabbrocino","date":"23 Settembre 2013","format":false,"excerpt":"Alla Scuola di cinema e fotografia Pigrecoemme riprendono gli incontri con i maestri della fotografia. Il prossimo venerd\u00ec 27 settembre \u00e8 di scena\u00a0RAFFAELA MARINIELLO in una lezione aperta sulla fotografia artistica. L'appuntamento Riprende, in occasione della ripresa dei corsi di Fotografia di Pigrecoemme, con un incontro con Raffaela Mariniello, la\u2026","rel":"","context":"In &quot;Eventi&quot;","block_context":{"text":"Eventi","link":"https:\/\/www.pigrecoemme.com\/blog\/eventi\/"},"img":{"alt_text":"","src":"https:\/\/i0.wp.com\/www.pigrecoemme.com\/blog\/wp-content\/uploads\/2013\/09\/mariniello-01.jpg?resize=350%2C200","width":350,"height":200},"classes":[]},{"id":158,"url":"https:\/\/www.pigrecoemme.com\/blog\/italia-inedita-di-un-secolo-fa\/","url_meta":{"origin":169,"position":2},"title":"Italia inedita  di un secolo fa","author":"Giacomo Fabbrocino","date":"26 Giugno 2009","format":false,"excerpt":"Marted\u00ec 7 luglio alle ore 18.00, presso la libreria Feltrinelli di Piazza dei Martiri a Napoli,\u00a0 sar\u00e0 presentato il libro\u00a0 \"Italia inedita\u00a0 di un secolo fa\" a cura del docente dei corsi di fotografia di Pigrecoemme Luca Sorbo, e di Luciano Scateni. Il volume \u00e8\u00a0 edito da\u00a0 Intramoenia. La presentazione\u2026","rel":"","context":"In &quot;Eventi&quot;","block_context":{"text":"Eventi","link":"https:\/\/www.pigrecoemme.com\/blog\/eventi\/"},"img":{"alt_text":"Invito","src":"https:\/\/i0.wp.com\/www.pigrecoemme.com\/blog\/wp-content\/uploads\/2009\/06\/invito-italia-inedita-300x139.jpg?resize=350%2C200","width":350,"height":200},"classes":[]},{"id":492,"url":"https:\/\/www.pigrecoemme.com\/blog\/sabato-21-aprile-aniello-barone-terra-un-incontro-lezione-gratuito-sulla-fotografia\/","url_meta":{"origin":169,"position":3},"title":"Sabato 21 aprile Aniello Barone terr\u00e0 un incontro-lezione gratuito sulla fotografia","author":"Corrado Morra","date":"17 Aprile 2012","format":false,"excerpt":"Continuano, alla Scuola di cinema e fotografia Pigrecoemme di Napoli, gli incontri dedicati ai grandi fotografi. Sabato 21 aprile 2012, Aniello Barone sar\u00e0, cos\u00ec, negli spazi di Piazza Portanova, per un incontro-lezione, che avr\u00e0 il compito di tracciare le linee principali del suo affascinante percorso artistico e professionale. L\u2019appuntamento, dalle\u2026","rel":"","context":"In &quot;Eventi&quot;","block_context":{"text":"Eventi","link":"https:\/\/www.pigrecoemme.com\/blog\/eventi\/"},"img":{"alt_text":"","src":"https:\/\/i0.wp.com\/www.pigrecoemme.com\/blog\/wp-content\/uploads\/2012\/04\/aniello-barone1-300x200.jpg?resize=350%2C200","width":350,"height":200},"classes":[]},{"id":121,"url":"https:\/\/www.pigrecoemme.com\/blog\/un-libro-a-cura-di-luca-sorbo\/","url_meta":{"origin":169,"position":4},"title":"Un libro a cura di Luca Sorbo","author":"Giacomo Fabbrocino","date":"2 Febbraio 2009","format":false,"excerpt":"E' uscito, per le edizioni Intra Moenia (La memoria), un volume a cura di Luca Sorbo (docente dei nostri corsi di fotografia) e Luciano Scateni. Italia inedita di un secolo fa raccoglie alcune inedite testimonianze fotografiche dell\u2019Italia di fine Ottocento. Sono le lastre di Eugenio Buono (1861-1948), pittore, coevo e\u2026","rel":"","context":"In &quot;Generale&quot;","block_context":{"text":"Generale","link":"https:\/\/www.pigrecoemme.com\/blog\/generale\/"},"img":{"alt_text":"","src":"https:\/\/i0.wp.com\/www.pigrecoemme.com\/blog\/wp-content\/uploads\/2009\/02\/italiainedita-300x297.jpg?resize=350%2C200","width":350,"height":200},"classes":[]},{"id":243,"url":"https:\/\/www.pigrecoemme.com\/blog\/alla-feltrinelli-di-piazza-dei-martiri-giovedi-3-giugno-la-mostra-fotografica-effetti-collaterali\/","url_meta":{"origin":169,"position":5},"title":"Alla Feltrinelli di Piazza dei Martiri, gioved\u00ec 3 giugno la mostra fotografica Effetti collaterali","author":"Corrado Morra","date":"1 Giugno 2010","format":false,"excerpt":"Gioved\u00ec 3 giugno, alle 18, inaugurazione della mostra fotografica Effetti collaterali, a cura di Gianni Pinnizzotto, docente del corso di Fotogiornalismo della Scuola di cinema e fotografia Pigrecoemme di Napoli.","rel":"","context":"In &quot;Eventi&quot;","block_context":{"text":"Eventi","link":"https:\/\/www.pigrecoemme.com\/blog\/eventi\/"},"img":{"alt_text":"","src":"https:\/\/i0.wp.com\/www.pigrecoemme.com\/blog\/wp-content\/uploads\/2010\/06\/bambino-palestinese2-300x201.jpg?resize=350%2C200","width":350,"height":200},"classes":[]}],"jetpack_featured_media_url":"","_links":{"self":[{"href":"https:\/\/www.pigrecoemme.com\/blog\/wp-json\/wp\/v2\/posts\/169","targetHints":{"allow":["GET"]}}],"collection":[{"href":"https:\/\/www.pigrecoemme.com\/blog\/wp-json\/wp\/v2\/posts"}],"about":[{"href":"https:\/\/www.pigrecoemme.com\/blog\/wp-json\/wp\/v2\/types\/post"}],"author":[{"embeddable":true,"href":"https:\/\/www.pigrecoemme.com\/blog\/wp-json\/wp\/v2\/users\/1"}],"replies":[{"embeddable":true,"href":"https:\/\/www.pigrecoemme.com\/blog\/wp-json\/wp\/v2\/comments?post=169"}],"version-history":[{"count":0,"href":"https:\/\/www.pigrecoemme.com\/blog\/wp-json\/wp\/v2\/posts\/169\/revisions"}],"wp:attachment":[{"href":"https:\/\/www.pigrecoemme.com\/blog\/wp-json\/wp\/v2\/media?parent=169"}],"wp:term":[{"taxonomy":"category","embeddable":true,"href":"https:\/\/www.pigrecoemme.com\/blog\/wp-json\/wp\/v2\/categories?post=169"},{"taxonomy":"post_tag","embeddable":true,"href":"https:\/\/www.pigrecoemme.com\/blog\/wp-json\/wp\/v2\/tags?post=169"}],"curies":[{"name":"wp","href":"https:\/\/api.w.org\/{rel}","templated":true}]}}