{"id":168,"date":"2009-08-05T14:19:33","date_gmt":"2009-08-05T12:19:33","guid":{"rendered":"http:\/\/www.pigrecoemme.com\/blog\/?p=168"},"modified":"2009-08-05T14:19:33","modified_gmt":"2009-08-05T12:19:33","slug":"lo-spot-della-fondazione-affido-sui-canali-mediaset","status":"publish","type":"post","link":"https:\/\/www.pigrecoemme.com\/blog\/lo-spot-della-fondazione-affido-sui-canali-mediaset\/","title":{"rendered":"Lo spot della Fondazione Affido sui canali Mediaset"},"content":{"rendered":"<p>Lo spot \u201cFidarsi \u00e8 bene, affidarsi \u00e8 bello\u201d, interpretato dall\u2019attrice napoletana Isa Danieli, diretto dal regista Angelo Serio, scritto da Rosario Gallone, fotografato da Ugo Lo Pinto, montato da Lorenzo Peluso (tutti nostri docenti, compreso lo scenografo: Renato Lori) andr\u00e0 in onda sul nazionale.<\/p>\n<p>In particolare, verr\u00e0 trasmesso \u00a0dalle reti Mediaset (Canale 5, Italia 1, Rete 4) e sulla pagina dedicata al sociale del sito del Tgcom nella settimana che va da luned\u00ec 10 a domenica 16 agosto 2009 per un totale di 4\/5 passaggi al giorno.<\/p>\n<p>Lo spot, ideato dallo stesso regista insieme con la Danieli, Gigi Esposito, Donatella Volpe e Rosario Gallone, autore del claim, si \u00e8 avvalso anche della collaborazione sul set degli allievi del corso master 2008\/2009 della Scuola di cinema Pigrecoemme.<\/p>\n","protected":false},"excerpt":{"rendered":"<p>Lo spot \u201cFidarsi \u00e8 bene, affidarsi \u00e8 bello\u201d, interpretato dall\u2019attrice napoletana Isa Danieli, diretto dal regista Angelo Serio, scritto da Rosario Gallone, fotografato da Ugo Lo Pinto, montato da Lorenzo Peluso (tutti nostri docenti,&hellip;<\/p>\n","protected":false},"author":1,"featured_media":0,"comment_status":"open","ping_status":"open","sticky":false,"template":"","format":"standard","meta":{"_jetpack_newsletter_access":"","_jetpack_dont_email_post_to_subs":false,"_jetpack_newsletter_tier_id":0,"_jetpack_memberships_contains_paywalled_content":false,"_jetpack_feature_clip_id":0,"_jetpack_memberships_contains_paid_content":false,"footnotes":"","jetpack_post_was_ever_published":false},"categories":[1,3],"tags":[49,27,271,51,181,58,64,53],"class_list":["post-168","post","type-post","status-publish","format-standard","hentry","category-generale","category-scuola-di-cinema","tag-angelo-serio","tag-ex-allievi-di-pigrecoemme","tag-fondazione-affido","tag-isa-danieli","tag-lorenzo-peluso","tag-pigrecoemme","tag-renato-lori","tag-rosario-gallone"],"yoast_head":"<!-- This site is optimized with the Yoast SEO plugin v28.3 - https:\/\/yoast.com\/product\/yoast-seo-wordpress\/ -->\n<title>Lo spot della Fondazione Affido sui canali Mediaset<\/title>\n<meta name=\"robots\" content=\"index, follow, max-snippet:-1, max-image-preview:large, max-video-preview:-1\" \/>\n<link rel=\"canonical\" href=\"https:\/\/www.pigrecoemme.com\/blog\/lo-spot-della-fondazione-affido-sui-canali-mediaset\/\" \/>\n<meta property=\"og:locale\" content=\"it_IT\" \/>\n<meta property=\"og:type\" content=\"article\" \/>\n<meta property=\"og:title\" content=\"Lo spot della Fondazione Affido sui canali Mediaset\" \/>\n<meta property=\"og:description\" content=\"Lo spot \u201cFidarsi \u00e8 bene, affidarsi \u00e8 bello\u201d, interpretato dall\u2019attrice napoletana Isa Danieli, diretto dal regista Angelo Serio, scritto da Rosario Gallone, fotografato da Ugo Lo Pinto, montato da Lorenzo Peluso (tutti nostri docenti, compreso lo scenografo: Renato Lori) andr\u00e0 &hellip; Continue reading &rarr;\" \/>\n<meta property=\"og:url\" content=\"https:\/\/www.pigrecoemme.com\/blog\/lo-spot-della-fondazione-affido-sui-canali-mediaset\/\" \/>\n<meta property=\"og:site_name\" content=\"Scuola di Cinema Pigrecoemme - Blog\" \/>\n<meta property=\"article:publisher\" content=\"https:\/\/www.facebook.com\/pigrecoemme\" \/>\n<meta property=\"article:author\" content=\"https:\/\/www.facebook.com\/giacomo.fabbrocino\" \/>\n<meta property=\"article:published_time\" content=\"2009-08-05T12:19:33+00:00\" \/>\n<meta property=\"og:image\" content=\"https:\/\/i0.wp.com\/www.pigrecoemme.com\/blog\/wp-content\/uploads\/2014\/11\/pigrecoemme-test1.jpg?fit=484%2C252&ssl=1\" \/>\n\t<meta property=\"og:image:width\" content=\"484\" \/>\n\t<meta property=\"og:image:height\" content=\"252\" \/>\n\t<meta property=\"og:image:type\" content=\"image\/jpeg\" \/>\n<meta name=\"author\" content=\"Giacomo Fabbrocino\" \/>\n<meta name=\"twitter:card\" content=\"summary_large_image\" \/>\n<meta name=\"twitter:creator\" content=\"@Pigrecoemme\" \/>\n<meta name=\"twitter:site\" content=\"@Pigrecoemme\" \/>\n<meta name=\"twitter:label1\" content=\"Scritto da\" \/>\n\t<meta name=\"twitter:data1\" content=\"Giacomo Fabbrocino\" \/>\n\t<meta name=\"twitter:label2\" content=\"Tempo di lettura stimato\" \/>\n\t<meta name=\"twitter:data2\" content=\"1 minuto\" \/>\n<script type=\"application\/ld+json\" class=\"yoast-schema-graph\">{\"@context\":\"https:\\\/\\\/schema.org\",\"@graph\":[{\"@type\":[\"Article\",\"BlogPosting\"],\"@id\":\"https:\\\/\\\/www.pigrecoemme.com\\\/blog\\\/lo-spot-della-fondazione-affido-sui-canali-mediaset\\\/#article\",\"isPartOf\":{\"@id\":\"https:\\\/\\\/www.pigrecoemme.com\\\/blog\\\/lo-spot-della-fondazione-affido-sui-canali-mediaset\\\/\"},\"author\":{\"name\":\"Giacomo Fabbrocino\",\"@id\":\"https:\\\/\\\/www.pigrecoemme.com\\\/blog\\\/#\\\/schema\\\/person\\\/57fa822c3d209d3a2612fd0411ae63f4\"},\"headline\":\"Lo spot della Fondazione Affido sui canali Mediaset\",\"datePublished\":\"2009-08-05T12:19:33+00:00\",\"mainEntityOfPage\":{\"@id\":\"https:\\\/\\\/www.pigrecoemme.com\\\/blog\\\/lo-spot-della-fondazione-affido-sui-canali-mediaset\\\/\"},\"wordCount\":124,\"commentCount\":0,\"publisher\":{\"@id\":\"https:\\\/\\\/www.pigrecoemme.com\\\/blog\\\/#organization\"},\"keywords\":[\"angelo serio\",\"ex allievi di pigrecoemme\",\"fondazione affido\",\"isa danieli\",\"Lorenzo Peluso\",\"pigrecoemme\",\"renato lori\",\"rosario gallone\"],\"articleSection\":[\"Generale\",\"Scuola di cinema\"],\"inLanguage\":\"it-IT\",\"potentialAction\":[{\"@type\":\"CommentAction\",\"name\":\"Comment\",\"target\":[\"https:\\\/\\\/www.pigrecoemme.com\\\/blog\\\/lo-spot-della-fondazione-affido-sui-canali-mediaset\\\/#respond\"]}]},{\"@type\":\"WebPage\",\"@id\":\"https:\\\/\\\/www.pigrecoemme.com\\\/blog\\\/lo-spot-della-fondazione-affido-sui-canali-mediaset\\\/\",\"url\":\"https:\\\/\\\/www.pigrecoemme.com\\\/blog\\\/lo-spot-della-fondazione-affido-sui-canali-mediaset\\\/\",\"name\":\"Lo spot della Fondazione Affido sui canali Mediaset\",\"isPartOf\":{\"@id\":\"https:\\\/\\\/www.pigrecoemme.com\\\/blog\\\/#website\"},\"datePublished\":\"2009-08-05T12:19:33+00:00\",\"breadcrumb\":{\"@id\":\"https:\\\/\\\/www.pigrecoemme.com\\\/blog\\\/lo-spot-della-fondazione-affido-sui-canali-mediaset\\\/#breadcrumb\"},\"inLanguage\":\"it-IT\",\"potentialAction\":[{\"@type\":\"ReadAction\",\"target\":[\"https:\\\/\\\/www.pigrecoemme.com\\\/blog\\\/lo-spot-della-fondazione-affido-sui-canali-mediaset\\\/\"]}]},{\"@type\":\"BreadcrumbList\",\"@id\":\"https:\\\/\\\/www.pigrecoemme.com\\\/blog\\\/lo-spot-della-fondazione-affido-sui-canali-mediaset\\\/#breadcrumb\",\"itemListElement\":[{\"@type\":\"ListItem\",\"position\":1,\"name\":\"Home\",\"item\":\"https:\\\/\\\/www.pigrecoemme.com\\\/blog\\\/\"},{\"@type\":\"ListItem\",\"position\":2,\"name\":\"Lo spot della Fondazione Affido sui canali Mediaset\"}]},{\"@type\":\"WebSite\",\"@id\":\"https:\\\/\\\/www.pigrecoemme.com\\\/blog\\\/#website\",\"url\":\"https:\\\/\\\/www.pigrecoemme.com\\\/blog\\\/\",\"name\":\"Scuola di Cinema Pigrecoemme - Blog\",\"description\":\"Siamo la prima Scuola di Cinema e Fotografia di Napoli\",\"publisher\":{\"@id\":\"https:\\\/\\\/www.pigrecoemme.com\\\/blog\\\/#organization\"},\"potentialAction\":[{\"@type\":\"SearchAction\",\"target\":{\"@type\":\"EntryPoint\",\"urlTemplate\":\"https:\\\/\\\/www.pigrecoemme.com\\\/blog\\\/?s={search_term_string}\"},\"query-input\":{\"@type\":\"PropertyValueSpecification\",\"valueRequired\":true,\"valueName\":\"search_term_string\"}}],\"inLanguage\":\"it-IT\"},{\"@type\":\"Organization\",\"@id\":\"https:\\\/\\\/www.pigrecoemme.com\\\/blog\\\/#organization\",\"name\":\"Scuola di cinema e fotografia Pigrecoemme\",\"url\":\"https:\\\/\\\/www.pigrecoemme.com\\\/blog\\\/\",\"logo\":{\"@type\":\"ImageObject\",\"inLanguage\":\"it-IT\",\"@id\":\"https:\\\/\\\/www.pigrecoemme.com\\\/blog\\\/#\\\/schema\\\/logo\\\/image\\\/\",\"url\":\"https:\\\/\\\/i0.wp.com\\\/www.pigrecoemme.com\\\/blog\\\/wp-content\\\/uploads\\\/2018\\\/06\\\/logo-pigrecoemme-2018.png?fit=500%2C500&ssl=1\",\"contentUrl\":\"https:\\\/\\\/i0.wp.com\\\/www.pigrecoemme.com\\\/blog\\\/wp-content\\\/uploads\\\/2018\\\/06\\\/logo-pigrecoemme-2018.png?fit=500%2C500&ssl=1\",\"width\":500,\"height\":500,\"caption\":\"Scuola di cinema e fotografia Pigrecoemme\"},\"image\":{\"@id\":\"https:\\\/\\\/www.pigrecoemme.com\\\/blog\\\/#\\\/schema\\\/logo\\\/image\\\/\"},\"sameAs\":[\"https:\\\/\\\/www.facebook.com\\\/pigrecoemme\",\"https:\\\/\\\/x.com\\\/Pigrecoemme\",\"https:\\\/\\\/www.instagram.com\\\/pigrecoemme\\\/\",\"https:\\\/\\\/www.linkedin.com\\\/company\\\/pigrecoemme\\\/\",\"https:\\\/\\\/www.youtube.com\\\/pigrecoemme\"]},{\"@type\":\"Person\",\"@id\":\"https:\\\/\\\/www.pigrecoemme.com\\\/blog\\\/#\\\/schema\\\/person\\\/57fa822c3d209d3a2612fd0411ae63f4\",\"name\":\"Giacomo Fabbrocino\",\"image\":{\"@type\":\"ImageObject\",\"inLanguage\":\"it-IT\",\"@id\":\"https:\\\/\\\/secure.gravatar.com\\\/avatar\\\/0e4dfd4d05c06a03fffaffeb36fb181415ba11b91a6b566fa2e8ada75927db32?s=96&r=g\",\"url\":\"https:\\\/\\\/secure.gravatar.com\\\/avatar\\\/0e4dfd4d05c06a03fffaffeb36fb181415ba11b91a6b566fa2e8ada75927db32?s=96&r=g\",\"contentUrl\":\"https:\\\/\\\/secure.gravatar.com\\\/avatar\\\/0e4dfd4d05c06a03fffaffeb36fb181415ba11b91a6b566fa2e8ada75927db32?s=96&r=g\",\"caption\":\"Giacomo Fabbrocino\"},\"description\":\"Montatore cinematografico, autore di documentari sull'arte e di video d'artista, Giacomo \u00e8 responsabile della didattica e della comunicazione web della Scuola di Cinema, Fotografia e Televisione Pigrecoemme di Napoli.\",\"sameAs\":[\"http:\\\/\\\/www.pigrecoemme.com\\\/\",\"https:\\\/\\\/www.facebook.com\\\/giacomo.fabbrocino\"],\"url\":\"https:\\\/\\\/www.pigrecoemme.com\\\/blog\\\/author\\\/giacomo-fabbrocino\\\/\"}]}<\/script>\n<!-- \/ Yoast SEO plugin. -->","yoast_head_json":{"title":"Lo spot della Fondazione Affido sui canali Mediaset","robots":{"index":"index","follow":"follow","max-snippet":"max-snippet:-1","max-image-preview":"max-image-preview:large","max-video-preview":"max-video-preview:-1"},"canonical":"https:\/\/www.pigrecoemme.com\/blog\/lo-spot-della-fondazione-affido-sui-canali-mediaset\/","og_locale":"it_IT","og_type":"article","og_title":"Lo spot della Fondazione Affido sui canali Mediaset","og_description":"Lo spot \u201cFidarsi \u00e8 bene, affidarsi \u00e8 bello\u201d, interpretato dall\u2019attrice napoletana Isa Danieli, diretto dal regista Angelo Serio, scritto da Rosario Gallone, fotografato da Ugo Lo Pinto, montato da Lorenzo Peluso (tutti nostri docenti, compreso lo scenografo: Renato Lori) andr\u00e0 &hellip; Continue reading &rarr;","og_url":"https:\/\/www.pigrecoemme.com\/blog\/lo-spot-della-fondazione-affido-sui-canali-mediaset\/","og_site_name":"Scuola di Cinema Pigrecoemme - Blog","article_publisher":"https:\/\/www.facebook.com\/pigrecoemme","article_author":"https:\/\/www.facebook.com\/giacomo.fabbrocino","article_published_time":"2009-08-05T12:19:33+00:00","og_image":[{"width":484,"height":252,"url":"https:\/\/i0.wp.com\/www.pigrecoemme.com\/blog\/wp-content\/uploads\/2014\/11\/pigrecoemme-test1.jpg?fit=484%2C252&ssl=1","type":"image\/jpeg"}],"author":"Giacomo Fabbrocino","twitter_card":"summary_large_image","twitter_creator":"@Pigrecoemme","twitter_site":"@Pigrecoemme","twitter_misc":{"Scritto da":"Giacomo Fabbrocino","Tempo di lettura stimato":"1 minuto"},"schema":{"@context":"https:\/\/schema.org","@graph":[{"@type":["Article","BlogPosting"],"@id":"https:\/\/www.pigrecoemme.com\/blog\/lo-spot-della-fondazione-affido-sui-canali-mediaset\/#article","isPartOf":{"@id":"https:\/\/www.pigrecoemme.com\/blog\/lo-spot-della-fondazione-affido-sui-canali-mediaset\/"},"author":{"name":"Giacomo Fabbrocino","@id":"https:\/\/www.pigrecoemme.com\/blog\/#\/schema\/person\/57fa822c3d209d3a2612fd0411ae63f4"},"headline":"Lo spot della Fondazione Affido sui canali Mediaset","datePublished":"2009-08-05T12:19:33+00:00","mainEntityOfPage":{"@id":"https:\/\/www.pigrecoemme.com\/blog\/lo-spot-della-fondazione-affido-sui-canali-mediaset\/"},"wordCount":124,"commentCount":0,"publisher":{"@id":"https:\/\/www.pigrecoemme.com\/blog\/#organization"},"keywords":["angelo serio","ex allievi di pigrecoemme","fondazione affido","isa danieli","Lorenzo Peluso","pigrecoemme","renato lori","rosario gallone"],"articleSection":["Generale","Scuola di cinema"],"inLanguage":"it-IT","potentialAction":[{"@type":"CommentAction","name":"Comment","target":["https:\/\/www.pigrecoemme.com\/blog\/lo-spot-della-fondazione-affido-sui-canali-mediaset\/#respond"]}]},{"@type":"WebPage","@id":"https:\/\/www.pigrecoemme.com\/blog\/lo-spot-della-fondazione-affido-sui-canali-mediaset\/","url":"https:\/\/www.pigrecoemme.com\/blog\/lo-spot-della-fondazione-affido-sui-canali-mediaset\/","name":"Lo spot della Fondazione Affido sui canali Mediaset","isPartOf":{"@id":"https:\/\/www.pigrecoemme.com\/blog\/#website"},"datePublished":"2009-08-05T12:19:33+00:00","breadcrumb":{"@id":"https:\/\/www.pigrecoemme.com\/blog\/lo-spot-della-fondazione-affido-sui-canali-mediaset\/#breadcrumb"},"inLanguage":"it-IT","potentialAction":[{"@type":"ReadAction","target":["https:\/\/www.pigrecoemme.com\/blog\/lo-spot-della-fondazione-affido-sui-canali-mediaset\/"]}]},{"@type":"BreadcrumbList","@id":"https:\/\/www.pigrecoemme.com\/blog\/lo-spot-della-fondazione-affido-sui-canali-mediaset\/#breadcrumb","itemListElement":[{"@type":"ListItem","position":1,"name":"Home","item":"https:\/\/www.pigrecoemme.com\/blog\/"},{"@type":"ListItem","position":2,"name":"Lo spot della Fondazione Affido sui canali Mediaset"}]},{"@type":"WebSite","@id":"https:\/\/www.pigrecoemme.com\/blog\/#website","url":"https:\/\/www.pigrecoemme.com\/blog\/","name":"Scuola di Cinema Pigrecoemme - Blog","description":"Siamo la prima Scuola di Cinema e Fotografia di Napoli","publisher":{"@id":"https:\/\/www.pigrecoemme.com\/blog\/#organization"},"potentialAction":[{"@type":"SearchAction","target":{"@type":"EntryPoint","urlTemplate":"https:\/\/www.pigrecoemme.com\/blog\/?s={search_term_string}"},"query-input":{"@type":"PropertyValueSpecification","valueRequired":true,"valueName":"search_term_string"}}],"inLanguage":"it-IT"},{"@type":"Organization","@id":"https:\/\/www.pigrecoemme.com\/blog\/#organization","name":"Scuola di cinema e fotografia Pigrecoemme","url":"https:\/\/www.pigrecoemme.com\/blog\/","logo":{"@type":"ImageObject","inLanguage":"it-IT","@id":"https:\/\/www.pigrecoemme.com\/blog\/#\/schema\/logo\/image\/","url":"https:\/\/i0.wp.com\/www.pigrecoemme.com\/blog\/wp-content\/uploads\/2018\/06\/logo-pigrecoemme-2018.png?fit=500%2C500&ssl=1","contentUrl":"https:\/\/i0.wp.com\/www.pigrecoemme.com\/blog\/wp-content\/uploads\/2018\/06\/logo-pigrecoemme-2018.png?fit=500%2C500&ssl=1","width":500,"height":500,"caption":"Scuola di cinema e fotografia Pigrecoemme"},"image":{"@id":"https:\/\/www.pigrecoemme.com\/blog\/#\/schema\/logo\/image\/"},"sameAs":["https:\/\/www.facebook.com\/pigrecoemme","https:\/\/x.com\/Pigrecoemme","https:\/\/www.instagram.com\/pigrecoemme\/","https:\/\/www.linkedin.com\/company\/pigrecoemme\/","https:\/\/www.youtube.com\/pigrecoemme"]},{"@type":"Person","@id":"https:\/\/www.pigrecoemme.com\/blog\/#\/schema\/person\/57fa822c3d209d3a2612fd0411ae63f4","name":"Giacomo Fabbrocino","image":{"@type":"ImageObject","inLanguage":"it-IT","@id":"https:\/\/secure.gravatar.com\/avatar\/0e4dfd4d05c06a03fffaffeb36fb181415ba11b91a6b566fa2e8ada75927db32?s=96&r=g","url":"https:\/\/secure.gravatar.com\/avatar\/0e4dfd4d05c06a03fffaffeb36fb181415ba11b91a6b566fa2e8ada75927db32?s=96&r=g","contentUrl":"https:\/\/secure.gravatar.com\/avatar\/0e4dfd4d05c06a03fffaffeb36fb181415ba11b91a6b566fa2e8ada75927db32?s=96&r=g","caption":"Giacomo Fabbrocino"},"description":"Montatore cinematografico, autore di documentari sull'arte e di video d'artista, Giacomo \u00e8 responsabile della didattica e della comunicazione web della Scuola di Cinema, Fotografia e Televisione Pigrecoemme di Napoli.","sameAs":["http:\/\/www.pigrecoemme.com\/","https:\/\/www.facebook.com\/giacomo.fabbrocino"],"url":"https:\/\/www.pigrecoemme.com\/blog\/author\/giacomo-fabbrocino\/"}]}},"jetpack_sharing_enabled":true,"jetpack_likes_enabled":true,"jetpack-related-posts":[{"id":106,"url":"https:\/\/www.pigrecoemme.com\/blog\/allievi-sul-set-di-uno-spot-pubblicitario\/","url_meta":{"origin":168,"position":0},"title":"Allievi sul set di uno spot pubblicitario","author":"Giacomo Fabbrocino","date":"4 Dicembre 2008","format":false,"excerpt":"Il 15 novembre scorso gli allievi della Scuola di cinema e televisione Pigrecoemme hanno partecipato alle riprese di uno spot per la Fondazione Affido, la prima fondazione del Mezzogiorno esclusivamente dedicata all\u2019affidamento familiare. La Fondazione ha l\u2019obiettivo di sostenere l\u2019accoglienza di bambini e ragazzi in difficolt\u00e0, in famiglie disposte a\u2026","rel":"","context":"In &quot;Generale&quot;","block_context":{"text":"Generale","link":"https:\/\/www.pigrecoemme.com\/blog\/generale\/"},"img":{"alt_text":"","src":"","width":0,"height":0},"classes":[]},{"id":110,"url":"https:\/\/www.pigrecoemme.com\/blog\/martedi-la-presentazione-dello-spot-fidarsi-e-bene-affidarsi-e-bello-diretto-da-angelo-serio\/","url_meta":{"origin":168,"position":1},"title":"Marted\u00ec la presentazione dello spot &#8220;Fidarsi \u00e8 bene, affidarsi \u00e8 bello&#8221;  diretto da Angelo Serio","author":"Giacomo Fabbrocino","date":"19 Dicembre 2008","format":false,"excerpt":"Angelo Serio regista e docente di recitazione, con Lucio Allocca, presso la nostra scuola di cinema ha realizzato lo spot con il quale la Fondazione Affido\u00a0 intende promuovere sulle reti nazionali l\u2019affidamento familiare. Il Claim \u00e8 di Rosario Gallone, tra i fondatori di Pigrecoemme, mentre protagonista e testimonial d'eccezione dello\u2026","rel":"","context":"In &quot;Generale&quot;","block_context":{"text":"Generale","link":"https:\/\/www.pigrecoemme.com\/blog\/generale\/"},"img":{"alt_text":"","src":"https:\/\/i0.wp.com\/www.pigrecoemme.com\/blog\/wp-content\/uploads\/2008\/12\/angelo-serio-sul-set-300x225.jpg?resize=350%2C200","width":350,"height":200},"classes":[]},{"id":124,"url":"https:\/\/www.pigrecoemme.com\/blog\/lo-spot-per-la-fondazione-affido-ha-ottenuto-il-patrocinio-di-pubblicita-progresso\/","url_meta":{"origin":168,"position":2},"title":"Lo spot per la Fondazione Affido ha ottenuto il patrocinio di Pubblicit\u00e0 Progresso","author":"Giacomo Fabbrocino","date":"6 Febbraio 2009","format":false,"excerpt":"Ecco lo spot diretto da Angelo Serio e scritto da Rosario Gallone (entrambi docenti presso la nostra scuola di cinema) per la Fondazione Affido. Lo spot ha ottenuto il patrocino della Fondazione Pubblicit\u00e0 Progresso e sar\u00e0 presto diffuso dai canali televisivi nazionali. Potete visualizzare lo spot in alta qualit\u00e0 selezionado\u2026","rel":"","context":"In &quot;Generale&quot;","block_context":{"text":"Generale","link":"https:\/\/www.pigrecoemme.com\/blog\/generale\/"},"img":{"alt_text":"","src":"","width":0,"height":0},"classes":[]},{"id":157,"url":"https:\/\/www.pigrecoemme.com\/blog\/lo-spot-diretto-da-angelo-serio-al-napoli-film-festival\/","url_meta":{"origin":168,"position":3},"title":"Lo spot diretto da Angelo Serio al Napoli Film Festival","author":"Giacomo Fabbrocino","date":"14 Giugno 2009","format":false,"excerpt":"Al Napoli Film Festival, la consueta rassegna in corso di svolgimento a Castel Sant\u2019Elmo\u00a0 fino a luned\u00ec 15 giugno 2009, sar\u00e0 presente anche uno spot per promuovere l\u2019affido familiare. Fidarsi \u00e8 bene, affidarsi \u00e8 bello \u00e8 il suo titolo: lo spot \u00e8 diretto dal regista Angelo Serio e ha come\u2026","rel":"","context":"In &quot;Generale&quot;","block_context":{"text":"Generale","link":"https:\/\/www.pigrecoemme.com\/blog\/generale\/"},"img":{"alt_text":"","src":"","width":0,"height":0},"classes":[]},{"id":271,"url":"https:\/\/www.pigrecoemme.com\/blog\/un-regalo-da-pigrecoemme-ovvero-tutto-quello-che-un-attore-non-puo-non-sapere-se-lavora-in-un-film\/","url_meta":{"origin":168,"position":4},"title":"Un regalo da Pigrecoemme, ovvero Tutto quello che un attore non pu\u00f2 non sapere se lavora in un film.","author":"Rosario Gallone","date":"28 Settembre 2010","format":false,"excerpt":"L' 8 ottobre 2010 (dalle 11 alle 13 e dalle 14 alle 17) Angelo Serio (nella foto con Isa Danieli sul set dello spot per la Fondazione Affido),\u00a0docente del corso di recitazione di Pigrecoemme, terr\u00e0 un seminario gratuito per Attori professionisti. Perch\u00e9 gratuito? Perch\u00e9 no? Nel corso del seminario saranno\u2026","rel":"","context":"In &quot;Generale&quot;","block_context":{"text":"Generale","link":"https:\/\/www.pigrecoemme.com\/blog\/generale\/"},"img":{"alt_text":"","src":"https:\/\/i0.wp.com\/www.pigrecoemme.com\/blog\/wp-content\/uploads\/2010\/09\/angelo-e-isa.jpg?resize=350%2C200","width":350,"height":200},"classes":[]},{"id":44,"url":"https:\/\/www.pigrecoemme.com\/blog\/angelo-serio-e-rosario-gallone-da-anticlonatori-a-clonati-isa-9000-finisce-sulle-bancarelle\/","url_meta":{"origin":168,"position":5},"title":"Angelo Serio e Rosario Gallone: da anticlonatori a clonati. Isa 9000 finisce sulle bancarelle","author":"Giacomo Fabbrocino","date":"31 Marzo 2008","format":false,"excerpt":"Nel 2001, con Isa 9000, Angelo Serio (regista e sceneggiatore) e Rosario Gallone (sceneggiatore), entrambi docenti presso la Scuola di Cinema e Televisione Pigrecoemme, colsero l'occasione di un omaggio alla grande attrice Isa Danieli per schierarsi contro la clonazione dell'essere umano. A distanza di 7 anni, dopo aver mietuto consensi\u2026","rel":"","context":"In &quot;Generale&quot;","block_context":{"text":"Generale","link":"https:\/\/www.pigrecoemme.com\/blog\/generale\/"},"img":{"alt_text":"Il dvd ","src":"https:\/\/i0.wp.com\/www.pigrecoemme.com\/blog\/wp-content\/uploads\/2008\/03\/regginella.jpg?resize=350%2C200","width":350,"height":200},"classes":[]}],"jetpack_featured_media_url":"","_links":{"self":[{"href":"https:\/\/www.pigrecoemme.com\/blog\/wp-json\/wp\/v2\/posts\/168","targetHints":{"allow":["GET"]}}],"collection":[{"href":"https:\/\/www.pigrecoemme.com\/blog\/wp-json\/wp\/v2\/posts"}],"about":[{"href":"https:\/\/www.pigrecoemme.com\/blog\/wp-json\/wp\/v2\/types\/post"}],"author":[{"embeddable":true,"href":"https:\/\/www.pigrecoemme.com\/blog\/wp-json\/wp\/v2\/users\/1"}],"replies":[{"embeddable":true,"href":"https:\/\/www.pigrecoemme.com\/blog\/wp-json\/wp\/v2\/comments?post=168"}],"version-history":[{"count":0,"href":"https:\/\/www.pigrecoemme.com\/blog\/wp-json\/wp\/v2\/posts\/168\/revisions"}],"wp:attachment":[{"href":"https:\/\/www.pigrecoemme.com\/blog\/wp-json\/wp\/v2\/media?parent=168"}],"wp:term":[{"taxonomy":"category","embeddable":true,"href":"https:\/\/www.pigrecoemme.com\/blog\/wp-json\/wp\/v2\/categories?post=168"},{"taxonomy":"post_tag","embeddable":true,"href":"https:\/\/www.pigrecoemme.com\/blog\/wp-json\/wp\/v2\/tags?post=168"}],"curies":[{"name":"wp","href":"https:\/\/api.w.org\/{rel}","templated":true}]}}