{"id":161,"date":"2009-07-26T16:50:33","date_gmt":"2009-07-26T14:50:33","guid":{"rendered":"http:\/\/www.pigrecoemme.com\/blog\/?p=161"},"modified":"2009-07-26T16:52:52","modified_gmt":"2009-07-26T14:52:52","slug":"il-nostro-ex-allievo-attilio-palmieri-vince-il-premio-giovane-e-innocente","status":"publish","type":"post","link":"https:\/\/www.pigrecoemme.com\/blog\/il-nostro-ex-allievo-attilio-palmieri-vince-il-premio-giovane-e-innocente\/","title":{"rendered":"Il nostro ex allievo Attilio Palmieri vince il premio &#8220;Giovane e innocente&#8221;"},"content":{"rendered":"<p>Con la recensione di Vincere, sotto linkata, il nostro ex allievo Attilio Palmieri si \u00e8 aggiudicato il primo premio alla sesta edizione del concorso &#8220;Giovane e innocente&#8221;, bandito dalla rivista online <em>Effetto Notte<\/em>, nella categoria recensioni. Dopo Giuseppe Sedia (due volte secondo al Festival Ring! ed al Premio Adelio Ferrero, di cui il primo \u00e8 derivazione), un altro nostro discente del passato &#8220;miete&#8221; successi.<\/p>\n<p><img data-recalc-dims=\"1\" loading=\"lazy\" decoding=\"async\" class=\"aligncenter size-medium wp-image-162\" title=\"vincere\" src=\"https:\/\/i0.wp.com\/www.pigrecoemme.com\/blog\/wp-content\/uploads\/2009\/07\/vincere.jpg?resize=200%2C286&#038;ssl=1\" alt=\"\" width=\"200\" height=\"286\" \/><\/p>\n<p style=\"text-align: center;\"><a href=\"http:\/\/www.effettonotteonline.com\/news\/index.php?option=com_content&amp;task=view&amp;id=1594&amp;Itemid=24\" target=\"_blank\">Leggi la recensione di Attilio Palmieri<\/a>.<\/p>\n","protected":false},"excerpt":{"rendered":"<p>Con la recensione di Vincere, sotto linkata, il nostro ex allievo Attilio Palmieri si \u00e8 aggiudicato il primo premio alla sesta edizione del concorso &#8220;Giovane e innocente&#8221;, bandito dalla rivista online Effetto Notte, nella&hellip;<\/p>\n","protected":false},"author":1,"featured_media":0,"comment_status":"open","ping_status":"open","sticky":false,"template":"","format":"standard","meta":{"_jetpack_newsletter_access":"","_jetpack_dont_email_post_to_subs":false,"_jetpack_newsletter_tier_id":0,"_jetpack_memberships_contains_paywalled_content":false,"_jetpack_feature_clip_id":0,"_jetpack_memberships_contains_paid_content":false,"footnotes":"","jetpack_post_was_ever_published":false},"categories":[3],"tags":[343,344,27,345],"class_list":["post-161","post","type-post","status-publish","format-standard","hentry","category-scuola-di-cinema","tag-attilio-palmieri","tag-critica-cinematografica","tag-ex-allievi-di-pigrecoemme","tag-giovane-e-innocente"],"yoast_head":"<!-- This site is optimized with the Yoast SEO plugin v28.3 - https:\/\/yoast.com\/product\/yoast-seo-wordpress\/ -->\n<title>Il nostro ex allievo Attilio Palmieri vince il premio &quot;Giovane e innocente&quot;<\/title>\n<meta name=\"robots\" content=\"index, follow, max-snippet:-1, max-image-preview:large, max-video-preview:-1\" \/>\n<link rel=\"canonical\" href=\"https:\/\/www.pigrecoemme.com\/blog\/il-nostro-ex-allievo-attilio-palmieri-vince-il-premio-giovane-e-innocente\/\" \/>\n<meta property=\"og:locale\" content=\"it_IT\" \/>\n<meta property=\"og:type\" content=\"article\" \/>\n<meta property=\"og:title\" content=\"Il nostro ex allievo Attilio Palmieri vince il premio &quot;Giovane e innocente&quot;\" \/>\n<meta property=\"og:description\" content=\"Con la recensione di Vincere, sotto linkata, il nostro ex allievo Attilio Palmieri si \u00e8 aggiudicato il primo premio alla sesta edizione del concorso &#8220;Giovane e innocente&#8221;, bandito dalla rivista online Effetto Notte, nella categoria recensioni. Dopo Giuseppe Sedia (due &hellip; Continue reading &rarr;\" \/>\n<meta property=\"og:url\" content=\"https:\/\/www.pigrecoemme.com\/blog\/il-nostro-ex-allievo-attilio-palmieri-vince-il-premio-giovane-e-innocente\/\" \/>\n<meta property=\"og:site_name\" content=\"Scuola di Cinema Pigrecoemme - Blog\" \/>\n<meta property=\"article:publisher\" content=\"https:\/\/www.facebook.com\/pigrecoemme\" \/>\n<meta property=\"article:author\" content=\"https:\/\/www.facebook.com\/giacomo.fabbrocino\" \/>\n<meta property=\"article:published_time\" content=\"2009-07-26T14:50:33+00:00\" \/>\n<meta property=\"article:modified_time\" content=\"2009-07-26T14:52:52+00:00\" \/>\n<meta property=\"og:image\" content=\"http:\/\/www.pigrecoemme.com\/blog\/wp-content\/uploads\/2009\/07\/vincere.jpg\" \/>\n<meta name=\"author\" content=\"Giacomo Fabbrocino\" \/>\n<meta name=\"twitter:card\" content=\"summary_large_image\" \/>\n<meta name=\"twitter:creator\" content=\"@Pigrecoemme\" \/>\n<meta name=\"twitter:site\" content=\"@Pigrecoemme\" \/>\n<meta name=\"twitter:label1\" content=\"Scritto da\" \/>\n\t<meta name=\"twitter:data1\" content=\"Giacomo Fabbrocino\" \/>\n<script type=\"application\/ld+json\" class=\"yoast-schema-graph\">{\"@context\":\"https:\\\/\\\/schema.org\",\"@graph\":[{\"@type\":[\"Article\",\"BlogPosting\"],\"@id\":\"https:\\\/\\\/www.pigrecoemme.com\\\/blog\\\/il-nostro-ex-allievo-attilio-palmieri-vince-il-premio-giovane-e-innocente\\\/#article\",\"isPartOf\":{\"@id\":\"https:\\\/\\\/www.pigrecoemme.com\\\/blog\\\/il-nostro-ex-allievo-attilio-palmieri-vince-il-premio-giovane-e-innocente\\\/\"},\"author\":{\"name\":\"Giacomo Fabbrocino\",\"@id\":\"https:\\\/\\\/www.pigrecoemme.com\\\/blog\\\/#\\\/schema\\\/person\\\/57fa822c3d209d3a2612fd0411ae63f4\"},\"headline\":\"Il nostro ex allievo Attilio Palmieri vince il premio &#8220;Giovane e innocente&#8221;\",\"datePublished\":\"2009-07-26T14:50:33+00:00\",\"dateModified\":\"2009-07-26T14:52:52+00:00\",\"mainEntityOfPage\":{\"@id\":\"https:\\\/\\\/www.pigrecoemme.com\\\/blog\\\/il-nostro-ex-allievo-attilio-palmieri-vince-il-premio-giovane-e-innocente\\\/\"},\"wordCount\":80,\"commentCount\":0,\"publisher\":{\"@id\":\"https:\\\/\\\/www.pigrecoemme.com\\\/blog\\\/#organization\"},\"image\":{\"@id\":\"https:\\\/\\\/www.pigrecoemme.com\\\/blog\\\/il-nostro-ex-allievo-attilio-palmieri-vince-il-premio-giovane-e-innocente\\\/#primaryimage\"},\"thumbnailUrl\":\"http:\\\/\\\/www.pigrecoemme.com\\\/blog\\\/wp-content\\\/uploads\\\/2009\\\/07\\\/vincere.jpg\",\"keywords\":[\"attilio palmieri\",\"critica cinematografica\",\"ex allievi di pigrecoemme\",\"giovane e innocente\"],\"articleSection\":[\"Scuola di cinema\"],\"inLanguage\":\"it-IT\",\"potentialAction\":[{\"@type\":\"CommentAction\",\"name\":\"Comment\",\"target\":[\"https:\\\/\\\/www.pigrecoemme.com\\\/blog\\\/il-nostro-ex-allievo-attilio-palmieri-vince-il-premio-giovane-e-innocente\\\/#respond\"]}]},{\"@type\":\"WebPage\",\"@id\":\"https:\\\/\\\/www.pigrecoemme.com\\\/blog\\\/il-nostro-ex-allievo-attilio-palmieri-vince-il-premio-giovane-e-innocente\\\/\",\"url\":\"https:\\\/\\\/www.pigrecoemme.com\\\/blog\\\/il-nostro-ex-allievo-attilio-palmieri-vince-il-premio-giovane-e-innocente\\\/\",\"name\":\"Il nostro ex allievo Attilio Palmieri vince il premio \\\"Giovane e innocente\\\"\",\"isPartOf\":{\"@id\":\"https:\\\/\\\/www.pigrecoemme.com\\\/blog\\\/#website\"},\"primaryImageOfPage\":{\"@id\":\"https:\\\/\\\/www.pigrecoemme.com\\\/blog\\\/il-nostro-ex-allievo-attilio-palmieri-vince-il-premio-giovane-e-innocente\\\/#primaryimage\"},\"image\":{\"@id\":\"https:\\\/\\\/www.pigrecoemme.com\\\/blog\\\/il-nostro-ex-allievo-attilio-palmieri-vince-il-premio-giovane-e-innocente\\\/#primaryimage\"},\"thumbnailUrl\":\"http:\\\/\\\/www.pigrecoemme.com\\\/blog\\\/wp-content\\\/uploads\\\/2009\\\/07\\\/vincere.jpg\",\"datePublished\":\"2009-07-26T14:50:33+00:00\",\"dateModified\":\"2009-07-26T14:52:52+00:00\",\"breadcrumb\":{\"@id\":\"https:\\\/\\\/www.pigrecoemme.com\\\/blog\\\/il-nostro-ex-allievo-attilio-palmieri-vince-il-premio-giovane-e-innocente\\\/#breadcrumb\"},\"inLanguage\":\"it-IT\",\"potentialAction\":[{\"@type\":\"ReadAction\",\"target\":[\"https:\\\/\\\/www.pigrecoemme.com\\\/blog\\\/il-nostro-ex-allievo-attilio-palmieri-vince-il-premio-giovane-e-innocente\\\/\"]}]},{\"@type\":\"ImageObject\",\"inLanguage\":\"it-IT\",\"@id\":\"https:\\\/\\\/www.pigrecoemme.com\\\/blog\\\/il-nostro-ex-allievo-attilio-palmieri-vince-il-premio-giovane-e-innocente\\\/#primaryimage\",\"url\":\"http:\\\/\\\/www.pigrecoemme.com\\\/blog\\\/wp-content\\\/uploads\\\/2009\\\/07\\\/vincere.jpg\",\"contentUrl\":\"http:\\\/\\\/www.pigrecoemme.com\\\/blog\\\/wp-content\\\/uploads\\\/2009\\\/07\\\/vincere.jpg\"},{\"@type\":\"BreadcrumbList\",\"@id\":\"https:\\\/\\\/www.pigrecoemme.com\\\/blog\\\/il-nostro-ex-allievo-attilio-palmieri-vince-il-premio-giovane-e-innocente\\\/#breadcrumb\",\"itemListElement\":[{\"@type\":\"ListItem\",\"position\":1,\"name\":\"Home\",\"item\":\"https:\\\/\\\/www.pigrecoemme.com\\\/blog\\\/\"},{\"@type\":\"ListItem\",\"position\":2,\"name\":\"Il nostro ex allievo Attilio Palmieri vince il premio &#8220;Giovane e innocente&#8221;\"}]},{\"@type\":\"WebSite\",\"@id\":\"https:\\\/\\\/www.pigrecoemme.com\\\/blog\\\/#website\",\"url\":\"https:\\\/\\\/www.pigrecoemme.com\\\/blog\\\/\",\"name\":\"Scuola di Cinema Pigrecoemme - Blog\",\"description\":\"Siamo la prima Scuola di Cinema e Fotografia di Napoli\",\"publisher\":{\"@id\":\"https:\\\/\\\/www.pigrecoemme.com\\\/blog\\\/#organization\"},\"potentialAction\":[{\"@type\":\"SearchAction\",\"target\":{\"@type\":\"EntryPoint\",\"urlTemplate\":\"https:\\\/\\\/www.pigrecoemme.com\\\/blog\\\/?s={search_term_string}\"},\"query-input\":{\"@type\":\"PropertyValueSpecification\",\"valueRequired\":true,\"valueName\":\"search_term_string\"}}],\"inLanguage\":\"it-IT\"},{\"@type\":\"Organization\",\"@id\":\"https:\\\/\\\/www.pigrecoemme.com\\\/blog\\\/#organization\",\"name\":\"Scuola di cinema e fotografia Pigrecoemme\",\"url\":\"https:\\\/\\\/www.pigrecoemme.com\\\/blog\\\/\",\"logo\":{\"@type\":\"ImageObject\",\"inLanguage\":\"it-IT\",\"@id\":\"https:\\\/\\\/www.pigrecoemme.com\\\/blog\\\/#\\\/schema\\\/logo\\\/image\\\/\",\"url\":\"https:\\\/\\\/i0.wp.com\\\/www.pigrecoemme.com\\\/blog\\\/wp-content\\\/uploads\\\/2018\\\/06\\\/logo-pigrecoemme-2018.png?fit=500%2C500&ssl=1\",\"contentUrl\":\"https:\\\/\\\/i0.wp.com\\\/www.pigrecoemme.com\\\/blog\\\/wp-content\\\/uploads\\\/2018\\\/06\\\/logo-pigrecoemme-2018.png?fit=500%2C500&ssl=1\",\"width\":500,\"height\":500,\"caption\":\"Scuola di cinema e fotografia Pigrecoemme\"},\"image\":{\"@id\":\"https:\\\/\\\/www.pigrecoemme.com\\\/blog\\\/#\\\/schema\\\/logo\\\/image\\\/\"},\"sameAs\":[\"https:\\\/\\\/www.facebook.com\\\/pigrecoemme\",\"https:\\\/\\\/x.com\\\/Pigrecoemme\",\"https:\\\/\\\/www.instagram.com\\\/pigrecoemme\\\/\",\"https:\\\/\\\/www.linkedin.com\\\/company\\\/pigrecoemme\\\/\",\"https:\\\/\\\/www.youtube.com\\\/pigrecoemme\"]},{\"@type\":\"Person\",\"@id\":\"https:\\\/\\\/www.pigrecoemme.com\\\/blog\\\/#\\\/schema\\\/person\\\/57fa822c3d209d3a2612fd0411ae63f4\",\"name\":\"Giacomo Fabbrocino\",\"image\":{\"@type\":\"ImageObject\",\"inLanguage\":\"it-IT\",\"@id\":\"https:\\\/\\\/secure.gravatar.com\\\/avatar\\\/0e4dfd4d05c06a03fffaffeb36fb181415ba11b91a6b566fa2e8ada75927db32?s=96&r=g\",\"url\":\"https:\\\/\\\/secure.gravatar.com\\\/avatar\\\/0e4dfd4d05c06a03fffaffeb36fb181415ba11b91a6b566fa2e8ada75927db32?s=96&r=g\",\"contentUrl\":\"https:\\\/\\\/secure.gravatar.com\\\/avatar\\\/0e4dfd4d05c06a03fffaffeb36fb181415ba11b91a6b566fa2e8ada75927db32?s=96&r=g\",\"caption\":\"Giacomo Fabbrocino\"},\"description\":\"Montatore cinematografico, autore di documentari sull'arte e di video d'artista, Giacomo \u00e8 responsabile della didattica e della comunicazione web della Scuola di Cinema, Fotografia e Televisione Pigrecoemme di Napoli.\",\"sameAs\":[\"http:\\\/\\\/www.pigrecoemme.com\\\/\",\"https:\\\/\\\/www.facebook.com\\\/giacomo.fabbrocino\"],\"url\":\"https:\\\/\\\/www.pigrecoemme.com\\\/blog\\\/author\\\/giacomo-fabbrocino\\\/\"}]}<\/script>\n<!-- \/ Yoast SEO plugin. -->","yoast_head_json":{"title":"Il nostro ex allievo Attilio Palmieri vince il premio \"Giovane e innocente\"","robots":{"index":"index","follow":"follow","max-snippet":"max-snippet:-1","max-image-preview":"max-image-preview:large","max-video-preview":"max-video-preview:-1"},"canonical":"https:\/\/www.pigrecoemme.com\/blog\/il-nostro-ex-allievo-attilio-palmieri-vince-il-premio-giovane-e-innocente\/","og_locale":"it_IT","og_type":"article","og_title":"Il nostro ex allievo Attilio Palmieri vince il premio \"Giovane e innocente\"","og_description":"Con la recensione di Vincere, sotto linkata, il nostro ex allievo Attilio Palmieri si \u00e8 aggiudicato il primo premio alla sesta edizione del concorso &#8220;Giovane e innocente&#8221;, bandito dalla rivista online Effetto Notte, nella categoria recensioni. Dopo Giuseppe Sedia (due &hellip; Continue reading &rarr;","og_url":"https:\/\/www.pigrecoemme.com\/blog\/il-nostro-ex-allievo-attilio-palmieri-vince-il-premio-giovane-e-innocente\/","og_site_name":"Scuola di Cinema Pigrecoemme - Blog","article_publisher":"https:\/\/www.facebook.com\/pigrecoemme","article_author":"https:\/\/www.facebook.com\/giacomo.fabbrocino","article_published_time":"2009-07-26T14:50:33+00:00","article_modified_time":"2009-07-26T14:52:52+00:00","og_image":[{"url":"http:\/\/www.pigrecoemme.com\/blog\/wp-content\/uploads\/2009\/07\/vincere.jpg","type":"","width":"","height":""}],"author":"Giacomo Fabbrocino","twitter_card":"summary_large_image","twitter_creator":"@Pigrecoemme","twitter_site":"@Pigrecoemme","twitter_misc":{"Scritto da":"Giacomo Fabbrocino"},"schema":{"@context":"https:\/\/schema.org","@graph":[{"@type":["Article","BlogPosting"],"@id":"https:\/\/www.pigrecoemme.com\/blog\/il-nostro-ex-allievo-attilio-palmieri-vince-il-premio-giovane-e-innocente\/#article","isPartOf":{"@id":"https:\/\/www.pigrecoemme.com\/blog\/il-nostro-ex-allievo-attilio-palmieri-vince-il-premio-giovane-e-innocente\/"},"author":{"name":"Giacomo Fabbrocino","@id":"https:\/\/www.pigrecoemme.com\/blog\/#\/schema\/person\/57fa822c3d209d3a2612fd0411ae63f4"},"headline":"Il nostro ex allievo Attilio Palmieri vince il premio &#8220;Giovane e innocente&#8221;","datePublished":"2009-07-26T14:50:33+00:00","dateModified":"2009-07-26T14:52:52+00:00","mainEntityOfPage":{"@id":"https:\/\/www.pigrecoemme.com\/blog\/il-nostro-ex-allievo-attilio-palmieri-vince-il-premio-giovane-e-innocente\/"},"wordCount":80,"commentCount":0,"publisher":{"@id":"https:\/\/www.pigrecoemme.com\/blog\/#organization"},"image":{"@id":"https:\/\/www.pigrecoemme.com\/blog\/il-nostro-ex-allievo-attilio-palmieri-vince-il-premio-giovane-e-innocente\/#primaryimage"},"thumbnailUrl":"http:\/\/www.pigrecoemme.com\/blog\/wp-content\/uploads\/2009\/07\/vincere.jpg","keywords":["attilio palmieri","critica cinematografica","ex allievi di pigrecoemme","giovane e innocente"],"articleSection":["Scuola di cinema"],"inLanguage":"it-IT","potentialAction":[{"@type":"CommentAction","name":"Comment","target":["https:\/\/www.pigrecoemme.com\/blog\/il-nostro-ex-allievo-attilio-palmieri-vince-il-premio-giovane-e-innocente\/#respond"]}]},{"@type":"WebPage","@id":"https:\/\/www.pigrecoemme.com\/blog\/il-nostro-ex-allievo-attilio-palmieri-vince-il-premio-giovane-e-innocente\/","url":"https:\/\/www.pigrecoemme.com\/blog\/il-nostro-ex-allievo-attilio-palmieri-vince-il-premio-giovane-e-innocente\/","name":"Il nostro ex allievo Attilio Palmieri vince il premio \"Giovane e innocente\"","isPartOf":{"@id":"https:\/\/www.pigrecoemme.com\/blog\/#website"},"primaryImageOfPage":{"@id":"https:\/\/www.pigrecoemme.com\/blog\/il-nostro-ex-allievo-attilio-palmieri-vince-il-premio-giovane-e-innocente\/#primaryimage"},"image":{"@id":"https:\/\/www.pigrecoemme.com\/blog\/il-nostro-ex-allievo-attilio-palmieri-vince-il-premio-giovane-e-innocente\/#primaryimage"},"thumbnailUrl":"http:\/\/www.pigrecoemme.com\/blog\/wp-content\/uploads\/2009\/07\/vincere.jpg","datePublished":"2009-07-26T14:50:33+00:00","dateModified":"2009-07-26T14:52:52+00:00","breadcrumb":{"@id":"https:\/\/www.pigrecoemme.com\/blog\/il-nostro-ex-allievo-attilio-palmieri-vince-il-premio-giovane-e-innocente\/#breadcrumb"},"inLanguage":"it-IT","potentialAction":[{"@type":"ReadAction","target":["https:\/\/www.pigrecoemme.com\/blog\/il-nostro-ex-allievo-attilio-palmieri-vince-il-premio-giovane-e-innocente\/"]}]},{"@type":"ImageObject","inLanguage":"it-IT","@id":"https:\/\/www.pigrecoemme.com\/blog\/il-nostro-ex-allievo-attilio-palmieri-vince-il-premio-giovane-e-innocente\/#primaryimage","url":"http:\/\/www.pigrecoemme.com\/blog\/wp-content\/uploads\/2009\/07\/vincere.jpg","contentUrl":"http:\/\/www.pigrecoemme.com\/blog\/wp-content\/uploads\/2009\/07\/vincere.jpg"},{"@type":"BreadcrumbList","@id":"https:\/\/www.pigrecoemme.com\/blog\/il-nostro-ex-allievo-attilio-palmieri-vince-il-premio-giovane-e-innocente\/#breadcrumb","itemListElement":[{"@type":"ListItem","position":1,"name":"Home","item":"https:\/\/www.pigrecoemme.com\/blog\/"},{"@type":"ListItem","position":2,"name":"Il nostro ex allievo Attilio Palmieri vince il premio &#8220;Giovane e innocente&#8221;"}]},{"@type":"WebSite","@id":"https:\/\/www.pigrecoemme.com\/blog\/#website","url":"https:\/\/www.pigrecoemme.com\/blog\/","name":"Scuola di Cinema Pigrecoemme - Blog","description":"Siamo la prima Scuola di Cinema e Fotografia di Napoli","publisher":{"@id":"https:\/\/www.pigrecoemme.com\/blog\/#organization"},"potentialAction":[{"@type":"SearchAction","target":{"@type":"EntryPoint","urlTemplate":"https:\/\/www.pigrecoemme.com\/blog\/?s={search_term_string}"},"query-input":{"@type":"PropertyValueSpecification","valueRequired":true,"valueName":"search_term_string"}}],"inLanguage":"it-IT"},{"@type":"Organization","@id":"https:\/\/www.pigrecoemme.com\/blog\/#organization","name":"Scuola di cinema e fotografia Pigrecoemme","url":"https:\/\/www.pigrecoemme.com\/blog\/","logo":{"@type":"ImageObject","inLanguage":"it-IT","@id":"https:\/\/www.pigrecoemme.com\/blog\/#\/schema\/logo\/image\/","url":"https:\/\/i0.wp.com\/www.pigrecoemme.com\/blog\/wp-content\/uploads\/2018\/06\/logo-pigrecoemme-2018.png?fit=500%2C500&ssl=1","contentUrl":"https:\/\/i0.wp.com\/www.pigrecoemme.com\/blog\/wp-content\/uploads\/2018\/06\/logo-pigrecoemme-2018.png?fit=500%2C500&ssl=1","width":500,"height":500,"caption":"Scuola di cinema e fotografia Pigrecoemme"},"image":{"@id":"https:\/\/www.pigrecoemme.com\/blog\/#\/schema\/logo\/image\/"},"sameAs":["https:\/\/www.facebook.com\/pigrecoemme","https:\/\/x.com\/Pigrecoemme","https:\/\/www.instagram.com\/pigrecoemme\/","https:\/\/www.linkedin.com\/company\/pigrecoemme\/","https:\/\/www.youtube.com\/pigrecoemme"]},{"@type":"Person","@id":"https:\/\/www.pigrecoemme.com\/blog\/#\/schema\/person\/57fa822c3d209d3a2612fd0411ae63f4","name":"Giacomo Fabbrocino","image":{"@type":"ImageObject","inLanguage":"it-IT","@id":"https:\/\/secure.gravatar.com\/avatar\/0e4dfd4d05c06a03fffaffeb36fb181415ba11b91a6b566fa2e8ada75927db32?s=96&r=g","url":"https:\/\/secure.gravatar.com\/avatar\/0e4dfd4d05c06a03fffaffeb36fb181415ba11b91a6b566fa2e8ada75927db32?s=96&r=g","contentUrl":"https:\/\/secure.gravatar.com\/avatar\/0e4dfd4d05c06a03fffaffeb36fb181415ba11b91a6b566fa2e8ada75927db32?s=96&r=g","caption":"Giacomo Fabbrocino"},"description":"Montatore cinematografico, autore di documentari sull'arte e di video d'artista, Giacomo \u00e8 responsabile della didattica e della comunicazione web della Scuola di Cinema, Fotografia e Televisione Pigrecoemme di Napoli.","sameAs":["http:\/\/www.pigrecoemme.com\/","https:\/\/www.facebook.com\/giacomo.fabbrocino"],"url":"https:\/\/www.pigrecoemme.com\/blog\/author\/giacomo-fabbrocino\/"}]}},"jetpack_sharing_enabled":true,"jetpack_likes_enabled":true,"jetpack-related-posts":[{"id":2286,"url":"https:\/\/www.pigrecoemme.com\/blog\/situazione-critica-6-la-webcritica-e-altre-storie\/","url_meta":{"origin":161,"position":0},"title":"Situazione Critica #6: La webcritica e altre storie","author":"Pigrecoemme","date":"20 Novembre 2018","format":false,"excerpt":"Il sesto appuntamento di Situazione Critica \u2013 l\u2019iniziativa con la quale la scuola di cinema Pigrecoemme di Napoli festeggia il diciottesimo anno di attivit\u00e0 \u2013 si terr\u00e0 sabato 1 dicembre alle ore 16.30 e avr\u00e0 come ospiti tre giovani protagonisti della critica sul web: Matteo Berardini, Marco Compiani e Attilio\u2026","rel":"","context":"In &quot;Analisi e Critica&quot;","block_context":{"text":"Analisi e Critica","link":"https:\/\/www.pigrecoemme.com\/blog\/analisi-e-critica-2\/"},"img":{"alt_text":"Situazione Critica #6 - La webcritica e altre storie","src":"https:\/\/i0.wp.com\/www.pigrecoemme.com\/blog\/wp-content\/uploads\/2018\/11\/situazione-critica-6-1280x720-1024x536.jpg?resize=350%2C200","width":350,"height":200,"srcset":"https:\/\/i0.wp.com\/www.pigrecoemme.com\/blog\/wp-content\/uploads\/2018\/11\/situazione-critica-6-1280x720-1024x536.jpg?resize=350%2C200 1x, https:\/\/i0.wp.com\/www.pigrecoemme.com\/blog\/wp-content\/uploads\/2018\/11\/situazione-critica-6-1280x720-1024x536.jpg?resize=525%2C300 1.5x, https:\/\/i0.wp.com\/www.pigrecoemme.com\/blog\/wp-content\/uploads\/2018\/11\/situazione-critica-6-1280x720-1024x536.jpg?resize=700%2C400 2x"},"classes":[]},{"id":262,"url":"https:\/\/www.pigrecoemme.com\/blog\/critica-cinematografica-un-ex-allievo-che-da-soddisfazioni\/","url_meta":{"origin":161,"position":1},"title":"Critica cinematografica. Un ex allievo che d\u00e0 soddisfazioni.","author":"Giacomo Fabbrocino","date":"6 Settembre 2010","format":false,"excerpt":"Il nostro ex allievo Antonio Gammone, frequentante del corso di critica nel 2010, \u00e8 tra i primi dieci classificati del premio di critica cinematografica \"Tullio Kezich\", organizzato dalla Biennale di Venezia. Potete leggere il suo saggio a questo link. Complimenti ad Antonio, allora. Uno dei tanti nostri ex allievi a\u2026","rel":"","context":"In &quot;Scuola di cinema&quot;","block_context":{"text":"Scuola di cinema","link":"https:\/\/www.pigrecoemme.com\/blog\/scuola-di-cinema\/"},"img":{"alt_text":"","src":"","width":0,"height":0},"classes":[]},{"id":539,"url":"https:\/\/www.pigrecoemme.com\/blog\/effetto-pigreco\/","url_meta":{"origin":161,"position":2},"title":"Effetto Pigreco&#8230;","author":"Rosario Gallone","date":"1 Ottobre 2012","format":false,"excerpt":"C'\u00e8 un po' di Pigrecoemme ogni giorno, in Tv, nei Festival, al cinema, ex allievi, docenti che ci convincono, sempre pi\u00f9, che la strada da noi percorsa, per quanto irta di difficolt\u00e0, sia quella di maggior soddisfazione, visti i risultati. Ecco allora che, mentre in Tv passa la fiction su\u2026","rel":"","context":"In &quot;Generale&quot;","block_context":{"text":"Generale","link":"https:\/\/www.pigrecoemme.com\/blog\/generale\/"},"img":{"alt_text":"","src":"https:\/\/i0.wp.com\/www.pigrecoemme.com\/blog\/wp-content\/uploads\/2012\/10\/545617_468010543220801_435415249_n1-300x126.jpg?resize=350%2C200","width":350,"height":200},"classes":[]},{"id":30,"url":"https:\/\/www.pigrecoemme.com\/blog\/enel-digital-contest-un-video-del-nostro-ex-allievo-paolo-letizia-e-in-concorso-votatelo\/","url_meta":{"origin":161,"position":3},"title":"Enel digital contest. Un video del nostro ex allievo Paolo Letizia \u00e8 in concorso. Votatelo!","author":"Giacomo Fabbrocino","date":"19 Gennaio 2008","format":false,"excerpt":"Vi invito a guardare e a votare il video \"Giulia Scopre il Vento\", diretto da Paolo Letizia, ex allievo della Scuola di Cinema Pigrecoemme, e a votarlo per il concorso Enel Digital Contest. Il video \u00e8 al link http:\/\/www.enel.it\/digitalcontest\/sicure\/vedi.asp?id=EDC07109 La registrazione al sito del concorso \u00e8 un po' macchinosa, ma\u2026","rel":"","context":"In &quot;Produzioni&quot;","block_context":{"text":"Produzioni","link":"https:\/\/www.pigrecoemme.com\/blog\/produzioni\/"},"img":{"alt_text":"","src":"","width":0,"height":0},"classes":[]},{"id":3691,"url":"https:\/\/www.pigrecoemme.com\/blog\/in-sala-la-scommessa-film-diretto-dallex-allievo-giovanni-dota\/","url_meta":{"origin":161,"position":4},"title":"In sala &#8220;la scommessa&#8221;, film diretto dall&#8217;ex allievo Giovanni Dota","author":"Pigrecoemme","date":"25 Settembre 2024","format":false,"excerpt":"\u00c8 ancora in sala il secondo lungometraggio diretto dal nostro ex allievo Giovanni Dota e noi siamo ben lieti di consigliarvelo. Cos\u00ec come siamo lieti di trovare nei titoli di coda i nomi di altri due ex Pigrecoemme (Flavia Calabrese come assistente al casting, curato dalla Klab4 film di Massimiliano\u2026","rel":"","context":"In &quot;Generale&quot;","block_context":{"text":"Generale","link":"https:\/\/www.pigrecoemme.com\/blog\/generale\/"},"img":{"alt_text":"","src":"https:\/\/i0.wp.com\/www.pigrecoemme.com\/blog\/wp-content\/uploads\/2024\/09\/la-scommessa.jpg?resize=350%2C200&ssl=1","width":350,"height":200,"srcset":"https:\/\/i0.wp.com\/www.pigrecoemme.com\/blog\/wp-content\/uploads\/2024\/09\/la-scommessa.jpg?resize=350%2C200&ssl=1 1x, https:\/\/i0.wp.com\/www.pigrecoemme.com\/blog\/wp-content\/uploads\/2024\/09\/la-scommessa.jpg?resize=525%2C300&ssl=1 1.5x, https:\/\/i0.wp.com\/www.pigrecoemme.com\/blog\/wp-content\/uploads\/2024\/09\/la-scommessa.jpg?resize=700%2C400&ssl=1 2x, https:\/\/i0.wp.com\/www.pigrecoemme.com\/blog\/wp-content\/uploads\/2024\/09\/la-scommessa.jpg?resize=1050%2C600&ssl=1 3x"},"classes":[]},{"id":2229,"url":"https:\/\/www.pigrecoemme.com\/blog\/i-nostri-allievi-al-napoli-film-festival-2018-e-un-docente-in-giuria\/","url_meta":{"origin":161,"position":5},"title":"I nostri allievi al Napoli Film Festival 2018 (e un docente in giuria)","author":"Pigrecoemme","date":"26 Settembre 2018","format":false,"excerpt":"Giunto ormai alla ventesima edizione, il Napoli Film Festival \u00e8 un evento centrale della vita culturale napoletana, oltre ad essere riconosciuto a livello nazionale come evento particolarmente attento alle forme sperimentali del cinema, al cortometraggio, al documentario e alle produzioni indipendenti.Anche quest'anno \u00e8 nutritissima la compagine di ex allievi della\u2026","rel":"","context":"In &quot;Generale&quot;","block_context":{"text":"Generale","link":"https:\/\/www.pigrecoemme.com\/blog\/generale\/"},"img":{"alt_text":"Napoli Film Festival 2018","src":"https:\/\/i0.wp.com\/www.pigrecoemme.com\/blog\/wp-content\/uploads\/2018\/09\/napoli-film-festival-2018.jpg?resize=350%2C200&ssl=1","width":350,"height":200,"srcset":"https:\/\/i0.wp.com\/www.pigrecoemme.com\/blog\/wp-content\/uploads\/2018\/09\/napoli-film-festival-2018.jpg?resize=350%2C200&ssl=1 1x, https:\/\/i0.wp.com\/www.pigrecoemme.com\/blog\/wp-content\/uploads\/2018\/09\/napoli-film-festival-2018.jpg?resize=525%2C300&ssl=1 1.5x, https:\/\/i0.wp.com\/www.pigrecoemme.com\/blog\/wp-content\/uploads\/2018\/09\/napoli-film-festival-2018.jpg?resize=700%2C400&ssl=1 2x"},"classes":[]}],"jetpack_featured_media_url":"","_links":{"self":[{"href":"https:\/\/www.pigrecoemme.com\/blog\/wp-json\/wp\/v2\/posts\/161","targetHints":{"allow":["GET"]}}],"collection":[{"href":"https:\/\/www.pigrecoemme.com\/blog\/wp-json\/wp\/v2\/posts"}],"about":[{"href":"https:\/\/www.pigrecoemme.com\/blog\/wp-json\/wp\/v2\/types\/post"}],"author":[{"embeddable":true,"href":"https:\/\/www.pigrecoemme.com\/blog\/wp-json\/wp\/v2\/users\/1"}],"replies":[{"embeddable":true,"href":"https:\/\/www.pigrecoemme.com\/blog\/wp-json\/wp\/v2\/comments?post=161"}],"version-history":[{"count":0,"href":"https:\/\/www.pigrecoemme.com\/blog\/wp-json\/wp\/v2\/posts\/161\/revisions"}],"wp:attachment":[{"href":"https:\/\/www.pigrecoemme.com\/blog\/wp-json\/wp\/v2\/media?parent=161"}],"wp:term":[{"taxonomy":"category","embeddable":true,"href":"https:\/\/www.pigrecoemme.com\/blog\/wp-json\/wp\/v2\/categories?post=161"},{"taxonomy":"post_tag","embeddable":true,"href":"https:\/\/www.pigrecoemme.com\/blog\/wp-json\/wp\/v2\/tags?post=161"}],"curies":[{"name":"wp","href":"https:\/\/api.w.org\/{rel}","templated":true}]}}