{"id":1542,"date":"2015-11-18T11:30:14","date_gmt":"2015-11-18T10:30:14","guid":{"rendered":"http:\/\/www.pigrecoemme.com\/blog\/?p=1542"},"modified":"2015-11-18T12:18:56","modified_gmt":"2015-11-18T11:18:56","slug":"adieu-au-langage","status":"publish","type":"post","link":"https:\/\/www.pigrecoemme.com\/blog\/adieu-au-langage\/","title":{"rendered":"All&#8217;Institut fran\u00e7ais di Napoli, Adieu au langage di Jean-Luc Godard"},"content":{"rendered":"<p><a href=\"https:\/\/i0.wp.com\/www.pigrecoemme.com\/blog\/wp-content\/uploads\/2015\/11\/godard.jpg?ssl=1\"><img data-recalc-dims=\"1\" loading=\"lazy\" decoding=\"async\" class=\"aligncenter size-full wp-image-1543\" src=\"https:\/\/i0.wp.com\/www.pigrecoemme.com\/blog\/wp-content\/uploads\/2015\/11\/godard.jpg?resize=484%2C252&#038;ssl=1\" alt=\"godard\" width=\"484\" height=\"252\" srcset=\"https:\/\/i0.wp.com\/www.pigrecoemme.com\/blog\/wp-content\/uploads\/2015\/11\/godard.jpg?w=484&amp;ssl=1 484w, https:\/\/i0.wp.com\/www.pigrecoemme.com\/blog\/wp-content\/uploads\/2015\/11\/godard.jpg?resize=300%2C156&amp;ssl=1 300w\" sizes=\"auto, (max-width: 484px) 100vw, 484px\" \/><\/a>Nell&#8217;ambito del festival\u00a0<a href=\"http:\/\/www.ocurt.it\/\">&#8216;O Curt<\/a>, <strong>gioved\u00ec 19 novembre<\/strong> alle <strong>ore 21:30<\/strong>, all&#8217;<strong>Institut fran\u00e7ais<\/strong> di Napoli,\u00a0<strong>Corrado Morra<\/strong>, docente di <a href=\"http:\/\/www.pigrecoemme.com\/corsi\/corso-sceneggiatura.htm\">Sceneggiatura<\/a> della Scuola di cinema <strong>Pigrecoemme<\/strong>, presenta\u00a0<strong>Adieu au langage<\/strong>, l&#8217;ultimo film di\u00a0<strong>Jean-Luc Godard<\/strong>.<br \/>\nEnnesima, suggestiva e spietata riflessione\u00a0sulla necessit\u00e0 di\u00a0ridefinire,\u00a0attraverso il cinema, i linguaggi\u00a0per comprendere il mondo\u00a0e per far luce tra le pieghe oscure dei\u00a0nostri cuori, <em>Adieu au langage<\/em>\u00a0ha in s\u00e9\u00a0i crismi di un&#8217;istanza non pi\u00f9 procrastinabile: quella di\u00a0riformulare, definitivamente e radicalmente, prima di ogni cosa la lingua stessa per <em>rappresentare\u00a0<\/em>e <em>ripensare<\/em> il mondo e la sua\u00a0conflittuale\u00a0complessit\u00e0.<br \/>\nE la rappresentazione &#8211; potremmo dire con Aristotele\u00a0&#8211;\u00a0\u00e8 innanzitutto la risposta alla constatazione di un&#8217;assenza, e in tal senso l&#8217;estetica \u00e8 proprio\u00a0la risposta a quello che non c&#8217;\u00e8, che nel caso di Godard coincide da sempre con un&#8217;idea di cinema (perturbante e pur salvifica, immateriale e corporale), come\u00a0luogo\u00a0privilegiato dove\u00a0si intreccino\u00a0<em>aisthetich\u00e9<\/em>, ossia l&#8217;immaginazione dell&#8217;inesistente, e\u00a0<em>logistich\u00e9<\/em>, ovvero la potenza visionaria della capacit\u00e0 linguistica, che riesce a spingersi fino\u00a0a dire l&#8217;inimmaginabile; il cinema come avamposto\u00a0&#8220;politico&#8221; di conflitti, ma soprattutto, il cinema come antifona sinestetica all&#8217;arbitrio del caos. E al riverbero osceno del silenzio.<br \/>\nDi seguito il testo di Corrado Morra in catalogo.<br \/>\n<!--more--><\/p>\n<h2><strong>GODARDORAMA<\/strong><\/h2>\n<p><em>Giro per la Tuscolana come un pazzo,<br \/>\n<\/em><em>per l\u2019Appia come un cane senza padrone.<br \/>\n<\/em><em>(&#8230;) Mostruoso \u00e8 chi \u00e8 nato<br \/>\n<\/em><em style=\"font-weight: 300;\">dalle viscere di una donna morta.<br \/>\n<\/em>Pier Paolo Pasolini, <em>Io sono una forza del Passato<\/em><\/p>\n<p><em>Adieu au langage<\/em>, come ironicamente ha scritto lo stesso Jean-Luc Godard, \u00e8 la storia di una donna sposata che incontra un uomo.<br \/>\nNascerebbe da tale circostanza una sofferta relazione amorosa, dove si intrecciano il senso della morte, l\u2019uguaglianza della defecazione, il desiderio e l\u2019assenza del desiderio, pensieri sulla politica del Novecento, il cinema come soglia della morte, la potenza della musica sinfonica, il discorso sul doppio, il segreto della pittura, il mondo visto da un cane\u2026<br \/>\nLa dissoluzione del discorso amoroso, narrata attraverso la destrutturazione del linguaggio \u00e8 operazione che, dopo <em>L&#8217;Ann\u00e9e derni\u00e8re \u00e0 Marienbad<\/em>, ha conosciuto anche di recente, e prima di quest\u2019ultimo Godard, un\u2019emozionante esplorazione nel Terrence Malick di <em>To The Wonder<\/em>. Ma in Godard l\u2019inganno di estetizzare lo struggimento (che nell\u2019autore americano finiva col diventare una sorta di patina anestetizzante del dolore) \u00e8 superata da un\u2019ipertrofia di visioni, di misure, variet\u00e0 di ottiche, di espedienti, che determinano un testo, insieme, sporco e perfetto, promiscuo e asettico, sfilacciato e corposo, dove ogni tentazione di accompagnare lo spettatore nei meandri della catartica e assolutoria immedesimazione attraverso il linguaggio del cinema, viene frantumata dalla forzatura perpetrata in ogni lasso sulla grammatica, sui raccordi (in tal modo anche la capacit\u00e0 simpatetica dell\u2019allegretto del secondo movimento della Settima sinfonia di Beethoven diventa qui lo sberleffo dell\u2019emozione, il reiterato pretesto per un singulto, il singhiozzo fatale di un nesso negato).<br \/>\nMa tutto questo \u00e8 solo in parte vero perch\u00e9 <em>Adieu au langage <\/em>\u00e8 prima di tutto un\u2019analisi malinconica sulla cattivit\u00e0 dell\u2019<em>esserci<\/em>.<br \/>\nUn momento chiave del film, in tal senso, \u00e8 quello in cui Godard fa dire a Josette delle parole rivelatrici: \u201cSono qui per dirvi di no. E per morire\u201d.<br \/>\n\u00c8 in quella negazione, rivolta a noi tutti, la professione di un\u2019indipendenza dall\u2019esserci, che condanna inevitabilmente il linguaggio a inutile balbettio, perch\u00e9 il nulla (il nulla dei rapporti sociali, il nulla delle sintassi, il nulla della parola non detta, il nulla dell\u2019amore) in Godard \u00e8 invece fulcro vitale del discorso, accolto e custodito, fino all\u2019ultimo respiro, fino al primo respiro di un bimbo, che nasce e piange, fino all\u2019ultimo guaito di un cane (su cui <em>Adieu au langage<\/em> di fatto termina), cane come figlio dell\u2019uomo, ma che non dar\u00e0 discendenza, dicendo addio in tal modo all\u2019evoluzione, cio\u00e8 al linguaggio della specie.<br \/>\nIn un altro punto, la voce di G\u00e9d\u00e9on rivolta a Josette dichiara fuori campo: \u201cJe suis \u00e0 vos ordres\u201d. La donna \u00e8 dietro a un\u2019inferriata, che la costringe in una sorta di gabbia, che \u00e8 come se la chiudesse in un bel paesaggio lacustre che, alle sue spalle si scorge in campo lungo, rivelandoci invece che il suo \u00e8 lo spazio angusto di una prigione e che quella prigione \u00e8 l\u2019inquadratura del mondo. Anzi: \u00e8 il mondo.<br \/>\nAncora affidato all\u2019acusma del fuori campo, il film si sofferma poi sul significato in russo della parola <em>kamera<\/em>: prigione. Ed \u00e8 qui che diventa evidente come per Godard il cinema, ossia lo sguardo della camera, sia costituzionalmente una macchina di coercizione e di controllo, un dispositivo foucaultiano di sorveglianza, contro cui muovere sempre. E la coscienza metatestuale dei personaggi in <em>Adieu au langage<\/em>, che proprio in tal senso rivelano di \u201cdetestare i personaggi\u201d, \u00e8 il segno di tale rivolta.<br \/>\nMa a quali ordini sarebbe disposta davvero ad affidarsi quella voce fuori campo, in un film senza trama, se non alla deissi imperiosa di quella donna, che non \u00e8 altro che il simbolo della madre-matrigna-matrice della prigione del linguaggio?<br \/>\nSe \u00e8 il linguaggio l\u2019<em>origine del mondo<\/em> (la vagina dipinta da Courbet sarebbe la parola primigenia, il mito), il termine con cui gli Apache, tanto amati dal regista da bambino, indicavano il mondo \u00e8 <em>foresta<\/em> ed \u00e8 a quell\u2019immagine antagonistica e inesplorabile dell\u2019altrove che Godard, attraverso il <em>point of view<\/em> di un cane, affida il caos e l\u2019entropia del suo discorso definitivo.<br \/>\nGodard, con le parole di Claude Monet, ci ricorda infine che lo scopo profondo della rappresentazione \u00e8 quello di \u201cdipingere il non vedere\u201d. Come in una foresta fitta. Ed \u00e8 proprio quello che, dipingendo con la luce, l\u2019uomo di cinema Godard fa ancora, con una forza e una disperata vitalit\u00e0 che pochi altri hanno: girare il non vedere. E proprio quel non vedere \u00e8 la rivolta contro l\u2019alienazione e la dipendenza dai nessi, attraverso un processo di definitiva frantumazione del linguaggio. Ma quelle due o tre cose che so di lui, mi permettono di ipotizzare che in Godard, proprio questa dissoluzione sia il segno della tensione verso la liberazione politica dei corpi, prefigurata gi\u00e0 da quell\u2019antico spettro che, dal Manifesto in poi, si aggira per l\u2019Europa: il Comunismo. Segno che, derridianamente, \u00e8 anche l\u2019unica manifestazione possibile per giungere alla conoscenza e all\u2019amore di quel fantasma che ci ostiniamo a chiamare cinema.<em><br \/>\n<\/em><\/p>\n","protected":false},"excerpt":{"rendered":"<p>Nell&#8217;ambito del festival\u00a0&#8216;O Curt, gioved\u00ec 19 novembre alle ore 21:30, all&#8217;Institut fran\u00e7ais di Napoli,\u00a0Corrado Morra, docente di Sceneggiatura della Scuola di cinema Pigrecoemme, presenta\u00a0Adieu au langage, l&#8217;ultimo film di\u00a0Jean-Luc Godard. Ennesima, suggestiva e spietata&hellip;<\/p>\n","protected":false},"author":4,"featured_media":0,"comment_status":"open","ping_status":"open","sticky":false,"template":"","format":"standard","meta":{"_jetpack_newsletter_access":"","_jetpack_dont_email_post_to_subs":false,"_jetpack_newsletter_tier_id":0,"_jetpack_memberships_contains_paywalled_content":false,"_jetpack_feature_clip_id":0,"_jetpack_memberships_contains_paid_content":false,"footnotes":"","jetpack_post_was_ever_published":false},"categories":[11,1],"tags":[84,1439,227,1440,85,1441,1438],"class_list":["post-1542","post","type-post","status-publish","format-standard","hentry","category-eventi","category-generale","tag-o-curt","tag-adieu-au-langage","tag-corrado-morra","tag-corsi-di-sceneggiatura","tag-festival","tag-institut-francais-di-napoli","tag-jean-luc-godard"],"yoast_head":"<!-- This site is optimized with the Yoast SEO plugin v28.3 - https:\/\/yoast.com\/product\/yoast-seo-wordpress\/ -->\n<title>All&#039;Institut fran\u00e7ais Adieu au langage di Jean-Luc Godard<\/title>\n<meta name=\"description\" content=\"Nell&#039;ambito del festival &#039;O Curt, gioved\u00ec 19 novembre, all&#039;Institut fran\u00e7ais, Corrado Morra presenta Adieu au langage di Jean-Luc Godard.\" \/>\n<meta name=\"robots\" content=\"index, follow, max-snippet:-1, max-image-preview:large, max-video-preview:-1\" \/>\n<link rel=\"canonical\" href=\"https:\/\/www.pigrecoemme.com\/blog\/adieu-au-langage\/\" \/>\n<meta property=\"og:locale\" content=\"it_IT\" \/>\n<meta property=\"og:type\" content=\"article\" \/>\n<meta property=\"og:title\" content=\"All&#039;Institut fran\u00e7ais di Napoli, Adieu au langage di Jean-Luc Godard\" \/>\n<meta property=\"og:description\" content=\"Nell&#039;ambito del festival &#039;O Curt, gioved\u00ec 19 novembre, all&#039;Institut fran\u00e7ais, Corrado Morra presenta Adieu au langage di Jean-Luc Godard.\" \/>\n<meta property=\"og:url\" content=\"https:\/\/www.pigrecoemme.com\/blog\/adieu-au-langage\/\" \/>\n<meta property=\"og:site_name\" content=\"Scuola di Cinema Pigrecoemme - Blog\" \/>\n<meta property=\"article:publisher\" content=\"https:\/\/www.facebook.com\/pigrecoemme\" \/>\n<meta property=\"article:author\" content=\"https:\/\/www.facebook.com\/pigrecoemme\" \/>\n<meta property=\"article:published_time\" content=\"2015-11-18T10:30:14+00:00\" \/>\n<meta property=\"article:modified_time\" content=\"2015-11-18T11:18:56+00:00\" \/>\n<meta property=\"og:image\" content=\"http:\/\/www.pigrecoemme.com\/blog\/wp-content\/uploads\/2015\/11\/godard.jpg\" \/>\n<meta name=\"author\" content=\"Pigrecoemme\" \/>\n<meta name=\"twitter:card\" content=\"summary_large_image\" \/>\n<meta name=\"twitter:creator\" content=\"@Pigrecoemme\" \/>\n<meta name=\"twitter:site\" content=\"@Pigrecoemme\" \/>\n<meta name=\"twitter:label1\" content=\"Scritto da\" \/>\n\t<meta name=\"twitter:data1\" content=\"Pigrecoemme\" \/>\n\t<meta name=\"twitter:label2\" content=\"Tempo di lettura stimato\" \/>\n\t<meta name=\"twitter:data2\" content=\"5 minuti\" \/>\n<script type=\"application\/ld+json\" class=\"yoast-schema-graph\">{\"@context\":\"https:\\\/\\\/schema.org\",\"@graph\":[{\"@type\":[\"Article\",\"BlogPosting\"],\"@id\":\"https:\\\/\\\/www.pigrecoemme.com\\\/blog\\\/adieu-au-langage\\\/#article\",\"isPartOf\":{\"@id\":\"https:\\\/\\\/www.pigrecoemme.com\\\/blog\\\/adieu-au-langage\\\/\"},\"author\":{\"name\":\"Pigrecoemme\",\"@id\":\"https:\\\/\\\/www.pigrecoemme.com\\\/blog\\\/#\\\/schema\\\/person\\\/8996ab5bfa68cec611b330ae4a389d44\"},\"headline\":\"All&#8217;Institut fran\u00e7ais di Napoli, Adieu au langage di Jean-Luc Godard\",\"datePublished\":\"2015-11-18T10:30:14+00:00\",\"dateModified\":\"2015-11-18T11:18:56+00:00\",\"mainEntityOfPage\":{\"@id\":\"https:\\\/\\\/www.pigrecoemme.com\\\/blog\\\/adieu-au-langage\\\/\"},\"wordCount\":1060,\"commentCount\":0,\"publisher\":{\"@id\":\"https:\\\/\\\/www.pigrecoemme.com\\\/blog\\\/#organization\"},\"image\":{\"@id\":\"https:\\\/\\\/www.pigrecoemme.com\\\/blog\\\/adieu-au-langage\\\/#primaryimage\"},\"thumbnailUrl\":\"http:\\\/\\\/www.pigrecoemme.com\\\/blog\\\/wp-content\\\/uploads\\\/2015\\\/11\\\/godard.jpg\",\"keywords\":[\"'o curt\",\"Adieu au langage\",\"Corrado Morra\",\"corsi di sceneggiatura\",\"festival\",\"Institut fran\u00e7ais di Napoli\",\"Jean-Luc Godard\"],\"articleSection\":[\"Eventi\",\"Generale\"],\"inLanguage\":\"it-IT\",\"potentialAction\":[{\"@type\":\"CommentAction\",\"name\":\"Comment\",\"target\":[\"https:\\\/\\\/www.pigrecoemme.com\\\/blog\\\/adieu-au-langage\\\/#respond\"]}]},{\"@type\":\"WebPage\",\"@id\":\"https:\\\/\\\/www.pigrecoemme.com\\\/blog\\\/adieu-au-langage\\\/\",\"url\":\"https:\\\/\\\/www.pigrecoemme.com\\\/blog\\\/adieu-au-langage\\\/\",\"name\":\"All'Institut fran\u00e7ais Adieu au langage di Jean-Luc Godard\",\"isPartOf\":{\"@id\":\"https:\\\/\\\/www.pigrecoemme.com\\\/blog\\\/#website\"},\"primaryImageOfPage\":{\"@id\":\"https:\\\/\\\/www.pigrecoemme.com\\\/blog\\\/adieu-au-langage\\\/#primaryimage\"},\"image\":{\"@id\":\"https:\\\/\\\/www.pigrecoemme.com\\\/blog\\\/adieu-au-langage\\\/#primaryimage\"},\"thumbnailUrl\":\"http:\\\/\\\/www.pigrecoemme.com\\\/blog\\\/wp-content\\\/uploads\\\/2015\\\/11\\\/godard.jpg\",\"datePublished\":\"2015-11-18T10:30:14+00:00\",\"dateModified\":\"2015-11-18T11:18:56+00:00\",\"description\":\"Nell'ambito del festival 'O Curt, gioved\u00ec 19 novembre, all'Institut fran\u00e7ais, Corrado Morra presenta Adieu au langage di Jean-Luc Godard.\",\"breadcrumb\":{\"@id\":\"https:\\\/\\\/www.pigrecoemme.com\\\/blog\\\/adieu-au-langage\\\/#breadcrumb\"},\"inLanguage\":\"it-IT\",\"potentialAction\":[{\"@type\":\"ReadAction\",\"target\":[\"https:\\\/\\\/www.pigrecoemme.com\\\/blog\\\/adieu-au-langage\\\/\"]}]},{\"@type\":\"ImageObject\",\"inLanguage\":\"it-IT\",\"@id\":\"https:\\\/\\\/www.pigrecoemme.com\\\/blog\\\/adieu-au-langage\\\/#primaryimage\",\"url\":\"http:\\\/\\\/www.pigrecoemme.com\\\/blog\\\/wp-content\\\/uploads\\\/2015\\\/11\\\/godard.jpg\",\"contentUrl\":\"http:\\\/\\\/www.pigrecoemme.com\\\/blog\\\/wp-content\\\/uploads\\\/2015\\\/11\\\/godard.jpg\"},{\"@type\":\"BreadcrumbList\",\"@id\":\"https:\\\/\\\/www.pigrecoemme.com\\\/blog\\\/adieu-au-langage\\\/#breadcrumb\",\"itemListElement\":[{\"@type\":\"ListItem\",\"position\":1,\"name\":\"Home\",\"item\":\"https:\\\/\\\/www.pigrecoemme.com\\\/blog\\\/\"},{\"@type\":\"ListItem\",\"position\":2,\"name\":\"All&#8217;Institut fran\u00e7ais di Napoli, Adieu au langage di Jean-Luc Godard\"}]},{\"@type\":\"WebSite\",\"@id\":\"https:\\\/\\\/www.pigrecoemme.com\\\/blog\\\/#website\",\"url\":\"https:\\\/\\\/www.pigrecoemme.com\\\/blog\\\/\",\"name\":\"Scuola di Cinema Pigrecoemme - Blog\",\"description\":\"Siamo la prima Scuola di Cinema e Fotografia di Napoli\",\"publisher\":{\"@id\":\"https:\\\/\\\/www.pigrecoemme.com\\\/blog\\\/#organization\"},\"potentialAction\":[{\"@type\":\"SearchAction\",\"target\":{\"@type\":\"EntryPoint\",\"urlTemplate\":\"https:\\\/\\\/www.pigrecoemme.com\\\/blog\\\/?s={search_term_string}\"},\"query-input\":{\"@type\":\"PropertyValueSpecification\",\"valueRequired\":true,\"valueName\":\"search_term_string\"}}],\"inLanguage\":\"it-IT\"},{\"@type\":\"Organization\",\"@id\":\"https:\\\/\\\/www.pigrecoemme.com\\\/blog\\\/#organization\",\"name\":\"Scuola di cinema e fotografia Pigrecoemme\",\"url\":\"https:\\\/\\\/www.pigrecoemme.com\\\/blog\\\/\",\"logo\":{\"@type\":\"ImageObject\",\"inLanguage\":\"it-IT\",\"@id\":\"https:\\\/\\\/www.pigrecoemme.com\\\/blog\\\/#\\\/schema\\\/logo\\\/image\\\/\",\"url\":\"https:\\\/\\\/i0.wp.com\\\/www.pigrecoemme.com\\\/blog\\\/wp-content\\\/uploads\\\/2018\\\/06\\\/logo-pigrecoemme-2018.png?fit=500%2C500&ssl=1\",\"contentUrl\":\"https:\\\/\\\/i0.wp.com\\\/www.pigrecoemme.com\\\/blog\\\/wp-content\\\/uploads\\\/2018\\\/06\\\/logo-pigrecoemme-2018.png?fit=500%2C500&ssl=1\",\"width\":500,\"height\":500,\"caption\":\"Scuola di cinema e fotografia Pigrecoemme\"},\"image\":{\"@id\":\"https:\\\/\\\/www.pigrecoemme.com\\\/blog\\\/#\\\/schema\\\/logo\\\/image\\\/\"},\"sameAs\":[\"https:\\\/\\\/www.facebook.com\\\/pigrecoemme\",\"https:\\\/\\\/x.com\\\/Pigrecoemme\",\"https:\\\/\\\/www.instagram.com\\\/pigrecoemme\\\/\",\"https:\\\/\\\/www.linkedin.com\\\/company\\\/pigrecoemme\\\/\",\"https:\\\/\\\/www.youtube.com\\\/pigrecoemme\"]},{\"@type\":\"Person\",\"@id\":\"https:\\\/\\\/www.pigrecoemme.com\\\/blog\\\/#\\\/schema\\\/person\\\/8996ab5bfa68cec611b330ae4a389d44\",\"name\":\"Pigrecoemme\",\"image\":{\"@type\":\"ImageObject\",\"inLanguage\":\"it-IT\",\"@id\":\"https:\\\/\\\/secure.gravatar.com\\\/avatar\\\/541a562fed7df6fa49262cb93f0f1135b8432ec77a1bc64fdb808f64f2a8287d?s=96&r=g\",\"url\":\"https:\\\/\\\/secure.gravatar.com\\\/avatar\\\/541a562fed7df6fa49262cb93f0f1135b8432ec77a1bc64fdb808f64f2a8287d?s=96&r=g\",\"contentUrl\":\"https:\\\/\\\/secure.gravatar.com\\\/avatar\\\/541a562fed7df6fa49262cb93f0f1135b8432ec77a1bc64fdb808f64f2a8287d?s=96&r=g\",\"caption\":\"Pigrecoemme\"},\"description\":\"Profilo redazionale. Pigrecoemme \u00e8 la prima scuola di cinema, televisione e fotografia di Napoli.\",\"sameAs\":[\"http:\\\/\\\/www.pigrecoemme.com\\\/\",\"https:\\\/\\\/www.facebook.com\\\/pigrecoemme\"],\"url\":\"https:\\\/\\\/www.pigrecoemme.com\\\/blog\\\/author\\\/pigrecoemme\\\/\"}]}<\/script>\n<!-- \/ Yoast SEO plugin. -->","yoast_head_json":{"title":"All'Institut fran\u00e7ais Adieu au langage di Jean-Luc Godard","description":"Nell'ambito del festival 'O Curt, gioved\u00ec 19 novembre, all'Institut fran\u00e7ais, Corrado Morra presenta Adieu au langage di Jean-Luc Godard.","robots":{"index":"index","follow":"follow","max-snippet":"max-snippet:-1","max-image-preview":"max-image-preview:large","max-video-preview":"max-video-preview:-1"},"canonical":"https:\/\/www.pigrecoemme.com\/blog\/adieu-au-langage\/","og_locale":"it_IT","og_type":"article","og_title":"All'Institut fran\u00e7ais di Napoli, Adieu au langage di Jean-Luc Godard","og_description":"Nell'ambito del festival 'O Curt, gioved\u00ec 19 novembre, all'Institut fran\u00e7ais, Corrado Morra presenta Adieu au langage di Jean-Luc Godard.","og_url":"https:\/\/www.pigrecoemme.com\/blog\/adieu-au-langage\/","og_site_name":"Scuola di Cinema Pigrecoemme - Blog","article_publisher":"https:\/\/www.facebook.com\/pigrecoemme","article_author":"https:\/\/www.facebook.com\/pigrecoemme","article_published_time":"2015-11-18T10:30:14+00:00","article_modified_time":"2015-11-18T11:18:56+00:00","og_image":[{"url":"http:\/\/www.pigrecoemme.com\/blog\/wp-content\/uploads\/2015\/11\/godard.jpg","type":"","width":"","height":""}],"author":"Pigrecoemme","twitter_card":"summary_large_image","twitter_creator":"@Pigrecoemme","twitter_site":"@Pigrecoemme","twitter_misc":{"Scritto da":"Pigrecoemme","Tempo di lettura stimato":"5 minuti"},"schema":{"@context":"https:\/\/schema.org","@graph":[{"@type":["Article","BlogPosting"],"@id":"https:\/\/www.pigrecoemme.com\/blog\/adieu-au-langage\/#article","isPartOf":{"@id":"https:\/\/www.pigrecoemme.com\/blog\/adieu-au-langage\/"},"author":{"name":"Pigrecoemme","@id":"https:\/\/www.pigrecoemme.com\/blog\/#\/schema\/person\/8996ab5bfa68cec611b330ae4a389d44"},"headline":"All&#8217;Institut fran\u00e7ais di Napoli, Adieu au langage di Jean-Luc Godard","datePublished":"2015-11-18T10:30:14+00:00","dateModified":"2015-11-18T11:18:56+00:00","mainEntityOfPage":{"@id":"https:\/\/www.pigrecoemme.com\/blog\/adieu-au-langage\/"},"wordCount":1060,"commentCount":0,"publisher":{"@id":"https:\/\/www.pigrecoemme.com\/blog\/#organization"},"image":{"@id":"https:\/\/www.pigrecoemme.com\/blog\/adieu-au-langage\/#primaryimage"},"thumbnailUrl":"http:\/\/www.pigrecoemme.com\/blog\/wp-content\/uploads\/2015\/11\/godard.jpg","keywords":["'o curt","Adieu au langage","Corrado Morra","corsi di sceneggiatura","festival","Institut fran\u00e7ais di Napoli","Jean-Luc Godard"],"articleSection":["Eventi","Generale"],"inLanguage":"it-IT","potentialAction":[{"@type":"CommentAction","name":"Comment","target":["https:\/\/www.pigrecoemme.com\/blog\/adieu-au-langage\/#respond"]}]},{"@type":"WebPage","@id":"https:\/\/www.pigrecoemme.com\/blog\/adieu-au-langage\/","url":"https:\/\/www.pigrecoemme.com\/blog\/adieu-au-langage\/","name":"All'Institut fran\u00e7ais Adieu au langage di Jean-Luc Godard","isPartOf":{"@id":"https:\/\/www.pigrecoemme.com\/blog\/#website"},"primaryImageOfPage":{"@id":"https:\/\/www.pigrecoemme.com\/blog\/adieu-au-langage\/#primaryimage"},"image":{"@id":"https:\/\/www.pigrecoemme.com\/blog\/adieu-au-langage\/#primaryimage"},"thumbnailUrl":"http:\/\/www.pigrecoemme.com\/blog\/wp-content\/uploads\/2015\/11\/godard.jpg","datePublished":"2015-11-18T10:30:14+00:00","dateModified":"2015-11-18T11:18:56+00:00","description":"Nell'ambito del festival 'O Curt, gioved\u00ec 19 novembre, all'Institut fran\u00e7ais, Corrado Morra presenta Adieu au langage di Jean-Luc Godard.","breadcrumb":{"@id":"https:\/\/www.pigrecoemme.com\/blog\/adieu-au-langage\/#breadcrumb"},"inLanguage":"it-IT","potentialAction":[{"@type":"ReadAction","target":["https:\/\/www.pigrecoemme.com\/blog\/adieu-au-langage\/"]}]},{"@type":"ImageObject","inLanguage":"it-IT","@id":"https:\/\/www.pigrecoemme.com\/blog\/adieu-au-langage\/#primaryimage","url":"http:\/\/www.pigrecoemme.com\/blog\/wp-content\/uploads\/2015\/11\/godard.jpg","contentUrl":"http:\/\/www.pigrecoemme.com\/blog\/wp-content\/uploads\/2015\/11\/godard.jpg"},{"@type":"BreadcrumbList","@id":"https:\/\/www.pigrecoemme.com\/blog\/adieu-au-langage\/#breadcrumb","itemListElement":[{"@type":"ListItem","position":1,"name":"Home","item":"https:\/\/www.pigrecoemme.com\/blog\/"},{"@type":"ListItem","position":2,"name":"All&#8217;Institut fran\u00e7ais di Napoli, Adieu au langage di Jean-Luc Godard"}]},{"@type":"WebSite","@id":"https:\/\/www.pigrecoemme.com\/blog\/#website","url":"https:\/\/www.pigrecoemme.com\/blog\/","name":"Scuola di Cinema Pigrecoemme - Blog","description":"Siamo la prima Scuola di Cinema e Fotografia di Napoli","publisher":{"@id":"https:\/\/www.pigrecoemme.com\/blog\/#organization"},"potentialAction":[{"@type":"SearchAction","target":{"@type":"EntryPoint","urlTemplate":"https:\/\/www.pigrecoemme.com\/blog\/?s={search_term_string}"},"query-input":{"@type":"PropertyValueSpecification","valueRequired":true,"valueName":"search_term_string"}}],"inLanguage":"it-IT"},{"@type":"Organization","@id":"https:\/\/www.pigrecoemme.com\/blog\/#organization","name":"Scuola di cinema e fotografia Pigrecoemme","url":"https:\/\/www.pigrecoemme.com\/blog\/","logo":{"@type":"ImageObject","inLanguage":"it-IT","@id":"https:\/\/www.pigrecoemme.com\/blog\/#\/schema\/logo\/image\/","url":"https:\/\/i0.wp.com\/www.pigrecoemme.com\/blog\/wp-content\/uploads\/2018\/06\/logo-pigrecoemme-2018.png?fit=500%2C500&ssl=1","contentUrl":"https:\/\/i0.wp.com\/www.pigrecoemme.com\/blog\/wp-content\/uploads\/2018\/06\/logo-pigrecoemme-2018.png?fit=500%2C500&ssl=1","width":500,"height":500,"caption":"Scuola di cinema e fotografia Pigrecoemme"},"image":{"@id":"https:\/\/www.pigrecoemme.com\/blog\/#\/schema\/logo\/image\/"},"sameAs":["https:\/\/www.facebook.com\/pigrecoemme","https:\/\/x.com\/Pigrecoemme","https:\/\/www.instagram.com\/pigrecoemme\/","https:\/\/www.linkedin.com\/company\/pigrecoemme\/","https:\/\/www.youtube.com\/pigrecoemme"]},{"@type":"Person","@id":"https:\/\/www.pigrecoemme.com\/blog\/#\/schema\/person\/8996ab5bfa68cec611b330ae4a389d44","name":"Pigrecoemme","image":{"@type":"ImageObject","inLanguage":"it-IT","@id":"https:\/\/secure.gravatar.com\/avatar\/541a562fed7df6fa49262cb93f0f1135b8432ec77a1bc64fdb808f64f2a8287d?s=96&r=g","url":"https:\/\/secure.gravatar.com\/avatar\/541a562fed7df6fa49262cb93f0f1135b8432ec77a1bc64fdb808f64f2a8287d?s=96&r=g","contentUrl":"https:\/\/secure.gravatar.com\/avatar\/541a562fed7df6fa49262cb93f0f1135b8432ec77a1bc64fdb808f64f2a8287d?s=96&r=g","caption":"Pigrecoemme"},"description":"Profilo redazionale. Pigrecoemme \u00e8 la prima scuola di cinema, televisione e fotografia di Napoli.","sameAs":["http:\/\/www.pigrecoemme.com\/","https:\/\/www.facebook.com\/pigrecoemme"],"url":"https:\/\/www.pigrecoemme.com\/blog\/author\/pigrecoemme\/"}]}},"jetpack_sharing_enabled":true,"jetpack_likes_enabled":true,"jetpack-related-posts":[{"id":127,"url":"https:\/\/www.pigrecoemme.com\/blog\/un-passo-indetro-in-concorso-al-festival-o-curt\/","url_meta":{"origin":1542,"position":0},"title":"Un passo indetro in concorso al festival &#8216;O Curt","author":"Corrado Morra","date":"11 Febbraio 2009","format":false,"excerpt":"Un passo indietro, il cortometraggio realizzato dagli allievi dell'ultimo corso annuale della Scuola di cinema Pigrecoemme, \u00e8 in concorso all'XI edizione del festival del cortometraggio 'O Curt. Il film, diretto da Marco Pugliese, \u00e8 cos\u00ec tra i 27 titoli selezionati tra le oltre trecento opere brevi, provenienti dall\u2019Italia e dall\u2019estero,\u2026","rel":"","context":"In &quot;Eventi&quot;","block_context":{"text":"Eventi","link":"https:\/\/www.pigrecoemme.com\/blog\/eventi\/"},"img":{"alt_text":"","src":"https:\/\/i0.wp.com\/www.pigrecoemme.com\/blog\/wp-content\/uploads\/2009\/02\/un_passo_indietro.jpg?resize=350%2C200","width":350,"height":200},"classes":[]},{"id":572,"url":"https:\/\/www.pigrecoemme.com\/blog\/allinstitut-francais-una-master-class-sul-cinema-horror-a-cura-di-gabriele-albanesi-ad-ingresso-gratuito\/","url_meta":{"origin":1542,"position":1},"title":"All&#8217;Institut Fran\u00e7ais, una Master Class sul cinema horror, a cura di Gabriele Albanesi, ad ingresso gratuito","author":"Corrado Morra","date":"30 Ottobre 2012","format":false,"excerpt":"Nell\u2019ambito della terza edizione della rassegna sul Cinema fantastico, organizzata dall\u2019Institut Fran\u00e7ais di Napoli, in collaborazione con il Goethe Institut, l\u2019Instituto Cervantes e la Stella Film, Pigrecoemme organizza una Master Class, a cura di Gabriele Albanesi, sulla regia e la produzione di cinema horror. Albanesi, uno dei principali esponenti del\u2026","rel":"","context":"In &quot;Eventi&quot;","block_context":{"text":"Eventi","link":"https:\/\/www.pigrecoemme.com\/blog\/eventi\/"},"img":{"alt_text":"","src":"https:\/\/i0.wp.com\/www.pigrecoemme.com\/blog\/wp-content\/uploads\/2012\/10\/master-class-211x300.jpg?resize=350%2C200","width":350,"height":200},"classes":[]},{"id":658,"url":"https:\/\/www.pigrecoemme.com\/blog\/insegne-in-francese-mostra\/","url_meta":{"origin":1542,"position":2},"title":"Insegne in Francese. Dal 24 maggio 2013, all&#8217;Institut Fran\u00e7ais, la mostra con i vincitori del concorso","author":"Giacomo Fabbrocino","date":"23 Maggio 2013","format":false,"excerpt":"Il\u00a024 maggio, all\u2019Institut fran\u00e7ais di Napoli, alle ore 18,00, sar\u00e0 inaugurata la mostra \u201cInsegne in francese a Napoli \/ Enseignes en fran\u00e7ais \u00e0 Naples\u201d. Trenta le fotografie esposte, finaliste dell'omonimo concorso fotografico che l'Istituto di cultura francese di Via Crispi ha organizzato, in collaborazione con la Scuola di cinema e\u2026","rel":"","context":"In &quot;Eventi&quot;","block_context":{"text":"Eventi","link":"https:\/\/www.pigrecoemme.com\/blog\/eventi\/"},"img":{"alt_text":"concorso-fotografico-insegne-francesi","src":"https:\/\/i0.wp.com\/www.pigrecoemme.com\/blog\/wp-content\/uploads\/2013\/03\/concorso-fotografico-insegne-francesi.png?resize=350%2C200","width":350,"height":200,"srcset":"https:\/\/i0.wp.com\/www.pigrecoemme.com\/blog\/wp-content\/uploads\/2013\/03\/concorso-fotografico-insegne-francesi.png?resize=350%2C200 1x, https:\/\/i0.wp.com\/www.pigrecoemme.com\/blog\/wp-content\/uploads\/2013\/03\/concorso-fotografico-insegne-francesi.png?resize=525%2C300 1.5x, https:\/\/i0.wp.com\/www.pigrecoemme.com\/blog\/wp-content\/uploads\/2013\/03\/concorso-fotografico-insegne-francesi.png?resize=700%2C400 2x"},"classes":[]},{"id":644,"url":"https:\/\/www.pigrecoemme.com\/blog\/finalisti-concorso-insegne-francesi\/","url_meta":{"origin":1542,"position":3},"title":"Concorso Les enseignes en fran\u00e7ais \u00e0 Naples: ecco i finalisti","author":"Corrado Morra","date":"23 Aprile 2013","format":false,"excerpt":"Presieduta dal Maestro Mimmo Jodice e da Pascale Giffard, direttrice della produzione delle mostre delle \u201cRencontres d\u2019Arles\u201d, la giuria del concorso fotografico \"Les enseignes fran\u00e7aise \u00e0 Naples\", organizzato dall'Institut fran\u00e7ais con Pigrecoemme, si \u00e8 riunita ieri per decidere le trenta foto finali,\u00a0 che faranno parte della mostra che sar\u00e0 inaugurata\u2026","rel":"","context":"In &quot;Eventi&quot;","block_context":{"text":"Eventi","link":"https:\/\/www.pigrecoemme.com\/blog\/eventi\/"},"img":{"alt_text":"","src":"https:\/\/i0.wp.com\/www.pigrecoemme.com\/blog\/wp-content\/uploads\/2013\/04\/finalisti-insegne.jpg?resize=350%2C200","width":350,"height":200},"classes":[]},{"id":615,"url":"https:\/\/www.pigrecoemme.com\/blog\/vinci-una-settimana-al-festival-di-arles-con-il-concorso-fotografico-insegne-in-francese-a-napoli\/","url_meta":{"origin":1542,"position":4},"title":"Vinci una settimana al Festival di Arles con il concorso fotografico &#8220;Insegne in Francese a Napoli&#8221;","author":"Corrado Morra","date":"18 Marzo 2013","format":false,"excerpt":"Continua la collaborazione tra l\u2019Institut fran\u00e7ais di Napoli e Pigrecoemme e, dopo l'ormai consolidata rassegna sul cinema fantastico, \u00e8 la volta ora della Fotografia, con un curioso concorso sulla presenza delle insegne commerciali in francese a Napoli. Il primo classificato vincer\u00e0 una settimana al Festival di Arles in Francia, l\u2019evento\u2026","rel":"","context":"In &quot;Fotografia&quot;","block_context":{"text":"Fotografia","link":"https:\/\/www.pigrecoemme.com\/blog\/fotografia\/"},"img":{"alt_text":"","src":"https:\/\/i0.wp.com\/www.pigrecoemme.com\/blog\/wp-content\/uploads\/2013\/03\/concorso-fotografico-insegne-francesi.png?resize=350%2C200","width":350,"height":200},"classes":[]},{"id":1434,"url":"https:\/\/www.pigrecoemme.com\/blog\/bergman\/","url_meta":{"origin":1542,"position":5},"title":"Un corso gratuito sul cinema di Bergman","author":"Corrado Morra","date":"24 Luglio 2015","format":false,"excerpt":"Parte luned\u00ec 14 settembre 2015, un percorso di studi, dedicato\u00a0a\u00a0Ingmar Bergman, dal titolo Il cinema dell'istante. Organizzato da Pigrecoemme in collaborazione con la FICC - Federazione italiana dei circoli del cinema, il corso \u00e8 completamente gratuito e prevede otto lezioni, a cura di Vincenzo Esposito, tra i maggiori esperti di\u2026","rel":"","context":"In &quot;Analisi e Critica&quot;","block_context":{"text":"Analisi e Critica","link":"https:\/\/www.pigrecoemme.com\/blog\/analisi-e-critica-2\/"},"img":{"alt_text":"bergman","src":"https:\/\/i0.wp.com\/www.pigrecoemme.com\/blog\/wp-content\/uploads\/2015\/07\/bergman.jpg?resize=350%2C200","width":350,"height":200},"classes":[]}],"jetpack_featured_media_url":"","_links":{"self":[{"href":"https:\/\/www.pigrecoemme.com\/blog\/wp-json\/wp\/v2\/posts\/1542","targetHints":{"allow":["GET"]}}],"collection":[{"href":"https:\/\/www.pigrecoemme.com\/blog\/wp-json\/wp\/v2\/posts"}],"about":[{"href":"https:\/\/www.pigrecoemme.com\/blog\/wp-json\/wp\/v2\/types\/post"}],"author":[{"embeddable":true,"href":"https:\/\/www.pigrecoemme.com\/blog\/wp-json\/wp\/v2\/users\/4"}],"replies":[{"embeddable":true,"href":"https:\/\/www.pigrecoemme.com\/blog\/wp-json\/wp\/v2\/comments?post=1542"}],"version-history":[{"count":0,"href":"https:\/\/www.pigrecoemme.com\/blog\/wp-json\/wp\/v2\/posts\/1542\/revisions"}],"wp:attachment":[{"href":"https:\/\/www.pigrecoemme.com\/blog\/wp-json\/wp\/v2\/media?parent=1542"}],"wp:term":[{"taxonomy":"category","embeddable":true,"href":"https:\/\/www.pigrecoemme.com\/blog\/wp-json\/wp\/v2\/categories?post=1542"},{"taxonomy":"post_tag","embeddable":true,"href":"https:\/\/www.pigrecoemme.com\/blog\/wp-json\/wp\/v2\/tags?post=1542"}],"curies":[{"name":"wp","href":"https:\/\/api.w.org\/{rel}","templated":true}]}}