{"id":151,"date":"2009-05-21T13:07:07","date_gmt":"2009-05-21T11:07:07","guid":{"rendered":"http:\/\/www.pigrecoemme.com\/blog\/?p=151"},"modified":"2009-05-21T13:07:07","modified_gmt":"2009-05-21T11:07:07","slug":"napoli-teatro-festival-italia-2009-vantaggi-per-gli-allievi-di-pigrecoemme","status":"publish","type":"post","link":"https:\/\/www.pigrecoemme.com\/blog\/napoli-teatro-festival-italia-2009-vantaggi-per-gli-allievi-di-pigrecoemme\/","title":{"rendered":"Napoli Teatro Festival Italia 2009 &#8211; Vantaggi per gli allievi di Pigrecoemme"},"content":{"rendered":"<p><img data-recalc-dims=\"1\" loading=\"lazy\" decoding=\"async\" class=\"alignleft size-full wp-image-152\" title=\"card178x116\" src=\"https:\/\/i0.wp.com\/www.pigrecoemme.com\/blog\/wp-content\/uploads\/2009\/05\/card178x116.gif?resize=178%2C116&#038;ssl=1\" alt=\"\" width=\"178\" height=\"116\" \/>la II edizione del <strong>Napoli Teatro Festival Italia<\/strong> si terr\u00e0 dal <strong>4 al 28 giugno 2009 e<\/strong> presenter\u00e0 collaborazioni e coproduzioni internazionali, nuove creazioni, testi originali commissionati ad autori italiani e stranieri.<\/p>\n<p>Il <strong>Napoli Teatro Festival Italia<\/strong> ha progettato e produce direttamente pi\u00f9 di 20 nuove creazioni internazionali, in cui artisti italiani lavoreranno insieme ad artisti di altri paesi, costituendo compagnie partecipate da teatri e festival di tutto il mondo. <strong>40 <\/strong>spettacoli in programma, <strong>28<\/strong> testi originali, oltre <strong>250 <\/strong>le rappresentazioni previste in <strong>33 <\/strong>diversi spazi (teatri, palazzi e luoghi storici della citt\u00e0). Sulle scene si parleranno 12 lingue, 2500 saranno gli artisti protagonisti tra cui <strong>Karole Armitage, Andy Arnold, Giorgio Barberio Corsetti, Matthew Lenton, David Lescot, Chay Yew, Rodrigo Pardo, Muta Imago, Christoph Marthaler, Gustavo Tambascio e Nidal Al Achkar. <\/strong><\/p>\n<p>Anche quest\u2019anno, durante il periodo del Festival, si svolgeranno attivit\u00e0 didattico-formative oltre che produttive comprendenti laboratori e workshop teatrali (con Vargas, Nidal Al Achkar e Lukas Hemleb) oltre a incontri e testimonianze con i protagonisti dell\u2019edizione 2009 (gi\u00e0 inaugurati all\u2019Universit\u00e0 Federico II con Manlio Santanelli il 31 marzo, con Giorgio Barberio Corsetti il 20 aprile e con l\u2019attore, musicista e compositore David Lescot il 21 maggio).<\/p>\n<p>La <strong>novit\u00e0<\/strong> di quest\u2019anno \u00e8 una rassegna \u201cparallela\u201d, sull\u2019esempio del fringe di Edimburgo, che presenter\u00e0 produzioni e compagnie meritevoli d\u2019attenzione seppur non inserite nella programmazione ufficiale del Festival che presenteranno 14 spettacoli in 4 teatri cittadini.<\/p>\n<p style=\"text-align: center;\"><object classid=\"clsid:d27cdb6e-ae6d-11cf-96b8-444553540000\" width=\"425\" height=\"344\" codebase=\"http:\/\/download.macromedia.com\/pub\/shockwave\/cabs\/flash\/swflash.cab#version=6,0,40,0\"><param name=\"allowFullScreen\" value=\"true\" \/><param name=\"allowscriptaccess\" value=\"always\" \/><param name=\"src\" value=\"http:\/\/www.youtube-nocookie.com\/v\/1vBl_dN2rOs&amp;hl=it&amp;fs=1&amp;color1=0xe1600f&amp;color2=0xfebd01\" \/><\/object><\/p>\n<p>Da quest\u2019anno, inoltre, il festival mette\u00a0 a disposizione uno strumento nuovo e gratuito, le <strong>MyCARD<\/strong>, pensate non solo per offrire condizioni vantaggiose per l\u2019acquisto di biglietti degli spettacoli dell\u2019edizione 2009, ma anche per riservare, ai loro titolari, numerose agevolazioni con negozi, librerie, mostre, festival e teatri di tutta Italia. L&#8217;elenco di tutti i vantaggi offerti dalla MyCARD \u00e8 a <a href=\"http:\/\/www.myteatrofestival.eu\/card.php\" target=\"_blank\">questa pagina web<\/a>.<\/p>\n<p><strong>Gli iscritti alla Scuola di cinema Pigrecoemme possono richiedere la MyCARD professionale.<\/strong><\/p>\n<p>Se visitate il sito <a href=\"http:\/\/www.napoliteatrofestival.it\" target=\"_blank\">www.napoliteatrofestival.it<\/a> o quello promozionale<a href=\"http:\/\/www.myteatrofestival.eu\" target=\"_blank\"> www.myteatrofestival.eu<\/a> potete scegliere tra le 5 tipologie quella pi\u00f9 adatta a voi:<\/p>\n<p>\u00b7\u00a0\u00a0\u00a0\u00a0\u00a0\u00a0\u00a0\u00a0 MyCARD generica<br \/>\n\u00b7\u00a0\u00a0\u00a0\u00a0\u00a0\u00a0\u00a0\u00a0 MyCARD associazioni<br \/>\n\u00b7\u00a0\u00a0\u00a0\u00a0\u00a0\u00a0\u00a0\u00a0 MyCARD universit\u00e0<br \/>\n\u00b7\u00a0\u00a0\u00a0\u00a0\u00a0\u00a0\u00a0\u00a0 MyCARD scuola<br \/>\n\u00b7\u00a0\u00a0\u00a0\u00a0\u00a0\u00a0\u00a0\u00a0 MyCARD professionale (riservata a chi opera nell\u2019ambito dello spettacolo)\n<\/p>\n<p style=\"text-align: center;\"><a style=\"margin: 12px auto 6px auto; font-family: Helvetica,Arial,Sans-serif; font-style: normal; font-variant: normal; font-weight: normal; font-size: 14px; line-height: normal; font-size-adjust: none; font-stretch: normal; -x-system-font: none; display: block; text-decoration: underline;\" title=\"View Napoli Teatro Festival Italia - Programma 2009 on Scribd\" href=\"http:\/\/www.scribd.com\/doc\/15684735\/Napoli-Teatro-Festival-Italia-Programma-2009\">Napoli Teatro Festival Italia &#8211; Programma 2009<\/a> <object classid=\"clsid:d27cdb6e-ae6d-11cf-96b8-444553540000\" width=\"450\" height=\"250\" codebase=\"http:\/\/download.macromedia.com\/pub\/shockwave\/cabs\/flash\/swflash.cab#version=6,0,40,0\"><param name=\"id\" value=\"doc_982028524185434\" \/><param name=\"name\" value=\"doc_982028524185434\" \/><param name=\"align\" value=\"middle\" \/><param name=\"quality\" value=\"high\" \/><param name=\"play\" value=\"true\" \/><param name=\"loop\" value=\"true\" \/><param name=\"scale\" value=\"showall\" \/><param name=\"wmode\" value=\"opaque\" \/><param name=\"devicefont\" value=\"false\" \/><param name=\"bgcolor\" value=\"#ffffff\" \/><param name=\"menu\" value=\"true\" \/><param name=\"allowFullScreen\" value=\"true\" \/><param name=\"allowScriptAccess\" value=\"always\" \/><param name=\"salign\" \/><param name=\"mode\" value=\"list\" \/><param name=\"src\" value=\"http:\/\/d.scribd.com\/ScribdViewer.swf?document_id=15684735&amp;access_key=key-1rx5rnxtvh0zr9ww0y7b&amp;page=1&amp;version=1&amp;viewMode=list\" \/><\/object><\/p>\n","protected":false},"excerpt":{"rendered":"<p>la II edizione del Napoli Teatro Festival Italia si terr\u00e0 dal 4 al 28 giugno 2009 e presenter\u00e0 collaborazioni e coproduzioni internazionali, nuove creazioni, testi originali commissionati ad autori italiani e stranieri. Il Napoli&hellip;<\/p>\n","protected":false},"author":1,"featured_media":0,"comment_status":"open","ping_status":"open","sticky":false,"template":"","format":"standard","meta":{"_jetpack_newsletter_access":"","_jetpack_dont_email_post_to_subs":false,"_jetpack_newsletter_tier_id":0,"_jetpack_memberships_contains_paywalled_content":false,"_jetpack_feature_clip_id":0,"_jetpack_memberships_contains_paid_content":false,"footnotes":"","jetpack_post_was_ever_published":false},"categories":[1],"tags":[329,333,336,332,330,337,328,331,335,325,326,327,324,334,66],"class_list":["post-151","post","type-post","status-publish","format-standard","hentry","category-generale","tag-andy-arnold","tag-chay-yew","tag-christoph-marthaler","tag-david-lescot","tag-giorgio-barberio-corsetti","tag-gustavo-tambascio-e-nidal-al-achkar","tag-karole-armitage","tag-matthew-lenton","tag-muta-imago","tag-mycard","tag-napoli-napoli-teatro-festival","tag-napoli-teatro-festival-italia","tag-napoli-teatro-festival-italia-2009","tag-rodrigo-pardo","tag-teatro"],"yoast_head":"<!-- This site is optimized with the Yoast SEO plugin v28.3 - https:\/\/yoast.com\/product\/yoast-seo-wordpress\/ -->\n<title>Napoli Teatro Festival Italia 2009 - Vantaggi per gli allievi di Pigrecoemme<\/title>\n<meta name=\"robots\" content=\"index, follow, max-snippet:-1, max-image-preview:large, max-video-preview:-1\" \/>\n<link rel=\"canonical\" href=\"https:\/\/www.pigrecoemme.com\/blog\/napoli-teatro-festival-italia-2009-vantaggi-per-gli-allievi-di-pigrecoemme\/\" \/>\n<meta property=\"og:locale\" content=\"it_IT\" \/>\n<meta property=\"og:type\" content=\"article\" \/>\n<meta property=\"og:title\" content=\"Napoli Teatro Festival Italia 2009 - Vantaggi per gli allievi di Pigrecoemme\" \/>\n<meta property=\"og:description\" content=\"la II edizione del Napoli Teatro Festival Italia si terr\u00e0 dal 4 al 28 giugno 2009 e presenter\u00e0 collaborazioni e coproduzioni internazionali, nuove creazioni, testi originali commissionati ad autori italiani e stranieri. Il Napoli&hellip;\" \/>\n<meta property=\"og:url\" content=\"https:\/\/www.pigrecoemme.com\/blog\/napoli-teatro-festival-italia-2009-vantaggi-per-gli-allievi-di-pigrecoemme\/\" \/>\n<meta property=\"og:site_name\" content=\"Scuola di Cinema Pigrecoemme - Blog\" \/>\n<meta property=\"article:publisher\" content=\"https:\/\/www.facebook.com\/pigrecoemme\" \/>\n<meta property=\"article:author\" content=\"https:\/\/www.facebook.com\/giacomo.fabbrocino\" \/>\n<meta property=\"article:published_time\" content=\"2009-05-21T11:07:07+00:00\" \/>\n<meta property=\"og:image\" content=\"http:\/\/www.pigrecoemme.com\/blog\/wp-content\/uploads\/2009\/05\/card178x116.gif\" \/>\n<meta name=\"author\" content=\"Giacomo Fabbrocino\" \/>\n<meta name=\"twitter:card\" content=\"summary_large_image\" \/>\n<meta name=\"twitter:creator\" content=\"@Pigrecoemme\" \/>\n<meta name=\"twitter:site\" content=\"@Pigrecoemme\" \/>\n<meta name=\"twitter:label1\" content=\"Scritto da\" \/>\n\t<meta name=\"twitter:data1\" content=\"Giacomo Fabbrocino\" \/>\n\t<meta name=\"twitter:label2\" content=\"Tempo di lettura stimato\" \/>\n\t<meta name=\"twitter:data2\" content=\"2 minuti\" \/>\n<script type=\"application\/ld+json\" class=\"yoast-schema-graph\">{\"@context\":\"https:\\\/\\\/schema.org\",\"@graph\":[{\"@type\":[\"Article\",\"BlogPosting\"],\"@id\":\"https:\\\/\\\/www.pigrecoemme.com\\\/blog\\\/napoli-teatro-festival-italia-2009-vantaggi-per-gli-allievi-di-pigrecoemme\\\/#article\",\"isPartOf\":{\"@id\":\"https:\\\/\\\/www.pigrecoemme.com\\\/blog\\\/napoli-teatro-festival-italia-2009-vantaggi-per-gli-allievi-di-pigrecoemme\\\/\"},\"author\":{\"name\":\"Giacomo Fabbrocino\",\"@id\":\"https:\\\/\\\/www.pigrecoemme.com\\\/blog\\\/#\\\/schema\\\/person\\\/57fa822c3d209d3a2612fd0411ae63f4\"},\"headline\":\"Napoli Teatro Festival Italia 2009 &#8211; Vantaggi per gli allievi di Pigrecoemme\",\"datePublished\":\"2009-05-21T11:07:07+00:00\",\"mainEntityOfPage\":{\"@id\":\"https:\\\/\\\/www.pigrecoemme.com\\\/blog\\\/napoli-teatro-festival-italia-2009-vantaggi-per-gli-allievi-di-pigrecoemme\\\/\"},\"wordCount\":357,\"commentCount\":0,\"publisher\":{\"@id\":\"https:\\\/\\\/www.pigrecoemme.com\\\/blog\\\/#organization\"},\"image\":{\"@id\":\"https:\\\/\\\/www.pigrecoemme.com\\\/blog\\\/napoli-teatro-festival-italia-2009-vantaggi-per-gli-allievi-di-pigrecoemme\\\/#primaryimage\"},\"thumbnailUrl\":\"http:\\\/\\\/www.pigrecoemme.com\\\/blog\\\/wp-content\\\/uploads\\\/2009\\\/05\\\/card178x116.gif\",\"keywords\":[\"Andy Arnold\",\"Chay Yew\",\"Christoph Marthaler\",\"David Lescot\",\"Giorgio Barberio Corsetti\",\"Gustavo Tambascio e Nidal Al Achkar\",\"Karole Armitage\",\"Matthew Lenton\",\"Muta Imago\",\"mycard\",\"napoli napoli teatro festival\",\"napoli teatro festival italia\",\"Napoli Teatro Festival Italia 2009\",\"Rodrigo Pardo\",\"teatro\"],\"articleSection\":[\"Generale\"],\"inLanguage\":\"it-IT\",\"potentialAction\":[{\"@type\":\"CommentAction\",\"name\":\"Comment\",\"target\":[\"https:\\\/\\\/www.pigrecoemme.com\\\/blog\\\/napoli-teatro-festival-italia-2009-vantaggi-per-gli-allievi-di-pigrecoemme\\\/#respond\"]}]},{\"@type\":\"WebPage\",\"@id\":\"https:\\\/\\\/www.pigrecoemme.com\\\/blog\\\/napoli-teatro-festival-italia-2009-vantaggi-per-gli-allievi-di-pigrecoemme\\\/\",\"url\":\"https:\\\/\\\/www.pigrecoemme.com\\\/blog\\\/napoli-teatro-festival-italia-2009-vantaggi-per-gli-allievi-di-pigrecoemme\\\/\",\"name\":\"Napoli Teatro Festival Italia 2009 - Vantaggi per gli allievi di Pigrecoemme\",\"isPartOf\":{\"@id\":\"https:\\\/\\\/www.pigrecoemme.com\\\/blog\\\/#website\"},\"primaryImageOfPage\":{\"@id\":\"https:\\\/\\\/www.pigrecoemme.com\\\/blog\\\/napoli-teatro-festival-italia-2009-vantaggi-per-gli-allievi-di-pigrecoemme\\\/#primaryimage\"},\"image\":{\"@id\":\"https:\\\/\\\/www.pigrecoemme.com\\\/blog\\\/napoli-teatro-festival-italia-2009-vantaggi-per-gli-allievi-di-pigrecoemme\\\/#primaryimage\"},\"thumbnailUrl\":\"http:\\\/\\\/www.pigrecoemme.com\\\/blog\\\/wp-content\\\/uploads\\\/2009\\\/05\\\/card178x116.gif\",\"datePublished\":\"2009-05-21T11:07:07+00:00\",\"breadcrumb\":{\"@id\":\"https:\\\/\\\/www.pigrecoemme.com\\\/blog\\\/napoli-teatro-festival-italia-2009-vantaggi-per-gli-allievi-di-pigrecoemme\\\/#breadcrumb\"},\"inLanguage\":\"it-IT\",\"potentialAction\":[{\"@type\":\"ReadAction\",\"target\":[\"https:\\\/\\\/www.pigrecoemme.com\\\/blog\\\/napoli-teatro-festival-italia-2009-vantaggi-per-gli-allievi-di-pigrecoemme\\\/\"]}]},{\"@type\":\"ImageObject\",\"inLanguage\":\"it-IT\",\"@id\":\"https:\\\/\\\/www.pigrecoemme.com\\\/blog\\\/napoli-teatro-festival-italia-2009-vantaggi-per-gli-allievi-di-pigrecoemme\\\/#primaryimage\",\"url\":\"http:\\\/\\\/www.pigrecoemme.com\\\/blog\\\/wp-content\\\/uploads\\\/2009\\\/05\\\/card178x116.gif\",\"contentUrl\":\"http:\\\/\\\/www.pigrecoemme.com\\\/blog\\\/wp-content\\\/uploads\\\/2009\\\/05\\\/card178x116.gif\"},{\"@type\":\"BreadcrumbList\",\"@id\":\"https:\\\/\\\/www.pigrecoemme.com\\\/blog\\\/napoli-teatro-festival-italia-2009-vantaggi-per-gli-allievi-di-pigrecoemme\\\/#breadcrumb\",\"itemListElement\":[{\"@type\":\"ListItem\",\"position\":1,\"name\":\"Home\",\"item\":\"https:\\\/\\\/www.pigrecoemme.com\\\/blog\\\/\"},{\"@type\":\"ListItem\",\"position\":2,\"name\":\"Napoli Teatro Festival Italia 2009 &#8211; Vantaggi per gli allievi di Pigrecoemme\"}]},{\"@type\":\"WebSite\",\"@id\":\"https:\\\/\\\/www.pigrecoemme.com\\\/blog\\\/#website\",\"url\":\"https:\\\/\\\/www.pigrecoemme.com\\\/blog\\\/\",\"name\":\"Scuola di Cinema Pigrecoemme - Blog\",\"description\":\"Siamo la prima Scuola di Cinema e Fotografia di Napoli\",\"publisher\":{\"@id\":\"https:\\\/\\\/www.pigrecoemme.com\\\/blog\\\/#organization\"},\"potentialAction\":[{\"@type\":\"SearchAction\",\"target\":{\"@type\":\"EntryPoint\",\"urlTemplate\":\"https:\\\/\\\/www.pigrecoemme.com\\\/blog\\\/?s={search_term_string}\"},\"query-input\":{\"@type\":\"PropertyValueSpecification\",\"valueRequired\":true,\"valueName\":\"search_term_string\"}}],\"inLanguage\":\"it-IT\"},{\"@type\":\"Organization\",\"@id\":\"https:\\\/\\\/www.pigrecoemme.com\\\/blog\\\/#organization\",\"name\":\"Scuola di cinema e fotografia Pigrecoemme\",\"url\":\"https:\\\/\\\/www.pigrecoemme.com\\\/blog\\\/\",\"logo\":{\"@type\":\"ImageObject\",\"inLanguage\":\"it-IT\",\"@id\":\"https:\\\/\\\/www.pigrecoemme.com\\\/blog\\\/#\\\/schema\\\/logo\\\/image\\\/\",\"url\":\"https:\\\/\\\/i0.wp.com\\\/www.pigrecoemme.com\\\/blog\\\/wp-content\\\/uploads\\\/2018\\\/06\\\/logo-pigrecoemme-2018.png?fit=500%2C500&ssl=1\",\"contentUrl\":\"https:\\\/\\\/i0.wp.com\\\/www.pigrecoemme.com\\\/blog\\\/wp-content\\\/uploads\\\/2018\\\/06\\\/logo-pigrecoemme-2018.png?fit=500%2C500&ssl=1\",\"width\":500,\"height\":500,\"caption\":\"Scuola di cinema e fotografia Pigrecoemme\"},\"image\":{\"@id\":\"https:\\\/\\\/www.pigrecoemme.com\\\/blog\\\/#\\\/schema\\\/logo\\\/image\\\/\"},\"sameAs\":[\"https:\\\/\\\/www.facebook.com\\\/pigrecoemme\",\"https:\\\/\\\/x.com\\\/Pigrecoemme\",\"https:\\\/\\\/www.instagram.com\\\/pigrecoemme\\\/\",\"https:\\\/\\\/www.linkedin.com\\\/company\\\/pigrecoemme\\\/\",\"https:\\\/\\\/www.youtube.com\\\/pigrecoemme\"]},{\"@type\":\"Person\",\"@id\":\"https:\\\/\\\/www.pigrecoemme.com\\\/blog\\\/#\\\/schema\\\/person\\\/57fa822c3d209d3a2612fd0411ae63f4\",\"name\":\"Giacomo Fabbrocino\",\"image\":{\"@type\":\"ImageObject\",\"inLanguage\":\"it-IT\",\"@id\":\"https:\\\/\\\/secure.gravatar.com\\\/avatar\\\/0e4dfd4d05c06a03fffaffeb36fb181415ba11b91a6b566fa2e8ada75927db32?s=96&r=g\",\"url\":\"https:\\\/\\\/secure.gravatar.com\\\/avatar\\\/0e4dfd4d05c06a03fffaffeb36fb181415ba11b91a6b566fa2e8ada75927db32?s=96&r=g\",\"contentUrl\":\"https:\\\/\\\/secure.gravatar.com\\\/avatar\\\/0e4dfd4d05c06a03fffaffeb36fb181415ba11b91a6b566fa2e8ada75927db32?s=96&r=g\",\"caption\":\"Giacomo Fabbrocino\"},\"description\":\"Montatore cinematografico, autore di documentari sull'arte e di video d'artista, Giacomo \u00e8 responsabile della didattica e della comunicazione web della Scuola di Cinema, Fotografia e Televisione Pigrecoemme di Napoli.\",\"sameAs\":[\"http:\\\/\\\/www.pigrecoemme.com\\\/\",\"https:\\\/\\\/www.facebook.com\\\/giacomo.fabbrocino\"],\"url\":\"https:\\\/\\\/www.pigrecoemme.com\\\/blog\\\/author\\\/giacomo-fabbrocino\\\/\"}]}<\/script>\n<!-- \/ Yoast SEO plugin. -->","yoast_head_json":{"title":"Napoli Teatro Festival Italia 2009 - Vantaggi per gli allievi di Pigrecoemme","robots":{"index":"index","follow":"follow","max-snippet":"max-snippet:-1","max-image-preview":"max-image-preview:large","max-video-preview":"max-video-preview:-1"},"canonical":"https:\/\/www.pigrecoemme.com\/blog\/napoli-teatro-festival-italia-2009-vantaggi-per-gli-allievi-di-pigrecoemme\/","og_locale":"it_IT","og_type":"article","og_title":"Napoli Teatro Festival Italia 2009 - Vantaggi per gli allievi di Pigrecoemme","og_description":"la II edizione del Napoli Teatro Festival Italia si terr\u00e0 dal 4 al 28 giugno 2009 e presenter\u00e0 collaborazioni e coproduzioni internazionali, nuove creazioni, testi originali commissionati ad autori italiani e stranieri. Il Napoli&hellip;","og_url":"https:\/\/www.pigrecoemme.com\/blog\/napoli-teatro-festival-italia-2009-vantaggi-per-gli-allievi-di-pigrecoemme\/","og_site_name":"Scuola di Cinema Pigrecoemme - Blog","article_publisher":"https:\/\/www.facebook.com\/pigrecoemme","article_author":"https:\/\/www.facebook.com\/giacomo.fabbrocino","article_published_time":"2009-05-21T11:07:07+00:00","og_image":[{"url":"http:\/\/www.pigrecoemme.com\/blog\/wp-content\/uploads\/2009\/05\/card178x116.gif","type":"","width":"","height":""}],"author":"Giacomo Fabbrocino","twitter_card":"summary_large_image","twitter_creator":"@Pigrecoemme","twitter_site":"@Pigrecoemme","twitter_misc":{"Scritto da":"Giacomo Fabbrocino","Tempo di lettura stimato":"2 minuti"},"schema":{"@context":"https:\/\/schema.org","@graph":[{"@type":["Article","BlogPosting"],"@id":"https:\/\/www.pigrecoemme.com\/blog\/napoli-teatro-festival-italia-2009-vantaggi-per-gli-allievi-di-pigrecoemme\/#article","isPartOf":{"@id":"https:\/\/www.pigrecoemme.com\/blog\/napoli-teatro-festival-italia-2009-vantaggi-per-gli-allievi-di-pigrecoemme\/"},"author":{"name":"Giacomo Fabbrocino","@id":"https:\/\/www.pigrecoemme.com\/blog\/#\/schema\/person\/57fa822c3d209d3a2612fd0411ae63f4"},"headline":"Napoli Teatro Festival Italia 2009 &#8211; Vantaggi per gli allievi di Pigrecoemme","datePublished":"2009-05-21T11:07:07+00:00","mainEntityOfPage":{"@id":"https:\/\/www.pigrecoemme.com\/blog\/napoli-teatro-festival-italia-2009-vantaggi-per-gli-allievi-di-pigrecoemme\/"},"wordCount":357,"commentCount":0,"publisher":{"@id":"https:\/\/www.pigrecoemme.com\/blog\/#organization"},"image":{"@id":"https:\/\/www.pigrecoemme.com\/blog\/napoli-teatro-festival-italia-2009-vantaggi-per-gli-allievi-di-pigrecoemme\/#primaryimage"},"thumbnailUrl":"http:\/\/www.pigrecoemme.com\/blog\/wp-content\/uploads\/2009\/05\/card178x116.gif","keywords":["Andy Arnold","Chay Yew","Christoph Marthaler","David Lescot","Giorgio Barberio Corsetti","Gustavo Tambascio e Nidal Al Achkar","Karole Armitage","Matthew Lenton","Muta Imago","mycard","napoli napoli teatro festival","napoli teatro festival italia","Napoli Teatro Festival Italia 2009","Rodrigo Pardo","teatro"],"articleSection":["Generale"],"inLanguage":"it-IT","potentialAction":[{"@type":"CommentAction","name":"Comment","target":["https:\/\/www.pigrecoemme.com\/blog\/napoli-teatro-festival-italia-2009-vantaggi-per-gli-allievi-di-pigrecoemme\/#respond"]}]},{"@type":"WebPage","@id":"https:\/\/www.pigrecoemme.com\/blog\/napoli-teatro-festival-italia-2009-vantaggi-per-gli-allievi-di-pigrecoemme\/","url":"https:\/\/www.pigrecoemme.com\/blog\/napoli-teatro-festival-italia-2009-vantaggi-per-gli-allievi-di-pigrecoemme\/","name":"Napoli Teatro Festival Italia 2009 - Vantaggi per gli allievi di Pigrecoemme","isPartOf":{"@id":"https:\/\/www.pigrecoemme.com\/blog\/#website"},"primaryImageOfPage":{"@id":"https:\/\/www.pigrecoemme.com\/blog\/napoli-teatro-festival-italia-2009-vantaggi-per-gli-allievi-di-pigrecoemme\/#primaryimage"},"image":{"@id":"https:\/\/www.pigrecoemme.com\/blog\/napoli-teatro-festival-italia-2009-vantaggi-per-gli-allievi-di-pigrecoemme\/#primaryimage"},"thumbnailUrl":"http:\/\/www.pigrecoemme.com\/blog\/wp-content\/uploads\/2009\/05\/card178x116.gif","datePublished":"2009-05-21T11:07:07+00:00","breadcrumb":{"@id":"https:\/\/www.pigrecoemme.com\/blog\/napoli-teatro-festival-italia-2009-vantaggi-per-gli-allievi-di-pigrecoemme\/#breadcrumb"},"inLanguage":"it-IT","potentialAction":[{"@type":"ReadAction","target":["https:\/\/www.pigrecoemme.com\/blog\/napoli-teatro-festival-italia-2009-vantaggi-per-gli-allievi-di-pigrecoemme\/"]}]},{"@type":"ImageObject","inLanguage":"it-IT","@id":"https:\/\/www.pigrecoemme.com\/blog\/napoli-teatro-festival-italia-2009-vantaggi-per-gli-allievi-di-pigrecoemme\/#primaryimage","url":"http:\/\/www.pigrecoemme.com\/blog\/wp-content\/uploads\/2009\/05\/card178x116.gif","contentUrl":"http:\/\/www.pigrecoemme.com\/blog\/wp-content\/uploads\/2009\/05\/card178x116.gif"},{"@type":"BreadcrumbList","@id":"https:\/\/www.pigrecoemme.com\/blog\/napoli-teatro-festival-italia-2009-vantaggi-per-gli-allievi-di-pigrecoemme\/#breadcrumb","itemListElement":[{"@type":"ListItem","position":1,"name":"Home","item":"https:\/\/www.pigrecoemme.com\/blog\/"},{"@type":"ListItem","position":2,"name":"Napoli Teatro Festival Italia 2009 &#8211; Vantaggi per gli allievi di Pigrecoemme"}]},{"@type":"WebSite","@id":"https:\/\/www.pigrecoemme.com\/blog\/#website","url":"https:\/\/www.pigrecoemme.com\/blog\/","name":"Scuola di Cinema Pigrecoemme - Blog","description":"Siamo la prima Scuola di Cinema e Fotografia di Napoli","publisher":{"@id":"https:\/\/www.pigrecoemme.com\/blog\/#organization"},"potentialAction":[{"@type":"SearchAction","target":{"@type":"EntryPoint","urlTemplate":"https:\/\/www.pigrecoemme.com\/blog\/?s={search_term_string}"},"query-input":{"@type":"PropertyValueSpecification","valueRequired":true,"valueName":"search_term_string"}}],"inLanguage":"it-IT"},{"@type":"Organization","@id":"https:\/\/www.pigrecoemme.com\/blog\/#organization","name":"Scuola di cinema e fotografia Pigrecoemme","url":"https:\/\/www.pigrecoemme.com\/blog\/","logo":{"@type":"ImageObject","inLanguage":"it-IT","@id":"https:\/\/www.pigrecoemme.com\/blog\/#\/schema\/logo\/image\/","url":"https:\/\/i0.wp.com\/www.pigrecoemme.com\/blog\/wp-content\/uploads\/2018\/06\/logo-pigrecoemme-2018.png?fit=500%2C500&ssl=1","contentUrl":"https:\/\/i0.wp.com\/www.pigrecoemme.com\/blog\/wp-content\/uploads\/2018\/06\/logo-pigrecoemme-2018.png?fit=500%2C500&ssl=1","width":500,"height":500,"caption":"Scuola di cinema e fotografia Pigrecoemme"},"image":{"@id":"https:\/\/www.pigrecoemme.com\/blog\/#\/schema\/logo\/image\/"},"sameAs":["https:\/\/www.facebook.com\/pigrecoemme","https:\/\/x.com\/Pigrecoemme","https:\/\/www.instagram.com\/pigrecoemme\/","https:\/\/www.linkedin.com\/company\/pigrecoemme\/","https:\/\/www.youtube.com\/pigrecoemme"]},{"@type":"Person","@id":"https:\/\/www.pigrecoemme.com\/blog\/#\/schema\/person\/57fa822c3d209d3a2612fd0411ae63f4","name":"Giacomo Fabbrocino","image":{"@type":"ImageObject","inLanguage":"it-IT","@id":"https:\/\/secure.gravatar.com\/avatar\/0e4dfd4d05c06a03fffaffeb36fb181415ba11b91a6b566fa2e8ada75927db32?s=96&r=g","url":"https:\/\/secure.gravatar.com\/avatar\/0e4dfd4d05c06a03fffaffeb36fb181415ba11b91a6b566fa2e8ada75927db32?s=96&r=g","contentUrl":"https:\/\/secure.gravatar.com\/avatar\/0e4dfd4d05c06a03fffaffeb36fb181415ba11b91a6b566fa2e8ada75927db32?s=96&r=g","caption":"Giacomo Fabbrocino"},"description":"Montatore cinematografico, autore di documentari sull'arte e di video d'artista, Giacomo \u00e8 responsabile della didattica e della comunicazione web della Scuola di Cinema, Fotografia e Televisione Pigrecoemme di Napoli.","sameAs":["http:\/\/www.pigrecoemme.com\/","https:\/\/www.facebook.com\/giacomo.fabbrocino"],"url":"https:\/\/www.pigrecoemme.com\/blog\/author\/giacomo-fabbrocino\/"}]}},"jetpack_sharing_enabled":true,"jetpack_likes_enabled":true,"jetpack-related-posts":[{"id":1837,"url":"https:\/\/www.pigrecoemme.com\/blog\/sabato-14-gennaio-incontro-fotografico-cesare-accetta\/","url_meta":{"origin":151,"position":0},"title":"Sabato 14 gennaio: incontro fotografico con Cesare Accetta","author":"Giacomo Fabbrocino","date":"5 Gennaio 2017","format":false,"excerpt":"Sabato\u00a014\u00a0gennaio 2017, dalle\u00a0ore 16:30 alle ore\u00a018:00, nell\u2019ambito della rassegna Incontri fotografici, Cesare Accetta\u00a0sar\u00e0 ospite alla Scuola di cinema e fotografia\u00a0Pigrecoemme\u00a0di Napoli, per dar vita a un incontro in cui racconter\u00e0 il suo entusiasmante percorso artistico e professionale come fotografo di scena, fotografo di ricerca, direttore della fotografia per il cinema\u2026","rel":"","context":"In &quot;Eventi&quot;","block_context":{"text":"Eventi","link":"https:\/\/www.pigrecoemme.com\/blog\/eventi\/"},"img":{"alt_text":"02 (Nero sensibile)","src":"https:\/\/i0.wp.com\/www.pigrecoemme.com\/blog\/wp-content\/uploads\/2017\/01\/02-Nero-sensibile.jpg?resize=350%2C200","width":350,"height":200,"srcset":"https:\/\/i0.wp.com\/www.pigrecoemme.com\/blog\/wp-content\/uploads\/2017\/01\/02-Nero-sensibile.jpg?resize=350%2C200 1x, https:\/\/i0.wp.com\/www.pigrecoemme.com\/blog\/wp-content\/uploads\/2017\/01\/02-Nero-sensibile.jpg?resize=525%2C300 1.5x, https:\/\/i0.wp.com\/www.pigrecoemme.com\/blog\/wp-content\/uploads\/2017\/01\/02-Nero-sensibile.jpg?resize=700%2C400 2x, https:\/\/i0.wp.com\/www.pigrecoemme.com\/blog\/wp-content\/uploads\/2017\/01\/02-Nero-sensibile.jpg?resize=1050%2C600 3x"},"classes":[]},{"id":619,"url":"https:\/\/www.pigrecoemme.com\/blog\/petizione-per-concedere-a-franca-valeri-la-cittadinanza-onoraria-di-napoli\/","url_meta":{"origin":151,"position":1},"title":"Petizione per concedere a Franca Valeri la cittadinanza onoraria di Napoli","author":"Giacomo Fabbrocino","date":"28 Marzo 2013","format":false,"excerpt":"FIRMA LA PETIZIONE Napoli, citt\u00e0 d'arte e di artisti, pu\u00f2 legittimarsi in tal senso anche riconoscendo come a s\u00e9 vicini coloro i quali hanno dato lustro alle arti, nelle loro diverse manifestazioni, pur vantando origini e natali diversi. Napoli \u00e8 un teatro. Ecco perch\u00e9 Napoli, ogni qualvolta gliene si presenti\u2026","rel":"","context":"In &quot;Eventi&quot;","block_context":{"text":"Eventi","link":"https:\/\/www.pigrecoemme.com\/blog\/eventi\/"},"img":{"alt_text":"","src":"https:\/\/i0.wp.com\/www.pigrecoemme.com\/blog\/wp-content\/uploads\/2013\/03\/franca-valeri.png?resize=350%2C200","width":350,"height":200},"classes":[]},{"id":32,"url":"https:\/\/www.pigrecoemme.com\/blog\/o-curt-x-edizione-del-festival-del-cortometraggio\/","url_meta":{"origin":151,"position":2},"title":"&#8216;O Curt &#8211; X edizione del festival del cortometraggio","author":"Giacomo Fabbrocino","date":"4 Febbraio 2008","format":false,"excerpt":"Dal 6 al 9 febbraio a Napoli si rinnova l\u2019appuntamento con \u2019O CURT Festival del cortometraggio, che quest\u2019anno giunge al prestigioso traguardo della decima edizione. La rassegna, a cura della Mediateca S. Sofia dell\u2019Assessorato alle Politiche giovanili - Servizio Giovani in collaborazione con La Scuola di Cinema e Televisione Pigrecoemme\u2026","rel":"","context":"In &quot;Eventi&quot;","block_context":{"text":"Eventi","link":"https:\/\/www.pigrecoemme.com\/blog\/eventi\/"},"img":{"alt_text":"","src":"","width":0,"height":0},"classes":[]},{"id":2543,"url":"https:\/\/www.pigrecoemme.com\/blog\/sitazione-critica-10-la-rinascita-del-cinema-di-genere-italiano\/","url_meta":{"origin":151,"position":3},"title":"Situazione Critica #10: In principio fu Jeeg Robot \u2013 La rinascita del cinema di genere italiano","author":"Pigrecoemme","date":"29 Novembre 2019","format":false,"excerpt":"Il decimo appuntamento di Situazione Critica \u2013 l\u2019iniziativa della scuola di cinema Pigrecoemme di Napoli cominciata a maggio 2018 \u2013 si terr\u00e0 sabato 7 dicembre 2019 a partire dalle 16:30 e sar\u00e0 l\u2019occasione per presentare Ieri, oggi e domani \u2013 Il cinema di genere in Italia, pubblicato per i tipi\u2026","rel":"","context":"In &quot;Analisi e Critica&quot;","block_context":{"text":"Analisi e Critica","link":"https:\/\/www.pigrecoemme.com\/blog\/analisi-e-critica-2\/"},"img":{"alt_text":"situazione critica 10 armocida sollazzo","src":"https:\/\/i0.wp.com\/www.pigrecoemme.com\/blog\/wp-content\/uploads\/2019\/11\/situazione-critica-10-armocida-sollazzo.jpg?resize=350%2C200","width":350,"height":200,"srcset":"https:\/\/i0.wp.com\/www.pigrecoemme.com\/blog\/wp-content\/uploads\/2019\/11\/situazione-critica-10-armocida-sollazzo.jpg?resize=350%2C200 1x, https:\/\/i0.wp.com\/www.pigrecoemme.com\/blog\/wp-content\/uploads\/2019\/11\/situazione-critica-10-armocida-sollazzo.jpg?resize=525%2C300 1.5x, https:\/\/i0.wp.com\/www.pigrecoemme.com\/blog\/wp-content\/uploads\/2019\/11\/situazione-critica-10-armocida-sollazzo.jpg?resize=700%2C400 2x, https:\/\/i0.wp.com\/www.pigrecoemme.com\/blog\/wp-content\/uploads\/2019\/11\/situazione-critica-10-armocida-sollazzo.jpg?resize=1050%2C600 3x"},"classes":[]},{"id":94,"url":"https:\/\/www.pigrecoemme.com\/blog\/i-film-della-mia-vita-2008\/","url_meta":{"origin":151,"position":4},"title":"I Film della mia vita 2008","author":"Giacomo Fabbrocino","date":"28 Ottobre 2008","format":false,"excerpt":"Torna, per il terzo anno consecutivo, I Film della mia vita, il ciclo di incontri con registi, attori, critici, storici, professionisti che il cinema lo fanno e lo amano e che racconteranno il loro personale romanzo visivo di formazione al pubblico del Pan, mostrando sequenze di film, inquadrature, ma pure\u2026","rel":"","context":"In &quot;Eventi&quot;","block_context":{"text":"Eventi","link":"https:\/\/www.pigrecoemme.com\/blog\/eventi\/"},"img":{"alt_text":"","src":"https:\/\/i0.wp.com\/www.pigrecoemme.com\/blog\/wp-content\/uploads\/2008\/10\/film-della-mia-vita-2008-300x195.jpg?resize=350%2C200","width":350,"height":200},"classes":[]},{"id":564,"url":"https:\/\/www.pigrecoemme.com\/blog\/convenzione-con-il-teatro-mercadante\/","url_meta":{"origin":151,"position":5},"title":"Convenzione con il Teatro Mercadante","author":"Rosario Gallone","date":"19 Ottobre 2012","format":false,"excerpt":"Dopo l'annuncio delle Convenzione con Galleria Toledo, siamo lieti di comunicare a tutti i nostri corsisti ed ex corsisti che anche un'altra prestigiosa convenzione \u00e8 stata rinnovata con un importante Teatro cittadino: Il Teatro Stabile di Napoli (che comprende il Teatro Mercadante, il ridotto del Mercadante ed il Teatro San\u2026","rel":"","context":"In &quot;Convenzioni&quot;","block_context":{"text":"Convenzioni","link":"https:\/\/www.pigrecoemme.com\/blog\/convenzioni\/"},"img":{"alt_text":"","src":"","width":0,"height":0},"classes":[]}],"jetpack_featured_media_url":"","_links":{"self":[{"href":"https:\/\/www.pigrecoemme.com\/blog\/wp-json\/wp\/v2\/posts\/151","targetHints":{"allow":["GET"]}}],"collection":[{"href":"https:\/\/www.pigrecoemme.com\/blog\/wp-json\/wp\/v2\/posts"}],"about":[{"href":"https:\/\/www.pigrecoemme.com\/blog\/wp-json\/wp\/v2\/types\/post"}],"author":[{"embeddable":true,"href":"https:\/\/www.pigrecoemme.com\/blog\/wp-json\/wp\/v2\/users\/1"}],"replies":[{"embeddable":true,"href":"https:\/\/www.pigrecoemme.com\/blog\/wp-json\/wp\/v2\/comments?post=151"}],"version-history":[{"count":0,"href":"https:\/\/www.pigrecoemme.com\/blog\/wp-json\/wp\/v2\/posts\/151\/revisions"}],"wp:attachment":[{"href":"https:\/\/www.pigrecoemme.com\/blog\/wp-json\/wp\/v2\/media?parent=151"}],"wp:term":[{"taxonomy":"category","embeddable":true,"href":"https:\/\/www.pigrecoemme.com\/blog\/wp-json\/wp\/v2\/categories?post=151"},{"taxonomy":"post_tag","embeddable":true,"href":"https:\/\/www.pigrecoemme.com\/blog\/wp-json\/wp\/v2\/tags?post=151"}],"curies":[{"name":"wp","href":"https:\/\/api.w.org\/{rel}","templated":true}]}}