{"id":1496,"date":"2015-10-01T15:07:47","date_gmt":"2015-10-01T13:07:47","guid":{"rendered":"http:\/\/www.pigrecoemme.com\/blog\/?p=1496"},"modified":"2015-10-02T08:48:41","modified_gmt":"2015-10-02T06:48:41","slug":"napoli-film-festival-2015-day-3-giancarlo-siani-e-fortapasc","status":"publish","type":"post","link":"https:\/\/www.pigrecoemme.com\/blog\/napoli-film-festival-2015-day-3-giancarlo-siani-e-fortapasc\/","title":{"rendered":"Napoli Film Festival 2015 Day 3:  Giancarlo Siani e Fortap\u00e0sc"},"content":{"rendered":"<p style=\"text-align: center;\"><a href=\"https:\/\/i0.wp.com\/www.pigrecoemme.com\/blog\/wp-content\/uploads\/2015\/10\/napoli-film-festival-day-3.jpg?ssl=1\"><img data-recalc-dims=\"1\" loading=\"lazy\" decoding=\"async\" class=\"aligncenter size-full wp-image-1497\" src=\"https:\/\/i0.wp.com\/www.pigrecoemme.com\/blog\/wp-content\/uploads\/2015\/10\/napoli-film-festival-day-3.jpg?resize=484%2C252&#038;ssl=1\" alt=\"Fortapasc\" width=\"484\" height=\"252\" srcset=\"https:\/\/i0.wp.com\/www.pigrecoemme.com\/blog\/wp-content\/uploads\/2015\/10\/napoli-film-festival-day-3.jpg?w=484&amp;ssl=1 484w, https:\/\/i0.wp.com\/www.pigrecoemme.com\/blog\/wp-content\/uploads\/2015\/10\/napoli-film-festival-day-3.jpg?resize=300%2C156&amp;ssl=1 300w\" sizes=\"auto, (max-width: 484px) 100vw, 484px\" \/><\/a><\/p>\n<p>Verit\u00e0 e non verosimiglianza.<\/p>\n<p>Nell\u2019incontro di ieri al Metropolitan \u201cRicordando Giancarlo Siani\u201d Marco Risi, Andrea Purgatori e Libero De Rienzo, rispettivamente regista, sceneggiatore e protagonista del film <a href=\"https:\/\/www.pigrecoemme.com\/blog\/concorso-10-film-italiani-che-non-fanno-disperare-per-il-futuro\/\">Fortap\u00e0sc<\/a>, a trent\u2019anni dalla sua morte hanno reso omaggio al giornalista ucciso dalla camorra il 23 settembre 1985 a ventisei anni, con una breve intervista di Federico Monga, vicedirettore de Il Mattino, che ha anticipato la proiezione. La sottile linea di demarcazione tra verit\u00e0 e verosimiglianza, evidenziata da Libero De Rienzo, incarna il cuore pulsante della pellicola e della vita del giornalista partenopeo: il coraggio, la forza, l\u2019anima di essere un giornalista \u201cgiornalista\u201d, che si scrolla di dosso la comoda veste del giornalista \u201cimpiegato\u201d per scegliere e raccontare la verit\u00e0.<\/p>\n<p><!--more--><\/p>\n<p>Agli altri e in primo luogo a se stesso. Andrea Purgatori, sceneggiatore insieme a Jim Carrington, ha posto l\u2019accento pi\u00f9 volte proprio sul tentativo di dare un\u2019anima al film, un senso al lavoro che Giancarlo Siani cercava di fare, perch\u00e9 il suo obiettivo era esattamente questo. Fare bene il proprio mestiere, con la semplicit\u00e0 innocente di chi non desidera assurgere a guida esemplare, a eroe scolpito in parole fatte di carta, ma si propone di raccontare ci\u00f2 che l\u2019occhio vede con chiarezza, e l\u2019anima fatica a serbare. Riconoscendo, conoscendo di nuovo con un\u2019immagine, una parola, un titolo a caratteri cubitali, attraverso qualcosa che si depositi l\u00ec sul fondo e si accumuli, fino a diventare un mucchio polveroso che non possiamo pi\u00f9 evitare. Perch\u00e9 osservandolo una seconda volta, sentiamo che ci appartiene gi\u00e0.<\/p>\n<p>Fortap\u00e0sc \u00e8 un termine riformulato da Risi a indicare il Fort Apache della tradizione western, simbolo del presidio dell\u2019esercito americano su una collina della riserva indiana pi\u00f9 famosa degli Stati Uniti, quella degli Apache.<\/p>\n<p>Un presidio, un abuso, non a caso il film prende spunto dal libro L\u2019abusivo di Antonio Franchini, che racconta due diverse forme di abusivismo: quello di Siani, giornalista \u201cabusivo\u201d presso Il Mattino di Napoli e quello della camorra, che fa abuso di ogni angolo del territorio, di ogni coscienza, di ogni stanza del potere, appropriandosene indebitamente. E il racconto di Risi \u00e8 crudo e violento proprio come un abuso, desolante come la spiaggia della scena finale, con un cumulo di detriti che nessuno ha intenzione di rimuovere.<\/p>\n<p>Nessuno, eccetto chi di quel mucchio polveroso fatto di parole e immagini, non vuole o non pu\u00f2 pi\u00f9 liberarsi.<\/p>\n<p><iframe loading=\"lazy\" title=\"FORTAPASC - TRAILER\" width=\"860\" height=\"484\" src=\"https:\/\/www.youtube.com\/embed\/LNZ1TBBIMog?feature=oembed\" frameborder=\"0\" allow=\"accelerometer; autoplay; clipboard-write; encrypted-media; gyroscope; picture-in-picture; web-share\" referrerpolicy=\"strict-origin-when-cross-origin\" allowfullscreen><\/iframe><\/p>\n","protected":false},"excerpt":{"rendered":"<p>Verit\u00e0 e non verosimiglianza. Nell\u2019incontro di ieri al Metropolitan \u201cRicordando Giancarlo Siani\u201d Marco Risi, Andrea Purgatori e Libero De Rienzo, rispettivamente regista, sceneggiatore e protagonista del film Fortap\u00e0sc, a trent\u2019anni dalla sua morte hanno&hellip;<\/p>\n","protected":false},"author":5,"featured_media":0,"comment_status":"open","ping_status":"open","sticky":false,"template":"","format":"standard","meta":{"_jetpack_newsletter_access":"","_jetpack_dont_email_post_to_subs":false,"_jetpack_newsletter_tier_id":0,"_jetpack_memberships_contains_paywalled_content":false,"_jetpack_feature_clip_id":0,"_jetpack_memberships_contains_paid_content":false,"footnotes":"","jetpack_post_was_ever_published":false},"categories":[950,11,731],"tags":[1340,1338,1339,1335],"class_list":["post-1496","post","type-post","status-publish","format-standard","hentry","category-analisi-e-critica-2","category-eventi","category-segnalazioni","tag-fortapasc","tag-giancarlo-siani","tag-marco-risi","tag-napoli-film-festival-2015"],"yoast_head":"<!-- This site is optimized with the Yoast SEO plugin v28.3 - https:\/\/yoast.com\/product\/yoast-seo-wordpress\/ -->\n<title>Napoli Film Festival 2015 Day 3: Giancarlo Siani e Fortap\u00e0sc<\/title>\n<meta name=\"description\" content=\"Incontro al Metropolitan con Marco Risi, Andrea Purgatori e Libero De Rienzo, rispettivamente regista, sceneggiatore e protagonista del film Fortap\u00e0sc.\" \/>\n<meta name=\"robots\" content=\"index, follow, max-snippet:-1, max-image-preview:large, max-video-preview:-1\" \/>\n<link rel=\"canonical\" href=\"https:\/\/www.pigrecoemme.com\/blog\/napoli-film-festival-2015-day-3-giancarlo-siani-e-fortapasc\/\" \/>\n<meta property=\"og:locale\" content=\"it_IT\" \/>\n<meta property=\"og:type\" content=\"article\" \/>\n<meta property=\"og:title\" content=\"Napoli Film Festival 2015 Day 3: Giancarlo Siani e Fortap\u00e0sc\" \/>\n<meta property=\"og:description\" content=\"Scuola di Cinema, Televisione e Fotografia - Napoli\" \/>\n<meta property=\"og:url\" content=\"https:\/\/www.pigrecoemme.com\/blog\/napoli-film-festival-2015-day-3-giancarlo-siani-e-fortapasc\/\" \/>\n<meta property=\"og:site_name\" content=\"Scuola di Cinema Pigrecoemme - Blog\" \/>\n<meta property=\"article:publisher\" content=\"https:\/\/www.facebook.com\/pigrecoemme\" \/>\n<meta property=\"article:author\" content=\"https:\/\/www.facebook.com\/profile.php?id=1469379685\" \/>\n<meta property=\"article:published_time\" content=\"2015-10-01T13:07:47+00:00\" \/>\n<meta property=\"article:modified_time\" content=\"2015-10-02T06:48:41+00:00\" \/>\n<meta property=\"og:image\" content=\"http:\/\/www.pigrecoemme.com\/blog\/wp-content\/uploads\/2015\/10\/napoli-film-festival-day-3.jpg\" \/>\n<meta name=\"author\" content=\"Rossella Scialla\" \/>\n<meta name=\"twitter:card\" content=\"summary_large_image\" \/>\n<meta name=\"twitter:creator\" content=\"@Pigrecoemme\" \/>\n<meta name=\"twitter:site\" content=\"@Pigrecoemme\" \/>\n<meta name=\"twitter:label1\" content=\"Scritto da\" \/>\n\t<meta name=\"twitter:data1\" content=\"Rossella Scialla\" \/>\n\t<meta name=\"twitter:label2\" content=\"Tempo di lettura stimato\" \/>\n\t<meta name=\"twitter:data2\" content=\"2 minuti\" \/>\n<script type=\"application\/ld+json\" class=\"yoast-schema-graph\">{\"@context\":\"https:\\\/\\\/schema.org\",\"@graph\":[{\"@type\":[\"Article\",\"BlogPosting\"],\"@id\":\"https:\\\/\\\/www.pigrecoemme.com\\\/blog\\\/napoli-film-festival-2015-day-3-giancarlo-siani-e-fortapasc\\\/#article\",\"isPartOf\":{\"@id\":\"https:\\\/\\\/www.pigrecoemme.com\\\/blog\\\/napoli-film-festival-2015-day-3-giancarlo-siani-e-fortapasc\\\/\"},\"author\":{\"name\":\"Rossella Scialla\",\"@id\":\"https:\\\/\\\/www.pigrecoemme.com\\\/blog\\\/#\\\/schema\\\/person\\\/43d561452bf40a74a79bdb1d5c3b133a\"},\"headline\":\"Napoli Film Festival 2015 Day 3: Giancarlo Siani e Fortap\u00e0sc\",\"datePublished\":\"2015-10-01T13:07:47+00:00\",\"dateModified\":\"2015-10-02T06:48:41+00:00\",\"mainEntityOfPage\":{\"@id\":\"https:\\\/\\\/www.pigrecoemme.com\\\/blog\\\/napoli-film-festival-2015-day-3-giancarlo-siani-e-fortapasc\\\/\"},\"wordCount\":414,\"commentCount\":0,\"publisher\":{\"@id\":\"https:\\\/\\\/www.pigrecoemme.com\\\/blog\\\/#organization\"},\"image\":{\"@id\":\"https:\\\/\\\/www.pigrecoemme.com\\\/blog\\\/napoli-film-festival-2015-day-3-giancarlo-siani-e-fortapasc\\\/#primaryimage\"},\"thumbnailUrl\":\"http:\\\/\\\/www.pigrecoemme.com\\\/blog\\\/wp-content\\\/uploads\\\/2015\\\/10\\\/napoli-film-festival-day-3.jpg\",\"keywords\":[\"Fortapasc\",\"Giancarlo Siani\",\"marco Risi\",\"napoli film festival 2015\"],\"articleSection\":[\"Analisi e Critica\",\"Eventi\",\"Segnalazioni\"],\"inLanguage\":\"it-IT\",\"potentialAction\":[{\"@type\":\"CommentAction\",\"name\":\"Comment\",\"target\":[\"https:\\\/\\\/www.pigrecoemme.com\\\/blog\\\/napoli-film-festival-2015-day-3-giancarlo-siani-e-fortapasc\\\/#respond\"]}]},{\"@type\":\"WebPage\",\"@id\":\"https:\\\/\\\/www.pigrecoemme.com\\\/blog\\\/napoli-film-festival-2015-day-3-giancarlo-siani-e-fortapasc\\\/\",\"url\":\"https:\\\/\\\/www.pigrecoemme.com\\\/blog\\\/napoli-film-festival-2015-day-3-giancarlo-siani-e-fortapasc\\\/\",\"name\":\"Napoli Film Festival 2015 Day 3: Giancarlo Siani e Fortap\u00e0sc\",\"isPartOf\":{\"@id\":\"https:\\\/\\\/www.pigrecoemme.com\\\/blog\\\/#website\"},\"primaryImageOfPage\":{\"@id\":\"https:\\\/\\\/www.pigrecoemme.com\\\/blog\\\/napoli-film-festival-2015-day-3-giancarlo-siani-e-fortapasc\\\/#primaryimage\"},\"image\":{\"@id\":\"https:\\\/\\\/www.pigrecoemme.com\\\/blog\\\/napoli-film-festival-2015-day-3-giancarlo-siani-e-fortapasc\\\/#primaryimage\"},\"thumbnailUrl\":\"http:\\\/\\\/www.pigrecoemme.com\\\/blog\\\/wp-content\\\/uploads\\\/2015\\\/10\\\/napoli-film-festival-day-3.jpg\",\"datePublished\":\"2015-10-01T13:07:47+00:00\",\"dateModified\":\"2015-10-02T06:48:41+00:00\",\"description\":\"Incontro al Metropolitan con Marco Risi, Andrea Purgatori e Libero De Rienzo, rispettivamente regista, sceneggiatore e protagonista del film Fortap\u00e0sc.\",\"breadcrumb\":{\"@id\":\"https:\\\/\\\/www.pigrecoemme.com\\\/blog\\\/napoli-film-festival-2015-day-3-giancarlo-siani-e-fortapasc\\\/#breadcrumb\"},\"inLanguage\":\"it-IT\",\"potentialAction\":[{\"@type\":\"ReadAction\",\"target\":[\"https:\\\/\\\/www.pigrecoemme.com\\\/blog\\\/napoli-film-festival-2015-day-3-giancarlo-siani-e-fortapasc\\\/\"]}]},{\"@type\":\"ImageObject\",\"inLanguage\":\"it-IT\",\"@id\":\"https:\\\/\\\/www.pigrecoemme.com\\\/blog\\\/napoli-film-festival-2015-day-3-giancarlo-siani-e-fortapasc\\\/#primaryimage\",\"url\":\"http:\\\/\\\/www.pigrecoemme.com\\\/blog\\\/wp-content\\\/uploads\\\/2015\\\/10\\\/napoli-film-festival-day-3.jpg\",\"contentUrl\":\"http:\\\/\\\/www.pigrecoemme.com\\\/blog\\\/wp-content\\\/uploads\\\/2015\\\/10\\\/napoli-film-festival-day-3.jpg\"},{\"@type\":\"BreadcrumbList\",\"@id\":\"https:\\\/\\\/www.pigrecoemme.com\\\/blog\\\/napoli-film-festival-2015-day-3-giancarlo-siani-e-fortapasc\\\/#breadcrumb\",\"itemListElement\":[{\"@type\":\"ListItem\",\"position\":1,\"name\":\"Home\",\"item\":\"https:\\\/\\\/www.pigrecoemme.com\\\/blog\\\/\"},{\"@type\":\"ListItem\",\"position\":2,\"name\":\"Napoli Film Festival 2015 Day 3: Giancarlo Siani e Fortap\u00e0sc\"}]},{\"@type\":\"WebSite\",\"@id\":\"https:\\\/\\\/www.pigrecoemme.com\\\/blog\\\/#website\",\"url\":\"https:\\\/\\\/www.pigrecoemme.com\\\/blog\\\/\",\"name\":\"Scuola di Cinema Pigrecoemme - Blog\",\"description\":\"Siamo la prima Scuola di Cinema e Fotografia di Napoli\",\"publisher\":{\"@id\":\"https:\\\/\\\/www.pigrecoemme.com\\\/blog\\\/#organization\"},\"potentialAction\":[{\"@type\":\"SearchAction\",\"target\":{\"@type\":\"EntryPoint\",\"urlTemplate\":\"https:\\\/\\\/www.pigrecoemme.com\\\/blog\\\/?s={search_term_string}\"},\"query-input\":{\"@type\":\"PropertyValueSpecification\",\"valueRequired\":true,\"valueName\":\"search_term_string\"}}],\"inLanguage\":\"it-IT\"},{\"@type\":\"Organization\",\"@id\":\"https:\\\/\\\/www.pigrecoemme.com\\\/blog\\\/#organization\",\"name\":\"Scuola di cinema e fotografia Pigrecoemme\",\"url\":\"https:\\\/\\\/www.pigrecoemme.com\\\/blog\\\/\",\"logo\":{\"@type\":\"ImageObject\",\"inLanguage\":\"it-IT\",\"@id\":\"https:\\\/\\\/www.pigrecoemme.com\\\/blog\\\/#\\\/schema\\\/logo\\\/image\\\/\",\"url\":\"https:\\\/\\\/i0.wp.com\\\/www.pigrecoemme.com\\\/blog\\\/wp-content\\\/uploads\\\/2018\\\/06\\\/logo-pigrecoemme-2018.png?fit=500%2C500&ssl=1\",\"contentUrl\":\"https:\\\/\\\/i0.wp.com\\\/www.pigrecoemme.com\\\/blog\\\/wp-content\\\/uploads\\\/2018\\\/06\\\/logo-pigrecoemme-2018.png?fit=500%2C500&ssl=1\",\"width\":500,\"height\":500,\"caption\":\"Scuola di cinema e fotografia Pigrecoemme\"},\"image\":{\"@id\":\"https:\\\/\\\/www.pigrecoemme.com\\\/blog\\\/#\\\/schema\\\/logo\\\/image\\\/\"},\"sameAs\":[\"https:\\\/\\\/www.facebook.com\\\/pigrecoemme\",\"https:\\\/\\\/x.com\\\/Pigrecoemme\",\"https:\\\/\\\/www.instagram.com\\\/pigrecoemme\\\/\",\"https:\\\/\\\/www.linkedin.com\\\/company\\\/pigrecoemme\\\/\",\"https:\\\/\\\/www.youtube.com\\\/pigrecoemme\"]},{\"@type\":\"Person\",\"@id\":\"https:\\\/\\\/www.pigrecoemme.com\\\/blog\\\/#\\\/schema\\\/person\\\/43d561452bf40a74a79bdb1d5c3b133a\",\"name\":\"Rossella Scialla\",\"image\":{\"@type\":\"ImageObject\",\"inLanguage\":\"it-IT\",\"@id\":\"https:\\\/\\\/secure.gravatar.com\\\/avatar\\\/47261bc799fbcf459b63af9c8e3a927a09ea7d7787d6ec2ed432adad1858614a?s=96&r=g\",\"url\":\"https:\\\/\\\/secure.gravatar.com\\\/avatar\\\/47261bc799fbcf459b63af9c8e3a927a09ea7d7787d6ec2ed432adad1858614a?s=96&r=g\",\"contentUrl\":\"https:\\\/\\\/secure.gravatar.com\\\/avatar\\\/47261bc799fbcf459b63af9c8e3a927a09ea7d7787d6ec2ed432adad1858614a?s=96&r=g\",\"caption\":\"Rossella Scialla\"},\"description\":\"Laureata in Scienze filosofiche, Rossella Scialla si avvicina al cinema come redattrice di L'eco di Caserta. Successivamente frequenta il corso \\\"Filmmaker\\\" alla Scuola Pigrecoemme al termine del quale dirige uno degli episodi del corto collettivo \\\"Nel girone invisibili\\\".\",\"sameAs\":[\"http:\\\/\\\/www.pigrecoemme.com\\\/blog\",\"https:\\\/\\\/www.facebook.com\\\/profile.php?id=1469379685\"],\"url\":\"https:\\\/\\\/www.pigrecoemme.com\\\/blog\\\/author\\\/rossella-scialla\\\/\"}]}<\/script>\n<!-- \/ Yoast SEO plugin. -->","yoast_head_json":{"title":"Napoli Film Festival 2015 Day 3: Giancarlo Siani e Fortap\u00e0sc","description":"Incontro al Metropolitan con Marco Risi, Andrea Purgatori e Libero De Rienzo, rispettivamente regista, sceneggiatore e protagonista del film Fortap\u00e0sc.","robots":{"index":"index","follow":"follow","max-snippet":"max-snippet:-1","max-image-preview":"max-image-preview:large","max-video-preview":"max-video-preview:-1"},"canonical":"https:\/\/www.pigrecoemme.com\/blog\/napoli-film-festival-2015-day-3-giancarlo-siani-e-fortapasc\/","og_locale":"it_IT","og_type":"article","og_title":"Napoli Film Festival 2015 Day 3: Giancarlo Siani e Fortap\u00e0sc","og_description":"Scuola di Cinema, Televisione e Fotografia - Napoli","og_url":"https:\/\/www.pigrecoemme.com\/blog\/napoli-film-festival-2015-day-3-giancarlo-siani-e-fortapasc\/","og_site_name":"Scuola di Cinema Pigrecoemme - Blog","article_publisher":"https:\/\/www.facebook.com\/pigrecoemme","article_author":"https:\/\/www.facebook.com\/profile.php?id=1469379685","article_published_time":"2015-10-01T13:07:47+00:00","article_modified_time":"2015-10-02T06:48:41+00:00","og_image":[{"url":"http:\/\/www.pigrecoemme.com\/blog\/wp-content\/uploads\/2015\/10\/napoli-film-festival-day-3.jpg","type":"","width":"","height":""}],"author":"Rossella Scialla","twitter_card":"summary_large_image","twitter_creator":"@Pigrecoemme","twitter_site":"@Pigrecoemme","twitter_misc":{"Scritto da":"Rossella Scialla","Tempo di lettura stimato":"2 minuti"},"schema":{"@context":"https:\/\/schema.org","@graph":[{"@type":["Article","BlogPosting"],"@id":"https:\/\/www.pigrecoemme.com\/blog\/napoli-film-festival-2015-day-3-giancarlo-siani-e-fortapasc\/#article","isPartOf":{"@id":"https:\/\/www.pigrecoemme.com\/blog\/napoli-film-festival-2015-day-3-giancarlo-siani-e-fortapasc\/"},"author":{"name":"Rossella Scialla","@id":"https:\/\/www.pigrecoemme.com\/blog\/#\/schema\/person\/43d561452bf40a74a79bdb1d5c3b133a"},"headline":"Napoli Film Festival 2015 Day 3: Giancarlo Siani e Fortap\u00e0sc","datePublished":"2015-10-01T13:07:47+00:00","dateModified":"2015-10-02T06:48:41+00:00","mainEntityOfPage":{"@id":"https:\/\/www.pigrecoemme.com\/blog\/napoli-film-festival-2015-day-3-giancarlo-siani-e-fortapasc\/"},"wordCount":414,"commentCount":0,"publisher":{"@id":"https:\/\/www.pigrecoemme.com\/blog\/#organization"},"image":{"@id":"https:\/\/www.pigrecoemme.com\/blog\/napoli-film-festival-2015-day-3-giancarlo-siani-e-fortapasc\/#primaryimage"},"thumbnailUrl":"http:\/\/www.pigrecoemme.com\/blog\/wp-content\/uploads\/2015\/10\/napoli-film-festival-day-3.jpg","keywords":["Fortapasc","Giancarlo Siani","marco Risi","napoli film festival 2015"],"articleSection":["Analisi e Critica","Eventi","Segnalazioni"],"inLanguage":"it-IT","potentialAction":[{"@type":"CommentAction","name":"Comment","target":["https:\/\/www.pigrecoemme.com\/blog\/napoli-film-festival-2015-day-3-giancarlo-siani-e-fortapasc\/#respond"]}]},{"@type":"WebPage","@id":"https:\/\/www.pigrecoemme.com\/blog\/napoli-film-festival-2015-day-3-giancarlo-siani-e-fortapasc\/","url":"https:\/\/www.pigrecoemme.com\/blog\/napoli-film-festival-2015-day-3-giancarlo-siani-e-fortapasc\/","name":"Napoli Film Festival 2015 Day 3: Giancarlo Siani e Fortap\u00e0sc","isPartOf":{"@id":"https:\/\/www.pigrecoemme.com\/blog\/#website"},"primaryImageOfPage":{"@id":"https:\/\/www.pigrecoemme.com\/blog\/napoli-film-festival-2015-day-3-giancarlo-siani-e-fortapasc\/#primaryimage"},"image":{"@id":"https:\/\/www.pigrecoemme.com\/blog\/napoli-film-festival-2015-day-3-giancarlo-siani-e-fortapasc\/#primaryimage"},"thumbnailUrl":"http:\/\/www.pigrecoemme.com\/blog\/wp-content\/uploads\/2015\/10\/napoli-film-festival-day-3.jpg","datePublished":"2015-10-01T13:07:47+00:00","dateModified":"2015-10-02T06:48:41+00:00","description":"Incontro al Metropolitan con Marco Risi, Andrea Purgatori e Libero De Rienzo, rispettivamente regista, sceneggiatore e protagonista del film Fortap\u00e0sc.","breadcrumb":{"@id":"https:\/\/www.pigrecoemme.com\/blog\/napoli-film-festival-2015-day-3-giancarlo-siani-e-fortapasc\/#breadcrumb"},"inLanguage":"it-IT","potentialAction":[{"@type":"ReadAction","target":["https:\/\/www.pigrecoemme.com\/blog\/napoli-film-festival-2015-day-3-giancarlo-siani-e-fortapasc\/"]}]},{"@type":"ImageObject","inLanguage":"it-IT","@id":"https:\/\/www.pigrecoemme.com\/blog\/napoli-film-festival-2015-day-3-giancarlo-siani-e-fortapasc\/#primaryimage","url":"http:\/\/www.pigrecoemme.com\/blog\/wp-content\/uploads\/2015\/10\/napoli-film-festival-day-3.jpg","contentUrl":"http:\/\/www.pigrecoemme.com\/blog\/wp-content\/uploads\/2015\/10\/napoli-film-festival-day-3.jpg"},{"@type":"BreadcrumbList","@id":"https:\/\/www.pigrecoemme.com\/blog\/napoli-film-festival-2015-day-3-giancarlo-siani-e-fortapasc\/#breadcrumb","itemListElement":[{"@type":"ListItem","position":1,"name":"Home","item":"https:\/\/www.pigrecoemme.com\/blog\/"},{"@type":"ListItem","position":2,"name":"Napoli Film Festival 2015 Day 3: Giancarlo Siani e Fortap\u00e0sc"}]},{"@type":"WebSite","@id":"https:\/\/www.pigrecoemme.com\/blog\/#website","url":"https:\/\/www.pigrecoemme.com\/blog\/","name":"Scuola di Cinema Pigrecoemme - Blog","description":"Siamo la prima Scuola di Cinema e Fotografia di Napoli","publisher":{"@id":"https:\/\/www.pigrecoemme.com\/blog\/#organization"},"potentialAction":[{"@type":"SearchAction","target":{"@type":"EntryPoint","urlTemplate":"https:\/\/www.pigrecoemme.com\/blog\/?s={search_term_string}"},"query-input":{"@type":"PropertyValueSpecification","valueRequired":true,"valueName":"search_term_string"}}],"inLanguage":"it-IT"},{"@type":"Organization","@id":"https:\/\/www.pigrecoemme.com\/blog\/#organization","name":"Scuola di cinema e fotografia Pigrecoemme","url":"https:\/\/www.pigrecoemme.com\/blog\/","logo":{"@type":"ImageObject","inLanguage":"it-IT","@id":"https:\/\/www.pigrecoemme.com\/blog\/#\/schema\/logo\/image\/","url":"https:\/\/i0.wp.com\/www.pigrecoemme.com\/blog\/wp-content\/uploads\/2018\/06\/logo-pigrecoemme-2018.png?fit=500%2C500&ssl=1","contentUrl":"https:\/\/i0.wp.com\/www.pigrecoemme.com\/blog\/wp-content\/uploads\/2018\/06\/logo-pigrecoemme-2018.png?fit=500%2C500&ssl=1","width":500,"height":500,"caption":"Scuola di cinema e fotografia Pigrecoemme"},"image":{"@id":"https:\/\/www.pigrecoemme.com\/blog\/#\/schema\/logo\/image\/"},"sameAs":["https:\/\/www.facebook.com\/pigrecoemme","https:\/\/x.com\/Pigrecoemme","https:\/\/www.instagram.com\/pigrecoemme\/","https:\/\/www.linkedin.com\/company\/pigrecoemme\/","https:\/\/www.youtube.com\/pigrecoemme"]},{"@type":"Person","@id":"https:\/\/www.pigrecoemme.com\/blog\/#\/schema\/person\/43d561452bf40a74a79bdb1d5c3b133a","name":"Rossella Scialla","image":{"@type":"ImageObject","inLanguage":"it-IT","@id":"https:\/\/secure.gravatar.com\/avatar\/47261bc799fbcf459b63af9c8e3a927a09ea7d7787d6ec2ed432adad1858614a?s=96&r=g","url":"https:\/\/secure.gravatar.com\/avatar\/47261bc799fbcf459b63af9c8e3a927a09ea7d7787d6ec2ed432adad1858614a?s=96&r=g","contentUrl":"https:\/\/secure.gravatar.com\/avatar\/47261bc799fbcf459b63af9c8e3a927a09ea7d7787d6ec2ed432adad1858614a?s=96&r=g","caption":"Rossella Scialla"},"description":"Laureata in Scienze filosofiche, Rossella Scialla si avvicina al cinema come redattrice di L'eco di Caserta. Successivamente frequenta il corso \"Filmmaker\" alla Scuola Pigrecoemme al termine del quale dirige uno degli episodi del corto collettivo \"Nel girone invisibili\".","sameAs":["http:\/\/www.pigrecoemme.com\/blog","https:\/\/www.facebook.com\/profile.php?id=1469379685"],"url":"https:\/\/www.pigrecoemme.com\/blog\/author\/rossella-scialla\/"}]}},"jetpack_sharing_enabled":true,"jetpack_likes_enabled":true,"jetpack-related-posts":[{"id":496,"url":"https:\/\/www.pigrecoemme.com\/blog\/un-estratto-da-ero-un-re-il-nuovo-documentario-coprodotto-dalla-pigrecoemme\/","url_meta":{"origin":1496,"position":0},"title":"Un estratto da &#8220;Ero un re&#8221;, il nuovo documentario coprodotto dalla Pigrecoemme","author":"Giacomo Fabbrocino","date":"16 Maggio 2012","format":false,"excerpt":"Ero un re \u00e8 il nuovo documentario di Antonio Longo, gi\u00e0 autore di Midnight Bingo, migliore autoproduzione allo scorso NapoliFilmFestival e accolto benissimo in altre rassegne italiane. Il pretesto narrativo del documentario \u00e8 la vita di Gaetano Autiero, oggi venditore ambulante, ma che da bambino partecip\u00f2 come attore a diverse\u2026","rel":"","context":"In &quot;Produzioni&quot;","block_context":{"text":"Produzioni","link":"https:\/\/www.pigrecoemme.com\/blog\/produzioni\/"},"img":{"alt_text":"Un fotogramma di \"Ero un re\"","src":"https:\/\/i0.wp.com\/www.pigrecoemme.com\/blog\/wp-content\/uploads\/2012\/05\/ero-un-re-300x168.jpg?resize=350%2C200","width":350,"height":200},"classes":[]},{"id":849,"url":"https:\/\/www.pigrecoemme.com\/blog\/il-brasile-in-lotta-durante-i-mondiali-di-calcio-alla-pigrecoemme-un-reportage-di-luigi-spera\/","url_meta":{"origin":1496,"position":1},"title":"Il Brasile in lotta durante i Mondiali di Calcio. Alla Pigrecoemme, un reportage di Luigi Spera","author":"Corrado Morra","date":"16 Settembre 2014","format":false,"excerpt":"Sabato 27 settembre, alle ore 11,30, nell\u2019ambito della rassegna Incontri fotografici della Scuola di cinema e fotografia Pigrecoemme di Napoli, il giornalista Luigi Spera presenta il reportage NOSSA COPA \u00c9 NA RUA. Il Brasile in lotta: l\u2019urlo delle piazze e delle favelas lontano dai riflettori della Coppa del Mondo di\u2026","rel":"","context":"In &quot;Eventi&quot;","block_context":{"text":"Eventi","link":"https:\/\/www.pigrecoemme.com\/blog\/eventi\/"},"img":{"alt_text":"luigi-spera","src":"https:\/\/i0.wp.com\/www.pigrecoemme.com\/blog\/wp-content\/uploads\/2014\/09\/luigi-spera.png?resize=350%2C200","width":350,"height":200,"srcset":"https:\/\/i0.wp.com\/www.pigrecoemme.com\/blog\/wp-content\/uploads\/2014\/09\/luigi-spera.png?resize=350%2C200 1x, https:\/\/i0.wp.com\/www.pigrecoemme.com\/blog\/wp-content\/uploads\/2014\/09\/luigi-spera.png?resize=525%2C300 1.5x, https:\/\/i0.wp.com\/www.pigrecoemme.com\/blog\/wp-content\/uploads\/2014\/09\/luigi-spera.png?resize=700%2C400 2x"},"classes":[]},{"id":2073,"url":"https:\/\/www.pigrecoemme.com\/blog\/10-black-comedy-allitaliana\/","url_meta":{"origin":1496,"position":2},"title":"10 Black Comedy all&#8217;italiana","author":"Rosario Gallone","date":"16 Marzo 2018","format":false,"excerpt":"In occasione dell'uscita di Metti la nonna in freezer diamo uno sguardo ad alcuni esempi di black comedy all'italiana","rel":"","context":"In &quot;Analisi e Critica&quot;","block_context":{"text":"Analisi e Critica","link":"https:\/\/www.pigrecoemme.com\/blog\/analisi-e-critica-2\/"},"img":{"alt_text":"","src":"https:\/\/i0.wp.com\/www.pigrecoemme.com\/blog\/wp-content\/uploads\/2018\/03\/metti-la-nonna-in-freezer.jpg?resize=350%2C200","width":350,"height":200,"srcset":"https:\/\/i0.wp.com\/www.pigrecoemme.com\/blog\/wp-content\/uploads\/2018\/03\/metti-la-nonna-in-freezer.jpg?resize=350%2C200 1x, https:\/\/i0.wp.com\/www.pigrecoemme.com\/blog\/wp-content\/uploads\/2018\/03\/metti-la-nonna-in-freezer.jpg?resize=525%2C300 1.5x, https:\/\/i0.wp.com\/www.pigrecoemme.com\/blog\/wp-content\/uploads\/2018\/03\/metti-la-nonna-in-freezer.jpg?resize=700%2C400 2x"},"classes":[]},{"id":32,"url":"https:\/\/www.pigrecoemme.com\/blog\/o-curt-x-edizione-del-festival-del-cortometraggio\/","url_meta":{"origin":1496,"position":3},"title":"&#8216;O Curt &#8211; X edizione del festival del cortometraggio","author":"Giacomo Fabbrocino","date":"4 Febbraio 2008","format":false,"excerpt":"Dal 6 al 9 febbraio a Napoli si rinnova l\u2019appuntamento con \u2019O CURT Festival del cortometraggio, che quest\u2019anno giunge al prestigioso traguardo della decima edizione. La rassegna, a cura della Mediateca S. Sofia dell\u2019Assessorato alle Politiche giovanili - Servizio Giovani in collaborazione con La Scuola di Cinema e Televisione Pigrecoemme\u2026","rel":"","context":"In &quot;Eventi&quot;","block_context":{"text":"Eventi","link":"https:\/\/www.pigrecoemme.com\/blog\/eventi\/"},"img":{"alt_text":"","src":"","width":0,"height":0},"classes":[]},{"id":1089,"url":"https:\/\/www.pigrecoemme.com\/blog\/concorso-10-film-italiani-che-non-fanno-disperare-per-il-futuro\/","url_meta":{"origin":1496,"position":4},"title":"Concorso: 10 film italiani che non fanno disperare per il futuro","author":"Rosario Gallone","date":"26 Novembre 2014","format":false,"excerpt":"La crisi del nostro cinema si spiega non tanto col fatto che si producono prevalentemente commedie, ma in quanto \u00e8 palese che quelle commedie non siano neanche pi\u00f9 in grado di raccontare\u00a0il nostro paese, cosa che, invece, faceva egregiamente la commedia all\u2019italiana che pure viene tirata in ballo spesso e\u2026","rel":"","context":"In &quot;Analisi e Critica&quot;","block_context":{"text":"Analisi e Critica","link":"https:\/\/www.pigrecoemme.com\/blog\/analisi-e-critica-2\/"},"img":{"alt_text":"","src":"https:\/\/i0.wp.com\/www.pigrecoemme.com\/blog\/wp-content\/uploads\/2014\/11\/10-film-italiani.jpg?resize=350%2C200","width":350,"height":200},"classes":[]},{"id":3082,"url":"https:\/\/www.pigrecoemme.com\/blog\/situazione-critica-21\/","url_meta":{"origin":1496,"position":5},"title":"Situazione Critica #21 &#8211; Spagna 1976-2021","author":"Pigrecoemme","date":"27 Novembre 2021","format":false,"excerpt":"Cosa \u00e8 cambiato nel cinema e nel giornalismo iberico dalla transizione democratica a oggi Il ventunesimo appuntamento di Situazione Critica, la rassegna di incontri dedicati alla critica e alla cultura del cinema, si terr\u00e0 sabato 11 dicembre alle ore 10:30 presso il Cinema Plaza in via Kerbaker 85 a Napoli.\u2026","rel":"","context":"In &quot;Analisi e Critica&quot;","block_context":{"text":"Analisi e Critica","link":"https:\/\/www.pigrecoemme.com\/blog\/analisi-e-critica-2\/"},"img":{"alt_text":"juan cruz giornalista","src":"https:\/\/i0.wp.com\/www.pigrecoemme.com\/blog\/wp-content\/uploads\/2021\/11\/juan-cruz-giornalista.jpg?resize=350%2C200&ssl=1","width":350,"height":200,"srcset":"https:\/\/i0.wp.com\/www.pigrecoemme.com\/blog\/wp-content\/uploads\/2021\/11\/juan-cruz-giornalista.jpg?resize=350%2C200&ssl=1 1x, https:\/\/i0.wp.com\/www.pigrecoemme.com\/blog\/wp-content\/uploads\/2021\/11\/juan-cruz-giornalista.jpg?resize=525%2C300&ssl=1 1.5x"},"classes":[]}],"jetpack_featured_media_url":"","_links":{"self":[{"href":"https:\/\/www.pigrecoemme.com\/blog\/wp-json\/wp\/v2\/posts\/1496","targetHints":{"allow":["GET"]}}],"collection":[{"href":"https:\/\/www.pigrecoemme.com\/blog\/wp-json\/wp\/v2\/posts"}],"about":[{"href":"https:\/\/www.pigrecoemme.com\/blog\/wp-json\/wp\/v2\/types\/post"}],"author":[{"embeddable":true,"href":"https:\/\/www.pigrecoemme.com\/blog\/wp-json\/wp\/v2\/users\/5"}],"replies":[{"embeddable":true,"href":"https:\/\/www.pigrecoemme.com\/blog\/wp-json\/wp\/v2\/comments?post=1496"}],"version-history":[{"count":0,"href":"https:\/\/www.pigrecoemme.com\/blog\/wp-json\/wp\/v2\/posts\/1496\/revisions"}],"wp:attachment":[{"href":"https:\/\/www.pigrecoemme.com\/blog\/wp-json\/wp\/v2\/media?parent=1496"}],"wp:term":[{"taxonomy":"category","embeddable":true,"href":"https:\/\/www.pigrecoemme.com\/blog\/wp-json\/wp\/v2\/categories?post=1496"},{"taxonomy":"post_tag","embeddable":true,"href":"https:\/\/www.pigrecoemme.com\/blog\/wp-json\/wp\/v2\/tags?post=1496"}],"curies":[{"name":"wp","href":"https:\/\/api.w.org\/{rel}","templated":true}]}}