{"id":1494,"date":"2015-09-30T11:29:53","date_gmt":"2015-09-30T09:29:53","guid":{"rendered":"http:\/\/www.pigrecoemme.com\/blog\/?p=1494"},"modified":"2015-09-30T11:29:53","modified_gmt":"2015-09-30T09:29:53","slug":"napoli-film-festival-2015-day-2-durak-di-yury-bykov","status":"publish","type":"post","link":"https:\/\/www.pigrecoemme.com\/blog\/napoli-film-festival-2015-day-2-durak-di-yury-bykov\/","title":{"rendered":"Napoli Film festival 2015 Day 2: Durak di  Yury Bykov"},"content":{"rendered":"<p><a href=\"https:\/\/i0.wp.com\/www.pigrecoemme.com\/blog\/wp-content\/uploads\/2015\/09\/napoli-film-festival-day-2.jpg?ssl=1\"><img data-recalc-dims=\"1\" loading=\"lazy\" decoding=\"async\" class=\"aligncenter size-full wp-image-1495\" src=\"https:\/\/i0.wp.com\/www.pigrecoemme.com\/blog\/wp-content\/uploads\/2015\/09\/napoli-film-festival-day-2.jpg?resize=484%2C252&#038;ssl=1\" alt=\"Durak al Napoli Film festival\" width=\"484\" height=\"252\" srcset=\"https:\/\/i0.wp.com\/www.pigrecoemme.com\/blog\/wp-content\/uploads\/2015\/09\/napoli-film-festival-day-2.jpg?w=484&amp;ssl=1 484w, https:\/\/i0.wp.com\/www.pigrecoemme.com\/blog\/wp-content\/uploads\/2015\/09\/napoli-film-festival-day-2.jpg?resize=300%2C156&amp;ssl=1 300w\" sizes=\"auto, (max-width: 484px) 100vw, 484px\" \/><\/a><\/p>\n<p style=\"text-align: right;\"><em>Strana immagine \u00e8 la tua, disse, e strani sono quei prigionieri. \u2013 Somigliano a noi, risposi; credi che tali persone possano vedere, anzitutto di s\u00e9 e dei compagni, altro se non le ombre proiettate dal fuoco sulla parete della caverna che sta loro di fronte? \u2013 E come possono, replic\u00f2, se sono costretti a tenere immobile il \u00a0capo per tutta la vita?<br \/>\n<\/em><strong>Platone, <em>Opere,<\/em> vol. II<\/strong><\/p>\n<p>Nel Mito della Caverna platonico l\u2019uomo che tenta di liberare i prigionieri e \u00a0ricondurli verso la luce, per vedere non pi\u00f9 solo l\u2019ombra ma la verit\u00e0 delle cose \u00e8 Socrate, e conosciamo bene il suo destino. Il destino del protagonista del film russo <em>Durak<\/em> (Il Pazzo) di Yuri Bykov, proiettato ieri pomeriggio al Grenoble, Institut fran\u00e7ais Napoli, nell\u2019ambito della Rassegna Europa\/Mediterraneo e gi\u00e0 visto al Locarno Festival 2014, \u00e8 solo in apparenza diverso.\u00a0Dima Nikitin (Artem Bystov), idraulico che di notte studia per diventare ingegnere, ha ereditato dal padre un\u2019onest\u00e0 che lo fa schivo e silenzioso in un mondo saturo di parole urlate e di vendetta.<\/p>\n<p><!--more--><\/p>\n<p>\u201cCos\u00ec ci affoghi con la tua onest\u00e0\u201d,\u00a0 urla la madre a una figura paterna debole ma integra, e anche la moglie di Nikitin sembra lontana dal suo mondo, dominato da una morale che aspetta qualcuno o qualcosa che le dia voce. E l\u2019occasione si presenta quando, trovandosi a riparare i tubi di un dormitorio, Nikitin scopre una crepa che attraversa tutta la struttura e che la condurr\u00e0 al crollo nel giro di poche ore. Quella crepa che divide l\u2019edificio a met\u00e0 \u00e8 anche la crepa che lo separa dal resto del mondo, cui per\u00f2 si avvicina usando i suoi stessi mezzi per farsi ascoltare: le urla, le parole violate.\u00a0 Si rivolge all\u2019amministrazione, all\u2019immagine della coscienza collettiva, ma in un mondo in cui la coscienza del singolo \u00e8 stata annientata, quella collettiva non pu\u00f2 che essere un\u2019immagine vuota, un viso senza pi\u00f9 occhi n\u00e9 bocca.<\/p>\n<p>Ci\u00f2 che sorprende di pi\u00f9 osservando Nikitin \u00e8 l\u2019assoluta gratuit\u00e0 del suo sacrificio, un\u2019apparente incoscienza infantile che gli rimprovera la madre: \u201cParli come un bambino, ma in che mondo vivi?\u201d, che si trasforma in coscienza pura, in conoscenza del bene e del male priva di giudizi inquinanti e liberata dal fardello dell\u2019autocoscienza.<\/p>\n<p>Pi\u00f9 volte viene definito idiota e pazzo, le stesse definizioni attribuite al Principe Myskin dell\u2019Idiota dostoevskiano (e l\u2019assonanza tra i due nomi non passa inosservata);\u00a0ma qui l\u2019innocenza delle azioni non \u00e8 determinata da una cecit\u00e0 splendente, da un\u2019assoluta bellezza emanante luce in un mondo di ombre e oscurit\u00e0, bens\u00ec da una scelta precisa: \u00e8 la conoscenza del bene, ma soprattutto quella del male a guidare Nikitin, spingendolo verso un sacrificio che suggella la sua fede nel genere umano. \u00a0Una fede gratuita e coraggiosa, verso un\u2019umanit\u00e0 danneggiata e sporca, come quella che popola il dormitorio,\u00a0 che si propone di informare e non pi\u00f9 di educare.<\/p>\n<p>L\u2019esito dell\u2019impegno socratico lo conosciamo, quello di Nikitin si manifesta in un finale che dopo un\u2019orgia di parole violate, lascia spazio solo al silenzio.<\/p>\n<p><iframe loading=\"lazy\" title=\"THE FOOL (Durak) by Yury Bykov - TRAILER\" width=\"860\" height=\"484\" src=\"https:\/\/www.youtube.com\/embed\/cy0CgeWWW1w?feature=oembed\" frameborder=\"0\" allow=\"accelerometer; autoplay; clipboard-write; encrypted-media; gyroscope; picture-in-picture; web-share\" referrerpolicy=\"strict-origin-when-cross-origin\" allowfullscreen><\/iframe><\/p>\n","protected":false},"excerpt":{"rendered":"<p>Strana immagine \u00e8 la tua, disse, e strani sono quei prigionieri. \u2013 Somigliano a noi, risposi; credi che tali persone possano vedere, anzitutto di s\u00e9 e dei compagni, altro se non le ombre proiettate&hellip;<\/p>\n","protected":false},"author":5,"featured_media":0,"comment_status":"open","ping_status":"open","sticky":false,"template":"","format":"standard","meta":{"_jetpack_newsletter_access":"","_jetpack_dont_email_post_to_subs":false,"_jetpack_newsletter_tier_id":0,"_jetpack_memberships_contains_paywalled_content":false,"_jetpack_feature_clip_id":0,"_jetpack_memberships_contains_paid_content":false,"footnotes":"","jetpack_post_was_ever_published":false},"categories":[950,11,731],"tags":[1337,1335,1336],"class_list":["post-1494","post","type-post","status-publish","format-standard","hentry","category-analisi-e-critica-2","category-eventi","category-segnalazioni","tag-durak","tag-napoli-film-festival-2015","tag-yury-bykov"],"yoast_head":"<!-- This site is optimized with the Yoast SEO plugin v28.3 - https:\/\/yoast.com\/product\/yoast-seo-wordpress\/ -->\n<title>Napoli Film festival 2015 Day 2: Durak di Yury Bykov<\/title>\n<meta name=\"description\" content=\"Recensione del film a cura di Rossella Scialla\" \/>\n<meta name=\"robots\" content=\"index, follow, max-snippet:-1, max-image-preview:large, max-video-preview:-1\" \/>\n<link rel=\"canonical\" href=\"https:\/\/www.pigrecoemme.com\/blog\/napoli-film-festival-2015-day-2-durak-di-yury-bykov\/\" \/>\n<meta property=\"og:locale\" content=\"it_IT\" \/>\n<meta property=\"og:type\" content=\"article\" \/>\n<meta property=\"og:title\" content=\"Napoli Film festival 2015 Day 2: Durak di Yury Bykov\" \/>\n<meta property=\"og:description\" content=\"Recensione del film a cura di Rossella Scialla\" \/>\n<meta property=\"og:url\" content=\"https:\/\/www.pigrecoemme.com\/blog\/napoli-film-festival-2015-day-2-durak-di-yury-bykov\/\" \/>\n<meta property=\"og:site_name\" content=\"Scuola di Cinema Pigrecoemme - Blog\" \/>\n<meta property=\"article:publisher\" content=\"https:\/\/www.facebook.com\/pigrecoemme\" \/>\n<meta property=\"article:author\" content=\"https:\/\/www.facebook.com\/profile.php?id=1469379685\" \/>\n<meta property=\"article:published_time\" content=\"2015-09-30T09:29:53+00:00\" \/>\n<meta property=\"og:image\" content=\"http:\/\/www.pigrecoemme.com\/blog\/wp-content\/uploads\/2015\/09\/napoli-film-festival-day-2.jpg\" \/>\n<meta name=\"author\" content=\"Rossella Scialla\" \/>\n<meta name=\"twitter:card\" content=\"summary_large_image\" \/>\n<meta name=\"twitter:creator\" content=\"@Pigrecoemme\" \/>\n<meta name=\"twitter:site\" content=\"@Pigrecoemme\" \/>\n<meta name=\"twitter:label1\" content=\"Scritto da\" \/>\n\t<meta name=\"twitter:data1\" content=\"Rossella Scialla\" \/>\n\t<meta name=\"twitter:label2\" content=\"Tempo di lettura stimato\" \/>\n\t<meta name=\"twitter:data2\" content=\"3 minuti\" \/>\n<script type=\"application\/ld+json\" class=\"yoast-schema-graph\">{\"@context\":\"https:\\\/\\\/schema.org\",\"@graph\":[{\"@type\":[\"Article\",\"BlogPosting\"],\"@id\":\"https:\\\/\\\/www.pigrecoemme.com\\\/blog\\\/napoli-film-festival-2015-day-2-durak-di-yury-bykov\\\/#article\",\"isPartOf\":{\"@id\":\"https:\\\/\\\/www.pigrecoemme.com\\\/blog\\\/napoli-film-festival-2015-day-2-durak-di-yury-bykov\\\/\"},\"author\":{\"name\":\"Rossella Scialla\",\"@id\":\"https:\\\/\\\/www.pigrecoemme.com\\\/blog\\\/#\\\/schema\\\/person\\\/43d561452bf40a74a79bdb1d5c3b133a\"},\"headline\":\"Napoli Film festival 2015 Day 2: Durak di Yury Bykov\",\"datePublished\":\"2015-09-30T09:29:53+00:00\",\"mainEntityOfPage\":{\"@id\":\"https:\\\/\\\/www.pigrecoemme.com\\\/blog\\\/napoli-film-festival-2015-day-2-durak-di-yury-bykov\\\/\"},\"wordCount\":525,\"commentCount\":0,\"publisher\":{\"@id\":\"https:\\\/\\\/www.pigrecoemme.com\\\/blog\\\/#organization\"},\"image\":{\"@id\":\"https:\\\/\\\/www.pigrecoemme.com\\\/blog\\\/napoli-film-festival-2015-day-2-durak-di-yury-bykov\\\/#primaryimage\"},\"thumbnailUrl\":\"http:\\\/\\\/www.pigrecoemme.com\\\/blog\\\/wp-content\\\/uploads\\\/2015\\\/09\\\/napoli-film-festival-day-2.jpg\",\"keywords\":[\"Durak\",\"napoli film festival 2015\",\"Yury Bykov\"],\"articleSection\":[\"Analisi e Critica\",\"Eventi\",\"Segnalazioni\"],\"inLanguage\":\"it-IT\",\"potentialAction\":[{\"@type\":\"CommentAction\",\"name\":\"Comment\",\"target\":[\"https:\\\/\\\/www.pigrecoemme.com\\\/blog\\\/napoli-film-festival-2015-day-2-durak-di-yury-bykov\\\/#respond\"]}]},{\"@type\":\"WebPage\",\"@id\":\"https:\\\/\\\/www.pigrecoemme.com\\\/blog\\\/napoli-film-festival-2015-day-2-durak-di-yury-bykov\\\/\",\"url\":\"https:\\\/\\\/www.pigrecoemme.com\\\/blog\\\/napoli-film-festival-2015-day-2-durak-di-yury-bykov\\\/\",\"name\":\"Napoli Film festival 2015 Day 2: Durak di Yury Bykov\",\"isPartOf\":{\"@id\":\"https:\\\/\\\/www.pigrecoemme.com\\\/blog\\\/#website\"},\"primaryImageOfPage\":{\"@id\":\"https:\\\/\\\/www.pigrecoemme.com\\\/blog\\\/napoli-film-festival-2015-day-2-durak-di-yury-bykov\\\/#primaryimage\"},\"image\":{\"@id\":\"https:\\\/\\\/www.pigrecoemme.com\\\/blog\\\/napoli-film-festival-2015-day-2-durak-di-yury-bykov\\\/#primaryimage\"},\"thumbnailUrl\":\"http:\\\/\\\/www.pigrecoemme.com\\\/blog\\\/wp-content\\\/uploads\\\/2015\\\/09\\\/napoli-film-festival-day-2.jpg\",\"datePublished\":\"2015-09-30T09:29:53+00:00\",\"description\":\"Recensione del film a cura di Rossella Scialla\",\"breadcrumb\":{\"@id\":\"https:\\\/\\\/www.pigrecoemme.com\\\/blog\\\/napoli-film-festival-2015-day-2-durak-di-yury-bykov\\\/#breadcrumb\"},\"inLanguage\":\"it-IT\",\"potentialAction\":[{\"@type\":\"ReadAction\",\"target\":[\"https:\\\/\\\/www.pigrecoemme.com\\\/blog\\\/napoli-film-festival-2015-day-2-durak-di-yury-bykov\\\/\"]}]},{\"@type\":\"ImageObject\",\"inLanguage\":\"it-IT\",\"@id\":\"https:\\\/\\\/www.pigrecoemme.com\\\/blog\\\/napoli-film-festival-2015-day-2-durak-di-yury-bykov\\\/#primaryimage\",\"url\":\"http:\\\/\\\/www.pigrecoemme.com\\\/blog\\\/wp-content\\\/uploads\\\/2015\\\/09\\\/napoli-film-festival-day-2.jpg\",\"contentUrl\":\"http:\\\/\\\/www.pigrecoemme.com\\\/blog\\\/wp-content\\\/uploads\\\/2015\\\/09\\\/napoli-film-festival-day-2.jpg\"},{\"@type\":\"BreadcrumbList\",\"@id\":\"https:\\\/\\\/www.pigrecoemme.com\\\/blog\\\/napoli-film-festival-2015-day-2-durak-di-yury-bykov\\\/#breadcrumb\",\"itemListElement\":[{\"@type\":\"ListItem\",\"position\":1,\"name\":\"Home\",\"item\":\"https:\\\/\\\/www.pigrecoemme.com\\\/blog\\\/\"},{\"@type\":\"ListItem\",\"position\":2,\"name\":\"Napoli Film festival 2015 Day 2: Durak di Yury Bykov\"}]},{\"@type\":\"WebSite\",\"@id\":\"https:\\\/\\\/www.pigrecoemme.com\\\/blog\\\/#website\",\"url\":\"https:\\\/\\\/www.pigrecoemme.com\\\/blog\\\/\",\"name\":\"Scuola di Cinema Pigrecoemme - Blog\",\"description\":\"Siamo la prima Scuola di Cinema e Fotografia di Napoli\",\"publisher\":{\"@id\":\"https:\\\/\\\/www.pigrecoemme.com\\\/blog\\\/#organization\"},\"potentialAction\":[{\"@type\":\"SearchAction\",\"target\":{\"@type\":\"EntryPoint\",\"urlTemplate\":\"https:\\\/\\\/www.pigrecoemme.com\\\/blog\\\/?s={search_term_string}\"},\"query-input\":{\"@type\":\"PropertyValueSpecification\",\"valueRequired\":true,\"valueName\":\"search_term_string\"}}],\"inLanguage\":\"it-IT\"},{\"@type\":\"Organization\",\"@id\":\"https:\\\/\\\/www.pigrecoemme.com\\\/blog\\\/#organization\",\"name\":\"Scuola di cinema e fotografia Pigrecoemme\",\"url\":\"https:\\\/\\\/www.pigrecoemme.com\\\/blog\\\/\",\"logo\":{\"@type\":\"ImageObject\",\"inLanguage\":\"it-IT\",\"@id\":\"https:\\\/\\\/www.pigrecoemme.com\\\/blog\\\/#\\\/schema\\\/logo\\\/image\\\/\",\"url\":\"https:\\\/\\\/i0.wp.com\\\/www.pigrecoemme.com\\\/blog\\\/wp-content\\\/uploads\\\/2018\\\/06\\\/logo-pigrecoemme-2018.png?fit=500%2C500&ssl=1\",\"contentUrl\":\"https:\\\/\\\/i0.wp.com\\\/www.pigrecoemme.com\\\/blog\\\/wp-content\\\/uploads\\\/2018\\\/06\\\/logo-pigrecoemme-2018.png?fit=500%2C500&ssl=1\",\"width\":500,\"height\":500,\"caption\":\"Scuola di cinema e fotografia Pigrecoemme\"},\"image\":{\"@id\":\"https:\\\/\\\/www.pigrecoemme.com\\\/blog\\\/#\\\/schema\\\/logo\\\/image\\\/\"},\"sameAs\":[\"https:\\\/\\\/www.facebook.com\\\/pigrecoemme\",\"https:\\\/\\\/x.com\\\/Pigrecoemme\",\"https:\\\/\\\/www.instagram.com\\\/pigrecoemme\\\/\",\"https:\\\/\\\/www.linkedin.com\\\/company\\\/pigrecoemme\\\/\",\"https:\\\/\\\/www.youtube.com\\\/pigrecoemme\"]},{\"@type\":\"Person\",\"@id\":\"https:\\\/\\\/www.pigrecoemme.com\\\/blog\\\/#\\\/schema\\\/person\\\/43d561452bf40a74a79bdb1d5c3b133a\",\"name\":\"Rossella Scialla\",\"image\":{\"@type\":\"ImageObject\",\"inLanguage\":\"it-IT\",\"@id\":\"https:\\\/\\\/secure.gravatar.com\\\/avatar\\\/47261bc799fbcf459b63af9c8e3a927a09ea7d7787d6ec2ed432adad1858614a?s=96&r=g\",\"url\":\"https:\\\/\\\/secure.gravatar.com\\\/avatar\\\/47261bc799fbcf459b63af9c8e3a927a09ea7d7787d6ec2ed432adad1858614a?s=96&r=g\",\"contentUrl\":\"https:\\\/\\\/secure.gravatar.com\\\/avatar\\\/47261bc799fbcf459b63af9c8e3a927a09ea7d7787d6ec2ed432adad1858614a?s=96&r=g\",\"caption\":\"Rossella Scialla\"},\"description\":\"Laureata in Scienze filosofiche, Rossella Scialla si avvicina al cinema come redattrice di L'eco di Caserta. Successivamente frequenta il corso \\\"Filmmaker\\\" alla Scuola Pigrecoemme al termine del quale dirige uno degli episodi del corto collettivo \\\"Nel girone invisibili\\\".\",\"sameAs\":[\"http:\\\/\\\/www.pigrecoemme.com\\\/blog\",\"https:\\\/\\\/www.facebook.com\\\/profile.php?id=1469379685\"],\"url\":\"https:\\\/\\\/www.pigrecoemme.com\\\/blog\\\/author\\\/rossella-scialla\\\/\"}]}<\/script>\n<!-- \/ Yoast SEO plugin. -->","yoast_head_json":{"title":"Napoli Film festival 2015 Day 2: Durak di Yury Bykov","description":"Recensione del film a cura di Rossella Scialla","robots":{"index":"index","follow":"follow","max-snippet":"max-snippet:-1","max-image-preview":"max-image-preview:large","max-video-preview":"max-video-preview:-1"},"canonical":"https:\/\/www.pigrecoemme.com\/blog\/napoli-film-festival-2015-day-2-durak-di-yury-bykov\/","og_locale":"it_IT","og_type":"article","og_title":"Napoli Film festival 2015 Day 2: Durak di Yury Bykov","og_description":"Recensione del film a cura di Rossella Scialla","og_url":"https:\/\/www.pigrecoemme.com\/blog\/napoli-film-festival-2015-day-2-durak-di-yury-bykov\/","og_site_name":"Scuola di Cinema Pigrecoemme - Blog","article_publisher":"https:\/\/www.facebook.com\/pigrecoemme","article_author":"https:\/\/www.facebook.com\/profile.php?id=1469379685","article_published_time":"2015-09-30T09:29:53+00:00","og_image":[{"url":"http:\/\/www.pigrecoemme.com\/blog\/wp-content\/uploads\/2015\/09\/napoli-film-festival-day-2.jpg","type":"","width":"","height":""}],"author":"Rossella Scialla","twitter_card":"summary_large_image","twitter_creator":"@Pigrecoemme","twitter_site":"@Pigrecoemme","twitter_misc":{"Scritto da":"Rossella Scialla","Tempo di lettura stimato":"3 minuti"},"schema":{"@context":"https:\/\/schema.org","@graph":[{"@type":["Article","BlogPosting"],"@id":"https:\/\/www.pigrecoemme.com\/blog\/napoli-film-festival-2015-day-2-durak-di-yury-bykov\/#article","isPartOf":{"@id":"https:\/\/www.pigrecoemme.com\/blog\/napoli-film-festival-2015-day-2-durak-di-yury-bykov\/"},"author":{"name":"Rossella Scialla","@id":"https:\/\/www.pigrecoemme.com\/blog\/#\/schema\/person\/43d561452bf40a74a79bdb1d5c3b133a"},"headline":"Napoli Film festival 2015 Day 2: Durak di Yury Bykov","datePublished":"2015-09-30T09:29:53+00:00","mainEntityOfPage":{"@id":"https:\/\/www.pigrecoemme.com\/blog\/napoli-film-festival-2015-day-2-durak-di-yury-bykov\/"},"wordCount":525,"commentCount":0,"publisher":{"@id":"https:\/\/www.pigrecoemme.com\/blog\/#organization"},"image":{"@id":"https:\/\/www.pigrecoemme.com\/blog\/napoli-film-festival-2015-day-2-durak-di-yury-bykov\/#primaryimage"},"thumbnailUrl":"http:\/\/www.pigrecoemme.com\/blog\/wp-content\/uploads\/2015\/09\/napoli-film-festival-day-2.jpg","keywords":["Durak","napoli film festival 2015","Yury Bykov"],"articleSection":["Analisi e Critica","Eventi","Segnalazioni"],"inLanguage":"it-IT","potentialAction":[{"@type":"CommentAction","name":"Comment","target":["https:\/\/www.pigrecoemme.com\/blog\/napoli-film-festival-2015-day-2-durak-di-yury-bykov\/#respond"]}]},{"@type":"WebPage","@id":"https:\/\/www.pigrecoemme.com\/blog\/napoli-film-festival-2015-day-2-durak-di-yury-bykov\/","url":"https:\/\/www.pigrecoemme.com\/blog\/napoli-film-festival-2015-day-2-durak-di-yury-bykov\/","name":"Napoli Film festival 2015 Day 2: Durak di Yury Bykov","isPartOf":{"@id":"https:\/\/www.pigrecoemme.com\/blog\/#website"},"primaryImageOfPage":{"@id":"https:\/\/www.pigrecoemme.com\/blog\/napoli-film-festival-2015-day-2-durak-di-yury-bykov\/#primaryimage"},"image":{"@id":"https:\/\/www.pigrecoemme.com\/blog\/napoli-film-festival-2015-day-2-durak-di-yury-bykov\/#primaryimage"},"thumbnailUrl":"http:\/\/www.pigrecoemme.com\/blog\/wp-content\/uploads\/2015\/09\/napoli-film-festival-day-2.jpg","datePublished":"2015-09-30T09:29:53+00:00","description":"Recensione del film a cura di Rossella Scialla","breadcrumb":{"@id":"https:\/\/www.pigrecoemme.com\/blog\/napoli-film-festival-2015-day-2-durak-di-yury-bykov\/#breadcrumb"},"inLanguage":"it-IT","potentialAction":[{"@type":"ReadAction","target":["https:\/\/www.pigrecoemme.com\/blog\/napoli-film-festival-2015-day-2-durak-di-yury-bykov\/"]}]},{"@type":"ImageObject","inLanguage":"it-IT","@id":"https:\/\/www.pigrecoemme.com\/blog\/napoli-film-festival-2015-day-2-durak-di-yury-bykov\/#primaryimage","url":"http:\/\/www.pigrecoemme.com\/blog\/wp-content\/uploads\/2015\/09\/napoli-film-festival-day-2.jpg","contentUrl":"http:\/\/www.pigrecoemme.com\/blog\/wp-content\/uploads\/2015\/09\/napoli-film-festival-day-2.jpg"},{"@type":"BreadcrumbList","@id":"https:\/\/www.pigrecoemme.com\/blog\/napoli-film-festival-2015-day-2-durak-di-yury-bykov\/#breadcrumb","itemListElement":[{"@type":"ListItem","position":1,"name":"Home","item":"https:\/\/www.pigrecoemme.com\/blog\/"},{"@type":"ListItem","position":2,"name":"Napoli Film festival 2015 Day 2: Durak di Yury Bykov"}]},{"@type":"WebSite","@id":"https:\/\/www.pigrecoemme.com\/blog\/#website","url":"https:\/\/www.pigrecoemme.com\/blog\/","name":"Scuola di Cinema Pigrecoemme - Blog","description":"Siamo la prima Scuola di Cinema e Fotografia di Napoli","publisher":{"@id":"https:\/\/www.pigrecoemme.com\/blog\/#organization"},"potentialAction":[{"@type":"SearchAction","target":{"@type":"EntryPoint","urlTemplate":"https:\/\/www.pigrecoemme.com\/blog\/?s={search_term_string}"},"query-input":{"@type":"PropertyValueSpecification","valueRequired":true,"valueName":"search_term_string"}}],"inLanguage":"it-IT"},{"@type":"Organization","@id":"https:\/\/www.pigrecoemme.com\/blog\/#organization","name":"Scuola di cinema e fotografia Pigrecoemme","url":"https:\/\/www.pigrecoemme.com\/blog\/","logo":{"@type":"ImageObject","inLanguage":"it-IT","@id":"https:\/\/www.pigrecoemme.com\/blog\/#\/schema\/logo\/image\/","url":"https:\/\/i0.wp.com\/www.pigrecoemme.com\/blog\/wp-content\/uploads\/2018\/06\/logo-pigrecoemme-2018.png?fit=500%2C500&ssl=1","contentUrl":"https:\/\/i0.wp.com\/www.pigrecoemme.com\/blog\/wp-content\/uploads\/2018\/06\/logo-pigrecoemme-2018.png?fit=500%2C500&ssl=1","width":500,"height":500,"caption":"Scuola di cinema e fotografia Pigrecoemme"},"image":{"@id":"https:\/\/www.pigrecoemme.com\/blog\/#\/schema\/logo\/image\/"},"sameAs":["https:\/\/www.facebook.com\/pigrecoemme","https:\/\/x.com\/Pigrecoemme","https:\/\/www.instagram.com\/pigrecoemme\/","https:\/\/www.linkedin.com\/company\/pigrecoemme\/","https:\/\/www.youtube.com\/pigrecoemme"]},{"@type":"Person","@id":"https:\/\/www.pigrecoemme.com\/blog\/#\/schema\/person\/43d561452bf40a74a79bdb1d5c3b133a","name":"Rossella Scialla","image":{"@type":"ImageObject","inLanguage":"it-IT","@id":"https:\/\/secure.gravatar.com\/avatar\/47261bc799fbcf459b63af9c8e3a927a09ea7d7787d6ec2ed432adad1858614a?s=96&r=g","url":"https:\/\/secure.gravatar.com\/avatar\/47261bc799fbcf459b63af9c8e3a927a09ea7d7787d6ec2ed432adad1858614a?s=96&r=g","contentUrl":"https:\/\/secure.gravatar.com\/avatar\/47261bc799fbcf459b63af9c8e3a927a09ea7d7787d6ec2ed432adad1858614a?s=96&r=g","caption":"Rossella Scialla"},"description":"Laureata in Scienze filosofiche, Rossella Scialla si avvicina al cinema come redattrice di L'eco di Caserta. Successivamente frequenta il corso \"Filmmaker\" alla Scuola Pigrecoemme al termine del quale dirige uno degli episodi del corto collettivo \"Nel girone invisibili\".","sameAs":["http:\/\/www.pigrecoemme.com\/blog","https:\/\/www.facebook.com\/profile.php?id=1469379685"],"url":"https:\/\/www.pigrecoemme.com\/blog\/author\/rossella-scialla\/"}]}},"jetpack_sharing_enabled":true,"jetpack_likes_enabled":true,"jetpack-related-posts":[{"id":2229,"url":"https:\/\/www.pigrecoemme.com\/blog\/i-nostri-allievi-al-napoli-film-festival-2018-e-un-docente-in-giuria\/","url_meta":{"origin":1494,"position":0},"title":"I nostri allievi al Napoli Film Festival 2018 (e un docente in giuria)","author":"Pigrecoemme","date":"26 Settembre 2018","format":false,"excerpt":"Giunto ormai alla ventesima edizione, il Napoli Film Festival \u00e8 un evento centrale della vita culturale napoletana, oltre ad essere riconosciuto a livello nazionale come evento particolarmente attento alle forme sperimentali del cinema, al cortometraggio, al documentario e alle produzioni indipendenti.Anche quest'anno \u00e8 nutritissima la compagine di ex allievi della\u2026","rel":"","context":"In &quot;Generale&quot;","block_context":{"text":"Generale","link":"https:\/\/www.pigrecoemme.com\/blog\/generale\/"},"img":{"alt_text":"Napoli Film Festival 2018","src":"https:\/\/i0.wp.com\/www.pigrecoemme.com\/blog\/wp-content\/uploads\/2018\/09\/napoli-film-festival-2018.jpg?resize=350%2C200&ssl=1","width":350,"height":200,"srcset":"https:\/\/i0.wp.com\/www.pigrecoemme.com\/blog\/wp-content\/uploads\/2018\/09\/napoli-film-festival-2018.jpg?resize=350%2C200&ssl=1 1x, https:\/\/i0.wp.com\/www.pigrecoemme.com\/blog\/wp-content\/uploads\/2018\/09\/napoli-film-festival-2018.jpg?resize=525%2C300&ssl=1 1.5x, https:\/\/i0.wp.com\/www.pigrecoemme.com\/blog\/wp-content\/uploads\/2018\/09\/napoli-film-festival-2018.jpg?resize=700%2C400&ssl=1 2x"},"classes":[]},{"id":688,"url":"https:\/\/www.pigrecoemme.com\/blog\/pigrecoemme-al-napoli-film-festival-2013\/","url_meta":{"origin":1494,"position":1},"title":"Pigrecoemme al Napoli Film Festival 2013","author":"Giacomo Fabbrocino","date":"4 Settembre 2013","format":false,"excerpt":"Anche quest'anno, al Napoli Film Festival, \u00e8 di tutto rispetto la presenza di nostri ex allievi e di produzioni che ci vedono a vario titolo coinvolti. Il documentario Ero un Re di Antonio Longo, gi\u00e0 premiato due anni fa al festival partenopeo per Midnight Bingo, \u00e8 in concorso nella sezione\u00a0SchermoNapoli\u2026","rel":"","context":"In &quot;Eventi&quot;","block_context":{"text":"Eventi","link":"https:\/\/www.pigrecoemme.com\/blog\/eventi\/"},"img":{"alt_text":"","src":"https:\/\/i0.wp.com\/www.pigrecoemme.com\/blog\/wp-content\/uploads\/2013\/09\/napoli-film-festival-2013.jpg?resize=350%2C200","width":350,"height":200},"classes":[]},{"id":2485,"url":"https:\/\/www.pigrecoemme.com\/blog\/pigrecoemme-al-napoli-film-festival-2019\/","url_meta":{"origin":1494,"position":2},"title":"Tris di Pigrecoemme al Napoli Film Festival 2019.","author":"Pigrecoemme","date":"19 Settembre 2019","format":false,"excerpt":"La Pigrecoemme \u00e8 presente al Napoli Film Festival 2019 con tre produzioni, tutte realizzate coinvolgendo allievi ed ex allievi. Flavioh - Tributo a Flavio Bucci Di questo documentario vi abbiamo gi\u00e0 parlato nel corso dell'ultimo anno: presentato alla Festa del cinema di Roma il 20 ottobre del 2018, il film\u2026","rel":"","context":"In &quot;Generale&quot;","block_context":{"text":"Generale","link":"https:\/\/www.pigrecoemme.com\/blog\/generale\/"},"img":{"alt_text":"Napoli Film Festival 2019","src":"https:\/\/i0.wp.com\/www.pigrecoemme.com\/blog\/wp-content\/uploads\/2019\/09\/napoli-film-festival-2019-pigrecoemme.jpg?resize=350%2C200","width":350,"height":200,"srcset":"https:\/\/i0.wp.com\/www.pigrecoemme.com\/blog\/wp-content\/uploads\/2019\/09\/napoli-film-festival-2019-pigrecoemme.jpg?resize=350%2C200 1x, https:\/\/i0.wp.com\/www.pigrecoemme.com\/blog\/wp-content\/uploads\/2019\/09\/napoli-film-festival-2019-pigrecoemme.jpg?resize=525%2C300 1.5x, https:\/\/i0.wp.com\/www.pigrecoemme.com\/blog\/wp-content\/uploads\/2019\/09\/napoli-film-festival-2019-pigrecoemme.jpg?resize=700%2C400 2x, https:\/\/i0.wp.com\/www.pigrecoemme.com\/blog\/wp-content\/uploads\/2019\/09\/napoli-film-festival-2019-pigrecoemme.jpg?resize=1050%2C600 3x, https:\/\/i0.wp.com\/www.pigrecoemme.com\/blog\/wp-content\/uploads\/2019\/09\/napoli-film-festival-2019-pigrecoemme.jpg?resize=1400%2C800 4x"},"classes":[]},{"id":157,"url":"https:\/\/www.pigrecoemme.com\/blog\/lo-spot-diretto-da-angelo-serio-al-napoli-film-festival\/","url_meta":{"origin":1494,"position":3},"title":"Lo spot diretto da Angelo Serio al Napoli Film Festival","author":"Giacomo Fabbrocino","date":"14 Giugno 2009","format":false,"excerpt":"Al Napoli Film Festival, la consueta rassegna in corso di svolgimento a Castel Sant\u2019Elmo\u00a0 fino a luned\u00ec 15 giugno 2009, sar\u00e0 presente anche uno spot per promuovere l\u2019affido familiare. Fidarsi \u00e8 bene, affidarsi \u00e8 bello \u00e8 il suo titolo: lo spot \u00e8 diretto dal regista Angelo Serio e ha come\u2026","rel":"","context":"In &quot;Generale&quot;","block_context":{"text":"Generale","link":"https:\/\/www.pigrecoemme.com\/blog\/generale\/"},"img":{"alt_text":"","src":"","width":0,"height":0},"classes":[]},{"id":1505,"url":"https:\/\/www.pigrecoemme.com\/blog\/le-anime-nere-di-munzi-napoli-film-festival\/","url_meta":{"origin":1494,"position":4},"title":"Le Anime nere di Munzi alla sesta giornata del Napoli Film Festival","author":"Rossella Scialla","date":"5 Ottobre 2015","format":false,"excerpt":"In Anime Nere, il film di Francesco Munzi vincitore di nove statuette ai David di Donatello 2015, la storia di un territorio, quello calabrese, dilaniato dalle correnti inquinate della \u2018ndrangheta e la vicenda di una famiglia ad esso appartenente, si compenetrano fino a diventare un unico corpo. Le radici della\u2026","rel":"","context":"In &quot;Analisi e Critica&quot;","block_context":{"text":"Analisi e Critica","link":"https:\/\/www.pigrecoemme.com\/blog\/analisi-e-critica-2\/"},"img":{"alt_text":"Anime Nere","src":"https:\/\/i0.wp.com\/www.pigrecoemme.com\/blog\/wp-content\/uploads\/2015\/10\/anime-nere.jpg?resize=350%2C200","width":350,"height":200,"srcset":"https:\/\/i0.wp.com\/www.pigrecoemme.com\/blog\/wp-content\/uploads\/2015\/10\/anime-nere.jpg?resize=350%2C200 1x, https:\/\/i0.wp.com\/www.pigrecoemme.com\/blog\/wp-content\/uploads\/2015\/10\/anime-nere.jpg?resize=525%2C300 1.5x, https:\/\/i0.wp.com\/www.pigrecoemme.com\/blog\/wp-content\/uploads\/2015\/10\/anime-nere.jpg?resize=700%2C400 2x"},"classes":[]},{"id":424,"url":"https:\/\/www.pigrecoemme.com\/blog\/midnight-bingo-proiezione-gratuita-il-28-ottobre\/","url_meta":{"origin":1494,"position":5},"title":"Midnight Bingo: proiezione gratuita il 27 ottobre","author":"Giacomo Fabbrocino","date":"24 Ottobre 2011","format":false,"excerpt":"Gioved\u00ec 27 ottobre, alle ore 18,00, nella sede della Scuola di cinema Pigrecoemme (a Napoli, in Piazza Portanova, 11), avr\u00e0 luogo la proiezione di \u201cMidnight Bingo\u201d di Antonio Longo, documentario co-prodotto da Pigrecoemme, con il quale l\u2019ex allievo della prima scuola di cinema di Napoli, ha vinto il premio per\u2026","rel":"","context":"In &quot;Eventi&quot;","block_context":{"text":"Eventi","link":"https:\/\/www.pigrecoemme.com\/blog\/eventi\/"},"img":{"alt_text":"","src":"https:\/\/i0.wp.com\/www.pigrecoemme.com\/blog\/wp-content\/uploads\/2011\/10\/midnight-bingo.jpg?resize=350%2C200","width":350,"height":200},"classes":[]}],"jetpack_featured_media_url":"","_links":{"self":[{"href":"https:\/\/www.pigrecoemme.com\/blog\/wp-json\/wp\/v2\/posts\/1494","targetHints":{"allow":["GET"]}}],"collection":[{"href":"https:\/\/www.pigrecoemme.com\/blog\/wp-json\/wp\/v2\/posts"}],"about":[{"href":"https:\/\/www.pigrecoemme.com\/blog\/wp-json\/wp\/v2\/types\/post"}],"author":[{"embeddable":true,"href":"https:\/\/www.pigrecoemme.com\/blog\/wp-json\/wp\/v2\/users\/5"}],"replies":[{"embeddable":true,"href":"https:\/\/www.pigrecoemme.com\/blog\/wp-json\/wp\/v2\/comments?post=1494"}],"version-history":[{"count":0,"href":"https:\/\/www.pigrecoemme.com\/blog\/wp-json\/wp\/v2\/posts\/1494\/revisions"}],"wp:attachment":[{"href":"https:\/\/www.pigrecoemme.com\/blog\/wp-json\/wp\/v2\/media?parent=1494"}],"wp:term":[{"taxonomy":"category","embeddable":true,"href":"https:\/\/www.pigrecoemme.com\/blog\/wp-json\/wp\/v2\/categories?post=1494"},{"taxonomy":"post_tag","embeddable":true,"href":"https:\/\/www.pigrecoemme.com\/blog\/wp-json\/wp\/v2\/tags?post=1494"}],"curies":[{"name":"wp","href":"https:\/\/api.w.org\/{rel}","templated":true}]}}