{"id":1489,"date":"2015-09-29T14:29:16","date_gmt":"2015-09-29T12:29:16","guid":{"rendered":"http:\/\/www.pigrecoemme.com\/blog\/?p=1489"},"modified":"2015-09-29T15:42:32","modified_gmt":"2015-09-29T13:42:32","slug":"napoli-film-festival-2015-day-1","status":"publish","type":"post","link":"https:\/\/www.pigrecoemme.com\/blog\/napoli-film-festival-2015-day-1\/","title":{"rendered":"Napoli Film Festival 2015 &#8211; Day 1"},"content":{"rendered":"<p><a href=\"https:\/\/i0.wp.com\/www.pigrecoemme.com\/blog\/wp-content\/uploads\/2015\/09\/napoli-film-festival-day1.jpg?ssl=1\"><img data-recalc-dims=\"1\" loading=\"lazy\" decoding=\"async\" class=\"aligncenter size-full wp-image-1492\" src=\"https:\/\/i0.wp.com\/www.pigrecoemme.com\/blog\/wp-content\/uploads\/2015\/09\/napoli-film-festival-day1.jpg?resize=484%2C252&#038;ssl=1\" alt=\"Napoli film festival 2015 day 1\" width=\"484\" height=\"252\" srcset=\"https:\/\/i0.wp.com\/www.pigrecoemme.com\/blog\/wp-content\/uploads\/2015\/09\/napoli-film-festival-day1.jpg?w=484&amp;ssl=1 484w, https:\/\/i0.wp.com\/www.pigrecoemme.com\/blog\/wp-content\/uploads\/2015\/09\/napoli-film-festival-day1.jpg?resize=300%2C156&amp;ssl=1 300w\" sizes=\"auto, (max-width: 484px) 100vw, 484px\" \/><\/a><\/p>\n<p>La prima giornata della 17ma edizione del\u00a0<strong>Napoli Film Festival<\/strong> si presenta come una breve rassegna sul tempo e le sue dinamiche. Sulla sua spaccatura interna e il modo in cui cerchiamo disperatamente di riempirla o nasconderla, seguendo l\u2019et\u00e0 e le occasioni, per poi arrenderci alla sua definitiva presenza.<br \/>\nSui rapporti che si vestono del linguaggio del tempo, che nascono da un segno e si annullano nella proiezione identitaria.<\/p>\n<p><!--more--><br \/>\nIl pomeriggio si apre con i corti di <strong>SchermoNapoliCorti\u00a0<\/strong>e qui il tempo mostra la sua immagine pi\u00f9 vorace, con piccole crepe riempite di passione, amore, attesa, speranza.<br \/>\n\u201c<em>Quello che non ho \u00e8 un orologio per correre avanti e tenervi pi\u00f9 distanti<\/em>\u201d, chiosa <strong>De Andr\u00e8<\/strong> nel corto<em> L\u2019amore \u00e8 un segno<\/em> di <strong>Rosario Gallone<\/strong>, prodotto dalla <strong>Scuola di Cinema Pigrecoemme di Napoli<\/strong>. Ma la distanza che il linguaggio canonico non pu\u00f2 colmare, \u00e8 qui riempita dal sentimento, da un segno che poggia sull\u2019accettazione del proprio Io, prima di quello altrui.<br \/>\nUn Io che in<em> Il Ballo di Marte<\/em> di <strong>S. Martusciello<\/strong> realizzato con la <strong>Scuola di Cinema Ascii<\/strong>, fuoriesce da s\u00e9 per perdersi nell\u2019Altro, nel suo corpo e nelle tentazioni che esso ci presenta, scegliendo poi di tornare o vagare nello spazio che qualcuno ha per noi delimitato . Nel corto animato <em>Mr J<\/em> di <strong>L. Poce<\/strong>, <strong>A. Moriello<\/strong>, <strong>A. Accennato<\/strong> della <strong>Controlzeta Lab<\/strong>, con le musiche di <strong>Luigi \u201cLuben\u201d Benzoino<\/strong>, l\u2019Altro \u00e8 la Natura, i cui limiti superano di gran lunga i parametri corporali per dirigere il nostro sguardo verso un orizzonte che pare illimitato, come le scelte e come la speranza.<br \/>\nEd \u00e8 la speranza la protagonista indiscussa degli altri due Corti della Rassegna, sebbene in forme diametralmente opposte. La speranza colta nella sua purezza e coniugata al futuro in <em>Ricordami<\/em> per sempre di <strong>Massimiliano Pacifico<\/strong> e la speranza rivolta al passato, che si trasforma necessariamente in annientamento dei presente e morte come in\u00a0<em>La Macchina Americana<\/em>. Ma per il regista <strong>Alessandro Spada<\/strong> la morte \u00e8 qui una riconciliazione con il passato, e quindi un tempo che si avviluppa nietzscheanamente su se stesso, per l\u2019eternit\u00e0.<\/p>\n<figure id=\"attachment_1491\" aria-describedby=\"caption-attachment-1491\" style=\"width: 650px\" class=\"wp-caption aligncenter\"><img data-recalc-dims=\"1\" loading=\"lazy\" decoding=\"async\" class=\"size-full wp-image-1491\" src=\"https:\/\/i0.wp.com\/www.pigrecoemme.com\/blog\/wp-content\/uploads\/2015\/09\/mediacritica_l_amore_molesto-650x250.jpg?resize=650%2C250&#038;ssl=1\" alt=\"Anna Bonaiuto in una scena tratta dal film L'amore molesto di Mario Martone\" width=\"650\" height=\"250\" srcset=\"https:\/\/i0.wp.com\/www.pigrecoemme.com\/blog\/wp-content\/uploads\/2015\/09\/mediacritica_l_amore_molesto-650x250.jpg?resize=650%2C250&amp;ssl=1 650w, https:\/\/i0.wp.com\/www.pigrecoemme.com\/blog\/wp-content\/uploads\/2015\/09\/mediacritica_l_amore_molesto-650x250.jpg?resize=300%2C115&amp;ssl=1 300w, https:\/\/i0.wp.com\/www.pigrecoemme.com\/blog\/wp-content\/uploads\/2015\/09\/mediacritica_l_amore_molesto-650x250.jpg?resize=500%2C192&amp;ssl=1 500w\" sizes=\"auto, (max-width: 650px) 100vw, 650px\" \/><figcaption id=\"caption-attachment-1491\" class=\"wp-caption-text\">Anna Bonaiuto in una scena tratta dal film L&#8217;amore molesto di Mario Martone<\/figcaption><\/figure>\n<p>Nella seconda parte della giornata, Il tempo riempito lascia spazio a quello svelato attraverso l\u2019Incontro con <strong>Mario Martone<\/strong>, intervistato da <strong>Enzo D\u2019Errico<\/strong>, direttore del <strong>Corriere del Mezzogiorno<\/strong>, e la proiezione di <em>Morte di un matematico napoletano<\/em>, <em>L\u2019amore molesto<\/em> e <em>Pastorale Cilentana<\/em> , il corto realizzato per il <strong>Padiglione zero<\/strong> dell\u2019<strong>Expo<\/strong>.\u00a0Come rivela il regista, infatti, la disillusione si dipana lentamente in tutti i suoi film, seguendo un sistema binario che ricollega il cinema al cinema stesso, in<em> Il Giovane favoloso<\/em> si riflette\u00a0<em>Noi credevamo<\/em> ed in\u00a0<em>Morte di un matematico napoletano<\/em>\u00a0<em>Mani sulla citt\u00e0<\/em> di <strong>Francesco Rosi<\/strong>, o\u00a0alla letteratura, come accade per\u00a0<em>L\u2019odore del sangue\u00a0<\/em>(da\u00a0<strong>Goffredo Parise<\/strong>)\u00a0e per\u00a0<em>L\u2019amore molesto <\/em>(da\u00a0<strong>Elena Ferrante<\/strong>).<br \/>\nUna disillusione che nasconde tutti i tentativi di riempire quella spaccatura interna, quella ruga che cerchiamo di assottigliare, rivelandone la reale natura: il tempo.<br \/>\n<strong>Martone<\/strong>, infatti, nasce come regista teatrale e la rappresentazione delle <strong>Operette Morali<\/strong> di <strong>Leopardi<\/strong>, nonch\u00e9 la naturale vena leopardiana della sua cifra artistica , lo hanno condotto alla sua pellicola pi\u00f9 nota,<em> Il Giovane favoloso<\/em>.<br \/>\nMa \u00e8 in <em>L\u2019Amore molesto<\/em>, proiettato a fine serata, che la verit\u00e0 sussurrata dalla disillusione esce fuori in tutta la sua crudelt\u00e0, in un percorso esistenziale che parte da una proiezione di s\u00e9 e da una perdita, per terminare in una riappropriazione di ci\u00f2 che solo quella perdita pu\u00f2 restituirci.<\/p>\n<p>E noi, al termine di questo percorso identitario, come nel corto di <strong>Alessandro Spada<\/strong>, azzeriamo il tempo e ci prepariamo a una seconda giornata di proiezioni. Ingenuamente.<\/p>\n","protected":false},"excerpt":{"rendered":"<p>La prima giornata della 17ma edizione del\u00a0Napoli Film Festival si presenta come una breve rassegna sul tempo e le sue dinamiche. Sulla sua spaccatura interna e il modo in cui cerchiamo disperatamente di riempirla&hellip;<\/p>\n","protected":false},"author":5,"featured_media":0,"comment_status":"open","ping_status":"open","sticky":false,"template":"","format":"standard","meta":{"_jetpack_newsletter_access":"","_jetpack_dont_email_post_to_subs":false,"_jetpack_newsletter_tier_id":0,"_jetpack_memberships_contains_paywalled_content":false,"_jetpack_feature_clip_id":0,"_jetpack_memberships_contains_paid_content":false,"footnotes":"","jetpack_post_was_ever_published":false},"categories":[950,11],"tags":[42,1334,1333,1335,58,1332],"class_list":["post-1489","post","type-post","status-publish","format-standard","hentry","category-analisi-e-critica-2","category-eventi","tag-cortometraggi","tag-lamore-molesto","tag-mario-martone","tag-napoli-film-festival-2015","tag-pigrecoemme","tag-schermo-napoli-corti"],"yoast_head":"<!-- This site is optimized with the Yoast SEO plugin v28.3 - https:\/\/yoast.com\/product\/yoast-seo-wordpress\/ -->\n<title>Napoli Film Festival 2015 - Day 1<\/title>\n<meta name=\"description\" content=\"Un resoconto sulla prima giornata di festival, a cura di Rossella Scialla.\" \/>\n<meta name=\"robots\" content=\"index, follow, max-snippet:-1, max-image-preview:large, max-video-preview:-1\" \/>\n<link rel=\"canonical\" href=\"https:\/\/www.pigrecoemme.com\/blog\/napoli-film-festival-2015-day-1\/\" \/>\n<meta property=\"og:locale\" content=\"it_IT\" \/>\n<meta property=\"og:type\" content=\"article\" \/>\n<meta property=\"og:title\" content=\"Napoli Film Festival 2015 - Day 1\" \/>\n<meta property=\"og:description\" content=\"Un resoconto sulla prima giornata di festival, a cura di Rossella Scialla.\" \/>\n<meta property=\"og:url\" content=\"https:\/\/www.pigrecoemme.com\/blog\/napoli-film-festival-2015-day-1\/\" \/>\n<meta property=\"og:site_name\" content=\"Scuola di Cinema Pigrecoemme - Blog\" \/>\n<meta property=\"article:publisher\" content=\"https:\/\/www.facebook.com\/pigrecoemme\" \/>\n<meta property=\"article:author\" content=\"https:\/\/www.facebook.com\/profile.php?id=1469379685\" \/>\n<meta property=\"article:published_time\" content=\"2015-09-29T12:29:16+00:00\" \/>\n<meta property=\"article:modified_time\" content=\"2015-09-29T13:42:32+00:00\" \/>\n<meta property=\"og:image\" content=\"https:\/\/www.pigrecoemme.com\/blog\/wp-content\/uploads\/2015\/09\/napoli-film-festival-day1.jpg\" \/>\n\t<meta property=\"og:image:width\" content=\"484\" \/>\n\t<meta property=\"og:image:height\" content=\"252\" \/>\n\t<meta property=\"og:image:type\" content=\"image\/jpeg\" \/>\n<meta name=\"author\" content=\"Rossella Scialla\" \/>\n<meta name=\"twitter:card\" content=\"summary_large_image\" \/>\n<meta name=\"twitter:creator\" content=\"@Pigrecoemme\" \/>\n<meta name=\"twitter:site\" content=\"@Pigrecoemme\" \/>\n<meta name=\"twitter:label1\" content=\"Scritto da\" \/>\n\t<meta name=\"twitter:data1\" content=\"Rossella Scialla\" \/>\n\t<meta name=\"twitter:label2\" content=\"Tempo di lettura stimato\" \/>\n\t<meta name=\"twitter:data2\" content=\"3 minuti\" \/>\n<script type=\"application\/ld+json\" class=\"yoast-schema-graph\">{\"@context\":\"https:\\\/\\\/schema.org\",\"@graph\":[{\"@type\":[\"Article\",\"BlogPosting\"],\"@id\":\"https:\\\/\\\/www.pigrecoemme.com\\\/blog\\\/napoli-film-festival-2015-day-1\\\/#article\",\"isPartOf\":{\"@id\":\"https:\\\/\\\/www.pigrecoemme.com\\\/blog\\\/napoli-film-festival-2015-day-1\\\/\"},\"author\":{\"name\":\"Rossella Scialla\",\"@id\":\"https:\\\/\\\/www.pigrecoemme.com\\\/blog\\\/#\\\/schema\\\/person\\\/43d561452bf40a74a79bdb1d5c3b133a\"},\"headline\":\"Napoli Film Festival 2015 &#8211; Day 1\",\"datePublished\":\"2015-09-29T12:29:16+00:00\",\"dateModified\":\"2015-09-29T13:42:32+00:00\",\"mainEntityOfPage\":{\"@id\":\"https:\\\/\\\/www.pigrecoemme.com\\\/blog\\\/napoli-film-festival-2015-day-1\\\/\"},\"wordCount\":627,\"commentCount\":0,\"publisher\":{\"@id\":\"https:\\\/\\\/www.pigrecoemme.com\\\/blog\\\/#organization\"},\"image\":{\"@id\":\"https:\\\/\\\/www.pigrecoemme.com\\\/blog\\\/napoli-film-festival-2015-day-1\\\/#primaryimage\"},\"thumbnailUrl\":\"http:\\\/\\\/www.pigrecoemme.com\\\/blog\\\/wp-content\\\/uploads\\\/2015\\\/09\\\/napoli-film-festival-day1.jpg\",\"keywords\":[\"cortometraggi\",\"l'amore molesto\",\"mario martone\",\"napoli film festival 2015\",\"pigrecoemme\",\"schermo napoli corti\"],\"articleSection\":[\"Analisi e Critica\",\"Eventi\"],\"inLanguage\":\"it-IT\",\"potentialAction\":[{\"@type\":\"CommentAction\",\"name\":\"Comment\",\"target\":[\"https:\\\/\\\/www.pigrecoemme.com\\\/blog\\\/napoli-film-festival-2015-day-1\\\/#respond\"]}]},{\"@type\":\"WebPage\",\"@id\":\"https:\\\/\\\/www.pigrecoemme.com\\\/blog\\\/napoli-film-festival-2015-day-1\\\/\",\"url\":\"https:\\\/\\\/www.pigrecoemme.com\\\/blog\\\/napoli-film-festival-2015-day-1\\\/\",\"name\":\"Napoli Film Festival 2015 - Day 1\",\"isPartOf\":{\"@id\":\"https:\\\/\\\/www.pigrecoemme.com\\\/blog\\\/#website\"},\"primaryImageOfPage\":{\"@id\":\"https:\\\/\\\/www.pigrecoemme.com\\\/blog\\\/napoli-film-festival-2015-day-1\\\/#primaryimage\"},\"image\":{\"@id\":\"https:\\\/\\\/www.pigrecoemme.com\\\/blog\\\/napoli-film-festival-2015-day-1\\\/#primaryimage\"},\"thumbnailUrl\":\"http:\\\/\\\/www.pigrecoemme.com\\\/blog\\\/wp-content\\\/uploads\\\/2015\\\/09\\\/napoli-film-festival-day1.jpg\",\"datePublished\":\"2015-09-29T12:29:16+00:00\",\"dateModified\":\"2015-09-29T13:42:32+00:00\",\"description\":\"Un resoconto sulla prima giornata di festival, a cura di Rossella Scialla.\",\"breadcrumb\":{\"@id\":\"https:\\\/\\\/www.pigrecoemme.com\\\/blog\\\/napoli-film-festival-2015-day-1\\\/#breadcrumb\"},\"inLanguage\":\"it-IT\",\"potentialAction\":[{\"@type\":\"ReadAction\",\"target\":[\"https:\\\/\\\/www.pigrecoemme.com\\\/blog\\\/napoli-film-festival-2015-day-1\\\/\"]}]},{\"@type\":\"ImageObject\",\"inLanguage\":\"it-IT\",\"@id\":\"https:\\\/\\\/www.pigrecoemme.com\\\/blog\\\/napoli-film-festival-2015-day-1\\\/#primaryimage\",\"url\":\"http:\\\/\\\/www.pigrecoemme.com\\\/blog\\\/wp-content\\\/uploads\\\/2015\\\/09\\\/napoli-film-festival-day1.jpg\",\"contentUrl\":\"http:\\\/\\\/www.pigrecoemme.com\\\/blog\\\/wp-content\\\/uploads\\\/2015\\\/09\\\/napoli-film-festival-day1.jpg\"},{\"@type\":\"BreadcrumbList\",\"@id\":\"https:\\\/\\\/www.pigrecoemme.com\\\/blog\\\/napoli-film-festival-2015-day-1\\\/#breadcrumb\",\"itemListElement\":[{\"@type\":\"ListItem\",\"position\":1,\"name\":\"Home\",\"item\":\"https:\\\/\\\/www.pigrecoemme.com\\\/blog\\\/\"},{\"@type\":\"ListItem\",\"position\":2,\"name\":\"Napoli Film Festival 2015 &#8211; Day 1\"}]},{\"@type\":\"WebSite\",\"@id\":\"https:\\\/\\\/www.pigrecoemme.com\\\/blog\\\/#website\",\"url\":\"https:\\\/\\\/www.pigrecoemme.com\\\/blog\\\/\",\"name\":\"Scuola di Cinema Pigrecoemme - Blog\",\"description\":\"Siamo la prima Scuola di Cinema e Fotografia di Napoli\",\"publisher\":{\"@id\":\"https:\\\/\\\/www.pigrecoemme.com\\\/blog\\\/#organization\"},\"potentialAction\":[{\"@type\":\"SearchAction\",\"target\":{\"@type\":\"EntryPoint\",\"urlTemplate\":\"https:\\\/\\\/www.pigrecoemme.com\\\/blog\\\/?s={search_term_string}\"},\"query-input\":{\"@type\":\"PropertyValueSpecification\",\"valueRequired\":true,\"valueName\":\"search_term_string\"}}],\"inLanguage\":\"it-IT\"},{\"@type\":\"Organization\",\"@id\":\"https:\\\/\\\/www.pigrecoemme.com\\\/blog\\\/#organization\",\"name\":\"Scuola di cinema e fotografia Pigrecoemme\",\"url\":\"https:\\\/\\\/www.pigrecoemme.com\\\/blog\\\/\",\"logo\":{\"@type\":\"ImageObject\",\"inLanguage\":\"it-IT\",\"@id\":\"https:\\\/\\\/www.pigrecoemme.com\\\/blog\\\/#\\\/schema\\\/logo\\\/image\\\/\",\"url\":\"https:\\\/\\\/i0.wp.com\\\/www.pigrecoemme.com\\\/blog\\\/wp-content\\\/uploads\\\/2018\\\/06\\\/logo-pigrecoemme-2018.png?fit=500%2C500&ssl=1\",\"contentUrl\":\"https:\\\/\\\/i0.wp.com\\\/www.pigrecoemme.com\\\/blog\\\/wp-content\\\/uploads\\\/2018\\\/06\\\/logo-pigrecoemme-2018.png?fit=500%2C500&ssl=1\",\"width\":500,\"height\":500,\"caption\":\"Scuola di cinema e fotografia Pigrecoemme\"},\"image\":{\"@id\":\"https:\\\/\\\/www.pigrecoemme.com\\\/blog\\\/#\\\/schema\\\/logo\\\/image\\\/\"},\"sameAs\":[\"https:\\\/\\\/www.facebook.com\\\/pigrecoemme\",\"https:\\\/\\\/x.com\\\/Pigrecoemme\",\"https:\\\/\\\/www.instagram.com\\\/pigrecoemme\\\/\",\"https:\\\/\\\/www.linkedin.com\\\/company\\\/pigrecoemme\\\/\",\"https:\\\/\\\/www.youtube.com\\\/pigrecoemme\"]},{\"@type\":\"Person\",\"@id\":\"https:\\\/\\\/www.pigrecoemme.com\\\/blog\\\/#\\\/schema\\\/person\\\/43d561452bf40a74a79bdb1d5c3b133a\",\"name\":\"Rossella Scialla\",\"image\":{\"@type\":\"ImageObject\",\"inLanguage\":\"it-IT\",\"@id\":\"https:\\\/\\\/secure.gravatar.com\\\/avatar\\\/47261bc799fbcf459b63af9c8e3a927a09ea7d7787d6ec2ed432adad1858614a?s=96&r=g\",\"url\":\"https:\\\/\\\/secure.gravatar.com\\\/avatar\\\/47261bc799fbcf459b63af9c8e3a927a09ea7d7787d6ec2ed432adad1858614a?s=96&r=g\",\"contentUrl\":\"https:\\\/\\\/secure.gravatar.com\\\/avatar\\\/47261bc799fbcf459b63af9c8e3a927a09ea7d7787d6ec2ed432adad1858614a?s=96&r=g\",\"caption\":\"Rossella Scialla\"},\"description\":\"Laureata in Scienze filosofiche, Rossella Scialla si avvicina al cinema come redattrice di L'eco di Caserta. Successivamente frequenta il corso \\\"Filmmaker\\\" alla Scuola Pigrecoemme al termine del quale dirige uno degli episodi del corto collettivo \\\"Nel girone invisibili\\\".\",\"sameAs\":[\"http:\\\/\\\/www.pigrecoemme.com\\\/blog\",\"https:\\\/\\\/www.facebook.com\\\/profile.php?id=1469379685\"],\"url\":\"https:\\\/\\\/www.pigrecoemme.com\\\/blog\\\/author\\\/rossella-scialla\\\/\"}]}<\/script>\n<!-- \/ Yoast SEO plugin. -->","yoast_head_json":{"title":"Napoli Film Festival 2015 - Day 1","description":"Un resoconto sulla prima giornata di festival, a cura di Rossella Scialla.","robots":{"index":"index","follow":"follow","max-snippet":"max-snippet:-1","max-image-preview":"max-image-preview:large","max-video-preview":"max-video-preview:-1"},"canonical":"https:\/\/www.pigrecoemme.com\/blog\/napoli-film-festival-2015-day-1\/","og_locale":"it_IT","og_type":"article","og_title":"Napoli Film Festival 2015 - Day 1","og_description":"Un resoconto sulla prima giornata di festival, a cura di Rossella Scialla.","og_url":"https:\/\/www.pigrecoemme.com\/blog\/napoli-film-festival-2015-day-1\/","og_site_name":"Scuola di Cinema Pigrecoemme - Blog","article_publisher":"https:\/\/www.facebook.com\/pigrecoemme","article_author":"https:\/\/www.facebook.com\/profile.php?id=1469379685","article_published_time":"2015-09-29T12:29:16+00:00","article_modified_time":"2015-09-29T13:42:32+00:00","og_image":[{"width":484,"height":252,"url":"https:\/\/www.pigrecoemme.com\/blog\/wp-content\/uploads\/2015\/09\/napoli-film-festival-day1.jpg","type":"image\/jpeg"}],"author":"Rossella Scialla","twitter_card":"summary_large_image","twitter_creator":"@Pigrecoemme","twitter_site":"@Pigrecoemme","twitter_misc":{"Scritto da":"Rossella Scialla","Tempo di lettura stimato":"3 minuti"},"schema":{"@context":"https:\/\/schema.org","@graph":[{"@type":["Article","BlogPosting"],"@id":"https:\/\/www.pigrecoemme.com\/blog\/napoli-film-festival-2015-day-1\/#article","isPartOf":{"@id":"https:\/\/www.pigrecoemme.com\/blog\/napoli-film-festival-2015-day-1\/"},"author":{"name":"Rossella Scialla","@id":"https:\/\/www.pigrecoemme.com\/blog\/#\/schema\/person\/43d561452bf40a74a79bdb1d5c3b133a"},"headline":"Napoli Film Festival 2015 &#8211; Day 1","datePublished":"2015-09-29T12:29:16+00:00","dateModified":"2015-09-29T13:42:32+00:00","mainEntityOfPage":{"@id":"https:\/\/www.pigrecoemme.com\/blog\/napoli-film-festival-2015-day-1\/"},"wordCount":627,"commentCount":0,"publisher":{"@id":"https:\/\/www.pigrecoemme.com\/blog\/#organization"},"image":{"@id":"https:\/\/www.pigrecoemme.com\/blog\/napoli-film-festival-2015-day-1\/#primaryimage"},"thumbnailUrl":"http:\/\/www.pigrecoemme.com\/blog\/wp-content\/uploads\/2015\/09\/napoli-film-festival-day1.jpg","keywords":["cortometraggi","l'amore molesto","mario martone","napoli film festival 2015","pigrecoemme","schermo napoli corti"],"articleSection":["Analisi e Critica","Eventi"],"inLanguage":"it-IT","potentialAction":[{"@type":"CommentAction","name":"Comment","target":["https:\/\/www.pigrecoemme.com\/blog\/napoli-film-festival-2015-day-1\/#respond"]}]},{"@type":"WebPage","@id":"https:\/\/www.pigrecoemme.com\/blog\/napoli-film-festival-2015-day-1\/","url":"https:\/\/www.pigrecoemme.com\/blog\/napoli-film-festival-2015-day-1\/","name":"Napoli Film Festival 2015 - Day 1","isPartOf":{"@id":"https:\/\/www.pigrecoemme.com\/blog\/#website"},"primaryImageOfPage":{"@id":"https:\/\/www.pigrecoemme.com\/blog\/napoli-film-festival-2015-day-1\/#primaryimage"},"image":{"@id":"https:\/\/www.pigrecoemme.com\/blog\/napoli-film-festival-2015-day-1\/#primaryimage"},"thumbnailUrl":"http:\/\/www.pigrecoemme.com\/blog\/wp-content\/uploads\/2015\/09\/napoli-film-festival-day1.jpg","datePublished":"2015-09-29T12:29:16+00:00","dateModified":"2015-09-29T13:42:32+00:00","description":"Un resoconto sulla prima giornata di festival, a cura di Rossella Scialla.","breadcrumb":{"@id":"https:\/\/www.pigrecoemme.com\/blog\/napoli-film-festival-2015-day-1\/#breadcrumb"},"inLanguage":"it-IT","potentialAction":[{"@type":"ReadAction","target":["https:\/\/www.pigrecoemme.com\/blog\/napoli-film-festival-2015-day-1\/"]}]},{"@type":"ImageObject","inLanguage":"it-IT","@id":"https:\/\/www.pigrecoemme.com\/blog\/napoli-film-festival-2015-day-1\/#primaryimage","url":"http:\/\/www.pigrecoemme.com\/blog\/wp-content\/uploads\/2015\/09\/napoli-film-festival-day1.jpg","contentUrl":"http:\/\/www.pigrecoemme.com\/blog\/wp-content\/uploads\/2015\/09\/napoli-film-festival-day1.jpg"},{"@type":"BreadcrumbList","@id":"https:\/\/www.pigrecoemme.com\/blog\/napoli-film-festival-2015-day-1\/#breadcrumb","itemListElement":[{"@type":"ListItem","position":1,"name":"Home","item":"https:\/\/www.pigrecoemme.com\/blog\/"},{"@type":"ListItem","position":2,"name":"Napoli Film Festival 2015 &#8211; Day 1"}]},{"@type":"WebSite","@id":"https:\/\/www.pigrecoemme.com\/blog\/#website","url":"https:\/\/www.pigrecoemme.com\/blog\/","name":"Scuola di Cinema Pigrecoemme - Blog","description":"Siamo la prima Scuola di Cinema e Fotografia di Napoli","publisher":{"@id":"https:\/\/www.pigrecoemme.com\/blog\/#organization"},"potentialAction":[{"@type":"SearchAction","target":{"@type":"EntryPoint","urlTemplate":"https:\/\/www.pigrecoemme.com\/blog\/?s={search_term_string}"},"query-input":{"@type":"PropertyValueSpecification","valueRequired":true,"valueName":"search_term_string"}}],"inLanguage":"it-IT"},{"@type":"Organization","@id":"https:\/\/www.pigrecoemme.com\/blog\/#organization","name":"Scuola di cinema e fotografia Pigrecoemme","url":"https:\/\/www.pigrecoemme.com\/blog\/","logo":{"@type":"ImageObject","inLanguage":"it-IT","@id":"https:\/\/www.pigrecoemme.com\/blog\/#\/schema\/logo\/image\/","url":"https:\/\/i0.wp.com\/www.pigrecoemme.com\/blog\/wp-content\/uploads\/2018\/06\/logo-pigrecoemme-2018.png?fit=500%2C500&ssl=1","contentUrl":"https:\/\/i0.wp.com\/www.pigrecoemme.com\/blog\/wp-content\/uploads\/2018\/06\/logo-pigrecoemme-2018.png?fit=500%2C500&ssl=1","width":500,"height":500,"caption":"Scuola di cinema e fotografia Pigrecoemme"},"image":{"@id":"https:\/\/www.pigrecoemme.com\/blog\/#\/schema\/logo\/image\/"},"sameAs":["https:\/\/www.facebook.com\/pigrecoemme","https:\/\/x.com\/Pigrecoemme","https:\/\/www.instagram.com\/pigrecoemme\/","https:\/\/www.linkedin.com\/company\/pigrecoemme\/","https:\/\/www.youtube.com\/pigrecoemme"]},{"@type":"Person","@id":"https:\/\/www.pigrecoemme.com\/blog\/#\/schema\/person\/43d561452bf40a74a79bdb1d5c3b133a","name":"Rossella Scialla","image":{"@type":"ImageObject","inLanguage":"it-IT","@id":"https:\/\/secure.gravatar.com\/avatar\/47261bc799fbcf459b63af9c8e3a927a09ea7d7787d6ec2ed432adad1858614a?s=96&r=g","url":"https:\/\/secure.gravatar.com\/avatar\/47261bc799fbcf459b63af9c8e3a927a09ea7d7787d6ec2ed432adad1858614a?s=96&r=g","contentUrl":"https:\/\/secure.gravatar.com\/avatar\/47261bc799fbcf459b63af9c8e3a927a09ea7d7787d6ec2ed432adad1858614a?s=96&r=g","caption":"Rossella Scialla"},"description":"Laureata in Scienze filosofiche, Rossella Scialla si avvicina al cinema come redattrice di L'eco di Caserta. Successivamente frequenta il corso \"Filmmaker\" alla Scuola Pigrecoemme al termine del quale dirige uno degli episodi del corto collettivo \"Nel girone invisibili\".","sameAs":["http:\/\/www.pigrecoemme.com\/blog","https:\/\/www.facebook.com\/profile.php?id=1469379685"],"url":"https:\/\/www.pigrecoemme.com\/blog\/author\/rossella-scialla\/"}]}},"jetpack_sharing_enabled":true,"jetpack_likes_enabled":true,"jetpack-related-posts":[{"id":108,"url":"https:\/\/www.pigrecoemme.com\/blog\/sabato-13-dicembre-cortometraggi-al-trip-di-via-martucci-napoli\/","url_meta":{"origin":1489,"position":0},"title":"Sabato 13 dicembre cortometraggi al TRIP di Via Martucci, Napoli.","author":"Giacomo Fabbrocino","date":"5 Dicembre 2008","format":false,"excerpt":"Serata dedicata al mondo del cinema, con particolare riguardo alle produzioni indipendenti di cortometraggi, quella di sabato 13 dicembre 2008, al Trip. Ricco il programma dell'evento, organizzato dallo spazio di Via Martucci con la Scuola di cinema di Napoli Pigrecoemme, che parte alle ore 18,00 con un incontro-dibattito sul tema\u2026","rel":"","context":"In &quot;Eventi&quot;","block_context":{"text":"Eventi","link":"https:\/\/www.pigrecoemme.com\/blog\/eventi\/"},"img":{"alt_text":"","src":"https:\/\/i0.wp.com\/www.pigrecoemme.com\/blog\/wp-content\/uploads\/2008\/12\/locandinafilmfestivalen2008-205x300.jpg?resize=350%2C200","width":350,"height":200},"classes":[]},{"id":688,"url":"https:\/\/www.pigrecoemme.com\/blog\/pigrecoemme-al-napoli-film-festival-2013\/","url_meta":{"origin":1489,"position":1},"title":"Pigrecoemme al Napoli Film Festival 2013","author":"Giacomo Fabbrocino","date":"4 Settembre 2013","format":false,"excerpt":"Anche quest'anno, al Napoli Film Festival, \u00e8 di tutto rispetto la presenza di nostri ex allievi e di produzioni che ci vedono a vario titolo coinvolti. Il documentario Ero un Re di Antonio Longo, gi\u00e0 premiato due anni fa al festival partenopeo per Midnight Bingo, \u00e8 in concorso nella sezione\u00a0SchermoNapoli\u2026","rel":"","context":"In &quot;Eventi&quot;","block_context":{"text":"Eventi","link":"https:\/\/www.pigrecoemme.com\/blog\/eventi\/"},"img":{"alt_text":"","src":"https:\/\/i0.wp.com\/www.pigrecoemme.com\/blog\/wp-content\/uploads\/2013\/09\/napoli-film-festival-2013.jpg?resize=350%2C200","width":350,"height":200},"classes":[]},{"id":1499,"url":"https:\/\/www.pigrecoemme.com\/blog\/napoli-film-festival-2015-day-4-quarto-potere\/","url_meta":{"origin":1489,"position":2},"title":"Napoli Film Festival 2015 Day 4: Quarto potere","author":"Rossella Scialla","date":"2 Ottobre 2015","format":false,"excerpt":"Voleva tornare l\u00ec, in quel luogo ameno dove la felicit\u00e0 seduceva con la sua naturalezza, in maniera ineluttabile. Dopo non sarebbe stato pi\u00f9 cos\u00ec. Tony Pagoda e i suoi amici Ci si avvicina in due modi a un film come Quarto potere (Citizen Kane) di O. Welles, proiettato ieri al\u2026","rel":"","context":"In &quot;Eventi&quot;","block_context":{"text":"Eventi","link":"https:\/\/www.pigrecoemme.com\/blog\/eventi\/"},"img":{"alt_text":"nff-day1","src":"https:\/\/i0.wp.com\/www.pigrecoemme.com\/blog\/wp-content\/uploads\/2015\/10\/nff-day11.jpg?resize=350%2C200","width":350,"height":200},"classes":[]},{"id":404,"url":"https:\/\/www.pigrecoemme.com\/blog\/pigrecoemme-invade-il-napolifilmfestival\/","url_meta":{"origin":1489,"position":3},"title":"Pigrecoemme invade il NapoliFilmFestival","author":"Corrado Morra","date":"21 Settembre 2011","format":false,"excerpt":"Dopo aver praticamente monopolizzato l' Idea Format Tv di San Benedetto del Tronto lo scorso agosto, Pigrecoemme riesce nuovamente ad essere presente al Napoli Film Festival. Ma questa volta con ben quattro lavori nel concorso SchermoNapoli, lavori che ben rappresentano l'eterogeneit\u00e0 del nostro operato. Nella sezione Corti \u00e8 stato selezionato\u2026","rel":"","context":"In &quot;Eventi&quot;","block_context":{"text":"Eventi","link":"https:\/\/www.pigrecoemme.com\/blog\/eventi\/"},"img":{"alt_text":"","src":"https:\/\/i0.wp.com\/www.pigrecoemme.com\/blog\/wp-content\/uploads\/2011\/09\/napolifilmfestival-300x253.jpg?resize=350%2C200","width":350,"height":200},"classes":[]},{"id":2229,"url":"https:\/\/www.pigrecoemme.com\/blog\/i-nostri-allievi-al-napoli-film-festival-2018-e-un-docente-in-giuria\/","url_meta":{"origin":1489,"position":4},"title":"I nostri allievi al Napoli Film Festival 2018 (e un docente in giuria)","author":"Pigrecoemme","date":"26 Settembre 2018","format":false,"excerpt":"Giunto ormai alla ventesima edizione, il Napoli Film Festival \u00e8 un evento centrale della vita culturale napoletana, oltre ad essere riconosciuto a livello nazionale come evento particolarmente attento alle forme sperimentali del cinema, al cortometraggio, al documentario e alle produzioni indipendenti.Anche quest'anno \u00e8 nutritissima la compagine di ex allievi della\u2026","rel":"","context":"In &quot;Generale&quot;","block_context":{"text":"Generale","link":"https:\/\/www.pigrecoemme.com\/blog\/generale\/"},"img":{"alt_text":"Napoli Film Festival 2018","src":"https:\/\/i0.wp.com\/www.pigrecoemme.com\/blog\/wp-content\/uploads\/2018\/09\/napoli-film-festival-2018.jpg?resize=350%2C200&ssl=1","width":350,"height":200,"srcset":"https:\/\/i0.wp.com\/www.pigrecoemme.com\/blog\/wp-content\/uploads\/2018\/09\/napoli-film-festival-2018.jpg?resize=350%2C200&ssl=1 1x, https:\/\/i0.wp.com\/www.pigrecoemme.com\/blog\/wp-content\/uploads\/2018\/09\/napoli-film-festival-2018.jpg?resize=525%2C300&ssl=1 1.5x, https:\/\/i0.wp.com\/www.pigrecoemme.com\/blog\/wp-content\/uploads\/2018\/09\/napoli-film-festival-2018.jpg?resize=700%2C400&ssl=1 2x"},"classes":[]},{"id":545,"url":"https:\/\/www.pigrecoemme.com\/blog\/giovedi-18-corti-dautore-alla-pigrecoemme\/","url_meta":{"origin":1489,"position":5},"title":"Gioved\u00ec 18 corti d&#8217;autore alla Pigrecoemme","author":"Giacomo Fabbrocino","date":"16 Ottobre 2012","format":false,"excerpt":"Ambra Angiolini in Insula di Eric Alexander Gioved\u00ec 18 ottobre, alle ore 17,00, alla Scuola di cinema Pigrecoemme di Napoli, serata dedicata alla storia del cortometraggio d'autore, con un'interessante rassegna di film brevi di filmaker aderenti alla FEDIC, la Federazione italiana dei cineclub. La selezione metter\u00e0 a confronto quattro titoli\u2026","rel":"","context":"In &quot;Eventi&quot;","block_context":{"text":"Eventi","link":"https:\/\/www.pigrecoemme.com\/blog\/eventi\/"},"img":{"alt_text":"","src":"https:\/\/i0.wp.com\/www.pigrecoemme.com\/blog\/wp-content\/uploads\/2012\/10\/ambra-angiolini-in-insula-di-eric-alexander.jpg?resize=350%2C200&ssl=1","width":350,"height":200,"srcset":"https:\/\/i0.wp.com\/www.pigrecoemme.com\/blog\/wp-content\/uploads\/2012\/10\/ambra-angiolini-in-insula-di-eric-alexander.jpg?resize=350%2C200&ssl=1 1x, https:\/\/i0.wp.com\/www.pigrecoemme.com\/blog\/wp-content\/uploads\/2012\/10\/ambra-angiolini-in-insula-di-eric-alexander.jpg?resize=525%2C300&ssl=1 1.5x"},"classes":[]}],"jetpack_featured_media_url":"","_links":{"self":[{"href":"https:\/\/www.pigrecoemme.com\/blog\/wp-json\/wp\/v2\/posts\/1489","targetHints":{"allow":["GET"]}}],"collection":[{"href":"https:\/\/www.pigrecoemme.com\/blog\/wp-json\/wp\/v2\/posts"}],"about":[{"href":"https:\/\/www.pigrecoemme.com\/blog\/wp-json\/wp\/v2\/types\/post"}],"author":[{"embeddable":true,"href":"https:\/\/www.pigrecoemme.com\/blog\/wp-json\/wp\/v2\/users\/5"}],"replies":[{"embeddable":true,"href":"https:\/\/www.pigrecoemme.com\/blog\/wp-json\/wp\/v2\/comments?post=1489"}],"version-history":[{"count":0,"href":"https:\/\/www.pigrecoemme.com\/blog\/wp-json\/wp\/v2\/posts\/1489\/revisions"}],"wp:attachment":[{"href":"https:\/\/www.pigrecoemme.com\/blog\/wp-json\/wp\/v2\/media?parent=1489"}],"wp:term":[{"taxonomy":"category","embeddable":true,"href":"https:\/\/www.pigrecoemme.com\/blog\/wp-json\/wp\/v2\/categories?post=1489"},{"taxonomy":"post_tag","embeddable":true,"href":"https:\/\/www.pigrecoemme.com\/blog\/wp-json\/wp\/v2\/tags?post=1489"}],"curies":[{"name":"wp","href":"https:\/\/api.w.org\/{rel}","templated":true}]}}