{"id":148,"date":"2009-05-07T19:40:34","date_gmt":"2009-05-07T17:40:34","guid":{"rendered":"http:\/\/www.pigrecoemme.com\/blog\/?p=148"},"modified":"2009-05-30T11:29:03","modified_gmt":"2009-05-30T09:29:03","slug":"a-corto-di-idee-il-premio-facebook","status":"publish","type":"post","link":"https:\/\/www.pigrecoemme.com\/blog\/a-corto-di-idee-il-premio-facebook\/","title":{"rendered":"A corto di idee, il premio Facebook"},"content":{"rendered":"<p style=\"text-align: left;\">Da <del>domani<\/del> oggi, venerd\u00ec 8 maggio, il player qui sotto trasmetter\u00e0 alcuni dei corti dell&#8217;edizione 2009 di A Corto di Idee. Questi sono i partecipanti al premio Facebook, per il quale potrete votare (se siete iscritti a Facebook) <del>all&#8217;indirizzo che vi daremo domattina<\/del>, da oggi fino al 14 maggio alle 23:59, esprimendo una preferenza sulla bacheca di <a href=\"http:\/\/www.facebook.com\/event.php?eid=53137308302&amp;ref=mf\">questa pagina di Facebook<\/a>. <a href=\"http:\/\/www.facebook.com\/event.php?eid=53137308302&amp;ref=mf\">Votate! Votate! Votate!<\/a><\/p>\n","protected":false},"excerpt":{"rendered":"<p>Da domani oggi, venerd\u00ec 8 maggio, il player qui sotto trasmetter\u00e0 alcuni dei corti dell&#8217;edizione 2009 di A Corto di Idee. Questi sono i partecipanti al premio Facebook, per il quale potrete votare (se&hellip;<\/p>\n","protected":false},"author":1,"featured_media":0,"comment_status":"open","ping_status":"open","sticky":false,"template":"","format":"standard","meta":{"_jetpack_newsletter_access":"","_jetpack_dont_email_post_to_subs":false,"_jetpack_newsletter_tier_id":0,"_jetpack_memberships_contains_paywalled_content":false,"_jetpack_feature_clip_id":0,"_jetpack_memberships_contains_paid_content":false,"footnotes":"","jetpack_post_was_ever_published":false},"categories":[11],"tags":[305,42,321,323,322],"class_list":["post-148","post","type-post","status-publish","format-standard","hentry","category-eventi","tag-a-corto-di-idee","tag-cortometraggi","tag-facebook","tag-premi-facebook","tag-premio-online"],"yoast_head":"<!-- This site is optimized with the Yoast SEO plugin v28.3 - https:\/\/yoast.com\/product\/yoast-seo-wordpress\/ -->\n<title>A corto di idee, il premio Facebook<\/title>\n<meta name=\"robots\" content=\"index, follow, max-snippet:-1, max-image-preview:large, max-video-preview:-1\" \/>\n<link rel=\"canonical\" href=\"https:\/\/www.pigrecoemme.com\/blog\/a-corto-di-idee-il-premio-facebook\/\" \/>\n<meta property=\"og:locale\" content=\"it_IT\" \/>\n<meta property=\"og:type\" content=\"article\" \/>\n<meta property=\"og:title\" content=\"A corto di idee, il premio Facebook\" \/>\n<meta property=\"og:description\" content=\"Da domani oggi, venerd\u00ec 8 maggio, il player qui sotto trasmetter\u00e0 alcuni dei corti dell&#8217;edizione 2009 di A Corto di Idee. Questi sono i partecipanti al premio Facebook, per il quale potrete votare (se siete iscritti a Facebook) all&#8217;indirizzo che &hellip; Continue reading &rarr;\" \/>\n<meta property=\"og:url\" content=\"https:\/\/www.pigrecoemme.com\/blog\/a-corto-di-idee-il-premio-facebook\/\" \/>\n<meta property=\"og:site_name\" content=\"Scuola di Cinema Pigrecoemme - Blog\" \/>\n<meta property=\"article:publisher\" content=\"https:\/\/www.facebook.com\/pigrecoemme\" \/>\n<meta property=\"article:author\" content=\"https:\/\/www.facebook.com\/giacomo.fabbrocino\" \/>\n<meta property=\"article:published_time\" content=\"2009-05-07T17:40:34+00:00\" \/>\n<meta property=\"article:modified_time\" content=\"2009-05-30T09:29:03+00:00\" \/>\n<meta property=\"og:image\" content=\"https:\/\/i0.wp.com\/www.pigrecoemme.com\/blog\/wp-content\/uploads\/2014\/11\/pigrecoemme-test1.jpg?fit=484%2C252&ssl=1\" \/>\n\t<meta property=\"og:image:width\" content=\"484\" \/>\n\t<meta property=\"og:image:height\" content=\"252\" \/>\n\t<meta property=\"og:image:type\" content=\"image\/jpeg\" \/>\n<meta name=\"author\" content=\"Giacomo Fabbrocino\" \/>\n<meta name=\"twitter:card\" content=\"summary_large_image\" \/>\n<meta name=\"twitter:creator\" content=\"@Pigrecoemme\" \/>\n<meta name=\"twitter:site\" content=\"@Pigrecoemme\" \/>\n<meta name=\"twitter:label1\" content=\"Scritto da\" \/>\n\t<meta name=\"twitter:data1\" content=\"Giacomo Fabbrocino\" \/>\n<script type=\"application\/ld+json\" class=\"yoast-schema-graph\">{\"@context\":\"https:\\\/\\\/schema.org\",\"@graph\":[{\"@type\":[\"Article\",\"BlogPosting\"],\"@id\":\"https:\\\/\\\/www.pigrecoemme.com\\\/blog\\\/a-corto-di-idee-il-premio-facebook\\\/#article\",\"isPartOf\":{\"@id\":\"https:\\\/\\\/www.pigrecoemme.com\\\/blog\\\/a-corto-di-idee-il-premio-facebook\\\/\"},\"author\":{\"name\":\"Giacomo Fabbrocino\",\"@id\":\"https:\\\/\\\/www.pigrecoemme.com\\\/blog\\\/#\\\/schema\\\/person\\\/57fa822c3d209d3a2612fd0411ae63f4\"},\"headline\":\"A corto di idee, il premio Facebook\",\"datePublished\":\"2009-05-07T17:40:34+00:00\",\"dateModified\":\"2009-05-30T09:29:03+00:00\",\"mainEntityOfPage\":{\"@id\":\"https:\\\/\\\/www.pigrecoemme.com\\\/blog\\\/a-corto-di-idee-il-premio-facebook\\\/\"},\"wordCount\":69,\"commentCount\":0,\"publisher\":{\"@id\":\"https:\\\/\\\/www.pigrecoemme.com\\\/blog\\\/#organization\"},\"keywords\":[\"a corto di idee\",\"cortometraggi\",\"facebook\",\"premi facebook\",\"premio online\"],\"articleSection\":[\"Eventi\"],\"inLanguage\":\"it-IT\",\"potentialAction\":[{\"@type\":\"CommentAction\",\"name\":\"Comment\",\"target\":[\"https:\\\/\\\/www.pigrecoemme.com\\\/blog\\\/a-corto-di-idee-il-premio-facebook\\\/#respond\"]}]},{\"@type\":\"WebPage\",\"@id\":\"https:\\\/\\\/www.pigrecoemme.com\\\/blog\\\/a-corto-di-idee-il-premio-facebook\\\/\",\"url\":\"https:\\\/\\\/www.pigrecoemme.com\\\/blog\\\/a-corto-di-idee-il-premio-facebook\\\/\",\"name\":\"A corto di idee, il premio Facebook\",\"isPartOf\":{\"@id\":\"https:\\\/\\\/www.pigrecoemme.com\\\/blog\\\/#website\"},\"datePublished\":\"2009-05-07T17:40:34+00:00\",\"dateModified\":\"2009-05-30T09:29:03+00:00\",\"breadcrumb\":{\"@id\":\"https:\\\/\\\/www.pigrecoemme.com\\\/blog\\\/a-corto-di-idee-il-premio-facebook\\\/#breadcrumb\"},\"inLanguage\":\"it-IT\",\"potentialAction\":[{\"@type\":\"ReadAction\",\"target\":[\"https:\\\/\\\/www.pigrecoemme.com\\\/blog\\\/a-corto-di-idee-il-premio-facebook\\\/\"]}]},{\"@type\":\"BreadcrumbList\",\"@id\":\"https:\\\/\\\/www.pigrecoemme.com\\\/blog\\\/a-corto-di-idee-il-premio-facebook\\\/#breadcrumb\",\"itemListElement\":[{\"@type\":\"ListItem\",\"position\":1,\"name\":\"Home\",\"item\":\"https:\\\/\\\/www.pigrecoemme.com\\\/blog\\\/\"},{\"@type\":\"ListItem\",\"position\":2,\"name\":\"A corto di idee, il premio Facebook\"}]},{\"@type\":\"WebSite\",\"@id\":\"https:\\\/\\\/www.pigrecoemme.com\\\/blog\\\/#website\",\"url\":\"https:\\\/\\\/www.pigrecoemme.com\\\/blog\\\/\",\"name\":\"Scuola di Cinema Pigrecoemme - Blog\",\"description\":\"Siamo la prima Scuola di Cinema e Fotografia di Napoli\",\"publisher\":{\"@id\":\"https:\\\/\\\/www.pigrecoemme.com\\\/blog\\\/#organization\"},\"potentialAction\":[{\"@type\":\"SearchAction\",\"target\":{\"@type\":\"EntryPoint\",\"urlTemplate\":\"https:\\\/\\\/www.pigrecoemme.com\\\/blog\\\/?s={search_term_string}\"},\"query-input\":{\"@type\":\"PropertyValueSpecification\",\"valueRequired\":true,\"valueName\":\"search_term_string\"}}],\"inLanguage\":\"it-IT\"},{\"@type\":\"Organization\",\"@id\":\"https:\\\/\\\/www.pigrecoemme.com\\\/blog\\\/#organization\",\"name\":\"Scuola di cinema e fotografia Pigrecoemme\",\"url\":\"https:\\\/\\\/www.pigrecoemme.com\\\/blog\\\/\",\"logo\":{\"@type\":\"ImageObject\",\"inLanguage\":\"it-IT\",\"@id\":\"https:\\\/\\\/www.pigrecoemme.com\\\/blog\\\/#\\\/schema\\\/logo\\\/image\\\/\",\"url\":\"https:\\\/\\\/i0.wp.com\\\/www.pigrecoemme.com\\\/blog\\\/wp-content\\\/uploads\\\/2018\\\/06\\\/logo-pigrecoemme-2018.png?fit=500%2C500&ssl=1\",\"contentUrl\":\"https:\\\/\\\/i0.wp.com\\\/www.pigrecoemme.com\\\/blog\\\/wp-content\\\/uploads\\\/2018\\\/06\\\/logo-pigrecoemme-2018.png?fit=500%2C500&ssl=1\",\"width\":500,\"height\":500,\"caption\":\"Scuola di cinema e fotografia Pigrecoemme\"},\"image\":{\"@id\":\"https:\\\/\\\/www.pigrecoemme.com\\\/blog\\\/#\\\/schema\\\/logo\\\/image\\\/\"},\"sameAs\":[\"https:\\\/\\\/www.facebook.com\\\/pigrecoemme\",\"https:\\\/\\\/x.com\\\/Pigrecoemme\",\"https:\\\/\\\/www.instagram.com\\\/pigrecoemme\\\/\",\"https:\\\/\\\/www.linkedin.com\\\/company\\\/pigrecoemme\\\/\",\"https:\\\/\\\/www.youtube.com\\\/pigrecoemme\"]},{\"@type\":\"Person\",\"@id\":\"https:\\\/\\\/www.pigrecoemme.com\\\/blog\\\/#\\\/schema\\\/person\\\/57fa822c3d209d3a2612fd0411ae63f4\",\"name\":\"Giacomo Fabbrocino\",\"image\":{\"@type\":\"ImageObject\",\"inLanguage\":\"it-IT\",\"@id\":\"https:\\\/\\\/secure.gravatar.com\\\/avatar\\\/0e4dfd4d05c06a03fffaffeb36fb181415ba11b91a6b566fa2e8ada75927db32?s=96&r=g\",\"url\":\"https:\\\/\\\/secure.gravatar.com\\\/avatar\\\/0e4dfd4d05c06a03fffaffeb36fb181415ba11b91a6b566fa2e8ada75927db32?s=96&r=g\",\"contentUrl\":\"https:\\\/\\\/secure.gravatar.com\\\/avatar\\\/0e4dfd4d05c06a03fffaffeb36fb181415ba11b91a6b566fa2e8ada75927db32?s=96&r=g\",\"caption\":\"Giacomo Fabbrocino\"},\"description\":\"Montatore cinematografico, autore di documentari sull'arte e di video d'artista, Giacomo \u00e8 responsabile della didattica e della comunicazione web della Scuola di Cinema, Fotografia e Televisione Pigrecoemme di Napoli.\",\"sameAs\":[\"http:\\\/\\\/www.pigrecoemme.com\\\/\",\"https:\\\/\\\/www.facebook.com\\\/giacomo.fabbrocino\"],\"url\":\"https:\\\/\\\/www.pigrecoemme.com\\\/blog\\\/author\\\/giacomo-fabbrocino\\\/\"}]}<\/script>\n<!-- \/ Yoast SEO plugin. -->","yoast_head_json":{"title":"A corto di idee, il premio Facebook","robots":{"index":"index","follow":"follow","max-snippet":"max-snippet:-1","max-image-preview":"max-image-preview:large","max-video-preview":"max-video-preview:-1"},"canonical":"https:\/\/www.pigrecoemme.com\/blog\/a-corto-di-idee-il-premio-facebook\/","og_locale":"it_IT","og_type":"article","og_title":"A corto di idee, il premio Facebook","og_description":"Da domani oggi, venerd\u00ec 8 maggio, il player qui sotto trasmetter\u00e0 alcuni dei corti dell&#8217;edizione 2009 di A Corto di Idee. Questi sono i partecipanti al premio Facebook, per il quale potrete votare (se siete iscritti a Facebook) all&#8217;indirizzo che &hellip; Continue reading &rarr;","og_url":"https:\/\/www.pigrecoemme.com\/blog\/a-corto-di-idee-il-premio-facebook\/","og_site_name":"Scuola di Cinema Pigrecoemme - Blog","article_publisher":"https:\/\/www.facebook.com\/pigrecoemme","article_author":"https:\/\/www.facebook.com\/giacomo.fabbrocino","article_published_time":"2009-05-07T17:40:34+00:00","article_modified_time":"2009-05-30T09:29:03+00:00","og_image":[{"width":484,"height":252,"url":"https:\/\/i0.wp.com\/www.pigrecoemme.com\/blog\/wp-content\/uploads\/2014\/11\/pigrecoemme-test1.jpg?fit=484%2C252&ssl=1","type":"image\/jpeg"}],"author":"Giacomo Fabbrocino","twitter_card":"summary_large_image","twitter_creator":"@Pigrecoemme","twitter_site":"@Pigrecoemme","twitter_misc":{"Scritto da":"Giacomo Fabbrocino"},"schema":{"@context":"https:\/\/schema.org","@graph":[{"@type":["Article","BlogPosting"],"@id":"https:\/\/www.pigrecoemme.com\/blog\/a-corto-di-idee-il-premio-facebook\/#article","isPartOf":{"@id":"https:\/\/www.pigrecoemme.com\/blog\/a-corto-di-idee-il-premio-facebook\/"},"author":{"name":"Giacomo Fabbrocino","@id":"https:\/\/www.pigrecoemme.com\/blog\/#\/schema\/person\/57fa822c3d209d3a2612fd0411ae63f4"},"headline":"A corto di idee, il premio Facebook","datePublished":"2009-05-07T17:40:34+00:00","dateModified":"2009-05-30T09:29:03+00:00","mainEntityOfPage":{"@id":"https:\/\/www.pigrecoemme.com\/blog\/a-corto-di-idee-il-premio-facebook\/"},"wordCount":69,"commentCount":0,"publisher":{"@id":"https:\/\/www.pigrecoemme.com\/blog\/#organization"},"keywords":["a corto di idee","cortometraggi","facebook","premi facebook","premio online"],"articleSection":["Eventi"],"inLanguage":"it-IT","potentialAction":[{"@type":"CommentAction","name":"Comment","target":["https:\/\/www.pigrecoemme.com\/blog\/a-corto-di-idee-il-premio-facebook\/#respond"]}]},{"@type":"WebPage","@id":"https:\/\/www.pigrecoemme.com\/blog\/a-corto-di-idee-il-premio-facebook\/","url":"https:\/\/www.pigrecoemme.com\/blog\/a-corto-di-idee-il-premio-facebook\/","name":"A corto di idee, il premio Facebook","isPartOf":{"@id":"https:\/\/www.pigrecoemme.com\/blog\/#website"},"datePublished":"2009-05-07T17:40:34+00:00","dateModified":"2009-05-30T09:29:03+00:00","breadcrumb":{"@id":"https:\/\/www.pigrecoemme.com\/blog\/a-corto-di-idee-il-premio-facebook\/#breadcrumb"},"inLanguage":"it-IT","potentialAction":[{"@type":"ReadAction","target":["https:\/\/www.pigrecoemme.com\/blog\/a-corto-di-idee-il-premio-facebook\/"]}]},{"@type":"BreadcrumbList","@id":"https:\/\/www.pigrecoemme.com\/blog\/a-corto-di-idee-il-premio-facebook\/#breadcrumb","itemListElement":[{"@type":"ListItem","position":1,"name":"Home","item":"https:\/\/www.pigrecoemme.com\/blog\/"},{"@type":"ListItem","position":2,"name":"A corto di idee, il premio Facebook"}]},{"@type":"WebSite","@id":"https:\/\/www.pigrecoemme.com\/blog\/#website","url":"https:\/\/www.pigrecoemme.com\/blog\/","name":"Scuola di Cinema Pigrecoemme - Blog","description":"Siamo la prima Scuola di Cinema e Fotografia di Napoli","publisher":{"@id":"https:\/\/www.pigrecoemme.com\/blog\/#organization"},"potentialAction":[{"@type":"SearchAction","target":{"@type":"EntryPoint","urlTemplate":"https:\/\/www.pigrecoemme.com\/blog\/?s={search_term_string}"},"query-input":{"@type":"PropertyValueSpecification","valueRequired":true,"valueName":"search_term_string"}}],"inLanguage":"it-IT"},{"@type":"Organization","@id":"https:\/\/www.pigrecoemme.com\/blog\/#organization","name":"Scuola di cinema e fotografia Pigrecoemme","url":"https:\/\/www.pigrecoemme.com\/blog\/","logo":{"@type":"ImageObject","inLanguage":"it-IT","@id":"https:\/\/www.pigrecoemme.com\/blog\/#\/schema\/logo\/image\/","url":"https:\/\/i0.wp.com\/www.pigrecoemme.com\/blog\/wp-content\/uploads\/2018\/06\/logo-pigrecoemme-2018.png?fit=500%2C500&ssl=1","contentUrl":"https:\/\/i0.wp.com\/www.pigrecoemme.com\/blog\/wp-content\/uploads\/2018\/06\/logo-pigrecoemme-2018.png?fit=500%2C500&ssl=1","width":500,"height":500,"caption":"Scuola di cinema e fotografia Pigrecoemme"},"image":{"@id":"https:\/\/www.pigrecoemme.com\/blog\/#\/schema\/logo\/image\/"},"sameAs":["https:\/\/www.facebook.com\/pigrecoemme","https:\/\/x.com\/Pigrecoemme","https:\/\/www.instagram.com\/pigrecoemme\/","https:\/\/www.linkedin.com\/company\/pigrecoemme\/","https:\/\/www.youtube.com\/pigrecoemme"]},{"@type":"Person","@id":"https:\/\/www.pigrecoemme.com\/blog\/#\/schema\/person\/57fa822c3d209d3a2612fd0411ae63f4","name":"Giacomo Fabbrocino","image":{"@type":"ImageObject","inLanguage":"it-IT","@id":"https:\/\/secure.gravatar.com\/avatar\/0e4dfd4d05c06a03fffaffeb36fb181415ba11b91a6b566fa2e8ada75927db32?s=96&r=g","url":"https:\/\/secure.gravatar.com\/avatar\/0e4dfd4d05c06a03fffaffeb36fb181415ba11b91a6b566fa2e8ada75927db32?s=96&r=g","contentUrl":"https:\/\/secure.gravatar.com\/avatar\/0e4dfd4d05c06a03fffaffeb36fb181415ba11b91a6b566fa2e8ada75927db32?s=96&r=g","caption":"Giacomo Fabbrocino"},"description":"Montatore cinematografico, autore di documentari sull'arte e di video d'artista, Giacomo \u00e8 responsabile della didattica e della comunicazione web della Scuola di Cinema, Fotografia e Televisione Pigrecoemme di Napoli.","sameAs":["http:\/\/www.pigrecoemme.com\/","https:\/\/www.facebook.com\/giacomo.fabbrocino"],"url":"https:\/\/www.pigrecoemme.com\/blog\/author\/giacomo-fabbrocino\/"}]}},"jetpack_sharing_enabled":true,"jetpack_likes_enabled":true,"jetpack-related-posts":[{"id":133,"url":"https:\/\/www.pigrecoemme.com\/blog\/a-corto-di-idee\/","url_meta":{"origin":148,"position":0},"title":"A corto di Idee","author":"Giacomo Fabbrocino","date":"5 Marzo 2009","format":false,"excerpt":"16-17 maggio 2009 - Seconda rassegna di cortometraggi indipendenti. Maiori (SA), Hotel Pietra di Luna, Sala Congressi. Scadenza del bando: 27 aprile 2009 Per informazioni: associazionehappyhours@gmail.com Scarica il bando Scarica l'entry form L'associazione culturale senza scopo di lucro \u201cHappy Hours\u201d, organizza la 2\u00b0 edizione della Rassegna \"A CORTO di idee\".\u2026","rel":"","context":"In &quot;Eventi&quot;","block_context":{"text":"Eventi","link":"https:\/\/www.pigrecoemme.com\/blog\/eventi\/"},"img":{"alt_text":"","src":"https:\/\/i0.wp.com\/www.pigrecoemme.com\/a-corto-di-idee\/a-corto-di-idee-2009.jpg?resize=350%2C200","width":350,"height":200},"classes":[]},{"id":333,"url":"https:\/\/www.pigrecoemme.com\/blog\/aperte-le-selezioni-per-a-corto-di-idee-2011\/","url_meta":{"origin":148,"position":1},"title":"Aperte le selezioni per  &#8220;A CORTO DI IDEE 2011&#8221;","author":"Giacomo Fabbrocino","date":"27 Gennaio 2011","format":false,"excerpt":"L'associazione culturale senza scopo di lucro \u201cHappy Hours\u201d, organizza la 4\u00b0 edizione della Rassegna di cortometraggi \"A CORTO di idee\". Anche quest'anno la Scuola di Cinema Pigrecoemme assegner\u00e0 il premio della critica. La rassegna \u00e8 rivolta a TUTTI: filmaker e videoamatori italiani e stranieri, Istituti scolastici, Associazioni e Societ\u00e0 che\u2026","rel":"","context":"In &quot;Eventi&quot;","block_context":{"text":"Eventi","link":"https:\/\/www.pigrecoemme.com\/blog\/eventi\/"},"img":{"alt_text":"","src":"https:\/\/i0.wp.com\/www.pigrecoemme.com\/a-corto-di-idee\/a-corto-di-idee-2011-small.jpg?resize=350%2C200","width":350,"height":200},"classes":[]},{"id":845,"url":"https:\/\/www.pigrecoemme.com\/blog\/guarda-il-corto-commenta-e-vinci-un-corso-alla-pigrecoemme\/","url_meta":{"origin":148,"position":2},"title":"Guarda il corto, commenta e vinci un corso alla Pigrecoemme!","author":"Giacomo Fabbrocino","date":"29 Luglio 2014","format":false,"excerpt":"\u00a0 L'amore \u00e8 un segno \u00e8 un corto diretto dal nostro docente di regia Rosario Gallone e realizzato insieme agli studenti dell'anno di corsi 2013\/2014. Abbiamo deciso di pubblicarlo online e di abbinarvi un concorso, mettendo in palio un corso di cinema alla Pigrecoemme. Dopo il corto troverete il regolamento.\u2026","rel":"","context":"In &quot;Generale&quot;","block_context":{"text":"Generale","link":"https:\/\/www.pigrecoemme.com\/blog\/generale\/"},"img":{"alt_text":"","src":"https:\/\/i0.wp.com\/www.pigrecoemme.com\/blog\/wp-content\/uploads\/2014\/07\/concorso-vinci-corso.jpg?resize=350%2C200&ssl=1","width":350,"height":200},"classes":[]},{"id":331,"url":"https:\/\/www.pigrecoemme.com\/blog\/a-pigrecoemme-il-2011-comincia-bene\/","url_meta":{"origin":148,"position":3},"title":"A Pigrecoemme il 2011 comincia bene!","author":"Rosario Gallone","date":"22 Gennaio 2011","format":false,"excerpt":"Lo avevamo annunciato: il 2011 di Pigrecoemme sarebbe stato un anno ricco di sorprese, di nuove iniziative e di...soddisfazioni. Beh, nelle soddisfazioni ci speravamo pi\u00f9 che altro, come \u00e8 giusto che si faccia quando si decide di investire (non solo economicamente) in un'attivit\u00e0 che ci appassiona. Ma \u00e8 altres\u00ec vero\u2026","rel":"","context":"In &quot;Generale&quot;","block_context":{"text":"Generale","link":"https:\/\/www.pigrecoemme.com\/blog\/generale\/"},"img":{"alt_text":"Il corso di scrittura per la televisione \u00e8 partito il 21 gennaio","src":"https:\/\/i0.wp.com\/www.pigrecoemme.com\/blog\/wp-content\/uploads\/2011\/01\/corso-scrittura-per-la-televisione-2011-small-212x300.jpg?resize=350%2C200","width":350,"height":200},"classes":[]},{"id":3591,"url":"https:\/\/www.pigrecoemme.com\/blog\/il-cortometraggio-finale-dello-scorso-anno-ha-vinto-un-premio\/","url_meta":{"origin":148,"position":4},"title":"Il cortometraggio finale dello scorso anno ha vinto un premio","author":"Pigrecoemme","date":"9 Luglio 2024","format":false,"excerpt":"Il corto \"Noi loro gli altri\" realizzato al termine del nostro corso Master 2002\/23 ha vinto il premio \"Vincenzo Russo\" al Festival Internazionale Cinec\u00ec CortiCulturalClassic,\u00a0organizzato a Palma Campania da Napoli Cultural Classic.La protagonista Manuela Grimieri De Ioanni, partecipante al nostro corso di recitazione, ha anche ricevuto la candidatura come migliore\u2026","rel":"","context":"In &quot;Eventi&quot;","block_context":{"text":"Eventi","link":"https:\/\/www.pigrecoemme.com\/blog\/eventi\/"},"img":{"alt_text":"","src":"https:\/\/i0.wp.com\/www.pigrecoemme.com\/blog\/wp-content\/uploads\/2024\/07\/premio-cineci-pigrecoemme.jpg?resize=350%2C200&ssl=1","width":350,"height":200,"srcset":"https:\/\/i0.wp.com\/www.pigrecoemme.com\/blog\/wp-content\/uploads\/2024\/07\/premio-cineci-pigrecoemme.jpg?resize=350%2C200&ssl=1 1x, https:\/\/i0.wp.com\/www.pigrecoemme.com\/blog\/wp-content\/uploads\/2024\/07\/premio-cineci-pigrecoemme.jpg?resize=525%2C300&ssl=1 1.5x, https:\/\/i0.wp.com\/www.pigrecoemme.com\/blog\/wp-content\/uploads\/2024\/07\/premio-cineci-pigrecoemme.jpg?resize=700%2C400&ssl=1 2x, https:\/\/i0.wp.com\/www.pigrecoemme.com\/blog\/wp-content\/uploads\/2024\/07\/premio-cineci-pigrecoemme.jpg?resize=1050%2C600&ssl=1 3x"},"classes":[]},{"id":840,"url":"https:\/\/www.pigrecoemme.com\/blog\/allievi-sul-set\/","url_meta":{"origin":148,"position":5},"title":"Allievi sul set","author":"Giacomo Fabbrocino","date":"14 Giugno 2014","format":false,"excerpt":"In questi giorni stiamo girando, sotto la guida del nostro docente di regia, Rosario Gallone, un corto che vede coinvolti i nostri allievi. Il titolo \u00e8 \"L'amore \u00e8 un segno\". Ecco alcune foto di backstage. Pubblicazione di Scuola di cinema, televisione e fotografia Pigrecoemme.","rel":"","context":"In &quot;Generale&quot;","block_context":{"text":"Generale","link":"https:\/\/www.pigrecoemme.com\/blog\/generale\/"},"img":{"alt_text":"","src":"","width":0,"height":0},"classes":[]}],"jetpack_featured_media_url":"","_links":{"self":[{"href":"https:\/\/www.pigrecoemme.com\/blog\/wp-json\/wp\/v2\/posts\/148","targetHints":{"allow":["GET"]}}],"collection":[{"href":"https:\/\/www.pigrecoemme.com\/blog\/wp-json\/wp\/v2\/posts"}],"about":[{"href":"https:\/\/www.pigrecoemme.com\/blog\/wp-json\/wp\/v2\/types\/post"}],"author":[{"embeddable":true,"href":"https:\/\/www.pigrecoemme.com\/blog\/wp-json\/wp\/v2\/users\/1"}],"replies":[{"embeddable":true,"href":"https:\/\/www.pigrecoemme.com\/blog\/wp-json\/wp\/v2\/comments?post=148"}],"version-history":[{"count":0,"href":"https:\/\/www.pigrecoemme.com\/blog\/wp-json\/wp\/v2\/posts\/148\/revisions"}],"wp:attachment":[{"href":"https:\/\/www.pigrecoemme.com\/blog\/wp-json\/wp\/v2\/media?parent=148"}],"wp:term":[{"taxonomy":"category","embeddable":true,"href":"https:\/\/www.pigrecoemme.com\/blog\/wp-json\/wp\/v2\/categories?post=148"},{"taxonomy":"post_tag","embeddable":true,"href":"https:\/\/www.pigrecoemme.com\/blog\/wp-json\/wp\/v2\/tags?post=148"}],"curies":[{"name":"wp","href":"https:\/\/api.w.org\/{rel}","templated":true}]}}