{"id":1456,"date":"2015-09-10T16:36:52","date_gmt":"2015-09-10T14:36:52","guid":{"rendered":"http:\/\/www.pigrecoemme.com\/blog\/?p=1456"},"modified":"2016-01-27T11:43:57","modified_gmt":"2016-01-27T10:43:57","slug":"lezione-gratuita-sulla-fotografia-in-bianco-e-nero","status":"publish","type":"post","link":"https:\/\/www.pigrecoemme.com\/blog\/lezione-gratuita-sulla-fotografia-in-bianco-e-nero\/","title":{"rendered":"6 ottobre: lezione gratuita sulla fotografia in Bianco e Nero"},"content":{"rendered":"<p><strong><a href=\"https:\/\/i0.wp.com\/www.pigrecoemme.com\/blog\/wp-content\/uploads\/2015\/09\/fotografia-in-bianco-e-nero.jpg?ssl=1\"><img data-recalc-dims=\"1\" loading=\"lazy\" decoding=\"async\" class=\"aligncenter wp-image-1457 size-full\" src=\"https:\/\/i0.wp.com\/www.pigrecoemme.com\/blog\/wp-content\/uploads\/2015\/09\/fotografia-in-bianco-e-nero.jpg?resize=860%2C450&#038;ssl=1\" alt=\"Lezione gratuita sulla fotografia in Bianco e Nero alla Pigrecoemme\" width=\"860\" height=\"450\" srcset=\"https:\/\/i0.wp.com\/www.pigrecoemme.com\/blog\/wp-content\/uploads\/2015\/09\/fotografia-in-bianco-e-nero.jpg?w=1200&amp;ssl=1 1200w, https:\/\/i0.wp.com\/www.pigrecoemme.com\/blog\/wp-content\/uploads\/2015\/09\/fotografia-in-bianco-e-nero.jpg?resize=300%2C157&amp;ssl=1 300w, https:\/\/i0.wp.com\/www.pigrecoemme.com\/blog\/wp-content\/uploads\/2015\/09\/fotografia-in-bianco-e-nero.jpg?resize=1024%2C536&amp;ssl=1 1024w, https:\/\/i0.wp.com\/www.pigrecoemme.com\/blog\/wp-content\/uploads\/2015\/09\/fotografia-in-bianco-e-nero.jpg?resize=500%2C262&amp;ssl=1 500w\" sizes=\"auto, (max-width: 860px) 100vw, 860px\" \/><\/a>Marted\u00ec 6 ottobre\u00a02015<\/strong>\u00a0dalle <strong>ore 16,00 alle 18,30<\/strong>, <strong><a href=\"http:\/\/www.pigrecoemme.com\/corso-fotografia\/luca-sorbo.htm\">Luca Sorbo<\/a>\u00a0<\/strong>&#8211; curatore del nostro <a href=\"http:\/\/www.pigrecoemme.com\/corso-fotografia\/corso-di-fotografia-2.htm\">corso di fotografia<\/a> &#8211; terr\u00e0\u00a0una lezione gratuita sul bianco e nero, riproponendo la formula che gi\u00e0 aveva avuto molto successo <a href=\"https:\/\/www.pigrecoemme.com\/blog\/lezione-gratuita-sulla-fotografia-bianco-e-nero-alla-pigrecoemme\/\">lo scorso anno<\/a>.<\/p>\n<h2>\u00a0Esempi di elaborazione fotografica in bianco e nero<\/h2>\n<div class=\"tiled-gallery type-square tiled-gallery-unresized\" data-original-width=\"860\" data-carousel-extra='null' itemscope itemtype=\"http:\/\/schema.org\/ImageGallery\" > <div class=\"gallery-row\" style=\"width: 860px; height: 286px;\" data-original-width=\"860\" data-original-height=\"286\" > <div class=\"gallery-group\" style=\"width: 286px; height: 286px;\" data-original-width=\"286\" data-original-height=\"286\" > <div class=\"tiled-gallery-item \" itemprop=\"associatedMedia\" itemscope itemtype=\"http:\/\/schema.org\/ImageObject\"> <a href=\"https:\/\/i0.wp.com\/www.pigrecoemme.com\/blog\/wp-content\/uploads\/2015\/01\/gelatina-all-argento-su-legno.jpg?ssl=1\" border=\"0\" itemprop=\"url\"> <meta itemprop=\"width\" content=\"282\"> <meta itemprop=\"height\" content=\"282\"> <img decoding=\"async\" class=\"\" data-attachment-id=\"1191\" data-orig-file=\"https:\/\/www.pigrecoemme.com\/blog\/wp-content\/uploads\/2015\/01\/gelatina-all-argento-su-legno.jpg\" data-orig-size=\"472,999\" data-comments-opened=\"1\" data-image-meta=\"{&quot;aperture&quot;:&quot;0&quot;,&quot;credit&quot;:&quot;&quot;,&quot;camera&quot;:&quot;&quot;,&quot;caption&quot;:&quot;&quot;,&quot;created_timestamp&quot;:&quot;0&quot;,&quot;copyright&quot;:&quot;&quot;,&quot;focal_length&quot;:&quot;0&quot;,&quot;iso&quot;:&quot;0&quot;,&quot;shutter_speed&quot;:&quot;0&quot;,&quot;title&quot;:&quot;&quot;,&quot;orientation&quot;:&quot;0&quot;}\" data-image-title=\"Gelatina all&amp;#8217;argento su legno\" data-image-description=\"&lt;p&gt;Gelatina all&amp;#8217;argento su legno&lt;\/p&gt; \" data-medium-file=\"https:\/\/i0.wp.com\/www.pigrecoemme.com\/blog\/wp-content\/uploads\/2015\/01\/gelatina-all-argento-su-legno.jpg?fit=142%2C300&#038;ssl=1\" data-large-file=\"https:\/\/i0.wp.com\/www.pigrecoemme.com\/blog\/wp-content\/uploads\/2015\/01\/gelatina-all-argento-su-legno.jpg?fit=472%2C999&#038;ssl=1\" src=\"https:\/\/i0.wp.com\/www.pigrecoemme.com\/blog\/wp-content\/uploads\/2015\/01\/gelatina-all-argento-su-legno.jpg?w=282&#038;h=282&#038;crop=1&#038;ssl=1\" width=\"282\" height=\"282\" loading=\"lazy\" data-original-width=\"282\" data-original-height=\"282\" itemprop=\"http:\/\/schema.org\/image\" title=\"Gelatina all&#039;argento su legno\" alt=\"Gelatina all&#039;argento su legno\" style=\"width: 282px; height: 282px;\" \/> <\/a> <div class=\"tiled-gallery-caption\" itemprop=\"caption description\"> Gelatina all&#8217;argento su legno <\/div> <\/div> <\/div> <div class=\"gallery-group\" style=\"width: 286px; height: 286px;\" data-original-width=\"286\" data-original-height=\"286\" > <div class=\"tiled-gallery-item \" itemprop=\"associatedMedia\" itemscope itemtype=\"http:\/\/schema.org\/ImageObject\"> <a href=\"https:\/\/i0.wp.com\/www.pigrecoemme.com\/blog\/wp-content\/uploads\/2015\/01\/ripresa-digitale-a-colori-convertita-in-bn.jpg?ssl=1\" border=\"0\" itemprop=\"url\"> <meta itemprop=\"width\" content=\"282\"> <meta itemprop=\"height\" content=\"282\"> <img decoding=\"async\" class=\"\" data-attachment-id=\"1192\" data-orig-file=\"https:\/\/www.pigrecoemme.com\/blog\/wp-content\/uploads\/2015\/01\/ripresa-digitale-a-colori-convertita-in-bn.jpg\" data-orig-size=\"787,498\" data-comments-opened=\"1\" data-image-meta=\"{&quot;aperture&quot;:&quot;0&quot;,&quot;credit&quot;:&quot;&quot;,&quot;camera&quot;:&quot;&quot;,&quot;caption&quot;:&quot;&quot;,&quot;created_timestamp&quot;:&quot;0&quot;,&quot;copyright&quot;:&quot;&quot;,&quot;focal_length&quot;:&quot;0&quot;,&quot;iso&quot;:&quot;0&quot;,&quot;shutter_speed&quot;:&quot;0&quot;,&quot;title&quot;:&quot;&quot;,&quot;orientation&quot;:&quot;0&quot;}\" data-image-title=\"Ripresa digitale a colori convertita in b\/n\" data-image-description=\"&lt;p&gt;Ripresa digitale a colori convertita in b\/n&lt;\/p&gt; \" data-medium-file=\"https:\/\/i0.wp.com\/www.pigrecoemme.com\/blog\/wp-content\/uploads\/2015\/01\/ripresa-digitale-a-colori-convertita-in-bn.jpg?fit=300%2C190&#038;ssl=1\" data-large-file=\"https:\/\/i0.wp.com\/www.pigrecoemme.com\/blog\/wp-content\/uploads\/2015\/01\/ripresa-digitale-a-colori-convertita-in-bn.jpg?fit=787%2C498&#038;ssl=1\" src=\"https:\/\/i0.wp.com\/www.pigrecoemme.com\/blog\/wp-content\/uploads\/2015\/01\/ripresa-digitale-a-colori-convertita-in-bn.jpg?w=282&#038;h=282&#038;crop=1&#038;ssl=1\" srcset=\"https:\/\/i0.wp.com\/www.pigrecoemme.com\/blog\/wp-content\/uploads\/2015\/01\/ripresa-digitale-a-colori-convertita-in-bn.jpg?resize=150%2C150&amp;ssl=1 150w, https:\/\/i0.wp.com\/www.pigrecoemme.com\/blog\/wp-content\/uploads\/2015\/01\/ripresa-digitale-a-colori-convertita-in-bn.jpg?zoom=2&amp;resize=282%2C282&amp;ssl=1 564w\" width=\"282\" height=\"282\" loading=\"lazy\" data-original-width=\"282\" data-original-height=\"282\" itemprop=\"http:\/\/schema.org\/image\" title=\"Ripresa digitale a colori convertita in b\/n\" alt=\"Ripresa digitale a colori convertita in b\/n\" style=\"width: 282px; height: 282px;\" \/> <\/a> <div class=\"tiled-gallery-caption\" itemprop=\"caption description\"> Ripresa digitale a colori convertita in b\/n <\/div> <\/div> <\/div> <div class=\"gallery-group\" style=\"width: 286px; height: 286px;\" data-original-width=\"286\" data-original-height=\"286\" > <div class=\"tiled-gallery-item \" itemprop=\"associatedMedia\" itemscope itemtype=\"http:\/\/schema.org\/ImageObject\"> <a href=\"https:\/\/i0.wp.com\/www.pigrecoemme.com\/blog\/wp-content\/uploads\/2015\/01\/stampa-al-platino.jpg?ssl=1\" border=\"0\" itemprop=\"url\"> <meta itemprop=\"width\" content=\"282\"> <meta itemprop=\"height\" content=\"282\"> <img decoding=\"async\" class=\"\" data-attachment-id=\"1193\" data-orig-file=\"https:\/\/www.pigrecoemme.com\/blog\/wp-content\/uploads\/2015\/01\/stampa-al-platino.jpg\" data-orig-size=\"525,787\" data-comments-opened=\"1\" data-image-meta=\"{&quot;aperture&quot;:&quot;0&quot;,&quot;credit&quot;:&quot;&quot;,&quot;camera&quot;:&quot;&quot;,&quot;caption&quot;:&quot;&quot;,&quot;created_timestamp&quot;:&quot;0&quot;,&quot;copyright&quot;:&quot;&quot;,&quot;focal_length&quot;:&quot;0&quot;,&quot;iso&quot;:&quot;0&quot;,&quot;shutter_speed&quot;:&quot;0&quot;,&quot;title&quot;:&quot;&quot;,&quot;orientation&quot;:&quot;0&quot;}\" data-image-title=\"Stampa al platino\" data-image-description=\"&lt;p&gt;Stampa al platino&lt;\/p&gt; \" data-medium-file=\"https:\/\/i0.wp.com\/www.pigrecoemme.com\/blog\/wp-content\/uploads\/2015\/01\/stampa-al-platino.jpg?fit=200%2C300&#038;ssl=1\" data-large-file=\"https:\/\/i0.wp.com\/www.pigrecoemme.com\/blog\/wp-content\/uploads\/2015\/01\/stampa-al-platino.jpg?fit=525%2C787&#038;ssl=1\" src=\"https:\/\/i0.wp.com\/www.pigrecoemme.com\/blog\/wp-content\/uploads\/2015\/01\/stampa-al-platino.jpg?w=282&#038;h=282&#038;crop=1&#038;ssl=1\" width=\"282\" height=\"282\" loading=\"lazy\" data-original-width=\"282\" data-original-height=\"282\" itemprop=\"http:\/\/schema.org\/image\" title=\"Stampa al platino\" alt=\"Stampa al platino\" style=\"width: 282px; height: 282px;\" \/> <\/a> <div class=\"tiled-gallery-caption\" itemprop=\"caption description\"> Stampa al platino <\/div> <\/div> <\/div> <\/div> <\/div>\n<h2>Dal dagherrotipo a Photoshop<\/h2>\n<p>Perch\u00e9 raccontare il mondo in scala di grigi? Qual \u00e8 il modo pi\u00f9 efficace per farlo? Attraverso la visione di originali come dagherrotipi, ambrotipi, ferrotipi, albumine, ptatinotipi, stampe al carbone, alla gomma bicromatata, oleotipie e stampe digitali, il workshop rifletter\u00e0 su come la scala di grigio e il monocromatico \u00e8 stato utilizzato in fotografia, e analizzer\u00e0, anche praticamente, quali sono i mezzi pi\u00f9 efficaci per ottenere un b\\n da un file digitale con Adobe Photoshop.<\/p>\n<h2>Modalit\u00e0 di partecipazione<\/h2>\n<p>L\u2019incontro, fino a esaurimento posti, \u00e8 a <strong>ingresso gratuito<\/strong>. La prenotazione \u00e8 obbligatoria.<\/p>\n<p><strong>Prenotazioni<\/strong> e <strong>info<\/strong> al numero <strong>081 5635188<\/strong>.<\/p>\n<p><!--more--><\/p>\n<h2><strong>Il fotografo<\/strong><\/h2>\n<p>Luca Sorbo \u00e8 il responsabile dei <a href=\"http:\/\/www.pigrecoemme.com\/corsi.htm#corsifotografia\">corsi di fotografia<\/a> alla Pigrecoemme ed \u00e8 docente di fotografia presso l\u2019Accademia di Belle arti di Napoli.<\/p>\n<p>Sorbo ha significative esperienze nel foto-giornalismo, avendo realizzato reportage in Libano, Palestina, Russia, USA e Nord Europa e nella fotografia pubblicitaria e di moda.<\/p>\n<p>Ha tenuto diversi seminari di storia della fotografia all\u2019Universit\u00e0 Federico II di Napoli e presso altre istituzioni culturali. Ha pubblicato diversi saggi di storia e tecnica della fotografia ed alcuni libri tra cui un reportage sul Libano, \u201cSegni di guerra, sguardi di pace\u201d pubblicato dall\u2019Universit\u00e0 L\u2019Orientale di Napoli ed una ricognizione sulla storia della fotografia a Napoli dal titolo \u201cNapoli e la fotografia\u201d pubblicata dalla ESI.<\/p>\n<p>Fa parte del Gruppo Namias che raccoglie i maggiori esperti di antiche tecniche di stampa fotografica. Collabora con l\u2019agenzia di moda Bookfree.<\/p>\n","protected":false},"excerpt":{"rendered":"<p>Marted\u00ec 6 ottobre\u00a02015\u00a0dalle ore 16,00 alle 18,30, Luca Sorbo\u00a0&#8211; curatore del nostro corso di fotografia &#8211; terr\u00e0\u00a0una lezione gratuita sul bianco e nero, riproponendo la formula che gi\u00e0 aveva avuto molto successo lo scorso&hellip;<\/p>\n","protected":false},"author":1,"featured_media":0,"comment_status":"open","ping_status":"open","sticky":false,"template":"","format":"standard","meta":{"_jetpack_newsletter_access":"","_jetpack_dont_email_post_to_subs":false,"_jetpack_newsletter_tier_id":0,"_jetpack_memberships_contains_paywalled_content":false,"_jetpack_feature_clip_id":0,"_jetpack_memberships_contains_paid_content":false,"footnotes":"","jetpack_post_was_ever_published":false},"categories":[11,21,1,1523],"tags":[20,997,1283,370],"class_list":["post-1456","post","type-post","status-publish","format-standard","hentry","category-eventi","category-fotografia","category-generale","category-incontri-fotografici","tag-corso-di-fotografia","tag-bianco-e-nero","tag-fotografia","tag-incontri-fotografici"],"yoast_head":"<!-- This site is optimized with the Yoast SEO plugin v28.3 - https:\/\/yoast.com\/product\/yoast-seo-wordpress\/ -->\n<title>6 ottobre: lezione gratuita sulla fotografia in Bianco e Nero<\/title>\n<meta name=\"description\" content=\"A cura del nostro docente Luca Sorbo\" \/>\n<meta name=\"robots\" content=\"index, follow, max-snippet:-1, max-image-preview:large, max-video-preview:-1\" \/>\n<link rel=\"canonical\" href=\"https:\/\/www.pigrecoemme.com\/blog\/lezione-gratuita-sulla-fotografia-in-bianco-e-nero\/\" \/>\n<meta property=\"og:locale\" content=\"it_IT\" \/>\n<meta property=\"og:type\" content=\"article\" \/>\n<meta property=\"og:title\" content=\"6 ottobre: lezione gratuita sulla fotografia in Bianco e Nero\" \/>\n<meta property=\"og:description\" content=\"A cura del nostro docente Luca Sorbo\" \/>\n<meta property=\"og:url\" content=\"https:\/\/www.pigrecoemme.com\/blog\/lezione-gratuita-sulla-fotografia-in-bianco-e-nero\/\" \/>\n<meta property=\"og:site_name\" content=\"Scuola di Cinema Pigrecoemme - Blog\" \/>\n<meta property=\"article:publisher\" content=\"https:\/\/www.facebook.com\/pigrecoemme\" \/>\n<meta property=\"article:author\" content=\"https:\/\/www.facebook.com\/giacomo.fabbrocino\" \/>\n<meta property=\"article:published_time\" content=\"2015-09-10T14:36:52+00:00\" \/>\n<meta property=\"article:modified_time\" content=\"2016-01-27T10:43:57+00:00\" \/>\n<meta property=\"og:image\" content=\"https:\/\/i0.wp.com\/www.pigrecoemme.com\/blog\/wp-content\/uploads\/2015\/01\/gelatina-all-argento-su-legno.jpg?w=396&#038;h=396&#038;crop=1&#038;ssl=1\" \/>\n<meta name=\"author\" content=\"Giacomo Fabbrocino\" \/>\n<meta name=\"twitter:card\" content=\"summary_large_image\" \/>\n<meta name=\"twitter:creator\" content=\"@Pigrecoemme\" \/>\n<meta name=\"twitter:site\" content=\"@Pigrecoemme\" \/>\n<meta name=\"twitter:label1\" content=\"Scritto da\" \/>\n\t<meta name=\"twitter:data1\" content=\"Giacomo Fabbrocino\" \/>\n\t<meta name=\"twitter:label2\" content=\"Tempo di lettura stimato\" \/>\n\t<meta name=\"twitter:data2\" content=\"1 minuto\" \/>\n<script type=\"application\/ld+json\" class=\"yoast-schema-graph\">{\"@context\":\"https:\\\/\\\/schema.org\",\"@graph\":[{\"@type\":[\"Article\",\"BlogPosting\"],\"@id\":\"https:\\\/\\\/www.pigrecoemme.com\\\/blog\\\/lezione-gratuita-sulla-fotografia-in-bianco-e-nero\\\/#article\",\"isPartOf\":{\"@id\":\"https:\\\/\\\/www.pigrecoemme.com\\\/blog\\\/lezione-gratuita-sulla-fotografia-in-bianco-e-nero\\\/\"},\"author\":{\"name\":\"Giacomo Fabbrocino\",\"@id\":\"https:\\\/\\\/www.pigrecoemme.com\\\/blog\\\/#\\\/schema\\\/person\\\/57fa822c3d209d3a2612fd0411ae63f4\"},\"headline\":\"6 ottobre: lezione gratuita sulla fotografia in Bianco e Nero\",\"datePublished\":\"2015-09-10T14:36:52+00:00\",\"dateModified\":\"2016-01-27T10:43:57+00:00\",\"mainEntityOfPage\":{\"@id\":\"https:\\\/\\\/www.pigrecoemme.com\\\/blog\\\/lezione-gratuita-sulla-fotografia-in-bianco-e-nero\\\/\"},\"wordCount\":296,\"commentCount\":0,\"publisher\":{\"@id\":\"https:\\\/\\\/www.pigrecoemme.com\\\/blog\\\/#organization\"},\"image\":{\"@id\":\"https:\\\/\\\/www.pigrecoemme.com\\\/blog\\\/lezione-gratuita-sulla-fotografia-in-bianco-e-nero\\\/#primaryimage\"},\"thumbnailUrl\":\"http:\\\/\\\/www.pigrecoemme.com\\\/blog\\\/wp-content\\\/uploads\\\/2015\\\/09\\\/fotografia-in-bianco-e-nero.jpg\",\"keywords\":[\"\\\"corso di fotografia\\\"\",\"bianco e nero\",\"fotografia\",\"incontri fotografici\"],\"articleSection\":[\"Eventi\",\"Fotografia\",\"Generale\",\"Incontri fotografici\"],\"inLanguage\":\"it-IT\",\"potentialAction\":[{\"@type\":\"CommentAction\",\"name\":\"Comment\",\"target\":[\"https:\\\/\\\/www.pigrecoemme.com\\\/blog\\\/lezione-gratuita-sulla-fotografia-in-bianco-e-nero\\\/#respond\"]}]},{\"@type\":\"WebPage\",\"@id\":\"https:\\\/\\\/www.pigrecoemme.com\\\/blog\\\/lezione-gratuita-sulla-fotografia-in-bianco-e-nero\\\/\",\"url\":\"https:\\\/\\\/www.pigrecoemme.com\\\/blog\\\/lezione-gratuita-sulla-fotografia-in-bianco-e-nero\\\/\",\"name\":\"6 ottobre: lezione gratuita sulla fotografia in Bianco e Nero\",\"isPartOf\":{\"@id\":\"https:\\\/\\\/www.pigrecoemme.com\\\/blog\\\/#website\"},\"primaryImageOfPage\":{\"@id\":\"https:\\\/\\\/www.pigrecoemme.com\\\/blog\\\/lezione-gratuita-sulla-fotografia-in-bianco-e-nero\\\/#primaryimage\"},\"image\":{\"@id\":\"https:\\\/\\\/www.pigrecoemme.com\\\/blog\\\/lezione-gratuita-sulla-fotografia-in-bianco-e-nero\\\/#primaryimage\"},\"thumbnailUrl\":\"http:\\\/\\\/www.pigrecoemme.com\\\/blog\\\/wp-content\\\/uploads\\\/2015\\\/09\\\/fotografia-in-bianco-e-nero.jpg\",\"datePublished\":\"2015-09-10T14:36:52+00:00\",\"dateModified\":\"2016-01-27T10:43:57+00:00\",\"description\":\"A cura del nostro docente Luca Sorbo\",\"breadcrumb\":{\"@id\":\"https:\\\/\\\/www.pigrecoemme.com\\\/blog\\\/lezione-gratuita-sulla-fotografia-in-bianco-e-nero\\\/#breadcrumb\"},\"inLanguage\":\"it-IT\",\"potentialAction\":[{\"@type\":\"ReadAction\",\"target\":[\"https:\\\/\\\/www.pigrecoemme.com\\\/blog\\\/lezione-gratuita-sulla-fotografia-in-bianco-e-nero\\\/\"]}]},{\"@type\":\"ImageObject\",\"inLanguage\":\"it-IT\",\"@id\":\"https:\\\/\\\/www.pigrecoemme.com\\\/blog\\\/lezione-gratuita-sulla-fotografia-in-bianco-e-nero\\\/#primaryimage\",\"url\":\"http:\\\/\\\/www.pigrecoemme.com\\\/blog\\\/wp-content\\\/uploads\\\/2015\\\/09\\\/fotografia-in-bianco-e-nero.jpg\",\"contentUrl\":\"http:\\\/\\\/www.pigrecoemme.com\\\/blog\\\/wp-content\\\/uploads\\\/2015\\\/09\\\/fotografia-in-bianco-e-nero.jpg\"},{\"@type\":\"BreadcrumbList\",\"@id\":\"https:\\\/\\\/www.pigrecoemme.com\\\/blog\\\/lezione-gratuita-sulla-fotografia-in-bianco-e-nero\\\/#breadcrumb\",\"itemListElement\":[{\"@type\":\"ListItem\",\"position\":1,\"name\":\"Home\",\"item\":\"https:\\\/\\\/www.pigrecoemme.com\\\/blog\\\/\"},{\"@type\":\"ListItem\",\"position\":2,\"name\":\"6 ottobre: lezione gratuita sulla fotografia in Bianco e Nero\"}]},{\"@type\":\"WebSite\",\"@id\":\"https:\\\/\\\/www.pigrecoemme.com\\\/blog\\\/#website\",\"url\":\"https:\\\/\\\/www.pigrecoemme.com\\\/blog\\\/\",\"name\":\"Scuola di Cinema Pigrecoemme - Blog\",\"description\":\"Siamo la prima Scuola di Cinema e Fotografia di Napoli\",\"publisher\":{\"@id\":\"https:\\\/\\\/www.pigrecoemme.com\\\/blog\\\/#organization\"},\"potentialAction\":[{\"@type\":\"SearchAction\",\"target\":{\"@type\":\"EntryPoint\",\"urlTemplate\":\"https:\\\/\\\/www.pigrecoemme.com\\\/blog\\\/?s={search_term_string}\"},\"query-input\":{\"@type\":\"PropertyValueSpecification\",\"valueRequired\":true,\"valueName\":\"search_term_string\"}}],\"inLanguage\":\"it-IT\"},{\"@type\":\"Organization\",\"@id\":\"https:\\\/\\\/www.pigrecoemme.com\\\/blog\\\/#organization\",\"name\":\"Scuola di cinema e fotografia Pigrecoemme\",\"url\":\"https:\\\/\\\/www.pigrecoemme.com\\\/blog\\\/\",\"logo\":{\"@type\":\"ImageObject\",\"inLanguage\":\"it-IT\",\"@id\":\"https:\\\/\\\/www.pigrecoemme.com\\\/blog\\\/#\\\/schema\\\/logo\\\/image\\\/\",\"url\":\"https:\\\/\\\/i0.wp.com\\\/www.pigrecoemme.com\\\/blog\\\/wp-content\\\/uploads\\\/2018\\\/06\\\/logo-pigrecoemme-2018.png?fit=500%2C500&ssl=1\",\"contentUrl\":\"https:\\\/\\\/i0.wp.com\\\/www.pigrecoemme.com\\\/blog\\\/wp-content\\\/uploads\\\/2018\\\/06\\\/logo-pigrecoemme-2018.png?fit=500%2C500&ssl=1\",\"width\":500,\"height\":500,\"caption\":\"Scuola di cinema e fotografia Pigrecoemme\"},\"image\":{\"@id\":\"https:\\\/\\\/www.pigrecoemme.com\\\/blog\\\/#\\\/schema\\\/logo\\\/image\\\/\"},\"sameAs\":[\"https:\\\/\\\/www.facebook.com\\\/pigrecoemme\",\"https:\\\/\\\/x.com\\\/Pigrecoemme\",\"https:\\\/\\\/www.instagram.com\\\/pigrecoemme\\\/\",\"https:\\\/\\\/www.linkedin.com\\\/company\\\/pigrecoemme\\\/\",\"https:\\\/\\\/www.youtube.com\\\/pigrecoemme\"]},{\"@type\":\"Person\",\"@id\":\"https:\\\/\\\/www.pigrecoemme.com\\\/blog\\\/#\\\/schema\\\/person\\\/57fa822c3d209d3a2612fd0411ae63f4\",\"name\":\"Giacomo Fabbrocino\",\"image\":{\"@type\":\"ImageObject\",\"inLanguage\":\"it-IT\",\"@id\":\"https:\\\/\\\/secure.gravatar.com\\\/avatar\\\/0e4dfd4d05c06a03fffaffeb36fb181415ba11b91a6b566fa2e8ada75927db32?s=96&r=g\",\"url\":\"https:\\\/\\\/secure.gravatar.com\\\/avatar\\\/0e4dfd4d05c06a03fffaffeb36fb181415ba11b91a6b566fa2e8ada75927db32?s=96&r=g\",\"contentUrl\":\"https:\\\/\\\/secure.gravatar.com\\\/avatar\\\/0e4dfd4d05c06a03fffaffeb36fb181415ba11b91a6b566fa2e8ada75927db32?s=96&r=g\",\"caption\":\"Giacomo Fabbrocino\"},\"description\":\"Montatore cinematografico, autore di documentari sull'arte e di video d'artista, Giacomo \u00e8 responsabile della didattica e della comunicazione web della Scuola di Cinema, Fotografia e Televisione Pigrecoemme di Napoli.\",\"sameAs\":[\"http:\\\/\\\/www.pigrecoemme.com\\\/\",\"https:\\\/\\\/www.facebook.com\\\/giacomo.fabbrocino\"],\"url\":\"https:\\\/\\\/www.pigrecoemme.com\\\/blog\\\/author\\\/giacomo-fabbrocino\\\/\"}]}<\/script>\n<!-- \/ Yoast SEO plugin. -->","yoast_head_json":{"title":"6 ottobre: lezione gratuita sulla fotografia in Bianco e Nero","description":"A cura del nostro docente Luca Sorbo","robots":{"index":"index","follow":"follow","max-snippet":"max-snippet:-1","max-image-preview":"max-image-preview:large","max-video-preview":"max-video-preview:-1"},"canonical":"https:\/\/www.pigrecoemme.com\/blog\/lezione-gratuita-sulla-fotografia-in-bianco-e-nero\/","og_locale":"it_IT","og_type":"article","og_title":"6 ottobre: lezione gratuita sulla fotografia in Bianco e Nero","og_description":"A cura del nostro docente Luca Sorbo","og_url":"https:\/\/www.pigrecoemme.com\/blog\/lezione-gratuita-sulla-fotografia-in-bianco-e-nero\/","og_site_name":"Scuola di Cinema Pigrecoemme - Blog","article_publisher":"https:\/\/www.facebook.com\/pigrecoemme","article_author":"https:\/\/www.facebook.com\/giacomo.fabbrocino","article_published_time":"2015-09-10T14:36:52+00:00","article_modified_time":"2016-01-27T10:43:57+00:00","og_image":[{"url":"https:\/\/i0.wp.com\/www.pigrecoemme.com\/blog\/wp-content\/uploads\/2015\/01\/gelatina-all-argento-su-legno.jpg?w=396&#038;h=396&#038;crop=1&#038;ssl=1","type":"","width":"","height":""}],"author":"Giacomo Fabbrocino","twitter_card":"summary_large_image","twitter_creator":"@Pigrecoemme","twitter_site":"@Pigrecoemme","twitter_misc":{"Scritto da":"Giacomo Fabbrocino","Tempo di lettura stimato":"1 minuto"},"schema":{"@context":"https:\/\/schema.org","@graph":[{"@type":["Article","BlogPosting"],"@id":"https:\/\/www.pigrecoemme.com\/blog\/lezione-gratuita-sulla-fotografia-in-bianco-e-nero\/#article","isPartOf":{"@id":"https:\/\/www.pigrecoemme.com\/blog\/lezione-gratuita-sulla-fotografia-in-bianco-e-nero\/"},"author":{"name":"Giacomo Fabbrocino","@id":"https:\/\/www.pigrecoemme.com\/blog\/#\/schema\/person\/57fa822c3d209d3a2612fd0411ae63f4"},"headline":"6 ottobre: lezione gratuita sulla fotografia in Bianco e Nero","datePublished":"2015-09-10T14:36:52+00:00","dateModified":"2016-01-27T10:43:57+00:00","mainEntityOfPage":{"@id":"https:\/\/www.pigrecoemme.com\/blog\/lezione-gratuita-sulla-fotografia-in-bianco-e-nero\/"},"wordCount":296,"commentCount":0,"publisher":{"@id":"https:\/\/www.pigrecoemme.com\/blog\/#organization"},"image":{"@id":"https:\/\/www.pigrecoemme.com\/blog\/lezione-gratuita-sulla-fotografia-in-bianco-e-nero\/#primaryimage"},"thumbnailUrl":"http:\/\/www.pigrecoemme.com\/blog\/wp-content\/uploads\/2015\/09\/fotografia-in-bianco-e-nero.jpg","keywords":["\"corso di fotografia\"","bianco e nero","fotografia","incontri fotografici"],"articleSection":["Eventi","Fotografia","Generale","Incontri fotografici"],"inLanguage":"it-IT","potentialAction":[{"@type":"CommentAction","name":"Comment","target":["https:\/\/www.pigrecoemme.com\/blog\/lezione-gratuita-sulla-fotografia-in-bianco-e-nero\/#respond"]}]},{"@type":"WebPage","@id":"https:\/\/www.pigrecoemme.com\/blog\/lezione-gratuita-sulla-fotografia-in-bianco-e-nero\/","url":"https:\/\/www.pigrecoemme.com\/blog\/lezione-gratuita-sulla-fotografia-in-bianco-e-nero\/","name":"6 ottobre: lezione gratuita sulla fotografia in Bianco e Nero","isPartOf":{"@id":"https:\/\/www.pigrecoemme.com\/blog\/#website"},"primaryImageOfPage":{"@id":"https:\/\/www.pigrecoemme.com\/blog\/lezione-gratuita-sulla-fotografia-in-bianco-e-nero\/#primaryimage"},"image":{"@id":"https:\/\/www.pigrecoemme.com\/blog\/lezione-gratuita-sulla-fotografia-in-bianco-e-nero\/#primaryimage"},"thumbnailUrl":"http:\/\/www.pigrecoemme.com\/blog\/wp-content\/uploads\/2015\/09\/fotografia-in-bianco-e-nero.jpg","datePublished":"2015-09-10T14:36:52+00:00","dateModified":"2016-01-27T10:43:57+00:00","description":"A cura del nostro docente Luca Sorbo","breadcrumb":{"@id":"https:\/\/www.pigrecoemme.com\/blog\/lezione-gratuita-sulla-fotografia-in-bianco-e-nero\/#breadcrumb"},"inLanguage":"it-IT","potentialAction":[{"@type":"ReadAction","target":["https:\/\/www.pigrecoemme.com\/blog\/lezione-gratuita-sulla-fotografia-in-bianco-e-nero\/"]}]},{"@type":"ImageObject","inLanguage":"it-IT","@id":"https:\/\/www.pigrecoemme.com\/blog\/lezione-gratuita-sulla-fotografia-in-bianco-e-nero\/#primaryimage","url":"http:\/\/www.pigrecoemme.com\/blog\/wp-content\/uploads\/2015\/09\/fotografia-in-bianco-e-nero.jpg","contentUrl":"http:\/\/www.pigrecoemme.com\/blog\/wp-content\/uploads\/2015\/09\/fotografia-in-bianco-e-nero.jpg"},{"@type":"BreadcrumbList","@id":"https:\/\/www.pigrecoemme.com\/blog\/lezione-gratuita-sulla-fotografia-in-bianco-e-nero\/#breadcrumb","itemListElement":[{"@type":"ListItem","position":1,"name":"Home","item":"https:\/\/www.pigrecoemme.com\/blog\/"},{"@type":"ListItem","position":2,"name":"6 ottobre: lezione gratuita sulla fotografia in Bianco e Nero"}]},{"@type":"WebSite","@id":"https:\/\/www.pigrecoemme.com\/blog\/#website","url":"https:\/\/www.pigrecoemme.com\/blog\/","name":"Scuola di Cinema Pigrecoemme - Blog","description":"Siamo la prima Scuola di Cinema e Fotografia di Napoli","publisher":{"@id":"https:\/\/www.pigrecoemme.com\/blog\/#organization"},"potentialAction":[{"@type":"SearchAction","target":{"@type":"EntryPoint","urlTemplate":"https:\/\/www.pigrecoemme.com\/blog\/?s={search_term_string}"},"query-input":{"@type":"PropertyValueSpecification","valueRequired":true,"valueName":"search_term_string"}}],"inLanguage":"it-IT"},{"@type":"Organization","@id":"https:\/\/www.pigrecoemme.com\/blog\/#organization","name":"Scuola di cinema e fotografia Pigrecoemme","url":"https:\/\/www.pigrecoemme.com\/blog\/","logo":{"@type":"ImageObject","inLanguage":"it-IT","@id":"https:\/\/www.pigrecoemme.com\/blog\/#\/schema\/logo\/image\/","url":"https:\/\/i0.wp.com\/www.pigrecoemme.com\/blog\/wp-content\/uploads\/2018\/06\/logo-pigrecoemme-2018.png?fit=500%2C500&ssl=1","contentUrl":"https:\/\/i0.wp.com\/www.pigrecoemme.com\/blog\/wp-content\/uploads\/2018\/06\/logo-pigrecoemme-2018.png?fit=500%2C500&ssl=1","width":500,"height":500,"caption":"Scuola di cinema e fotografia Pigrecoemme"},"image":{"@id":"https:\/\/www.pigrecoemme.com\/blog\/#\/schema\/logo\/image\/"},"sameAs":["https:\/\/www.facebook.com\/pigrecoemme","https:\/\/x.com\/Pigrecoemme","https:\/\/www.instagram.com\/pigrecoemme\/","https:\/\/www.linkedin.com\/company\/pigrecoemme\/","https:\/\/www.youtube.com\/pigrecoemme"]},{"@type":"Person","@id":"https:\/\/www.pigrecoemme.com\/blog\/#\/schema\/person\/57fa822c3d209d3a2612fd0411ae63f4","name":"Giacomo Fabbrocino","image":{"@type":"ImageObject","inLanguage":"it-IT","@id":"https:\/\/secure.gravatar.com\/avatar\/0e4dfd4d05c06a03fffaffeb36fb181415ba11b91a6b566fa2e8ada75927db32?s=96&r=g","url":"https:\/\/secure.gravatar.com\/avatar\/0e4dfd4d05c06a03fffaffeb36fb181415ba11b91a6b566fa2e8ada75927db32?s=96&r=g","contentUrl":"https:\/\/secure.gravatar.com\/avatar\/0e4dfd4d05c06a03fffaffeb36fb181415ba11b91a6b566fa2e8ada75927db32?s=96&r=g","caption":"Giacomo Fabbrocino"},"description":"Montatore cinematografico, autore di documentari sull'arte e di video d'artista, Giacomo \u00e8 responsabile della didattica e della comunicazione web della Scuola di Cinema, Fotografia e Televisione Pigrecoemme di Napoli.","sameAs":["http:\/\/www.pigrecoemme.com\/","https:\/\/www.facebook.com\/giacomo.fabbrocino"],"url":"https:\/\/www.pigrecoemme.com\/blog\/author\/giacomo-fabbrocino\/"}]}},"jetpack_sharing_enabled":true,"jetpack_likes_enabled":true,"jetpack-related-posts":[{"id":1184,"url":"https:\/\/www.pigrecoemme.com\/blog\/lezione-gratuita-sulla-fotografia-bianco-e-nero-alla-pigrecoemme\/","url_meta":{"origin":1456,"position":0},"title":"Lezione gratuita sulla fotografia in Bianco e Nero alla Pigrecoemme","author":"Giacomo Fabbrocino","date":"8 Gennaio 2015","format":false,"excerpt":"Marted\u00ec 20\u00a0gennaio, dalle ore 16,00 alle 18,30, Luca Sorbo curer\u00e0 a una lezione gratuita sul mondo del bianco e nero fotografico. \u00a0Esempi Dal dagherrotipo a Photoshop Perch\u00e9 raccontare il mondo in scala di grigi? Qual \u00e8 il modo pi\u00f9 efficace per farlo? Attraverso la visione di originali come dagherrotipi, ambrotipi,\u2026","rel":"","context":"In &quot;Fotografia&quot;","block_context":{"text":"Fotografia","link":"https:\/\/www.pigrecoemme.com\/blog\/fotografia\/"},"img":{"alt_text":"Gelatina all'argento su legno","src":"https:\/\/i0.wp.com\/www.pigrecoemme.com\/blog\/wp-content\/uploads\/2015\/01\/gelatina-all-argento-su-legno.jpg?resize=350%2C200","width":350,"height":200},"classes":[]},{"id":1881,"url":"https:\/\/www.pigrecoemme.com\/blog\/8-maggio-lezione-gratuita-sulla-fotografia-bianco-nero\/","url_meta":{"origin":1456,"position":1},"title":"8 maggio: lezione gratuita sulla fotografia in Bianco e Nero","author":"Giacomo Fabbrocino","date":"18 Aprile 2017","format":false,"excerpt":"Luned\u00ec 8 maggio\u00a02017\u00a0dalle ore 16,30 alle 18,30, Luca Sorbo\u00a0- docente\u00a0del nostro corso di fotografia\u00a0e curatore degli eventi legati alla fotografia organizzati alla Pigrecoemme - terr\u00e0\u00a0una lezione gratuita sul bianco e nero, riproponendo una la formula che gi\u00e0 ha\u00a0avuto molto successo in \u00a0precedenti occasioni. \u00a0Esempi di elaborazione fotografica in bianco e\u2026","rel":"","context":"In &quot;Eventi&quot;","block_context":{"text":"Eventi","link":"https:\/\/www.pigrecoemme.com\/blog\/eventi\/"},"img":{"alt_text":"Gelatina all'argento su legno","src":"https:\/\/i0.wp.com\/www.pigrecoemme.com\/blog\/wp-content\/uploads\/2015\/01\/gelatina-all-argento-su-legno.jpg?resize=350%2C200","width":350,"height":200},"classes":[]},{"id":1696,"url":"https:\/\/www.pigrecoemme.com\/blog\/30-aprile-lezione-gratuita-sulla-fotografia-bianco-nero\/","url_meta":{"origin":1456,"position":2},"title":"30 aprile: lezione gratuita sulla fotografia in Bianco e Nero","author":"Giacomo Fabbrocino","date":"14 Aprile 2016","format":false,"excerpt":"Sabato\u00a030 aprile\u00a02016\u00a0dalle ore 16,00 alle 18,30, Luca Sorbo\u00a0- curatore del nostro corso di fotografia - terr\u00e0\u00a0una lezione gratuita sul bianco e nero, riproponendo una la formula che gi\u00e0 ha\u00a0avuto molto successo in due precedenti occasioni. \u00a0Esempi di elaborazione fotografica in bianco e nero Dal dagherrotipo a Photoshop Perch\u00e9 raccontare il\u2026","rel":"","context":"In &quot;Eventi&quot;","block_context":{"text":"Eventi","link":"https:\/\/www.pigrecoemme.com\/blog\/eventi\/"},"img":{"alt_text":"Gelatina all'argento su legno","src":"https:\/\/i0.wp.com\/www.pigrecoemme.com\/blog\/wp-content\/uploads\/2015\/01\/gelatina-all-argento-su-legno.jpg?resize=350%2C200","width":350,"height":200},"classes":[]},{"id":822,"url":"https:\/\/www.pigrecoemme.com\/blog\/incontri-fotografici-itaca\/","url_meta":{"origin":1456,"position":3},"title":"Gli Incontri fotografici della Pigrecoemme approdano all&#8217;Itaca di Renato Orsini","author":"Corrado Morra","date":"26 Aprile 2014","format":false,"excerpt":"Mercoled\u00ec 30 aprile, dalle ore 17,00 alle 19,00, nell\u2019ambito della rassegna Incontri fotografici della Scuola di cinema e fotografia Pigrecoemme di Napoli, Renato Orsini presenta ITACA, il suo ultimo progetto fotografico, un viaggio emozionante in bianco e nero che, attraverso forti contrasti e una capacit\u00e0 sbalorditiva di scovare particolari epifanici,\u2026","rel":"","context":"In &quot;Eventi&quot;","block_context":{"text":"Eventi","link":"https:\/\/www.pigrecoemme.com\/blog\/eventi\/"},"img":{"alt_text":"","src":"https:\/\/i0.wp.com\/www.pigrecoemme.com\/blog\/wp-content\/uploads\/2014\/04\/renato-orsini.png?resize=350%2C200","width":350,"height":200},"classes":[]},{"id":1762,"url":"https:\/\/www.pigrecoemme.com\/blog\/lezione-gratuita-il-metodo-lab-e-il-workflow-del-fotografo-digitale\/","url_meta":{"origin":1456,"position":4},"title":"Lezione gratuita. La potenza del metodo LAB  ed il flusso di lavoro del fotografo digitale","author":"Pigrecoemme","date":"21 Settembre 2016","format":false,"excerpt":"Marted\u00ec 4 ottobre 2016 dalle 16:00 alle 18;30 alla Pigrecoemme, una lezione gratuita\u00a0per comprendere\u00a0qual \u00e8 il corretto flusso di lavoro quando si lavora con la fotografia digitale\u00a0e quali sono le potenzialit\u00e0 del metodo LAB, considerato il migliore per la correzione colore, per il contrasto, per la nitidezza e per ottenere\u2026","rel":"","context":"In &quot;Eventi&quot;","block_context":{"text":"Eventi","link":"https:\/\/www.pigrecoemme.com\/blog\/eventi\/"},"img":{"alt_text":"Lezione gratuita. Il metodo LAB e il workflow del fotografo digitale ","src":"https:\/\/i0.wp.com\/www.pigrecoemme.com\/blog\/wp-content\/uploads\/2016\/09\/lezionelmetodo-lab-photoshop-2.jpg?resize=350%2C200","width":350,"height":200,"srcset":"https:\/\/i0.wp.com\/www.pigrecoemme.com\/blog\/wp-content\/uploads\/2016\/09\/lezionelmetodo-lab-photoshop-2.jpg?resize=350%2C200 1x, https:\/\/i0.wp.com\/www.pigrecoemme.com\/blog\/wp-content\/uploads\/2016\/09\/lezionelmetodo-lab-photoshop-2.jpg?resize=525%2C300 1.5x, https:\/\/i0.wp.com\/www.pigrecoemme.com\/blog\/wp-content\/uploads\/2016\/09\/lezionelmetodo-lab-photoshop-2.jpg?resize=700%2C400 2x"},"classes":[]},{"id":3994,"url":"https:\/\/www.pigrecoemme.com\/blog\/corso-di-fotografia-analogica-a-napoli-maggio-2026\/","url_meta":{"origin":1456,"position":5},"title":"Corso di fotografia analogica a Napoli: al via l\u201911 maggio 2026","author":"Pigrecoemme","date":"16 Aprile 2026","format":false,"excerpt":"La fotografia analogica continua a esercitare un fascino speciale su chi vuole andare oltre l\u2019automatismo del digitale e tornare a un rapporto pi\u00f9 consapevole con l\u2019immagine. Proprio per questo, alla Pigrecoemme parte un nuovo corso di fotografia analogica a Napoli, dedicato a chi desidera lavorare con la pellicola, conoscere i\u2026","rel":"","context":"In &quot;Fotografia&quot;","block_context":{"text":"Fotografia","link":"https:\/\/www.pigrecoemme.com\/blog\/fotografia\/"},"img":{"alt_text":"","src":"","width":0,"height":0},"classes":[]}],"jetpack_featured_media_url":"","_links":{"self":[{"href":"https:\/\/www.pigrecoemme.com\/blog\/wp-json\/wp\/v2\/posts\/1456","targetHints":{"allow":["GET"]}}],"collection":[{"href":"https:\/\/www.pigrecoemme.com\/blog\/wp-json\/wp\/v2\/posts"}],"about":[{"href":"https:\/\/www.pigrecoemme.com\/blog\/wp-json\/wp\/v2\/types\/post"}],"author":[{"embeddable":true,"href":"https:\/\/www.pigrecoemme.com\/blog\/wp-json\/wp\/v2\/users\/1"}],"replies":[{"embeddable":true,"href":"https:\/\/www.pigrecoemme.com\/blog\/wp-json\/wp\/v2\/comments?post=1456"}],"version-history":[{"count":0,"href":"https:\/\/www.pigrecoemme.com\/blog\/wp-json\/wp\/v2\/posts\/1456\/revisions"}],"wp:attachment":[{"href":"https:\/\/www.pigrecoemme.com\/blog\/wp-json\/wp\/v2\/media?parent=1456"}],"wp:term":[{"taxonomy":"category","embeddable":true,"href":"https:\/\/www.pigrecoemme.com\/blog\/wp-json\/wp\/v2\/categories?post=1456"},{"taxonomy":"post_tag","embeddable":true,"href":"https:\/\/www.pigrecoemme.com\/blog\/wp-json\/wp\/v2\/tags?post=1456"}],"curies":[{"name":"wp","href":"https:\/\/api.w.org\/{rel}","templated":true}]}}