{"id":1434,"date":"2015-07-24T16:49:52","date_gmt":"2015-07-24T14:49:52","guid":{"rendered":"http:\/\/www.pigrecoemme.com\/blog\/?p=1434"},"modified":"2015-07-24T16:52:45","modified_gmt":"2015-07-24T14:52:45","slug":"bergman","status":"publish","type":"post","link":"https:\/\/www.pigrecoemme.com\/blog\/bergman\/","title":{"rendered":"Un corso gratuito sul cinema di Bergman"},"content":{"rendered":"<p><a href=\"https:\/\/i0.wp.com\/www.pigrecoemme.com\/blog\/wp-content\/uploads\/2015\/07\/bergman.jpg?ssl=1\"><img data-recalc-dims=\"1\" loading=\"lazy\" decoding=\"async\" class=\"aligncenter size-full wp-image-1435\" src=\"https:\/\/i0.wp.com\/www.pigrecoemme.com\/blog\/wp-content\/uploads\/2015\/07\/bergman.jpg?resize=484%2C252&#038;ssl=1\" alt=\"bergman\" width=\"484\" height=\"252\" srcset=\"https:\/\/i0.wp.com\/www.pigrecoemme.com\/blog\/wp-content\/uploads\/2015\/07\/bergman.jpg?w=484&amp;ssl=1 484w, https:\/\/i0.wp.com\/www.pigrecoemme.com\/blog\/wp-content\/uploads\/2015\/07\/bergman.jpg?resize=300%2C156&amp;ssl=1 300w\" sizes=\"auto, (max-width: 484px) 100vw, 484px\" \/><\/a><\/p>\n<p>Parte <strong>luned\u00ec 14 settembre 2015<\/strong>, un percorso di studi, dedicato\u00a0a\u00a0<strong>Ingmar Bergman<\/strong>, dal titolo <strong>Il cinema dell&#8217;istante<\/strong>.<br \/>\nOrganizzato da <strong>Pigrecoemme<\/strong> in collaborazione con la <a href=\"http:\/\/www.ficc.it\/\">FICC &#8211; Federazione italiana dei circoli del cinema<\/a>, il corso \u00e8 completamente <strong>gratuito<\/strong> e prevede <strong>otto lezioni<\/strong>, a cura di<strong> Vincenzo Esposito<\/strong>, tra i maggiori esperti di cinema scandinavo in Italia e direttore dell&#8217;<strong>Italienska Filmfestivalen<\/strong> di Stoccolma,\u00a0con un intervento, sull&#8217;eredit\u00e0 cinematografica e culturale lasciata dal maestro svedese, a cura di <strong>Corrado Morra<\/strong>.<br \/>\nI <strong>posti a disposizione<\/strong> sono <strong>30 <\/strong>e,\u00a0per partecipare, \u00e8 necessario iscriversi\u00a0presso la sede della Scuola di cinema Pigrecoemme di Napoli (piazza Portanova, 11). C&#8217;\u00e8 tempo\u00a0<strong>fino al 31 luglio<\/strong> e\u00a0<strong>dal 1\u00b0 settembre<\/strong>\u00a0<strong>fino a esaurimento dei posti<\/strong>, dal <strong>luned\u00ec al venerd\u00ec<\/strong>, dalle <strong>ore 10:30 alle 13:30<\/strong> e dalle <strong>15:00 alle 17:30<\/strong>.<!--more--><\/p>\n<h2>Il calendario<\/h2>\n<p>Le lezioni si terranno nella saletta proiezioni della Pigrecoemme, dalle<strong> ore 15:00 <\/strong>alle<strong> 18:00<\/strong>, col seguente calendario:<\/p>\n<p>Luned\u00ec 14 settembre<br \/>\nMercoled\u00ec 16 settembre<br \/>\nLuned\u00ec 21 settembre<br \/>\nMercoled\u00ec 23 settembre<br \/>\nLuned\u00ec 5 ottobre<br \/>\nMercoled\u00ec 7 ottobre<br \/>\nLuned\u00ec 12 ottobre<br \/>\nMercoled\u00ec 14 ottobre<\/p>\n<p>Ogni\u00a0appuntamento sar\u00e0 incentrato sull&#8217;analisi di un singolo film e la lista completa dei titoli sar\u00e0\u00a0comunicata ai corsisti durante la prima lezione.<\/p>\n<h2>I temi, le suggestioni<\/h2>\n<p>\u00abIngmar Bergman \u00e8 il cineasta dell\u2019istante\u00bb, diceva Jean-Luc Godard Godard, \u00abUn suo film \u00e8, per cos\u00ec dire, un ventiquattresimo di secondo che si dilata per un\u2019ora e mezza\u00bb. Ma \u00e8 anche, aggiungiamo noi, un istante cinematografico che diventa eternit\u00e0. Bergman non \u00e8 soltanto uno dei pi\u00f9 grandi registi cinematografici di tutti i tempi, ma anche un \u201cconcetto\u201d, un\u2019idea di cinema che riflette l\u2019assenza della realt\u00e0 mentre \u201ctraffica\u201d con le sue immagini, scorgendo (e rappresentando), in ultima analisi, \u00abla paura dell\u2019uomo di fronte al proprio nulla\u00bb (Gilles Deleuze). Un\u2019ideale (addirittura!) di cinema, il suo, che ha fatto proseliti, ha influenzato generazioni di registi di ogni nazionalit\u00e0, ma di cui spesso s\u2019ignorano le radici, profondamente radicate nella sua terra d\u2019origine: la Svezia.<br \/>\nLa cultura, la natura, le tradizioni artistiche di \u00abun paese alla periferia dell\u2019Europa\u00bb (la definizione \u00e8 di August Strindberg) che nell\u2019istante bergmaniano diventano centrali.<br \/>\nQuesto corso intende indagare proprio su questo rapporto \u201cinvisibile\u201d eppure proficuo e profondo tra Ingmar Bergman e le sue radici, tra il suo istante cinematografico e l\u2019eternit\u00e0 della tradizione culturale che lo ha prodotto rendendolo \u201cuniversale\u201d <strong>(Vincenzo Esposito)<\/strong>.<\/p>\n","protected":false},"excerpt":{"rendered":"<p>Parte luned\u00ec 14 settembre 2015, un percorso di studi, dedicato\u00a0a\u00a0Ingmar Bergman, dal titolo Il cinema dell&#8217;istante. Organizzato da Pigrecoemme in collaborazione con la FICC &#8211; Federazione italiana dei circoli del cinema, il corso \u00e8&hellip;<\/p>\n","protected":false},"author":2,"featured_media":0,"comment_status":"open","ping_status":"open","sticky":false,"template":"","format":"standard","meta":{"_jetpack_newsletter_access":"","_jetpack_dont_email_post_to_subs":false,"_jetpack_newsletter_tier_id":0,"_jetpack_memberships_contains_paywalled_content":false,"_jetpack_feature_clip_id":0,"_jetpack_memberships_contains_paid_content":false,"footnotes":"","jetpack_post_was_ever_published":false},"categories":[950,1,3],"tags":[227,357,459,737,1224,1223],"class_list":["post-1434","post","type-post","status-publish","format-standard","hentry","category-analisi-e-critica-2","category-generale","category-scuola-di-cinema","tag-corrado-morra","tag-corsi-di-cinema","tag-corsi-gratuiti","tag-ficc","tag-ingmar-bergman","tag-vincenzo-espostio"],"yoast_head":"<!-- This site is optimized with the Yoast SEO plugin v28.3 - https:\/\/yoast.com\/product\/yoast-seo-wordpress\/ -->\n<title>Un corso gratuito sul cinema di Bergman<\/title>\n<meta name=\"description\" content=\"Dal 14 settembre, alla Scuola di cinema Pigrecoemme di Napoli, un corso gratuito dedicato al cinema di Ingmar Bergman, a cura di Vincenzo Esposito.\" \/>\n<meta name=\"robots\" content=\"index, follow, max-snippet:-1, max-image-preview:large, max-video-preview:-1\" \/>\n<link rel=\"canonical\" href=\"https:\/\/www.pigrecoemme.com\/blog\/bergman\/\" \/>\n<meta property=\"og:locale\" content=\"it_IT\" \/>\n<meta property=\"og:type\" content=\"article\" \/>\n<meta property=\"og:title\" content=\"Un corso gratuito sul cinema di Bergman\" \/>\n<meta property=\"og:description\" content=\"Dal 14 settembre, alla Scuola di cinema Pigrecoemme di Napoli, un corso gratuito dedicato al cinema di Ingmar Bergman, a cura di Vincenzo Esposito.\" \/>\n<meta property=\"og:url\" content=\"https:\/\/www.pigrecoemme.com\/blog\/bergman\/\" \/>\n<meta property=\"og:site_name\" content=\"Scuola di Cinema Pigrecoemme - Blog\" \/>\n<meta property=\"article:publisher\" content=\"https:\/\/www.facebook.com\/pigrecoemme\" \/>\n<meta property=\"article:author\" content=\"https:\/\/www.facebook.com\/corrado.morra1\" \/>\n<meta property=\"article:published_time\" content=\"2015-07-24T14:49:52+00:00\" \/>\n<meta property=\"article:modified_time\" content=\"2015-07-24T14:52:45+00:00\" \/>\n<meta property=\"og:image\" content=\"http:\/\/www.pigrecoemme.com\/blog\/wp-content\/uploads\/2015\/07\/bergman.jpg\" \/>\n<meta name=\"author\" content=\"Corrado Morra\" \/>\n<meta name=\"twitter:card\" content=\"summary_large_image\" \/>\n<meta name=\"twitter:creator\" content=\"@Pigrecoemme\" \/>\n<meta name=\"twitter:site\" content=\"@Pigrecoemme\" \/>\n<meta name=\"twitter:label1\" content=\"Scritto da\" \/>\n\t<meta name=\"twitter:data1\" content=\"Corrado Morra\" \/>\n\t<meta name=\"twitter:label2\" content=\"Tempo di lettura stimato\" \/>\n\t<meta name=\"twitter:data2\" content=\"2 minuti\" \/>\n<script type=\"application\/ld+json\" class=\"yoast-schema-graph\">{\"@context\":\"https:\\\/\\\/schema.org\",\"@graph\":[{\"@type\":[\"Article\",\"BlogPosting\"],\"@id\":\"https:\\\/\\\/www.pigrecoemme.com\\\/blog\\\/bergman\\\/#article\",\"isPartOf\":{\"@id\":\"https:\\\/\\\/www.pigrecoemme.com\\\/blog\\\/bergman\\\/\"},\"author\":{\"name\":\"Corrado Morra\",\"@id\":\"https:\\\/\\\/www.pigrecoemme.com\\\/blog\\\/#\\\/schema\\\/person\\\/702764b5ecda4c2f34e82348789f649e\"},\"headline\":\"Un corso gratuito sul cinema di Bergman\",\"datePublished\":\"2015-07-24T14:49:52+00:00\",\"dateModified\":\"2015-07-24T14:52:45+00:00\",\"mainEntityOfPage\":{\"@id\":\"https:\\\/\\\/www.pigrecoemme.com\\\/blog\\\/bergman\\\/\"},\"wordCount\":379,\"commentCount\":0,\"publisher\":{\"@id\":\"https:\\\/\\\/www.pigrecoemme.com\\\/blog\\\/#organization\"},\"image\":{\"@id\":\"https:\\\/\\\/www.pigrecoemme.com\\\/blog\\\/bergman\\\/#primaryimage\"},\"thumbnailUrl\":\"http:\\\/\\\/www.pigrecoemme.com\\\/blog\\\/wp-content\\\/uploads\\\/2015\\\/07\\\/bergman.jpg\",\"keywords\":[\"Corrado Morra\",\"corsi di cinema\",\"corsi gratuiti\",\"ficc\",\"Ingmar Bergman\",\"Vincenzo Espostio\"],\"articleSection\":[\"Analisi e Critica\",\"Generale\",\"Scuola di cinema\"],\"inLanguage\":\"it-IT\",\"potentialAction\":[{\"@type\":\"CommentAction\",\"name\":\"Comment\",\"target\":[\"https:\\\/\\\/www.pigrecoemme.com\\\/blog\\\/bergman\\\/#respond\"]}]},{\"@type\":\"WebPage\",\"@id\":\"https:\\\/\\\/www.pigrecoemme.com\\\/blog\\\/bergman\\\/\",\"url\":\"https:\\\/\\\/www.pigrecoemme.com\\\/blog\\\/bergman\\\/\",\"name\":\"Un corso gratuito sul cinema di Bergman\",\"isPartOf\":{\"@id\":\"https:\\\/\\\/www.pigrecoemme.com\\\/blog\\\/#website\"},\"primaryImageOfPage\":{\"@id\":\"https:\\\/\\\/www.pigrecoemme.com\\\/blog\\\/bergman\\\/#primaryimage\"},\"image\":{\"@id\":\"https:\\\/\\\/www.pigrecoemme.com\\\/blog\\\/bergman\\\/#primaryimage\"},\"thumbnailUrl\":\"http:\\\/\\\/www.pigrecoemme.com\\\/blog\\\/wp-content\\\/uploads\\\/2015\\\/07\\\/bergman.jpg\",\"datePublished\":\"2015-07-24T14:49:52+00:00\",\"dateModified\":\"2015-07-24T14:52:45+00:00\",\"description\":\"Dal 14 settembre, alla Scuola di cinema Pigrecoemme di Napoli, un corso gratuito dedicato al cinema di Ingmar Bergman, a cura di Vincenzo Esposito.\",\"breadcrumb\":{\"@id\":\"https:\\\/\\\/www.pigrecoemme.com\\\/blog\\\/bergman\\\/#breadcrumb\"},\"inLanguage\":\"it-IT\",\"potentialAction\":[{\"@type\":\"ReadAction\",\"target\":[\"https:\\\/\\\/www.pigrecoemme.com\\\/blog\\\/bergman\\\/\"]}]},{\"@type\":\"ImageObject\",\"inLanguage\":\"it-IT\",\"@id\":\"https:\\\/\\\/www.pigrecoemme.com\\\/blog\\\/bergman\\\/#primaryimage\",\"url\":\"http:\\\/\\\/www.pigrecoemme.com\\\/blog\\\/wp-content\\\/uploads\\\/2015\\\/07\\\/bergman.jpg\",\"contentUrl\":\"http:\\\/\\\/www.pigrecoemme.com\\\/blog\\\/wp-content\\\/uploads\\\/2015\\\/07\\\/bergman.jpg\"},{\"@type\":\"BreadcrumbList\",\"@id\":\"https:\\\/\\\/www.pigrecoemme.com\\\/blog\\\/bergman\\\/#breadcrumb\",\"itemListElement\":[{\"@type\":\"ListItem\",\"position\":1,\"name\":\"Home\",\"item\":\"https:\\\/\\\/www.pigrecoemme.com\\\/blog\\\/\"},{\"@type\":\"ListItem\",\"position\":2,\"name\":\"Un corso gratuito sul cinema di Bergman\"}]},{\"@type\":\"WebSite\",\"@id\":\"https:\\\/\\\/www.pigrecoemme.com\\\/blog\\\/#website\",\"url\":\"https:\\\/\\\/www.pigrecoemme.com\\\/blog\\\/\",\"name\":\"Scuola di Cinema Pigrecoemme - Blog\",\"description\":\"Siamo la prima Scuola di Cinema e Fotografia di Napoli\",\"publisher\":{\"@id\":\"https:\\\/\\\/www.pigrecoemme.com\\\/blog\\\/#organization\"},\"potentialAction\":[{\"@type\":\"SearchAction\",\"target\":{\"@type\":\"EntryPoint\",\"urlTemplate\":\"https:\\\/\\\/www.pigrecoemme.com\\\/blog\\\/?s={search_term_string}\"},\"query-input\":{\"@type\":\"PropertyValueSpecification\",\"valueRequired\":true,\"valueName\":\"search_term_string\"}}],\"inLanguage\":\"it-IT\"},{\"@type\":\"Organization\",\"@id\":\"https:\\\/\\\/www.pigrecoemme.com\\\/blog\\\/#organization\",\"name\":\"Scuola di cinema e fotografia Pigrecoemme\",\"url\":\"https:\\\/\\\/www.pigrecoemme.com\\\/blog\\\/\",\"logo\":{\"@type\":\"ImageObject\",\"inLanguage\":\"it-IT\",\"@id\":\"https:\\\/\\\/www.pigrecoemme.com\\\/blog\\\/#\\\/schema\\\/logo\\\/image\\\/\",\"url\":\"https:\\\/\\\/i0.wp.com\\\/www.pigrecoemme.com\\\/blog\\\/wp-content\\\/uploads\\\/2018\\\/06\\\/logo-pigrecoemme-2018.png?fit=500%2C500&ssl=1\",\"contentUrl\":\"https:\\\/\\\/i0.wp.com\\\/www.pigrecoemme.com\\\/blog\\\/wp-content\\\/uploads\\\/2018\\\/06\\\/logo-pigrecoemme-2018.png?fit=500%2C500&ssl=1\",\"width\":500,\"height\":500,\"caption\":\"Scuola di cinema e fotografia Pigrecoemme\"},\"image\":{\"@id\":\"https:\\\/\\\/www.pigrecoemme.com\\\/blog\\\/#\\\/schema\\\/logo\\\/image\\\/\"},\"sameAs\":[\"https:\\\/\\\/www.facebook.com\\\/pigrecoemme\",\"https:\\\/\\\/x.com\\\/Pigrecoemme\",\"https:\\\/\\\/www.instagram.com\\\/pigrecoemme\\\/\",\"https:\\\/\\\/www.linkedin.com\\\/company\\\/pigrecoemme\\\/\",\"https:\\\/\\\/www.youtube.com\\\/pigrecoemme\"]},{\"@type\":\"Person\",\"@id\":\"https:\\\/\\\/www.pigrecoemme.com\\\/blog\\\/#\\\/schema\\\/person\\\/702764b5ecda4c2f34e82348789f649e\",\"name\":\"Corrado Morra\",\"image\":{\"@type\":\"ImageObject\",\"inLanguage\":\"it-IT\",\"@id\":\"https:\\\/\\\/secure.gravatar.com\\\/avatar\\\/f6ce2f6728fbdf920737112fe70682512808577befa2c9c7845c04a8449b8f03?s=96&r=g\",\"url\":\"https:\\\/\\\/secure.gravatar.com\\\/avatar\\\/f6ce2f6728fbdf920737112fe70682512808577befa2c9c7845c04a8449b8f03?s=96&r=g\",\"contentUrl\":\"https:\\\/\\\/secure.gravatar.com\\\/avatar\\\/f6ce2f6728fbdf920737112fe70682512808577befa2c9c7845c04a8449b8f03?s=96&r=g\",\"caption\":\"Corrado Morra\"},\"description\":\"Esperto di arti visive e di cinema, insegna Sceneggiatura alla Scuola di cinema Pigrecoemme di Napoli, di cui \u00e8 tra i fondatori.\",\"sameAs\":[\"http:\\\/\\\/www.pigrecoemme.com\\\/\",\"https:\\\/\\\/www.facebook.com\\\/corrado.morra1\"],\"url\":\"https:\\\/\\\/www.pigrecoemme.com\\\/blog\\\/author\\\/corrado-morra\\\/\"}]}<\/script>\n<!-- \/ Yoast SEO plugin. -->","yoast_head_json":{"title":"Un corso gratuito sul cinema di Bergman","description":"Dal 14 settembre, alla Scuola di cinema Pigrecoemme di Napoli, un corso gratuito dedicato al cinema di Ingmar Bergman, a cura di Vincenzo Esposito.","robots":{"index":"index","follow":"follow","max-snippet":"max-snippet:-1","max-image-preview":"max-image-preview:large","max-video-preview":"max-video-preview:-1"},"canonical":"https:\/\/www.pigrecoemme.com\/blog\/bergman\/","og_locale":"it_IT","og_type":"article","og_title":"Un corso gratuito sul cinema di Bergman","og_description":"Dal 14 settembre, alla Scuola di cinema Pigrecoemme di Napoli, un corso gratuito dedicato al cinema di Ingmar Bergman, a cura di Vincenzo Esposito.","og_url":"https:\/\/www.pigrecoemme.com\/blog\/bergman\/","og_site_name":"Scuola di Cinema Pigrecoemme - Blog","article_publisher":"https:\/\/www.facebook.com\/pigrecoemme","article_author":"https:\/\/www.facebook.com\/corrado.morra1","article_published_time":"2015-07-24T14:49:52+00:00","article_modified_time":"2015-07-24T14:52:45+00:00","og_image":[{"url":"http:\/\/www.pigrecoemme.com\/blog\/wp-content\/uploads\/2015\/07\/bergman.jpg","type":"","width":"","height":""}],"author":"Corrado Morra","twitter_card":"summary_large_image","twitter_creator":"@Pigrecoemme","twitter_site":"@Pigrecoemme","twitter_misc":{"Scritto da":"Corrado Morra","Tempo di lettura stimato":"2 minuti"},"schema":{"@context":"https:\/\/schema.org","@graph":[{"@type":["Article","BlogPosting"],"@id":"https:\/\/www.pigrecoemme.com\/blog\/bergman\/#article","isPartOf":{"@id":"https:\/\/www.pigrecoemme.com\/blog\/bergman\/"},"author":{"name":"Corrado Morra","@id":"https:\/\/www.pigrecoemme.com\/blog\/#\/schema\/person\/702764b5ecda4c2f34e82348789f649e"},"headline":"Un corso gratuito sul cinema di Bergman","datePublished":"2015-07-24T14:49:52+00:00","dateModified":"2015-07-24T14:52:45+00:00","mainEntityOfPage":{"@id":"https:\/\/www.pigrecoemme.com\/blog\/bergman\/"},"wordCount":379,"commentCount":0,"publisher":{"@id":"https:\/\/www.pigrecoemme.com\/blog\/#organization"},"image":{"@id":"https:\/\/www.pigrecoemme.com\/blog\/bergman\/#primaryimage"},"thumbnailUrl":"http:\/\/www.pigrecoemme.com\/blog\/wp-content\/uploads\/2015\/07\/bergman.jpg","keywords":["Corrado Morra","corsi di cinema","corsi gratuiti","ficc","Ingmar Bergman","Vincenzo Espostio"],"articleSection":["Analisi e Critica","Generale","Scuola di cinema"],"inLanguage":"it-IT","potentialAction":[{"@type":"CommentAction","name":"Comment","target":["https:\/\/www.pigrecoemme.com\/blog\/bergman\/#respond"]}]},{"@type":"WebPage","@id":"https:\/\/www.pigrecoemme.com\/blog\/bergman\/","url":"https:\/\/www.pigrecoemme.com\/blog\/bergman\/","name":"Un corso gratuito sul cinema di Bergman","isPartOf":{"@id":"https:\/\/www.pigrecoemme.com\/blog\/#website"},"primaryImageOfPage":{"@id":"https:\/\/www.pigrecoemme.com\/blog\/bergman\/#primaryimage"},"image":{"@id":"https:\/\/www.pigrecoemme.com\/blog\/bergman\/#primaryimage"},"thumbnailUrl":"http:\/\/www.pigrecoemme.com\/blog\/wp-content\/uploads\/2015\/07\/bergman.jpg","datePublished":"2015-07-24T14:49:52+00:00","dateModified":"2015-07-24T14:52:45+00:00","description":"Dal 14 settembre, alla Scuola di cinema Pigrecoemme di Napoli, un corso gratuito dedicato al cinema di Ingmar Bergman, a cura di Vincenzo Esposito.","breadcrumb":{"@id":"https:\/\/www.pigrecoemme.com\/blog\/bergman\/#breadcrumb"},"inLanguage":"it-IT","potentialAction":[{"@type":"ReadAction","target":["https:\/\/www.pigrecoemme.com\/blog\/bergman\/"]}]},{"@type":"ImageObject","inLanguage":"it-IT","@id":"https:\/\/www.pigrecoemme.com\/blog\/bergman\/#primaryimage","url":"http:\/\/www.pigrecoemme.com\/blog\/wp-content\/uploads\/2015\/07\/bergman.jpg","contentUrl":"http:\/\/www.pigrecoemme.com\/blog\/wp-content\/uploads\/2015\/07\/bergman.jpg"},{"@type":"BreadcrumbList","@id":"https:\/\/www.pigrecoemme.com\/blog\/bergman\/#breadcrumb","itemListElement":[{"@type":"ListItem","position":1,"name":"Home","item":"https:\/\/www.pigrecoemme.com\/blog\/"},{"@type":"ListItem","position":2,"name":"Un corso gratuito sul cinema di Bergman"}]},{"@type":"WebSite","@id":"https:\/\/www.pigrecoemme.com\/blog\/#website","url":"https:\/\/www.pigrecoemme.com\/blog\/","name":"Scuola di Cinema Pigrecoemme - Blog","description":"Siamo la prima Scuola di Cinema e Fotografia di Napoli","publisher":{"@id":"https:\/\/www.pigrecoemme.com\/blog\/#organization"},"potentialAction":[{"@type":"SearchAction","target":{"@type":"EntryPoint","urlTemplate":"https:\/\/www.pigrecoemme.com\/blog\/?s={search_term_string}"},"query-input":{"@type":"PropertyValueSpecification","valueRequired":true,"valueName":"search_term_string"}}],"inLanguage":"it-IT"},{"@type":"Organization","@id":"https:\/\/www.pigrecoemme.com\/blog\/#organization","name":"Scuola di cinema e fotografia Pigrecoemme","url":"https:\/\/www.pigrecoemme.com\/blog\/","logo":{"@type":"ImageObject","inLanguage":"it-IT","@id":"https:\/\/www.pigrecoemme.com\/blog\/#\/schema\/logo\/image\/","url":"https:\/\/i0.wp.com\/www.pigrecoemme.com\/blog\/wp-content\/uploads\/2018\/06\/logo-pigrecoemme-2018.png?fit=500%2C500&ssl=1","contentUrl":"https:\/\/i0.wp.com\/www.pigrecoemme.com\/blog\/wp-content\/uploads\/2018\/06\/logo-pigrecoemme-2018.png?fit=500%2C500&ssl=1","width":500,"height":500,"caption":"Scuola di cinema e fotografia Pigrecoemme"},"image":{"@id":"https:\/\/www.pigrecoemme.com\/blog\/#\/schema\/logo\/image\/"},"sameAs":["https:\/\/www.facebook.com\/pigrecoemme","https:\/\/x.com\/Pigrecoemme","https:\/\/www.instagram.com\/pigrecoemme\/","https:\/\/www.linkedin.com\/company\/pigrecoemme\/","https:\/\/www.youtube.com\/pigrecoemme"]},{"@type":"Person","@id":"https:\/\/www.pigrecoemme.com\/blog\/#\/schema\/person\/702764b5ecda4c2f34e82348789f649e","name":"Corrado Morra","image":{"@type":"ImageObject","inLanguage":"it-IT","@id":"https:\/\/secure.gravatar.com\/avatar\/f6ce2f6728fbdf920737112fe70682512808577befa2c9c7845c04a8449b8f03?s=96&r=g","url":"https:\/\/secure.gravatar.com\/avatar\/f6ce2f6728fbdf920737112fe70682512808577befa2c9c7845c04a8449b8f03?s=96&r=g","contentUrl":"https:\/\/secure.gravatar.com\/avatar\/f6ce2f6728fbdf920737112fe70682512808577befa2c9c7845c04a8449b8f03?s=96&r=g","caption":"Corrado Morra"},"description":"Esperto di arti visive e di cinema, insegna Sceneggiatura alla Scuola di cinema Pigrecoemme di Napoli, di cui \u00e8 tra i fondatori.","sameAs":["http:\/\/www.pigrecoemme.com\/","https:\/\/www.facebook.com\/corrado.morra1"],"url":"https:\/\/www.pigrecoemme.com\/blog\/author\/corrado-morra\/"}]}},"jetpack_sharing_enabled":true,"jetpack_likes_enabled":true,"jetpack-related-posts":[{"id":848,"url":"https:\/\/www.pigrecoemme.com\/blog\/cinema-e-popular-music-alla-pigrecoemme-un-corso-gratuito-in-collaborazone-con-la-ficc\/","url_meta":{"origin":1434,"position":0},"title":"Cinema e Popular Music, alla Pigrecoemme un corso gratuito in collaborazone con la FICC","author":"Corrado Morra","date":"12 Settembre 2014","format":false,"excerpt":"Cinema e Popular Music \u00e8 un percorso di studio curato da Vincenzo Esposito e organizzato dalla Scuola di Cinema Pigrecoemme in collaborazione con la FICC - Federazione Italiana dei Circoli del Cinema che parte luned\u00ec 29 settembre 2014. Il corso \u00e8 completamente gratuito ed \u00e8 organizzato in quattro appuntamenti in\u2026","rel":"","context":"In &quot;Eventi&quot;","block_context":{"text":"Eventi","link":"https:\/\/www.pigrecoemme.com\/blog\/eventi\/"},"img":{"alt_text":"","src":"https:\/\/i0.wp.com\/www.pigrecoemme.com\/corsi\/cinema-e-popular-music.gif?resize=350%2C200","width":350,"height":200},"classes":[]},{"id":1912,"url":"https:\/\/www.pigrecoemme.com\/blog\/un-corso-gratuito-sul-cinema-andrej-tarkovskij\/","url_meta":{"origin":1434,"position":1},"title":"Un corso gratuito sul cinema di Andrej Tarkovskij","author":"Pigrecoemme","date":"18 Luglio 2017","format":false,"excerpt":"\u00abSe Tarkovskij per me \u00e8 il pi\u00f9 grande \u2013 diceva Ingmar Bergman \u2013 \u00e8 perch\u00e9 porta nel cinema un nuovo linguaggio che gli permette di afferrare la vita come apparenza\u00bb. Ognuno dei sette lungometraggi di\u00a0Andrej Tarkovskij, dal suo esordio\u00a0L\u2019infanzia di Ivan\u00a0(1962) fino all\u2019ultimo lavoro\u00a0Sacrificio\u00a0(1987), \u00e8, in realt\u00e0, un tentativo di\u2026","rel":"","context":"In &quot;Generale&quot;","block_context":{"text":"Generale","link":"https:\/\/www.pigrecoemme.com\/blog\/generale\/"},"img":{"alt_text":"Un corso gratuito sul cinema di Andrej Tarkovskij","src":"https:\/\/i0.wp.com\/www.pigrecoemme.com\/corsi\/corso-tarkovskij.jpg?resize=350%2C200","width":350,"height":200,"srcset":"https:\/\/i0.wp.com\/www.pigrecoemme.com\/corsi\/corso-tarkovskij.jpg?resize=350%2C200 1x, https:\/\/i0.wp.com\/www.pigrecoemme.com\/corsi\/corso-tarkovskij.jpg?resize=525%2C300 1.5x"},"classes":[]},{"id":589,"url":"https:\/\/www.pigrecoemme.com\/blog\/una-rassegna-sul-documentario-al-pan-e-i-nuovi-corsi-di-cinema-di-pigrecoemme\/","url_meta":{"origin":1434,"position":2},"title":"Una rassegna sul documentario al PAN e i nuovi corsi di cinema di Pigrecoemme","author":"Giacomo Fabbrocino","date":"11 Dicembre 2012","format":false,"excerpt":"Tutto pronto per i nuovi corsi di cinema e fotografia di Pigrecoemme che partiranno a gennaio: anche quest'anno sono previsti sia moduli bimestrali (tra cui i collaudati corsi di Regia, Sceneggiatura e Montaggio), sia semestrali, come il nuovo corso Filmaker, un percorso di 160 ore, che, a un prezzo scontatissimo,\u2026","rel":"","context":"In &quot;Eventi&quot;","block_context":{"text":"Eventi","link":"https:\/\/www.pigrecoemme.com\/blog\/eventi\/"},"img":{"alt_text":"","src":"https:\/\/i0.wp.com\/www.pigrecoemme.com\/blog\/wp-content\/uploads\/2024\/03\/ficc-a-napoli.webp?resize=350%2C200&ssl=1","width":350,"height":200},"classes":[]},{"id":1729,"url":"https:\/\/www.pigrecoemme.com\/blog\/un-corso-gratuito-sul-cinema-espressionista\/","url_meta":{"origin":1434,"position":3},"title":"Un corso gratuito sul cinema espressionista","author":"Pigrecoemme","date":"14 Luglio 2016","format":false,"excerpt":"Parte\u00a0luned\u00ec 12 settembre 2016\u00a0un percorso di studi dedicato\u00a0al cinema espressionista ed alle sue influenze sul cinema di ogni tempo e luogo. Organizzato dalla Scuola di cinema\u00a0Pigrecoemme\u00a0in collaborazione con la\u00a0FICC - Federazione italiana dei circoli del cinema, il corso \u00e8 completamente\u00a0gratuito\u00a0e prevede\u00a0quattro lezioni, a cura di\u00a0Vincenzo Esposito, tra i maggiori esperti\u2026","rel":"","context":"In &quot;Analisi e Critica&quot;","block_context":{"text":"Analisi e Critica","link":"https:\/\/www.pigrecoemme.com\/blog\/analisi-e-critica-2\/"},"img":{"alt_text":"corso di cinema gratuito sull'espressionismo","src":"https:\/\/i0.wp.com\/www.pigrecoemme.com\/blog\/wp-content\/uploads\/2016\/07\/caligari.jpg?resize=350%2C200","width":350,"height":200,"srcset":"https:\/\/i0.wp.com\/www.pigrecoemme.com\/blog\/wp-content\/uploads\/2016\/07\/caligari.jpg?resize=350%2C200 1x, https:\/\/i0.wp.com\/www.pigrecoemme.com\/blog\/wp-content\/uploads\/2016\/07\/caligari.jpg?resize=525%2C300 1.5x, https:\/\/i0.wp.com\/www.pigrecoemme.com\/blog\/wp-content\/uploads\/2016\/07\/caligari.jpg?resize=700%2C400 2x"},"classes":[]},{"id":545,"url":"https:\/\/www.pigrecoemme.com\/blog\/giovedi-18-corti-dautore-alla-pigrecoemme\/","url_meta":{"origin":1434,"position":4},"title":"Gioved\u00ec 18 corti d&#8217;autore alla Pigrecoemme","author":"Giacomo Fabbrocino","date":"16 Ottobre 2012","format":false,"excerpt":"Ambra Angiolini in Insula di Eric Alexander Gioved\u00ec 18 ottobre, alle ore 17,00, alla Scuola di cinema Pigrecoemme di Napoli, serata dedicata alla storia del cortometraggio d'autore, con un'interessante rassegna di film brevi di filmaker aderenti alla FEDIC, la Federazione italiana dei cineclub. La selezione metter\u00e0 a confronto quattro titoli\u2026","rel":"","context":"In &quot;Eventi&quot;","block_context":{"text":"Eventi","link":"https:\/\/www.pigrecoemme.com\/blog\/eventi\/"},"img":{"alt_text":"","src":"https:\/\/i0.wp.com\/www.pigrecoemme.com\/blog\/wp-content\/uploads\/2012\/10\/ambra-angiolini-in-insula-di-eric-alexander.jpg?resize=350%2C200&ssl=1","width":350,"height":200,"srcset":"https:\/\/i0.wp.com\/www.pigrecoemme.com\/blog\/wp-content\/uploads\/2012\/10\/ambra-angiolini-in-insula-di-eric-alexander.jpg?resize=350%2C200&ssl=1 1x, https:\/\/i0.wp.com\/www.pigrecoemme.com\/blog\/wp-content\/uploads\/2012\/10\/ambra-angiolini-in-insula-di-eric-alexander.jpg?resize=525%2C300&ssl=1 1.5x"},"classes":[]},{"id":457,"url":"https:\/\/www.pigrecoemme.com\/blog\/storia-permanente-del-cinema-al-pan-ancora-film-gratuiti\/","url_meta":{"origin":1434,"position":5},"title":"Storia permanente del cinema. Al Pan ancora film gratuiti","author":"Corrado Morra","date":"16 Gennaio 2012","format":false,"excerpt":"Riparte marted\u00ec 17 gennaio, negli spazi del PAN - Palazzo delle arti di Napoli, in via dei Mille 60, la rassegna Storia permanente del cinema. L\u2019evento, a cura della Scuola di cinema Pigrecoemme, della Mediateca S. Sofia del Comune di Napoli e del regista Marcello Sannino, in collaborazione con la\u2026","rel":"","context":"In &quot;Eventi&quot;","block_context":{"text":"Eventi","link":"https:\/\/www.pigrecoemme.com\/blog\/eventi\/"},"img":{"alt_text":"","src":"https:\/\/i0.wp.com\/www.pigrecoemme.com\/blog\/wp-content\/uploads\/2011\/10\/filmzone-pan.png?resize=350%2C200","width":350,"height":200},"classes":[]}],"jetpack_featured_media_url":"","_links":{"self":[{"href":"https:\/\/www.pigrecoemme.com\/blog\/wp-json\/wp\/v2\/posts\/1434","targetHints":{"allow":["GET"]}}],"collection":[{"href":"https:\/\/www.pigrecoemme.com\/blog\/wp-json\/wp\/v2\/posts"}],"about":[{"href":"https:\/\/www.pigrecoemme.com\/blog\/wp-json\/wp\/v2\/types\/post"}],"author":[{"embeddable":true,"href":"https:\/\/www.pigrecoemme.com\/blog\/wp-json\/wp\/v2\/users\/2"}],"replies":[{"embeddable":true,"href":"https:\/\/www.pigrecoemme.com\/blog\/wp-json\/wp\/v2\/comments?post=1434"}],"version-history":[{"count":0,"href":"https:\/\/www.pigrecoemme.com\/blog\/wp-json\/wp\/v2\/posts\/1434\/revisions"}],"wp:attachment":[{"href":"https:\/\/www.pigrecoemme.com\/blog\/wp-json\/wp\/v2\/media?parent=1434"}],"wp:term":[{"taxonomy":"category","embeddable":true,"href":"https:\/\/www.pigrecoemme.com\/blog\/wp-json\/wp\/v2\/categories?post=1434"},{"taxonomy":"post_tag","embeddable":true,"href":"https:\/\/www.pigrecoemme.com\/blog\/wp-json\/wp\/v2\/tags?post=1434"}],"curies":[{"name":"wp","href":"https:\/\/api.w.org\/{rel}","templated":true}]}}