{"id":141,"date":"2009-04-15T12:01:42","date_gmt":"2009-04-15T10:01:42","guid":{"rendered":"http:\/\/www.pigrecoemme.com\/blog\/?p=141"},"modified":"2016-01-27T11:19:07","modified_gmt":"2016-01-27T10:19:07","slug":"pigrecoemme-incontra-raffaela-mariniello","status":"publish","type":"post","link":"https:\/\/www.pigrecoemme.com\/blog\/pigrecoemme-incontra-raffaela-mariniello\/","title":{"rendered":"Pigrecoemme incontra Raffaela Mariniello"},"content":{"rendered":"<p><a href=\"https:\/\/i0.wp.com\/www.pigrecoemme.com\/blog\/wp-content\/uploads\/2009\/04\/mariniello.jpg?ssl=1\"><img data-recalc-dims=\"1\" loading=\"lazy\" decoding=\"async\" class=\"alignleft size-medium wp-image-142\" title=\"mariniello\" src=\"https:\/\/i0.wp.com\/www.pigrecoemme.com\/blog\/wp-content\/uploads\/2009\/04\/mariniello.jpg?resize=235%2C177&#038;ssl=1\" alt=\"\" width=\"235\" height=\"177\" \/><\/a>Gioved\u00ec 16 aprile alle 17, negli spazi della <a href=\"www.pigrecoemme.com\/\" target=\"_blank\">Scuola di cinema Pigrecoemme<\/a> (a Napoli, in Piazza Portanova 11), lo storico della fotografia Luca Sorbo ed il critico d&#8217;arte Corrado Morra incontrano <a href=\"http:\/\/www.raffaelamariniello.it\/\">Raffaela Mariniello<\/a>, una delle pi\u00f9 interessanti e rappresentative fotografe italiane.<br \/>\nL&#8217;appuntamento, ad ingresso libero, partir\u00e0 dal racconto in prima persona dell&#8217;affascinante ricerca artistica della Mariniello per affrontare, in seguito, il complesso discorso dei rapporti tra arte e fotografia.<\/p>\n<p>Raffaela Mariniello, nata a Napoli, dove vive e lavora, \u00e8 autrice di numerose ricerche fotografiche spesso sfociate in mostre e preziosi cataloghi. Tra i suoi lavori pi\u00f9 riusciti ricordiamo Bagnoli: Una fabbrica (Electa 1991) e Napoli: Veduta immaginaria (Federico Motta 2001). E&#8217; in occasione di un suo lavoro in Galles che nel 2005 la Ffotogallery pubblica una fondamentale monografia a lei dedicata.<br \/>\nSue opere sono presenti in molti musei e collezioni europee.<br \/>\nSolo da qualche anno la Mariniello lavora anche con le potenzialit\u00e0 del colore, con esiti sorprendenti ed emozionati, mentre la prima fase della sua ricerca artistica \u00e8 caratterizzata da immagini in B\\N \u2013 al cui pregio contribuisce anche una particolare attenzione in fase di stampa \u2013 che diventano dei veri e propri interventi sul territorio. Realt\u00e0 periferiche e marginali, rimosse dalla collettivit\u00e0, sono trasformate in vedute immaginarie che sorprendono lo spettatore. E&#8217; un universo, quello della Mariniello, fatto di epifanie, di luci che squarciano il fondo oscuro del quotidiano, di dialoghi serrati tra gli opposti: natura e artificio, luci ed ombre, costruzione e distruzione. Ed \u00e8 cos\u00ec che scorci umbratili rivelano la capacit\u00e0 di raccontarci la qualit\u00e0 profonda ed umana perfino di sinistri siti industriali; o che il dato reiterato (come nel caso di certe sue installazioni), ci svela, a dispetto dell&#8217;aura appannata, pur nelle opache e smunte pieghe della realt\u00e0, il lato sublime di quello che, invece, \u00e8 sempre intorno a noi: la poesia del mondo.<\/p>\n<p><strong>Gioved\u00ec 16 aprile, ore 17.00.<br \/>\nIngresso libero.<\/strong><\/p>\n<p><strong>Info e prenotazioni:<\/strong> 081 5635188<br \/>\nc.morra@pigrecoemme.com<\/p>\n","protected":false},"excerpt":{"rendered":"<p>Gioved\u00ec 16 aprile alle 17, negli spazi della Scuola di cinema Pigrecoemme (a Napoli, in Piazza Portanova 11), lo storico della fotografia Luca Sorbo ed il critico d&#8217;arte Corrado Morra incontrano Raffaela Mariniello, una&hellip;<\/p>\n","protected":false},"author":1,"featured_media":0,"comment_status":"open","ping_status":"open","sticky":false,"template":"","format":"standard","meta":{"_jetpack_newsletter_access":"","_jetpack_dont_email_post_to_subs":false,"_jetpack_newsletter_tier_id":0,"_jetpack_memberships_contains_paywalled_content":false,"_jetpack_feature_clip_id":0,"_jetpack_memberships_contains_paid_content":false,"footnotes":"","jetpack_post_was_ever_published":false},"categories":[11,21,1523],"tags":[20,225,1283,370,77,314],"class_list":["post-141","post","type-post","status-publish","format-standard","hentry","category-eventi","category-fotografia","category-incontri-fotografici","tag-corso-di-fotografia","tag-arte","tag-fotografia","tag-incontri-fotografici","tag-napoli","tag-raffaela-mariniello"],"yoast_head":"<!-- This site is optimized with the Yoast SEO plugin v28.3 - https:\/\/yoast.com\/product\/yoast-seo-wordpress\/ -->\n<title>Pigrecoemme incontra Raffaela Mariniello<\/title>\n<meta name=\"robots\" content=\"index, follow, max-snippet:-1, max-image-preview:large, max-video-preview:-1\" \/>\n<link rel=\"canonical\" href=\"https:\/\/www.pigrecoemme.com\/blog\/pigrecoemme-incontra-raffaela-mariniello\/\" \/>\n<meta property=\"og:locale\" content=\"it_IT\" \/>\n<meta property=\"og:type\" content=\"article\" \/>\n<meta property=\"og:title\" content=\"Pigrecoemme incontra Raffaela Mariniello\" \/>\n<meta property=\"og:description\" content=\"Scuola di Cinema, Televisione e Fotografia - Napoli\" \/>\n<meta property=\"og:url\" content=\"https:\/\/www.pigrecoemme.com\/blog\/pigrecoemme-incontra-raffaela-mariniello\/\" \/>\n<meta property=\"og:site_name\" content=\"Scuola di Cinema Pigrecoemme - Blog\" \/>\n<meta property=\"article:publisher\" content=\"https:\/\/www.facebook.com\/pigrecoemme\" \/>\n<meta property=\"article:author\" content=\"https:\/\/www.facebook.com\/giacomo.fabbrocino\" \/>\n<meta property=\"article:published_time\" content=\"2009-04-15T10:01:42+00:00\" \/>\n<meta property=\"article:modified_time\" content=\"2016-01-27T10:19:07+00:00\" \/>\n<meta property=\"og:image\" content=\"http:\/\/www.pigrecoemme.com\/blog\/wp-content\/uploads\/2009\/04\/mariniello.jpg\" \/>\n<meta name=\"author\" content=\"Giacomo Fabbrocino\" \/>\n<meta name=\"twitter:card\" content=\"summary_large_image\" \/>\n<meta name=\"twitter:creator\" content=\"@Pigrecoemme\" \/>\n<meta name=\"twitter:site\" content=\"@Pigrecoemme\" \/>\n<meta name=\"twitter:label1\" content=\"Scritto da\" \/>\n\t<meta name=\"twitter:data1\" content=\"Giacomo Fabbrocino\" \/>\n\t<meta name=\"twitter:label2\" content=\"Tempo di lettura stimato\" \/>\n\t<meta name=\"twitter:data2\" content=\"2 minuti\" \/>\n<script type=\"application\/ld+json\" class=\"yoast-schema-graph\">{\"@context\":\"https:\\\/\\\/schema.org\",\"@graph\":[{\"@type\":[\"Article\",\"BlogPosting\"],\"@id\":\"https:\\\/\\\/www.pigrecoemme.com\\\/blog\\\/pigrecoemme-incontra-raffaela-mariniello\\\/#article\",\"isPartOf\":{\"@id\":\"https:\\\/\\\/www.pigrecoemme.com\\\/blog\\\/pigrecoemme-incontra-raffaela-mariniello\\\/\"},\"author\":{\"name\":\"Giacomo Fabbrocino\",\"@id\":\"https:\\\/\\\/www.pigrecoemme.com\\\/blog\\\/#\\\/schema\\\/person\\\/57fa822c3d209d3a2612fd0411ae63f4\"},\"headline\":\"Pigrecoemme incontra Raffaela Mariniello\",\"datePublished\":\"2009-04-15T10:01:42+00:00\",\"dateModified\":\"2016-01-27T10:19:07+00:00\",\"mainEntityOfPage\":{\"@id\":\"https:\\\/\\\/www.pigrecoemme.com\\\/blog\\\/pigrecoemme-incontra-raffaela-mariniello\\\/\"},\"wordCount\":317,\"commentCount\":0,\"publisher\":{\"@id\":\"https:\\\/\\\/www.pigrecoemme.com\\\/blog\\\/#organization\"},\"image\":{\"@id\":\"https:\\\/\\\/www.pigrecoemme.com\\\/blog\\\/pigrecoemme-incontra-raffaela-mariniello\\\/#primaryimage\"},\"thumbnailUrl\":\"http:\\\/\\\/www.pigrecoemme.com\\\/blog\\\/wp-content\\\/uploads\\\/2009\\\/04\\\/mariniello.jpg\",\"keywords\":[\"\\\"corso di fotografia\\\"\",\"arte\",\"fotografia\",\"incontri fotografici\",\"napoli\",\"raffaela mariniello\"],\"articleSection\":[\"Eventi\",\"Fotografia\",\"Incontri fotografici\"],\"inLanguage\":\"it-IT\",\"potentialAction\":[{\"@type\":\"CommentAction\",\"name\":\"Comment\",\"target\":[\"https:\\\/\\\/www.pigrecoemme.com\\\/blog\\\/pigrecoemme-incontra-raffaela-mariniello\\\/#respond\"]}]},{\"@type\":\"WebPage\",\"@id\":\"https:\\\/\\\/www.pigrecoemme.com\\\/blog\\\/pigrecoemme-incontra-raffaela-mariniello\\\/\",\"url\":\"https:\\\/\\\/www.pigrecoemme.com\\\/blog\\\/pigrecoemme-incontra-raffaela-mariniello\\\/\",\"name\":\"Pigrecoemme incontra Raffaela Mariniello\",\"isPartOf\":{\"@id\":\"https:\\\/\\\/www.pigrecoemme.com\\\/blog\\\/#website\"},\"primaryImageOfPage\":{\"@id\":\"https:\\\/\\\/www.pigrecoemme.com\\\/blog\\\/pigrecoemme-incontra-raffaela-mariniello\\\/#primaryimage\"},\"image\":{\"@id\":\"https:\\\/\\\/www.pigrecoemme.com\\\/blog\\\/pigrecoemme-incontra-raffaela-mariniello\\\/#primaryimage\"},\"thumbnailUrl\":\"http:\\\/\\\/www.pigrecoemme.com\\\/blog\\\/wp-content\\\/uploads\\\/2009\\\/04\\\/mariniello.jpg\",\"datePublished\":\"2009-04-15T10:01:42+00:00\",\"dateModified\":\"2016-01-27T10:19:07+00:00\",\"breadcrumb\":{\"@id\":\"https:\\\/\\\/www.pigrecoemme.com\\\/blog\\\/pigrecoemme-incontra-raffaela-mariniello\\\/#breadcrumb\"},\"inLanguage\":\"it-IT\",\"potentialAction\":[{\"@type\":\"ReadAction\",\"target\":[\"https:\\\/\\\/www.pigrecoemme.com\\\/blog\\\/pigrecoemme-incontra-raffaela-mariniello\\\/\"]}]},{\"@type\":\"ImageObject\",\"inLanguage\":\"it-IT\",\"@id\":\"https:\\\/\\\/www.pigrecoemme.com\\\/blog\\\/pigrecoemme-incontra-raffaela-mariniello\\\/#primaryimage\",\"url\":\"http:\\\/\\\/www.pigrecoemme.com\\\/blog\\\/wp-content\\\/uploads\\\/2009\\\/04\\\/mariniello.jpg\",\"contentUrl\":\"http:\\\/\\\/www.pigrecoemme.com\\\/blog\\\/wp-content\\\/uploads\\\/2009\\\/04\\\/mariniello.jpg\"},{\"@type\":\"BreadcrumbList\",\"@id\":\"https:\\\/\\\/www.pigrecoemme.com\\\/blog\\\/pigrecoemme-incontra-raffaela-mariniello\\\/#breadcrumb\",\"itemListElement\":[{\"@type\":\"ListItem\",\"position\":1,\"name\":\"Home\",\"item\":\"https:\\\/\\\/www.pigrecoemme.com\\\/blog\\\/\"},{\"@type\":\"ListItem\",\"position\":2,\"name\":\"Pigrecoemme incontra Raffaela Mariniello\"}]},{\"@type\":\"WebSite\",\"@id\":\"https:\\\/\\\/www.pigrecoemme.com\\\/blog\\\/#website\",\"url\":\"https:\\\/\\\/www.pigrecoemme.com\\\/blog\\\/\",\"name\":\"Scuola di Cinema Pigrecoemme - Blog\",\"description\":\"Siamo la prima Scuola di Cinema e Fotografia di Napoli\",\"publisher\":{\"@id\":\"https:\\\/\\\/www.pigrecoemme.com\\\/blog\\\/#organization\"},\"potentialAction\":[{\"@type\":\"SearchAction\",\"target\":{\"@type\":\"EntryPoint\",\"urlTemplate\":\"https:\\\/\\\/www.pigrecoemme.com\\\/blog\\\/?s={search_term_string}\"},\"query-input\":{\"@type\":\"PropertyValueSpecification\",\"valueRequired\":true,\"valueName\":\"search_term_string\"}}],\"inLanguage\":\"it-IT\"},{\"@type\":\"Organization\",\"@id\":\"https:\\\/\\\/www.pigrecoemme.com\\\/blog\\\/#organization\",\"name\":\"Scuola di cinema e fotografia Pigrecoemme\",\"url\":\"https:\\\/\\\/www.pigrecoemme.com\\\/blog\\\/\",\"logo\":{\"@type\":\"ImageObject\",\"inLanguage\":\"it-IT\",\"@id\":\"https:\\\/\\\/www.pigrecoemme.com\\\/blog\\\/#\\\/schema\\\/logo\\\/image\\\/\",\"url\":\"https:\\\/\\\/i0.wp.com\\\/www.pigrecoemme.com\\\/blog\\\/wp-content\\\/uploads\\\/2018\\\/06\\\/logo-pigrecoemme-2018.png?fit=500%2C500&ssl=1\",\"contentUrl\":\"https:\\\/\\\/i0.wp.com\\\/www.pigrecoemme.com\\\/blog\\\/wp-content\\\/uploads\\\/2018\\\/06\\\/logo-pigrecoemme-2018.png?fit=500%2C500&ssl=1\",\"width\":500,\"height\":500,\"caption\":\"Scuola di cinema e fotografia Pigrecoemme\"},\"image\":{\"@id\":\"https:\\\/\\\/www.pigrecoemme.com\\\/blog\\\/#\\\/schema\\\/logo\\\/image\\\/\"},\"sameAs\":[\"https:\\\/\\\/www.facebook.com\\\/pigrecoemme\",\"https:\\\/\\\/x.com\\\/Pigrecoemme\",\"https:\\\/\\\/www.instagram.com\\\/pigrecoemme\\\/\",\"https:\\\/\\\/www.linkedin.com\\\/company\\\/pigrecoemme\\\/\",\"https:\\\/\\\/www.youtube.com\\\/pigrecoemme\"]},{\"@type\":\"Person\",\"@id\":\"https:\\\/\\\/www.pigrecoemme.com\\\/blog\\\/#\\\/schema\\\/person\\\/57fa822c3d209d3a2612fd0411ae63f4\",\"name\":\"Giacomo Fabbrocino\",\"image\":{\"@type\":\"ImageObject\",\"inLanguage\":\"it-IT\",\"@id\":\"https:\\\/\\\/secure.gravatar.com\\\/avatar\\\/0e4dfd4d05c06a03fffaffeb36fb181415ba11b91a6b566fa2e8ada75927db32?s=96&r=g\",\"url\":\"https:\\\/\\\/secure.gravatar.com\\\/avatar\\\/0e4dfd4d05c06a03fffaffeb36fb181415ba11b91a6b566fa2e8ada75927db32?s=96&r=g\",\"contentUrl\":\"https:\\\/\\\/secure.gravatar.com\\\/avatar\\\/0e4dfd4d05c06a03fffaffeb36fb181415ba11b91a6b566fa2e8ada75927db32?s=96&r=g\",\"caption\":\"Giacomo Fabbrocino\"},\"description\":\"Montatore cinematografico, autore di documentari sull'arte e di video d'artista, Giacomo \u00e8 responsabile della didattica e della comunicazione web della Scuola di Cinema, Fotografia e Televisione Pigrecoemme di Napoli.\",\"sameAs\":[\"http:\\\/\\\/www.pigrecoemme.com\\\/\",\"https:\\\/\\\/www.facebook.com\\\/giacomo.fabbrocino\"],\"url\":\"https:\\\/\\\/www.pigrecoemme.com\\\/blog\\\/author\\\/giacomo-fabbrocino\\\/\"}]}<\/script>\n<!-- \/ Yoast SEO plugin. -->","yoast_head_json":{"title":"Pigrecoemme incontra Raffaela Mariniello","robots":{"index":"index","follow":"follow","max-snippet":"max-snippet:-1","max-image-preview":"max-image-preview:large","max-video-preview":"max-video-preview:-1"},"canonical":"https:\/\/www.pigrecoemme.com\/blog\/pigrecoemme-incontra-raffaela-mariniello\/","og_locale":"it_IT","og_type":"article","og_title":"Pigrecoemme incontra Raffaela Mariniello","og_description":"Scuola di Cinema, Televisione e Fotografia - Napoli","og_url":"https:\/\/www.pigrecoemme.com\/blog\/pigrecoemme-incontra-raffaela-mariniello\/","og_site_name":"Scuola di Cinema Pigrecoemme - Blog","article_publisher":"https:\/\/www.facebook.com\/pigrecoemme","article_author":"https:\/\/www.facebook.com\/giacomo.fabbrocino","article_published_time":"2009-04-15T10:01:42+00:00","article_modified_time":"2016-01-27T10:19:07+00:00","og_image":[{"url":"http:\/\/www.pigrecoemme.com\/blog\/wp-content\/uploads\/2009\/04\/mariniello.jpg","type":"","width":"","height":""}],"author":"Giacomo Fabbrocino","twitter_card":"summary_large_image","twitter_creator":"@Pigrecoemme","twitter_site":"@Pigrecoemme","twitter_misc":{"Scritto da":"Giacomo Fabbrocino","Tempo di lettura stimato":"2 minuti"},"schema":{"@context":"https:\/\/schema.org","@graph":[{"@type":["Article","BlogPosting"],"@id":"https:\/\/www.pigrecoemme.com\/blog\/pigrecoemme-incontra-raffaela-mariniello\/#article","isPartOf":{"@id":"https:\/\/www.pigrecoemme.com\/blog\/pigrecoemme-incontra-raffaela-mariniello\/"},"author":{"name":"Giacomo Fabbrocino","@id":"https:\/\/www.pigrecoemme.com\/blog\/#\/schema\/person\/57fa822c3d209d3a2612fd0411ae63f4"},"headline":"Pigrecoemme incontra Raffaela Mariniello","datePublished":"2009-04-15T10:01:42+00:00","dateModified":"2016-01-27T10:19:07+00:00","mainEntityOfPage":{"@id":"https:\/\/www.pigrecoemme.com\/blog\/pigrecoemme-incontra-raffaela-mariniello\/"},"wordCount":317,"commentCount":0,"publisher":{"@id":"https:\/\/www.pigrecoemme.com\/blog\/#organization"},"image":{"@id":"https:\/\/www.pigrecoemme.com\/blog\/pigrecoemme-incontra-raffaela-mariniello\/#primaryimage"},"thumbnailUrl":"http:\/\/www.pigrecoemme.com\/blog\/wp-content\/uploads\/2009\/04\/mariniello.jpg","keywords":["\"corso di fotografia\"","arte","fotografia","incontri fotografici","napoli","raffaela mariniello"],"articleSection":["Eventi","Fotografia","Incontri fotografici"],"inLanguage":"it-IT","potentialAction":[{"@type":"CommentAction","name":"Comment","target":["https:\/\/www.pigrecoemme.com\/blog\/pigrecoemme-incontra-raffaela-mariniello\/#respond"]}]},{"@type":"WebPage","@id":"https:\/\/www.pigrecoemme.com\/blog\/pigrecoemme-incontra-raffaela-mariniello\/","url":"https:\/\/www.pigrecoemme.com\/blog\/pigrecoemme-incontra-raffaela-mariniello\/","name":"Pigrecoemme incontra Raffaela Mariniello","isPartOf":{"@id":"https:\/\/www.pigrecoemme.com\/blog\/#website"},"primaryImageOfPage":{"@id":"https:\/\/www.pigrecoemme.com\/blog\/pigrecoemme-incontra-raffaela-mariniello\/#primaryimage"},"image":{"@id":"https:\/\/www.pigrecoemme.com\/blog\/pigrecoemme-incontra-raffaela-mariniello\/#primaryimage"},"thumbnailUrl":"http:\/\/www.pigrecoemme.com\/blog\/wp-content\/uploads\/2009\/04\/mariniello.jpg","datePublished":"2009-04-15T10:01:42+00:00","dateModified":"2016-01-27T10:19:07+00:00","breadcrumb":{"@id":"https:\/\/www.pigrecoemme.com\/blog\/pigrecoemme-incontra-raffaela-mariniello\/#breadcrumb"},"inLanguage":"it-IT","potentialAction":[{"@type":"ReadAction","target":["https:\/\/www.pigrecoemme.com\/blog\/pigrecoemme-incontra-raffaela-mariniello\/"]}]},{"@type":"ImageObject","inLanguage":"it-IT","@id":"https:\/\/www.pigrecoemme.com\/blog\/pigrecoemme-incontra-raffaela-mariniello\/#primaryimage","url":"http:\/\/www.pigrecoemme.com\/blog\/wp-content\/uploads\/2009\/04\/mariniello.jpg","contentUrl":"http:\/\/www.pigrecoemme.com\/blog\/wp-content\/uploads\/2009\/04\/mariniello.jpg"},{"@type":"BreadcrumbList","@id":"https:\/\/www.pigrecoemme.com\/blog\/pigrecoemme-incontra-raffaela-mariniello\/#breadcrumb","itemListElement":[{"@type":"ListItem","position":1,"name":"Home","item":"https:\/\/www.pigrecoemme.com\/blog\/"},{"@type":"ListItem","position":2,"name":"Pigrecoemme incontra Raffaela Mariniello"}]},{"@type":"WebSite","@id":"https:\/\/www.pigrecoemme.com\/blog\/#website","url":"https:\/\/www.pigrecoemme.com\/blog\/","name":"Scuola di Cinema Pigrecoemme - Blog","description":"Siamo la prima Scuola di Cinema e Fotografia di Napoli","publisher":{"@id":"https:\/\/www.pigrecoemme.com\/blog\/#organization"},"potentialAction":[{"@type":"SearchAction","target":{"@type":"EntryPoint","urlTemplate":"https:\/\/www.pigrecoemme.com\/blog\/?s={search_term_string}"},"query-input":{"@type":"PropertyValueSpecification","valueRequired":true,"valueName":"search_term_string"}}],"inLanguage":"it-IT"},{"@type":"Organization","@id":"https:\/\/www.pigrecoemme.com\/blog\/#organization","name":"Scuola di cinema e fotografia Pigrecoemme","url":"https:\/\/www.pigrecoemme.com\/blog\/","logo":{"@type":"ImageObject","inLanguage":"it-IT","@id":"https:\/\/www.pigrecoemme.com\/blog\/#\/schema\/logo\/image\/","url":"https:\/\/i0.wp.com\/www.pigrecoemme.com\/blog\/wp-content\/uploads\/2018\/06\/logo-pigrecoemme-2018.png?fit=500%2C500&ssl=1","contentUrl":"https:\/\/i0.wp.com\/www.pigrecoemme.com\/blog\/wp-content\/uploads\/2018\/06\/logo-pigrecoemme-2018.png?fit=500%2C500&ssl=1","width":500,"height":500,"caption":"Scuola di cinema e fotografia Pigrecoemme"},"image":{"@id":"https:\/\/www.pigrecoemme.com\/blog\/#\/schema\/logo\/image\/"},"sameAs":["https:\/\/www.facebook.com\/pigrecoemme","https:\/\/x.com\/Pigrecoemme","https:\/\/www.instagram.com\/pigrecoemme\/","https:\/\/www.linkedin.com\/company\/pigrecoemme\/","https:\/\/www.youtube.com\/pigrecoemme"]},{"@type":"Person","@id":"https:\/\/www.pigrecoemme.com\/blog\/#\/schema\/person\/57fa822c3d209d3a2612fd0411ae63f4","name":"Giacomo Fabbrocino","image":{"@type":"ImageObject","inLanguage":"it-IT","@id":"https:\/\/secure.gravatar.com\/avatar\/0e4dfd4d05c06a03fffaffeb36fb181415ba11b91a6b566fa2e8ada75927db32?s=96&r=g","url":"https:\/\/secure.gravatar.com\/avatar\/0e4dfd4d05c06a03fffaffeb36fb181415ba11b91a6b566fa2e8ada75927db32?s=96&r=g","contentUrl":"https:\/\/secure.gravatar.com\/avatar\/0e4dfd4d05c06a03fffaffeb36fb181415ba11b91a6b566fa2e8ada75927db32?s=96&r=g","caption":"Giacomo Fabbrocino"},"description":"Montatore cinematografico, autore di documentari sull'arte e di video d'artista, Giacomo \u00e8 responsabile della didattica e della comunicazione web della Scuola di Cinema, Fotografia e Televisione Pigrecoemme di Napoli.","sameAs":["http:\/\/www.pigrecoemme.com\/","https:\/\/www.facebook.com\/giacomo.fabbrocino"],"url":"https:\/\/www.pigrecoemme.com\/blog\/author\/giacomo-fabbrocino\/"}]}},"jetpack_sharing_enabled":true,"jetpack_likes_enabled":true,"jetpack-related-posts":[{"id":691,"url":"https:\/\/www.pigrecoemme.com\/blog\/lezione-aperta-con-raffaela-mariniello\/","url_meta":{"origin":141,"position":0},"title":"Lezione aperta con Raffaela Mariniello: la fotografia artistica","author":"Giacomo Fabbrocino","date":"23 Settembre 2013","format":false,"excerpt":"Alla Scuola di cinema e fotografia Pigrecoemme riprendono gli incontri con i maestri della fotografia. Il prossimo venerd\u00ec 27 settembre \u00e8 di scena\u00a0RAFFAELA MARINIELLO in una lezione aperta sulla fotografia artistica. L'appuntamento Riprende, in occasione della ripresa dei corsi di Fotografia di Pigrecoemme, con un incontro con Raffaela Mariniello, la\u2026","rel":"","context":"In &quot;Eventi&quot;","block_context":{"text":"Eventi","link":"https:\/\/www.pigrecoemme.com\/blog\/eventi\/"},"img":{"alt_text":"","src":"https:\/\/i0.wp.com\/www.pigrecoemme.com\/blog\/wp-content\/uploads\/2013\/09\/mariniello-01.jpg?resize=350%2C200","width":350,"height":200},"classes":[]},{"id":834,"url":"https:\/\/www.pigrecoemme.com\/blog\/still-in-life-allaccademia-di-belle-arti-d-napoli\/","url_meta":{"origin":141,"position":1},"title":"&#8220;Still in Life&#8221; all&#8217;Accademia di Belle Arti di Napoli","author":"Corrado Morra","date":"6 Maggio 2014","format":false,"excerpt":"Venerd\u00ec 9 maggio 2014, alle ore 11.00, nell'ambito dell'incontro con Raffaela Mariniello al Teatro A. Niccolini dell'Accademia di Belle Arti di Napoli, sar\u00e0 proiettato il video \"Still in Life\", diretto da Raffaela Mariniello con il nostro docente e fondatore Giacomo Fabbrocino (qui anche montatore) e prodotto dalla Scuola di cinema\u2026","rel":"","context":"In &quot;Fotografia&quot;","block_context":{"text":"Fotografia","link":"https:\/\/www.pigrecoemme.com\/blog\/fotografia\/"},"img":{"alt_text":"still-in-life-accademia-di-belle-arti-napoli-0","src":"https:\/\/i0.wp.com\/www.pigrecoemme.com\/blog\/wp-content\/uploads\/2014\/05\/still-in-life-accademia-di-belle-arti-napoli-0.jpg?resize=350%2C200","width":350,"height":200,"srcset":"https:\/\/i0.wp.com\/www.pigrecoemme.com\/blog\/wp-content\/uploads\/2014\/05\/still-in-life-accademia-di-belle-arti-napoli-0.jpg?resize=350%2C200 1x, https:\/\/i0.wp.com\/www.pigrecoemme.com\/blog\/wp-content\/uploads\/2014\/05\/still-in-life-accademia-di-belle-arti-napoli-0.jpg?resize=525%2C300 1.5x"},"classes":[]},{"id":921,"url":"https:\/\/www.pigrecoemme.com\/blog\/presentazione-di-still-in-life-allaccademia-di-belle-arti-di-napoli\/","url_meta":{"origin":141,"position":2},"title":"Presentazione di &#8220;Still in Life&#8221; all&#8217;Accademia di Belle Arti di Napoli","author":"Giacomo Fabbrocino","date":"28 Ottobre 2014","format":false,"excerpt":"Venerd\u00ec 9 maggio 2014, nell\u2019ambito dell\u2019incontro con Raffaela Mariniello al Teatro A. Niccolini dell\u2019Accademia di Belle Arti di Napoli, \u00e8 stato proiettato il video \u201cStill in Life\u201d, diretto da Raffaela Mariniello con il nostro docente e fondatore Giacomo Fabbrocino (qui anche montatore) e prodotto dalla Scuola di cinema e fotografia\u2026","rel":"","context":"In &quot;Eventi&quot;","block_context":{"text":"Eventi","link":"https:\/\/www.pigrecoemme.com\/blog\/eventi\/"},"img":{"alt_text":"","src":"https:\/\/i0.wp.com\/www.pigrecoemme.com\/blog\/wp-content\/uploads\/2014\/10\/still-in-life-raffaela-mariniello-accademia.jpg?resize=350%2C200","width":350,"height":200},"classes":[]},{"id":799,"url":"https:\/\/www.pigrecoemme.com\/blog\/raffaela-mariniello-still-in-life\/","url_meta":{"origin":141,"position":3},"title":"Raffaela Mariniello | STILL IN LIFE","author":"Corrado Morra","date":"3 Marzo 2014","format":false,"excerpt":"Venerd\u00ec 7 marzo 2014, alle ore 19.00, presso lo Studio Trisorio (a Napoli, alla Riviera di Chiaia 215) s\u2019inaugura la mostra di Raffaela Mariniello Still in Life. L\u2019esposizione, oltre a un light box di grande formato, un\u2019installazione e una fotografia, presenta un video realizzato da Mariniello con il nostro\u00a0Giacomo Fabbrocino,\u2026","rel":"","context":"In &quot;Eventi&quot;","block_context":{"text":"Eventi","link":"https:\/\/www.pigrecoemme.com\/blog\/eventi\/"},"img":{"alt_text":"","src":"https:\/\/i0.wp.com\/www.pigrecoemme.com\/blog\/wp-content\/uploads\/2014\/02\/raffaela-mariniello-stil-in-life.jpg?resize=350%2C200","width":350,"height":200},"classes":[]},{"id":1374,"url":"https:\/\/www.pigrecoemme.com\/blog\/still-in-life-madre\/","url_meta":{"origin":141,"position":4},"title":"Still in life entra a far parte della collezione del Madre","author":"Corrado Morra","date":"21 Maggio 2015","format":false,"excerpt":"Venerd\u00ec 22 maggio, alle ore 19:00, apre al pubblico il\u00a0quarto\u00a0capitolo\u00a0di\u00a0Per_formare una collezione,\u00a0progetto\u00a0di acquisizioni del museo Madre nato nel\u00a02013 come luogo di approfondimento e di confronto sul senso ultimo\u00a0e sulle prassi cui il corpo di una\u00a0collezione museale deve oggi rispondere. Con quest'evento lo spazio di Via Settembrini\u00a0inaugura\u00a0anche la nascita del primo\u2026","rel":"","context":"In &quot;Eventi&quot;","block_context":{"text":"Eventi","link":"https:\/\/www.pigrecoemme.com\/blog\/eventi\/"},"img":{"alt_text":"Still in life al Museo madre","src":"https:\/\/i0.wp.com\/www.pigrecoemme.com\/blog\/wp-content\/uploads\/2015\/05\/still-in-life-madre1.jpg?resize=350%2C200","width":350,"height":200},"classes":[]},{"id":1663,"url":"https:\/\/www.pigrecoemme.com\/blog\/camminando-incontro-mostra-alessandro-santulli\/","url_meta":{"origin":141,"position":5},"title":"Camminando. Incontro e mostra con Alessandro Santulli","author":"Giacomo Fabbrocino","date":"17 Marzo 2016","format":false,"excerpt":"Sabato 9 aprile 2016, alle ore 16:00, nell\u2019ambito della rassegna Incontri fotografici, che ha gi\u00e0 accolto artisti come Antonio Biasiucci, Gianni Fiorito, Luciano Ferrara, Gianni Pinnizzotto, Ilaria Abbiento e Raffaela Mariniello, la Scuola di cinema e fotografia Pigrecoemme di Napoli ospita Alessandro Santulli, che illustrer\u00e0 il suo lavoro foto-antropologico. Modalit\u00e0\u2026","rel":"","context":"In &quot;Eventi&quot;","block_context":{"text":"Eventi","link":"https:\/\/www.pigrecoemme.com\/blog\/eventi\/"},"img":{"alt_text":"Incontro e mostra con Alessandro Santulli","src":"https:\/\/i0.wp.com\/www.pigrecoemme.com\/blog\/wp-content\/uploads\/2016\/03\/alessandro-santulli.jpg?resize=350%2C200","width":350,"height":200,"srcset":"https:\/\/i0.wp.com\/www.pigrecoemme.com\/blog\/wp-content\/uploads\/2016\/03\/alessandro-santulli.jpg?resize=350%2C200 1x, https:\/\/i0.wp.com\/www.pigrecoemme.com\/blog\/wp-content\/uploads\/2016\/03\/alessandro-santulli.jpg?resize=525%2C300 1.5x, https:\/\/i0.wp.com\/www.pigrecoemme.com\/blog\/wp-content\/uploads\/2016\/03\/alessandro-santulli.jpg?resize=700%2C400 2x"},"classes":[]}],"jetpack_featured_media_url":"","_links":{"self":[{"href":"https:\/\/www.pigrecoemme.com\/blog\/wp-json\/wp\/v2\/posts\/141","targetHints":{"allow":["GET"]}}],"collection":[{"href":"https:\/\/www.pigrecoemme.com\/blog\/wp-json\/wp\/v2\/posts"}],"about":[{"href":"https:\/\/www.pigrecoemme.com\/blog\/wp-json\/wp\/v2\/types\/post"}],"author":[{"embeddable":true,"href":"https:\/\/www.pigrecoemme.com\/blog\/wp-json\/wp\/v2\/users\/1"}],"replies":[{"embeddable":true,"href":"https:\/\/www.pigrecoemme.com\/blog\/wp-json\/wp\/v2\/comments?post=141"}],"version-history":[{"count":0,"href":"https:\/\/www.pigrecoemme.com\/blog\/wp-json\/wp\/v2\/posts\/141\/revisions"}],"wp:attachment":[{"href":"https:\/\/www.pigrecoemme.com\/blog\/wp-json\/wp\/v2\/media?parent=141"}],"wp:term":[{"taxonomy":"category","embeddable":true,"href":"https:\/\/www.pigrecoemme.com\/blog\/wp-json\/wp\/v2\/categories?post=141"},{"taxonomy":"post_tag","embeddable":true,"href":"https:\/\/www.pigrecoemme.com\/blog\/wp-json\/wp\/v2\/tags?post=141"}],"curies":[{"name":"wp","href":"https:\/\/api.w.org\/{rel}","templated":true}]}}