{"id":1404,"date":"2015-07-13T12:00:45","date_gmt":"2015-07-13T10:00:45","guid":{"rendered":"http:\/\/www.pigrecoemme.com\/blog\/?p=1404"},"modified":"2015-07-13T18:36:49","modified_gmt":"2015-07-13T16:36:49","slug":"napoli-tra-rappresentazione-e-autorappresentazione","status":"publish","type":"post","link":"https:\/\/www.pigrecoemme.com\/blog\/napoli-tra-rappresentazione-e-autorappresentazione\/","title":{"rendered":"Napoli tra rappresentazione e autorappresentazione"},"content":{"rendered":"<p><a href=\"https:\/\/i0.wp.com\/www.pigrecoemme.com\/blog\/wp-content\/uploads\/2015\/07\/napoli-crupi.jpg?ssl=1\"><img data-recalc-dims=\"1\" loading=\"lazy\" decoding=\"async\" class=\"aligncenter size-full wp-image-1405\" src=\"https:\/\/i0.wp.com\/www.pigrecoemme.com\/blog\/wp-content\/uploads\/2015\/07\/napoli-crupi.jpg?resize=484%2C252&#038;ssl=1\" alt=\"napoli crupi\" width=\"484\" height=\"252\" srcset=\"https:\/\/i0.wp.com\/www.pigrecoemme.com\/blog\/wp-content\/uploads\/2015\/07\/napoli-crupi.jpg?w=484&amp;ssl=1 484w, https:\/\/i0.wp.com\/www.pigrecoemme.com\/blog\/wp-content\/uploads\/2015\/07\/napoli-crupi.jpg?resize=300%2C156&amp;ssl=1 300w\" sizes=\"auto, (max-width: 484px) 100vw, 484px\" \/><\/a><\/p>\n<p><strong>Stefano Crupi<\/strong> \u00e8 di <strong>Caserta<\/strong>, \u00e8 giornalista, ma soprattutto \u00e8 autore di <em>Cazzimma<\/em>, suo romanzo di esordio, edito da <strong>Mondadori<\/strong>. Chi non l\u2019ha letto, lo ricorder\u00e0 per il titolo e per l\u2019evocativa immagine di copertina: un ragazzo che pare emergere da uno specchio d\u2019acqua con una sigaretta in bocca. La cazzimma \u00e8 quella che, in questa sciagurata stagione calcistica,\u00a0si dice non abbiano avuto i giocatori del Napoli, ovvero la capacit\u00e0 di cavarsela senza starsi a fare troppi problemi e, anzi, fregandosene anche del prossimo. <em>Cazzimma<\/em> parrebbe un romanzo come tanti perch\u00e9, in fondo, parla di vite ai margini e di giovani attratti dal potere, quello del crimine organizzato. Ma <em>Cazzimma<\/em> non \u00e8 <em>Gomorra<\/em> perch\u00e9 <strong>Stefano Crupi<\/strong>, in qualche modo, d\u00e0 importanza ad una zona che, quasi mai, nelle cronache e nelle rappresentazioni di Napoli, viene riconosciuta: la zona grigia. Perch\u00e9 a <strong>Napoli<\/strong> non c\u2019\u00e8 solo la malavita e la faccia positiva, dualismo semplicistico al quale si finisce sempre col ricondursi quando c\u2019\u00e8 da raccontare e, soprattutto, da polemizzare sull\u2019immagine di Napoli. C\u2019\u00e8 una larga fetta di popolazione che non vive di crimine, neanche indirettamente, ma per istinto di sopravvivenza ci \u00e8 immersa, ne \u00e8 sfiorata e se la fa scivolare addosso. Quella maggioranza di popolazione che, spesso, viene accusata di non indignarsi, ma che, in realt\u00e0, ha solo imparato l\u2019inefficacia o la funzionalit\u00e0 a termine dell\u2019indignazione. <strong>Sisto<\/strong>, protagonista del libro di <strong>Crupi<\/strong>, fa una scelta che non \u00e8 radicale, come ci si aspetta sempre in un racconto che il mondo ci chiede sia morale; <strong>Sisto<\/strong> si allontana da un mondo criminale, ma non per abbracciare la legalit\u00e0 cieca. Per restare in quel limbo tutto partenopeo che \u00e8 fatto di microinfrazioni di sopravvivenza: correre col motorino senza curarsi dei segnali stradali, acquistare dagli ambulanti senza che rilascino scontrino, accettare di pagare il parcheggiatore abusivo. Non si tratta di un\u2019assoluzione, uno scrittore non \u00e8 un giudice, ma semplicemente, tanto pi\u00f9 se nasce cronista, un osservatore. Un osservatore che riporta. E <strong>Crupi<\/strong> riporta un mondo poco raccontato. Con <strong>Stefano Crupi<\/strong>, allora, abbiamo avviato una chiacchierata sulla rappresentazione di <strong>Napoli<\/strong>. Ve la proponiamo, certi che vi interesser\u00e0 e vi coinvolger\u00e0 nel dibattito.<\/p>\n<p><!--more--><\/p>\n<figure id=\"attachment_1409\" aria-describedby=\"caption-attachment-1409\" style=\"width: 201px\" class=\"wp-caption alignleft\"><a href=\"http:\/\/www.amazon.it\/Cazzimma-Stefano-Crupi\/dp\/8804634642\"><img data-recalc-dims=\"1\" loading=\"lazy\" decoding=\"async\" class=\"size-medium wp-image-1409\" src=\"https:\/\/i0.wp.com\/www.pigrecoemme.com\/blog\/wp-content\/uploads\/2015\/07\/cazzimmacover.jpg?resize=201%2C300&#038;ssl=1\" alt=\"Cazzimma, di Stefano Crupi\" width=\"201\" height=\"300\" srcset=\"https:\/\/i0.wp.com\/www.pigrecoemme.com\/blog\/wp-content\/uploads\/2015\/07\/cazzimmacover.jpg?resize=201%2C300&amp;ssl=1 201w, https:\/\/i0.wp.com\/www.pigrecoemme.com\/blog\/wp-content\/uploads\/2015\/07\/cazzimmacover.jpg?resize=300%2C447&amp;ssl=1 300w, https:\/\/i0.wp.com\/www.pigrecoemme.com\/blog\/wp-content\/uploads\/2015\/07\/cazzimmacover.jpg?w=354&amp;ssl=1 354w\" sizes=\"auto, (max-width: 201px) 100vw, 201px\" \/><\/a><figcaption id=\"caption-attachment-1409\" class=\"wp-caption-text\">Clicca sull&#8217;immagine per acquistare il libro su Amazon<\/figcaption><\/figure>\n<p><strong>Rosario Gallone<\/strong>: G<em>razie di aver accettato di essere coinvolto in questa discussione. A <\/em><strong>Pigrecoemme<\/strong><em> ci occupiamo di cinema e comunicazione audiovisiva e, di recente, pi\u00f9 di una volta, ci siamo ritrovati a discutere della rappresentazione di <\/em><strong>Napoli<\/strong><em> nel linguaggio audiovisivo. La prima osservazione che giro \u00e8 la seguente. <\/em><strong>Napoli<\/strong><em> \u00e8 comunque e sempre rappresentazione, sia quando si rappresenta la camorra sia quando si reagisce al racconto della camorra. Ricordo, tanto per fare un esempio, in occasione dell\u2019assassinio di <\/em><strong>Davide Bifolco<\/strong><em> al <\/em><strong>Rione Traiano<\/strong><em> (assassinio del tutto immotivato, motorino rubato o meno), un\u2019intervista ai genitori andata in onda durante <\/em><strong>Servizio Pubblico<\/strong><em>. Ecco l\u00ec il padre diceva di aver rubato in qualche occasione, ma per mangiare, mentre alle spalle aveva uno di quei frigoriferi da \u20ac 1500 che la maggior parte di noi si sogna. Anche in quel caso, e parliamo di servizio giornalistico, non di fiction, mi sembr\u00f2 che noi stessi sappiamo come gli \u201caltri\u201d amano vederci e ci adeguiamo. Il padre di Davide, insomma, non restituiva la sua vera immagine, ma quella che sapeva che gli spettatori avrebbero gradito trovarsi di fronte. Non \u201cera\u201d, per farla breve, ma si rappresentava.\u00a0<\/em><\/p>\n<figure id=\"attachment_1406\" aria-describedby=\"caption-attachment-1406\" style=\"width: 300px\" class=\"wp-caption alignleft\"><a href=\"https:\/\/i0.wp.com\/www.pigrecoemme.com\/blog\/wp-content\/uploads\/2015\/07\/U3OFN-SwcLYqbtXi_446x251.jpg?ssl=1\"><img data-recalc-dims=\"1\" loading=\"lazy\" decoding=\"async\" class=\"wp-image-1406 size-medium\" src=\"https:\/\/i0.wp.com\/www.pigrecoemme.com\/blog\/wp-content\/uploads\/2015\/07\/U3OFN-SwcLYqbtXi_446x251.jpg?resize=300%2C169&#038;ssl=1\" alt=\"U3OFN-SwcLYqbtXi_446x251\" width=\"300\" height=\"169\" srcset=\"https:\/\/i0.wp.com\/www.pigrecoemme.com\/blog\/wp-content\/uploads\/2015\/07\/U3OFN-SwcLYqbtXi_446x251.jpg?resize=300%2C169&amp;ssl=1 300w, https:\/\/i0.wp.com\/www.pigrecoemme.com\/blog\/wp-content\/uploads\/2015\/07\/U3OFN-SwcLYqbtXi_446x251.jpg?resize=500%2C282&amp;ssl=1 500w, https:\/\/i0.wp.com\/www.pigrecoemme.com\/blog\/wp-content\/uploads\/2015\/07\/U3OFN-SwcLYqbtXi_446x251.jpg?w=1000&amp;ssl=1 1000w\" sizes=\"auto, (max-width: 300px) 100vw, 300px\" \/><\/a><figcaption id=\"caption-attachment-1406\" class=\"wp-caption-text\">Stefano Crupi<\/figcaption><\/figure>\n<p><strong>Stefano Crupi:\u00a0<\/strong><em>Quei napoletani che criticano fortemente gli scrittori rei di raccontare solo una certa <\/em><strong>Napoli<\/strong><em> sono gli stessi che si crogiolano spesso dietro a una rappresentazione folcloristica, macchiettistica se vogliamo, della citt\u00e0, esaltandone tratti caratteristici e positivi che per\u00f2, non me ne vogliano, io ho sempre trovato stucchevoli oltre che irrealistici e anche un po\u2019 ipocriti. Ogni rappresentazione della citt\u00e0 sconta il prezzo della sua limitatezza, credo che questo sia inevitabile, ma ci\u00f2 non deve essere considerata un\u2019esclusione quanto piuttosto una messa a fuoco. Gli scrittori, gli artisti in generale, si concentrano sull\u2019aspetto che ritengono pi\u00f9 interessante per ragioni spesso a loro oscure e da quell\u2019aspetto ne sono ossessionati, per questo lo studiano, lo sviscerano, per mostrarlo, alla fine, attraverso la particolarit\u00e0 del loro sguardo. Anche per me \u00e8 avvenuta la stessa cosa. C\u2019era una certa giovent\u00f9 napoletana con cui ero entrato in contatto e della quale mi aveva colpito la mentalit\u00e0 tanto diversa dalla mia. Una volta individuato ci\u00f2 di cui volevo parlare mi serviva trovare il modo giusto per farlo, lo stile pi\u00f9 efficace perch\u00e9 il racconto fosse coinvolgente e sconvolgente. A suggerirmelo fu proprio un ragionamento sulla rappresentazione: volevo scrollarmi di dosso ogni retorica, ne ero stanco, saturo. Avrei narrato i fatti nudi e crudi lasciando ai lettori la libert\u00e0 di assumere una loro personale posizione morale.<\/em><\/p>\n<p><strong>R.G.:\u00a0<\/strong><em>Boicottare le riprese di una fiction, Gomorra, ma essere lieti di L&#8217;oro di Scampia, girato da <\/em><strong>Marco Pontecorvo<\/strong><em> e che ricostruisce la storia di <\/em><strong>Maddaloni<\/strong><em> (padre dell&#8217;olimpionico <\/em><strong>Pino<\/strong><em>), secondo me dimostra tutta l&#8217;incapacit\u00e0, anche da parte di chi dovrebbe educare alla visione, di leggere un testo, in questo caso audiovisivo. Ogni narrazione abbisogna di un punto di vista e se scelgo di raccontare un territorio da un punto di vista socialmente negativo scelgo quello dei <\/em><strong>Savastano<\/strong><em>, mentre se voglio un punto di vista positivo scelgo quello di <\/em><strong>Maddaloni<\/strong><em>.<\/em><\/p>\n<figure id=\"attachment_1407\" aria-describedby=\"caption-attachment-1407\" style=\"width: 300px\" class=\"wp-caption alignright\"><a href=\"https:\/\/i0.wp.com\/www.pigrecoemme.com\/blog\/wp-content\/uploads\/2015\/07\/Pietro-Savastano-e-Imma-Savastano-Fortunato-Cerlino-e-Maria-Pia-Calzone.jpg?ssl=1\"><img data-recalc-dims=\"1\" loading=\"lazy\" decoding=\"async\" class=\"size-medium wp-image-1407\" src=\"https:\/\/i0.wp.com\/www.pigrecoemme.com\/blog\/wp-content\/uploads\/2015\/07\/Pietro-Savastano-e-Imma-Savastano-Fortunato-Cerlino-e-Maria-Pia-Calzone.jpg?resize=300%2C190&#038;ssl=1\" alt=\"Gomorra - La serie Tv\" width=\"300\" height=\"190\" srcset=\"https:\/\/i0.wp.com\/www.pigrecoemme.com\/blog\/wp-content\/uploads\/2015\/07\/Pietro-Savastano-e-Imma-Savastano-Fortunato-Cerlino-e-Maria-Pia-Calzone.jpg?resize=300%2C190&amp;ssl=1 300w, https:\/\/i0.wp.com\/www.pigrecoemme.com\/blog\/wp-content\/uploads\/2015\/07\/Pietro-Savastano-e-Imma-Savastano-Fortunato-Cerlino-e-Maria-Pia-Calzone.jpg?resize=1024%2C648&amp;ssl=1 1024w, https:\/\/i0.wp.com\/www.pigrecoemme.com\/blog\/wp-content\/uploads\/2015\/07\/Pietro-Savastano-e-Imma-Savastano-Fortunato-Cerlino-e-Maria-Pia-Calzone.jpg?resize=474%2C300&amp;ssl=1 474w, https:\/\/i0.wp.com\/www.pigrecoemme.com\/blog\/wp-content\/uploads\/2015\/07\/Pietro-Savastano-e-Imma-Savastano-Fortunato-Cerlino-e-Maria-Pia-Calzone.jpg?w=1237&amp;ssl=1 1237w\" sizes=\"auto, (max-width: 300px) 100vw, 300px\" \/><\/a><figcaption id=\"caption-attachment-1407\" class=\"wp-caption-text\">Gomorra &#8211; La serie Tv<\/figcaption><\/figure>\n<p><em>Ci\u00f2 che non si vede \u00e8 che queste due narrazioni raccontano lo stesso territorio e non territori diversi. Perch\u00e9 un territorio che elegge ad eroe un semplice istruttore di judo che apre una palestra, \u00e8 un territorio problematico, lo stesso raccontato in Gomorra, ma dal punto di vista di un camorrista. Quanto poi al raccontare fatti di sangue, beh sono quelli che da sempre esercitano l&#8217;attrattiva maggiore. Una fiction sulla mia quotidianit\u00e0? Pur essendo il sogno di <\/em><strong>Zavattini<\/strong><em>, probabilmente sarei il primo a non vederla.<\/em><\/p>\n<p><strong>S.C.:\u00a0<\/strong><em>Conferma che sia un territorio problematico, anche il fatto che molti desiderino nascondere sotto il tappeto questa sua problematicit\u00e0. Ma in realt\u00e0 il problema \u00e8 un altro e parte da un assunto completamente fuorviante: si chiede all\u2019arte di essere edificante, pedagogica, e all\u2019artista di fare da pubblicitario e propagandista, cosa che come hai detto tu suona davvero anacronistica (oltrech\u00e9 antiestetica). L\u2019arte per me porta sempre con s\u00e9 qualcosa di disturbante, che lascia un segno, perch\u00e9 ci trascina laddove la nostra realt\u00e0, la nostra quotidianit\u00e0 mai potr\u00e0 portarci. Ci affascina la violenza, ci affascinano i personaggi violenti perch\u00e9 attraverso di loro diamo sfogo, per le poche ore della lettura o della visione cinematografica, alla nostra immaginazione, diamo voce ai nostri istinti pi\u00f9 bassi. Ci mettiamo nei loro panni ben sapendo che nella realt\u00e0 mai li indosseremo. Il lato oscuro insomma, verso il quale torniamo sempre con lo sguardo dopo averlo distolto solo per un attimo disgustati.<\/em><\/p>\n<p><strong>R.G.:\u00a0<\/strong><em>E torniamo alla centralit\u00e0 della rappresentazione. Ovvero il problema esiste solo se rappresentato. Se non lo si rappresenta, puff&#8230; sparisce.<\/em><\/p>\n<p><strong>S.C.:\u00a0<\/strong><em>Nella nostra societ\u00e0 la percezione \u00e8 quella. Non a caso ogni fatto di cronaca sembra attirarne decine di altri molto simili: un uomo fa uccidere la moglie da un sicario e i telegiornali si popolano di uxoricidi. \u00c8 il modo televisivo di rappresentare la realt\u00e0 che ci \u00e8 entrato nel dna, modificando anche la nostra memoria, ossia la nostra capacit\u00e0 di trattenere queste notizie. Tutto scorre rapido e non lascia il segno, perch\u00e9 siamo sempre pi\u00f9 anestetizzati, indifferenti. La letteratura invece parla un altro linguaggio, \u00e8 capace di entrarci sottopelle pi\u00f9 lentamente. Inoltre a mio avviso non deve giudicare, non deve porsi presuntuosamente su un piedistallo (come alcuni scrittori ahim\u00e8 invece fanno abitualmente) per indicare la via da seguire. Come scrittore non mi sento all\u2019altezza di questo compito, per questo a chi me lo chiede rispondo di essere un semplice narratore, uno che racconta storie, senza la presunzione di essere n\u00e9 una guida n\u00e9 uno con le soluzioni in tasca.<\/em><\/p>\n<p><strong>R.G.:\u00a0<\/strong><em>Eppure sembrava ci fossimo arrivati. Ed all&#8217;improvviso siamo tornati indietro. Mi spiego. <\/em><strong>Pino Daniele<\/strong><em> diceva &#8220;e nui tirammo annanz che rulore \u00e8 panze<br \/>\ne invece e c&#8217;aiut\u00e0 c&#8217;abboffano \u00e8 caf\u00e8&#8221;, mentre <\/em><strong>Troisi<\/strong><em> non solo rivendicava la possibilit\u00e0 per un napoletano di andare lontano dalla propria citt\u00e0 senza dover essere per forza emigrante, ma in un film, forse sottovalutato, come\u00a0<\/em><em>No grazie, il caff\u00e8 mi rende nervoso (che gi\u00e0 nel titolo contiene una dichiarazione di sfida all&#8217;antropoleografia partenopea e, non per caso, era sceneggiato da <\/em><strong>Massimo Troisi<\/strong><em> ), il killer <\/em><strong>Funicul\u00ec Funicul\u00e0<\/strong><em> era ossessionato patologicamente dall&#8217;immagine classica di Napoli ed uccideva i portatori di rinnovamento, tra cui lo stesso <\/em><strong>Troisi<\/strong><em>.\u00a0<\/em><em>Alla fine, pare quasi che Funicul\u00ec Funicul\u00e0 abbia avuto la meglio, se da <\/em><strong>Pino Daniele<\/strong><em> siamo passati a <\/em><strong>Rocco Hunt<\/strong><em> e da <\/em><strong>Troisi<\/strong><em> a <\/em><strong>Siani<\/strong><em> (la responsabilit\u00e0 sui nomi di un certo decadimento della rinascita napoletana me la prendo io).<\/em><\/p>\n<figure id=\"attachment_1408\" aria-describedby=\"caption-attachment-1408\" style=\"width: 412px\" class=\"wp-caption aligncenter\"><a href=\"https:\/\/i0.wp.com\/www.pigrecoemme.com\/blog\/wp-content\/uploads\/2015\/07\/mqdefault.jpg?ssl=1\"><img data-recalc-dims=\"1\" loading=\"lazy\" decoding=\"async\" class=\" wp-image-1408\" src=\"https:\/\/i0.wp.com\/www.pigrecoemme.com\/blog\/wp-content\/uploads\/2015\/07\/mqdefault.jpg?resize=412%2C232&#038;ssl=1\" alt=\"No grazie, il caff\u00e8 mi rende nervoso\" width=\"412\" height=\"232\" srcset=\"https:\/\/i0.wp.com\/www.pigrecoemme.com\/blog\/wp-content\/uploads\/2015\/07\/mqdefault.jpg?resize=300%2C169&amp;ssl=1 300w, https:\/\/i0.wp.com\/www.pigrecoemme.com\/blog\/wp-content\/uploads\/2015\/07\/mqdefault.jpg?w=320&amp;ssl=1 320w\" sizes=\"auto, (max-width: 412px) 100vw, 412px\" \/><\/a><figcaption id=\"caption-attachment-1408\" class=\"wp-caption-text\">No grazie, il caff\u00e8 mi rende nervoso<\/figcaption><\/figure>\n<p><strong>S.C.:<\/strong>\u00a0<em>Sinceramente a volte non capisco lo sforzo di trovare un\u2019immagine che corrisponda alla \u201cvera Napoli\u201d. Per\u00f2 l\u2019osservazione del killer <\/em><strong>Funicul\u00ec Funicul\u00e0<\/strong><em> \u00e8 vera a met\u00e0: l\u2019immagine folcloristica \u00e0ncora al passato ma non uccide il rinnovamento, d\u00e0 al rinnovamento un colore, una ricchezza, che per\u00f2, se usata male, pu\u00f2 diventare anche una schiavit\u00f9. Pino Daniele l&#8217;ha usata nel modo pi\u00f9 giusto e geniale, e cio\u00e8 con la contaminazione.<\/em><\/p>\n","protected":false},"excerpt":{"rendered":"<p>Stefano Crupi \u00e8 di Caserta, \u00e8 giornalista, ma soprattutto \u00e8 autore di Cazzimma, suo romanzo di esordio, edito da Mondadori. Chi non l\u2019ha letto, lo ricorder\u00e0 per il titolo e per l\u2019evocativa immagine di&hellip;<\/p>\n","protected":false},"author":3,"featured_media":0,"comment_status":"open","ping_status":"open","sticky":false,"template":"","format":"standard","meta":{"_jetpack_newsletter_access":"","_jetpack_dont_email_post_to_subs":false,"_jetpack_newsletter_tier_id":0,"_jetpack_memberships_contains_paywalled_content":false,"_jetpack_feature_clip_id":0,"_jetpack_memberships_contains_paid_content":false,"footnotes":"","jetpack_post_was_ever_published":false},"categories":[950],"tags":[1183,67,1187,312,1189,1185,77,1188,1184,1186],"class_list":["post-1404","post","type-post","status-publish","format-standard","hentry","category-analisi-e-critica-2","tag-cazzimma","tag-cinema","tag-daniele","tag-gomorra","tag-libri","tag-mondadori","tag-napoli","tag-no-grazie-il-caffe-mi-rende-nervoso","tag-stefano-crupi","tag-trosi"],"yoast_head":"<!-- This site is optimized with the Yoast SEO plugin v28.3 - https:\/\/yoast.com\/product\/yoast-seo-wordpress\/ -->\n<title>Napoli tra rappresentazione e autorappresentazione<\/title>\n<meta name=\"description\" content=\"A colloquio con lo scrittore Stefano Crupi\" \/>\n<meta name=\"robots\" content=\"index, follow, max-snippet:-1, max-image-preview:large, max-video-preview:-1\" \/>\n<link rel=\"canonical\" href=\"https:\/\/www.pigrecoemme.com\/blog\/napoli-tra-rappresentazione-e-autorappresentazione\/\" \/>\n<meta property=\"og:locale\" content=\"it_IT\" \/>\n<meta property=\"og:type\" content=\"article\" \/>\n<meta property=\"og:title\" content=\"Napoli tra rappresentazione e autorappresentazione\" \/>\n<meta property=\"og:description\" content=\"A colloquio con lo scrittore Stefano Crupi\" \/>\n<meta property=\"og:url\" content=\"https:\/\/www.pigrecoemme.com\/blog\/napoli-tra-rappresentazione-e-autorappresentazione\/\" \/>\n<meta property=\"og:site_name\" content=\"Scuola di Cinema Pigrecoemme - Blog\" \/>\n<meta property=\"article:publisher\" content=\"https:\/\/www.facebook.com\/pigrecoemme\" \/>\n<meta property=\"article:author\" content=\"https:\/\/www.facebook.com\/rosario.gallone\" \/>\n<meta property=\"article:published_time\" content=\"2015-07-13T10:00:45+00:00\" \/>\n<meta property=\"article:modified_time\" content=\"2015-07-13T16:36:49+00:00\" \/>\n<meta property=\"og:image\" content=\"http:\/\/www.pigrecoemme.com\/blog\/wp-content\/uploads\/2015\/07\/napoli-crupi.jpg\" \/>\n<meta name=\"author\" content=\"Rosario Gallone\" \/>\n<meta name=\"twitter:card\" content=\"summary_large_image\" \/>\n<meta name=\"twitter:creator\" content=\"@RosarioGallone\" \/>\n<meta name=\"twitter:site\" content=\"@Pigrecoemme\" \/>\n<meta name=\"twitter:label1\" content=\"Scritto da\" \/>\n\t<meta name=\"twitter:data1\" content=\"Rosario Gallone\" \/>\n\t<meta name=\"twitter:label2\" content=\"Tempo di lettura stimato\" \/>\n\t<meta name=\"twitter:data2\" content=\"8 minuti\" \/>\n<script type=\"application\/ld+json\" class=\"yoast-schema-graph\">{\"@context\":\"https:\\\/\\\/schema.org\",\"@graph\":[{\"@type\":[\"Article\",\"BlogPosting\"],\"@id\":\"https:\\\/\\\/www.pigrecoemme.com\\\/blog\\\/napoli-tra-rappresentazione-e-autorappresentazione\\\/#article\",\"isPartOf\":{\"@id\":\"https:\\\/\\\/www.pigrecoemme.com\\\/blog\\\/napoli-tra-rappresentazione-e-autorappresentazione\\\/\"},\"author\":{\"name\":\"Rosario Gallone\",\"@id\":\"https:\\\/\\\/www.pigrecoemme.com\\\/blog\\\/#\\\/schema\\\/person\\\/3fdd423e7c221a503812a1e86daec850\"},\"headline\":\"Napoli tra rappresentazione e autorappresentazione\",\"datePublished\":\"2015-07-13T10:00:45+00:00\",\"dateModified\":\"2015-07-13T16:36:49+00:00\",\"mainEntityOfPage\":{\"@id\":\"https:\\\/\\\/www.pigrecoemme.com\\\/blog\\\/napoli-tra-rappresentazione-e-autorappresentazione\\\/\"},\"wordCount\":1566,\"commentCount\":0,\"publisher\":{\"@id\":\"https:\\\/\\\/www.pigrecoemme.com\\\/blog\\\/#organization\"},\"image\":{\"@id\":\"https:\\\/\\\/www.pigrecoemme.com\\\/blog\\\/napoli-tra-rappresentazione-e-autorappresentazione\\\/#primaryimage\"},\"thumbnailUrl\":\"http:\\\/\\\/www.pigrecoemme.com\\\/blog\\\/wp-content\\\/uploads\\\/2015\\\/07\\\/napoli-crupi.jpg\",\"keywords\":[\"cazzimma\",\"cinema\",\"daniele\",\"gomorra\",\"libri\",\"mondadori\",\"napoli\",\"no grazie il caff\u00e8 mi rende nervoso\",\"stefano crupi\",\"trosi\"],\"articleSection\":[\"Analisi e Critica\"],\"inLanguage\":\"it-IT\",\"potentialAction\":[{\"@type\":\"CommentAction\",\"name\":\"Comment\",\"target\":[\"https:\\\/\\\/www.pigrecoemme.com\\\/blog\\\/napoli-tra-rappresentazione-e-autorappresentazione\\\/#respond\"]}]},{\"@type\":\"WebPage\",\"@id\":\"https:\\\/\\\/www.pigrecoemme.com\\\/blog\\\/napoli-tra-rappresentazione-e-autorappresentazione\\\/\",\"url\":\"https:\\\/\\\/www.pigrecoemme.com\\\/blog\\\/napoli-tra-rappresentazione-e-autorappresentazione\\\/\",\"name\":\"Napoli tra rappresentazione e autorappresentazione\",\"isPartOf\":{\"@id\":\"https:\\\/\\\/www.pigrecoemme.com\\\/blog\\\/#website\"},\"primaryImageOfPage\":{\"@id\":\"https:\\\/\\\/www.pigrecoemme.com\\\/blog\\\/napoli-tra-rappresentazione-e-autorappresentazione\\\/#primaryimage\"},\"image\":{\"@id\":\"https:\\\/\\\/www.pigrecoemme.com\\\/blog\\\/napoli-tra-rappresentazione-e-autorappresentazione\\\/#primaryimage\"},\"thumbnailUrl\":\"http:\\\/\\\/www.pigrecoemme.com\\\/blog\\\/wp-content\\\/uploads\\\/2015\\\/07\\\/napoli-crupi.jpg\",\"datePublished\":\"2015-07-13T10:00:45+00:00\",\"dateModified\":\"2015-07-13T16:36:49+00:00\",\"description\":\"A colloquio con lo scrittore Stefano Crupi\",\"breadcrumb\":{\"@id\":\"https:\\\/\\\/www.pigrecoemme.com\\\/blog\\\/napoli-tra-rappresentazione-e-autorappresentazione\\\/#breadcrumb\"},\"inLanguage\":\"it-IT\",\"potentialAction\":[{\"@type\":\"ReadAction\",\"target\":[\"https:\\\/\\\/www.pigrecoemme.com\\\/blog\\\/napoli-tra-rappresentazione-e-autorappresentazione\\\/\"]}]},{\"@type\":\"ImageObject\",\"inLanguage\":\"it-IT\",\"@id\":\"https:\\\/\\\/www.pigrecoemme.com\\\/blog\\\/napoli-tra-rappresentazione-e-autorappresentazione\\\/#primaryimage\",\"url\":\"http:\\\/\\\/www.pigrecoemme.com\\\/blog\\\/wp-content\\\/uploads\\\/2015\\\/07\\\/napoli-crupi.jpg\",\"contentUrl\":\"http:\\\/\\\/www.pigrecoemme.com\\\/blog\\\/wp-content\\\/uploads\\\/2015\\\/07\\\/napoli-crupi.jpg\"},{\"@type\":\"BreadcrumbList\",\"@id\":\"https:\\\/\\\/www.pigrecoemme.com\\\/blog\\\/napoli-tra-rappresentazione-e-autorappresentazione\\\/#breadcrumb\",\"itemListElement\":[{\"@type\":\"ListItem\",\"position\":1,\"name\":\"Home\",\"item\":\"https:\\\/\\\/www.pigrecoemme.com\\\/blog\\\/\"},{\"@type\":\"ListItem\",\"position\":2,\"name\":\"Napoli tra rappresentazione e autorappresentazione\"}]},{\"@type\":\"WebSite\",\"@id\":\"https:\\\/\\\/www.pigrecoemme.com\\\/blog\\\/#website\",\"url\":\"https:\\\/\\\/www.pigrecoemme.com\\\/blog\\\/\",\"name\":\"Scuola di Cinema Pigrecoemme - Blog\",\"description\":\"Siamo la prima Scuola di Cinema e Fotografia di Napoli\",\"publisher\":{\"@id\":\"https:\\\/\\\/www.pigrecoemme.com\\\/blog\\\/#organization\"},\"potentialAction\":[{\"@type\":\"SearchAction\",\"target\":{\"@type\":\"EntryPoint\",\"urlTemplate\":\"https:\\\/\\\/www.pigrecoemme.com\\\/blog\\\/?s={search_term_string}\"},\"query-input\":{\"@type\":\"PropertyValueSpecification\",\"valueRequired\":true,\"valueName\":\"search_term_string\"}}],\"inLanguage\":\"it-IT\"},{\"@type\":\"Organization\",\"@id\":\"https:\\\/\\\/www.pigrecoemme.com\\\/blog\\\/#organization\",\"name\":\"Scuola di cinema e fotografia Pigrecoemme\",\"url\":\"https:\\\/\\\/www.pigrecoemme.com\\\/blog\\\/\",\"logo\":{\"@type\":\"ImageObject\",\"inLanguage\":\"it-IT\",\"@id\":\"https:\\\/\\\/www.pigrecoemme.com\\\/blog\\\/#\\\/schema\\\/logo\\\/image\\\/\",\"url\":\"https:\\\/\\\/i0.wp.com\\\/www.pigrecoemme.com\\\/blog\\\/wp-content\\\/uploads\\\/2018\\\/06\\\/logo-pigrecoemme-2018.png?fit=500%2C500&ssl=1\",\"contentUrl\":\"https:\\\/\\\/i0.wp.com\\\/www.pigrecoemme.com\\\/blog\\\/wp-content\\\/uploads\\\/2018\\\/06\\\/logo-pigrecoemme-2018.png?fit=500%2C500&ssl=1\",\"width\":500,\"height\":500,\"caption\":\"Scuola di cinema e fotografia Pigrecoemme\"},\"image\":{\"@id\":\"https:\\\/\\\/www.pigrecoemme.com\\\/blog\\\/#\\\/schema\\\/logo\\\/image\\\/\"},\"sameAs\":[\"https:\\\/\\\/www.facebook.com\\\/pigrecoemme\",\"https:\\\/\\\/x.com\\\/Pigrecoemme\",\"https:\\\/\\\/www.instagram.com\\\/pigrecoemme\\\/\",\"https:\\\/\\\/www.linkedin.com\\\/company\\\/pigrecoemme\\\/\",\"https:\\\/\\\/www.youtube.com\\\/pigrecoemme\"]},{\"@type\":\"Person\",\"@id\":\"https:\\\/\\\/www.pigrecoemme.com\\\/blog\\\/#\\\/schema\\\/person\\\/3fdd423e7c221a503812a1e86daec850\",\"name\":\"Rosario Gallone\",\"image\":{\"@type\":\"ImageObject\",\"inLanguage\":\"it-IT\",\"@id\":\"https:\\\/\\\/secure.gravatar.com\\\/avatar\\\/7172808a86a713dea422a3159a5fe73d8a0718671410a281103d82dea575d3e9?s=96&r=g\",\"url\":\"https:\\\/\\\/secure.gravatar.com\\\/avatar\\\/7172808a86a713dea422a3159a5fe73d8a0718671410a281103d82dea575d3e9?s=96&r=g\",\"contentUrl\":\"https:\\\/\\\/secure.gravatar.com\\\/avatar\\\/7172808a86a713dea422a3159a5fe73d8a0718671410a281103d82dea575d3e9?s=96&r=g\",\"caption\":\"Rosario Gallone\"},\"description\":\"Rosario \u00e8 tra i fondatori della Pigrecoemme, dove si occupa soprattutto del corso di regia e dell'organizzazione dei corsi. E' autore della sceneggiatura di Isa 9000 (mediometraggio con Isa Danieli diretto da Angelo Serio), del montaggio di documentari e della regia di alcuni cortometraggi.\",\"sameAs\":[\"http:\\\/\\\/www.pigrecoemme.com\\\/\",\"https:\\\/\\\/www.facebook.com\\\/rosario.gallone\",\"https:\\\/\\\/x.com\\\/RosarioGallone\"],\"url\":\"https:\\\/\\\/www.pigrecoemme.com\\\/blog\\\/author\\\/rosario-gallone\\\/\"}]}<\/script>\n<!-- \/ Yoast SEO plugin. -->","yoast_head_json":{"title":"Napoli tra rappresentazione e autorappresentazione","description":"A colloquio con lo scrittore Stefano Crupi","robots":{"index":"index","follow":"follow","max-snippet":"max-snippet:-1","max-image-preview":"max-image-preview:large","max-video-preview":"max-video-preview:-1"},"canonical":"https:\/\/www.pigrecoemme.com\/blog\/napoli-tra-rappresentazione-e-autorappresentazione\/","og_locale":"it_IT","og_type":"article","og_title":"Napoli tra rappresentazione e autorappresentazione","og_description":"A colloquio con lo scrittore Stefano Crupi","og_url":"https:\/\/www.pigrecoemme.com\/blog\/napoli-tra-rappresentazione-e-autorappresentazione\/","og_site_name":"Scuola di Cinema Pigrecoemme - Blog","article_publisher":"https:\/\/www.facebook.com\/pigrecoemme","article_author":"https:\/\/www.facebook.com\/rosario.gallone","article_published_time":"2015-07-13T10:00:45+00:00","article_modified_time":"2015-07-13T16:36:49+00:00","og_image":[{"url":"http:\/\/www.pigrecoemme.com\/blog\/wp-content\/uploads\/2015\/07\/napoli-crupi.jpg","type":"","width":"","height":""}],"author":"Rosario Gallone","twitter_card":"summary_large_image","twitter_creator":"@RosarioGallone","twitter_site":"@Pigrecoemme","twitter_misc":{"Scritto da":"Rosario Gallone","Tempo di lettura stimato":"8 minuti"},"schema":{"@context":"https:\/\/schema.org","@graph":[{"@type":["Article","BlogPosting"],"@id":"https:\/\/www.pigrecoemme.com\/blog\/napoli-tra-rappresentazione-e-autorappresentazione\/#article","isPartOf":{"@id":"https:\/\/www.pigrecoemme.com\/blog\/napoli-tra-rappresentazione-e-autorappresentazione\/"},"author":{"name":"Rosario Gallone","@id":"https:\/\/www.pigrecoemme.com\/blog\/#\/schema\/person\/3fdd423e7c221a503812a1e86daec850"},"headline":"Napoli tra rappresentazione e autorappresentazione","datePublished":"2015-07-13T10:00:45+00:00","dateModified":"2015-07-13T16:36:49+00:00","mainEntityOfPage":{"@id":"https:\/\/www.pigrecoemme.com\/blog\/napoli-tra-rappresentazione-e-autorappresentazione\/"},"wordCount":1566,"commentCount":0,"publisher":{"@id":"https:\/\/www.pigrecoemme.com\/blog\/#organization"},"image":{"@id":"https:\/\/www.pigrecoemme.com\/blog\/napoli-tra-rappresentazione-e-autorappresentazione\/#primaryimage"},"thumbnailUrl":"http:\/\/www.pigrecoemme.com\/blog\/wp-content\/uploads\/2015\/07\/napoli-crupi.jpg","keywords":["cazzimma","cinema","daniele","gomorra","libri","mondadori","napoli","no grazie il caff\u00e8 mi rende nervoso","stefano crupi","trosi"],"articleSection":["Analisi e Critica"],"inLanguage":"it-IT","potentialAction":[{"@type":"CommentAction","name":"Comment","target":["https:\/\/www.pigrecoemme.com\/blog\/napoli-tra-rappresentazione-e-autorappresentazione\/#respond"]}]},{"@type":"WebPage","@id":"https:\/\/www.pigrecoemme.com\/blog\/napoli-tra-rappresentazione-e-autorappresentazione\/","url":"https:\/\/www.pigrecoemme.com\/blog\/napoli-tra-rappresentazione-e-autorappresentazione\/","name":"Napoli tra rappresentazione e autorappresentazione","isPartOf":{"@id":"https:\/\/www.pigrecoemme.com\/blog\/#website"},"primaryImageOfPage":{"@id":"https:\/\/www.pigrecoemme.com\/blog\/napoli-tra-rappresentazione-e-autorappresentazione\/#primaryimage"},"image":{"@id":"https:\/\/www.pigrecoemme.com\/blog\/napoli-tra-rappresentazione-e-autorappresentazione\/#primaryimage"},"thumbnailUrl":"http:\/\/www.pigrecoemme.com\/blog\/wp-content\/uploads\/2015\/07\/napoli-crupi.jpg","datePublished":"2015-07-13T10:00:45+00:00","dateModified":"2015-07-13T16:36:49+00:00","description":"A colloquio con lo scrittore Stefano Crupi","breadcrumb":{"@id":"https:\/\/www.pigrecoemme.com\/blog\/napoli-tra-rappresentazione-e-autorappresentazione\/#breadcrumb"},"inLanguage":"it-IT","potentialAction":[{"@type":"ReadAction","target":["https:\/\/www.pigrecoemme.com\/blog\/napoli-tra-rappresentazione-e-autorappresentazione\/"]}]},{"@type":"ImageObject","inLanguage":"it-IT","@id":"https:\/\/www.pigrecoemme.com\/blog\/napoli-tra-rappresentazione-e-autorappresentazione\/#primaryimage","url":"http:\/\/www.pigrecoemme.com\/blog\/wp-content\/uploads\/2015\/07\/napoli-crupi.jpg","contentUrl":"http:\/\/www.pigrecoemme.com\/blog\/wp-content\/uploads\/2015\/07\/napoli-crupi.jpg"},{"@type":"BreadcrumbList","@id":"https:\/\/www.pigrecoemme.com\/blog\/napoli-tra-rappresentazione-e-autorappresentazione\/#breadcrumb","itemListElement":[{"@type":"ListItem","position":1,"name":"Home","item":"https:\/\/www.pigrecoemme.com\/blog\/"},{"@type":"ListItem","position":2,"name":"Napoli tra rappresentazione e autorappresentazione"}]},{"@type":"WebSite","@id":"https:\/\/www.pigrecoemme.com\/blog\/#website","url":"https:\/\/www.pigrecoemme.com\/blog\/","name":"Scuola di Cinema Pigrecoemme - Blog","description":"Siamo la prima Scuola di Cinema e Fotografia di Napoli","publisher":{"@id":"https:\/\/www.pigrecoemme.com\/blog\/#organization"},"potentialAction":[{"@type":"SearchAction","target":{"@type":"EntryPoint","urlTemplate":"https:\/\/www.pigrecoemme.com\/blog\/?s={search_term_string}"},"query-input":{"@type":"PropertyValueSpecification","valueRequired":true,"valueName":"search_term_string"}}],"inLanguage":"it-IT"},{"@type":"Organization","@id":"https:\/\/www.pigrecoemme.com\/blog\/#organization","name":"Scuola di cinema e fotografia Pigrecoemme","url":"https:\/\/www.pigrecoemme.com\/blog\/","logo":{"@type":"ImageObject","inLanguage":"it-IT","@id":"https:\/\/www.pigrecoemme.com\/blog\/#\/schema\/logo\/image\/","url":"https:\/\/i0.wp.com\/www.pigrecoemme.com\/blog\/wp-content\/uploads\/2018\/06\/logo-pigrecoemme-2018.png?fit=500%2C500&ssl=1","contentUrl":"https:\/\/i0.wp.com\/www.pigrecoemme.com\/blog\/wp-content\/uploads\/2018\/06\/logo-pigrecoemme-2018.png?fit=500%2C500&ssl=1","width":500,"height":500,"caption":"Scuola di cinema e fotografia Pigrecoemme"},"image":{"@id":"https:\/\/www.pigrecoemme.com\/blog\/#\/schema\/logo\/image\/"},"sameAs":["https:\/\/www.facebook.com\/pigrecoemme","https:\/\/x.com\/Pigrecoemme","https:\/\/www.instagram.com\/pigrecoemme\/","https:\/\/www.linkedin.com\/company\/pigrecoemme\/","https:\/\/www.youtube.com\/pigrecoemme"]},{"@type":"Person","@id":"https:\/\/www.pigrecoemme.com\/blog\/#\/schema\/person\/3fdd423e7c221a503812a1e86daec850","name":"Rosario Gallone","image":{"@type":"ImageObject","inLanguage":"it-IT","@id":"https:\/\/secure.gravatar.com\/avatar\/7172808a86a713dea422a3159a5fe73d8a0718671410a281103d82dea575d3e9?s=96&r=g","url":"https:\/\/secure.gravatar.com\/avatar\/7172808a86a713dea422a3159a5fe73d8a0718671410a281103d82dea575d3e9?s=96&r=g","contentUrl":"https:\/\/secure.gravatar.com\/avatar\/7172808a86a713dea422a3159a5fe73d8a0718671410a281103d82dea575d3e9?s=96&r=g","caption":"Rosario Gallone"},"description":"Rosario \u00e8 tra i fondatori della Pigrecoemme, dove si occupa soprattutto del corso di regia e dell'organizzazione dei corsi. E' autore della sceneggiatura di Isa 9000 (mediometraggio con Isa Danieli diretto da Angelo Serio), del montaggio di documentari e della regia di alcuni cortometraggi.","sameAs":["http:\/\/www.pigrecoemme.com\/","https:\/\/www.facebook.com\/rosario.gallone","https:\/\/x.com\/RosarioGallone"],"url":"https:\/\/www.pigrecoemme.com\/blog\/author\/rosario-gallone\/"}]}},"jetpack_sharing_enabled":true,"jetpack_likes_enabled":true,"jetpack-related-posts":[{"id":1519,"url":"https:\/\/www.pigrecoemme.com\/blog\/suburra-non-e-gomorra\/","url_meta":{"origin":1404,"position":0},"title":"Suburra non \u00e8 Gomorra","author":"Rosario Gallone","date":"16 Ottobre 2015","format":false,"excerpt":"La premessa \u00e8 che il cinema italiano ha bisogno oggi di Stefano Sollima\u00a0perch\u00e9 siamo orfani di chi sia in grado di maneggiare un genere, come il noir\/polizi(ott)esco, con tanta perizia ed attenzione allo spettacolo. Detto questo, tuttavia, all'uscita dalla sala, non siamo riusciti a liberarci dalla sensazione di esserci trovati\u2026","rel":"","context":"In &quot;Analisi e Critica&quot;","block_context":{"text":"Analisi e Critica","link":"https:\/\/www.pigrecoemme.com\/blog\/analisi-e-critica-2\/"},"img":{"alt_text":"","src":"https:\/\/i0.wp.com\/www.pigrecoemme.com\/blog\/wp-content\/uploads\/2015\/10\/suburra-non-e-gomorra.jpg?resize=350%2C200&ssl=1","width":350,"height":200},"classes":[]},{"id":612,"url":"https:\/\/www.pigrecoemme.com\/blog\/il-3-ed-il-4-aprile-torna-il-workshop-di-regia-con-stefano-incerti-made-in-pigrec\/","url_meta":{"origin":1404,"position":1},"title":"Il 3 ed il 4 aprile torna il workshop di regia con Stefano Incerti","author":"Rosario Gallone","date":"14 Marzo 2013","format":false,"excerpt":"Il 3 e 4 aprile prossimi torner\u00e0 uno degli appuntamenti annuali pi\u00f9 attesi di Pigrecoemme: il workshop di regia (12 ore) condotto da Stefano Incerti. Incerti ha esordito nel 1995 con\u00a0Il verificatore e da subito si \u00e8 distinto dal gruppo del cosiddetto Nuovo Cinema Napoletano, per uno sguardo pi\u00f9 attento\u2026","rel":"","context":"In &quot;Eventi&quot;","block_context":{"text":"Eventi","link":"https:\/\/www.pigrecoemme.com\/blog\/eventi\/"},"img":{"alt_text":"","src":"https:\/\/i0.wp.com\/www.pigrecoemme.com\/blog\/wp-content\/uploads\/2013\/03\/stefano_incerti-234x300.jpg?resize=350%2C200","width":350,"height":200},"classes":[]},{"id":1879,"url":"https:\/\/www.pigrecoemme.com\/blog\/la-parrucchiera-la-drammedia-di-stefano-incerti\/","url_meta":{"origin":1404,"position":2},"title":"La parrucchiera &#8211; Una drammedia di Stefano Incerti","author":"Pigrecoemme","date":"13 Aprile 2017","format":false,"excerpt":"Questo post non \u00e8 una vera e propria recensione. Perch\u00e9\u00a0La parrucchiera, l'ultima regia di\u00a0Stefano Incerti, \u00e8 un'opera alla quale siamo legati per diversi motivi: per il numero di amici (Gennaro Fasolino,\u00a0Cesare Accetta)\u00a0e docenti della Pigrecoemme coinvolti (da\u00a0Renato Lori alla scenografia ad\u00a0Annalisa Ciaramella ai costumi senza dimenticare il regista stesso e\u2026","rel":"","context":"In &quot;Analisi e Critica&quot;","block_context":{"text":"Analisi e Critica","link":"https:\/\/www.pigrecoemme.com\/blog\/analisi-e-critica-2\/"},"img":{"alt_text":"la parrucchiera - di stefano incerti","src":"https:\/\/i0.wp.com\/www.pigrecoemme.com\/blog\/wp-content\/uploads\/2017\/04\/la-parrucchiera-stefano-incerti.jpg?resize=350%2C200","width":350,"height":200},"classes":[]},{"id":100,"url":"https:\/\/www.pigrecoemme.com\/blog\/stasera-parte-romanzo-criminale-su-sky-cinema\/","url_meta":{"origin":1404,"position":3},"title":"Stasera parte &#8220;Romanzo Criminale&#8221; su Sky Cinema","author":"Giacomo Fabbrocino","date":"10 Novembre 2008","format":false,"excerpt":"Forse \u00e8 un po' tardi per segnarvelo: ma stasera Sky Cinema trasmetter\u00e0 in chiaro i primi due episodi della serie Romanzo Criminale, tratta dall'opera letteraria di Giancarlo De Cataldo, da cui gi\u00e0 il riuscitissimo adattamento cinematografico di Michele Placido. Ho assistito la scorsa estate alla proiezione in anteprima di alcuni\u2026","rel":"","context":"In &quot;Generale&quot;","block_context":{"text":"Generale","link":"https:\/\/www.pigrecoemme.com\/blog\/generale\/"},"img":{"alt_text":"","src":"https:\/\/i0.wp.com\/www.pigrecoemme.com\/blog\/wp-content\/uploads\/2008\/11\/romanzo-criminale.jpg?resize=350%2C200","width":350,"height":200},"classes":[]},{"id":1740,"url":"https:\/\/www.pigrecoemme.com\/blog\/incontro-gratuito-gianni-fiorito-fotografo-scena\/","url_meta":{"origin":1404,"position":4},"title":"Incontro gratuito con Gianni Fiorito, fotografo di scena","author":"Pigrecoemme","date":"12 Settembre 2016","format":false,"excerpt":"Mercoled\u00ec 28 settembre 2016, dalle\u00a0ore 16:00 alle ore\u00a018:00, nell\u2019ambito della rassegna Incontri fotografici,\u00a0Gianni Fiorito sar\u00e0 ospite alla Scuola di cinema e fotografia\u00a0Pigrecoemme\u00a0di Napoli per dar vita a un incontro in cui racconter\u00e0 la sua avvincente esperienza di fotografo in grado di ricoprire ruoli di primissimo piano \u00a0nel reportage, nella fotografia\u2026","rel":"","context":"In &quot;Eventi&quot;","block_context":{"text":"Eventi","link":"https:\/\/www.pigrecoemme.com\/blog\/eventi\/"},"img":{"alt_text":"Un bacio - di Ivan Cotroneo","src":"https:\/\/i0.wp.com\/www.pigrecoemme.com\/blog\/wp-content\/uploads\/2016\/09\/un-bacio-1.jpg?resize=350%2C200","width":350,"height":200,"srcset":"https:\/\/i0.wp.com\/www.pigrecoemme.com\/blog\/wp-content\/uploads\/2016\/09\/un-bacio-1.jpg?resize=350%2C200 1x, https:\/\/i0.wp.com\/www.pigrecoemme.com\/blog\/wp-content\/uploads\/2016\/09\/un-bacio-1.jpg?resize=525%2C300 1.5x, https:\/\/i0.wp.com\/www.pigrecoemme.com\/blog\/wp-content\/uploads\/2016\/09\/un-bacio-1.jpg?resize=700%2C400 2x, https:\/\/i0.wp.com\/www.pigrecoemme.com\/blog\/wp-content\/uploads\/2016\/09\/un-bacio-1.jpg?resize=1050%2C600 3x, https:\/\/i0.wp.com\/www.pigrecoemme.com\/blog\/wp-content\/uploads\/2016\/09\/un-bacio-1.jpg?resize=1400%2C800 4x"},"classes":[]},{"id":3705,"url":"https:\/\/www.pigrecoemme.com\/blog\/michele-rosiello-alla-presentazione-del-corso-di-recitazione-il-9-ottobre\/","url_meta":{"origin":1404,"position":5},"title":"Michele Rosiello alla presentazione del corso di recitazione il 9 ottobre.","author":"Pigrecoemme","date":"2 Ottobre 2024","format":false,"excerpt":"Mercoled\u00ec 9 ottobre 2024, alle 17:00 presso la sede della Scuola di Cinema Pigrecoemme in Piazza Portanova 11 a Napoli sar\u00e0 presentato il nuovo corso di recitazione 2024\/2025. In compagnia di Angelo Serio, coordinatore del percorso formativo, ci sar\u00e0 l\u2019attore (ed ex allievo della Pigrecoemme) Michele Rosiello, uno degli gli\u2026","rel":"","context":"In &quot;Generale&quot;","block_context":{"text":"Generale","link":"https:\/\/www.pigrecoemme.com\/blog\/generale\/"},"img":{"alt_text":"","src":"https:\/\/i0.wp.com\/www.pigrecoemme.com\/blog\/wp-content\/uploads\/2024\/10\/michele-rosiello-presentazione.jpg?resize=350%2C200&ssl=1","width":350,"height":200,"srcset":"https:\/\/i0.wp.com\/www.pigrecoemme.com\/blog\/wp-content\/uploads\/2024\/10\/michele-rosiello-presentazione.jpg?resize=350%2C200&ssl=1 1x, https:\/\/i0.wp.com\/www.pigrecoemme.com\/blog\/wp-content\/uploads\/2024\/10\/michele-rosiello-presentazione.jpg?resize=525%2C300&ssl=1 1.5x, https:\/\/i0.wp.com\/www.pigrecoemme.com\/blog\/wp-content\/uploads\/2024\/10\/michele-rosiello-presentazione.jpg?resize=700%2C400&ssl=1 2x, https:\/\/i0.wp.com\/www.pigrecoemme.com\/blog\/wp-content\/uploads\/2024\/10\/michele-rosiello-presentazione.jpg?resize=1050%2C600&ssl=1 3x"},"classes":[]}],"jetpack_featured_media_url":"","_links":{"self":[{"href":"https:\/\/www.pigrecoemme.com\/blog\/wp-json\/wp\/v2\/posts\/1404","targetHints":{"allow":["GET"]}}],"collection":[{"href":"https:\/\/www.pigrecoemme.com\/blog\/wp-json\/wp\/v2\/posts"}],"about":[{"href":"https:\/\/www.pigrecoemme.com\/blog\/wp-json\/wp\/v2\/types\/post"}],"author":[{"embeddable":true,"href":"https:\/\/www.pigrecoemme.com\/blog\/wp-json\/wp\/v2\/users\/3"}],"replies":[{"embeddable":true,"href":"https:\/\/www.pigrecoemme.com\/blog\/wp-json\/wp\/v2\/comments?post=1404"}],"version-history":[{"count":0,"href":"https:\/\/www.pigrecoemme.com\/blog\/wp-json\/wp\/v2\/posts\/1404\/revisions"}],"wp:attachment":[{"href":"https:\/\/www.pigrecoemme.com\/blog\/wp-json\/wp\/v2\/media?parent=1404"}],"wp:term":[{"taxonomy":"category","embeddable":true,"href":"https:\/\/www.pigrecoemme.com\/blog\/wp-json\/wp\/v2\/categories?post=1404"},{"taxonomy":"post_tag","embeddable":true,"href":"https:\/\/www.pigrecoemme.com\/blog\/wp-json\/wp\/v2\/tags?post=1404"}],"curies":[{"name":"wp","href":"https:\/\/api.w.org\/{rel}","templated":true}]}}