{"id":1398,"date":"2015-07-14T10:17:24","date_gmt":"2015-07-14T08:17:24","guid":{"rendered":"http:\/\/www.pigrecoemme.com\/blog\/?p=1398"},"modified":"2015-07-14T11:11:54","modified_gmt":"2015-07-14T09:11:54","slug":"oggetto-che-amo","status":"publish","type":"post","link":"https:\/\/www.pigrecoemme.com\/blog\/oggetto-che-amo\/","title":{"rendered":"L&#8217;oggetto che amo. Una mostra fotografica"},"content":{"rendered":"<p><a href=\"https:\/\/i0.wp.com\/www.pigrecoemme.com\/blog\/wp-content\/uploads\/2015\/07\/oggetto-che-amo.jpg?ssl=1\"><img data-recalc-dims=\"1\" loading=\"lazy\" decoding=\"async\" class=\"aligncenter size-full wp-image-1399\" src=\"https:\/\/i0.wp.com\/www.pigrecoemme.com\/blog\/wp-content\/uploads\/2015\/07\/oggetto-che-amo.jpg?resize=484%2C252&#038;ssl=1\" alt=\"oggetto-che-amo\" width=\"484\" height=\"252\" srcset=\"https:\/\/i0.wp.com\/www.pigrecoemme.com\/blog\/wp-content\/uploads\/2015\/07\/oggetto-che-amo.jpg?w=484&amp;ssl=1 484w, https:\/\/i0.wp.com\/www.pigrecoemme.com\/blog\/wp-content\/uploads\/2015\/07\/oggetto-che-amo.jpg?resize=300%2C156&amp;ssl=1 300w\" sizes=\"auto, (max-width: 484px) 100vw, 484px\" \/><\/a>Oggetti. Siamo letteralmente circondati da oggetti: oggetti utili, oggetti inutili, cui a volte siamo indifferenti, e che altre volte amiamo fino a non riuscire a farne pi\u00f9 a meno. Oggetti, che usiamo con disinvoltura e distacco, o che, letteralmente, ci condizionano la vita&#8230;<br \/>\nProvare a raccontare, questi oggetti, con la fotografia \u00e8 la sfida di una mostra collettiva aperta agli <strong>allievi di Fotografia<\/strong> della <strong>Pigrecoemme<\/strong>, dal titolo <strong>L\u2019oggetto che amo<\/strong>.<\/p>\n<p>La mostra parte da una delle esercitazioni del modulo B del <a href=\"http:\/\/www.pigrecoemme.com\/corso-fotografia\/corso-di-fotografia-2.htm\">corso di Fotografia<\/a> curato da <strong>Luca Sorbo<\/strong>, quella che chiede agli studenti di confrontarsi con l\u2019<em>oggetto che amano<\/em>. Il presupposto, per un esercizio del genere, \u00e8 la convinzione che, una volta acquisiti i rudimenti della tecnica e del linguaggio fotografico, provare a raccontare un oggetto importante della propria vita sia una prova di grande efficacia, perch\u00e9 la vera sfida di un aspirante autore \u00e8 giusto quella di raccontare le proprie emozioni. E nel caso della fotografia, poi, le <em>impronte di luce<\/em> consentono di confrontarsi con l\u2019oggetto del proprio interesse senza troppe mediazioni, cosa che fa s\u00ec che questa mostra\u00a0si prefiguri come un&#8217;intrigante\u00a0verifica, tecnica ed espressiva, per sondare lo\u00a0stato dell\u2019arte della nostra passione: la fotografia, appunto.<\/p>\n<p>La mostra \u00e8 aperta agli <strong>allievi<\/strong> e agli <strong>ex allievi<\/strong> dei corsi di Fotografia della Pigrecomme. Coloro che vorranno partecipare potranno farlo con un massimo di <strong>tre foto<\/strong> dello stesso oggetto, fotografato con un\u2019uniformit\u00e0 di stile, nel formato massimo <strong>cm 40&#215;50<\/strong>, stampate su carta fotografica e incollate su forex di 5 mm, con attaccaglie gi\u00e0 pronte per appenderle alla parete.<\/p>\n<p>Le foto dovranno pervenire alla sede di Napoli, alla <strong>Piazza Portanova 11<\/strong> della Scuola di cinema Pigrecoemme e, in bassa risoluzione, all\u2019indirizzo email: <a href=\"mailto:c.morra@pigrecoemme.com\">c.morra@pigrecoemme.com<\/a> entro e non oltre mercoled\u00ec <strong>16 settembre 2015<\/strong>, ma i partecipanti dovranno inviare la scheda di adesione almeno una settimana prima della scadenza, ossia entro e non oltre luned\u00ec <strong>7 settembre 2015<\/strong>.<\/p>\n<p><strong><a href=\"http:\/\/www.pigrecoemme.com\/ccount\/click.php?id=16\"><img data-recalc-dims=\"1\" loading=\"lazy\" decoding=\"async\" src=\"https:\/\/i0.wp.com\/www.pigrecoemme.com\/iovorrei\/doc.png?resize=32%2C32\" alt=\"Scarica la scheda di adesione\" width=\"32\" height=\"32\" align=\"left\" \/><\/a><a href=\"http:\/\/www.pigrecoemme.com\/ccount\/click.php?id=16\"><strong>Scarica la scheda di adesione<\/strong><\/a><\/strong><\/p>\n","protected":false},"excerpt":{"rendered":"<p>Oggetti. Siamo letteralmente circondati da oggetti: oggetti utili, oggetti inutili, cui a volte siamo indifferenti, e che altre volte amiamo fino a non riuscire a farne pi\u00f9 a meno. Oggetti, che usiamo con disinvoltura&hellip;<\/p>\n","protected":false},"author":2,"featured_media":0,"comment_status":"open","ping_status":"open","sticky":false,"template":"","format":"standard","meta":{"_jetpack_newsletter_access":"","_jetpack_dont_email_post_to_subs":false,"_jetpack_newsletter_tier_id":0,"_jetpack_memberships_contains_paywalled_content":false,"_jetpack_feature_clip_id":0,"_jetpack_memberships_contains_paid_content":false,"footnotes":"","jetpack_post_was_ever_published":false},"categories":[11,21,1,12,3],"tags":[880,315],"class_list":["post-1398","post","type-post","status-publish","format-standard","hentry","category-eventi","category-fotografia","category-generale","category-produzioni","category-scuola-di-cinema","tag-corsi-di-fotografia-napoli","tag-mostre-di-fotografia"],"yoast_head":"<!-- This site is optimized with the Yoast SEO plugin v28.3 - https:\/\/yoast.com\/product\/yoast-seo-wordpress\/ -->\n<title>L&#039;oggetto che amo. Una mostra fotografica<\/title>\n<meta name=\"description\" content=\"&quot;L&#039;oggetto che amo&quot; \u00e8 il titolo della nuova mostra di fotografia dedicata agli allievi della scuola Pigrecoemme. Inaugurazione il prossimo 1\u00b0 ottobre.\" \/>\n<meta name=\"robots\" content=\"index, follow, max-snippet:-1, max-image-preview:large, max-video-preview:-1\" \/>\n<link rel=\"canonical\" href=\"https:\/\/www.pigrecoemme.com\/blog\/oggetto-che-amo\/\" \/>\n<meta property=\"og:locale\" content=\"it_IT\" \/>\n<meta property=\"og:type\" content=\"article\" \/>\n<meta property=\"og:title\" content=\"L&#039;oggetto che amo. Una mostra fotografica\" \/>\n<meta property=\"og:description\" content=\"&quot;L&#039;oggetto che amo&quot; \u00e8 il titolo della nuova mostra di fotografia dedicata agli allievi della scuola Pigrecoemme. Inaugurazione il prossimo 1\u00b0 ottobre.\" \/>\n<meta property=\"og:url\" content=\"https:\/\/www.pigrecoemme.com\/blog\/oggetto-che-amo\/\" \/>\n<meta property=\"og:site_name\" content=\"Scuola di Cinema Pigrecoemme - Blog\" \/>\n<meta property=\"article:publisher\" content=\"https:\/\/www.facebook.com\/pigrecoemme\" \/>\n<meta property=\"article:author\" content=\"https:\/\/www.facebook.com\/corrado.morra1\" \/>\n<meta property=\"article:published_time\" content=\"2015-07-14T08:17:24+00:00\" \/>\n<meta property=\"article:modified_time\" content=\"2015-07-14T09:11:54+00:00\" \/>\n<meta property=\"og:image\" content=\"http:\/\/www.pigrecoemme.com\/blog\/wp-content\/uploads\/2015\/07\/oggetto-che-amo.jpg\" \/>\n<meta name=\"author\" content=\"Corrado Morra\" \/>\n<meta name=\"twitter:card\" content=\"summary_large_image\" \/>\n<meta name=\"twitter:creator\" content=\"@Pigrecoemme\" \/>\n<meta name=\"twitter:site\" content=\"@Pigrecoemme\" \/>\n<meta name=\"twitter:label1\" content=\"Scritto da\" \/>\n\t<meta name=\"twitter:data1\" content=\"Corrado Morra\" \/>\n\t<meta name=\"twitter:label2\" content=\"Tempo di lettura stimato\" \/>\n\t<meta name=\"twitter:data2\" content=\"2 minuti\" \/>\n<script type=\"application\/ld+json\" class=\"yoast-schema-graph\">{\"@context\":\"https:\\\/\\\/schema.org\",\"@graph\":[{\"@type\":[\"Article\",\"BlogPosting\"],\"@id\":\"https:\\\/\\\/www.pigrecoemme.com\\\/blog\\\/oggetto-che-amo\\\/#article\",\"isPartOf\":{\"@id\":\"https:\\\/\\\/www.pigrecoemme.com\\\/blog\\\/oggetto-che-amo\\\/\"},\"author\":{\"name\":\"Corrado Morra\",\"@id\":\"https:\\\/\\\/www.pigrecoemme.com\\\/blog\\\/#\\\/schema\\\/person\\\/702764b5ecda4c2f34e82348789f649e\"},\"headline\":\"L&#8217;oggetto che amo. Una mostra fotografica\",\"datePublished\":\"2015-07-14T08:17:24+00:00\",\"dateModified\":\"2015-07-14T09:11:54+00:00\",\"mainEntityOfPage\":{\"@id\":\"https:\\\/\\\/www.pigrecoemme.com\\\/blog\\\/oggetto-che-amo\\\/\"},\"wordCount\":327,\"commentCount\":0,\"publisher\":{\"@id\":\"https:\\\/\\\/www.pigrecoemme.com\\\/blog\\\/#organization\"},\"image\":{\"@id\":\"https:\\\/\\\/www.pigrecoemme.com\\\/blog\\\/oggetto-che-amo\\\/#primaryimage\"},\"thumbnailUrl\":\"http:\\\/\\\/www.pigrecoemme.com\\\/blog\\\/wp-content\\\/uploads\\\/2015\\\/07\\\/oggetto-che-amo.jpg\",\"keywords\":[\"corsi di fotografia napoli\",\"mostre di fotografia\"],\"articleSection\":[\"Eventi\",\"Fotografia\",\"Generale\",\"Produzioni\",\"Scuola di cinema\"],\"inLanguage\":\"it-IT\",\"potentialAction\":[{\"@type\":\"CommentAction\",\"name\":\"Comment\",\"target\":[\"https:\\\/\\\/www.pigrecoemme.com\\\/blog\\\/oggetto-che-amo\\\/#respond\"]}]},{\"@type\":\"WebPage\",\"@id\":\"https:\\\/\\\/www.pigrecoemme.com\\\/blog\\\/oggetto-che-amo\\\/\",\"url\":\"https:\\\/\\\/www.pigrecoemme.com\\\/blog\\\/oggetto-che-amo\\\/\",\"name\":\"L'oggetto che amo. Una mostra fotografica\",\"isPartOf\":{\"@id\":\"https:\\\/\\\/www.pigrecoemme.com\\\/blog\\\/#website\"},\"primaryImageOfPage\":{\"@id\":\"https:\\\/\\\/www.pigrecoemme.com\\\/blog\\\/oggetto-che-amo\\\/#primaryimage\"},\"image\":{\"@id\":\"https:\\\/\\\/www.pigrecoemme.com\\\/blog\\\/oggetto-che-amo\\\/#primaryimage\"},\"thumbnailUrl\":\"http:\\\/\\\/www.pigrecoemme.com\\\/blog\\\/wp-content\\\/uploads\\\/2015\\\/07\\\/oggetto-che-amo.jpg\",\"datePublished\":\"2015-07-14T08:17:24+00:00\",\"dateModified\":\"2015-07-14T09:11:54+00:00\",\"description\":\"\\\"L'oggetto che amo\\\" \u00e8 il titolo della nuova mostra di fotografia dedicata agli allievi della scuola Pigrecoemme. Inaugurazione il prossimo 1\u00b0 ottobre.\",\"breadcrumb\":{\"@id\":\"https:\\\/\\\/www.pigrecoemme.com\\\/blog\\\/oggetto-che-amo\\\/#breadcrumb\"},\"inLanguage\":\"it-IT\",\"potentialAction\":[{\"@type\":\"ReadAction\",\"target\":[\"https:\\\/\\\/www.pigrecoemme.com\\\/blog\\\/oggetto-che-amo\\\/\"]}]},{\"@type\":\"ImageObject\",\"inLanguage\":\"it-IT\",\"@id\":\"https:\\\/\\\/www.pigrecoemme.com\\\/blog\\\/oggetto-che-amo\\\/#primaryimage\",\"url\":\"http:\\\/\\\/www.pigrecoemme.com\\\/blog\\\/wp-content\\\/uploads\\\/2015\\\/07\\\/oggetto-che-amo.jpg\",\"contentUrl\":\"http:\\\/\\\/www.pigrecoemme.com\\\/blog\\\/wp-content\\\/uploads\\\/2015\\\/07\\\/oggetto-che-amo.jpg\"},{\"@type\":\"BreadcrumbList\",\"@id\":\"https:\\\/\\\/www.pigrecoemme.com\\\/blog\\\/oggetto-che-amo\\\/#breadcrumb\",\"itemListElement\":[{\"@type\":\"ListItem\",\"position\":1,\"name\":\"Home\",\"item\":\"https:\\\/\\\/www.pigrecoemme.com\\\/blog\\\/\"},{\"@type\":\"ListItem\",\"position\":2,\"name\":\"L&#8217;oggetto che amo. Una mostra fotografica\"}]},{\"@type\":\"WebSite\",\"@id\":\"https:\\\/\\\/www.pigrecoemme.com\\\/blog\\\/#website\",\"url\":\"https:\\\/\\\/www.pigrecoemme.com\\\/blog\\\/\",\"name\":\"Scuola di Cinema Pigrecoemme - Blog\",\"description\":\"Siamo la prima Scuola di Cinema e Fotografia di Napoli\",\"publisher\":{\"@id\":\"https:\\\/\\\/www.pigrecoemme.com\\\/blog\\\/#organization\"},\"potentialAction\":[{\"@type\":\"SearchAction\",\"target\":{\"@type\":\"EntryPoint\",\"urlTemplate\":\"https:\\\/\\\/www.pigrecoemme.com\\\/blog\\\/?s={search_term_string}\"},\"query-input\":{\"@type\":\"PropertyValueSpecification\",\"valueRequired\":true,\"valueName\":\"search_term_string\"}}],\"inLanguage\":\"it-IT\"},{\"@type\":\"Organization\",\"@id\":\"https:\\\/\\\/www.pigrecoemme.com\\\/blog\\\/#organization\",\"name\":\"Scuola di cinema e fotografia Pigrecoemme\",\"url\":\"https:\\\/\\\/www.pigrecoemme.com\\\/blog\\\/\",\"logo\":{\"@type\":\"ImageObject\",\"inLanguage\":\"it-IT\",\"@id\":\"https:\\\/\\\/www.pigrecoemme.com\\\/blog\\\/#\\\/schema\\\/logo\\\/image\\\/\",\"url\":\"https:\\\/\\\/i0.wp.com\\\/www.pigrecoemme.com\\\/blog\\\/wp-content\\\/uploads\\\/2018\\\/06\\\/logo-pigrecoemme-2018.png?fit=500%2C500&ssl=1\",\"contentUrl\":\"https:\\\/\\\/i0.wp.com\\\/www.pigrecoemme.com\\\/blog\\\/wp-content\\\/uploads\\\/2018\\\/06\\\/logo-pigrecoemme-2018.png?fit=500%2C500&ssl=1\",\"width\":500,\"height\":500,\"caption\":\"Scuola di cinema e fotografia Pigrecoemme\"},\"image\":{\"@id\":\"https:\\\/\\\/www.pigrecoemme.com\\\/blog\\\/#\\\/schema\\\/logo\\\/image\\\/\"},\"sameAs\":[\"https:\\\/\\\/www.facebook.com\\\/pigrecoemme\",\"https:\\\/\\\/x.com\\\/Pigrecoemme\",\"https:\\\/\\\/www.instagram.com\\\/pigrecoemme\\\/\",\"https:\\\/\\\/www.linkedin.com\\\/company\\\/pigrecoemme\\\/\",\"https:\\\/\\\/www.youtube.com\\\/pigrecoemme\"]},{\"@type\":\"Person\",\"@id\":\"https:\\\/\\\/www.pigrecoemme.com\\\/blog\\\/#\\\/schema\\\/person\\\/702764b5ecda4c2f34e82348789f649e\",\"name\":\"Corrado Morra\",\"image\":{\"@type\":\"ImageObject\",\"inLanguage\":\"it-IT\",\"@id\":\"https:\\\/\\\/secure.gravatar.com\\\/avatar\\\/f6ce2f6728fbdf920737112fe70682512808577befa2c9c7845c04a8449b8f03?s=96&r=g\",\"url\":\"https:\\\/\\\/secure.gravatar.com\\\/avatar\\\/f6ce2f6728fbdf920737112fe70682512808577befa2c9c7845c04a8449b8f03?s=96&r=g\",\"contentUrl\":\"https:\\\/\\\/secure.gravatar.com\\\/avatar\\\/f6ce2f6728fbdf920737112fe70682512808577befa2c9c7845c04a8449b8f03?s=96&r=g\",\"caption\":\"Corrado Morra\"},\"description\":\"Esperto di arti visive e di cinema, insegna Sceneggiatura alla Scuola di cinema Pigrecoemme di Napoli, di cui \u00e8 tra i fondatori.\",\"sameAs\":[\"http:\\\/\\\/www.pigrecoemme.com\\\/\",\"https:\\\/\\\/www.facebook.com\\\/corrado.morra1\"],\"url\":\"https:\\\/\\\/www.pigrecoemme.com\\\/blog\\\/author\\\/corrado-morra\\\/\"}]}<\/script>\n<!-- \/ Yoast SEO plugin. -->","yoast_head_json":{"title":"L'oggetto che amo. Una mostra fotografica","description":"\"L'oggetto che amo\" \u00e8 il titolo della nuova mostra di fotografia dedicata agli allievi della scuola Pigrecoemme. Inaugurazione il prossimo 1\u00b0 ottobre.","robots":{"index":"index","follow":"follow","max-snippet":"max-snippet:-1","max-image-preview":"max-image-preview:large","max-video-preview":"max-video-preview:-1"},"canonical":"https:\/\/www.pigrecoemme.com\/blog\/oggetto-che-amo\/","og_locale":"it_IT","og_type":"article","og_title":"L'oggetto che amo. Una mostra fotografica","og_description":"\"L'oggetto che amo\" \u00e8 il titolo della nuova mostra di fotografia dedicata agli allievi della scuola Pigrecoemme. Inaugurazione il prossimo 1\u00b0 ottobre.","og_url":"https:\/\/www.pigrecoemme.com\/blog\/oggetto-che-amo\/","og_site_name":"Scuola di Cinema Pigrecoemme - Blog","article_publisher":"https:\/\/www.facebook.com\/pigrecoemme","article_author":"https:\/\/www.facebook.com\/corrado.morra1","article_published_time":"2015-07-14T08:17:24+00:00","article_modified_time":"2015-07-14T09:11:54+00:00","og_image":[{"url":"http:\/\/www.pigrecoemme.com\/blog\/wp-content\/uploads\/2015\/07\/oggetto-che-amo.jpg","type":"","width":"","height":""}],"author":"Corrado Morra","twitter_card":"summary_large_image","twitter_creator":"@Pigrecoemme","twitter_site":"@Pigrecoemme","twitter_misc":{"Scritto da":"Corrado Morra","Tempo di lettura stimato":"2 minuti"},"schema":{"@context":"https:\/\/schema.org","@graph":[{"@type":["Article","BlogPosting"],"@id":"https:\/\/www.pigrecoemme.com\/blog\/oggetto-che-amo\/#article","isPartOf":{"@id":"https:\/\/www.pigrecoemme.com\/blog\/oggetto-che-amo\/"},"author":{"name":"Corrado Morra","@id":"https:\/\/www.pigrecoemme.com\/blog\/#\/schema\/person\/702764b5ecda4c2f34e82348789f649e"},"headline":"L&#8217;oggetto che amo. Una mostra fotografica","datePublished":"2015-07-14T08:17:24+00:00","dateModified":"2015-07-14T09:11:54+00:00","mainEntityOfPage":{"@id":"https:\/\/www.pigrecoemme.com\/blog\/oggetto-che-amo\/"},"wordCount":327,"commentCount":0,"publisher":{"@id":"https:\/\/www.pigrecoemme.com\/blog\/#organization"},"image":{"@id":"https:\/\/www.pigrecoemme.com\/blog\/oggetto-che-amo\/#primaryimage"},"thumbnailUrl":"http:\/\/www.pigrecoemme.com\/blog\/wp-content\/uploads\/2015\/07\/oggetto-che-amo.jpg","keywords":["corsi di fotografia napoli","mostre di fotografia"],"articleSection":["Eventi","Fotografia","Generale","Produzioni","Scuola di cinema"],"inLanguage":"it-IT","potentialAction":[{"@type":"CommentAction","name":"Comment","target":["https:\/\/www.pigrecoemme.com\/blog\/oggetto-che-amo\/#respond"]}]},{"@type":"WebPage","@id":"https:\/\/www.pigrecoemme.com\/blog\/oggetto-che-amo\/","url":"https:\/\/www.pigrecoemme.com\/blog\/oggetto-che-amo\/","name":"L'oggetto che amo. Una mostra fotografica","isPartOf":{"@id":"https:\/\/www.pigrecoemme.com\/blog\/#website"},"primaryImageOfPage":{"@id":"https:\/\/www.pigrecoemme.com\/blog\/oggetto-che-amo\/#primaryimage"},"image":{"@id":"https:\/\/www.pigrecoemme.com\/blog\/oggetto-che-amo\/#primaryimage"},"thumbnailUrl":"http:\/\/www.pigrecoemme.com\/blog\/wp-content\/uploads\/2015\/07\/oggetto-che-amo.jpg","datePublished":"2015-07-14T08:17:24+00:00","dateModified":"2015-07-14T09:11:54+00:00","description":"\"L'oggetto che amo\" \u00e8 il titolo della nuova mostra di fotografia dedicata agli allievi della scuola Pigrecoemme. Inaugurazione il prossimo 1\u00b0 ottobre.","breadcrumb":{"@id":"https:\/\/www.pigrecoemme.com\/blog\/oggetto-che-amo\/#breadcrumb"},"inLanguage":"it-IT","potentialAction":[{"@type":"ReadAction","target":["https:\/\/www.pigrecoemme.com\/blog\/oggetto-che-amo\/"]}]},{"@type":"ImageObject","inLanguage":"it-IT","@id":"https:\/\/www.pigrecoemme.com\/blog\/oggetto-che-amo\/#primaryimage","url":"http:\/\/www.pigrecoemme.com\/blog\/wp-content\/uploads\/2015\/07\/oggetto-che-amo.jpg","contentUrl":"http:\/\/www.pigrecoemme.com\/blog\/wp-content\/uploads\/2015\/07\/oggetto-che-amo.jpg"},{"@type":"BreadcrumbList","@id":"https:\/\/www.pigrecoemme.com\/blog\/oggetto-che-amo\/#breadcrumb","itemListElement":[{"@type":"ListItem","position":1,"name":"Home","item":"https:\/\/www.pigrecoemme.com\/blog\/"},{"@type":"ListItem","position":2,"name":"L&#8217;oggetto che amo. Una mostra fotografica"}]},{"@type":"WebSite","@id":"https:\/\/www.pigrecoemme.com\/blog\/#website","url":"https:\/\/www.pigrecoemme.com\/blog\/","name":"Scuola di Cinema Pigrecoemme - Blog","description":"Siamo la prima Scuola di Cinema e Fotografia di Napoli","publisher":{"@id":"https:\/\/www.pigrecoemme.com\/blog\/#organization"},"potentialAction":[{"@type":"SearchAction","target":{"@type":"EntryPoint","urlTemplate":"https:\/\/www.pigrecoemme.com\/blog\/?s={search_term_string}"},"query-input":{"@type":"PropertyValueSpecification","valueRequired":true,"valueName":"search_term_string"}}],"inLanguage":"it-IT"},{"@type":"Organization","@id":"https:\/\/www.pigrecoemme.com\/blog\/#organization","name":"Scuola di cinema e fotografia Pigrecoemme","url":"https:\/\/www.pigrecoemme.com\/blog\/","logo":{"@type":"ImageObject","inLanguage":"it-IT","@id":"https:\/\/www.pigrecoemme.com\/blog\/#\/schema\/logo\/image\/","url":"https:\/\/i0.wp.com\/www.pigrecoemme.com\/blog\/wp-content\/uploads\/2018\/06\/logo-pigrecoemme-2018.png?fit=500%2C500&ssl=1","contentUrl":"https:\/\/i0.wp.com\/www.pigrecoemme.com\/blog\/wp-content\/uploads\/2018\/06\/logo-pigrecoemme-2018.png?fit=500%2C500&ssl=1","width":500,"height":500,"caption":"Scuola di cinema e fotografia Pigrecoemme"},"image":{"@id":"https:\/\/www.pigrecoemme.com\/blog\/#\/schema\/logo\/image\/"},"sameAs":["https:\/\/www.facebook.com\/pigrecoemme","https:\/\/x.com\/Pigrecoemme","https:\/\/www.instagram.com\/pigrecoemme\/","https:\/\/www.linkedin.com\/company\/pigrecoemme\/","https:\/\/www.youtube.com\/pigrecoemme"]},{"@type":"Person","@id":"https:\/\/www.pigrecoemme.com\/blog\/#\/schema\/person\/702764b5ecda4c2f34e82348789f649e","name":"Corrado Morra","image":{"@type":"ImageObject","inLanguage":"it-IT","@id":"https:\/\/secure.gravatar.com\/avatar\/f6ce2f6728fbdf920737112fe70682512808577befa2c9c7845c04a8449b8f03?s=96&r=g","url":"https:\/\/secure.gravatar.com\/avatar\/f6ce2f6728fbdf920737112fe70682512808577befa2c9c7845c04a8449b8f03?s=96&r=g","contentUrl":"https:\/\/secure.gravatar.com\/avatar\/f6ce2f6728fbdf920737112fe70682512808577befa2c9c7845c04a8449b8f03?s=96&r=g","caption":"Corrado Morra"},"description":"Esperto di arti visive e di cinema, insegna Sceneggiatura alla Scuola di cinema Pigrecoemme di Napoli, di cui \u00e8 tra i fondatori.","sameAs":["http:\/\/www.pigrecoemme.com\/","https:\/\/www.facebook.com\/corrado.morra1"],"url":"https:\/\/www.pigrecoemme.com\/blog\/author\/corrado-morra\/"}]}},"jetpack_sharing_enabled":true,"jetpack_likes_enabled":true,"jetpack-related-posts":[{"id":2397,"url":"https:\/\/www.pigrecoemme.com\/blog\/mostra-fotografica-santa-fede-rivelata\/","url_meta":{"origin":1398,"position":0},"title":"13 aprile: mostra fotografica Santa Fede Rivelata","author":"Pigrecoemme","date":"11 Aprile 2019","format":false,"excerpt":"Durante il corso di fotografia alla Pigrecoemme, abbiamo deciso di trasformare le canoniche uscite con la fotocamera in un vero e proprio piccolo progetto fotografico, tornando pi\u00f9 volte nello stesso luogo per esplorarlo attraverso la fotografia. Il luogo prescelto \u00e8 l'Oratorio di Santa Maria della Fede che originariamente fu pensato\u2026","rel":"","context":"In &quot;Eventi&quot;","block_context":{"text":"Eventi","link":"https:\/\/www.pigrecoemme.com\/blog\/eventi\/"},"img":{"alt_text":"mostra fotografica a napoli","src":"https:\/\/i0.wp.com\/www.pigrecoemme.com\/blog\/wp-content\/uploads\/2019\/04\/mostra-fotografica-napoli.jpg?resize=350%2C200","width":350,"height":200,"srcset":"https:\/\/i0.wp.com\/www.pigrecoemme.com\/blog\/wp-content\/uploads\/2019\/04\/mostra-fotografica-napoli.jpg?resize=350%2C200 1x, https:\/\/i0.wp.com\/www.pigrecoemme.com\/blog\/wp-content\/uploads\/2019\/04\/mostra-fotografica-napoli.jpg?resize=525%2C300 1.5x, https:\/\/i0.wp.com\/www.pigrecoemme.com\/blog\/wp-content\/uploads\/2019\/04\/mostra-fotografica-napoli.jpg?resize=700%2C400 2x, https:\/\/i0.wp.com\/www.pigrecoemme.com\/blog\/wp-content\/uploads\/2019\/04\/mostra-fotografica-napoli.jpg?resize=1050%2C600 3x, https:\/\/i0.wp.com\/www.pigrecoemme.com\/blog\/wp-content\/uploads\/2019\/04\/mostra-fotografica-napoli.jpg?resize=1400%2C800 4x"},"classes":[]},{"id":691,"url":"https:\/\/www.pigrecoemme.com\/blog\/lezione-aperta-con-raffaela-mariniello\/","url_meta":{"origin":1398,"position":1},"title":"Lezione aperta con Raffaela Mariniello: la fotografia artistica","author":"Giacomo Fabbrocino","date":"23 Settembre 2013","format":false,"excerpt":"Alla Scuola di cinema e fotografia Pigrecoemme riprendono gli incontri con i maestri della fotografia. Il prossimo venerd\u00ec 27 settembre \u00e8 di scena\u00a0RAFFAELA MARINIELLO in una lezione aperta sulla fotografia artistica. L'appuntamento Riprende, in occasione della ripresa dei corsi di Fotografia di Pigrecoemme, con un incontro con Raffaela Mariniello, la\u2026","rel":"","context":"In &quot;Eventi&quot;","block_context":{"text":"Eventi","link":"https:\/\/www.pigrecoemme.com\/blog\/eventi\/"},"img":{"alt_text":"","src":"https:\/\/i0.wp.com\/www.pigrecoemme.com\/blog\/wp-content\/uploads\/2013\/09\/mariniello-01.jpg?resize=350%2C200","width":350,"height":200},"classes":[]},{"id":1641,"url":"https:\/\/www.pigrecoemme.com\/blog\/ilaria-abbiento-corrispondenze\/","url_meta":{"origin":1398,"position":2},"title":"Ilaria Abbiento presenta il progetto fotografico &#8220;Corrispondenze&#8221;","author":"Giacomo Fabbrocino","date":"26 Febbraio 2016","format":false,"excerpt":"Sabato 12 marzo 2016, alle ore 16:00, nell\u2019ambito della rassegna Incontri fotografici, che ha gi\u00e0 accolto artisti come Antonio Biasiucci, Gianni Fiorito, Luciano Ferrara, Gianni Pinnizzotto e Raffaela Mariniello, la Scuola di cinema e fotografia Pigrecoemme di Napoli ospita Ilaria Abbiento, che illustrer\u00e0 il suo progetto \u201cCorrispondenze\u201d con il quale\u2026","rel":"","context":"In &quot;Eventi&quot;","block_context":{"text":"Eventi","link":"https:\/\/www.pigrecoemme.com\/blog\/eventi\/"},"img":{"alt_text":"","src":"https:\/\/i0.wp.com\/www.pigrecoemme.com\/blog\/wp-content\/uploads\/2016\/02\/ilaria-abbiento-corrispondenze-2.jpg?resize=350%2C200","width":350,"height":200,"srcset":"https:\/\/i0.wp.com\/www.pigrecoemme.com\/blog\/wp-content\/uploads\/2016\/02\/ilaria-abbiento-corrispondenze-2.jpg?resize=350%2C200 1x, https:\/\/i0.wp.com\/www.pigrecoemme.com\/blog\/wp-content\/uploads\/2016\/02\/ilaria-abbiento-corrispondenze-2.jpg?resize=525%2C300 1.5x, https:\/\/i0.wp.com\/www.pigrecoemme.com\/blog\/wp-content\/uploads\/2016\/02\/ilaria-abbiento-corrispondenze-2.jpg?resize=700%2C400 2x"},"classes":[]},{"id":2046,"url":"https:\/\/www.pigrecoemme.com\/blog\/un-corso-photoshop-rapido-ed-efficace\/","url_meta":{"origin":1398,"position":3},"title":"Cerchi un corso di Photoshop rapido ed efficace per migliorare le tue competenze fotografiche?","author":"Pigrecoemme","date":"19 Febbraio 2018","format":false,"excerpt":"Nel tempo il corso di fotografia organizzato dalla Pigrecoemme a Napoli si \u00e8 sviluppato per offrire ai suoi allievi la possibilit\u00e0 di affrontare tutti gli aspetti della fotografia. Uno dei punti salienti del corso \u00e8 il Modulo D, dedicato all'uso di Photoshop. Studiato per chi abbia gi\u00e0 possesso delle basi\u2026","rel":"","context":"In &quot;Fotografia&quot;","block_context":{"text":"Fotografia","link":"https:\/\/www.pigrecoemme.com\/blog\/fotografia\/"},"img":{"alt_text":"","src":"https:\/\/i0.wp.com\/www.pigrecoemme.com\/blog\/wp-content\/uploads\/2018\/02\/corso-photoshop-napoli.jpg?resize=350%2C200","width":350,"height":200,"srcset":"https:\/\/i0.wp.com\/www.pigrecoemme.com\/blog\/wp-content\/uploads\/2018\/02\/corso-photoshop-napoli.jpg?resize=350%2C200 1x, https:\/\/i0.wp.com\/www.pigrecoemme.com\/blog\/wp-content\/uploads\/2018\/02\/corso-photoshop-napoli.jpg?resize=525%2C300 1.5x, https:\/\/i0.wp.com\/www.pigrecoemme.com\/blog\/wp-content\/uploads\/2018\/02\/corso-photoshop-napoli.jpg?resize=700%2C400 2x"},"classes":[]},{"id":28,"url":"https:\/\/www.pigrecoemme.com\/blog\/il-futuro-della-fotografia-tra-analogico-e-digitale\/","url_meta":{"origin":1398,"position":4},"title":"Il futuro della fotografia tra analogico e digitale","author":"Giacomo Fabbrocino","date":"6 Gennaio 2008","format":false,"excerpt":"Siete tutti invitati all'incontro curato da Luca Sorbo che si terr\u00e0 mercoled\u00ec 9 gennaio 2008 dalle 17,00 alle 19,00 presso la Scuola di Cinema Pigrecoemme \u2013 Piazza Portanova 11, Napoli. Luca Sorbo, analizzando l\u2019evoluzione storica e tecnica della fotografia, cercher\u00e0 di esplicitare le problematiche che la rivoluzione digitale pone, evidenziandone\u2026","rel":"","context":"In &quot;Eventi&quot;","block_context":{"text":"Eventi","link":"https:\/\/www.pigrecoemme.com\/blog\/eventi\/"},"img":{"alt_text":"fotografia digitale","src":"https:\/\/i0.wp.com\/www.pigrecoemme.com\/corso-fotografia\/fotografia-digitale.jpg?resize=350%2C200","width":350,"height":200},"classes":[]},{"id":1359,"url":"https:\/\/www.pigrecoemme.com\/blog\/corso-di-photoshop-ed-elaborazione-digitale-della-fotografia\/","url_meta":{"origin":1398,"position":5},"title":"Corso di Photoshop ed elaborazione digitale della fotografia.","author":"Pigrecoemme","date":"14 Maggio 2015","format":false,"excerpt":"Dal 10 giugno 2015 riparte il modulo del nostro corso di fotografia\u00a0diretto a chi desidera approfondire la conoscenza dell\u2019elaborazione digitale. Durante il corso si imparer\u00e0\u00a0come ottimizzare il colore, la luminosit\u00e0 ed il contrasto delle immagini, come restaurare una vecchia foto, come utilizzare il formato RAW, l\u2019H.D.R. e come realizzare delle\u2026","rel":"","context":"In &quot;Fotografia&quot;","block_context":{"text":"Fotografia","link":"https:\/\/www.pigrecoemme.com\/blog\/fotografia\/"},"img":{"alt_text":"corso di photoshop a napoli","src":"https:\/\/i0.wp.com\/www.pigrecoemme.com\/blog\/wp-content\/uploads\/2015\/05\/corso-photoshop-napoli.jpg?resize=350%2C200","width":350,"height":200},"classes":[]}],"jetpack_featured_media_url":"","_links":{"self":[{"href":"https:\/\/www.pigrecoemme.com\/blog\/wp-json\/wp\/v2\/posts\/1398","targetHints":{"allow":["GET"]}}],"collection":[{"href":"https:\/\/www.pigrecoemme.com\/blog\/wp-json\/wp\/v2\/posts"}],"about":[{"href":"https:\/\/www.pigrecoemme.com\/blog\/wp-json\/wp\/v2\/types\/post"}],"author":[{"embeddable":true,"href":"https:\/\/www.pigrecoemme.com\/blog\/wp-json\/wp\/v2\/users\/2"}],"replies":[{"embeddable":true,"href":"https:\/\/www.pigrecoemme.com\/blog\/wp-json\/wp\/v2\/comments?post=1398"}],"version-history":[{"count":0,"href":"https:\/\/www.pigrecoemme.com\/blog\/wp-json\/wp\/v2\/posts\/1398\/revisions"}],"wp:attachment":[{"href":"https:\/\/www.pigrecoemme.com\/blog\/wp-json\/wp\/v2\/media?parent=1398"}],"wp:term":[{"taxonomy":"category","embeddable":true,"href":"https:\/\/www.pigrecoemme.com\/blog\/wp-json\/wp\/v2\/categories?post=1398"},{"taxonomy":"post_tag","embeddable":true,"href":"https:\/\/www.pigrecoemme.com\/blog\/wp-json\/wp\/v2\/tags?post=1398"}],"curies":[{"name":"wp","href":"https:\/\/api.w.org\/{rel}","templated":true}]}}