{"id":1383,"date":"2015-06-09T10:22:38","date_gmt":"2015-06-09T08:22:38","guid":{"rendered":"http:\/\/www.pigrecoemme.com\/blog\/?p=1383"},"modified":"2015-06-10T00:39:05","modified_gmt":"2015-06-09T22:39:05","slug":"acrid-il-nuovo-cerchio-iraniano","status":"publish","type":"post","link":"https:\/\/www.pigrecoemme.com\/blog\/acrid-il-nuovo-cerchio-iraniano\/","title":{"rendered":"Acrid &#8211; Il nuovo cerchio iraniano"},"content":{"rendered":"<p><a href=\"https:\/\/i0.wp.com\/www.pigrecoemme.com\/blog\/wp-content\/uploads\/2015\/06\/acrid.jpg?ssl=1\"><img data-recalc-dims=\"1\" loading=\"lazy\" decoding=\"async\" class=\"aligncenter size-full wp-image-1384\" src=\"https:\/\/i0.wp.com\/www.pigrecoemme.com\/blog\/wp-content\/uploads\/2015\/06\/acrid.jpg?resize=484%2C252&#038;ssl=1\" alt=\"acrid\" width=\"484\" height=\"252\" srcset=\"https:\/\/i0.wp.com\/www.pigrecoemme.com\/blog\/wp-content\/uploads\/2015\/06\/acrid.jpg?w=484&amp;ssl=1 484w, https:\/\/i0.wp.com\/www.pigrecoemme.com\/blog\/wp-content\/uploads\/2015\/06\/acrid.jpg?resize=300%2C156&amp;ssl=1 300w\" sizes=\"auto, (max-width: 484px) 100vw, 484px\" \/><\/a><\/p>\n<p>&nbsp;<\/p>\n<p>Una volta il cinema iraniano riempiva le sale\u00a0anche in <strong>Italia<\/strong>, ma\u00a0son lontani i tempi in cui si condividevano le poltrone con decine di persone per un\u00a0<strong>Kiarostami<\/strong> o un\u00a0<strong>Panahi<\/strong>. Eppure, proprio questo cinema, non \u00e8 mai stato vivo come nell&#8217;ultimo lustro.<\/p>\n<p><!--more--><\/p>\n<p>Nel 2011 <em>Una separazione<\/em> \u00e8 stato il primo film iraniano a vincere l&#8217;<strong>Orso d&#8217;oro<\/strong> a\u00a0<strong>Berlino<\/strong>, un premio non regalato, ma\u00a0molto meritato che ha, vieppi\u00f9, rivelato al mondo intero il talento di\u00a0<strong>A<\/strong><strong>sghar Farhadi<\/strong>. Ora tocca ad\u00a0<em>Acrid<\/em> di\u00a0<strong>Kiarash Asadizade\u00a0<\/strong>approdare nelle sale italiane, l&#8217;11 giugno, grazie ad una coraggiosa piccola distribuzione indipendente, la\u00a0<strong>Imagica Original<\/strong> di\u00a0<strong>Aldo Ciolfi\u00a0<\/strong> e\u00a0<strong>Giulio Giuliani<\/strong>. C&#8217;\u00e8 da ringraziare davvero questi due impavidi difensori del cinema di qualit\u00e0, poco conosciuto ed in lingua originale, perch\u00e9 colossi ben pi\u00f9 accreditati hanno lasciato che il film attraversasse l&#8217;ottava edizione del <strong>Festival di Roma<\/strong> (nel 2013), nella quale si aggiudicava il premio per il miglior cast emergente, senza lasciar traccia.\u00a0<strong>Asadizade<\/strong>, in qualche modo, raccoglie l&#8217;eredit\u00e0 proprio di\u00a0<strong>Panahi<\/strong> e del suo\u00a0<em>Il cerchio<\/em> che nel 2000 vinse il\u00a0<strong>Leone d&#8217;oro\u00a0<\/strong> a\u00a0<strong>Venezia<\/strong>. Anche qui storie di donne, anche qui un arco narrativo circolare, sebbene le storie, quattro, facciano quasi pensare ad una quadratura del cerchio. Ed \u00e8 dal confronto tra le due pellicole che possono nascere le riflessioni pi\u00f9 interessanti. <em>Il cerchio\u00a0<\/em>di\u00a0<strong>Panahi<\/strong>\u00a0serviva anche a metaforizzare lo spazio chiuso, la trappola, la prigione in cui le donne iraniane si trovavano a dover vivere dalla nascita (il film cominciava proprio con un parto) alla morte. Tre episodi che chiudevano i conti, perch\u00e9 da l\u00ec non si scappava. L&#8217;<strong>Iran<\/strong> di\u00a0<strong>Asadizade<\/strong> sembra pi\u00f9 emancipato, le donne guidano SUV, passeggiano da sole, tengono testa a mariti apatici o infedeli, anche se, strisciante, sotto l&#8217;apparente emancipazione e l&#8217;apparente progressismo maschile, si fa strada una mentalit\u00e0 permanentemente retrograda (il ginecologo che preferisce segretarie nubili). Un\u00a0<strong>Iran<\/strong>, quello di\u00a0<strong>Ahmadinejad<\/strong>, in cui la condizione femminile non parrebbe cos\u00ec sacrificata come spesso la cronaca racconta. In\u00a0<strong>Acrid<\/strong> non abbiamo donne sottomesse o remissive, anzi. Di cosa si tratta? Di propaganda? Ad uno sguardo pi\u00f9 attento, per\u00f2, non pu\u00f2 sfuggire un altro dato. Lungi dall&#8217;essere un ritratto esotico di un paese da guardare con occhi da colonialisti illuminati, il film di\u00a0<strong>Asadizade<\/strong> pi\u00f9 che mostrarci quanti passi avanti abbia fatto l&#8217;<strong>Iran<\/strong>, ci dimostra quanti ancora ne dobbiamo fare noi occidentali. Perch\u00e9 la condizione di queste donne, mortificate anche e comunque nella loro indipendenza emotiva, non \u00e8 poi cos\u00ec lontana da quella delle nostre connazionali.<\/p>\n<p>&nbsp;<\/p>\n","protected":false},"excerpt":{"rendered":"<p>&nbsp; Una volta il cinema iraniano riempiva le sale\u00a0anche in Italia, ma\u00a0son lontani i tempi in cui si condividevano le poltrone con decine di persone per un\u00a0Kiarostami o un\u00a0Panahi. Eppure, proprio questo cinema, non&hellip;<\/p>\n","protected":false},"author":3,"featured_media":0,"comment_status":"open","ping_status":"open","sticky":false,"template":"","format":"standard","meta":{"_jetpack_newsletter_access":"","_jetpack_dont_email_post_to_subs":false,"_jetpack_newsletter_tier_id":0,"_jetpack_memberships_contains_paywalled_content":false,"_jetpack_feature_clip_id":0,"_jetpack_memberships_contains_paid_content":false,"footnotes":"","jetpack_post_was_ever_published":false},"categories":[950],"tags":[1147,1148,1150,1152,1151,1149],"class_list":["post-1383","post","type-post","status-publish","format-standard","hentry","category-analisi-e-critica-2","tag-acrid","tag-asadizade","tag-il-cerchio","tag-kiarostami","tag-panahi","tag-una-separazione"],"yoast_head":"<!-- This site is optimized with the Yoast SEO plugin v28.3 - https:\/\/yoast.com\/product\/yoast-seo-wordpress\/ -->\n<title>Acrid - Il nuovo cerchio iraniano<\/title>\n<meta name=\"description\" content=\"Nelle sale, dall&#039;11 giugno, il film di Kiarash Asadizade che al Festival di Roma 2013 si \u00e8 aggiudicato il premio per il miglior cast emergente.\" \/>\n<meta name=\"robots\" content=\"index, follow, max-snippet:-1, max-image-preview:large, max-video-preview:-1\" \/>\n<link rel=\"canonical\" href=\"https:\/\/www.pigrecoemme.com\/blog\/acrid-il-nuovo-cerchio-iraniano\/\" \/>\n<meta property=\"og:locale\" content=\"it_IT\" \/>\n<meta property=\"og:type\" content=\"article\" \/>\n<meta property=\"og:title\" content=\"Acrid - Il nuovo cerchio iraniano\" \/>\n<meta property=\"og:description\" content=\"Nelle sale, dall&#039;11 giugno, il film di Kiarash Asadizade che al Festival di Roma 2013 si \u00e8 aggiudicato il premio per il miglior cast emergente.\" \/>\n<meta property=\"og:url\" content=\"https:\/\/www.pigrecoemme.com\/blog\/acrid-il-nuovo-cerchio-iraniano\/\" \/>\n<meta property=\"og:site_name\" content=\"Scuola di Cinema Pigrecoemme - Blog\" \/>\n<meta property=\"article:publisher\" content=\"https:\/\/www.facebook.com\/pigrecoemme\" \/>\n<meta property=\"article:author\" content=\"https:\/\/www.facebook.com\/rosario.gallone\" \/>\n<meta property=\"article:published_time\" content=\"2015-06-09T08:22:38+00:00\" \/>\n<meta property=\"article:modified_time\" content=\"2015-06-09T22:39:05+00:00\" \/>\n<meta property=\"og:image\" content=\"http:\/\/www.pigrecoemme.com\/blog\/wp-content\/uploads\/2015\/06\/acrid.jpg\" \/>\n<meta name=\"author\" content=\"Rosario Gallone\" \/>\n<meta name=\"twitter:card\" content=\"summary_large_image\" \/>\n<meta name=\"twitter:creator\" content=\"@RosarioGallone\" \/>\n<meta name=\"twitter:site\" content=\"@Pigrecoemme\" \/>\n<meta name=\"twitter:label1\" content=\"Scritto da\" \/>\n\t<meta name=\"twitter:data1\" content=\"Rosario Gallone\" \/>\n\t<meta name=\"twitter:label2\" content=\"Tempo di lettura stimato\" \/>\n\t<meta name=\"twitter:data2\" content=\"2 minuti\" \/>\n<script type=\"application\/ld+json\" class=\"yoast-schema-graph\">{\"@context\":\"https:\\\/\\\/schema.org\",\"@graph\":[{\"@type\":[\"Article\",\"BlogPosting\"],\"@id\":\"https:\\\/\\\/www.pigrecoemme.com\\\/blog\\\/acrid-il-nuovo-cerchio-iraniano\\\/#article\",\"isPartOf\":{\"@id\":\"https:\\\/\\\/www.pigrecoemme.com\\\/blog\\\/acrid-il-nuovo-cerchio-iraniano\\\/\"},\"author\":{\"name\":\"Rosario Gallone\",\"@id\":\"https:\\\/\\\/www.pigrecoemme.com\\\/blog\\\/#\\\/schema\\\/person\\\/3fdd423e7c221a503812a1e86daec850\"},\"headline\":\"Acrid &#8211; Il nuovo cerchio iraniano\",\"datePublished\":\"2015-06-09T08:22:38+00:00\",\"dateModified\":\"2015-06-09T22:39:05+00:00\",\"mainEntityOfPage\":{\"@id\":\"https:\\\/\\\/www.pigrecoemme.com\\\/blog\\\/acrid-il-nuovo-cerchio-iraniano\\\/\"},\"wordCount\":431,\"commentCount\":0,\"publisher\":{\"@id\":\"https:\\\/\\\/www.pigrecoemme.com\\\/blog\\\/#organization\"},\"image\":{\"@id\":\"https:\\\/\\\/www.pigrecoemme.com\\\/blog\\\/acrid-il-nuovo-cerchio-iraniano\\\/#primaryimage\"},\"thumbnailUrl\":\"http:\\\/\\\/www.pigrecoemme.com\\\/blog\\\/wp-content\\\/uploads\\\/2015\\\/06\\\/acrid.jpg\",\"keywords\":[\"acrid\",\"asadizade\",\"il cerchio\",\"kiarostami\",\"panahi\",\"una separazione\"],\"articleSection\":[\"Analisi e Critica\"],\"inLanguage\":\"it-IT\",\"potentialAction\":[{\"@type\":\"CommentAction\",\"name\":\"Comment\",\"target\":[\"https:\\\/\\\/www.pigrecoemme.com\\\/blog\\\/acrid-il-nuovo-cerchio-iraniano\\\/#respond\"]}]},{\"@type\":\"WebPage\",\"@id\":\"https:\\\/\\\/www.pigrecoemme.com\\\/blog\\\/acrid-il-nuovo-cerchio-iraniano\\\/\",\"url\":\"https:\\\/\\\/www.pigrecoemme.com\\\/blog\\\/acrid-il-nuovo-cerchio-iraniano\\\/\",\"name\":\"Acrid - Il nuovo cerchio iraniano\",\"isPartOf\":{\"@id\":\"https:\\\/\\\/www.pigrecoemme.com\\\/blog\\\/#website\"},\"primaryImageOfPage\":{\"@id\":\"https:\\\/\\\/www.pigrecoemme.com\\\/blog\\\/acrid-il-nuovo-cerchio-iraniano\\\/#primaryimage\"},\"image\":{\"@id\":\"https:\\\/\\\/www.pigrecoemme.com\\\/blog\\\/acrid-il-nuovo-cerchio-iraniano\\\/#primaryimage\"},\"thumbnailUrl\":\"http:\\\/\\\/www.pigrecoemme.com\\\/blog\\\/wp-content\\\/uploads\\\/2015\\\/06\\\/acrid.jpg\",\"datePublished\":\"2015-06-09T08:22:38+00:00\",\"dateModified\":\"2015-06-09T22:39:05+00:00\",\"description\":\"Nelle sale, dall'11 giugno, il film di Kiarash Asadizade che al Festival di Roma 2013 si \u00e8 aggiudicato il premio per il miglior cast emergente.\",\"breadcrumb\":{\"@id\":\"https:\\\/\\\/www.pigrecoemme.com\\\/blog\\\/acrid-il-nuovo-cerchio-iraniano\\\/#breadcrumb\"},\"inLanguage\":\"it-IT\",\"potentialAction\":[{\"@type\":\"ReadAction\",\"target\":[\"https:\\\/\\\/www.pigrecoemme.com\\\/blog\\\/acrid-il-nuovo-cerchio-iraniano\\\/\"]}]},{\"@type\":\"ImageObject\",\"inLanguage\":\"it-IT\",\"@id\":\"https:\\\/\\\/www.pigrecoemme.com\\\/blog\\\/acrid-il-nuovo-cerchio-iraniano\\\/#primaryimage\",\"url\":\"http:\\\/\\\/www.pigrecoemme.com\\\/blog\\\/wp-content\\\/uploads\\\/2015\\\/06\\\/acrid.jpg\",\"contentUrl\":\"http:\\\/\\\/www.pigrecoemme.com\\\/blog\\\/wp-content\\\/uploads\\\/2015\\\/06\\\/acrid.jpg\"},{\"@type\":\"BreadcrumbList\",\"@id\":\"https:\\\/\\\/www.pigrecoemme.com\\\/blog\\\/acrid-il-nuovo-cerchio-iraniano\\\/#breadcrumb\",\"itemListElement\":[{\"@type\":\"ListItem\",\"position\":1,\"name\":\"Home\",\"item\":\"https:\\\/\\\/www.pigrecoemme.com\\\/blog\\\/\"},{\"@type\":\"ListItem\",\"position\":2,\"name\":\"Acrid &#8211; Il nuovo cerchio iraniano\"}]},{\"@type\":\"WebSite\",\"@id\":\"https:\\\/\\\/www.pigrecoemme.com\\\/blog\\\/#website\",\"url\":\"https:\\\/\\\/www.pigrecoemme.com\\\/blog\\\/\",\"name\":\"Scuola di Cinema Pigrecoemme - Blog\",\"description\":\"Siamo la prima Scuola di Cinema e Fotografia di Napoli\",\"publisher\":{\"@id\":\"https:\\\/\\\/www.pigrecoemme.com\\\/blog\\\/#organization\"},\"potentialAction\":[{\"@type\":\"SearchAction\",\"target\":{\"@type\":\"EntryPoint\",\"urlTemplate\":\"https:\\\/\\\/www.pigrecoemme.com\\\/blog\\\/?s={search_term_string}\"},\"query-input\":{\"@type\":\"PropertyValueSpecification\",\"valueRequired\":true,\"valueName\":\"search_term_string\"}}],\"inLanguage\":\"it-IT\"},{\"@type\":\"Organization\",\"@id\":\"https:\\\/\\\/www.pigrecoemme.com\\\/blog\\\/#organization\",\"name\":\"Scuola di cinema e fotografia Pigrecoemme\",\"url\":\"https:\\\/\\\/www.pigrecoemme.com\\\/blog\\\/\",\"logo\":{\"@type\":\"ImageObject\",\"inLanguage\":\"it-IT\",\"@id\":\"https:\\\/\\\/www.pigrecoemme.com\\\/blog\\\/#\\\/schema\\\/logo\\\/image\\\/\",\"url\":\"https:\\\/\\\/i0.wp.com\\\/www.pigrecoemme.com\\\/blog\\\/wp-content\\\/uploads\\\/2018\\\/06\\\/logo-pigrecoemme-2018.png?fit=500%2C500&ssl=1\",\"contentUrl\":\"https:\\\/\\\/i0.wp.com\\\/www.pigrecoemme.com\\\/blog\\\/wp-content\\\/uploads\\\/2018\\\/06\\\/logo-pigrecoemme-2018.png?fit=500%2C500&ssl=1\",\"width\":500,\"height\":500,\"caption\":\"Scuola di cinema e fotografia Pigrecoemme\"},\"image\":{\"@id\":\"https:\\\/\\\/www.pigrecoemme.com\\\/blog\\\/#\\\/schema\\\/logo\\\/image\\\/\"},\"sameAs\":[\"https:\\\/\\\/www.facebook.com\\\/pigrecoemme\",\"https:\\\/\\\/x.com\\\/Pigrecoemme\",\"https:\\\/\\\/www.instagram.com\\\/pigrecoemme\\\/\",\"https:\\\/\\\/www.linkedin.com\\\/company\\\/pigrecoemme\\\/\",\"https:\\\/\\\/www.youtube.com\\\/pigrecoemme\"]},{\"@type\":\"Person\",\"@id\":\"https:\\\/\\\/www.pigrecoemme.com\\\/blog\\\/#\\\/schema\\\/person\\\/3fdd423e7c221a503812a1e86daec850\",\"name\":\"Rosario Gallone\",\"image\":{\"@type\":\"ImageObject\",\"inLanguage\":\"it-IT\",\"@id\":\"https:\\\/\\\/secure.gravatar.com\\\/avatar\\\/7172808a86a713dea422a3159a5fe73d8a0718671410a281103d82dea575d3e9?s=96&r=g\",\"url\":\"https:\\\/\\\/secure.gravatar.com\\\/avatar\\\/7172808a86a713dea422a3159a5fe73d8a0718671410a281103d82dea575d3e9?s=96&r=g\",\"contentUrl\":\"https:\\\/\\\/secure.gravatar.com\\\/avatar\\\/7172808a86a713dea422a3159a5fe73d8a0718671410a281103d82dea575d3e9?s=96&r=g\",\"caption\":\"Rosario Gallone\"},\"description\":\"Rosario \u00e8 tra i fondatori della Pigrecoemme, dove si occupa soprattutto del corso di regia e dell'organizzazione dei corsi. E' autore della sceneggiatura di Isa 9000 (mediometraggio con Isa Danieli diretto da Angelo Serio), del montaggio di documentari e della regia di alcuni cortometraggi.\",\"sameAs\":[\"http:\\\/\\\/www.pigrecoemme.com\\\/\",\"https:\\\/\\\/www.facebook.com\\\/rosario.gallone\",\"https:\\\/\\\/x.com\\\/RosarioGallone\"],\"url\":\"https:\\\/\\\/www.pigrecoemme.com\\\/blog\\\/author\\\/rosario-gallone\\\/\"}]}<\/script>\n<!-- \/ Yoast SEO plugin. -->","yoast_head_json":{"title":"Acrid - Il nuovo cerchio iraniano","description":"Nelle sale, dall'11 giugno, il film di Kiarash Asadizade che al Festival di Roma 2013 si \u00e8 aggiudicato il premio per il miglior cast emergente.","robots":{"index":"index","follow":"follow","max-snippet":"max-snippet:-1","max-image-preview":"max-image-preview:large","max-video-preview":"max-video-preview:-1"},"canonical":"https:\/\/www.pigrecoemme.com\/blog\/acrid-il-nuovo-cerchio-iraniano\/","og_locale":"it_IT","og_type":"article","og_title":"Acrid - Il nuovo cerchio iraniano","og_description":"Nelle sale, dall'11 giugno, il film di Kiarash Asadizade che al Festival di Roma 2013 si \u00e8 aggiudicato il premio per il miglior cast emergente.","og_url":"https:\/\/www.pigrecoemme.com\/blog\/acrid-il-nuovo-cerchio-iraniano\/","og_site_name":"Scuola di Cinema Pigrecoemme - Blog","article_publisher":"https:\/\/www.facebook.com\/pigrecoemme","article_author":"https:\/\/www.facebook.com\/rosario.gallone","article_published_time":"2015-06-09T08:22:38+00:00","article_modified_time":"2015-06-09T22:39:05+00:00","og_image":[{"url":"http:\/\/www.pigrecoemme.com\/blog\/wp-content\/uploads\/2015\/06\/acrid.jpg","type":"","width":"","height":""}],"author":"Rosario Gallone","twitter_card":"summary_large_image","twitter_creator":"@RosarioGallone","twitter_site":"@Pigrecoemme","twitter_misc":{"Scritto da":"Rosario Gallone","Tempo di lettura stimato":"2 minuti"},"schema":{"@context":"https:\/\/schema.org","@graph":[{"@type":["Article","BlogPosting"],"@id":"https:\/\/www.pigrecoemme.com\/blog\/acrid-il-nuovo-cerchio-iraniano\/#article","isPartOf":{"@id":"https:\/\/www.pigrecoemme.com\/blog\/acrid-il-nuovo-cerchio-iraniano\/"},"author":{"name":"Rosario Gallone","@id":"https:\/\/www.pigrecoemme.com\/blog\/#\/schema\/person\/3fdd423e7c221a503812a1e86daec850"},"headline":"Acrid &#8211; Il nuovo cerchio iraniano","datePublished":"2015-06-09T08:22:38+00:00","dateModified":"2015-06-09T22:39:05+00:00","mainEntityOfPage":{"@id":"https:\/\/www.pigrecoemme.com\/blog\/acrid-il-nuovo-cerchio-iraniano\/"},"wordCount":431,"commentCount":0,"publisher":{"@id":"https:\/\/www.pigrecoemme.com\/blog\/#organization"},"image":{"@id":"https:\/\/www.pigrecoemme.com\/blog\/acrid-il-nuovo-cerchio-iraniano\/#primaryimage"},"thumbnailUrl":"http:\/\/www.pigrecoemme.com\/blog\/wp-content\/uploads\/2015\/06\/acrid.jpg","keywords":["acrid","asadizade","il cerchio","kiarostami","panahi","una separazione"],"articleSection":["Analisi e Critica"],"inLanguage":"it-IT","potentialAction":[{"@type":"CommentAction","name":"Comment","target":["https:\/\/www.pigrecoemme.com\/blog\/acrid-il-nuovo-cerchio-iraniano\/#respond"]}]},{"@type":"WebPage","@id":"https:\/\/www.pigrecoemme.com\/blog\/acrid-il-nuovo-cerchio-iraniano\/","url":"https:\/\/www.pigrecoemme.com\/blog\/acrid-il-nuovo-cerchio-iraniano\/","name":"Acrid - Il nuovo cerchio iraniano","isPartOf":{"@id":"https:\/\/www.pigrecoemme.com\/blog\/#website"},"primaryImageOfPage":{"@id":"https:\/\/www.pigrecoemme.com\/blog\/acrid-il-nuovo-cerchio-iraniano\/#primaryimage"},"image":{"@id":"https:\/\/www.pigrecoemme.com\/blog\/acrid-il-nuovo-cerchio-iraniano\/#primaryimage"},"thumbnailUrl":"http:\/\/www.pigrecoemme.com\/blog\/wp-content\/uploads\/2015\/06\/acrid.jpg","datePublished":"2015-06-09T08:22:38+00:00","dateModified":"2015-06-09T22:39:05+00:00","description":"Nelle sale, dall'11 giugno, il film di Kiarash Asadizade che al Festival di Roma 2013 si \u00e8 aggiudicato il premio per il miglior cast emergente.","breadcrumb":{"@id":"https:\/\/www.pigrecoemme.com\/blog\/acrid-il-nuovo-cerchio-iraniano\/#breadcrumb"},"inLanguage":"it-IT","potentialAction":[{"@type":"ReadAction","target":["https:\/\/www.pigrecoemme.com\/blog\/acrid-il-nuovo-cerchio-iraniano\/"]}]},{"@type":"ImageObject","inLanguage":"it-IT","@id":"https:\/\/www.pigrecoemme.com\/blog\/acrid-il-nuovo-cerchio-iraniano\/#primaryimage","url":"http:\/\/www.pigrecoemme.com\/blog\/wp-content\/uploads\/2015\/06\/acrid.jpg","contentUrl":"http:\/\/www.pigrecoemme.com\/blog\/wp-content\/uploads\/2015\/06\/acrid.jpg"},{"@type":"BreadcrumbList","@id":"https:\/\/www.pigrecoemme.com\/blog\/acrid-il-nuovo-cerchio-iraniano\/#breadcrumb","itemListElement":[{"@type":"ListItem","position":1,"name":"Home","item":"https:\/\/www.pigrecoemme.com\/blog\/"},{"@type":"ListItem","position":2,"name":"Acrid &#8211; Il nuovo cerchio iraniano"}]},{"@type":"WebSite","@id":"https:\/\/www.pigrecoemme.com\/blog\/#website","url":"https:\/\/www.pigrecoemme.com\/blog\/","name":"Scuola di Cinema Pigrecoemme - Blog","description":"Siamo la prima Scuola di Cinema e Fotografia di Napoli","publisher":{"@id":"https:\/\/www.pigrecoemme.com\/blog\/#organization"},"potentialAction":[{"@type":"SearchAction","target":{"@type":"EntryPoint","urlTemplate":"https:\/\/www.pigrecoemme.com\/blog\/?s={search_term_string}"},"query-input":{"@type":"PropertyValueSpecification","valueRequired":true,"valueName":"search_term_string"}}],"inLanguage":"it-IT"},{"@type":"Organization","@id":"https:\/\/www.pigrecoemme.com\/blog\/#organization","name":"Scuola di cinema e fotografia Pigrecoemme","url":"https:\/\/www.pigrecoemme.com\/blog\/","logo":{"@type":"ImageObject","inLanguage":"it-IT","@id":"https:\/\/www.pigrecoemme.com\/blog\/#\/schema\/logo\/image\/","url":"https:\/\/i0.wp.com\/www.pigrecoemme.com\/blog\/wp-content\/uploads\/2018\/06\/logo-pigrecoemme-2018.png?fit=500%2C500&ssl=1","contentUrl":"https:\/\/i0.wp.com\/www.pigrecoemme.com\/blog\/wp-content\/uploads\/2018\/06\/logo-pigrecoemme-2018.png?fit=500%2C500&ssl=1","width":500,"height":500,"caption":"Scuola di cinema e fotografia Pigrecoemme"},"image":{"@id":"https:\/\/www.pigrecoemme.com\/blog\/#\/schema\/logo\/image\/"},"sameAs":["https:\/\/www.facebook.com\/pigrecoemme","https:\/\/x.com\/Pigrecoemme","https:\/\/www.instagram.com\/pigrecoemme\/","https:\/\/www.linkedin.com\/company\/pigrecoemme\/","https:\/\/www.youtube.com\/pigrecoemme"]},{"@type":"Person","@id":"https:\/\/www.pigrecoemme.com\/blog\/#\/schema\/person\/3fdd423e7c221a503812a1e86daec850","name":"Rosario Gallone","image":{"@type":"ImageObject","inLanguage":"it-IT","@id":"https:\/\/secure.gravatar.com\/avatar\/7172808a86a713dea422a3159a5fe73d8a0718671410a281103d82dea575d3e9?s=96&r=g","url":"https:\/\/secure.gravatar.com\/avatar\/7172808a86a713dea422a3159a5fe73d8a0718671410a281103d82dea575d3e9?s=96&r=g","contentUrl":"https:\/\/secure.gravatar.com\/avatar\/7172808a86a713dea422a3159a5fe73d8a0718671410a281103d82dea575d3e9?s=96&r=g","caption":"Rosario Gallone"},"description":"Rosario \u00e8 tra i fondatori della Pigrecoemme, dove si occupa soprattutto del corso di regia e dell'organizzazione dei corsi. E' autore della sceneggiatura di Isa 9000 (mediometraggio con Isa Danieli diretto da Angelo Serio), del montaggio di documentari e della regia di alcuni cortometraggi.","sameAs":["http:\/\/www.pigrecoemme.com\/","https:\/\/www.facebook.com\/rosario.gallone","https:\/\/x.com\/RosarioGallone"],"url":"https:\/\/www.pigrecoemme.com\/blog\/author\/rosario-gallone\/"}]}},"jetpack_sharing_enabled":true,"jetpack_likes_enabled":true,"jetpack-related-posts":[{"id":23,"url":"https:\/\/www.pigrecoemme.com\/blog\/ex-allievi-di-pigrecoemme-in-carriera-vanno-al-sundance\/","url_meta":{"origin":1383,"position":0},"title":"Ex allievi di Pigrecoemme in carriera vanno al Sundance","author":"Giacomo Fabbrocino","date":"14 Dicembre 2007","format":false,"excerpt":"Ci fa piacere comunicare a chi ci segue che la nostra ex allieva Ilaria de Martinis (nella foto) ha lavorato come assistente alla regia in Riprendimi, di Anna Negri, unico film italiano selezionato per l'edizione 2008 del Sundance, il festival dedicato al cinema indipendente fondato da Robert Redford. Selezionato per\u2026","rel":"","context":"In &quot;Scuola di cinema&quot;","block_context":{"text":"Scuola di cinema","link":"https:\/\/www.pigrecoemme.com\/blog\/scuola-di-cinema\/"},"img":{"alt_text":"Ilaria De Martinis","src":"https:\/\/i0.wp.com\/farm3.static.flickr.com\/2397\/2109867683_8eab771271_m.jpg?resize=350%2C200","width":350,"height":200},"classes":[]},{"id":196,"url":"https:\/\/www.pigrecoemme.com\/blog\/alla-scuola-di-cinema-pigrecoemme-la-presentazione-del-volume-%e2%80%9ceffetti-collaterali%e2%80%9d-emozionante-fotoreportage-dalla-palestina\/","url_meta":{"origin":1383,"position":1},"title":"Alla Scuola di cinema Pigrecoemme, la presentazione del volume \u201cEffetti collaterali\u201d, emozionante fotoreportage dalla Palestina","author":"Corrado Morra","date":"19 Gennaio 2010","format":false,"excerpt":"Marted\u00ec 26 gennaio alle ore 18,00, negli spazi della Scuola di cinema Pigrecoemme (a Napoli, in Piazza Portanova 11), lo storico della fotografia e docente dell'Accademia di Belle arti di Napoli Luca Sorbo, ed il critico d'arte Corrado Morra presentano il volume \u201cEffetti collaterali\u201d, lungo ed intenso fotoreportage dalla Palestina.\u2026","rel":"","context":"In &quot;Eventi&quot;","block_context":{"text":"Eventi","link":"https:\/\/www.pigrecoemme.com\/blog\/eventi\/"},"img":{"alt_text":"","src":"https:\/\/i0.wp.com\/www.pigrecoemme.com\/blog\/wp-content\/uploads\/2010\/01\/graffiti_effetti_cover_fronte-150x150.jpg?resize=350%2C200","width":350,"height":200},"classes":[]},{"id":3959,"url":"https:\/\/www.pigrecoemme.com\/blog\/i-10-migliori-film-del-2025\/","url_meta":{"origin":1383,"position":2},"title":"I 10 migliori film del 2025","author":"Pigrecoemme","date":"29 Dicembre 2025","format":false,"excerpt":"Diceva Eduardo: \"Te piace 'a playlist di fine anno sui migliori film?\". Che la risposta sia s\u00ec o che sia no, \u00e8 tradizione. Le solite premesse:- non \u00e8 una classifica- mancheranno dei titoli perch\u00e9 la playlist la stilo pensando ai film che ho visto (per esempio, non sono riuscito a\u2026","rel":"","context":"In &quot;Analisi e Critica&quot;","block_context":{"text":"Analisi e Critica","link":"https:\/\/www.pigrecoemme.com\/blog\/analisi-e-critica-2\/"},"img":{"alt_text":"Wolf Man","src":"https:\/\/i0.wp.com\/www.pigrecoemme.com\/blog\/wp-content\/uploads\/2025\/12\/Wolf-Man.jpg?resize=350%2C200&ssl=1","width":350,"height":200,"srcset":"https:\/\/i0.wp.com\/www.pigrecoemme.com\/blog\/wp-content\/uploads\/2025\/12\/Wolf-Man.jpg?resize=350%2C200&ssl=1 1x, https:\/\/i0.wp.com\/www.pigrecoemme.com\/blog\/wp-content\/uploads\/2025\/12\/Wolf-Man.jpg?resize=525%2C300&ssl=1 1.5x, https:\/\/i0.wp.com\/www.pigrecoemme.com\/blog\/wp-content\/uploads\/2025\/12\/Wolf-Man.jpg?resize=700%2C400&ssl=1 2x"},"classes":[]},{"id":1467,"url":"https:\/\/www.pigrecoemme.com\/blog\/obiettivo-su\/","url_meta":{"origin":1383,"position":3},"title":"10 memorabili fotografi sul grande schermo","author":"Rosario Gallone","date":"20 Settembre 2015","format":false,"excerpt":"Il cinema \u00e8 la verit\u00e0 24 fotogrammi al secondo. Lo ha detto Godard. La fotografia, quindi, ne \u00e8 l'unit\u00e0 minima.","rel":"","context":"In &quot;Analisi e Critica&quot;","block_context":{"text":"Analisi e Critica","link":"https:\/\/www.pigrecoemme.com\/blog\/analisi-e-critica-2\/"},"img":{"alt_text":"obiettivo su","src":"https:\/\/i0.wp.com\/www.pigrecoemme.com\/blog\/wp-content\/uploads\/2015\/09\/obiettivo-su1.jpg?resize=350%2C200","width":350,"height":200},"classes":[]},{"id":185,"url":"https:\/\/www.pigrecoemme.com\/blog\/ugo-caruso-al-pan-per-i-film-della-mia-vita\/","url_meta":{"origin":1383,"position":4},"title":"Ugo G. Caruso al PAN per I film della mia vita","author":"Corrado Morra","date":"28 Ottobre 2009","format":false,"excerpt":"Continua domani, gioved\u00ec 29 ottobre, con il critico cinematografico Ugo G. Caruso, la quarta edizione della rassegna I film della mia vita. Alle 18,00 al pubblico del PAN di Napoli, Caruso presenter\u00e0 un serrato montaggio di sequenze da oltre cinquanta film, un patrimonio straordinario ed eterogeneo di suggestioni che costituiscono\u2026","rel":"","context":"In &quot;Eventi&quot;","block_context":{"text":"Eventi","link":"https:\/\/www.pigrecoemme.com\/blog\/eventi\/"},"img":{"alt_text":"","src":"","width":0,"height":0},"classes":[]},{"id":688,"url":"https:\/\/www.pigrecoemme.com\/blog\/pigrecoemme-al-napoli-film-festival-2013\/","url_meta":{"origin":1383,"position":5},"title":"Pigrecoemme al Napoli Film Festival 2013","author":"Giacomo Fabbrocino","date":"4 Settembre 2013","format":false,"excerpt":"Anche quest'anno, al Napoli Film Festival, \u00e8 di tutto rispetto la presenza di nostri ex allievi e di produzioni che ci vedono a vario titolo coinvolti. Il documentario Ero un Re di Antonio Longo, gi\u00e0 premiato due anni fa al festival partenopeo per Midnight Bingo, \u00e8 in concorso nella sezione\u00a0SchermoNapoli\u2026","rel":"","context":"In &quot;Eventi&quot;","block_context":{"text":"Eventi","link":"https:\/\/www.pigrecoemme.com\/blog\/eventi\/"},"img":{"alt_text":"","src":"https:\/\/i0.wp.com\/www.pigrecoemme.com\/blog\/wp-content\/uploads\/2013\/09\/napoli-film-festival-2013.jpg?resize=350%2C200","width":350,"height":200},"classes":[]}],"jetpack_featured_media_url":"","_links":{"self":[{"href":"https:\/\/www.pigrecoemme.com\/blog\/wp-json\/wp\/v2\/posts\/1383","targetHints":{"allow":["GET"]}}],"collection":[{"href":"https:\/\/www.pigrecoemme.com\/blog\/wp-json\/wp\/v2\/posts"}],"about":[{"href":"https:\/\/www.pigrecoemme.com\/blog\/wp-json\/wp\/v2\/types\/post"}],"author":[{"embeddable":true,"href":"https:\/\/www.pigrecoemme.com\/blog\/wp-json\/wp\/v2\/users\/3"}],"replies":[{"embeddable":true,"href":"https:\/\/www.pigrecoemme.com\/blog\/wp-json\/wp\/v2\/comments?post=1383"}],"version-history":[{"count":0,"href":"https:\/\/www.pigrecoemme.com\/blog\/wp-json\/wp\/v2\/posts\/1383\/revisions"}],"wp:attachment":[{"href":"https:\/\/www.pigrecoemme.com\/blog\/wp-json\/wp\/v2\/media?parent=1383"}],"wp:term":[{"taxonomy":"category","embeddable":true,"href":"https:\/\/www.pigrecoemme.com\/blog\/wp-json\/wp\/v2\/categories?post=1383"},{"taxonomy":"post_tag","embeddable":true,"href":"https:\/\/www.pigrecoemme.com\/blog\/wp-json\/wp\/v2\/tags?post=1383"}],"curies":[{"name":"wp","href":"https:\/\/api.w.org\/{rel}","templated":true}]}}