{"id":137,"date":"2009-03-20T14:26:22","date_gmt":"2009-03-20T12:26:22","guid":{"rendered":"http:\/\/www.pigrecoemme.com\/blog\/?p=137"},"modified":"2009-11-19T09:16:10","modified_gmt":"2009-11-19T07:16:10","slug":"io-non-ho-paura-sul-venerdi","status":"publish","type":"post","link":"https:\/\/www.pigrecoemme.com\/blog\/io-non-ho-paura-sul-venerdi\/","title":{"rendered":"Io ho paura sul Venerd\u00ec"},"content":{"rendered":"<p>Un&#8217;intervista allo scrittore <strong>Ermanno Rea<\/strong>, a cura di Emilio Marrese, raccoglie la suggestione di un&#8217;inchesta fotografica, semplice e forse per questo devastante: le paure dei napoletani. L&#8217;articolo, sul Venerd\u00ec di Repubblica in edicola oggi, parte infatti da una mostra fotografica &#8211; &#8220;Io ho paura&#8221; &#8211; organizzata, anche se il giornale non ne d\u00e0 notizia, in collaborazione con la scuola di cinema Pigrecoemme, in occasione della ormai notissima kermesse L&#8217;arte della felicit\u00e0 delle associazioni Achab e Shin\u00e9, che si terr\u00e0 a Napoli dal 28 marzo al 5 aprile e che si aprir\u00e0, proprio il 28 marzo alle 9,30 al Teatro Mercadante con la proiezione dell&#8217;omonimo video sulla paura.<br \/>\nTre pagine, fitte, interessanti, emozionanti. Con una selezione delle numerose fotografie in mostra, con un impianto semplice eppure eloquentissimo: gli autori, molti dei quali provenienti dai <a href=\"http:\/\/www.pigrecoemme.com\/corso-fotografia\/corso-di-fotografia-2.htm\">corsi di fotografia<\/a> di Pigrecoemme o invitati a partecipare da Giacomo Fabbrocino, responsabile della scuola che firma anche un intervento in catalogo, erano invitati a fotografare i soggetti con un cartello che rivelava le proprie paure. Un effetto didascalia quasi da fumetto degli albori che, nella evidente interazione tra elemento testuale ed iconico, ora con tenera ingenuit\u00e0 ora con sguardo pi\u00f9 scaltro sulle potenzialit\u00e0 del linguaggio specifico, fornisce una sorta di portfolio delle emozioni della Napoli contemporanea.<\/p>\n<p><a href=\"https:\/\/i0.wp.com\/www.pigrecoemme.com\/blog\/wp-content\/uploads\/2009\/03\/venerdi.jpg?ssl=1\"><img data-recalc-dims=\"1\" loading=\"lazy\" decoding=\"async\" class=\"aligncenter size-medium wp-image-139\" title=\"venerdi\" src=\"https:\/\/i0.wp.com\/www.pigrecoemme.com\/blog\/wp-content\/uploads\/2009\/03\/venerdi.jpg?resize=300%2C192&#038;ssl=1\" alt=\"\" width=\"300\" height=\"192\" srcset=\"https:\/\/i0.wp.com\/www.pigrecoemme.com\/blog\/wp-content\/uploads\/2009\/03\/venerdi.jpg?resize=300%2C192&amp;ssl=1 300w, https:\/\/i0.wp.com\/www.pigrecoemme.com\/blog\/wp-content\/uploads\/2009\/03\/venerdi.jpg?w=900&amp;ssl=1 900w\" sizes=\"auto, (max-width: 300px) 100vw, 300px\" \/><\/a><\/p>\n<p><a href=\"https:\/\/i0.wp.com\/www.pigrecoemme.com\/blog\/wp-content\/uploads\/2009\/03\/venerdi-1.jpg?ssl=1\"><img data-recalc-dims=\"1\" loading=\"lazy\" decoding=\"async\" class=\"aligncenter size-medium wp-image-138\" title=\"venerdi-1\" src=\"https:\/\/i0.wp.com\/www.pigrecoemme.com\/blog\/wp-content\/uploads\/2009\/03\/venerdi-1.jpg?resize=234%2C300&#038;ssl=1\" alt=\"\" width=\"234\" height=\"300\" srcset=\"https:\/\/i0.wp.com\/www.pigrecoemme.com\/blog\/wp-content\/uploads\/2009\/03\/venerdi-1.jpg?resize=234%2C300&amp;ssl=1 234w, https:\/\/i0.wp.com\/www.pigrecoemme.com\/blog\/wp-content\/uploads\/2009\/03\/venerdi-1.jpg?w=561&amp;ssl=1 561w\" sizes=\"auto, (max-width: 234px) 100vw, 234px\" \/><\/a><\/p>\n","protected":false},"excerpt":{"rendered":"<p>Un&#8217;intervista allo scrittore Ermanno Rea, a cura di Emilio Marrese, raccoglie la suggestione di un&#8217;inchesta fotografica, semplice e forse per questo devastante: le paure dei napoletani. L&#8217;articolo, sul Venerd\u00ec di Repubblica in edicola oggi,&hellip;<\/p>\n","protected":false},"author":2,"featured_media":0,"comment_status":"open","ping_status":"open","sticky":false,"template":"","format":"standard","meta":{"_jetpack_newsletter_access":"","_jetpack_dont_email_post_to_subs":false,"_jetpack_newsletter_tier_id":0,"_jetpack_memberships_contains_paywalled_content":false,"_jetpack_feature_clip_id":0,"_jetpack_memberships_contains_paid_content":false,"footnotes":"","jetpack_post_was_ever_published":false},"categories":[11,1,3],"tags":[20,308,311,27,1283,312,77,313],"class_list":["post-137","post","type-post","status-publish","format-standard","hentry","category-eventi","category-generale","category-scuola-di-cinema","tag-corso-di-fotografia","tag-arte-della-felicita","tag-ermanno-rea","tag-ex-allievi-di-pigrecoemme","tag-fotografia","tag-gomorra","tag-napoli","tag-paura"],"yoast_head":"<!-- This site is optimized with the Yoast SEO plugin v28.3 - https:\/\/yoast.com\/product\/yoast-seo-wordpress\/ -->\n<title>Io ho paura sul Venerd\u00ec<\/title>\n<meta name=\"robots\" content=\"index, follow, max-snippet:-1, max-image-preview:large, max-video-preview:-1\" \/>\n<link rel=\"canonical\" href=\"https:\/\/www.pigrecoemme.com\/blog\/io-non-ho-paura-sul-venerdi\/\" \/>\n<meta property=\"og:locale\" content=\"it_IT\" \/>\n<meta property=\"og:type\" content=\"article\" \/>\n<meta property=\"og:title\" content=\"Io ho paura sul Venerd\u00ec\" \/>\n<meta property=\"og:description\" content=\"Un&#8217;intervista allo scrittore Ermanno Rea, a cura di Emilio Marrese, raccoglie la suggestione di un&#8217;inchesta fotografica, semplice e forse per questo devastante: le paure dei napoletani. L&#8217;articolo, sul Venerd\u00ec di Repubblica in edicola oggi,&hellip;\" \/>\n<meta property=\"og:url\" content=\"https:\/\/www.pigrecoemme.com\/blog\/io-non-ho-paura-sul-venerdi\/\" \/>\n<meta property=\"og:site_name\" content=\"Scuola di Cinema Pigrecoemme - Blog\" \/>\n<meta property=\"article:publisher\" content=\"https:\/\/www.facebook.com\/pigrecoemme\" \/>\n<meta property=\"article:author\" content=\"https:\/\/www.facebook.com\/corrado.morra1\" \/>\n<meta property=\"article:published_time\" content=\"2009-03-20T12:26:22+00:00\" \/>\n<meta property=\"article:modified_time\" content=\"2009-11-19T07:16:10+00:00\" \/>\n<meta property=\"og:image\" content=\"http:\/\/www.pigrecoemme.com\/blog\/wp-content\/uploads\/2009\/03\/venerdi-300x192.jpg\" \/>\n<meta name=\"author\" content=\"Corrado Morra\" \/>\n<meta name=\"twitter:card\" content=\"summary_large_image\" \/>\n<meta name=\"twitter:creator\" content=\"@Pigrecoemme\" \/>\n<meta name=\"twitter:site\" content=\"@Pigrecoemme\" \/>\n<meta name=\"twitter:label1\" content=\"Scritto da\" \/>\n\t<meta name=\"twitter:data1\" content=\"Corrado Morra\" \/>\n\t<meta name=\"twitter:label2\" content=\"Tempo di lettura stimato\" \/>\n\t<meta name=\"twitter:data2\" content=\"1 minuto\" \/>\n<script type=\"application\/ld+json\" class=\"yoast-schema-graph\">{\"@context\":\"https:\\\/\\\/schema.org\",\"@graph\":[{\"@type\":[\"Article\",\"BlogPosting\"],\"@id\":\"https:\\\/\\\/www.pigrecoemme.com\\\/blog\\\/io-non-ho-paura-sul-venerdi\\\/#article\",\"isPartOf\":{\"@id\":\"https:\\\/\\\/www.pigrecoemme.com\\\/blog\\\/io-non-ho-paura-sul-venerdi\\\/\"},\"author\":{\"name\":\"Corrado Morra\",\"@id\":\"https:\\\/\\\/www.pigrecoemme.com\\\/blog\\\/#\\\/schema\\\/person\\\/702764b5ecda4c2f34e82348789f649e\"},\"headline\":\"Io ho paura sul Venerd\u00ec\",\"datePublished\":\"2009-03-20T12:26:22+00:00\",\"dateModified\":\"2009-11-19T07:16:10+00:00\",\"mainEntityOfPage\":{\"@id\":\"https:\\\/\\\/www.pigrecoemme.com\\\/blog\\\/io-non-ho-paura-sul-venerdi\\\/\"},\"wordCount\":216,\"commentCount\":0,\"publisher\":{\"@id\":\"https:\\\/\\\/www.pigrecoemme.com\\\/blog\\\/#organization\"},\"image\":{\"@id\":\"https:\\\/\\\/www.pigrecoemme.com\\\/blog\\\/io-non-ho-paura-sul-venerdi\\\/#primaryimage\"},\"thumbnailUrl\":\"http:\\\/\\\/www.pigrecoemme.com\\\/blog\\\/wp-content\\\/uploads\\\/2009\\\/03\\\/venerdi-300x192.jpg\",\"keywords\":[\"\\\"corso di fotografia\\\"\",\"arte della felicit\u00e0\",\"ermanno rea\",\"ex allievi di pigrecoemme\",\"fotografia\",\"gomorra\",\"napoli\",\"paura\"],\"articleSection\":[\"Eventi\",\"Generale\",\"Scuola di cinema\"],\"inLanguage\":\"it-IT\",\"potentialAction\":[{\"@type\":\"CommentAction\",\"name\":\"Comment\",\"target\":[\"https:\\\/\\\/www.pigrecoemme.com\\\/blog\\\/io-non-ho-paura-sul-venerdi\\\/#respond\"]}]},{\"@type\":\"WebPage\",\"@id\":\"https:\\\/\\\/www.pigrecoemme.com\\\/blog\\\/io-non-ho-paura-sul-venerdi\\\/\",\"url\":\"https:\\\/\\\/www.pigrecoemme.com\\\/blog\\\/io-non-ho-paura-sul-venerdi\\\/\",\"name\":\"Io ho paura sul Venerd\u00ec\",\"isPartOf\":{\"@id\":\"https:\\\/\\\/www.pigrecoemme.com\\\/blog\\\/#website\"},\"primaryImageOfPage\":{\"@id\":\"https:\\\/\\\/www.pigrecoemme.com\\\/blog\\\/io-non-ho-paura-sul-venerdi\\\/#primaryimage\"},\"image\":{\"@id\":\"https:\\\/\\\/www.pigrecoemme.com\\\/blog\\\/io-non-ho-paura-sul-venerdi\\\/#primaryimage\"},\"thumbnailUrl\":\"http:\\\/\\\/www.pigrecoemme.com\\\/blog\\\/wp-content\\\/uploads\\\/2009\\\/03\\\/venerdi-300x192.jpg\",\"datePublished\":\"2009-03-20T12:26:22+00:00\",\"dateModified\":\"2009-11-19T07:16:10+00:00\",\"breadcrumb\":{\"@id\":\"https:\\\/\\\/www.pigrecoemme.com\\\/blog\\\/io-non-ho-paura-sul-venerdi\\\/#breadcrumb\"},\"inLanguage\":\"it-IT\",\"potentialAction\":[{\"@type\":\"ReadAction\",\"target\":[\"https:\\\/\\\/www.pigrecoemme.com\\\/blog\\\/io-non-ho-paura-sul-venerdi\\\/\"]}]},{\"@type\":\"ImageObject\",\"inLanguage\":\"it-IT\",\"@id\":\"https:\\\/\\\/www.pigrecoemme.com\\\/blog\\\/io-non-ho-paura-sul-venerdi\\\/#primaryimage\",\"url\":\"http:\\\/\\\/www.pigrecoemme.com\\\/blog\\\/wp-content\\\/uploads\\\/2009\\\/03\\\/venerdi-300x192.jpg\",\"contentUrl\":\"http:\\\/\\\/www.pigrecoemme.com\\\/blog\\\/wp-content\\\/uploads\\\/2009\\\/03\\\/venerdi-300x192.jpg\"},{\"@type\":\"BreadcrumbList\",\"@id\":\"https:\\\/\\\/www.pigrecoemme.com\\\/blog\\\/io-non-ho-paura-sul-venerdi\\\/#breadcrumb\",\"itemListElement\":[{\"@type\":\"ListItem\",\"position\":1,\"name\":\"Home\",\"item\":\"https:\\\/\\\/www.pigrecoemme.com\\\/blog\\\/\"},{\"@type\":\"ListItem\",\"position\":2,\"name\":\"Io ho paura sul Venerd\u00ec\"}]},{\"@type\":\"WebSite\",\"@id\":\"https:\\\/\\\/www.pigrecoemme.com\\\/blog\\\/#website\",\"url\":\"https:\\\/\\\/www.pigrecoemme.com\\\/blog\\\/\",\"name\":\"Scuola di Cinema Pigrecoemme - Blog\",\"description\":\"Siamo la prima Scuola di Cinema e Fotografia di Napoli\",\"publisher\":{\"@id\":\"https:\\\/\\\/www.pigrecoemme.com\\\/blog\\\/#organization\"},\"potentialAction\":[{\"@type\":\"SearchAction\",\"target\":{\"@type\":\"EntryPoint\",\"urlTemplate\":\"https:\\\/\\\/www.pigrecoemme.com\\\/blog\\\/?s={search_term_string}\"},\"query-input\":{\"@type\":\"PropertyValueSpecification\",\"valueRequired\":true,\"valueName\":\"search_term_string\"}}],\"inLanguage\":\"it-IT\"},{\"@type\":\"Organization\",\"@id\":\"https:\\\/\\\/www.pigrecoemme.com\\\/blog\\\/#organization\",\"name\":\"Scuola di cinema e fotografia Pigrecoemme\",\"url\":\"https:\\\/\\\/www.pigrecoemme.com\\\/blog\\\/\",\"logo\":{\"@type\":\"ImageObject\",\"inLanguage\":\"it-IT\",\"@id\":\"https:\\\/\\\/www.pigrecoemme.com\\\/blog\\\/#\\\/schema\\\/logo\\\/image\\\/\",\"url\":\"https:\\\/\\\/i0.wp.com\\\/www.pigrecoemme.com\\\/blog\\\/wp-content\\\/uploads\\\/2018\\\/06\\\/logo-pigrecoemme-2018.png?fit=500%2C500&ssl=1\",\"contentUrl\":\"https:\\\/\\\/i0.wp.com\\\/www.pigrecoemme.com\\\/blog\\\/wp-content\\\/uploads\\\/2018\\\/06\\\/logo-pigrecoemme-2018.png?fit=500%2C500&ssl=1\",\"width\":500,\"height\":500,\"caption\":\"Scuola di cinema e fotografia Pigrecoemme\"},\"image\":{\"@id\":\"https:\\\/\\\/www.pigrecoemme.com\\\/blog\\\/#\\\/schema\\\/logo\\\/image\\\/\"},\"sameAs\":[\"https:\\\/\\\/www.facebook.com\\\/pigrecoemme\",\"https:\\\/\\\/x.com\\\/Pigrecoemme\",\"https:\\\/\\\/www.instagram.com\\\/pigrecoemme\\\/\",\"https:\\\/\\\/www.linkedin.com\\\/company\\\/pigrecoemme\\\/\",\"https:\\\/\\\/www.youtube.com\\\/pigrecoemme\"]},{\"@type\":\"Person\",\"@id\":\"https:\\\/\\\/www.pigrecoemme.com\\\/blog\\\/#\\\/schema\\\/person\\\/702764b5ecda4c2f34e82348789f649e\",\"name\":\"Corrado Morra\",\"image\":{\"@type\":\"ImageObject\",\"inLanguage\":\"it-IT\",\"@id\":\"https:\\\/\\\/secure.gravatar.com\\\/avatar\\\/f6ce2f6728fbdf920737112fe70682512808577befa2c9c7845c04a8449b8f03?s=96&r=g\",\"url\":\"https:\\\/\\\/secure.gravatar.com\\\/avatar\\\/f6ce2f6728fbdf920737112fe70682512808577befa2c9c7845c04a8449b8f03?s=96&r=g\",\"contentUrl\":\"https:\\\/\\\/secure.gravatar.com\\\/avatar\\\/f6ce2f6728fbdf920737112fe70682512808577befa2c9c7845c04a8449b8f03?s=96&r=g\",\"caption\":\"Corrado Morra\"},\"description\":\"Esperto di arti visive e di cinema, insegna Sceneggiatura alla Scuola di cinema Pigrecoemme di Napoli, di cui \u00e8 tra i fondatori.\",\"sameAs\":[\"http:\\\/\\\/www.pigrecoemme.com\\\/\",\"https:\\\/\\\/www.facebook.com\\\/corrado.morra1\"],\"url\":\"https:\\\/\\\/www.pigrecoemme.com\\\/blog\\\/author\\\/corrado-morra\\\/\"}]}<\/script>\n<!-- \/ Yoast SEO plugin. -->","yoast_head_json":{"title":"Io ho paura sul Venerd\u00ec","robots":{"index":"index","follow":"follow","max-snippet":"max-snippet:-1","max-image-preview":"max-image-preview:large","max-video-preview":"max-video-preview:-1"},"canonical":"https:\/\/www.pigrecoemme.com\/blog\/io-non-ho-paura-sul-venerdi\/","og_locale":"it_IT","og_type":"article","og_title":"Io ho paura sul Venerd\u00ec","og_description":"Un&#8217;intervista allo scrittore Ermanno Rea, a cura di Emilio Marrese, raccoglie la suggestione di un&#8217;inchesta fotografica, semplice e forse per questo devastante: le paure dei napoletani. L&#8217;articolo, sul Venerd\u00ec di Repubblica in edicola oggi,&hellip;","og_url":"https:\/\/www.pigrecoemme.com\/blog\/io-non-ho-paura-sul-venerdi\/","og_site_name":"Scuola di Cinema Pigrecoemme - Blog","article_publisher":"https:\/\/www.facebook.com\/pigrecoemme","article_author":"https:\/\/www.facebook.com\/corrado.morra1","article_published_time":"2009-03-20T12:26:22+00:00","article_modified_time":"2009-11-19T07:16:10+00:00","og_image":[{"url":"http:\/\/www.pigrecoemme.com\/blog\/wp-content\/uploads\/2009\/03\/venerdi-300x192.jpg","type":"","width":"","height":""}],"author":"Corrado Morra","twitter_card":"summary_large_image","twitter_creator":"@Pigrecoemme","twitter_site":"@Pigrecoemme","twitter_misc":{"Scritto da":"Corrado Morra","Tempo di lettura stimato":"1 minuto"},"schema":{"@context":"https:\/\/schema.org","@graph":[{"@type":["Article","BlogPosting"],"@id":"https:\/\/www.pigrecoemme.com\/blog\/io-non-ho-paura-sul-venerdi\/#article","isPartOf":{"@id":"https:\/\/www.pigrecoemme.com\/blog\/io-non-ho-paura-sul-venerdi\/"},"author":{"name":"Corrado Morra","@id":"https:\/\/www.pigrecoemme.com\/blog\/#\/schema\/person\/702764b5ecda4c2f34e82348789f649e"},"headline":"Io ho paura sul Venerd\u00ec","datePublished":"2009-03-20T12:26:22+00:00","dateModified":"2009-11-19T07:16:10+00:00","mainEntityOfPage":{"@id":"https:\/\/www.pigrecoemme.com\/blog\/io-non-ho-paura-sul-venerdi\/"},"wordCount":216,"commentCount":0,"publisher":{"@id":"https:\/\/www.pigrecoemme.com\/blog\/#organization"},"image":{"@id":"https:\/\/www.pigrecoemme.com\/blog\/io-non-ho-paura-sul-venerdi\/#primaryimage"},"thumbnailUrl":"http:\/\/www.pigrecoemme.com\/blog\/wp-content\/uploads\/2009\/03\/venerdi-300x192.jpg","keywords":["\"corso di fotografia\"","arte della felicit\u00e0","ermanno rea","ex allievi di pigrecoemme","fotografia","gomorra","napoli","paura"],"articleSection":["Eventi","Generale","Scuola di cinema"],"inLanguage":"it-IT","potentialAction":[{"@type":"CommentAction","name":"Comment","target":["https:\/\/www.pigrecoemme.com\/blog\/io-non-ho-paura-sul-venerdi\/#respond"]}]},{"@type":"WebPage","@id":"https:\/\/www.pigrecoemme.com\/blog\/io-non-ho-paura-sul-venerdi\/","url":"https:\/\/www.pigrecoemme.com\/blog\/io-non-ho-paura-sul-venerdi\/","name":"Io ho paura sul Venerd\u00ec","isPartOf":{"@id":"https:\/\/www.pigrecoemme.com\/blog\/#website"},"primaryImageOfPage":{"@id":"https:\/\/www.pigrecoemme.com\/blog\/io-non-ho-paura-sul-venerdi\/#primaryimage"},"image":{"@id":"https:\/\/www.pigrecoemme.com\/blog\/io-non-ho-paura-sul-venerdi\/#primaryimage"},"thumbnailUrl":"http:\/\/www.pigrecoemme.com\/blog\/wp-content\/uploads\/2009\/03\/venerdi-300x192.jpg","datePublished":"2009-03-20T12:26:22+00:00","dateModified":"2009-11-19T07:16:10+00:00","breadcrumb":{"@id":"https:\/\/www.pigrecoemme.com\/blog\/io-non-ho-paura-sul-venerdi\/#breadcrumb"},"inLanguage":"it-IT","potentialAction":[{"@type":"ReadAction","target":["https:\/\/www.pigrecoemme.com\/blog\/io-non-ho-paura-sul-venerdi\/"]}]},{"@type":"ImageObject","inLanguage":"it-IT","@id":"https:\/\/www.pigrecoemme.com\/blog\/io-non-ho-paura-sul-venerdi\/#primaryimage","url":"http:\/\/www.pigrecoemme.com\/blog\/wp-content\/uploads\/2009\/03\/venerdi-300x192.jpg","contentUrl":"http:\/\/www.pigrecoemme.com\/blog\/wp-content\/uploads\/2009\/03\/venerdi-300x192.jpg"},{"@type":"BreadcrumbList","@id":"https:\/\/www.pigrecoemme.com\/blog\/io-non-ho-paura-sul-venerdi\/#breadcrumb","itemListElement":[{"@type":"ListItem","position":1,"name":"Home","item":"https:\/\/www.pigrecoemme.com\/blog\/"},{"@type":"ListItem","position":2,"name":"Io ho paura sul Venerd\u00ec"}]},{"@type":"WebSite","@id":"https:\/\/www.pigrecoemme.com\/blog\/#website","url":"https:\/\/www.pigrecoemme.com\/blog\/","name":"Scuola di Cinema Pigrecoemme - Blog","description":"Siamo la prima Scuola di Cinema e Fotografia di Napoli","publisher":{"@id":"https:\/\/www.pigrecoemme.com\/blog\/#organization"},"potentialAction":[{"@type":"SearchAction","target":{"@type":"EntryPoint","urlTemplate":"https:\/\/www.pigrecoemme.com\/blog\/?s={search_term_string}"},"query-input":{"@type":"PropertyValueSpecification","valueRequired":true,"valueName":"search_term_string"}}],"inLanguage":"it-IT"},{"@type":"Organization","@id":"https:\/\/www.pigrecoemme.com\/blog\/#organization","name":"Scuola di cinema e fotografia Pigrecoemme","url":"https:\/\/www.pigrecoemme.com\/blog\/","logo":{"@type":"ImageObject","inLanguage":"it-IT","@id":"https:\/\/www.pigrecoemme.com\/blog\/#\/schema\/logo\/image\/","url":"https:\/\/i0.wp.com\/www.pigrecoemme.com\/blog\/wp-content\/uploads\/2018\/06\/logo-pigrecoemme-2018.png?fit=500%2C500&ssl=1","contentUrl":"https:\/\/i0.wp.com\/www.pigrecoemme.com\/blog\/wp-content\/uploads\/2018\/06\/logo-pigrecoemme-2018.png?fit=500%2C500&ssl=1","width":500,"height":500,"caption":"Scuola di cinema e fotografia Pigrecoemme"},"image":{"@id":"https:\/\/www.pigrecoemme.com\/blog\/#\/schema\/logo\/image\/"},"sameAs":["https:\/\/www.facebook.com\/pigrecoemme","https:\/\/x.com\/Pigrecoemme","https:\/\/www.instagram.com\/pigrecoemme\/","https:\/\/www.linkedin.com\/company\/pigrecoemme\/","https:\/\/www.youtube.com\/pigrecoemme"]},{"@type":"Person","@id":"https:\/\/www.pigrecoemme.com\/blog\/#\/schema\/person\/702764b5ecda4c2f34e82348789f649e","name":"Corrado Morra","image":{"@type":"ImageObject","inLanguage":"it-IT","@id":"https:\/\/secure.gravatar.com\/avatar\/f6ce2f6728fbdf920737112fe70682512808577befa2c9c7845c04a8449b8f03?s=96&r=g","url":"https:\/\/secure.gravatar.com\/avatar\/f6ce2f6728fbdf920737112fe70682512808577befa2c9c7845c04a8449b8f03?s=96&r=g","contentUrl":"https:\/\/secure.gravatar.com\/avatar\/f6ce2f6728fbdf920737112fe70682512808577befa2c9c7845c04a8449b8f03?s=96&r=g","caption":"Corrado Morra"},"description":"Esperto di arti visive e di cinema, insegna Sceneggiatura alla Scuola di cinema Pigrecoemme di Napoli, di cui \u00e8 tra i fondatori.","sameAs":["http:\/\/www.pigrecoemme.com\/","https:\/\/www.facebook.com\/corrado.morra1"],"url":"https:\/\/www.pigrecoemme.com\/blog\/author\/corrado-morra\/"}]}},"jetpack_sharing_enabled":true,"jetpack_likes_enabled":true,"jetpack-related-posts":[{"id":637,"url":"https:\/\/www.pigrecoemme.com\/blog\/inchiesta-fotografica-in-collaborazione-con-larte-della-felicita\/","url_meta":{"origin":137,"position":0},"title":"Inchiesta fotografica in collaborazione con L&#8217;arte della Felicit\u00e0","author":"Giacomo Fabbrocino","date":"17 Aprile 2013","format":false,"excerpt":"Invito a partecipare alla nostra inchiesta fotografica sul desiderio. Realizza fotografie secondo le due modalit\u00e0 spiegate nei file da scaricare e partecipa all'evento. Le foto migliori saranno pubblicate sul catalogo\u00a0dell'edizione 2013 de L'arte della felicit\u00e0. Hai tempo fino al 15 maggio per inviare le tue fotografie Scarica l'informativa con le\u2026","rel":"","context":"In &quot;Eventi&quot;","block_context":{"text":"Eventi","link":"https:\/\/www.pigrecoemme.com\/blog\/eventi\/"},"img":{"alt_text":"","src":"https:\/\/i0.wp.com\/fbcdn-sphotos-c-a.akamaihd.net\/hphotos-ak-ash3\/58165_586022958083043_1980705459_n.png?resize=350%2C200&ssl=1","width":350,"height":200},"classes":[]},{"id":135,"url":"https:\/\/www.pigrecoemme.com\/blog\/larte-della-felicita-io-ho-paura\/","url_meta":{"origin":137,"position":1},"title":"L&#8217;arte della felicit\u00e0: Io Ho Paura","author":"Giacomo Fabbrocino","date":"16 Marzo 2009","format":false,"excerpt":"La quinta edizione dell'Arte della Felicit\u00e0, la manifestazione ideata da Francesca Mauro e Luciano Stella, quest'anno aprir\u00e0 con un\u2019 inchiesta fotografica dal titolo \u201cIo ho paura\u201d alla quale Pigrecoemme ha contribuito coinvolgendo allievi, ex allievi e simpatizzanti. L'inchiesta ha cercato di sollecitare i partecipanti ad visualizzare un'emozione, la paura, spesso\u2026","rel":"","context":"In &quot;Eventi&quot;","block_context":{"text":"Eventi","link":"https:\/\/www.pigrecoemme.com\/blog\/eventi\/"},"img":{"alt_text":"","src":"","width":0,"height":0},"classes":[]},{"id":186,"url":"https:\/\/www.pigrecoemme.com\/blog\/pigrecoemme-cerca-giovani-fotografi\/","url_meta":{"origin":137,"position":2},"title":"Pigrecoemme cerca giovani fotografi","author":"Giacomo Fabbrocino","date":"8 Novembre 2009","format":false,"excerpt":"La Scuola di cinema Pigrecoemme cerca giovani fotografi per promuoverne il lavoro con una serie di mostre ed un catalogo di prossima pubblicazione. Per questa ragione Pigrecoemme organizza due incontri \u2013 marted\u00ec 10 novembre e marted\u00ec I dicembre 2009 \u2013 aperti a quanti, fotografi professionisti, fotoamatori o semplici curiosi, vogliano\u2026","rel":"","context":"In &quot;Eventi&quot;","block_context":{"text":"Eventi","link":"https:\/\/www.pigrecoemme.com\/blog\/eventi\/"},"img":{"alt_text":"In giro per la citt\u00e0..pedalando pedalando..","src":"https:\/\/i0.wp.com\/farm3.static.flickr.com\/2559\/3713421668_cc43ed957e_m.jpg?resize=350%2C200","width":350,"height":200},"classes":[]},{"id":145,"url":"https:\/\/www.pigrecoemme.com\/blog\/io-ho-paura-il-video-i-parte\/","url_meta":{"origin":137,"position":3},"title":"IO HO PAURA &#8211; Il Video","author":"Giacomo Fabbrocino","date":"22 Aprile 2009","format":false,"excerpt":"Approfittiamo del fatto che l'organizzazione dell'Arte della Felicit\u00e0 abbia pubblicato su Yotube ll video realizzato anche con gli scatti dei partecipanti ai nostri corsi di fotografia per postarlo qui sul blog. Il video \u00e8 stato proiettato al Teatro Mercadante di Napoli in occasione dell'inaugurazione della manifestazione.","rel":"","context":"In &quot;Eventi&quot;","block_context":{"text":"Eventi","link":"https:\/\/www.pigrecoemme.com\/blog\/eventi\/"},"img":{"alt_text":"","src":"","width":0,"height":0},"classes":[]},{"id":216,"url":"https:\/\/www.pigrecoemme.com\/blog\/nuovo-incontro-fotografico-il-25-marzo\/","url_meta":{"origin":137,"position":4},"title":"Nuovo incontro fotografico il 25 marzo","author":"Giacomo Fabbrocino","date":"20 Marzo 2010","format":false,"excerpt":"Nuovo incontro: gioved\u00ec 25 marzo 2010 h. 17.00-20.00 presso Scuola di Cinema Pigrecoemme Piazza Portanova 11, Napoli. Dopo la collaborazione con la prestigiosa rassegna l\u2019Arte della felicit\u00e0 e con l\u2019associazione Achab, che anche quest\u2019anno produrr\u00e0 con Pigrecoemme un\u2019importante mostra fotografica di prossima vernice, e dopo l'esperienza di \"La Mia Napoli\"\u2026","rel":"","context":"In &quot;Eventi&quot;","block_context":{"text":"Eventi","link":"https:\/\/www.pigrecoemme.com\/blog\/eventi\/"},"img":{"alt_text":"","src":"","width":0,"height":0},"classes":[]},{"id":204,"url":"https:\/\/www.pigrecoemme.com\/blog\/la-scuola-di-cinema-pigrecoemme-cerca-fotografi-incontro-martedi-23-febbraio\/","url_meta":{"origin":137,"position":5},"title":"La Scuola di cinema Pigrecoemme cerca fotografi. Incontro marted\u00ec 23 febbraio","author":"Giacomo Fabbrocino","date":"18 Febbraio 2010","format":false,"excerpt":"Dopo la collaborazione con la prestigiosa rassegna l'Arte della felicit\u00e0 e con l'associazione Achab, che anche quest'anno produrr\u00e0 con Pigrecoemme un'importante mostra fotografica di prossima vernice, continua la ricerca di nuovi fotografi che la Scuola di cinema e fotografia di Napoli ha intrapreso ormai da tempo. Obiettivo: la promozione del\u2026","rel":"","context":"In &quot;Fotografia&quot;","block_context":{"text":"Fotografia","link":"https:\/\/www.pigrecoemme.com\/blog\/fotografia\/"},"img":{"alt_text":"MonTI RoSa","src":"https:\/\/i0.wp.com\/farm5.static.flickr.com\/4061\/4365998774_f3a5b64138.jpg?resize=350%2C200","width":350,"height":200},"classes":[]}],"jetpack_featured_media_url":"","_links":{"self":[{"href":"https:\/\/www.pigrecoemme.com\/blog\/wp-json\/wp\/v2\/posts\/137","targetHints":{"allow":["GET"]}}],"collection":[{"href":"https:\/\/www.pigrecoemme.com\/blog\/wp-json\/wp\/v2\/posts"}],"about":[{"href":"https:\/\/www.pigrecoemme.com\/blog\/wp-json\/wp\/v2\/types\/post"}],"author":[{"embeddable":true,"href":"https:\/\/www.pigrecoemme.com\/blog\/wp-json\/wp\/v2\/users\/2"}],"replies":[{"embeddable":true,"href":"https:\/\/www.pigrecoemme.com\/blog\/wp-json\/wp\/v2\/comments?post=137"}],"version-history":[{"count":0,"href":"https:\/\/www.pigrecoemme.com\/blog\/wp-json\/wp\/v2\/posts\/137\/revisions"}],"wp:attachment":[{"href":"https:\/\/www.pigrecoemme.com\/blog\/wp-json\/wp\/v2\/media?parent=137"}],"wp:term":[{"taxonomy":"category","embeddable":true,"href":"https:\/\/www.pigrecoemme.com\/blog\/wp-json\/wp\/v2\/categories?post=137"},{"taxonomy":"post_tag","embeddable":true,"href":"https:\/\/www.pigrecoemme.com\/blog\/wp-json\/wp\/v2\/tags?post=137"}],"curies":[{"name":"wp","href":"https:\/\/api.w.org\/{rel}","templated":true}]}}