{"id":1368,"date":"2015-05-16T13:13:50","date_gmt":"2015-05-16T11:13:50","guid":{"rendered":"http:\/\/www.pigrecoemme.com\/blog\/?p=1368"},"modified":"2015-05-17T09:02:21","modified_gmt":"2015-05-17T07:02:21","slug":"palombella-rossa","status":"publish","type":"post","link":"https:\/\/www.pigrecoemme.com\/blog\/palombella-rossa\/","title":{"rendered":"Per &#8220;Cinema e storia&#8221;, Palombella rossa all&#8217;Accademia di Belle Arti"},"content":{"rendered":"<p><a href=\"https:\/\/i0.wp.com\/www.pigrecoemme.com\/blog\/wp-content\/uploads\/2015\/05\/palombella-rossa.jpg?ssl=1\"><img data-recalc-dims=\"1\" loading=\"lazy\" decoding=\"async\" class=\"aligncenter size-full wp-image-1369\" src=\"https:\/\/i0.wp.com\/www.pigrecoemme.com\/blog\/wp-content\/uploads\/2015\/05\/palombella-rossa.jpg?resize=484%2C252&#038;ssl=1\" alt=\"palombella-rossa\" width=\"484\" height=\"252\" srcset=\"https:\/\/i0.wp.com\/www.pigrecoemme.com\/blog\/wp-content\/uploads\/2015\/05\/palombella-rossa.jpg?w=484&amp;ssl=1 484w, https:\/\/i0.wp.com\/www.pigrecoemme.com\/blog\/wp-content\/uploads\/2015\/05\/palombella-rossa.jpg?resize=300%2C156&amp;ssl=1 300w\" sizes=\"auto, (max-width: 484px) 100vw, 484px\" \/><\/a><\/p>\n<p><strong>Mercoled\u00ec 20 maggio<\/strong>, alle <strong>ore 10:30<\/strong>, presso il <strong>teatro<\/strong> dell\u2019<strong>Accademia di Belle arti<\/strong> di Napoli, <strong>Corrado Morra<\/strong>, docente del <a href=\"http:\/\/www.pigrecoemme.com\/corsi\/corso-sceneggiatura.htm\">corso di sceneggiatura<\/a> di <strong>Pigrecoemme<\/strong>, introdurr\u00e0\u00a0<strong>Palombella rossa <\/strong>di <strong>Nanni Moretti<\/strong>.<br \/>\nLa proiezione, a ingresso gratuito fino a esaurimento posti, si inserisce\u00a0nel programma della XVII edizione della rassegna <strong>Cinema e storia<\/strong>, dedicata quest\u2019anno agli anni Ottanta.<br \/>\nOrganizzata dall\u2019<strong>Accademia di belle arti di Napoli<\/strong> e dall\u2019<strong>Universit\u00e0 degli studi di Napoli \u201cFederico II\u201d &#8211;\u00a0Master di II livello in drammaturgia e cinematografia<\/strong>, <strong>Cinema e storia<\/strong> \u00e8 a cura di <strong>Mario Franco<\/strong>, <strong>Pasquale Iaccio<\/strong> e <strong>Vincenzo Esposito<\/strong>.<!--more--><\/p>\n<figure id=\"attachment_1370\" aria-describedby=\"caption-attachment-1370\" style=\"width: 211px\" class=\"wp-caption alignleft\"><a href=\"https:\/\/i0.wp.com\/www.pigrecoemme.com\/blog\/wp-content\/uploads\/2015\/05\/cinema-e-storia-2015.jpg?ssl=1\"><img data-recalc-dims=\"1\" loading=\"lazy\" decoding=\"async\" class=\"size-medium wp-image-1370\" src=\"https:\/\/i0.wp.com\/www.pigrecoemme.com\/blog\/wp-content\/uploads\/2015\/05\/cinema-e-storia-2015.jpg?resize=211%2C300&#038;ssl=1\" alt=\"La locandina con il programma della rassegna\" width=\"211\" height=\"300\" srcset=\"https:\/\/i0.wp.com\/www.pigrecoemme.com\/blog\/wp-content\/uploads\/2015\/05\/cinema-e-storia-2015.jpg?resize=211%2C300&amp;ssl=1 211w, https:\/\/i0.wp.com\/www.pigrecoemme.com\/blog\/wp-content\/uploads\/2015\/05\/cinema-e-storia-2015.jpg?resize=300%2C427&amp;ssl=1 300w, https:\/\/i0.wp.com\/www.pigrecoemme.com\/blog\/wp-content\/uploads\/2015\/05\/cinema-e-storia-2015.jpg?w=674&amp;ssl=1 674w\" sizes=\"auto, (max-width: 211px) 100vw, 211px\" \/><\/a><figcaption id=\"caption-attachment-1370\" class=\"wp-caption-text\">La locandina con il programma della rassegna<\/figcaption><\/figure>\n<p><em>Palombella rossa<\/em> (1989) \u00e8 tra i film pi\u00f9 esplicitamente politici di Moretti e, tramite la metafora dello sport di squadra, si presenta anche come una sofferta analisi della situazione politica e sociale dell\u2019Italia della fine del decennio.<br \/>\nUn periodo all&#8217;insegna del &#8220;riflusso&#8221; e del &#8220;disimpegno&#8221;, come un\u2019ormai conclamata vulgata vorrebbe imporre, gli anni Ottanta sono stati, invece, un periodo\u00a0ben pi\u00f9 complesso, che anche il cinema italiano ha saputo raccontare nei suoi infiniti chiaroscuri.<br \/>\nCinematograficamente, potremmo far partire il decennio dalla ridefinizione del mito del viaggio di <strong>Ricomincio da tre<\/strong> (1981) di <strong>Massimo Troisi<\/strong> (che coincideva con una revisione antiretorica dell\u2019identit\u00e0 napoletana), non pi\u00f9 rito collettivo, come nella controcultura degli anni Settanta, o necessit\u00e0 sociale, come nell\u2019economia industriale dell\u2019emigrazione, ma epica individuale, che ipotizzava una via romantica all\u2019esplorazione esistenziale <em>\u00e0 la <\/em>Bruce Chatwin, anticipando finanche la massificazione dell\u2019esperienza turistica banalizzata via\u00a0Ryanair.<\/p>\n<figure id=\"attachment_1372\" aria-describedby=\"caption-attachment-1372\" style=\"width: 704px\" class=\"wp-caption aligncenter\"><a href=\"https:\/\/i0.wp.com\/www.pigrecoemme.com\/blog\/wp-content\/uploads\/2015\/05\/i-love-you.jpg?ssl=1\"><img data-recalc-dims=\"1\" loading=\"lazy\" decoding=\"async\" class=\"size-full wp-image-1372\" src=\"https:\/\/i0.wp.com\/www.pigrecoemme.com\/blog\/wp-content\/uploads\/2015\/05\/i-love-you.jpg?resize=704%2C432&#038;ssl=1\" alt=\"Prima di &quot;Her&quot; di Spike Jonze, &quot;I Love You&quot; di Marco Ferreri.\" width=\"704\" height=\"432\" srcset=\"https:\/\/i0.wp.com\/www.pigrecoemme.com\/blog\/wp-content\/uploads\/2015\/05\/i-love-you.jpg?w=704&amp;ssl=1 704w, https:\/\/i0.wp.com\/www.pigrecoemme.com\/blog\/wp-content\/uploads\/2015\/05\/i-love-you.jpg?resize=300%2C184&amp;ssl=1 300w, https:\/\/i0.wp.com\/www.pigrecoemme.com\/blog\/wp-content\/uploads\/2015\/05\/i-love-you.jpg?resize=489%2C300&amp;ssl=1 489w\" sizes=\"auto, (max-width: 704px) 100vw, 704px\" \/><\/a><figcaption id=\"caption-attachment-1372\" class=\"wp-caption-text\">Prima di &#8220;Her&#8221; di Spike Jonze, &#8220;I Love You&#8221; di Marco Ferreri.<\/figcaption><\/figure>\n<p>\u00c8 poi del 1986 un altro film epocale (e molto sottovalutato), qual \u00e8 <strong>I Love You<\/strong> di <strong>Marco Ferreri<\/strong>, in cui,\u00a0espressa in maniera geniale, c&#8217;\u00e8\u00a0una potente intuizione sul destino <em>cosale<\/em> delle relazioni umane e sulla manifesta\u00a0reificazione dell\u2019amore, che, grazie al volto muliebre di un portachiavi elettronico,\u00a0anticipava politicamente (e ben dieci anni prima dell&#8217;apparizione del\u00a0<strong>Tamagotchi<\/strong>!), la postura definitiva della contemporaneit\u00e0: ossia l\u2019auto-autismo degli occhi abbassati sui gadget e i device mobili contemporanei, sulla cui superficie polita avviene oggi la vera mediazione, definitiva e alienante, tra individuo e realt\u00e0.<\/p>\n<p>Ed \u00e8 proprio con <em>Palombella rossa<\/em> che sembra chiudersi una certa idea del\u00a0decennio, con una riflessione politica di Moretti (che \u00e8 anche contemporaneamente una meta-riflessione sul suo cinema e sulla memoria), che ci ricorda come, oltre all&#8217;efficacia merceologica di <em>payoff<\/em> e <em>headline<\/em> dei messaggi pubblicitari della &#8220;Milano da bere&#8221;, <em>koin\u00e8<\/em> imperante di quegli anni, esista la necessit\u00e0 di una riflessione costante sull\u2019<em>importanza delle parole<\/em>, ossia sulla ridefinizione del senso.<\/p>\n<p>E le parole sono importanti proprio perch\u00e9, come uno specchio d&#8217;acqua, dovrebbero essere sempre chiare e trasparenti.\u00a0E lo\u00a0specchio d&#8217;acqua \u00e8 qui quello di una piscina, il campo da gioco della pallanuoto, che Moretti sceglie per\u00a0<em>mettere in campo<\/em>\u00a0i suoi fantasmi, spazio evidentemente simbolico, in cui ognuno di noi\u00a0\u2013 nella sofferta contraddizione dell\u2019<em>acqua alta<\/em>, che infine \u00e8 la condizione umana \u2013 \u00e8 costretto a galleggiare, attento a\u00a0scansare il mercimonio sempre in agguato sul capitale dei sentimenti e sulla forza creatrice del\u00a0<em>verbo<\/em>\u00a0(oltre alle vuote espressioni del linguaggio giornalistico, nel film, i cartelloni pubblicitari con le marche dei dolci in\u00a0piscina \u2013 vere sirene provocatrici del desiderio e del ricordo \u2013 ne sono il pi\u00f9 potente equivalente narrativo).\u00a0&#8220;Io odio la parola scritta&#8221;, dir\u00e0\u00a0a un certo punto Michele in <em>Palombella rossa<\/em>, quella parola scritta che definisce, testimonia, cristallizza, rendendo il ricordo immutabile, e il sentimento un indizio, e forse, proprio per questo, banalizzandolo e addirittura uccidendolo. Ma sulla superficie dell&#8217;acqua, si sa, \u00e8 impossibile\u00a0scrivere&#8230;<\/p>\n<p>Durante\u00a0la breve presentazione, tempo permettendo, si parler\u00e0 del testo della canzone <em>\u201cHeroes\u201d<\/em> di David Bowie, dell\u2019alibi del muro di Berlino, del costante anacronismo del sentimento amoroso in Roland Barthes, del fallimento del situazionismo punk, del tramonto delle ideologie, del Sol dell\u2019Avvenire, di Pinocchio, di <em>Fino all\u2019ultimo respiro<\/em>, del &#8220;Silencio&#8221; in David Lynch, della Parola in Dreyer, di sogni, di Bruce Springsteen, di \u201cTo be on fire\u201d vs\u00a0il rigurgito operaista di \u201cTo be fired\u201d, di amnesia e anamnesi, del <em>Dottor \u017divago<\/em> e, inevitabilmente, dell\u2019amore impossibile, rileggendo <em>Palombella rossa<\/em> come la cartina di tornasole delle tensioni esistenziali non sciolte tra dimensione politica e sfera del privato, che tanto profondamente hanno definito il tessuto culturale e sociale degli anni Ottanta. Ma, a ben vedere, sono proprio quelle le tensioni che delineano, altrettanto profondamente, la determinante polarit\u00e0 di qualsiasi\u00a0sfera dell&#8217;agire umano.<\/p>\n<p>Alcune di queste suggestioni del cinema di Moretti saranno poi riprese e approfondite durante il <a href=\"http:\/\/www.pigrecoemme.com\/corsi\/corso-sceneggiatura.htm\">corso di sceneggiatura<\/a> della Scuola di cinema Pigrecoemme, che ripartir\u00e0 dal <strong>16 giugno<\/strong> in forma intensiva, e che in quest\u2019edizione, all\u2019ormai abituale analisi del paradigma in tre atti del film <strong>La stanza del figlio<\/strong>, tra i numerosi spunti far\u00e0 riferimento anche alla struttura in due atti dell\u2019ultimo lavoro del regista: <a href=\"https:\/\/www.pigrecoemme.com\/blog\/mia-madre-il-latino-ed-altre-radici\/\">Mia madre<\/a>.<\/p>\n","protected":false},"excerpt":{"rendered":"<p>Mercoled\u00ec 20 maggio, alle ore 10:30, presso il teatro dell\u2019Accademia di Belle arti di Napoli, Corrado Morra, docente del corso di sceneggiatura di Pigrecoemme, introdurr\u00e0\u00a0Palombella rossa di Nanni Moretti. La proiezione, a ingresso gratuito&hellip;<\/p>\n","protected":false},"author":4,"featured_media":0,"comment_status":"open","ping_status":"open","sticky":false,"template":"","format":"standard","meta":{"_jetpack_newsletter_access":"","_jetpack_dont_email_post_to_subs":false,"_jetpack_newsletter_tier_id":0,"_jetpack_memberships_contains_paywalled_content":false,"_jetpack_feature_clip_id":0,"_jetpack_memberships_contains_paid_content":false,"footnotes":"","jetpack_post_was_ever_published":false},"categories":[950,11,1,731],"tags":[882,1142,1140,227,1143,348,1130,1141,753,381],"class_list":["post-1368","post","type-post","status-publish","format-standard","hentry","category-analisi-e-critica-2","category-eventi","category-generale","category-segnalazioni","tag-accademia-di-belle-arti-di-napoli","tag-anni-ottanta","tag-cinema-e-storia","tag-corrado-morra","tag-federico-ii","tag-mario-franco","tag-nanni-moretti","tag-palombella-rossa","tag-pasquale-iaccio","tag-vincenzo-esposito"],"yoast_head":"<!-- This site is optimized with the Yoast SEO plugin v28.3 - https:\/\/yoast.com\/product\/yoast-seo-wordpress\/ -->\n<title>Per &quot;Cinema e storia&quot;, Palombella rossa all&#039;Accademia di Belle Arti<\/title>\n<meta name=\"description\" content=\"Il 20 maggio, all\u2019Accademia di Belle arti di Napoli, Corrado Morra, docente di sceneggiatura alla Pigrecoemme, presenta Palombella rossa di Nanni Moretti.\" \/>\n<meta name=\"robots\" content=\"index, follow, max-snippet:-1, max-image-preview:large, max-video-preview:-1\" \/>\n<link rel=\"canonical\" href=\"https:\/\/www.pigrecoemme.com\/blog\/palombella-rossa\/\" \/>\n<meta property=\"og:locale\" content=\"it_IT\" \/>\n<meta property=\"og:type\" content=\"article\" \/>\n<meta property=\"og:title\" content=\"Per &quot;Cinema e storia&quot;, Palombella rossa all&#039;Accademia di Belle Arti\" \/>\n<meta property=\"og:description\" content=\"Il 20 maggio, all\u2019Accademia di Belle arti di Napoli, Corrado Morra, docente di sceneggiatura alla Pigrecoemme, presenta Palombella rossa di Nanni Moretti.\" \/>\n<meta property=\"og:url\" content=\"https:\/\/www.pigrecoemme.com\/blog\/palombella-rossa\/\" \/>\n<meta property=\"og:site_name\" content=\"Scuola di Cinema Pigrecoemme - Blog\" \/>\n<meta property=\"article:publisher\" content=\"https:\/\/www.facebook.com\/pigrecoemme\" \/>\n<meta property=\"article:author\" content=\"https:\/\/www.facebook.com\/pigrecoemme\" \/>\n<meta property=\"article:published_time\" content=\"2015-05-16T11:13:50+00:00\" \/>\n<meta property=\"article:modified_time\" content=\"2015-05-17T07:02:21+00:00\" \/>\n<meta property=\"og:image\" content=\"http:\/\/www.pigrecoemme.com\/blog\/wp-content\/uploads\/2015\/05\/palombella-rossa.jpg\" \/>\n<meta name=\"author\" content=\"Pigrecoemme\" \/>\n<meta name=\"twitter:card\" content=\"summary_large_image\" \/>\n<meta name=\"twitter:creator\" content=\"@Pigrecoemme\" \/>\n<meta name=\"twitter:site\" content=\"@Pigrecoemme\" \/>\n<meta name=\"twitter:label1\" content=\"Scritto da\" \/>\n\t<meta name=\"twitter:data1\" content=\"Pigrecoemme\" \/>\n\t<meta name=\"twitter:label2\" content=\"Tempo di lettura stimato\" \/>\n\t<meta name=\"twitter:data2\" content=\"4 minuti\" \/>\n<script type=\"application\/ld+json\" class=\"yoast-schema-graph\">{\"@context\":\"https:\\\/\\\/schema.org\",\"@graph\":[{\"@type\":[\"Article\",\"BlogPosting\"],\"@id\":\"https:\\\/\\\/www.pigrecoemme.com\\\/blog\\\/palombella-rossa\\\/#article\",\"isPartOf\":{\"@id\":\"https:\\\/\\\/www.pigrecoemme.com\\\/blog\\\/palombella-rossa\\\/\"},\"author\":{\"name\":\"Pigrecoemme\",\"@id\":\"https:\\\/\\\/www.pigrecoemme.com\\\/blog\\\/#\\\/schema\\\/person\\\/8996ab5bfa68cec611b330ae4a389d44\"},\"headline\":\"Per &#8220;Cinema e storia&#8221;, Palombella rossa all&#8217;Accademia di Belle Arti\",\"datePublished\":\"2015-05-16T11:13:50+00:00\",\"dateModified\":\"2015-05-17T07:02:21+00:00\",\"mainEntityOfPage\":{\"@id\":\"https:\\\/\\\/www.pigrecoemme.com\\\/blog\\\/palombella-rossa\\\/\"},\"wordCount\":827,\"commentCount\":0,\"publisher\":{\"@id\":\"https:\\\/\\\/www.pigrecoemme.com\\\/blog\\\/#organization\"},\"image\":{\"@id\":\"https:\\\/\\\/www.pigrecoemme.com\\\/blog\\\/palombella-rossa\\\/#primaryimage\"},\"thumbnailUrl\":\"http:\\\/\\\/www.pigrecoemme.com\\\/blog\\\/wp-content\\\/uploads\\\/2015\\\/05\\\/palombella-rossa.jpg\",\"keywords\":[\"accademia di belle arti di napoli\",\"anni ottanta\",\"cinema e storia\",\"Corrado Morra\",\"federico ii\",\"Mario Franco\",\"nanni moretti\",\"palombella rossa\",\"Pasquale Iaccio\",\"vincenzo esposito\"],\"articleSection\":[\"Analisi e Critica\",\"Eventi\",\"Generale\",\"Segnalazioni\"],\"inLanguage\":\"it-IT\",\"potentialAction\":[{\"@type\":\"CommentAction\",\"name\":\"Comment\",\"target\":[\"https:\\\/\\\/www.pigrecoemme.com\\\/blog\\\/palombella-rossa\\\/#respond\"]}]},{\"@type\":\"WebPage\",\"@id\":\"https:\\\/\\\/www.pigrecoemme.com\\\/blog\\\/palombella-rossa\\\/\",\"url\":\"https:\\\/\\\/www.pigrecoemme.com\\\/blog\\\/palombella-rossa\\\/\",\"name\":\"Per \\\"Cinema e storia\\\", Palombella rossa all'Accademia di Belle Arti\",\"isPartOf\":{\"@id\":\"https:\\\/\\\/www.pigrecoemme.com\\\/blog\\\/#website\"},\"primaryImageOfPage\":{\"@id\":\"https:\\\/\\\/www.pigrecoemme.com\\\/blog\\\/palombella-rossa\\\/#primaryimage\"},\"image\":{\"@id\":\"https:\\\/\\\/www.pigrecoemme.com\\\/blog\\\/palombella-rossa\\\/#primaryimage\"},\"thumbnailUrl\":\"http:\\\/\\\/www.pigrecoemme.com\\\/blog\\\/wp-content\\\/uploads\\\/2015\\\/05\\\/palombella-rossa.jpg\",\"datePublished\":\"2015-05-16T11:13:50+00:00\",\"dateModified\":\"2015-05-17T07:02:21+00:00\",\"description\":\"Il 20 maggio, all\u2019Accademia di Belle arti di Napoli, Corrado Morra, docente di sceneggiatura alla Pigrecoemme, presenta Palombella rossa di Nanni Moretti.\",\"breadcrumb\":{\"@id\":\"https:\\\/\\\/www.pigrecoemme.com\\\/blog\\\/palombella-rossa\\\/#breadcrumb\"},\"inLanguage\":\"it-IT\",\"potentialAction\":[{\"@type\":\"ReadAction\",\"target\":[\"https:\\\/\\\/www.pigrecoemme.com\\\/blog\\\/palombella-rossa\\\/\"]}]},{\"@type\":\"ImageObject\",\"inLanguage\":\"it-IT\",\"@id\":\"https:\\\/\\\/www.pigrecoemme.com\\\/blog\\\/palombella-rossa\\\/#primaryimage\",\"url\":\"http:\\\/\\\/www.pigrecoemme.com\\\/blog\\\/wp-content\\\/uploads\\\/2015\\\/05\\\/palombella-rossa.jpg\",\"contentUrl\":\"http:\\\/\\\/www.pigrecoemme.com\\\/blog\\\/wp-content\\\/uploads\\\/2015\\\/05\\\/palombella-rossa.jpg\"},{\"@type\":\"BreadcrumbList\",\"@id\":\"https:\\\/\\\/www.pigrecoemme.com\\\/blog\\\/palombella-rossa\\\/#breadcrumb\",\"itemListElement\":[{\"@type\":\"ListItem\",\"position\":1,\"name\":\"Home\",\"item\":\"https:\\\/\\\/www.pigrecoemme.com\\\/blog\\\/\"},{\"@type\":\"ListItem\",\"position\":2,\"name\":\"Per &#8220;Cinema e storia&#8221;, Palombella rossa all&#8217;Accademia di Belle Arti\"}]},{\"@type\":\"WebSite\",\"@id\":\"https:\\\/\\\/www.pigrecoemme.com\\\/blog\\\/#website\",\"url\":\"https:\\\/\\\/www.pigrecoemme.com\\\/blog\\\/\",\"name\":\"Scuola di Cinema Pigrecoemme - Blog\",\"description\":\"Siamo la prima Scuola di Cinema e Fotografia di Napoli\",\"publisher\":{\"@id\":\"https:\\\/\\\/www.pigrecoemme.com\\\/blog\\\/#organization\"},\"potentialAction\":[{\"@type\":\"SearchAction\",\"target\":{\"@type\":\"EntryPoint\",\"urlTemplate\":\"https:\\\/\\\/www.pigrecoemme.com\\\/blog\\\/?s={search_term_string}\"},\"query-input\":{\"@type\":\"PropertyValueSpecification\",\"valueRequired\":true,\"valueName\":\"search_term_string\"}}],\"inLanguage\":\"it-IT\"},{\"@type\":\"Organization\",\"@id\":\"https:\\\/\\\/www.pigrecoemme.com\\\/blog\\\/#organization\",\"name\":\"Scuola di cinema e fotografia Pigrecoemme\",\"url\":\"https:\\\/\\\/www.pigrecoemme.com\\\/blog\\\/\",\"logo\":{\"@type\":\"ImageObject\",\"inLanguage\":\"it-IT\",\"@id\":\"https:\\\/\\\/www.pigrecoemme.com\\\/blog\\\/#\\\/schema\\\/logo\\\/image\\\/\",\"url\":\"https:\\\/\\\/i0.wp.com\\\/www.pigrecoemme.com\\\/blog\\\/wp-content\\\/uploads\\\/2018\\\/06\\\/logo-pigrecoemme-2018.png?fit=500%2C500&ssl=1\",\"contentUrl\":\"https:\\\/\\\/i0.wp.com\\\/www.pigrecoemme.com\\\/blog\\\/wp-content\\\/uploads\\\/2018\\\/06\\\/logo-pigrecoemme-2018.png?fit=500%2C500&ssl=1\",\"width\":500,\"height\":500,\"caption\":\"Scuola di cinema e fotografia Pigrecoemme\"},\"image\":{\"@id\":\"https:\\\/\\\/www.pigrecoemme.com\\\/blog\\\/#\\\/schema\\\/logo\\\/image\\\/\"},\"sameAs\":[\"https:\\\/\\\/www.facebook.com\\\/pigrecoemme\",\"https:\\\/\\\/x.com\\\/Pigrecoemme\",\"https:\\\/\\\/www.instagram.com\\\/pigrecoemme\\\/\",\"https:\\\/\\\/www.linkedin.com\\\/company\\\/pigrecoemme\\\/\",\"https:\\\/\\\/www.youtube.com\\\/pigrecoemme\"]},{\"@type\":\"Person\",\"@id\":\"https:\\\/\\\/www.pigrecoemme.com\\\/blog\\\/#\\\/schema\\\/person\\\/8996ab5bfa68cec611b330ae4a389d44\",\"name\":\"Pigrecoemme\",\"image\":{\"@type\":\"ImageObject\",\"inLanguage\":\"it-IT\",\"@id\":\"https:\\\/\\\/secure.gravatar.com\\\/avatar\\\/541a562fed7df6fa49262cb93f0f1135b8432ec77a1bc64fdb808f64f2a8287d?s=96&r=g\",\"url\":\"https:\\\/\\\/secure.gravatar.com\\\/avatar\\\/541a562fed7df6fa49262cb93f0f1135b8432ec77a1bc64fdb808f64f2a8287d?s=96&r=g\",\"contentUrl\":\"https:\\\/\\\/secure.gravatar.com\\\/avatar\\\/541a562fed7df6fa49262cb93f0f1135b8432ec77a1bc64fdb808f64f2a8287d?s=96&r=g\",\"caption\":\"Pigrecoemme\"},\"description\":\"Profilo redazionale. Pigrecoemme \u00e8 la prima scuola di cinema, televisione e fotografia di Napoli.\",\"sameAs\":[\"http:\\\/\\\/www.pigrecoemme.com\\\/\",\"https:\\\/\\\/www.facebook.com\\\/pigrecoemme\"],\"url\":\"https:\\\/\\\/www.pigrecoemme.com\\\/blog\\\/author\\\/pigrecoemme\\\/\"}]}<\/script>\n<!-- \/ Yoast SEO plugin. -->","yoast_head_json":{"title":"Per \"Cinema e storia\", Palombella rossa all'Accademia di Belle Arti","description":"Il 20 maggio, all\u2019Accademia di Belle arti di Napoli, Corrado Morra, docente di sceneggiatura alla Pigrecoemme, presenta Palombella rossa di Nanni Moretti.","robots":{"index":"index","follow":"follow","max-snippet":"max-snippet:-1","max-image-preview":"max-image-preview:large","max-video-preview":"max-video-preview:-1"},"canonical":"https:\/\/www.pigrecoemme.com\/blog\/palombella-rossa\/","og_locale":"it_IT","og_type":"article","og_title":"Per \"Cinema e storia\", Palombella rossa all'Accademia di Belle Arti","og_description":"Il 20 maggio, all\u2019Accademia di Belle arti di Napoli, Corrado Morra, docente di sceneggiatura alla Pigrecoemme, presenta Palombella rossa di Nanni Moretti.","og_url":"https:\/\/www.pigrecoemme.com\/blog\/palombella-rossa\/","og_site_name":"Scuola di Cinema Pigrecoemme - Blog","article_publisher":"https:\/\/www.facebook.com\/pigrecoemme","article_author":"https:\/\/www.facebook.com\/pigrecoemme","article_published_time":"2015-05-16T11:13:50+00:00","article_modified_time":"2015-05-17T07:02:21+00:00","og_image":[{"url":"http:\/\/www.pigrecoemme.com\/blog\/wp-content\/uploads\/2015\/05\/palombella-rossa.jpg","type":"","width":"","height":""}],"author":"Pigrecoemme","twitter_card":"summary_large_image","twitter_creator":"@Pigrecoemme","twitter_site":"@Pigrecoemme","twitter_misc":{"Scritto da":"Pigrecoemme","Tempo di lettura stimato":"4 minuti"},"schema":{"@context":"https:\/\/schema.org","@graph":[{"@type":["Article","BlogPosting"],"@id":"https:\/\/www.pigrecoemme.com\/blog\/palombella-rossa\/#article","isPartOf":{"@id":"https:\/\/www.pigrecoemme.com\/blog\/palombella-rossa\/"},"author":{"name":"Pigrecoemme","@id":"https:\/\/www.pigrecoemme.com\/blog\/#\/schema\/person\/8996ab5bfa68cec611b330ae4a389d44"},"headline":"Per &#8220;Cinema e storia&#8221;, Palombella rossa all&#8217;Accademia di Belle Arti","datePublished":"2015-05-16T11:13:50+00:00","dateModified":"2015-05-17T07:02:21+00:00","mainEntityOfPage":{"@id":"https:\/\/www.pigrecoemme.com\/blog\/palombella-rossa\/"},"wordCount":827,"commentCount":0,"publisher":{"@id":"https:\/\/www.pigrecoemme.com\/blog\/#organization"},"image":{"@id":"https:\/\/www.pigrecoemme.com\/blog\/palombella-rossa\/#primaryimage"},"thumbnailUrl":"http:\/\/www.pigrecoemme.com\/blog\/wp-content\/uploads\/2015\/05\/palombella-rossa.jpg","keywords":["accademia di belle arti di napoli","anni ottanta","cinema e storia","Corrado Morra","federico ii","Mario Franco","nanni moretti","palombella rossa","Pasquale Iaccio","vincenzo esposito"],"articleSection":["Analisi e Critica","Eventi","Generale","Segnalazioni"],"inLanguage":"it-IT","potentialAction":[{"@type":"CommentAction","name":"Comment","target":["https:\/\/www.pigrecoemme.com\/blog\/palombella-rossa\/#respond"]}]},{"@type":"WebPage","@id":"https:\/\/www.pigrecoemme.com\/blog\/palombella-rossa\/","url":"https:\/\/www.pigrecoemme.com\/blog\/palombella-rossa\/","name":"Per \"Cinema e storia\", Palombella rossa all'Accademia di Belle Arti","isPartOf":{"@id":"https:\/\/www.pigrecoemme.com\/blog\/#website"},"primaryImageOfPage":{"@id":"https:\/\/www.pigrecoemme.com\/blog\/palombella-rossa\/#primaryimage"},"image":{"@id":"https:\/\/www.pigrecoemme.com\/blog\/palombella-rossa\/#primaryimage"},"thumbnailUrl":"http:\/\/www.pigrecoemme.com\/blog\/wp-content\/uploads\/2015\/05\/palombella-rossa.jpg","datePublished":"2015-05-16T11:13:50+00:00","dateModified":"2015-05-17T07:02:21+00:00","description":"Il 20 maggio, all\u2019Accademia di Belle arti di Napoli, Corrado Morra, docente di sceneggiatura alla Pigrecoemme, presenta Palombella rossa di Nanni Moretti.","breadcrumb":{"@id":"https:\/\/www.pigrecoemme.com\/blog\/palombella-rossa\/#breadcrumb"},"inLanguage":"it-IT","potentialAction":[{"@type":"ReadAction","target":["https:\/\/www.pigrecoemme.com\/blog\/palombella-rossa\/"]}]},{"@type":"ImageObject","inLanguage":"it-IT","@id":"https:\/\/www.pigrecoemme.com\/blog\/palombella-rossa\/#primaryimage","url":"http:\/\/www.pigrecoemme.com\/blog\/wp-content\/uploads\/2015\/05\/palombella-rossa.jpg","contentUrl":"http:\/\/www.pigrecoemme.com\/blog\/wp-content\/uploads\/2015\/05\/palombella-rossa.jpg"},{"@type":"BreadcrumbList","@id":"https:\/\/www.pigrecoemme.com\/blog\/palombella-rossa\/#breadcrumb","itemListElement":[{"@type":"ListItem","position":1,"name":"Home","item":"https:\/\/www.pigrecoemme.com\/blog\/"},{"@type":"ListItem","position":2,"name":"Per &#8220;Cinema e storia&#8221;, Palombella rossa all&#8217;Accademia di Belle Arti"}]},{"@type":"WebSite","@id":"https:\/\/www.pigrecoemme.com\/blog\/#website","url":"https:\/\/www.pigrecoemme.com\/blog\/","name":"Scuola di Cinema Pigrecoemme - Blog","description":"Siamo la prima Scuola di Cinema e Fotografia di Napoli","publisher":{"@id":"https:\/\/www.pigrecoemme.com\/blog\/#organization"},"potentialAction":[{"@type":"SearchAction","target":{"@type":"EntryPoint","urlTemplate":"https:\/\/www.pigrecoemme.com\/blog\/?s={search_term_string}"},"query-input":{"@type":"PropertyValueSpecification","valueRequired":true,"valueName":"search_term_string"}}],"inLanguage":"it-IT"},{"@type":"Organization","@id":"https:\/\/www.pigrecoemme.com\/blog\/#organization","name":"Scuola di cinema e fotografia Pigrecoemme","url":"https:\/\/www.pigrecoemme.com\/blog\/","logo":{"@type":"ImageObject","inLanguage":"it-IT","@id":"https:\/\/www.pigrecoemme.com\/blog\/#\/schema\/logo\/image\/","url":"https:\/\/i0.wp.com\/www.pigrecoemme.com\/blog\/wp-content\/uploads\/2018\/06\/logo-pigrecoemme-2018.png?fit=500%2C500&ssl=1","contentUrl":"https:\/\/i0.wp.com\/www.pigrecoemme.com\/blog\/wp-content\/uploads\/2018\/06\/logo-pigrecoemme-2018.png?fit=500%2C500&ssl=1","width":500,"height":500,"caption":"Scuola di cinema e fotografia Pigrecoemme"},"image":{"@id":"https:\/\/www.pigrecoemme.com\/blog\/#\/schema\/logo\/image\/"},"sameAs":["https:\/\/www.facebook.com\/pigrecoemme","https:\/\/x.com\/Pigrecoemme","https:\/\/www.instagram.com\/pigrecoemme\/","https:\/\/www.linkedin.com\/company\/pigrecoemme\/","https:\/\/www.youtube.com\/pigrecoemme"]},{"@type":"Person","@id":"https:\/\/www.pigrecoemme.com\/blog\/#\/schema\/person\/8996ab5bfa68cec611b330ae4a389d44","name":"Pigrecoemme","image":{"@type":"ImageObject","inLanguage":"it-IT","@id":"https:\/\/secure.gravatar.com\/avatar\/541a562fed7df6fa49262cb93f0f1135b8432ec77a1bc64fdb808f64f2a8287d?s=96&r=g","url":"https:\/\/secure.gravatar.com\/avatar\/541a562fed7df6fa49262cb93f0f1135b8432ec77a1bc64fdb808f64f2a8287d?s=96&r=g","contentUrl":"https:\/\/secure.gravatar.com\/avatar\/541a562fed7df6fa49262cb93f0f1135b8432ec77a1bc64fdb808f64f2a8287d?s=96&r=g","caption":"Pigrecoemme"},"description":"Profilo redazionale. Pigrecoemme \u00e8 la prima scuola di cinema, televisione e fotografia di Napoli.","sameAs":["http:\/\/www.pigrecoemme.com\/","https:\/\/www.facebook.com\/pigrecoemme"],"url":"https:\/\/www.pigrecoemme.com\/blog\/author\/pigrecoemme\/"}]}},"jetpack_sharing_enabled":true,"jetpack_likes_enabled":true,"jetpack-related-posts":[{"id":834,"url":"https:\/\/www.pigrecoemme.com\/blog\/still-in-life-allaccademia-di-belle-arti-d-napoli\/","url_meta":{"origin":1368,"position":0},"title":"&#8220;Still in Life&#8221; all&#8217;Accademia di Belle Arti di Napoli","author":"Corrado Morra","date":"6 Maggio 2014","format":false,"excerpt":"Venerd\u00ec 9 maggio 2014, alle ore 11.00, nell'ambito dell'incontro con Raffaela Mariniello al Teatro A. Niccolini dell'Accademia di Belle Arti di Napoli, sar\u00e0 proiettato il video \"Still in Life\", diretto da Raffaela Mariniello con il nostro docente e fondatore Giacomo Fabbrocino (qui anche montatore) e prodotto dalla Scuola di cinema\u2026","rel":"","context":"In &quot;Fotografia&quot;","block_context":{"text":"Fotografia","link":"https:\/\/www.pigrecoemme.com\/blog\/fotografia\/"},"img":{"alt_text":"still-in-life-accademia-di-belle-arti-napoli-0","src":"https:\/\/i0.wp.com\/www.pigrecoemme.com\/blog\/wp-content\/uploads\/2014\/05\/still-in-life-accademia-di-belle-arti-napoli-0.jpg?resize=350%2C200","width":350,"height":200,"srcset":"https:\/\/i0.wp.com\/www.pigrecoemme.com\/blog\/wp-content\/uploads\/2014\/05\/still-in-life-accademia-di-belle-arti-napoli-0.jpg?resize=350%2C200 1x, https:\/\/i0.wp.com\/www.pigrecoemme.com\/blog\/wp-content\/uploads\/2014\/05\/still-in-life-accademia-di-belle-arti-napoli-0.jpg?resize=525%2C300 1.5x"},"classes":[]},{"id":85,"url":"https:\/\/www.pigrecoemme.com\/blog\/per-paparo-editore-un-libro-sulle-gallerie-napoletane-scheda-e-intervista-a-pigrecoemme\/","url_meta":{"origin":1368,"position":1},"title":"Per Paparo editore, un libro sulle gallerie napoletane: scheda e intervista a Pigrecoemme","author":"Giacomo Fabbrocino","date":"3 Ottobre 2008","format":false,"excerpt":"E' appena uscito, per i tipi della Paparo edizioni, Mediterraneo. Le gallerie d'arte moderna e contemporanea a cura di Maria Antonietta Picone docente di Storia dell'Arte contemporanea all'Universit\u00e0 Federico II di Napoli. Il libro, finanziato dalla Comunit\u00e0 Europea, fornisce un'ampia panoramica sugli spazi espositivi privati napoletani e, in certa misura,\u2026","rel":"","context":"In &quot;Generale&quot;","block_context":{"text":"Generale","link":"https:\/\/www.pigrecoemme.com\/blog\/generale\/"},"img":{"alt_text":"","src":"","width":0,"height":0},"classes":[]},{"id":841,"url":"https:\/\/www.pigrecoemme.com\/blog\/independencia\/","url_meta":{"origin":1368,"position":2},"title":"INDEPENDENCIA! Premiazione e inaugurazione mostra fotografica al Pan","author":"Giacomo Fabbrocino","date":"25 Giugno 2014","format":false,"excerpt":"In occasione della Festa d\u2019Indipendenza del Venezuela, sabato 5 luglio dalle ore 17.00 al Pan - Palazzo delle Arti di Napoli (Via dei Mille, 60) si terranno il vernissage della mostra \u201cIndependencia\u201d e la premiazione dei primi tre classificati. Il concorso di fotografia \u201cIndependencia\u201d ha avuto come finalit\u00e0 quella di\u2026","rel":"","context":"In &quot;Eventi&quot;","block_context":{"text":"Eventi","link":"https:\/\/www.pigrecoemme.com\/blog\/eventi\/"},"img":{"alt_text":"","src":"https:\/\/i0.wp.com\/www.pigrecoemme.com\/blog\/wp-content\/uploads\/2014\/06\/independencia1-300x300.png?resize=350%2C200","width":350,"height":200},"classes":[]},{"id":707,"url":"https:\/\/www.pigrecoemme.com\/blog\/christian-leperino-landscapes-of-memory-il-5-ottobre-al-madre\/","url_meta":{"origin":1368,"position":3},"title":"\u201cChristian Leperino &#8211; Landscapes of Memory\u201d il 5 ottobre al Madre","author":"Giacomo Fabbrocino","date":"2 Ottobre 2013","format":false,"excerpt":"Sar\u00e0 finalmente presentato al pubblico sabato 5 ottobre, al Museo Madre (ore 18,00, ingresso gratuito), \u201cLandscapes of Memory \/ Paesaggi della Memoria\u201d, il video che, con la regia del nostro Giacomo Fabbrocino, ha documentato la complessa installazione che l\u2019artista Christian Leperino inaugurava lo scorso 21 giugno al Museo Archeologico Nazionale\u2026","rel":"","context":"In &quot;Generale&quot;","block_context":{"text":"Generale","link":"https:\/\/www.pigrecoemme.com\/blog\/generale\/"},"img":{"alt_text":"","src":"https:\/\/i0.wp.com\/www.pigrecoemme.com\/blog\/wp-content\/uploads\/2013\/10\/christian-leperino-landscapes-video.jpg?resize=350%2C200","width":350,"height":200},"classes":[]},{"id":457,"url":"https:\/\/www.pigrecoemme.com\/blog\/storia-permanente-del-cinema-al-pan-ancora-film-gratuiti\/","url_meta":{"origin":1368,"position":4},"title":"Storia permanente del cinema. Al Pan ancora film gratuiti","author":"Corrado Morra","date":"16 Gennaio 2012","format":false,"excerpt":"Riparte marted\u00ec 17 gennaio, negli spazi del PAN - Palazzo delle arti di Napoli, in via dei Mille 60, la rassegna Storia permanente del cinema. L\u2019evento, a cura della Scuola di cinema Pigrecoemme, della Mediateca S. Sofia del Comune di Napoli e del regista Marcello Sannino, in collaborazione con la\u2026","rel":"","context":"In &quot;Eventi&quot;","block_context":{"text":"Eventi","link":"https:\/\/www.pigrecoemme.com\/blog\/eventi\/"},"img":{"alt_text":"","src":"https:\/\/i0.wp.com\/www.pigrecoemme.com\/blog\/wp-content\/uploads\/2011\/10\/filmzone-pan.png?resize=350%2C200","width":350,"height":200},"classes":[]},{"id":819,"url":"https:\/\/www.pigrecoemme.com\/blog\/premi-concorso-fotografico-independencia\/","url_meta":{"origin":1368,"position":5},"title":"Annunciati i premi del concorso fotografico Independencia! In palio \u20ac500 e due corsi di fotografia!","author":"Giacomo Fabbrocino","date":"9 Aprile 2014","format":false,"excerpt":"Definita le Giuria e i Premi del Concorso fotografico Independencia! organizzato dal Consolato Generale della Repubblica Bolivariana del Venezuela di Napoli della Scuola di Cinema e Fotografia Pigrecoemme e con il patrocinio morale del Comune di Napoli, e il patrocinio e la collaborazione dell\u2019Accademia di Belle Arti di Napoli e\u2026","rel":"","context":"In &quot;Eventi&quot;","block_context":{"text":"Eventi","link":"https:\/\/www.pigrecoemme.com\/blog\/eventi\/"},"img":{"alt_text":"","src":"https:\/\/i0.wp.com\/www.pigrecoemme.com\/blog\/wp-content\/uploads\/2014\/04\/independencia_locandina-212x300.jpg?resize=350%2C200","width":350,"height":200},"classes":[]}],"jetpack_featured_media_url":"","_links":{"self":[{"href":"https:\/\/www.pigrecoemme.com\/blog\/wp-json\/wp\/v2\/posts\/1368","targetHints":{"allow":["GET"]}}],"collection":[{"href":"https:\/\/www.pigrecoemme.com\/blog\/wp-json\/wp\/v2\/posts"}],"about":[{"href":"https:\/\/www.pigrecoemme.com\/blog\/wp-json\/wp\/v2\/types\/post"}],"author":[{"embeddable":true,"href":"https:\/\/www.pigrecoemme.com\/blog\/wp-json\/wp\/v2\/users\/4"}],"replies":[{"embeddable":true,"href":"https:\/\/www.pigrecoemme.com\/blog\/wp-json\/wp\/v2\/comments?post=1368"}],"version-history":[{"count":0,"href":"https:\/\/www.pigrecoemme.com\/blog\/wp-json\/wp\/v2\/posts\/1368\/revisions"}],"wp:attachment":[{"href":"https:\/\/www.pigrecoemme.com\/blog\/wp-json\/wp\/v2\/media?parent=1368"}],"wp:term":[{"taxonomy":"category","embeddable":true,"href":"https:\/\/www.pigrecoemme.com\/blog\/wp-json\/wp\/v2\/categories?post=1368"},{"taxonomy":"post_tag","embeddable":true,"href":"https:\/\/www.pigrecoemme.com\/blog\/wp-json\/wp\/v2\/tags?post=1368"}],"curies":[{"name":"wp","href":"https:\/\/api.w.org\/{rel}","templated":true}]}}