{"id":1365,"date":"2015-05-16T08:25:10","date_gmt":"2015-05-16T06:25:10","guid":{"rendered":"http:\/\/www.pigrecoemme.com\/blog\/?p=1365"},"modified":"2015-05-17T09:00:33","modified_gmt":"2015-05-17T07:00:33","slug":"david-lynch-torna-twin-peaks","status":"publish","type":"post","link":"https:\/\/www.pigrecoemme.com\/blog\/david-lynch-torna-twin-peaks\/","title":{"rendered":"Showtime alza il budget e David Lynch torna alla guida di Twin Peaks"},"content":{"rendered":"<p><a href=\"https:\/\/i0.wp.com\/www.pigrecoemme.com\/blog\/wp-content\/uploads\/2015\/05\/david-lynch-ritorna-a-twin-peaks.jpg?ssl=1\"><img data-recalc-dims=\"1\" loading=\"lazy\" decoding=\"async\" class=\" size-full wp-image-1366 alignnone\" src=\"https:\/\/i0.wp.com\/www.pigrecoemme.com\/blog\/wp-content\/uploads\/2015\/05\/david-lynch-ritorna-a-twin-peaks.jpg?resize=860%2C430&#038;ssl=1\" alt=\"Divid Lynch Twin Peaks\" width=\"860\" height=\"430\" srcset=\"https:\/\/i0.wp.com\/www.pigrecoemme.com\/blog\/wp-content\/uploads\/2015\/05\/david-lynch-ritorna-a-twin-peaks.jpg?w=980&amp;ssl=1 980w, https:\/\/i0.wp.com\/www.pigrecoemme.com\/blog\/wp-content\/uploads\/2015\/05\/david-lynch-ritorna-a-twin-peaks.jpg?resize=300%2C150&amp;ssl=1 300w, https:\/\/i0.wp.com\/www.pigrecoemme.com\/blog\/wp-content\/uploads\/2015\/05\/david-lynch-ritorna-a-twin-peaks.jpg?resize=500%2C250&amp;ssl=1 500w\" sizes=\"auto, (max-width: 860px) 100vw, 860px\" \/><\/a><\/p>\n<p>&nbsp;<\/p>\n<p>I dettagli economici \u00a0non sono noti, ma stando a questo tweet di David Lynch<\/p>\n<blockquote class=\"twitter-tweet\" lang=\"it\">\n<p dir=\"ltr\" lang=\"en\">Dear Twitter Friends, the rumors are not what they seem &#8230;.. It is !!! Happening again. <a href=\"https:\/\/twitter.com\/hashtag\/TwinPeaks?src=hash\">#TwinPeaks<\/a> returns on <a href=\"https:\/\/twitter.com\/SHO_Network\">@SHO_Network<\/a><\/p>\n<p>\u2014 David Lynch (@DAVID_LYNCH) <a href=\"https:\/\/twitter.com\/DAVID_LYNCH\/status\/599364142764404736\">16 Maggio 2015<\/a><\/p><\/blockquote>\n<p><script src=\"\/\/platform.twitter.com\/widgets.js\" async=\"\" charset=\"utf-8\"><\/script><\/p>\n<p>e, soprattutto, a <a href=\"http:\/\/www.ew.com\/article\/2015\/05\/15\/david-lynch-returns-twin-peaks-reboot\">questa dichiarazione<\/a> di\u00a0David Nevins, presidente di Showtime<\/p>\n<blockquote><p>&#8220;Questa eccellente tazza di caff\u00e9 fatta da Mark (Frost -ndr) e\u00a0David \u00e8 pi\u00f9 deliziosa che mai!. Valeva davvero la pena attendere per farlo maturare e la tazza ora \u00e8 pi\u00f9 grande di prima!\u00a0E la pre-produzione inizia ORA!.<\/p>\n<p>David sar\u00e0 il regista di tutti gli episodi\u00a0e la durata complessiva delle puntate superer\u00e0 le nove ore inizialmente annunciate&#8221;<\/p><\/blockquote>\n<p>David Lynch torna\u00a0alla guida della <em>reprise<\/em> di Twin Peaks.<br \/>\nInsomma, c&#8217;\u00e8 da stare allegri!<\/p>\n","protected":false},"excerpt":{"rendered":"<p>&nbsp; I dettagli economici \u00a0non sono noti, ma stando a questo tweet di David Lynch Dear Twitter Friends, the rumors are not what they seem &#8230;.. It is !!! Happening again. #TwinPeaks returns on&hellip;<\/p>\n","protected":false},"author":4,"featured_media":0,"comment_status":"open","ping_status":"open","sticky":false,"template":"","format":"standard","meta":{"_jetpack_newsletter_access":"","_jetpack_dont_email_post_to_subs":false,"_jetpack_newsletter_tier_id":0,"_jetpack_memberships_contains_paywalled_content":false,"_jetpack_feature_clip_id":0,"_jetpack_memberships_contains_paid_content":false,"footnotes":"","jetpack_post_was_ever_published":false},"categories":[949],"tags":[111,1139],"class_list":["post-1365","post","type-post","status-publish","format-standard","hentry","category-viral-news","tag-david-lynch","tag-twin-peaks"],"yoast_head":"<!-- This site is optimized with the Yoast SEO plugin v28.3 - https:\/\/yoast.com\/product\/yoast-seo-wordpress\/ -->\n<title>David Lynch ci ripensa e torna alla guida di Twin Peaks!<\/title>\n<meta name=\"description\" content=\"Twin Peaks: tutte le puntate della reprise saranno dirette da David Lynch!\" \/>\n<meta name=\"robots\" content=\"index, follow, max-snippet:-1, max-image-preview:large, max-video-preview:-1\" \/>\n<link rel=\"canonical\" href=\"https:\/\/www.pigrecoemme.com\/blog\/david-lynch-torna-twin-peaks\/\" \/>\n<meta property=\"og:locale\" content=\"it_IT\" \/>\n<meta property=\"og:type\" content=\"article\" \/>\n<meta property=\"og:title\" content=\"David Lynch ci ripensa e torna alla guida di Twin Peaks!\" \/>\n<meta property=\"og:description\" content=\"Twin Peaks: tutte le puntate della reprise saranno dirette da David Lynch!\" \/>\n<meta property=\"og:url\" content=\"https:\/\/www.pigrecoemme.com\/blog\/david-lynch-torna-twin-peaks\/\" \/>\n<meta property=\"og:site_name\" content=\"Scuola di Cinema Pigrecoemme - Blog\" \/>\n<meta property=\"article:publisher\" content=\"https:\/\/www.facebook.com\/pigrecoemme\" \/>\n<meta property=\"article:author\" content=\"https:\/\/www.facebook.com\/pigrecoemme\" \/>\n<meta property=\"article:published_time\" content=\"2015-05-16T06:25:10+00:00\" \/>\n<meta property=\"article:modified_time\" content=\"2015-05-17T07:00:33+00:00\" \/>\n<meta property=\"og:image\" content=\"http:\/\/www.pigrecoemme.com\/blog\/wp-content\/uploads\/2015\/05\/david-lynch-ritorna-a-twin-peaks.jpg\" \/>\n<meta name=\"author\" content=\"Pigrecoemme\" \/>\n<meta name=\"twitter:card\" content=\"summary_large_image\" \/>\n<meta name=\"twitter:creator\" content=\"@Pigrecoemme\" \/>\n<meta name=\"twitter:site\" content=\"@Pigrecoemme\" \/>\n<meta name=\"twitter:label1\" content=\"Scritto da\" \/>\n\t<meta name=\"twitter:data1\" content=\"Pigrecoemme\" \/>\n\t<meta name=\"twitter:label2\" content=\"Tempo di lettura stimato\" \/>\n\t<meta name=\"twitter:data2\" content=\"1 minuto\" \/>\n<script type=\"application\/ld+json\" class=\"yoast-schema-graph\">{\"@context\":\"https:\\\/\\\/schema.org\",\"@graph\":[{\"@type\":[\"Article\",\"BlogPosting\"],\"@id\":\"https:\\\/\\\/www.pigrecoemme.com\\\/blog\\\/david-lynch-torna-twin-peaks\\\/#article\",\"isPartOf\":{\"@id\":\"https:\\\/\\\/www.pigrecoemme.com\\\/blog\\\/david-lynch-torna-twin-peaks\\\/\"},\"author\":{\"name\":\"Pigrecoemme\",\"@id\":\"https:\\\/\\\/www.pigrecoemme.com\\\/blog\\\/#\\\/schema\\\/person\\\/8996ab5bfa68cec611b330ae4a389d44\"},\"headline\":\"Showtime alza il budget e David Lynch torna alla guida di Twin Peaks\",\"datePublished\":\"2015-05-16T06:25:10+00:00\",\"dateModified\":\"2015-05-17T07:00:33+00:00\",\"mainEntityOfPage\":{\"@id\":\"https:\\\/\\\/www.pigrecoemme.com\\\/blog\\\/david-lynch-torna-twin-peaks\\\/\"},\"wordCount\":135,\"commentCount\":0,\"publisher\":{\"@id\":\"https:\\\/\\\/www.pigrecoemme.com\\\/blog\\\/#organization\"},\"image\":{\"@id\":\"https:\\\/\\\/www.pigrecoemme.com\\\/blog\\\/david-lynch-torna-twin-peaks\\\/#primaryimage\"},\"thumbnailUrl\":\"http:\\\/\\\/www.pigrecoemme.com\\\/blog\\\/wp-content\\\/uploads\\\/2015\\\/05\\\/david-lynch-ritorna-a-twin-peaks.jpg\",\"keywords\":[\"david lynch\",\"twin peaks\"],\"articleSection\":[\"Viral News\"],\"inLanguage\":\"it-IT\",\"potentialAction\":[{\"@type\":\"CommentAction\",\"name\":\"Comment\",\"target\":[\"https:\\\/\\\/www.pigrecoemme.com\\\/blog\\\/david-lynch-torna-twin-peaks\\\/#respond\"]}]},{\"@type\":\"WebPage\",\"@id\":\"https:\\\/\\\/www.pigrecoemme.com\\\/blog\\\/david-lynch-torna-twin-peaks\\\/\",\"url\":\"https:\\\/\\\/www.pigrecoemme.com\\\/blog\\\/david-lynch-torna-twin-peaks\\\/\",\"name\":\"David Lynch ci ripensa e torna alla guida di Twin Peaks!\",\"isPartOf\":{\"@id\":\"https:\\\/\\\/www.pigrecoemme.com\\\/blog\\\/#website\"},\"primaryImageOfPage\":{\"@id\":\"https:\\\/\\\/www.pigrecoemme.com\\\/blog\\\/david-lynch-torna-twin-peaks\\\/#primaryimage\"},\"image\":{\"@id\":\"https:\\\/\\\/www.pigrecoemme.com\\\/blog\\\/david-lynch-torna-twin-peaks\\\/#primaryimage\"},\"thumbnailUrl\":\"http:\\\/\\\/www.pigrecoemme.com\\\/blog\\\/wp-content\\\/uploads\\\/2015\\\/05\\\/david-lynch-ritorna-a-twin-peaks.jpg\",\"datePublished\":\"2015-05-16T06:25:10+00:00\",\"dateModified\":\"2015-05-17T07:00:33+00:00\",\"description\":\"Twin Peaks: tutte le puntate della reprise saranno dirette da David Lynch!\",\"breadcrumb\":{\"@id\":\"https:\\\/\\\/www.pigrecoemme.com\\\/blog\\\/david-lynch-torna-twin-peaks\\\/#breadcrumb\"},\"inLanguage\":\"it-IT\",\"potentialAction\":[{\"@type\":\"ReadAction\",\"target\":[\"https:\\\/\\\/www.pigrecoemme.com\\\/blog\\\/david-lynch-torna-twin-peaks\\\/\"]}]},{\"@type\":\"ImageObject\",\"inLanguage\":\"it-IT\",\"@id\":\"https:\\\/\\\/www.pigrecoemme.com\\\/blog\\\/david-lynch-torna-twin-peaks\\\/#primaryimage\",\"url\":\"http:\\\/\\\/www.pigrecoemme.com\\\/blog\\\/wp-content\\\/uploads\\\/2015\\\/05\\\/david-lynch-ritorna-a-twin-peaks.jpg\",\"contentUrl\":\"http:\\\/\\\/www.pigrecoemme.com\\\/blog\\\/wp-content\\\/uploads\\\/2015\\\/05\\\/david-lynch-ritorna-a-twin-peaks.jpg\"},{\"@type\":\"BreadcrumbList\",\"@id\":\"https:\\\/\\\/www.pigrecoemme.com\\\/blog\\\/david-lynch-torna-twin-peaks\\\/#breadcrumb\",\"itemListElement\":[{\"@type\":\"ListItem\",\"position\":1,\"name\":\"Home\",\"item\":\"https:\\\/\\\/www.pigrecoemme.com\\\/blog\\\/\"},{\"@type\":\"ListItem\",\"position\":2,\"name\":\"Showtime alza il budget e David Lynch torna alla guida di Twin Peaks\"}]},{\"@type\":\"WebSite\",\"@id\":\"https:\\\/\\\/www.pigrecoemme.com\\\/blog\\\/#website\",\"url\":\"https:\\\/\\\/www.pigrecoemme.com\\\/blog\\\/\",\"name\":\"Scuola di Cinema Pigrecoemme - Blog\",\"description\":\"Siamo la prima Scuola di Cinema e Fotografia di Napoli\",\"publisher\":{\"@id\":\"https:\\\/\\\/www.pigrecoemme.com\\\/blog\\\/#organization\"},\"potentialAction\":[{\"@type\":\"SearchAction\",\"target\":{\"@type\":\"EntryPoint\",\"urlTemplate\":\"https:\\\/\\\/www.pigrecoemme.com\\\/blog\\\/?s={search_term_string}\"},\"query-input\":{\"@type\":\"PropertyValueSpecification\",\"valueRequired\":true,\"valueName\":\"search_term_string\"}}],\"inLanguage\":\"it-IT\"},{\"@type\":\"Organization\",\"@id\":\"https:\\\/\\\/www.pigrecoemme.com\\\/blog\\\/#organization\",\"name\":\"Scuola di cinema e fotografia Pigrecoemme\",\"url\":\"https:\\\/\\\/www.pigrecoemme.com\\\/blog\\\/\",\"logo\":{\"@type\":\"ImageObject\",\"inLanguage\":\"it-IT\",\"@id\":\"https:\\\/\\\/www.pigrecoemme.com\\\/blog\\\/#\\\/schema\\\/logo\\\/image\\\/\",\"url\":\"https:\\\/\\\/i0.wp.com\\\/www.pigrecoemme.com\\\/blog\\\/wp-content\\\/uploads\\\/2018\\\/06\\\/logo-pigrecoemme-2018.png?fit=500%2C500&ssl=1\",\"contentUrl\":\"https:\\\/\\\/i0.wp.com\\\/www.pigrecoemme.com\\\/blog\\\/wp-content\\\/uploads\\\/2018\\\/06\\\/logo-pigrecoemme-2018.png?fit=500%2C500&ssl=1\",\"width\":500,\"height\":500,\"caption\":\"Scuola di cinema e fotografia Pigrecoemme\"},\"image\":{\"@id\":\"https:\\\/\\\/www.pigrecoemme.com\\\/blog\\\/#\\\/schema\\\/logo\\\/image\\\/\"},\"sameAs\":[\"https:\\\/\\\/www.facebook.com\\\/pigrecoemme\",\"https:\\\/\\\/x.com\\\/Pigrecoemme\",\"https:\\\/\\\/www.instagram.com\\\/pigrecoemme\\\/\",\"https:\\\/\\\/www.linkedin.com\\\/company\\\/pigrecoemme\\\/\",\"https:\\\/\\\/www.youtube.com\\\/pigrecoemme\"]},{\"@type\":\"Person\",\"@id\":\"https:\\\/\\\/www.pigrecoemme.com\\\/blog\\\/#\\\/schema\\\/person\\\/8996ab5bfa68cec611b330ae4a389d44\",\"name\":\"Pigrecoemme\",\"image\":{\"@type\":\"ImageObject\",\"inLanguage\":\"it-IT\",\"@id\":\"https:\\\/\\\/secure.gravatar.com\\\/avatar\\\/541a562fed7df6fa49262cb93f0f1135b8432ec77a1bc64fdb808f64f2a8287d?s=96&r=g\",\"url\":\"https:\\\/\\\/secure.gravatar.com\\\/avatar\\\/541a562fed7df6fa49262cb93f0f1135b8432ec77a1bc64fdb808f64f2a8287d?s=96&r=g\",\"contentUrl\":\"https:\\\/\\\/secure.gravatar.com\\\/avatar\\\/541a562fed7df6fa49262cb93f0f1135b8432ec77a1bc64fdb808f64f2a8287d?s=96&r=g\",\"caption\":\"Pigrecoemme\"},\"description\":\"Profilo redazionale. Pigrecoemme \u00e8 la prima scuola di cinema, televisione e fotografia di Napoli.\",\"sameAs\":[\"http:\\\/\\\/www.pigrecoemme.com\\\/\",\"https:\\\/\\\/www.facebook.com\\\/pigrecoemme\"],\"url\":\"https:\\\/\\\/www.pigrecoemme.com\\\/blog\\\/author\\\/pigrecoemme\\\/\"}]}<\/script>\n<!-- \/ Yoast SEO plugin. -->","yoast_head_json":{"title":"David Lynch ci ripensa e torna alla guida di Twin Peaks!","description":"Twin Peaks: tutte le puntate della reprise saranno dirette da David Lynch!","robots":{"index":"index","follow":"follow","max-snippet":"max-snippet:-1","max-image-preview":"max-image-preview:large","max-video-preview":"max-video-preview:-1"},"canonical":"https:\/\/www.pigrecoemme.com\/blog\/david-lynch-torna-twin-peaks\/","og_locale":"it_IT","og_type":"article","og_title":"David Lynch ci ripensa e torna alla guida di Twin Peaks!","og_description":"Twin Peaks: tutte le puntate della reprise saranno dirette da David Lynch!","og_url":"https:\/\/www.pigrecoemme.com\/blog\/david-lynch-torna-twin-peaks\/","og_site_name":"Scuola di Cinema Pigrecoemme - Blog","article_publisher":"https:\/\/www.facebook.com\/pigrecoemme","article_author":"https:\/\/www.facebook.com\/pigrecoemme","article_published_time":"2015-05-16T06:25:10+00:00","article_modified_time":"2015-05-17T07:00:33+00:00","og_image":[{"url":"http:\/\/www.pigrecoemme.com\/blog\/wp-content\/uploads\/2015\/05\/david-lynch-ritorna-a-twin-peaks.jpg","type":"","width":"","height":""}],"author":"Pigrecoemme","twitter_card":"summary_large_image","twitter_creator":"@Pigrecoemme","twitter_site":"@Pigrecoemme","twitter_misc":{"Scritto da":"Pigrecoemme","Tempo di lettura stimato":"1 minuto"},"schema":{"@context":"https:\/\/schema.org","@graph":[{"@type":["Article","BlogPosting"],"@id":"https:\/\/www.pigrecoemme.com\/blog\/david-lynch-torna-twin-peaks\/#article","isPartOf":{"@id":"https:\/\/www.pigrecoemme.com\/blog\/david-lynch-torna-twin-peaks\/"},"author":{"name":"Pigrecoemme","@id":"https:\/\/www.pigrecoemme.com\/blog\/#\/schema\/person\/8996ab5bfa68cec611b330ae4a389d44"},"headline":"Showtime alza il budget e David Lynch torna alla guida di Twin Peaks","datePublished":"2015-05-16T06:25:10+00:00","dateModified":"2015-05-17T07:00:33+00:00","mainEntityOfPage":{"@id":"https:\/\/www.pigrecoemme.com\/blog\/david-lynch-torna-twin-peaks\/"},"wordCount":135,"commentCount":0,"publisher":{"@id":"https:\/\/www.pigrecoemme.com\/blog\/#organization"},"image":{"@id":"https:\/\/www.pigrecoemme.com\/blog\/david-lynch-torna-twin-peaks\/#primaryimage"},"thumbnailUrl":"http:\/\/www.pigrecoemme.com\/blog\/wp-content\/uploads\/2015\/05\/david-lynch-ritorna-a-twin-peaks.jpg","keywords":["david lynch","twin peaks"],"articleSection":["Viral News"],"inLanguage":"it-IT","potentialAction":[{"@type":"CommentAction","name":"Comment","target":["https:\/\/www.pigrecoemme.com\/blog\/david-lynch-torna-twin-peaks\/#respond"]}]},{"@type":"WebPage","@id":"https:\/\/www.pigrecoemme.com\/blog\/david-lynch-torna-twin-peaks\/","url":"https:\/\/www.pigrecoemme.com\/blog\/david-lynch-torna-twin-peaks\/","name":"David Lynch ci ripensa e torna alla guida di Twin Peaks!","isPartOf":{"@id":"https:\/\/www.pigrecoemme.com\/blog\/#website"},"primaryImageOfPage":{"@id":"https:\/\/www.pigrecoemme.com\/blog\/david-lynch-torna-twin-peaks\/#primaryimage"},"image":{"@id":"https:\/\/www.pigrecoemme.com\/blog\/david-lynch-torna-twin-peaks\/#primaryimage"},"thumbnailUrl":"http:\/\/www.pigrecoemme.com\/blog\/wp-content\/uploads\/2015\/05\/david-lynch-ritorna-a-twin-peaks.jpg","datePublished":"2015-05-16T06:25:10+00:00","dateModified":"2015-05-17T07:00:33+00:00","description":"Twin Peaks: tutte le puntate della reprise saranno dirette da David Lynch!","breadcrumb":{"@id":"https:\/\/www.pigrecoemme.com\/blog\/david-lynch-torna-twin-peaks\/#breadcrumb"},"inLanguage":"it-IT","potentialAction":[{"@type":"ReadAction","target":["https:\/\/www.pigrecoemme.com\/blog\/david-lynch-torna-twin-peaks\/"]}]},{"@type":"ImageObject","inLanguage":"it-IT","@id":"https:\/\/www.pigrecoemme.com\/blog\/david-lynch-torna-twin-peaks\/#primaryimage","url":"http:\/\/www.pigrecoemme.com\/blog\/wp-content\/uploads\/2015\/05\/david-lynch-ritorna-a-twin-peaks.jpg","contentUrl":"http:\/\/www.pigrecoemme.com\/blog\/wp-content\/uploads\/2015\/05\/david-lynch-ritorna-a-twin-peaks.jpg"},{"@type":"BreadcrumbList","@id":"https:\/\/www.pigrecoemme.com\/blog\/david-lynch-torna-twin-peaks\/#breadcrumb","itemListElement":[{"@type":"ListItem","position":1,"name":"Home","item":"https:\/\/www.pigrecoemme.com\/blog\/"},{"@type":"ListItem","position":2,"name":"Showtime alza il budget e David Lynch torna alla guida di Twin Peaks"}]},{"@type":"WebSite","@id":"https:\/\/www.pigrecoemme.com\/blog\/#website","url":"https:\/\/www.pigrecoemme.com\/blog\/","name":"Scuola di Cinema Pigrecoemme - Blog","description":"Siamo la prima Scuola di Cinema e Fotografia di Napoli","publisher":{"@id":"https:\/\/www.pigrecoemme.com\/blog\/#organization"},"potentialAction":[{"@type":"SearchAction","target":{"@type":"EntryPoint","urlTemplate":"https:\/\/www.pigrecoemme.com\/blog\/?s={search_term_string}"},"query-input":{"@type":"PropertyValueSpecification","valueRequired":true,"valueName":"search_term_string"}}],"inLanguage":"it-IT"},{"@type":"Organization","@id":"https:\/\/www.pigrecoemme.com\/blog\/#organization","name":"Scuola di cinema e fotografia Pigrecoemme","url":"https:\/\/www.pigrecoemme.com\/blog\/","logo":{"@type":"ImageObject","inLanguage":"it-IT","@id":"https:\/\/www.pigrecoemme.com\/blog\/#\/schema\/logo\/image\/","url":"https:\/\/i0.wp.com\/www.pigrecoemme.com\/blog\/wp-content\/uploads\/2018\/06\/logo-pigrecoemme-2018.png?fit=500%2C500&ssl=1","contentUrl":"https:\/\/i0.wp.com\/www.pigrecoemme.com\/blog\/wp-content\/uploads\/2018\/06\/logo-pigrecoemme-2018.png?fit=500%2C500&ssl=1","width":500,"height":500,"caption":"Scuola di cinema e fotografia Pigrecoemme"},"image":{"@id":"https:\/\/www.pigrecoemme.com\/blog\/#\/schema\/logo\/image\/"},"sameAs":["https:\/\/www.facebook.com\/pigrecoemme","https:\/\/x.com\/Pigrecoemme","https:\/\/www.instagram.com\/pigrecoemme\/","https:\/\/www.linkedin.com\/company\/pigrecoemme\/","https:\/\/www.youtube.com\/pigrecoemme"]},{"@type":"Person","@id":"https:\/\/www.pigrecoemme.com\/blog\/#\/schema\/person\/8996ab5bfa68cec611b330ae4a389d44","name":"Pigrecoemme","image":{"@type":"ImageObject","inLanguage":"it-IT","@id":"https:\/\/secure.gravatar.com\/avatar\/541a562fed7df6fa49262cb93f0f1135b8432ec77a1bc64fdb808f64f2a8287d?s=96&r=g","url":"https:\/\/secure.gravatar.com\/avatar\/541a562fed7df6fa49262cb93f0f1135b8432ec77a1bc64fdb808f64f2a8287d?s=96&r=g","contentUrl":"https:\/\/secure.gravatar.com\/avatar\/541a562fed7df6fa49262cb93f0f1135b8432ec77a1bc64fdb808f64f2a8287d?s=96&r=g","caption":"Pigrecoemme"},"description":"Profilo redazionale. Pigrecoemme \u00e8 la prima scuola di cinema, televisione e fotografia di Napoli.","sameAs":["http:\/\/www.pigrecoemme.com\/","https:\/\/www.facebook.com\/pigrecoemme"],"url":"https:\/\/www.pigrecoemme.com\/blog\/author\/pigrecoemme\/"}]}},"jetpack_sharing_enabled":true,"jetpack_likes_enabled":true,"jetpack-related-posts":[{"id":854,"url":"https:\/\/www.pigrecoemme.com\/blog\/10-film-che-puoi-fare-a-meno-di-vedere-anche-se-i-cinefili-ti-diranno-il-contrario\/","url_meta":{"origin":1365,"position":0},"title":"10 film che puoi fare a meno di vedere anche se i cinefili ti diranno il contrario","author":"Rosario Gallone","date":"16 Ottobre 2014","format":false,"excerpt":"1 -\u00a0Requiem For a Dream di\u00a0Darren Aronofsky Perch\u00e9 \u00e8 meglio Trainspotting. E lo split screen \u00e8 cos\u00ec anni '90... 2 -\u00a0L'arco di\u00a0Kim Ki-Duk Perch\u00e9 \u00e8 comico, ma involontariamente (i cinefili si affanneranno a dirvi che lo \u00e8 volutamente). 3 -\u00a0Sogni di Akira Kurosawa Nomen Omen: vi addormentereste. 4 - La\u2026","rel":"","context":"In &quot;Playlist&quot;","block_context":{"text":"Playlist","link":"https:\/\/www.pigrecoemme.com\/blog\/analisi-e-critica-2\/playlist\/"},"img":{"alt_text":"","src":"https:\/\/i0.wp.com\/www.pigrecoemme.com\/blog\/wp-content\/uploads\/2014\/10\/film-da-evitare.png?resize=350%2C200","width":350,"height":200,"srcset":"https:\/\/i0.wp.com\/www.pigrecoemme.com\/blog\/wp-content\/uploads\/2014\/10\/film-da-evitare.png?resize=350%2C200 1x, https:\/\/i0.wp.com\/www.pigrecoemme.com\/blog\/wp-content\/uploads\/2014\/10\/film-da-evitare.png?resize=525%2C300 1.5x, https:\/\/i0.wp.com\/www.pigrecoemme.com\/blog\/wp-content\/uploads\/2014\/10\/film-da-evitare.png?resize=700%2C400 2x"},"classes":[]},{"id":37,"url":"https:\/\/www.pigrecoemme.com\/blog\/a-proposito-di-formazione-audiovisiva\/","url_meta":{"origin":1365,"position":1},"title":"A proposito di formazione audiovisiva","author":"Giacomo Fabbrocino","date":"23 Febbraio 2008","format":false,"excerpt":"Ripropongo qui quanto da me scritto nel catalogo di 'O Curt 2008 a proposito della formazione audiovisiva e delle scuole di cinema. Nell'ambito di 'O Curt torna, dopo la piacevole prima esperienza dell'anno scorso, la sezione dedicata ai lavori realizzati dagli studenti delle scuole di cinema italiane. Otto opere che\u2026","rel":"","context":"In &quot;Generale&quot;","block_context":{"text":"Generale","link":"https:\/\/www.pigrecoemme.com\/blog\/generale\/"},"img":{"alt_text":"","src":"","width":0,"height":0},"classes":[]},{"id":1998,"url":"https:\/\/www.pigrecoemme.com\/blog\/10-peggiori-serial-killer-della-storia-del-cinema\/","url_meta":{"origin":1365,"position":2},"title":"I 10 peggiori serial killer della storia del cinema","author":"Rosario Gallone","date":"10 Novembre 2017","format":false,"excerpt":"Senza fan e senza sequel","rel":"","context":"In &quot;Analisi e Critica&quot;","block_context":{"text":"Analisi e Critica","link":"https:\/\/www.pigrecoemme.com\/blog\/analisi-e-critica-2\/"},"img":{"alt_text":"","src":"https:\/\/i0.wp.com\/www.pigrecoemme.com\/blog\/wp-content\/uploads\/2017\/11\/serialkiller.png?resize=350%2C200","width":350,"height":200},"classes":[]},{"id":1443,"url":"https:\/\/www.pigrecoemme.com\/blog\/lospite-inatteso\/","url_meta":{"origin":1365,"position":3},"title":"L\u2019ospite inatteso. 10 film sull\u2019identit\u00e0","author":"Corrado Morra","date":"31 Luglio 2015","format":false,"excerpt":"Presentata nel 2012 nell\u2019ambito della rassegna Storia permanente del cinema al PAN di Napoli, in un ciclo di proiezioni dal titolo \u201cL\u2019ospite inatteso\u201d, questa rosa di film, leggermente ampliata (ed evidentemente ancora parziale: la lista parte volutamente dagli anni Settanta), viene ora riproposta quale piccolo contributo per stabilire (ci si\u2026","rel":"","context":"In &quot;Analisi e Critica&quot;","block_context":{"text":"Analisi e Critica","link":"https:\/\/www.pigrecoemme.com\/blog\/analisi-e-critica-2\/"},"img":{"alt_text":"ospite","src":"https:\/\/i0.wp.com\/www.pigrecoemme.com\/blog\/wp-content\/uploads\/2015\/07\/ospite.png?resize=350%2C200","width":350,"height":200},"classes":[]},{"id":1368,"url":"https:\/\/www.pigrecoemme.com\/blog\/palombella-rossa\/","url_meta":{"origin":1365,"position":4},"title":"Per &#8220;Cinema e storia&#8221;, Palombella rossa all&#8217;Accademia di Belle Arti","author":"Pigrecoemme","date":"16 Maggio 2015","format":false,"excerpt":"Mercoled\u00ec 20 maggio, alle ore 10:30, presso il teatro dell\u2019Accademia di Belle arti di Napoli, Corrado Morra, docente del corso di sceneggiatura di Pigrecoemme, introdurr\u00e0\u00a0Palombella rossa di Nanni Moretti. La proiezione, a ingresso gratuito fino a esaurimento posti, si inserisce\u00a0nel programma della XVII edizione della rassegna Cinema e storia, dedicata\u2026","rel":"","context":"In &quot;Analisi e Critica&quot;","block_context":{"text":"Analisi e Critica","link":"https:\/\/www.pigrecoemme.com\/blog\/analisi-e-critica-2\/"},"img":{"alt_text":"palombella-rossa","src":"https:\/\/i0.wp.com\/www.pigrecoemme.com\/blog\/wp-content\/uploads\/2015\/05\/palombella-rossa.jpg?resize=350%2C200","width":350,"height":200},"classes":[]},{"id":1414,"url":"https:\/\/www.pigrecoemme.com\/blog\/10-canzoni-non-originali-in-scene-di-culto\/","url_meta":{"origin":1365,"position":5},"title":"10 canzoni non originali in scene di culto","author":"Rosario Gallone","date":"20 Luglio 2015","format":false,"excerpt":"Non sono state scritte per il film, ma per motivi pi\u00f9 o meno chiari, restano legate ad una pellicola, ad una visione, ad una scena diventata di culto. E perpetuano, cos\u00ec, il loro successo. O lo rinnovano. O lo scoprono perch\u00e9, magari, ignorate come canzoni tout court. Questa \u00e8 la\u2026","rel":"","context":"In &quot;Analisi e Critica&quot;","block_context":{"text":"Analisi e Critica","link":"https:\/\/www.pigrecoemme.com\/blog\/analisi-e-critica-2\/"},"img":{"alt_text":"canzoni non originali","src":"https:\/\/i0.wp.com\/www.pigrecoemme.com\/blog\/wp-content\/uploads\/2015\/07\/canzoni-non-originali.jpg?resize=350%2C200","width":350,"height":200},"classes":[]}],"jetpack_featured_media_url":"","_links":{"self":[{"href":"https:\/\/www.pigrecoemme.com\/blog\/wp-json\/wp\/v2\/posts\/1365","targetHints":{"allow":["GET"]}}],"collection":[{"href":"https:\/\/www.pigrecoemme.com\/blog\/wp-json\/wp\/v2\/posts"}],"about":[{"href":"https:\/\/www.pigrecoemme.com\/blog\/wp-json\/wp\/v2\/types\/post"}],"author":[{"embeddable":true,"href":"https:\/\/www.pigrecoemme.com\/blog\/wp-json\/wp\/v2\/users\/4"}],"replies":[{"embeddable":true,"href":"https:\/\/www.pigrecoemme.com\/blog\/wp-json\/wp\/v2\/comments?post=1365"}],"version-history":[{"count":0,"href":"https:\/\/www.pigrecoemme.com\/blog\/wp-json\/wp\/v2\/posts\/1365\/revisions"}],"wp:attachment":[{"href":"https:\/\/www.pigrecoemme.com\/blog\/wp-json\/wp\/v2\/media?parent=1365"}],"wp:term":[{"taxonomy":"category","embeddable":true,"href":"https:\/\/www.pigrecoemme.com\/blog\/wp-json\/wp\/v2\/categories?post=1365"},{"taxonomy":"post_tag","embeddable":true,"href":"https:\/\/www.pigrecoemme.com\/blog\/wp-json\/wp\/v2\/tags?post=1365"}],"curies":[{"name":"wp","href":"https:\/\/api.w.org\/{rel}","templated":true}]}}