{"id":135,"date":"2009-03-16T00:24:44","date_gmt":"2009-03-15T22:24:44","guid":{"rendered":"http:\/\/www.pigrecoemme.com\/blog\/?p=135"},"modified":"2016-01-27T11:50:30","modified_gmt":"2016-01-27T10:50:30","slug":"larte-della-felicita-io-ho-paura","status":"publish","type":"post","link":"https:\/\/www.pigrecoemme.com\/blog\/larte-della-felicita-io-ho-paura\/","title":{"rendered":"L&#8217;arte della felicit\u00e0: Io Ho Paura"},"content":{"rendered":"<p>La quinta edizione dell&#8217;<a href=\"http:\/\/www.artedellafelicita.com\" target=\"_blank\">Arte della Felicit\u00e0<\/a>, la manifestazione ideata da Francesca Mauro e Luciano Stella, quest&#8217;anno aprir\u00e0 con un\u2019 inchiesta fotografica dal titolo \u201cIo ho paura\u201d alla quale Pigrecoemme ha contribuito coinvolgendo allievi, ex allievi e simpatizzanti.<\/p>\n<p>L&#8217;inchiesta ha cercato di sollecitare i partecipanti ad visualizzare un&#8217;emozione, la paura, spesso inespressa e censurata all&#8217;origine. Cos\u00ec i partcipanti hanno fotografato persone disponibili a raccontare le proprie paure, fissando poi in una foto il soggetto individuato, con un cartello che evidenzia con una parola la sua paura.<\/p>\n<p>Lo stesso lavoro, con il supporto di un educatore palestinese, \u00e8 stato svolto a Gaza, durante il mese di gennaio, nel periodo immediatamente successivo ai combattimenti, con bambini di scuola elementare e media. Le paure comunicate nel cartello sono dunque accompagnate sempre da disegni, modalit\u00e0 espressiva questa, che i ragazzi pi\u00f9 piccoli sentono sicuramente pi\u00f9 vicina della scrittura. L\u2019inchiesta fotografica \u00e8 stata condotta in una realt\u00e0 drammaticamente provata dalla guerra dove la paura \u00e8 diffusa, divorante, in cui i bambini \u2013 per usare le parole di Majed, l\u2019educatore che li ha guidati nel progetto \u201cIo ho paura\u2026\u201d \u2013 \u201cci trasmettono la paura con i loro volti\u201d.<\/p>\n<p>Con le immagini raccolte \u00e8 stato realizzato un video che sar\u00e0 proiettato la mattina di <strong>sabato 28 marzo 2009<\/strong> \u2013 momento inaugurale dell\u2019evento &#8211; al Teatro Mercadante \u2013 a partire <strong>dalle ore 9,30<\/strong>, prima degli interventi del Prof. Fernand Savater (filosofo, scrittore \u2013 Madrid) su EDGAR ALLAN POE ED ALTRI MESSAGGERI DELLA PAURA e del Prof. Robert Thurman (Professore di Studi Buddisti \u2013 Columbia University, New York) sul tema SAFETY IN BLISS: REALISTIC FREEDOM FROM FEAR (LA SICUREZZA NELLA BEATITUDINE: UNA REALISTICA LIBERT\u00c0 DALLA PAURA).<\/p>\n<p>L\u2019ingresso al Teatro Mercadante \u00e8 libero fino ad esaurimento posti.<\/p>\n","protected":false},"excerpt":{"rendered":"<p>La quinta edizione dell&#8217;Arte della Felicit\u00e0, la manifestazione ideata da Francesca Mauro e Luciano Stella, quest&#8217;anno aprir\u00e0 con un\u2019 inchiesta fotografica dal titolo \u201cIo ho paura\u201d alla quale Pigrecoemme ha contribuito coinvolgendo allievi, ex&hellip;<\/p>\n","protected":false},"author":1,"featured_media":0,"comment_status":"open","ping_status":"open","sticky":false,"template":"","format":"standard","meta":{"_jetpack_newsletter_access":"","_jetpack_dont_email_post_to_subs":false,"_jetpack_newsletter_tier_id":0,"_jetpack_memberships_contains_paywalled_content":false,"_jetpack_feature_clip_id":0,"_jetpack_memberships_contains_paid_content":false,"footnotes":"","jetpack_post_was_ever_published":false},"categories":[11],"tags":[308,310,309,77],"class_list":["post-135","post","type-post","status-publish","format-standard","hentry","category-eventi","tag-arte-della-felicita","tag-io-ho-paura","tag-mostra-fotografica","tag-napoli"],"yoast_head":"<!-- This site is optimized with the Yoast SEO plugin v28.3 - https:\/\/yoast.com\/product\/yoast-seo-wordpress\/ -->\n<title>L&#039;arte della felicit\u00e0: Io Ho Paura<\/title>\n<meta name=\"robots\" content=\"index, follow, max-snippet:-1, max-image-preview:large, max-video-preview:-1\" \/>\n<link rel=\"canonical\" href=\"https:\/\/www.pigrecoemme.com\/blog\/larte-della-felicita-io-ho-paura\/\" \/>\n<meta property=\"og:locale\" content=\"it_IT\" \/>\n<meta property=\"og:type\" content=\"article\" \/>\n<meta property=\"og:title\" content=\"L&#039;arte della felicit\u00e0: Io Ho Paura\" \/>\n<meta property=\"og:description\" content=\"La quinta edizione dell&#8217;Arte della Felicit\u00e0, la manifestazione ideata da Francesca Mauro e Luciano Stella, quest&#8217;anno aprir\u00e0 con un\u2019 inchiesta fotografica dal titolo \u201cIo ho paura\u201d alla quale Pigrecoemme ha contribuito coinvolgendo allievi, ex allievi e simpatizzanti. L&#8217;inchiesta ha cercato &hellip; Continue reading &rarr;\" \/>\n<meta property=\"og:url\" content=\"https:\/\/www.pigrecoemme.com\/blog\/larte-della-felicita-io-ho-paura\/\" \/>\n<meta property=\"og:site_name\" content=\"Scuola di Cinema Pigrecoemme - Blog\" \/>\n<meta property=\"article:publisher\" content=\"https:\/\/www.facebook.com\/pigrecoemme\" \/>\n<meta property=\"article:author\" content=\"https:\/\/www.facebook.com\/giacomo.fabbrocino\" \/>\n<meta property=\"article:published_time\" content=\"2009-03-15T22:24:44+00:00\" \/>\n<meta property=\"article:modified_time\" content=\"2016-01-27T10:50:30+00:00\" \/>\n<meta property=\"og:image\" content=\"https:\/\/i0.wp.com\/www.pigrecoemme.com\/blog\/wp-content\/uploads\/2014\/11\/pigrecoemme-test1.jpg?fit=484%2C252&ssl=1\" \/>\n\t<meta property=\"og:image:width\" content=\"484\" \/>\n\t<meta property=\"og:image:height\" content=\"252\" \/>\n\t<meta property=\"og:image:type\" content=\"image\/jpeg\" \/>\n<meta name=\"author\" content=\"Giacomo Fabbrocino\" \/>\n<meta name=\"twitter:card\" content=\"summary_large_image\" \/>\n<meta name=\"twitter:creator\" content=\"@Pigrecoemme\" \/>\n<meta name=\"twitter:site\" content=\"@Pigrecoemme\" \/>\n<meta name=\"twitter:label1\" content=\"Scritto da\" \/>\n\t<meta name=\"twitter:data1\" content=\"Giacomo Fabbrocino\" \/>\n\t<meta name=\"twitter:label2\" content=\"Tempo di lettura stimato\" \/>\n\t<meta name=\"twitter:data2\" content=\"1 minuto\" \/>\n<script type=\"application\/ld+json\" class=\"yoast-schema-graph\">{\"@context\":\"https:\\\/\\\/schema.org\",\"@graph\":[{\"@type\":[\"Article\",\"BlogPosting\"],\"@id\":\"https:\\\/\\\/www.pigrecoemme.com\\\/blog\\\/larte-della-felicita-io-ho-paura\\\/#article\",\"isPartOf\":{\"@id\":\"https:\\\/\\\/www.pigrecoemme.com\\\/blog\\\/larte-della-felicita-io-ho-paura\\\/\"},\"author\":{\"name\":\"Giacomo Fabbrocino\",\"@id\":\"https:\\\/\\\/www.pigrecoemme.com\\\/blog\\\/#\\\/schema\\\/person\\\/57fa822c3d209d3a2612fd0411ae63f4\"},\"headline\":\"L&#8217;arte della felicit\u00e0: Io Ho Paura\",\"datePublished\":\"2009-03-15T22:24:44+00:00\",\"dateModified\":\"2016-01-27T10:50:30+00:00\",\"mainEntityOfPage\":{\"@id\":\"https:\\\/\\\/www.pigrecoemme.com\\\/blog\\\/larte-della-felicita-io-ho-paura\\\/\"},\"wordCount\":288,\"commentCount\":1,\"publisher\":{\"@id\":\"https:\\\/\\\/www.pigrecoemme.com\\\/blog\\\/#organization\"},\"keywords\":[\"arte della felicit\u00e0\",\"io ho paura\",\"mostra fotografica\",\"napoli\"],\"articleSection\":[\"Eventi\"],\"inLanguage\":\"it-IT\",\"potentialAction\":[{\"@type\":\"CommentAction\",\"name\":\"Comment\",\"target\":[\"https:\\\/\\\/www.pigrecoemme.com\\\/blog\\\/larte-della-felicita-io-ho-paura\\\/#respond\"]}]},{\"@type\":\"WebPage\",\"@id\":\"https:\\\/\\\/www.pigrecoemme.com\\\/blog\\\/larte-della-felicita-io-ho-paura\\\/\",\"url\":\"https:\\\/\\\/www.pigrecoemme.com\\\/blog\\\/larte-della-felicita-io-ho-paura\\\/\",\"name\":\"L'arte della felicit\u00e0: Io Ho Paura\",\"isPartOf\":{\"@id\":\"https:\\\/\\\/www.pigrecoemme.com\\\/blog\\\/#website\"},\"datePublished\":\"2009-03-15T22:24:44+00:00\",\"dateModified\":\"2016-01-27T10:50:30+00:00\",\"breadcrumb\":{\"@id\":\"https:\\\/\\\/www.pigrecoemme.com\\\/blog\\\/larte-della-felicita-io-ho-paura\\\/#breadcrumb\"},\"inLanguage\":\"it-IT\",\"potentialAction\":[{\"@type\":\"ReadAction\",\"target\":[\"https:\\\/\\\/www.pigrecoemme.com\\\/blog\\\/larte-della-felicita-io-ho-paura\\\/\"]}]},{\"@type\":\"BreadcrumbList\",\"@id\":\"https:\\\/\\\/www.pigrecoemme.com\\\/blog\\\/larte-della-felicita-io-ho-paura\\\/#breadcrumb\",\"itemListElement\":[{\"@type\":\"ListItem\",\"position\":1,\"name\":\"Home\",\"item\":\"https:\\\/\\\/www.pigrecoemme.com\\\/blog\\\/\"},{\"@type\":\"ListItem\",\"position\":2,\"name\":\"L&#8217;arte della felicit\u00e0: Io Ho Paura\"}]},{\"@type\":\"WebSite\",\"@id\":\"https:\\\/\\\/www.pigrecoemme.com\\\/blog\\\/#website\",\"url\":\"https:\\\/\\\/www.pigrecoemme.com\\\/blog\\\/\",\"name\":\"Scuola di Cinema Pigrecoemme - Blog\",\"description\":\"Siamo la prima Scuola di Cinema e Fotografia di Napoli\",\"publisher\":{\"@id\":\"https:\\\/\\\/www.pigrecoemme.com\\\/blog\\\/#organization\"},\"potentialAction\":[{\"@type\":\"SearchAction\",\"target\":{\"@type\":\"EntryPoint\",\"urlTemplate\":\"https:\\\/\\\/www.pigrecoemme.com\\\/blog\\\/?s={search_term_string}\"},\"query-input\":{\"@type\":\"PropertyValueSpecification\",\"valueRequired\":true,\"valueName\":\"search_term_string\"}}],\"inLanguage\":\"it-IT\"},{\"@type\":\"Organization\",\"@id\":\"https:\\\/\\\/www.pigrecoemme.com\\\/blog\\\/#organization\",\"name\":\"Scuola di cinema e fotografia Pigrecoemme\",\"url\":\"https:\\\/\\\/www.pigrecoemme.com\\\/blog\\\/\",\"logo\":{\"@type\":\"ImageObject\",\"inLanguage\":\"it-IT\",\"@id\":\"https:\\\/\\\/www.pigrecoemme.com\\\/blog\\\/#\\\/schema\\\/logo\\\/image\\\/\",\"url\":\"https:\\\/\\\/i0.wp.com\\\/www.pigrecoemme.com\\\/blog\\\/wp-content\\\/uploads\\\/2018\\\/06\\\/logo-pigrecoemme-2018.png?fit=500%2C500&ssl=1\",\"contentUrl\":\"https:\\\/\\\/i0.wp.com\\\/www.pigrecoemme.com\\\/blog\\\/wp-content\\\/uploads\\\/2018\\\/06\\\/logo-pigrecoemme-2018.png?fit=500%2C500&ssl=1\",\"width\":500,\"height\":500,\"caption\":\"Scuola di cinema e fotografia Pigrecoemme\"},\"image\":{\"@id\":\"https:\\\/\\\/www.pigrecoemme.com\\\/blog\\\/#\\\/schema\\\/logo\\\/image\\\/\"},\"sameAs\":[\"https:\\\/\\\/www.facebook.com\\\/pigrecoemme\",\"https:\\\/\\\/x.com\\\/Pigrecoemme\",\"https:\\\/\\\/www.instagram.com\\\/pigrecoemme\\\/\",\"https:\\\/\\\/www.linkedin.com\\\/company\\\/pigrecoemme\\\/\",\"https:\\\/\\\/www.youtube.com\\\/pigrecoemme\"]},{\"@type\":\"Person\",\"@id\":\"https:\\\/\\\/www.pigrecoemme.com\\\/blog\\\/#\\\/schema\\\/person\\\/57fa822c3d209d3a2612fd0411ae63f4\",\"name\":\"Giacomo Fabbrocino\",\"image\":{\"@type\":\"ImageObject\",\"inLanguage\":\"it-IT\",\"@id\":\"https:\\\/\\\/secure.gravatar.com\\\/avatar\\\/0e4dfd4d05c06a03fffaffeb36fb181415ba11b91a6b566fa2e8ada75927db32?s=96&r=g\",\"url\":\"https:\\\/\\\/secure.gravatar.com\\\/avatar\\\/0e4dfd4d05c06a03fffaffeb36fb181415ba11b91a6b566fa2e8ada75927db32?s=96&r=g\",\"contentUrl\":\"https:\\\/\\\/secure.gravatar.com\\\/avatar\\\/0e4dfd4d05c06a03fffaffeb36fb181415ba11b91a6b566fa2e8ada75927db32?s=96&r=g\",\"caption\":\"Giacomo Fabbrocino\"},\"description\":\"Montatore cinematografico, autore di documentari sull'arte e di video d'artista, Giacomo \u00e8 responsabile della didattica e della comunicazione web della Scuola di Cinema, Fotografia e Televisione Pigrecoemme di Napoli.\",\"sameAs\":[\"http:\\\/\\\/www.pigrecoemme.com\\\/\",\"https:\\\/\\\/www.facebook.com\\\/giacomo.fabbrocino\"],\"url\":\"https:\\\/\\\/www.pigrecoemme.com\\\/blog\\\/author\\\/giacomo-fabbrocino\\\/\"}]}<\/script>\n<!-- \/ Yoast SEO plugin. -->","yoast_head_json":{"title":"L'arte della felicit\u00e0: Io Ho Paura","robots":{"index":"index","follow":"follow","max-snippet":"max-snippet:-1","max-image-preview":"max-image-preview:large","max-video-preview":"max-video-preview:-1"},"canonical":"https:\/\/www.pigrecoemme.com\/blog\/larte-della-felicita-io-ho-paura\/","og_locale":"it_IT","og_type":"article","og_title":"L'arte della felicit\u00e0: Io Ho Paura","og_description":"La quinta edizione dell&#8217;Arte della Felicit\u00e0, la manifestazione ideata da Francesca Mauro e Luciano Stella, quest&#8217;anno aprir\u00e0 con un\u2019 inchiesta fotografica dal titolo \u201cIo ho paura\u201d alla quale Pigrecoemme ha contribuito coinvolgendo allievi, ex allievi e simpatizzanti. L&#8217;inchiesta ha cercato &hellip; Continue reading &rarr;","og_url":"https:\/\/www.pigrecoemme.com\/blog\/larte-della-felicita-io-ho-paura\/","og_site_name":"Scuola di Cinema Pigrecoemme - Blog","article_publisher":"https:\/\/www.facebook.com\/pigrecoemme","article_author":"https:\/\/www.facebook.com\/giacomo.fabbrocino","article_published_time":"2009-03-15T22:24:44+00:00","article_modified_time":"2016-01-27T10:50:30+00:00","og_image":[{"width":484,"height":252,"url":"https:\/\/i0.wp.com\/www.pigrecoemme.com\/blog\/wp-content\/uploads\/2014\/11\/pigrecoemme-test1.jpg?fit=484%2C252&ssl=1","type":"image\/jpeg"}],"author":"Giacomo Fabbrocino","twitter_card":"summary_large_image","twitter_creator":"@Pigrecoemme","twitter_site":"@Pigrecoemme","twitter_misc":{"Scritto da":"Giacomo Fabbrocino","Tempo di lettura stimato":"1 minuto"},"schema":{"@context":"https:\/\/schema.org","@graph":[{"@type":["Article","BlogPosting"],"@id":"https:\/\/www.pigrecoemme.com\/blog\/larte-della-felicita-io-ho-paura\/#article","isPartOf":{"@id":"https:\/\/www.pigrecoemme.com\/blog\/larte-della-felicita-io-ho-paura\/"},"author":{"name":"Giacomo Fabbrocino","@id":"https:\/\/www.pigrecoemme.com\/blog\/#\/schema\/person\/57fa822c3d209d3a2612fd0411ae63f4"},"headline":"L&#8217;arte della felicit\u00e0: Io Ho Paura","datePublished":"2009-03-15T22:24:44+00:00","dateModified":"2016-01-27T10:50:30+00:00","mainEntityOfPage":{"@id":"https:\/\/www.pigrecoemme.com\/blog\/larte-della-felicita-io-ho-paura\/"},"wordCount":288,"commentCount":1,"publisher":{"@id":"https:\/\/www.pigrecoemme.com\/blog\/#organization"},"keywords":["arte della felicit\u00e0","io ho paura","mostra fotografica","napoli"],"articleSection":["Eventi"],"inLanguage":"it-IT","potentialAction":[{"@type":"CommentAction","name":"Comment","target":["https:\/\/www.pigrecoemme.com\/blog\/larte-della-felicita-io-ho-paura\/#respond"]}]},{"@type":"WebPage","@id":"https:\/\/www.pigrecoemme.com\/blog\/larte-della-felicita-io-ho-paura\/","url":"https:\/\/www.pigrecoemme.com\/blog\/larte-della-felicita-io-ho-paura\/","name":"L'arte della felicit\u00e0: Io Ho Paura","isPartOf":{"@id":"https:\/\/www.pigrecoemme.com\/blog\/#website"},"datePublished":"2009-03-15T22:24:44+00:00","dateModified":"2016-01-27T10:50:30+00:00","breadcrumb":{"@id":"https:\/\/www.pigrecoemme.com\/blog\/larte-della-felicita-io-ho-paura\/#breadcrumb"},"inLanguage":"it-IT","potentialAction":[{"@type":"ReadAction","target":["https:\/\/www.pigrecoemme.com\/blog\/larte-della-felicita-io-ho-paura\/"]}]},{"@type":"BreadcrumbList","@id":"https:\/\/www.pigrecoemme.com\/blog\/larte-della-felicita-io-ho-paura\/#breadcrumb","itemListElement":[{"@type":"ListItem","position":1,"name":"Home","item":"https:\/\/www.pigrecoemme.com\/blog\/"},{"@type":"ListItem","position":2,"name":"L&#8217;arte della felicit\u00e0: Io Ho Paura"}]},{"@type":"WebSite","@id":"https:\/\/www.pigrecoemme.com\/blog\/#website","url":"https:\/\/www.pigrecoemme.com\/blog\/","name":"Scuola di Cinema Pigrecoemme - Blog","description":"Siamo la prima Scuola di Cinema e Fotografia di Napoli","publisher":{"@id":"https:\/\/www.pigrecoemme.com\/blog\/#organization"},"potentialAction":[{"@type":"SearchAction","target":{"@type":"EntryPoint","urlTemplate":"https:\/\/www.pigrecoemme.com\/blog\/?s={search_term_string}"},"query-input":{"@type":"PropertyValueSpecification","valueRequired":true,"valueName":"search_term_string"}}],"inLanguage":"it-IT"},{"@type":"Organization","@id":"https:\/\/www.pigrecoemme.com\/blog\/#organization","name":"Scuola di cinema e fotografia Pigrecoemme","url":"https:\/\/www.pigrecoemme.com\/blog\/","logo":{"@type":"ImageObject","inLanguage":"it-IT","@id":"https:\/\/www.pigrecoemme.com\/blog\/#\/schema\/logo\/image\/","url":"https:\/\/i0.wp.com\/www.pigrecoemme.com\/blog\/wp-content\/uploads\/2018\/06\/logo-pigrecoemme-2018.png?fit=500%2C500&ssl=1","contentUrl":"https:\/\/i0.wp.com\/www.pigrecoemme.com\/blog\/wp-content\/uploads\/2018\/06\/logo-pigrecoemme-2018.png?fit=500%2C500&ssl=1","width":500,"height":500,"caption":"Scuola di cinema e fotografia Pigrecoemme"},"image":{"@id":"https:\/\/www.pigrecoemme.com\/blog\/#\/schema\/logo\/image\/"},"sameAs":["https:\/\/www.facebook.com\/pigrecoemme","https:\/\/x.com\/Pigrecoemme","https:\/\/www.instagram.com\/pigrecoemme\/","https:\/\/www.linkedin.com\/company\/pigrecoemme\/","https:\/\/www.youtube.com\/pigrecoemme"]},{"@type":"Person","@id":"https:\/\/www.pigrecoemme.com\/blog\/#\/schema\/person\/57fa822c3d209d3a2612fd0411ae63f4","name":"Giacomo Fabbrocino","image":{"@type":"ImageObject","inLanguage":"it-IT","@id":"https:\/\/secure.gravatar.com\/avatar\/0e4dfd4d05c06a03fffaffeb36fb181415ba11b91a6b566fa2e8ada75927db32?s=96&r=g","url":"https:\/\/secure.gravatar.com\/avatar\/0e4dfd4d05c06a03fffaffeb36fb181415ba11b91a6b566fa2e8ada75927db32?s=96&r=g","contentUrl":"https:\/\/secure.gravatar.com\/avatar\/0e4dfd4d05c06a03fffaffeb36fb181415ba11b91a6b566fa2e8ada75927db32?s=96&r=g","caption":"Giacomo Fabbrocino"},"description":"Montatore cinematografico, autore di documentari sull'arte e di video d'artista, Giacomo \u00e8 responsabile della didattica e della comunicazione web della Scuola di Cinema, Fotografia e Televisione Pigrecoemme di Napoli.","sameAs":["http:\/\/www.pigrecoemme.com\/","https:\/\/www.facebook.com\/giacomo.fabbrocino"],"url":"https:\/\/www.pigrecoemme.com\/blog\/author\/giacomo-fabbrocino\/"}]}},"jetpack_sharing_enabled":true,"jetpack_likes_enabled":true,"jetpack-related-posts":[{"id":137,"url":"https:\/\/www.pigrecoemme.com\/blog\/io-non-ho-paura-sul-venerdi\/","url_meta":{"origin":135,"position":0},"title":"Io ho paura sul Venerd\u00ec","author":"Corrado Morra","date":"20 Marzo 2009","format":false,"excerpt":"Un'intervista allo scrittore Ermanno Rea, a cura di Emilio Marrese, raccoglie la suggestione di un'inchesta fotografica, semplice e forse per questo devastante: le paure dei napoletani. L'articolo, sul Venerd\u00ec di Repubblica in edicola oggi, parte infatti da una mostra fotografica - \"Io ho paura\" - organizzata, anche se il giornale\u2026","rel":"","context":"In &quot;Eventi&quot;","block_context":{"text":"Eventi","link":"https:\/\/www.pigrecoemme.com\/blog\/eventi\/"},"img":{"alt_text":"","src":"https:\/\/i0.wp.com\/www.pigrecoemme.com\/blog\/wp-content\/uploads\/2009\/03\/venerdi-300x192.jpg?resize=350%2C200","width":350,"height":200},"classes":[]},{"id":145,"url":"https:\/\/www.pigrecoemme.com\/blog\/io-ho-paura-il-video-i-parte\/","url_meta":{"origin":135,"position":1},"title":"IO HO PAURA &#8211; Il Video","author":"Giacomo Fabbrocino","date":"22 Aprile 2009","format":false,"excerpt":"Approfittiamo del fatto che l'organizzazione dell'Arte della Felicit\u00e0 abbia pubblicato su Yotube ll video realizzato anche con gli scatti dei partecipanti ai nostri corsi di fotografia per postarlo qui sul blog. Il video \u00e8 stato proiettato al Teatro Mercadante di Napoli in occasione dell'inaugurazione della manifestazione.","rel":"","context":"In &quot;Eventi&quot;","block_context":{"text":"Eventi","link":"https:\/\/www.pigrecoemme.com\/blog\/eventi\/"},"img":{"alt_text":"","src":"","width":0,"height":0},"classes":[]},{"id":637,"url":"https:\/\/www.pigrecoemme.com\/blog\/inchiesta-fotografica-in-collaborazione-con-larte-della-felicita\/","url_meta":{"origin":135,"position":2},"title":"Inchiesta fotografica in collaborazione con L&#8217;arte della Felicit\u00e0","author":"Giacomo Fabbrocino","date":"17 Aprile 2013","format":false,"excerpt":"Invito a partecipare alla nostra inchiesta fotografica sul desiderio. Realizza fotografie secondo le due modalit\u00e0 spiegate nei file da scaricare e partecipa all'evento. Le foto migliori saranno pubblicate sul catalogo\u00a0dell'edizione 2013 de L'arte della felicit\u00e0. Hai tempo fino al 15 maggio per inviare le tue fotografie Scarica l'informativa con le\u2026","rel":"","context":"In &quot;Eventi&quot;","block_context":{"text":"Eventi","link":"https:\/\/www.pigrecoemme.com\/blog\/eventi\/"},"img":{"alt_text":"","src":"https:\/\/i0.wp.com\/fbcdn-sphotos-c-a.akamaihd.net\/hphotos-ak-ash3\/58165_586022958083043_1980705459_n.png?resize=350%2C200&ssl=1","width":350,"height":200},"classes":[]},{"id":186,"url":"https:\/\/www.pigrecoemme.com\/blog\/pigrecoemme-cerca-giovani-fotografi\/","url_meta":{"origin":135,"position":3},"title":"Pigrecoemme cerca giovani fotografi","author":"Giacomo Fabbrocino","date":"8 Novembre 2009","format":false,"excerpt":"La Scuola di cinema Pigrecoemme cerca giovani fotografi per promuoverne il lavoro con una serie di mostre ed un catalogo di prossima pubblicazione. Per questa ragione Pigrecoemme organizza due incontri \u2013 marted\u00ec 10 novembre e marted\u00ec I dicembre 2009 \u2013 aperti a quanti, fotografi professionisti, fotoamatori o semplici curiosi, vogliano\u2026","rel":"","context":"In &quot;Eventi&quot;","block_context":{"text":"Eventi","link":"https:\/\/www.pigrecoemme.com\/blog\/eventi\/"},"img":{"alt_text":"In giro per la citt\u00e0..pedalando pedalando..","src":"https:\/\/i0.wp.com\/farm3.static.flickr.com\/2559\/3713421668_cc43ed957e_m.jpg?resize=350%2C200","width":350,"height":200},"classes":[]},{"id":228,"url":"https:\/\/www.pigrecoemme.com\/blog\/video-inchiesta-sul-potere\/","url_meta":{"origin":135,"position":4},"title":"VIDEO-INCHIESTA SUL POTERE","author":"Giacomo Fabbrocino","date":"29 Aprile 2010","format":false,"excerpt":"VIDEO-INCHIESTA SUL POTERE from Scuola di cinema Pigrecoemme on Vimeo. Ecco la versione integrale della video-inchiesta da noi realizzata in collaborazione con L\u2019arte della felicit\u00e0 - incontri e conversazioni sul Potere, che ha inaugurato la manifestazione mercoled\u00ec 17 marzo al cinema Ambasciatori di Napoli. Centocinquantaquattro interviste girate presso le tre\u2026","rel":"","context":"In &quot;Eventi&quot;","block_context":{"text":"Eventi","link":"https:\/\/www.pigrecoemme.com\/blog\/eventi\/"},"img":{"alt_text":"","src":"","width":0,"height":0},"classes":[]},{"id":204,"url":"https:\/\/www.pigrecoemme.com\/blog\/la-scuola-di-cinema-pigrecoemme-cerca-fotografi-incontro-martedi-23-febbraio\/","url_meta":{"origin":135,"position":5},"title":"La Scuola di cinema Pigrecoemme cerca fotografi. Incontro marted\u00ec 23 febbraio","author":"Giacomo Fabbrocino","date":"18 Febbraio 2010","format":false,"excerpt":"Dopo la collaborazione con la prestigiosa rassegna l'Arte della felicit\u00e0 e con l'associazione Achab, che anche quest'anno produrr\u00e0 con Pigrecoemme un'importante mostra fotografica di prossima vernice, continua la ricerca di nuovi fotografi che la Scuola di cinema e fotografia di Napoli ha intrapreso ormai da tempo. Obiettivo: la promozione del\u2026","rel":"","context":"In &quot;Fotografia&quot;","block_context":{"text":"Fotografia","link":"https:\/\/www.pigrecoemme.com\/blog\/fotografia\/"},"img":{"alt_text":"MonTI RoSa","src":"https:\/\/i0.wp.com\/farm5.static.flickr.com\/4061\/4365998774_f3a5b64138.jpg?resize=350%2C200","width":350,"height":200},"classes":[]}],"jetpack_featured_media_url":"","_links":{"self":[{"href":"https:\/\/www.pigrecoemme.com\/blog\/wp-json\/wp\/v2\/posts\/135","targetHints":{"allow":["GET"]}}],"collection":[{"href":"https:\/\/www.pigrecoemme.com\/blog\/wp-json\/wp\/v2\/posts"}],"about":[{"href":"https:\/\/www.pigrecoemme.com\/blog\/wp-json\/wp\/v2\/types\/post"}],"author":[{"embeddable":true,"href":"https:\/\/www.pigrecoemme.com\/blog\/wp-json\/wp\/v2\/users\/1"}],"replies":[{"embeddable":true,"href":"https:\/\/www.pigrecoemme.com\/blog\/wp-json\/wp\/v2\/comments?post=135"}],"version-history":[{"count":0,"href":"https:\/\/www.pigrecoemme.com\/blog\/wp-json\/wp\/v2\/posts\/135\/revisions"}],"wp:attachment":[{"href":"https:\/\/www.pigrecoemme.com\/blog\/wp-json\/wp\/v2\/media?parent=135"}],"wp:term":[{"taxonomy":"category","embeddable":true,"href":"https:\/\/www.pigrecoemme.com\/blog\/wp-json\/wp\/v2\/categories?post=135"},{"taxonomy":"post_tag","embeddable":true,"href":"https:\/\/www.pigrecoemme.com\/blog\/wp-json\/wp\/v2\/tags?post=135"}],"curies":[{"name":"wp","href":"https:\/\/api.w.org\/{rel}","templated":true}]}}