{"id":1343,"date":"2015-04-22T00:07:10","date_gmt":"2015-04-21T22:07:10","guid":{"rendered":"http:\/\/www.pigrecoemme.com\/blog\/?p=1343"},"modified":"2015-05-01T12:13:25","modified_gmt":"2015-05-01T10:13:25","slug":"mia-madre-il-latino-ed-altre-radici","status":"publish","type":"post","link":"https:\/\/www.pigrecoemme.com\/blog\/mia-madre-il-latino-ed-altre-radici\/","title":{"rendered":"Mia madre, il latino ed altre radici"},"content":{"rendered":"<p><a href=\"https:\/\/i0.wp.com\/www.pigrecoemme.com\/blog\/wp-content\/uploads\/2015\/04\/mia-madre.jpg?ssl=1\"><img data-recalc-dims=\"1\" loading=\"lazy\" decoding=\"async\" class=\"aligncenter size-full wp-image-1344\" src=\"https:\/\/i0.wp.com\/www.pigrecoemme.com\/blog\/wp-content\/uploads\/2015\/04\/mia-madre.jpg?resize=484%2C252&#038;ssl=1\" alt=\"mia-madre\" width=\"484\" height=\"252\" srcset=\"https:\/\/i0.wp.com\/www.pigrecoemme.com\/blog\/wp-content\/uploads\/2015\/04\/mia-madre.jpg?w=484&amp;ssl=1 484w, https:\/\/i0.wp.com\/www.pigrecoemme.com\/blog\/wp-content\/uploads\/2015\/04\/mia-madre.jpg?resize=300%2C156&amp;ssl=1 300w\" sizes=\"auto, (max-width: 484px) 100vw, 484px\" \/><\/a><\/p>\n<p>Non \u00e8 la prima volta che la morte si affaccia nella filmografia di\u00a0<strong>Nanni Moretti<\/strong>, anzi si potrebbe dire che dalla nascita del figlio (da\u00a0<em>Aprile\u00a0<\/em>in poi, quindi, visto che vita e arte, nell&#8217;opera del regista di\u00a0<em>Sogni d&#8217;oro<\/em>, sono cos\u00ec indissolubilmente intrecciate) sia diventato un tema ricorrente. Sperimentata sulla sua pelle\u00a0(la morte sfiorata\u00a0a causa di\u00a0un\u00a0linfoma di <strong>Hodgkin<\/strong> e la conseguente terapia raccontata in\u00a0<em>Caro Diario<\/em>),\u00a0<strong>Moretti<\/strong> ha preso a temerla nella sua estrinsecazione peggiore (la morte indicibile, quella di un figlio, in\u00a0<em>La stanza del figlio<\/em>), a metaforizzarla (la rinuncia di un\u00a0<strong>Papa<\/strong> alla sua missione, una sorta di morte della &#8220;paternit\u00e0&#8221;, in <em>Habemus Papam<\/em>) ed infine a viverla. Proprio durante il montaggio del film con\u00a0<strong>Michel Piccoli<\/strong>, infatti, la madre di\u00a0<strong>Moretti<\/strong>,\u00a0<strong>Agata Apicella<\/strong>, eponima del leggendario alter ego del figlio,\u00a0<b>Michele Apicella<\/b> e che ricordiamo in un&#8217;esilarante scena di\u00a0<em>Aprile<\/em>, venne\u00a0a mancare.\u00a0Tuttavia, una volta vissuto il lutto, \u00e8 come se\u00a0<strong>Moretti <\/strong>fosse<strong>\u00a0<\/strong>riuscito anche ad elaborarlo e\u00a0<em>Mia Madre<\/em>, conseguentemente,\u00a0appare il suo film, forse, pi\u00f9 sereno e riconciliato. Con se stesso, con il mondo e col cinema.<\/p>\n<p><!--more-->(<em>Da questo momento in poi, se non avete visto il film, non dovreste proseguire nella lettura<\/em>)<\/p>\n<p><em>Mia madre<\/em>, infatti, non \u00e8 affatto un film triste. Anzi, in alcuni momenti \u00e8 uno dei film pi\u00f9 divertenti di\u00a0<strong>Moretti<\/strong> (il set con un debordante\u00a0<strong>John Turturro<\/strong>, l&#8217;interprete che traduce letteralmente anche gli insulti, il camera car alla cieca), ma, anche nelle scene pi\u00f9 intime e sulla carta pi\u00f9 struggenti, il regista sembra come in pace con se stesso, al punto di riuscire, per la prima volta, a farsi &#8220;interpretare&#8221; da qualcun altro, da un&#8217;attrice,\u00a0<strong>Margherita Buy<\/strong>, pur &#8220;restando &#8211; lui &#8211; accanto al personaggio&#8221;.<\/p>\n<figure id=\"attachment_1345\" aria-describedby=\"caption-attachment-1345\" style=\"width: 584px\" class=\"wp-caption aligncenter\"><a href=\"https:\/\/i0.wp.com\/www.pigrecoemme.com\/blog\/wp-content\/uploads\/2015\/04\/moretti-buy-mia-madre.jpg?ssl=1\"><img data-recalc-dims=\"1\" loading=\"lazy\" decoding=\"async\" class=\"size-large wp-image-1345\" src=\"https:\/\/i0.wp.com\/www.pigrecoemme.com\/blog\/wp-content\/uploads\/2015\/04\/moretti-buy-mia-madre.jpg?resize=584%2C329&#038;ssl=1\" alt=\"Nanni Moretti e Margherita Buy in Mia Madre\" width=\"584\" height=\"329\" srcset=\"https:\/\/i0.wp.com\/www.pigrecoemme.com\/blog\/wp-content\/uploads\/2015\/04\/moretti-buy-mia-madre.jpg?resize=1024%2C576&amp;ssl=1 1024w, https:\/\/i0.wp.com\/www.pigrecoemme.com\/blog\/wp-content\/uploads\/2015\/04\/moretti-buy-mia-madre.jpg?resize=300%2C169&amp;ssl=1 300w, https:\/\/i0.wp.com\/www.pigrecoemme.com\/blog\/wp-content\/uploads\/2015\/04\/moretti-buy-mia-madre.jpg?resize=500%2C281&amp;ssl=1 500w, https:\/\/i0.wp.com\/www.pigrecoemme.com\/blog\/wp-content\/uploads\/2015\/04\/moretti-buy-mia-madre.jpg?w=1720&amp;ssl=1 1720w\" sizes=\"auto, (max-width: 584px) 100vw, 584px\" \/><\/a><figcaption id=\"caption-attachment-1345\" class=\"wp-caption-text\">Nanni Moretti e Margherita Buy in Mia Madre<\/figcaption><\/figure>\n<p><em>Mia madre\u00a0<\/em>non \u00e8 triste perch\u00e9 ci insegna l&#8217;importanza delle radici, delle nostre radici e la necessit\u00e0 di mantenerne vivo il ricordo. La madre, il latino (ovvero la lingua da cui deriva la nostra e che resta viva, pur essendo una lingua morta, grazie allo studio e all&#8217;interessamento, mentre \u00e8 emblematico che colui che arriva dall&#8217;<strong>America<\/strong>, un paese privo di storia antica, di ricordi sia letteralmente privo), il nostro glorioso cinema del passato. Il film che <strong>Margherita<\/strong> gira fa pensare a\u00a0<em>La classe operaia va in Paradiso<\/em>\u00a0(diretto da\u00a0<strong>Elio Petri<\/strong>, uno dei registi che\u00a0<strong>Barry Huggins<\/strong>\u00a0cita\u00a0in auto durante la passeggiata notturna) e poi c&#8217;\u00e8 quello striscione sul muro dell&#8217;ospedale, un&#8217;esortazione a non mollare per qualche malato, ma che in quel &#8220;<em>Forza Mario<\/em>&#8221; finale non pu\u00f2 non far pensare ad una sorta di incoraggiamento\u00a0postumo, amorevole e tenero per quanto \u00e8 tardivo, a <strong>Monicelli<\/strong> che pure diresse un film su un&#8217;occupazione in fabbrica,\u00a0<em>I compagni<\/em>, interpretato da quel\u00a0<strong>Marcello Mastroianni<\/strong>\u00a0che \u00e8 stato\u00a0tra i pochi a saper restare sempre &#8220;accanto al personaggio&#8221;.<\/p>\n<figure id=\"attachment_1346\" aria-describedby=\"caption-attachment-1346\" style=\"width: 680px\" class=\"wp-caption aligncenter\"><a href=\"https:\/\/i0.wp.com\/www.pigrecoemme.com\/blog\/wp-content\/uploads\/2015\/04\/john-turturro.jpg?ssl=1\"><img data-recalc-dims=\"1\" loading=\"lazy\" decoding=\"async\" class=\"size-full wp-image-1346\" src=\"https:\/\/i0.wp.com\/www.pigrecoemme.com\/blog\/wp-content\/uploads\/2015\/04\/john-turturro.jpg?resize=680%2C478&#038;ssl=1\" alt=\"John Turturro\" width=\"680\" height=\"478\" srcset=\"https:\/\/i0.wp.com\/www.pigrecoemme.com\/blog\/wp-content\/uploads\/2015\/04\/john-turturro.jpg?w=680&amp;ssl=1 680w, https:\/\/i0.wp.com\/www.pigrecoemme.com\/blog\/wp-content\/uploads\/2015\/04\/john-turturro.jpg?resize=300%2C211&amp;ssl=1 300w, https:\/\/i0.wp.com\/www.pigrecoemme.com\/blog\/wp-content\/uploads\/2015\/04\/john-turturro.jpg?resize=427%2C300&amp;ssl=1 427w\" sizes=\"auto, (max-width: 680px) 100vw, 680px\" \/><\/a><figcaption id=\"caption-attachment-1346\" class=\"wp-caption-text\">John Turturro<\/figcaption><\/figure>\n<p><em>Mia madre<\/em> non \u00e8 un film triste\u00a0perch\u00e9\u00a0<strong>Moretti<\/strong> ride di se stesso e lo fa apertamente. Invita il suo alter ego femminile a rompere almeno uno dei suoi schemi (nella meravigliosa scena della lunghissima fila fuori al\u00a0<strong>Capranichetta<\/strong>) e poi lo fa lui dietro la m.d.p.\u00a0Stavolta non se la prende coi critici che parlano bene di\u00a0<em>Henry, pioggia di sangue<\/em>, non se la prende con\u00a0<em>Michael Mann<\/em>, non se la prende con\u00a0<em>Daniele Luchetti<\/em> che gira spot pubblicitari. Stavolta \u00e8 lui stesso il suo bersaglio. &#8220;<em>Il regista \u00e8 uno stronzo a cui voi permettete di fare tutto<\/em>&#8220;.<\/p>\n<p><iframe loading=\"lazy\" title=\"Nanni Moretti, Caro Diario &quot;Henry Pioggia di Sangue&quot; (2\u00b0parte)\" width=\"860\" height=\"645\" src=\"https:\/\/www.youtube.com\/embed\/ruv2MJQ66MU?feature=oembed\" frameborder=\"0\" allow=\"accelerometer; autoplay; clipboard-write; encrypted-media; gyroscope; picture-in-picture; web-share\" referrerpolicy=\"strict-origin-when-cross-origin\" allowfullscreen><\/iframe><\/p>\n<p><em>Mia madre<\/em> non \u00e8 triste perch\u00e9 c&#8217;\u00e8 la speranza nel futuro, in quell&#8217;ultimo, poetico, geniale scambio di battute tra\u00a0<strong>Margherita\u00a0<\/strong>(&#8220;<em>A cosa pensi, mamma?<\/em>&#8220;) e la madre, la quale\u00a0le risponde\u00a0(&#8220;<em>A domani<\/em>&#8220;)\u00a0da un controcampo dell&#8217;inconscio che, in un sol colpo, colma il proverbiale vuoto filmico spettatoriale e quello diegetico della protagonista, ricucendo o psicanaliticamente suturando (con il raccordo) ben pi\u00f9 che un incrociarsi di sguardi: rinsaldando un rapporto, una relazione filiale (ed il processo ha inizio quando l&#8217;incidente della lavatrice fa s\u00ec che, chiasmicamente, la rottura delle acque riconduca la protagonista nella casa\/utero materna). In quell&#8217;ultimo primo piano,\u00a0<strong>Margherita<\/strong> \u00e8 serena perch\u00e9 ha raggiunto la socratica\u00a0<em>docta ignorantia<\/em>: sa di non sapere. Sa di non sapere del legame perdurante tra la madre insegnante ed i suoi vecchi alunni, sa di non sapere che la figlia ha sofferto per amore, sa di non sapere quale sia il messaggio del film che sta girando. E, come accade sempre quando al cinema si realizza la magia, la conquistata consapevolezza della protagonista che \u00e8 consapevolezza dell&#8217;autore, diventa consapevolezza nostra.<\/p>\n<figure id=\"attachment_1347\" aria-describedby=\"caption-attachment-1347\" style=\"width: 400px\" class=\"wp-caption aligncenter\"><a href=\"https:\/\/i0.wp.com\/www.pigrecoemme.com\/blog\/wp-content\/uploads\/2015\/04\/agata-apicella.jpg?ssl=1\"><img data-recalc-dims=\"1\" loading=\"lazy\" decoding=\"async\" class=\"wp-image-1347 size-full\" src=\"https:\/\/i0.wp.com\/www.pigrecoemme.com\/blog\/wp-content\/uploads\/2015\/04\/agata-apicella.jpg?resize=400%2C285&#038;ssl=1\" alt=\"agata-apicella\" width=\"400\" height=\"285\" srcset=\"https:\/\/i0.wp.com\/www.pigrecoemme.com\/blog\/wp-content\/uploads\/2015\/04\/agata-apicella.jpg?w=400&amp;ssl=1 400w, https:\/\/i0.wp.com\/www.pigrecoemme.com\/blog\/wp-content\/uploads\/2015\/04\/agata-apicella.jpg?resize=300%2C214&amp;ssl=1 300w\" sizes=\"auto, (max-width: 400px) 100vw, 400px\" \/><\/a><figcaption id=\"caption-attachment-1347\" class=\"wp-caption-text\">Agata Apicella col figlio Nanni Moretti nella celeberrima scena del &#8220;cannone&#8221; in Aprile<\/figcaption><\/figure>\n<p>&nbsp;<\/p>\n","protected":false},"excerpt":{"rendered":"<p>Non \u00e8 la prima volta che la morte si affaccia nella filmografia di\u00a0Nanni Moretti, anzi si potrebbe dire che dalla nascita del figlio (da\u00a0Aprile\u00a0in poi, quindi, visto che vita e arte, nell&#8217;opera del regista&hellip;<\/p>\n","protected":false},"author":3,"featured_media":0,"comment_status":"open","ping_status":"open","sticky":false,"template":"","format":"standard","meta":{"_jetpack_newsletter_access":"","_jetpack_dont_email_post_to_subs":false,"_jetpack_newsletter_tier_id":0,"_jetpack_memberships_contains_paywalled_content":false,"_jetpack_feature_clip_id":0,"_jetpack_memberships_contains_paid_content":false,"footnotes":"","jetpack_post_was_ever_published":false},"categories":[950],"tags":[1133,1132,25,1131,1130],"class_list":["post-1343","post","type-post","status-publish","format-standard","hentry","category-analisi-e-critica-2","tag-agata-apicella","tag-lutto","tag-madre","tag-margherita-buy","tag-nanni-moretti"],"yoast_head":"<!-- This site is optimized with the Yoast SEO plugin v28.3 - https:\/\/yoast.com\/product\/yoast-seo-wordpress\/ -->\n<title>&quot;Mia madre&quot; di Nanni Moretti | il latino ed altre radici<\/title>\n<meta name=\"description\" content=\"Analisi del dodicesimo film di Nanni Moretti, da leggere dopo la visione.\" \/>\n<meta name=\"robots\" content=\"index, follow, max-snippet:-1, max-image-preview:large, max-video-preview:-1\" \/>\n<link rel=\"canonical\" href=\"https:\/\/www.pigrecoemme.com\/blog\/mia-madre-il-latino-ed-altre-radici\/\" \/>\n<meta property=\"og:locale\" content=\"it_IT\" \/>\n<meta property=\"og:type\" content=\"article\" \/>\n<meta property=\"og:title\" content=\"&quot;Mia madre&quot; di Nanni Moretti | il latino ed altre radici\" \/>\n<meta property=\"og:description\" content=\"Scuola di Cinema, Televisione e Fotografia - Napoli\" \/>\n<meta property=\"og:url\" content=\"https:\/\/www.pigrecoemme.com\/blog\/mia-madre-il-latino-ed-altre-radici\/\" \/>\n<meta property=\"og:site_name\" content=\"Scuola di Cinema Pigrecoemme - Blog\" \/>\n<meta property=\"article:publisher\" content=\"https:\/\/www.facebook.com\/pigrecoemme\" \/>\n<meta property=\"article:author\" content=\"https:\/\/www.facebook.com\/rosario.gallone\" \/>\n<meta property=\"article:published_time\" content=\"2015-04-21T22:07:10+00:00\" \/>\n<meta property=\"article:modified_time\" content=\"2015-05-01T10:13:25+00:00\" \/>\n<meta property=\"og:image\" content=\"http:\/\/www.pigrecoemme.com\/blog\/wp-content\/uploads\/2015\/04\/mia-madre.jpg\" \/>\n<meta name=\"author\" content=\"Rosario Gallone\" \/>\n<meta name=\"twitter:card\" content=\"summary_large_image\" \/>\n<meta name=\"twitter:creator\" content=\"@RosarioGallone\" \/>\n<meta name=\"twitter:site\" content=\"@Pigrecoemme\" \/>\n<meta name=\"twitter:label1\" content=\"Scritto da\" \/>\n\t<meta name=\"twitter:data1\" content=\"Rosario Gallone\" \/>\n\t<meta name=\"twitter:label2\" content=\"Tempo di lettura stimato\" \/>\n\t<meta name=\"twitter:data2\" content=\"4 minuti\" \/>\n<script type=\"application\/ld+json\" class=\"yoast-schema-graph\">{\"@context\":\"https:\\\/\\\/schema.org\",\"@graph\":[{\"@type\":[\"Article\",\"BlogPosting\"],\"@id\":\"https:\\\/\\\/www.pigrecoemme.com\\\/blog\\\/mia-madre-il-latino-ed-altre-radici\\\/#article\",\"isPartOf\":{\"@id\":\"https:\\\/\\\/www.pigrecoemme.com\\\/blog\\\/mia-madre-il-latino-ed-altre-radici\\\/\"},\"author\":{\"name\":\"Rosario Gallone\",\"@id\":\"https:\\\/\\\/www.pigrecoemme.com\\\/blog\\\/#\\\/schema\\\/person\\\/3fdd423e7c221a503812a1e86daec850\"},\"headline\":\"Mia madre, il latino ed altre radici\",\"datePublished\":\"2015-04-21T22:07:10+00:00\",\"dateModified\":\"2015-05-01T10:13:25+00:00\",\"mainEntityOfPage\":{\"@id\":\"https:\\\/\\\/www.pigrecoemme.com\\\/blog\\\/mia-madre-il-latino-ed-altre-radici\\\/\"},\"wordCount\":807,\"commentCount\":1,\"publisher\":{\"@id\":\"https:\\\/\\\/www.pigrecoemme.com\\\/blog\\\/#organization\"},\"image\":{\"@id\":\"https:\\\/\\\/www.pigrecoemme.com\\\/blog\\\/mia-madre-il-latino-ed-altre-radici\\\/#primaryimage\"},\"thumbnailUrl\":\"http:\\\/\\\/www.pigrecoemme.com\\\/blog\\\/wp-content\\\/uploads\\\/2015\\\/04\\\/mia-madre.jpg\",\"keywords\":[\"agata apicella\",\"lutto\",\"madre\",\"margherita buy\",\"nanni moretti\"],\"articleSection\":[\"Analisi e Critica\"],\"inLanguage\":\"it-IT\",\"potentialAction\":[{\"@type\":\"CommentAction\",\"name\":\"Comment\",\"target\":[\"https:\\\/\\\/www.pigrecoemme.com\\\/blog\\\/mia-madre-il-latino-ed-altre-radici\\\/#respond\"]}]},{\"@type\":\"WebPage\",\"@id\":\"https:\\\/\\\/www.pigrecoemme.com\\\/blog\\\/mia-madre-il-latino-ed-altre-radici\\\/\",\"url\":\"https:\\\/\\\/www.pigrecoemme.com\\\/blog\\\/mia-madre-il-latino-ed-altre-radici\\\/\",\"name\":\"\\\"Mia madre\\\" di Nanni Moretti | il latino ed altre radici\",\"isPartOf\":{\"@id\":\"https:\\\/\\\/www.pigrecoemme.com\\\/blog\\\/#website\"},\"primaryImageOfPage\":{\"@id\":\"https:\\\/\\\/www.pigrecoemme.com\\\/blog\\\/mia-madre-il-latino-ed-altre-radici\\\/#primaryimage\"},\"image\":{\"@id\":\"https:\\\/\\\/www.pigrecoemme.com\\\/blog\\\/mia-madre-il-latino-ed-altre-radici\\\/#primaryimage\"},\"thumbnailUrl\":\"http:\\\/\\\/www.pigrecoemme.com\\\/blog\\\/wp-content\\\/uploads\\\/2015\\\/04\\\/mia-madre.jpg\",\"datePublished\":\"2015-04-21T22:07:10+00:00\",\"dateModified\":\"2015-05-01T10:13:25+00:00\",\"description\":\"Analisi del dodicesimo film di Nanni Moretti, da leggere dopo la visione.\",\"breadcrumb\":{\"@id\":\"https:\\\/\\\/www.pigrecoemme.com\\\/blog\\\/mia-madre-il-latino-ed-altre-radici\\\/#breadcrumb\"},\"inLanguage\":\"it-IT\",\"potentialAction\":[{\"@type\":\"ReadAction\",\"target\":[\"https:\\\/\\\/www.pigrecoemme.com\\\/blog\\\/mia-madre-il-latino-ed-altre-radici\\\/\"]}]},{\"@type\":\"ImageObject\",\"inLanguage\":\"it-IT\",\"@id\":\"https:\\\/\\\/www.pigrecoemme.com\\\/blog\\\/mia-madre-il-latino-ed-altre-radici\\\/#primaryimage\",\"url\":\"http:\\\/\\\/www.pigrecoemme.com\\\/blog\\\/wp-content\\\/uploads\\\/2015\\\/04\\\/mia-madre.jpg\",\"contentUrl\":\"http:\\\/\\\/www.pigrecoemme.com\\\/blog\\\/wp-content\\\/uploads\\\/2015\\\/04\\\/mia-madre.jpg\"},{\"@type\":\"BreadcrumbList\",\"@id\":\"https:\\\/\\\/www.pigrecoemme.com\\\/blog\\\/mia-madre-il-latino-ed-altre-radici\\\/#breadcrumb\",\"itemListElement\":[{\"@type\":\"ListItem\",\"position\":1,\"name\":\"Home\",\"item\":\"https:\\\/\\\/www.pigrecoemme.com\\\/blog\\\/\"},{\"@type\":\"ListItem\",\"position\":2,\"name\":\"Mia madre, il latino ed altre radici\"}]},{\"@type\":\"WebSite\",\"@id\":\"https:\\\/\\\/www.pigrecoemme.com\\\/blog\\\/#website\",\"url\":\"https:\\\/\\\/www.pigrecoemme.com\\\/blog\\\/\",\"name\":\"Scuola di Cinema Pigrecoemme - Blog\",\"description\":\"Siamo la prima Scuola di Cinema e Fotografia di Napoli\",\"publisher\":{\"@id\":\"https:\\\/\\\/www.pigrecoemme.com\\\/blog\\\/#organization\"},\"potentialAction\":[{\"@type\":\"SearchAction\",\"target\":{\"@type\":\"EntryPoint\",\"urlTemplate\":\"https:\\\/\\\/www.pigrecoemme.com\\\/blog\\\/?s={search_term_string}\"},\"query-input\":{\"@type\":\"PropertyValueSpecification\",\"valueRequired\":true,\"valueName\":\"search_term_string\"}}],\"inLanguage\":\"it-IT\"},{\"@type\":\"Organization\",\"@id\":\"https:\\\/\\\/www.pigrecoemme.com\\\/blog\\\/#organization\",\"name\":\"Scuola di cinema e fotografia Pigrecoemme\",\"url\":\"https:\\\/\\\/www.pigrecoemme.com\\\/blog\\\/\",\"logo\":{\"@type\":\"ImageObject\",\"inLanguage\":\"it-IT\",\"@id\":\"https:\\\/\\\/www.pigrecoemme.com\\\/blog\\\/#\\\/schema\\\/logo\\\/image\\\/\",\"url\":\"https:\\\/\\\/i0.wp.com\\\/www.pigrecoemme.com\\\/blog\\\/wp-content\\\/uploads\\\/2018\\\/06\\\/logo-pigrecoemme-2018.png?fit=500%2C500&ssl=1\",\"contentUrl\":\"https:\\\/\\\/i0.wp.com\\\/www.pigrecoemme.com\\\/blog\\\/wp-content\\\/uploads\\\/2018\\\/06\\\/logo-pigrecoemme-2018.png?fit=500%2C500&ssl=1\",\"width\":500,\"height\":500,\"caption\":\"Scuola di cinema e fotografia Pigrecoemme\"},\"image\":{\"@id\":\"https:\\\/\\\/www.pigrecoemme.com\\\/blog\\\/#\\\/schema\\\/logo\\\/image\\\/\"},\"sameAs\":[\"https:\\\/\\\/www.facebook.com\\\/pigrecoemme\",\"https:\\\/\\\/x.com\\\/Pigrecoemme\",\"https:\\\/\\\/www.instagram.com\\\/pigrecoemme\\\/\",\"https:\\\/\\\/www.linkedin.com\\\/company\\\/pigrecoemme\\\/\",\"https:\\\/\\\/www.youtube.com\\\/pigrecoemme\"]},{\"@type\":\"Person\",\"@id\":\"https:\\\/\\\/www.pigrecoemme.com\\\/blog\\\/#\\\/schema\\\/person\\\/3fdd423e7c221a503812a1e86daec850\",\"name\":\"Rosario Gallone\",\"image\":{\"@type\":\"ImageObject\",\"inLanguage\":\"it-IT\",\"@id\":\"https:\\\/\\\/secure.gravatar.com\\\/avatar\\\/7172808a86a713dea422a3159a5fe73d8a0718671410a281103d82dea575d3e9?s=96&r=g\",\"url\":\"https:\\\/\\\/secure.gravatar.com\\\/avatar\\\/7172808a86a713dea422a3159a5fe73d8a0718671410a281103d82dea575d3e9?s=96&r=g\",\"contentUrl\":\"https:\\\/\\\/secure.gravatar.com\\\/avatar\\\/7172808a86a713dea422a3159a5fe73d8a0718671410a281103d82dea575d3e9?s=96&r=g\",\"caption\":\"Rosario Gallone\"},\"description\":\"Rosario \u00e8 tra i fondatori della Pigrecoemme, dove si occupa soprattutto del corso di regia e dell'organizzazione dei corsi. E' autore della sceneggiatura di Isa 9000 (mediometraggio con Isa Danieli diretto da Angelo Serio), del montaggio di documentari e della regia di alcuni cortometraggi.\",\"sameAs\":[\"http:\\\/\\\/www.pigrecoemme.com\\\/\",\"https:\\\/\\\/www.facebook.com\\\/rosario.gallone\",\"https:\\\/\\\/x.com\\\/RosarioGallone\"],\"url\":\"https:\\\/\\\/www.pigrecoemme.com\\\/blog\\\/author\\\/rosario-gallone\\\/\"}]}<\/script>\n<!-- \/ Yoast SEO plugin. -->","yoast_head_json":{"title":"\"Mia madre\" di Nanni Moretti | il latino ed altre radici","description":"Analisi del dodicesimo film di Nanni Moretti, da leggere dopo la visione.","robots":{"index":"index","follow":"follow","max-snippet":"max-snippet:-1","max-image-preview":"max-image-preview:large","max-video-preview":"max-video-preview:-1"},"canonical":"https:\/\/www.pigrecoemme.com\/blog\/mia-madre-il-latino-ed-altre-radici\/","og_locale":"it_IT","og_type":"article","og_title":"\"Mia madre\" di Nanni Moretti | il latino ed altre radici","og_description":"Scuola di Cinema, Televisione e Fotografia - Napoli","og_url":"https:\/\/www.pigrecoemme.com\/blog\/mia-madre-il-latino-ed-altre-radici\/","og_site_name":"Scuola di Cinema Pigrecoemme - Blog","article_publisher":"https:\/\/www.facebook.com\/pigrecoemme","article_author":"https:\/\/www.facebook.com\/rosario.gallone","article_published_time":"2015-04-21T22:07:10+00:00","article_modified_time":"2015-05-01T10:13:25+00:00","og_image":[{"url":"http:\/\/www.pigrecoemme.com\/blog\/wp-content\/uploads\/2015\/04\/mia-madre.jpg","type":"","width":"","height":""}],"author":"Rosario Gallone","twitter_card":"summary_large_image","twitter_creator":"@RosarioGallone","twitter_site":"@Pigrecoemme","twitter_misc":{"Scritto da":"Rosario Gallone","Tempo di lettura stimato":"4 minuti"},"schema":{"@context":"https:\/\/schema.org","@graph":[{"@type":["Article","BlogPosting"],"@id":"https:\/\/www.pigrecoemme.com\/blog\/mia-madre-il-latino-ed-altre-radici\/#article","isPartOf":{"@id":"https:\/\/www.pigrecoemme.com\/blog\/mia-madre-il-latino-ed-altre-radici\/"},"author":{"name":"Rosario Gallone","@id":"https:\/\/www.pigrecoemme.com\/blog\/#\/schema\/person\/3fdd423e7c221a503812a1e86daec850"},"headline":"Mia madre, il latino ed altre radici","datePublished":"2015-04-21T22:07:10+00:00","dateModified":"2015-05-01T10:13:25+00:00","mainEntityOfPage":{"@id":"https:\/\/www.pigrecoemme.com\/blog\/mia-madre-il-latino-ed-altre-radici\/"},"wordCount":807,"commentCount":1,"publisher":{"@id":"https:\/\/www.pigrecoemme.com\/blog\/#organization"},"image":{"@id":"https:\/\/www.pigrecoemme.com\/blog\/mia-madre-il-latino-ed-altre-radici\/#primaryimage"},"thumbnailUrl":"http:\/\/www.pigrecoemme.com\/blog\/wp-content\/uploads\/2015\/04\/mia-madre.jpg","keywords":["agata apicella","lutto","madre","margherita buy","nanni moretti"],"articleSection":["Analisi e Critica"],"inLanguage":"it-IT","potentialAction":[{"@type":"CommentAction","name":"Comment","target":["https:\/\/www.pigrecoemme.com\/blog\/mia-madre-il-latino-ed-altre-radici\/#respond"]}]},{"@type":"WebPage","@id":"https:\/\/www.pigrecoemme.com\/blog\/mia-madre-il-latino-ed-altre-radici\/","url":"https:\/\/www.pigrecoemme.com\/blog\/mia-madre-il-latino-ed-altre-radici\/","name":"\"Mia madre\" di Nanni Moretti | il latino ed altre radici","isPartOf":{"@id":"https:\/\/www.pigrecoemme.com\/blog\/#website"},"primaryImageOfPage":{"@id":"https:\/\/www.pigrecoemme.com\/blog\/mia-madre-il-latino-ed-altre-radici\/#primaryimage"},"image":{"@id":"https:\/\/www.pigrecoemme.com\/blog\/mia-madre-il-latino-ed-altre-radici\/#primaryimage"},"thumbnailUrl":"http:\/\/www.pigrecoemme.com\/blog\/wp-content\/uploads\/2015\/04\/mia-madre.jpg","datePublished":"2015-04-21T22:07:10+00:00","dateModified":"2015-05-01T10:13:25+00:00","description":"Analisi del dodicesimo film di Nanni Moretti, da leggere dopo la visione.","breadcrumb":{"@id":"https:\/\/www.pigrecoemme.com\/blog\/mia-madre-il-latino-ed-altre-radici\/#breadcrumb"},"inLanguage":"it-IT","potentialAction":[{"@type":"ReadAction","target":["https:\/\/www.pigrecoemme.com\/blog\/mia-madre-il-latino-ed-altre-radici\/"]}]},{"@type":"ImageObject","inLanguage":"it-IT","@id":"https:\/\/www.pigrecoemme.com\/blog\/mia-madre-il-latino-ed-altre-radici\/#primaryimage","url":"http:\/\/www.pigrecoemme.com\/blog\/wp-content\/uploads\/2015\/04\/mia-madre.jpg","contentUrl":"http:\/\/www.pigrecoemme.com\/blog\/wp-content\/uploads\/2015\/04\/mia-madre.jpg"},{"@type":"BreadcrumbList","@id":"https:\/\/www.pigrecoemme.com\/blog\/mia-madre-il-latino-ed-altre-radici\/#breadcrumb","itemListElement":[{"@type":"ListItem","position":1,"name":"Home","item":"https:\/\/www.pigrecoemme.com\/blog\/"},{"@type":"ListItem","position":2,"name":"Mia madre, il latino ed altre radici"}]},{"@type":"WebSite","@id":"https:\/\/www.pigrecoemme.com\/blog\/#website","url":"https:\/\/www.pigrecoemme.com\/blog\/","name":"Scuola di Cinema Pigrecoemme - Blog","description":"Siamo la prima Scuola di Cinema e Fotografia di Napoli","publisher":{"@id":"https:\/\/www.pigrecoemme.com\/blog\/#organization"},"potentialAction":[{"@type":"SearchAction","target":{"@type":"EntryPoint","urlTemplate":"https:\/\/www.pigrecoemme.com\/blog\/?s={search_term_string}"},"query-input":{"@type":"PropertyValueSpecification","valueRequired":true,"valueName":"search_term_string"}}],"inLanguage":"it-IT"},{"@type":"Organization","@id":"https:\/\/www.pigrecoemme.com\/blog\/#organization","name":"Scuola di cinema e fotografia Pigrecoemme","url":"https:\/\/www.pigrecoemme.com\/blog\/","logo":{"@type":"ImageObject","inLanguage":"it-IT","@id":"https:\/\/www.pigrecoemme.com\/blog\/#\/schema\/logo\/image\/","url":"https:\/\/i0.wp.com\/www.pigrecoemme.com\/blog\/wp-content\/uploads\/2018\/06\/logo-pigrecoemme-2018.png?fit=500%2C500&ssl=1","contentUrl":"https:\/\/i0.wp.com\/www.pigrecoemme.com\/blog\/wp-content\/uploads\/2018\/06\/logo-pigrecoemme-2018.png?fit=500%2C500&ssl=1","width":500,"height":500,"caption":"Scuola di cinema e fotografia Pigrecoemme"},"image":{"@id":"https:\/\/www.pigrecoemme.com\/blog\/#\/schema\/logo\/image\/"},"sameAs":["https:\/\/www.facebook.com\/pigrecoemme","https:\/\/x.com\/Pigrecoemme","https:\/\/www.instagram.com\/pigrecoemme\/","https:\/\/www.linkedin.com\/company\/pigrecoemme\/","https:\/\/www.youtube.com\/pigrecoemme"]},{"@type":"Person","@id":"https:\/\/www.pigrecoemme.com\/blog\/#\/schema\/person\/3fdd423e7c221a503812a1e86daec850","name":"Rosario Gallone","image":{"@type":"ImageObject","inLanguage":"it-IT","@id":"https:\/\/secure.gravatar.com\/avatar\/7172808a86a713dea422a3159a5fe73d8a0718671410a281103d82dea575d3e9?s=96&r=g","url":"https:\/\/secure.gravatar.com\/avatar\/7172808a86a713dea422a3159a5fe73d8a0718671410a281103d82dea575d3e9?s=96&r=g","contentUrl":"https:\/\/secure.gravatar.com\/avatar\/7172808a86a713dea422a3159a5fe73d8a0718671410a281103d82dea575d3e9?s=96&r=g","caption":"Rosario Gallone"},"description":"Rosario \u00e8 tra i fondatori della Pigrecoemme, dove si occupa soprattutto del corso di regia e dell'organizzazione dei corsi. E' autore della sceneggiatura di Isa 9000 (mediometraggio con Isa Danieli diretto da Angelo Serio), del montaggio di documentari e della regia di alcuni cortometraggi.","sameAs":["http:\/\/www.pigrecoemme.com\/","https:\/\/www.facebook.com\/rosario.gallone","https:\/\/x.com\/RosarioGallone"],"url":"https:\/\/www.pigrecoemme.com\/blog\/author\/rosario-gallone\/"}]}},"jetpack_sharing_enabled":true,"jetpack_likes_enabled":true,"jetpack-related-posts":[{"id":1572,"url":"https:\/\/www.pigrecoemme.com\/blog\/i-10-migliori-film-del-2015\/","url_meta":{"origin":1343,"position":0},"title":"I 10 migliori film del 2015","author":"Rosario Gallone","date":"30 Dicembre 2015","format":false,"excerpt":"Sar\u00e0 pure un appuntamento classico, questo, ma per noi di Pigrecoemme \u00e8 solo il secondo anno e, onde evitare di stilare una lista (non una classifica, una lista) uguale alle tante in circolazione, abbiamo pensato di limitarci ai film datati (secondo l'IMDB) 2015, non distribuiti in Italia nel 2015. Quindi\u2026","rel":"","context":"In &quot;Analisi e Critica&quot;","block_context":{"text":"Analisi e Critica","link":"https:\/\/www.pigrecoemme.com\/blog\/analisi-e-critica-2\/"},"img":{"alt_text":"migliori film 2015.fw","src":"https:\/\/i0.wp.com\/www.pigrecoemme.com\/blog\/wp-content\/uploads\/2015\/12\/migliori-film-2015.fw_.png?resize=350%2C200","width":350,"height":200},"classes":[]},{"id":1368,"url":"https:\/\/www.pigrecoemme.com\/blog\/palombella-rossa\/","url_meta":{"origin":1343,"position":1},"title":"Per &#8220;Cinema e storia&#8221;, Palombella rossa all&#8217;Accademia di Belle Arti","author":"Pigrecoemme","date":"16 Maggio 2015","format":false,"excerpt":"Mercoled\u00ec 20 maggio, alle ore 10:30, presso il teatro dell\u2019Accademia di Belle arti di Napoli, Corrado Morra, docente del corso di sceneggiatura di Pigrecoemme, introdurr\u00e0\u00a0Palombella rossa di Nanni Moretti. La proiezione, a ingresso gratuito fino a esaurimento posti, si inserisce\u00a0nel programma della XVII edizione della rassegna Cinema e storia, dedicata\u2026","rel":"","context":"In &quot;Analisi e Critica&quot;","block_context":{"text":"Analisi e Critica","link":"https:\/\/www.pigrecoemme.com\/blog\/analisi-e-critica-2\/"},"img":{"alt_text":"palombella-rossa","src":"https:\/\/i0.wp.com\/www.pigrecoemme.com\/blog\/wp-content\/uploads\/2015\/05\/palombella-rossa.jpg?resize=350%2C200","width":350,"height":200},"classes":[]},{"id":907,"url":"https:\/\/www.pigrecoemme.com\/blog\/10-film-che-un-hipster-non-puo-fare-a-meno-di-vedere-se-vuole-definirsi-tale\/","url_meta":{"origin":1343,"position":2},"title":"10 film che un hipster non pu\u00f2 fare a meno di vedere se vuole definirsi tale","author":"Rosario Gallone","date":"24 Ottobre 2014","format":false,"excerpt":"A quale hipster ci riferiamo? All'esistenzialista disegnato da Norman Mailer in The White Negro, che vive questa condizione come reazione alla cultura dominante (bianca) manifestandola prima di tutto attraverso l'ascolto di musica (nera)? No, l'hipster cui facciamo riferimento \u00e8 quella figura che, ammettiamolo, odiano un po' tutti, tranne gli hipster.\u2026","rel":"","context":"In &quot;Generale&quot;","block_context":{"text":"Generale","link":"https:\/\/www.pigrecoemme.com\/blog\/generale\/"},"img":{"alt_text":"","src":"https:\/\/i0.wp.com\/www.pigrecoemme.com\/blog\/wp-content\/uploads\/2014\/10\/film-hipster2fw.png?resize=350%2C200","width":350,"height":200},"classes":[]},{"id":2347,"url":"https:\/\/www.pigrecoemme.com\/blog\/flavioh-inaugura-la-decima-edizione-di-astradoc-il-18-gennaio-2019\/","url_meta":{"origin":1343,"position":3},"title":"Flavioh inaugura la decima edizione di Astradoc il 18 gennaio 2019","author":"Pigrecoemme","date":"14 Gennaio 2019","format":false,"excerpt":"Dopo la presentazione alla tredicesima edizione della Festa del Cinema di Roma, Flavioh - Trubuto a Flavio Bucci\u00a0(scheda)inaugura il 18 gennaio a Napoli la decima edizione di\u00a0Astradoc - Viaggio nel cinema del reale, la storica rassegna di cinema documentario curata da\u00a0Arci Movie Napoli, Parallelo 41, Coinor e\u00a0Universit\u00e0 degli Studi di\u2026","rel":"","context":"In &quot;Eventi&quot;","block_context":{"text":"Eventi","link":"https:\/\/www.pigrecoemme.com\/blog\/eventi\/"},"img":{"alt_text":"FLAVIOH, TRIBUTO A FLAVIO BUCCI - Un film di Riccardo Zinna","src":"https:\/\/i0.wp.com\/www.pigrecoemme.com\/blog\/wp-content\/uploads\/2019\/01\/flavioh-riccardo-zinna-astradoc.jpg?resize=350%2C200","width":350,"height":200,"srcset":"https:\/\/i0.wp.com\/www.pigrecoemme.com\/blog\/wp-content\/uploads\/2019\/01\/flavioh-riccardo-zinna-astradoc.jpg?resize=350%2C200 1x, https:\/\/i0.wp.com\/www.pigrecoemme.com\/blog\/wp-content\/uploads\/2019\/01\/flavioh-riccardo-zinna-astradoc.jpg?resize=525%2C300 1.5x, https:\/\/i0.wp.com\/www.pigrecoemme.com\/blog\/wp-content\/uploads\/2019\/01\/flavioh-riccardo-zinna-astradoc.jpg?resize=700%2C400 2x, https:\/\/i0.wp.com\/www.pigrecoemme.com\/blog\/wp-content\/uploads\/2019\/01\/flavioh-riccardo-zinna-astradoc.jpg?resize=1050%2C600 3x"},"classes":[]},{"id":1387,"url":"https:\/\/www.pigrecoemme.com\/blog\/scripta-manent\/","url_meta":{"origin":1343,"position":4},"title":"Script(a) manent. 10 film fondamentali sul mondo della sceneggiatura","author":"Corrado Morra","date":"11 Giugno 2015","format":false,"excerpt":"In occasione del ritorno del corso di sceneggiatura della Pigrecoemme,\u00a0eccovi una lista di certo opinabile, ma di qualche chiara suggestione, sui rapporti che la settima arte, in modo diretto o metaforico, ha intrattenuto con il racconto di chi il cinema lo racconta, ossia degli sceneggiatori.\u00a0 Viale del tramonto (regia: Billy\u2026","rel":"","context":"In &quot;Eventi&quot;","block_context":{"text":"Eventi","link":"https:\/\/www.pigrecoemme.com\/blog\/eventi\/"},"img":{"alt_text":"sceneggiatura film","src":"https:\/\/i0.wp.com\/www.pigrecoemme.com\/blog\/wp-content\/uploads\/2015\/06\/sceneggiatura-film-1024x555.jpg?resize=350%2C200&ssl=1","width":350,"height":200,"srcset":"https:\/\/i0.wp.com\/www.pigrecoemme.com\/blog\/wp-content\/uploads\/2015\/06\/sceneggiatura-film-1024x555.jpg?resize=350%2C200&ssl=1 1x, https:\/\/i0.wp.com\/www.pigrecoemme.com\/blog\/wp-content\/uploads\/2015\/06\/sceneggiatura-film-1024x555.jpg?resize=525%2C300&ssl=1 1.5x, https:\/\/i0.wp.com\/www.pigrecoemme.com\/blog\/wp-content\/uploads\/2015\/06\/sceneggiatura-film-1024x555.jpg?resize=700%2C400&ssl=1 2x"},"classes":[]},{"id":1412,"url":"https:\/\/www.pigrecoemme.com\/blog\/e-la-chiamano-estate\/","url_meta":{"origin":1343,"position":5},"title":"E la chiamano estate","author":"Corrado Morra","date":"15 Luglio 2015","format":false,"excerpt":"Estate. Spiagge, mare, sole. E divertimento. Ma siamo sicuri che sia\u00a0sempre cos\u00ec? Subito dopo i reality di surviving, \u00e8 stato Lost, una serie TV (non a caso il termometro pi\u00f9 sensibile della necessit\u00e0 di epos della nostra contemporaneit\u00e0), che, dal 2004 al 2010, sotto l\u2019illuminato showrunning di J.J. Abrams, ha\u00a0fornito\u2026","rel":"","context":"In &quot;Analisi e Critica&quot;","block_context":{"text":"Analisi e Critica","link":"https:\/\/www.pigrecoemme.com\/blog\/analisi-e-critica-2\/"},"img":{"alt_text":"estate","src":"https:\/\/i0.wp.com\/www.pigrecoemme.com\/blog\/wp-content\/uploads\/2015\/07\/estate.jpg?resize=350%2C200","width":350,"height":200},"classes":[]}],"jetpack_featured_media_url":"","_links":{"self":[{"href":"https:\/\/www.pigrecoemme.com\/blog\/wp-json\/wp\/v2\/posts\/1343","targetHints":{"allow":["GET"]}}],"collection":[{"href":"https:\/\/www.pigrecoemme.com\/blog\/wp-json\/wp\/v2\/posts"}],"about":[{"href":"https:\/\/www.pigrecoemme.com\/blog\/wp-json\/wp\/v2\/types\/post"}],"author":[{"embeddable":true,"href":"https:\/\/www.pigrecoemme.com\/blog\/wp-json\/wp\/v2\/users\/3"}],"replies":[{"embeddable":true,"href":"https:\/\/www.pigrecoemme.com\/blog\/wp-json\/wp\/v2\/comments?post=1343"}],"version-history":[{"count":0,"href":"https:\/\/www.pigrecoemme.com\/blog\/wp-json\/wp\/v2\/posts\/1343\/revisions"}],"wp:attachment":[{"href":"https:\/\/www.pigrecoemme.com\/blog\/wp-json\/wp\/v2\/media?parent=1343"}],"wp:term":[{"taxonomy":"category","embeddable":true,"href":"https:\/\/www.pigrecoemme.com\/blog\/wp-json\/wp\/v2\/categories?post=1343"},{"taxonomy":"post_tag","embeddable":true,"href":"https:\/\/www.pigrecoemme.com\/blog\/wp-json\/wp\/v2\/tags?post=1343"}],"curies":[{"name":"wp","href":"https:\/\/api.w.org\/{rel}","templated":true}]}}