{"id":133,"date":"2009-03-05T19:00:07","date_gmt":"2009-03-05T17:00:07","guid":{"rendered":"http:\/\/www.pigrecoemme.com\/blog\/?p=133"},"modified":"2009-03-05T19:07:09","modified_gmt":"2009-03-05T17:07:09","slug":"a-corto-di-idee","status":"publish","type":"post","link":"https:\/\/www.pigrecoemme.com\/blog\/a-corto-di-idee\/","title":{"rendered":"A corto di Idee"},"content":{"rendered":"<p><a href=\"https:\/\/i0.wp.com\/www.pigrecoemme.com\/a-corto-di-idee\/a-corto-di-idee-2009.jpg\"><img data-recalc-dims=\"1\" loading=\"lazy\" decoding=\"async\" class=\"alignleft\" src=\"https:\/\/i0.wp.com\/www.pigrecoemme.com\/a-corto-di-idee\/a-corto-di-idee-2009.jpg?resize=207%2C229\" alt=\"\" width=\"207\" height=\"229\" \/><\/a>16-17 maggio 2009 &#8211; Seconda rassegna di cortometraggi indipendenti.<\/p>\n<p>Maiori (SA), Hotel Pietra di Luna, Sala Congressi.<\/p>\n<p>Scadenza del bando: 27 aprile 2009<\/p>\n<p>Per informazioni:<br \/>\n<a href=\"mailto:associazionehappyhours@gmail.com\">associazionehappyhours@gmail.com<\/a><br \/>\n<a href=\"mailto:associazionehappyhours@gmail.com\"><\/a><br \/>\n<a href=\"..\/..\/cgi-bin\/clickmanager\/clickmanager.cgi?dl=http:\/\/www.pigrecoemme.com\/a-corto-di-idee\/Bando%20A%20CORTO%20di%20idee%202009%20ufficiale.doc\">Scarica il bando<\/a><br \/>\n<a href=\"..\/..\/cgi-bin\/clickmanager\/clickmanager.cgi?dl=http:\/\/www.pigrecoemme.com\/a-corto-di-idee\/Entry%20Form%20A%20CORTO%20di%20idee%202009.xls\">Scarica l&#8217;entry form<\/a><\/p>\n<p>L&#8217;associazione culturale senza scopo di lucro \u201cHappy Hours\u201d, organizza la 2\u00b0 edizione della Rassegna &#8220;A CORTO di idee&#8221;.<br \/>\nLa rassegna \u00e8 rivolta a TUTTI: filmaker e videoamatori italiani e stranieri, Istituti scolastici, Associazioni e Societ\u00e0 che abbiano o meno gi\u00e0 prodotto cortometraggi.<\/p>\n<p>Il termine ultimo per inviare le opere \u00e8 il 27 aprile 2009.<\/p>\n<p>leggi tutto il post per leggere il regolamento.<\/p>\n<p><!--more--><\/p>\n<p class=\"titolone\">1. ORGANIZZAZIONE<\/p>\n<p class=\"recensione\">L&#8217;associazione culturale senza scopo di lucro \u201cHappy Hours\u201d, organizza la 2\u00b0 edizione della Rassegna &#8220;A CORTO di idee&#8221;.<br \/>\nLa rassegna \u00e8 rivolta a TUTTI: filmaker e videoamatori italiani e stranieri, Istituti scolastici, Associazioni e Societ\u00e0 che abbiano o meno gi\u00e0 prodotto cortometraggi.\n<\/p>\n<p class=\"titolone\">2. OBIETTIVI<\/p>\n<p class=\"recensione\">L\u2019obiettivo della Rassegna \u00e8 valorizzare, promuovere e divulgare il Cortometraggio come forma espressiva particolarmente valida ed attuale a livello sociale e culturale, incentivare i giovani a sfruttare le potenzialit\u00e0 dei linguaggi artistici dei nuovi media e rispondere in modo creativo alle esigenze di crescita culturale dei giovani registi emergenti.<br \/>\nLa Rassegna vuole essere una festa per dare a tutti i filmaker di talento la maggiore visibilit\u00e0 possibile in quanto durante la manifestazione verranno proiettati tutti i lavori pervenuti.\n<\/p>\n<p class=\"titolone\">3. PERIODO DI SVOLGIMENTO<\/p>\n<p class=\"recensione\">L\u2019evento &#8220;A CORTO di idee&#8221;, si svolger\u00e0 per 2 giorni, rispettivamente il 16 e il 17 maggio 2009 presso la Sala Congressi dell\u2019hotel \u201cPietra di Luna\u201d di Maiori.<br \/>\nI corti saranno, inoltre, trasmessi a partire dal 8 maggio 2008 sulla Web TV ufficiale dell\u2019associazione, AmalfiCoastTV, visibile sia sullo space dell\u2019associazione, <a href=\"http:\/\/www.myspace.com\/hhamalficoast\" target=\"_blank\">www.myspace.com\/hhamalficoast<\/a>, che direttamente all\u2019indirizzo <a href=\"http:\/\/www.mogulus.com\/amalficoast\" target=\"_blank\">www.mogulus.com\/amalficoast<\/a>.\n<\/p>\n<p class=\"titolone\">4. IL CONCORSO<\/p>\n<p class=\"recensione\">La partecipazione alla rassegna \u00e8 totalmente gratuita.<br \/>\nLa data di scadenza per la consegna dei corti \u00e8 il 27 aprile 2009 (far\u00e0 fede il timbro postale).<br \/>\nSono previste due sezioni: 1) sezione generale a tema libero; 2) sezione speciale: \u201cMyFilm\u201d<br \/>\nOgni opera deve avere durata massima di 12 minuti, inclusi i titoli di testa e di coda.<br \/>\nGli Autori italiani devono presentare i cortometraggi in lingua italiana o con sottotitoli in italiano.<br \/>\nI cortometraggi degli autori stranieri, che non adottano la lingua italiana o sottotitoli in italiano, devono essere in lingua inglese o sottotitolati in lingua inglese.<\/p>\n<p>La Giuria del concorso attribuir\u00e0 i seguenti premi:\n<\/p>\n<p class=\"recensione\">\u2022\u00a0RASSEGNA &#8220;A CORTO di idee 2009&#8221;<br \/>\nal Migliore Cortometraggio ( 1\u00b0 Premio assoluto )<br \/>\nL\u2019Associazione Happy Hours assegner\u00e0 inoltre al vincitore la somma di 200\u20ac a titolo di finanziamento per la realizzazione del prossimo corto\n<\/p>\n<p class=\"recensione\">\u2022 Miglior REGISTA<\/p>\n<p class=\"recensione\">\u2022 Miglior COLONNA SONORA ORIGINALE<br \/>\n(Composizioni inedite di artisti indipendenti)\n<\/p>\n<p class=\"recensione\">\u2022 Miglior ATTORE PROTAGONISTA<\/p>\n<p class=\"recensione\">\u2022 Miglior ATTRICE PROTAGONISTA<\/p>\n<p class=\"recensione\">\u2022 Miglior MONTAGGIO<\/p>\n<p class=\"recensione\">\u2022 Premio della CRITICA<br \/>\nAssegnato dalla <a href=\"..\/..\/\">Scuola di Cinema Pigrecoemme<\/a><\/p>\n<p class=\"recensione\">MIGLIORI CORTOMETRAGGI SEZIONE SPECIALE:<br \/>\n&#8220;MYFILM \u2013 io lo avrei fatto cos\u00ec!&#8221;<br \/>\nPremi alle migliori rivisitazioni\/ridoppiaggi di opere famose riviste in chiave comica e satirica.<br \/>\nNon sono ammessi elaborati con linguaggio scurrile e\/o osceno (es. bestemmie etc)<\/p>\n<p class=\"recensione\">\u2022\u00a0MIGLIORI CORTOMETRAGGI SCOLASTICI<br \/>\nPremi ai migliori cortometraggi realizzati da studenti (iscritti nell&#8217;anno 2008-09)<br \/>\ndistinti tra Scuole italiane Primarie, Secondarie di 1\u00b0 e 2\u00b0 grado<br \/>\n.<br \/>\n\u2022\u00a0MIGLIOR CORTO TELEFONINO<br \/>\nPremio al miglior cortometraggio realizzato con un Telefonino di qualunque marca e modello.<\/p>\n<p class=\"recensione\">\u2022\u00a0PREMIO FACEBOOK<br \/>\nPremio assegnato sulla base dei voti del pubblico iscritto alla pagina ufficiale dell\u2019evento su Facebook.<br \/>\nTutti i cortometraggi saranno trasmessi in streamnig su AmalfiCoast TV (<a href=\"http:\/\/www.myspace.com\/hhamalficoast\">www.myspace.com\/hhamalficoast<\/a> o<a href=\"http:\/\/www.mogulus.com\/amalficoast\"> www.mogulus.com\/amalficoast<\/a> )<br \/>\nAi fini del computo dei voti saranno ritenuti validi tutti, e solo, i voti espressi sulla pagina ufficiale<br \/>\n&#8211; 2\u00b0 Rassegna Cortometraggi Indipendenti &#8220;A CORTO di idee&#8221; &#8211;<br \/>\nsu Facebook pervenute tra l\u20198 maggio 2009 e le 24:00 del 14 maggio 2008. Il pubblico potr\u00e0 esprimere una sola preferenza direttamente sulla \u201cBacheca\u201d dell\u2019evento. Il voto dovr\u00e0 essere preceduto dalla dicitura: \u201cVotazioni A Corto di Idee 2009\u201d\n<\/p>\n<p class=\"titolone\">5. MODALITA&#8217; DI ISCRIZIONE<\/p>\n<p class=\"recensione\">Ogni concorrente potr\u00e0 partecipare complessivamente al massimo con 1 cortometraggio, prodotto dopo il 1\u00b0 gennaio 2007.<br \/>\nSono ammessi cortometraggi gi\u00e0 presentati o premiati in altri concorsi.<br \/>\nOgni cortometraggio dovr\u00e0 essere inviato in 1 copia in formato DVD, sul supporto dovranno essere chiaramente indicati: titolo del corto, cognome e nome del regista, durata ed anno di realizzazione e 1 copia in formato Mpeg4 o Avi.<br \/>\nOltre all\u2019invio delle copie del corto \u00e8 necessario compilare la scheda d\u2019iscrizione<br \/>\nscaricabile da <a href=\"..\/..\/a-corto-di-idee\/Entry%20Form%20A%20CORTO%20di%20idee%202009.xls\">qui<\/a>, e inviare all\u2019indirizzo email<br \/>\n<a href=\"mailto:associazionehappyhours@gmail.com\">associazionehappyhours@gmail.com<\/a> o <a href=\"mailto:associazionehappyhours@hotmail.it\">associazionehappyhours@hotmail.it<\/a>, una sinossi breve di circa 5 righe accompagnata dalla versione multimediale della scheda di iscrizione.<br \/>\nLa scheda d&#8217;iscrizione dovr\u00e0 essere chiaramente compilata in tutte le pagine e debitamente firmata in originale nelle pagine inviate (pena l&#8217;esclusione dal concorso). In caso di iscrizione di un minorenne, deve essere apposta anche la firma di un genitore.<br \/>\nIl plico (con le 2 copie del corto e la relativa scheda d&#8217;iscrizione) dovr\u00e0 essere spedito entro le ore 24:00 del 27 Aprile 2009 (far\u00e0 fede il timbro postale), solamente con: posta ordinaria, prioritaria o raccomandata semplice senza ricevuta di ritorno, al seguente indirizzo:<\/p>\n<p class=\"boxgrigio\">Rassegna &#8220;A CORTO di idee 2009&#8221;<br \/>\nAssociazione Happy Hours<br \/>\nAl responsabile Alfonso Pastore Via F. Cerasuoli,4 &#8211; 84010 Maiori (Sa)<\/p>\n<p class=\"recensione\">Le spese di spedizione sono a carico dei partecipanti. I plichi tassati saranno rifiutati.<br \/>\nIl mittente inviando l&#8217;opera, dichiara di essere titolare di tutti i diritti di utilizzazione dell&#8217;opera stessa, nessuno escluso e che i contenuti della stessa non violano le leggi vigenti e che l&#8217;opera non presenta contenuti a carattere diffamatorio. In ogni caso il mittente manleva l&#8217;organizzazione da ogni responsabilit\u00e0 per il contenuto del corto proiettato in pubblico.<br \/>\nI partecipanti alla rassegna, con l&#8217;iscrizione, autorizzano l&#8217;associazione culturale senza scopo di lucro \u201cHappy Hours\u201d, organizzatore della Rassegna, ai sensi della Legge 196\/2003 e successive modifiche ed integrazioni, al trattamento anche informatico dei dati personali.\n<\/p>\n<p class=\"titolone\">6. SELEZIONI E PREMIAZIONI<\/p>\n<p class=\"recensione\">La finalit\u00e0 della rassegna &#8220;A CORTO di idee&#8221; \u00e8 proiettare, nei giorni di svolgimento, tutti i cortometraggi inviati, solo con una prima preselezione per controllare contenuti contrari alla legge e per risolvere problematiche inerenti la durata complessiva delle proiezioni nell&#8217;ambito della manifestazione.<br \/>\nLa Giuria assegner\u00e0 i premi a suo insindacabile giudizio; il PREMIO &#8220;A CORTO di idee 2009&#8221; non pu\u00f2 essere assegnato con ex aequo.<br \/>\nLa Giuria potr\u00e0 non assegnare uno o pi\u00f9 premi ed assegnare menzioni e premi speciali.<br \/>\nLe premiazioni avverranno il 17 maggio 2009 presso la Sala Congressi dell\u2019hotel \u201cPietra di Luna\u201d di Maiori, i premi per i vincitori ed i nominativi della giuria saranno comunicati dopo la data di scadenza del concorso.<br \/>\nI cortometraggi presentati al concorso verranno anche valutati (se inserita autorizzazione nella scheda di iscrizione) per essere proposti ed inseriti in diversi format televisivi (tv terrestre, satellitare, digitale, ecc.) a scopo culturale e non commerciale, cio\u00e8 senza scopo di lucro, in ogni caso senza alcun compenso per gli Autori e detentori dei diritti.<br \/>\nI cortometraggi presentati al concorso potranno essere proiettati, senza alcun compenso per gli Autori, per scopi didattico-culturali e non commerciale tramite la distribuzione non esclusiva gratuita (non retribuita) da parte dell\u2019associazione culturale senza scopo di lucro &#8220;Happy Hours&#8221;, anche in ulteriori eventi e\/o manifestazioni nazionali ed internazionali.\n<\/p>\n<p class=\"titolone\">7. NORME GENERALI<\/p>\n<p class=\"recensione\">L&#8217;organizzazione della Rassegna, pur impegnandosi rigorosamente nella cura e custodia delle opere pervenute, non si assume responsabilit\u00e0 alcuna per eventuali ritardi postali, furti, danneggiamenti o smarrimenti che queste dovessero subire prima, durante o dopo la manifestazione.<br \/>\nI vincitori potranno inserire il logo de &#8220;A CORTO di idee&#8221; e la dicitura &#8220;A CORTO di idee&#8221; Maiori 2009 e il tipo di premio vinto nei credits di testa nelle copie del corto realizzate successivamente alla data di premiazione.<br \/>\nPer dar loro maggiore visibilit\u00e0, i cortometraggi presentati (e non solo quelli premiati) potranno essere trasmessi in streaming (se inserita autorizzazione nella scheda di iscrizione) sul sito <a href=\"http:\/\/www.myspace.com\/hhamalficoast\" target=\"_blank\">www.myspace.com\/hhamalficoast<\/a> o in siti collegati, l&#8217;Autore sar\u00e0 sempre citato. I cortometraggi presentati (e non solo quelli premiati) potranno essere proiettati (senza alcun compenso per gli Autori e detentori dei diritti) per uso didattico-culturale-divulgativo senza scopo di lucro in eventi e\/o manifestazioni nazionali ed internazionali; l&#8217;Autore sar\u00e0 sempre citato. Analogamente, se si inviano anche le sceneggiature, sinossi ampliate, storyboard e backstage delle opere presentate, si autorizza automaticamente la loro pubblicazione, senza alcun compenso, sempre a scopo didattico-culturale, nel sito promotore www.myspace.com\/hhamalficoast.com o siti collegati. Tutti i diritti dei cortometraggi rimarranno sempre di propriet\u00e0 dell&#8217;Autore e dei detentori dei diritti.<br \/>\nPer cause di forza maggiore, per problemi tecnico-organizzativi o per apportare migliorie od in caso di eccezioni non previste, l&#8217;organizzazione potr\u00e0 modificare il presente Regolamento, dandone informazione sul sito promotore www.myspace.com\/hhamalficoast<br \/>\nL&#8217;invio della scheda di partecipazione compilata implica l&#8217;accettazione integrale ed incondizionata del presente regolamento.<br \/>\nSul sito promotore www.myspace.com\/hhamalficoast saranno comunicate tutte le notizie relative alla ricezione dei lavori, alle eventuali fasi di selezione, la data di premiazione, nonch\u00e9 i calendari delle proiezioni, ed ogni altra utile notizia.\n<\/p>\n<p class=\"recensione\">Per ogni eventuale controversia \u00e8 competente il Foro di Salerno.<\/p>\n<p class=\"recensione\">Per ulteriori informazioni scrivere a:<\/p>\n<p><a href=\"mailto:associazionehappyhours@gmail.com\">associazionehappyhours@gmail.com <\/a><br \/>\n<a href=\"mailto:associazionehappyhours@hotmail.it%C2%A0\">associazionehappyhours@hotmail.it <\/a><\/p>\n","protected":false},"excerpt":{"rendered":"<p>16-17 maggio 2009 &#8211; Seconda rassegna di cortometraggi indipendenti. Maiori (SA), Hotel Pietra di Luna, Sala Congressi. Scadenza del bando: 27 aprile 2009 Per informazioni: associazionehappyhours@gmail.com Scarica il bando Scarica l&#8217;entry form L&#8217;associazione culturale&hellip;<\/p>\n","protected":false},"author":1,"featured_media":0,"comment_status":"open","ping_status":"open","sticky":false,"template":"","format":"standard","meta":{"_jetpack_newsletter_access":"","_jetpack_dont_email_post_to_subs":false,"_jetpack_newsletter_tier_id":0,"_jetpack_memberships_contains_paywalled_content":false,"_jetpack_feature_clip_id":0,"_jetpack_memberships_contains_paid_content":false,"footnotes":"","jetpack_post_was_ever_published":false},"categories":[11],"tags":[305,88,42,85,307,306],"class_list":["post-133","post","type-post","status-publish","format-standard","hentry","category-eventi","tag-a-corto-di-idee","tag-corti","tag-cortometraggi","tag-festival","tag-maiori","tag-rassegna"],"yoast_head":"<!-- This site is optimized with the Yoast SEO plugin v28.4 - https:\/\/yoast.com\/product\/yoast-seo-wordpress\/ -->\n<title>A corto di Idee<\/title>\n<meta name=\"robots\" content=\"index, follow, max-snippet:-1, max-image-preview:large, max-video-preview:-1\" \/>\n<link rel=\"canonical\" href=\"https:\/\/www.pigrecoemme.com\/blog\/a-corto-di-idee\/\" \/>\n<meta property=\"og:locale\" content=\"it_IT\" \/>\n<meta property=\"og:type\" content=\"article\" \/>\n<meta property=\"og:title\" content=\"A corto di Idee\" \/>\n<meta property=\"og:description\" content=\"16-17 maggio 2009 &#8211; Seconda rassegna di cortometraggi indipendenti. Maiori (SA), Hotel Pietra di Luna, Sala Congressi. Scadenza del bando: 27 aprile 2009 Per informazioni: associazionehappyhours@gmail.com Scarica il bando Scarica l&#8217;entry form L&#8217;associazione culturale senza scopo di lucro \u201cHappy Hours\u201d, &hellip; Continue reading &rarr;\" \/>\n<meta property=\"og:url\" content=\"https:\/\/www.pigrecoemme.com\/blog\/a-corto-di-idee\/\" \/>\n<meta property=\"og:site_name\" content=\"Scuola di Cinema Pigrecoemme - Blog\" \/>\n<meta property=\"article:publisher\" content=\"https:\/\/www.facebook.com\/pigrecoemme\" \/>\n<meta property=\"article:author\" content=\"https:\/\/www.facebook.com\/giacomo.fabbrocino\" \/>\n<meta property=\"article:published_time\" content=\"2009-03-05T17:00:07+00:00\" \/>\n<meta property=\"article:modified_time\" content=\"2009-03-05T17:07:09+00:00\" \/>\n<meta property=\"og:image\" content=\"http:\/\/www.pigrecoemme.com\/a-corto-di-idee\/a-corto-di-idee-2009.jpg\" \/>\n<meta name=\"author\" content=\"Giacomo Fabbrocino\" \/>\n<meta name=\"twitter:card\" content=\"summary_large_image\" \/>\n<meta name=\"twitter:creator\" content=\"@Pigrecoemme\" \/>\n<meta name=\"twitter:site\" content=\"@Pigrecoemme\" \/>\n<meta name=\"twitter:label1\" content=\"Scritto da\" \/>\n\t<meta name=\"twitter:data1\" content=\"Giacomo Fabbrocino\" \/>\n\t<meta name=\"twitter:label2\" content=\"Tempo di lettura stimato\" \/>\n\t<meta name=\"twitter:data2\" content=\"7 minuti\" \/>\n<script type=\"application\/ld+json\" class=\"yoast-schema-graph\">{\"@context\":\"https:\\\/\\\/schema.org\",\"@graph\":[{\"@type\":[\"Article\",\"BlogPosting\"],\"@id\":\"https:\\\/\\\/www.pigrecoemme.com\\\/blog\\\/a-corto-di-idee\\\/#article\",\"isPartOf\":{\"@id\":\"https:\\\/\\\/www.pigrecoemme.com\\\/blog\\\/a-corto-di-idee\\\/\"},\"author\":{\"name\":\"Giacomo Fabbrocino\",\"@id\":\"https:\\\/\\\/www.pigrecoemme.com\\\/blog\\\/#\\\/schema\\\/person\\\/57fa822c3d209d3a2612fd0411ae63f4\"},\"headline\":\"A corto di Idee\",\"datePublished\":\"2009-03-05T17:00:07+00:00\",\"dateModified\":\"2009-03-05T17:07:09+00:00\",\"mainEntityOfPage\":{\"@id\":\"https:\\\/\\\/www.pigrecoemme.com\\\/blog\\\/a-corto-di-idee\\\/\"},\"wordCount\":1465,\"commentCount\":0,\"publisher\":{\"@id\":\"https:\\\/\\\/www.pigrecoemme.com\\\/blog\\\/#organization\"},\"image\":{\"@id\":\"https:\\\/\\\/www.pigrecoemme.com\\\/blog\\\/a-corto-di-idee\\\/#primaryimage\"},\"thumbnailUrl\":\"http:\\\/\\\/www.pigrecoemme.com\\\/a-corto-di-idee\\\/a-corto-di-idee-2009.jpg\",\"keywords\":[\"a corto di idee\",\"corti\",\"cortometraggi\",\"festival\",\"maiori\",\"rassegna\"],\"articleSection\":[\"Eventi\"],\"inLanguage\":\"it-IT\",\"potentialAction\":[{\"@type\":\"CommentAction\",\"name\":\"Comment\",\"target\":[\"https:\\\/\\\/www.pigrecoemme.com\\\/blog\\\/a-corto-di-idee\\\/#respond\"]}]},{\"@type\":\"WebPage\",\"@id\":\"https:\\\/\\\/www.pigrecoemme.com\\\/blog\\\/a-corto-di-idee\\\/\",\"url\":\"https:\\\/\\\/www.pigrecoemme.com\\\/blog\\\/a-corto-di-idee\\\/\",\"name\":\"A corto di Idee\",\"isPartOf\":{\"@id\":\"https:\\\/\\\/www.pigrecoemme.com\\\/blog\\\/#website\"},\"primaryImageOfPage\":{\"@id\":\"https:\\\/\\\/www.pigrecoemme.com\\\/blog\\\/a-corto-di-idee\\\/#primaryimage\"},\"image\":{\"@id\":\"https:\\\/\\\/www.pigrecoemme.com\\\/blog\\\/a-corto-di-idee\\\/#primaryimage\"},\"thumbnailUrl\":\"http:\\\/\\\/www.pigrecoemme.com\\\/a-corto-di-idee\\\/a-corto-di-idee-2009.jpg\",\"datePublished\":\"2009-03-05T17:00:07+00:00\",\"dateModified\":\"2009-03-05T17:07:09+00:00\",\"breadcrumb\":{\"@id\":\"https:\\\/\\\/www.pigrecoemme.com\\\/blog\\\/a-corto-di-idee\\\/#breadcrumb\"},\"inLanguage\":\"it-IT\",\"potentialAction\":[{\"@type\":\"ReadAction\",\"target\":[\"https:\\\/\\\/www.pigrecoemme.com\\\/blog\\\/a-corto-di-idee\\\/\"]}]},{\"@type\":\"ImageObject\",\"inLanguage\":\"it-IT\",\"@id\":\"https:\\\/\\\/www.pigrecoemme.com\\\/blog\\\/a-corto-di-idee\\\/#primaryimage\",\"url\":\"http:\\\/\\\/www.pigrecoemme.com\\\/a-corto-di-idee\\\/a-corto-di-idee-2009.jpg\",\"contentUrl\":\"http:\\\/\\\/www.pigrecoemme.com\\\/a-corto-di-idee\\\/a-corto-di-idee-2009.jpg\"},{\"@type\":\"BreadcrumbList\",\"@id\":\"https:\\\/\\\/www.pigrecoemme.com\\\/blog\\\/a-corto-di-idee\\\/#breadcrumb\",\"itemListElement\":[{\"@type\":\"ListItem\",\"position\":1,\"name\":\"Home\",\"item\":\"https:\\\/\\\/www.pigrecoemme.com\\\/blog\\\/\"},{\"@type\":\"ListItem\",\"position\":2,\"name\":\"A corto di Idee\"}]},{\"@type\":\"WebSite\",\"@id\":\"https:\\\/\\\/www.pigrecoemme.com\\\/blog\\\/#website\",\"url\":\"https:\\\/\\\/www.pigrecoemme.com\\\/blog\\\/\",\"name\":\"Scuola di Cinema Pigrecoemme - Blog\",\"description\":\"Siamo la prima Scuola di Cinema e Fotografia di Napoli\",\"publisher\":{\"@id\":\"https:\\\/\\\/www.pigrecoemme.com\\\/blog\\\/#organization\"},\"potentialAction\":[{\"@type\":\"SearchAction\",\"target\":{\"@type\":\"EntryPoint\",\"urlTemplate\":\"https:\\\/\\\/www.pigrecoemme.com\\\/blog\\\/?s={search_term_string}\"},\"query-input\":{\"@type\":\"PropertyValueSpecification\",\"valueRequired\":true,\"valueName\":\"search_term_string\"}}],\"inLanguage\":\"it-IT\"},{\"@type\":\"Organization\",\"@id\":\"https:\\\/\\\/www.pigrecoemme.com\\\/blog\\\/#organization\",\"name\":\"Scuola di cinema e fotografia Pigrecoemme\",\"url\":\"https:\\\/\\\/www.pigrecoemme.com\\\/blog\\\/\",\"logo\":{\"@type\":\"ImageObject\",\"inLanguage\":\"it-IT\",\"@id\":\"https:\\\/\\\/www.pigrecoemme.com\\\/blog\\\/#\\\/schema\\\/logo\\\/image\\\/\",\"url\":\"https:\\\/\\\/i0.wp.com\\\/www.pigrecoemme.com\\\/blog\\\/wp-content\\\/uploads\\\/2018\\\/06\\\/logo-pigrecoemme-2018.png?fit=500%2C500&ssl=1\",\"contentUrl\":\"https:\\\/\\\/i0.wp.com\\\/www.pigrecoemme.com\\\/blog\\\/wp-content\\\/uploads\\\/2018\\\/06\\\/logo-pigrecoemme-2018.png?fit=500%2C500&ssl=1\",\"width\":500,\"height\":500,\"caption\":\"Scuola di cinema e fotografia Pigrecoemme\"},\"image\":{\"@id\":\"https:\\\/\\\/www.pigrecoemme.com\\\/blog\\\/#\\\/schema\\\/logo\\\/image\\\/\"},\"sameAs\":[\"https:\\\/\\\/www.facebook.com\\\/pigrecoemme\",\"https:\\\/\\\/x.com\\\/Pigrecoemme\",\"https:\\\/\\\/www.instagram.com\\\/pigrecoemme\\\/\",\"https:\\\/\\\/www.linkedin.com\\\/company\\\/pigrecoemme\\\/\",\"https:\\\/\\\/www.youtube.com\\\/pigrecoemme\"]},{\"@type\":\"Person\",\"@id\":\"https:\\\/\\\/www.pigrecoemme.com\\\/blog\\\/#\\\/schema\\\/person\\\/57fa822c3d209d3a2612fd0411ae63f4\",\"name\":\"Giacomo Fabbrocino\",\"image\":{\"@type\":\"ImageObject\",\"inLanguage\":\"it-IT\",\"@id\":\"https:\\\/\\\/secure.gravatar.com\\\/avatar\\\/0e4dfd4d05c06a03fffaffeb36fb181415ba11b91a6b566fa2e8ada75927db32?s=96&r=g\",\"url\":\"https:\\\/\\\/secure.gravatar.com\\\/avatar\\\/0e4dfd4d05c06a03fffaffeb36fb181415ba11b91a6b566fa2e8ada75927db32?s=96&r=g\",\"contentUrl\":\"https:\\\/\\\/secure.gravatar.com\\\/avatar\\\/0e4dfd4d05c06a03fffaffeb36fb181415ba11b91a6b566fa2e8ada75927db32?s=96&r=g\",\"caption\":\"Giacomo Fabbrocino\"},\"description\":\"Montatore cinematografico, autore di documentari sull'arte e di video d'artista, Giacomo \u00e8 responsabile della didattica e della comunicazione web della Scuola di Cinema, Fotografia e Televisione Pigrecoemme di Napoli.\",\"sameAs\":[\"http:\\\/\\\/www.pigrecoemme.com\\\/\",\"https:\\\/\\\/www.facebook.com\\\/giacomo.fabbrocino\"],\"url\":\"https:\\\/\\\/www.pigrecoemme.com\\\/blog\\\/author\\\/giacomo-fabbrocino\\\/\"}]}<\/script>\n<!-- \/ Yoast SEO plugin. -->","yoast_head_json":{"title":"A corto di Idee","robots":{"index":"index","follow":"follow","max-snippet":"max-snippet:-1","max-image-preview":"max-image-preview:large","max-video-preview":"max-video-preview:-1"},"canonical":"https:\/\/www.pigrecoemme.com\/blog\/a-corto-di-idee\/","og_locale":"it_IT","og_type":"article","og_title":"A corto di Idee","og_description":"16-17 maggio 2009 &#8211; Seconda rassegna di cortometraggi indipendenti. Maiori (SA), Hotel Pietra di Luna, Sala Congressi. Scadenza del bando: 27 aprile 2009 Per informazioni: associazionehappyhours@gmail.com Scarica il bando Scarica l&#8217;entry form L&#8217;associazione culturale senza scopo di lucro \u201cHappy Hours\u201d, &hellip; Continue reading &rarr;","og_url":"https:\/\/www.pigrecoemme.com\/blog\/a-corto-di-idee\/","og_site_name":"Scuola di Cinema Pigrecoemme - Blog","article_publisher":"https:\/\/www.facebook.com\/pigrecoemme","article_author":"https:\/\/www.facebook.com\/giacomo.fabbrocino","article_published_time":"2009-03-05T17:00:07+00:00","article_modified_time":"2009-03-05T17:07:09+00:00","og_image":[{"url":"http:\/\/www.pigrecoemme.com\/a-corto-di-idee\/a-corto-di-idee-2009.jpg","type":"","width":"","height":""}],"author":"Giacomo Fabbrocino","twitter_card":"summary_large_image","twitter_creator":"@Pigrecoemme","twitter_site":"@Pigrecoemme","twitter_misc":{"Scritto da":"Giacomo Fabbrocino","Tempo di lettura stimato":"7 minuti"},"schema":{"@context":"https:\/\/schema.org","@graph":[{"@type":["Article","BlogPosting"],"@id":"https:\/\/www.pigrecoemme.com\/blog\/a-corto-di-idee\/#article","isPartOf":{"@id":"https:\/\/www.pigrecoemme.com\/blog\/a-corto-di-idee\/"},"author":{"name":"Giacomo Fabbrocino","@id":"https:\/\/www.pigrecoemme.com\/blog\/#\/schema\/person\/57fa822c3d209d3a2612fd0411ae63f4"},"headline":"A corto di Idee","datePublished":"2009-03-05T17:00:07+00:00","dateModified":"2009-03-05T17:07:09+00:00","mainEntityOfPage":{"@id":"https:\/\/www.pigrecoemme.com\/blog\/a-corto-di-idee\/"},"wordCount":1465,"commentCount":0,"publisher":{"@id":"https:\/\/www.pigrecoemme.com\/blog\/#organization"},"image":{"@id":"https:\/\/www.pigrecoemme.com\/blog\/a-corto-di-idee\/#primaryimage"},"thumbnailUrl":"http:\/\/www.pigrecoemme.com\/a-corto-di-idee\/a-corto-di-idee-2009.jpg","keywords":["a corto di idee","corti","cortometraggi","festival","maiori","rassegna"],"articleSection":["Eventi"],"inLanguage":"it-IT","potentialAction":[{"@type":"CommentAction","name":"Comment","target":["https:\/\/www.pigrecoemme.com\/blog\/a-corto-di-idee\/#respond"]}]},{"@type":"WebPage","@id":"https:\/\/www.pigrecoemme.com\/blog\/a-corto-di-idee\/","url":"https:\/\/www.pigrecoemme.com\/blog\/a-corto-di-idee\/","name":"A corto di Idee","isPartOf":{"@id":"https:\/\/www.pigrecoemme.com\/blog\/#website"},"primaryImageOfPage":{"@id":"https:\/\/www.pigrecoemme.com\/blog\/a-corto-di-idee\/#primaryimage"},"image":{"@id":"https:\/\/www.pigrecoemme.com\/blog\/a-corto-di-idee\/#primaryimage"},"thumbnailUrl":"http:\/\/www.pigrecoemme.com\/a-corto-di-idee\/a-corto-di-idee-2009.jpg","datePublished":"2009-03-05T17:00:07+00:00","dateModified":"2009-03-05T17:07:09+00:00","breadcrumb":{"@id":"https:\/\/www.pigrecoemme.com\/blog\/a-corto-di-idee\/#breadcrumb"},"inLanguage":"it-IT","potentialAction":[{"@type":"ReadAction","target":["https:\/\/www.pigrecoemme.com\/blog\/a-corto-di-idee\/"]}]},{"@type":"ImageObject","inLanguage":"it-IT","@id":"https:\/\/www.pigrecoemme.com\/blog\/a-corto-di-idee\/#primaryimage","url":"http:\/\/www.pigrecoemme.com\/a-corto-di-idee\/a-corto-di-idee-2009.jpg","contentUrl":"http:\/\/www.pigrecoemme.com\/a-corto-di-idee\/a-corto-di-idee-2009.jpg"},{"@type":"BreadcrumbList","@id":"https:\/\/www.pigrecoemme.com\/blog\/a-corto-di-idee\/#breadcrumb","itemListElement":[{"@type":"ListItem","position":1,"name":"Home","item":"https:\/\/www.pigrecoemme.com\/blog\/"},{"@type":"ListItem","position":2,"name":"A corto di Idee"}]},{"@type":"WebSite","@id":"https:\/\/www.pigrecoemme.com\/blog\/#website","url":"https:\/\/www.pigrecoemme.com\/blog\/","name":"Scuola di Cinema Pigrecoemme - Blog","description":"Siamo la prima Scuola di Cinema e Fotografia di Napoli","publisher":{"@id":"https:\/\/www.pigrecoemme.com\/blog\/#organization"},"potentialAction":[{"@type":"SearchAction","target":{"@type":"EntryPoint","urlTemplate":"https:\/\/www.pigrecoemme.com\/blog\/?s={search_term_string}"},"query-input":{"@type":"PropertyValueSpecification","valueRequired":true,"valueName":"search_term_string"}}],"inLanguage":"it-IT"},{"@type":"Organization","@id":"https:\/\/www.pigrecoemme.com\/blog\/#organization","name":"Scuola di cinema e fotografia Pigrecoemme","url":"https:\/\/www.pigrecoemme.com\/blog\/","logo":{"@type":"ImageObject","inLanguage":"it-IT","@id":"https:\/\/www.pigrecoemme.com\/blog\/#\/schema\/logo\/image\/","url":"https:\/\/i0.wp.com\/www.pigrecoemme.com\/blog\/wp-content\/uploads\/2018\/06\/logo-pigrecoemme-2018.png?fit=500%2C500&ssl=1","contentUrl":"https:\/\/i0.wp.com\/www.pigrecoemme.com\/blog\/wp-content\/uploads\/2018\/06\/logo-pigrecoemme-2018.png?fit=500%2C500&ssl=1","width":500,"height":500,"caption":"Scuola di cinema e fotografia Pigrecoemme"},"image":{"@id":"https:\/\/www.pigrecoemme.com\/blog\/#\/schema\/logo\/image\/"},"sameAs":["https:\/\/www.facebook.com\/pigrecoemme","https:\/\/x.com\/Pigrecoemme","https:\/\/www.instagram.com\/pigrecoemme\/","https:\/\/www.linkedin.com\/company\/pigrecoemme\/","https:\/\/www.youtube.com\/pigrecoemme"]},{"@type":"Person","@id":"https:\/\/www.pigrecoemme.com\/blog\/#\/schema\/person\/57fa822c3d209d3a2612fd0411ae63f4","name":"Giacomo Fabbrocino","image":{"@type":"ImageObject","inLanguage":"it-IT","@id":"https:\/\/secure.gravatar.com\/avatar\/0e4dfd4d05c06a03fffaffeb36fb181415ba11b91a6b566fa2e8ada75927db32?s=96&r=g","url":"https:\/\/secure.gravatar.com\/avatar\/0e4dfd4d05c06a03fffaffeb36fb181415ba11b91a6b566fa2e8ada75927db32?s=96&r=g","contentUrl":"https:\/\/secure.gravatar.com\/avatar\/0e4dfd4d05c06a03fffaffeb36fb181415ba11b91a6b566fa2e8ada75927db32?s=96&r=g","caption":"Giacomo Fabbrocino"},"description":"Montatore cinematografico, autore di documentari sull'arte e di video d'artista, Giacomo \u00e8 responsabile della didattica e della comunicazione web della Scuola di Cinema, Fotografia e Televisione Pigrecoemme di Napoli.","sameAs":["http:\/\/www.pigrecoemme.com\/","https:\/\/www.facebook.com\/giacomo.fabbrocino"],"url":"https:\/\/www.pigrecoemme.com\/blog\/author\/giacomo-fabbrocino\/"}]}},"jetpack_sharing_enabled":true,"jetpack_likes_enabled":true,"jetpack-related-posts":[{"id":333,"url":"https:\/\/www.pigrecoemme.com\/blog\/aperte-le-selezioni-per-a-corto-di-idee-2011\/","url_meta":{"origin":133,"position":0},"title":"Aperte le selezioni per  &#8220;A CORTO DI IDEE 2011&#8221;","author":"Giacomo Fabbrocino","date":"27 Gennaio 2011","format":false,"excerpt":"L'associazione culturale senza scopo di lucro \u201cHappy Hours\u201d, organizza la 4\u00b0 edizione della Rassegna di cortometraggi \"A CORTO di idee\". Anche quest'anno la Scuola di Cinema Pigrecoemme assegner\u00e0 il premio della critica. La rassegna \u00e8 rivolta a TUTTI: filmaker e videoamatori italiani e stranieri, Istituti scolastici, Associazioni e Societ\u00e0 che\u2026","rel":"","context":"In &quot;Eventi&quot;","block_context":{"text":"Eventi","link":"https:\/\/www.pigrecoemme.com\/blog\/eventi\/"},"img":{"alt_text":"","src":"https:\/\/i0.wp.com\/www.pigrecoemme.com\/a-corto-di-idee\/a-corto-di-idee-2011-small.jpg?resize=350%2C200","width":350,"height":200},"classes":[]},{"id":148,"url":"https:\/\/www.pigrecoemme.com\/blog\/a-corto-di-idee-il-premio-facebook\/","url_meta":{"origin":133,"position":1},"title":"A corto di idee, il premio Facebook","author":"Giacomo Fabbrocino","date":"7 Maggio 2009","format":false,"excerpt":"Da domani oggi, venerd\u00ec 8 maggio, il player qui sotto trasmetter\u00e0 alcuni dei corti dell'edizione 2009 di A Corto di Idee. Questi sono i partecipanti al premio Facebook, per il quale potrete votare (se siete iscritti a Facebook) all'indirizzo che vi daremo domattina, da oggi fino al 14 maggio alle\u2026","rel":"","context":"In &quot;Eventi&quot;","block_context":{"text":"Eventi","link":"https:\/\/www.pigrecoemme.com\/blog\/eventi\/"},"img":{"alt_text":"","src":"","width":0,"height":0},"classes":[]},{"id":32,"url":"https:\/\/www.pigrecoemme.com\/blog\/o-curt-x-edizione-del-festival-del-cortometraggio\/","url_meta":{"origin":133,"position":2},"title":"&#8216;O Curt &#8211; X edizione del festival del cortometraggio","author":"Giacomo Fabbrocino","date":"4 Febbraio 2008","format":false,"excerpt":"Dal 6 al 9 febbraio a Napoli si rinnova l\u2019appuntamento con \u2019O CURT Festival del cortometraggio, che quest\u2019anno giunge al prestigioso traguardo della decima edizione. La rassegna, a cura della Mediateca S. Sofia dell\u2019Assessorato alle Politiche giovanili - Servizio Giovani in collaborazione con La Scuola di Cinema e Televisione Pigrecoemme\u2026","rel":"","context":"In &quot;Eventi&quot;","block_context":{"text":"Eventi","link":"https:\/\/www.pigrecoemme.com\/blog\/eventi\/"},"img":{"alt_text":"","src":"","width":0,"height":0},"classes":[]},{"id":310,"url":"https:\/\/www.pigrecoemme.com\/blog\/pigrecoemme-partner-culturale-del-i-miglio-doro-filmfestival\/","url_meta":{"origin":133,"position":3},"title":"Pigrecoemme partner culturale del I Miglio D&#8217;Oro FilmFestival","author":"Rosario Gallone","date":"2 Dicembre 2010","format":false,"excerpt":"17- 18- 19 dicembre 2010 Portici (NA), Teatro \"E. De Filippo\", \u00a0C.so Umberto I Ancora un'occasione per noi di Pigrecoemme di incoraggiare chi, giovane o meno, cerca di alimentare l'offerta culturale di una citt\u00e0 e di una Provincia che ne hanno davvero bisogno:\u00a0Il \"Miglio D'oro Film Festival\" \u00e8 la prima\u2026","rel":"","context":"In &quot;Eventi&quot;","block_context":{"text":"Eventi","link":"https:\/\/www.pigrecoemme.com\/blog\/eventi\/"},"img":{"alt_text":"","src":"https:\/\/i0.wp.com\/www.pigrecoemme.com\/blog\/wp-content\/uploads\/2010\/12\/migliodoro.jpg?resize=350%2C200","width":350,"height":200},"classes":[]},{"id":49,"url":"https:\/\/www.pigrecoemme.com\/blog\/decalogo-per-aspiranti-autori-di-cortometraggi\/","url_meta":{"origin":133,"position":4},"title":"Decalogo per aspiranti autori di cortometraggi","author":"Giacomo Fabbrocino","date":"12 Aprile 2008","format":false,"excerpt":"Vuoi girare un cortometraggio che inizia con il dettaglio di una sigaretta, ritratta proprio nel doloroso istante in cui viene accesa? Vuoi metterci anche un dettaglio di una caffettiera da cui esce, saporoso e corroborante, il caff\u00e8, con quel suo bel effetto sonoro? Vuoi anche metterci una mezza scena di\u2026","rel":"","context":"In &quot;Generale&quot;","block_context":{"text":"Generale","link":"https:\/\/www.pigrecoemme.com\/blog\/generale\/"},"img":{"alt_text":"","src":"","width":0,"height":0},"classes":[]},{"id":108,"url":"https:\/\/www.pigrecoemme.com\/blog\/sabato-13-dicembre-cortometraggi-al-trip-di-via-martucci-napoli\/","url_meta":{"origin":133,"position":5},"title":"Sabato 13 dicembre cortometraggi al TRIP di Via Martucci, Napoli.","author":"Giacomo Fabbrocino","date":"5 Dicembre 2008","format":false,"excerpt":"Serata dedicata al mondo del cinema, con particolare riguardo alle produzioni indipendenti di cortometraggi, quella di sabato 13 dicembre 2008, al Trip. Ricco il programma dell'evento, organizzato dallo spazio di Via Martucci con la Scuola di cinema di Napoli Pigrecoemme, che parte alle ore 18,00 con un incontro-dibattito sul tema\u2026","rel":"","context":"In &quot;Eventi&quot;","block_context":{"text":"Eventi","link":"https:\/\/www.pigrecoemme.com\/blog\/eventi\/"},"img":{"alt_text":"","src":"https:\/\/i0.wp.com\/www.pigrecoemme.com\/blog\/wp-content\/uploads\/2008\/12\/locandinafilmfestivalen2008-205x300.jpg?resize=350%2C200","width":350,"height":200},"classes":[]}],"jetpack_featured_media_url":"","_links":{"self":[{"href":"https:\/\/www.pigrecoemme.com\/blog\/wp-json\/wp\/v2\/posts\/133","targetHints":{"allow":["GET"]}}],"collection":[{"href":"https:\/\/www.pigrecoemme.com\/blog\/wp-json\/wp\/v2\/posts"}],"about":[{"href":"https:\/\/www.pigrecoemme.com\/blog\/wp-json\/wp\/v2\/types\/post"}],"author":[{"embeddable":true,"href":"https:\/\/www.pigrecoemme.com\/blog\/wp-json\/wp\/v2\/users\/1"}],"replies":[{"embeddable":true,"href":"https:\/\/www.pigrecoemme.com\/blog\/wp-json\/wp\/v2\/comments?post=133"}],"version-history":[{"count":0,"href":"https:\/\/www.pigrecoemme.com\/blog\/wp-json\/wp\/v2\/posts\/133\/revisions"}],"wp:attachment":[{"href":"https:\/\/www.pigrecoemme.com\/blog\/wp-json\/wp\/v2\/media?parent=133"}],"wp:term":[{"taxonomy":"category","embeddable":true,"href":"https:\/\/www.pigrecoemme.com\/blog\/wp-json\/wp\/v2\/categories?post=133"},{"taxonomy":"post_tag","embeddable":true,"href":"https:\/\/www.pigrecoemme.com\/blog\/wp-json\/wp\/v2\/tags?post=133"}],"curies":[{"name":"wp","href":"https:\/\/api.w.org\/{rel}","templated":true}]}}