{"id":1325,"date":"2015-04-12T10:04:47","date_gmt":"2015-04-12T08:04:47","guid":{"rendered":"http:\/\/www.pigrecoemme.com\/blog\/?p=1325"},"modified":"2015-04-13T16:18:51","modified_gmt":"2015-04-13T14:18:51","slug":"il-teaser-di-youth-il-nuovo-film-di-paolo-sorrentino","status":"publish","type":"post","link":"https:\/\/www.pigrecoemme.com\/blog\/il-teaser-di-youth-il-nuovo-film-di-paolo-sorrentino\/","title":{"rendered":"Il Teaser di &#8220;Youth&#8221;, il nuovo film di Paolo Sorrentino"},"content":{"rendered":"<p><iframe loading=\"lazy\" title=\"YOUTH - La Giovinezza - TEASER\" width=\"860\" height=\"484\" src=\"https:\/\/www.youtube.com\/embed\/r9Q43XozHoE?feature=oembed\" frameborder=\"0\" allow=\"accelerometer; autoplay; clipboard-write; encrypted-media; gyroscope; picture-in-picture; web-share\" referrerpolicy=\"strict-origin-when-cross-origin\" allowfullscreen><\/iframe><\/p>\n<p>Ecco le prime immagini del nuovo film di Paolo Sorrentino, <em>Youth &#8211; La giovinezza<\/em>.<br \/>\nNel\u00a0trailer appaiono il due volte premio Oscar <strong>Michael Caine<\/strong> nel ruolo di Toni Servillo, <strong>Harvey Keitel<\/strong>\u00a0nel ruolo di\u00a0Carlo\u00a0Buccirosso, il premio Oscar <strong>Rachel Weisz<\/strong> (sempre bellissima, apparentemente\u00a0nel ruolo di Sabrina Ferilli) e\u00a0<strong>Paul Dano<\/strong> (nel ruolo di Buccirosso da giovane).<br \/>\nNel cast anche il due volte premio Oscar <strong>Jane Fonda<\/strong>.<br \/>\nFotografia caravaggesca, slow-motion e location felliniane (siamo dalle parti di 8\u00bd, ma anche da quelle di &#8220;Morte a Venezia&#8221; di Visconti) ricordano molto <em>La grande bellezza<\/em>, mentre \u00e8 evidente l&#8217;omaggio a <a href=\"http:\/\/www.pigrecoemme.com\/canicola.htm\" target=\"_blank\">Canicola<\/a>, di\u00a0Ulrich Seidl.<br \/>\nYOUTH &#8211; La giovinezza \u00e8 una coproduzione Italia-Francia-Regno Unito-Svizzera e sar\u00e0 al cinema in Italia a Maggio 2015.<\/p>\n<figure id=\"attachment_1326\" aria-describedby=\"caption-attachment-1326\" style=\"width: 600px\" class=\"wp-caption aligncenter\"><a href=\"https:\/\/i0.wp.com\/www.pigrecoemme.com\/blog\/wp-content\/uploads\/2015\/04\/youth-paolo-sorrentino.jpg?ssl=1\"><img data-recalc-dims=\"1\" loading=\"lazy\" decoding=\"async\" class=\"wp-image-1326 size-full\" src=\"https:\/\/i0.wp.com\/www.pigrecoemme.com\/blog\/wp-content\/uploads\/2015\/04\/youth-paolo-sorrentino.jpg?resize=600%2C300&#038;ssl=1\" alt=\"Youth - la giovinezza - Michael Caine\" width=\"600\" height=\"300\" srcset=\"https:\/\/i0.wp.com\/www.pigrecoemme.com\/blog\/wp-content\/uploads\/2015\/04\/youth-paolo-sorrentino.jpg?w=600&amp;ssl=1 600w, https:\/\/i0.wp.com\/www.pigrecoemme.com\/blog\/wp-content\/uploads\/2015\/04\/youth-paolo-sorrentino.jpg?resize=300%2C150&amp;ssl=1 300w, https:\/\/i0.wp.com\/www.pigrecoemme.com\/blog\/wp-content\/uploads\/2015\/04\/youth-paolo-sorrentino.jpg?resize=500%2C250&amp;ssl=1 500w\" sizes=\"auto, (max-width: 600px) 100vw, 600px\" \/><\/a><figcaption id=\"caption-attachment-1326\" class=\"wp-caption-text\">Michael Caine nel ruolo di Toni Servillo.<\/figcaption><\/figure>\n","protected":false},"excerpt":{"rendered":"<p>Ecco le prime immagini del nuovo film di Paolo Sorrentino, Youth &#8211; La giovinezza. Nel\u00a0trailer appaiono il due volte premio Oscar Michael Caine nel ruolo di Toni Servillo, Harvey Keitel\u00a0nel ruolo di\u00a0Carlo\u00a0Buccirosso, il premio&hellip;<\/p>\n","protected":false},"author":4,"featured_media":0,"comment_status":"open","ping_status":"open","sticky":false,"template":"","format":"standard","meta":{"_jetpack_newsletter_access":"","_jetpack_dont_email_post_to_subs":false,"_jetpack_newsletter_tier_id":0,"_jetpack_memberships_contains_paywalled_content":false,"_jetpack_feature_clip_id":0,"_jetpack_memberships_contains_paid_content":false,"footnotes":"","jetpack_post_was_ever_published":false},"categories":[949],"tags":[879,1118],"class_list":["post-1325","post","type-post","status-publish","format-standard","hentry","category-viral-news","tag-paolo-sorrentino","tag-youth"],"yoast_head":"<!-- This site is optimized with the Yoast SEO plugin v28.3 - https:\/\/yoast.com\/product\/yoast-seo-wordpress\/ -->\n<title>Il Teaser di &quot;Youth&quot;, il nuovo film di Paolo Sorrentino<\/title>\n<meta name=\"description\" content=\"Con Michael Caine nel ruolo di Toni Servillo.\" \/>\n<meta name=\"robots\" content=\"index, follow, max-snippet:-1, max-image-preview:large, max-video-preview:-1\" \/>\n<link rel=\"canonical\" href=\"https:\/\/www.pigrecoemme.com\/blog\/il-teaser-di-youth-il-nuovo-film-di-paolo-sorrentino\/\" \/>\n<meta property=\"og:locale\" content=\"it_IT\" \/>\n<meta property=\"og:type\" content=\"article\" \/>\n<meta property=\"og:title\" content=\"Il Teaser di &quot;Youth&quot;, il nuovo film di Paolo Sorrentino\" \/>\n<meta property=\"og:description\" content=\"Con Michael Caine nel ruolo di Toni Servillo.\" \/>\n<meta property=\"og:url\" content=\"https:\/\/www.pigrecoemme.com\/blog\/il-teaser-di-youth-il-nuovo-film-di-paolo-sorrentino\/\" \/>\n<meta property=\"og:site_name\" content=\"Scuola di Cinema Pigrecoemme - Blog\" \/>\n<meta property=\"article:publisher\" content=\"https:\/\/www.facebook.com\/pigrecoemme\" \/>\n<meta property=\"article:author\" content=\"https:\/\/www.facebook.com\/pigrecoemme\" \/>\n<meta property=\"article:published_time\" content=\"2015-04-12T08:04:47+00:00\" \/>\n<meta property=\"article:modified_time\" content=\"2015-04-13T14:18:51+00:00\" \/>\n<meta property=\"og:image\" content=\"http:\/\/www.pigrecoemme.com\/blog\/wp-content\/uploads\/2015\/04\/youth-paolo-sorrentino.jpg\" \/>\n<meta name=\"author\" content=\"Pigrecoemme\" \/>\n<meta name=\"twitter:card\" content=\"summary_large_image\" \/>\n<meta name=\"twitter:creator\" content=\"@Pigrecoemme\" \/>\n<meta name=\"twitter:site\" content=\"@Pigrecoemme\" \/>\n<meta name=\"twitter:label1\" content=\"Scritto da\" \/>\n\t<meta name=\"twitter:data1\" content=\"Pigrecoemme\" \/>\n\t<meta name=\"twitter:label2\" content=\"Tempo di lettura stimato\" \/>\n\t<meta name=\"twitter:data2\" content=\"1 minuto\" \/>\n<script type=\"application\/ld+json\" class=\"yoast-schema-graph\">{\"@context\":\"https:\\\/\\\/schema.org\",\"@graph\":[{\"@type\":[\"Article\",\"BlogPosting\"],\"@id\":\"https:\\\/\\\/www.pigrecoemme.com\\\/blog\\\/il-teaser-di-youth-il-nuovo-film-di-paolo-sorrentino\\\/#article\",\"isPartOf\":{\"@id\":\"https:\\\/\\\/www.pigrecoemme.com\\\/blog\\\/il-teaser-di-youth-il-nuovo-film-di-paolo-sorrentino\\\/\"},\"author\":{\"name\":\"Pigrecoemme\",\"@id\":\"https:\\\/\\\/www.pigrecoemme.com\\\/blog\\\/#\\\/schema\\\/person\\\/8996ab5bfa68cec611b330ae4a389d44\"},\"headline\":\"Il Teaser di &#8220;Youth&#8221;, il nuovo film di Paolo Sorrentino\",\"datePublished\":\"2015-04-12T08:04:47+00:00\",\"dateModified\":\"2015-04-13T14:18:51+00:00\",\"mainEntityOfPage\":{\"@id\":\"https:\\\/\\\/www.pigrecoemme.com\\\/blog\\\/il-teaser-di-youth-il-nuovo-film-di-paolo-sorrentino\\\/\"},\"wordCount\":148,\"commentCount\":0,\"publisher\":{\"@id\":\"https:\\\/\\\/www.pigrecoemme.com\\\/blog\\\/#organization\"},\"image\":{\"@id\":\"https:\\\/\\\/www.pigrecoemme.com\\\/blog\\\/il-teaser-di-youth-il-nuovo-film-di-paolo-sorrentino\\\/#primaryimage\"},\"thumbnailUrl\":\"http:\\\/\\\/www.pigrecoemme.com\\\/blog\\\/wp-content\\\/uploads\\\/2015\\\/04\\\/youth-paolo-sorrentino.jpg\",\"keywords\":[\"paolo sorrentino\",\"youth\"],\"articleSection\":[\"Viral News\"],\"inLanguage\":\"it-IT\",\"potentialAction\":[{\"@type\":\"CommentAction\",\"name\":\"Comment\",\"target\":[\"https:\\\/\\\/www.pigrecoemme.com\\\/blog\\\/il-teaser-di-youth-il-nuovo-film-di-paolo-sorrentino\\\/#respond\"]}]},{\"@type\":\"WebPage\",\"@id\":\"https:\\\/\\\/www.pigrecoemme.com\\\/blog\\\/il-teaser-di-youth-il-nuovo-film-di-paolo-sorrentino\\\/\",\"url\":\"https:\\\/\\\/www.pigrecoemme.com\\\/blog\\\/il-teaser-di-youth-il-nuovo-film-di-paolo-sorrentino\\\/\",\"name\":\"Il Teaser di \\\"Youth\\\", il nuovo film di Paolo Sorrentino\",\"isPartOf\":{\"@id\":\"https:\\\/\\\/www.pigrecoemme.com\\\/blog\\\/#website\"},\"primaryImageOfPage\":{\"@id\":\"https:\\\/\\\/www.pigrecoemme.com\\\/blog\\\/il-teaser-di-youth-il-nuovo-film-di-paolo-sorrentino\\\/#primaryimage\"},\"image\":{\"@id\":\"https:\\\/\\\/www.pigrecoemme.com\\\/blog\\\/il-teaser-di-youth-il-nuovo-film-di-paolo-sorrentino\\\/#primaryimage\"},\"thumbnailUrl\":\"http:\\\/\\\/www.pigrecoemme.com\\\/blog\\\/wp-content\\\/uploads\\\/2015\\\/04\\\/youth-paolo-sorrentino.jpg\",\"datePublished\":\"2015-04-12T08:04:47+00:00\",\"dateModified\":\"2015-04-13T14:18:51+00:00\",\"description\":\"Con Michael Caine nel ruolo di Toni Servillo.\",\"breadcrumb\":{\"@id\":\"https:\\\/\\\/www.pigrecoemme.com\\\/blog\\\/il-teaser-di-youth-il-nuovo-film-di-paolo-sorrentino\\\/#breadcrumb\"},\"inLanguage\":\"it-IT\",\"potentialAction\":[{\"@type\":\"ReadAction\",\"target\":[\"https:\\\/\\\/www.pigrecoemme.com\\\/blog\\\/il-teaser-di-youth-il-nuovo-film-di-paolo-sorrentino\\\/\"]}]},{\"@type\":\"ImageObject\",\"inLanguage\":\"it-IT\",\"@id\":\"https:\\\/\\\/www.pigrecoemme.com\\\/blog\\\/il-teaser-di-youth-il-nuovo-film-di-paolo-sorrentino\\\/#primaryimage\",\"url\":\"http:\\\/\\\/www.pigrecoemme.com\\\/blog\\\/wp-content\\\/uploads\\\/2015\\\/04\\\/youth-paolo-sorrentino.jpg\",\"contentUrl\":\"http:\\\/\\\/www.pigrecoemme.com\\\/blog\\\/wp-content\\\/uploads\\\/2015\\\/04\\\/youth-paolo-sorrentino.jpg\"},{\"@type\":\"BreadcrumbList\",\"@id\":\"https:\\\/\\\/www.pigrecoemme.com\\\/blog\\\/il-teaser-di-youth-il-nuovo-film-di-paolo-sorrentino\\\/#breadcrumb\",\"itemListElement\":[{\"@type\":\"ListItem\",\"position\":1,\"name\":\"Home\",\"item\":\"https:\\\/\\\/www.pigrecoemme.com\\\/blog\\\/\"},{\"@type\":\"ListItem\",\"position\":2,\"name\":\"Il Teaser di &#8220;Youth&#8221;, il nuovo film di Paolo Sorrentino\"}]},{\"@type\":\"WebSite\",\"@id\":\"https:\\\/\\\/www.pigrecoemme.com\\\/blog\\\/#website\",\"url\":\"https:\\\/\\\/www.pigrecoemme.com\\\/blog\\\/\",\"name\":\"Scuola di Cinema Pigrecoemme - Blog\",\"description\":\"Siamo la prima Scuola di Cinema e Fotografia di Napoli\",\"publisher\":{\"@id\":\"https:\\\/\\\/www.pigrecoemme.com\\\/blog\\\/#organization\"},\"potentialAction\":[{\"@type\":\"SearchAction\",\"target\":{\"@type\":\"EntryPoint\",\"urlTemplate\":\"https:\\\/\\\/www.pigrecoemme.com\\\/blog\\\/?s={search_term_string}\"},\"query-input\":{\"@type\":\"PropertyValueSpecification\",\"valueRequired\":true,\"valueName\":\"search_term_string\"}}],\"inLanguage\":\"it-IT\"},{\"@type\":\"Organization\",\"@id\":\"https:\\\/\\\/www.pigrecoemme.com\\\/blog\\\/#organization\",\"name\":\"Scuola di cinema e fotografia Pigrecoemme\",\"url\":\"https:\\\/\\\/www.pigrecoemme.com\\\/blog\\\/\",\"logo\":{\"@type\":\"ImageObject\",\"inLanguage\":\"it-IT\",\"@id\":\"https:\\\/\\\/www.pigrecoemme.com\\\/blog\\\/#\\\/schema\\\/logo\\\/image\\\/\",\"url\":\"https:\\\/\\\/i0.wp.com\\\/www.pigrecoemme.com\\\/blog\\\/wp-content\\\/uploads\\\/2018\\\/06\\\/logo-pigrecoemme-2018.png?fit=500%2C500&ssl=1\",\"contentUrl\":\"https:\\\/\\\/i0.wp.com\\\/www.pigrecoemme.com\\\/blog\\\/wp-content\\\/uploads\\\/2018\\\/06\\\/logo-pigrecoemme-2018.png?fit=500%2C500&ssl=1\",\"width\":500,\"height\":500,\"caption\":\"Scuola di cinema e fotografia Pigrecoemme\"},\"image\":{\"@id\":\"https:\\\/\\\/www.pigrecoemme.com\\\/blog\\\/#\\\/schema\\\/logo\\\/image\\\/\"},\"sameAs\":[\"https:\\\/\\\/www.facebook.com\\\/pigrecoemme\",\"https:\\\/\\\/x.com\\\/Pigrecoemme\",\"https:\\\/\\\/www.instagram.com\\\/pigrecoemme\\\/\",\"https:\\\/\\\/www.linkedin.com\\\/company\\\/pigrecoemme\\\/\",\"https:\\\/\\\/www.youtube.com\\\/pigrecoemme\"]},{\"@type\":\"Person\",\"@id\":\"https:\\\/\\\/www.pigrecoemme.com\\\/blog\\\/#\\\/schema\\\/person\\\/8996ab5bfa68cec611b330ae4a389d44\",\"name\":\"Pigrecoemme\",\"image\":{\"@type\":\"ImageObject\",\"inLanguage\":\"it-IT\",\"@id\":\"https:\\\/\\\/secure.gravatar.com\\\/avatar\\\/541a562fed7df6fa49262cb93f0f1135b8432ec77a1bc64fdb808f64f2a8287d?s=96&r=g\",\"url\":\"https:\\\/\\\/secure.gravatar.com\\\/avatar\\\/541a562fed7df6fa49262cb93f0f1135b8432ec77a1bc64fdb808f64f2a8287d?s=96&r=g\",\"contentUrl\":\"https:\\\/\\\/secure.gravatar.com\\\/avatar\\\/541a562fed7df6fa49262cb93f0f1135b8432ec77a1bc64fdb808f64f2a8287d?s=96&r=g\",\"caption\":\"Pigrecoemme\"},\"description\":\"Profilo redazionale. Pigrecoemme \u00e8 la prima scuola di cinema, televisione e fotografia di Napoli.\",\"sameAs\":[\"http:\\\/\\\/www.pigrecoemme.com\\\/\",\"https:\\\/\\\/www.facebook.com\\\/pigrecoemme\"],\"url\":\"https:\\\/\\\/www.pigrecoemme.com\\\/blog\\\/author\\\/pigrecoemme\\\/\"}]}<\/script>\n<!-- \/ Yoast SEO plugin. -->","yoast_head_json":{"title":"Il Teaser di \"Youth\", il nuovo film di Paolo Sorrentino","description":"Con Michael Caine nel ruolo di Toni Servillo.","robots":{"index":"index","follow":"follow","max-snippet":"max-snippet:-1","max-image-preview":"max-image-preview:large","max-video-preview":"max-video-preview:-1"},"canonical":"https:\/\/www.pigrecoemme.com\/blog\/il-teaser-di-youth-il-nuovo-film-di-paolo-sorrentino\/","og_locale":"it_IT","og_type":"article","og_title":"Il Teaser di \"Youth\", il nuovo film di Paolo Sorrentino","og_description":"Con Michael Caine nel ruolo di Toni Servillo.","og_url":"https:\/\/www.pigrecoemme.com\/blog\/il-teaser-di-youth-il-nuovo-film-di-paolo-sorrentino\/","og_site_name":"Scuola di Cinema Pigrecoemme - Blog","article_publisher":"https:\/\/www.facebook.com\/pigrecoemme","article_author":"https:\/\/www.facebook.com\/pigrecoemme","article_published_time":"2015-04-12T08:04:47+00:00","article_modified_time":"2015-04-13T14:18:51+00:00","og_image":[{"url":"http:\/\/www.pigrecoemme.com\/blog\/wp-content\/uploads\/2015\/04\/youth-paolo-sorrentino.jpg","type":"","width":"","height":""}],"author":"Pigrecoemme","twitter_card":"summary_large_image","twitter_creator":"@Pigrecoemme","twitter_site":"@Pigrecoemme","twitter_misc":{"Scritto da":"Pigrecoemme","Tempo di lettura stimato":"1 minuto"},"schema":{"@context":"https:\/\/schema.org","@graph":[{"@type":["Article","BlogPosting"],"@id":"https:\/\/www.pigrecoemme.com\/blog\/il-teaser-di-youth-il-nuovo-film-di-paolo-sorrentino\/#article","isPartOf":{"@id":"https:\/\/www.pigrecoemme.com\/blog\/il-teaser-di-youth-il-nuovo-film-di-paolo-sorrentino\/"},"author":{"name":"Pigrecoemme","@id":"https:\/\/www.pigrecoemme.com\/blog\/#\/schema\/person\/8996ab5bfa68cec611b330ae4a389d44"},"headline":"Il Teaser di &#8220;Youth&#8221;, il nuovo film di Paolo Sorrentino","datePublished":"2015-04-12T08:04:47+00:00","dateModified":"2015-04-13T14:18:51+00:00","mainEntityOfPage":{"@id":"https:\/\/www.pigrecoemme.com\/blog\/il-teaser-di-youth-il-nuovo-film-di-paolo-sorrentino\/"},"wordCount":148,"commentCount":0,"publisher":{"@id":"https:\/\/www.pigrecoemme.com\/blog\/#organization"},"image":{"@id":"https:\/\/www.pigrecoemme.com\/blog\/il-teaser-di-youth-il-nuovo-film-di-paolo-sorrentino\/#primaryimage"},"thumbnailUrl":"http:\/\/www.pigrecoemme.com\/blog\/wp-content\/uploads\/2015\/04\/youth-paolo-sorrentino.jpg","keywords":["paolo sorrentino","youth"],"articleSection":["Viral News"],"inLanguage":"it-IT","potentialAction":[{"@type":"CommentAction","name":"Comment","target":["https:\/\/www.pigrecoemme.com\/blog\/il-teaser-di-youth-il-nuovo-film-di-paolo-sorrentino\/#respond"]}]},{"@type":"WebPage","@id":"https:\/\/www.pigrecoemme.com\/blog\/il-teaser-di-youth-il-nuovo-film-di-paolo-sorrentino\/","url":"https:\/\/www.pigrecoemme.com\/blog\/il-teaser-di-youth-il-nuovo-film-di-paolo-sorrentino\/","name":"Il Teaser di \"Youth\", il nuovo film di Paolo Sorrentino","isPartOf":{"@id":"https:\/\/www.pigrecoemme.com\/blog\/#website"},"primaryImageOfPage":{"@id":"https:\/\/www.pigrecoemme.com\/blog\/il-teaser-di-youth-il-nuovo-film-di-paolo-sorrentino\/#primaryimage"},"image":{"@id":"https:\/\/www.pigrecoemme.com\/blog\/il-teaser-di-youth-il-nuovo-film-di-paolo-sorrentino\/#primaryimage"},"thumbnailUrl":"http:\/\/www.pigrecoemme.com\/blog\/wp-content\/uploads\/2015\/04\/youth-paolo-sorrentino.jpg","datePublished":"2015-04-12T08:04:47+00:00","dateModified":"2015-04-13T14:18:51+00:00","description":"Con Michael Caine nel ruolo di Toni Servillo.","breadcrumb":{"@id":"https:\/\/www.pigrecoemme.com\/blog\/il-teaser-di-youth-il-nuovo-film-di-paolo-sorrentino\/#breadcrumb"},"inLanguage":"it-IT","potentialAction":[{"@type":"ReadAction","target":["https:\/\/www.pigrecoemme.com\/blog\/il-teaser-di-youth-il-nuovo-film-di-paolo-sorrentino\/"]}]},{"@type":"ImageObject","inLanguage":"it-IT","@id":"https:\/\/www.pigrecoemme.com\/blog\/il-teaser-di-youth-il-nuovo-film-di-paolo-sorrentino\/#primaryimage","url":"http:\/\/www.pigrecoemme.com\/blog\/wp-content\/uploads\/2015\/04\/youth-paolo-sorrentino.jpg","contentUrl":"http:\/\/www.pigrecoemme.com\/blog\/wp-content\/uploads\/2015\/04\/youth-paolo-sorrentino.jpg"},{"@type":"BreadcrumbList","@id":"https:\/\/www.pigrecoemme.com\/blog\/il-teaser-di-youth-il-nuovo-film-di-paolo-sorrentino\/#breadcrumb","itemListElement":[{"@type":"ListItem","position":1,"name":"Home","item":"https:\/\/www.pigrecoemme.com\/blog\/"},{"@type":"ListItem","position":2,"name":"Il Teaser di &#8220;Youth&#8221;, il nuovo film di Paolo Sorrentino"}]},{"@type":"WebSite","@id":"https:\/\/www.pigrecoemme.com\/blog\/#website","url":"https:\/\/www.pigrecoemme.com\/blog\/","name":"Scuola di Cinema Pigrecoemme - Blog","description":"Siamo la prima Scuola di Cinema e Fotografia di Napoli","publisher":{"@id":"https:\/\/www.pigrecoemme.com\/blog\/#organization"},"potentialAction":[{"@type":"SearchAction","target":{"@type":"EntryPoint","urlTemplate":"https:\/\/www.pigrecoemme.com\/blog\/?s={search_term_string}"},"query-input":{"@type":"PropertyValueSpecification","valueRequired":true,"valueName":"search_term_string"}}],"inLanguage":"it-IT"},{"@type":"Organization","@id":"https:\/\/www.pigrecoemme.com\/blog\/#organization","name":"Scuola di cinema e fotografia Pigrecoemme","url":"https:\/\/www.pigrecoemme.com\/blog\/","logo":{"@type":"ImageObject","inLanguage":"it-IT","@id":"https:\/\/www.pigrecoemme.com\/blog\/#\/schema\/logo\/image\/","url":"https:\/\/i0.wp.com\/www.pigrecoemme.com\/blog\/wp-content\/uploads\/2018\/06\/logo-pigrecoemme-2018.png?fit=500%2C500&ssl=1","contentUrl":"https:\/\/i0.wp.com\/www.pigrecoemme.com\/blog\/wp-content\/uploads\/2018\/06\/logo-pigrecoemme-2018.png?fit=500%2C500&ssl=1","width":500,"height":500,"caption":"Scuola di cinema e fotografia Pigrecoemme"},"image":{"@id":"https:\/\/www.pigrecoemme.com\/blog\/#\/schema\/logo\/image\/"},"sameAs":["https:\/\/www.facebook.com\/pigrecoemme","https:\/\/x.com\/Pigrecoemme","https:\/\/www.instagram.com\/pigrecoemme\/","https:\/\/www.linkedin.com\/company\/pigrecoemme\/","https:\/\/www.youtube.com\/pigrecoemme"]},{"@type":"Person","@id":"https:\/\/www.pigrecoemme.com\/blog\/#\/schema\/person\/8996ab5bfa68cec611b330ae4a389d44","name":"Pigrecoemme","image":{"@type":"ImageObject","inLanguage":"it-IT","@id":"https:\/\/secure.gravatar.com\/avatar\/541a562fed7df6fa49262cb93f0f1135b8432ec77a1bc64fdb808f64f2a8287d?s=96&r=g","url":"https:\/\/secure.gravatar.com\/avatar\/541a562fed7df6fa49262cb93f0f1135b8432ec77a1bc64fdb808f64f2a8287d?s=96&r=g","contentUrl":"https:\/\/secure.gravatar.com\/avatar\/541a562fed7df6fa49262cb93f0f1135b8432ec77a1bc64fdb808f64f2a8287d?s=96&r=g","caption":"Pigrecoemme"},"description":"Profilo redazionale. Pigrecoemme \u00e8 la prima scuola di cinema, televisione e fotografia di Napoli.","sameAs":["http:\/\/www.pigrecoemme.com\/","https:\/\/www.facebook.com\/pigrecoemme"],"url":"https:\/\/www.pigrecoemme.com\/blog\/author\/pigrecoemme\/"}]}},"jetpack_sharing_enabled":true,"jetpack_likes_enabled":true,"jetpack-related-posts":[{"id":1740,"url":"https:\/\/www.pigrecoemme.com\/blog\/incontro-gratuito-gianni-fiorito-fotografo-scena\/","url_meta":{"origin":1325,"position":0},"title":"Incontro gratuito con Gianni Fiorito, fotografo di scena","author":"Pigrecoemme","date":"12 Settembre 2016","format":false,"excerpt":"Mercoled\u00ec 28 settembre 2016, dalle\u00a0ore 16:00 alle ore\u00a018:00, nell\u2019ambito della rassegna Incontri fotografici,\u00a0Gianni Fiorito sar\u00e0 ospite alla Scuola di cinema e fotografia\u00a0Pigrecoemme\u00a0di Napoli per dar vita a un incontro in cui racconter\u00e0 la sua avvincente esperienza di fotografo in grado di ricoprire ruoli di primissimo piano \u00a0nel reportage, nella fotografia\u2026","rel":"","context":"In &quot;Eventi&quot;","block_context":{"text":"Eventi","link":"https:\/\/www.pigrecoemme.com\/blog\/eventi\/"},"img":{"alt_text":"Un bacio - di Ivan Cotroneo","src":"https:\/\/i0.wp.com\/www.pigrecoemme.com\/blog\/wp-content\/uploads\/2016\/09\/un-bacio-1.jpg?resize=350%2C200","width":350,"height":200,"srcset":"https:\/\/i0.wp.com\/www.pigrecoemme.com\/blog\/wp-content\/uploads\/2016\/09\/un-bacio-1.jpg?resize=350%2C200 1x, https:\/\/i0.wp.com\/www.pigrecoemme.com\/blog\/wp-content\/uploads\/2016\/09\/un-bacio-1.jpg?resize=525%2C300 1.5x, https:\/\/i0.wp.com\/www.pigrecoemme.com\/blog\/wp-content\/uploads\/2016\/09\/un-bacio-1.jpg?resize=700%2C400 2x, https:\/\/i0.wp.com\/www.pigrecoemme.com\/blog\/wp-content\/uploads\/2016\/09\/un-bacio-1.jpg?resize=1050%2C600 3x, https:\/\/i0.wp.com\/www.pigrecoemme.com\/blog\/wp-content\/uploads\/2016\/09\/un-bacio-1.jpg?resize=1400%2C800 4x"},"classes":[]},{"id":783,"url":"https:\/\/www.pigrecoemme.com\/blog\/luigi-sorrentino\/","url_meta":{"origin":1325,"position":1},"title":"Viaggio in un&#8217;umanit\u00e0 senza fine, il nuovo progetto fotografico di Luigi Sorrentino","author":"Corrado Morra","date":"21 Gennaio 2014","format":false,"excerpt":"Sabato 25 gennaio, dalle\u00a0ore 16,00 alle 18,00, il fotografo\u00a0Luigi Sorrentino ritorna alla Scuola di cinema e fotografia\u00a0Pigrecoemme di Napoli, per presentare il suo ultimo progetto,\u00a0Viaggio in un\u2019umanit\u00e0 senza fine, un racconto di grande potenza espressiva che, tra fotoreportage e video, si fa commovente testimonianza delle contraddizioni, del dolore, delle gioie\u2026","rel":"","context":"In &quot;Eventi&quot;","block_context":{"text":"Eventi","link":"https:\/\/www.pigrecoemme.com\/blog\/eventi\/"},"img":{"alt_text":"","src":"https:\/\/i0.wp.com\/www.pigrecoemme.com\/blog\/wp-content\/uploads\/2014\/01\/il-cairo.jpg?resize=350%2C200","width":350,"height":200},"classes":[]},{"id":1378,"url":"https:\/\/www.pigrecoemme.com\/blog\/prima-di-youth-10-film-sulla-giovinezza\/","url_meta":{"origin":1325,"position":2},"title":"Prima di Youth: 10 film sulla giovinezza","author":"Giacomo Fabbrocino","date":"25 Maggio 2015","format":false,"excerpt":"Il tema \u00e8 sconfinato e fin troppo sfaccettato per essere racchiuso in una playlist di 10 film, e nella storia del cinema si articola su molteplici piani: il labile confine che separa prima tra loro infanzia e adolescenza e poi tutto dall'et\u00e0 adulta;\u00a0il periodo della giovinezza come et\u00e0 dell'oro, et\u00e0\u2026","rel":"","context":"In &quot;Analisi e Critica&quot;","block_context":{"text":"Analisi e Critica","link":"https:\/\/www.pigrecoemme.com\/blog\/analisi-e-critica-2\/"},"img":{"alt_text":"10 film sulla giovent\u00f9","src":"https:\/\/i0.wp.com\/www.pigrecoemme.com\/blog\/wp-content\/uploads\/2015\/05\/10-film-sulla-gioventu.jpg?resize=350%2C200","width":350,"height":200},"classes":[]},{"id":604,"url":"https:\/\/www.pigrecoemme.com\/blog\/la-rivolta-tunisina-nelle-foto-di-luigi-sorrentino\/","url_meta":{"origin":1325,"position":3},"title":"La rivolta Tunisina nelle foto di Luigi Sorrentino","author":"Giacomo Fabbrocino","date":"12 Marzo 2013","format":false,"excerpt":"Luned\u00ec 18 marzo, alle ore 16,00, il fotografo Luigi Sorrentino sar\u00e0 alla Scuola di cinema e fotografia Pigrecoemme di Napoli, per presentare un suo drammatico e potente fotoreportage sui recenti scontri in Tunisia, che stanno, dopo gli sconvolgimenti della cosiddetta \"primavera araba\", di nuovo gettando nel caos uno dei paesi\u2026","rel":"","context":"In &quot;Eventi&quot;","block_context":{"text":"Eventi","link":"https:\/\/www.pigrecoemme.com\/blog\/eventi\/"},"img":{"alt_text":"","src":"https:\/\/i0.wp.com\/www.pigrecoemme.com\/blog\/wp-content\/uploads\/2013\/03\/fotogiornalismo-tunisia-1-200x300.jpg?resize=350%2C200","width":350,"height":200},"classes":[]},{"id":829,"url":"https:\/\/www.pigrecoemme.com\/blog\/la-grande-bellezza-la-fotografia-di-gianni-fiorito\/","url_meta":{"origin":1325,"position":4},"title":"La grande bellezza? La fotografia. Dal fotogiornalismo al set, Gianni Fiorito si racconta alla Pigrecoemme","author":"Corrado Morra","date":"30 Aprile 2014","format":false,"excerpt":"Marted\u00ec 6 maggio, dalle ore 18,30 alle 20,30, nell\u2019ambito della rassegna Incontri fotografici,\u00a0Gianni Fiorito sar\u00e0 alla Scuola di cinema e fotografia Pigrecoemme di Napoli per vita a un incontro aperto in cui racconter\u00e0 il suo esemplare ed avvincente percorso artistico che scorre, grazie a una costante e fruttuosa contaminazione, tra\u2026","rel":"","context":"In &quot;Eventi&quot;","block_context":{"text":"Eventi","link":"https:\/\/www.pigrecoemme.com\/blog\/eventi\/"},"img":{"alt_text":"","src":"https:\/\/i0.wp.com\/www.pigrecoemme.com\/blog\/wp-content\/uploads\/2014\/04\/fiorito3-300x208.jpg?resize=350%2C200","width":350,"height":200},"classes":[]},{"id":3075,"url":"https:\/\/www.pigrecoemme.com\/blog\/e-stata-la-mano-di-dio-di-paolo-sorrentino-la-recensione\/","url_meta":{"origin":1325,"position":5},"title":"\u00c8 stata la mano di Dio di Paolo Sorrentino &#8211; La recensione","author":"Rosario Gallone","date":"24 Novembre 2021","format":false,"excerpt":"C'\u00e8 qualcosa di pi\u00f9 intimamente felliniano nell'ultimo film di Paolo Sorrentino, che va ben al di l\u00e0 della superficie cui ci ha abituato. La citazione forse meno esplicita \u00e8 quella finale, quando Fabietto lascia Napoli per andare a Roma in treno come Moraldo (Franco Interlenghi) faceva in I vitelloni. E\u2026","rel":"","context":"In &quot;Analisi e Critica&quot;","block_context":{"text":"Analisi e Critica","link":"https:\/\/www.pigrecoemme.com\/blog\/analisi-e-critica-2\/"},"img":{"alt_text":"e stata la mano di dio filippo scotti","src":"https:\/\/i0.wp.com\/www.pigrecoemme.com\/blog\/wp-content\/uploads\/2021\/11\/e-stata-la-mano-di-dio-filippo-scotti.jpg?resize=350%2C200&ssl=1","width":350,"height":200,"srcset":"https:\/\/i0.wp.com\/www.pigrecoemme.com\/blog\/wp-content\/uploads\/2021\/11\/e-stata-la-mano-di-dio-filippo-scotti.jpg?resize=350%2C200&ssl=1 1x, https:\/\/i0.wp.com\/www.pigrecoemme.com\/blog\/wp-content\/uploads\/2021\/11\/e-stata-la-mano-di-dio-filippo-scotti.jpg?resize=525%2C300&ssl=1 1.5x, https:\/\/i0.wp.com\/www.pigrecoemme.com\/blog\/wp-content\/uploads\/2021\/11\/e-stata-la-mano-di-dio-filippo-scotti.jpg?resize=700%2C400&ssl=1 2x"},"classes":[]}],"jetpack_featured_media_url":"","_links":{"self":[{"href":"https:\/\/www.pigrecoemme.com\/blog\/wp-json\/wp\/v2\/posts\/1325","targetHints":{"allow":["GET"]}}],"collection":[{"href":"https:\/\/www.pigrecoemme.com\/blog\/wp-json\/wp\/v2\/posts"}],"about":[{"href":"https:\/\/www.pigrecoemme.com\/blog\/wp-json\/wp\/v2\/types\/post"}],"author":[{"embeddable":true,"href":"https:\/\/www.pigrecoemme.com\/blog\/wp-json\/wp\/v2\/users\/4"}],"replies":[{"embeddable":true,"href":"https:\/\/www.pigrecoemme.com\/blog\/wp-json\/wp\/v2\/comments?post=1325"}],"version-history":[{"count":0,"href":"https:\/\/www.pigrecoemme.com\/blog\/wp-json\/wp\/v2\/posts\/1325\/revisions"}],"wp:attachment":[{"href":"https:\/\/www.pigrecoemme.com\/blog\/wp-json\/wp\/v2\/media?parent=1325"}],"wp:term":[{"taxonomy":"category","embeddable":true,"href":"https:\/\/www.pigrecoemme.com\/blog\/wp-json\/wp\/v2\/categories?post=1325"},{"taxonomy":"post_tag","embeddable":true,"href":"https:\/\/www.pigrecoemme.com\/blog\/wp-json\/wp\/v2\/tags?post=1325"}],"curies":[{"name":"wp","href":"https:\/\/api.w.org\/{rel}","templated":true}]}}