{"id":1294,"date":"2015-03-31T16:28:38","date_gmt":"2015-03-31T14:28:38","guid":{"rendered":"http:\/\/www.pigrecoemme.com\/blog\/?p=1294"},"modified":"2024-03-11T01:57:52","modified_gmt":"2024-03-11T00:57:52","slug":"stessa-rabbia-stessa-primavera","status":"publish","type":"post","link":"https:\/\/www.pigrecoemme.com\/blog\/stessa-rabbia-stessa-primavera\/","title":{"rendered":"Stefano Incerti presenta Stessa rabbia, stessa primavera alla Mediateca  Santa Sofia"},"content":{"rendered":"\n<figure class=\"wp-block-image aligncenter\"><img data-recalc-dims=\"1\" loading=\"lazy\" decoding=\"async\" width=\"484\" height=\"252\" src=\"https:\/\/i0.wp.com\/www.pigrecoemme.com\/blog\/wp-content\/uploads\/2015\/03\/stessa-rabbia.jpg?resize=484%2C252&#038;ssl=1\" alt=\"\" class=\"wp-image-1300\" srcset=\"https:\/\/i0.wp.com\/www.pigrecoemme.com\/blog\/wp-content\/uploads\/2015\/03\/stessa-rabbia.jpg?w=484&amp;ssl=1 484w, https:\/\/i0.wp.com\/www.pigrecoemme.com\/blog\/wp-content\/uploads\/2015\/03\/stessa-rabbia.jpg?resize=300%2C156&amp;ssl=1 300w\" sizes=\"auto, (max-width: 484px) 100vw, 484px\" \/><\/figure>\n\n\n\n<p class=\"wp-block-paragraph\">Continua <strong>gioved\u00ec 2 aprile<\/strong> con <strong>Stessa rabbia, stessa primavera<\/strong>, documentario di rara intensit\u00e0 di <strong>Stefano Incerti<\/strong>, la bella rassegna <strong>Cinema al quadrato \u2013 Il cinema che si racconta<\/strong>&nbsp;della <strong>Mediateca Santa Sofia<\/strong> del <strong>Comune di Napoli<\/strong>.<br \/>Il ciclo di proiezioni, a cura di <strong>Francesco Napolitano<\/strong> e <strong>Armando Andria<\/strong>, giunto alla quinta edizione, anche&nbsp;quest&#8217;anno si \u00e8 prefisso un&#8217;insolita esplorazione nella storia del cinema attraverso una serie di&nbsp;ritratti che&nbsp;autori cinematografici hanno dedicato a loro colleghi. Quello che cos\u00ec anche questa volta \u00e8 emerso&nbsp;\u00e8 una&nbsp;rilettura&nbsp;di alcuni momenti essenziali della ricerca cinematografica contemporanea, colti con straordinaria attenzione ai linguaggi e una non meno scoperta partecipazione emotiva.<br \/>Ed \u00e8 proprio questo il caso&nbsp;<em>Stessa rabbia, stessa primavera<\/em>&nbsp;che Stefano Incerti&nbsp;gir\u00f2 nel 2003 sul set&nbsp;di&nbsp;<strong>Buongiorno, notte<\/strong> di <strong>Marco Bellocchio<\/strong>. Interviste al regista, agli attori e scampoli di riprese rubate davano l&#8217;occasione a Incerti&nbsp;per una riflessione sulla fase storica e politica in cui maturarono, nel 1978, il rapimento e l\u2019uccisione di Aldo Moro ad opera delle Brigate rosse, attraverso testimonianze di ex militanti nella Sinistra armata. Ma \u00e8 anche un sentito omaggio che il regista napoletano fa a Bellocchio e a tutto il suo cinema, che sin&nbsp;dall\u2019esordio de<strong> I pugni in tasca<\/strong>&nbsp;metteva al centro della sua cinepresa le dinamiche che legano gli uomini al potere e che li spingono, fatalmente, alla ribellione.<br \/>Alla proiezione (Via Santa Sofia 7, ore 18:30, ingresso libero) sar\u00e0 presente l&#8217;autore. Dopo l&#8217;incontro col pubblico, ci saranno altre due proiezioni, entrambe di Marco Bellocchio, anche queste particolarmente interessanti:&nbsp;<strong>Abbasso il zio<\/strong>&nbsp;(Italia 1961, 15\u2019) e <strong>Addio del passato<\/strong>&nbsp;(Italia 2000, 47\u2019).<\/p>\n\n\n\n<p class=\"wp-block-paragraph\">Info: Mediateca Santa Sofia&nbsp;Via Santa Sofia,7<br \/>Tel. 081 7953183-84<br \/>mediateca.santasofia@comune.napoli.it<\/p>\n","protected":false},"excerpt":{"rendered":"<p>Continua gioved\u00ec 2 aprile con Stessa rabbia, stessa primavera, documentario di rara intensit\u00e0 di Stefano Incerti, la bella rassegna Cinema al quadrato \u2013 Il cinema che si racconta&nbsp;della Mediateca Santa Sofia del Comune di&hellip;<\/p>\n","protected":false},"author":2,"featured_media":0,"comment_status":"open","ping_status":"open","sticky":false,"template":"","format":"standard","meta":{"_jetpack_newsletter_access":"","_jetpack_dont_email_post_to_subs":false,"_jetpack_newsletter_tier_id":0,"_jetpack_memberships_contains_paywalled_content":false,"_jetpack_feature_clip_id":0,"_jetpack_memberships_contains_paid_content":false,"footnotes":"","jetpack_post_was_ever_published":false},"categories":[11,1,731],"tags":[1096,242,812,435],"class_list":["post-1294","post","type-post","status-publish","format-standard","hentry","category-eventi","category-generale","category-segnalazioni","tag-marco-bellocchio","tag-mediateca-santa-sofia","tag-rassegne-di-cinema","tag-stefano-incerti"],"yoast_head":"<!-- This site is optimized with the Yoast SEO plugin v28.3 - https:\/\/yoast.com\/product\/yoast-seo-wordpress\/ -->\n<title>Stefano Incerti presenta Stessa rabbia, stessa primavera alla Mediateca Santa Sofia<\/title>\n<meta name=\"robots\" content=\"index, follow, max-snippet:-1, max-image-preview:large, max-video-preview:-1\" \/>\n<link rel=\"canonical\" href=\"https:\/\/www.pigrecoemme.com\/blog\/stessa-rabbia-stessa-primavera\/\" \/>\n<meta property=\"og:locale\" content=\"it_IT\" \/>\n<meta property=\"og:type\" content=\"article\" \/>\n<meta property=\"og:title\" content=\"Stefano Incerti presenta Stessa rabbia, stessa primavera alla Mediateca Santa Sofia\" \/>\n<meta property=\"og:description\" content=\"Continua gioved\u00ec 2 aprile con Stessa rabbia, stessa primavera, documentario di rara intensit\u00e0 di Stefano Incerti, la bella rassegna Cinema al quadrato \u2013 Il cinema che si racconta\u00a0della Mediateca Santa Sofia del Comune di Napoli. Il ciclo di proiezioni, a \u2026 Continue reading \u2192\" \/>\n<meta property=\"og:url\" content=\"https:\/\/www.pigrecoemme.com\/blog\/stessa-rabbia-stessa-primavera\/\" \/>\n<meta property=\"og:site_name\" content=\"Scuola di Cinema Pigrecoemme - Blog\" \/>\n<meta property=\"article:publisher\" content=\"https:\/\/www.facebook.com\/pigrecoemme\" \/>\n<meta property=\"article:author\" content=\"https:\/\/www.facebook.com\/corrado.morra1\" \/>\n<meta property=\"article:published_time\" content=\"2015-03-31T14:28:38+00:00\" \/>\n<meta property=\"article:modified_time\" content=\"2024-03-11T00:57:52+00:00\" \/>\n<meta property=\"og:image\" content=\"https:\/\/www.pigrecoemme.com\/blog\/wp-content\/uploads\/2015\/03\/stessa-rabbia.jpg\" \/>\n\t<meta property=\"og:image:width\" content=\"484\" \/>\n\t<meta property=\"og:image:height\" content=\"252\" \/>\n\t<meta property=\"og:image:type\" content=\"image\/jpeg\" \/>\n<meta name=\"author\" content=\"Corrado Morra\" \/>\n<meta name=\"twitter:card\" content=\"summary_large_image\" \/>\n<meta name=\"twitter:creator\" content=\"@Pigrecoemme\" \/>\n<meta name=\"twitter:site\" content=\"@Pigrecoemme\" \/>\n<meta name=\"twitter:label1\" content=\"Scritto da\" \/>\n\t<meta name=\"twitter:data1\" content=\"Corrado Morra\" \/>\n\t<meta name=\"twitter:label2\" content=\"Tempo di lettura stimato\" \/>\n\t<meta name=\"twitter:data2\" content=\"2 minuti\" \/>\n<script type=\"application\/ld+json\" class=\"yoast-schema-graph\">{\"@context\":\"https:\\\/\\\/schema.org\",\"@graph\":[{\"@type\":[\"Article\",\"BlogPosting\"],\"@id\":\"https:\\\/\\\/www.pigrecoemme.com\\\/blog\\\/stessa-rabbia-stessa-primavera\\\/#article\",\"isPartOf\":{\"@id\":\"https:\\\/\\\/www.pigrecoemme.com\\\/blog\\\/stessa-rabbia-stessa-primavera\\\/\"},\"author\":{\"name\":\"Corrado Morra\",\"@id\":\"https:\\\/\\\/www.pigrecoemme.com\\\/blog\\\/#\\\/schema\\\/person\\\/702764b5ecda4c2f34e82348789f649e\"},\"headline\":\"Stefano Incerti presenta Stessa rabbia, stessa primavera alla Mediateca Santa Sofia\",\"datePublished\":\"2015-03-31T14:28:38+00:00\",\"dateModified\":\"2024-03-11T00:57:52+00:00\",\"mainEntityOfPage\":{\"@id\":\"https:\\\/\\\/www.pigrecoemme.com\\\/blog\\\/stessa-rabbia-stessa-primavera\\\/\"},\"wordCount\":306,\"commentCount\":0,\"publisher\":{\"@id\":\"https:\\\/\\\/www.pigrecoemme.com\\\/blog\\\/#organization\"},\"image\":{\"@id\":\"https:\\\/\\\/www.pigrecoemme.com\\\/blog\\\/stessa-rabbia-stessa-primavera\\\/#primaryimage\"},\"thumbnailUrl\":\"http:\\\/\\\/www.pigrecoemme.com\\\/blog\\\/wp-content\\\/uploads\\\/2015\\\/03\\\/stessa-rabbia.jpg\",\"keywords\":[\"marco bellocchio\",\"mediateca santa sofia\",\"rassegne di cinema\",\"stefano incerti\"],\"articleSection\":[\"Eventi\",\"Generale\",\"Segnalazioni\"],\"inLanguage\":\"it-IT\",\"potentialAction\":[{\"@type\":\"CommentAction\",\"name\":\"Comment\",\"target\":[\"https:\\\/\\\/www.pigrecoemme.com\\\/blog\\\/stessa-rabbia-stessa-primavera\\\/#respond\"]}]},{\"@type\":\"WebPage\",\"@id\":\"https:\\\/\\\/www.pigrecoemme.com\\\/blog\\\/stessa-rabbia-stessa-primavera\\\/\",\"url\":\"https:\\\/\\\/www.pigrecoemme.com\\\/blog\\\/stessa-rabbia-stessa-primavera\\\/\",\"name\":\"Stefano Incerti presenta Stessa rabbia, stessa primavera alla Mediateca Santa Sofia\",\"isPartOf\":{\"@id\":\"https:\\\/\\\/www.pigrecoemme.com\\\/blog\\\/#website\"},\"primaryImageOfPage\":{\"@id\":\"https:\\\/\\\/www.pigrecoemme.com\\\/blog\\\/stessa-rabbia-stessa-primavera\\\/#primaryimage\"},\"image\":{\"@id\":\"https:\\\/\\\/www.pigrecoemme.com\\\/blog\\\/stessa-rabbia-stessa-primavera\\\/#primaryimage\"},\"thumbnailUrl\":\"http:\\\/\\\/www.pigrecoemme.com\\\/blog\\\/wp-content\\\/uploads\\\/2015\\\/03\\\/stessa-rabbia.jpg\",\"datePublished\":\"2015-03-31T14:28:38+00:00\",\"dateModified\":\"2024-03-11T00:57:52+00:00\",\"breadcrumb\":{\"@id\":\"https:\\\/\\\/www.pigrecoemme.com\\\/blog\\\/stessa-rabbia-stessa-primavera\\\/#breadcrumb\"},\"inLanguage\":\"it-IT\",\"potentialAction\":[{\"@type\":\"ReadAction\",\"target\":[\"https:\\\/\\\/www.pigrecoemme.com\\\/blog\\\/stessa-rabbia-stessa-primavera\\\/\"]}]},{\"@type\":\"ImageObject\",\"inLanguage\":\"it-IT\",\"@id\":\"https:\\\/\\\/www.pigrecoemme.com\\\/blog\\\/stessa-rabbia-stessa-primavera\\\/#primaryimage\",\"url\":\"http:\\\/\\\/www.pigrecoemme.com\\\/blog\\\/wp-content\\\/uploads\\\/2015\\\/03\\\/stessa-rabbia.jpg\",\"contentUrl\":\"http:\\\/\\\/www.pigrecoemme.com\\\/blog\\\/wp-content\\\/uploads\\\/2015\\\/03\\\/stessa-rabbia.jpg\"},{\"@type\":\"BreadcrumbList\",\"@id\":\"https:\\\/\\\/www.pigrecoemme.com\\\/blog\\\/stessa-rabbia-stessa-primavera\\\/#breadcrumb\",\"itemListElement\":[{\"@type\":\"ListItem\",\"position\":1,\"name\":\"Home\",\"item\":\"https:\\\/\\\/www.pigrecoemme.com\\\/blog\\\/\"},{\"@type\":\"ListItem\",\"position\":2,\"name\":\"Stefano Incerti presenta Stessa rabbia, stessa primavera alla Mediateca Santa Sofia\"}]},{\"@type\":\"WebSite\",\"@id\":\"https:\\\/\\\/www.pigrecoemme.com\\\/blog\\\/#website\",\"url\":\"https:\\\/\\\/www.pigrecoemme.com\\\/blog\\\/\",\"name\":\"Scuola di Cinema Pigrecoemme - Blog\",\"description\":\"Siamo la prima Scuola di Cinema e Fotografia di Napoli\",\"publisher\":{\"@id\":\"https:\\\/\\\/www.pigrecoemme.com\\\/blog\\\/#organization\"},\"potentialAction\":[{\"@type\":\"SearchAction\",\"target\":{\"@type\":\"EntryPoint\",\"urlTemplate\":\"https:\\\/\\\/www.pigrecoemme.com\\\/blog\\\/?s={search_term_string}\"},\"query-input\":{\"@type\":\"PropertyValueSpecification\",\"valueRequired\":true,\"valueName\":\"search_term_string\"}}],\"inLanguage\":\"it-IT\"},{\"@type\":\"Organization\",\"@id\":\"https:\\\/\\\/www.pigrecoemme.com\\\/blog\\\/#organization\",\"name\":\"Scuola di cinema e fotografia Pigrecoemme\",\"url\":\"https:\\\/\\\/www.pigrecoemme.com\\\/blog\\\/\",\"logo\":{\"@type\":\"ImageObject\",\"inLanguage\":\"it-IT\",\"@id\":\"https:\\\/\\\/www.pigrecoemme.com\\\/blog\\\/#\\\/schema\\\/logo\\\/image\\\/\",\"url\":\"https:\\\/\\\/i0.wp.com\\\/www.pigrecoemme.com\\\/blog\\\/wp-content\\\/uploads\\\/2018\\\/06\\\/logo-pigrecoemme-2018.png?fit=500%2C500&ssl=1\",\"contentUrl\":\"https:\\\/\\\/i0.wp.com\\\/www.pigrecoemme.com\\\/blog\\\/wp-content\\\/uploads\\\/2018\\\/06\\\/logo-pigrecoemme-2018.png?fit=500%2C500&ssl=1\",\"width\":500,\"height\":500,\"caption\":\"Scuola di cinema e fotografia Pigrecoemme\"},\"image\":{\"@id\":\"https:\\\/\\\/www.pigrecoemme.com\\\/blog\\\/#\\\/schema\\\/logo\\\/image\\\/\"},\"sameAs\":[\"https:\\\/\\\/www.facebook.com\\\/pigrecoemme\",\"https:\\\/\\\/x.com\\\/Pigrecoemme\",\"https:\\\/\\\/www.instagram.com\\\/pigrecoemme\\\/\",\"https:\\\/\\\/www.linkedin.com\\\/company\\\/pigrecoemme\\\/\",\"https:\\\/\\\/www.youtube.com\\\/pigrecoemme\"]},{\"@type\":\"Person\",\"@id\":\"https:\\\/\\\/www.pigrecoemme.com\\\/blog\\\/#\\\/schema\\\/person\\\/702764b5ecda4c2f34e82348789f649e\",\"name\":\"Corrado Morra\",\"image\":{\"@type\":\"ImageObject\",\"inLanguage\":\"it-IT\",\"@id\":\"https:\\\/\\\/secure.gravatar.com\\\/avatar\\\/f6ce2f6728fbdf920737112fe70682512808577befa2c9c7845c04a8449b8f03?s=96&r=g\",\"url\":\"https:\\\/\\\/secure.gravatar.com\\\/avatar\\\/f6ce2f6728fbdf920737112fe70682512808577befa2c9c7845c04a8449b8f03?s=96&r=g\",\"contentUrl\":\"https:\\\/\\\/secure.gravatar.com\\\/avatar\\\/f6ce2f6728fbdf920737112fe70682512808577befa2c9c7845c04a8449b8f03?s=96&r=g\",\"caption\":\"Corrado Morra\"},\"description\":\"Esperto di arti visive e di cinema, insegna Sceneggiatura alla Scuola di cinema Pigrecoemme di Napoli, di cui \u00e8 tra i fondatori.\",\"sameAs\":[\"http:\\\/\\\/www.pigrecoemme.com\\\/\",\"https:\\\/\\\/www.facebook.com\\\/corrado.morra1\"],\"url\":\"https:\\\/\\\/www.pigrecoemme.com\\\/blog\\\/author\\\/corrado-morra\\\/\"}]}<\/script>\n<!-- \/ Yoast SEO plugin. -->","yoast_head_json":{"title":"Stefano Incerti presenta Stessa rabbia, stessa primavera alla Mediateca Santa Sofia","robots":{"index":"index","follow":"follow","max-snippet":"max-snippet:-1","max-image-preview":"max-image-preview:large","max-video-preview":"max-video-preview:-1"},"canonical":"https:\/\/www.pigrecoemme.com\/blog\/stessa-rabbia-stessa-primavera\/","og_locale":"it_IT","og_type":"article","og_title":"Stefano Incerti presenta Stessa rabbia, stessa primavera alla Mediateca Santa Sofia","og_description":"Continua gioved\u00ec 2 aprile con Stessa rabbia, stessa primavera, documentario di rara intensit\u00e0 di Stefano Incerti, la bella rassegna Cinema al quadrato \u2013 Il cinema che si racconta\u00a0della Mediateca Santa Sofia del Comune di Napoli. Il ciclo di proiezioni, a \u2026 Continue reading \u2192","og_url":"https:\/\/www.pigrecoemme.com\/blog\/stessa-rabbia-stessa-primavera\/","og_site_name":"Scuola di Cinema Pigrecoemme - Blog","article_publisher":"https:\/\/www.facebook.com\/pigrecoemme","article_author":"https:\/\/www.facebook.com\/corrado.morra1","article_published_time":"2015-03-31T14:28:38+00:00","article_modified_time":"2024-03-11T00:57:52+00:00","og_image":[{"width":484,"height":252,"url":"https:\/\/www.pigrecoemme.com\/blog\/wp-content\/uploads\/2015\/03\/stessa-rabbia.jpg","type":"image\/jpeg"}],"author":"Corrado Morra","twitter_card":"summary_large_image","twitter_creator":"@Pigrecoemme","twitter_site":"@Pigrecoemme","twitter_misc":{"Scritto da":"Corrado Morra","Tempo di lettura stimato":"2 minuti"},"schema":{"@context":"https:\/\/schema.org","@graph":[{"@type":["Article","BlogPosting"],"@id":"https:\/\/www.pigrecoemme.com\/blog\/stessa-rabbia-stessa-primavera\/#article","isPartOf":{"@id":"https:\/\/www.pigrecoemme.com\/blog\/stessa-rabbia-stessa-primavera\/"},"author":{"name":"Corrado Morra","@id":"https:\/\/www.pigrecoemme.com\/blog\/#\/schema\/person\/702764b5ecda4c2f34e82348789f649e"},"headline":"Stefano Incerti presenta Stessa rabbia, stessa primavera alla Mediateca Santa Sofia","datePublished":"2015-03-31T14:28:38+00:00","dateModified":"2024-03-11T00:57:52+00:00","mainEntityOfPage":{"@id":"https:\/\/www.pigrecoemme.com\/blog\/stessa-rabbia-stessa-primavera\/"},"wordCount":306,"commentCount":0,"publisher":{"@id":"https:\/\/www.pigrecoemme.com\/blog\/#organization"},"image":{"@id":"https:\/\/www.pigrecoemme.com\/blog\/stessa-rabbia-stessa-primavera\/#primaryimage"},"thumbnailUrl":"http:\/\/www.pigrecoemme.com\/blog\/wp-content\/uploads\/2015\/03\/stessa-rabbia.jpg","keywords":["marco bellocchio","mediateca santa sofia","rassegne di cinema","stefano incerti"],"articleSection":["Eventi","Generale","Segnalazioni"],"inLanguage":"it-IT","potentialAction":[{"@type":"CommentAction","name":"Comment","target":["https:\/\/www.pigrecoemme.com\/blog\/stessa-rabbia-stessa-primavera\/#respond"]}]},{"@type":"WebPage","@id":"https:\/\/www.pigrecoemme.com\/blog\/stessa-rabbia-stessa-primavera\/","url":"https:\/\/www.pigrecoemme.com\/blog\/stessa-rabbia-stessa-primavera\/","name":"Stefano Incerti presenta Stessa rabbia, stessa primavera alla Mediateca Santa Sofia","isPartOf":{"@id":"https:\/\/www.pigrecoemme.com\/blog\/#website"},"primaryImageOfPage":{"@id":"https:\/\/www.pigrecoemme.com\/blog\/stessa-rabbia-stessa-primavera\/#primaryimage"},"image":{"@id":"https:\/\/www.pigrecoemme.com\/blog\/stessa-rabbia-stessa-primavera\/#primaryimage"},"thumbnailUrl":"http:\/\/www.pigrecoemme.com\/blog\/wp-content\/uploads\/2015\/03\/stessa-rabbia.jpg","datePublished":"2015-03-31T14:28:38+00:00","dateModified":"2024-03-11T00:57:52+00:00","breadcrumb":{"@id":"https:\/\/www.pigrecoemme.com\/blog\/stessa-rabbia-stessa-primavera\/#breadcrumb"},"inLanguage":"it-IT","potentialAction":[{"@type":"ReadAction","target":["https:\/\/www.pigrecoemme.com\/blog\/stessa-rabbia-stessa-primavera\/"]}]},{"@type":"ImageObject","inLanguage":"it-IT","@id":"https:\/\/www.pigrecoemme.com\/blog\/stessa-rabbia-stessa-primavera\/#primaryimage","url":"http:\/\/www.pigrecoemme.com\/blog\/wp-content\/uploads\/2015\/03\/stessa-rabbia.jpg","contentUrl":"http:\/\/www.pigrecoemme.com\/blog\/wp-content\/uploads\/2015\/03\/stessa-rabbia.jpg"},{"@type":"BreadcrumbList","@id":"https:\/\/www.pigrecoemme.com\/blog\/stessa-rabbia-stessa-primavera\/#breadcrumb","itemListElement":[{"@type":"ListItem","position":1,"name":"Home","item":"https:\/\/www.pigrecoemme.com\/blog\/"},{"@type":"ListItem","position":2,"name":"Stefano Incerti presenta Stessa rabbia, stessa primavera alla Mediateca Santa Sofia"}]},{"@type":"WebSite","@id":"https:\/\/www.pigrecoemme.com\/blog\/#website","url":"https:\/\/www.pigrecoemme.com\/blog\/","name":"Scuola di Cinema Pigrecoemme - Blog","description":"Siamo la prima Scuola di Cinema e Fotografia di Napoli","publisher":{"@id":"https:\/\/www.pigrecoemme.com\/blog\/#organization"},"potentialAction":[{"@type":"SearchAction","target":{"@type":"EntryPoint","urlTemplate":"https:\/\/www.pigrecoemme.com\/blog\/?s={search_term_string}"},"query-input":{"@type":"PropertyValueSpecification","valueRequired":true,"valueName":"search_term_string"}}],"inLanguage":"it-IT"},{"@type":"Organization","@id":"https:\/\/www.pigrecoemme.com\/blog\/#organization","name":"Scuola di cinema e fotografia Pigrecoemme","url":"https:\/\/www.pigrecoemme.com\/blog\/","logo":{"@type":"ImageObject","inLanguage":"it-IT","@id":"https:\/\/www.pigrecoemme.com\/blog\/#\/schema\/logo\/image\/","url":"https:\/\/i0.wp.com\/www.pigrecoemme.com\/blog\/wp-content\/uploads\/2018\/06\/logo-pigrecoemme-2018.png?fit=500%2C500&ssl=1","contentUrl":"https:\/\/i0.wp.com\/www.pigrecoemme.com\/blog\/wp-content\/uploads\/2018\/06\/logo-pigrecoemme-2018.png?fit=500%2C500&ssl=1","width":500,"height":500,"caption":"Scuola di cinema e fotografia Pigrecoemme"},"image":{"@id":"https:\/\/www.pigrecoemme.com\/blog\/#\/schema\/logo\/image\/"},"sameAs":["https:\/\/www.facebook.com\/pigrecoemme","https:\/\/x.com\/Pigrecoemme","https:\/\/www.instagram.com\/pigrecoemme\/","https:\/\/www.linkedin.com\/company\/pigrecoemme\/","https:\/\/www.youtube.com\/pigrecoemme"]},{"@type":"Person","@id":"https:\/\/www.pigrecoemme.com\/blog\/#\/schema\/person\/702764b5ecda4c2f34e82348789f649e","name":"Corrado Morra","image":{"@type":"ImageObject","inLanguage":"it-IT","@id":"https:\/\/secure.gravatar.com\/avatar\/f6ce2f6728fbdf920737112fe70682512808577befa2c9c7845c04a8449b8f03?s=96&r=g","url":"https:\/\/secure.gravatar.com\/avatar\/f6ce2f6728fbdf920737112fe70682512808577befa2c9c7845c04a8449b8f03?s=96&r=g","contentUrl":"https:\/\/secure.gravatar.com\/avatar\/f6ce2f6728fbdf920737112fe70682512808577befa2c9c7845c04a8449b8f03?s=96&r=g","caption":"Corrado Morra"},"description":"Esperto di arti visive e di cinema, insegna Sceneggiatura alla Scuola di cinema Pigrecoemme di Napoli, di cui \u00e8 tra i fondatori.","sameAs":["http:\/\/www.pigrecoemme.com\/","https:\/\/www.facebook.com\/corrado.morra1"],"url":"https:\/\/www.pigrecoemme.com\/blog\/author\/corrado-morra\/"}]}},"jetpack_sharing_enabled":true,"jetpack_likes_enabled":true,"jetpack-related-posts":[{"id":294,"url":"https:\/\/www.pigrecoemme.com\/blog\/pigrecoemme-su-radio-club-91\/","url_meta":{"origin":1294,"position":0},"title":"Pigrecoemme su Radio Club 91","author":"Rosario Gallone","date":"8 Novembre 2010","format":false,"excerpt":"Radio club 91 intervista Corrado Morra, docente di Sceneggiatura della Scuola di cinema Pigrecoemme.","rel":"","context":"In &quot;Eventi&quot;","block_context":{"text":"Eventi","link":"https:\/\/www.pigrecoemme.com\/blog\/eventi\/"},"img":{"alt_text":"","src":"","width":0,"height":0},"classes":[]},{"id":327,"url":"https:\/\/www.pigrecoemme.com\/blog\/il-20-e-21-gennaio-workshop-di-regia-a-cura-di-stefano-incerti\/","url_meta":{"origin":1294,"position":1},"title":"Il 20 e 21 gennaio, workshop di Regia a cura di Stefano Incerti","author":"Corrado Morra","date":"14 Gennaio 2011","format":false,"excerpt":"Gioved\u00ec 20 e venerd\u00ec 21 gennaio (ore 11.00 - 18.00) il regista e sceneggiatore Stefano Incerti dar\u00e0 vita ad un intenso workshop di Regia cinematografica alla scuola di cinema Pigrecoemme. \u00c8 un ritorno, quello di Incerti alla Pigrecoemme, di cui siamo particolarmente contenti, convinti come siamo che nella ventennale esperienza\u2026","rel":"","context":"In &quot;Eventi&quot;","block_context":{"text":"Eventi","link":"https:\/\/www.pigrecoemme.com\/blog\/eventi\/"},"img":{"alt_text":"","src":"https:\/\/i0.wp.com\/www.pigrecoemme.com\/blog\/wp-content\/uploads\/2011\/01\/stefano-incerti-233x300.jpg?resize=350%2C200","width":350,"height":200},"classes":[]},{"id":3513,"url":"https:\/\/www.pigrecoemme.com\/blog\/presentazione-del-libro-i-migliori-anni-della-nostra-vita-in-mediateca-di-francesco-napolitano\/","url_meta":{"origin":1294,"position":2},"title":"Presentazione del libro &#8220;I migliori anni della nostra vita, in mediateca&#8221; di Francesco Napolitano","author":"Pigrecoemme","date":"10 Marzo 2024","format":false,"excerpt":"Da chi ha a che fare con noi prima o poi inevitabilmente arriva una domanda: \"Ma che vuol dire Pigrecoemme?\" La risposta potrebbe essere pi\u00f9 o meno questa: i fondatori della Pigrecoemme si incontrarono come partecipanti alle attivit\u00e0 di un'associazione culturale napoletana, molto impegnata nel sociale, il cui nome era\u2026","rel":"","context":"In &quot;Eventi&quot;","block_context":{"text":"Eventi","link":"https:\/\/www.pigrecoemme.com\/blog\/eventi\/"},"img":{"alt_text":"","src":"https:\/\/i0.wp.com\/www.pigrecoemme.com\/blog\/wp-content\/uploads\/2024\/03\/i.migliori-anni-fronte.jpg?resize=350%2C200","width":350,"height":200,"srcset":"https:\/\/i0.wp.com\/www.pigrecoemme.com\/blog\/wp-content\/uploads\/2024\/03\/i.migliori-anni-fronte.jpg?resize=350%2C200 1x, https:\/\/i0.wp.com\/www.pigrecoemme.com\/blog\/wp-content\/uploads\/2024\/03\/i.migliori-anni-fronte.jpg?resize=525%2C300 1.5x, https:\/\/i0.wp.com\/www.pigrecoemme.com\/blog\/wp-content\/uploads\/2024\/03\/i.migliori-anni-fronte.jpg?resize=700%2C400 2x, https:\/\/i0.wp.com\/www.pigrecoemme.com\/blog\/wp-content\/uploads\/2024\/03\/i.migliori-anni-fronte.jpg?resize=1050%2C600 3x"},"classes":[]},{"id":612,"url":"https:\/\/www.pigrecoemme.com\/blog\/il-3-ed-il-4-aprile-torna-il-workshop-di-regia-con-stefano-incerti-made-in-pigrec\/","url_meta":{"origin":1294,"position":3},"title":"Il 3 ed il 4 aprile torna il workshop di regia con Stefano Incerti","author":"Rosario Gallone","date":"14 Marzo 2013","format":false,"excerpt":"Il 3 e 4 aprile prossimi torner\u00e0 uno degli appuntamenti annuali pi\u00f9 attesi di Pigrecoemme: il workshop di regia (12 ore) condotto da Stefano Incerti. Incerti ha esordito nel 1995 con\u00a0Il verificatore e da subito si \u00e8 distinto dal gruppo del cosiddetto Nuovo Cinema Napoletano, per uno sguardo pi\u00f9 attento\u2026","rel":"","context":"In &quot;Eventi&quot;","block_context":{"text":"Eventi","link":"https:\/\/www.pigrecoemme.com\/blog\/eventi\/"},"img":{"alt_text":"","src":"https:\/\/i0.wp.com\/www.pigrecoemme.com\/blog\/wp-content\/uploads\/2013\/03\/stefano_incerti-234x300.jpg?resize=350%2C200","width":350,"height":200},"classes":[]},{"id":654,"url":"https:\/\/www.pigrecoemme.com\/blog\/le-coccinelle-sceneggiata-transessuale\/","url_meta":{"origin":1294,"position":4},"title":"Le Coccinelle &#8211; Sceneggiata Transessuale alla rassegna &#8220;Con gli occhi del cinema&#8221;","author":"Corrado Morra","date":"18 Maggio 2013","format":false,"excerpt":"Continua, con il docu-musical di Emanuela Pirelli \"Le coccinelle - Sceneggiata transessuale\", la rassegna Con gli occhi del cinema, curata dall'associazione Tycho, in collaborazione con la Scuola di Cinema, Televisione e Fotografia Pigrecoemme e la Mediateca Santa Sofia del Comune di Napoli. La proiezione, a ingresso gratuito, si terr\u00e0 marted\u00ec\u2026","rel":"","context":"In &quot;Eventi&quot;","block_context":{"text":"Eventi","link":"https:\/\/www.pigrecoemme.com\/blog\/eventi\/"},"img":{"alt_text":"La locandina del film","src":"https:\/\/i0.wp.com\/www.pigrecoemme.com\/blog\/wp-content\/uploads\/2013\/05\/le-coccinelle-sceneggiata-transessuale-215x300.jpg?resize=350%2C200","width":350,"height":200},"classes":[]},{"id":666,"url":"https:\/\/www.pigrecoemme.com\/blog\/gaetano-di-vaio\/","url_meta":{"origin":1294,"position":5},"title":"Il loro Natale. Gaetano Di Vaio alla rassegna &#8220;Con gli occhi del cinema&#8221;","author":"Rosario Gallone","date":"1 Giugno 2013","format":false,"excerpt":"Continua, con la proiezione del film Il loro Natale di Gaetano Di Vaio, la rassegna Con gli occhi del cinema, curata dall\u2019associazione Tycho, in collaborazione con la Scuola di Cinema, Televisione e Fotografia Pigrecoemme e la Mediateca Santa Sofia del Comune di Napoli. La proiezione, a ingresso gratuito, si terr\u00e0\u2026","rel":"","context":"In &quot;Eventi&quot;","block_context":{"text":"Eventi","link":"https:\/\/www.pigrecoemme.com\/blog\/eventi\/"},"img":{"alt_text":"Il regista e produttore Gaetano Di Vaio","src":"https:\/\/i0.wp.com\/www.pigrecoemme.com\/blog\/wp-content\/uploads\/2013\/06\/gaetano-di-vaio-300x275.jpg?resize=350%2C200","width":350,"height":200},"classes":[]}],"jetpack_featured_media_url":"","_links":{"self":[{"href":"https:\/\/www.pigrecoemme.com\/blog\/wp-json\/wp\/v2\/posts\/1294","targetHints":{"allow":["GET"]}}],"collection":[{"href":"https:\/\/www.pigrecoemme.com\/blog\/wp-json\/wp\/v2\/posts"}],"about":[{"href":"https:\/\/www.pigrecoemme.com\/blog\/wp-json\/wp\/v2\/types\/post"}],"author":[{"embeddable":true,"href":"https:\/\/www.pigrecoemme.com\/blog\/wp-json\/wp\/v2\/users\/2"}],"replies":[{"embeddable":true,"href":"https:\/\/www.pigrecoemme.com\/blog\/wp-json\/wp\/v2\/comments?post=1294"}],"version-history":[{"count":2,"href":"https:\/\/www.pigrecoemme.com\/blog\/wp-json\/wp\/v2\/posts\/1294\/revisions"}],"predecessor-version":[{"id":3547,"href":"https:\/\/www.pigrecoemme.com\/blog\/wp-json\/wp\/v2\/posts\/1294\/revisions\/3547"}],"wp:attachment":[{"href":"https:\/\/www.pigrecoemme.com\/blog\/wp-json\/wp\/v2\/media?parent=1294"}],"wp:term":[{"taxonomy":"category","embeddable":true,"href":"https:\/\/www.pigrecoemme.com\/blog\/wp-json\/wp\/v2\/categories?post=1294"},{"taxonomy":"post_tag","embeddable":true,"href":"https:\/\/www.pigrecoemme.com\/blog\/wp-json\/wp\/v2\/tags?post=1294"}],"curies":[{"name":"wp","href":"https:\/\/api.w.org\/{rel}","templated":true}]}}