{"id":1288,"date":"2015-03-25T18:20:01","date_gmt":"2015-03-25T17:20:01","guid":{"rendered":"http:\/\/www.pigrecoemme.com\/blog\/?p=1288"},"modified":"2016-01-25T18:53:04","modified_gmt":"2016-01-25T17:53:04","slug":"calcutta-e-i-regi-lagni","status":"publish","type":"post","link":"https:\/\/www.pigrecoemme.com\/blog\/calcutta-e-i-regi-lagni\/","title":{"rendered":"Calcutta e i Regi Lagni nelle foto di Menduni e Palermo"},"content":{"rendered":"<p><strong><a href=\"https:\/\/i0.wp.com\/www.pigrecoemme.com\/blog\/wp-content\/uploads\/2015\/03\/menduni-palermo.jpg?ssl=1\"><img data-recalc-dims=\"1\" loading=\"lazy\" decoding=\"async\" class=\" size-full wp-image-1291 aligncenter\" src=\"https:\/\/i0.wp.com\/www.pigrecoemme.com\/blog\/wp-content\/uploads\/2015\/03\/menduni-palermo.jpg?resize=484%2C252&#038;ssl=1\" alt=\"menduni-palermo\" width=\"484\" height=\"252\" srcset=\"https:\/\/i0.wp.com\/www.pigrecoemme.com\/blog\/wp-content\/uploads\/2015\/03\/menduni-palermo.jpg?w=484&amp;ssl=1 484w, https:\/\/i0.wp.com\/www.pigrecoemme.com\/blog\/wp-content\/uploads\/2015\/03\/menduni-palermo.jpg?resize=300%2C156&amp;ssl=1 300w\" sizes=\"auto, (max-width: 484px) 100vw, 484px\" \/><\/a><\/strong><\/p>\n<p><strong>Sabato 28 marzo<\/strong>, alle o<strong>re 16:00<\/strong>, per la rassegna <strong>Incontri fotografici<\/strong>, la Scuola di cinema e fotografia Pigrecoemme di Napoli presenta, nella sede di <strong>Piazza Portanova 11<\/strong>, il lavoro di due giovani fotografi: <strong>Marco Menduni<\/strong>, con\u00a0un suggestivo reportage tra le luci e le ombre di Calcutta, e <strong>Nicola Palermo<\/strong>, con un\u2019approfondita testimonianza sull\u2019allucinante inquinamento dei Regi Lagni sul Litorale domizio.<\/p>\n<h2>Modalit\u00e0 di partecipazione<\/h2>\n<p>L\u2019incontro, fino a esaurimento posti, \u00e8 a <strong>ingresso gratuito<\/strong> e sar\u00e0 presentato da <strong>Luca Sorbo<\/strong>, curatore dei <a href=\"http:\/\/www.pigrecoemme.com\/corso-fotografia\/corso-di-fotografia-2.htm\">corsi di Fotografia<\/a> e di <a href=\"http:\/\/www.pigrecoemme.com\/corso-fotografia\/corso-di-fotogiornalismo-reportage-napoli.htm\">Fotogiornalismo<\/a> della Pigrecoemme.<\/p>\n<p><strong>Prenotazioni <\/strong>e<strong> info <\/strong>al numero:<strong> 081 5635188<\/strong>.<\/p>\n<h2>L\u2019incontro<\/h2>\n<figure id=\"attachment_1289\" aria-describedby=\"caption-attachment-1289\" style=\"width: 200px\" class=\"wp-caption alignleft\"><a href=\"https:\/\/i0.wp.com\/www.pigrecoemme.com\/blog\/wp-content\/uploads\/2015\/03\/calcutta.jpg?ssl=1\"><img data-recalc-dims=\"1\" loading=\"lazy\" decoding=\"async\" class=\"size-medium wp-image-1289\" src=\"https:\/\/i0.wp.com\/www.pigrecoemme.com\/blog\/wp-content\/uploads\/2015\/03\/calcutta.jpg?resize=200%2C300&#038;ssl=1\" alt=\"Foto di Marco Menduni\" width=\"200\" height=\"300\" srcset=\"https:\/\/i0.wp.com\/www.pigrecoemme.com\/blog\/wp-content\/uploads\/2015\/03\/calcutta.jpg?resize=200%2C300&amp;ssl=1 200w, https:\/\/i0.wp.com\/www.pigrecoemme.com\/blog\/wp-content\/uploads\/2015\/03\/calcutta.jpg?w=683&amp;ssl=1 683w, https:\/\/i0.wp.com\/www.pigrecoemme.com\/blog\/wp-content\/uploads\/2015\/03\/calcutta.jpg?resize=300%2C450&amp;ssl=1 300w\" sizes=\"auto, (max-width: 200px) 100vw, 200px\" \/><\/a><figcaption id=\"caption-attachment-1289\" class=\"wp-caption-text\">Foto di Marco Menduni<\/figcaption><\/figure>\n<p>La Calcutta fotografata da Marco Menduni \u00e8 perfettamente riassunta da una nota frase dello scrittore Giorgio Manganelli: \u201cUna allegoria, un labirinto, un incubo, una rivelazione.\u201d<br \/>\nCitt\u00e0-antinomia, Calcutta tiene insieme l\u2019orrendo e il sublime, la gioia e lo sconforto, il passato e il futuro, la ricchezza e l\u2019indigenza fuse con incredibile naturalezza in uno stupefacente ed ipnotico caleidoscopio. E le foto di Menduni stanno al gioco lasciandosi incantare dagli sguardi dei suoi abitanti, dagli scorci vertiginosi sulla ricchezza e le contraddizioni di questa citt\u00e0, senza giudizio, ma sempre pronto a farsi rapire dalle sue ombre e a ritrovarsi nella sua luce.<\/p>\n<figure id=\"attachment_1290\" aria-describedby=\"caption-attachment-1290\" style=\"width: 300px\" class=\"wp-caption alignleft\"><a href=\"https:\/\/i0.wp.com\/www.pigrecoemme.com\/blog\/wp-content\/uploads\/2015\/03\/acerra.jpg?ssl=1\"><img data-recalc-dims=\"1\" loading=\"lazy\" decoding=\"async\" class=\"size-medium wp-image-1290\" src=\"https:\/\/i0.wp.com\/www.pigrecoemme.com\/blog\/wp-content\/uploads\/2015\/03\/acerra.jpg?resize=300%2C200&#038;ssl=1\" alt=\"Foto di Nicola Palermo\" width=\"300\" height=\"200\" srcset=\"https:\/\/i0.wp.com\/www.pigrecoemme.com\/blog\/wp-content\/uploads\/2015\/03\/acerra.jpg?resize=300%2C200&amp;ssl=1 300w, https:\/\/i0.wp.com\/www.pigrecoemme.com\/blog\/wp-content\/uploads\/2015\/03\/acerra.jpg?w=1024&amp;ssl=1 1024w, https:\/\/i0.wp.com\/www.pigrecoemme.com\/blog\/wp-content\/uploads\/2015\/03\/acerra.jpg?resize=450%2C300&amp;ssl=1 450w\" sizes=\"auto, (max-width: 300px) 100vw, 300px\" \/><\/a><figcaption id=\"caption-attachment-1290\" class=\"wp-caption-text\">Foto di Nicola Palermo<\/figcaption><\/figure>\n<p>Pi\u00f9 articolato il lavoro di Nicola Palermo che alla Pigrecoemme presenter\u00e0 il video \u201cSegui il fiume e troverai la tua casa\u201d, un reportage sulla drammatica situazione in cui versano i Regi Lagni sul Litorale domizio, che tiene insieme gli scatti di Nicola Palermo, montati da <strong>Franco Spinelli<\/strong>, con la voce narrante di <strong>Arturo Delogu<\/strong>, e un racconto di fantasia scritto da <strong>Roberta Muzio<\/strong>. La terra raccontata da questo video \u00e8 il simbolo doloroso di un enorme fallimento: un\u2019opera nata per migliorare e bonificare la Campania Felix, per difenderla dalle inondazioni ma che, alla fine, \u00e8 stata il mezzo per ferirla a morte. Un viaggio nell\u2019inferno del nostro mondo, che alla si apre per\u00f2 alla luce: l\u2019oasi dei Variconi, un eden che annuncia che forse \u00e8 ancora possibile salvare questa nostra terra e, con essa, noi stessi.<!--more--><\/p>\n<h2>Gli autori<\/h2>\n<p><strong>Marco Menduni<\/strong> nasce a Napoli nel 1972. Il suo approccio fotografico si propone come sintesi di due grandi interessi: il viaggio e l\u2019incontro con l\u2019altro. Questo secondo aspetto si manifesta con forza ed immediatezza nei ritratti, con i quali riesce a stabilire, anche se per un attimo, un contatto con il soggetto. Successivamente, il suo lavoro vira verso un taglio pi\u00f9 fotogiornalistico, dedicandosi maggiormente al reportage sociale.<\/p>\n<p><strong>Nicola Palermo<\/strong> lavora presso l\u2019Agenzia NATO dei Servizi delle Comunicazioni (NCI Agency) al Lago Patria come responsabile del Cerimoniale e della Pubblica Informazione. Fotografo ufficiale, ha documentato per un decennio tutti gli Eventi di carattere nazionale e internazionale dell\u2019Agenzia, creando un archivio storico fotografico. Membro del comitato civico DifendAtella del Coordinamento Comitati Fuochi ha preso parte attiva a tutte le manifestazioni contro i roghi e rifiuti tossici raccontando lo scempio che stava avvenendo nell\u2019area della cosiddetta \u201cTerra dei Fuochi\u201d.<\/p>\n","protected":false},"excerpt":{"rendered":"<p>Sabato 28 marzo, alle ore 16:00, per la rassegna Incontri fotografici, la Scuola di cinema e fotografia Pigrecoemme di Napoli presenta, nella sede di Piazza Portanova 11, il lavoro di due giovani fotografi: Marco&hellip;<\/p>\n","protected":false},"author":2,"featured_media":0,"comment_status":"open","ping_status":"open","sticky":false,"template":"","format":"standard","meta":{"_jetpack_newsletter_access":"","_jetpack_dont_email_post_to_subs":false,"_jetpack_newsletter_tier_id":0,"_jetpack_memberships_contains_paywalled_content":false,"_jetpack_feature_clip_id":0,"_jetpack_memberships_contains_paid_content":false,"footnotes":"","jetpack_post_was_ever_published":false},"categories":[11,21,1,1523],"tags":[74,586,865,1283,370,1088,1089],"class_list":["post-1288","post","type-post","status-publish","format-standard","hentry","category-eventi","category-fotografia","category-generale","category-incontri-fotografici","tag-corsi-di-fotografia","tag-corso-fotogiornalismo","tag-eventi-fotografia","tag-fotografia","tag-incontri-fotografici","tag-marco-menduni","tag-nicola-palermo"],"yoast_head":"<!-- This site is optimized with the Yoast SEO plugin v28.3 - https:\/\/yoast.com\/product\/yoast-seo-wordpress\/ -->\n<title>Calcutta e i Regi Lagni nelle foto di Menduni e Palermo<\/title>\n<meta name=\"description\" content=\"Continuano gli incontri gratuiti di fotografia della scuola di cinema e fotografia Pigrecoemme di Napoli.\" \/>\n<meta name=\"robots\" content=\"index, follow, max-snippet:-1, max-image-preview:large, max-video-preview:-1\" \/>\n<link rel=\"canonical\" href=\"https:\/\/www.pigrecoemme.com\/blog\/calcutta-e-i-regi-lagni\/\" \/>\n<meta property=\"og:locale\" content=\"it_IT\" \/>\n<meta property=\"og:type\" content=\"article\" \/>\n<meta property=\"og:title\" content=\"Calcutta e i Regi Lagni nelle foto di Menduni e Palermo\" \/>\n<meta property=\"og:description\" content=\"Continuano gli incontri gratuiti di fotografia della scuola di cinema e fotografia Pigrecoemme di Napoli.\" \/>\n<meta property=\"og:url\" content=\"https:\/\/www.pigrecoemme.com\/blog\/calcutta-e-i-regi-lagni\/\" \/>\n<meta property=\"og:site_name\" content=\"Scuola di Cinema Pigrecoemme - Blog\" \/>\n<meta property=\"article:publisher\" content=\"https:\/\/www.facebook.com\/pigrecoemme\" \/>\n<meta property=\"article:author\" content=\"https:\/\/www.facebook.com\/corrado.morra1\" \/>\n<meta property=\"article:published_time\" content=\"2015-03-25T17:20:01+00:00\" \/>\n<meta property=\"article:modified_time\" content=\"2016-01-25T17:53:04+00:00\" \/>\n<meta property=\"og:image\" content=\"http:\/\/www.pigrecoemme.com\/blog\/wp-content\/uploads\/2015\/03\/menduni-palermo.jpg\" \/>\n<meta name=\"author\" content=\"Corrado Morra\" \/>\n<meta name=\"twitter:card\" content=\"summary_large_image\" \/>\n<meta name=\"twitter:creator\" content=\"@Pigrecoemme\" \/>\n<meta name=\"twitter:site\" content=\"@Pigrecoemme\" \/>\n<meta name=\"twitter:label1\" content=\"Scritto da\" \/>\n\t<meta name=\"twitter:data1\" content=\"Corrado Morra\" \/>\n\t<meta name=\"twitter:label2\" content=\"Tempo di lettura stimato\" \/>\n\t<meta name=\"twitter:data2\" content=\"3 minuti\" \/>\n<script type=\"application\/ld+json\" class=\"yoast-schema-graph\">{\"@context\":\"https:\\\/\\\/schema.org\",\"@graph\":[{\"@type\":[\"Article\",\"BlogPosting\"],\"@id\":\"https:\\\/\\\/www.pigrecoemme.com\\\/blog\\\/calcutta-e-i-regi-lagni\\\/#article\",\"isPartOf\":{\"@id\":\"https:\\\/\\\/www.pigrecoemme.com\\\/blog\\\/calcutta-e-i-regi-lagni\\\/\"},\"author\":{\"name\":\"Corrado Morra\",\"@id\":\"https:\\\/\\\/www.pigrecoemme.com\\\/blog\\\/#\\\/schema\\\/person\\\/702764b5ecda4c2f34e82348789f649e\"},\"headline\":\"Calcutta e i Regi Lagni nelle foto di Menduni e Palermo\",\"datePublished\":\"2015-03-25T17:20:01+00:00\",\"dateModified\":\"2016-01-25T17:53:04+00:00\",\"mainEntityOfPage\":{\"@id\":\"https:\\\/\\\/www.pigrecoemme.com\\\/blog\\\/calcutta-e-i-regi-lagni\\\/\"},\"wordCount\":518,\"commentCount\":0,\"publisher\":{\"@id\":\"https:\\\/\\\/www.pigrecoemme.com\\\/blog\\\/#organization\"},\"image\":{\"@id\":\"https:\\\/\\\/www.pigrecoemme.com\\\/blog\\\/calcutta-e-i-regi-lagni\\\/#primaryimage\"},\"thumbnailUrl\":\"http:\\\/\\\/www.pigrecoemme.com\\\/blog\\\/wp-content\\\/uploads\\\/2015\\\/03\\\/menduni-palermo.jpg\",\"keywords\":[\"corsi di fotografia\",\"corso fotogiornalismo\",\"eventi fotografia\",\"fotografia\",\"incontri fotografici\",\"marco menduni\",\"nicola palermo\"],\"articleSection\":[\"Eventi\",\"Fotografia\",\"Generale\",\"Incontri fotografici\"],\"inLanguage\":\"it-IT\",\"potentialAction\":[{\"@type\":\"CommentAction\",\"name\":\"Comment\",\"target\":[\"https:\\\/\\\/www.pigrecoemme.com\\\/blog\\\/calcutta-e-i-regi-lagni\\\/#respond\"]}]},{\"@type\":\"WebPage\",\"@id\":\"https:\\\/\\\/www.pigrecoemme.com\\\/blog\\\/calcutta-e-i-regi-lagni\\\/\",\"url\":\"https:\\\/\\\/www.pigrecoemme.com\\\/blog\\\/calcutta-e-i-regi-lagni\\\/\",\"name\":\"Calcutta e i Regi Lagni nelle foto di Menduni e Palermo\",\"isPartOf\":{\"@id\":\"https:\\\/\\\/www.pigrecoemme.com\\\/blog\\\/#website\"},\"primaryImageOfPage\":{\"@id\":\"https:\\\/\\\/www.pigrecoemme.com\\\/blog\\\/calcutta-e-i-regi-lagni\\\/#primaryimage\"},\"image\":{\"@id\":\"https:\\\/\\\/www.pigrecoemme.com\\\/blog\\\/calcutta-e-i-regi-lagni\\\/#primaryimage\"},\"thumbnailUrl\":\"http:\\\/\\\/www.pigrecoemme.com\\\/blog\\\/wp-content\\\/uploads\\\/2015\\\/03\\\/menduni-palermo.jpg\",\"datePublished\":\"2015-03-25T17:20:01+00:00\",\"dateModified\":\"2016-01-25T17:53:04+00:00\",\"description\":\"Continuano gli incontri gratuiti di fotografia della scuola di cinema e fotografia Pigrecoemme di Napoli.\",\"breadcrumb\":{\"@id\":\"https:\\\/\\\/www.pigrecoemme.com\\\/blog\\\/calcutta-e-i-regi-lagni\\\/#breadcrumb\"},\"inLanguage\":\"it-IT\",\"potentialAction\":[{\"@type\":\"ReadAction\",\"target\":[\"https:\\\/\\\/www.pigrecoemme.com\\\/blog\\\/calcutta-e-i-regi-lagni\\\/\"]}]},{\"@type\":\"ImageObject\",\"inLanguage\":\"it-IT\",\"@id\":\"https:\\\/\\\/www.pigrecoemme.com\\\/blog\\\/calcutta-e-i-regi-lagni\\\/#primaryimage\",\"url\":\"http:\\\/\\\/www.pigrecoemme.com\\\/blog\\\/wp-content\\\/uploads\\\/2015\\\/03\\\/menduni-palermo.jpg\",\"contentUrl\":\"http:\\\/\\\/www.pigrecoemme.com\\\/blog\\\/wp-content\\\/uploads\\\/2015\\\/03\\\/menduni-palermo.jpg\"},{\"@type\":\"BreadcrumbList\",\"@id\":\"https:\\\/\\\/www.pigrecoemme.com\\\/blog\\\/calcutta-e-i-regi-lagni\\\/#breadcrumb\",\"itemListElement\":[{\"@type\":\"ListItem\",\"position\":1,\"name\":\"Home\",\"item\":\"https:\\\/\\\/www.pigrecoemme.com\\\/blog\\\/\"},{\"@type\":\"ListItem\",\"position\":2,\"name\":\"Calcutta e i Regi Lagni nelle foto di Menduni e Palermo\"}]},{\"@type\":\"WebSite\",\"@id\":\"https:\\\/\\\/www.pigrecoemme.com\\\/blog\\\/#website\",\"url\":\"https:\\\/\\\/www.pigrecoemme.com\\\/blog\\\/\",\"name\":\"Scuola di Cinema Pigrecoemme - Blog\",\"description\":\"Siamo la prima Scuola di Cinema e Fotografia di Napoli\",\"publisher\":{\"@id\":\"https:\\\/\\\/www.pigrecoemme.com\\\/blog\\\/#organization\"},\"potentialAction\":[{\"@type\":\"SearchAction\",\"target\":{\"@type\":\"EntryPoint\",\"urlTemplate\":\"https:\\\/\\\/www.pigrecoemme.com\\\/blog\\\/?s={search_term_string}\"},\"query-input\":{\"@type\":\"PropertyValueSpecification\",\"valueRequired\":true,\"valueName\":\"search_term_string\"}}],\"inLanguage\":\"it-IT\"},{\"@type\":\"Organization\",\"@id\":\"https:\\\/\\\/www.pigrecoemme.com\\\/blog\\\/#organization\",\"name\":\"Scuola di cinema e fotografia Pigrecoemme\",\"url\":\"https:\\\/\\\/www.pigrecoemme.com\\\/blog\\\/\",\"logo\":{\"@type\":\"ImageObject\",\"inLanguage\":\"it-IT\",\"@id\":\"https:\\\/\\\/www.pigrecoemme.com\\\/blog\\\/#\\\/schema\\\/logo\\\/image\\\/\",\"url\":\"https:\\\/\\\/i0.wp.com\\\/www.pigrecoemme.com\\\/blog\\\/wp-content\\\/uploads\\\/2018\\\/06\\\/logo-pigrecoemme-2018.png?fit=500%2C500&ssl=1\",\"contentUrl\":\"https:\\\/\\\/i0.wp.com\\\/www.pigrecoemme.com\\\/blog\\\/wp-content\\\/uploads\\\/2018\\\/06\\\/logo-pigrecoemme-2018.png?fit=500%2C500&ssl=1\",\"width\":500,\"height\":500,\"caption\":\"Scuola di cinema e fotografia Pigrecoemme\"},\"image\":{\"@id\":\"https:\\\/\\\/www.pigrecoemme.com\\\/blog\\\/#\\\/schema\\\/logo\\\/image\\\/\"},\"sameAs\":[\"https:\\\/\\\/www.facebook.com\\\/pigrecoemme\",\"https:\\\/\\\/x.com\\\/Pigrecoemme\",\"https:\\\/\\\/www.instagram.com\\\/pigrecoemme\\\/\",\"https:\\\/\\\/www.linkedin.com\\\/company\\\/pigrecoemme\\\/\",\"https:\\\/\\\/www.youtube.com\\\/pigrecoemme\"]},{\"@type\":\"Person\",\"@id\":\"https:\\\/\\\/www.pigrecoemme.com\\\/blog\\\/#\\\/schema\\\/person\\\/702764b5ecda4c2f34e82348789f649e\",\"name\":\"Corrado Morra\",\"image\":{\"@type\":\"ImageObject\",\"inLanguage\":\"it-IT\",\"@id\":\"https:\\\/\\\/secure.gravatar.com\\\/avatar\\\/f6ce2f6728fbdf920737112fe70682512808577befa2c9c7845c04a8449b8f03?s=96&r=g\",\"url\":\"https:\\\/\\\/secure.gravatar.com\\\/avatar\\\/f6ce2f6728fbdf920737112fe70682512808577befa2c9c7845c04a8449b8f03?s=96&r=g\",\"contentUrl\":\"https:\\\/\\\/secure.gravatar.com\\\/avatar\\\/f6ce2f6728fbdf920737112fe70682512808577befa2c9c7845c04a8449b8f03?s=96&r=g\",\"caption\":\"Corrado Morra\"},\"description\":\"Esperto di arti visive e di cinema, insegna Sceneggiatura alla Scuola di cinema Pigrecoemme di Napoli, di cui \u00e8 tra i fondatori.\",\"sameAs\":[\"http:\\\/\\\/www.pigrecoemme.com\\\/\",\"https:\\\/\\\/www.facebook.com\\\/corrado.morra1\"],\"url\":\"https:\\\/\\\/www.pigrecoemme.com\\\/blog\\\/author\\\/corrado-morra\\\/\"}]}<\/script>\n<!-- \/ Yoast SEO plugin. -->","yoast_head_json":{"title":"Calcutta e i Regi Lagni nelle foto di Menduni e Palermo","description":"Continuano gli incontri gratuiti di fotografia della scuola di cinema e fotografia Pigrecoemme di Napoli.","robots":{"index":"index","follow":"follow","max-snippet":"max-snippet:-1","max-image-preview":"max-image-preview:large","max-video-preview":"max-video-preview:-1"},"canonical":"https:\/\/www.pigrecoemme.com\/blog\/calcutta-e-i-regi-lagni\/","og_locale":"it_IT","og_type":"article","og_title":"Calcutta e i Regi Lagni nelle foto di Menduni e Palermo","og_description":"Continuano gli incontri gratuiti di fotografia della scuola di cinema e fotografia Pigrecoemme di Napoli.","og_url":"https:\/\/www.pigrecoemme.com\/blog\/calcutta-e-i-regi-lagni\/","og_site_name":"Scuola di Cinema Pigrecoemme - Blog","article_publisher":"https:\/\/www.facebook.com\/pigrecoemme","article_author":"https:\/\/www.facebook.com\/corrado.morra1","article_published_time":"2015-03-25T17:20:01+00:00","article_modified_time":"2016-01-25T17:53:04+00:00","og_image":[{"url":"http:\/\/www.pigrecoemme.com\/blog\/wp-content\/uploads\/2015\/03\/menduni-palermo.jpg","type":"","width":"","height":""}],"author":"Corrado Morra","twitter_card":"summary_large_image","twitter_creator":"@Pigrecoemme","twitter_site":"@Pigrecoemme","twitter_misc":{"Scritto da":"Corrado Morra","Tempo di lettura stimato":"3 minuti"},"schema":{"@context":"https:\/\/schema.org","@graph":[{"@type":["Article","BlogPosting"],"@id":"https:\/\/www.pigrecoemme.com\/blog\/calcutta-e-i-regi-lagni\/#article","isPartOf":{"@id":"https:\/\/www.pigrecoemme.com\/blog\/calcutta-e-i-regi-lagni\/"},"author":{"name":"Corrado Morra","@id":"https:\/\/www.pigrecoemme.com\/blog\/#\/schema\/person\/702764b5ecda4c2f34e82348789f649e"},"headline":"Calcutta e i Regi Lagni nelle foto di Menduni e Palermo","datePublished":"2015-03-25T17:20:01+00:00","dateModified":"2016-01-25T17:53:04+00:00","mainEntityOfPage":{"@id":"https:\/\/www.pigrecoemme.com\/blog\/calcutta-e-i-regi-lagni\/"},"wordCount":518,"commentCount":0,"publisher":{"@id":"https:\/\/www.pigrecoemme.com\/blog\/#organization"},"image":{"@id":"https:\/\/www.pigrecoemme.com\/blog\/calcutta-e-i-regi-lagni\/#primaryimage"},"thumbnailUrl":"http:\/\/www.pigrecoemme.com\/blog\/wp-content\/uploads\/2015\/03\/menduni-palermo.jpg","keywords":["corsi di fotografia","corso fotogiornalismo","eventi fotografia","fotografia","incontri fotografici","marco menduni","nicola palermo"],"articleSection":["Eventi","Fotografia","Generale","Incontri fotografici"],"inLanguage":"it-IT","potentialAction":[{"@type":"CommentAction","name":"Comment","target":["https:\/\/www.pigrecoemme.com\/blog\/calcutta-e-i-regi-lagni\/#respond"]}]},{"@type":"WebPage","@id":"https:\/\/www.pigrecoemme.com\/blog\/calcutta-e-i-regi-lagni\/","url":"https:\/\/www.pigrecoemme.com\/blog\/calcutta-e-i-regi-lagni\/","name":"Calcutta e i Regi Lagni nelle foto di Menduni e Palermo","isPartOf":{"@id":"https:\/\/www.pigrecoemme.com\/blog\/#website"},"primaryImageOfPage":{"@id":"https:\/\/www.pigrecoemme.com\/blog\/calcutta-e-i-regi-lagni\/#primaryimage"},"image":{"@id":"https:\/\/www.pigrecoemme.com\/blog\/calcutta-e-i-regi-lagni\/#primaryimage"},"thumbnailUrl":"http:\/\/www.pigrecoemme.com\/blog\/wp-content\/uploads\/2015\/03\/menduni-palermo.jpg","datePublished":"2015-03-25T17:20:01+00:00","dateModified":"2016-01-25T17:53:04+00:00","description":"Continuano gli incontri gratuiti di fotografia della scuola di cinema e fotografia Pigrecoemme di Napoli.","breadcrumb":{"@id":"https:\/\/www.pigrecoemme.com\/blog\/calcutta-e-i-regi-lagni\/#breadcrumb"},"inLanguage":"it-IT","potentialAction":[{"@type":"ReadAction","target":["https:\/\/www.pigrecoemme.com\/blog\/calcutta-e-i-regi-lagni\/"]}]},{"@type":"ImageObject","inLanguage":"it-IT","@id":"https:\/\/www.pigrecoemme.com\/blog\/calcutta-e-i-regi-lagni\/#primaryimage","url":"http:\/\/www.pigrecoemme.com\/blog\/wp-content\/uploads\/2015\/03\/menduni-palermo.jpg","contentUrl":"http:\/\/www.pigrecoemme.com\/blog\/wp-content\/uploads\/2015\/03\/menduni-palermo.jpg"},{"@type":"BreadcrumbList","@id":"https:\/\/www.pigrecoemme.com\/blog\/calcutta-e-i-regi-lagni\/#breadcrumb","itemListElement":[{"@type":"ListItem","position":1,"name":"Home","item":"https:\/\/www.pigrecoemme.com\/blog\/"},{"@type":"ListItem","position":2,"name":"Calcutta e i Regi Lagni nelle foto di Menduni e Palermo"}]},{"@type":"WebSite","@id":"https:\/\/www.pigrecoemme.com\/blog\/#website","url":"https:\/\/www.pigrecoemme.com\/blog\/","name":"Scuola di Cinema Pigrecoemme - Blog","description":"Siamo la prima Scuola di Cinema e Fotografia di Napoli","publisher":{"@id":"https:\/\/www.pigrecoemme.com\/blog\/#organization"},"potentialAction":[{"@type":"SearchAction","target":{"@type":"EntryPoint","urlTemplate":"https:\/\/www.pigrecoemme.com\/blog\/?s={search_term_string}"},"query-input":{"@type":"PropertyValueSpecification","valueRequired":true,"valueName":"search_term_string"}}],"inLanguage":"it-IT"},{"@type":"Organization","@id":"https:\/\/www.pigrecoemme.com\/blog\/#organization","name":"Scuola di cinema e fotografia Pigrecoemme","url":"https:\/\/www.pigrecoemme.com\/blog\/","logo":{"@type":"ImageObject","inLanguage":"it-IT","@id":"https:\/\/www.pigrecoemme.com\/blog\/#\/schema\/logo\/image\/","url":"https:\/\/i0.wp.com\/www.pigrecoemme.com\/blog\/wp-content\/uploads\/2018\/06\/logo-pigrecoemme-2018.png?fit=500%2C500&ssl=1","contentUrl":"https:\/\/i0.wp.com\/www.pigrecoemme.com\/blog\/wp-content\/uploads\/2018\/06\/logo-pigrecoemme-2018.png?fit=500%2C500&ssl=1","width":500,"height":500,"caption":"Scuola di cinema e fotografia Pigrecoemme"},"image":{"@id":"https:\/\/www.pigrecoemme.com\/blog\/#\/schema\/logo\/image\/"},"sameAs":["https:\/\/www.facebook.com\/pigrecoemme","https:\/\/x.com\/Pigrecoemme","https:\/\/www.instagram.com\/pigrecoemme\/","https:\/\/www.linkedin.com\/company\/pigrecoemme\/","https:\/\/www.youtube.com\/pigrecoemme"]},{"@type":"Person","@id":"https:\/\/www.pigrecoemme.com\/blog\/#\/schema\/person\/702764b5ecda4c2f34e82348789f649e","name":"Corrado Morra","image":{"@type":"ImageObject","inLanguage":"it-IT","@id":"https:\/\/secure.gravatar.com\/avatar\/f6ce2f6728fbdf920737112fe70682512808577befa2c9c7845c04a8449b8f03?s=96&r=g","url":"https:\/\/secure.gravatar.com\/avatar\/f6ce2f6728fbdf920737112fe70682512808577befa2c9c7845c04a8449b8f03?s=96&r=g","contentUrl":"https:\/\/secure.gravatar.com\/avatar\/f6ce2f6728fbdf920737112fe70682512808577befa2c9c7845c04a8449b8f03?s=96&r=g","caption":"Corrado Morra"},"description":"Esperto di arti visive e di cinema, insegna Sceneggiatura alla Scuola di cinema Pigrecoemme di Napoli, di cui \u00e8 tra i fondatori.","sameAs":["http:\/\/www.pigrecoemme.com\/","https:\/\/www.facebook.com\/corrado.morra1"],"url":"https:\/\/www.pigrecoemme.com\/blog\/author\/corrado-morra\/"}]}},"jetpack_sharing_enabled":true,"jetpack_likes_enabled":true,"jetpack-related-posts":[{"id":1869,"url":"https:\/\/www.pigrecoemme.com\/blog\/mostra-fotografica-namibia-viaggio-nella-memoria-primordiale\/","url_meta":{"origin":1288,"position":0},"title":"Mostra fotografica di Marco Menduni: \u201cNamibia, viaggio nella memoria primordiale\u201d","author":"Pigrecoemme","date":"22 Marzo 2017","format":false,"excerpt":"I corsi di fotografia della Pigrecoemme sono per molti un ottimo primo passo verso una carriera professionale e artistica nel settore. Da sempre, tra l\u2019altro, coinvolgiamo i nostri ex allievi in iniziative interessanti o, come in questo caso, siamo lieti di promuoverne il lavoro. Non potevamo non segnalarvi quindi l\u2019evento\u2026","rel":"","context":"In &quot;Eventi&quot;","block_context":{"text":"Eventi","link":"https:\/\/www.pigrecoemme.com\/blog\/eventi\/"},"img":{"alt_text":"","src":"https:\/\/i0.wp.com\/www.pigrecoemme.com\/blog\/wp-content\/uploads\/2017\/03\/namibia-0.jpg?resize=350%2C200","width":350,"height":200,"srcset":"https:\/\/i0.wp.com\/www.pigrecoemme.com\/blog\/wp-content\/uploads\/2017\/03\/namibia-0.jpg?resize=350%2C200 1x, https:\/\/i0.wp.com\/www.pigrecoemme.com\/blog\/wp-content\/uploads\/2017\/03\/namibia-0.jpg?resize=525%2C300 1.5x, https:\/\/i0.wp.com\/www.pigrecoemme.com\/blog\/wp-content\/uploads\/2017\/03\/namibia-0.jpg?resize=700%2C400 2x"},"classes":[]},{"id":362,"url":"https:\/\/www.pigrecoemme.com\/blog\/pigrecoemme-al-museo-di-capodimonte\/","url_meta":{"origin":1288,"position":1},"title":"Gli allievi di Pigrecoemme? Al Museo di Capodimonte&#8230;","author":"Corrado Morra","date":"4 Maggio 2011","format":false,"excerpt":"Al Museo di Capodimonte, alcuni allievi dei corsi di Fotografia di Pigrecoemme in mostra, nell'ambito dell'evento Clic si suona.","rel":"","context":"In &quot;Eventi&quot;","block_context":{"text":"Eventi","link":"https:\/\/www.pigrecoemme.com\/blog\/eventi\/"},"img":{"alt_text":"","src":"https:\/\/i0.wp.com\/www.pigrecoemme.com\/blog\/wp-content\/uploads\/2011\/05\/clic-si-suona-215x300.jpg?resize=350%2C200","width":350,"height":200},"classes":[]},{"id":691,"url":"https:\/\/www.pigrecoemme.com\/blog\/lezione-aperta-con-raffaela-mariniello\/","url_meta":{"origin":1288,"position":2},"title":"Lezione aperta con Raffaela Mariniello: la fotografia artistica","author":"Giacomo Fabbrocino","date":"23 Settembre 2013","format":false,"excerpt":"Alla Scuola di cinema e fotografia Pigrecoemme riprendono gli incontri con i maestri della fotografia. Il prossimo venerd\u00ec 27 settembre \u00e8 di scena\u00a0RAFFAELA MARINIELLO in una lezione aperta sulla fotografia artistica. L'appuntamento Riprende, in occasione della ripresa dei corsi di Fotografia di Pigrecoemme, con un incontro con Raffaela Mariniello, la\u2026","rel":"","context":"In &quot;Eventi&quot;","block_context":{"text":"Eventi","link":"https:\/\/www.pigrecoemme.com\/blog\/eventi\/"},"img":{"alt_text":"","src":"https:\/\/i0.wp.com\/www.pigrecoemme.com\/blog\/wp-content\/uploads\/2013\/09\/mariniello-01.jpg?resize=350%2C200","width":350,"height":200},"classes":[]},{"id":822,"url":"https:\/\/www.pigrecoemme.com\/blog\/incontri-fotografici-itaca\/","url_meta":{"origin":1288,"position":3},"title":"Gli Incontri fotografici della Pigrecoemme approdano all&#8217;Itaca di Renato Orsini","author":"Corrado Morra","date":"26 Aprile 2014","format":false,"excerpt":"Mercoled\u00ec 30 aprile, dalle ore 17,00 alle 19,00, nell\u2019ambito della rassegna Incontri fotografici della Scuola di cinema e fotografia Pigrecoemme di Napoli, Renato Orsini presenta ITACA, il suo ultimo progetto fotografico, un viaggio emozionante in bianco e nero che, attraverso forti contrasti e una capacit\u00e0 sbalorditiva di scovare particolari epifanici,\u2026","rel":"","context":"In &quot;Eventi&quot;","block_context":{"text":"Eventi","link":"https:\/\/www.pigrecoemme.com\/blog\/eventi\/"},"img":{"alt_text":"","src":"https:\/\/i0.wp.com\/www.pigrecoemme.com\/blog\/wp-content\/uploads\/2014\/04\/renato-orsini.png?resize=350%2C200","width":350,"height":200},"classes":[]},{"id":492,"url":"https:\/\/www.pigrecoemme.com\/blog\/sabato-21-aprile-aniello-barone-terra-un-incontro-lezione-gratuito-sulla-fotografia\/","url_meta":{"origin":1288,"position":4},"title":"Sabato 21 aprile Aniello Barone terr\u00e0 un incontro-lezione gratuito sulla fotografia","author":"Corrado Morra","date":"17 Aprile 2012","format":false,"excerpt":"Continuano, alla Scuola di cinema e fotografia Pigrecoemme di Napoli, gli incontri dedicati ai grandi fotografi. Sabato 21 aprile 2012, Aniello Barone sar\u00e0, cos\u00ec, negli spazi di Piazza Portanova, per un incontro-lezione, che avr\u00e0 il compito di tracciare le linee principali del suo affascinante percorso artistico e professionale. L\u2019appuntamento, dalle\u2026","rel":"","context":"In &quot;Eventi&quot;","block_context":{"text":"Eventi","link":"https:\/\/www.pigrecoemme.com\/blog\/eventi\/"},"img":{"alt_text":"","src":"https:\/\/i0.wp.com\/www.pigrecoemme.com\/blog\/wp-content\/uploads\/2012\/04\/aniello-barone1-300x200.jpg?resize=350%2C200","width":350,"height":200},"classes":[]},{"id":829,"url":"https:\/\/www.pigrecoemme.com\/blog\/la-grande-bellezza-la-fotografia-di-gianni-fiorito\/","url_meta":{"origin":1288,"position":5},"title":"La grande bellezza? La fotografia. Dal fotogiornalismo al set, Gianni Fiorito si racconta alla Pigrecoemme","author":"Corrado Morra","date":"30 Aprile 2014","format":false,"excerpt":"Marted\u00ec 6 maggio, dalle ore 18,30 alle 20,30, nell\u2019ambito della rassegna Incontri fotografici,\u00a0Gianni Fiorito sar\u00e0 alla Scuola di cinema e fotografia Pigrecoemme di Napoli per vita a un incontro aperto in cui racconter\u00e0 il suo esemplare ed avvincente percorso artistico che scorre, grazie a una costante e fruttuosa contaminazione, tra\u2026","rel":"","context":"In &quot;Eventi&quot;","block_context":{"text":"Eventi","link":"https:\/\/www.pigrecoemme.com\/blog\/eventi\/"},"img":{"alt_text":"","src":"https:\/\/i0.wp.com\/www.pigrecoemme.com\/blog\/wp-content\/uploads\/2014\/04\/fiorito3-300x208.jpg?resize=350%2C200","width":350,"height":200},"classes":[]}],"jetpack_featured_media_url":"","_links":{"self":[{"href":"https:\/\/www.pigrecoemme.com\/blog\/wp-json\/wp\/v2\/posts\/1288","targetHints":{"allow":["GET"]}}],"collection":[{"href":"https:\/\/www.pigrecoemme.com\/blog\/wp-json\/wp\/v2\/posts"}],"about":[{"href":"https:\/\/www.pigrecoemme.com\/blog\/wp-json\/wp\/v2\/types\/post"}],"author":[{"embeddable":true,"href":"https:\/\/www.pigrecoemme.com\/blog\/wp-json\/wp\/v2\/users\/2"}],"replies":[{"embeddable":true,"href":"https:\/\/www.pigrecoemme.com\/blog\/wp-json\/wp\/v2\/comments?post=1288"}],"version-history":[{"count":0,"href":"https:\/\/www.pigrecoemme.com\/blog\/wp-json\/wp\/v2\/posts\/1288\/revisions"}],"wp:attachment":[{"href":"https:\/\/www.pigrecoemme.com\/blog\/wp-json\/wp\/v2\/media?parent=1288"}],"wp:term":[{"taxonomy":"category","embeddable":true,"href":"https:\/\/www.pigrecoemme.com\/blog\/wp-json\/wp\/v2\/categories?post=1288"},{"taxonomy":"post_tag","embeddable":true,"href":"https:\/\/www.pigrecoemme.com\/blog\/wp-json\/wp\/v2\/tags?post=1288"}],"curies":[{"name":"wp","href":"https:\/\/api.w.org\/{rel}","templated":true}]}}