{"id":1130,"date":"2015-01-08T17:54:18","date_gmt":"2015-01-08T16:54:18","guid":{"rendered":"http:\/\/www.pigrecoemme.com\/blog\/?p=1130"},"modified":"2024-07-11T00:59:39","modified_gmt":"2024-07-10T22:59:39","slug":"i-nuovi-corsi-gennaio-2015","status":"publish","type":"post","link":"https:\/\/www.pigrecoemme.com\/blog\/i-nuovi-corsi-gennaio-2015\/","title":{"rendered":"Ricominciano i corsi della Pigrecoemme. Con una trasferta in Basilicata!"},"content":{"rendered":"\n<figure class=\"wp-block-image alignwide\"><a href=\"https:\/\/www.pigrecoemme.com\/blog\/i-nuovi-corsi-gennaio-2015\"><img data-recalc-dims=\"1\" loading=\"lazy\" decoding=\"async\" width=\"484\" height=\"252\" src=\"https:\/\/i0.wp.com\/www.pigrecoemme.com\/blog\/wp-content\/uploads\/2015\/01\/corsi-cinema-fotografia-napoli-2015.jpg?resize=484%2C252&#038;ssl=1\" alt=\"I corsi di cinema, televisione e fotografia di gennaio 2015 alla Pigrecoemme\" class=\"wp-image-1187\" srcset=\"https:\/\/i0.wp.com\/www.pigrecoemme.com\/blog\/wp-content\/uploads\/2015\/01\/corsi-cinema-fotografia-napoli-2015.jpg?w=484&amp;ssl=1 484w, https:\/\/i0.wp.com\/www.pigrecoemme.com\/blog\/wp-content\/uploads\/2015\/01\/corsi-cinema-fotografia-napoli-2015.jpg?resize=300%2C156&amp;ssl=1 300w\" sizes=\"auto, (max-width: 484px) 100vw, 484px\" \/><\/a><\/figure>\n\n\n\n<p class=\"wp-block-paragraph\">Ripartono <strong>venerd\u00ec 16 gennaio<\/strong> con la prima lezione del modulo A del <a href=\"http:\/\/www.pigrecoemme.com\/corso-fotografia\/corso-di-fotografia-2.htm\">corso di fotografia<\/a> le attivit\u00e0 didattiche della Scuola Pigrecoemme di Napoli. <strong>Luned\u00ec 26 gennaio<\/strong> sar\u00e0 poi la volta del primo appuntamento del <a href=\"http:\/\/www.pigrecoemme.com\/corsi\/corso-sceneggiatura.htm\">corso di sceneggiatura<\/a> e di quello chiamato &nbsp;&#8220;<a href=\"http:\/\/www.pigrecoemme.com\/corsi\/corso-filmmaker.php\">Filmmaker<\/a>&#8220;, ossia il corso semestrale che anche quest&#8217;anno si chiuder\u00e0 a giugno con la realizzazione da parte degli allievi di un cortometraggio finale.<\/p>\n\n\n\n<p class=\"wp-block-paragraph\">I corsi proseguono poi con il seguente calendario: <strong>marted\u00ec 27 gennaio<\/strong> cominceranno il <a href=\"http:\/\/www.pigrecoemme.com\/corsi\/corso-montaggio-premiere.htm\">corso di montaggio<\/a>&nbsp;e quello di <a href=\"http:\/\/www.pigrecoemme.com\/corsi\/corso-regia-televisiva.htm\">regia televisiva<\/a>, <strong>gioved\u00ec 29 gennaio<\/strong> quello di <a href=\"http:\/\/www.pigrecoemme.com\/corsi\/corso-regia.htm\">regia cinematografica<\/a>&nbsp;e il <strong>30 gennaio<\/strong>&nbsp;sar\u00e0 la volta di quello di <a href=\"http:\/\/www.pigrecoemme.com\/corsi\/corso-critica-cinematografica.htm\">critica cinematografica<\/a>.<\/p>\n\n\n\n<h2 id=\"pigrecoemme-a-potenza\" class=\"wp-block-heading\">Pigrecoemme a Potenza<\/h2>\n\n\n\n<figure class=\"wp-block-image aligncenter\"><a href=\"https:\/\/i0.wp.com\/www.pigrecoemme.com\/blog\/wp-content\/uploads\/2015\/01\/corsi-di-cinema-a-potenza.jpg?ssl=1\"><img data-recalc-dims=\"1\" loading=\"lazy\" decoding=\"async\" width=\"679\" height=\"960\" src=\"https:\/\/i0.wp.com\/www.pigrecoemme.com\/blog\/wp-content\/uploads\/2015\/01\/corsi-di-cinema-a-potenza.jpg?resize=679%2C960&#038;ssl=1\" alt=\"Corsi di regia e sceneggiatura a Potenza\" class=\"wp-image-1188\" srcset=\"https:\/\/i0.wp.com\/www.pigrecoemme.com\/blog\/wp-content\/uploads\/2015\/01\/corsi-di-cinema-a-potenza.jpg?w=679&amp;ssl=1 679w, https:\/\/i0.wp.com\/www.pigrecoemme.com\/blog\/wp-content\/uploads\/2015\/01\/corsi-di-cinema-a-potenza.jpg?resize=212%2C300&amp;ssl=1 212w, https:\/\/i0.wp.com\/www.pigrecoemme.com\/blog\/wp-content\/uploads\/2015\/01\/corsi-di-cinema-a-potenza.jpg?resize=300%2C424&amp;ssl=1 300w\" sizes=\"auto, (max-width: 679px) 100vw, 679px\" \/><\/a><\/figure>\n\n\n\n<p class=\"wp-block-paragraph\">L&#8217;inizio del nuovo anno presenta un&#8217;interessante novit\u00e0 per gli abitanti della <strong>Basilicata<\/strong> appassionati di cinema, desiderosi di intraprendere una prima formazione legata ai mestieri e alle arti della settima arte: dal <strong>6 <\/strong>al<strong> 28 febbraio<\/strong>, infatti, Pigrecoemme, in collaborazione con l\u2019<strong>Associazione culturale l\u2019Equipe Laboratorio,<\/strong> organizza un <a href=\"http:\/\/www.gerardocosenza.com\/corso-di-sceneggiatura\/\">corso di sceneggiatura<\/a> e uno di <a href=\"http:\/\/www.gerardocosenza.com\/corso-di-regia-cinematografica\/\">regia <\/a>a <strong>Potenza<\/strong>, presso lo studio d\u2019arte di <a href=\"http:\/\/www.gerardocosenza.com\/\"><strong>Gerardo Cosenza<\/strong><\/a>.<\/p>\n","protected":false},"excerpt":{"rendered":"<p>Ripartono venerd\u00ec 16 gennaio con la prima lezione del modulo A del corso di fotografia le attivit\u00e0 didattiche della Scuola Pigrecoemme di Napoli. Luned\u00ec 26 gennaio sar\u00e0 poi la volta del primo appuntamento del&hellip;<\/p>\n","protected":false},"author":2,"featured_media":0,"comment_status":"open","ping_status":"open","sticky":false,"template":"","format":"standard","meta":{"_jetpack_newsletter_access":"","_jetpack_dont_email_post_to_subs":false,"_jetpack_newsletter_tier_id":0,"_jetpack_memberships_contains_paywalled_content":false,"_jetpack_feature_clip_id":0,"_jetpack_memberships_contains_paid_content":false,"footnotes":"","jetpack_post_was_ever_published":false},"categories":[1,3],"tags":[22,996],"class_list":["post-1130","post","type-post","status-publish","format-standard","hentry","category-generale","category-scuola-di-cinema","tag-corsi","tag-potenza"],"yoast_head":"<!-- This site is optimized with the Yoast SEO plugin v28.3 - https:\/\/yoast.com\/product\/yoast-seo-wordpress\/ -->\n<title>Ricominciano i corsi della Pigrecoemme. Anche in Basilicata!<\/title>\n<meta name=\"description\" content=\"Il corso &quot;Filmmaker&quot;, e quelli di Regia, Montaggio, Sceneggiatura e Critica cinematografica. E a febbraio anche a Potenza!\" \/>\n<meta name=\"robots\" content=\"index, follow, max-snippet:-1, max-image-preview:large, max-video-preview:-1\" \/>\n<link rel=\"canonical\" href=\"https:\/\/www.pigrecoemme.com\/blog\/i-nuovi-corsi-gennaio-2015\/\" \/>\n<meta property=\"og:locale\" content=\"it_IT\" \/>\n<meta property=\"og:type\" content=\"article\" \/>\n<meta property=\"og:title\" content=\"Ricominciano i corsi della Pigrecoemme. Anche in Basilicata!\" \/>\n<meta property=\"og:description\" content=\"Il corso &quot;Filmmaker&quot;, e quelli di Regia, Montaggio, Sceneggiatura e Critica cinematografica. E a febbraio anche a Potenza!\" \/>\n<meta property=\"og:url\" content=\"https:\/\/www.pigrecoemme.com\/blog\/i-nuovi-corsi-gennaio-2015\/\" \/>\n<meta property=\"og:site_name\" content=\"Scuola di Cinema Pigrecoemme - Blog\" \/>\n<meta property=\"article:publisher\" content=\"https:\/\/www.facebook.com\/pigrecoemme\" \/>\n<meta property=\"article:author\" content=\"https:\/\/www.facebook.com\/corrado.morra1\" \/>\n<meta property=\"article:published_time\" content=\"2015-01-08T16:54:18+00:00\" \/>\n<meta property=\"article:modified_time\" content=\"2024-07-10T22:59:39+00:00\" \/>\n<meta property=\"og:image\" content=\"https:\/\/www.pigrecoemme.com\/blog\/wp-content\/uploads\/2015\/01\/corsi-cinema-fotografia-napoli-2015.jpg\" \/>\n\t<meta property=\"og:image:width\" content=\"484\" \/>\n\t<meta property=\"og:image:height\" content=\"252\" \/>\n\t<meta property=\"og:image:type\" content=\"image\/jpeg\" \/>\n<meta name=\"author\" content=\"Corrado Morra\" \/>\n<meta name=\"twitter:card\" content=\"summary_large_image\" \/>\n<meta name=\"twitter:creator\" content=\"@Pigrecoemme\" \/>\n<meta name=\"twitter:site\" content=\"@Pigrecoemme\" \/>\n<meta name=\"twitter:label1\" content=\"Scritto da\" \/>\n\t<meta name=\"twitter:data1\" content=\"Corrado Morra\" \/>\n\t<meta name=\"twitter:label2\" content=\"Tempo di lettura stimato\" \/>\n\t<meta name=\"twitter:data2\" content=\"2 minuti\" \/>\n<script type=\"application\/ld+json\" class=\"yoast-schema-graph\">{\"@context\":\"https:\\\/\\\/schema.org\",\"@graph\":[{\"@type\":[\"Article\",\"BlogPosting\"],\"@id\":\"https:\\\/\\\/www.pigrecoemme.com\\\/blog\\\/i-nuovi-corsi-gennaio-2015\\\/#article\",\"isPartOf\":{\"@id\":\"https:\\\/\\\/www.pigrecoemme.com\\\/blog\\\/i-nuovi-corsi-gennaio-2015\\\/\"},\"author\":{\"name\":\"Corrado Morra\",\"@id\":\"https:\\\/\\\/www.pigrecoemme.com\\\/blog\\\/#\\\/schema\\\/person\\\/702764b5ecda4c2f34e82348789f649e\"},\"headline\":\"Ricominciano i corsi della Pigrecoemme. Con una trasferta in Basilicata!\",\"datePublished\":\"2015-01-08T16:54:18+00:00\",\"dateModified\":\"2024-07-10T22:59:39+00:00\",\"mainEntityOfPage\":{\"@id\":\"https:\\\/\\\/www.pigrecoemme.com\\\/blog\\\/i-nuovi-corsi-gennaio-2015\\\/\"},\"wordCount\":182,\"commentCount\":0,\"publisher\":{\"@id\":\"https:\\\/\\\/www.pigrecoemme.com\\\/blog\\\/#organization\"},\"image\":{\"@id\":\"https:\\\/\\\/www.pigrecoemme.com\\\/blog\\\/i-nuovi-corsi-gennaio-2015\\\/#primaryimage\"},\"thumbnailUrl\":\"http:\\\/\\\/www.pigrecoemme.com\\\/blog\\\/wp-content\\\/uploads\\\/2015\\\/01\\\/corsi-cinema-fotografia-napoli-2015.jpg\",\"keywords\":[\"corsi\",\"potenza\"],\"articleSection\":[\"Generale\",\"Scuola di cinema\"],\"inLanguage\":\"it-IT\",\"potentialAction\":[{\"@type\":\"CommentAction\",\"name\":\"Comment\",\"target\":[\"https:\\\/\\\/www.pigrecoemme.com\\\/blog\\\/i-nuovi-corsi-gennaio-2015\\\/#respond\"]}]},{\"@type\":\"WebPage\",\"@id\":\"https:\\\/\\\/www.pigrecoemme.com\\\/blog\\\/i-nuovi-corsi-gennaio-2015\\\/\",\"url\":\"https:\\\/\\\/www.pigrecoemme.com\\\/blog\\\/i-nuovi-corsi-gennaio-2015\\\/\",\"name\":\"Ricominciano i corsi della Pigrecoemme. Anche in Basilicata!\",\"isPartOf\":{\"@id\":\"https:\\\/\\\/www.pigrecoemme.com\\\/blog\\\/#website\"},\"primaryImageOfPage\":{\"@id\":\"https:\\\/\\\/www.pigrecoemme.com\\\/blog\\\/i-nuovi-corsi-gennaio-2015\\\/#primaryimage\"},\"image\":{\"@id\":\"https:\\\/\\\/www.pigrecoemme.com\\\/blog\\\/i-nuovi-corsi-gennaio-2015\\\/#primaryimage\"},\"thumbnailUrl\":\"http:\\\/\\\/www.pigrecoemme.com\\\/blog\\\/wp-content\\\/uploads\\\/2015\\\/01\\\/corsi-cinema-fotografia-napoli-2015.jpg\",\"datePublished\":\"2015-01-08T16:54:18+00:00\",\"dateModified\":\"2024-07-10T22:59:39+00:00\",\"description\":\"Il corso \\\"Filmmaker\\\", e quelli di Regia, Montaggio, Sceneggiatura e Critica cinematografica. E a febbraio anche a Potenza!\",\"breadcrumb\":{\"@id\":\"https:\\\/\\\/www.pigrecoemme.com\\\/blog\\\/i-nuovi-corsi-gennaio-2015\\\/#breadcrumb\"},\"inLanguage\":\"it-IT\",\"potentialAction\":[{\"@type\":\"ReadAction\",\"target\":[\"https:\\\/\\\/www.pigrecoemme.com\\\/blog\\\/i-nuovi-corsi-gennaio-2015\\\/\"]}]},{\"@type\":\"ImageObject\",\"inLanguage\":\"it-IT\",\"@id\":\"https:\\\/\\\/www.pigrecoemme.com\\\/blog\\\/i-nuovi-corsi-gennaio-2015\\\/#primaryimage\",\"url\":\"http:\\\/\\\/www.pigrecoemme.com\\\/blog\\\/wp-content\\\/uploads\\\/2015\\\/01\\\/corsi-cinema-fotografia-napoli-2015.jpg\",\"contentUrl\":\"http:\\\/\\\/www.pigrecoemme.com\\\/blog\\\/wp-content\\\/uploads\\\/2015\\\/01\\\/corsi-cinema-fotografia-napoli-2015.jpg\"},{\"@type\":\"BreadcrumbList\",\"@id\":\"https:\\\/\\\/www.pigrecoemme.com\\\/blog\\\/i-nuovi-corsi-gennaio-2015\\\/#breadcrumb\",\"itemListElement\":[{\"@type\":\"ListItem\",\"position\":1,\"name\":\"Home\",\"item\":\"https:\\\/\\\/www.pigrecoemme.com\\\/blog\\\/\"},{\"@type\":\"ListItem\",\"position\":2,\"name\":\"Ricominciano i corsi della Pigrecoemme. Con una trasferta in Basilicata!\"}]},{\"@type\":\"WebSite\",\"@id\":\"https:\\\/\\\/www.pigrecoemme.com\\\/blog\\\/#website\",\"url\":\"https:\\\/\\\/www.pigrecoemme.com\\\/blog\\\/\",\"name\":\"Scuola di Cinema Pigrecoemme - Blog\",\"description\":\"Siamo la prima Scuola di Cinema e Fotografia di Napoli\",\"publisher\":{\"@id\":\"https:\\\/\\\/www.pigrecoemme.com\\\/blog\\\/#organization\"},\"potentialAction\":[{\"@type\":\"SearchAction\",\"target\":{\"@type\":\"EntryPoint\",\"urlTemplate\":\"https:\\\/\\\/www.pigrecoemme.com\\\/blog\\\/?s={search_term_string}\"},\"query-input\":{\"@type\":\"PropertyValueSpecification\",\"valueRequired\":true,\"valueName\":\"search_term_string\"}}],\"inLanguage\":\"it-IT\"},{\"@type\":\"Organization\",\"@id\":\"https:\\\/\\\/www.pigrecoemme.com\\\/blog\\\/#organization\",\"name\":\"Scuola di cinema e fotografia Pigrecoemme\",\"url\":\"https:\\\/\\\/www.pigrecoemme.com\\\/blog\\\/\",\"logo\":{\"@type\":\"ImageObject\",\"inLanguage\":\"it-IT\",\"@id\":\"https:\\\/\\\/www.pigrecoemme.com\\\/blog\\\/#\\\/schema\\\/logo\\\/image\\\/\",\"url\":\"https:\\\/\\\/i0.wp.com\\\/www.pigrecoemme.com\\\/blog\\\/wp-content\\\/uploads\\\/2018\\\/06\\\/logo-pigrecoemme-2018.png?fit=500%2C500&ssl=1\",\"contentUrl\":\"https:\\\/\\\/i0.wp.com\\\/www.pigrecoemme.com\\\/blog\\\/wp-content\\\/uploads\\\/2018\\\/06\\\/logo-pigrecoemme-2018.png?fit=500%2C500&ssl=1\",\"width\":500,\"height\":500,\"caption\":\"Scuola di cinema e fotografia Pigrecoemme\"},\"image\":{\"@id\":\"https:\\\/\\\/www.pigrecoemme.com\\\/blog\\\/#\\\/schema\\\/logo\\\/image\\\/\"},\"sameAs\":[\"https:\\\/\\\/www.facebook.com\\\/pigrecoemme\",\"https:\\\/\\\/x.com\\\/Pigrecoemme\",\"https:\\\/\\\/www.instagram.com\\\/pigrecoemme\\\/\",\"https:\\\/\\\/www.linkedin.com\\\/company\\\/pigrecoemme\\\/\",\"https:\\\/\\\/www.youtube.com\\\/pigrecoemme\"]},{\"@type\":\"Person\",\"@id\":\"https:\\\/\\\/www.pigrecoemme.com\\\/blog\\\/#\\\/schema\\\/person\\\/702764b5ecda4c2f34e82348789f649e\",\"name\":\"Corrado Morra\",\"image\":{\"@type\":\"ImageObject\",\"inLanguage\":\"it-IT\",\"@id\":\"https:\\\/\\\/secure.gravatar.com\\\/avatar\\\/f6ce2f6728fbdf920737112fe70682512808577befa2c9c7845c04a8449b8f03?s=96&r=g\",\"url\":\"https:\\\/\\\/secure.gravatar.com\\\/avatar\\\/f6ce2f6728fbdf920737112fe70682512808577befa2c9c7845c04a8449b8f03?s=96&r=g\",\"contentUrl\":\"https:\\\/\\\/secure.gravatar.com\\\/avatar\\\/f6ce2f6728fbdf920737112fe70682512808577befa2c9c7845c04a8449b8f03?s=96&r=g\",\"caption\":\"Corrado Morra\"},\"description\":\"Esperto di arti visive e di cinema, insegna Sceneggiatura alla Scuola di cinema Pigrecoemme di Napoli, di cui \u00e8 tra i fondatori.\",\"sameAs\":[\"http:\\\/\\\/www.pigrecoemme.com\\\/\",\"https:\\\/\\\/www.facebook.com\\\/corrado.morra1\"],\"url\":\"https:\\\/\\\/www.pigrecoemme.com\\\/blog\\\/author\\\/corrado-morra\\\/\"}]}<\/script>\n<!-- \/ Yoast SEO plugin. -->","yoast_head_json":{"title":"Ricominciano i corsi della Pigrecoemme. Anche in Basilicata!","description":"Il corso \"Filmmaker\", e quelli di Regia, Montaggio, Sceneggiatura e Critica cinematografica. E a febbraio anche a Potenza!","robots":{"index":"index","follow":"follow","max-snippet":"max-snippet:-1","max-image-preview":"max-image-preview:large","max-video-preview":"max-video-preview:-1"},"canonical":"https:\/\/www.pigrecoemme.com\/blog\/i-nuovi-corsi-gennaio-2015\/","og_locale":"it_IT","og_type":"article","og_title":"Ricominciano i corsi della Pigrecoemme. Anche in Basilicata!","og_description":"Il corso \"Filmmaker\", e quelli di Regia, Montaggio, Sceneggiatura e Critica cinematografica. E a febbraio anche a Potenza!","og_url":"https:\/\/www.pigrecoemme.com\/blog\/i-nuovi-corsi-gennaio-2015\/","og_site_name":"Scuola di Cinema Pigrecoemme - Blog","article_publisher":"https:\/\/www.facebook.com\/pigrecoemme","article_author":"https:\/\/www.facebook.com\/corrado.morra1","article_published_time":"2015-01-08T16:54:18+00:00","article_modified_time":"2024-07-10T22:59:39+00:00","og_image":[{"width":484,"height":252,"url":"https:\/\/www.pigrecoemme.com\/blog\/wp-content\/uploads\/2015\/01\/corsi-cinema-fotografia-napoli-2015.jpg","type":"image\/jpeg"}],"author":"Corrado Morra","twitter_card":"summary_large_image","twitter_creator":"@Pigrecoemme","twitter_site":"@Pigrecoemme","twitter_misc":{"Scritto da":"Corrado Morra","Tempo di lettura stimato":"2 minuti"},"schema":{"@context":"https:\/\/schema.org","@graph":[{"@type":["Article","BlogPosting"],"@id":"https:\/\/www.pigrecoemme.com\/blog\/i-nuovi-corsi-gennaio-2015\/#article","isPartOf":{"@id":"https:\/\/www.pigrecoemme.com\/blog\/i-nuovi-corsi-gennaio-2015\/"},"author":{"name":"Corrado Morra","@id":"https:\/\/www.pigrecoemme.com\/blog\/#\/schema\/person\/702764b5ecda4c2f34e82348789f649e"},"headline":"Ricominciano i corsi della Pigrecoemme. Con una trasferta in Basilicata!","datePublished":"2015-01-08T16:54:18+00:00","dateModified":"2024-07-10T22:59:39+00:00","mainEntityOfPage":{"@id":"https:\/\/www.pigrecoemme.com\/blog\/i-nuovi-corsi-gennaio-2015\/"},"wordCount":182,"commentCount":0,"publisher":{"@id":"https:\/\/www.pigrecoemme.com\/blog\/#organization"},"image":{"@id":"https:\/\/www.pigrecoemme.com\/blog\/i-nuovi-corsi-gennaio-2015\/#primaryimage"},"thumbnailUrl":"http:\/\/www.pigrecoemme.com\/blog\/wp-content\/uploads\/2015\/01\/corsi-cinema-fotografia-napoli-2015.jpg","keywords":["corsi","potenza"],"articleSection":["Generale","Scuola di cinema"],"inLanguage":"it-IT","potentialAction":[{"@type":"CommentAction","name":"Comment","target":["https:\/\/www.pigrecoemme.com\/blog\/i-nuovi-corsi-gennaio-2015\/#respond"]}]},{"@type":"WebPage","@id":"https:\/\/www.pigrecoemme.com\/blog\/i-nuovi-corsi-gennaio-2015\/","url":"https:\/\/www.pigrecoemme.com\/blog\/i-nuovi-corsi-gennaio-2015\/","name":"Ricominciano i corsi della Pigrecoemme. Anche in Basilicata!","isPartOf":{"@id":"https:\/\/www.pigrecoemme.com\/blog\/#website"},"primaryImageOfPage":{"@id":"https:\/\/www.pigrecoemme.com\/blog\/i-nuovi-corsi-gennaio-2015\/#primaryimage"},"image":{"@id":"https:\/\/www.pigrecoemme.com\/blog\/i-nuovi-corsi-gennaio-2015\/#primaryimage"},"thumbnailUrl":"http:\/\/www.pigrecoemme.com\/blog\/wp-content\/uploads\/2015\/01\/corsi-cinema-fotografia-napoli-2015.jpg","datePublished":"2015-01-08T16:54:18+00:00","dateModified":"2024-07-10T22:59:39+00:00","description":"Il corso \"Filmmaker\", e quelli di Regia, Montaggio, Sceneggiatura e Critica cinematografica. E a febbraio anche a Potenza!","breadcrumb":{"@id":"https:\/\/www.pigrecoemme.com\/blog\/i-nuovi-corsi-gennaio-2015\/#breadcrumb"},"inLanguage":"it-IT","potentialAction":[{"@type":"ReadAction","target":["https:\/\/www.pigrecoemme.com\/blog\/i-nuovi-corsi-gennaio-2015\/"]}]},{"@type":"ImageObject","inLanguage":"it-IT","@id":"https:\/\/www.pigrecoemme.com\/blog\/i-nuovi-corsi-gennaio-2015\/#primaryimage","url":"http:\/\/www.pigrecoemme.com\/blog\/wp-content\/uploads\/2015\/01\/corsi-cinema-fotografia-napoli-2015.jpg","contentUrl":"http:\/\/www.pigrecoemme.com\/blog\/wp-content\/uploads\/2015\/01\/corsi-cinema-fotografia-napoli-2015.jpg"},{"@type":"BreadcrumbList","@id":"https:\/\/www.pigrecoemme.com\/blog\/i-nuovi-corsi-gennaio-2015\/#breadcrumb","itemListElement":[{"@type":"ListItem","position":1,"name":"Home","item":"https:\/\/www.pigrecoemme.com\/blog\/"},{"@type":"ListItem","position":2,"name":"Ricominciano i corsi della Pigrecoemme. Con una trasferta in Basilicata!"}]},{"@type":"WebSite","@id":"https:\/\/www.pigrecoemme.com\/blog\/#website","url":"https:\/\/www.pigrecoemme.com\/blog\/","name":"Scuola di Cinema Pigrecoemme - Blog","description":"Siamo la prima Scuola di Cinema e Fotografia di Napoli","publisher":{"@id":"https:\/\/www.pigrecoemme.com\/blog\/#organization"},"potentialAction":[{"@type":"SearchAction","target":{"@type":"EntryPoint","urlTemplate":"https:\/\/www.pigrecoemme.com\/blog\/?s={search_term_string}"},"query-input":{"@type":"PropertyValueSpecification","valueRequired":true,"valueName":"search_term_string"}}],"inLanguage":"it-IT"},{"@type":"Organization","@id":"https:\/\/www.pigrecoemme.com\/blog\/#organization","name":"Scuola di cinema e fotografia Pigrecoemme","url":"https:\/\/www.pigrecoemme.com\/blog\/","logo":{"@type":"ImageObject","inLanguage":"it-IT","@id":"https:\/\/www.pigrecoemme.com\/blog\/#\/schema\/logo\/image\/","url":"https:\/\/i0.wp.com\/www.pigrecoemme.com\/blog\/wp-content\/uploads\/2018\/06\/logo-pigrecoemme-2018.png?fit=500%2C500&ssl=1","contentUrl":"https:\/\/i0.wp.com\/www.pigrecoemme.com\/blog\/wp-content\/uploads\/2018\/06\/logo-pigrecoemme-2018.png?fit=500%2C500&ssl=1","width":500,"height":500,"caption":"Scuola di cinema e fotografia Pigrecoemme"},"image":{"@id":"https:\/\/www.pigrecoemme.com\/blog\/#\/schema\/logo\/image\/"},"sameAs":["https:\/\/www.facebook.com\/pigrecoemme","https:\/\/x.com\/Pigrecoemme","https:\/\/www.instagram.com\/pigrecoemme\/","https:\/\/www.linkedin.com\/company\/pigrecoemme\/","https:\/\/www.youtube.com\/pigrecoemme"]},{"@type":"Person","@id":"https:\/\/www.pigrecoemme.com\/blog\/#\/schema\/person\/702764b5ecda4c2f34e82348789f649e","name":"Corrado Morra","image":{"@type":"ImageObject","inLanguage":"it-IT","@id":"https:\/\/secure.gravatar.com\/avatar\/f6ce2f6728fbdf920737112fe70682512808577befa2c9c7845c04a8449b8f03?s=96&r=g","url":"https:\/\/secure.gravatar.com\/avatar\/f6ce2f6728fbdf920737112fe70682512808577befa2c9c7845c04a8449b8f03?s=96&r=g","contentUrl":"https:\/\/secure.gravatar.com\/avatar\/f6ce2f6728fbdf920737112fe70682512808577befa2c9c7845c04a8449b8f03?s=96&r=g","caption":"Corrado Morra"},"description":"Esperto di arti visive e di cinema, insegna Sceneggiatura alla Scuola di cinema Pigrecoemme di Napoli, di cui \u00e8 tra i fondatori.","sameAs":["http:\/\/www.pigrecoemme.com\/","https:\/\/www.facebook.com\/corrado.morra1"],"url":"https:\/\/www.pigrecoemme.com\/blog\/author\/corrado-morra\/"}]}},"jetpack_sharing_enabled":true,"jetpack_likes_enabled":true,"jetpack-related-posts":[{"id":3941,"url":"https:\/\/www.pigrecoemme.com\/blog\/i-corsi-di-cinema-in-partenza-a-gennaio-2026\/","url_meta":{"origin":1130,"position":0},"title":"I corsi di cinema in partenza a gennaio 2026","author":"Pigrecoemme","date":"24 Novembre 2025","format":false,"excerpt":"Riaprono le iscrizioni alla Scuola di Cinema Pigrecoemme di Napoli Come ogni anno, da ormai 26 anni, a gennaio ripartono i corsi di cinema della storica Scuola di cinema Pigrecoemme di Napoli.Un'occasione concreta per immergersi nel linguaggio dell\u2019audiovisivo, acquisire competenze tecniche e maturare visione critica. Che tu voglia diventare regista,\u2026","rel":"","context":"In &quot;Generale&quot;","block_context":{"text":"Generale","link":"https:\/\/www.pigrecoemme.com\/blog\/generale\/"},"img":{"alt_text":"corsi di ciinema","src":"https:\/\/i0.wp.com\/www.pigrecoemme.com\/blog\/wp-content\/uploads\/2025\/11\/corsi-di-ciinema.jpg?resize=350%2C200&ssl=1","width":350,"height":200,"srcset":"https:\/\/i0.wp.com\/www.pigrecoemme.com\/blog\/wp-content\/uploads\/2025\/11\/corsi-di-ciinema.jpg?resize=350%2C200&ssl=1 1x, https:\/\/i0.wp.com\/www.pigrecoemme.com\/blog\/wp-content\/uploads\/2025\/11\/corsi-di-ciinema.jpg?resize=525%2C300&ssl=1 1.5x, https:\/\/i0.wp.com\/www.pigrecoemme.com\/blog\/wp-content\/uploads\/2025\/11\/corsi-di-ciinema.jpg?resize=700%2C400&ssl=1 2x, https:\/\/i0.wp.com\/www.pigrecoemme.com\/blog\/wp-content\/uploads\/2025\/11\/corsi-di-ciinema.jpg?resize=1050%2C600&ssl=1 3x"},"classes":[]},{"id":3430,"url":"https:\/\/www.pigrecoemme.com\/blog\/i-prossimi-corsi-di-cinema-in-partenza\/","url_meta":{"origin":1130,"position":1},"title":"I prossimi corsi di cinema in partenza a Napoli","author":"Pigrecoemme","date":"6 Novembre 2023","format":false,"excerpt":"Riaprono le iscrizioni ai corsi di cinema della Pigrecoemme, la scuola napoletana che dal 2000 forma professionisti dell'audiovisivo. Per informazioni email: corsi@pigrecoemme.com - Tel: 081.5635188 Il Corso Filmmaker (280 ore) Sono aperte le iscrizioni al corso \"Filmmaker\", un percorso studiato per chi non pu\u00f2 seguire il Corso Master, ma vuole\u2026","rel":"","context":"In &quot;Generale&quot;","block_context":{"text":"Generale","link":"https:\/\/www.pigrecoemme.com\/blog\/generale\/"},"img":{"alt_text":"","src":"https:\/\/i0.wp.com\/www.pigrecoemme.com\/blog\/wp-content\/uploads\/2023\/11\/corsi-di-cinema-napoli-2024.jpg?resize=350%2C200&ssl=1","width":350,"height":200,"srcset":"https:\/\/i0.wp.com\/www.pigrecoemme.com\/blog\/wp-content\/uploads\/2023\/11\/corsi-di-cinema-napoli-2024.jpg?resize=350%2C200&ssl=1 1x, https:\/\/i0.wp.com\/www.pigrecoemme.com\/blog\/wp-content\/uploads\/2023\/11\/corsi-di-cinema-napoli-2024.jpg?resize=525%2C300&ssl=1 1.5x, https:\/\/i0.wp.com\/www.pigrecoemme.com\/blog\/wp-content\/uploads\/2023\/11\/corsi-di-cinema-napoli-2024.jpg?resize=700%2C400&ssl=1 2x, https:\/\/i0.wp.com\/www.pigrecoemme.com\/blog\/wp-content\/uploads\/2023\/11\/corsi-di-cinema-napoli-2024.jpg?resize=1050%2C600&ssl=1 3x"},"classes":[]},{"id":3242,"url":"https:\/\/www.pigrecoemme.com\/blog\/riaprono-le-iscrizioni-ai-corsi-di-cinema-e-fotografia-2\/","url_meta":{"origin":1130,"position":2},"title":"Riaprono le iscrizioni ai corsi di cinema e fotografia.","author":"Pigrecoemme","date":"23 Novembre 2022","format":false,"excerpt":"Volete seguire un corso di cinema breve, uno pi\u00f9 lungo e articolato che vi renda in grado di lavorare nel settore, un seminario online di analisi del film o un corso di fotografia in grado di portarvi da zero ad un livello di competenza spendibile in ambito professionale? Li avete\u2026","rel":"","context":"In &quot;Generale&quot;","block_context":{"text":"Generale","link":"https:\/\/www.pigrecoemme.com\/blog\/generale\/"},"img":{"alt_text":"scuola di cinema a napoli","src":"https:\/\/i0.wp.com\/www.pigrecoemme.com\/blog\/wp-content\/uploads\/2022\/11\/scuola-di-cinema-napoli-pigrecoemme.jpg?resize=350%2C200&ssl=1","width":350,"height":200,"srcset":"https:\/\/i0.wp.com\/www.pigrecoemme.com\/blog\/wp-content\/uploads\/2022\/11\/scuola-di-cinema-napoli-pigrecoemme.jpg?resize=350%2C200&ssl=1 1x, https:\/\/i0.wp.com\/www.pigrecoemme.com\/blog\/wp-content\/uploads\/2022\/11\/scuola-di-cinema-napoli-pigrecoemme.jpg?resize=525%2C300&ssl=1 1.5x, https:\/\/i0.wp.com\/www.pigrecoemme.com\/blog\/wp-content\/uploads\/2022\/11\/scuola-di-cinema-napoli-pigrecoemme.jpg?resize=700%2C400&ssl=1 2x, https:\/\/i0.wp.com\/www.pigrecoemme.com\/blog\/wp-content\/uploads\/2022\/11\/scuola-di-cinema-napoli-pigrecoemme.jpg?resize=1050%2C600&ssl=1 3x"},"classes":[]},{"id":191,"url":"https:\/\/www.pigrecoemme.com\/blog\/fra-i-corsi-del-2010-due-importanti-novita-fotogiornalismo-e-scrittura-per-la-televisione\/","url_meta":{"origin":1130,"position":3},"title":"Fra i corsi del 2010 due importanti novit\u00e0: fotogiornalismo e scrittura per la televisione","author":"Giacomo Fabbrocino","date":"5 Gennaio 2010","format":false,"excerpt":"Ripartono l'11 gennaio le attivit\u00e0 didattiche della Scuola di cinema e televisione Pigrecoemme. Che, ai consueti corsi di cinema e di fotografia, affianca due importanti novit\u00e0: un corso dedicato alla scrittura televisiva e, in collaborazione con l'agenzia fotogiornalistica Graffiti di Roma, uno di fotogiornalismo. CORSI SEMESTRALI E BIMESTRALI SUL CINEMA\u2026","rel":"","context":"In &quot;Scuola di cinema&quot;","block_context":{"text":"Scuola di cinema","link":"https:\/\/www.pigrecoemme.com\/blog\/scuola-di-cinema\/"},"img":{"alt_text":"","src":"https:\/\/i0.wp.com\/www.pigrecoemme.com\/blog\/wp-content\/uploads\/2011\/12\/corso-scrittura-tv-2012.jpg?resize=350%2C200&ssl=1","width":350,"height":200,"srcset":"https:\/\/i0.wp.com\/www.pigrecoemme.com\/blog\/wp-content\/uploads\/2011\/12\/corso-scrittura-tv-2012.jpg?resize=350%2C200&ssl=1 1x, https:\/\/i0.wp.com\/www.pigrecoemme.com\/blog\/wp-content\/uploads\/2011\/12\/corso-scrittura-tv-2012.jpg?resize=525%2C300&ssl=1 1.5x"},"classes":[]},{"id":3478,"url":"https:\/\/www.pigrecoemme.com\/blog\/a-natale-2023-regala-un-corso-di-cinema\/","url_meta":{"origin":1130,"position":4},"title":"A Natale 2023 regala un corso di cinema!","author":"Pigrecoemme","date":"2 Dicembre 2023","format":false,"excerpt":"Non sai cosa regalare per Natale? Hai pensato a un corso di cinema? Ne abbiamo per tutti i gusti. A gennaio partono i corsi di regia, montaggio, sceneggiatura, sceneggiatura II, tecniche di ripresa e analisi e critica del film (l'unico online) e c'\u00e8 persino un \"pacchetto completo\", ossia il corso\u2026","rel":"","context":"In &quot;Generale&quot;","block_context":{"text":"Generale","link":"https:\/\/www.pigrecoemme.com\/blog\/generale\/"},"img":{"alt_text":"","src":"https:\/\/i0.wp.com\/www.pigrecoemme.com\/blog\/wp-content\/uploads\/2023\/12\/a-natale-regala-un-corso-di-cinema.jpg?resize=350%2C200&ssl=1","width":350,"height":200,"srcset":"https:\/\/i0.wp.com\/www.pigrecoemme.com\/blog\/wp-content\/uploads\/2023\/12\/a-natale-regala-un-corso-di-cinema.jpg?resize=350%2C200&ssl=1 1x, https:\/\/i0.wp.com\/www.pigrecoemme.com\/blog\/wp-content\/uploads\/2023\/12\/a-natale-regala-un-corso-di-cinema.jpg?resize=525%2C300&ssl=1 1.5x, https:\/\/i0.wp.com\/www.pigrecoemme.com\/blog\/wp-content\/uploads\/2023\/12\/a-natale-regala-un-corso-di-cinema.jpg?resize=700%2C400&ssl=1 2x, https:\/\/i0.wp.com\/www.pigrecoemme.com\/blog\/wp-content\/uploads\/2023\/12\/a-natale-regala-un-corso-di-cinema.jpg?resize=1050%2C600&ssl=1 3x, https:\/\/i0.wp.com\/www.pigrecoemme.com\/blog\/wp-content\/uploads\/2023\/12\/a-natale-regala-un-corso-di-cinema.jpg?resize=1400%2C800&ssl=1 4x"},"classes":[]},{"id":444,"url":"https:\/\/www.pigrecoemme.com\/blog\/il-2012-di-pigrecoemme-sfida-i-maya\/","url_meta":{"origin":1130,"position":5},"title":"Il 2012 di Pigrecoemme sfida i Maya","author":"Rosario Gallone","date":"20 Dicembre 2011","format":false,"excerpt":"A bottega (bottega Pigrecoemme, si intende) ci piace pensare che il nostro futuro sia ancora lungo e pieno di soddisfazioni. Checch\u00e9 ne pensino i Maya. Ed allora diamo subito il via alla nuova stagione 2012 di corsi a partire dal 16 gennaio 2012 con il nuovo Corso base di Fotografia.\u2026","rel":"","context":"In &quot;Generale&quot;","block_context":{"text":"Generale","link":"https:\/\/www.pigrecoemme.com\/blog\/generale\/"},"img":{"alt_text":"","src":"https:\/\/i0.wp.com\/www.pigrecoemme.com\/blog\/wp-content\/uploads\/2011\/12\/scuola-di-cinema-400x100-300x75.png?resize=350%2C200","width":350,"height":200},"classes":[]}],"jetpack_featured_media_url":"","_links":{"self":[{"href":"https:\/\/www.pigrecoemme.com\/blog\/wp-json\/wp\/v2\/posts\/1130","targetHints":{"allow":["GET"]}}],"collection":[{"href":"https:\/\/www.pigrecoemme.com\/blog\/wp-json\/wp\/v2\/posts"}],"about":[{"href":"https:\/\/www.pigrecoemme.com\/blog\/wp-json\/wp\/v2\/types\/post"}],"author":[{"embeddable":true,"href":"https:\/\/www.pigrecoemme.com\/blog\/wp-json\/wp\/v2\/users\/2"}],"replies":[{"embeddable":true,"href":"https:\/\/www.pigrecoemme.com\/blog\/wp-json\/wp\/v2\/comments?post=1130"}],"version-history":[{"count":1,"href":"https:\/\/www.pigrecoemme.com\/blog\/wp-json\/wp\/v2\/posts\/1130\/revisions"}],"predecessor-version":[{"id":3608,"href":"https:\/\/www.pigrecoemme.com\/blog\/wp-json\/wp\/v2\/posts\/1130\/revisions\/3608"}],"wp:attachment":[{"href":"https:\/\/www.pigrecoemme.com\/blog\/wp-json\/wp\/v2\/media?parent=1130"}],"wp:term":[{"taxonomy":"category","embeddable":true,"href":"https:\/\/www.pigrecoemme.com\/blog\/wp-json\/wp\/v2\/categories?post=1130"},{"taxonomy":"post_tag","embeddable":true,"href":"https:\/\/www.pigrecoemme.com\/blog\/wp-json\/wp\/v2\/tags?post=1130"}],"curies":[{"name":"wp","href":"https:\/\/api.w.org\/{rel}","templated":true}]}}