{"id":113,"date":"2009-01-02T18:23:50","date_gmt":"2009-01-02T16:23:50","guid":{"rendered":"http:\/\/www.pigrecoemme.com\/blog\/?p=113"},"modified":"2009-01-02T19:15:47","modified_gmt":"2009-01-02T17:15:47","slug":"conoscere-e-vivere-la-fotografia-in-italia-incontro-aperto-a-tutti-sulla-fotografia","status":"publish","type":"post","link":"https:\/\/www.pigrecoemme.com\/blog\/conoscere-e-vivere-la-fotografia-in-italia-incontro-aperto-a-tutti-sulla-fotografia\/","title":{"rendered":"Conoscere e vivere la fotografia in Italia &#8211; incontro aperto a tutti sulla fotografia"},"content":{"rendered":"<p><a href=\"https:\/\/i0.wp.com\/www.pigrecoemme.com\/blog\/wp-content\/uploads\/2009\/01\/seminario-fotografia-napoli.jpg?ssl=1\"><img data-recalc-dims=\"1\" loading=\"lazy\" decoding=\"async\" class=\"alignleft size-medium wp-image-114\" title=\"seminario-fotografia-napoli\" src=\"https:\/\/i0.wp.com\/www.pigrecoemme.com\/blog\/wp-content\/uploads\/2009\/01\/seminario-fotografia-napoli.jpg?resize=300%2C224&#038;ssl=1\" alt=\"\" width=\"300\" height=\"224\" srcset=\"https:\/\/i0.wp.com\/www.pigrecoemme.com\/blog\/wp-content\/uploads\/2009\/01\/seminario-fotografia-napoli.jpg?resize=300%2C224&amp;ssl=1 300w, https:\/\/i0.wp.com\/www.pigrecoemme.com\/blog\/wp-content\/uploads\/2009\/01\/seminario-fotografia-napoli.jpg?w=700&amp;ssl=1 700w\" sizes=\"auto, (max-width: 300px) 100vw, 300px\" \/><\/a>Gioved\u00ec 8 gennaio 2008 alle ore 16.00 La Scuola di Cinema Pigrecoemme ospiter\u00e0 un incontro ad accesso libero dedicato all&#8217;orientamento dell&#8217;appassionato di fotografia.<br \/>\nIl fotoamatore ha sempre grande difficolt\u00e0 nell\u2019individuare quale percorso seguire per far evolvere la sua passione. L\u2019interesse per la fotografia pu\u00f2 rivelarsi in molteplici forme: dalla curiosit\u00e0 per le attrezzature moderne e d\u2019epoca, alle tecniche di stampa, ai segreti della ripresa, alla conoscenza della storia, ai workshop con i maestri, alle possibilit\u00e0 occupazionali, ai concorsi fotografici ed ai rapporti con l\u2019arte.<br \/>\nGioved\u00ec 8 gennaio 2009, dalle ore 16.00, Luca Sorbo, conduttore del corso di fotografia analogica e digitale di Pigrecoemme, prover\u00e0 a fare una panoramica sulle iniziative legate alle fotografia che si svolgono in Italia: dai molti festival ai mercatini dell\u2019antiquariato, dalle scuole alle riviste in commercio, dai siti internet alle associazioni professionali, dalle gallerie d\u2019arte ai musei.<br \/>\nUn incontro utile per consentire a ciascuno di selezionare gli eventi pi\u00f9 rispondenti ai propri interessi e vivere la fotografia con passione e consapevolezza senza disperdere energie, tempo e denaro.<\/p>\n<p>Gioved\u00ec 8 gennaio 2009<br \/>\npresso \u201cScuola di cinema Pigrecoemme\u201d<br \/>\nPiazza Portanova, 11. Napoli.<\/p>\n<p>http:\/\/www.pigrecoemme.com<br \/>\n0815635188<br \/>\ninfo@pigrecoemme.com<\/p>\n","protected":false},"excerpt":{"rendered":"<p>Gioved\u00ec 8 gennaio 2008 alle ore 16.00 La Scuola di Cinema Pigrecoemme ospiter\u00e0 un incontro ad accesso libero dedicato all&#8217;orientamento dell&#8217;appassionato di fotografia. Il fotoamatore ha sempre grande difficolt\u00e0 nell\u2019individuare quale percorso seguire per&hellip;<\/p>\n","protected":false},"author":1,"featured_media":0,"comment_status":"open","ping_status":"open","sticky":false,"template":"","format":"standard","meta":{"_jetpack_newsletter_access":"","_jetpack_dont_email_post_to_subs":false,"_jetpack_newsletter_tier_id":0,"_jetpack_memberships_contains_paywalled_content":false,"_jetpack_feature_clip_id":0,"_jetpack_memberships_contains_paid_content":false,"footnotes":"","jetpack_post_was_ever_published":false},"categories":[11,1,3],"tags":[20,1283,68,69,77,275,274],"class_list":["post-113","post","type-post","status-publish","format-standard","hentry","category-eventi","category-generale","category-scuola-di-cinema","tag-corso-di-fotografia","tag-fotografia","tag-fotografia-digitale","tag-luca-sorbo","tag-napoli","tag-scuola-di-fotografia","tag-seminario-di-fotografia"],"yoast_head":"<!-- This site is optimized with the Yoast SEO plugin v28.3 - https:\/\/yoast.com\/product\/yoast-seo-wordpress\/ -->\n<title>Conoscere e vivere la fotografia in Italia - incontro aperto a tutti sulla fotografia<\/title>\n<meta name=\"robots\" content=\"index, follow, max-snippet:-1, max-image-preview:large, max-video-preview:-1\" \/>\n<link rel=\"canonical\" href=\"https:\/\/www.pigrecoemme.com\/blog\/conoscere-e-vivere-la-fotografia-in-italia-incontro-aperto-a-tutti-sulla-fotografia\/\" \/>\n<meta property=\"og:locale\" content=\"it_IT\" \/>\n<meta property=\"og:type\" content=\"article\" \/>\n<meta property=\"og:title\" content=\"Conoscere e vivere la fotografia in Italia - incontro aperto a tutti sulla fotografia\" \/>\n<meta property=\"og:description\" content=\"Gioved\u00ec 8 gennaio 2008 alle ore 16.00 La Scuola di Cinema Pigrecoemme ospiter\u00e0 un incontro ad accesso libero dedicato all&#8217;orientamento dell&#8217;appassionato di fotografia. Il fotoamatore ha sempre grande difficolt\u00e0 nell\u2019individuare quale percorso seguire per&hellip;\" \/>\n<meta property=\"og:url\" content=\"https:\/\/www.pigrecoemme.com\/blog\/conoscere-e-vivere-la-fotografia-in-italia-incontro-aperto-a-tutti-sulla-fotografia\/\" \/>\n<meta property=\"og:site_name\" content=\"Scuola di Cinema Pigrecoemme - Blog\" \/>\n<meta property=\"article:publisher\" content=\"https:\/\/www.facebook.com\/pigrecoemme\" \/>\n<meta property=\"article:author\" content=\"https:\/\/www.facebook.com\/giacomo.fabbrocino\" \/>\n<meta property=\"article:published_time\" content=\"2009-01-02T16:23:50+00:00\" \/>\n<meta property=\"article:modified_time\" content=\"2009-01-02T17:15:47+00:00\" \/>\n<meta property=\"og:image\" content=\"http:\/\/www.pigrecoemme.com\/blog\/wp-content\/uploads\/2009\/01\/seminario-fotografia-napoli-300x224.jpg\" \/>\n<meta name=\"author\" content=\"Giacomo Fabbrocino\" \/>\n<meta name=\"twitter:card\" content=\"summary_large_image\" \/>\n<meta name=\"twitter:creator\" content=\"@Pigrecoemme\" \/>\n<meta name=\"twitter:site\" content=\"@Pigrecoemme\" \/>\n<meta name=\"twitter:label1\" content=\"Scritto da\" \/>\n\t<meta name=\"twitter:data1\" content=\"Giacomo Fabbrocino\" \/>\n\t<meta name=\"twitter:label2\" content=\"Tempo di lettura stimato\" \/>\n\t<meta name=\"twitter:data2\" content=\"1 minuto\" \/>\n<script type=\"application\/ld+json\" class=\"yoast-schema-graph\">{\"@context\":\"https:\\\/\\\/schema.org\",\"@graph\":[{\"@type\":[\"Article\",\"BlogPosting\"],\"@id\":\"https:\\\/\\\/www.pigrecoemme.com\\\/blog\\\/conoscere-e-vivere-la-fotografia-in-italia-incontro-aperto-a-tutti-sulla-fotografia\\\/#article\",\"isPartOf\":{\"@id\":\"https:\\\/\\\/www.pigrecoemme.com\\\/blog\\\/conoscere-e-vivere-la-fotografia-in-italia-incontro-aperto-a-tutti-sulla-fotografia\\\/\"},\"author\":{\"name\":\"Giacomo Fabbrocino\",\"@id\":\"https:\\\/\\\/www.pigrecoemme.com\\\/blog\\\/#\\\/schema\\\/person\\\/57fa822c3d209d3a2612fd0411ae63f4\"},\"headline\":\"Conoscere e vivere la fotografia in Italia &#8211; incontro aperto a tutti sulla fotografia\",\"datePublished\":\"2009-01-02T16:23:50+00:00\",\"dateModified\":\"2009-01-02T17:15:47+00:00\",\"mainEntityOfPage\":{\"@id\":\"https:\\\/\\\/www.pigrecoemme.com\\\/blog\\\/conoscere-e-vivere-la-fotografia-in-italia-incontro-aperto-a-tutti-sulla-fotografia\\\/\"},\"wordCount\":204,\"commentCount\":0,\"publisher\":{\"@id\":\"https:\\\/\\\/www.pigrecoemme.com\\\/blog\\\/#organization\"},\"image\":{\"@id\":\"https:\\\/\\\/www.pigrecoemme.com\\\/blog\\\/conoscere-e-vivere-la-fotografia-in-italia-incontro-aperto-a-tutti-sulla-fotografia\\\/#primaryimage\"},\"thumbnailUrl\":\"http:\\\/\\\/www.pigrecoemme.com\\\/blog\\\/wp-content\\\/uploads\\\/2009\\\/01\\\/seminario-fotografia-napoli-300x224.jpg\",\"keywords\":[\"\\\"corso di fotografia\\\"\",\"fotografia\",\"fotografia digitale\",\"luca sorbo\",\"napoli\",\"scuola di fotografia\",\"seminario di fotografia\"],\"articleSection\":[\"Eventi\",\"Generale\",\"Scuola di cinema\"],\"inLanguage\":\"it-IT\",\"potentialAction\":[{\"@type\":\"CommentAction\",\"name\":\"Comment\",\"target\":[\"https:\\\/\\\/www.pigrecoemme.com\\\/blog\\\/conoscere-e-vivere-la-fotografia-in-italia-incontro-aperto-a-tutti-sulla-fotografia\\\/#respond\"]}]},{\"@type\":\"WebPage\",\"@id\":\"https:\\\/\\\/www.pigrecoemme.com\\\/blog\\\/conoscere-e-vivere-la-fotografia-in-italia-incontro-aperto-a-tutti-sulla-fotografia\\\/\",\"url\":\"https:\\\/\\\/www.pigrecoemme.com\\\/blog\\\/conoscere-e-vivere-la-fotografia-in-italia-incontro-aperto-a-tutti-sulla-fotografia\\\/\",\"name\":\"Conoscere e vivere la fotografia in Italia - incontro aperto a tutti sulla fotografia\",\"isPartOf\":{\"@id\":\"https:\\\/\\\/www.pigrecoemme.com\\\/blog\\\/#website\"},\"primaryImageOfPage\":{\"@id\":\"https:\\\/\\\/www.pigrecoemme.com\\\/blog\\\/conoscere-e-vivere-la-fotografia-in-italia-incontro-aperto-a-tutti-sulla-fotografia\\\/#primaryimage\"},\"image\":{\"@id\":\"https:\\\/\\\/www.pigrecoemme.com\\\/blog\\\/conoscere-e-vivere-la-fotografia-in-italia-incontro-aperto-a-tutti-sulla-fotografia\\\/#primaryimage\"},\"thumbnailUrl\":\"http:\\\/\\\/www.pigrecoemme.com\\\/blog\\\/wp-content\\\/uploads\\\/2009\\\/01\\\/seminario-fotografia-napoli-300x224.jpg\",\"datePublished\":\"2009-01-02T16:23:50+00:00\",\"dateModified\":\"2009-01-02T17:15:47+00:00\",\"breadcrumb\":{\"@id\":\"https:\\\/\\\/www.pigrecoemme.com\\\/blog\\\/conoscere-e-vivere-la-fotografia-in-italia-incontro-aperto-a-tutti-sulla-fotografia\\\/#breadcrumb\"},\"inLanguage\":\"it-IT\",\"potentialAction\":[{\"@type\":\"ReadAction\",\"target\":[\"https:\\\/\\\/www.pigrecoemme.com\\\/blog\\\/conoscere-e-vivere-la-fotografia-in-italia-incontro-aperto-a-tutti-sulla-fotografia\\\/\"]}]},{\"@type\":\"ImageObject\",\"inLanguage\":\"it-IT\",\"@id\":\"https:\\\/\\\/www.pigrecoemme.com\\\/blog\\\/conoscere-e-vivere-la-fotografia-in-italia-incontro-aperto-a-tutti-sulla-fotografia\\\/#primaryimage\",\"url\":\"http:\\\/\\\/www.pigrecoemme.com\\\/blog\\\/wp-content\\\/uploads\\\/2009\\\/01\\\/seminario-fotografia-napoli-300x224.jpg\",\"contentUrl\":\"http:\\\/\\\/www.pigrecoemme.com\\\/blog\\\/wp-content\\\/uploads\\\/2009\\\/01\\\/seminario-fotografia-napoli-300x224.jpg\"},{\"@type\":\"BreadcrumbList\",\"@id\":\"https:\\\/\\\/www.pigrecoemme.com\\\/blog\\\/conoscere-e-vivere-la-fotografia-in-italia-incontro-aperto-a-tutti-sulla-fotografia\\\/#breadcrumb\",\"itemListElement\":[{\"@type\":\"ListItem\",\"position\":1,\"name\":\"Home\",\"item\":\"https:\\\/\\\/www.pigrecoemme.com\\\/blog\\\/\"},{\"@type\":\"ListItem\",\"position\":2,\"name\":\"Conoscere e vivere la fotografia in Italia &#8211; incontro aperto a tutti sulla fotografia\"}]},{\"@type\":\"WebSite\",\"@id\":\"https:\\\/\\\/www.pigrecoemme.com\\\/blog\\\/#website\",\"url\":\"https:\\\/\\\/www.pigrecoemme.com\\\/blog\\\/\",\"name\":\"Scuola di Cinema Pigrecoemme - Blog\",\"description\":\"Siamo la prima Scuola di Cinema e Fotografia di Napoli\",\"publisher\":{\"@id\":\"https:\\\/\\\/www.pigrecoemme.com\\\/blog\\\/#organization\"},\"potentialAction\":[{\"@type\":\"SearchAction\",\"target\":{\"@type\":\"EntryPoint\",\"urlTemplate\":\"https:\\\/\\\/www.pigrecoemme.com\\\/blog\\\/?s={search_term_string}\"},\"query-input\":{\"@type\":\"PropertyValueSpecification\",\"valueRequired\":true,\"valueName\":\"search_term_string\"}}],\"inLanguage\":\"it-IT\"},{\"@type\":\"Organization\",\"@id\":\"https:\\\/\\\/www.pigrecoemme.com\\\/blog\\\/#organization\",\"name\":\"Scuola di cinema e fotografia Pigrecoemme\",\"url\":\"https:\\\/\\\/www.pigrecoemme.com\\\/blog\\\/\",\"logo\":{\"@type\":\"ImageObject\",\"inLanguage\":\"it-IT\",\"@id\":\"https:\\\/\\\/www.pigrecoemme.com\\\/blog\\\/#\\\/schema\\\/logo\\\/image\\\/\",\"url\":\"https:\\\/\\\/i0.wp.com\\\/www.pigrecoemme.com\\\/blog\\\/wp-content\\\/uploads\\\/2018\\\/06\\\/logo-pigrecoemme-2018.png?fit=500%2C500&ssl=1\",\"contentUrl\":\"https:\\\/\\\/i0.wp.com\\\/www.pigrecoemme.com\\\/blog\\\/wp-content\\\/uploads\\\/2018\\\/06\\\/logo-pigrecoemme-2018.png?fit=500%2C500&ssl=1\",\"width\":500,\"height\":500,\"caption\":\"Scuola di cinema e fotografia Pigrecoemme\"},\"image\":{\"@id\":\"https:\\\/\\\/www.pigrecoemme.com\\\/blog\\\/#\\\/schema\\\/logo\\\/image\\\/\"},\"sameAs\":[\"https:\\\/\\\/www.facebook.com\\\/pigrecoemme\",\"https:\\\/\\\/x.com\\\/Pigrecoemme\",\"https:\\\/\\\/www.instagram.com\\\/pigrecoemme\\\/\",\"https:\\\/\\\/www.linkedin.com\\\/company\\\/pigrecoemme\\\/\",\"https:\\\/\\\/www.youtube.com\\\/pigrecoemme\"]},{\"@type\":\"Person\",\"@id\":\"https:\\\/\\\/www.pigrecoemme.com\\\/blog\\\/#\\\/schema\\\/person\\\/57fa822c3d209d3a2612fd0411ae63f4\",\"name\":\"Giacomo Fabbrocino\",\"image\":{\"@type\":\"ImageObject\",\"inLanguage\":\"it-IT\",\"@id\":\"https:\\\/\\\/secure.gravatar.com\\\/avatar\\\/0e4dfd4d05c06a03fffaffeb36fb181415ba11b91a6b566fa2e8ada75927db32?s=96&r=g\",\"url\":\"https:\\\/\\\/secure.gravatar.com\\\/avatar\\\/0e4dfd4d05c06a03fffaffeb36fb181415ba11b91a6b566fa2e8ada75927db32?s=96&r=g\",\"contentUrl\":\"https:\\\/\\\/secure.gravatar.com\\\/avatar\\\/0e4dfd4d05c06a03fffaffeb36fb181415ba11b91a6b566fa2e8ada75927db32?s=96&r=g\",\"caption\":\"Giacomo Fabbrocino\"},\"description\":\"Montatore cinematografico, autore di documentari sull'arte e di video d'artista, Giacomo \u00e8 responsabile della didattica e della comunicazione web della Scuola di Cinema, Fotografia e Televisione Pigrecoemme di Napoli.\",\"sameAs\":[\"http:\\\/\\\/www.pigrecoemme.com\\\/\",\"https:\\\/\\\/www.facebook.com\\\/giacomo.fabbrocino\"],\"url\":\"https:\\\/\\\/www.pigrecoemme.com\\\/blog\\\/author\\\/giacomo-fabbrocino\\\/\"}]}<\/script>\n<!-- \/ Yoast SEO plugin. -->","yoast_head_json":{"title":"Conoscere e vivere la fotografia in Italia - incontro aperto a tutti sulla fotografia","robots":{"index":"index","follow":"follow","max-snippet":"max-snippet:-1","max-image-preview":"max-image-preview:large","max-video-preview":"max-video-preview:-1"},"canonical":"https:\/\/www.pigrecoemme.com\/blog\/conoscere-e-vivere-la-fotografia-in-italia-incontro-aperto-a-tutti-sulla-fotografia\/","og_locale":"it_IT","og_type":"article","og_title":"Conoscere e vivere la fotografia in Italia - incontro aperto a tutti sulla fotografia","og_description":"Gioved\u00ec 8 gennaio 2008 alle ore 16.00 La Scuola di Cinema Pigrecoemme ospiter\u00e0 un incontro ad accesso libero dedicato all&#8217;orientamento dell&#8217;appassionato di fotografia. Il fotoamatore ha sempre grande difficolt\u00e0 nell\u2019individuare quale percorso seguire per&hellip;","og_url":"https:\/\/www.pigrecoemme.com\/blog\/conoscere-e-vivere-la-fotografia-in-italia-incontro-aperto-a-tutti-sulla-fotografia\/","og_site_name":"Scuola di Cinema Pigrecoemme - Blog","article_publisher":"https:\/\/www.facebook.com\/pigrecoemme","article_author":"https:\/\/www.facebook.com\/giacomo.fabbrocino","article_published_time":"2009-01-02T16:23:50+00:00","article_modified_time":"2009-01-02T17:15:47+00:00","og_image":[{"url":"http:\/\/www.pigrecoemme.com\/blog\/wp-content\/uploads\/2009\/01\/seminario-fotografia-napoli-300x224.jpg","type":"","width":"","height":""}],"author":"Giacomo Fabbrocino","twitter_card":"summary_large_image","twitter_creator":"@Pigrecoemme","twitter_site":"@Pigrecoemme","twitter_misc":{"Scritto da":"Giacomo Fabbrocino","Tempo di lettura stimato":"1 minuto"},"schema":{"@context":"https:\/\/schema.org","@graph":[{"@type":["Article","BlogPosting"],"@id":"https:\/\/www.pigrecoemme.com\/blog\/conoscere-e-vivere-la-fotografia-in-italia-incontro-aperto-a-tutti-sulla-fotografia\/#article","isPartOf":{"@id":"https:\/\/www.pigrecoemme.com\/blog\/conoscere-e-vivere-la-fotografia-in-italia-incontro-aperto-a-tutti-sulla-fotografia\/"},"author":{"name":"Giacomo Fabbrocino","@id":"https:\/\/www.pigrecoemme.com\/blog\/#\/schema\/person\/57fa822c3d209d3a2612fd0411ae63f4"},"headline":"Conoscere e vivere la fotografia in Italia &#8211; incontro aperto a tutti sulla fotografia","datePublished":"2009-01-02T16:23:50+00:00","dateModified":"2009-01-02T17:15:47+00:00","mainEntityOfPage":{"@id":"https:\/\/www.pigrecoemme.com\/blog\/conoscere-e-vivere-la-fotografia-in-italia-incontro-aperto-a-tutti-sulla-fotografia\/"},"wordCount":204,"commentCount":0,"publisher":{"@id":"https:\/\/www.pigrecoemme.com\/blog\/#organization"},"image":{"@id":"https:\/\/www.pigrecoemme.com\/blog\/conoscere-e-vivere-la-fotografia-in-italia-incontro-aperto-a-tutti-sulla-fotografia\/#primaryimage"},"thumbnailUrl":"http:\/\/www.pigrecoemme.com\/blog\/wp-content\/uploads\/2009\/01\/seminario-fotografia-napoli-300x224.jpg","keywords":["\"corso di fotografia\"","fotografia","fotografia digitale","luca sorbo","napoli","scuola di fotografia","seminario di fotografia"],"articleSection":["Eventi","Generale","Scuola di cinema"],"inLanguage":"it-IT","potentialAction":[{"@type":"CommentAction","name":"Comment","target":["https:\/\/www.pigrecoemme.com\/blog\/conoscere-e-vivere-la-fotografia-in-italia-incontro-aperto-a-tutti-sulla-fotografia\/#respond"]}]},{"@type":"WebPage","@id":"https:\/\/www.pigrecoemme.com\/blog\/conoscere-e-vivere-la-fotografia-in-italia-incontro-aperto-a-tutti-sulla-fotografia\/","url":"https:\/\/www.pigrecoemme.com\/blog\/conoscere-e-vivere-la-fotografia-in-italia-incontro-aperto-a-tutti-sulla-fotografia\/","name":"Conoscere e vivere la fotografia in Italia - incontro aperto a tutti sulla fotografia","isPartOf":{"@id":"https:\/\/www.pigrecoemme.com\/blog\/#website"},"primaryImageOfPage":{"@id":"https:\/\/www.pigrecoemme.com\/blog\/conoscere-e-vivere-la-fotografia-in-italia-incontro-aperto-a-tutti-sulla-fotografia\/#primaryimage"},"image":{"@id":"https:\/\/www.pigrecoemme.com\/blog\/conoscere-e-vivere-la-fotografia-in-italia-incontro-aperto-a-tutti-sulla-fotografia\/#primaryimage"},"thumbnailUrl":"http:\/\/www.pigrecoemme.com\/blog\/wp-content\/uploads\/2009\/01\/seminario-fotografia-napoli-300x224.jpg","datePublished":"2009-01-02T16:23:50+00:00","dateModified":"2009-01-02T17:15:47+00:00","breadcrumb":{"@id":"https:\/\/www.pigrecoemme.com\/blog\/conoscere-e-vivere-la-fotografia-in-italia-incontro-aperto-a-tutti-sulla-fotografia\/#breadcrumb"},"inLanguage":"it-IT","potentialAction":[{"@type":"ReadAction","target":["https:\/\/www.pigrecoemme.com\/blog\/conoscere-e-vivere-la-fotografia-in-italia-incontro-aperto-a-tutti-sulla-fotografia\/"]}]},{"@type":"ImageObject","inLanguage":"it-IT","@id":"https:\/\/www.pigrecoemme.com\/blog\/conoscere-e-vivere-la-fotografia-in-italia-incontro-aperto-a-tutti-sulla-fotografia\/#primaryimage","url":"http:\/\/www.pigrecoemme.com\/blog\/wp-content\/uploads\/2009\/01\/seminario-fotografia-napoli-300x224.jpg","contentUrl":"http:\/\/www.pigrecoemme.com\/blog\/wp-content\/uploads\/2009\/01\/seminario-fotografia-napoli-300x224.jpg"},{"@type":"BreadcrumbList","@id":"https:\/\/www.pigrecoemme.com\/blog\/conoscere-e-vivere-la-fotografia-in-italia-incontro-aperto-a-tutti-sulla-fotografia\/#breadcrumb","itemListElement":[{"@type":"ListItem","position":1,"name":"Home","item":"https:\/\/www.pigrecoemme.com\/blog\/"},{"@type":"ListItem","position":2,"name":"Conoscere e vivere la fotografia in Italia &#8211; incontro aperto a tutti sulla fotografia"}]},{"@type":"WebSite","@id":"https:\/\/www.pigrecoemme.com\/blog\/#website","url":"https:\/\/www.pigrecoemme.com\/blog\/","name":"Scuola di Cinema Pigrecoemme - Blog","description":"Siamo la prima Scuola di Cinema e Fotografia di Napoli","publisher":{"@id":"https:\/\/www.pigrecoemme.com\/blog\/#organization"},"potentialAction":[{"@type":"SearchAction","target":{"@type":"EntryPoint","urlTemplate":"https:\/\/www.pigrecoemme.com\/blog\/?s={search_term_string}"},"query-input":{"@type":"PropertyValueSpecification","valueRequired":true,"valueName":"search_term_string"}}],"inLanguage":"it-IT"},{"@type":"Organization","@id":"https:\/\/www.pigrecoemme.com\/blog\/#organization","name":"Scuola di cinema e fotografia Pigrecoemme","url":"https:\/\/www.pigrecoemme.com\/blog\/","logo":{"@type":"ImageObject","inLanguage":"it-IT","@id":"https:\/\/www.pigrecoemme.com\/blog\/#\/schema\/logo\/image\/","url":"https:\/\/i0.wp.com\/www.pigrecoemme.com\/blog\/wp-content\/uploads\/2018\/06\/logo-pigrecoemme-2018.png?fit=500%2C500&ssl=1","contentUrl":"https:\/\/i0.wp.com\/www.pigrecoemme.com\/blog\/wp-content\/uploads\/2018\/06\/logo-pigrecoemme-2018.png?fit=500%2C500&ssl=1","width":500,"height":500,"caption":"Scuola di cinema e fotografia Pigrecoemme"},"image":{"@id":"https:\/\/www.pigrecoemme.com\/blog\/#\/schema\/logo\/image\/"},"sameAs":["https:\/\/www.facebook.com\/pigrecoemme","https:\/\/x.com\/Pigrecoemme","https:\/\/www.instagram.com\/pigrecoemme\/","https:\/\/www.linkedin.com\/company\/pigrecoemme\/","https:\/\/www.youtube.com\/pigrecoemme"]},{"@type":"Person","@id":"https:\/\/www.pigrecoemme.com\/blog\/#\/schema\/person\/57fa822c3d209d3a2612fd0411ae63f4","name":"Giacomo Fabbrocino","image":{"@type":"ImageObject","inLanguage":"it-IT","@id":"https:\/\/secure.gravatar.com\/avatar\/0e4dfd4d05c06a03fffaffeb36fb181415ba11b91a6b566fa2e8ada75927db32?s=96&r=g","url":"https:\/\/secure.gravatar.com\/avatar\/0e4dfd4d05c06a03fffaffeb36fb181415ba11b91a6b566fa2e8ada75927db32?s=96&r=g","contentUrl":"https:\/\/secure.gravatar.com\/avatar\/0e4dfd4d05c06a03fffaffeb36fb181415ba11b91a6b566fa2e8ada75927db32?s=96&r=g","caption":"Giacomo Fabbrocino"},"description":"Montatore cinematografico, autore di documentari sull'arte e di video d'artista, Giacomo \u00e8 responsabile della didattica e della comunicazione web della Scuola di Cinema, Fotografia e Televisione Pigrecoemme di Napoli.","sameAs":["http:\/\/www.pigrecoemme.com\/","https:\/\/www.facebook.com\/giacomo.fabbrocino"],"url":"https:\/\/www.pigrecoemme.com\/blog\/author\/giacomo-fabbrocino\/"}]}},"jetpack_sharing_enabled":true,"jetpack_likes_enabled":true,"jetpack-related-posts":[{"id":28,"url":"https:\/\/www.pigrecoemme.com\/blog\/il-futuro-della-fotografia-tra-analogico-e-digitale\/","url_meta":{"origin":113,"position":0},"title":"Il futuro della fotografia tra analogico e digitale","author":"Giacomo Fabbrocino","date":"6 Gennaio 2008","format":false,"excerpt":"Siete tutti invitati all'incontro curato da Luca Sorbo che si terr\u00e0 mercoled\u00ec 9 gennaio 2008 dalle 17,00 alle 19,00 presso la Scuola di Cinema Pigrecoemme \u2013 Piazza Portanova 11, Napoli. Luca Sorbo, analizzando l\u2019evoluzione storica e tecnica della fotografia, cercher\u00e0 di esplicitare le problematiche che la rivoluzione digitale pone, evidenziandone\u2026","rel":"","context":"In &quot;Eventi&quot;","block_context":{"text":"Eventi","link":"https:\/\/www.pigrecoemme.com\/blog\/eventi\/"},"img":{"alt_text":"fotografia digitale","src":"https:\/\/i0.wp.com\/www.pigrecoemme.com\/corso-fotografia\/fotografia-digitale.jpg?resize=350%2C200","width":350,"height":200},"classes":[]},{"id":243,"url":"https:\/\/www.pigrecoemme.com\/blog\/alla-feltrinelli-di-piazza-dei-martiri-giovedi-3-giugno-la-mostra-fotografica-effetti-collaterali\/","url_meta":{"origin":113,"position":1},"title":"Alla Feltrinelli di Piazza dei Martiri, gioved\u00ec 3 giugno la mostra fotografica Effetti collaterali","author":"Corrado Morra","date":"1 Giugno 2010","format":false,"excerpt":"Gioved\u00ec 3 giugno, alle 18, inaugurazione della mostra fotografica Effetti collaterali, a cura di Gianni Pinnizzotto, docente del corso di Fotogiornalismo della Scuola di cinema e fotografia Pigrecoemme di Napoli.","rel":"","context":"In &quot;Eventi&quot;","block_context":{"text":"Eventi","link":"https:\/\/www.pigrecoemme.com\/blog\/eventi\/"},"img":{"alt_text":"","src":"https:\/\/i0.wp.com\/www.pigrecoemme.com\/blog\/wp-content\/uploads\/2010\/06\/bambino-palestinese2-300x201.jpg?resize=350%2C200","width":350,"height":200},"classes":[]},{"id":216,"url":"https:\/\/www.pigrecoemme.com\/blog\/nuovo-incontro-fotografico-il-25-marzo\/","url_meta":{"origin":113,"position":2},"title":"Nuovo incontro fotografico il 25 marzo","author":"Giacomo Fabbrocino","date":"20 Marzo 2010","format":false,"excerpt":"Nuovo incontro: gioved\u00ec 25 marzo 2010 h. 17.00-20.00 presso Scuola di Cinema Pigrecoemme Piazza Portanova 11, Napoli. Dopo la collaborazione con la prestigiosa rassegna l\u2019Arte della felicit\u00e0 e con l\u2019associazione Achab, che anche quest\u2019anno produrr\u00e0 con Pigrecoemme un\u2019importante mostra fotografica di prossima vernice, e dopo l'esperienza di \"La Mia Napoli\"\u2026","rel":"","context":"In &quot;Eventi&quot;","block_context":{"text":"Eventi","link":"https:\/\/www.pigrecoemme.com\/blog\/eventi\/"},"img":{"alt_text":"","src":"","width":0,"height":0},"classes":[]},{"id":492,"url":"https:\/\/www.pigrecoemme.com\/blog\/sabato-21-aprile-aniello-barone-terra-un-incontro-lezione-gratuito-sulla-fotografia\/","url_meta":{"origin":113,"position":3},"title":"Sabato 21 aprile Aniello Barone terr\u00e0 un incontro-lezione gratuito sulla fotografia","author":"Corrado Morra","date":"17 Aprile 2012","format":false,"excerpt":"Continuano, alla Scuola di cinema e fotografia Pigrecoemme di Napoli, gli incontri dedicati ai grandi fotografi. Sabato 21 aprile 2012, Aniello Barone sar\u00e0, cos\u00ec, negli spazi di Piazza Portanova, per un incontro-lezione, che avr\u00e0 il compito di tracciare le linee principali del suo affascinante percorso artistico e professionale. L\u2019appuntamento, dalle\u2026","rel":"","context":"In &quot;Eventi&quot;","block_context":{"text":"Eventi","link":"https:\/\/www.pigrecoemme.com\/blog\/eventi\/"},"img":{"alt_text":"","src":"https:\/\/i0.wp.com\/www.pigrecoemme.com\/blog\/wp-content\/uploads\/2012\/04\/aniello-barone1-300x200.jpg?resize=350%2C200","width":350,"height":200},"classes":[]},{"id":1758,"url":"https:\/\/www.pigrecoemme.com\/blog\/3-ottobre-2016-passeggiata-fotografica-alla-sanita-luca-sorbo\/","url_meta":{"origin":113,"position":4},"title":"3 ottobre 2016: Passeggiata fotografica alla Sanit\u00e0 con Luca Sorbo","author":"Pigrecoemme","date":"20 Settembre 2016","format":false,"excerpt":"Luned\u00ec 3 ottobre passeggiata fotografica gratuita alla Sanit\u00e0, organizzata dalla Organizzata dalla Scuola di Cinema e Fotografia Pigrecoemme e \u00a0coordinata da Luca Sorbo, docente di fotografia all'Accademia di Belle Arti di Napoli e curatore dei nostri corsi di fotografia. Un\u2019occasione unica per conoscere uno dei quartieri pi\u00f9 caratteristici di Napoli:\u2026","rel":"","context":"In &quot;Eventi&quot;","block_context":{"text":"Eventi","link":"https:\/\/www.pigrecoemme.com\/blog\/eventi\/"},"img":{"alt_text":"Passeggiata fotografica alla Sanit\u00e0 con Luca Sorbo","src":"https:\/\/i0.wp.com\/www.pigrecoemme.com\/blog\/wp-content\/uploads\/2016\/09\/passeggiata-fotografica-sanita.jpg?resize=350%2C200&ssl=1","width":350,"height":200,"srcset":"https:\/\/i0.wp.com\/www.pigrecoemme.com\/blog\/wp-content\/uploads\/2016\/09\/passeggiata-fotografica-sanita.jpg?resize=350%2C200&ssl=1 1x, https:\/\/i0.wp.com\/www.pigrecoemme.com\/blog\/wp-content\/uploads\/2016\/09\/passeggiata-fotografica-sanita.jpg?resize=525%2C300&ssl=1 1.5x, https:\/\/i0.wp.com\/www.pigrecoemme.com\/blog\/wp-content\/uploads\/2016\/09\/passeggiata-fotografica-sanita.jpg?resize=700%2C400&ssl=1 2x"},"classes":[]},{"id":1563,"url":"https:\/\/www.pigrecoemme.com\/blog\/lezione-gratuita-fotografia-formato-raw-gennaio-2016\/","url_meta":{"origin":113,"position":5},"title":"Lezione gratuita di Fotografia sul formato Raw","author":"Pigrecoemme","date":"15 Dicembre 2015","format":false,"excerpt":"Venerd\u00ec 15 gennaio, alle ore 16:00, alla Scuola di cinema e fotografia Pigrecoemme di Napoli, si terr\u00e0\u00a0Le potenzialit\u00e0 del formato Raw, una lezione gratuita a cura di Luca Sorbo, docente dei corsi di Fotografia e di Fotogiornalismo della Pigrecoemme. Modalit\u00e0 di partecipazione L\u2019incontro \u00e8 gratuito\u00a0e la prenotazione, fino a esaurimento\u2026","rel":"","context":"In &quot;Eventi&quot;","block_context":{"text":"Eventi","link":"https:\/\/www.pigrecoemme.com\/blog\/eventi\/"},"img":{"alt_text":"","src":"https:\/\/i0.wp.com\/www.pigrecoemme.com\/blog\/wp-content\/uploads\/2024\/03\/potenzialita-formato-raw1.gif?fit=484%2C252&ssl=1&resize=350%2C200","width":350,"height":200},"classes":[]}],"jetpack_featured_media_url":"","_links":{"self":[{"href":"https:\/\/www.pigrecoemme.com\/blog\/wp-json\/wp\/v2\/posts\/113","targetHints":{"allow":["GET"]}}],"collection":[{"href":"https:\/\/www.pigrecoemme.com\/blog\/wp-json\/wp\/v2\/posts"}],"about":[{"href":"https:\/\/www.pigrecoemme.com\/blog\/wp-json\/wp\/v2\/types\/post"}],"author":[{"embeddable":true,"href":"https:\/\/www.pigrecoemme.com\/blog\/wp-json\/wp\/v2\/users\/1"}],"replies":[{"embeddable":true,"href":"https:\/\/www.pigrecoemme.com\/blog\/wp-json\/wp\/v2\/comments?post=113"}],"version-history":[{"count":0,"href":"https:\/\/www.pigrecoemme.com\/blog\/wp-json\/wp\/v2\/posts\/113\/revisions"}],"wp:attachment":[{"href":"https:\/\/www.pigrecoemme.com\/blog\/wp-json\/wp\/v2\/media?parent=113"}],"wp:term":[{"taxonomy":"category","embeddable":true,"href":"https:\/\/www.pigrecoemme.com\/blog\/wp-json\/wp\/v2\/categories?post=113"},{"taxonomy":"post_tag","embeddable":true,"href":"https:\/\/www.pigrecoemme.com\/blog\/wp-json\/wp\/v2\/tags?post=113"}],"curies":[{"name":"wp","href":"https:\/\/api.w.org\/{rel}","templated":true}]}}