{"id":108,"date":"2008-12-05T19:59:22","date_gmt":"2008-12-05T17:59:22","guid":{"rendered":"http:\/\/www.pigrecoemme.com\/blog\/?p=108"},"modified":"2008-12-05T20:00:52","modified_gmt":"2008-12-05T18:00:52","slug":"sabato-13-dicembre-cortometraggi-al-trip-di-via-martucci-napoli","status":"publish","type":"post","link":"https:\/\/www.pigrecoemme.com\/blog\/sabato-13-dicembre-cortometraggi-al-trip-di-via-martucci-napoli\/","title":{"rendered":"Sabato 13 dicembre cortometraggi al TRIP di Via Martucci, Napoli."},"content":{"rendered":"<p><a href=\"https:\/\/i0.wp.com\/www.pigrecoemme.com\/blog\/wp-content\/uploads\/2008\/12\/locandinafilmfestivalen2008.jpg?ssl=1\"><img data-recalc-dims=\"1\" loading=\"lazy\" decoding=\"async\" class=\"size-medium wp-image-109 alignleft\" title=\"locandinafilmfestivalen2008\" src=\"https:\/\/i0.wp.com\/www.pigrecoemme.com\/blog\/wp-content\/uploads\/2008\/12\/locandinafilmfestivalen2008.jpg?resize=205%2C300&#038;ssl=1\" alt=\"\" width=\"205\" height=\"300\" srcset=\"https:\/\/i0.wp.com\/www.pigrecoemme.com\/blog\/wp-content\/uploads\/2008\/12\/locandinafilmfestivalen2008.jpg?resize=205%2C300&amp;ssl=1 205w, https:\/\/i0.wp.com\/www.pigrecoemme.com\/blog\/wp-content\/uploads\/2008\/12\/locandinafilmfestivalen2008.jpg?w=494&amp;ssl=1 494w\" sizes=\"auto, (max-width: 205px) 100vw, 205px\" \/><\/a>Serata dedicata al mondo del cinema, con particolare riguardo alle produzioni indipendenti di cortometraggi, quella di sabato 13 dicembre 2008, al <a href=\"http:\/\/new.cra.na.it\/\">Trip<\/a>. Ricco il programma dell&#8217;evento, organizzato dallo spazio di Via Martucci con la Scuola di cinema di Napoli Pigrecoemme, che parte alle ore 18,00 con un incontro-dibattito sul tema \u00abI corti ai tempi di You Tube\u00bb che affronter\u00e0 i nuovi scenari distributivi con cui internet sta rubando terreno agli storici circuiti festivalieri.<br \/>\nRelatori: Vincenzo Esposito, direttore del Festival del cinema italiano di Stoccolma, Ferdinando Carcavallo editor del sito di critica cinematografica <a href=\"http:\/\/kinemazone.blogspot.com\/\">Kinemazone<\/a> e Rosario Gallone della Scuola di cinema Pigrecoemme.<br \/>\nA seguire saranno proiettati i corti italiani passati in rassegna nella sezione &#8220;Short Films&#8221; dell&#8217;undicesima edizione del Festival del cinema italiano di Stoccolma che, anche quest&#8217;anno (Stoccolma, dal 26 settembre al 2 ottobre 2008) \u00e8 stata curata dalla Scuola di cinema e televisione Pigrecoemme.<br \/>\nSei i film della serata: 97.4 di Alessandro Abbate e Alessandro de Cristofaro, un&#8217;operazione sofisticata sul filo delle citazioni cinematografiche, da due dei pi\u00f9 interessanti videomaker della scena; 4b Movie di Antonello Matarazzo, regista visionario e di fama internazionale che lavora ad una poetica ridefinizione di cinema alla luce delle pi\u00f9 spinte ricerche visive; Altri 30 anni di Ivan Forastiere, racconto sospeso tra umori hard-boiled e un colpo di scena fantastico; Battiltempo di Renato Lori, regista divertito e sornione ma, soprattutto, uno dei pi\u00f9 importanti scenografi italiani; Megaris, di Guglielmo D\u2019Aniello, metafora grottesca, in salsa ferreriana, dello scempio in cui versa Napoli; e, infine, Un passo indietro, diretto da Marco Pugliese. Il film, prodotto all&#8217;interno del corso Master di Pigrecoemme, ed incentrato, tra crisi identitarie e difficolt\u00e0 sociali, sulla difficile relazione di un giovane autistico e del padre operaio \u00e8 stato accolto, durante il festival svedese, con grande attenzione. Questa al Trip \u00e8 la prima italiana.<\/p>\n<p>L&#8217;ingresso alla serata \u00e8 gratuito.<br \/>\nInfo allo 08119568994 (Trip) 0815635188 (Scuola di Cinema Pigrecoemme)<\/p>\n","protected":false},"excerpt":{"rendered":"<p>Serata dedicata al mondo del cinema, con particolare riguardo alle produzioni indipendenti di cortometraggi, quella di sabato 13 dicembre 2008, al Trip. Ricco il programma dell&#8217;evento, organizzato dallo spazio di Via Martucci con la&hellip;<\/p>\n","protected":false},"author":1,"featured_media":0,"comment_status":"open","ping_status":"open","sticky":false,"template":"","format":"standard","meta":{"_jetpack_newsletter_access":"","_jetpack_dont_email_post_to_subs":false,"_jetpack_newsletter_tier_id":0,"_jetpack_memberships_contains_paywalled_content":false,"_jetpack_feature_clip_id":0,"_jetpack_memberships_contains_paid_content":false,"footnotes":"","jetpack_post_was_ever_published":false},"categories":[11,12,3],"tags":[42,213,273,77,231],"class_list":["post-108","post","type-post","status-publish","format-standard","hentry","category-eventi","category-produzioni","category-scuola-di-cinema","tag-cortometraggi","tag-italienska-filmfestivalen","tag-kinemazone","tag-napoli","tag-un-passo-indietro"],"yoast_head":"<!-- This site is optimized with the Yoast SEO plugin v28.3 - https:\/\/yoast.com\/product\/yoast-seo-wordpress\/ -->\n<title>Sabato 13 dicembre cortometraggi al TRIP di Via Martucci, Napoli.<\/title>\n<meta name=\"robots\" content=\"index, follow, max-snippet:-1, max-image-preview:large, max-video-preview:-1\" \/>\n<link rel=\"canonical\" href=\"https:\/\/www.pigrecoemme.com\/blog\/sabato-13-dicembre-cortometraggi-al-trip-di-via-martucci-napoli\/\" \/>\n<meta property=\"og:locale\" content=\"it_IT\" \/>\n<meta property=\"og:type\" content=\"article\" \/>\n<meta property=\"og:title\" content=\"Sabato 13 dicembre cortometraggi al TRIP di Via Martucci, Napoli.\" \/>\n<meta property=\"og:description\" content=\"Serata dedicata al mondo del cinema, con particolare riguardo alle produzioni indipendenti di cortometraggi, quella di sabato 13 dicembre 2008, al Trip. Ricco il programma dell&#8217;evento, organizzato dallo spazio di Via Martucci con la Scuola di cinema di Napoli Pigrecoemme, &hellip; Continue reading &rarr;\" \/>\n<meta property=\"og:url\" content=\"https:\/\/www.pigrecoemme.com\/blog\/sabato-13-dicembre-cortometraggi-al-trip-di-via-martucci-napoli\/\" \/>\n<meta property=\"og:site_name\" content=\"Scuola di Cinema Pigrecoemme - Blog\" \/>\n<meta property=\"article:publisher\" content=\"https:\/\/www.facebook.com\/pigrecoemme\" \/>\n<meta property=\"article:author\" content=\"https:\/\/www.facebook.com\/giacomo.fabbrocino\" \/>\n<meta property=\"article:published_time\" content=\"2008-12-05T17:59:22+00:00\" \/>\n<meta property=\"article:modified_time\" content=\"2008-12-05T18:00:52+00:00\" \/>\n<meta property=\"og:image\" content=\"http:\/\/www.pigrecoemme.com\/blog\/wp-content\/uploads\/2008\/12\/locandinafilmfestivalen2008-205x300.jpg\" \/>\n<meta name=\"author\" content=\"Giacomo Fabbrocino\" \/>\n<meta name=\"twitter:card\" content=\"summary_large_image\" \/>\n<meta name=\"twitter:creator\" content=\"@Pigrecoemme\" \/>\n<meta name=\"twitter:site\" content=\"@Pigrecoemme\" \/>\n<meta name=\"twitter:label1\" content=\"Scritto da\" \/>\n\t<meta name=\"twitter:data1\" content=\"Giacomo Fabbrocino\" \/>\n\t<meta name=\"twitter:label2\" content=\"Tempo di lettura stimato\" \/>\n\t<meta name=\"twitter:data2\" content=\"2 minuti\" \/>\n<script type=\"application\/ld+json\" class=\"yoast-schema-graph\">{\"@context\":\"https:\\\/\\\/schema.org\",\"@graph\":[{\"@type\":[\"Article\",\"BlogPosting\"],\"@id\":\"https:\\\/\\\/www.pigrecoemme.com\\\/blog\\\/sabato-13-dicembre-cortometraggi-al-trip-di-via-martucci-napoli\\\/#article\",\"isPartOf\":{\"@id\":\"https:\\\/\\\/www.pigrecoemme.com\\\/blog\\\/sabato-13-dicembre-cortometraggi-al-trip-di-via-martucci-napoli\\\/\"},\"author\":{\"name\":\"Giacomo Fabbrocino\",\"@id\":\"https:\\\/\\\/www.pigrecoemme.com\\\/blog\\\/#\\\/schema\\\/person\\\/57fa822c3d209d3a2612fd0411ae63f4\"},\"headline\":\"Sabato 13 dicembre cortometraggi al TRIP di Via Martucci, Napoli.\",\"datePublished\":\"2008-12-05T17:59:22+00:00\",\"dateModified\":\"2008-12-05T18:00:52+00:00\",\"mainEntityOfPage\":{\"@id\":\"https:\\\/\\\/www.pigrecoemme.com\\\/blog\\\/sabato-13-dicembre-cortometraggi-al-trip-di-via-martucci-napoli\\\/\"},\"wordCount\":317,\"commentCount\":0,\"publisher\":{\"@id\":\"https:\\\/\\\/www.pigrecoemme.com\\\/blog\\\/#organization\"},\"image\":{\"@id\":\"https:\\\/\\\/www.pigrecoemme.com\\\/blog\\\/sabato-13-dicembre-cortometraggi-al-trip-di-via-martucci-napoli\\\/#primaryimage\"},\"thumbnailUrl\":\"http:\\\/\\\/www.pigrecoemme.com\\\/blog\\\/wp-content\\\/uploads\\\/2008\\\/12\\\/locandinafilmfestivalen2008-205x300.jpg\",\"keywords\":[\"cortometraggi\",\"Italienska Filmfestivalen\",\"kinemazone\",\"napoli\",\"un passo indietro\"],\"articleSection\":[\"Eventi\",\"Produzioni\",\"Scuola di cinema\"],\"inLanguage\":\"it-IT\",\"potentialAction\":[{\"@type\":\"CommentAction\",\"name\":\"Comment\",\"target\":[\"https:\\\/\\\/www.pigrecoemme.com\\\/blog\\\/sabato-13-dicembre-cortometraggi-al-trip-di-via-martucci-napoli\\\/#respond\"]}]},{\"@type\":\"WebPage\",\"@id\":\"https:\\\/\\\/www.pigrecoemme.com\\\/blog\\\/sabato-13-dicembre-cortometraggi-al-trip-di-via-martucci-napoli\\\/\",\"url\":\"https:\\\/\\\/www.pigrecoemme.com\\\/blog\\\/sabato-13-dicembre-cortometraggi-al-trip-di-via-martucci-napoli\\\/\",\"name\":\"Sabato 13 dicembre cortometraggi al TRIP di Via Martucci, Napoli.\",\"isPartOf\":{\"@id\":\"https:\\\/\\\/www.pigrecoemme.com\\\/blog\\\/#website\"},\"primaryImageOfPage\":{\"@id\":\"https:\\\/\\\/www.pigrecoemme.com\\\/blog\\\/sabato-13-dicembre-cortometraggi-al-trip-di-via-martucci-napoli\\\/#primaryimage\"},\"image\":{\"@id\":\"https:\\\/\\\/www.pigrecoemme.com\\\/blog\\\/sabato-13-dicembre-cortometraggi-al-trip-di-via-martucci-napoli\\\/#primaryimage\"},\"thumbnailUrl\":\"http:\\\/\\\/www.pigrecoemme.com\\\/blog\\\/wp-content\\\/uploads\\\/2008\\\/12\\\/locandinafilmfestivalen2008-205x300.jpg\",\"datePublished\":\"2008-12-05T17:59:22+00:00\",\"dateModified\":\"2008-12-05T18:00:52+00:00\",\"breadcrumb\":{\"@id\":\"https:\\\/\\\/www.pigrecoemme.com\\\/blog\\\/sabato-13-dicembre-cortometraggi-al-trip-di-via-martucci-napoli\\\/#breadcrumb\"},\"inLanguage\":\"it-IT\",\"potentialAction\":[{\"@type\":\"ReadAction\",\"target\":[\"https:\\\/\\\/www.pigrecoemme.com\\\/blog\\\/sabato-13-dicembre-cortometraggi-al-trip-di-via-martucci-napoli\\\/\"]}]},{\"@type\":\"ImageObject\",\"inLanguage\":\"it-IT\",\"@id\":\"https:\\\/\\\/www.pigrecoemme.com\\\/blog\\\/sabato-13-dicembre-cortometraggi-al-trip-di-via-martucci-napoli\\\/#primaryimage\",\"url\":\"http:\\\/\\\/www.pigrecoemme.com\\\/blog\\\/wp-content\\\/uploads\\\/2008\\\/12\\\/locandinafilmfestivalen2008-205x300.jpg\",\"contentUrl\":\"http:\\\/\\\/www.pigrecoemme.com\\\/blog\\\/wp-content\\\/uploads\\\/2008\\\/12\\\/locandinafilmfestivalen2008-205x300.jpg\"},{\"@type\":\"BreadcrumbList\",\"@id\":\"https:\\\/\\\/www.pigrecoemme.com\\\/blog\\\/sabato-13-dicembre-cortometraggi-al-trip-di-via-martucci-napoli\\\/#breadcrumb\",\"itemListElement\":[{\"@type\":\"ListItem\",\"position\":1,\"name\":\"Home\",\"item\":\"https:\\\/\\\/www.pigrecoemme.com\\\/blog\\\/\"},{\"@type\":\"ListItem\",\"position\":2,\"name\":\"Sabato 13 dicembre cortometraggi al TRIP di Via Martucci, Napoli.\"}]},{\"@type\":\"WebSite\",\"@id\":\"https:\\\/\\\/www.pigrecoemme.com\\\/blog\\\/#website\",\"url\":\"https:\\\/\\\/www.pigrecoemme.com\\\/blog\\\/\",\"name\":\"Scuola di Cinema Pigrecoemme - Blog\",\"description\":\"Siamo la prima Scuola di Cinema e Fotografia di Napoli\",\"publisher\":{\"@id\":\"https:\\\/\\\/www.pigrecoemme.com\\\/blog\\\/#organization\"},\"potentialAction\":[{\"@type\":\"SearchAction\",\"target\":{\"@type\":\"EntryPoint\",\"urlTemplate\":\"https:\\\/\\\/www.pigrecoemme.com\\\/blog\\\/?s={search_term_string}\"},\"query-input\":{\"@type\":\"PropertyValueSpecification\",\"valueRequired\":true,\"valueName\":\"search_term_string\"}}],\"inLanguage\":\"it-IT\"},{\"@type\":\"Organization\",\"@id\":\"https:\\\/\\\/www.pigrecoemme.com\\\/blog\\\/#organization\",\"name\":\"Scuola di cinema e fotografia Pigrecoemme\",\"url\":\"https:\\\/\\\/www.pigrecoemme.com\\\/blog\\\/\",\"logo\":{\"@type\":\"ImageObject\",\"inLanguage\":\"it-IT\",\"@id\":\"https:\\\/\\\/www.pigrecoemme.com\\\/blog\\\/#\\\/schema\\\/logo\\\/image\\\/\",\"url\":\"https:\\\/\\\/i0.wp.com\\\/www.pigrecoemme.com\\\/blog\\\/wp-content\\\/uploads\\\/2018\\\/06\\\/logo-pigrecoemme-2018.png?fit=500%2C500&ssl=1\",\"contentUrl\":\"https:\\\/\\\/i0.wp.com\\\/www.pigrecoemme.com\\\/blog\\\/wp-content\\\/uploads\\\/2018\\\/06\\\/logo-pigrecoemme-2018.png?fit=500%2C500&ssl=1\",\"width\":500,\"height\":500,\"caption\":\"Scuola di cinema e fotografia Pigrecoemme\"},\"image\":{\"@id\":\"https:\\\/\\\/www.pigrecoemme.com\\\/blog\\\/#\\\/schema\\\/logo\\\/image\\\/\"},\"sameAs\":[\"https:\\\/\\\/www.facebook.com\\\/pigrecoemme\",\"https:\\\/\\\/x.com\\\/Pigrecoemme\",\"https:\\\/\\\/www.instagram.com\\\/pigrecoemme\\\/\",\"https:\\\/\\\/www.linkedin.com\\\/company\\\/pigrecoemme\\\/\",\"https:\\\/\\\/www.youtube.com\\\/pigrecoemme\"]},{\"@type\":\"Person\",\"@id\":\"https:\\\/\\\/www.pigrecoemme.com\\\/blog\\\/#\\\/schema\\\/person\\\/57fa822c3d209d3a2612fd0411ae63f4\",\"name\":\"Giacomo Fabbrocino\",\"image\":{\"@type\":\"ImageObject\",\"inLanguage\":\"it-IT\",\"@id\":\"https:\\\/\\\/secure.gravatar.com\\\/avatar\\\/0e4dfd4d05c06a03fffaffeb36fb181415ba11b91a6b566fa2e8ada75927db32?s=96&r=g\",\"url\":\"https:\\\/\\\/secure.gravatar.com\\\/avatar\\\/0e4dfd4d05c06a03fffaffeb36fb181415ba11b91a6b566fa2e8ada75927db32?s=96&r=g\",\"contentUrl\":\"https:\\\/\\\/secure.gravatar.com\\\/avatar\\\/0e4dfd4d05c06a03fffaffeb36fb181415ba11b91a6b566fa2e8ada75927db32?s=96&r=g\",\"caption\":\"Giacomo Fabbrocino\"},\"description\":\"Montatore cinematografico, autore di documentari sull'arte e di video d'artista, Giacomo \u00e8 responsabile della didattica e della comunicazione web della Scuola di Cinema, Fotografia e Televisione Pigrecoemme di Napoli.\",\"sameAs\":[\"http:\\\/\\\/www.pigrecoemme.com\\\/\",\"https:\\\/\\\/www.facebook.com\\\/giacomo.fabbrocino\"],\"url\":\"https:\\\/\\\/www.pigrecoemme.com\\\/blog\\\/author\\\/giacomo-fabbrocino\\\/\"}]}<\/script>\n<!-- \/ Yoast SEO plugin. -->","yoast_head_json":{"title":"Sabato 13 dicembre cortometraggi al TRIP di Via Martucci, Napoli.","robots":{"index":"index","follow":"follow","max-snippet":"max-snippet:-1","max-image-preview":"max-image-preview:large","max-video-preview":"max-video-preview:-1"},"canonical":"https:\/\/www.pigrecoemme.com\/blog\/sabato-13-dicembre-cortometraggi-al-trip-di-via-martucci-napoli\/","og_locale":"it_IT","og_type":"article","og_title":"Sabato 13 dicembre cortometraggi al TRIP di Via Martucci, Napoli.","og_description":"Serata dedicata al mondo del cinema, con particolare riguardo alle produzioni indipendenti di cortometraggi, quella di sabato 13 dicembre 2008, al Trip. Ricco il programma dell&#8217;evento, organizzato dallo spazio di Via Martucci con la Scuola di cinema di Napoli Pigrecoemme, &hellip; Continue reading &rarr;","og_url":"https:\/\/www.pigrecoemme.com\/blog\/sabato-13-dicembre-cortometraggi-al-trip-di-via-martucci-napoli\/","og_site_name":"Scuola di Cinema Pigrecoemme - Blog","article_publisher":"https:\/\/www.facebook.com\/pigrecoemme","article_author":"https:\/\/www.facebook.com\/giacomo.fabbrocino","article_published_time":"2008-12-05T17:59:22+00:00","article_modified_time":"2008-12-05T18:00:52+00:00","og_image":[{"url":"http:\/\/www.pigrecoemme.com\/blog\/wp-content\/uploads\/2008\/12\/locandinafilmfestivalen2008-205x300.jpg","type":"","width":"","height":""}],"author":"Giacomo Fabbrocino","twitter_card":"summary_large_image","twitter_creator":"@Pigrecoemme","twitter_site":"@Pigrecoemme","twitter_misc":{"Scritto da":"Giacomo Fabbrocino","Tempo di lettura stimato":"2 minuti"},"schema":{"@context":"https:\/\/schema.org","@graph":[{"@type":["Article","BlogPosting"],"@id":"https:\/\/www.pigrecoemme.com\/blog\/sabato-13-dicembre-cortometraggi-al-trip-di-via-martucci-napoli\/#article","isPartOf":{"@id":"https:\/\/www.pigrecoemme.com\/blog\/sabato-13-dicembre-cortometraggi-al-trip-di-via-martucci-napoli\/"},"author":{"name":"Giacomo Fabbrocino","@id":"https:\/\/www.pigrecoemme.com\/blog\/#\/schema\/person\/57fa822c3d209d3a2612fd0411ae63f4"},"headline":"Sabato 13 dicembre cortometraggi al TRIP di Via Martucci, Napoli.","datePublished":"2008-12-05T17:59:22+00:00","dateModified":"2008-12-05T18:00:52+00:00","mainEntityOfPage":{"@id":"https:\/\/www.pigrecoemme.com\/blog\/sabato-13-dicembre-cortometraggi-al-trip-di-via-martucci-napoli\/"},"wordCount":317,"commentCount":0,"publisher":{"@id":"https:\/\/www.pigrecoemme.com\/blog\/#organization"},"image":{"@id":"https:\/\/www.pigrecoemme.com\/blog\/sabato-13-dicembre-cortometraggi-al-trip-di-via-martucci-napoli\/#primaryimage"},"thumbnailUrl":"http:\/\/www.pigrecoemme.com\/blog\/wp-content\/uploads\/2008\/12\/locandinafilmfestivalen2008-205x300.jpg","keywords":["cortometraggi","Italienska Filmfestivalen","kinemazone","napoli","un passo indietro"],"articleSection":["Eventi","Produzioni","Scuola di cinema"],"inLanguage":"it-IT","potentialAction":[{"@type":"CommentAction","name":"Comment","target":["https:\/\/www.pigrecoemme.com\/blog\/sabato-13-dicembre-cortometraggi-al-trip-di-via-martucci-napoli\/#respond"]}]},{"@type":"WebPage","@id":"https:\/\/www.pigrecoemme.com\/blog\/sabato-13-dicembre-cortometraggi-al-trip-di-via-martucci-napoli\/","url":"https:\/\/www.pigrecoemme.com\/blog\/sabato-13-dicembre-cortometraggi-al-trip-di-via-martucci-napoli\/","name":"Sabato 13 dicembre cortometraggi al TRIP di Via Martucci, Napoli.","isPartOf":{"@id":"https:\/\/www.pigrecoemme.com\/blog\/#website"},"primaryImageOfPage":{"@id":"https:\/\/www.pigrecoemme.com\/blog\/sabato-13-dicembre-cortometraggi-al-trip-di-via-martucci-napoli\/#primaryimage"},"image":{"@id":"https:\/\/www.pigrecoemme.com\/blog\/sabato-13-dicembre-cortometraggi-al-trip-di-via-martucci-napoli\/#primaryimage"},"thumbnailUrl":"http:\/\/www.pigrecoemme.com\/blog\/wp-content\/uploads\/2008\/12\/locandinafilmfestivalen2008-205x300.jpg","datePublished":"2008-12-05T17:59:22+00:00","dateModified":"2008-12-05T18:00:52+00:00","breadcrumb":{"@id":"https:\/\/www.pigrecoemme.com\/blog\/sabato-13-dicembre-cortometraggi-al-trip-di-via-martucci-napoli\/#breadcrumb"},"inLanguage":"it-IT","potentialAction":[{"@type":"ReadAction","target":["https:\/\/www.pigrecoemme.com\/blog\/sabato-13-dicembre-cortometraggi-al-trip-di-via-martucci-napoli\/"]}]},{"@type":"ImageObject","inLanguage":"it-IT","@id":"https:\/\/www.pigrecoemme.com\/blog\/sabato-13-dicembre-cortometraggi-al-trip-di-via-martucci-napoli\/#primaryimage","url":"http:\/\/www.pigrecoemme.com\/blog\/wp-content\/uploads\/2008\/12\/locandinafilmfestivalen2008-205x300.jpg","contentUrl":"http:\/\/www.pigrecoemme.com\/blog\/wp-content\/uploads\/2008\/12\/locandinafilmfestivalen2008-205x300.jpg"},{"@type":"BreadcrumbList","@id":"https:\/\/www.pigrecoemme.com\/blog\/sabato-13-dicembre-cortometraggi-al-trip-di-via-martucci-napoli\/#breadcrumb","itemListElement":[{"@type":"ListItem","position":1,"name":"Home","item":"https:\/\/www.pigrecoemme.com\/blog\/"},{"@type":"ListItem","position":2,"name":"Sabato 13 dicembre cortometraggi al TRIP di Via Martucci, Napoli."}]},{"@type":"WebSite","@id":"https:\/\/www.pigrecoemme.com\/blog\/#website","url":"https:\/\/www.pigrecoemme.com\/blog\/","name":"Scuola di Cinema Pigrecoemme - Blog","description":"Siamo la prima Scuola di Cinema e Fotografia di Napoli","publisher":{"@id":"https:\/\/www.pigrecoemme.com\/blog\/#organization"},"potentialAction":[{"@type":"SearchAction","target":{"@type":"EntryPoint","urlTemplate":"https:\/\/www.pigrecoemme.com\/blog\/?s={search_term_string}"},"query-input":{"@type":"PropertyValueSpecification","valueRequired":true,"valueName":"search_term_string"}}],"inLanguage":"it-IT"},{"@type":"Organization","@id":"https:\/\/www.pigrecoemme.com\/blog\/#organization","name":"Scuola di cinema e fotografia Pigrecoemme","url":"https:\/\/www.pigrecoemme.com\/blog\/","logo":{"@type":"ImageObject","inLanguage":"it-IT","@id":"https:\/\/www.pigrecoemme.com\/blog\/#\/schema\/logo\/image\/","url":"https:\/\/i0.wp.com\/www.pigrecoemme.com\/blog\/wp-content\/uploads\/2018\/06\/logo-pigrecoemme-2018.png?fit=500%2C500&ssl=1","contentUrl":"https:\/\/i0.wp.com\/www.pigrecoemme.com\/blog\/wp-content\/uploads\/2018\/06\/logo-pigrecoemme-2018.png?fit=500%2C500&ssl=1","width":500,"height":500,"caption":"Scuola di cinema e fotografia Pigrecoemme"},"image":{"@id":"https:\/\/www.pigrecoemme.com\/blog\/#\/schema\/logo\/image\/"},"sameAs":["https:\/\/www.facebook.com\/pigrecoemme","https:\/\/x.com\/Pigrecoemme","https:\/\/www.instagram.com\/pigrecoemme\/","https:\/\/www.linkedin.com\/company\/pigrecoemme\/","https:\/\/www.youtube.com\/pigrecoemme"]},{"@type":"Person","@id":"https:\/\/www.pigrecoemme.com\/blog\/#\/schema\/person\/57fa822c3d209d3a2612fd0411ae63f4","name":"Giacomo Fabbrocino","image":{"@type":"ImageObject","inLanguage":"it-IT","@id":"https:\/\/secure.gravatar.com\/avatar\/0e4dfd4d05c06a03fffaffeb36fb181415ba11b91a6b566fa2e8ada75927db32?s=96&r=g","url":"https:\/\/secure.gravatar.com\/avatar\/0e4dfd4d05c06a03fffaffeb36fb181415ba11b91a6b566fa2e8ada75927db32?s=96&r=g","contentUrl":"https:\/\/secure.gravatar.com\/avatar\/0e4dfd4d05c06a03fffaffeb36fb181415ba11b91a6b566fa2e8ada75927db32?s=96&r=g","caption":"Giacomo Fabbrocino"},"description":"Montatore cinematografico, autore di documentari sull'arte e di video d'artista, Giacomo \u00e8 responsabile della didattica e della comunicazione web della Scuola di Cinema, Fotografia e Televisione Pigrecoemme di Napoli.","sameAs":["http:\/\/www.pigrecoemme.com\/","https:\/\/www.facebook.com\/giacomo.fabbrocino"],"url":"https:\/\/www.pigrecoemme.com\/blog\/author\/giacomo-fabbrocino\/"}]}},"jetpack_sharing_enabled":true,"jetpack_likes_enabled":true,"jetpack-related-posts":[{"id":314,"url":"https:\/\/www.pigrecoemme.com\/blog\/the-others-su-gt-channel-la-scuola-di-cinema-e-televisione-pigrecoemme-in-tv\/","url_meta":{"origin":108,"position":0},"title":"The Others su GT Channel. La Scuola di cinema e televisione Pigrecoemme in TV","author":"Rosario Gallone","date":"14 Dicembre 2010","format":false,"excerpt":"The Others, la rivista di approfondimento critico della Scuola di cinema e televisione Pigrecoemme di Napoli, arriva, con un programma di approfondimento cinematografico, in TV. Su GT Channel.","rel":"","context":"In &quot;Eventi&quot;","block_context":{"text":"Eventi","link":"https:\/\/www.pigrecoemme.com\/blog\/eventi\/"},"img":{"alt_text":"","src":"https:\/\/i0.wp.com\/www.pigrecoemme.com\/blog\/wp-content\/uploads\/2010\/12\/the-others-gt-channel.jpg?resize=350%2C200&ssl=1","width":350,"height":200},"classes":[]},{"id":414,"url":"https:\/\/www.pigrecoemme.com\/blog\/una-storia-invisibile-al-napolifilmfestival\/","url_meta":{"origin":108,"position":1},"title":"Una storia invisibile affronta il problema dell&#8217;inquinamento elettromagnetico al NapoliFilmFestival","author":"Giacomo Fabbrocino","date":"12 Ottobre 2011","format":false,"excerpt":"Il dramma dell\u2019elettrosmog si espande al NapoliFilmFestival. Gioved\u00ec 13 ottobre, alle ore 18,10, nella sezione Concorso SchermoNapoli Documentari, ci sar\u00e0 la proiezione, in prima cittadina, di \"Una storia invisibile\", videoinchiesta di Antonio Longo, coprodotta dalla Scuola di cinema Pigrecoemme di Napoli, sul problema dell\u2019inquinamento elettromagnetico nell\u2019area collinare dei Camaldoli. Il\u2026","rel":"","context":"In &quot;Eventi&quot;","block_context":{"text":"Eventi","link":"https:\/\/www.pigrecoemme.com\/blog\/eventi\/"},"img":{"alt_text":"napolifilmfestival 2011","src":"https:\/\/i0.wp.com\/www.pigrecoemme.com\/blog\/wp-content\/uploads\/2011\/09\/napolifilmfestival-150x150.jpg?resize=350%2C200","width":350,"height":200},"classes":[]},{"id":32,"url":"https:\/\/www.pigrecoemme.com\/blog\/o-curt-x-edizione-del-festival-del-cortometraggio\/","url_meta":{"origin":108,"position":2},"title":"&#8216;O Curt &#8211; X edizione del festival del cortometraggio","author":"Giacomo Fabbrocino","date":"4 Febbraio 2008","format":false,"excerpt":"Dal 6 al 9 febbraio a Napoli si rinnova l\u2019appuntamento con \u2019O CURT Festival del cortometraggio, che quest\u2019anno giunge al prestigioso traguardo della decima edizione. La rassegna, a cura della Mediateca S. Sofia dell\u2019Assessorato alle Politiche giovanili - Servizio Giovani in collaborazione con La Scuola di Cinema e Televisione Pigrecoemme\u2026","rel":"","context":"In &quot;Eventi&quot;","block_context":{"text":"Eventi","link":"https:\/\/www.pigrecoemme.com\/blog\/eventi\/"},"img":{"alt_text":"","src":"","width":0,"height":0},"classes":[]},{"id":53,"url":"https:\/\/www.pigrecoemme.com\/blog\/ex-allievi-alla-triennale-di-milano\/","url_meta":{"origin":108,"position":3},"title":"Ex allievi alla Triennale di Milano","author":"Giacomo Fabbrocino","date":"23 Maggio 2008","format":false,"excerpt":"I cortometraggi Piccola Asia e Megaris, diretti rispettivamente dai nostri ex allievi Paolo Letizia e Guglielmo D'Aniello e coprodotti dalla Scuola di Cinema Pigrecoemme sono da oggi, venerd\u00ec 23 maggio 2008, in mostra presso la Triennale di Milano nell'ambito di \"Numero Due\", terza edizione di una delle iniziative di inCONTEMPORANEA,\u2026","rel":"","context":"In &quot;Generale&quot;","block_context":{"text":"Generale","link":"https:\/\/www.pigrecoemme.com\/blog\/generale\/"},"img":{"alt_text":"","src":"","width":0,"height":0},"classes":[]},{"id":3830,"url":"https:\/\/www.pigrecoemme.com\/blog\/il-corso-di-recitazione-cinematografica-apre-le-iscrizioni-si-parte-a-novembre\/","url_meta":{"origin":108,"position":4},"title":"Il corso di recitazione cinematografica apre le iscrizioni. Si parte a novembre.","author":"Pigrecoemme","date":"16 Giugno 2025","format":false,"excerpt":"Inizia il tuo percorso da attore professionista Il Corso di Recitazione Cinematografica della Pigrecoemme, coordinato da Angelo Serio, \u00e8 un percorso annuale (da novembre 2025 a maggio 2026) pensato per massimo 14 partecipanti dai 18 anni in su, con l\u2019obiettivo di prepararti \u2013 seriamente \u2013 alla professione attoriale. Si parte\u2026","rel":"","context":"In &quot;Generale&quot;","block_context":{"text":"Generale","link":"https:\/\/www.pigrecoemme.com\/blog\/generale\/"},"img":{"alt_text":"","src":"","width":0,"height":0},"classes":[]},{"id":86,"url":"https:\/\/www.pigrecoemme.com\/blog\/successo-a-stoccolma-per-un-passo-indietro-il-corto-realizzato-dagli-allievi-del-corso-master-20072008\/","url_meta":{"origin":108,"position":5},"title":"Successo a Stoccolma per &#8216;Un passo indietro&#8217;, il corto realizzato dagli allievi del corso master 2007\/2008","author":"Giacomo Fabbrocino","date":"3 Ottobre 2008","format":false,"excerpt":"E' stato pubblicato oggi dal quotidiano Roma un articolo a piena pagina sulla presentazione, avvenuta due giorni fa al Festival del Cinema Italiano di Stoccolma, di \"Un passo indietro\", il cortometraggio realizzato dai partecipanti al corso master 2007\/2008 della Scuola di cinema Pigrecoemme. Il nostro allievo Marco Pugliese, che del\u2026","rel":"","context":"In &quot;Produzioni&quot;","block_context":{"text":"Produzioni","link":"https:\/\/www.pigrecoemme.com\/blog\/produzioni\/"},"img":{"alt_text":"","src":"https:\/\/i0.wp.com\/www.pigrecoemme.com\/blog\/wp-content\/uploads\/2008\/10\/articolomarco-pugliese-stoccolma-150x150.jpg?resize=350%2C200","width":350,"height":200},"classes":[]}],"jetpack_featured_media_url":"","_links":{"self":[{"href":"https:\/\/www.pigrecoemme.com\/blog\/wp-json\/wp\/v2\/posts\/108","targetHints":{"allow":["GET"]}}],"collection":[{"href":"https:\/\/www.pigrecoemme.com\/blog\/wp-json\/wp\/v2\/posts"}],"about":[{"href":"https:\/\/www.pigrecoemme.com\/blog\/wp-json\/wp\/v2\/types\/post"}],"author":[{"embeddable":true,"href":"https:\/\/www.pigrecoemme.com\/blog\/wp-json\/wp\/v2\/users\/1"}],"replies":[{"embeddable":true,"href":"https:\/\/www.pigrecoemme.com\/blog\/wp-json\/wp\/v2\/comments?post=108"}],"version-history":[{"count":0,"href":"https:\/\/www.pigrecoemme.com\/blog\/wp-json\/wp\/v2\/posts\/108\/revisions"}],"wp:attachment":[{"href":"https:\/\/www.pigrecoemme.com\/blog\/wp-json\/wp\/v2\/media?parent=108"}],"wp:term":[{"taxonomy":"category","embeddable":true,"href":"https:\/\/www.pigrecoemme.com\/blog\/wp-json\/wp\/v2\/categories?post=108"},{"taxonomy":"post_tag","embeddable":true,"href":"https:\/\/www.pigrecoemme.com\/blog\/wp-json\/wp\/v2\/tags?post=108"}],"curies":[{"name":"wp","href":"https:\/\/api.w.org\/{rel}","templated":true}]}}