{"id":1013,"date":"2015-03-20T18:18:13","date_gmt":"2015-03-20T17:18:13","guid":{"rendered":"http:\/\/www.pigrecoemme.com\/blog\/?p=1013"},"modified":"2015-03-20T18:29:08","modified_gmt":"2015-03-20T17:29:08","slug":"10-film-non-patetici-malattia-disagio-mentale","status":"publish","type":"post","link":"https:\/\/www.pigrecoemme.com\/blog\/10-film-non-patetici-malattia-disagio-mentale\/","title":{"rendered":"10 film non patetici su malattia e disagio mentale"},"content":{"rendered":"<p style=\"text-align: center\"><a title=\"10 film non patetici su malattia e disagio mentale\" href=\"https:\/\/www.pigrecoemme.com\/blog\/10-film-non-patetici-malattia-disagio-mentale\/\"><img data-recalc-dims=\"1\" loading=\"lazy\" decoding=\"async\" class=\"aligncenter wp-image-1014 size-full\" src=\"https:\/\/i0.wp.com\/www.pigrecoemme.com\/blog\/wp-content\/uploads\/2014\/11\/MALATTIA-MENTALE.png?resize=484%2C252&#038;ssl=1\" alt=\"MALATTIA MENTALE\" width=\"484\" height=\"252\" srcset=\"https:\/\/i0.wp.com\/www.pigrecoemme.com\/blog\/wp-content\/uploads\/2014\/11\/MALATTIA-MENTALE.png?w=484&amp;ssl=1 484w, https:\/\/i0.wp.com\/www.pigrecoemme.com\/blog\/wp-content\/uploads\/2014\/11\/MALATTIA-MENTALE.png?resize=300%2C156&amp;ssl=1 300w\" sizes=\"auto, (max-width: 484px) 100vw, 484px\" \/><\/a><\/p>\n<p><em>Frank<\/em>, grazie alla collaborazione tra UCI e Unipol Biografilm Collection in collaborazione con I Wonder Pictures, sta per tornare. Il film di <strong>Lenny Abrahamson<\/strong>, (apparentemente un\u2019operina stile <strong>Sundance<\/strong>, finanche irritante con tutti i suoi tic da pellicola indie, ma, in realt\u00e0, bizzarra e delicata storia di un disadattato), dopo una grande accoglienza di pubblico e critica, sar\u00e0 in 23 sale UCI, su tutto il territorio nazionale, marted\u00ec 24 marzo alle 20.30, per un solo giorno e in lingua originale con i sottotitoli italiani. Per l&#8217;occasione riproponiamo\u00a0la\u00a0lista, come al solito di 10 film, coi titoli pi\u00f9 significativi su malattia e disagio mentale. Non troverete tanti film ambientati in manicomio, cos\u00ec come film in cui il disturbo mentale \u00e8 di un serial killer o quelli in cui il disadattamento \u00e8\u00a0simbolo di altro (contestazione sessantottina, quindi non c&#8217;\u00e8 <em>I pugni in tasca<\/em>, ad esempio). Abbiamo scelto quei lavori in cui l\u2019approccio al tema \u00e8 equilibrato e lontano dall\u2019exploitation. Per informazioni:\u00a0www.biografilm.it\/frankuci.<\/p>\n<p><!--more--><\/p>\n<p>1 &#8211;\u00a0<em><strong>Gli esclusi<\/strong><\/em> di John Cassavetes<\/p>\n<p>Un film su bambini disadattati realizzato da un regista disadatto alla fabbrica dei sogni ed alla sua catena di montaggio. Quello che ne viene fuori \u00e8 il prodotto di un braccio di ferro continuo tra standard industriale (dello spettacolo) ed ansia di libert\u00e0 che ne esce sfinita, al punto che Cassavetes, subito dopo, torn\u00f2 all\u2019indipendenza con <em>Faces<\/em>.<\/p>\n<figure id=\"attachment_1015\" aria-describedby=\"caption-attachment-1015\" style=\"width: 300px\" class=\"wp-caption aligncenter\"><a href=\"https:\/\/i0.wp.com\/www.pigrecoemme.com\/blog\/wp-content\/uploads\/2014\/11\/esclusi.jpg?ssl=1\"><img data-recalc-dims=\"1\" loading=\"lazy\" decoding=\"async\" class=\"size-medium wp-image-1015\" src=\"https:\/\/i0.wp.com\/www.pigrecoemme.com\/blog\/wp-content\/uploads\/2014\/11\/esclusi.jpg?resize=300%2C178&#038;ssl=1\" alt=\"Gli esclusi\" width=\"300\" height=\"178\" srcset=\"https:\/\/i0.wp.com\/www.pigrecoemme.com\/blog\/wp-content\/uploads\/2014\/11\/esclusi.jpg?resize=300%2C178&amp;ssl=1 300w, https:\/\/i0.wp.com\/www.pigrecoemme.com\/blog\/wp-content\/uploads\/2014\/11\/esclusi.jpg?resize=500%2C297&amp;ssl=1 500w, https:\/\/i0.wp.com\/www.pigrecoemme.com\/blog\/wp-content\/uploads\/2014\/11\/esclusi.jpg?w=525&amp;ssl=1 525w\" sizes=\"auto, (max-width: 300px) 100vw, 300px\" \/><\/a><figcaption id=\"caption-attachment-1015\" class=\"wp-caption-text\">Gli esclusi<\/figcaption><\/figure>\n<p>2 &#8211;\u00a0<strong><em>Harvey<\/em> <\/strong>di Henry Koster<\/p>\n<p>James Stewart vive nel suo paese del meraviglie in compagnia di Harvey, un coniglio alto quanto lui. E\u2019 l\u2019unico a vederlo, ma perch\u00e9 gli altri hanno perso la capacit\u00e0 di sognare. Una delle commedie americane pi\u00f9 velatamente politiche di Hollywood, come lo sono quasi sempre quelle interpretate da James Stewart, sebbene camuffate da altro.<\/p>\n<figure id=\"attachment_1016\" aria-describedby=\"caption-attachment-1016\" style=\"width: 300px\" class=\"wp-caption aligncenter\"><a href=\"https:\/\/i0.wp.com\/www.pigrecoemme.com\/blog\/wp-content\/uploads\/2014\/11\/harvey.jpg?ssl=1\"><img data-recalc-dims=\"1\" loading=\"lazy\" decoding=\"async\" class=\"size-medium wp-image-1016\" src=\"https:\/\/i0.wp.com\/www.pigrecoemme.com\/blog\/wp-content\/uploads\/2014\/11\/harvey.jpg?resize=300%2C250&#038;ssl=1\" alt=\"Harvey\" width=\"300\" height=\"250\" srcset=\"https:\/\/i0.wp.com\/www.pigrecoemme.com\/blog\/wp-content\/uploads\/2014\/11\/harvey.jpg?resize=300%2C250&amp;ssl=1 300w, https:\/\/i0.wp.com\/www.pigrecoemme.com\/blog\/wp-content\/uploads\/2014\/11\/harvey.jpg?resize=359%2C300&amp;ssl=1 359w, https:\/\/i0.wp.com\/www.pigrecoemme.com\/blog\/wp-content\/uploads\/2014\/11\/harvey.jpg?w=412&amp;ssl=1 412w\" sizes=\"auto, (max-width: 300px) 100vw, 300px\" \/><\/a><figcaption id=\"caption-attachment-1016\" class=\"wp-caption-text\">Harvey<\/figcaption><\/figure>\n<p>3 &#8211;\u00a0<em><strong>I due mondi di Charly <\/strong><\/em>di Ralph Nelson<\/p>\n<p>Dal racconto sci-fi <em>Fiori per Algernon<\/em> di Daniel Keyes, un film che si ricorda soprattutto per l\u2019Oscar al protagonista Cliff Robertson. Il patetismo viene tenuto a bada.<br \/>\nMusiche di Ravi Shankar.<\/p>\n<figure id=\"attachment_1017\" aria-describedby=\"caption-attachment-1017\" style=\"width: 300px\" class=\"wp-caption aligncenter\"><a href=\"https:\/\/i0.wp.com\/www.pigrecoemme.com\/blog\/wp-content\/uploads\/2014\/11\/charly.png?ssl=1\"><img data-recalc-dims=\"1\" loading=\"lazy\" decoding=\"async\" class=\"size-medium wp-image-1017\" src=\"https:\/\/i0.wp.com\/www.pigrecoemme.com\/blog\/wp-content\/uploads\/2014\/11\/charly.png?resize=300%2C126&#038;ssl=1\" alt=\"I due mondi di Charly\" width=\"300\" height=\"126\" srcset=\"https:\/\/i0.wp.com\/www.pigrecoemme.com\/blog\/wp-content\/uploads\/2014\/11\/charly.png?resize=300%2C126&amp;ssl=1 300w, https:\/\/i0.wp.com\/www.pigrecoemme.com\/blog\/wp-content\/uploads\/2014\/11\/charly.png?resize=500%2C210&amp;ssl=1 500w, https:\/\/i0.wp.com\/www.pigrecoemme.com\/blog\/wp-content\/uploads\/2014\/11\/charly.png?w=608&amp;ssl=1 608w\" sizes=\"auto, (max-width: 300px) 100vw, 300px\" \/><\/a><figcaption id=\"caption-attachment-1017\" class=\"wp-caption-text\">I due mondi di Charly<\/figcaption><\/figure>\n<p>4 &#8211;\u00a0<em><strong>Qualcuno vol\u00f2 sul nido del cuculo <\/strong><\/em>di Milos Forman<\/p>\n<p>Pi\u00f9 che un film, un manifesto. La follia come ribellione ad un regime. Lo avrete visto tutti e sapete che il regime avr\u00e0 la meglio, ma negli anni \u201970 Hollywood aveva sapientemente rinunciato all\u2019<em>happy end<\/em>.<\/p>\n<figure id=\"attachment_1018\" aria-describedby=\"caption-attachment-1018\" style=\"width: 300px\" class=\"wp-caption aligncenter\"><a href=\"https:\/\/i0.wp.com\/www.pigrecoemme.com\/blog\/wp-content\/uploads\/2014\/11\/cuculo2.jpg?ssl=1\"><img data-recalc-dims=\"1\" loading=\"lazy\" decoding=\"async\" class=\"size-medium wp-image-1018\" src=\"https:\/\/i0.wp.com\/www.pigrecoemme.com\/blog\/wp-content\/uploads\/2014\/11\/cuculo2.jpg?resize=300%2C201&#038;ssl=1\" alt=\"Qualcuno vol\u00f2 sul nido del cuculo\" width=\"300\" height=\"201\" srcset=\"https:\/\/i0.wp.com\/www.pigrecoemme.com\/blog\/wp-content\/uploads\/2014\/11\/cuculo2.jpg?resize=300%2C201&amp;ssl=1 300w, https:\/\/i0.wp.com\/www.pigrecoemme.com\/blog\/wp-content\/uploads\/2014\/11\/cuculo2.jpg?resize=446%2C300&amp;ssl=1 446w, https:\/\/i0.wp.com\/www.pigrecoemme.com\/blog\/wp-content\/uploads\/2014\/11\/cuculo2.jpg?w=640&amp;ssl=1 640w\" sizes=\"auto, (max-width: 300px) 100vw, 300px\" \/><\/a><figcaption id=\"caption-attachment-1018\" class=\"wp-caption-text\">Qualcuno vol\u00f2 sul nido del cuculo<\/figcaption><\/figure>\n<p>5 &#8211;\u00a0<em><strong>Bunny Lake \u00e8 scomparsa<\/strong> <\/em>di Otto Preminger<\/p>\n<p>Un giallo in cui il disadattamento della protagonista \u00e8 lo spunto dal quale si dipana un intreccio s\u00ec thriller, ma capace anche di affrontare argomenti scabrosi per l\u2019epoca. Ma Preminger non era nuovo a simili azzardi visto che nel 1959, in <em>Anatomia di un omicidio<\/em>, si parlava di sperma e mutandine.<\/p>\n<figure id=\"attachment_1019\" aria-describedby=\"caption-attachment-1019\" style=\"width: 300px\" class=\"wp-caption aligncenter\"><a href=\"https:\/\/i0.wp.com\/www.pigrecoemme.com\/blog\/wp-content\/uploads\/2014\/11\/bunny_10.jpg?ssl=1\"><img data-recalc-dims=\"1\" loading=\"lazy\" decoding=\"async\" class=\"size-medium wp-image-1019\" src=\"https:\/\/i0.wp.com\/www.pigrecoemme.com\/blog\/wp-content\/uploads\/2014\/11\/bunny_10.jpg?resize=300%2C200&#038;ssl=1\" alt=\"Bunny Lake \u00e8 scomparsa\" width=\"300\" height=\"200\" srcset=\"https:\/\/i0.wp.com\/www.pigrecoemme.com\/blog\/wp-content\/uploads\/2014\/11\/bunny_10.jpg?resize=300%2C200&amp;ssl=1 300w, https:\/\/i0.wp.com\/www.pigrecoemme.com\/blog\/wp-content\/uploads\/2014\/11\/bunny_10.jpg?resize=450%2C300&amp;ssl=1 450w, https:\/\/i0.wp.com\/www.pigrecoemme.com\/blog\/wp-content\/uploads\/2014\/11\/bunny_10.jpg?w=600&amp;ssl=1 600w\" sizes=\"auto, (max-width: 300px) 100vw, 300px\" \/><\/a><figcaption id=\"caption-attachment-1019\" class=\"wp-caption-text\">Bunny Lake \u00e8 scomparsa<\/figcaption><\/figure>\n<p>6 &#8211;\u00a0<em><strong>Si pu\u00f2 fare <\/strong><\/em>di Giulio Manfredonia<\/p>\n<p>C\u2019\u00e8 anche <em>Il grande cocomero<\/em> di Francesca Archibugi, ma, a conti fatti, questo di Giulio Manfredonia \u00e8 forse il miglior lavoro italiano sulla malattia mentale e sui tentativi di un approccio medico non convenzionale approntato per la cura, immediatamente dopo la promulgazione della Legge Basaglia. Azzerderei anche che si tratta della miglior prova da attore di Claudio Bisio.<\/p>\n<figure id=\"attachment_1020\" aria-describedby=\"caption-attachment-1020\" style=\"width: 300px\" class=\"wp-caption aligncenter\"><a href=\"https:\/\/i0.wp.com\/www.pigrecoemme.com\/blog\/wp-content\/uploads\/2014\/11\/claudio-bisio-in-un-immagine-del-film-si-puo-fare-91118.jpg?ssl=1\"><img data-recalc-dims=\"1\" loading=\"lazy\" decoding=\"async\" class=\"size-medium wp-image-1020\" src=\"https:\/\/i0.wp.com\/www.pigrecoemme.com\/blog\/wp-content\/uploads\/2014\/11\/claudio-bisio-in-un-immagine-del-film-si-puo-fare-91118.jpg?resize=300%2C199&#038;ssl=1\" alt=\"Si pu\u00f2 fare\" width=\"300\" height=\"199\" srcset=\"https:\/\/i0.wp.com\/www.pigrecoemme.com\/blog\/wp-content\/uploads\/2014\/11\/claudio-bisio-in-un-immagine-del-film-si-puo-fare-91118.jpg?resize=300%2C199&amp;ssl=1 300w, https:\/\/i0.wp.com\/www.pigrecoemme.com\/blog\/wp-content\/uploads\/2014\/11\/claudio-bisio-in-un-immagine-del-film-si-puo-fare-91118.jpg?resize=451%2C300&amp;ssl=1 451w, https:\/\/i0.wp.com\/www.pigrecoemme.com\/blog\/wp-content\/uploads\/2014\/11\/claudio-bisio-in-un-immagine-del-film-si-puo-fare-91118.jpg?w=800&amp;ssl=1 800w\" sizes=\"auto, (max-width: 300px) 100vw, 300px\" \/><\/a><figcaption id=\"caption-attachment-1020\" class=\"wp-caption-text\">Si pu\u00f2 fare<\/figcaption><\/figure>\n<p>7 &#8211;\u00a0<em><strong>Forrest Gump<\/strong><\/em> di Robert Zemeckis<\/p>\n<p>Nessuno \u00e8 stupido, al massimo qualcuno fa lo stupido. A Napoli si dice \u201cfare lo scemo per non andare alla guerra\u201d, ma Forrest ci va e ci passa attraverso indenne come passa indenne attraverso decenni di storia americana che invece lasciano segni profondi, anche fisici, in tutti gli altri. Il disadattamento come rimedio alle aporie della societ\u00e0 moderna.<\/p>\n<figure id=\"attachment_1021\" aria-describedby=\"caption-attachment-1021\" style=\"width: 300px\" class=\"wp-caption aligncenter\"><a href=\"https:\/\/i0.wp.com\/www.pigrecoemme.com\/blog\/wp-content\/uploads\/2014\/11\/Gump1.jpg?ssl=1\"><img data-recalc-dims=\"1\" loading=\"lazy\" decoding=\"async\" class=\"size-medium wp-image-1021\" src=\"https:\/\/i0.wp.com\/www.pigrecoemme.com\/blog\/wp-content\/uploads\/2014\/11\/Gump1.jpg?resize=300%2C127&#038;ssl=1\" alt=\"Forrest Gump\" width=\"300\" height=\"127\" srcset=\"https:\/\/i0.wp.com\/www.pigrecoemme.com\/blog\/wp-content\/uploads\/2014\/11\/Gump1.jpg?resize=300%2C127&amp;ssl=1 300w, https:\/\/i0.wp.com\/www.pigrecoemme.com\/blog\/wp-content\/uploads\/2014\/11\/Gump1.jpg?resize=500%2C211&amp;ssl=1 500w, https:\/\/i0.wp.com\/www.pigrecoemme.com\/blog\/wp-content\/uploads\/2014\/11\/Gump1.jpg?w=640&amp;ssl=1 640w\" sizes=\"auto, (max-width: 300px) 100vw, 300px\" \/><\/a><figcaption id=\"caption-attachment-1021\" class=\"wp-caption-text\">Forrest Gump<\/figcaption><\/figure>\n<p>8 &#8211;\u00a0<em><strong>Lars e una ragazza tutta sua <\/strong><\/em>di Craig Gillespie<\/p>\n<p>Una forma di disadattamento molto diffusa, indipendentemente dal fatto che venga o meno diagnosticata, \u00e8 quella affettiva. Troviamo sempre pi\u00f9 difficile relazionarci con l\u2019altro da noi e, per questo, le coppie scoppiano oppure faticano a restare unite. Lars ha trovato l\u2019amore perfetto. E, volenti o nolenti, amici e parenti dovranno prenderne atto.<\/p>\n<figure id=\"attachment_1022\" aria-describedby=\"caption-attachment-1022\" style=\"width: 300px\" class=\"wp-caption aligncenter\"><a href=\"https:\/\/i0.wp.com\/www.pigrecoemme.com\/blog\/wp-content\/uploads\/2014\/11\/lars.jpg?ssl=1\"><img data-recalc-dims=\"1\" loading=\"lazy\" decoding=\"async\" class=\"size-medium wp-image-1022\" src=\"https:\/\/i0.wp.com\/www.pigrecoemme.com\/blog\/wp-content\/uploads\/2014\/11\/lars.jpg?resize=300%2C169&#038;ssl=1\" alt=\"Lars e una ragazza tutta sua\" width=\"300\" height=\"169\" srcset=\"https:\/\/i0.wp.com\/www.pigrecoemme.com\/blog\/wp-content\/uploads\/2014\/11\/lars.jpg?resize=300%2C169&amp;ssl=1 300w, https:\/\/i0.wp.com\/www.pigrecoemme.com\/blog\/wp-content\/uploads\/2014\/11\/lars.jpg?resize=500%2C281&amp;ssl=1 500w, https:\/\/i0.wp.com\/www.pigrecoemme.com\/blog\/wp-content\/uploads\/2014\/11\/lars.jpg?w=962&amp;ssl=1 962w\" sizes=\"auto, (max-width: 300px) 100vw, 300px\" \/><\/a><figcaption id=\"caption-attachment-1022\" class=\"wp-caption-text\">Lars e una ragazza tutta sua<\/figcaption><\/figure>\n<p>9 &#8211;\u00a0<em><strong>Benny &amp; Joon<\/strong> <\/em>di\u00a0Jeremiah S. Chechik<\/p>\n<p>Mary Stuart Masterson in preda al panico in strada con una maschera da sub \u00e8 immagine difficile da dimenticare.<br \/>\nMai pi\u00f9 il regista ha ritrovato l&#8217;equilibrio di questo piccolo film, senza cattivi, ma solo con individui alle prese con la fatica dell&#8217;essere e dell&#8217;essere accanto a persone fragili.<br \/>\nJohnny Depp, tra Charlot e Buster Keaton, aveva ancora il gusto della creazione del personaggio, senza atrofizzarsi nella macchietta.<\/p>\n<figure id=\"attachment_1023\" aria-describedby=\"caption-attachment-1023\" style=\"width: 300px\" class=\"wp-caption aligncenter\"><a href=\"https:\/\/i0.wp.com\/www.pigrecoemme.com\/blog\/wp-content\/uploads\/2014\/11\/benny-and-joon-jpg.jpg?ssl=1\"><img data-recalc-dims=\"1\" loading=\"lazy\" decoding=\"async\" class=\"size-medium wp-image-1023\" src=\"https:\/\/i0.wp.com\/www.pigrecoemme.com\/blog\/wp-content\/uploads\/2014\/11\/benny-and-joon-jpg.jpg?resize=300%2C206&#038;ssl=1\" alt=\"Benny &amp; Joon\" width=\"300\" height=\"206\" srcset=\"https:\/\/i0.wp.com\/www.pigrecoemme.com\/blog\/wp-content\/uploads\/2014\/11\/benny-and-joon-jpg.jpg?resize=300%2C206&amp;ssl=1 300w, https:\/\/i0.wp.com\/www.pigrecoemme.com\/blog\/wp-content\/uploads\/2014\/11\/benny-and-joon-jpg.jpg?w=420&amp;ssl=1 420w\" sizes=\"auto, (max-width: 300px) 100vw, 300px\" \/><\/a><figcaption id=\"caption-attachment-1023\" class=\"wp-caption-text\">Benny &amp; Joon<\/figcaption><\/figure>\n<p>10 &#8211;\u00a0<strong><em>Rain Man<\/em> <\/strong>di Barry Levinson<\/p>\n<p>Prima di Raymond Babbitt e della sua incredibile capacit\u00e0 di contare, in un attimo, gli stuzzicadenti caduti sul pavimento di un drugstore, chi aveva mai sentito parlare di autismo? Chi. Chi \u00e8 il giocatore in prima base? Chi.<br \/>\nLa morale \u00e8 semplice, ma ancora non abusata all\u2019epoca: il disadattamento pu\u00f2 salvarti dalla frenesia della societ\u00e0 moderna.<\/p>\n<figure id=\"attachment_1024\" aria-describedby=\"caption-attachment-1024\" style=\"width: 300px\" class=\"wp-caption aligncenter\"><a href=\"https:\/\/i0.wp.com\/www.pigrecoemme.com\/blog\/wp-content\/uploads\/2014\/11\/rain-man-screenplay-03.jpg?ssl=1\"><img data-recalc-dims=\"1\" loading=\"lazy\" decoding=\"async\" class=\"size-medium wp-image-1024\" src=\"https:\/\/i0.wp.com\/www.pigrecoemme.com\/blog\/wp-content\/uploads\/2014\/11\/rain-man-screenplay-03.jpg?resize=300%2C167&#038;ssl=1\" alt=\"Rain Man\" width=\"300\" height=\"167\" srcset=\"https:\/\/i0.wp.com\/www.pigrecoemme.com\/blog\/wp-content\/uploads\/2014\/11\/rain-man-screenplay-03.jpg?resize=300%2C167&amp;ssl=1 300w, https:\/\/i0.wp.com\/www.pigrecoemme.com\/blog\/wp-content\/uploads\/2014\/11\/rain-man-screenplay-03.jpg?resize=500%2C279&amp;ssl=1 500w, https:\/\/i0.wp.com\/www.pigrecoemme.com\/blog\/wp-content\/uploads\/2014\/11\/rain-man-screenplay-03.jpg?w=570&amp;ssl=1 570w\" sizes=\"auto, (max-width: 300px) 100vw, 300px\" \/><\/a><figcaption id=\"caption-attachment-1024\" class=\"wp-caption-text\">Rain Man<\/figcaption><\/figure>\n","protected":false},"excerpt":{"rendered":"<p>Frank, grazie alla collaborazione tra UCI e Unipol Biografilm Collection in collaborazione con I Wonder Pictures, sta per tornare. Il film di Lenny Abrahamson, (apparentemente un\u2019operina stile Sundance, finanche irritante con tutti i suoi&hellip;<\/p>\n","protected":false},"author":3,"featured_media":0,"comment_status":"open","ping_status":"open","sticky":false,"template":"","format":"standard","meta":{"_jetpack_newsletter_access":"","_jetpack_dont_email_post_to_subs":false,"_jetpack_newsletter_tier_id":0,"_jetpack_memberships_contains_paywalled_content":false,"_jetpack_feature_clip_id":0,"_jetpack_memberships_contains_paid_content":false,"footnotes":"","jetpack_post_was_ever_published":false},"categories":[919],"tags":[944,943,1286],"class_list":["post-1013","post","type-post","status-publish","format-standard","hentry","category-playlist","tag-disagio","tag-malattia-mentale","tag-playlist"],"yoast_head":"<!-- This site is optimized with the Yoast SEO plugin v28.3 - https:\/\/yoast.com\/product\/yoast-seo-wordpress\/ -->\n<title>10 film non patetici su malattia e disagio mentale<\/title>\n<meta name=\"description\" content=\"In occasione dell\u2019uscita di Frank di Lenny Abrahamson, abbiamo pensato di stilare una lista, come al solito di 10 film, coi titoli pi\u00f9 significativi su malattia e disagio mentale.\" \/>\n<meta name=\"robots\" content=\"index, follow, max-snippet:-1, max-image-preview:large, max-video-preview:-1\" \/>\n<link rel=\"canonical\" href=\"https:\/\/www.pigrecoemme.com\/blog\/10-film-non-patetici-malattia-disagio-mentale\/\" \/>\n<meta property=\"og:locale\" content=\"it_IT\" \/>\n<meta property=\"og:type\" content=\"article\" \/>\n<meta property=\"og:title\" content=\"10 film non patetici su malattia e disagio mentale\" \/>\n<meta property=\"og:description\" content=\"Scuola di Cinema, Televisione e Fotografia - Napoli\" \/>\n<meta property=\"og:url\" content=\"https:\/\/www.pigrecoemme.com\/blog\/10-film-non-patetici-malattia-disagio-mentale\/\" \/>\n<meta property=\"og:site_name\" content=\"Scuola di Cinema Pigrecoemme - Blog\" \/>\n<meta property=\"article:publisher\" content=\"https:\/\/www.facebook.com\/pigrecoemme\" \/>\n<meta property=\"article:author\" content=\"https:\/\/www.facebook.com\/rosario.gallone\" \/>\n<meta property=\"article:published_time\" content=\"2015-03-20T17:18:13+00:00\" \/>\n<meta property=\"article:modified_time\" content=\"2015-03-20T17:29:08+00:00\" \/>\n<meta property=\"og:image\" content=\"http:\/\/www.pigrecoemme.com\/blog\/wp-content\/uploads\/2014\/11\/MALATTIA-MENTALE.png\" \/>\n<meta name=\"author\" content=\"Rosario Gallone\" \/>\n<meta name=\"twitter:card\" content=\"summary_large_image\" \/>\n<meta name=\"twitter:creator\" content=\"@RosarioGallone\" \/>\n<meta name=\"twitter:site\" content=\"@Pigrecoemme\" \/>\n<meta name=\"twitter:label1\" content=\"Scritto da\" \/>\n\t<meta name=\"twitter:data1\" content=\"Rosario Gallone\" \/>\n\t<meta name=\"twitter:label2\" content=\"Tempo di lettura stimato\" \/>\n\t<meta name=\"twitter:data2\" content=\"4 minuti\" \/>\n<script type=\"application\/ld+json\" class=\"yoast-schema-graph\">{\"@context\":\"https:\\\/\\\/schema.org\",\"@graph\":[{\"@type\":[\"Article\",\"BlogPosting\"],\"@id\":\"https:\\\/\\\/www.pigrecoemme.com\\\/blog\\\/10-film-non-patetici-malattia-disagio-mentale\\\/#article\",\"isPartOf\":{\"@id\":\"https:\\\/\\\/www.pigrecoemme.com\\\/blog\\\/10-film-non-patetici-malattia-disagio-mentale\\\/\"},\"author\":{\"name\":\"Rosario Gallone\",\"@id\":\"https:\\\/\\\/www.pigrecoemme.com\\\/blog\\\/#\\\/schema\\\/person\\\/3fdd423e7c221a503812a1e86daec850\"},\"headline\":\"10 film non patetici su malattia e disagio mentale\",\"datePublished\":\"2015-03-20T17:18:13+00:00\",\"dateModified\":\"2015-03-20T17:29:08+00:00\",\"mainEntityOfPage\":{\"@id\":\"https:\\\/\\\/www.pigrecoemme.com\\\/blog\\\/10-film-non-patetici-malattia-disagio-mentale\\\/\"},\"wordCount\":866,\"commentCount\":2,\"publisher\":{\"@id\":\"https:\\\/\\\/www.pigrecoemme.com\\\/blog\\\/#organization\"},\"image\":{\"@id\":\"https:\\\/\\\/www.pigrecoemme.com\\\/blog\\\/10-film-non-patetici-malattia-disagio-mentale\\\/#primaryimage\"},\"thumbnailUrl\":\"http:\\\/\\\/www.pigrecoemme.com\\\/blog\\\/wp-content\\\/uploads\\\/2014\\\/11\\\/MALATTIA-MENTALE.png\",\"keywords\":[\"disagio\",\"malattia mentale\",\"Playlist\"],\"articleSection\":[\"Playlist\"],\"inLanguage\":\"it-IT\",\"potentialAction\":[{\"@type\":\"CommentAction\",\"name\":\"Comment\",\"target\":[\"https:\\\/\\\/www.pigrecoemme.com\\\/blog\\\/10-film-non-patetici-malattia-disagio-mentale\\\/#respond\"]}]},{\"@type\":\"WebPage\",\"@id\":\"https:\\\/\\\/www.pigrecoemme.com\\\/blog\\\/10-film-non-patetici-malattia-disagio-mentale\\\/\",\"url\":\"https:\\\/\\\/www.pigrecoemme.com\\\/blog\\\/10-film-non-patetici-malattia-disagio-mentale\\\/\",\"name\":\"10 film non patetici su malattia e disagio mentale\",\"isPartOf\":{\"@id\":\"https:\\\/\\\/www.pigrecoemme.com\\\/blog\\\/#website\"},\"primaryImageOfPage\":{\"@id\":\"https:\\\/\\\/www.pigrecoemme.com\\\/blog\\\/10-film-non-patetici-malattia-disagio-mentale\\\/#primaryimage\"},\"image\":{\"@id\":\"https:\\\/\\\/www.pigrecoemme.com\\\/blog\\\/10-film-non-patetici-malattia-disagio-mentale\\\/#primaryimage\"},\"thumbnailUrl\":\"http:\\\/\\\/www.pigrecoemme.com\\\/blog\\\/wp-content\\\/uploads\\\/2014\\\/11\\\/MALATTIA-MENTALE.png\",\"datePublished\":\"2015-03-20T17:18:13+00:00\",\"dateModified\":\"2015-03-20T17:29:08+00:00\",\"description\":\"In occasione dell\u2019uscita di Frank di Lenny Abrahamson, abbiamo pensato di stilare una lista, come al solito di 10 film, coi titoli pi\u00f9 significativi su malattia e disagio mentale.\",\"breadcrumb\":{\"@id\":\"https:\\\/\\\/www.pigrecoemme.com\\\/blog\\\/10-film-non-patetici-malattia-disagio-mentale\\\/#breadcrumb\"},\"inLanguage\":\"it-IT\",\"potentialAction\":[{\"@type\":\"ReadAction\",\"target\":[\"https:\\\/\\\/www.pigrecoemme.com\\\/blog\\\/10-film-non-patetici-malattia-disagio-mentale\\\/\"]}]},{\"@type\":\"ImageObject\",\"inLanguage\":\"it-IT\",\"@id\":\"https:\\\/\\\/www.pigrecoemme.com\\\/blog\\\/10-film-non-patetici-malattia-disagio-mentale\\\/#primaryimage\",\"url\":\"https:\\\/\\\/i0.wp.com\\\/www.pigrecoemme.com\\\/blog\\\/wp-content\\\/uploads\\\/2014\\\/11\\\/MALATTIA-MENTALE.png?fit=484%2C252&ssl=1\",\"contentUrl\":\"https:\\\/\\\/i0.wp.com\\\/www.pigrecoemme.com\\\/blog\\\/wp-content\\\/uploads\\\/2014\\\/11\\\/MALATTIA-MENTALE.png?fit=484%2C252&ssl=1\",\"width\":484,\"height\":252},{\"@type\":\"BreadcrumbList\",\"@id\":\"https:\\\/\\\/www.pigrecoemme.com\\\/blog\\\/10-film-non-patetici-malattia-disagio-mentale\\\/#breadcrumb\",\"itemListElement\":[{\"@type\":\"ListItem\",\"position\":1,\"name\":\"Home\",\"item\":\"https:\\\/\\\/www.pigrecoemme.com\\\/blog\\\/\"},{\"@type\":\"ListItem\",\"position\":2,\"name\":\"10 film non patetici su malattia e disagio mentale\"}]},{\"@type\":\"WebSite\",\"@id\":\"https:\\\/\\\/www.pigrecoemme.com\\\/blog\\\/#website\",\"url\":\"https:\\\/\\\/www.pigrecoemme.com\\\/blog\\\/\",\"name\":\"Scuola di Cinema Pigrecoemme - Blog\",\"description\":\"Siamo la prima Scuola di Cinema e Fotografia di Napoli\",\"publisher\":{\"@id\":\"https:\\\/\\\/www.pigrecoemme.com\\\/blog\\\/#organization\"},\"potentialAction\":[{\"@type\":\"SearchAction\",\"target\":{\"@type\":\"EntryPoint\",\"urlTemplate\":\"https:\\\/\\\/www.pigrecoemme.com\\\/blog\\\/?s={search_term_string}\"},\"query-input\":{\"@type\":\"PropertyValueSpecification\",\"valueRequired\":true,\"valueName\":\"search_term_string\"}}],\"inLanguage\":\"it-IT\"},{\"@type\":\"Organization\",\"@id\":\"https:\\\/\\\/www.pigrecoemme.com\\\/blog\\\/#organization\",\"name\":\"Scuola di cinema e fotografia Pigrecoemme\",\"url\":\"https:\\\/\\\/www.pigrecoemme.com\\\/blog\\\/\",\"logo\":{\"@type\":\"ImageObject\",\"inLanguage\":\"it-IT\",\"@id\":\"https:\\\/\\\/www.pigrecoemme.com\\\/blog\\\/#\\\/schema\\\/logo\\\/image\\\/\",\"url\":\"https:\\\/\\\/i0.wp.com\\\/www.pigrecoemme.com\\\/blog\\\/wp-content\\\/uploads\\\/2018\\\/06\\\/logo-pigrecoemme-2018.png?fit=500%2C500&ssl=1\",\"contentUrl\":\"https:\\\/\\\/i0.wp.com\\\/www.pigrecoemme.com\\\/blog\\\/wp-content\\\/uploads\\\/2018\\\/06\\\/logo-pigrecoemme-2018.png?fit=500%2C500&ssl=1\",\"width\":500,\"height\":500,\"caption\":\"Scuola di cinema e fotografia Pigrecoemme\"},\"image\":{\"@id\":\"https:\\\/\\\/www.pigrecoemme.com\\\/blog\\\/#\\\/schema\\\/logo\\\/image\\\/\"},\"sameAs\":[\"https:\\\/\\\/www.facebook.com\\\/pigrecoemme\",\"https:\\\/\\\/x.com\\\/Pigrecoemme\",\"https:\\\/\\\/www.instagram.com\\\/pigrecoemme\\\/\",\"https:\\\/\\\/www.linkedin.com\\\/company\\\/pigrecoemme\\\/\",\"https:\\\/\\\/www.youtube.com\\\/pigrecoemme\"]},{\"@type\":\"Person\",\"@id\":\"https:\\\/\\\/www.pigrecoemme.com\\\/blog\\\/#\\\/schema\\\/person\\\/3fdd423e7c221a503812a1e86daec850\",\"name\":\"Rosario Gallone\",\"image\":{\"@type\":\"ImageObject\",\"inLanguage\":\"it-IT\",\"@id\":\"https:\\\/\\\/secure.gravatar.com\\\/avatar\\\/7172808a86a713dea422a3159a5fe73d8a0718671410a281103d82dea575d3e9?s=96&r=g\",\"url\":\"https:\\\/\\\/secure.gravatar.com\\\/avatar\\\/7172808a86a713dea422a3159a5fe73d8a0718671410a281103d82dea575d3e9?s=96&r=g\",\"contentUrl\":\"https:\\\/\\\/secure.gravatar.com\\\/avatar\\\/7172808a86a713dea422a3159a5fe73d8a0718671410a281103d82dea575d3e9?s=96&r=g\",\"caption\":\"Rosario Gallone\"},\"description\":\"Rosario \u00e8 tra i fondatori della Pigrecoemme, dove si occupa soprattutto del corso di regia e dell'organizzazione dei corsi. E' autore della sceneggiatura di Isa 9000 (mediometraggio con Isa Danieli diretto da Angelo Serio), del montaggio di documentari e della regia di alcuni cortometraggi.\",\"sameAs\":[\"http:\\\/\\\/www.pigrecoemme.com\\\/\",\"https:\\\/\\\/www.facebook.com\\\/rosario.gallone\",\"https:\\\/\\\/x.com\\\/RosarioGallone\"],\"url\":\"https:\\\/\\\/www.pigrecoemme.com\\\/blog\\\/author\\\/rosario-gallone\\\/\"}]}<\/script>\n<!-- \/ Yoast SEO plugin. -->","yoast_head_json":{"title":"10 film non patetici su malattia e disagio mentale","description":"In occasione dell\u2019uscita di Frank di Lenny Abrahamson, abbiamo pensato di stilare una lista, come al solito di 10 film, coi titoli pi\u00f9 significativi su malattia e disagio mentale.","robots":{"index":"index","follow":"follow","max-snippet":"max-snippet:-1","max-image-preview":"max-image-preview:large","max-video-preview":"max-video-preview:-1"},"canonical":"https:\/\/www.pigrecoemme.com\/blog\/10-film-non-patetici-malattia-disagio-mentale\/","og_locale":"it_IT","og_type":"article","og_title":"10 film non patetici su malattia e disagio mentale","og_description":"Scuola di Cinema, Televisione e Fotografia - Napoli","og_url":"https:\/\/www.pigrecoemme.com\/blog\/10-film-non-patetici-malattia-disagio-mentale\/","og_site_name":"Scuola di Cinema Pigrecoemme - Blog","article_publisher":"https:\/\/www.facebook.com\/pigrecoemme","article_author":"https:\/\/www.facebook.com\/rosario.gallone","article_published_time":"2015-03-20T17:18:13+00:00","article_modified_time":"2015-03-20T17:29:08+00:00","og_image":[{"url":"http:\/\/www.pigrecoemme.com\/blog\/wp-content\/uploads\/2014\/11\/MALATTIA-MENTALE.png","type":"","width":"","height":""}],"author":"Rosario Gallone","twitter_card":"summary_large_image","twitter_creator":"@RosarioGallone","twitter_site":"@Pigrecoemme","twitter_misc":{"Scritto da":"Rosario Gallone","Tempo di lettura stimato":"4 minuti"},"schema":{"@context":"https:\/\/schema.org","@graph":[{"@type":["Article","BlogPosting"],"@id":"https:\/\/www.pigrecoemme.com\/blog\/10-film-non-patetici-malattia-disagio-mentale\/#article","isPartOf":{"@id":"https:\/\/www.pigrecoemme.com\/blog\/10-film-non-patetici-malattia-disagio-mentale\/"},"author":{"name":"Rosario Gallone","@id":"https:\/\/www.pigrecoemme.com\/blog\/#\/schema\/person\/3fdd423e7c221a503812a1e86daec850"},"headline":"10 film non patetici su malattia e disagio mentale","datePublished":"2015-03-20T17:18:13+00:00","dateModified":"2015-03-20T17:29:08+00:00","mainEntityOfPage":{"@id":"https:\/\/www.pigrecoemme.com\/blog\/10-film-non-patetici-malattia-disagio-mentale\/"},"wordCount":866,"commentCount":2,"publisher":{"@id":"https:\/\/www.pigrecoemme.com\/blog\/#organization"},"image":{"@id":"https:\/\/www.pigrecoemme.com\/blog\/10-film-non-patetici-malattia-disagio-mentale\/#primaryimage"},"thumbnailUrl":"http:\/\/www.pigrecoemme.com\/blog\/wp-content\/uploads\/2014\/11\/MALATTIA-MENTALE.png","keywords":["disagio","malattia mentale","Playlist"],"articleSection":["Playlist"],"inLanguage":"it-IT","potentialAction":[{"@type":"CommentAction","name":"Comment","target":["https:\/\/www.pigrecoemme.com\/blog\/10-film-non-patetici-malattia-disagio-mentale\/#respond"]}]},{"@type":"WebPage","@id":"https:\/\/www.pigrecoemme.com\/blog\/10-film-non-patetici-malattia-disagio-mentale\/","url":"https:\/\/www.pigrecoemme.com\/blog\/10-film-non-patetici-malattia-disagio-mentale\/","name":"10 film non patetici su malattia e disagio mentale","isPartOf":{"@id":"https:\/\/www.pigrecoemme.com\/blog\/#website"},"primaryImageOfPage":{"@id":"https:\/\/www.pigrecoemme.com\/blog\/10-film-non-patetici-malattia-disagio-mentale\/#primaryimage"},"image":{"@id":"https:\/\/www.pigrecoemme.com\/blog\/10-film-non-patetici-malattia-disagio-mentale\/#primaryimage"},"thumbnailUrl":"http:\/\/www.pigrecoemme.com\/blog\/wp-content\/uploads\/2014\/11\/MALATTIA-MENTALE.png","datePublished":"2015-03-20T17:18:13+00:00","dateModified":"2015-03-20T17:29:08+00:00","description":"In occasione dell\u2019uscita di Frank di Lenny Abrahamson, abbiamo pensato di stilare una lista, come al solito di 10 film, coi titoli pi\u00f9 significativi su malattia e disagio mentale.","breadcrumb":{"@id":"https:\/\/www.pigrecoemme.com\/blog\/10-film-non-patetici-malattia-disagio-mentale\/#breadcrumb"},"inLanguage":"it-IT","potentialAction":[{"@type":"ReadAction","target":["https:\/\/www.pigrecoemme.com\/blog\/10-film-non-patetici-malattia-disagio-mentale\/"]}]},{"@type":"ImageObject","inLanguage":"it-IT","@id":"https:\/\/www.pigrecoemme.com\/blog\/10-film-non-patetici-malattia-disagio-mentale\/#primaryimage","url":"https:\/\/i0.wp.com\/www.pigrecoemme.com\/blog\/wp-content\/uploads\/2014\/11\/MALATTIA-MENTALE.png?fit=484%2C252&ssl=1","contentUrl":"https:\/\/i0.wp.com\/www.pigrecoemme.com\/blog\/wp-content\/uploads\/2014\/11\/MALATTIA-MENTALE.png?fit=484%2C252&ssl=1","width":484,"height":252},{"@type":"BreadcrumbList","@id":"https:\/\/www.pigrecoemme.com\/blog\/10-film-non-patetici-malattia-disagio-mentale\/#breadcrumb","itemListElement":[{"@type":"ListItem","position":1,"name":"Home","item":"https:\/\/www.pigrecoemme.com\/blog\/"},{"@type":"ListItem","position":2,"name":"10 film non patetici su malattia e disagio mentale"}]},{"@type":"WebSite","@id":"https:\/\/www.pigrecoemme.com\/blog\/#website","url":"https:\/\/www.pigrecoemme.com\/blog\/","name":"Scuola di Cinema Pigrecoemme - Blog","description":"Siamo la prima Scuola di Cinema e Fotografia di Napoli","publisher":{"@id":"https:\/\/www.pigrecoemme.com\/blog\/#organization"},"potentialAction":[{"@type":"SearchAction","target":{"@type":"EntryPoint","urlTemplate":"https:\/\/www.pigrecoemme.com\/blog\/?s={search_term_string}"},"query-input":{"@type":"PropertyValueSpecification","valueRequired":true,"valueName":"search_term_string"}}],"inLanguage":"it-IT"},{"@type":"Organization","@id":"https:\/\/www.pigrecoemme.com\/blog\/#organization","name":"Scuola di cinema e fotografia Pigrecoemme","url":"https:\/\/www.pigrecoemme.com\/blog\/","logo":{"@type":"ImageObject","inLanguage":"it-IT","@id":"https:\/\/www.pigrecoemme.com\/blog\/#\/schema\/logo\/image\/","url":"https:\/\/i0.wp.com\/www.pigrecoemme.com\/blog\/wp-content\/uploads\/2018\/06\/logo-pigrecoemme-2018.png?fit=500%2C500&ssl=1","contentUrl":"https:\/\/i0.wp.com\/www.pigrecoemme.com\/blog\/wp-content\/uploads\/2018\/06\/logo-pigrecoemme-2018.png?fit=500%2C500&ssl=1","width":500,"height":500,"caption":"Scuola di cinema e fotografia Pigrecoemme"},"image":{"@id":"https:\/\/www.pigrecoemme.com\/blog\/#\/schema\/logo\/image\/"},"sameAs":["https:\/\/www.facebook.com\/pigrecoemme","https:\/\/x.com\/Pigrecoemme","https:\/\/www.instagram.com\/pigrecoemme\/","https:\/\/www.linkedin.com\/company\/pigrecoemme\/","https:\/\/www.youtube.com\/pigrecoemme"]},{"@type":"Person","@id":"https:\/\/www.pigrecoemme.com\/blog\/#\/schema\/person\/3fdd423e7c221a503812a1e86daec850","name":"Rosario Gallone","image":{"@type":"ImageObject","inLanguage":"it-IT","@id":"https:\/\/secure.gravatar.com\/avatar\/7172808a86a713dea422a3159a5fe73d8a0718671410a281103d82dea575d3e9?s=96&r=g","url":"https:\/\/secure.gravatar.com\/avatar\/7172808a86a713dea422a3159a5fe73d8a0718671410a281103d82dea575d3e9?s=96&r=g","contentUrl":"https:\/\/secure.gravatar.com\/avatar\/7172808a86a713dea422a3159a5fe73d8a0718671410a281103d82dea575d3e9?s=96&r=g","caption":"Rosario Gallone"},"description":"Rosario \u00e8 tra i fondatori della Pigrecoemme, dove si occupa soprattutto del corso di regia e dell'organizzazione dei corsi. E' autore della sceneggiatura di Isa 9000 (mediometraggio con Isa Danieli diretto da Angelo Serio), del montaggio di documentari e della regia di alcuni cortometraggi.","sameAs":["http:\/\/www.pigrecoemme.com\/","https:\/\/www.facebook.com\/rosario.gallone","https:\/\/x.com\/RosarioGallone"],"url":"https:\/\/www.pigrecoemme.com\/blog\/author\/rosario-gallone\/"}]}},"jetpack_sharing_enabled":true,"jetpack_likes_enabled":true,"jetpack-related-posts":[{"id":1235,"url":"https:\/\/www.pigrecoemme.com\/blog\/montagskino\/","url_meta":{"origin":1013,"position":0},"title":"Montagskino: la rassegna sul nuovo cinema tedesco","author":"Corrado Morra","date":"19 Febbraio 2015","format":false,"excerpt":"Anche quest'anno il nuovo cinema tedesco avr\u00e0 la sua pi\u00f9 importante vetrina in citt\u00e0 grazie a\u00a0Montagskino,\u00a0la rassegna dedicata al Festival Internazionale del Cinema di Berlino\u00a0a cura del\u00a0Goethe-Institut Napoli. Giunto alla quinta edizione, il ciclo di film andr\u00e0 avanti, dal\u00a02 marzo al 27 aprile, presso il\u00a0Multicinema Modernissimo\u00a0(via Cisterna dell'Olio a Napoli).\u2026","rel":"","context":"In &quot;Eventi&quot;","block_context":{"text":"Eventi","link":"https:\/\/www.pigrecoemme.com\/blog\/eventi\/"},"img":{"alt_text":"MK5_flyer","src":"https:\/\/i0.wp.com\/www.pigrecoemme.com\/blog\/wp-content\/uploads\/2015\/02\/MK5_flyer-214x300.jpg?resize=350%2C200","width":350,"height":200},"classes":[]},{"id":157,"url":"https:\/\/www.pigrecoemme.com\/blog\/lo-spot-diretto-da-angelo-serio-al-napoli-film-festival\/","url_meta":{"origin":1013,"position":1},"title":"Lo spot diretto da Angelo Serio al Napoli Film Festival","author":"Giacomo Fabbrocino","date":"14 Giugno 2009","format":false,"excerpt":"Al Napoli Film Festival, la consueta rassegna in corso di svolgimento a Castel Sant\u2019Elmo\u00a0 fino a luned\u00ec 15 giugno 2009, sar\u00e0 presente anche uno spot per promuovere l\u2019affido familiare. Fidarsi \u00e8 bene, affidarsi \u00e8 bello \u00e8 il suo titolo: lo spot \u00e8 diretto dal regista Angelo Serio e ha come\u2026","rel":"","context":"In &quot;Generale&quot;","block_context":{"text":"Generale","link":"https:\/\/www.pigrecoemme.com\/blog\/generale\/"},"img":{"alt_text":"","src":"","width":0,"height":0},"classes":[]},{"id":873,"url":"https:\/\/www.pigrecoemme.com\/blog\/le-10-imprescindibili-soggettive-della-storia-del-cinema\/","url_meta":{"origin":1013,"position":2},"title":"Le 10 imprescindibili soggettive della storia del cinema","author":"Rosario Gallone","date":"20 Ottobre 2014","format":false,"excerpt":"La soggettiva \u00e8 \"l'inquadratura che mutua lo sguardo di un personaggio\". Solo per questo le altre inquadrature possono chiamarsi oggettive. In realt\u00e0 anche queste tradiscono un punto di vista, quello del regista. Christian Metz, infatti, sostiene che, come in psicanalisi, anche al cinema, per lo spettatore, sia possibile individuare un'identificazione\u2026","rel":"","context":"In &quot;Playlist&quot;","block_context":{"text":"Playlist","link":"https:\/\/www.pigrecoemme.com\/blog\/analisi-e-critica-2\/playlist\/"},"img":{"alt_text":"","src":"https:\/\/i0.wp.com\/www.pigrecoemme.com\/blog\/wp-content\/uploads\/2014\/10\/soggettive.png?resize=350%2C200","width":350,"height":200,"srcset":"https:\/\/i0.wp.com\/www.pigrecoemme.com\/blog\/wp-content\/uploads\/2014\/10\/soggettive.png?resize=350%2C200 1x, https:\/\/i0.wp.com\/www.pigrecoemme.com\/blog\/wp-content\/uploads\/2014\/10\/soggettive.png?resize=525%2C300 1.5x, https:\/\/i0.wp.com\/www.pigrecoemme.com\/blog\/wp-content\/uploads\/2014\/10\/soggettive.png?resize=700%2C400 2x"},"classes":[]},{"id":1378,"url":"https:\/\/www.pigrecoemme.com\/blog\/prima-di-youth-10-film-sulla-giovinezza\/","url_meta":{"origin":1013,"position":3},"title":"Prima di Youth: 10 film sulla giovinezza","author":"Giacomo Fabbrocino","date":"25 Maggio 2015","format":false,"excerpt":"Il tema \u00e8 sconfinato e fin troppo sfaccettato per essere racchiuso in una playlist di 10 film, e nella storia del cinema si articola su molteplici piani: il labile confine che separa prima tra loro infanzia e adolescenza e poi tutto dall'et\u00e0 adulta;\u00a0il periodo della giovinezza come et\u00e0 dell'oro, et\u00e0\u2026","rel":"","context":"In &quot;Analisi e Critica&quot;","block_context":{"text":"Analisi e Critica","link":"https:\/\/www.pigrecoemme.com\/blog\/analisi-e-critica-2\/"},"img":{"alt_text":"10 film sulla giovent\u00f9","src":"https:\/\/i0.wp.com\/www.pigrecoemme.com\/blog\/wp-content\/uploads\/2015\/05\/10-film-sulla-gioventu.jpg?resize=350%2C200","width":350,"height":200},"classes":[]},{"id":1443,"url":"https:\/\/www.pigrecoemme.com\/blog\/lospite-inatteso\/","url_meta":{"origin":1013,"position":4},"title":"L\u2019ospite inatteso. 10 film sull\u2019identit\u00e0","author":"Corrado Morra","date":"31 Luglio 2015","format":false,"excerpt":"Presentata nel 2012 nell\u2019ambito della rassegna Storia permanente del cinema al PAN di Napoli, in un ciclo di proiezioni dal titolo \u201cL\u2019ospite inatteso\u201d, questa rosa di film, leggermente ampliata (ed evidentemente ancora parziale: la lista parte volutamente dagli anni Settanta), viene ora riproposta quale piccolo contributo per stabilire (ci si\u2026","rel":"","context":"In &quot;Analisi e Critica&quot;","block_context":{"text":"Analisi e Critica","link":"https:\/\/www.pigrecoemme.com\/blog\/analisi-e-critica-2\/"},"img":{"alt_text":"ospite","src":"https:\/\/i0.wp.com\/www.pigrecoemme.com\/blog\/wp-content\/uploads\/2015\/07\/ospite.png?resize=350%2C200","width":350,"height":200},"classes":[]},{"id":450,"url":"https:\/\/www.pigrecoemme.com\/blog\/lo-stage-di-fotogiornalismo-da-pigrecoemme-al-corriere-della-sera\/","url_meta":{"origin":1013,"position":5},"title":"Lo stage di Fotogiornalismo: da Pigrecoemme al Corriere della sera","author":"Corrado Morra","date":"21 Dicembre 2011","format":false,"excerpt":"23 ottobre 2011. Il Corriere della sera, principale quotidiano italiano, esce con una pagina intera dedicata alle cronache del convegno dei giovani industriali a Capri. L'appuntamento - uno dei termometri pi\u00f9 sensibili dell'economia del Paese - quest'anno \u00e8 particolarmente caldo: la presidente di Confindustria - Emma Marcegaglia - non nasconde\u2026","rel":"","context":"In &quot;Eventi&quot;","block_context":{"text":"Eventi","link":"https:\/\/www.pigrecoemme.com\/blog\/eventi\/"},"img":{"alt_text":"","src":"https:\/\/i0.wp.com\/www.pigrecoemme.com\/blog\/wp-content\/uploads\/2011\/12\/pigrecoemme-corsera-300x207.jpg?resize=350%2C200","width":350,"height":200},"classes":[]}],"jetpack_featured_media_url":"","_links":{"self":[{"href":"https:\/\/www.pigrecoemme.com\/blog\/wp-json\/wp\/v2\/posts\/1013","targetHints":{"allow":["GET"]}}],"collection":[{"href":"https:\/\/www.pigrecoemme.com\/blog\/wp-json\/wp\/v2\/posts"}],"about":[{"href":"https:\/\/www.pigrecoemme.com\/blog\/wp-json\/wp\/v2\/types\/post"}],"author":[{"embeddable":true,"href":"https:\/\/www.pigrecoemme.com\/blog\/wp-json\/wp\/v2\/users\/3"}],"replies":[{"embeddable":true,"href":"https:\/\/www.pigrecoemme.com\/blog\/wp-json\/wp\/v2\/comments?post=1013"}],"version-history":[{"count":0,"href":"https:\/\/www.pigrecoemme.com\/blog\/wp-json\/wp\/v2\/posts\/1013\/revisions"}],"wp:attachment":[{"href":"https:\/\/www.pigrecoemme.com\/blog\/wp-json\/wp\/v2\/media?parent=1013"}],"wp:term":[{"taxonomy":"category","embeddable":true,"href":"https:\/\/www.pigrecoemme.com\/blog\/wp-json\/wp\/v2\/categories?post=1013"},{"taxonomy":"post_tag","embeddable":true,"href":"https:\/\/www.pigrecoemme.com\/blog\/wp-json\/wp\/v2\/tags?post=1013"}],"curies":[{"name":"wp","href":"https:\/\/api.w.org\/{rel}","templated":true}]}}