{"id":10,"date":"2007-10-08T18:34:20","date_gmt":"2007-10-08T16:34:20","guid":{"rendered":"http:\/\/www.pigrecoemme.com\/blog\/domani-martedi-9-ottobre-giornata-dedicata-ad-ugo-gregoretti\/"},"modified":"2007-10-09T18:27:35","modified_gmt":"2007-10-09T16:27:35","slug":"domani-martedi-9-ottobre-giornata-dedicata-ad-ugo-gregoretti","status":"publish","type":"post","link":"https:\/\/www.pigrecoemme.com\/blog\/domani-martedi-9-ottobre-giornata-dedicata-ad-ugo-gregoretti\/","title":{"rendered":"Domani, marted\u00ec 9 ottobre, giornata dedicata ad Ugo Gregoretti"},"content":{"rendered":"<p>In occasione dell&#8217;incontro conclusivo de <a href=\"http:\/\/www.pigrecoemme.com\/forum\/index.php?showtopic=10265\">I film della mia vita<\/a>, iniziativa della Mediateca di S. Sofia in collaborazione con la <a href=\"http:\/\/www.pigrecoemme.com\/\">Scuola di cinema Pigrecoemme<\/a> di Napoli, in programma al PAN alle ore 18,00, il Sindaco di Napoli e l&#8217;assessore alle Politiche sociali e giovanili Giulio Riccio conferiranno al Maestro Ugo Gregoretti una medaglia d&#8217;oro in segno di riconoscimento e di gratitudine della citt\u00e0.<br \/>\nLa cerimonia avverr\u00e0 domani, 9 ottobre ottobre 2007, nella Sala Giunta di Palazzo S. Giacomo alle ore 13,00.<\/p>\n<p>Il legame del regista con Napoli \u00e8 forte. Ugo Gregoretti, infatti, ha vissuto in citt\u00e0 fino all&#8217;et\u00e0 di 24 anni, approntando qui i suoi studi e la sua formazione.<br \/>\nUn rapporto profondo e ideale, cementatosi in seguito grazie ai suoi numerosi impegni negli studi RAI di Fuorigrotta, e testimoniato vieppi\u00f9 da tutto il suo cinema e la sua televisione che ha sempre vissuto di un ulteriore tocco di leggera filosofia e di afflato umano che come il maestro ha pi\u00f9 volte dichiarato  \u00e8 il debito pi\u00f9 evidente e prezioso che egli ha contratto con Napoli e il suo straordinario ed inimitabile esprit.<br \/>\nla giornata continua con l&#8217;appunatmento al Pan, alle 18.00 per l&#8217;ultimo appuntamento della rassegna di incontri: I film della mia vita<br \/>\nGregoretti racconter\u00e0 al pubblico il proprio personale romanzo di formazione visivo, mostrando sequenze di film, inquadrature, raccontandone brani e sensazioni in grado di ripercorrere memorie, aneddoti e percorsi personali attraverso il cinema che ha amato e che l&#8217;ha formato come fine  intellettuale e sottile uomo di spettacolo.<\/p>\n<p>L&#8217;incontro. Dai cercatori d\u2019oro de Il tesoro della Sierra Madre (John Huston 1948)ai tableaux vivants di Barry Lindon (Stanley Kubrick 1975); dal rigore ieratico e formale di Ordet  (Carl Theodor Dreyer 1955) al neorealismo crepuscolare di Una giornata particolare (Ettore Scola 1977), Ugo Gregoretti ci sveler\u00e0 il legame tra questi film, veri e propri capisaldi del cinema mondiale, e l\u2019influenza sulla \u201csua vita\u201d professionale ed interiore.<\/p>\n<p>Ugo Gregoretti. Regista cinematografico, genio della TV, raffinato &#8220;metteur en sc\u00e8ne&#8221; di melodrammi e opere buffe, Gregoretti \u00e8 uno dei protagonisti dello spettacolo italiano del secondo Novecento. Nato nel 1930 a Roma, ha iniziato nel 1953 a lavorare in RAI come regista e autore televisivo, firmando trasmissioni come &#8220;Semaforo&#8221; e &#8220;Controfagotto&#8221;, documentari come &#8220;La Sicilia del Gattopardo&#8221; (1960, Premio Italia) e sceneggiati come &#8220;Il Circolo Pickwick&#8221; (1967). La sua filmografia comprende: &#8220;I nuovi angeli&#8221; (1961), &#8220;RO.GO.PA.G.&#8221; (1963, con Roberto Rossellini, Jean-Luc Godard e Pier Paolo Pasolini), &#8220;Omicron&#8221; (1963), &#8220;Le belle famiglie&#8221; (1964), &#8220;Vietnam, scene del dopoguerra&#8221; (1975), &#8220;Maggio musicale&#8221; (1990).<\/p>\n<p><strong>In sintesi, ecco il programma<\/strong><br \/>\nOre 13,00 &#8211; Sala Giunta di Palazzo S.Giacomo, Piazza Municipio &#8211; Premiazione<br \/>\nOre 18.00 &#8211; Ciclo di incontri &#8220;I film della mia vita&#8221;, appuntamento con Ugo Gregoretti: al Pan &#8211; Palazzo delle arti di Napoli, Via dei Mille 60.<\/p>\n<p><strong>L&#8217;ingresso ad entrambi gli appuntamenti \u00e8 libero e siete, naturalmente, tutti invitati<\/strong> \ud83d\ude42<\/p>\n","protected":false},"excerpt":{"rendered":"<p>In occasione dell&#8217;incontro conclusivo de I film della mia vita, iniziativa della Mediateca di S. Sofia in collaborazione con la Scuola di cinema Pigrecoemme di Napoli, in programma al PAN alle ore 18,00, il&hellip;<\/p>\n","protected":false},"author":1,"featured_media":0,"comment_status":"open","ping_status":"open","sticky":false,"template":"","format":"standard","meta":{"_jetpack_newsletter_access":"","_jetpack_dont_email_post_to_subs":false,"_jetpack_newsletter_tier_id":0,"_jetpack_memberships_contains_paywalled_content":false,"_jetpack_feature_clip_id":0,"_jetpack_memberships_contains_paid_content":false,"footnotes":"","jetpack_post_was_ever_published":false},"categories":[11],"tags":[14,15,28],"class_list":["post-10","post","type-post","status-publish","format-standard","hentry","category-eventi","tag-i-film-della-mia-vita","tag-pan","tag-ugo-gregoretti"],"yoast_head":"<!-- This site is optimized with the Yoast SEO plugin v28.4 - https:\/\/yoast.com\/product\/yoast-seo-wordpress\/ -->\n<title>Domani, marted\u00ec 9 ottobre, giornata dedicata ad Ugo Gregoretti<\/title>\n<meta name=\"robots\" content=\"index, follow, max-snippet:-1, max-image-preview:large, max-video-preview:-1\" \/>\n<link rel=\"canonical\" href=\"https:\/\/www.pigrecoemme.com\/blog\/domani-martedi-9-ottobre-giornata-dedicata-ad-ugo-gregoretti\/\" \/>\n<meta property=\"og:locale\" content=\"it_IT\" \/>\n<meta property=\"og:type\" content=\"article\" \/>\n<meta property=\"og:title\" content=\"Domani, marted\u00ec 9 ottobre, giornata dedicata ad Ugo Gregoretti\" \/>\n<meta property=\"og:description\" content=\"In occasione dell&#8217;incontro conclusivo de I film della mia vita, iniziativa della Mediateca di S. Sofia in collaborazione con la Scuola di cinema Pigrecoemme di Napoli, in programma al PAN alle ore 18,00, il Sindaco di Napoli e l&#8217;assessore alle &hellip; Continue reading &rarr;\" \/>\n<meta property=\"og:url\" content=\"https:\/\/www.pigrecoemme.com\/blog\/domani-martedi-9-ottobre-giornata-dedicata-ad-ugo-gregoretti\/\" \/>\n<meta property=\"og:site_name\" content=\"Scuola di Cinema Pigrecoemme - Blog\" \/>\n<meta property=\"article:publisher\" content=\"https:\/\/www.facebook.com\/pigrecoemme\" \/>\n<meta property=\"article:author\" content=\"https:\/\/www.facebook.com\/giacomo.fabbrocino\" \/>\n<meta property=\"article:published_time\" content=\"2007-10-08T16:34:20+00:00\" \/>\n<meta property=\"article:modified_time\" content=\"2007-10-09T16:27:35+00:00\" \/>\n<meta property=\"og:image\" content=\"https:\/\/i0.wp.com\/www.pigrecoemme.com\/blog\/wp-content\/uploads\/2014\/11\/pigrecoemme-test1.jpg?fit=484%2C252&ssl=1\" \/>\n\t<meta property=\"og:image:width\" content=\"484\" \/>\n\t<meta property=\"og:image:height\" content=\"252\" \/>\n\t<meta property=\"og:image:type\" content=\"image\/jpeg\" \/>\n<meta name=\"author\" content=\"Giacomo Fabbrocino\" \/>\n<meta name=\"twitter:card\" content=\"summary_large_image\" \/>\n<meta name=\"twitter:creator\" content=\"@Pigrecoemme\" \/>\n<meta name=\"twitter:site\" content=\"@Pigrecoemme\" \/>\n<meta name=\"twitter:label1\" content=\"Scritto da\" \/>\n\t<meta name=\"twitter:data1\" content=\"Giacomo Fabbrocino\" \/>\n\t<meta name=\"twitter:label2\" content=\"Tempo di lettura stimato\" \/>\n\t<meta name=\"twitter:data2\" content=\"2 minuti\" \/>\n<script type=\"application\/ld+json\" class=\"yoast-schema-graph\">{\"@context\":\"https:\\\/\\\/schema.org\",\"@graph\":[{\"@type\":[\"Article\",\"BlogPosting\"],\"@id\":\"https:\\\/\\\/www.pigrecoemme.com\\\/blog\\\/domani-martedi-9-ottobre-giornata-dedicata-ad-ugo-gregoretti\\\/#article\",\"isPartOf\":{\"@id\":\"https:\\\/\\\/www.pigrecoemme.com\\\/blog\\\/domani-martedi-9-ottobre-giornata-dedicata-ad-ugo-gregoretti\\\/\"},\"author\":{\"name\":\"Giacomo Fabbrocino\",\"@id\":\"https:\\\/\\\/www.pigrecoemme.com\\\/blog\\\/#\\\/schema\\\/person\\\/57fa822c3d209d3a2612fd0411ae63f4\"},\"headline\":\"Domani, marted\u00ec 9 ottobre, giornata dedicata ad Ugo Gregoretti\",\"datePublished\":\"2007-10-08T16:34:20+00:00\",\"dateModified\":\"2007-10-09T16:27:35+00:00\",\"mainEntityOfPage\":{\"@id\":\"https:\\\/\\\/www.pigrecoemme.com\\\/blog\\\/domani-martedi-9-ottobre-giornata-dedicata-ad-ugo-gregoretti\\\/\"},\"wordCount\":471,\"commentCount\":3,\"publisher\":{\"@id\":\"https:\\\/\\\/www.pigrecoemme.com\\\/blog\\\/#organization\"},\"keywords\":[\"i film della mia vita\",\"pan\",\"ugo gregoretti\"],\"articleSection\":[\"Eventi\"],\"inLanguage\":\"it-IT\",\"potentialAction\":[{\"@type\":\"CommentAction\",\"name\":\"Comment\",\"target\":[\"https:\\\/\\\/www.pigrecoemme.com\\\/blog\\\/domani-martedi-9-ottobre-giornata-dedicata-ad-ugo-gregoretti\\\/#respond\"]}]},{\"@type\":\"WebPage\",\"@id\":\"https:\\\/\\\/www.pigrecoemme.com\\\/blog\\\/domani-martedi-9-ottobre-giornata-dedicata-ad-ugo-gregoretti\\\/\",\"url\":\"https:\\\/\\\/www.pigrecoemme.com\\\/blog\\\/domani-martedi-9-ottobre-giornata-dedicata-ad-ugo-gregoretti\\\/\",\"name\":\"Domani, marted\u00ec 9 ottobre, giornata dedicata ad Ugo Gregoretti\",\"isPartOf\":{\"@id\":\"https:\\\/\\\/www.pigrecoemme.com\\\/blog\\\/#website\"},\"datePublished\":\"2007-10-08T16:34:20+00:00\",\"dateModified\":\"2007-10-09T16:27:35+00:00\",\"breadcrumb\":{\"@id\":\"https:\\\/\\\/www.pigrecoemme.com\\\/blog\\\/domani-martedi-9-ottobre-giornata-dedicata-ad-ugo-gregoretti\\\/#breadcrumb\"},\"inLanguage\":\"it-IT\",\"potentialAction\":[{\"@type\":\"ReadAction\",\"target\":[\"https:\\\/\\\/www.pigrecoemme.com\\\/blog\\\/domani-martedi-9-ottobre-giornata-dedicata-ad-ugo-gregoretti\\\/\"]}]},{\"@type\":\"BreadcrumbList\",\"@id\":\"https:\\\/\\\/www.pigrecoemme.com\\\/blog\\\/domani-martedi-9-ottobre-giornata-dedicata-ad-ugo-gregoretti\\\/#breadcrumb\",\"itemListElement\":[{\"@type\":\"ListItem\",\"position\":1,\"name\":\"Home\",\"item\":\"https:\\\/\\\/www.pigrecoemme.com\\\/blog\\\/\"},{\"@type\":\"ListItem\",\"position\":2,\"name\":\"Domani, marted\u00ec 9 ottobre, giornata dedicata ad Ugo Gregoretti\"}]},{\"@type\":\"WebSite\",\"@id\":\"https:\\\/\\\/www.pigrecoemme.com\\\/blog\\\/#website\",\"url\":\"https:\\\/\\\/www.pigrecoemme.com\\\/blog\\\/\",\"name\":\"Scuola di Cinema Pigrecoemme - Blog\",\"description\":\"Siamo la prima Scuola di Cinema e Fotografia di Napoli\",\"publisher\":{\"@id\":\"https:\\\/\\\/www.pigrecoemme.com\\\/blog\\\/#organization\"},\"potentialAction\":[{\"@type\":\"SearchAction\",\"target\":{\"@type\":\"EntryPoint\",\"urlTemplate\":\"https:\\\/\\\/www.pigrecoemme.com\\\/blog\\\/?s={search_term_string}\"},\"query-input\":{\"@type\":\"PropertyValueSpecification\",\"valueRequired\":true,\"valueName\":\"search_term_string\"}}],\"inLanguage\":\"it-IT\"},{\"@type\":\"Organization\",\"@id\":\"https:\\\/\\\/www.pigrecoemme.com\\\/blog\\\/#organization\",\"name\":\"Scuola di cinema e fotografia Pigrecoemme\",\"url\":\"https:\\\/\\\/www.pigrecoemme.com\\\/blog\\\/\",\"logo\":{\"@type\":\"ImageObject\",\"inLanguage\":\"it-IT\",\"@id\":\"https:\\\/\\\/www.pigrecoemme.com\\\/blog\\\/#\\\/schema\\\/logo\\\/image\\\/\",\"url\":\"https:\\\/\\\/i0.wp.com\\\/www.pigrecoemme.com\\\/blog\\\/wp-content\\\/uploads\\\/2018\\\/06\\\/logo-pigrecoemme-2018.png?fit=500%2C500&ssl=1\",\"contentUrl\":\"https:\\\/\\\/i0.wp.com\\\/www.pigrecoemme.com\\\/blog\\\/wp-content\\\/uploads\\\/2018\\\/06\\\/logo-pigrecoemme-2018.png?fit=500%2C500&ssl=1\",\"width\":500,\"height\":500,\"caption\":\"Scuola di cinema e fotografia Pigrecoemme\"},\"image\":{\"@id\":\"https:\\\/\\\/www.pigrecoemme.com\\\/blog\\\/#\\\/schema\\\/logo\\\/image\\\/\"},\"sameAs\":[\"https:\\\/\\\/www.facebook.com\\\/pigrecoemme\",\"https:\\\/\\\/x.com\\\/Pigrecoemme\",\"https:\\\/\\\/www.instagram.com\\\/pigrecoemme\\\/\",\"https:\\\/\\\/www.linkedin.com\\\/company\\\/pigrecoemme\\\/\",\"https:\\\/\\\/www.youtube.com\\\/pigrecoemme\"]},{\"@type\":\"Person\",\"@id\":\"https:\\\/\\\/www.pigrecoemme.com\\\/blog\\\/#\\\/schema\\\/person\\\/57fa822c3d209d3a2612fd0411ae63f4\",\"name\":\"Giacomo Fabbrocino\",\"image\":{\"@type\":\"ImageObject\",\"inLanguage\":\"it-IT\",\"@id\":\"https:\\\/\\\/secure.gravatar.com\\\/avatar\\\/0e4dfd4d05c06a03fffaffeb36fb181415ba11b91a6b566fa2e8ada75927db32?s=96&r=g\",\"url\":\"https:\\\/\\\/secure.gravatar.com\\\/avatar\\\/0e4dfd4d05c06a03fffaffeb36fb181415ba11b91a6b566fa2e8ada75927db32?s=96&r=g\",\"contentUrl\":\"https:\\\/\\\/secure.gravatar.com\\\/avatar\\\/0e4dfd4d05c06a03fffaffeb36fb181415ba11b91a6b566fa2e8ada75927db32?s=96&r=g\",\"caption\":\"Giacomo Fabbrocino\"},\"description\":\"Montatore cinematografico, autore di documentari sull'arte e di video d'artista, Giacomo \u00e8 responsabile della didattica e della comunicazione web della Scuola di Cinema, Fotografia e Televisione Pigrecoemme di Napoli.\",\"sameAs\":[\"http:\\\/\\\/www.pigrecoemme.com\\\/\",\"https:\\\/\\\/www.facebook.com\\\/giacomo.fabbrocino\"],\"url\":\"https:\\\/\\\/www.pigrecoemme.com\\\/blog\\\/author\\\/giacomo-fabbrocino\\\/\"}]}<\/script>\n<!-- \/ Yoast SEO plugin. -->","yoast_head_json":{"title":"Domani, marted\u00ec 9 ottobre, giornata dedicata ad Ugo Gregoretti","robots":{"index":"index","follow":"follow","max-snippet":"max-snippet:-1","max-image-preview":"max-image-preview:large","max-video-preview":"max-video-preview:-1"},"canonical":"https:\/\/www.pigrecoemme.com\/blog\/domani-martedi-9-ottobre-giornata-dedicata-ad-ugo-gregoretti\/","og_locale":"it_IT","og_type":"article","og_title":"Domani, marted\u00ec 9 ottobre, giornata dedicata ad Ugo Gregoretti","og_description":"In occasione dell&#8217;incontro conclusivo de I film della mia vita, iniziativa della Mediateca di S. Sofia in collaborazione con la Scuola di cinema Pigrecoemme di Napoli, in programma al PAN alle ore 18,00, il Sindaco di Napoli e l&#8217;assessore alle &hellip; Continue reading &rarr;","og_url":"https:\/\/www.pigrecoemme.com\/blog\/domani-martedi-9-ottobre-giornata-dedicata-ad-ugo-gregoretti\/","og_site_name":"Scuola di Cinema Pigrecoemme - Blog","article_publisher":"https:\/\/www.facebook.com\/pigrecoemme","article_author":"https:\/\/www.facebook.com\/giacomo.fabbrocino","article_published_time":"2007-10-08T16:34:20+00:00","article_modified_time":"2007-10-09T16:27:35+00:00","og_image":[{"width":484,"height":252,"url":"https:\/\/i0.wp.com\/www.pigrecoemme.com\/blog\/wp-content\/uploads\/2014\/11\/pigrecoemme-test1.jpg?fit=484%2C252&ssl=1","type":"image\/jpeg"}],"author":"Giacomo Fabbrocino","twitter_card":"summary_large_image","twitter_creator":"@Pigrecoemme","twitter_site":"@Pigrecoemme","twitter_misc":{"Scritto da":"Giacomo Fabbrocino","Tempo di lettura stimato":"2 minuti"},"schema":{"@context":"https:\/\/schema.org","@graph":[{"@type":["Article","BlogPosting"],"@id":"https:\/\/www.pigrecoemme.com\/blog\/domani-martedi-9-ottobre-giornata-dedicata-ad-ugo-gregoretti\/#article","isPartOf":{"@id":"https:\/\/www.pigrecoemme.com\/blog\/domani-martedi-9-ottobre-giornata-dedicata-ad-ugo-gregoretti\/"},"author":{"name":"Giacomo Fabbrocino","@id":"https:\/\/www.pigrecoemme.com\/blog\/#\/schema\/person\/57fa822c3d209d3a2612fd0411ae63f4"},"headline":"Domani, marted\u00ec 9 ottobre, giornata dedicata ad Ugo Gregoretti","datePublished":"2007-10-08T16:34:20+00:00","dateModified":"2007-10-09T16:27:35+00:00","mainEntityOfPage":{"@id":"https:\/\/www.pigrecoemme.com\/blog\/domani-martedi-9-ottobre-giornata-dedicata-ad-ugo-gregoretti\/"},"wordCount":471,"commentCount":3,"publisher":{"@id":"https:\/\/www.pigrecoemme.com\/blog\/#organization"},"keywords":["i film della mia vita","pan","ugo gregoretti"],"articleSection":["Eventi"],"inLanguage":"it-IT","potentialAction":[{"@type":"CommentAction","name":"Comment","target":["https:\/\/www.pigrecoemme.com\/blog\/domani-martedi-9-ottobre-giornata-dedicata-ad-ugo-gregoretti\/#respond"]}]},{"@type":"WebPage","@id":"https:\/\/www.pigrecoemme.com\/blog\/domani-martedi-9-ottobre-giornata-dedicata-ad-ugo-gregoretti\/","url":"https:\/\/www.pigrecoemme.com\/blog\/domani-martedi-9-ottobre-giornata-dedicata-ad-ugo-gregoretti\/","name":"Domani, marted\u00ec 9 ottobre, giornata dedicata ad Ugo Gregoretti","isPartOf":{"@id":"https:\/\/www.pigrecoemme.com\/blog\/#website"},"datePublished":"2007-10-08T16:34:20+00:00","dateModified":"2007-10-09T16:27:35+00:00","breadcrumb":{"@id":"https:\/\/www.pigrecoemme.com\/blog\/domani-martedi-9-ottobre-giornata-dedicata-ad-ugo-gregoretti\/#breadcrumb"},"inLanguage":"it-IT","potentialAction":[{"@type":"ReadAction","target":["https:\/\/www.pigrecoemme.com\/blog\/domani-martedi-9-ottobre-giornata-dedicata-ad-ugo-gregoretti\/"]}]},{"@type":"BreadcrumbList","@id":"https:\/\/www.pigrecoemme.com\/blog\/domani-martedi-9-ottobre-giornata-dedicata-ad-ugo-gregoretti\/#breadcrumb","itemListElement":[{"@type":"ListItem","position":1,"name":"Home","item":"https:\/\/www.pigrecoemme.com\/blog\/"},{"@type":"ListItem","position":2,"name":"Domani, marted\u00ec 9 ottobre, giornata dedicata ad Ugo Gregoretti"}]},{"@type":"WebSite","@id":"https:\/\/www.pigrecoemme.com\/blog\/#website","url":"https:\/\/www.pigrecoemme.com\/blog\/","name":"Scuola di Cinema Pigrecoemme - Blog","description":"Siamo la prima Scuola di Cinema e Fotografia di Napoli","publisher":{"@id":"https:\/\/www.pigrecoemme.com\/blog\/#organization"},"potentialAction":[{"@type":"SearchAction","target":{"@type":"EntryPoint","urlTemplate":"https:\/\/www.pigrecoemme.com\/blog\/?s={search_term_string}"},"query-input":{"@type":"PropertyValueSpecification","valueRequired":true,"valueName":"search_term_string"}}],"inLanguage":"it-IT"},{"@type":"Organization","@id":"https:\/\/www.pigrecoemme.com\/blog\/#organization","name":"Scuola di cinema e fotografia Pigrecoemme","url":"https:\/\/www.pigrecoemme.com\/blog\/","logo":{"@type":"ImageObject","inLanguage":"it-IT","@id":"https:\/\/www.pigrecoemme.com\/blog\/#\/schema\/logo\/image\/","url":"https:\/\/i0.wp.com\/www.pigrecoemme.com\/blog\/wp-content\/uploads\/2018\/06\/logo-pigrecoemme-2018.png?fit=500%2C500&ssl=1","contentUrl":"https:\/\/i0.wp.com\/www.pigrecoemme.com\/blog\/wp-content\/uploads\/2018\/06\/logo-pigrecoemme-2018.png?fit=500%2C500&ssl=1","width":500,"height":500,"caption":"Scuola di cinema e fotografia Pigrecoemme"},"image":{"@id":"https:\/\/www.pigrecoemme.com\/blog\/#\/schema\/logo\/image\/"},"sameAs":["https:\/\/www.facebook.com\/pigrecoemme","https:\/\/x.com\/Pigrecoemme","https:\/\/www.instagram.com\/pigrecoemme\/","https:\/\/www.linkedin.com\/company\/pigrecoemme\/","https:\/\/www.youtube.com\/pigrecoemme"]},{"@type":"Person","@id":"https:\/\/www.pigrecoemme.com\/blog\/#\/schema\/person\/57fa822c3d209d3a2612fd0411ae63f4","name":"Giacomo Fabbrocino","image":{"@type":"ImageObject","inLanguage":"it-IT","@id":"https:\/\/secure.gravatar.com\/avatar\/0e4dfd4d05c06a03fffaffeb36fb181415ba11b91a6b566fa2e8ada75927db32?s=96&r=g","url":"https:\/\/secure.gravatar.com\/avatar\/0e4dfd4d05c06a03fffaffeb36fb181415ba11b91a6b566fa2e8ada75927db32?s=96&r=g","contentUrl":"https:\/\/secure.gravatar.com\/avatar\/0e4dfd4d05c06a03fffaffeb36fb181415ba11b91a6b566fa2e8ada75927db32?s=96&r=g","caption":"Giacomo Fabbrocino"},"description":"Montatore cinematografico, autore di documentari sull'arte e di video d'artista, Giacomo \u00e8 responsabile della didattica e della comunicazione web della Scuola di Cinema, Fotografia e Televisione Pigrecoemme di Napoli.","sameAs":["http:\/\/www.pigrecoemme.com\/","https:\/\/www.facebook.com\/giacomo.fabbrocino"],"url":"https:\/\/www.pigrecoemme.com\/blog\/author\/giacomo-fabbrocino\/"}]}},"jetpack_sharing_enabled":true,"jetpack_likes_enabled":true,"jetpack-related-posts":[{"id":12,"url":"https:\/\/www.pigrecoemme.com\/blog\/si-conclude-con-ugo-gregoretti-i-film-della-mia-vita-grande-successo-di-pubblico\/","url_meta":{"origin":10,"position":0},"title":"Si conclude con Ugo Gregoretti &#8220;I film della mia vita&#8221;. Grande successo di pubblico","author":"Rosario Gallone","date":"10 Ottobre 2007","format":false,"excerpt":"Giornata faticosa il 9 ottobre per Ugo Gregoretti. Ed anche per noi. Per me un po' di pi\u00f9, essendo in piedi dalle 6,00 per motivi familiari (figlie piccole che si svegliano!), ma ho 40 anni in meno del maestro e di cosa mi lamento? Alle 13,00 consegna della targa a\u2026","rel":"","context":"In &quot;Eventi&quot;","block_context":{"text":"Eventi","link":"https:\/\/www.pigrecoemme.com\/blog\/eventi\/"},"img":{"alt_text":"","src":"https:\/\/i0.wp.com\/www.pigrecoemme.com\/blog\/wp-content\/uploads\/2024\/03\/gregoretti-iervolino.jpg?resize=350%2C200&ssl=1","width":350,"height":200,"srcset":"https:\/\/i0.wp.com\/www.pigrecoemme.com\/blog\/wp-content\/uploads\/2024\/03\/gregoretti-iervolino.jpg?resize=350%2C200&ssl=1 1x, https:\/\/i0.wp.com\/www.pigrecoemme.com\/blog\/wp-content\/uploads\/2024\/03\/gregoretti-iervolino.jpg?resize=525%2C300&ssl=1 1.5x, https:\/\/i0.wp.com\/www.pigrecoemme.com\/blog\/wp-content\/uploads\/2024\/03\/gregoretti-iervolino.jpg?resize=700%2C400&ssl=1 2x"},"classes":[]},{"id":7,"url":"https:\/\/www.pigrecoemme.com\/blog\/successo-per-lincontro-con-angelo-curti-al-pan\/","url_meta":{"origin":10,"position":1},"title":"Successo per l&#8217;incontro con Angelo Curti al Pan","author":"Rosario Gallone","date":"3 Ottobre 2007","format":false,"excerpt":"Si \u00e8 tenuto ieri, Marted\u00ec 2 ottobre 2007 alle ore 18,00 il terzo incontro del secondo ciclo di I film della mia vita, un'iniziativa della Mediateca Santa Sofia del Comune di Napoli realizzata in collaborazione con la Scuola di Cinema e Televisione Pigrecoemme. Il produttore di Teatri Uniti, Angelo Curti,\u2026","rel":"","context":"In &quot;Eventi&quot;","block_context":{"text":"Eventi","link":"https:\/\/www.pigrecoemme.com\/blog\/eventi\/"},"img":{"alt_text":"","src":"","width":0,"height":0},"classes":[]},{"id":32,"url":"https:\/\/www.pigrecoemme.com\/blog\/o-curt-x-edizione-del-festival-del-cortometraggio\/","url_meta":{"origin":10,"position":2},"title":"&#8216;O Curt &#8211; X edizione del festival del cortometraggio","author":"Giacomo Fabbrocino","date":"4 Febbraio 2008","format":false,"excerpt":"Dal 6 al 9 febbraio a Napoli si rinnova l\u2019appuntamento con \u2019O CURT Festival del cortometraggio, che quest\u2019anno giunge al prestigioso traguardo della decima edizione. La rassegna, a cura della Mediateca S. Sofia dell\u2019Assessorato alle Politiche giovanili - Servizio Giovani in collaborazione con La Scuola di Cinema e Televisione Pigrecoemme\u2026","rel":"","context":"In &quot;Eventi&quot;","block_context":{"text":"Eventi","link":"https:\/\/www.pigrecoemme.com\/blog\/eventi\/"},"img":{"alt_text":"","src":"","width":0,"height":0},"classes":[]},{"id":185,"url":"https:\/\/www.pigrecoemme.com\/blog\/ugo-caruso-al-pan-per-i-film-della-mia-vita\/","url_meta":{"origin":10,"position":3},"title":"Ugo G. Caruso al PAN per I film della mia vita","author":"Corrado Morra","date":"28 Ottobre 2009","format":false,"excerpt":"Continua domani, gioved\u00ec 29 ottobre, con il critico cinematografico Ugo G. Caruso, la quarta edizione della rassegna I film della mia vita. Alle 18,00 al pubblico del PAN di Napoli, Caruso presenter\u00e0 un serrato montaggio di sequenze da oltre cinquanta film, un patrimonio straordinario ed eterogeneo di suggestioni che costituiscono\u2026","rel":"","context":"In &quot;Eventi&quot;","block_context":{"text":"Eventi","link":"https:\/\/www.pigrecoemme.com\/blog\/eventi\/"},"img":{"alt_text":"","src":"","width":0,"height":0},"classes":[]},{"id":176,"url":"https:\/\/www.pigrecoemme.com\/blog\/i-film-della-mia-vita-al-via-la-quarta-edizione\/","url_meta":{"origin":10,"position":4},"title":"I film della mia vita. Al via la quarta edizione","author":"Corrado Morra","date":"8 Ottobre 2009","format":false,"excerpt":"Parte il prossimo 15 ottobre con l'incontro con il regista e storico del cinema Mario Franco la nuova edizione della rassegna I film della mia vita. Giunta al quarto ciclo, l'iniziativa della Mediateca S. Sofia Assessorato alle Politiche Giovanili - Servizio Giovani del Comune di Napoli, in collaborazione con Pigrecoemme\u2026","rel":"","context":"In &quot;Eventi&quot;","block_context":{"text":"Eventi","link":"https:\/\/www.pigrecoemme.com\/blog\/eventi\/"},"img":{"alt_text":"","src":"https:\/\/i0.wp.com\/www.pigrecoemme.com\/blog\/wp-content\/uploads\/2009\/10\/i-film-della-mia-vita-300x212.jpg?resize=350%2C200","width":350,"height":200},"classes":[]},{"id":33,"url":"https:\/\/www.pigrecoemme.com\/blog\/grande-successo-al-grenoble-ieri-per-o-curt\/","url_meta":{"origin":10,"position":5},"title":"Grande successo al Grenoble ieri  per &#8216;O CURT","author":"Giacomo Fabbrocino","date":"10 Febbraio 2008","format":false,"excerpt":"Ok, ok, il titolo pu\u00f2 sembrare autocelebrativo e sensazionalistico, ma cosa si pu\u00f2 dire quando si attira tanto pubblico da non poterlo quasi ospitare in sala? Ieri sera, dalle 18.00 in poi sono state almeno cinquanta le persone che, pur di seguire il finale del festival, sono rimaste in piedi\u2026","rel":"","context":"In &quot;Eventi&quot;","block_context":{"text":"Eventi","link":"https:\/\/www.pigrecoemme.com\/blog\/eventi\/"},"img":{"alt_text":"","src":"","width":0,"height":0},"classes":[]}],"jetpack_featured_media_url":"","_links":{"self":[{"href":"https:\/\/www.pigrecoemme.com\/blog\/wp-json\/wp\/v2\/posts\/10","targetHints":{"allow":["GET"]}}],"collection":[{"href":"https:\/\/www.pigrecoemme.com\/blog\/wp-json\/wp\/v2\/posts"}],"about":[{"href":"https:\/\/www.pigrecoemme.com\/blog\/wp-json\/wp\/v2\/types\/post"}],"author":[{"embeddable":true,"href":"https:\/\/www.pigrecoemme.com\/blog\/wp-json\/wp\/v2\/users\/1"}],"replies":[{"embeddable":true,"href":"https:\/\/www.pigrecoemme.com\/blog\/wp-json\/wp\/v2\/comments?post=10"}],"version-history":[{"count":0,"href":"https:\/\/www.pigrecoemme.com\/blog\/wp-json\/wp\/v2\/posts\/10\/revisions"}],"wp:attachment":[{"href":"https:\/\/www.pigrecoemme.com\/blog\/wp-json\/wp\/v2\/media?parent=10"}],"wp:term":[{"taxonomy":"category","embeddable":true,"href":"https:\/\/www.pigrecoemme.com\/blog\/wp-json\/wp\/v2\/categories?post=10"},{"taxonomy":"post_tag","embeddable":true,"href":"https:\/\/www.pigrecoemme.com\/blog\/wp-json\/wp\/v2\/tags?post=10"}],"curies":[{"name":"wp","href":"https:\/\/api.w.org\/{rel}","templated":true}]}}